{"id":36867,"date":"2016-11-24T19:38:26","date_gmt":"2016-11-24T19:38:26","guid":{"rendered":"http:\/\/candas365.es\/noticias\/?p=36867"},"modified":"2016-11-24T19:38:26","modified_gmt":"2016-11-24T19:38:26","slug":"rivera-ciudadanos-quiere-liderar-la-reforma-de-la-ley-electoral","status":"publish","type":"post","link":"https:\/\/candas365.es\/noticias\/rivera-ciudadanos-quiere-liderar-la-reforma-de-la-ley-electoral\/","title":{"rendered":"Rivera: &#8216;Ciudadanos quiere liderar la reforma de la Ley Electoral\u00bb"},"content":{"rendered":"<p><img fetchpriority=\"high\" decoding=\"async\" class=\"alignleft size-medium wp-image-36868\" src=\"https:\/\/candas365.es\/noticias\/wp-content\/uploads\/2016\/11\/rivera-360x198.jpg\" alt=\"rivera\" width=\"360\" height=\"198\" srcset=\"https:\/\/candas365.es\/noticias\/wp-content\/uploads\/2016\/11\/rivera-360x198.jpg 360w, https:\/\/candas365.es\/noticias\/wp-content\/uploads\/2016\/11\/rivera-650x357.jpg 650w, https:\/\/candas365.es\/noticias\/wp-content\/uploads\/2016\/11\/rivera-150x82.jpg 150w, https:\/\/candas365.es\/noticias\/wp-content\/uploads\/2016\/11\/rivera-450x247.jpg 450w, https:\/\/candas365.es\/noticias\/wp-content\/uploads\/2016\/11\/rivera.jpg 655w\" sizes=\"(max-width: 360px) 100vw, 360px\" \/>El presidente de Ciudadanos apuesta por una norma que incluya listas abiertas, en la que los votos valgan lo mismo y cambiar el voto rogado<\/p>\n<p>\u201cCiudadanos quiere liderar la reforma de la Ley Electoral que empezar\u00e1 en diciembre\u201d, ha asegurado el presidente del partido, Albert Rivera, que ha recordado que el Grupo Parlamentario Ciudadanos (GPC\u2019s) registr\u00f3 hace unas semanas su propuesta para crear una subcomisi\u00f3n en el Congreso que se ocupe de este asunto. El l\u00edder de Ciudadanos (C\u2019s) ha confiado en el \u201cconsenso de todos los grupos porque la mayor\u00eda defiende una reforma de la Ley Electoral, ya que no se modifica desde hace cuarenta a\u00f1os\u201d.<\/p>\n<p>Rivera ha defendido que \u201cesta es la legislatura de los cambios\u201d y que una \u201cmodernizaci\u00f3n\u201d de esta ley \u201cacercar\u00eda los ciudadanos a la pol\u00edtica\u201d y ha recordado que es \u201cimportante porque afecta a los derechos fundamentales\u201d. \u201cAhora el Congreso decidir\u00e1 si esta comisi\u00f3n para reformar la Ley Electoral se pone en marcha en diciembre, tal y como nosotros pedimos\u201d, ha afirmado el presidente de C\u2019s.<\/p>\n<p>\u201cEspero que el pr\u00f3ximo mes podamos empezar a debatir si queremos listas bloqueadas o desbloqueadas, si queremos que los imputados se puedan sentar o no en un esca\u00f1o, si queremos que los votos valgan igual en cualquier provincia de Espa\u00f1a, si queremos una lista o dos para votar\u2026\u201d, ha confiado Rivera.<\/p>\n<p>Adem\u00e1s, el presidente de C\u2019s ha asegurado, en referencia a la reforma constitucional, que \u201cesta legislatura hay que aprovecharla porque no hay mayor\u00eda absoluta y as\u00ed nadie puede bloquear la reforma\u201d. \u201cYa hay un documento base en el que Ciudadanos ha conseguido poner de acuerdo a PP y a PSOE en los distintos pactos a los que hemos llegado\u201d, ha recordado Rivera.<\/p>\n<p>&nbsp;<\/p>\n","protected":false},"excerpt":{"rendered":"<p>El presidente de Ciudadanos apuesta por una norma que incluya listas abiertas, en la que los votos valgan lo mismo y cambiar el voto rogado \u201cCiudadanos quiere liderar la reforma de la Ley Electoral que empezar\u00e1 en diciembre\u201d, ha asegurado el presidente del partido, Albert Rivera, que ha recordado que el Grupo Parlamentario Ciudadanos (GPC\u2019s)<\/p>\n","protected":false},"author":1,"featured_media":36868,"comment_status":"closed","ping_status":"closed","sticky":false,"template":"","format":"standard","meta":{"footnotes":""},"categories":[343],"tags":[],"class_list":{"0":"post-36867","1":"post","2":"type-post","3":"status-publish","4":"format-standard","5":"has-post-thumbnail","7":"category-actualidad"},"aioseo_notices":[],"aioseo_head":"\n\t\t<!-- All in One SEO Pro 4.9.6.2 - aioseo.com -->\n\t<meta name=\"description\" content=\"El presidente de Ciudadanos apuesta por una norma que incluya listas abiertas, en la que los votos valgan lo mismo y cambiar el voto rogado \u201cCiudadanos quiere liderar la reforma de la Ley Electoral que empezar\u00e1 en diciembre\u201d, ha asegurado el presidente del partido, Albert Rivera, que ha recordado que el Grupo Parlamentario Ciudadanos (GPC\u2019s)\" \/>\n\t<meta name=\"robots\" content=\"max-image-preview:large\" \/>\n\t<meta name=\"author\" content=\"Cand\u00e1s 365\"\/>\n\t<meta name=\"google-site-verification\" content=\"UA-32230408-1\" \/>\n\t<meta name=\"msvalidate.01\" content=\"354F3CDFB2DA171B47FBE9ABF1F88D5\" \/>\n\t<meta name=\"keywords\" content=\"actualidad\" \/>\n\t<link rel=\"canonical\" href=\"https:\/\/candas365.es\/noticias\/rivera-ciudadanos-quiere-liderar-la-reforma-de-la-ley-electoral\/\" \/>\n\t<meta name=\"generator\" content=\"All in One SEO Pro (AIOSEO) 4.9.6.2\" \/>\n\t\t<meta property=\"og:locale\" content=\"es_ES\" \/>\n\t\t<meta property=\"og:site_name\" content=\"Cand\u00e1s 365\" \/>\n\t\t<meta property=\"og:type\" content=\"article\" \/>\n\t\t<meta property=\"og:title\" content=\"Rivera: \u2018Ciudadanos quiere liderar la reforma de la Ley Electoral\u00bb | Cand\u00e1s 365\" \/>\n\t\t<meta property=\"og:description\" content=\"El presidente de Ciudadanos apuesta por una norma que incluya listas abiertas, en la que los votos valgan lo mismo y cambiar el voto rogado \u201cCiudadanos quiere liderar la reforma de la Ley Electoral que empezar\u00e1 en diciembre\u201d, ha asegurado el presidente del partido, Albert Rivera, que ha recordado que el Grupo Parlamentario Ciudadanos (GPC\u2019s)\" \/>\n\t\t<meta property=\"og:url\" content=\"https:\/\/candas365.es\/noticias\/rivera-ciudadanos-quiere-liderar-la-reforma-de-la-ley-electoral\/\" \/>\n\t\t<meta property=\"og:image\" content=\"https:\/\/candas365.es\/noticias\/wp-content\/uploads\/2016\/11\/rivera.jpg\" \/>\n\t\t<meta property=\"og:image:secure_url\" content=\"https:\/\/candas365.es\/noticias\/wp-content\/uploads\/2016\/11\/rivera.jpg\" \/>\n\t\t<meta property=\"og:image:width\" content=\"655\" \/>\n\t\t<meta property=\"og:image:height\" content=\"360\" \/>\n\t\t<meta property=\"article:published_time\" content=\"2016-11-24T19:38:26+00:00\" \/>\n\t\t<meta property=\"article:modified_time\" content=\"2016-11-24T19:38:26+00:00\" \/>\n\t\t<meta property=\"article:publisher\" content=\"https:\/\/www.facebook.com\/Nachofdezber\" \/>\n\t\t<meta property=\"article:author\" content=\"https:\/\/www.facebook.com\/carrenoactualidad\" \/>\n\t\t<meta name=\"twitter:card\" content=\"summary_large_image\" \/>\n\t\t<meta name=\"twitter:site\" content=\"@NabercoDigital\" \/>\n\t\t<meta name=\"twitter:title\" content=\"Rivera: \u2018Ciudadanos quiere liderar la reforma de la Ley Electoral\u00bb | Cand\u00e1s 365\" \/>\n\t\t<meta name=\"twitter:description\" content=\"El presidente de Ciudadanos apuesta por una norma que incluya listas abiertas, en la que los votos valgan lo mismo y cambiar el voto rogado \u201cCiudadanos quiere liderar la reforma de la Ley Electoral que empezar\u00e1 en diciembre\u201d, ha asegurado el presidente del partido, Albert Rivera, que ha recordado que el Grupo Parlamentario Ciudadanos (GPC\u2019s)\" \/>\n\t\t<meta name=\"twitter:creator\" content=\"@nbasturias\" \/>\n\t\t<meta name=\"twitter:image\" content=\"https:\/\/candas365.es\/noticias\/wp-content\/uploads\/2016\/11\/rivera.jpg\" \/>\n\t\t<meta name=\"twitter:label1\" content=\"Escrito por\" \/>\n\t\t<meta name=\"twitter:data1\" content=\"Cand\u00e1s 365\" \/>\n\t\t<meta name=\"twitter:label2\" content=\"Tiempo de lectura estimado\" \/>\n\t\t<meta name=\"twitter:data2\" content=\"2 minutos\" \/>\n\t\t<script type=\"application\/ld+json\" class=\"aioseo-schema\">\n\t\t\t{\"@context\":\"https:\\\/\\\/schema.org\",\"@graph\":[{\"@type\":\"BreadcrumbList\",\"@id\":\"https:\\\/\\\/candas365.es\\\/noticias\\\/rivera-ciudadanos-quiere-liderar-la-reforma-de-la-ley-electoral\\\/#breadcrumblist\",\"itemListElement\":[{\"@type\":\"ListItem\",\"@id\":\"https:\\\/\\\/candas365.es\\\/noticias#listItem\",\"position\":1,\"name\":\"Home\",\"item\":\"https:\\\/\\\/candas365.es\\\/noticias\",\"nextItem\":{\"@type\":\"ListItem\",\"@id\":\"https:\\\/\\\/candas365.es\\\/noticias\\\/category\\\/actualidad\\\/#listItem\",\"name\":\"Actualidad\"}},{\"@type\":\"ListItem\",\"@id\":\"https:\\\/\\\/candas365.es\\\/noticias\\\/category\\\/actualidad\\\/#listItem\",\"position\":2,\"name\":\"Actualidad\",\"item\":\"https:\\\/\\\/candas365.es\\\/noticias\\\/category\\\/actualidad\\\/\",\"nextItem\":{\"@type\":\"ListItem\",\"@id\":\"https:\\\/\\\/candas365.es\\\/noticias\\\/rivera-ciudadanos-quiere-liderar-la-reforma-de-la-ley-electoral\\\/#listItem\",\"name\":\"Rivera: &#8216;Ciudadanos quiere liderar la reforma de la Ley Electoral\\u00bb\"},\"previousItem\":{\"@type\":\"ListItem\",\"@id\":\"https:\\\/\\\/candas365.es\\\/noticias#listItem\",\"name\":\"Home\"}},{\"@type\":\"ListItem\",\"@id\":\"https:\\\/\\\/candas365.es\\\/noticias\\\/rivera-ciudadanos-quiere-liderar-la-reforma-de-la-ley-electoral\\\/#listItem\",\"position\":3,\"name\":\"Rivera: &#8216;Ciudadanos quiere liderar la reforma de la Ley Electoral\\u00bb\",\"previousItem\":{\"@type\":\"ListItem\",\"@id\":\"https:\\\/\\\/candas365.es\\\/noticias\\\/category\\\/actualidad\\\/#listItem\",\"name\":\"Actualidad\"}}]},{\"@type\":\"NewsArticle\",\"@id\":\"https:\\\/\\\/candas365.es\\\/noticias\\\/rivera-ciudadanos-quiere-liderar-la-reforma-de-la-ley-electoral\\\/#newsarticle\",\"name\":\"Rivera: \\u2018Ciudadanos quiere liderar la reforma de la Ley Electoral\\u00bb | Cand\\u00e1s 365\",\"headline\":\"Rivera: &#8216;Ciudadanos quiere liderar la reforma de la Ley Electoral\\u00bb\",\"author\":{\"@id\":\"https:\\\/\\\/candas365.es\\\/noticias\\\/author\\\/admin\\\/#author\"},\"publisher\":{\"@id\":\"https:\\\/\\\/candas365.es\\\/noticias\\\/#organization\"},\"image\":{\"@type\":\"ImageObject\",\"url\":\"https:\\\/\\\/candas365.es\\\/noticias\\\/wp-content\\\/uploads\\\/2016\\\/11\\\/rivera.jpg\",\"width\":655,\"height\":360},\"datePublished\":\"2016-11-24T19:38:26+01:00\",\"dateModified\":\"2016-11-24T19:38:26+01:00\",\"inLanguage\":\"es-ES\",\"mainEntityOfPage\":{\"@id\":\"https:\\\/\\\/candas365.es\\\/noticias\\\/rivera-ciudadanos-quiere-liderar-la-reforma-de-la-ley-electoral\\\/#webpage\"},\"isPartOf\":{\"@id\":\"https:\\\/\\\/candas365.es\\\/noticias\\\/rivera-ciudadanos-quiere-liderar-la-reforma-de-la-ley-electoral\\\/#webpage\"},\"articleSection\":\"Actualidad\",\"dateline\":\"Publicado el noviembre 24, 2016.\"},{\"@type\":\"Organization\",\"@id\":\"https:\\\/\\\/candas365.es\\\/noticias\\\/#organization\",\"name\":\"Cand\\u00e1s 365\",\"description\":\"Cand\\u00e1s 365 es un diario digital independiente, fundado en 2012, con base en Asturias. Informamos con rigor sobre actualidad, sociedad, cultura y ocio, con una mirada local y global.\",\"url\":\"https:\\\/\\\/candas365.es\\\/noticias\\\/\",\"email\":\"info@candas365.es\",\"telephone\":\"+34652131393\",\"foundingDate\":\"2012-06-10\",\"logo\":{\"@type\":\"ImageObject\",\"url\":\"https:\\\/\\\/candas365.es\\\/noticias\\\/wp-content\\\/uploads\\\/2024\\\/09\\\/Candas-365-Redes.jpg\",\"@id\":\"https:\\\/\\\/candas365.es\\\/noticias\\\/rivera-ciudadanos-quiere-liderar-la-reforma-de-la-ley-electoral\\\/#organizationLogo\",\"width\":1152,\"height\":864,\"caption\":\"Cand\\u00e1s 365 Redes\"},\"image\":{\"@id\":\"https:\\\/\\\/candas365.es\\\/noticias\\\/rivera-ciudadanos-quiere-liderar-la-reforma-de-la-ley-electoral\\\/#organizationLogo\"},\"sameAs\":[\"https:\\\/\\\/www.facebook.com\\\/Nachofdezber\",\"https:\\\/\\\/x.com\\\/NabercoDigital\",\"https:\\\/\\\/www.instagram.com\\\/nachofdezber\\\/\",\"https:\\\/\\\/www.youtube.com\\\/channel\\\/UCZP-2wLEB9Rv6erhFmqVnvg\"],\"address\":{\"@id\":\"https:\\\/\\\/candas365.es\\\/noticias\\\/#postaladdress\",\"@type\":\"PostalAddress\",\"streetAddress\":\"san antonio 4, san antonio 4\",\"postalCode\":\"33430\",\"addressLocality\":\"Cand\\u00e1s\",\"addressRegion\":\"Asturias\",\"addressCountry\":\"ES\"}},{\"@type\":\"Person\",\"@id\":\"https:\\\/\\\/candas365.es\\\/noticias\\\/author\\\/admin\\\/#author\",\"url\":\"https:\\\/\\\/candas365.es\\\/noticias\\\/author\\\/admin\\\/\",\"name\":\"Cand\\u00e1s 365\",\"image\":{\"@type\":\"ImageObject\",\"@id\":\"https:\\\/\\\/candas365.es\\\/noticias\\\/rivera-ciudadanos-quiere-liderar-la-reforma-de-la-ley-electoral\\\/#authorImage\",\"url\":\"https:\\\/\\\/secure.gravatar.com\\\/avatar\\\/496a8e03d0c493ede1718b7934145dbdf8d89be1036b0eec9544e1094c9de390?s=96&d=mm&r=g\",\"width\":96,\"height\":96,\"caption\":\"Cand\\u00e1s 365\"},\"sameAs\":[\"https:\\\/\\\/www.facebook.com\\\/carrenoactualidad\",\"https:\\\/\\\/twitter.com\\\/nbasturias\",\"https:\\\/\\\/www.instagram.com\\\/nachofdezber\\\/\",\"https:\\\/\\\/www.youtube.com\\\/channel\\\/UCZP-2wLEB9Rv6erhFmqVnvg\"]},{\"@type\":\"WebPage\",\"@id\":\"https:\\\/\\\/candas365.es\\\/noticias\\\/rivera-ciudadanos-quiere-liderar-la-reforma-de-la-ley-electoral\\\/#webpage\",\"url\":\"https:\\\/\\\/candas365.es\\\/noticias\\\/rivera-ciudadanos-quiere-liderar-la-reforma-de-la-ley-electoral\\\/\",\"name\":\"Rivera: \\u2018Ciudadanos quiere liderar la reforma de la Ley Electoral\\u00bb | Cand\\u00e1s 365\",\"description\":\"El presidente de Ciudadanos apuesta por una norma que incluya listas abiertas, en la que los votos valgan lo mismo y cambiar el voto rogado \\u201cCiudadanos quiere liderar la reforma de la Ley Electoral que empezar\\u00e1 en diciembre\\u201d, ha asegurado el presidente del partido, Albert Rivera, que ha recordado que el Grupo Parlamentario Ciudadanos (GPC\\u2019s)\",\"inLanguage\":\"es-ES\",\"isPartOf\":{\"@id\":\"https:\\\/\\\/candas365.es\\\/noticias\\\/#website\"},\"breadcrumb\":{\"@id\":\"https:\\\/\\\/candas365.es\\\/noticias\\\/rivera-ciudadanos-quiere-liderar-la-reforma-de-la-ley-electoral\\\/#breadcrumblist\"},\"author\":{\"@id\":\"https:\\\/\\\/candas365.es\\\/noticias\\\/author\\\/admin\\\/#author\"},\"creator\":{\"@id\":\"https:\\\/\\\/candas365.es\\\/noticias\\\/author\\\/admin\\\/#author\"},\"image\":{\"@type\":\"ImageObject\",\"url\":\"https:\\\/\\\/candas365.es\\\/noticias\\\/wp-content\\\/uploads\\\/2016\\\/11\\\/rivera.jpg\",\"@id\":\"https:\\\/\\\/candas365.es\\\/noticias\\\/rivera-ciudadanos-quiere-liderar-la-reforma-de-la-ley-electoral\\\/#mainImage\",\"width\":655,\"height\":360},\"primaryImageOfPage\":{\"@id\":\"https:\\\/\\\/candas365.es\\\/noticias\\\/rivera-ciudadanos-quiere-liderar-la-reforma-de-la-ley-electoral\\\/#mainImage\"},\"datePublished\":\"2016-11-24T19:38:26+01:00\",\"dateModified\":\"2016-11-24T19:38:26+01:00\"},{\"@type\":\"WebSite\",\"@id\":\"https:\\\/\\\/candas365.es\\\/noticias\\\/#website\",\"url\":\"https:\\\/\\\/candas365.es\\\/noticias\\\/\",\"name\":\"Cand\\u00e1s 365\",\"alternateName\":\"Cand\\u00e1s 365 Noticias\",\"description\":\"Actualidad desde Carre\\u00f1o para el mundo\",\"inLanguage\":\"es-ES\",\"publisher\":{\"@id\":\"https:\\\/\\\/candas365.es\\\/noticias\\\/#organization\"}}]}\n\t\t<\/script>\n\t\t<!-- All in One SEO Pro -->\r\n\t\t<title>Rivera: \u2018Ciudadanos quiere liderar la reforma de la Ley Electoral\u00bb | Cand\u00e1s 365<\/title>\n\n","aioseo_head_json":{"title":"Rivera: \u2018Ciudadanos quiere liderar la reforma de la Ley Electoral\u00bb | Cand\u00e1s 365","description":"El presidente de Ciudadanos apuesta por una norma que incluya listas abiertas, en la que los votos valgan lo mismo y cambiar el voto rogado \u201cCiudadanos quiere liderar la reforma de la Ley Electoral que empezar\u00e1 en diciembre\u201d, ha asegurado el presidente del partido, Albert Rivera, que ha recordado que el Grupo Parlamentario Ciudadanos (GPC\u2019s)","canonical_url":"https:\/\/candas365.es\/noticias\/rivera-ciudadanos-quiere-liderar-la-reforma-de-la-ley-electoral\/","robots":"max-image-preview:large","keywords":"actualidad","webmasterTools":{"google-site-verification":"UA-32230408-1","msvalidate.01":"354F3CDFB2DA171B47FBE9ABF1F88D5","miscellaneous":""},"schema":{"@context":"https:\/\/schema.org","@graph":[{"@type":"BreadcrumbList","@id":"https:\/\/candas365.es\/noticias\/rivera-ciudadanos-quiere-liderar-la-reforma-de-la-ley-electoral\/#breadcrumblist","itemListElement":[{"@type":"ListItem","@id":"https:\/\/candas365.es\/noticias#listItem","position":1,"name":"Home","item":"https:\/\/candas365.es\/noticias","nextItem":{"@type":"ListItem","@id":"https:\/\/candas365.es\/noticias\/category\/actualidad\/#listItem","name":"Actualidad"}},{"@type":"ListItem","@id":"https:\/\/candas365.es\/noticias\/category\/actualidad\/#listItem","position":2,"name":"Actualidad","item":"https:\/\/candas365.es\/noticias\/category\/actualidad\/","nextItem":{"@type":"ListItem","@id":"https:\/\/candas365.es\/noticias\/rivera-ciudadanos-quiere-liderar-la-reforma-de-la-ley-electoral\/#listItem","name":"Rivera: &#8216;Ciudadanos quiere liderar la reforma de la Ley Electoral\u00bb"},"previousItem":{"@type":"ListItem","@id":"https:\/\/candas365.es\/noticias#listItem","name":"Home"}},{"@type":"ListItem","@id":"https:\/\/candas365.es\/noticias\/rivera-ciudadanos-quiere-liderar-la-reforma-de-la-ley-electoral\/#listItem","position":3,"name":"Rivera: &#8216;Ciudadanos quiere liderar la reforma de la Ley Electoral\u00bb","previousItem":{"@type":"ListItem","@id":"https:\/\/candas365.es\/noticias\/category\/actualidad\/#listItem","name":"Actualidad"}}]},{"@type":"NewsArticle","@id":"https:\/\/candas365.es\/noticias\/rivera-ciudadanos-quiere-liderar-la-reforma-de-la-ley-electoral\/#newsarticle","name":"Rivera: \u2018Ciudadanos quiere liderar la reforma de la Ley Electoral\u00bb | Cand\u00e1s 365","headline":"Rivera: &#8216;Ciudadanos quiere liderar la reforma de la Ley Electoral\u00bb","author":{"@id":"https:\/\/candas365.es\/noticias\/author\/admin\/#author"},"publisher":{"@id":"https:\/\/candas365.es\/noticias\/#organization"},"image":{"@type":"ImageObject","url":"https:\/\/candas365.es\/noticias\/wp-content\/uploads\/2016\/11\/rivera.jpg","width":655,"height":360},"datePublished":"2016-11-24T19:38:26+01:00","dateModified":"2016-11-24T19:38:26+01:00","inLanguage":"es-ES","mainEntityOfPage":{"@id":"https:\/\/candas365.es\/noticias\/rivera-ciudadanos-quiere-liderar-la-reforma-de-la-ley-electoral\/#webpage"},"isPartOf":{"@id":"https:\/\/candas365.es\/noticias\/rivera-ciudadanos-quiere-liderar-la-reforma-de-la-ley-electoral\/#webpage"},"articleSection":"Actualidad","dateline":"Publicado el noviembre 24, 2016."},{"@type":"Organization","@id":"https:\/\/candas365.es\/noticias\/#organization","name":"Cand\u00e1s 365","description":"Cand\u00e1s 365 es un diario digital independiente, fundado en 2012, con base en Asturias. Informamos con rigor sobre actualidad, sociedad, cultura y ocio, con una mirada local y global.","url":"https:\/\/candas365.es\/noticias\/","email":"info@candas365.es","telephone":"+34652131393","foundingDate":"2012-06-10","logo":{"@type":"ImageObject","url":"https:\/\/candas365.es\/noticias\/wp-content\/uploads\/2024\/09\/Candas-365-Redes.jpg","@id":"https:\/\/candas365.es\/noticias\/rivera-ciudadanos-quiere-liderar-la-reforma-de-la-ley-electoral\/#organizationLogo","width":1152,"height":864,"caption":"Cand\u00e1s 365 Redes"},"image":{"@id":"https:\/\/candas365.es\/noticias\/rivera-ciudadanos-quiere-liderar-la-reforma-de-la-ley-electoral\/#organizationLogo"},"sameAs":["https:\/\/www.facebook.com\/Nachofdezber","https:\/\/x.com\/NabercoDigital","https:\/\/www.instagram.com\/nachofdezber\/","https:\/\/www.youtube.com\/channel\/UCZP-2wLEB9Rv6erhFmqVnvg"],"address":{"@id":"https:\/\/candas365.es\/noticias\/#postaladdress","@type":"PostalAddress","streetAddress":"san antonio 4, san antonio 4","postalCode":"33430","addressLocality":"Cand\u00e1s","addressRegion":"Asturias","addressCountry":"ES"}},{"@type":"Person","@id":"https:\/\/candas365.es\/noticias\/author\/admin\/#author","url":"https:\/\/candas365.es\/noticias\/author\/admin\/","name":"Cand\u00e1s 365","image":{"@type":"ImageObject","@id":"https:\/\/candas365.es\/noticias\/rivera-ciudadanos-quiere-liderar-la-reforma-de-la-ley-electoral\/#authorImage","url":"https:\/\/secure.gravatar.com\/avatar\/496a8e03d0c493ede1718b7934145dbdf8d89be1036b0eec9544e1094c9de390?s=96&d=mm&r=g","width":96,"height":96,"caption":"Cand\u00e1s 365"},"sameAs":["https:\/\/www.facebook.com\/carrenoactualidad","https:\/\/twitter.com\/nbasturias","https:\/\/www.instagram.com\/nachofdezber\/","https:\/\/www.youtube.com\/channel\/UCZP-2wLEB9Rv6erhFmqVnvg"]},{"@type":"WebPage","@id":"https:\/\/candas365.es\/noticias\/rivera-ciudadanos-quiere-liderar-la-reforma-de-la-ley-electoral\/#webpage","url":"https:\/\/candas365.es\/noticias\/rivera-ciudadanos-quiere-liderar-la-reforma-de-la-ley-electoral\/","name":"Rivera: \u2018Ciudadanos quiere liderar la reforma de la Ley Electoral\u00bb | Cand\u00e1s 365","description":"El presidente de Ciudadanos apuesta por una norma que incluya listas abiertas, en la que los votos valgan lo mismo y cambiar el voto rogado \u201cCiudadanos quiere liderar la reforma de la Ley Electoral que empezar\u00e1 en diciembre\u201d, ha asegurado el presidente del partido, Albert Rivera, que ha recordado que el Grupo Parlamentario Ciudadanos (GPC\u2019s)","inLanguage":"es-ES","isPartOf":{"@id":"https:\/\/candas365.es\/noticias\/#website"},"breadcrumb":{"@id":"https:\/\/candas365.es\/noticias\/rivera-ciudadanos-quiere-liderar-la-reforma-de-la-ley-electoral\/#breadcrumblist"},"author":{"@id":"https:\/\/candas365.es\/noticias\/author\/admin\/#author"},"creator":{"@id":"https:\/\/candas365.es\/noticias\/author\/admin\/#author"},"image":{"@type":"ImageObject","url":"https:\/\/candas365.es\/noticias\/wp-content\/uploads\/2016\/11\/rivera.jpg","@id":"https:\/\/candas365.es\/noticias\/rivera-ciudadanos-quiere-liderar-la-reforma-de-la-ley-electoral\/#mainImage","width":655,"height":360},"primaryImageOfPage":{"@id":"https:\/\/candas365.es\/noticias\/rivera-ciudadanos-quiere-liderar-la-reforma-de-la-ley-electoral\/#mainImage"},"datePublished":"2016-11-24T19:38:26+01:00","dateModified":"2016-11-24T19:38:26+01:00"},{"@type":"WebSite","@id":"https:\/\/candas365.es\/noticias\/#website","url":"https:\/\/candas365.es\/noticias\/","name":"Cand\u00e1s 365","alternateName":"Cand\u00e1s 365 Noticias","description":"Actualidad desde Carre\u00f1o para el mundo","inLanguage":"es-ES","publisher":{"@id":"https:\/\/candas365.es\/noticias\/#organization"}}]},"og:locale":"es_ES","og:site_name":"Cand\u00e1s 365","og:type":"article","og:title":"Rivera: \u2018Ciudadanos quiere liderar la reforma de la Ley Electoral\u00bb | Cand\u00e1s 365","og:description":"El presidente de Ciudadanos apuesta por una norma que incluya listas abiertas, en la que los votos valgan lo mismo y cambiar el voto rogado \u201cCiudadanos quiere liderar la reforma de la Ley Electoral que empezar\u00e1 en diciembre\u201d, ha asegurado el presidente del partido, Albert Rivera, que ha recordado que el Grupo Parlamentario Ciudadanos (GPC\u2019s)","og:url":"https:\/\/candas365.es\/noticias\/rivera-ciudadanos-quiere-liderar-la-reforma-de-la-ley-electoral\/","og:image":"https:\/\/candas365.es\/noticias\/wp-content\/uploads\/2016\/11\/rivera.jpg","og:image:secure_url":"https:\/\/candas365.es\/noticias\/wp-content\/uploads\/2016\/11\/rivera.jpg","og:image:width":655,"og:image:height":360,"article:published_time":"2016-11-24T19:38:26+00:00","article:modified_time":"2016-11-24T19:38:26+00:00","article:publisher":"https:\/\/www.facebook.com\/Nachofdezber","article:author":"https:\/\/www.facebook.com\/carrenoactualidad","twitter:card":"summary_large_image","twitter:site":"@NabercoDigital","twitter:title":"Rivera: \u2018Ciudadanos quiere liderar la reforma de la Ley Electoral\u00bb | Cand\u00e1s 365","twitter:description":"El presidente de Ciudadanos apuesta por una norma que incluya listas abiertas, en la que los votos valgan lo mismo y cambiar el voto rogado \u201cCiudadanos quiere liderar la reforma de la Ley Electoral que empezar\u00e1 en diciembre\u201d, ha asegurado el presidente del partido, Albert Rivera, que ha recordado que el Grupo Parlamentario Ciudadanos (GPC\u2019s)","twitter:creator":"@nbasturias","twitter:image":"https:\/\/candas365.es\/noticias\/wp-content\/uploads\/2016\/11\/rivera.jpg","twitter:label1":"Escrito por","twitter:data1":"Cand\u00e1s 365","twitter:label2":"Tiempo de lectura estimado","twitter:data2":"2 minutos"},"aioseo_meta_data":{"post_id":"36867","title":null,"description":null,"keywords":null,"keyphrases":null,"primary_term":null,"canonical_url":null,"og_title":null,"og_description":null,"og_object_type":"default","og_image_type":"default","og_image_url":null,"og_image_width":null,"og_image_height":null,"og_image_custom_url":null,"og_image_custom_fields":null,"og_video":null,"og_custom_url":null,"og_article_section":null,"og_article_tags":null,"twitter_use_og":false,"twitter_card":"default","twitter_image_type":"default","twitter_image_url":null,"twitter_image_custom_url":null,"twitter_image_custom_fields":null,"twitter_title":null,"twitter_description":null,"schema":{"blockGraphs":[],"customGraphs":[],"default":{"data":{"Article":[],"Course":[],"Dataset":[],"FAQPage":[],"Movie":[],"Person":[],"Product":[],"ProductReview":[],"Car":[],"Recipe":[],"Service":[],"SoftwareApplication":[],"WebPage":[]},"graphName":"","isEnabled":true},"graphs":[],"defaultGraph":"","defaultPostTypeGraph":""},"schema_type":null,"schema_type_options":null,"pillar_content":false,"robots_default":true,"robots_noindex":false,"robots_noarchive":false,"robots_nosnippet":false,"robots_nofollow":false,"robots_noimageindex":false,"robots_noodp":false,"robots_notranslate":false,"robots_max_snippet":null,"robots_max_videopreview":null,"robots_max_imagepreview":"large","priority":null,"frequency":null,"location":null,"local_seo":null,"seo_analyzer_scan_date":"2025-08-24 21:33:19","breadcrumb_settings":null,"limit_modified_date":false,"reviewed_by":null,"open_ai":null,"ai":null,"created":"2020-12-21 13:09:23","updated":"2025-08-24 21:33:19"},"aioseo_breadcrumb":"<div class=\"aioseo-breadcrumbs\"><span class=\"aioseo-breadcrumb\">\n\t<a href=\"https:\/\/candas365.es\/noticias\" title=\"Home\">Home<\/a>\n<\/span><span class=\"aioseo-breadcrumb-separator\">&ndash;<\/span><span class=\"aioseo-breadcrumb\">\n\t<a href=\"https:\/\/candas365.es\/noticias\/category\/actualidad\/\" title=\"Actualidad\">Actualidad<\/a>\n<\/span><span class=\"aioseo-breadcrumb-separator\">&ndash;<\/span><span class=\"aioseo-breadcrumb\">\n\tRivera: \u2018Ciudadanos quiere liderar la reforma de la Ley Electoral\u00bb\n<\/span><\/div>","aioseo_breadcrumb_json":[{"label":"Home","link":"https:\/\/candas365.es\/noticias"},{"label":"Actualidad","link":"https:\/\/candas365.es\/noticias\/category\/actualidad\/"},{"label":"Rivera: &#8216;Ciudadanos quiere liderar la reforma de la Ley Electoral\u00bb","link":"https:\/\/candas365.es\/noticias\/rivera-ciudadanos-quiere-liderar-la-reforma-de-la-ley-electoral\/"}],"_links":{"self":[{"href":"https:\/\/candas365.es\/noticias\/wp-json\/wp\/v2\/posts\/36867","targetHints":{"allow":["GET"]}}],"collection":[{"href":"https:\/\/candas365.es\/noticias\/wp-json\/wp\/v2\/posts"}],"about":[{"href":"https:\/\/candas365.es\/noticias\/wp-json\/wp\/v2\/types\/post"}],"author":[{"embeddable":true,"href":"https:\/\/candas365.es\/noticias\/wp-json\/wp\/v2\/users\/1"}],"replies":[{"embeddable":true,"href":"https:\/\/candas365.es\/noticias\/wp-json\/wp\/v2\/comments?post=36867"}],"version-history":[{"count":0,"href":"https:\/\/candas365.es\/noticias\/wp-json\/wp\/v2\/posts\/36867\/revisions"}],"wp:featuredmedia":[{"embeddable":true,"href":"https:\/\/candas365.es\/noticias\/wp-json\/wp\/v2\/media\/36868"}],"wp:attachment":[{"href":"https:\/\/candas365.es\/noticias\/wp-json\/wp\/v2\/media?parent=36867"}],"wp:term":[{"taxonomy":"category","embeddable":true,"href":"https:\/\/candas365.es\/noticias\/wp-json\/wp\/v2\/categories?post=36867"},{"taxonomy":"post_tag","embeddable":true,"href":"https:\/\/candas365.es\/noticias\/wp-json\/wp\/v2\/tags?post=36867"}],"curies":[{"name":"wp","href":"https:\/\/api.w.org\/{rel}","templated":true}]}}