{"id":36841,"date":"2016-11-24T19:26:31","date_gmt":"2016-11-24T19:26:31","guid":{"rendered":"http:\/\/candas365.es\/noticias\/?p=36841"},"modified":"2016-11-24T19:26:31","modified_gmt":"2016-11-24T19:26:31","slug":"ferrero-acepta-aclarar-acusaciones-de-trabajo-infantil-en-rumania","status":"publish","type":"post","link":"https:\/\/candas365.es\/noticias\/ferrero-acepta-aclarar-acusaciones-de-trabajo-infantil-en-rumania\/","title":{"rendered":"Ferrero acepta aclarar acusaciones de trabajo infantil en Ruman\u00eda"},"content":{"rendered":"<p>Fr\u00e1ncfort, 24 nov (dpa) &#8211; El fabricante de chocolates Ferrero mostr\u00f3 hoy su disposici\u00f3n a aclarar cuanto antes las acusaciones realizadas por el tabloide brit\u00e1nico \u00abThe Sun\u00bb en las que acusaba a la compa\u00f1\u00eda de utilizar en Ruman\u00eda a ni\u00f1os para elaborar sus famosos huevos \u00abKinder sorpresa\u00bb.<\/p>\n<p>Con tal objetivo, la multinacional ha enviado al pa\u00eds del este a un verificador independiente, as\u00ed como a un equipo especializado, seg\u00fan inform\u00f3 la delegaci\u00f3n de Ferrero Alemania a trav\u00e9s de un comunicado.<\/p>\n<p>Sobre la empresa recae la sospecha de explotar laboralmente a menores de edad, motivo que ha llevado tambi\u00e9n a la Fiscal\u00eda de Ruman\u00eda a iniciar una investigaci\u00f3n, seg\u00fan confirm\u00f3 Mihaela Porime, de la unidad especial de la Fiscal\u00eda DIICOT, a dpa.<\/p>\n<p>\u00abPor el momento no hay ning\u00fan claro sospechoso. En un principio se est\u00e1 investigando simplemente el asunto\u00bb, apunt\u00f3.<\/p>\n<p>Previamente, \u00abThe Sun\u00bb acus\u00f3 a la fabricante de chocolatinas de emplear a ni\u00f1os en Ruman\u00eda por salarios muy bajos para que se encargasen de rellenar los huevos \u00abKinder sorpresa\u00bb.<\/p>\n<p>Tras conocer la informaci\u00f3n, la empresa no ocult\u00f3 su desconcierto y anunci\u00f3 que tomar\u00eda medidas de inmediato. \u00abNos tomamos este asunto muy en serio y hemos iniciado, de manera inmediata, una investigaci\u00f3n en profundidad\u00bb, se\u00f1al\u00f3.<\/p>\n<p>Ferrero indic\u00f3 que estaba cooperando con las autoridades rumanas en aras de aportar luz al caso cuanto antes, al tiempo que destac\u00f3 que, de confirmarse las sospechas, estas supondr\u00edan una \u00abviolaci\u00f3n absoluta de su c\u00f3digo \u00e9tico\u00bb.<\/p>\n<p>&nbsp;<\/p>\n","protected":false},"excerpt":{"rendered":"<p>Fr\u00e1ncfort, 24 nov (dpa) &#8211; El fabricante de chocolates Ferrero mostr\u00f3 hoy su disposici\u00f3n a aclarar cuanto antes las acusaciones realizadas por el tabloide brit\u00e1nico \u00abThe Sun\u00bb en las que acusaba a la compa\u00f1\u00eda de utilizar en Ruman\u00eda a ni\u00f1os para elaborar sus famosos huevos \u00abKinder sorpresa\u00bb. Con tal objetivo, la multinacional ha enviado al<\/p>\n","protected":false},"author":1,"featured_media":16457,"comment_status":"closed","ping_status":"closed","sticky":false,"template":"","format":"standard","meta":{"footnotes":""},"categories":[343],"tags":[],"class_list":{"0":"post-36841","1":"post","2":"type-post","3":"status-publish","4":"format-standard","5":"has-post-thumbnail","7":"category-actualidad"},"aioseo_notices":[],"aioseo_head":"\n\t\t<!-- All in One SEO Pro 4.9.6.2 - aioseo.com -->\n\t<meta name=\"description\" content=\"Fr\u00e1ncfort, 24 nov (dpa) - El fabricante de chocolates Ferrero mostr\u00f3 hoy su disposici\u00f3n a aclarar cuanto antes las acusaciones realizadas por el tabloide brit\u00e1nico &quot;The Sun&quot; en las que acusaba a la compa\u00f1\u00eda de utilizar en Ruman\u00eda a ni\u00f1os para elaborar sus famosos huevos &quot;Kinder sorpresa&quot;. Con tal objetivo, la multinacional ha enviado al\" \/>\n\t<meta name=\"robots\" content=\"max-image-preview:large\" \/>\n\t<meta name=\"author\" content=\"Cand\u00e1s 365\"\/>\n\t<meta name=\"google-site-verification\" content=\"UA-32230408-1\" \/>\n\t<meta name=\"msvalidate.01\" content=\"354F3CDFB2DA171B47FBE9ABF1F88D5\" \/>\n\t<meta name=\"keywords\" content=\"actualidad\" \/>\n\t<link rel=\"canonical\" href=\"https:\/\/candas365.es\/noticias\/ferrero-acepta-aclarar-acusaciones-de-trabajo-infantil-en-rumania\/\" \/>\n\t<meta name=\"generator\" content=\"All in One SEO Pro (AIOSEO) 4.9.6.2\" \/>\n\t\t<meta property=\"og:locale\" content=\"es_ES\" \/>\n\t\t<meta property=\"og:site_name\" content=\"Cand\u00e1s 365\" \/>\n\t\t<meta property=\"og:type\" content=\"article\" \/>\n\t\t<meta property=\"og:title\" content=\"Ferrero acepta aclarar acusaciones de trabajo infantil en Ruman\u00eda | Cand\u00e1s 365\" \/>\n\t\t<meta property=\"og:description\" content=\"Fr\u00e1ncfort, 24 nov (dpa) - El fabricante de chocolates Ferrero mostr\u00f3 hoy su disposici\u00f3n a aclarar cuanto antes las acusaciones realizadas por el tabloide brit\u00e1nico &quot;The Sun&quot; en las que acusaba a la compa\u00f1\u00eda de utilizar en Ruman\u00eda a ni\u00f1os para elaborar sus famosos huevos &quot;Kinder sorpresa&quot;. Con tal objetivo, la multinacional ha enviado al\" \/>\n\t\t<meta property=\"og:url\" content=\"https:\/\/candas365.es\/noticias\/ferrero-acepta-aclarar-acusaciones-de-trabajo-infantil-en-rumania\/\" \/>\n\t\t<meta property=\"og:image\" content=\"https:\/\/candas365.es\/noticias\/wp-content\/uploads\/2015\/09\/c365noticias.jpg\" \/>\n\t\t<meta property=\"og:image:secure_url\" content=\"https:\/\/candas365.es\/noticias\/wp-content\/uploads\/2015\/09\/c365noticias.jpg\" \/>\n\t\t<meta property=\"og:image:width\" content=\"655\" \/>\n\t\t<meta property=\"og:image:height\" content=\"360\" \/>\n\t\t<meta property=\"article:published_time\" content=\"2016-11-24T19:26:31+00:00\" \/>\n\t\t<meta property=\"article:modified_time\" content=\"2016-11-24T19:26:31+00:00\" \/>\n\t\t<meta property=\"article:publisher\" content=\"https:\/\/www.facebook.com\/Nachofdezber\" \/>\n\t\t<meta property=\"article:author\" content=\"https:\/\/www.facebook.com\/carrenoactualidad\" \/>\n\t\t<meta name=\"twitter:card\" content=\"summary_large_image\" \/>\n\t\t<meta name=\"twitter:site\" content=\"@NabercoDigital\" \/>\n\t\t<meta name=\"twitter:title\" content=\"Ferrero acepta aclarar acusaciones de trabajo infantil en Ruman\u00eda | Cand\u00e1s 365\" \/>\n\t\t<meta name=\"twitter:description\" content=\"Fr\u00e1ncfort, 24 nov (dpa) - El fabricante de chocolates Ferrero mostr\u00f3 hoy su disposici\u00f3n a aclarar cuanto antes las acusaciones realizadas por el tabloide brit\u00e1nico &quot;The Sun&quot; en las que acusaba a la compa\u00f1\u00eda de utilizar en Ruman\u00eda a ni\u00f1os para elaborar sus famosos huevos &quot;Kinder sorpresa&quot;. Con tal objetivo, la multinacional ha enviado al\" \/>\n\t\t<meta name=\"twitter:creator\" content=\"@nbasturias\" \/>\n\t\t<meta name=\"twitter:image\" content=\"https:\/\/candas365.es\/noticias\/wp-content\/uploads\/2015\/09\/c365noticias.jpg\" \/>\n\t\t<meta name=\"twitter:label1\" content=\"Escrito por\" \/>\n\t\t<meta name=\"twitter:data1\" content=\"Cand\u00e1s 365\" \/>\n\t\t<meta name=\"twitter:label2\" content=\"Tiempo de lectura estimado\" \/>\n\t\t<meta name=\"twitter:data2\" content=\"1 minuto\" \/>\n\t\t<script type=\"application\/ld+json\" class=\"aioseo-schema\">\n\t\t\t{\"@context\":\"https:\\\/\\\/schema.org\",\"@graph\":[{\"@type\":\"BreadcrumbList\",\"@id\":\"https:\\\/\\\/candas365.es\\\/noticias\\\/ferrero-acepta-aclarar-acusaciones-de-trabajo-infantil-en-rumania\\\/#breadcrumblist\",\"itemListElement\":[{\"@type\":\"ListItem\",\"@id\":\"https:\\\/\\\/candas365.es\\\/noticias#listItem\",\"position\":1,\"name\":\"Home\",\"item\":\"https:\\\/\\\/candas365.es\\\/noticias\",\"nextItem\":{\"@type\":\"ListItem\",\"@id\":\"https:\\\/\\\/candas365.es\\\/noticias\\\/category\\\/actualidad\\\/#listItem\",\"name\":\"Actualidad\"}},{\"@type\":\"ListItem\",\"@id\":\"https:\\\/\\\/candas365.es\\\/noticias\\\/category\\\/actualidad\\\/#listItem\",\"position\":2,\"name\":\"Actualidad\",\"item\":\"https:\\\/\\\/candas365.es\\\/noticias\\\/category\\\/actualidad\\\/\",\"nextItem\":{\"@type\":\"ListItem\",\"@id\":\"https:\\\/\\\/candas365.es\\\/noticias\\\/ferrero-acepta-aclarar-acusaciones-de-trabajo-infantil-en-rumania\\\/#listItem\",\"name\":\"Ferrero acepta aclarar acusaciones de trabajo infantil en Ruman\\u00eda\"},\"previousItem\":{\"@type\":\"ListItem\",\"@id\":\"https:\\\/\\\/candas365.es\\\/noticias#listItem\",\"name\":\"Home\"}},{\"@type\":\"ListItem\",\"@id\":\"https:\\\/\\\/candas365.es\\\/noticias\\\/ferrero-acepta-aclarar-acusaciones-de-trabajo-infantil-en-rumania\\\/#listItem\",\"position\":3,\"name\":\"Ferrero acepta aclarar acusaciones de trabajo infantil en Ruman\\u00eda\",\"previousItem\":{\"@type\":\"ListItem\",\"@id\":\"https:\\\/\\\/candas365.es\\\/noticias\\\/category\\\/actualidad\\\/#listItem\",\"name\":\"Actualidad\"}}]},{\"@type\":\"NewsArticle\",\"@id\":\"https:\\\/\\\/candas365.es\\\/noticias\\\/ferrero-acepta-aclarar-acusaciones-de-trabajo-infantil-en-rumania\\\/#newsarticle\",\"name\":\"Ferrero acepta aclarar acusaciones de trabajo infantil en Ruman\\u00eda | Cand\\u00e1s 365\",\"headline\":\"Ferrero acepta aclarar acusaciones de trabajo infantil en Ruman\\u00eda\",\"author\":{\"@id\":\"https:\\\/\\\/candas365.es\\\/noticias\\\/author\\\/admin\\\/#author\"},\"publisher\":{\"@id\":\"https:\\\/\\\/candas365.es\\\/noticias\\\/#organization\"},\"image\":{\"@type\":\"ImageObject\",\"url\":\"https:\\\/\\\/candas365.es\\\/noticias\\\/wp-content\\\/uploads\\\/2015\\\/09\\\/c365noticias.jpg\",\"width\":655,\"height\":360},\"datePublished\":\"2016-11-24T19:26:31+01:00\",\"dateModified\":\"2016-11-24T19:26:31+01:00\",\"inLanguage\":\"es-ES\",\"mainEntityOfPage\":{\"@id\":\"https:\\\/\\\/candas365.es\\\/noticias\\\/ferrero-acepta-aclarar-acusaciones-de-trabajo-infantil-en-rumania\\\/#webpage\"},\"isPartOf\":{\"@id\":\"https:\\\/\\\/candas365.es\\\/noticias\\\/ferrero-acepta-aclarar-acusaciones-de-trabajo-infantil-en-rumania\\\/#webpage\"},\"articleSection\":\"Actualidad\",\"dateline\":\"Publicado el noviembre 24, 2016.\"},{\"@type\":\"Organization\",\"@id\":\"https:\\\/\\\/candas365.es\\\/noticias\\\/#organization\",\"name\":\"Cand\\u00e1s 365\",\"description\":\"Cand\\u00e1s 365 es un diario digital independiente, fundado en 2012, con base en Asturias. Informamos con rigor sobre actualidad, sociedad, cultura y ocio, con una mirada local y global.\",\"url\":\"https:\\\/\\\/candas365.es\\\/noticias\\\/\",\"email\":\"info@candas365.es\",\"telephone\":\"+34652131393\",\"foundingDate\":\"2012-06-10\",\"logo\":{\"@type\":\"ImageObject\",\"url\":\"https:\\\/\\\/candas365.es\\\/noticias\\\/wp-content\\\/uploads\\\/2024\\\/09\\\/Candas-365-Redes.jpg\",\"@id\":\"https:\\\/\\\/candas365.es\\\/noticias\\\/ferrero-acepta-aclarar-acusaciones-de-trabajo-infantil-en-rumania\\\/#organizationLogo\",\"width\":1152,\"height\":864,\"caption\":\"Cand\\u00e1s 365 Redes\"},\"image\":{\"@id\":\"https:\\\/\\\/candas365.es\\\/noticias\\\/ferrero-acepta-aclarar-acusaciones-de-trabajo-infantil-en-rumania\\\/#organizationLogo\"},\"sameAs\":[\"https:\\\/\\\/www.facebook.com\\\/Nachofdezber\",\"https:\\\/\\\/x.com\\\/NabercoDigital\",\"https:\\\/\\\/www.instagram.com\\\/nachofdezber\\\/\",\"https:\\\/\\\/www.youtube.com\\\/channel\\\/UCZP-2wLEB9Rv6erhFmqVnvg\"],\"address\":{\"@id\":\"https:\\\/\\\/candas365.es\\\/noticias\\\/#postaladdress\",\"@type\":\"PostalAddress\",\"streetAddress\":\"san antonio 4, san antonio 4\",\"postalCode\":\"33430\",\"addressLocality\":\"Cand\\u00e1s\",\"addressRegion\":\"Asturias\",\"addressCountry\":\"ES\"}},{\"@type\":\"Person\",\"@id\":\"https:\\\/\\\/candas365.es\\\/noticias\\\/author\\\/admin\\\/#author\",\"url\":\"https:\\\/\\\/candas365.es\\\/noticias\\\/author\\\/admin\\\/\",\"name\":\"Cand\\u00e1s 365\",\"image\":{\"@type\":\"ImageObject\",\"@id\":\"https:\\\/\\\/candas365.es\\\/noticias\\\/ferrero-acepta-aclarar-acusaciones-de-trabajo-infantil-en-rumania\\\/#authorImage\",\"url\":\"https:\\\/\\\/secure.gravatar.com\\\/avatar\\\/496a8e03d0c493ede1718b7934145dbdf8d89be1036b0eec9544e1094c9de390?s=96&d=mm&r=g\",\"width\":96,\"height\":96,\"caption\":\"Cand\\u00e1s 365\"},\"sameAs\":[\"https:\\\/\\\/www.facebook.com\\\/carrenoactualidad\",\"https:\\\/\\\/twitter.com\\\/nbasturias\",\"https:\\\/\\\/www.instagram.com\\\/nachofdezber\\\/\",\"https:\\\/\\\/www.youtube.com\\\/channel\\\/UCZP-2wLEB9Rv6erhFmqVnvg\"]},{\"@type\":\"WebPage\",\"@id\":\"https:\\\/\\\/candas365.es\\\/noticias\\\/ferrero-acepta-aclarar-acusaciones-de-trabajo-infantil-en-rumania\\\/#webpage\",\"url\":\"https:\\\/\\\/candas365.es\\\/noticias\\\/ferrero-acepta-aclarar-acusaciones-de-trabajo-infantil-en-rumania\\\/\",\"name\":\"Ferrero acepta aclarar acusaciones de trabajo infantil en Ruman\\u00eda | Cand\\u00e1s 365\",\"description\":\"Fr\\u00e1ncfort, 24 nov (dpa) - El fabricante de chocolates Ferrero mostr\\u00f3 hoy su disposici\\u00f3n a aclarar cuanto antes las acusaciones realizadas por el tabloide brit\\u00e1nico \\\"The Sun\\\" en las que acusaba a la compa\\u00f1\\u00eda de utilizar en Ruman\\u00eda a ni\\u00f1os para elaborar sus famosos huevos \\\"Kinder sorpresa\\\". Con tal objetivo, la multinacional ha enviado al\",\"inLanguage\":\"es-ES\",\"isPartOf\":{\"@id\":\"https:\\\/\\\/candas365.es\\\/noticias\\\/#website\"},\"breadcrumb\":{\"@id\":\"https:\\\/\\\/candas365.es\\\/noticias\\\/ferrero-acepta-aclarar-acusaciones-de-trabajo-infantil-en-rumania\\\/#breadcrumblist\"},\"author\":{\"@id\":\"https:\\\/\\\/candas365.es\\\/noticias\\\/author\\\/admin\\\/#author\"},\"creator\":{\"@id\":\"https:\\\/\\\/candas365.es\\\/noticias\\\/author\\\/admin\\\/#author\"},\"image\":{\"@type\":\"ImageObject\",\"url\":\"https:\\\/\\\/candas365.es\\\/noticias\\\/wp-content\\\/uploads\\\/2015\\\/09\\\/c365noticias.jpg\",\"@id\":\"https:\\\/\\\/candas365.es\\\/noticias\\\/ferrero-acepta-aclarar-acusaciones-de-trabajo-infantil-en-rumania\\\/#mainImage\",\"width\":655,\"height\":360},\"primaryImageOfPage\":{\"@id\":\"https:\\\/\\\/candas365.es\\\/noticias\\\/ferrero-acepta-aclarar-acusaciones-de-trabajo-infantil-en-rumania\\\/#mainImage\"},\"datePublished\":\"2016-11-24T19:26:31+01:00\",\"dateModified\":\"2016-11-24T19:26:31+01:00\"},{\"@type\":\"WebSite\",\"@id\":\"https:\\\/\\\/candas365.es\\\/noticias\\\/#website\",\"url\":\"https:\\\/\\\/candas365.es\\\/noticias\\\/\",\"name\":\"Cand\\u00e1s 365\",\"alternateName\":\"Cand\\u00e1s 365 Noticias\",\"description\":\"Actualidad desde Carre\\u00f1o para el mundo\",\"inLanguage\":\"es-ES\",\"publisher\":{\"@id\":\"https:\\\/\\\/candas365.es\\\/noticias\\\/#organization\"}}]}\n\t\t<\/script>\n\t\t<!-- All in One SEO Pro -->\r\n\t\t<title>Ferrero acepta aclarar acusaciones de trabajo infantil en Ruman\u00eda | Cand\u00e1s 365<\/title>\n\n","aioseo_head_json":{"title":"Ferrero acepta aclarar acusaciones de trabajo infantil en Ruman\u00eda | Cand\u00e1s 365","description":"Fr\u00e1ncfort, 24 nov (dpa) - El fabricante de chocolates Ferrero mostr\u00f3 hoy su disposici\u00f3n a aclarar cuanto antes las acusaciones realizadas por el tabloide brit\u00e1nico \"The Sun\" en las que acusaba a la compa\u00f1\u00eda de utilizar en Ruman\u00eda a ni\u00f1os para elaborar sus famosos huevos \"Kinder sorpresa\". Con tal objetivo, la multinacional ha enviado al","canonical_url":"https:\/\/candas365.es\/noticias\/ferrero-acepta-aclarar-acusaciones-de-trabajo-infantil-en-rumania\/","robots":"max-image-preview:large","keywords":"actualidad","webmasterTools":{"google-site-verification":"UA-32230408-1","msvalidate.01":"354F3CDFB2DA171B47FBE9ABF1F88D5","miscellaneous":""},"schema":{"@context":"https:\/\/schema.org","@graph":[{"@type":"BreadcrumbList","@id":"https:\/\/candas365.es\/noticias\/ferrero-acepta-aclarar-acusaciones-de-trabajo-infantil-en-rumania\/#breadcrumblist","itemListElement":[{"@type":"ListItem","@id":"https:\/\/candas365.es\/noticias#listItem","position":1,"name":"Home","item":"https:\/\/candas365.es\/noticias","nextItem":{"@type":"ListItem","@id":"https:\/\/candas365.es\/noticias\/category\/actualidad\/#listItem","name":"Actualidad"}},{"@type":"ListItem","@id":"https:\/\/candas365.es\/noticias\/category\/actualidad\/#listItem","position":2,"name":"Actualidad","item":"https:\/\/candas365.es\/noticias\/category\/actualidad\/","nextItem":{"@type":"ListItem","@id":"https:\/\/candas365.es\/noticias\/ferrero-acepta-aclarar-acusaciones-de-trabajo-infantil-en-rumania\/#listItem","name":"Ferrero acepta aclarar acusaciones de trabajo infantil en Ruman\u00eda"},"previousItem":{"@type":"ListItem","@id":"https:\/\/candas365.es\/noticias#listItem","name":"Home"}},{"@type":"ListItem","@id":"https:\/\/candas365.es\/noticias\/ferrero-acepta-aclarar-acusaciones-de-trabajo-infantil-en-rumania\/#listItem","position":3,"name":"Ferrero acepta aclarar acusaciones de trabajo infantil en Ruman\u00eda","previousItem":{"@type":"ListItem","@id":"https:\/\/candas365.es\/noticias\/category\/actualidad\/#listItem","name":"Actualidad"}}]},{"@type":"NewsArticle","@id":"https:\/\/candas365.es\/noticias\/ferrero-acepta-aclarar-acusaciones-de-trabajo-infantil-en-rumania\/#newsarticle","name":"Ferrero acepta aclarar acusaciones de trabajo infantil en Ruman\u00eda | Cand\u00e1s 365","headline":"Ferrero acepta aclarar acusaciones de trabajo infantil en Ruman\u00eda","author":{"@id":"https:\/\/candas365.es\/noticias\/author\/admin\/#author"},"publisher":{"@id":"https:\/\/candas365.es\/noticias\/#organization"},"image":{"@type":"ImageObject","url":"https:\/\/candas365.es\/noticias\/wp-content\/uploads\/2015\/09\/c365noticias.jpg","width":655,"height":360},"datePublished":"2016-11-24T19:26:31+01:00","dateModified":"2016-11-24T19:26:31+01:00","inLanguage":"es-ES","mainEntityOfPage":{"@id":"https:\/\/candas365.es\/noticias\/ferrero-acepta-aclarar-acusaciones-de-trabajo-infantil-en-rumania\/#webpage"},"isPartOf":{"@id":"https:\/\/candas365.es\/noticias\/ferrero-acepta-aclarar-acusaciones-de-trabajo-infantil-en-rumania\/#webpage"},"articleSection":"Actualidad","dateline":"Publicado el noviembre 24, 2016."},{"@type":"Organization","@id":"https:\/\/candas365.es\/noticias\/#organization","name":"Cand\u00e1s 365","description":"Cand\u00e1s 365 es un diario digital independiente, fundado en 2012, con base en Asturias. Informamos con rigor sobre actualidad, sociedad, cultura y ocio, con una mirada local y global.","url":"https:\/\/candas365.es\/noticias\/","email":"info@candas365.es","telephone":"+34652131393","foundingDate":"2012-06-10","logo":{"@type":"ImageObject","url":"https:\/\/candas365.es\/noticias\/wp-content\/uploads\/2024\/09\/Candas-365-Redes.jpg","@id":"https:\/\/candas365.es\/noticias\/ferrero-acepta-aclarar-acusaciones-de-trabajo-infantil-en-rumania\/#organizationLogo","width":1152,"height":864,"caption":"Cand\u00e1s 365 Redes"},"image":{"@id":"https:\/\/candas365.es\/noticias\/ferrero-acepta-aclarar-acusaciones-de-trabajo-infantil-en-rumania\/#organizationLogo"},"sameAs":["https:\/\/www.facebook.com\/Nachofdezber","https:\/\/x.com\/NabercoDigital","https:\/\/www.instagram.com\/nachofdezber\/","https:\/\/www.youtube.com\/channel\/UCZP-2wLEB9Rv6erhFmqVnvg"],"address":{"@id":"https:\/\/candas365.es\/noticias\/#postaladdress","@type":"PostalAddress","streetAddress":"san antonio 4, san antonio 4","postalCode":"33430","addressLocality":"Cand\u00e1s","addressRegion":"Asturias","addressCountry":"ES"}},{"@type":"Person","@id":"https:\/\/candas365.es\/noticias\/author\/admin\/#author","url":"https:\/\/candas365.es\/noticias\/author\/admin\/","name":"Cand\u00e1s 365","image":{"@type":"ImageObject","@id":"https:\/\/candas365.es\/noticias\/ferrero-acepta-aclarar-acusaciones-de-trabajo-infantil-en-rumania\/#authorImage","url":"https:\/\/secure.gravatar.com\/avatar\/496a8e03d0c493ede1718b7934145dbdf8d89be1036b0eec9544e1094c9de390?s=96&d=mm&r=g","width":96,"height":96,"caption":"Cand\u00e1s 365"},"sameAs":["https:\/\/www.facebook.com\/carrenoactualidad","https:\/\/twitter.com\/nbasturias","https:\/\/www.instagram.com\/nachofdezber\/","https:\/\/www.youtube.com\/channel\/UCZP-2wLEB9Rv6erhFmqVnvg"]},{"@type":"WebPage","@id":"https:\/\/candas365.es\/noticias\/ferrero-acepta-aclarar-acusaciones-de-trabajo-infantil-en-rumania\/#webpage","url":"https:\/\/candas365.es\/noticias\/ferrero-acepta-aclarar-acusaciones-de-trabajo-infantil-en-rumania\/","name":"Ferrero acepta aclarar acusaciones de trabajo infantil en Ruman\u00eda | Cand\u00e1s 365","description":"Fr\u00e1ncfort, 24 nov (dpa) - El fabricante de chocolates Ferrero mostr\u00f3 hoy su disposici\u00f3n a aclarar cuanto antes las acusaciones realizadas por el tabloide brit\u00e1nico \"The Sun\" en las que acusaba a la compa\u00f1\u00eda de utilizar en Ruman\u00eda a ni\u00f1os para elaborar sus famosos huevos \"Kinder sorpresa\". Con tal objetivo, la multinacional ha enviado al","inLanguage":"es-ES","isPartOf":{"@id":"https:\/\/candas365.es\/noticias\/#website"},"breadcrumb":{"@id":"https:\/\/candas365.es\/noticias\/ferrero-acepta-aclarar-acusaciones-de-trabajo-infantil-en-rumania\/#breadcrumblist"},"author":{"@id":"https:\/\/candas365.es\/noticias\/author\/admin\/#author"},"creator":{"@id":"https:\/\/candas365.es\/noticias\/author\/admin\/#author"},"image":{"@type":"ImageObject","url":"https:\/\/candas365.es\/noticias\/wp-content\/uploads\/2015\/09\/c365noticias.jpg","@id":"https:\/\/candas365.es\/noticias\/ferrero-acepta-aclarar-acusaciones-de-trabajo-infantil-en-rumania\/#mainImage","width":655,"height":360},"primaryImageOfPage":{"@id":"https:\/\/candas365.es\/noticias\/ferrero-acepta-aclarar-acusaciones-de-trabajo-infantil-en-rumania\/#mainImage"},"datePublished":"2016-11-24T19:26:31+01:00","dateModified":"2016-11-24T19:26:31+01:00"},{"@type":"WebSite","@id":"https:\/\/candas365.es\/noticias\/#website","url":"https:\/\/candas365.es\/noticias\/","name":"Cand\u00e1s 365","alternateName":"Cand\u00e1s 365 Noticias","description":"Actualidad desde Carre\u00f1o para el mundo","inLanguage":"es-ES","publisher":{"@id":"https:\/\/candas365.es\/noticias\/#organization"}}]},"og:locale":"es_ES","og:site_name":"Cand\u00e1s 365","og:type":"article","og:title":"Ferrero acepta aclarar acusaciones de trabajo infantil en Ruman\u00eda | Cand\u00e1s 365","og:description":"Fr\u00e1ncfort, 24 nov (dpa) - El fabricante de chocolates Ferrero mostr\u00f3 hoy su disposici\u00f3n a aclarar cuanto antes las acusaciones realizadas por el tabloide brit\u00e1nico &quot;The Sun&quot; en las que acusaba a la compa\u00f1\u00eda de utilizar en Ruman\u00eda a ni\u00f1os para elaborar sus famosos huevos &quot;Kinder sorpresa&quot;. Con tal objetivo, la multinacional ha enviado al","og:url":"https:\/\/candas365.es\/noticias\/ferrero-acepta-aclarar-acusaciones-de-trabajo-infantil-en-rumania\/","og:image":"https:\/\/candas365.es\/noticias\/wp-content\/uploads\/2015\/09\/c365noticias.jpg","og:image:secure_url":"https:\/\/candas365.es\/noticias\/wp-content\/uploads\/2015\/09\/c365noticias.jpg","og:image:width":655,"og:image:height":360,"article:published_time":"2016-11-24T19:26:31+00:00","article:modified_time":"2016-11-24T19:26:31+00:00","article:publisher":"https:\/\/www.facebook.com\/Nachofdezber","article:author":"https:\/\/www.facebook.com\/carrenoactualidad","twitter:card":"summary_large_image","twitter:site":"@NabercoDigital","twitter:title":"Ferrero acepta aclarar acusaciones de trabajo infantil en Ruman\u00eda | Cand\u00e1s 365","twitter:description":"Fr\u00e1ncfort, 24 nov (dpa) - El fabricante de chocolates Ferrero mostr\u00f3 hoy su disposici\u00f3n a aclarar cuanto antes las acusaciones realizadas por el tabloide brit\u00e1nico &quot;The Sun&quot; en las que acusaba a la compa\u00f1\u00eda de utilizar en Ruman\u00eda a ni\u00f1os para elaborar sus famosos huevos &quot;Kinder sorpresa&quot;. Con tal objetivo, la multinacional ha enviado al","twitter:creator":"@nbasturias","twitter:image":"https:\/\/candas365.es\/noticias\/wp-content\/uploads\/2015\/09\/c365noticias.jpg","twitter:label1":"Escrito por","twitter:data1":"Cand\u00e1s 365","twitter:label2":"Tiempo de lectura estimado","twitter:data2":"1 minuto"},"aioseo_meta_data":{"post_id":"36841","title":null,"description":null,"keywords":null,"keyphrases":null,"primary_term":null,"canonical_url":null,"og_title":null,"og_description":null,"og_object_type":"default","og_image_type":"default","og_image_url":null,"og_image_width":null,"og_image_height":null,"og_image_custom_url":null,"og_image_custom_fields":null,"og_video":null,"og_custom_url":null,"og_article_section":null,"og_article_tags":null,"twitter_use_og":false,"twitter_card":"default","twitter_image_type":"default","twitter_image_url":null,"twitter_image_custom_url":null,"twitter_image_custom_fields":null,"twitter_title":null,"twitter_description":null,"schema":{"blockGraphs":[],"customGraphs":[],"default":{"data":{"Article":[],"Course":[],"Dataset":[],"FAQPage":[],"Movie":[],"Person":[],"Product":[],"ProductReview":[],"Car":[],"Recipe":[],"Service":[],"SoftwareApplication":[],"WebPage":[]},"graphName":"","isEnabled":true},"graphs":[]},"schema_type":null,"schema_type_options":null,"pillar_content":false,"robots_default":true,"robots_noindex":false,"robots_noarchive":false,"robots_nosnippet":false,"robots_nofollow":false,"robots_noimageindex":false,"robots_noodp":false,"robots_notranslate":false,"robots_max_snippet":null,"robots_max_videopreview":null,"robots_max_imagepreview":"large","priority":null,"frequency":null,"location":null,"local_seo":null,"seo_analyzer_scan_date":"2025-08-24 21:31:12","breadcrumb_settings":null,"limit_modified_date":false,"reviewed_by":null,"open_ai":null,"ai":null,"created":"2020-12-21 13:09:32","updated":"2025-08-24 21:31:12"},"aioseo_breadcrumb":"<div class=\"aioseo-breadcrumbs\"><span class=\"aioseo-breadcrumb\">\n\t<a href=\"https:\/\/candas365.es\/noticias\" title=\"Home\">Home<\/a>\n<\/span><span class=\"aioseo-breadcrumb-separator\">&ndash;<\/span><span class=\"aioseo-breadcrumb\">\n\t<a href=\"https:\/\/candas365.es\/noticias\/category\/actualidad\/\" title=\"Actualidad\">Actualidad<\/a>\n<\/span><span class=\"aioseo-breadcrumb-separator\">&ndash;<\/span><span class=\"aioseo-breadcrumb\">\n\tFerrero acepta aclarar acusaciones de trabajo infantil en Ruman\u00eda\n<\/span><\/div>","aioseo_breadcrumb_json":[{"label":"Home","link":"https:\/\/candas365.es\/noticias"},{"label":"Actualidad","link":"https:\/\/candas365.es\/noticias\/category\/actualidad\/"},{"label":"Ferrero acepta aclarar acusaciones de trabajo infantil en Ruman\u00eda","link":"https:\/\/candas365.es\/noticias\/ferrero-acepta-aclarar-acusaciones-de-trabajo-infantil-en-rumania\/"}],"_links":{"self":[{"href":"https:\/\/candas365.es\/noticias\/wp-json\/wp\/v2\/posts\/36841","targetHints":{"allow":["GET"]}}],"collection":[{"href":"https:\/\/candas365.es\/noticias\/wp-json\/wp\/v2\/posts"}],"about":[{"href":"https:\/\/candas365.es\/noticias\/wp-json\/wp\/v2\/types\/post"}],"author":[{"embeddable":true,"href":"https:\/\/candas365.es\/noticias\/wp-json\/wp\/v2\/users\/1"}],"replies":[{"embeddable":true,"href":"https:\/\/candas365.es\/noticias\/wp-json\/wp\/v2\/comments?post=36841"}],"version-history":[{"count":0,"href":"https:\/\/candas365.es\/noticias\/wp-json\/wp\/v2\/posts\/36841\/revisions"}],"wp:featuredmedia":[{"embeddable":true,"href":"https:\/\/candas365.es\/noticias\/wp-json\/wp\/v2\/media\/16457"}],"wp:attachment":[{"href":"https:\/\/candas365.es\/noticias\/wp-json\/wp\/v2\/media?parent=36841"}],"wp:term":[{"taxonomy":"category","embeddable":true,"href":"https:\/\/candas365.es\/noticias\/wp-json\/wp\/v2\/categories?post=36841"},{"taxonomy":"post_tag","embeddable":true,"href":"https:\/\/candas365.es\/noticias\/wp-json\/wp\/v2\/tags?post=36841"}],"curies":[{"name":"wp","href":"https:\/\/api.w.org\/{rel}","templated":true}]}}