{"id":36825,"date":"2016-11-24T19:17:22","date_gmt":"2016-11-24T19:17:22","guid":{"rendered":"http:\/\/candas365.es\/noticias\/?p=36825"},"modified":"2016-11-24T19:17:22","modified_gmt":"2016-11-24T19:17:22","slug":"caida-de-exportaciones-y-brexit-frenan-crecimiento-en-alemania","status":"publish","type":"post","link":"https:\/\/candas365.es\/noticias\/caida-de-exportaciones-y-brexit-frenan-crecimiento-en-alemania\/","title":{"rendered":"Ca\u00edda de exportaciones y \u00abBrexit\u00bb frenan crecimiento en Alemania"},"content":{"rendered":"<p>Wiesbaden (Alemania), 24 nov (dpa) &#8211; El descenso de las exportaciones y el desconcierto que reina en las empresas tras el shock que supuso la decisi\u00f3n de los ciudadanos de Reino Unido de abandonar la Uni\u00f3n Europea frenaron el crecimiento en Alemania en el tercer trimestre del a\u00f1o, inform\u00f3 hoy la Oficina Federal de Estad\u00edstica (Destatis).<\/p>\n<p>Seg\u00fan datos facilitados por el organismo, el aumento de la producci\u00f3n econ\u00f3mica se redujo a la mitad a un 0,2 por ciento en comparaci\u00f3n con el trimestre anterior.<\/p>\n<p>En el segundo trimestre del a\u00f1o, el Producto Interior Bruto (PIB) de la primera econom\u00eda europea hab\u00eda aumentado un 0,4 por ciento en relaci\u00f3n a los tres meses anteriores. A comienzos del a\u00f1o 2017, el PIB experiment\u00f3 un crecimiento de un 0,7 por ciento con respecto al \u00faltimo trimestre de 2015.<\/p>\n<p>Entre los meses de julio y septiembre la econom\u00eda alemana creci\u00f3 al verse impulsada principalmente por el consumo privado, por el buen desempe\u00f1o del sector de la construcci\u00f3n y por el gasto social realizado por el Estado en la acogida y manutenci\u00f3n de cientos de miles de refugiados.<\/p>\n<p>De forma paralela, en el trimestre inmediatamente posterior al \u00abBrexit\u00bb, las empresas alemanas frenaron sus inversiones en maquinaria, equipos y veh\u00edculos.<\/p>\n<p>Asimismo, se registraron ca\u00eddas en el comercio exterior con un descenso de las exportaciones alemanas del 0,4 por ciento en el tercer trimestre. Las importaciones, sin embargo, subieron en este mismo periodo un 0,2 por ciento.<\/p>\n<p>&nbsp;<\/p>\n","protected":false},"excerpt":{"rendered":"<p>Wiesbaden (Alemania), 24 nov (dpa) &#8211; El descenso de las exportaciones y el desconcierto que reina en las empresas tras el shock que supuso la decisi\u00f3n de los ciudadanos de Reino Unido de abandonar la Uni\u00f3n Europea frenaron el crecimiento en Alemania en el tercer trimestre del a\u00f1o, inform\u00f3 hoy la Oficina Federal de Estad\u00edstica<\/p>\n","protected":false},"author":1,"featured_media":16457,"comment_status":"closed","ping_status":"closed","sticky":false,"template":"","format":"standard","meta":{"footnotes":""},"categories":[343],"tags":[],"class_list":{"0":"post-36825","1":"post","2":"type-post","3":"status-publish","4":"format-standard","5":"has-post-thumbnail","7":"category-actualidad"},"aioseo_notices":[],"aioseo_head":"\n\t\t<!-- All in One SEO Pro 4.9.6.2 - aioseo.com -->\n\t<meta name=\"description\" content=\"Wiesbaden (Alemania), 24 nov (dpa) - El descenso de las exportaciones y el desconcierto que reina en las empresas tras el shock que supuso la decisi\u00f3n de los ciudadanos de Reino Unido de abandonar la Uni\u00f3n Europea frenaron el crecimiento en Alemania en el tercer trimestre del a\u00f1o, inform\u00f3 hoy la Oficina Federal de Estad\u00edstica\" \/>\n\t<meta name=\"robots\" content=\"max-image-preview:large\" \/>\n\t<meta name=\"author\" content=\"Cand\u00e1s 365\"\/>\n\t<meta name=\"google-site-verification\" content=\"UA-32230408-1\" \/>\n\t<meta name=\"msvalidate.01\" content=\"354F3CDFB2DA171B47FBE9ABF1F88D5\" \/>\n\t<meta name=\"keywords\" content=\"actualidad\" \/>\n\t<link rel=\"canonical\" href=\"https:\/\/candas365.es\/noticias\/caida-de-exportaciones-y-brexit-frenan-crecimiento-en-alemania\/\" \/>\n\t<meta name=\"generator\" content=\"All in One SEO Pro (AIOSEO) 4.9.6.2\" \/>\n\t\t<meta property=\"og:locale\" content=\"es_ES\" \/>\n\t\t<meta property=\"og:site_name\" content=\"Cand\u00e1s 365\" \/>\n\t\t<meta property=\"og:type\" content=\"article\" \/>\n\t\t<meta property=\"og:title\" content=\"Ca\u00edda de exportaciones y \u00abBrexit\u00bb frenan crecimiento en Alemania | Cand\u00e1s 365\" \/>\n\t\t<meta property=\"og:description\" content=\"Wiesbaden (Alemania), 24 nov (dpa) - El descenso de las exportaciones y el desconcierto que reina en las empresas tras el shock que supuso la decisi\u00f3n de los ciudadanos de Reino Unido de abandonar la Uni\u00f3n Europea frenaron el crecimiento en Alemania en el tercer trimestre del a\u00f1o, inform\u00f3 hoy la Oficina Federal de Estad\u00edstica\" \/>\n\t\t<meta property=\"og:url\" content=\"https:\/\/candas365.es\/noticias\/caida-de-exportaciones-y-brexit-frenan-crecimiento-en-alemania\/\" \/>\n\t\t<meta property=\"og:image\" content=\"https:\/\/candas365.es\/noticias\/wp-content\/uploads\/2015\/09\/c365noticias.jpg\" \/>\n\t\t<meta property=\"og:image:secure_url\" content=\"https:\/\/candas365.es\/noticias\/wp-content\/uploads\/2015\/09\/c365noticias.jpg\" \/>\n\t\t<meta property=\"og:image:width\" content=\"655\" \/>\n\t\t<meta property=\"og:image:height\" content=\"360\" \/>\n\t\t<meta property=\"article:published_time\" content=\"2016-11-24T19:17:22+00:00\" \/>\n\t\t<meta property=\"article:modified_time\" content=\"2016-11-24T19:17:22+00:00\" \/>\n\t\t<meta property=\"article:publisher\" content=\"https:\/\/www.facebook.com\/Nachofdezber\" \/>\n\t\t<meta property=\"article:author\" content=\"https:\/\/www.facebook.com\/carrenoactualidad\" \/>\n\t\t<meta name=\"twitter:card\" content=\"summary_large_image\" \/>\n\t\t<meta name=\"twitter:site\" content=\"@NabercoDigital\" \/>\n\t\t<meta name=\"twitter:title\" content=\"Ca\u00edda de exportaciones y \u00abBrexit\u00bb frenan crecimiento en Alemania | Cand\u00e1s 365\" \/>\n\t\t<meta name=\"twitter:description\" content=\"Wiesbaden (Alemania), 24 nov (dpa) - El descenso de las exportaciones y el desconcierto que reina en las empresas tras el shock que supuso la decisi\u00f3n de los ciudadanos de Reino Unido de abandonar la Uni\u00f3n Europea frenaron el crecimiento en Alemania en el tercer trimestre del a\u00f1o, inform\u00f3 hoy la Oficina Federal de Estad\u00edstica\" \/>\n\t\t<meta name=\"twitter:creator\" content=\"@nbasturias\" \/>\n\t\t<meta name=\"twitter:image\" content=\"https:\/\/candas365.es\/noticias\/wp-content\/uploads\/2015\/09\/c365noticias.jpg\" \/>\n\t\t<meta name=\"twitter:label1\" content=\"Escrito por\" \/>\n\t\t<meta name=\"twitter:data1\" content=\"Cand\u00e1s 365\" \/>\n\t\t<meta name=\"twitter:label2\" content=\"Tiempo de lectura estimado\" \/>\n\t\t<meta name=\"twitter:data2\" content=\"1 minuto\" \/>\n\t\t<script type=\"application\/ld+json\" class=\"aioseo-schema\">\n\t\t\t{\"@context\":\"https:\\\/\\\/schema.org\",\"@graph\":[{\"@type\":\"BreadcrumbList\",\"@id\":\"https:\\\/\\\/candas365.es\\\/noticias\\\/caida-de-exportaciones-y-brexit-frenan-crecimiento-en-alemania\\\/#breadcrumblist\",\"itemListElement\":[{\"@type\":\"ListItem\",\"@id\":\"https:\\\/\\\/candas365.es\\\/noticias#listItem\",\"position\":1,\"name\":\"Home\",\"item\":\"https:\\\/\\\/candas365.es\\\/noticias\",\"nextItem\":{\"@type\":\"ListItem\",\"@id\":\"https:\\\/\\\/candas365.es\\\/noticias\\\/category\\\/actualidad\\\/#listItem\",\"name\":\"Actualidad\"}},{\"@type\":\"ListItem\",\"@id\":\"https:\\\/\\\/candas365.es\\\/noticias\\\/category\\\/actualidad\\\/#listItem\",\"position\":2,\"name\":\"Actualidad\",\"item\":\"https:\\\/\\\/candas365.es\\\/noticias\\\/category\\\/actualidad\\\/\",\"nextItem\":{\"@type\":\"ListItem\",\"@id\":\"https:\\\/\\\/candas365.es\\\/noticias\\\/caida-de-exportaciones-y-brexit-frenan-crecimiento-en-alemania\\\/#listItem\",\"name\":\"Ca\\u00edda de exportaciones y \\u00abBrexit\\u00bb frenan crecimiento en Alemania\"},\"previousItem\":{\"@type\":\"ListItem\",\"@id\":\"https:\\\/\\\/candas365.es\\\/noticias#listItem\",\"name\":\"Home\"}},{\"@type\":\"ListItem\",\"@id\":\"https:\\\/\\\/candas365.es\\\/noticias\\\/caida-de-exportaciones-y-brexit-frenan-crecimiento-en-alemania\\\/#listItem\",\"position\":3,\"name\":\"Ca\\u00edda de exportaciones y \\u00abBrexit\\u00bb frenan crecimiento en Alemania\",\"previousItem\":{\"@type\":\"ListItem\",\"@id\":\"https:\\\/\\\/candas365.es\\\/noticias\\\/category\\\/actualidad\\\/#listItem\",\"name\":\"Actualidad\"}}]},{\"@type\":\"NewsArticle\",\"@id\":\"https:\\\/\\\/candas365.es\\\/noticias\\\/caida-de-exportaciones-y-brexit-frenan-crecimiento-en-alemania\\\/#newsarticle\",\"name\":\"Ca\\u00edda de exportaciones y \\u00abBrexit\\u00bb frenan crecimiento en Alemania | Cand\\u00e1s 365\",\"headline\":\"Ca\\u00edda de exportaciones y \\u00abBrexit\\u00bb frenan crecimiento en Alemania\",\"author\":{\"@id\":\"https:\\\/\\\/candas365.es\\\/noticias\\\/author\\\/admin\\\/#author\"},\"publisher\":{\"@id\":\"https:\\\/\\\/candas365.es\\\/noticias\\\/#organization\"},\"image\":{\"@type\":\"ImageObject\",\"url\":\"https:\\\/\\\/candas365.es\\\/noticias\\\/wp-content\\\/uploads\\\/2015\\\/09\\\/c365noticias.jpg\",\"width\":655,\"height\":360},\"datePublished\":\"2016-11-24T19:17:22+01:00\",\"dateModified\":\"2016-11-24T19:17:22+01:00\",\"inLanguage\":\"es-ES\",\"mainEntityOfPage\":{\"@id\":\"https:\\\/\\\/candas365.es\\\/noticias\\\/caida-de-exportaciones-y-brexit-frenan-crecimiento-en-alemania\\\/#webpage\"},\"isPartOf\":{\"@id\":\"https:\\\/\\\/candas365.es\\\/noticias\\\/caida-de-exportaciones-y-brexit-frenan-crecimiento-en-alemania\\\/#webpage\"},\"articleSection\":\"Actualidad\",\"dateline\":\"Publicado el noviembre 24, 2016.\"},{\"@type\":\"Organization\",\"@id\":\"https:\\\/\\\/candas365.es\\\/noticias\\\/#organization\",\"name\":\"Cand\\u00e1s 365\",\"description\":\"Cand\\u00e1s 365 es un diario digital independiente, fundado en 2012, con base en Asturias. Informamos con rigor sobre actualidad, sociedad, cultura y ocio, con una mirada local y global.\",\"url\":\"https:\\\/\\\/candas365.es\\\/noticias\\\/\",\"email\":\"info@candas365.es\",\"telephone\":\"+34652131393\",\"foundingDate\":\"2012-06-10\",\"logo\":{\"@type\":\"ImageObject\",\"url\":\"https:\\\/\\\/candas365.es\\\/noticias\\\/wp-content\\\/uploads\\\/2024\\\/09\\\/Candas-365-Redes.jpg\",\"@id\":\"https:\\\/\\\/candas365.es\\\/noticias\\\/caida-de-exportaciones-y-brexit-frenan-crecimiento-en-alemania\\\/#organizationLogo\",\"width\":1152,\"height\":864,\"caption\":\"Cand\\u00e1s 365 Redes\"},\"image\":{\"@id\":\"https:\\\/\\\/candas365.es\\\/noticias\\\/caida-de-exportaciones-y-brexit-frenan-crecimiento-en-alemania\\\/#organizationLogo\"},\"sameAs\":[\"https:\\\/\\\/www.facebook.com\\\/Nachofdezber\",\"https:\\\/\\\/x.com\\\/NabercoDigital\",\"https:\\\/\\\/www.instagram.com\\\/nachofdezber\\\/\",\"https:\\\/\\\/www.youtube.com\\\/channel\\\/UCZP-2wLEB9Rv6erhFmqVnvg\"],\"address\":{\"@id\":\"https:\\\/\\\/candas365.es\\\/noticias\\\/#postaladdress\",\"@type\":\"PostalAddress\",\"streetAddress\":\"san antonio 4, san antonio 4\",\"postalCode\":\"33430\",\"addressLocality\":\"Cand\\u00e1s\",\"addressRegion\":\"Asturias\",\"addressCountry\":\"ES\"}},{\"@type\":\"Person\",\"@id\":\"https:\\\/\\\/candas365.es\\\/noticias\\\/author\\\/admin\\\/#author\",\"url\":\"https:\\\/\\\/candas365.es\\\/noticias\\\/author\\\/admin\\\/\",\"name\":\"Cand\\u00e1s 365\",\"image\":{\"@type\":\"ImageObject\",\"@id\":\"https:\\\/\\\/candas365.es\\\/noticias\\\/caida-de-exportaciones-y-brexit-frenan-crecimiento-en-alemania\\\/#authorImage\",\"url\":\"https:\\\/\\\/secure.gravatar.com\\\/avatar\\\/496a8e03d0c493ede1718b7934145dbdf8d89be1036b0eec9544e1094c9de390?s=96&d=mm&r=g\",\"width\":96,\"height\":96,\"caption\":\"Cand\\u00e1s 365\"},\"sameAs\":[\"https:\\\/\\\/www.facebook.com\\\/carrenoactualidad\",\"https:\\\/\\\/twitter.com\\\/nbasturias\",\"https:\\\/\\\/www.instagram.com\\\/nachofdezber\\\/\",\"https:\\\/\\\/www.youtube.com\\\/channel\\\/UCZP-2wLEB9Rv6erhFmqVnvg\"]},{\"@type\":\"WebPage\",\"@id\":\"https:\\\/\\\/candas365.es\\\/noticias\\\/caida-de-exportaciones-y-brexit-frenan-crecimiento-en-alemania\\\/#webpage\",\"url\":\"https:\\\/\\\/candas365.es\\\/noticias\\\/caida-de-exportaciones-y-brexit-frenan-crecimiento-en-alemania\\\/\",\"name\":\"Ca\\u00edda de exportaciones y \\u00abBrexit\\u00bb frenan crecimiento en Alemania | Cand\\u00e1s 365\",\"description\":\"Wiesbaden (Alemania), 24 nov (dpa) - El descenso de las exportaciones y el desconcierto que reina en las empresas tras el shock que supuso la decisi\\u00f3n de los ciudadanos de Reino Unido de abandonar la Uni\\u00f3n Europea frenaron el crecimiento en Alemania en el tercer trimestre del a\\u00f1o, inform\\u00f3 hoy la Oficina Federal de Estad\\u00edstica\",\"inLanguage\":\"es-ES\",\"isPartOf\":{\"@id\":\"https:\\\/\\\/candas365.es\\\/noticias\\\/#website\"},\"breadcrumb\":{\"@id\":\"https:\\\/\\\/candas365.es\\\/noticias\\\/caida-de-exportaciones-y-brexit-frenan-crecimiento-en-alemania\\\/#breadcrumblist\"},\"author\":{\"@id\":\"https:\\\/\\\/candas365.es\\\/noticias\\\/author\\\/admin\\\/#author\"},\"creator\":{\"@id\":\"https:\\\/\\\/candas365.es\\\/noticias\\\/author\\\/admin\\\/#author\"},\"image\":{\"@type\":\"ImageObject\",\"url\":\"https:\\\/\\\/candas365.es\\\/noticias\\\/wp-content\\\/uploads\\\/2015\\\/09\\\/c365noticias.jpg\",\"@id\":\"https:\\\/\\\/candas365.es\\\/noticias\\\/caida-de-exportaciones-y-brexit-frenan-crecimiento-en-alemania\\\/#mainImage\",\"width\":655,\"height\":360},\"primaryImageOfPage\":{\"@id\":\"https:\\\/\\\/candas365.es\\\/noticias\\\/caida-de-exportaciones-y-brexit-frenan-crecimiento-en-alemania\\\/#mainImage\"},\"datePublished\":\"2016-11-24T19:17:22+01:00\",\"dateModified\":\"2016-11-24T19:17:22+01:00\"},{\"@type\":\"WebSite\",\"@id\":\"https:\\\/\\\/candas365.es\\\/noticias\\\/#website\",\"url\":\"https:\\\/\\\/candas365.es\\\/noticias\\\/\",\"name\":\"Cand\\u00e1s 365\",\"alternateName\":\"Cand\\u00e1s 365 Noticias\",\"description\":\"Actualidad desde Carre\\u00f1o para el mundo\",\"inLanguage\":\"es-ES\",\"publisher\":{\"@id\":\"https:\\\/\\\/candas365.es\\\/noticias\\\/#organization\"}}]}\n\t\t<\/script>\n\t\t<!-- All in One SEO Pro -->\r\n\t\t<title>Ca\u00edda de exportaciones y \u00abBrexit\u00bb frenan crecimiento en Alemania | Cand\u00e1s 365<\/title>\n\n","aioseo_head_json":{"title":"Ca\u00edda de exportaciones y \u00abBrexit\u00bb frenan crecimiento en Alemania | Cand\u00e1s 365","description":"Wiesbaden (Alemania), 24 nov (dpa) - El descenso de las exportaciones y el desconcierto que reina en las empresas tras el shock que supuso la decisi\u00f3n de los ciudadanos de Reino Unido de abandonar la Uni\u00f3n Europea frenaron el crecimiento en Alemania en el tercer trimestre del a\u00f1o, inform\u00f3 hoy la Oficina Federal de Estad\u00edstica","canonical_url":"https:\/\/candas365.es\/noticias\/caida-de-exportaciones-y-brexit-frenan-crecimiento-en-alemania\/","robots":"max-image-preview:large","keywords":"actualidad","webmasterTools":{"google-site-verification":"UA-32230408-1","msvalidate.01":"354F3CDFB2DA171B47FBE9ABF1F88D5","miscellaneous":""},"schema":{"@context":"https:\/\/schema.org","@graph":[{"@type":"BreadcrumbList","@id":"https:\/\/candas365.es\/noticias\/caida-de-exportaciones-y-brexit-frenan-crecimiento-en-alemania\/#breadcrumblist","itemListElement":[{"@type":"ListItem","@id":"https:\/\/candas365.es\/noticias#listItem","position":1,"name":"Home","item":"https:\/\/candas365.es\/noticias","nextItem":{"@type":"ListItem","@id":"https:\/\/candas365.es\/noticias\/category\/actualidad\/#listItem","name":"Actualidad"}},{"@type":"ListItem","@id":"https:\/\/candas365.es\/noticias\/category\/actualidad\/#listItem","position":2,"name":"Actualidad","item":"https:\/\/candas365.es\/noticias\/category\/actualidad\/","nextItem":{"@type":"ListItem","@id":"https:\/\/candas365.es\/noticias\/caida-de-exportaciones-y-brexit-frenan-crecimiento-en-alemania\/#listItem","name":"Ca\u00edda de exportaciones y \u00abBrexit\u00bb frenan crecimiento en Alemania"},"previousItem":{"@type":"ListItem","@id":"https:\/\/candas365.es\/noticias#listItem","name":"Home"}},{"@type":"ListItem","@id":"https:\/\/candas365.es\/noticias\/caida-de-exportaciones-y-brexit-frenan-crecimiento-en-alemania\/#listItem","position":3,"name":"Ca\u00edda de exportaciones y \u00abBrexit\u00bb frenan crecimiento en Alemania","previousItem":{"@type":"ListItem","@id":"https:\/\/candas365.es\/noticias\/category\/actualidad\/#listItem","name":"Actualidad"}}]},{"@type":"NewsArticle","@id":"https:\/\/candas365.es\/noticias\/caida-de-exportaciones-y-brexit-frenan-crecimiento-en-alemania\/#newsarticle","name":"Ca\u00edda de exportaciones y \u00abBrexit\u00bb frenan crecimiento en Alemania | Cand\u00e1s 365","headline":"Ca\u00edda de exportaciones y \u00abBrexit\u00bb frenan crecimiento en Alemania","author":{"@id":"https:\/\/candas365.es\/noticias\/author\/admin\/#author"},"publisher":{"@id":"https:\/\/candas365.es\/noticias\/#organization"},"image":{"@type":"ImageObject","url":"https:\/\/candas365.es\/noticias\/wp-content\/uploads\/2015\/09\/c365noticias.jpg","width":655,"height":360},"datePublished":"2016-11-24T19:17:22+01:00","dateModified":"2016-11-24T19:17:22+01:00","inLanguage":"es-ES","mainEntityOfPage":{"@id":"https:\/\/candas365.es\/noticias\/caida-de-exportaciones-y-brexit-frenan-crecimiento-en-alemania\/#webpage"},"isPartOf":{"@id":"https:\/\/candas365.es\/noticias\/caida-de-exportaciones-y-brexit-frenan-crecimiento-en-alemania\/#webpage"},"articleSection":"Actualidad","dateline":"Publicado el noviembre 24, 2016."},{"@type":"Organization","@id":"https:\/\/candas365.es\/noticias\/#organization","name":"Cand\u00e1s 365","description":"Cand\u00e1s 365 es un diario digital independiente, fundado en 2012, con base en Asturias. Informamos con rigor sobre actualidad, sociedad, cultura y ocio, con una mirada local y global.","url":"https:\/\/candas365.es\/noticias\/","email":"info@candas365.es","telephone":"+34652131393","foundingDate":"2012-06-10","logo":{"@type":"ImageObject","url":"https:\/\/candas365.es\/noticias\/wp-content\/uploads\/2024\/09\/Candas-365-Redes.jpg","@id":"https:\/\/candas365.es\/noticias\/caida-de-exportaciones-y-brexit-frenan-crecimiento-en-alemania\/#organizationLogo","width":1152,"height":864,"caption":"Cand\u00e1s 365 Redes"},"image":{"@id":"https:\/\/candas365.es\/noticias\/caida-de-exportaciones-y-brexit-frenan-crecimiento-en-alemania\/#organizationLogo"},"sameAs":["https:\/\/www.facebook.com\/Nachofdezber","https:\/\/x.com\/NabercoDigital","https:\/\/www.instagram.com\/nachofdezber\/","https:\/\/www.youtube.com\/channel\/UCZP-2wLEB9Rv6erhFmqVnvg"],"address":{"@id":"https:\/\/candas365.es\/noticias\/#postaladdress","@type":"PostalAddress","streetAddress":"san antonio 4, san antonio 4","postalCode":"33430","addressLocality":"Cand\u00e1s","addressRegion":"Asturias","addressCountry":"ES"}},{"@type":"Person","@id":"https:\/\/candas365.es\/noticias\/author\/admin\/#author","url":"https:\/\/candas365.es\/noticias\/author\/admin\/","name":"Cand\u00e1s 365","image":{"@type":"ImageObject","@id":"https:\/\/candas365.es\/noticias\/caida-de-exportaciones-y-brexit-frenan-crecimiento-en-alemania\/#authorImage","url":"https:\/\/secure.gravatar.com\/avatar\/496a8e03d0c493ede1718b7934145dbdf8d89be1036b0eec9544e1094c9de390?s=96&d=mm&r=g","width":96,"height":96,"caption":"Cand\u00e1s 365"},"sameAs":["https:\/\/www.facebook.com\/carrenoactualidad","https:\/\/twitter.com\/nbasturias","https:\/\/www.instagram.com\/nachofdezber\/","https:\/\/www.youtube.com\/channel\/UCZP-2wLEB9Rv6erhFmqVnvg"]},{"@type":"WebPage","@id":"https:\/\/candas365.es\/noticias\/caida-de-exportaciones-y-brexit-frenan-crecimiento-en-alemania\/#webpage","url":"https:\/\/candas365.es\/noticias\/caida-de-exportaciones-y-brexit-frenan-crecimiento-en-alemania\/","name":"Ca\u00edda de exportaciones y \u00abBrexit\u00bb frenan crecimiento en Alemania | Cand\u00e1s 365","description":"Wiesbaden (Alemania), 24 nov (dpa) - El descenso de las exportaciones y el desconcierto que reina en las empresas tras el shock que supuso la decisi\u00f3n de los ciudadanos de Reino Unido de abandonar la Uni\u00f3n Europea frenaron el crecimiento en Alemania en el tercer trimestre del a\u00f1o, inform\u00f3 hoy la Oficina Federal de Estad\u00edstica","inLanguage":"es-ES","isPartOf":{"@id":"https:\/\/candas365.es\/noticias\/#website"},"breadcrumb":{"@id":"https:\/\/candas365.es\/noticias\/caida-de-exportaciones-y-brexit-frenan-crecimiento-en-alemania\/#breadcrumblist"},"author":{"@id":"https:\/\/candas365.es\/noticias\/author\/admin\/#author"},"creator":{"@id":"https:\/\/candas365.es\/noticias\/author\/admin\/#author"},"image":{"@type":"ImageObject","url":"https:\/\/candas365.es\/noticias\/wp-content\/uploads\/2015\/09\/c365noticias.jpg","@id":"https:\/\/candas365.es\/noticias\/caida-de-exportaciones-y-brexit-frenan-crecimiento-en-alemania\/#mainImage","width":655,"height":360},"primaryImageOfPage":{"@id":"https:\/\/candas365.es\/noticias\/caida-de-exportaciones-y-brexit-frenan-crecimiento-en-alemania\/#mainImage"},"datePublished":"2016-11-24T19:17:22+01:00","dateModified":"2016-11-24T19:17:22+01:00"},{"@type":"WebSite","@id":"https:\/\/candas365.es\/noticias\/#website","url":"https:\/\/candas365.es\/noticias\/","name":"Cand\u00e1s 365","alternateName":"Cand\u00e1s 365 Noticias","description":"Actualidad desde Carre\u00f1o para el mundo","inLanguage":"es-ES","publisher":{"@id":"https:\/\/candas365.es\/noticias\/#organization"}}]},"og:locale":"es_ES","og:site_name":"Cand\u00e1s 365","og:type":"article","og:title":"Ca\u00edda de exportaciones y \u00abBrexit\u00bb frenan crecimiento en Alemania | Cand\u00e1s 365","og:description":"Wiesbaden (Alemania), 24 nov (dpa) - El descenso de las exportaciones y el desconcierto que reina en las empresas tras el shock que supuso la decisi\u00f3n de los ciudadanos de Reino Unido de abandonar la Uni\u00f3n Europea frenaron el crecimiento en Alemania en el tercer trimestre del a\u00f1o, inform\u00f3 hoy la Oficina Federal de Estad\u00edstica","og:url":"https:\/\/candas365.es\/noticias\/caida-de-exportaciones-y-brexit-frenan-crecimiento-en-alemania\/","og:image":"https:\/\/candas365.es\/noticias\/wp-content\/uploads\/2015\/09\/c365noticias.jpg","og:image:secure_url":"https:\/\/candas365.es\/noticias\/wp-content\/uploads\/2015\/09\/c365noticias.jpg","og:image:width":655,"og:image:height":360,"article:published_time":"2016-11-24T19:17:22+00:00","article:modified_time":"2016-11-24T19:17:22+00:00","article:publisher":"https:\/\/www.facebook.com\/Nachofdezber","article:author":"https:\/\/www.facebook.com\/carrenoactualidad","twitter:card":"summary_large_image","twitter:site":"@NabercoDigital","twitter:title":"Ca\u00edda de exportaciones y \u00abBrexit\u00bb frenan crecimiento en Alemania | Cand\u00e1s 365","twitter:description":"Wiesbaden (Alemania), 24 nov (dpa) - El descenso de las exportaciones y el desconcierto que reina en las empresas tras el shock que supuso la decisi\u00f3n de los ciudadanos de Reino Unido de abandonar la Uni\u00f3n Europea frenaron el crecimiento en Alemania en el tercer trimestre del a\u00f1o, inform\u00f3 hoy la Oficina Federal de Estad\u00edstica","twitter:creator":"@nbasturias","twitter:image":"https:\/\/candas365.es\/noticias\/wp-content\/uploads\/2015\/09\/c365noticias.jpg","twitter:label1":"Escrito por","twitter:data1":"Cand\u00e1s 365","twitter:label2":"Tiempo de lectura estimado","twitter:data2":"1 minuto"},"aioseo_meta_data":{"post_id":"36825","title":null,"description":null,"keywords":null,"keyphrases":null,"primary_term":null,"canonical_url":null,"og_title":null,"og_description":null,"og_object_type":"default","og_image_type":"default","og_image_url":null,"og_image_width":null,"og_image_height":null,"og_image_custom_url":null,"og_image_custom_fields":null,"og_video":null,"og_custom_url":null,"og_article_section":null,"og_article_tags":null,"twitter_use_og":false,"twitter_card":"default","twitter_image_type":"default","twitter_image_url":null,"twitter_image_custom_url":null,"twitter_image_custom_fields":null,"twitter_title":null,"twitter_description":null,"schema":{"blockGraphs":[],"customGraphs":[],"default":{"data":{"Article":[],"Course":[],"Dataset":[],"FAQPage":[],"Movie":[],"Person":[],"Product":[],"ProductReview":[],"Car":[],"Recipe":[],"Service":[],"SoftwareApplication":[],"WebPage":[]},"graphName":"","isEnabled":true},"graphs":[],"defaultGraph":"","defaultPostTypeGraph":""},"schema_type":null,"schema_type_options":null,"pillar_content":false,"robots_default":true,"robots_noindex":false,"robots_noarchive":false,"robots_nosnippet":false,"robots_nofollow":false,"robots_noimageindex":false,"robots_noodp":false,"robots_notranslate":false,"robots_max_snippet":null,"robots_max_videopreview":null,"robots_max_imagepreview":"large","priority":null,"frequency":null,"location":null,"local_seo":null,"seo_analyzer_scan_date":"2025-08-24 21:29:17","breadcrumb_settings":null,"limit_modified_date":false,"reviewed_by":null,"open_ai":null,"ai":null,"created":"2020-12-21 13:09:32","updated":"2025-08-24 21:29:17"},"aioseo_breadcrumb":"<div class=\"aioseo-breadcrumbs\"><span class=\"aioseo-breadcrumb\">\n\t<a href=\"https:\/\/candas365.es\/noticias\" title=\"Home\">Home<\/a>\n<\/span><span class=\"aioseo-breadcrumb-separator\">&ndash;<\/span><span class=\"aioseo-breadcrumb\">\n\t<a href=\"https:\/\/candas365.es\/noticias\/category\/actualidad\/\" title=\"Actualidad\">Actualidad<\/a>\n<\/span><span class=\"aioseo-breadcrumb-separator\">&ndash;<\/span><span class=\"aioseo-breadcrumb\">\n\tCa\u00edda de exportaciones y \u00abBrexit\u00bb frenan crecimiento en Alemania\n<\/span><\/div>","aioseo_breadcrumb_json":[{"label":"Home","link":"https:\/\/candas365.es\/noticias"},{"label":"Actualidad","link":"https:\/\/candas365.es\/noticias\/category\/actualidad\/"},{"label":"Ca\u00edda de exportaciones y \u00abBrexit\u00bb frenan crecimiento en Alemania","link":"https:\/\/candas365.es\/noticias\/caida-de-exportaciones-y-brexit-frenan-crecimiento-en-alemania\/"}],"_links":{"self":[{"href":"https:\/\/candas365.es\/noticias\/wp-json\/wp\/v2\/posts\/36825","targetHints":{"allow":["GET"]}}],"collection":[{"href":"https:\/\/candas365.es\/noticias\/wp-json\/wp\/v2\/posts"}],"about":[{"href":"https:\/\/candas365.es\/noticias\/wp-json\/wp\/v2\/types\/post"}],"author":[{"embeddable":true,"href":"https:\/\/candas365.es\/noticias\/wp-json\/wp\/v2\/users\/1"}],"replies":[{"embeddable":true,"href":"https:\/\/candas365.es\/noticias\/wp-json\/wp\/v2\/comments?post=36825"}],"version-history":[{"count":0,"href":"https:\/\/candas365.es\/noticias\/wp-json\/wp\/v2\/posts\/36825\/revisions"}],"wp:featuredmedia":[{"embeddable":true,"href":"https:\/\/candas365.es\/noticias\/wp-json\/wp\/v2\/media\/16457"}],"wp:attachment":[{"href":"https:\/\/candas365.es\/noticias\/wp-json\/wp\/v2\/media?parent=36825"}],"wp:term":[{"taxonomy":"category","embeddable":true,"href":"https:\/\/candas365.es\/noticias\/wp-json\/wp\/v2\/categories?post=36825"},{"taxonomy":"post_tag","embeddable":true,"href":"https:\/\/candas365.es\/noticias\/wp-json\/wp\/v2\/tags?post=36825"}],"curies":[{"name":"wp","href":"https:\/\/api.w.org\/{rel}","templated":true}]}}