{"id":35998,"date":"2016-10-12T00:23:27","date_gmt":"2016-10-12T00:23:27","guid":{"rendered":"http:\/\/candas365.es\/noticias\/?p=35998"},"modified":"2016-11-14T00:09:06","modified_gmt":"2016-11-14T00:09:06","slug":"el-candas-cf-recibe-al-nalon-en-la-mata","status":"publish","type":"post","link":"https:\/\/candas365.es\/noticias\/el-candas-cf-recibe-al-nalon-en-la-mata\/","title":{"rendered":"El Cand\u00e1s CF recibe al Nal\u00f3n en La Mata"},"content":{"rendered":"<p><img fetchpriority=\"high\" decoding=\"async\" class=\"alignleft size-medium wp-image-15439\" src=\"https:\/\/candas365.es\/noticias\/wp-content\/uploads\/2015\/09\/la-mata-360x198.jpg\" alt=\"la-mata\" width=\"360\" height=\"198\" srcset=\"https:\/\/candas365.es\/noticias\/wp-content\/uploads\/2015\/09\/la-mata-360x198.jpg 360w, https:\/\/candas365.es\/noticias\/wp-content\/uploads\/2015\/09\/la-mata-650x357.jpg 650w, https:\/\/candas365.es\/noticias\/wp-content\/uploads\/2015\/09\/la-mata-150x82.jpg 150w, https:\/\/candas365.es\/noticias\/wp-content\/uploads\/2015\/09\/la-mata-450x247.jpg 450w, https:\/\/candas365.es\/noticias\/wp-content\/uploads\/2015\/09\/la-mata-655x360.jpg 655w, https:\/\/candas365.es\/noticias\/wp-content\/uploads\/2015\/09\/la-mata-696x385.jpg 696w, https:\/\/candas365.es\/noticias\/wp-content\/uploads\/2015\/09\/la-mata-764x420.jpg 764w, https:\/\/candas365.es\/noticias\/wp-content\/uploads\/2015\/09\/la-mata.jpg 766w\" sizes=\"(max-width: 360px) 100vw, 360px\" \/>Fin de semana con f\u00fatbol en Cand\u00e1s, pues el pr\u00f3ximo domingo, d\u00eda 13 de noviembre,\u00a0a las cuatro y cuarto de las tarde, el Cand\u00e1s CF recibe la visita del Nal\u00f3n CF en La Mata, en un nuevo encuentro del Campeonato de Liga de Regional Preferente.<\/p>\n<p>El Cand\u00e1s CF ocupa actualmente el puesto 17 en la tabla, con 12 puntos y se enfrenta al cuarto clasificado, el Nal\u00f3n, que\u00a0tiene 24 puntos y viene a La Mata tras ganar 1 a 0 en su anterior encuentro frente al Astur.<\/p>\n<p>Los de La Mata intentar\u00e1n reencontrase con la victoria tras perder la jornada pasada 2 a 0 en su vista al campo del Navarro.<\/p>\n<p>En caso de ganar el Cand\u00e1s CF podr\u00eda alejarse de los puestos de descenso siempre y cuando los resultados de resto de equipos le sean favorables.<\/p>\n<p>En la zona baja de la clasificaci\u00f3n el Madalena de Morcin que tiene 9 puntos y ocupa el puesto 18 jugar\u00e1 frente al Andes, que est\u00e1 por encima del Cand\u00e1s, puesto 16, con 12 puntos, sin duda un partido del que muchos aficionados estar\u00e1n pendientes, pues una vez m\u00e1s el Cand\u00e1s se juega tres importantes puntos frente a su afici\u00f3n.<\/p>\n<p>&nbsp;<\/p>\n<p>&nbsp;<\/p>\n<p>&nbsp;<\/p>\n<p>&nbsp;<\/p>\n","protected":false},"excerpt":{"rendered":"<p>Fin de semana con f\u00fatbol en Cand\u00e1s, pues el pr\u00f3ximo domingo, d\u00eda 13 de noviembre,\u00a0a las cuatro y cuarto de las tarde, el Cand\u00e1s CF recibe la visita del Nal\u00f3n CF en La Mata, en un nuevo encuentro del Campeonato de Liga de Regional Preferente. El Cand\u00e1s CF ocupa actualmente el puesto 17 en la<\/p>\n","protected":false},"author":1,"featured_media":15439,"comment_status":"closed","ping_status":"closed","sticky":false,"template":"","format":"standard","meta":{"footnotes":""},"categories":[343],"tags":[],"class_list":{"0":"post-35998","1":"post","2":"type-post","3":"status-publish","4":"format-standard","5":"has-post-thumbnail","7":"category-actualidad"},"aioseo_notices":[],"aioseo_head":"\n\t\t<!-- All in One SEO Pro 4.9.6.2 - aioseo.com -->\n\t<meta name=\"description\" content=\"Fin de semana con f\u00fatbol en Cand\u00e1s, pues el pr\u00f3ximo domingo, d\u00eda 13 de noviembre, a las cuatro y cuarto de las tarde, el Cand\u00e1s CF recibe la visita del Nal\u00f3n CF en La Mata, en un nuevo encuentro del Campeonato de Liga de Regional Preferente. El Cand\u00e1s CF ocupa actualmente el puesto 17 en la\" \/>\n\t<meta name=\"robots\" content=\"max-image-preview:large\" \/>\n\t<meta name=\"author\" content=\"Cand\u00e1s 365\"\/>\n\t<meta name=\"google-site-verification\" content=\"UA-32230408-1\" \/>\n\t<meta name=\"msvalidate.01\" content=\"354F3CDFB2DA171B47FBE9ABF1F88D5\" \/>\n\t<meta name=\"keywords\" content=\"actualidad\" \/>\n\t<link rel=\"canonical\" href=\"https:\/\/candas365.es\/noticias\/el-candas-cf-recibe-al-nalon-en-la-mata\/\" \/>\n\t<meta name=\"generator\" content=\"All in One SEO Pro (AIOSEO) 4.9.6.2\" \/>\n\t\t<meta property=\"og:locale\" content=\"es_ES\" \/>\n\t\t<meta property=\"og:site_name\" content=\"Cand\u00e1s 365\" \/>\n\t\t<meta property=\"og:type\" content=\"article\" \/>\n\t\t<meta property=\"og:title\" content=\"El Cand\u00e1s CF recibe al Nal\u00f3n en La Mata | Cand\u00e1s 365\" \/>\n\t\t<meta property=\"og:description\" content=\"Fin de semana con f\u00fatbol en Cand\u00e1s, pues el pr\u00f3ximo domingo, d\u00eda 13 de noviembre, a las cuatro y cuarto de las tarde, el Cand\u00e1s CF recibe la visita del Nal\u00f3n CF en La Mata, en un nuevo encuentro del Campeonato de Liga de Regional Preferente. El Cand\u00e1s CF ocupa actualmente el puesto 17 en la\" \/>\n\t\t<meta property=\"og:url\" content=\"https:\/\/candas365.es\/noticias\/el-candas-cf-recibe-al-nalon-en-la-mata\/\" \/>\n\t\t<meta property=\"og:image\" content=\"https:\/\/candas365.es\/noticias\/wp-content\/uploads\/2015\/09\/la-mata.jpg\" \/>\n\t\t<meta property=\"og:image:secure_url\" content=\"https:\/\/candas365.es\/noticias\/wp-content\/uploads\/2015\/09\/la-mata.jpg\" \/>\n\t\t<meta property=\"og:image:width\" content=\"766\" \/>\n\t\t<meta property=\"og:image:height\" content=\"421\" \/>\n\t\t<meta property=\"article:published_time\" content=\"2016-10-12T00:23:27+00:00\" \/>\n\t\t<meta property=\"article:modified_time\" content=\"2016-11-14T00:09:06+00:00\" \/>\n\t\t<meta property=\"article:publisher\" content=\"https:\/\/www.facebook.com\/Nachofdezber\" \/>\n\t\t<meta property=\"article:author\" content=\"https:\/\/www.facebook.com\/carrenoactualidad\" \/>\n\t\t<meta name=\"twitter:card\" content=\"summary_large_image\" \/>\n\t\t<meta name=\"twitter:site\" content=\"@NabercoDigital\" \/>\n\t\t<meta name=\"twitter:title\" content=\"El Cand\u00e1s CF recibe al Nal\u00f3n en La Mata | Cand\u00e1s 365\" \/>\n\t\t<meta name=\"twitter:description\" content=\"Fin de semana con f\u00fatbol en Cand\u00e1s, pues el pr\u00f3ximo domingo, d\u00eda 13 de noviembre, a las cuatro y cuarto de las tarde, el Cand\u00e1s CF recibe la visita del Nal\u00f3n CF en La Mata, en un nuevo encuentro del Campeonato de Liga de Regional Preferente. El Cand\u00e1s CF ocupa actualmente el puesto 17 en la\" \/>\n\t\t<meta name=\"twitter:creator\" content=\"@nbasturias\" \/>\n\t\t<meta name=\"twitter:image\" content=\"https:\/\/candas365.es\/noticias\/wp-content\/uploads\/2015\/09\/la-mata.jpg\" \/>\n\t\t<meta name=\"twitter:label1\" content=\"Escrito por\" \/>\n\t\t<meta name=\"twitter:data1\" content=\"Cand\u00e1s 365\" \/>\n\t\t<meta name=\"twitter:label2\" content=\"Tiempo de lectura estimado\" \/>\n\t\t<meta name=\"twitter:data2\" content=\"1 minuto\" \/>\n\t\t<script type=\"application\/ld+json\" class=\"aioseo-schema\">\n\t\t\t{\"@context\":\"https:\\\/\\\/schema.org\",\"@graph\":[{\"@type\":\"BreadcrumbList\",\"@id\":\"https:\\\/\\\/candas365.es\\\/noticias\\\/el-candas-cf-recibe-al-nalon-en-la-mata\\\/#breadcrumblist\",\"itemListElement\":[{\"@type\":\"ListItem\",\"@id\":\"https:\\\/\\\/candas365.es\\\/noticias#listItem\",\"position\":1,\"name\":\"Home\",\"item\":\"https:\\\/\\\/candas365.es\\\/noticias\",\"nextItem\":{\"@type\":\"ListItem\",\"@id\":\"https:\\\/\\\/candas365.es\\\/noticias\\\/category\\\/actualidad\\\/#listItem\",\"name\":\"Actualidad\"}},{\"@type\":\"ListItem\",\"@id\":\"https:\\\/\\\/candas365.es\\\/noticias\\\/category\\\/actualidad\\\/#listItem\",\"position\":2,\"name\":\"Actualidad\",\"item\":\"https:\\\/\\\/candas365.es\\\/noticias\\\/category\\\/actualidad\\\/\",\"nextItem\":{\"@type\":\"ListItem\",\"@id\":\"https:\\\/\\\/candas365.es\\\/noticias\\\/el-candas-cf-recibe-al-nalon-en-la-mata\\\/#listItem\",\"name\":\"El Cand\\u00e1s CF recibe al Nal\\u00f3n en La Mata\"},\"previousItem\":{\"@type\":\"ListItem\",\"@id\":\"https:\\\/\\\/candas365.es\\\/noticias#listItem\",\"name\":\"Home\"}},{\"@type\":\"ListItem\",\"@id\":\"https:\\\/\\\/candas365.es\\\/noticias\\\/el-candas-cf-recibe-al-nalon-en-la-mata\\\/#listItem\",\"position\":3,\"name\":\"El Cand\\u00e1s CF recibe al Nal\\u00f3n en La Mata\",\"previousItem\":{\"@type\":\"ListItem\",\"@id\":\"https:\\\/\\\/candas365.es\\\/noticias\\\/category\\\/actualidad\\\/#listItem\",\"name\":\"Actualidad\"}}]},{\"@type\":\"NewsArticle\",\"@id\":\"https:\\\/\\\/candas365.es\\\/noticias\\\/el-candas-cf-recibe-al-nalon-en-la-mata\\\/#newsarticle\",\"name\":\"El Cand\\u00e1s CF recibe al Nal\\u00f3n en La Mata | Cand\\u00e1s 365\",\"headline\":\"El Cand\\u00e1s CF recibe al Nal\\u00f3n en La Mata\",\"author\":{\"@id\":\"https:\\\/\\\/candas365.es\\\/noticias\\\/author\\\/admin\\\/#author\"},\"publisher\":{\"@id\":\"https:\\\/\\\/candas365.es\\\/noticias\\\/#organization\"},\"image\":{\"@type\":\"ImageObject\",\"url\":\"https:\\\/\\\/candas365.es\\\/noticias\\\/wp-content\\\/uploads\\\/2015\\\/09\\\/la-mata.jpg\",\"width\":766,\"height\":421},\"datePublished\":\"2016-10-12T00:23:27+02:00\",\"dateModified\":\"2016-11-14T00:09:06+01:00\",\"inLanguage\":\"es-ES\",\"mainEntityOfPage\":{\"@id\":\"https:\\\/\\\/candas365.es\\\/noticias\\\/el-candas-cf-recibe-al-nalon-en-la-mata\\\/#webpage\"},\"isPartOf\":{\"@id\":\"https:\\\/\\\/candas365.es\\\/noticias\\\/el-candas-cf-recibe-al-nalon-en-la-mata\\\/#webpage\"},\"articleSection\":\"Actualidad\",\"dateline\":\"Publicado el octubre 12, 2016.\"},{\"@type\":\"Organization\",\"@id\":\"https:\\\/\\\/candas365.es\\\/noticias\\\/#organization\",\"name\":\"Cand\\u00e1s 365\",\"description\":\"Cand\\u00e1s 365 es un diario digital independiente, fundado en 2012, con base en Asturias. Informamos con rigor sobre actualidad, sociedad, cultura y ocio, con una mirada local y global.\",\"url\":\"https:\\\/\\\/candas365.es\\\/noticias\\\/\",\"email\":\"info@candas365.es\",\"telephone\":\"+34652131393\",\"foundingDate\":\"2012-06-10\",\"logo\":{\"@type\":\"ImageObject\",\"url\":\"https:\\\/\\\/candas365.es\\\/noticias\\\/wp-content\\\/uploads\\\/2024\\\/09\\\/Candas-365-Redes.jpg\",\"@id\":\"https:\\\/\\\/candas365.es\\\/noticias\\\/el-candas-cf-recibe-al-nalon-en-la-mata\\\/#organizationLogo\",\"width\":1152,\"height\":864,\"caption\":\"Cand\\u00e1s 365 Redes\"},\"image\":{\"@id\":\"https:\\\/\\\/candas365.es\\\/noticias\\\/el-candas-cf-recibe-al-nalon-en-la-mata\\\/#organizationLogo\"},\"sameAs\":[\"https:\\\/\\\/www.facebook.com\\\/Nachofdezber\",\"https:\\\/\\\/x.com\\\/NabercoDigital\",\"https:\\\/\\\/www.instagram.com\\\/nachofdezber\\\/\",\"https:\\\/\\\/www.youtube.com\\\/channel\\\/UCZP-2wLEB9Rv6erhFmqVnvg\"],\"address\":{\"@id\":\"https:\\\/\\\/candas365.es\\\/noticias\\\/#postaladdress\",\"@type\":\"PostalAddress\",\"streetAddress\":\"san antonio 4, san antonio 4\",\"postalCode\":\"33430\",\"addressLocality\":\"Cand\\u00e1s\",\"addressRegion\":\"Asturias\",\"addressCountry\":\"ES\"}},{\"@type\":\"Person\",\"@id\":\"https:\\\/\\\/candas365.es\\\/noticias\\\/author\\\/admin\\\/#author\",\"url\":\"https:\\\/\\\/candas365.es\\\/noticias\\\/author\\\/admin\\\/\",\"name\":\"Cand\\u00e1s 365\",\"image\":{\"@type\":\"ImageObject\",\"@id\":\"https:\\\/\\\/candas365.es\\\/noticias\\\/el-candas-cf-recibe-al-nalon-en-la-mata\\\/#authorImage\",\"url\":\"https:\\\/\\\/secure.gravatar.com\\\/avatar\\\/496a8e03d0c493ede1718b7934145dbdf8d89be1036b0eec9544e1094c9de390?s=96&d=mm&r=g\",\"width\":96,\"height\":96,\"caption\":\"Cand\\u00e1s 365\"},\"sameAs\":[\"https:\\\/\\\/www.facebook.com\\\/carrenoactualidad\",\"https:\\\/\\\/twitter.com\\\/nbasturias\",\"https:\\\/\\\/www.instagram.com\\\/nachofdezber\\\/\",\"https:\\\/\\\/www.youtube.com\\\/channel\\\/UCZP-2wLEB9Rv6erhFmqVnvg\"]},{\"@type\":\"WebPage\",\"@id\":\"https:\\\/\\\/candas365.es\\\/noticias\\\/el-candas-cf-recibe-al-nalon-en-la-mata\\\/#webpage\",\"url\":\"https:\\\/\\\/candas365.es\\\/noticias\\\/el-candas-cf-recibe-al-nalon-en-la-mata\\\/\",\"name\":\"El Cand\\u00e1s CF recibe al Nal\\u00f3n en La Mata | Cand\\u00e1s 365\",\"description\":\"Fin de semana con f\\u00fatbol en Cand\\u00e1s, pues el pr\\u00f3ximo domingo, d\\u00eda 13 de noviembre, a las cuatro y cuarto de las tarde, el Cand\\u00e1s CF recibe la visita del Nal\\u00f3n CF en La Mata, en un nuevo encuentro del Campeonato de Liga de Regional Preferente. El Cand\\u00e1s CF ocupa actualmente el puesto 17 en la\",\"inLanguage\":\"es-ES\",\"isPartOf\":{\"@id\":\"https:\\\/\\\/candas365.es\\\/noticias\\\/#website\"},\"breadcrumb\":{\"@id\":\"https:\\\/\\\/candas365.es\\\/noticias\\\/el-candas-cf-recibe-al-nalon-en-la-mata\\\/#breadcrumblist\"},\"author\":{\"@id\":\"https:\\\/\\\/candas365.es\\\/noticias\\\/author\\\/admin\\\/#author\"},\"creator\":{\"@id\":\"https:\\\/\\\/candas365.es\\\/noticias\\\/author\\\/admin\\\/#author\"},\"image\":{\"@type\":\"ImageObject\",\"url\":\"https:\\\/\\\/candas365.es\\\/noticias\\\/wp-content\\\/uploads\\\/2015\\\/09\\\/la-mata.jpg\",\"@id\":\"https:\\\/\\\/candas365.es\\\/noticias\\\/el-candas-cf-recibe-al-nalon-en-la-mata\\\/#mainImage\",\"width\":766,\"height\":421},\"primaryImageOfPage\":{\"@id\":\"https:\\\/\\\/candas365.es\\\/noticias\\\/el-candas-cf-recibe-al-nalon-en-la-mata\\\/#mainImage\"},\"datePublished\":\"2016-10-12T00:23:27+02:00\",\"dateModified\":\"2016-11-14T00:09:06+01:00\"},{\"@type\":\"WebSite\",\"@id\":\"https:\\\/\\\/candas365.es\\\/noticias\\\/#website\",\"url\":\"https:\\\/\\\/candas365.es\\\/noticias\\\/\",\"name\":\"Cand\\u00e1s 365\",\"alternateName\":\"Cand\\u00e1s 365 Noticias\",\"description\":\"Actualidad desde Carre\\u00f1o para el mundo\",\"inLanguage\":\"es-ES\",\"publisher\":{\"@id\":\"https:\\\/\\\/candas365.es\\\/noticias\\\/#organization\"}}]}\n\t\t<\/script>\n\t\t<!-- All in One SEO Pro -->\r\n\t\t<title>El Cand\u00e1s CF recibe al Nal\u00f3n en La Mata | Cand\u00e1s 365<\/title>\n\n","aioseo_head_json":{"title":"El Cand\u00e1s CF recibe al Nal\u00f3n en La Mata | Cand\u00e1s 365","description":"Fin de semana con f\u00fatbol en Cand\u00e1s, pues el pr\u00f3ximo domingo, d\u00eda 13 de noviembre, a las cuatro y cuarto de las tarde, el Cand\u00e1s CF recibe la visita del Nal\u00f3n CF en La Mata, en un nuevo encuentro del Campeonato de Liga de Regional Preferente. El Cand\u00e1s CF ocupa actualmente el puesto 17 en la","canonical_url":"https:\/\/candas365.es\/noticias\/el-candas-cf-recibe-al-nalon-en-la-mata\/","robots":"max-image-preview:large","keywords":"actualidad","webmasterTools":{"google-site-verification":"UA-32230408-1","msvalidate.01":"354F3CDFB2DA171B47FBE9ABF1F88D5","miscellaneous":""},"schema":{"@context":"https:\/\/schema.org","@graph":[{"@type":"BreadcrumbList","@id":"https:\/\/candas365.es\/noticias\/el-candas-cf-recibe-al-nalon-en-la-mata\/#breadcrumblist","itemListElement":[{"@type":"ListItem","@id":"https:\/\/candas365.es\/noticias#listItem","position":1,"name":"Home","item":"https:\/\/candas365.es\/noticias","nextItem":{"@type":"ListItem","@id":"https:\/\/candas365.es\/noticias\/category\/actualidad\/#listItem","name":"Actualidad"}},{"@type":"ListItem","@id":"https:\/\/candas365.es\/noticias\/category\/actualidad\/#listItem","position":2,"name":"Actualidad","item":"https:\/\/candas365.es\/noticias\/category\/actualidad\/","nextItem":{"@type":"ListItem","@id":"https:\/\/candas365.es\/noticias\/el-candas-cf-recibe-al-nalon-en-la-mata\/#listItem","name":"El Cand\u00e1s CF recibe al Nal\u00f3n en La Mata"},"previousItem":{"@type":"ListItem","@id":"https:\/\/candas365.es\/noticias#listItem","name":"Home"}},{"@type":"ListItem","@id":"https:\/\/candas365.es\/noticias\/el-candas-cf-recibe-al-nalon-en-la-mata\/#listItem","position":3,"name":"El Cand\u00e1s CF recibe al Nal\u00f3n en La Mata","previousItem":{"@type":"ListItem","@id":"https:\/\/candas365.es\/noticias\/category\/actualidad\/#listItem","name":"Actualidad"}}]},{"@type":"NewsArticle","@id":"https:\/\/candas365.es\/noticias\/el-candas-cf-recibe-al-nalon-en-la-mata\/#newsarticle","name":"El Cand\u00e1s CF recibe al Nal\u00f3n en La Mata | Cand\u00e1s 365","headline":"El Cand\u00e1s CF recibe al Nal\u00f3n en La Mata","author":{"@id":"https:\/\/candas365.es\/noticias\/author\/admin\/#author"},"publisher":{"@id":"https:\/\/candas365.es\/noticias\/#organization"},"image":{"@type":"ImageObject","url":"https:\/\/candas365.es\/noticias\/wp-content\/uploads\/2015\/09\/la-mata.jpg","width":766,"height":421},"datePublished":"2016-10-12T00:23:27+02:00","dateModified":"2016-11-14T00:09:06+01:00","inLanguage":"es-ES","mainEntityOfPage":{"@id":"https:\/\/candas365.es\/noticias\/el-candas-cf-recibe-al-nalon-en-la-mata\/#webpage"},"isPartOf":{"@id":"https:\/\/candas365.es\/noticias\/el-candas-cf-recibe-al-nalon-en-la-mata\/#webpage"},"articleSection":"Actualidad","dateline":"Publicado el octubre 12, 2016."},{"@type":"Organization","@id":"https:\/\/candas365.es\/noticias\/#organization","name":"Cand\u00e1s 365","description":"Cand\u00e1s 365 es un diario digital independiente, fundado en 2012, con base en Asturias. Informamos con rigor sobre actualidad, sociedad, cultura y ocio, con una mirada local y global.","url":"https:\/\/candas365.es\/noticias\/","email":"info@candas365.es","telephone":"+34652131393","foundingDate":"2012-06-10","logo":{"@type":"ImageObject","url":"https:\/\/candas365.es\/noticias\/wp-content\/uploads\/2024\/09\/Candas-365-Redes.jpg","@id":"https:\/\/candas365.es\/noticias\/el-candas-cf-recibe-al-nalon-en-la-mata\/#organizationLogo","width":1152,"height":864,"caption":"Cand\u00e1s 365 Redes"},"image":{"@id":"https:\/\/candas365.es\/noticias\/el-candas-cf-recibe-al-nalon-en-la-mata\/#organizationLogo"},"sameAs":["https:\/\/www.facebook.com\/Nachofdezber","https:\/\/x.com\/NabercoDigital","https:\/\/www.instagram.com\/nachofdezber\/","https:\/\/www.youtube.com\/channel\/UCZP-2wLEB9Rv6erhFmqVnvg"],"address":{"@id":"https:\/\/candas365.es\/noticias\/#postaladdress","@type":"PostalAddress","streetAddress":"san antonio 4, san antonio 4","postalCode":"33430","addressLocality":"Cand\u00e1s","addressRegion":"Asturias","addressCountry":"ES"}},{"@type":"Person","@id":"https:\/\/candas365.es\/noticias\/author\/admin\/#author","url":"https:\/\/candas365.es\/noticias\/author\/admin\/","name":"Cand\u00e1s 365","image":{"@type":"ImageObject","@id":"https:\/\/candas365.es\/noticias\/el-candas-cf-recibe-al-nalon-en-la-mata\/#authorImage","url":"https:\/\/secure.gravatar.com\/avatar\/496a8e03d0c493ede1718b7934145dbdf8d89be1036b0eec9544e1094c9de390?s=96&d=mm&r=g","width":96,"height":96,"caption":"Cand\u00e1s 365"},"sameAs":["https:\/\/www.facebook.com\/carrenoactualidad","https:\/\/twitter.com\/nbasturias","https:\/\/www.instagram.com\/nachofdezber\/","https:\/\/www.youtube.com\/channel\/UCZP-2wLEB9Rv6erhFmqVnvg"]},{"@type":"WebPage","@id":"https:\/\/candas365.es\/noticias\/el-candas-cf-recibe-al-nalon-en-la-mata\/#webpage","url":"https:\/\/candas365.es\/noticias\/el-candas-cf-recibe-al-nalon-en-la-mata\/","name":"El Cand\u00e1s CF recibe al Nal\u00f3n en La Mata | Cand\u00e1s 365","description":"Fin de semana con f\u00fatbol en Cand\u00e1s, pues el pr\u00f3ximo domingo, d\u00eda 13 de noviembre, a las cuatro y cuarto de las tarde, el Cand\u00e1s CF recibe la visita del Nal\u00f3n CF en La Mata, en un nuevo encuentro del Campeonato de Liga de Regional Preferente. El Cand\u00e1s CF ocupa actualmente el puesto 17 en la","inLanguage":"es-ES","isPartOf":{"@id":"https:\/\/candas365.es\/noticias\/#website"},"breadcrumb":{"@id":"https:\/\/candas365.es\/noticias\/el-candas-cf-recibe-al-nalon-en-la-mata\/#breadcrumblist"},"author":{"@id":"https:\/\/candas365.es\/noticias\/author\/admin\/#author"},"creator":{"@id":"https:\/\/candas365.es\/noticias\/author\/admin\/#author"},"image":{"@type":"ImageObject","url":"https:\/\/candas365.es\/noticias\/wp-content\/uploads\/2015\/09\/la-mata.jpg","@id":"https:\/\/candas365.es\/noticias\/el-candas-cf-recibe-al-nalon-en-la-mata\/#mainImage","width":766,"height":421},"primaryImageOfPage":{"@id":"https:\/\/candas365.es\/noticias\/el-candas-cf-recibe-al-nalon-en-la-mata\/#mainImage"},"datePublished":"2016-10-12T00:23:27+02:00","dateModified":"2016-11-14T00:09:06+01:00"},{"@type":"WebSite","@id":"https:\/\/candas365.es\/noticias\/#website","url":"https:\/\/candas365.es\/noticias\/","name":"Cand\u00e1s 365","alternateName":"Cand\u00e1s 365 Noticias","description":"Actualidad desde Carre\u00f1o para el mundo","inLanguage":"es-ES","publisher":{"@id":"https:\/\/candas365.es\/noticias\/#organization"}}]},"og:locale":"es_ES","og:site_name":"Cand\u00e1s 365","og:type":"article","og:title":"El Cand\u00e1s CF recibe al Nal\u00f3n en La Mata | Cand\u00e1s 365","og:description":"Fin de semana con f\u00fatbol en Cand\u00e1s, pues el pr\u00f3ximo domingo, d\u00eda 13 de noviembre, a las cuatro y cuarto de las tarde, el Cand\u00e1s CF recibe la visita del Nal\u00f3n CF en La Mata, en un nuevo encuentro del Campeonato de Liga de Regional Preferente. El Cand\u00e1s CF ocupa actualmente el puesto 17 en la","og:url":"https:\/\/candas365.es\/noticias\/el-candas-cf-recibe-al-nalon-en-la-mata\/","og:image":"https:\/\/candas365.es\/noticias\/wp-content\/uploads\/2015\/09\/la-mata.jpg","og:image:secure_url":"https:\/\/candas365.es\/noticias\/wp-content\/uploads\/2015\/09\/la-mata.jpg","og:image:width":766,"og:image:height":421,"article:published_time":"2016-10-12T00:23:27+00:00","article:modified_time":"2016-11-14T00:09:06+00:00","article:publisher":"https:\/\/www.facebook.com\/Nachofdezber","article:author":"https:\/\/www.facebook.com\/carrenoactualidad","twitter:card":"summary_large_image","twitter:site":"@NabercoDigital","twitter:title":"El Cand\u00e1s CF recibe al Nal\u00f3n en La Mata | Cand\u00e1s 365","twitter:description":"Fin de semana con f\u00fatbol en Cand\u00e1s, pues el pr\u00f3ximo domingo, d\u00eda 13 de noviembre, a las cuatro y cuarto de las tarde, el Cand\u00e1s CF recibe la visita del Nal\u00f3n CF en La Mata, en un nuevo encuentro del Campeonato de Liga de Regional Preferente. El Cand\u00e1s CF ocupa actualmente el puesto 17 en la","twitter:creator":"@nbasturias","twitter:image":"https:\/\/candas365.es\/noticias\/wp-content\/uploads\/2015\/09\/la-mata.jpg","twitter:label1":"Escrito por","twitter:data1":"Cand\u00e1s 365","twitter:label2":"Tiempo de lectura estimado","twitter:data2":"1 minuto"},"aioseo_meta_data":{"post_id":"35998","title":null,"description":null,"keywords":null,"keyphrases":null,"primary_term":null,"canonical_url":null,"og_title":null,"og_description":null,"og_object_type":"default","og_image_type":"default","og_image_url":null,"og_image_width":null,"og_image_height":null,"og_image_custom_url":null,"og_image_custom_fields":null,"og_video":null,"og_custom_url":null,"og_article_section":null,"og_article_tags":null,"twitter_use_og":false,"twitter_card":"default","twitter_image_type":"default","twitter_image_url":null,"twitter_image_custom_url":null,"twitter_image_custom_fields":null,"twitter_title":null,"twitter_description":null,"schema":{"blockGraphs":[],"customGraphs":[],"default":{"data":{"Article":[],"Course":[],"Dataset":[],"FAQPage":[],"Movie":[],"Person":[],"Product":[],"ProductReview":[],"Car":[],"Recipe":[],"Service":[],"SoftwareApplication":[],"WebPage":[]},"graphName":"","isEnabled":true},"graphs":[]},"schema_type":null,"schema_type_options":null,"pillar_content":false,"robots_default":true,"robots_noindex":false,"robots_noarchive":false,"robots_nosnippet":false,"robots_nofollow":false,"robots_noimageindex":false,"robots_noodp":false,"robots_notranslate":false,"robots_max_snippet":null,"robots_max_videopreview":null,"robots_max_imagepreview":"large","priority":null,"frequency":null,"location":null,"local_seo":null,"seo_analyzer_scan_date":"2025-08-24 16:52:09","breadcrumb_settings":null,"limit_modified_date":false,"reviewed_by":null,"open_ai":null,"ai":null,"created":"2020-12-21 13:06:34","updated":"2025-08-24 16:52:09"},"aioseo_breadcrumb":"<div class=\"aioseo-breadcrumbs\"><span class=\"aioseo-breadcrumb\">\n\t<a href=\"https:\/\/candas365.es\/noticias\" title=\"Home\">Home<\/a>\n<\/span><span class=\"aioseo-breadcrumb-separator\">&ndash;<\/span><span class=\"aioseo-breadcrumb\">\n\t<a href=\"https:\/\/candas365.es\/noticias\/category\/actualidad\/\" title=\"Actualidad\">Actualidad<\/a>\n<\/span><span class=\"aioseo-breadcrumb-separator\">&ndash;<\/span><span class=\"aioseo-breadcrumb\">\n\tEl Cand\u00e1s CF recibe al Nal\u00f3n en La Mata\n<\/span><\/div>","aioseo_breadcrumb_json":[{"label":"Home","link":"https:\/\/candas365.es\/noticias"},{"label":"Actualidad","link":"https:\/\/candas365.es\/noticias\/category\/actualidad\/"},{"label":"El Cand\u00e1s CF recibe al Nal\u00f3n en La Mata","link":"https:\/\/candas365.es\/noticias\/el-candas-cf-recibe-al-nalon-en-la-mata\/"}],"_links":{"self":[{"href":"https:\/\/candas365.es\/noticias\/wp-json\/wp\/v2\/posts\/35998","targetHints":{"allow":["GET"]}}],"collection":[{"href":"https:\/\/candas365.es\/noticias\/wp-json\/wp\/v2\/posts"}],"about":[{"href":"https:\/\/candas365.es\/noticias\/wp-json\/wp\/v2\/types\/post"}],"author":[{"embeddable":true,"href":"https:\/\/candas365.es\/noticias\/wp-json\/wp\/v2\/users\/1"}],"replies":[{"embeddable":true,"href":"https:\/\/candas365.es\/noticias\/wp-json\/wp\/v2\/comments?post=35998"}],"version-history":[{"count":0,"href":"https:\/\/candas365.es\/noticias\/wp-json\/wp\/v2\/posts\/35998\/revisions"}],"wp:featuredmedia":[{"embeddable":true,"href":"https:\/\/candas365.es\/noticias\/wp-json\/wp\/v2\/media\/15439"}],"wp:attachment":[{"href":"https:\/\/candas365.es\/noticias\/wp-json\/wp\/v2\/media?parent=35998"}],"wp:term":[{"taxonomy":"category","embeddable":true,"href":"https:\/\/candas365.es\/noticias\/wp-json\/wp\/v2\/categories?post=35998"},{"taxonomy":"post_tag","embeddable":true,"href":"https:\/\/candas365.es\/noticias\/wp-json\/wp\/v2\/tags?post=35998"}],"curies":[{"name":"wp","href":"https:\/\/api.w.org\/{rel}","templated":true}]}}