{"id":35535,"date":"2016-11-05T20:18:08","date_gmt":"2016-11-05T20:18:08","guid":{"rendered":"http:\/\/candas365.es\/noticias\/?p=35535"},"modified":"2016-11-05T20:18:08","modified_gmt":"2016-11-05T20:18:08","slug":"grindel-ratificado-como-presidente-de-federacion-alemana-de-futbol","status":"publish","type":"post","link":"https:\/\/candas365.es\/noticias\/grindel-ratificado-como-presidente-de-federacion-alemana-de-futbol\/","title":{"rendered":"Grindel, ratificado como presidente de Federaci\u00f3n Alemana de F\u00fatbol"},"content":{"rendered":"<p>Erfurt (Alemania), 5 nov (dpa) &#8211; La asamblea de la Federaci\u00f3n Alemana de F\u00fatbol (DFB) ratific\u00f3 por unanimidad a Reinhard Grindel en su cargo al frente del ente del f\u00fatbol germano hasta 2019.<\/p>\n<p>Grindel ostenta el cargo ya desde el pasado abril en sustituci\u00f3n de Wolfgang Niersbach, que dimiti\u00f3 en noviembre por el esc\u00e1ndalo de presunta corrupci\u00f3n en torno al Mundial de Alemania 2006.<\/p>\n<p>Grindel, de 54 a\u00f1os y ex tesorero de la federaci\u00f3n, anunci\u00f3 su intenci\u00f3n de continuar con la modernizaci\u00f3n de la DFB. \u00abSupone un gran viento a favor para las pr\u00f3ximas tareas\u00bb, afirm\u00f3.<\/p>\n<p>Poco antes, los 258 delegados de la DFB aprobaron la creaci\u00f3n de una comisi\u00f3n \u00e9tica, como reacci\u00f3n al esc\u00e1ndalo del Mundial de 2006, que ser\u00e1 presidida por el antiguo ministro de Exteriores Klaus Kinkel.<\/p>\n<p>Tras la dimisi\u00f3n de Niersbach el 9 de noviembre de 2015, Rainer Koch y Reinhard Rauball, vicepresidentes de la federaci\u00f3n, hab\u00edan asumido la presidencia de la DFB de forma interina hasta la designaci\u00f3n de Grindel.<\/p>\n<p>La DFB es la mayor federaci\u00f3n nacional de f\u00fatbol del mundo, con 6.889.115 afiliados y 23.324 clubes que dan cuenta de la gran popularidad del deporte rey en el pa\u00eds de los actuales campeones mundiales.<\/p>\n<p>&nbsp;<\/p>\n","protected":false},"excerpt":{"rendered":"<p>Erfurt (Alemania), 5 nov (dpa) &#8211; La asamblea de la Federaci\u00f3n Alemana de F\u00fatbol (DFB) ratific\u00f3 por unanimidad a Reinhard Grindel en su cargo al frente del ente del f\u00fatbol germano hasta 2019. Grindel ostenta el cargo ya desde el pasado abril en sustituci\u00f3n de Wolfgang Niersbach, que dimiti\u00f3 en noviembre por el esc\u00e1ndalo de<\/p>\n","protected":false},"author":1,"featured_media":16457,"comment_status":"closed","ping_status":"closed","sticky":false,"template":"","format":"standard","meta":{"footnotes":""},"categories":[343],"tags":[],"class_list":{"0":"post-35535","1":"post","2":"type-post","3":"status-publish","4":"format-standard","5":"has-post-thumbnail","7":"category-actualidad"},"aioseo_notices":[],"aioseo_head":"\n\t\t<!-- All in One SEO Pro 4.9.6.2 - aioseo.com -->\n\t<meta name=\"description\" content=\"Erfurt (Alemania), 5 nov (dpa) - La asamblea de la Federaci\u00f3n Alemana de F\u00fatbol (DFB) ratific\u00f3 por unanimidad a Reinhard Grindel en su cargo al frente del ente del f\u00fatbol germano hasta 2019. Grindel ostenta el cargo ya desde el pasado abril en sustituci\u00f3n de Wolfgang Niersbach, que dimiti\u00f3 en noviembre por el esc\u00e1ndalo de\" \/>\n\t<meta name=\"robots\" content=\"max-image-preview:large\" \/>\n\t<meta name=\"author\" content=\"Cand\u00e1s 365\"\/>\n\t<meta name=\"google-site-verification\" content=\"UA-32230408-1\" \/>\n\t<meta name=\"msvalidate.01\" content=\"354F3CDFB2DA171B47FBE9ABF1F88D5\" \/>\n\t<meta name=\"keywords\" content=\"actualidad\" \/>\n\t<link rel=\"canonical\" href=\"https:\/\/candas365.es\/noticias\/grindel-ratificado-como-presidente-de-federacion-alemana-de-futbol\/\" \/>\n\t<meta name=\"generator\" content=\"All in One SEO Pro (AIOSEO) 4.9.6.2\" \/>\n\t\t<meta property=\"og:locale\" content=\"es_ES\" \/>\n\t\t<meta property=\"og:site_name\" content=\"Cand\u00e1s 365\" \/>\n\t\t<meta property=\"og:type\" content=\"article\" \/>\n\t\t<meta property=\"og:title\" content=\"Grindel, ratificado como presidente de Federaci\u00f3n Alemana de F\u00fatbol | Cand\u00e1s 365\" \/>\n\t\t<meta property=\"og:description\" content=\"Erfurt (Alemania), 5 nov (dpa) - La asamblea de la Federaci\u00f3n Alemana de F\u00fatbol (DFB) ratific\u00f3 por unanimidad a Reinhard Grindel en su cargo al frente del ente del f\u00fatbol germano hasta 2019. Grindel ostenta el cargo ya desde el pasado abril en sustituci\u00f3n de Wolfgang Niersbach, que dimiti\u00f3 en noviembre por el esc\u00e1ndalo de\" \/>\n\t\t<meta property=\"og:url\" content=\"https:\/\/candas365.es\/noticias\/grindel-ratificado-como-presidente-de-federacion-alemana-de-futbol\/\" \/>\n\t\t<meta property=\"og:image\" content=\"https:\/\/candas365.es\/noticias\/wp-content\/uploads\/2015\/09\/c365noticias.jpg\" \/>\n\t\t<meta property=\"og:image:secure_url\" content=\"https:\/\/candas365.es\/noticias\/wp-content\/uploads\/2015\/09\/c365noticias.jpg\" \/>\n\t\t<meta property=\"og:image:width\" content=\"655\" \/>\n\t\t<meta property=\"og:image:height\" content=\"360\" \/>\n\t\t<meta property=\"article:published_time\" content=\"2016-11-05T20:18:08+00:00\" \/>\n\t\t<meta property=\"article:modified_time\" content=\"2016-11-05T20:18:08+00:00\" \/>\n\t\t<meta property=\"article:publisher\" content=\"https:\/\/www.facebook.com\/Nachofdezber\" \/>\n\t\t<meta property=\"article:author\" content=\"https:\/\/www.facebook.com\/carrenoactualidad\" \/>\n\t\t<meta name=\"twitter:card\" content=\"summary_large_image\" \/>\n\t\t<meta name=\"twitter:site\" content=\"@NabercoDigital\" \/>\n\t\t<meta name=\"twitter:title\" content=\"Grindel, ratificado como presidente de Federaci\u00f3n Alemana de F\u00fatbol | Cand\u00e1s 365\" \/>\n\t\t<meta name=\"twitter:description\" content=\"Erfurt (Alemania), 5 nov (dpa) - La asamblea de la Federaci\u00f3n Alemana de F\u00fatbol (DFB) ratific\u00f3 por unanimidad a Reinhard Grindel en su cargo al frente del ente del f\u00fatbol germano hasta 2019. Grindel ostenta el cargo ya desde el pasado abril en sustituci\u00f3n de Wolfgang Niersbach, que dimiti\u00f3 en noviembre por el esc\u00e1ndalo de\" \/>\n\t\t<meta name=\"twitter:creator\" content=\"@nbasturias\" \/>\n\t\t<meta name=\"twitter:image\" content=\"https:\/\/candas365.es\/noticias\/wp-content\/uploads\/2015\/09\/c365noticias.jpg\" \/>\n\t\t<meta name=\"twitter:label1\" content=\"Escrito por\" \/>\n\t\t<meta name=\"twitter:data1\" content=\"Cand\u00e1s 365\" \/>\n\t\t<meta name=\"twitter:label2\" content=\"Tiempo de lectura estimado\" \/>\n\t\t<meta name=\"twitter:data2\" content=\"1 minuto\" \/>\n\t\t<script type=\"application\/ld+json\" class=\"aioseo-schema\">\n\t\t\t{\"@context\":\"https:\\\/\\\/schema.org\",\"@graph\":[{\"@type\":\"BreadcrumbList\",\"@id\":\"https:\\\/\\\/candas365.es\\\/noticias\\\/grindel-ratificado-como-presidente-de-federacion-alemana-de-futbol\\\/#breadcrumblist\",\"itemListElement\":[{\"@type\":\"ListItem\",\"@id\":\"https:\\\/\\\/candas365.es\\\/noticias#listItem\",\"position\":1,\"name\":\"Home\",\"item\":\"https:\\\/\\\/candas365.es\\\/noticias\",\"nextItem\":{\"@type\":\"ListItem\",\"@id\":\"https:\\\/\\\/candas365.es\\\/noticias\\\/category\\\/actualidad\\\/#listItem\",\"name\":\"Actualidad\"}},{\"@type\":\"ListItem\",\"@id\":\"https:\\\/\\\/candas365.es\\\/noticias\\\/category\\\/actualidad\\\/#listItem\",\"position\":2,\"name\":\"Actualidad\",\"item\":\"https:\\\/\\\/candas365.es\\\/noticias\\\/category\\\/actualidad\\\/\",\"nextItem\":{\"@type\":\"ListItem\",\"@id\":\"https:\\\/\\\/candas365.es\\\/noticias\\\/grindel-ratificado-como-presidente-de-federacion-alemana-de-futbol\\\/#listItem\",\"name\":\"Grindel, ratificado como presidente de Federaci\\u00f3n Alemana de F\\u00fatbol\"},\"previousItem\":{\"@type\":\"ListItem\",\"@id\":\"https:\\\/\\\/candas365.es\\\/noticias#listItem\",\"name\":\"Home\"}},{\"@type\":\"ListItem\",\"@id\":\"https:\\\/\\\/candas365.es\\\/noticias\\\/grindel-ratificado-como-presidente-de-federacion-alemana-de-futbol\\\/#listItem\",\"position\":3,\"name\":\"Grindel, ratificado como presidente de Federaci\\u00f3n Alemana de F\\u00fatbol\",\"previousItem\":{\"@type\":\"ListItem\",\"@id\":\"https:\\\/\\\/candas365.es\\\/noticias\\\/category\\\/actualidad\\\/#listItem\",\"name\":\"Actualidad\"}}]},{\"@type\":\"NewsArticle\",\"@id\":\"https:\\\/\\\/candas365.es\\\/noticias\\\/grindel-ratificado-como-presidente-de-federacion-alemana-de-futbol\\\/#newsarticle\",\"name\":\"Grindel, ratificado como presidente de Federaci\\u00f3n Alemana de F\\u00fatbol | Cand\\u00e1s 365\",\"headline\":\"Grindel, ratificado como presidente de Federaci\\u00f3n Alemana de F\\u00fatbol\",\"author\":{\"@id\":\"https:\\\/\\\/candas365.es\\\/noticias\\\/author\\\/admin\\\/#author\"},\"publisher\":{\"@id\":\"https:\\\/\\\/candas365.es\\\/noticias\\\/#organization\"},\"image\":{\"@type\":\"ImageObject\",\"url\":\"https:\\\/\\\/candas365.es\\\/noticias\\\/wp-content\\\/uploads\\\/2015\\\/09\\\/c365noticias.jpg\",\"width\":655,\"height\":360},\"datePublished\":\"2016-11-05T20:18:08+01:00\",\"dateModified\":\"2016-11-05T20:18:08+01:00\",\"inLanguage\":\"es-ES\",\"mainEntityOfPage\":{\"@id\":\"https:\\\/\\\/candas365.es\\\/noticias\\\/grindel-ratificado-como-presidente-de-federacion-alemana-de-futbol\\\/#webpage\"},\"isPartOf\":{\"@id\":\"https:\\\/\\\/candas365.es\\\/noticias\\\/grindel-ratificado-como-presidente-de-federacion-alemana-de-futbol\\\/#webpage\"},\"articleSection\":\"Actualidad\",\"dateline\":\"Publicado el noviembre 5, 2016.\"},{\"@type\":\"Organization\",\"@id\":\"https:\\\/\\\/candas365.es\\\/noticias\\\/#organization\",\"name\":\"Cand\\u00e1s 365\",\"description\":\"Cand\\u00e1s 365 es un diario digital independiente, fundado en 2012, con base en Asturias. Informamos con rigor sobre actualidad, sociedad, cultura y ocio, con una mirada local y global.\",\"url\":\"https:\\\/\\\/candas365.es\\\/noticias\\\/\",\"email\":\"info@candas365.es\",\"telephone\":\"+34652131393\",\"foundingDate\":\"2012-06-10\",\"logo\":{\"@type\":\"ImageObject\",\"url\":\"https:\\\/\\\/candas365.es\\\/noticias\\\/wp-content\\\/uploads\\\/2024\\\/09\\\/Candas-365-Redes.jpg\",\"@id\":\"https:\\\/\\\/candas365.es\\\/noticias\\\/grindel-ratificado-como-presidente-de-federacion-alemana-de-futbol\\\/#organizationLogo\",\"width\":1152,\"height\":864,\"caption\":\"Cand\\u00e1s 365 Redes\"},\"image\":{\"@id\":\"https:\\\/\\\/candas365.es\\\/noticias\\\/grindel-ratificado-como-presidente-de-federacion-alemana-de-futbol\\\/#organizationLogo\"},\"sameAs\":[\"https:\\\/\\\/www.facebook.com\\\/Nachofdezber\",\"https:\\\/\\\/x.com\\\/NabercoDigital\",\"https:\\\/\\\/www.instagram.com\\\/nachofdezber\\\/\",\"https:\\\/\\\/www.youtube.com\\\/channel\\\/UCZP-2wLEB9Rv6erhFmqVnvg\"],\"address\":{\"@id\":\"https:\\\/\\\/candas365.es\\\/noticias\\\/#postaladdress\",\"@type\":\"PostalAddress\",\"streetAddress\":\"san antonio 4, san antonio 4\",\"postalCode\":\"33430\",\"addressLocality\":\"Cand\\u00e1s\",\"addressRegion\":\"Asturias\",\"addressCountry\":\"ES\"}},{\"@type\":\"Person\",\"@id\":\"https:\\\/\\\/candas365.es\\\/noticias\\\/author\\\/admin\\\/#author\",\"url\":\"https:\\\/\\\/candas365.es\\\/noticias\\\/author\\\/admin\\\/\",\"name\":\"Cand\\u00e1s 365\",\"image\":{\"@type\":\"ImageObject\",\"@id\":\"https:\\\/\\\/candas365.es\\\/noticias\\\/grindel-ratificado-como-presidente-de-federacion-alemana-de-futbol\\\/#authorImage\",\"url\":\"https:\\\/\\\/secure.gravatar.com\\\/avatar\\\/496a8e03d0c493ede1718b7934145dbdf8d89be1036b0eec9544e1094c9de390?s=96&d=mm&r=g\",\"width\":96,\"height\":96,\"caption\":\"Cand\\u00e1s 365\"},\"sameAs\":[\"https:\\\/\\\/www.facebook.com\\\/carrenoactualidad\",\"https:\\\/\\\/twitter.com\\\/nbasturias\",\"https:\\\/\\\/www.instagram.com\\\/nachofdezber\\\/\",\"https:\\\/\\\/www.youtube.com\\\/channel\\\/UCZP-2wLEB9Rv6erhFmqVnvg\"]},{\"@type\":\"WebPage\",\"@id\":\"https:\\\/\\\/candas365.es\\\/noticias\\\/grindel-ratificado-como-presidente-de-federacion-alemana-de-futbol\\\/#webpage\",\"url\":\"https:\\\/\\\/candas365.es\\\/noticias\\\/grindel-ratificado-como-presidente-de-federacion-alemana-de-futbol\\\/\",\"name\":\"Grindel, ratificado como presidente de Federaci\\u00f3n Alemana de F\\u00fatbol | Cand\\u00e1s 365\",\"description\":\"Erfurt (Alemania), 5 nov (dpa) - La asamblea de la Federaci\\u00f3n Alemana de F\\u00fatbol (DFB) ratific\\u00f3 por unanimidad a Reinhard Grindel en su cargo al frente del ente del f\\u00fatbol germano hasta 2019. Grindel ostenta el cargo ya desde el pasado abril en sustituci\\u00f3n de Wolfgang Niersbach, que dimiti\\u00f3 en noviembre por el esc\\u00e1ndalo de\",\"inLanguage\":\"es-ES\",\"isPartOf\":{\"@id\":\"https:\\\/\\\/candas365.es\\\/noticias\\\/#website\"},\"breadcrumb\":{\"@id\":\"https:\\\/\\\/candas365.es\\\/noticias\\\/grindel-ratificado-como-presidente-de-federacion-alemana-de-futbol\\\/#breadcrumblist\"},\"author\":{\"@id\":\"https:\\\/\\\/candas365.es\\\/noticias\\\/author\\\/admin\\\/#author\"},\"creator\":{\"@id\":\"https:\\\/\\\/candas365.es\\\/noticias\\\/author\\\/admin\\\/#author\"},\"image\":{\"@type\":\"ImageObject\",\"url\":\"https:\\\/\\\/candas365.es\\\/noticias\\\/wp-content\\\/uploads\\\/2015\\\/09\\\/c365noticias.jpg\",\"@id\":\"https:\\\/\\\/candas365.es\\\/noticias\\\/grindel-ratificado-como-presidente-de-federacion-alemana-de-futbol\\\/#mainImage\",\"width\":655,\"height\":360},\"primaryImageOfPage\":{\"@id\":\"https:\\\/\\\/candas365.es\\\/noticias\\\/grindel-ratificado-como-presidente-de-federacion-alemana-de-futbol\\\/#mainImage\"},\"datePublished\":\"2016-11-05T20:18:08+01:00\",\"dateModified\":\"2016-11-05T20:18:08+01:00\"},{\"@type\":\"WebSite\",\"@id\":\"https:\\\/\\\/candas365.es\\\/noticias\\\/#website\",\"url\":\"https:\\\/\\\/candas365.es\\\/noticias\\\/\",\"name\":\"Cand\\u00e1s 365\",\"alternateName\":\"Cand\\u00e1s 365 Noticias\",\"description\":\"Actualidad desde Carre\\u00f1o para el mundo\",\"inLanguage\":\"es-ES\",\"publisher\":{\"@id\":\"https:\\\/\\\/candas365.es\\\/noticias\\\/#organization\"}}]}\n\t\t<\/script>\n\t\t<!-- All in One SEO Pro -->\r\n\t\t<title>Grindel, ratificado como presidente de Federaci\u00f3n Alemana de F\u00fatbol | Cand\u00e1s 365<\/title>\n\n","aioseo_head_json":{"title":"Grindel, ratificado como presidente de Federaci\u00f3n Alemana de F\u00fatbol | Cand\u00e1s 365","description":"Erfurt (Alemania), 5 nov (dpa) - La asamblea de la Federaci\u00f3n Alemana de F\u00fatbol (DFB) ratific\u00f3 por unanimidad a Reinhard Grindel en su cargo al frente del ente del f\u00fatbol germano hasta 2019. Grindel ostenta el cargo ya desde el pasado abril en sustituci\u00f3n de Wolfgang Niersbach, que dimiti\u00f3 en noviembre por el esc\u00e1ndalo de","canonical_url":"https:\/\/candas365.es\/noticias\/grindel-ratificado-como-presidente-de-federacion-alemana-de-futbol\/","robots":"max-image-preview:large","keywords":"actualidad","webmasterTools":{"google-site-verification":"UA-32230408-1","msvalidate.01":"354F3CDFB2DA171B47FBE9ABF1F88D5","miscellaneous":""},"schema":{"@context":"https:\/\/schema.org","@graph":[{"@type":"BreadcrumbList","@id":"https:\/\/candas365.es\/noticias\/grindel-ratificado-como-presidente-de-federacion-alemana-de-futbol\/#breadcrumblist","itemListElement":[{"@type":"ListItem","@id":"https:\/\/candas365.es\/noticias#listItem","position":1,"name":"Home","item":"https:\/\/candas365.es\/noticias","nextItem":{"@type":"ListItem","@id":"https:\/\/candas365.es\/noticias\/category\/actualidad\/#listItem","name":"Actualidad"}},{"@type":"ListItem","@id":"https:\/\/candas365.es\/noticias\/category\/actualidad\/#listItem","position":2,"name":"Actualidad","item":"https:\/\/candas365.es\/noticias\/category\/actualidad\/","nextItem":{"@type":"ListItem","@id":"https:\/\/candas365.es\/noticias\/grindel-ratificado-como-presidente-de-federacion-alemana-de-futbol\/#listItem","name":"Grindel, ratificado como presidente de Federaci\u00f3n Alemana de F\u00fatbol"},"previousItem":{"@type":"ListItem","@id":"https:\/\/candas365.es\/noticias#listItem","name":"Home"}},{"@type":"ListItem","@id":"https:\/\/candas365.es\/noticias\/grindel-ratificado-como-presidente-de-federacion-alemana-de-futbol\/#listItem","position":3,"name":"Grindel, ratificado como presidente de Federaci\u00f3n Alemana de F\u00fatbol","previousItem":{"@type":"ListItem","@id":"https:\/\/candas365.es\/noticias\/category\/actualidad\/#listItem","name":"Actualidad"}}]},{"@type":"NewsArticle","@id":"https:\/\/candas365.es\/noticias\/grindel-ratificado-como-presidente-de-federacion-alemana-de-futbol\/#newsarticle","name":"Grindel, ratificado como presidente de Federaci\u00f3n Alemana de F\u00fatbol | Cand\u00e1s 365","headline":"Grindel, ratificado como presidente de Federaci\u00f3n Alemana de F\u00fatbol","author":{"@id":"https:\/\/candas365.es\/noticias\/author\/admin\/#author"},"publisher":{"@id":"https:\/\/candas365.es\/noticias\/#organization"},"image":{"@type":"ImageObject","url":"https:\/\/candas365.es\/noticias\/wp-content\/uploads\/2015\/09\/c365noticias.jpg","width":655,"height":360},"datePublished":"2016-11-05T20:18:08+01:00","dateModified":"2016-11-05T20:18:08+01:00","inLanguage":"es-ES","mainEntityOfPage":{"@id":"https:\/\/candas365.es\/noticias\/grindel-ratificado-como-presidente-de-federacion-alemana-de-futbol\/#webpage"},"isPartOf":{"@id":"https:\/\/candas365.es\/noticias\/grindel-ratificado-como-presidente-de-federacion-alemana-de-futbol\/#webpage"},"articleSection":"Actualidad","dateline":"Publicado el noviembre 5, 2016."},{"@type":"Organization","@id":"https:\/\/candas365.es\/noticias\/#organization","name":"Cand\u00e1s 365","description":"Cand\u00e1s 365 es un diario digital independiente, fundado en 2012, con base en Asturias. Informamos con rigor sobre actualidad, sociedad, cultura y ocio, con una mirada local y global.","url":"https:\/\/candas365.es\/noticias\/","email":"info@candas365.es","telephone":"+34652131393","foundingDate":"2012-06-10","logo":{"@type":"ImageObject","url":"https:\/\/candas365.es\/noticias\/wp-content\/uploads\/2024\/09\/Candas-365-Redes.jpg","@id":"https:\/\/candas365.es\/noticias\/grindel-ratificado-como-presidente-de-federacion-alemana-de-futbol\/#organizationLogo","width":1152,"height":864,"caption":"Cand\u00e1s 365 Redes"},"image":{"@id":"https:\/\/candas365.es\/noticias\/grindel-ratificado-como-presidente-de-federacion-alemana-de-futbol\/#organizationLogo"},"sameAs":["https:\/\/www.facebook.com\/Nachofdezber","https:\/\/x.com\/NabercoDigital","https:\/\/www.instagram.com\/nachofdezber\/","https:\/\/www.youtube.com\/channel\/UCZP-2wLEB9Rv6erhFmqVnvg"],"address":{"@id":"https:\/\/candas365.es\/noticias\/#postaladdress","@type":"PostalAddress","streetAddress":"san antonio 4, san antonio 4","postalCode":"33430","addressLocality":"Cand\u00e1s","addressRegion":"Asturias","addressCountry":"ES"}},{"@type":"Person","@id":"https:\/\/candas365.es\/noticias\/author\/admin\/#author","url":"https:\/\/candas365.es\/noticias\/author\/admin\/","name":"Cand\u00e1s 365","image":{"@type":"ImageObject","@id":"https:\/\/candas365.es\/noticias\/grindel-ratificado-como-presidente-de-federacion-alemana-de-futbol\/#authorImage","url":"https:\/\/secure.gravatar.com\/avatar\/496a8e03d0c493ede1718b7934145dbdf8d89be1036b0eec9544e1094c9de390?s=96&d=mm&r=g","width":96,"height":96,"caption":"Cand\u00e1s 365"},"sameAs":["https:\/\/www.facebook.com\/carrenoactualidad","https:\/\/twitter.com\/nbasturias","https:\/\/www.instagram.com\/nachofdezber\/","https:\/\/www.youtube.com\/channel\/UCZP-2wLEB9Rv6erhFmqVnvg"]},{"@type":"WebPage","@id":"https:\/\/candas365.es\/noticias\/grindel-ratificado-como-presidente-de-federacion-alemana-de-futbol\/#webpage","url":"https:\/\/candas365.es\/noticias\/grindel-ratificado-como-presidente-de-federacion-alemana-de-futbol\/","name":"Grindel, ratificado como presidente de Federaci\u00f3n Alemana de F\u00fatbol | Cand\u00e1s 365","description":"Erfurt (Alemania), 5 nov (dpa) - La asamblea de la Federaci\u00f3n Alemana de F\u00fatbol (DFB) ratific\u00f3 por unanimidad a Reinhard Grindel en su cargo al frente del ente del f\u00fatbol germano hasta 2019. Grindel ostenta el cargo ya desde el pasado abril en sustituci\u00f3n de Wolfgang Niersbach, que dimiti\u00f3 en noviembre por el esc\u00e1ndalo de","inLanguage":"es-ES","isPartOf":{"@id":"https:\/\/candas365.es\/noticias\/#website"},"breadcrumb":{"@id":"https:\/\/candas365.es\/noticias\/grindel-ratificado-como-presidente-de-federacion-alemana-de-futbol\/#breadcrumblist"},"author":{"@id":"https:\/\/candas365.es\/noticias\/author\/admin\/#author"},"creator":{"@id":"https:\/\/candas365.es\/noticias\/author\/admin\/#author"},"image":{"@type":"ImageObject","url":"https:\/\/candas365.es\/noticias\/wp-content\/uploads\/2015\/09\/c365noticias.jpg","@id":"https:\/\/candas365.es\/noticias\/grindel-ratificado-como-presidente-de-federacion-alemana-de-futbol\/#mainImage","width":655,"height":360},"primaryImageOfPage":{"@id":"https:\/\/candas365.es\/noticias\/grindel-ratificado-como-presidente-de-federacion-alemana-de-futbol\/#mainImage"},"datePublished":"2016-11-05T20:18:08+01:00","dateModified":"2016-11-05T20:18:08+01:00"},{"@type":"WebSite","@id":"https:\/\/candas365.es\/noticias\/#website","url":"https:\/\/candas365.es\/noticias\/","name":"Cand\u00e1s 365","alternateName":"Cand\u00e1s 365 Noticias","description":"Actualidad desde Carre\u00f1o para el mundo","inLanguage":"es-ES","publisher":{"@id":"https:\/\/candas365.es\/noticias\/#organization"}}]},"og:locale":"es_ES","og:site_name":"Cand\u00e1s 365","og:type":"article","og:title":"Grindel, ratificado como presidente de Federaci\u00f3n Alemana de F\u00fatbol | Cand\u00e1s 365","og:description":"Erfurt (Alemania), 5 nov (dpa) - La asamblea de la Federaci\u00f3n Alemana de F\u00fatbol (DFB) ratific\u00f3 por unanimidad a Reinhard Grindel en su cargo al frente del ente del f\u00fatbol germano hasta 2019. Grindel ostenta el cargo ya desde el pasado abril en sustituci\u00f3n de Wolfgang Niersbach, que dimiti\u00f3 en noviembre por el esc\u00e1ndalo de","og:url":"https:\/\/candas365.es\/noticias\/grindel-ratificado-como-presidente-de-federacion-alemana-de-futbol\/","og:image":"https:\/\/candas365.es\/noticias\/wp-content\/uploads\/2015\/09\/c365noticias.jpg","og:image:secure_url":"https:\/\/candas365.es\/noticias\/wp-content\/uploads\/2015\/09\/c365noticias.jpg","og:image:width":655,"og:image:height":360,"article:published_time":"2016-11-05T20:18:08+00:00","article:modified_time":"2016-11-05T20:18:08+00:00","article:publisher":"https:\/\/www.facebook.com\/Nachofdezber","article:author":"https:\/\/www.facebook.com\/carrenoactualidad","twitter:card":"summary_large_image","twitter:site":"@NabercoDigital","twitter:title":"Grindel, ratificado como presidente de Federaci\u00f3n Alemana de F\u00fatbol | Cand\u00e1s 365","twitter:description":"Erfurt (Alemania), 5 nov (dpa) - La asamblea de la Federaci\u00f3n Alemana de F\u00fatbol (DFB) ratific\u00f3 por unanimidad a Reinhard Grindel en su cargo al frente del ente del f\u00fatbol germano hasta 2019. Grindel ostenta el cargo ya desde el pasado abril en sustituci\u00f3n de Wolfgang Niersbach, que dimiti\u00f3 en noviembre por el esc\u00e1ndalo de","twitter:creator":"@nbasturias","twitter:image":"https:\/\/candas365.es\/noticias\/wp-content\/uploads\/2015\/09\/c365noticias.jpg","twitter:label1":"Escrito por","twitter:data1":"Cand\u00e1s 365","twitter:label2":"Tiempo de lectura estimado","twitter:data2":"1 minuto"},"aioseo_meta_data":{"post_id":"35535","title":null,"description":null,"keywords":null,"keyphrases":null,"primary_term":null,"canonical_url":null,"og_title":null,"og_description":null,"og_object_type":"default","og_image_type":"default","og_image_url":null,"og_image_width":null,"og_image_height":null,"og_image_custom_url":null,"og_image_custom_fields":null,"og_video":null,"og_custom_url":null,"og_article_section":null,"og_article_tags":null,"twitter_use_og":false,"twitter_card":"default","twitter_image_type":"default","twitter_image_url":null,"twitter_image_custom_url":null,"twitter_image_custom_fields":null,"twitter_title":null,"twitter_description":null,"schema":{"blockGraphs":[],"customGraphs":[],"default":{"data":{"Article":[],"Course":[],"Dataset":[],"FAQPage":[],"Movie":[],"Person":[],"Product":[],"ProductReview":[],"Car":[],"Recipe":[],"Service":[],"SoftwareApplication":[],"WebPage":[]},"graphName":"","isEnabled":true},"graphs":[],"defaultGraph":"","defaultPostTypeGraph":""},"schema_type":null,"schema_type_options":null,"pillar_content":false,"robots_default":true,"robots_noindex":false,"robots_noarchive":false,"robots_nosnippet":false,"robots_nofollow":false,"robots_noimageindex":false,"robots_noodp":false,"robots_notranslate":false,"robots_max_snippet":null,"robots_max_videopreview":null,"robots_max_imagepreview":"large","priority":null,"frequency":null,"location":null,"local_seo":null,"seo_analyzer_scan_date":"2025-08-24 19:31:19","breadcrumb_settings":null,"limit_modified_date":false,"reviewed_by":null,"open_ai":null,"ai":null,"created":"2020-12-21 13:10:35","updated":"2025-08-24 19:31:19"},"aioseo_breadcrumb":"<div class=\"aioseo-breadcrumbs\"><span class=\"aioseo-breadcrumb\">\n\t<a href=\"https:\/\/candas365.es\/noticias\" title=\"Home\">Home<\/a>\n<\/span><span class=\"aioseo-breadcrumb-separator\">&ndash;<\/span><span class=\"aioseo-breadcrumb\">\n\t<a href=\"https:\/\/candas365.es\/noticias\/category\/actualidad\/\" title=\"Actualidad\">Actualidad<\/a>\n<\/span><span class=\"aioseo-breadcrumb-separator\">&ndash;<\/span><span class=\"aioseo-breadcrumb\">\n\tGrindel, ratificado como presidente de Federaci\u00f3n Alemana de F\u00fatbol\n<\/span><\/div>","aioseo_breadcrumb_json":[{"label":"Home","link":"https:\/\/candas365.es\/noticias"},{"label":"Actualidad","link":"https:\/\/candas365.es\/noticias\/category\/actualidad\/"},{"label":"Grindel, ratificado como presidente de Federaci\u00f3n Alemana de F\u00fatbol","link":"https:\/\/candas365.es\/noticias\/grindel-ratificado-como-presidente-de-federacion-alemana-de-futbol\/"}],"_links":{"self":[{"href":"https:\/\/candas365.es\/noticias\/wp-json\/wp\/v2\/posts\/35535","targetHints":{"allow":["GET"]}}],"collection":[{"href":"https:\/\/candas365.es\/noticias\/wp-json\/wp\/v2\/posts"}],"about":[{"href":"https:\/\/candas365.es\/noticias\/wp-json\/wp\/v2\/types\/post"}],"author":[{"embeddable":true,"href":"https:\/\/candas365.es\/noticias\/wp-json\/wp\/v2\/users\/1"}],"replies":[{"embeddable":true,"href":"https:\/\/candas365.es\/noticias\/wp-json\/wp\/v2\/comments?post=35535"}],"version-history":[{"count":0,"href":"https:\/\/candas365.es\/noticias\/wp-json\/wp\/v2\/posts\/35535\/revisions"}],"wp:featuredmedia":[{"embeddable":true,"href":"https:\/\/candas365.es\/noticias\/wp-json\/wp\/v2\/media\/16457"}],"wp:attachment":[{"href":"https:\/\/candas365.es\/noticias\/wp-json\/wp\/v2\/media?parent=35535"}],"wp:term":[{"taxonomy":"category","embeddable":true,"href":"https:\/\/candas365.es\/noticias\/wp-json\/wp\/v2\/categories?post=35535"},{"taxonomy":"post_tag","embeddable":true,"href":"https:\/\/candas365.es\/noticias\/wp-json\/wp\/v2\/tags?post=35535"}],"curies":[{"name":"wp","href":"https:\/\/api.w.org\/{rel}","templated":true}]}}