{"id":3529,"date":"2014-10-16T17:57:26","date_gmt":"2014-10-16T19:57:26","guid":{"rendered":"http:\/\/candas365.es\/noticias\/?p=3529"},"modified":"2014-10-16T17:57:26","modified_gmt":"2014-10-16T19:57:26","slug":"oviedo-publica-en-su-web-los-planos-mas-representativos-de-la-ciudad-desde-el-siglo-xviii","status":"publish","type":"post","link":"https:\/\/candas365.es\/noticias\/oviedo-publica-en-su-web-los-planos-mas-representativos-de-la-ciudad-desde-el-siglo-xviii\/","title":{"rendered":"Oviedo publica en su web los planos m\u00e1s representativos de la ciudad desde el siglo XVIII"},"content":{"rendered":"<p><img fetchpriority=\"high\" decoding=\"async\" class=\"alignleft size-medium wp-image-3530\" src=\"https:\/\/candas365.es\/noticias\/wp-content\/uploads\/2014\/10\/fotonoticia_20141016104411_800-360x245.jpg\" alt=\"fotonoticia_20141016104411_800\" width=\"360\" height=\"245\" \/>(EUROPA PRESS) La web municipal del Ayuntamiento de Oviedo &#8211;www.oviedo.es&#8211; ha publicado los planos m\u00e1s representativos de la ciudad desde el siglo XVIII. La muestra, extra\u00edda del Archivo Municipal, se puede consultar desde la p\u00e1gina web del consistorio, y cuenta con el primero de los mapas, de 1777, hasta uno del a\u00f1o 1982. Con su estudio se puede observar la evoluci\u00f3n urban\u00edstica de la capital asturiana.<\/p>\n<p>Con esta iniciativa el Ayuntamiento prosigue con su objetivo de dar a conocer a la ciudadan\u00eda la documentaci\u00f3n del Archivo, al igual que hab\u00eda hecho con los Padrones de Vecindad, Registro Civil y Justificaciones de Hidalgu\u00eda.<\/p>\n<p>En esta ocasi\u00f3n se ha procedido a la digitalizaci\u00f3n de los planos m\u00e1s representativos de la ciudad, desde el primero que consta en el Archivo Municipal, fechado en 1777, hasta el Plan General de Ordenaci\u00f3n Urbana de 1982. Al margen de permitir el libre y universal acceso a estos documentos de gran valor hist\u00f3rico y did\u00e1ctico, con esta medida se preservan los originales, sujetos a partir de ahora a una manipulaci\u00f3n menor.<\/p>\n<p>Las im\u00e1genes de los planos municipales de la ciudad, igual que el resto de documentos alojados en la secci\u00f3n del Archivo Municipal en la web, est\u00e1n libremente disponibles para su visualizaci\u00f3n.<\/p>\n","protected":false},"excerpt":{"rendered":"<p>(EUROPA PRESS) La web municipal del Ayuntamiento de Oviedo &#8211;www.oviedo.es&#8211; ha publicado los planos m\u00e1s representativos de la ciudad desde el siglo XVIII. La muestra, extra\u00edda del Archivo Municipal, se puede consultar desde la p\u00e1gina web del consistorio, y cuenta con el primero de los mapas, de 1777, hasta uno del a\u00f1o 1982. Con su<\/p>\n","protected":false},"author":1,"featured_media":3530,"comment_status":"closed","ping_status":"closed","sticky":false,"template":"","format":"standard","meta":{"footnotes":""},"categories":[343],"tags":[],"class_list":{"0":"post-3529","1":"post","2":"type-post","3":"status-publish","4":"format-standard","5":"has-post-thumbnail","7":"category-actualidad"},"aioseo_notices":[],"aioseo_head":"\n\t\t<!-- All in One SEO Pro 4.9.6.2 - aioseo.com -->\n\t<meta name=\"description\" content=\"(EUROPA PRESS) La web municipal del Ayuntamiento de Oviedo --www.oviedo.es-- ha publicado los planos m\u00e1s representativos de la ciudad desde el siglo XVIII. La muestra, extra\u00edda del Archivo Municipal, se puede consultar desde la p\u00e1gina web del consistorio, y cuenta con el primero de los mapas, de 1777, hasta uno del a\u00f1o 1982. Con su\" \/>\n\t<meta name=\"robots\" content=\"max-image-preview:large\" \/>\n\t<meta name=\"author\" content=\"Cand\u00e1s 365\"\/>\n\t<meta name=\"google-site-verification\" content=\"UA-32230408-1\" \/>\n\t<meta name=\"msvalidate.01\" content=\"354F3CDFB2DA171B47FBE9ABF1F88D5\" \/>\n\t<meta name=\"keywords\" content=\"actualidad\" \/>\n\t<link rel=\"canonical\" href=\"https:\/\/candas365.es\/noticias\/oviedo-publica-en-su-web-los-planos-mas-representativos-de-la-ciudad-desde-el-siglo-xviii\/\" \/>\n\t<meta name=\"generator\" content=\"All in One SEO Pro (AIOSEO) 4.9.6.2\" \/>\n\t\t<meta property=\"og:locale\" content=\"es_ES\" \/>\n\t\t<meta property=\"og:site_name\" content=\"Cand\u00e1s 365\" \/>\n\t\t<meta property=\"og:type\" content=\"article\" \/>\n\t\t<meta property=\"og:title\" content=\"Oviedo publica en su web los planos m\u00e1s representativos de la ciudad desde el siglo XVIII | Cand\u00e1s 365\" \/>\n\t\t<meta property=\"og:description\" content=\"(EUROPA PRESS) La web municipal del Ayuntamiento de Oviedo --www.oviedo.es-- ha publicado los planos m\u00e1s representativos de la ciudad desde el siglo XVIII. La muestra, extra\u00edda del Archivo Municipal, se puede consultar desde la p\u00e1gina web del consistorio, y cuenta con el primero de los mapas, de 1777, hasta uno del a\u00f1o 1982. Con su\" \/>\n\t\t<meta property=\"og:url\" content=\"https:\/\/candas365.es\/noticias\/oviedo-publica-en-su-web-los-planos-mas-representativos-de-la-ciudad-desde-el-siglo-xviii\/\" \/>\n\t\t<meta property=\"og:image\" content=\"https:\/\/candas365.es\/noticias\/wp-content\/uploads\/2014\/10\/fotonoticia_20141016104411_800.jpg\" \/>\n\t\t<meta property=\"og:image:secure_url\" content=\"https:\/\/candas365.es\/noticias\/wp-content\/uploads\/2014\/10\/fotonoticia_20141016104411_800.jpg\" \/>\n\t\t<meta property=\"og:image:width\" content=\"800\" \/>\n\t\t<meta property=\"og:image:height\" content=\"546\" \/>\n\t\t<meta property=\"article:published_time\" content=\"2014-10-16T19:57:26+00:00\" \/>\n\t\t<meta property=\"article:modified_time\" content=\"2014-10-16T19:57:26+00:00\" \/>\n\t\t<meta property=\"article:publisher\" content=\"https:\/\/www.facebook.com\/Nachofdezber\" \/>\n\t\t<meta property=\"article:author\" content=\"https:\/\/www.facebook.com\/carrenoactualidad\" \/>\n\t\t<meta name=\"twitter:card\" content=\"summary_large_image\" \/>\n\t\t<meta name=\"twitter:site\" content=\"@NabercoDigital\" \/>\n\t\t<meta name=\"twitter:title\" content=\"Oviedo publica en su web los planos m\u00e1s representativos de la ciudad desde el siglo XVIII | Cand\u00e1s 365\" \/>\n\t\t<meta name=\"twitter:description\" content=\"(EUROPA PRESS) La web municipal del Ayuntamiento de Oviedo --www.oviedo.es-- ha publicado los planos m\u00e1s representativos de la ciudad desde el siglo XVIII. La muestra, extra\u00edda del Archivo Municipal, se puede consultar desde la p\u00e1gina web del consistorio, y cuenta con el primero de los mapas, de 1777, hasta uno del a\u00f1o 1982. Con su\" \/>\n\t\t<meta name=\"twitter:creator\" content=\"@nbasturias\" \/>\n\t\t<meta name=\"twitter:image\" content=\"https:\/\/candas365.es\/noticias\/wp-content\/uploads\/2014\/10\/fotonoticia_20141016104411_800.jpg\" \/>\n\t\t<meta name=\"twitter:label1\" content=\"Escrito por\" \/>\n\t\t<meta name=\"twitter:data1\" content=\"Cand\u00e1s 365\" \/>\n\t\t<meta name=\"twitter:label2\" content=\"Tiempo de lectura estimado\" \/>\n\t\t<meta name=\"twitter:data2\" content=\"1 minuto\" \/>\n\t\t<script type=\"application\/ld+json\" class=\"aioseo-schema\">\n\t\t\t{\"@context\":\"https:\\\/\\\/schema.org\",\"@graph\":[{\"@type\":\"BreadcrumbList\",\"@id\":\"https:\\\/\\\/candas365.es\\\/noticias\\\/oviedo-publica-en-su-web-los-planos-mas-representativos-de-la-ciudad-desde-el-siglo-xviii\\\/#breadcrumblist\",\"itemListElement\":[{\"@type\":\"ListItem\",\"@id\":\"https:\\\/\\\/candas365.es\\\/noticias#listItem\",\"position\":1,\"name\":\"Home\",\"item\":\"https:\\\/\\\/candas365.es\\\/noticias\",\"nextItem\":{\"@type\":\"ListItem\",\"@id\":\"https:\\\/\\\/candas365.es\\\/noticias\\\/category\\\/actualidad\\\/#listItem\",\"name\":\"Actualidad\"}},{\"@type\":\"ListItem\",\"@id\":\"https:\\\/\\\/candas365.es\\\/noticias\\\/category\\\/actualidad\\\/#listItem\",\"position\":2,\"name\":\"Actualidad\",\"item\":\"https:\\\/\\\/candas365.es\\\/noticias\\\/category\\\/actualidad\\\/\",\"nextItem\":{\"@type\":\"ListItem\",\"@id\":\"https:\\\/\\\/candas365.es\\\/noticias\\\/oviedo-publica-en-su-web-los-planos-mas-representativos-de-la-ciudad-desde-el-siglo-xviii\\\/#listItem\",\"name\":\"Oviedo publica en su web los planos m\\u00e1s representativos de la ciudad desde el siglo XVIII\"},\"previousItem\":{\"@type\":\"ListItem\",\"@id\":\"https:\\\/\\\/candas365.es\\\/noticias#listItem\",\"name\":\"Home\"}},{\"@type\":\"ListItem\",\"@id\":\"https:\\\/\\\/candas365.es\\\/noticias\\\/oviedo-publica-en-su-web-los-planos-mas-representativos-de-la-ciudad-desde-el-siglo-xviii\\\/#listItem\",\"position\":3,\"name\":\"Oviedo publica en su web los planos m\\u00e1s representativos de la ciudad desde el siglo XVIII\",\"previousItem\":{\"@type\":\"ListItem\",\"@id\":\"https:\\\/\\\/candas365.es\\\/noticias\\\/category\\\/actualidad\\\/#listItem\",\"name\":\"Actualidad\"}}]},{\"@type\":\"NewsArticle\",\"@id\":\"https:\\\/\\\/candas365.es\\\/noticias\\\/oviedo-publica-en-su-web-los-planos-mas-representativos-de-la-ciudad-desde-el-siglo-xviii\\\/#newsarticle\",\"name\":\"Oviedo publica en su web los planos m\\u00e1s representativos de la ciudad desde el siglo XVIII | Cand\\u00e1s 365\",\"headline\":\"Oviedo publica en su web los planos m\\u00e1s representativos de la ciudad desde el siglo XVIII\",\"author\":{\"@id\":\"https:\\\/\\\/candas365.es\\\/noticias\\\/author\\\/admin\\\/#author\"},\"publisher\":{\"@id\":\"https:\\\/\\\/candas365.es\\\/noticias\\\/#organization\"},\"image\":{\"@type\":\"ImageObject\",\"url\":\"https:\\\/\\\/candas365.es\\\/noticias\\\/wp-content\\\/uploads\\\/2014\\\/10\\\/fotonoticia_20141016104411_800.jpg\",\"width\":800,\"height\":546},\"datePublished\":\"2014-10-16T17:57:26+02:00\",\"dateModified\":\"2014-10-16T17:57:26+02:00\",\"inLanguage\":\"es-ES\",\"mainEntityOfPage\":{\"@id\":\"https:\\\/\\\/candas365.es\\\/noticias\\\/oviedo-publica-en-su-web-los-planos-mas-representativos-de-la-ciudad-desde-el-siglo-xviii\\\/#webpage\"},\"isPartOf\":{\"@id\":\"https:\\\/\\\/candas365.es\\\/noticias\\\/oviedo-publica-en-su-web-los-planos-mas-representativos-de-la-ciudad-desde-el-siglo-xviii\\\/#webpage\"},\"articleSection\":\"Actualidad\",\"dateline\":\"Publicado el octubre 16, 2014.\"},{\"@type\":\"Organization\",\"@id\":\"https:\\\/\\\/candas365.es\\\/noticias\\\/#organization\",\"name\":\"Cand\\u00e1s 365\",\"description\":\"Cand\\u00e1s 365 es un diario digital independiente, fundado en 2012, con base en Asturias. Informamos con rigor sobre actualidad, sociedad, cultura y ocio, con una mirada local y global.\",\"url\":\"https:\\\/\\\/candas365.es\\\/noticias\\\/\",\"email\":\"info@candas365.es\",\"telephone\":\"+34652131393\",\"foundingDate\":\"2012-06-10\",\"logo\":{\"@type\":\"ImageObject\",\"url\":\"https:\\\/\\\/candas365.es\\\/noticias\\\/wp-content\\\/uploads\\\/2024\\\/09\\\/Candas-365-Redes.jpg\",\"@id\":\"https:\\\/\\\/candas365.es\\\/noticias\\\/oviedo-publica-en-su-web-los-planos-mas-representativos-de-la-ciudad-desde-el-siglo-xviii\\\/#organizationLogo\",\"width\":1152,\"height\":864,\"caption\":\"Cand\\u00e1s 365 Redes\"},\"image\":{\"@id\":\"https:\\\/\\\/candas365.es\\\/noticias\\\/oviedo-publica-en-su-web-los-planos-mas-representativos-de-la-ciudad-desde-el-siglo-xviii\\\/#organizationLogo\"},\"sameAs\":[\"https:\\\/\\\/www.facebook.com\\\/Nachofdezber\",\"https:\\\/\\\/x.com\\\/NabercoDigital\",\"https:\\\/\\\/www.instagram.com\\\/nachofdezber\\\/\",\"https:\\\/\\\/www.youtube.com\\\/channel\\\/UCZP-2wLEB9Rv6erhFmqVnvg\"],\"address\":{\"@id\":\"https:\\\/\\\/candas365.es\\\/noticias\\\/#postaladdress\",\"@type\":\"PostalAddress\",\"streetAddress\":\"san antonio 4, san antonio 4\",\"postalCode\":\"33430\",\"addressLocality\":\"Cand\\u00e1s\",\"addressRegion\":\"Asturias\",\"addressCountry\":\"ES\"}},{\"@type\":\"Person\",\"@id\":\"https:\\\/\\\/candas365.es\\\/noticias\\\/author\\\/admin\\\/#author\",\"url\":\"https:\\\/\\\/candas365.es\\\/noticias\\\/author\\\/admin\\\/\",\"name\":\"Cand\\u00e1s 365\",\"image\":{\"@type\":\"ImageObject\",\"@id\":\"https:\\\/\\\/candas365.es\\\/noticias\\\/oviedo-publica-en-su-web-los-planos-mas-representativos-de-la-ciudad-desde-el-siglo-xviii\\\/#authorImage\",\"url\":\"https:\\\/\\\/secure.gravatar.com\\\/avatar\\\/496a8e03d0c493ede1718b7934145dbdf8d89be1036b0eec9544e1094c9de390?s=96&d=mm&r=g\",\"width\":96,\"height\":96,\"caption\":\"Cand\\u00e1s 365\"},\"sameAs\":[\"https:\\\/\\\/www.facebook.com\\\/carrenoactualidad\",\"https:\\\/\\\/twitter.com\\\/nbasturias\",\"https:\\\/\\\/www.instagram.com\\\/nachofdezber\\\/\",\"https:\\\/\\\/www.youtube.com\\\/channel\\\/UCZP-2wLEB9Rv6erhFmqVnvg\"]},{\"@type\":\"WebPage\",\"@id\":\"https:\\\/\\\/candas365.es\\\/noticias\\\/oviedo-publica-en-su-web-los-planos-mas-representativos-de-la-ciudad-desde-el-siglo-xviii\\\/#webpage\",\"url\":\"https:\\\/\\\/candas365.es\\\/noticias\\\/oviedo-publica-en-su-web-los-planos-mas-representativos-de-la-ciudad-desde-el-siglo-xviii\\\/\",\"name\":\"Oviedo publica en su web los planos m\\u00e1s representativos de la ciudad desde el siglo XVIII | Cand\\u00e1s 365\",\"description\":\"(EUROPA PRESS) La web municipal del Ayuntamiento de Oviedo --www.oviedo.es-- ha publicado los planos m\\u00e1s representativos de la ciudad desde el siglo XVIII. La muestra, extra\\u00edda del Archivo Municipal, se puede consultar desde la p\\u00e1gina web del consistorio, y cuenta con el primero de los mapas, de 1777, hasta uno del a\\u00f1o 1982. Con su\",\"inLanguage\":\"es-ES\",\"isPartOf\":{\"@id\":\"https:\\\/\\\/candas365.es\\\/noticias\\\/#website\"},\"breadcrumb\":{\"@id\":\"https:\\\/\\\/candas365.es\\\/noticias\\\/oviedo-publica-en-su-web-los-planos-mas-representativos-de-la-ciudad-desde-el-siglo-xviii\\\/#breadcrumblist\"},\"author\":{\"@id\":\"https:\\\/\\\/candas365.es\\\/noticias\\\/author\\\/admin\\\/#author\"},\"creator\":{\"@id\":\"https:\\\/\\\/candas365.es\\\/noticias\\\/author\\\/admin\\\/#author\"},\"image\":{\"@type\":\"ImageObject\",\"url\":\"https:\\\/\\\/candas365.es\\\/noticias\\\/wp-content\\\/uploads\\\/2014\\\/10\\\/fotonoticia_20141016104411_800.jpg\",\"@id\":\"https:\\\/\\\/candas365.es\\\/noticias\\\/oviedo-publica-en-su-web-los-planos-mas-representativos-de-la-ciudad-desde-el-siglo-xviii\\\/#mainImage\",\"width\":800,\"height\":546},\"primaryImageOfPage\":{\"@id\":\"https:\\\/\\\/candas365.es\\\/noticias\\\/oviedo-publica-en-su-web-los-planos-mas-representativos-de-la-ciudad-desde-el-siglo-xviii\\\/#mainImage\"},\"datePublished\":\"2014-10-16T17:57:26+02:00\",\"dateModified\":\"2014-10-16T17:57:26+02:00\"},{\"@type\":\"WebSite\",\"@id\":\"https:\\\/\\\/candas365.es\\\/noticias\\\/#website\",\"url\":\"https:\\\/\\\/candas365.es\\\/noticias\\\/\",\"name\":\"Cand\\u00e1s 365\",\"alternateName\":\"Cand\\u00e1s 365 Noticias\",\"description\":\"Actualidad desde Carre\\u00f1o para el mundo\",\"inLanguage\":\"es-ES\",\"publisher\":{\"@id\":\"https:\\\/\\\/candas365.es\\\/noticias\\\/#organization\"}}]}\n\t\t<\/script>\n\t\t<!-- All in One SEO Pro -->\r\n\t\t<title>Oviedo publica en su web los planos m\u00e1s representativos de la ciudad desde el siglo XVIII | Cand\u00e1s 365<\/title>\n\n","aioseo_head_json":{"title":"Oviedo publica en su web los planos m\u00e1s representativos de la ciudad desde el siglo XVIII | Cand\u00e1s 365","description":"(EUROPA PRESS) La web municipal del Ayuntamiento de Oviedo --www.oviedo.es-- ha publicado los planos m\u00e1s representativos de la ciudad desde el siglo XVIII. La muestra, extra\u00edda del Archivo Municipal, se puede consultar desde la p\u00e1gina web del consistorio, y cuenta con el primero de los mapas, de 1777, hasta uno del a\u00f1o 1982. Con su","canonical_url":"https:\/\/candas365.es\/noticias\/oviedo-publica-en-su-web-los-planos-mas-representativos-de-la-ciudad-desde-el-siglo-xviii\/","robots":"max-image-preview:large","keywords":"actualidad","webmasterTools":{"google-site-verification":"UA-32230408-1","msvalidate.01":"354F3CDFB2DA171B47FBE9ABF1F88D5","miscellaneous":""},"schema":{"@context":"https:\/\/schema.org","@graph":[{"@type":"BreadcrumbList","@id":"https:\/\/candas365.es\/noticias\/oviedo-publica-en-su-web-los-planos-mas-representativos-de-la-ciudad-desde-el-siglo-xviii\/#breadcrumblist","itemListElement":[{"@type":"ListItem","@id":"https:\/\/candas365.es\/noticias#listItem","position":1,"name":"Home","item":"https:\/\/candas365.es\/noticias","nextItem":{"@type":"ListItem","@id":"https:\/\/candas365.es\/noticias\/category\/actualidad\/#listItem","name":"Actualidad"}},{"@type":"ListItem","@id":"https:\/\/candas365.es\/noticias\/category\/actualidad\/#listItem","position":2,"name":"Actualidad","item":"https:\/\/candas365.es\/noticias\/category\/actualidad\/","nextItem":{"@type":"ListItem","@id":"https:\/\/candas365.es\/noticias\/oviedo-publica-en-su-web-los-planos-mas-representativos-de-la-ciudad-desde-el-siglo-xviii\/#listItem","name":"Oviedo publica en su web los planos m\u00e1s representativos de la ciudad desde el siglo XVIII"},"previousItem":{"@type":"ListItem","@id":"https:\/\/candas365.es\/noticias#listItem","name":"Home"}},{"@type":"ListItem","@id":"https:\/\/candas365.es\/noticias\/oviedo-publica-en-su-web-los-planos-mas-representativos-de-la-ciudad-desde-el-siglo-xviii\/#listItem","position":3,"name":"Oviedo publica en su web los planos m\u00e1s representativos de la ciudad desde el siglo XVIII","previousItem":{"@type":"ListItem","@id":"https:\/\/candas365.es\/noticias\/category\/actualidad\/#listItem","name":"Actualidad"}}]},{"@type":"NewsArticle","@id":"https:\/\/candas365.es\/noticias\/oviedo-publica-en-su-web-los-planos-mas-representativos-de-la-ciudad-desde-el-siglo-xviii\/#newsarticle","name":"Oviedo publica en su web los planos m\u00e1s representativos de la ciudad desde el siglo XVIII | Cand\u00e1s 365","headline":"Oviedo publica en su web los planos m\u00e1s representativos de la ciudad desde el siglo XVIII","author":{"@id":"https:\/\/candas365.es\/noticias\/author\/admin\/#author"},"publisher":{"@id":"https:\/\/candas365.es\/noticias\/#organization"},"image":{"@type":"ImageObject","url":"https:\/\/candas365.es\/noticias\/wp-content\/uploads\/2014\/10\/fotonoticia_20141016104411_800.jpg","width":800,"height":546},"datePublished":"2014-10-16T17:57:26+02:00","dateModified":"2014-10-16T17:57:26+02:00","inLanguage":"es-ES","mainEntityOfPage":{"@id":"https:\/\/candas365.es\/noticias\/oviedo-publica-en-su-web-los-planos-mas-representativos-de-la-ciudad-desde-el-siglo-xviii\/#webpage"},"isPartOf":{"@id":"https:\/\/candas365.es\/noticias\/oviedo-publica-en-su-web-los-planos-mas-representativos-de-la-ciudad-desde-el-siglo-xviii\/#webpage"},"articleSection":"Actualidad","dateline":"Publicado el octubre 16, 2014."},{"@type":"Organization","@id":"https:\/\/candas365.es\/noticias\/#organization","name":"Cand\u00e1s 365","description":"Cand\u00e1s 365 es un diario digital independiente, fundado en 2012, con base en Asturias. Informamos con rigor sobre actualidad, sociedad, cultura y ocio, con una mirada local y global.","url":"https:\/\/candas365.es\/noticias\/","email":"info@candas365.es","telephone":"+34652131393","foundingDate":"2012-06-10","logo":{"@type":"ImageObject","url":"https:\/\/candas365.es\/noticias\/wp-content\/uploads\/2024\/09\/Candas-365-Redes.jpg","@id":"https:\/\/candas365.es\/noticias\/oviedo-publica-en-su-web-los-planos-mas-representativos-de-la-ciudad-desde-el-siglo-xviii\/#organizationLogo","width":1152,"height":864,"caption":"Cand\u00e1s 365 Redes"},"image":{"@id":"https:\/\/candas365.es\/noticias\/oviedo-publica-en-su-web-los-planos-mas-representativos-de-la-ciudad-desde-el-siglo-xviii\/#organizationLogo"},"sameAs":["https:\/\/www.facebook.com\/Nachofdezber","https:\/\/x.com\/NabercoDigital","https:\/\/www.instagram.com\/nachofdezber\/","https:\/\/www.youtube.com\/channel\/UCZP-2wLEB9Rv6erhFmqVnvg"],"address":{"@id":"https:\/\/candas365.es\/noticias\/#postaladdress","@type":"PostalAddress","streetAddress":"san antonio 4, san antonio 4","postalCode":"33430","addressLocality":"Cand\u00e1s","addressRegion":"Asturias","addressCountry":"ES"}},{"@type":"Person","@id":"https:\/\/candas365.es\/noticias\/author\/admin\/#author","url":"https:\/\/candas365.es\/noticias\/author\/admin\/","name":"Cand\u00e1s 365","image":{"@type":"ImageObject","@id":"https:\/\/candas365.es\/noticias\/oviedo-publica-en-su-web-los-planos-mas-representativos-de-la-ciudad-desde-el-siglo-xviii\/#authorImage","url":"https:\/\/secure.gravatar.com\/avatar\/496a8e03d0c493ede1718b7934145dbdf8d89be1036b0eec9544e1094c9de390?s=96&d=mm&r=g","width":96,"height":96,"caption":"Cand\u00e1s 365"},"sameAs":["https:\/\/www.facebook.com\/carrenoactualidad","https:\/\/twitter.com\/nbasturias","https:\/\/www.instagram.com\/nachofdezber\/","https:\/\/www.youtube.com\/channel\/UCZP-2wLEB9Rv6erhFmqVnvg"]},{"@type":"WebPage","@id":"https:\/\/candas365.es\/noticias\/oviedo-publica-en-su-web-los-planos-mas-representativos-de-la-ciudad-desde-el-siglo-xviii\/#webpage","url":"https:\/\/candas365.es\/noticias\/oviedo-publica-en-su-web-los-planos-mas-representativos-de-la-ciudad-desde-el-siglo-xviii\/","name":"Oviedo publica en su web los planos m\u00e1s representativos de la ciudad desde el siglo XVIII | Cand\u00e1s 365","description":"(EUROPA PRESS) La web municipal del Ayuntamiento de Oviedo --www.oviedo.es-- ha publicado los planos m\u00e1s representativos de la ciudad desde el siglo XVIII. La muestra, extra\u00edda del Archivo Municipal, se puede consultar desde la p\u00e1gina web del consistorio, y cuenta con el primero de los mapas, de 1777, hasta uno del a\u00f1o 1982. Con su","inLanguage":"es-ES","isPartOf":{"@id":"https:\/\/candas365.es\/noticias\/#website"},"breadcrumb":{"@id":"https:\/\/candas365.es\/noticias\/oviedo-publica-en-su-web-los-planos-mas-representativos-de-la-ciudad-desde-el-siglo-xviii\/#breadcrumblist"},"author":{"@id":"https:\/\/candas365.es\/noticias\/author\/admin\/#author"},"creator":{"@id":"https:\/\/candas365.es\/noticias\/author\/admin\/#author"},"image":{"@type":"ImageObject","url":"https:\/\/candas365.es\/noticias\/wp-content\/uploads\/2014\/10\/fotonoticia_20141016104411_800.jpg","@id":"https:\/\/candas365.es\/noticias\/oviedo-publica-en-su-web-los-planos-mas-representativos-de-la-ciudad-desde-el-siglo-xviii\/#mainImage","width":800,"height":546},"primaryImageOfPage":{"@id":"https:\/\/candas365.es\/noticias\/oviedo-publica-en-su-web-los-planos-mas-representativos-de-la-ciudad-desde-el-siglo-xviii\/#mainImage"},"datePublished":"2014-10-16T17:57:26+02:00","dateModified":"2014-10-16T17:57:26+02:00"},{"@type":"WebSite","@id":"https:\/\/candas365.es\/noticias\/#website","url":"https:\/\/candas365.es\/noticias\/","name":"Cand\u00e1s 365","alternateName":"Cand\u00e1s 365 Noticias","description":"Actualidad desde Carre\u00f1o para el mundo","inLanguage":"es-ES","publisher":{"@id":"https:\/\/candas365.es\/noticias\/#organization"}}]},"og:locale":"es_ES","og:site_name":"Cand\u00e1s 365","og:type":"article","og:title":"Oviedo publica en su web los planos m\u00e1s representativos de la ciudad desde el siglo XVIII | Cand\u00e1s 365","og:description":"(EUROPA PRESS) La web municipal del Ayuntamiento de Oviedo --www.oviedo.es-- ha publicado los planos m\u00e1s representativos de la ciudad desde el siglo XVIII. La muestra, extra\u00edda del Archivo Municipal, se puede consultar desde la p\u00e1gina web del consistorio, y cuenta con el primero de los mapas, de 1777, hasta uno del a\u00f1o 1982. Con su","og:url":"https:\/\/candas365.es\/noticias\/oviedo-publica-en-su-web-los-planos-mas-representativos-de-la-ciudad-desde-el-siglo-xviii\/","og:image":"https:\/\/candas365.es\/noticias\/wp-content\/uploads\/2014\/10\/fotonoticia_20141016104411_800.jpg","og:image:secure_url":"https:\/\/candas365.es\/noticias\/wp-content\/uploads\/2014\/10\/fotonoticia_20141016104411_800.jpg","og:image:width":800,"og:image:height":546,"article:published_time":"2014-10-16T19:57:26+00:00","article:modified_time":"2014-10-16T19:57:26+00:00","article:publisher":"https:\/\/www.facebook.com\/Nachofdezber","article:author":"https:\/\/www.facebook.com\/carrenoactualidad","twitter:card":"summary_large_image","twitter:site":"@NabercoDigital","twitter:title":"Oviedo publica en su web los planos m\u00e1s representativos de la ciudad desde el siglo XVIII | Cand\u00e1s 365","twitter:description":"(EUROPA PRESS) La web municipal del Ayuntamiento de Oviedo --www.oviedo.es-- ha publicado los planos m\u00e1s representativos de la ciudad desde el siglo XVIII. La muestra, extra\u00edda del Archivo Municipal, se puede consultar desde la p\u00e1gina web del consistorio, y cuenta con el primero de los mapas, de 1777, hasta uno del a\u00f1o 1982. Con su","twitter:creator":"@nbasturias","twitter:image":"https:\/\/candas365.es\/noticias\/wp-content\/uploads\/2014\/10\/fotonoticia_20141016104411_800.jpg","twitter:label1":"Escrito por","twitter:data1":"Cand\u00e1s 365","twitter:label2":"Tiempo de lectura estimado","twitter:data2":"1 minuto"},"aioseo_meta_data":{"post_id":"3529","title":null,"description":null,"keywords":null,"keyphrases":null,"primary_term":null,"canonical_url":null,"og_title":null,"og_description":null,"og_object_type":"default","og_image_type":"default","og_image_url":null,"og_image_width":null,"og_image_height":null,"og_image_custom_url":null,"og_image_custom_fields":null,"og_video":null,"og_custom_url":null,"og_article_section":null,"og_article_tags":null,"twitter_use_og":false,"twitter_card":"default","twitter_image_type":"default","twitter_image_url":null,"twitter_image_custom_url":null,"twitter_image_custom_fields":null,"twitter_title":null,"twitter_description":null,"schema":{"blockGraphs":[],"customGraphs":[],"default":{"data":{"Article":[],"Course":[],"Dataset":[],"FAQPage":[],"Movie":[],"Person":[],"Product":[],"ProductReview":[],"Car":[],"Recipe":[],"Service":[],"SoftwareApplication":[],"WebPage":[]},"graphName":"","isEnabled":true},"graphs":[],"defaultGraph":"","defaultPostTypeGraph":""},"schema_type":null,"schema_type_options":null,"pillar_content":false,"robots_default":true,"robots_noindex":false,"robots_noarchive":false,"robots_nosnippet":false,"robots_nofollow":false,"robots_noimageindex":false,"robots_noodp":false,"robots_notranslate":false,"robots_max_snippet":null,"robots_max_videopreview":null,"robots_max_imagepreview":"large","priority":null,"frequency":null,"location":null,"local_seo":null,"seo_analyzer_scan_date":"2025-08-23 00:19:11","breadcrumb_settings":null,"limit_modified_date":false,"reviewed_by":null,"open_ai":null,"ai":null,"created":"2020-12-21 10:45:10","updated":"2025-08-23 00:19:11"},"aioseo_breadcrumb":"<div class=\"aioseo-breadcrumbs\"><span class=\"aioseo-breadcrumb\">\n\t<a href=\"https:\/\/candas365.es\/noticias\" title=\"Home\">Home<\/a>\n<\/span><span class=\"aioseo-breadcrumb-separator\">&ndash;<\/span><span class=\"aioseo-breadcrumb\">\n\t<a href=\"https:\/\/candas365.es\/noticias\/category\/actualidad\/\" title=\"Actualidad\">Actualidad<\/a>\n<\/span><span class=\"aioseo-breadcrumb-separator\">&ndash;<\/span><span class=\"aioseo-breadcrumb\">\n\tOviedo publica en su web los planos m\u00e1s representativos de la ciudad desde el siglo XVIII\n<\/span><\/div>","aioseo_breadcrumb_json":[{"label":"Home","link":"https:\/\/candas365.es\/noticias"},{"label":"Actualidad","link":"https:\/\/candas365.es\/noticias\/category\/actualidad\/"},{"label":"Oviedo publica en su web los planos m\u00e1s representativos de la ciudad desde el siglo XVIII","link":"https:\/\/candas365.es\/noticias\/oviedo-publica-en-su-web-los-planos-mas-representativos-de-la-ciudad-desde-el-siglo-xviii\/"}],"_links":{"self":[{"href":"https:\/\/candas365.es\/noticias\/wp-json\/wp\/v2\/posts\/3529","targetHints":{"allow":["GET"]}}],"collection":[{"href":"https:\/\/candas365.es\/noticias\/wp-json\/wp\/v2\/posts"}],"about":[{"href":"https:\/\/candas365.es\/noticias\/wp-json\/wp\/v2\/types\/post"}],"author":[{"embeddable":true,"href":"https:\/\/candas365.es\/noticias\/wp-json\/wp\/v2\/users\/1"}],"replies":[{"embeddable":true,"href":"https:\/\/candas365.es\/noticias\/wp-json\/wp\/v2\/comments?post=3529"}],"version-history":[{"count":0,"href":"https:\/\/candas365.es\/noticias\/wp-json\/wp\/v2\/posts\/3529\/revisions"}],"wp:featuredmedia":[{"embeddable":true,"href":"https:\/\/candas365.es\/noticias\/wp-json\/wp\/v2\/media\/3530"}],"wp:attachment":[{"href":"https:\/\/candas365.es\/noticias\/wp-json\/wp\/v2\/media?parent=3529"}],"wp:term":[{"taxonomy":"category","embeddable":true,"href":"https:\/\/candas365.es\/noticias\/wp-json\/wp\/v2\/categories?post=3529"},{"taxonomy":"post_tag","embeddable":true,"href":"https:\/\/candas365.es\/noticias\/wp-json\/wp\/v2\/tags?post=3529"}],"curies":[{"name":"wp","href":"https:\/\/api.w.org\/{rel}","templated":true}]}}