{"id":34782,"date":"2016-10-26T02:59:27","date_gmt":"2016-10-26T01:29:27","guid":{"rendered":"http:\/\/candas365.es\/noticias\/?p=34782"},"modified":"2016-10-26T02:59:27","modified_gmt":"2016-10-26T01:29:27","slug":"taxis-voladores-autonomos-una-realidad-cada-vez-mas-cercana","status":"publish","type":"post","link":"https:\/\/candas365.es\/noticias\/taxis-voladores-autonomos-una-realidad-cada-vez-mas-cercana\/","title":{"rendered":"Taxis voladores aut\u00f3nomos, una realidad cada vez m\u00e1s cercana"},"content":{"rendered":"<p>Cuando se piensa en taxis voladores, se piensa en un futuro muy lejano, o en pel\u00edculas de ciencia ficci\u00f3n como Blade Runner, pero es una idea en la que se trabaja constantemente desde los a\u00f1os setenta, ya sea desde el punto de vista de proyectos peque\u00f1os, al de grandes compa\u00f1\u00edas aeron\u00e1uticas. Otra cosa es lo complicado que es crear algo as\u00ed y la viabilidad que tenga por temas de legislaci\u00f3n y seguridad.<\/p>\n<p>En los \u00faltimos meses &#8211; podr\u00edamos decir lustro -, se han podido ver unos cuantos proyectos interesantes que funcionan y que est\u00e1n a un paso de su producci\u00f3n en masa, si es que el mercado demostrara inter\u00e9s por ello: destacamos al dron eHang, un Aeromobil con vistas a venderse en 2017, o el concepto Terrafugia.<\/p>\n<p>Suena menos complicado si la iniciativa parte de un gigante aeron\u00e1utico como Airbus. La empresa europea tiene ganas de meterle mano a este tipo de veh\u00edculos voladores y ya ha movido pieza con el proyecto Vahana. Curiosamente est\u00e1 siendo desarrollado en Silicon Valley, por la divisi\u00f3n de innovaci\u00f3n conocida como Airbus A3.<\/p>\n<p>Para Airbus el futuro de las ciudades es tener taxis voladores aut\u00f3nomos, relacionados con servicios al estilo Uber, en los que pedimos su aparici\u00f3n v\u00eda dispositivo m\u00f3vil.<\/p>\n<p>Lo que se ense\u00f1a en im\u00e1genes son recreaciones, que dejan ver un veh\u00edculo exclusivamente volador, en este no hay ruedas como en alguno de los ejemplos que os puse arriba. El denominador com\u00fan de estas propuestas es su autonom\u00eda de vuelo: poder transportar a ocupantes sin la necesidad de un piloto.<\/p>\n<p>El dispositivo tendr\u00eda un par de alas &#8211; o alerones &#8211; que portan las h\u00e9lices y son capaces de rotar para realizar despegues verticales, como si de un helic\u00f3ptero se tratara. La propulsi\u00f3n de los motores ser\u00eda el\u00e9ctrica. Ah\u00ed dentro solo cabe un pasajero, que va tapado con una superficie que baja como si fuera la visera de un casco.<\/p>\n<blockquote><p>Si algo va mal, Vahana llevar\u00e1 un sistema para expulsarnos con un paraca\u00eddas especial para poca altura.<\/p><\/blockquote>\n<p>Ahora mismo hay realizada una inversi\u00f3n de 150 millones de d\u00f3lares para convertir a Vahana de dibujo a prototipo funcional, antes de terminar 2017. La intenci\u00f3n de sus creadores es que se pueda vender en 2020.<\/p>\n<p>Airbus est\u00e1 m\u00e1s interesada en trabajar en las certificaciones y regulaciones que deber\u00eda tener un veh\u00edculo volador aut\u00f3nomo, que en la complicaci\u00f3n de crearlo. Con la experiencia que tiene en en el mundo de los aviones no dudamos de que su aproximaci\u00f3n ser\u00e1 certera y realista, a pesar de lo llamativo de las im\u00e1genes.<\/p>\n<p>Skyways con drones<\/p>\n<p>Desde Airbus A3 aseguran que el proyecto Vahana no tiene intenci\u00f3n de competir con compa\u00f1\u00edas como Amazon o DHL en el futuro, que usar\u00e1n drones para realizar env\u00edos, al contrario, los ven como posibles clientes. Adem\u00e1s tienen nuevas ideas que ofrecerles, como Skyway.<\/p>\n<p>Airbus tambi\u00e9n juega con drones e imagina corredores establecidos para que circulen de forma aut\u00f3noma con cargamento, todo ello monitorizado desde dispositivos m\u00f3viles.<\/p>\n<p>La noticia \u00abAirbus ve un futuro con taxis aut\u00f3nomos y voladores\u00bb fue publicada originalmente en Xataka.<\/p>\n","protected":false},"excerpt":{"rendered":"<p>Cuando se piensa en taxis voladores, se piensa en un futuro muy lejano, o en pel\u00edculas de ciencia ficci\u00f3n como Blade Runner, pero es una idea en la que se trabaja constantemente desde los a\u00f1os setenta, ya sea desde el punto de vista de proyectos peque\u00f1os, al de grandes compa\u00f1\u00edas aeron\u00e1uticas. Otra cosa es lo<\/p>\n","protected":false},"author":1,"featured_media":16457,"comment_status":"closed","ping_status":"closed","sticky":false,"template":"","format":"standard","meta":{"footnotes":""},"categories":[343],"tags":[],"class_list":{"0":"post-34782","1":"post","2":"type-post","3":"status-publish","4":"format-standard","5":"has-post-thumbnail","7":"category-actualidad"},"aioseo_notices":[],"aioseo_head":"\n\t\t<!-- All in One SEO Pro 4.9.6.2 - aioseo.com -->\n\t<meta name=\"description\" content=\"Cuando se piensa en taxis voladores, se piensa en un futuro muy lejano, o en pel\u00edculas de ciencia ficci\u00f3n como Blade Runner, pero es una idea en la que se trabaja constantemente desde los a\u00f1os setenta, ya sea desde el punto de vista de proyectos peque\u00f1os, al de grandes compa\u00f1\u00edas aeron\u00e1uticas. Otra cosa es lo\" \/>\n\t<meta name=\"robots\" content=\"max-image-preview:large\" \/>\n\t<meta name=\"author\" content=\"Cand\u00e1s 365\"\/>\n\t<meta name=\"google-site-verification\" content=\"UA-32230408-1\" \/>\n\t<meta name=\"msvalidate.01\" content=\"354F3CDFB2DA171B47FBE9ABF1F88D5\" \/>\n\t<meta name=\"keywords\" content=\"actualidad\" \/>\n\t<link rel=\"canonical\" href=\"https:\/\/candas365.es\/noticias\/taxis-voladores-autonomos-una-realidad-cada-vez-mas-cercana\/\" \/>\n\t<meta name=\"generator\" content=\"All in One SEO Pro (AIOSEO) 4.9.6.2\" \/>\n\t\t<meta property=\"og:locale\" content=\"es_ES\" \/>\n\t\t<meta property=\"og:site_name\" content=\"Cand\u00e1s 365\" \/>\n\t\t<meta property=\"og:type\" content=\"article\" \/>\n\t\t<meta property=\"og:title\" content=\"Taxis voladores aut\u00f3nomos, una realidad cada vez m\u00e1s cercana | Cand\u00e1s 365\" \/>\n\t\t<meta property=\"og:description\" content=\"Cuando se piensa en taxis voladores, se piensa en un futuro muy lejano, o en pel\u00edculas de ciencia ficci\u00f3n como Blade Runner, pero es una idea en la que se trabaja constantemente desde los a\u00f1os setenta, ya sea desde el punto de vista de proyectos peque\u00f1os, al de grandes compa\u00f1\u00edas aeron\u00e1uticas. Otra cosa es lo\" \/>\n\t\t<meta property=\"og:url\" content=\"https:\/\/candas365.es\/noticias\/taxis-voladores-autonomos-una-realidad-cada-vez-mas-cercana\/\" \/>\n\t\t<meta property=\"og:image\" content=\"https:\/\/candas365.es\/noticias\/wp-content\/uploads\/2015\/09\/c365noticias.jpg\" \/>\n\t\t<meta property=\"og:image:secure_url\" content=\"https:\/\/candas365.es\/noticias\/wp-content\/uploads\/2015\/09\/c365noticias.jpg\" \/>\n\t\t<meta property=\"og:image:width\" content=\"655\" \/>\n\t\t<meta property=\"og:image:height\" content=\"360\" \/>\n\t\t<meta property=\"article:published_time\" content=\"2016-10-26T01:29:27+00:00\" \/>\n\t\t<meta property=\"article:modified_time\" content=\"2016-10-26T01:29:27+00:00\" \/>\n\t\t<meta property=\"article:publisher\" content=\"https:\/\/www.facebook.com\/Nachofdezber\" \/>\n\t\t<meta property=\"article:author\" content=\"https:\/\/www.facebook.com\/carrenoactualidad\" \/>\n\t\t<meta name=\"twitter:card\" content=\"summary_large_image\" \/>\n\t\t<meta name=\"twitter:site\" content=\"@NabercoDigital\" \/>\n\t\t<meta name=\"twitter:title\" content=\"Taxis voladores aut\u00f3nomos, una realidad cada vez m\u00e1s cercana | Cand\u00e1s 365\" \/>\n\t\t<meta name=\"twitter:description\" content=\"Cuando se piensa en taxis voladores, se piensa en un futuro muy lejano, o en pel\u00edculas de ciencia ficci\u00f3n como Blade Runner, pero es una idea en la que se trabaja constantemente desde los a\u00f1os setenta, ya sea desde el punto de vista de proyectos peque\u00f1os, al de grandes compa\u00f1\u00edas aeron\u00e1uticas. Otra cosa es lo\" \/>\n\t\t<meta name=\"twitter:creator\" content=\"@nbasturias\" \/>\n\t\t<meta name=\"twitter:image\" content=\"https:\/\/candas365.es\/noticias\/wp-content\/uploads\/2015\/09\/c365noticias.jpg\" \/>\n\t\t<meta name=\"twitter:label1\" content=\"Escrito por\" \/>\n\t\t<meta name=\"twitter:data1\" content=\"Cand\u00e1s 365\" \/>\n\t\t<meta name=\"twitter:label2\" content=\"Tiempo de lectura estimado\" \/>\n\t\t<meta name=\"twitter:data2\" content=\"3 minutos\" \/>\n\t\t<script type=\"application\/ld+json\" class=\"aioseo-schema\">\n\t\t\t{\"@context\":\"https:\\\/\\\/schema.org\",\"@graph\":[{\"@type\":\"BreadcrumbList\",\"@id\":\"https:\\\/\\\/candas365.es\\\/noticias\\\/taxis-voladores-autonomos-una-realidad-cada-vez-mas-cercana\\\/#breadcrumblist\",\"itemListElement\":[{\"@type\":\"ListItem\",\"@id\":\"https:\\\/\\\/candas365.es\\\/noticias#listItem\",\"position\":1,\"name\":\"Home\",\"item\":\"https:\\\/\\\/candas365.es\\\/noticias\",\"nextItem\":{\"@type\":\"ListItem\",\"@id\":\"https:\\\/\\\/candas365.es\\\/noticias\\\/category\\\/actualidad\\\/#listItem\",\"name\":\"Actualidad\"}},{\"@type\":\"ListItem\",\"@id\":\"https:\\\/\\\/candas365.es\\\/noticias\\\/category\\\/actualidad\\\/#listItem\",\"position\":2,\"name\":\"Actualidad\",\"item\":\"https:\\\/\\\/candas365.es\\\/noticias\\\/category\\\/actualidad\\\/\",\"nextItem\":{\"@type\":\"ListItem\",\"@id\":\"https:\\\/\\\/candas365.es\\\/noticias\\\/taxis-voladores-autonomos-una-realidad-cada-vez-mas-cercana\\\/#listItem\",\"name\":\"Taxis voladores aut\\u00f3nomos, una realidad cada vez m\\u00e1s cercana\"},\"previousItem\":{\"@type\":\"ListItem\",\"@id\":\"https:\\\/\\\/candas365.es\\\/noticias#listItem\",\"name\":\"Home\"}},{\"@type\":\"ListItem\",\"@id\":\"https:\\\/\\\/candas365.es\\\/noticias\\\/taxis-voladores-autonomos-una-realidad-cada-vez-mas-cercana\\\/#listItem\",\"position\":3,\"name\":\"Taxis voladores aut\\u00f3nomos, una realidad cada vez m\\u00e1s cercana\",\"previousItem\":{\"@type\":\"ListItem\",\"@id\":\"https:\\\/\\\/candas365.es\\\/noticias\\\/category\\\/actualidad\\\/#listItem\",\"name\":\"Actualidad\"}}]},{\"@type\":\"NewsArticle\",\"@id\":\"https:\\\/\\\/candas365.es\\\/noticias\\\/taxis-voladores-autonomos-una-realidad-cada-vez-mas-cercana\\\/#newsarticle\",\"name\":\"Taxis voladores aut\\u00f3nomos, una realidad cada vez m\\u00e1s cercana | Cand\\u00e1s 365\",\"headline\":\"Taxis voladores aut\\u00f3nomos, una realidad cada vez m\\u00e1s cercana\",\"author\":{\"@id\":\"https:\\\/\\\/candas365.es\\\/noticias\\\/author\\\/admin\\\/#author\"},\"publisher\":{\"@id\":\"https:\\\/\\\/candas365.es\\\/noticias\\\/#organization\"},\"image\":{\"@type\":\"ImageObject\",\"url\":\"https:\\\/\\\/candas365.es\\\/noticias\\\/wp-content\\\/uploads\\\/2015\\\/09\\\/c365noticias.jpg\",\"width\":655,\"height\":360},\"datePublished\":\"2016-10-26T02:59:27+02:00\",\"dateModified\":\"2016-10-26T02:59:27+02:00\",\"inLanguage\":\"es-ES\",\"mainEntityOfPage\":{\"@id\":\"https:\\\/\\\/candas365.es\\\/noticias\\\/taxis-voladores-autonomos-una-realidad-cada-vez-mas-cercana\\\/#webpage\"},\"isPartOf\":{\"@id\":\"https:\\\/\\\/candas365.es\\\/noticias\\\/taxis-voladores-autonomos-una-realidad-cada-vez-mas-cercana\\\/#webpage\"},\"articleSection\":\"Actualidad\",\"dateline\":\"Publicado el octubre 26, 2016.\"},{\"@type\":\"Organization\",\"@id\":\"https:\\\/\\\/candas365.es\\\/noticias\\\/#organization\",\"name\":\"Cand\\u00e1s 365\",\"description\":\"Cand\\u00e1s 365 es un diario digital independiente, fundado en 2012, con base en Asturias. Informamos con rigor sobre actualidad, sociedad, cultura y ocio, con una mirada local y global.\",\"url\":\"https:\\\/\\\/candas365.es\\\/noticias\\\/\",\"email\":\"info@candas365.es\",\"telephone\":\"+34652131393\",\"foundingDate\":\"2012-06-10\",\"logo\":{\"@type\":\"ImageObject\",\"url\":\"https:\\\/\\\/candas365.es\\\/noticias\\\/wp-content\\\/uploads\\\/2024\\\/09\\\/Candas-365-Redes.jpg\",\"@id\":\"https:\\\/\\\/candas365.es\\\/noticias\\\/taxis-voladores-autonomos-una-realidad-cada-vez-mas-cercana\\\/#organizationLogo\",\"width\":1152,\"height\":864,\"caption\":\"Cand\\u00e1s 365 Redes\"},\"image\":{\"@id\":\"https:\\\/\\\/candas365.es\\\/noticias\\\/taxis-voladores-autonomos-una-realidad-cada-vez-mas-cercana\\\/#organizationLogo\"},\"sameAs\":[\"https:\\\/\\\/www.facebook.com\\\/Nachofdezber\",\"https:\\\/\\\/x.com\\\/NabercoDigital\",\"https:\\\/\\\/www.instagram.com\\\/nachofdezber\\\/\",\"https:\\\/\\\/www.youtube.com\\\/channel\\\/UCZP-2wLEB9Rv6erhFmqVnvg\"],\"address\":{\"@id\":\"https:\\\/\\\/candas365.es\\\/noticias\\\/#postaladdress\",\"@type\":\"PostalAddress\",\"streetAddress\":\"san antonio 4, san antonio 4\",\"postalCode\":\"33430\",\"addressLocality\":\"Cand\\u00e1s\",\"addressRegion\":\"Asturias\",\"addressCountry\":\"ES\"}},{\"@type\":\"Person\",\"@id\":\"https:\\\/\\\/candas365.es\\\/noticias\\\/author\\\/admin\\\/#author\",\"url\":\"https:\\\/\\\/candas365.es\\\/noticias\\\/author\\\/admin\\\/\",\"name\":\"Cand\\u00e1s 365\",\"image\":{\"@type\":\"ImageObject\",\"@id\":\"https:\\\/\\\/candas365.es\\\/noticias\\\/taxis-voladores-autonomos-una-realidad-cada-vez-mas-cercana\\\/#authorImage\",\"url\":\"https:\\\/\\\/secure.gravatar.com\\\/avatar\\\/496a8e03d0c493ede1718b7934145dbdf8d89be1036b0eec9544e1094c9de390?s=96&d=mm&r=g\",\"width\":96,\"height\":96,\"caption\":\"Cand\\u00e1s 365\"},\"sameAs\":[\"https:\\\/\\\/www.facebook.com\\\/carrenoactualidad\",\"https:\\\/\\\/twitter.com\\\/nbasturias\",\"https:\\\/\\\/www.instagram.com\\\/nachofdezber\\\/\",\"https:\\\/\\\/www.youtube.com\\\/channel\\\/UCZP-2wLEB9Rv6erhFmqVnvg\"]},{\"@type\":\"WebPage\",\"@id\":\"https:\\\/\\\/candas365.es\\\/noticias\\\/taxis-voladores-autonomos-una-realidad-cada-vez-mas-cercana\\\/#webpage\",\"url\":\"https:\\\/\\\/candas365.es\\\/noticias\\\/taxis-voladores-autonomos-una-realidad-cada-vez-mas-cercana\\\/\",\"name\":\"Taxis voladores aut\\u00f3nomos, una realidad cada vez m\\u00e1s cercana | Cand\\u00e1s 365\",\"description\":\"Cuando se piensa en taxis voladores, se piensa en un futuro muy lejano, o en pel\\u00edculas de ciencia ficci\\u00f3n como Blade Runner, pero es una idea en la que se trabaja constantemente desde los a\\u00f1os setenta, ya sea desde el punto de vista de proyectos peque\\u00f1os, al de grandes compa\\u00f1\\u00edas aeron\\u00e1uticas. Otra cosa es lo\",\"inLanguage\":\"es-ES\",\"isPartOf\":{\"@id\":\"https:\\\/\\\/candas365.es\\\/noticias\\\/#website\"},\"breadcrumb\":{\"@id\":\"https:\\\/\\\/candas365.es\\\/noticias\\\/taxis-voladores-autonomos-una-realidad-cada-vez-mas-cercana\\\/#breadcrumblist\"},\"author\":{\"@id\":\"https:\\\/\\\/candas365.es\\\/noticias\\\/author\\\/admin\\\/#author\"},\"creator\":{\"@id\":\"https:\\\/\\\/candas365.es\\\/noticias\\\/author\\\/admin\\\/#author\"},\"image\":{\"@type\":\"ImageObject\",\"url\":\"https:\\\/\\\/candas365.es\\\/noticias\\\/wp-content\\\/uploads\\\/2015\\\/09\\\/c365noticias.jpg\",\"@id\":\"https:\\\/\\\/candas365.es\\\/noticias\\\/taxis-voladores-autonomos-una-realidad-cada-vez-mas-cercana\\\/#mainImage\",\"width\":655,\"height\":360},\"primaryImageOfPage\":{\"@id\":\"https:\\\/\\\/candas365.es\\\/noticias\\\/taxis-voladores-autonomos-una-realidad-cada-vez-mas-cercana\\\/#mainImage\"},\"datePublished\":\"2016-10-26T02:59:27+02:00\",\"dateModified\":\"2016-10-26T02:59:27+02:00\"},{\"@type\":\"WebSite\",\"@id\":\"https:\\\/\\\/candas365.es\\\/noticias\\\/#website\",\"url\":\"https:\\\/\\\/candas365.es\\\/noticias\\\/\",\"name\":\"Cand\\u00e1s 365\",\"alternateName\":\"Cand\\u00e1s 365 Noticias\",\"description\":\"Actualidad desde Carre\\u00f1o para el mundo\",\"inLanguage\":\"es-ES\",\"publisher\":{\"@id\":\"https:\\\/\\\/candas365.es\\\/noticias\\\/#organization\"}}]}\n\t\t<\/script>\n\t\t<!-- All in One SEO Pro -->\r\n\t\t<title>Taxis voladores aut\u00f3nomos, una realidad cada vez m\u00e1s cercana | Cand\u00e1s 365<\/title>\n\n","aioseo_head_json":{"title":"Taxis voladores aut\u00f3nomos, una realidad cada vez m\u00e1s cercana | Cand\u00e1s 365","description":"Cuando se piensa en taxis voladores, se piensa en un futuro muy lejano, o en pel\u00edculas de ciencia ficci\u00f3n como Blade Runner, pero es una idea en la que se trabaja constantemente desde los a\u00f1os setenta, ya sea desde el punto de vista de proyectos peque\u00f1os, al de grandes compa\u00f1\u00edas aeron\u00e1uticas. Otra cosa es lo","canonical_url":"https:\/\/candas365.es\/noticias\/taxis-voladores-autonomos-una-realidad-cada-vez-mas-cercana\/","robots":"max-image-preview:large","keywords":"actualidad","webmasterTools":{"google-site-verification":"UA-32230408-1","msvalidate.01":"354F3CDFB2DA171B47FBE9ABF1F88D5","miscellaneous":""},"schema":{"@context":"https:\/\/schema.org","@graph":[{"@type":"BreadcrumbList","@id":"https:\/\/candas365.es\/noticias\/taxis-voladores-autonomos-una-realidad-cada-vez-mas-cercana\/#breadcrumblist","itemListElement":[{"@type":"ListItem","@id":"https:\/\/candas365.es\/noticias#listItem","position":1,"name":"Home","item":"https:\/\/candas365.es\/noticias","nextItem":{"@type":"ListItem","@id":"https:\/\/candas365.es\/noticias\/category\/actualidad\/#listItem","name":"Actualidad"}},{"@type":"ListItem","@id":"https:\/\/candas365.es\/noticias\/category\/actualidad\/#listItem","position":2,"name":"Actualidad","item":"https:\/\/candas365.es\/noticias\/category\/actualidad\/","nextItem":{"@type":"ListItem","@id":"https:\/\/candas365.es\/noticias\/taxis-voladores-autonomos-una-realidad-cada-vez-mas-cercana\/#listItem","name":"Taxis voladores aut\u00f3nomos, una realidad cada vez m\u00e1s cercana"},"previousItem":{"@type":"ListItem","@id":"https:\/\/candas365.es\/noticias#listItem","name":"Home"}},{"@type":"ListItem","@id":"https:\/\/candas365.es\/noticias\/taxis-voladores-autonomos-una-realidad-cada-vez-mas-cercana\/#listItem","position":3,"name":"Taxis voladores aut\u00f3nomos, una realidad cada vez m\u00e1s cercana","previousItem":{"@type":"ListItem","@id":"https:\/\/candas365.es\/noticias\/category\/actualidad\/#listItem","name":"Actualidad"}}]},{"@type":"NewsArticle","@id":"https:\/\/candas365.es\/noticias\/taxis-voladores-autonomos-una-realidad-cada-vez-mas-cercana\/#newsarticle","name":"Taxis voladores aut\u00f3nomos, una realidad cada vez m\u00e1s cercana | Cand\u00e1s 365","headline":"Taxis voladores aut\u00f3nomos, una realidad cada vez m\u00e1s cercana","author":{"@id":"https:\/\/candas365.es\/noticias\/author\/admin\/#author"},"publisher":{"@id":"https:\/\/candas365.es\/noticias\/#organization"},"image":{"@type":"ImageObject","url":"https:\/\/candas365.es\/noticias\/wp-content\/uploads\/2015\/09\/c365noticias.jpg","width":655,"height":360},"datePublished":"2016-10-26T02:59:27+02:00","dateModified":"2016-10-26T02:59:27+02:00","inLanguage":"es-ES","mainEntityOfPage":{"@id":"https:\/\/candas365.es\/noticias\/taxis-voladores-autonomos-una-realidad-cada-vez-mas-cercana\/#webpage"},"isPartOf":{"@id":"https:\/\/candas365.es\/noticias\/taxis-voladores-autonomos-una-realidad-cada-vez-mas-cercana\/#webpage"},"articleSection":"Actualidad","dateline":"Publicado el octubre 26, 2016."},{"@type":"Organization","@id":"https:\/\/candas365.es\/noticias\/#organization","name":"Cand\u00e1s 365","description":"Cand\u00e1s 365 es un diario digital independiente, fundado en 2012, con base en Asturias. Informamos con rigor sobre actualidad, sociedad, cultura y ocio, con una mirada local y global.","url":"https:\/\/candas365.es\/noticias\/","email":"info@candas365.es","telephone":"+34652131393","foundingDate":"2012-06-10","logo":{"@type":"ImageObject","url":"https:\/\/candas365.es\/noticias\/wp-content\/uploads\/2024\/09\/Candas-365-Redes.jpg","@id":"https:\/\/candas365.es\/noticias\/taxis-voladores-autonomos-una-realidad-cada-vez-mas-cercana\/#organizationLogo","width":1152,"height":864,"caption":"Cand\u00e1s 365 Redes"},"image":{"@id":"https:\/\/candas365.es\/noticias\/taxis-voladores-autonomos-una-realidad-cada-vez-mas-cercana\/#organizationLogo"},"sameAs":["https:\/\/www.facebook.com\/Nachofdezber","https:\/\/x.com\/NabercoDigital","https:\/\/www.instagram.com\/nachofdezber\/","https:\/\/www.youtube.com\/channel\/UCZP-2wLEB9Rv6erhFmqVnvg"],"address":{"@id":"https:\/\/candas365.es\/noticias\/#postaladdress","@type":"PostalAddress","streetAddress":"san antonio 4, san antonio 4","postalCode":"33430","addressLocality":"Cand\u00e1s","addressRegion":"Asturias","addressCountry":"ES"}},{"@type":"Person","@id":"https:\/\/candas365.es\/noticias\/author\/admin\/#author","url":"https:\/\/candas365.es\/noticias\/author\/admin\/","name":"Cand\u00e1s 365","image":{"@type":"ImageObject","@id":"https:\/\/candas365.es\/noticias\/taxis-voladores-autonomos-una-realidad-cada-vez-mas-cercana\/#authorImage","url":"https:\/\/secure.gravatar.com\/avatar\/496a8e03d0c493ede1718b7934145dbdf8d89be1036b0eec9544e1094c9de390?s=96&d=mm&r=g","width":96,"height":96,"caption":"Cand\u00e1s 365"},"sameAs":["https:\/\/www.facebook.com\/carrenoactualidad","https:\/\/twitter.com\/nbasturias","https:\/\/www.instagram.com\/nachofdezber\/","https:\/\/www.youtube.com\/channel\/UCZP-2wLEB9Rv6erhFmqVnvg"]},{"@type":"WebPage","@id":"https:\/\/candas365.es\/noticias\/taxis-voladores-autonomos-una-realidad-cada-vez-mas-cercana\/#webpage","url":"https:\/\/candas365.es\/noticias\/taxis-voladores-autonomos-una-realidad-cada-vez-mas-cercana\/","name":"Taxis voladores aut\u00f3nomos, una realidad cada vez m\u00e1s cercana | Cand\u00e1s 365","description":"Cuando se piensa en taxis voladores, se piensa en un futuro muy lejano, o en pel\u00edculas de ciencia ficci\u00f3n como Blade Runner, pero es una idea en la que se trabaja constantemente desde los a\u00f1os setenta, ya sea desde el punto de vista de proyectos peque\u00f1os, al de grandes compa\u00f1\u00edas aeron\u00e1uticas. Otra cosa es lo","inLanguage":"es-ES","isPartOf":{"@id":"https:\/\/candas365.es\/noticias\/#website"},"breadcrumb":{"@id":"https:\/\/candas365.es\/noticias\/taxis-voladores-autonomos-una-realidad-cada-vez-mas-cercana\/#breadcrumblist"},"author":{"@id":"https:\/\/candas365.es\/noticias\/author\/admin\/#author"},"creator":{"@id":"https:\/\/candas365.es\/noticias\/author\/admin\/#author"},"image":{"@type":"ImageObject","url":"https:\/\/candas365.es\/noticias\/wp-content\/uploads\/2015\/09\/c365noticias.jpg","@id":"https:\/\/candas365.es\/noticias\/taxis-voladores-autonomos-una-realidad-cada-vez-mas-cercana\/#mainImage","width":655,"height":360},"primaryImageOfPage":{"@id":"https:\/\/candas365.es\/noticias\/taxis-voladores-autonomos-una-realidad-cada-vez-mas-cercana\/#mainImage"},"datePublished":"2016-10-26T02:59:27+02:00","dateModified":"2016-10-26T02:59:27+02:00"},{"@type":"WebSite","@id":"https:\/\/candas365.es\/noticias\/#website","url":"https:\/\/candas365.es\/noticias\/","name":"Cand\u00e1s 365","alternateName":"Cand\u00e1s 365 Noticias","description":"Actualidad desde Carre\u00f1o para el mundo","inLanguage":"es-ES","publisher":{"@id":"https:\/\/candas365.es\/noticias\/#organization"}}]},"og:locale":"es_ES","og:site_name":"Cand\u00e1s 365","og:type":"article","og:title":"Taxis voladores aut\u00f3nomos, una realidad cada vez m\u00e1s cercana | Cand\u00e1s 365","og:description":"Cuando se piensa en taxis voladores, se piensa en un futuro muy lejano, o en pel\u00edculas de ciencia ficci\u00f3n como Blade Runner, pero es una idea en la que se trabaja constantemente desde los a\u00f1os setenta, ya sea desde el punto de vista de proyectos peque\u00f1os, al de grandes compa\u00f1\u00edas aeron\u00e1uticas. Otra cosa es lo","og:url":"https:\/\/candas365.es\/noticias\/taxis-voladores-autonomos-una-realidad-cada-vez-mas-cercana\/","og:image":"https:\/\/candas365.es\/noticias\/wp-content\/uploads\/2015\/09\/c365noticias.jpg","og:image:secure_url":"https:\/\/candas365.es\/noticias\/wp-content\/uploads\/2015\/09\/c365noticias.jpg","og:image:width":655,"og:image:height":360,"article:published_time":"2016-10-26T01:29:27+00:00","article:modified_time":"2016-10-26T01:29:27+00:00","article:publisher":"https:\/\/www.facebook.com\/Nachofdezber","article:author":"https:\/\/www.facebook.com\/carrenoactualidad","twitter:card":"summary_large_image","twitter:site":"@NabercoDigital","twitter:title":"Taxis voladores aut\u00f3nomos, una realidad cada vez m\u00e1s cercana | Cand\u00e1s 365","twitter:description":"Cuando se piensa en taxis voladores, se piensa en un futuro muy lejano, o en pel\u00edculas de ciencia ficci\u00f3n como Blade Runner, pero es una idea en la que se trabaja constantemente desde los a\u00f1os setenta, ya sea desde el punto de vista de proyectos peque\u00f1os, al de grandes compa\u00f1\u00edas aeron\u00e1uticas. Otra cosa es lo","twitter:creator":"@nbasturias","twitter:image":"https:\/\/candas365.es\/noticias\/wp-content\/uploads\/2015\/09\/c365noticias.jpg","twitter:label1":"Escrito por","twitter:data1":"Cand\u00e1s 365","twitter:label2":"Tiempo de lectura estimado","twitter:data2":"3 minutos"},"aioseo_meta_data":{"post_id":"34782","title":null,"description":null,"keywords":null,"keyphrases":null,"primary_term":null,"canonical_url":null,"og_title":null,"og_description":null,"og_object_type":"default","og_image_type":"default","og_image_url":null,"og_image_width":null,"og_image_height":null,"og_image_custom_url":null,"og_image_custom_fields":null,"og_video":null,"og_custom_url":null,"og_article_section":null,"og_article_tags":null,"twitter_use_og":false,"twitter_card":"default","twitter_image_type":"default","twitter_image_url":null,"twitter_image_custom_url":null,"twitter_image_custom_fields":null,"twitter_title":null,"twitter_description":null,"schema":{"blockGraphs":[],"customGraphs":[],"default":{"data":{"Article":[],"Course":[],"Dataset":[],"FAQPage":[],"Movie":[],"Person":[],"Product":[],"ProductReview":[],"Car":[],"Recipe":[],"Service":[],"SoftwareApplication":[],"WebPage":[]},"graphName":"","isEnabled":true},"graphs":[],"defaultGraph":"","defaultPostTypeGraph":""},"schema_type":null,"schema_type_options":null,"pillar_content":false,"robots_default":true,"robots_noindex":false,"robots_noarchive":false,"robots_nosnippet":false,"robots_nofollow":false,"robots_noimageindex":false,"robots_noodp":false,"robots_notranslate":false,"robots_max_snippet":null,"robots_max_videopreview":null,"robots_max_imagepreview":"large","priority":null,"frequency":null,"location":null,"local_seo":null,"seo_analyzer_scan_date":"2025-08-24 18:21:14","breadcrumb_settings":null,"limit_modified_date":false,"reviewed_by":null,"open_ai":null,"ai":null,"created":"2020-12-21 11:31:23","updated":"2025-08-24 18:21:14"},"aioseo_breadcrumb":"<div class=\"aioseo-breadcrumbs\"><span class=\"aioseo-breadcrumb\">\n\t<a href=\"https:\/\/candas365.es\/noticias\" title=\"Home\">Home<\/a>\n<\/span><span class=\"aioseo-breadcrumb-separator\">&ndash;<\/span><span class=\"aioseo-breadcrumb\">\n\t<a href=\"https:\/\/candas365.es\/noticias\/category\/actualidad\/\" title=\"Actualidad\">Actualidad<\/a>\n<\/span><span class=\"aioseo-breadcrumb-separator\">&ndash;<\/span><span class=\"aioseo-breadcrumb\">\n\tTaxis voladores aut\u00f3nomos, una realidad cada vez m\u00e1s cercana\n<\/span><\/div>","aioseo_breadcrumb_json":[{"label":"Home","link":"https:\/\/candas365.es\/noticias"},{"label":"Actualidad","link":"https:\/\/candas365.es\/noticias\/category\/actualidad\/"},{"label":"Taxis voladores aut\u00f3nomos, una realidad cada vez m\u00e1s cercana","link":"https:\/\/candas365.es\/noticias\/taxis-voladores-autonomos-una-realidad-cada-vez-mas-cercana\/"}],"_links":{"self":[{"href":"https:\/\/candas365.es\/noticias\/wp-json\/wp\/v2\/posts\/34782","targetHints":{"allow":["GET"]}}],"collection":[{"href":"https:\/\/candas365.es\/noticias\/wp-json\/wp\/v2\/posts"}],"about":[{"href":"https:\/\/candas365.es\/noticias\/wp-json\/wp\/v2\/types\/post"}],"author":[{"embeddable":true,"href":"https:\/\/candas365.es\/noticias\/wp-json\/wp\/v2\/users\/1"}],"replies":[{"embeddable":true,"href":"https:\/\/candas365.es\/noticias\/wp-json\/wp\/v2\/comments?post=34782"}],"version-history":[{"count":0,"href":"https:\/\/candas365.es\/noticias\/wp-json\/wp\/v2\/posts\/34782\/revisions"}],"wp:featuredmedia":[{"embeddable":true,"href":"https:\/\/candas365.es\/noticias\/wp-json\/wp\/v2\/media\/16457"}],"wp:attachment":[{"href":"https:\/\/candas365.es\/noticias\/wp-json\/wp\/v2\/media?parent=34782"}],"wp:term":[{"taxonomy":"category","embeddable":true,"href":"https:\/\/candas365.es\/noticias\/wp-json\/wp\/v2\/categories?post=34782"},{"taxonomy":"post_tag","embeddable":true,"href":"https:\/\/candas365.es\/noticias\/wp-json\/wp\/v2\/tags?post=34782"}],"curies":[{"name":"wp","href":"https:\/\/api.w.org\/{rel}","templated":true}]}}