{"id":34776,"date":"2016-10-26T02:53:28","date_gmt":"2016-10-26T01:23:28","guid":{"rendered":"http:\/\/candas365.es\/noticias\/?p=34776"},"modified":"2016-10-26T02:53:28","modified_gmt":"2016-10-26T01:23:28","slug":"consecuencias-de-la-crisis-del-galaxy-note-7-sobre-el-galaxy-s8","status":"publish","type":"post","link":"https:\/\/candas365.es\/noticias\/consecuencias-de-la-crisis-del-galaxy-note-7-sobre-el-galaxy-s8\/","title":{"rendered":"Consecuencias de la crisis del Galaxy Note 7 sobre el Galaxy S8"},"content":{"rendered":"<p>Han pasado ya bastantes semanas desde que Samsung anunci\u00f3 y reconoci\u00f3 que hab\u00eda que recoger a los Galaxy Note 7 que se hab\u00eda distribuido por el mercado, pues a d\u00eda de hoy todav\u00eda no est\u00e1 clara la raz\u00f3n por la que esos tel\u00e9fonos se calientan y explotan. El mayor problema ya parecen haberlo pasado, pero tambi\u00e9n puede estar causando da\u00f1os colaterales en la casa: cambiar la fecha de salida del pr\u00f3ximo tel\u00e9fono importante, el Galaxy S8.<\/p>\n<p>El misterioso error deber\u00eda estar relacionado con las bater\u00edas, as\u00ed no los vendieron en sus r\u00e1pidas comunicaciones, pero todav\u00eda no est\u00e1 clara &#8211; o es p\u00fablica &#8211; la verdadera raz\u00f3n por la que el Note 7 funciona mal. Una representante de la compa\u00f1\u00eda cuenta a WSJ que todav\u00eda est\u00e1n investigando en la causa:<\/p>\n<p>Reconocemos que no se identific\u00f3 correctamente el problema en primera instancia y seguimos comprometidos con la b\u00fasqueda de la causa. Nuestra m\u00e1xima prioridad es la seguridad de nuestros clientes y recuperar el 100% de los Note Galaxy 7 que hay en mercado<\/p>\n<p>Samsung est\u00e1 realizando un esfuerzo que ya aseguran que ha trastocado los planes iniciales con el Samsung Galaxy S8. Al parecer ya se habr\u00eda retrasado en un par de semanas su salida, intentando determinar que aquello que en el Note 7 ha ido mal, no vuelva a ocurrir jam\u00e1s. Esto lo cuenta un miembro del equipo de desarrollo del nuevo tel\u00e9fono a WSJ.<\/p>\n<p>Si todo marcha como debiera, el nuevo gran tel\u00e9fono de Samsung tendr\u00eda que usar el MWC como punto de presentaci\u00f3n: 26 de febrero. Es un evento que los coreanos suelen usar y esta vez tienen bastante prisa en tener un nuevo buque insignia en el mercado.<\/p>\n<p>\u00bfD\u00f3nde est\u00e1 el problema?<br \/>\nCuando empezaron a explotar tel\u00e9fonos que no llevaban bater\u00edas creadas por Samsung, se empez\u00f3 a entender que el error podr\u00eda estar en otro punto. Hubo muchas prisas en culpar a la bater\u00eda. A\u00fan no se ha resuelto, pero la informaci\u00f3n que se conoce es que los coreanos se apresuraron a culpar a las bater\u00edas, cuando pueden ser otras causas las que est\u00e9n generando la desagradable situaci\u00f3n.<\/p>\n<p>Expertos fuera de Samsung apuntan al software que gestiona la interacci\u00f3n de la bater\u00eda con otros componentes del equipo, otros aseguran que el problema podr\u00eda estar directamente en el dise\u00f1o de la placa base principal.<\/p>\n<p>Una tercera v\u00eda, que llega de la propia Samsung, habla de que la carcasa de las bater\u00edas es demasiado peque\u00f1a para la capacidad de las mismas. Ya se ver\u00e1 si en Galaxy S8 juegan con una densidad tan alta para el espacio, o nos encontramos con una bater\u00eda m\u00e1s moderada.<\/p>\n<p>Tuvieron mucha prisa en dar un diagn\u00f3stico y retirar el tel\u00e9fono del mercado, realizando el proceso sin tener en cuenta a organismos reguladores de mercado, tanto en Estados Unidos como en Corea del Sur. En su pa\u00eds natal el gobierno emprendi\u00f3 una investigaci\u00f3n al margen de Samsung, y tampoco ha encontrado una causa clara.<\/p>\n<p>En Hong Kong se venden a precio especial<br \/>\nSe ve\u00eda venir, hay usuarios que no han querido devolver el tel\u00e9fono, y como pieza especial en la historia de la telefon\u00eda m\u00f3vil, se va a intentar hacer negocio con esas unidades. Richard Lai muestra que hay tiendas en Hong Kong vendiendo el producto a un \u00abprecio especial\u00bb: no sabemos si es m\u00e1s caro, o m\u00e1s barato, lo que s\u00ed vemos es que tienen bastante stock para tratarse de una tienda peque\u00f1a:<\/p>\n<blockquote><p>Yeah, this shop in Hong Kong is still selling Samsung Galaxy Note 7 at a \u00abspecial price.\u00bb I didn&#8217;t dare to ask how much. pic.twitter.com\/ekW4gf3ET9<br \/>\n\u2014 Richard Lai (@richardlai) 22 de octubre de 2016<\/p><\/blockquote>\n<p>La noticia \u00abLa causa por la que explotan los Samsung Galaxy Note 7 es todav\u00eda un misterio que ya est\u00e1 afectando al Galaxy S8\u00bb fue publicada originalmente en Xataka.<\/p>\n<p>&nbsp;<\/p>\n","protected":false},"excerpt":{"rendered":"<p>Han pasado ya bastantes semanas desde que Samsung anunci\u00f3 y reconoci\u00f3 que hab\u00eda que recoger a los Galaxy Note 7 que se hab\u00eda distribuido por el mercado, pues a d\u00eda de hoy todav\u00eda no est\u00e1 clara la raz\u00f3n por la que esos tel\u00e9fonos se calientan y explotan. El mayor problema ya parecen haberlo pasado, pero<\/p>\n","protected":false},"author":1,"featured_media":16457,"comment_status":"closed","ping_status":"closed","sticky":false,"template":"","format":"standard","meta":{"footnotes":""},"categories":[343],"tags":[],"class_list":{"0":"post-34776","1":"post","2":"type-post","3":"status-publish","4":"format-standard","5":"has-post-thumbnail","7":"category-actualidad"},"aioseo_notices":[],"aioseo_head":"\n\t\t<!-- All in One SEO Pro 4.9.6.2 - aioseo.com -->\n\t<meta name=\"description\" content=\"Han pasado ya bastantes semanas desde que Samsung anunci\u00f3 y reconoci\u00f3 que hab\u00eda que recoger a los Galaxy Note 7 que se hab\u00eda distribuido por el mercado, pues a d\u00eda de hoy todav\u00eda no est\u00e1 clara la raz\u00f3n por la que esos tel\u00e9fonos se calientan y explotan. El mayor problema ya parecen haberlo pasado, pero\" \/>\n\t<meta name=\"robots\" content=\"max-image-preview:large\" \/>\n\t<meta name=\"author\" content=\"Cand\u00e1s 365\"\/>\n\t<meta name=\"google-site-verification\" content=\"UA-32230408-1\" \/>\n\t<meta name=\"msvalidate.01\" content=\"354F3CDFB2DA171B47FBE9ABF1F88D5\" \/>\n\t<meta name=\"keywords\" content=\"actualidad\" \/>\n\t<link rel=\"canonical\" href=\"https:\/\/candas365.es\/noticias\/consecuencias-de-la-crisis-del-galaxy-note-7-sobre-el-galaxy-s8\/\" \/>\n\t<meta name=\"generator\" content=\"All in One SEO Pro (AIOSEO) 4.9.6.2\" \/>\n\t\t<meta property=\"og:locale\" content=\"es_ES\" \/>\n\t\t<meta property=\"og:site_name\" content=\"Cand\u00e1s 365\" \/>\n\t\t<meta property=\"og:type\" content=\"article\" \/>\n\t\t<meta property=\"og:title\" content=\"Consecuencias de la crisis del Galaxy Note 7 sobre el Galaxy S8 | Cand\u00e1s 365\" \/>\n\t\t<meta property=\"og:description\" content=\"Han pasado ya bastantes semanas desde que Samsung anunci\u00f3 y reconoci\u00f3 que hab\u00eda que recoger a los Galaxy Note 7 que se hab\u00eda distribuido por el mercado, pues a d\u00eda de hoy todav\u00eda no est\u00e1 clara la raz\u00f3n por la que esos tel\u00e9fonos se calientan y explotan. El mayor problema ya parecen haberlo pasado, pero\" \/>\n\t\t<meta property=\"og:url\" content=\"https:\/\/candas365.es\/noticias\/consecuencias-de-la-crisis-del-galaxy-note-7-sobre-el-galaxy-s8\/\" \/>\n\t\t<meta property=\"og:image\" content=\"https:\/\/candas365.es\/noticias\/wp-content\/uploads\/2015\/09\/c365noticias.jpg\" \/>\n\t\t<meta property=\"og:image:secure_url\" content=\"https:\/\/candas365.es\/noticias\/wp-content\/uploads\/2015\/09\/c365noticias.jpg\" \/>\n\t\t<meta property=\"og:image:width\" content=\"655\" \/>\n\t\t<meta property=\"og:image:height\" content=\"360\" \/>\n\t\t<meta property=\"article:published_time\" content=\"2016-10-26T01:23:28+00:00\" \/>\n\t\t<meta property=\"article:modified_time\" content=\"2016-10-26T01:23:28+00:00\" \/>\n\t\t<meta property=\"article:publisher\" content=\"https:\/\/www.facebook.com\/Nachofdezber\" \/>\n\t\t<meta property=\"article:author\" content=\"https:\/\/www.facebook.com\/carrenoactualidad\" \/>\n\t\t<meta name=\"twitter:card\" content=\"summary_large_image\" \/>\n\t\t<meta name=\"twitter:site\" content=\"@NabercoDigital\" \/>\n\t\t<meta name=\"twitter:title\" content=\"Consecuencias de la crisis del Galaxy Note 7 sobre el Galaxy S8 | Cand\u00e1s 365\" \/>\n\t\t<meta name=\"twitter:description\" content=\"Han pasado ya bastantes semanas desde que Samsung anunci\u00f3 y reconoci\u00f3 que hab\u00eda que recoger a los Galaxy Note 7 que se hab\u00eda distribuido por el mercado, pues a d\u00eda de hoy todav\u00eda no est\u00e1 clara la raz\u00f3n por la que esos tel\u00e9fonos se calientan y explotan. El mayor problema ya parecen haberlo pasado, pero\" \/>\n\t\t<meta name=\"twitter:creator\" content=\"@nbasturias\" \/>\n\t\t<meta name=\"twitter:image\" content=\"https:\/\/candas365.es\/noticias\/wp-content\/uploads\/2015\/09\/c365noticias.jpg\" \/>\n\t\t<meta name=\"twitter:label1\" content=\"Escrito por\" \/>\n\t\t<meta name=\"twitter:data1\" content=\"Cand\u00e1s 365\" \/>\n\t\t<meta name=\"twitter:label2\" content=\"Tiempo de lectura estimado\" \/>\n\t\t<meta name=\"twitter:data2\" content=\"3 minutos\" \/>\n\t\t<script type=\"application\/ld+json\" class=\"aioseo-schema\">\n\t\t\t{\"@context\":\"https:\\\/\\\/schema.org\",\"@graph\":[{\"@type\":\"BreadcrumbList\",\"@id\":\"https:\\\/\\\/candas365.es\\\/noticias\\\/consecuencias-de-la-crisis-del-galaxy-note-7-sobre-el-galaxy-s8\\\/#breadcrumblist\",\"itemListElement\":[{\"@type\":\"ListItem\",\"@id\":\"https:\\\/\\\/candas365.es\\\/noticias#listItem\",\"position\":1,\"name\":\"Home\",\"item\":\"https:\\\/\\\/candas365.es\\\/noticias\",\"nextItem\":{\"@type\":\"ListItem\",\"@id\":\"https:\\\/\\\/candas365.es\\\/noticias\\\/category\\\/actualidad\\\/#listItem\",\"name\":\"Actualidad\"}},{\"@type\":\"ListItem\",\"@id\":\"https:\\\/\\\/candas365.es\\\/noticias\\\/category\\\/actualidad\\\/#listItem\",\"position\":2,\"name\":\"Actualidad\",\"item\":\"https:\\\/\\\/candas365.es\\\/noticias\\\/category\\\/actualidad\\\/\",\"nextItem\":{\"@type\":\"ListItem\",\"@id\":\"https:\\\/\\\/candas365.es\\\/noticias\\\/consecuencias-de-la-crisis-del-galaxy-note-7-sobre-el-galaxy-s8\\\/#listItem\",\"name\":\"Consecuencias de la crisis del Galaxy Note 7 sobre el Galaxy S8\"},\"previousItem\":{\"@type\":\"ListItem\",\"@id\":\"https:\\\/\\\/candas365.es\\\/noticias#listItem\",\"name\":\"Home\"}},{\"@type\":\"ListItem\",\"@id\":\"https:\\\/\\\/candas365.es\\\/noticias\\\/consecuencias-de-la-crisis-del-galaxy-note-7-sobre-el-galaxy-s8\\\/#listItem\",\"position\":3,\"name\":\"Consecuencias de la crisis del Galaxy Note 7 sobre el Galaxy S8\",\"previousItem\":{\"@type\":\"ListItem\",\"@id\":\"https:\\\/\\\/candas365.es\\\/noticias\\\/category\\\/actualidad\\\/#listItem\",\"name\":\"Actualidad\"}}]},{\"@type\":\"NewsArticle\",\"@id\":\"https:\\\/\\\/candas365.es\\\/noticias\\\/consecuencias-de-la-crisis-del-galaxy-note-7-sobre-el-galaxy-s8\\\/#newsarticle\",\"name\":\"Consecuencias de la crisis del Galaxy Note 7 sobre el Galaxy S8 | Cand\\u00e1s 365\",\"headline\":\"Consecuencias de la crisis del Galaxy Note 7 sobre el Galaxy S8\",\"author\":{\"@id\":\"https:\\\/\\\/candas365.es\\\/noticias\\\/author\\\/admin\\\/#author\"},\"publisher\":{\"@id\":\"https:\\\/\\\/candas365.es\\\/noticias\\\/#organization\"},\"image\":{\"@type\":\"ImageObject\",\"url\":\"https:\\\/\\\/candas365.es\\\/noticias\\\/wp-content\\\/uploads\\\/2015\\\/09\\\/c365noticias.jpg\",\"width\":655,\"height\":360},\"datePublished\":\"2016-10-26T02:53:28+02:00\",\"dateModified\":\"2016-10-26T02:53:28+02:00\",\"inLanguage\":\"es-ES\",\"mainEntityOfPage\":{\"@id\":\"https:\\\/\\\/candas365.es\\\/noticias\\\/consecuencias-de-la-crisis-del-galaxy-note-7-sobre-el-galaxy-s8\\\/#webpage\"},\"isPartOf\":{\"@id\":\"https:\\\/\\\/candas365.es\\\/noticias\\\/consecuencias-de-la-crisis-del-galaxy-note-7-sobre-el-galaxy-s8\\\/#webpage\"},\"articleSection\":\"Actualidad\",\"dateline\":\"Publicado el octubre 26, 2016.\"},{\"@type\":\"Organization\",\"@id\":\"https:\\\/\\\/candas365.es\\\/noticias\\\/#organization\",\"name\":\"Cand\\u00e1s 365\",\"description\":\"Cand\\u00e1s 365 es un diario digital independiente, fundado en 2012, con base en Asturias. Informamos con rigor sobre actualidad, sociedad, cultura y ocio, con una mirada local y global.\",\"url\":\"https:\\\/\\\/candas365.es\\\/noticias\\\/\",\"email\":\"info@candas365.es\",\"telephone\":\"+34652131393\",\"foundingDate\":\"2012-06-10\",\"logo\":{\"@type\":\"ImageObject\",\"url\":\"https:\\\/\\\/candas365.es\\\/noticias\\\/wp-content\\\/uploads\\\/2024\\\/09\\\/Candas-365-Redes.jpg\",\"@id\":\"https:\\\/\\\/candas365.es\\\/noticias\\\/consecuencias-de-la-crisis-del-galaxy-note-7-sobre-el-galaxy-s8\\\/#organizationLogo\",\"width\":1152,\"height\":864,\"caption\":\"Cand\\u00e1s 365 Redes\"},\"image\":{\"@id\":\"https:\\\/\\\/candas365.es\\\/noticias\\\/consecuencias-de-la-crisis-del-galaxy-note-7-sobre-el-galaxy-s8\\\/#organizationLogo\"},\"sameAs\":[\"https:\\\/\\\/www.facebook.com\\\/Nachofdezber\",\"https:\\\/\\\/x.com\\\/NabercoDigital\",\"https:\\\/\\\/www.instagram.com\\\/nachofdezber\\\/\",\"https:\\\/\\\/www.youtube.com\\\/channel\\\/UCZP-2wLEB9Rv6erhFmqVnvg\"],\"address\":{\"@id\":\"https:\\\/\\\/candas365.es\\\/noticias\\\/#postaladdress\",\"@type\":\"PostalAddress\",\"streetAddress\":\"san antonio 4, san antonio 4\",\"postalCode\":\"33430\",\"addressLocality\":\"Cand\\u00e1s\",\"addressRegion\":\"Asturias\",\"addressCountry\":\"ES\"}},{\"@type\":\"Person\",\"@id\":\"https:\\\/\\\/candas365.es\\\/noticias\\\/author\\\/admin\\\/#author\",\"url\":\"https:\\\/\\\/candas365.es\\\/noticias\\\/author\\\/admin\\\/\",\"name\":\"Cand\\u00e1s 365\",\"image\":{\"@type\":\"ImageObject\",\"@id\":\"https:\\\/\\\/candas365.es\\\/noticias\\\/consecuencias-de-la-crisis-del-galaxy-note-7-sobre-el-galaxy-s8\\\/#authorImage\",\"url\":\"https:\\\/\\\/secure.gravatar.com\\\/avatar\\\/496a8e03d0c493ede1718b7934145dbdf8d89be1036b0eec9544e1094c9de390?s=96&d=mm&r=g\",\"width\":96,\"height\":96,\"caption\":\"Cand\\u00e1s 365\"},\"sameAs\":[\"https:\\\/\\\/www.facebook.com\\\/carrenoactualidad\",\"https:\\\/\\\/twitter.com\\\/nbasturias\",\"https:\\\/\\\/www.instagram.com\\\/nachofdezber\\\/\",\"https:\\\/\\\/www.youtube.com\\\/channel\\\/UCZP-2wLEB9Rv6erhFmqVnvg\"]},{\"@type\":\"WebPage\",\"@id\":\"https:\\\/\\\/candas365.es\\\/noticias\\\/consecuencias-de-la-crisis-del-galaxy-note-7-sobre-el-galaxy-s8\\\/#webpage\",\"url\":\"https:\\\/\\\/candas365.es\\\/noticias\\\/consecuencias-de-la-crisis-del-galaxy-note-7-sobre-el-galaxy-s8\\\/\",\"name\":\"Consecuencias de la crisis del Galaxy Note 7 sobre el Galaxy S8 | Cand\\u00e1s 365\",\"description\":\"Han pasado ya bastantes semanas desde que Samsung anunci\\u00f3 y reconoci\\u00f3 que hab\\u00eda que recoger a los Galaxy Note 7 que se hab\\u00eda distribuido por el mercado, pues a d\\u00eda de hoy todav\\u00eda no est\\u00e1 clara la raz\\u00f3n por la que esos tel\\u00e9fonos se calientan y explotan. El mayor problema ya parecen haberlo pasado, pero\",\"inLanguage\":\"es-ES\",\"isPartOf\":{\"@id\":\"https:\\\/\\\/candas365.es\\\/noticias\\\/#website\"},\"breadcrumb\":{\"@id\":\"https:\\\/\\\/candas365.es\\\/noticias\\\/consecuencias-de-la-crisis-del-galaxy-note-7-sobre-el-galaxy-s8\\\/#breadcrumblist\"},\"author\":{\"@id\":\"https:\\\/\\\/candas365.es\\\/noticias\\\/author\\\/admin\\\/#author\"},\"creator\":{\"@id\":\"https:\\\/\\\/candas365.es\\\/noticias\\\/author\\\/admin\\\/#author\"},\"image\":{\"@type\":\"ImageObject\",\"url\":\"https:\\\/\\\/candas365.es\\\/noticias\\\/wp-content\\\/uploads\\\/2015\\\/09\\\/c365noticias.jpg\",\"@id\":\"https:\\\/\\\/candas365.es\\\/noticias\\\/consecuencias-de-la-crisis-del-galaxy-note-7-sobre-el-galaxy-s8\\\/#mainImage\",\"width\":655,\"height\":360},\"primaryImageOfPage\":{\"@id\":\"https:\\\/\\\/candas365.es\\\/noticias\\\/consecuencias-de-la-crisis-del-galaxy-note-7-sobre-el-galaxy-s8\\\/#mainImage\"},\"datePublished\":\"2016-10-26T02:53:28+02:00\",\"dateModified\":\"2016-10-26T02:53:28+02:00\"},{\"@type\":\"WebSite\",\"@id\":\"https:\\\/\\\/candas365.es\\\/noticias\\\/#website\",\"url\":\"https:\\\/\\\/candas365.es\\\/noticias\\\/\",\"name\":\"Cand\\u00e1s 365\",\"alternateName\":\"Cand\\u00e1s 365 Noticias\",\"description\":\"Actualidad desde Carre\\u00f1o para el mundo\",\"inLanguage\":\"es-ES\",\"publisher\":{\"@id\":\"https:\\\/\\\/candas365.es\\\/noticias\\\/#organization\"}}]}\n\t\t<\/script>\n\t\t<!-- All in One SEO Pro -->\r\n\t\t<title>Consecuencias de la crisis del Galaxy Note 7 sobre el Galaxy S8 | Cand\u00e1s 365<\/title>\n\n","aioseo_head_json":{"title":"Consecuencias de la crisis del Galaxy Note 7 sobre el Galaxy S8 | Cand\u00e1s 365","description":"Han pasado ya bastantes semanas desde que Samsung anunci\u00f3 y reconoci\u00f3 que hab\u00eda que recoger a los Galaxy Note 7 que se hab\u00eda distribuido por el mercado, pues a d\u00eda de hoy todav\u00eda no est\u00e1 clara la raz\u00f3n por la que esos tel\u00e9fonos se calientan y explotan. El mayor problema ya parecen haberlo pasado, pero","canonical_url":"https:\/\/candas365.es\/noticias\/consecuencias-de-la-crisis-del-galaxy-note-7-sobre-el-galaxy-s8\/","robots":"max-image-preview:large","keywords":"actualidad","webmasterTools":{"google-site-verification":"UA-32230408-1","msvalidate.01":"354F3CDFB2DA171B47FBE9ABF1F88D5","miscellaneous":""},"schema":{"@context":"https:\/\/schema.org","@graph":[{"@type":"BreadcrumbList","@id":"https:\/\/candas365.es\/noticias\/consecuencias-de-la-crisis-del-galaxy-note-7-sobre-el-galaxy-s8\/#breadcrumblist","itemListElement":[{"@type":"ListItem","@id":"https:\/\/candas365.es\/noticias#listItem","position":1,"name":"Home","item":"https:\/\/candas365.es\/noticias","nextItem":{"@type":"ListItem","@id":"https:\/\/candas365.es\/noticias\/category\/actualidad\/#listItem","name":"Actualidad"}},{"@type":"ListItem","@id":"https:\/\/candas365.es\/noticias\/category\/actualidad\/#listItem","position":2,"name":"Actualidad","item":"https:\/\/candas365.es\/noticias\/category\/actualidad\/","nextItem":{"@type":"ListItem","@id":"https:\/\/candas365.es\/noticias\/consecuencias-de-la-crisis-del-galaxy-note-7-sobre-el-galaxy-s8\/#listItem","name":"Consecuencias de la crisis del Galaxy Note 7 sobre el Galaxy S8"},"previousItem":{"@type":"ListItem","@id":"https:\/\/candas365.es\/noticias#listItem","name":"Home"}},{"@type":"ListItem","@id":"https:\/\/candas365.es\/noticias\/consecuencias-de-la-crisis-del-galaxy-note-7-sobre-el-galaxy-s8\/#listItem","position":3,"name":"Consecuencias de la crisis del Galaxy Note 7 sobre el Galaxy S8","previousItem":{"@type":"ListItem","@id":"https:\/\/candas365.es\/noticias\/category\/actualidad\/#listItem","name":"Actualidad"}}]},{"@type":"NewsArticle","@id":"https:\/\/candas365.es\/noticias\/consecuencias-de-la-crisis-del-galaxy-note-7-sobre-el-galaxy-s8\/#newsarticle","name":"Consecuencias de la crisis del Galaxy Note 7 sobre el Galaxy S8 | Cand\u00e1s 365","headline":"Consecuencias de la crisis del Galaxy Note 7 sobre el Galaxy S8","author":{"@id":"https:\/\/candas365.es\/noticias\/author\/admin\/#author"},"publisher":{"@id":"https:\/\/candas365.es\/noticias\/#organization"},"image":{"@type":"ImageObject","url":"https:\/\/candas365.es\/noticias\/wp-content\/uploads\/2015\/09\/c365noticias.jpg","width":655,"height":360},"datePublished":"2016-10-26T02:53:28+02:00","dateModified":"2016-10-26T02:53:28+02:00","inLanguage":"es-ES","mainEntityOfPage":{"@id":"https:\/\/candas365.es\/noticias\/consecuencias-de-la-crisis-del-galaxy-note-7-sobre-el-galaxy-s8\/#webpage"},"isPartOf":{"@id":"https:\/\/candas365.es\/noticias\/consecuencias-de-la-crisis-del-galaxy-note-7-sobre-el-galaxy-s8\/#webpage"},"articleSection":"Actualidad","dateline":"Publicado el octubre 26, 2016."},{"@type":"Organization","@id":"https:\/\/candas365.es\/noticias\/#organization","name":"Cand\u00e1s 365","description":"Cand\u00e1s 365 es un diario digital independiente, fundado en 2012, con base en Asturias. Informamos con rigor sobre actualidad, sociedad, cultura y ocio, con una mirada local y global.","url":"https:\/\/candas365.es\/noticias\/","email":"info@candas365.es","telephone":"+34652131393","foundingDate":"2012-06-10","logo":{"@type":"ImageObject","url":"https:\/\/candas365.es\/noticias\/wp-content\/uploads\/2024\/09\/Candas-365-Redes.jpg","@id":"https:\/\/candas365.es\/noticias\/consecuencias-de-la-crisis-del-galaxy-note-7-sobre-el-galaxy-s8\/#organizationLogo","width":1152,"height":864,"caption":"Cand\u00e1s 365 Redes"},"image":{"@id":"https:\/\/candas365.es\/noticias\/consecuencias-de-la-crisis-del-galaxy-note-7-sobre-el-galaxy-s8\/#organizationLogo"},"sameAs":["https:\/\/www.facebook.com\/Nachofdezber","https:\/\/x.com\/NabercoDigital","https:\/\/www.instagram.com\/nachofdezber\/","https:\/\/www.youtube.com\/channel\/UCZP-2wLEB9Rv6erhFmqVnvg"],"address":{"@id":"https:\/\/candas365.es\/noticias\/#postaladdress","@type":"PostalAddress","streetAddress":"san antonio 4, san antonio 4","postalCode":"33430","addressLocality":"Cand\u00e1s","addressRegion":"Asturias","addressCountry":"ES"}},{"@type":"Person","@id":"https:\/\/candas365.es\/noticias\/author\/admin\/#author","url":"https:\/\/candas365.es\/noticias\/author\/admin\/","name":"Cand\u00e1s 365","image":{"@type":"ImageObject","@id":"https:\/\/candas365.es\/noticias\/consecuencias-de-la-crisis-del-galaxy-note-7-sobre-el-galaxy-s8\/#authorImage","url":"https:\/\/secure.gravatar.com\/avatar\/496a8e03d0c493ede1718b7934145dbdf8d89be1036b0eec9544e1094c9de390?s=96&d=mm&r=g","width":96,"height":96,"caption":"Cand\u00e1s 365"},"sameAs":["https:\/\/www.facebook.com\/carrenoactualidad","https:\/\/twitter.com\/nbasturias","https:\/\/www.instagram.com\/nachofdezber\/","https:\/\/www.youtube.com\/channel\/UCZP-2wLEB9Rv6erhFmqVnvg"]},{"@type":"WebPage","@id":"https:\/\/candas365.es\/noticias\/consecuencias-de-la-crisis-del-galaxy-note-7-sobre-el-galaxy-s8\/#webpage","url":"https:\/\/candas365.es\/noticias\/consecuencias-de-la-crisis-del-galaxy-note-7-sobre-el-galaxy-s8\/","name":"Consecuencias de la crisis del Galaxy Note 7 sobre el Galaxy S8 | Cand\u00e1s 365","description":"Han pasado ya bastantes semanas desde que Samsung anunci\u00f3 y reconoci\u00f3 que hab\u00eda que recoger a los Galaxy Note 7 que se hab\u00eda distribuido por el mercado, pues a d\u00eda de hoy todav\u00eda no est\u00e1 clara la raz\u00f3n por la que esos tel\u00e9fonos se calientan y explotan. El mayor problema ya parecen haberlo pasado, pero","inLanguage":"es-ES","isPartOf":{"@id":"https:\/\/candas365.es\/noticias\/#website"},"breadcrumb":{"@id":"https:\/\/candas365.es\/noticias\/consecuencias-de-la-crisis-del-galaxy-note-7-sobre-el-galaxy-s8\/#breadcrumblist"},"author":{"@id":"https:\/\/candas365.es\/noticias\/author\/admin\/#author"},"creator":{"@id":"https:\/\/candas365.es\/noticias\/author\/admin\/#author"},"image":{"@type":"ImageObject","url":"https:\/\/candas365.es\/noticias\/wp-content\/uploads\/2015\/09\/c365noticias.jpg","@id":"https:\/\/candas365.es\/noticias\/consecuencias-de-la-crisis-del-galaxy-note-7-sobre-el-galaxy-s8\/#mainImage","width":655,"height":360},"primaryImageOfPage":{"@id":"https:\/\/candas365.es\/noticias\/consecuencias-de-la-crisis-del-galaxy-note-7-sobre-el-galaxy-s8\/#mainImage"},"datePublished":"2016-10-26T02:53:28+02:00","dateModified":"2016-10-26T02:53:28+02:00"},{"@type":"WebSite","@id":"https:\/\/candas365.es\/noticias\/#website","url":"https:\/\/candas365.es\/noticias\/","name":"Cand\u00e1s 365","alternateName":"Cand\u00e1s 365 Noticias","description":"Actualidad desde Carre\u00f1o para el mundo","inLanguage":"es-ES","publisher":{"@id":"https:\/\/candas365.es\/noticias\/#organization"}}]},"og:locale":"es_ES","og:site_name":"Cand\u00e1s 365","og:type":"article","og:title":"Consecuencias de la crisis del Galaxy Note 7 sobre el Galaxy S8 | Cand\u00e1s 365","og:description":"Han pasado ya bastantes semanas desde que Samsung anunci\u00f3 y reconoci\u00f3 que hab\u00eda que recoger a los Galaxy Note 7 que se hab\u00eda distribuido por el mercado, pues a d\u00eda de hoy todav\u00eda no est\u00e1 clara la raz\u00f3n por la que esos tel\u00e9fonos se calientan y explotan. El mayor problema ya parecen haberlo pasado, pero","og:url":"https:\/\/candas365.es\/noticias\/consecuencias-de-la-crisis-del-galaxy-note-7-sobre-el-galaxy-s8\/","og:image":"https:\/\/candas365.es\/noticias\/wp-content\/uploads\/2015\/09\/c365noticias.jpg","og:image:secure_url":"https:\/\/candas365.es\/noticias\/wp-content\/uploads\/2015\/09\/c365noticias.jpg","og:image:width":655,"og:image:height":360,"article:published_time":"2016-10-26T01:23:28+00:00","article:modified_time":"2016-10-26T01:23:28+00:00","article:publisher":"https:\/\/www.facebook.com\/Nachofdezber","article:author":"https:\/\/www.facebook.com\/carrenoactualidad","twitter:card":"summary_large_image","twitter:site":"@NabercoDigital","twitter:title":"Consecuencias de la crisis del Galaxy Note 7 sobre el Galaxy S8 | Cand\u00e1s 365","twitter:description":"Han pasado ya bastantes semanas desde que Samsung anunci\u00f3 y reconoci\u00f3 que hab\u00eda que recoger a los Galaxy Note 7 que se hab\u00eda distribuido por el mercado, pues a d\u00eda de hoy todav\u00eda no est\u00e1 clara la raz\u00f3n por la que esos tel\u00e9fonos se calientan y explotan. El mayor problema ya parecen haberlo pasado, pero","twitter:creator":"@nbasturias","twitter:image":"https:\/\/candas365.es\/noticias\/wp-content\/uploads\/2015\/09\/c365noticias.jpg","twitter:label1":"Escrito por","twitter:data1":"Cand\u00e1s 365","twitter:label2":"Tiempo de lectura estimado","twitter:data2":"3 minutos"},"aioseo_meta_data":{"post_id":"34776","title":null,"description":null,"keywords":null,"keyphrases":null,"primary_term":null,"canonical_url":null,"og_title":null,"og_description":null,"og_object_type":"default","og_image_type":"default","og_image_url":null,"og_image_width":null,"og_image_height":null,"og_image_custom_url":null,"og_image_custom_fields":null,"og_video":null,"og_custom_url":null,"og_article_section":null,"og_article_tags":null,"twitter_use_og":false,"twitter_card":"default","twitter_image_type":"default","twitter_image_url":null,"twitter_image_custom_url":null,"twitter_image_custom_fields":null,"twitter_title":null,"twitter_description":null,"schema":{"blockGraphs":[],"customGraphs":[],"default":{"data":{"Article":[],"Course":[],"Dataset":[],"FAQPage":[],"Movie":[],"Person":[],"Product":[],"ProductReview":[],"Car":[],"Recipe":[],"Service":[],"SoftwareApplication":[],"WebPage":[]},"graphName":"","isEnabled":true},"graphs":[],"defaultGraph":"","defaultPostTypeGraph":""},"schema_type":null,"schema_type_options":null,"pillar_content":false,"robots_default":true,"robots_noindex":false,"robots_noarchive":false,"robots_nosnippet":false,"robots_nofollow":false,"robots_noimageindex":false,"robots_noodp":false,"robots_notranslate":false,"robots_max_snippet":null,"robots_max_videopreview":null,"robots_max_imagepreview":"large","priority":null,"frequency":null,"location":null,"local_seo":null,"seo_analyzer_scan_date":"2025-08-24 18:21:11","breadcrumb_settings":null,"limit_modified_date":false,"reviewed_by":null,"open_ai":null,"ai":null,"created":"2020-12-21 11:31:28","updated":"2025-08-24 18:21:11"},"aioseo_breadcrumb":"<div class=\"aioseo-breadcrumbs\"><span class=\"aioseo-breadcrumb\">\n\t<a href=\"https:\/\/candas365.es\/noticias\" title=\"Home\">Home<\/a>\n<\/span><span class=\"aioseo-breadcrumb-separator\">&ndash;<\/span><span class=\"aioseo-breadcrumb\">\n\t<a href=\"https:\/\/candas365.es\/noticias\/category\/actualidad\/\" title=\"Actualidad\">Actualidad<\/a>\n<\/span><span class=\"aioseo-breadcrumb-separator\">&ndash;<\/span><span class=\"aioseo-breadcrumb\">\n\tConsecuencias de la crisis del Galaxy Note 7 sobre el Galaxy S8\n<\/span><\/div>","aioseo_breadcrumb_json":[{"label":"Home","link":"https:\/\/candas365.es\/noticias"},{"label":"Actualidad","link":"https:\/\/candas365.es\/noticias\/category\/actualidad\/"},{"label":"Consecuencias de la crisis del Galaxy Note 7 sobre el Galaxy S8","link":"https:\/\/candas365.es\/noticias\/consecuencias-de-la-crisis-del-galaxy-note-7-sobre-el-galaxy-s8\/"}],"_links":{"self":[{"href":"https:\/\/candas365.es\/noticias\/wp-json\/wp\/v2\/posts\/34776","targetHints":{"allow":["GET"]}}],"collection":[{"href":"https:\/\/candas365.es\/noticias\/wp-json\/wp\/v2\/posts"}],"about":[{"href":"https:\/\/candas365.es\/noticias\/wp-json\/wp\/v2\/types\/post"}],"author":[{"embeddable":true,"href":"https:\/\/candas365.es\/noticias\/wp-json\/wp\/v2\/users\/1"}],"replies":[{"embeddable":true,"href":"https:\/\/candas365.es\/noticias\/wp-json\/wp\/v2\/comments?post=34776"}],"version-history":[{"count":0,"href":"https:\/\/candas365.es\/noticias\/wp-json\/wp\/v2\/posts\/34776\/revisions"}],"wp:featuredmedia":[{"embeddable":true,"href":"https:\/\/candas365.es\/noticias\/wp-json\/wp\/v2\/media\/16457"}],"wp:attachment":[{"href":"https:\/\/candas365.es\/noticias\/wp-json\/wp\/v2\/media?parent=34776"}],"wp:term":[{"taxonomy":"category","embeddable":true,"href":"https:\/\/candas365.es\/noticias\/wp-json\/wp\/v2\/categories?post=34776"},{"taxonomy":"post_tag","embeddable":true,"href":"https:\/\/candas365.es\/noticias\/wp-json\/wp\/v2\/tags?post=34776"}],"curies":[{"name":"wp","href":"https:\/\/api.w.org\/{rel}","templated":true}]}}