{"id":34753,"date":"2016-10-26T02:39:21","date_gmt":"2016-10-26T01:09:21","guid":{"rendered":"http:\/\/candas365.es\/noticias\/?p=34753"},"modified":"2016-10-26T02:39:21","modified_gmt":"2016-10-26T01:09:21","slug":"operacion-antiterrorista-en-alemania-concluye-sin-detenidos","status":"publish","type":"post","link":"https:\/\/candas365.es\/noticias\/operacion-antiterrorista-en-alemania-concluye-sin-detenidos\/","title":{"rendered":"Operaci\u00f3n antiterrorista en Alemania concluye sin detenidos"},"content":{"rendered":"<p>Erfurt, 25 oct (dpa) &#8211; La operaci\u00f3n antiterrorista llevada a cabo en Alemania contra 14 solicitantes de asilo por sospecha de que estuviesen preparando un grave acto violento contra la seguridad del Estado concluy\u00f3 sin detenidos, inform\u00f3 la Oficina de Investigaci\u00f3n Criminal (LKA) de Turingia.<\/p>\n<p>Los agentes realizaron en la ma\u00f1ana de este martes registros en 12 viviendas y en una residencia situadas en los estados federados de Turingia, Hamburgo, Renania del Norte-Westfalia, Sajonia y Baviera. <\/p>\n<p>Durante la intervenci\u00f3n policial, las fuerzas de seguridad hallaron una sustancia de color blanco que se revel\u00f3 como \u00abno peligrosa\u00bb, seg\u00fan comunic\u00f3 una portavoz de la LKA. <\/p>\n<p>Las investigaciones se centraron en un joven checheno de nacionalidad rusa de 28 a\u00f1os que habr\u00eda mostrado su disposici\u00f3n a unirse a las filas del autoproclamado Estado Isl\u00e1mico (EI) para participar en la lucha armada en Siria. <\/p>\n<p>La Fiscal\u00eda investiga al hombre desde mediados del a\u00f1o pasado ante la sospecha de que pudiese estar preparando un acto violento que atentase contra la seguridad del Estado. Tras ser interrogado por la Polic\u00eda, el joven ruso fue puesto en libertad.<\/p>\n<p>\u00abNo se ha dictado ninguna orden de detenci\u00f3n\u00bb, declar\u00f3 la vocera de la Oficina de Investigaci\u00f3n Criminal de Turingia. <\/p>\n<p>Las fuerzas de seguridad tambi\u00e9n tienen bajo vigilancia a otros diez hombres y a tres mujeres, todos ellos chechenos con pasaporte ruso, ante la sospecha de que estuviesen llevando a cabo pr\u00e1cticas de financiaci\u00f3n de grupos terroristas. <\/p>\n<p>\u00abEstamos investigando si se enviaba dinero al extranjero para financiar organizaciones terroristas\u00bb, se\u00f1al\u00f3 el portavoz de la Fiscal\u00eda de Gera, Jens W\u00f6rmann, a la agencia de prensa alemana dpa. <\/p>\n<p>Seg\u00fan la Polic\u00eda, todos los sospechosos son peticionarios de asilo cuyo estatus en Alemania no estaba todav\u00eda resuelto. Las autoridades se\u00f1alaron que, por el momento, no constaba un \u00abriesgo concreto\u00bb de que estuviesen preparando un atentado.<\/p>\n","protected":false},"excerpt":{"rendered":"<p>Erfurt, 25 oct (dpa) &#8211; La operaci\u00f3n antiterrorista llevada a cabo en Alemania contra 14 solicitantes de asilo por sospecha de que estuviesen preparando un grave acto violento contra la seguridad del Estado concluy\u00f3 sin detenidos, inform\u00f3 la Oficina de Investigaci\u00f3n Criminal (LKA) de Turingia. Los agentes realizaron en la ma\u00f1ana de este martes registros<\/p>\n","protected":false},"author":1,"featured_media":16457,"comment_status":"closed","ping_status":"closed","sticky":false,"template":"","format":"standard","meta":{"footnotes":""},"categories":[343],"tags":[],"class_list":{"0":"post-34753","1":"post","2":"type-post","3":"status-publish","4":"format-standard","5":"has-post-thumbnail","7":"category-actualidad"},"aioseo_notices":[],"aioseo_head":"\n\t\t<!-- All in One SEO Pro 4.9.6.2 - aioseo.com -->\n\t<meta name=\"description\" content=\"Erfurt, 25 oct (dpa) - La operaci\u00f3n antiterrorista llevada a cabo en Alemania contra 14 solicitantes de asilo por sospecha de que estuviesen preparando un grave acto violento contra la seguridad del Estado concluy\u00f3 sin detenidos, inform\u00f3 la Oficina de Investigaci\u00f3n Criminal (LKA) de Turingia. Los agentes realizaron en la ma\u00f1ana de este martes registros\" \/>\n\t<meta name=\"robots\" content=\"max-image-preview:large\" \/>\n\t<meta name=\"author\" content=\"Cand\u00e1s 365\"\/>\n\t<meta name=\"google-site-verification\" content=\"UA-32230408-1\" \/>\n\t<meta name=\"msvalidate.01\" content=\"354F3CDFB2DA171B47FBE9ABF1F88D5\" \/>\n\t<meta name=\"keywords\" content=\"actualidad\" \/>\n\t<link rel=\"canonical\" href=\"https:\/\/candas365.es\/noticias\/operacion-antiterrorista-en-alemania-concluye-sin-detenidos\/\" \/>\n\t<meta name=\"generator\" content=\"All in One SEO Pro (AIOSEO) 4.9.6.2\" \/>\n\t\t<meta property=\"og:locale\" content=\"es_ES\" \/>\n\t\t<meta property=\"og:site_name\" content=\"Cand\u00e1s 365\" \/>\n\t\t<meta property=\"og:type\" content=\"article\" \/>\n\t\t<meta property=\"og:title\" content=\"Operaci\u00f3n antiterrorista en Alemania concluye sin detenidos | Cand\u00e1s 365\" \/>\n\t\t<meta property=\"og:description\" content=\"Erfurt, 25 oct (dpa) - La operaci\u00f3n antiterrorista llevada a cabo en Alemania contra 14 solicitantes de asilo por sospecha de que estuviesen preparando un grave acto violento contra la seguridad del Estado concluy\u00f3 sin detenidos, inform\u00f3 la Oficina de Investigaci\u00f3n Criminal (LKA) de Turingia. Los agentes realizaron en la ma\u00f1ana de este martes registros\" \/>\n\t\t<meta property=\"og:url\" content=\"https:\/\/candas365.es\/noticias\/operacion-antiterrorista-en-alemania-concluye-sin-detenidos\/\" \/>\n\t\t<meta property=\"og:image\" content=\"https:\/\/candas365.es\/noticias\/wp-content\/uploads\/2015\/09\/c365noticias.jpg\" \/>\n\t\t<meta property=\"og:image:secure_url\" content=\"https:\/\/candas365.es\/noticias\/wp-content\/uploads\/2015\/09\/c365noticias.jpg\" \/>\n\t\t<meta property=\"og:image:width\" content=\"655\" \/>\n\t\t<meta property=\"og:image:height\" content=\"360\" \/>\n\t\t<meta property=\"article:published_time\" content=\"2016-10-26T01:09:21+00:00\" \/>\n\t\t<meta property=\"article:modified_time\" content=\"2016-10-26T01:09:21+00:00\" \/>\n\t\t<meta property=\"article:publisher\" content=\"https:\/\/www.facebook.com\/Nachofdezber\" \/>\n\t\t<meta property=\"article:author\" content=\"https:\/\/www.facebook.com\/carrenoactualidad\" \/>\n\t\t<meta name=\"twitter:card\" content=\"summary_large_image\" \/>\n\t\t<meta name=\"twitter:site\" content=\"@NabercoDigital\" \/>\n\t\t<meta name=\"twitter:title\" content=\"Operaci\u00f3n antiterrorista en Alemania concluye sin detenidos | Cand\u00e1s 365\" \/>\n\t\t<meta name=\"twitter:description\" content=\"Erfurt, 25 oct (dpa) - La operaci\u00f3n antiterrorista llevada a cabo en Alemania contra 14 solicitantes de asilo por sospecha de que estuviesen preparando un grave acto violento contra la seguridad del Estado concluy\u00f3 sin detenidos, inform\u00f3 la Oficina de Investigaci\u00f3n Criminal (LKA) de Turingia. Los agentes realizaron en la ma\u00f1ana de este martes registros\" \/>\n\t\t<meta name=\"twitter:creator\" content=\"@nbasturias\" \/>\n\t\t<meta name=\"twitter:image\" content=\"https:\/\/candas365.es\/noticias\/wp-content\/uploads\/2015\/09\/c365noticias.jpg\" \/>\n\t\t<meta name=\"twitter:label1\" content=\"Escrito por\" \/>\n\t\t<meta name=\"twitter:data1\" content=\"Cand\u00e1s 365\" \/>\n\t\t<meta name=\"twitter:label2\" content=\"Tiempo de lectura estimado\" \/>\n\t\t<meta name=\"twitter:data2\" content=\"2 minutos\" \/>\n\t\t<script type=\"application\/ld+json\" class=\"aioseo-schema\">\n\t\t\t{\"@context\":\"https:\\\/\\\/schema.org\",\"@graph\":[{\"@type\":\"BreadcrumbList\",\"@id\":\"https:\\\/\\\/candas365.es\\\/noticias\\\/operacion-antiterrorista-en-alemania-concluye-sin-detenidos\\\/#breadcrumblist\",\"itemListElement\":[{\"@type\":\"ListItem\",\"@id\":\"https:\\\/\\\/candas365.es\\\/noticias#listItem\",\"position\":1,\"name\":\"Home\",\"item\":\"https:\\\/\\\/candas365.es\\\/noticias\",\"nextItem\":{\"@type\":\"ListItem\",\"@id\":\"https:\\\/\\\/candas365.es\\\/noticias\\\/category\\\/actualidad\\\/#listItem\",\"name\":\"Actualidad\"}},{\"@type\":\"ListItem\",\"@id\":\"https:\\\/\\\/candas365.es\\\/noticias\\\/category\\\/actualidad\\\/#listItem\",\"position\":2,\"name\":\"Actualidad\",\"item\":\"https:\\\/\\\/candas365.es\\\/noticias\\\/category\\\/actualidad\\\/\",\"nextItem\":{\"@type\":\"ListItem\",\"@id\":\"https:\\\/\\\/candas365.es\\\/noticias\\\/operacion-antiterrorista-en-alemania-concluye-sin-detenidos\\\/#listItem\",\"name\":\"Operaci\\u00f3n antiterrorista en Alemania concluye sin detenidos\"},\"previousItem\":{\"@type\":\"ListItem\",\"@id\":\"https:\\\/\\\/candas365.es\\\/noticias#listItem\",\"name\":\"Home\"}},{\"@type\":\"ListItem\",\"@id\":\"https:\\\/\\\/candas365.es\\\/noticias\\\/operacion-antiterrorista-en-alemania-concluye-sin-detenidos\\\/#listItem\",\"position\":3,\"name\":\"Operaci\\u00f3n antiterrorista en Alemania concluye sin detenidos\",\"previousItem\":{\"@type\":\"ListItem\",\"@id\":\"https:\\\/\\\/candas365.es\\\/noticias\\\/category\\\/actualidad\\\/#listItem\",\"name\":\"Actualidad\"}}]},{\"@type\":\"NewsArticle\",\"@id\":\"https:\\\/\\\/candas365.es\\\/noticias\\\/operacion-antiterrorista-en-alemania-concluye-sin-detenidos\\\/#newsarticle\",\"name\":\"Operaci\\u00f3n antiterrorista en Alemania concluye sin detenidos | Cand\\u00e1s 365\",\"headline\":\"Operaci\\u00f3n antiterrorista en Alemania concluye sin detenidos\",\"author\":{\"@id\":\"https:\\\/\\\/candas365.es\\\/noticias\\\/author\\\/admin\\\/#author\"},\"publisher\":{\"@id\":\"https:\\\/\\\/candas365.es\\\/noticias\\\/#organization\"},\"image\":{\"@type\":\"ImageObject\",\"url\":\"https:\\\/\\\/candas365.es\\\/noticias\\\/wp-content\\\/uploads\\\/2015\\\/09\\\/c365noticias.jpg\",\"width\":655,\"height\":360},\"datePublished\":\"2016-10-26T02:39:21+02:00\",\"dateModified\":\"2016-10-26T02:39:21+02:00\",\"inLanguage\":\"es-ES\",\"mainEntityOfPage\":{\"@id\":\"https:\\\/\\\/candas365.es\\\/noticias\\\/operacion-antiterrorista-en-alemania-concluye-sin-detenidos\\\/#webpage\"},\"isPartOf\":{\"@id\":\"https:\\\/\\\/candas365.es\\\/noticias\\\/operacion-antiterrorista-en-alemania-concluye-sin-detenidos\\\/#webpage\"},\"articleSection\":\"Actualidad\",\"dateline\":\"Publicado el octubre 26, 2016.\"},{\"@type\":\"Organization\",\"@id\":\"https:\\\/\\\/candas365.es\\\/noticias\\\/#organization\",\"name\":\"Cand\\u00e1s 365\",\"description\":\"Cand\\u00e1s 365 es un diario digital independiente, fundado en 2012, con base en Asturias. Informamos con rigor sobre actualidad, sociedad, cultura y ocio, con una mirada local y global.\",\"url\":\"https:\\\/\\\/candas365.es\\\/noticias\\\/\",\"email\":\"info@candas365.es\",\"telephone\":\"+34652131393\",\"foundingDate\":\"2012-06-10\",\"logo\":{\"@type\":\"ImageObject\",\"url\":\"https:\\\/\\\/candas365.es\\\/noticias\\\/wp-content\\\/uploads\\\/2024\\\/09\\\/Candas-365-Redes.jpg\",\"@id\":\"https:\\\/\\\/candas365.es\\\/noticias\\\/operacion-antiterrorista-en-alemania-concluye-sin-detenidos\\\/#organizationLogo\",\"width\":1152,\"height\":864,\"caption\":\"Cand\\u00e1s 365 Redes\"},\"image\":{\"@id\":\"https:\\\/\\\/candas365.es\\\/noticias\\\/operacion-antiterrorista-en-alemania-concluye-sin-detenidos\\\/#organizationLogo\"},\"sameAs\":[\"https:\\\/\\\/www.facebook.com\\\/Nachofdezber\",\"https:\\\/\\\/x.com\\\/NabercoDigital\",\"https:\\\/\\\/www.instagram.com\\\/nachofdezber\\\/\",\"https:\\\/\\\/www.youtube.com\\\/channel\\\/UCZP-2wLEB9Rv6erhFmqVnvg\"],\"address\":{\"@id\":\"https:\\\/\\\/candas365.es\\\/noticias\\\/#postaladdress\",\"@type\":\"PostalAddress\",\"streetAddress\":\"san antonio 4, san antonio 4\",\"postalCode\":\"33430\",\"addressLocality\":\"Cand\\u00e1s\",\"addressRegion\":\"Asturias\",\"addressCountry\":\"ES\"}},{\"@type\":\"Person\",\"@id\":\"https:\\\/\\\/candas365.es\\\/noticias\\\/author\\\/admin\\\/#author\",\"url\":\"https:\\\/\\\/candas365.es\\\/noticias\\\/author\\\/admin\\\/\",\"name\":\"Cand\\u00e1s 365\",\"image\":{\"@type\":\"ImageObject\",\"@id\":\"https:\\\/\\\/candas365.es\\\/noticias\\\/operacion-antiterrorista-en-alemania-concluye-sin-detenidos\\\/#authorImage\",\"url\":\"https:\\\/\\\/secure.gravatar.com\\\/avatar\\\/496a8e03d0c493ede1718b7934145dbdf8d89be1036b0eec9544e1094c9de390?s=96&d=mm&r=g\",\"width\":96,\"height\":96,\"caption\":\"Cand\\u00e1s 365\"},\"sameAs\":[\"https:\\\/\\\/www.facebook.com\\\/carrenoactualidad\",\"https:\\\/\\\/twitter.com\\\/nbasturias\",\"https:\\\/\\\/www.instagram.com\\\/nachofdezber\\\/\",\"https:\\\/\\\/www.youtube.com\\\/channel\\\/UCZP-2wLEB9Rv6erhFmqVnvg\"]},{\"@type\":\"WebPage\",\"@id\":\"https:\\\/\\\/candas365.es\\\/noticias\\\/operacion-antiterrorista-en-alemania-concluye-sin-detenidos\\\/#webpage\",\"url\":\"https:\\\/\\\/candas365.es\\\/noticias\\\/operacion-antiterrorista-en-alemania-concluye-sin-detenidos\\\/\",\"name\":\"Operaci\\u00f3n antiterrorista en Alemania concluye sin detenidos | Cand\\u00e1s 365\",\"description\":\"Erfurt, 25 oct (dpa) - La operaci\\u00f3n antiterrorista llevada a cabo en Alemania contra 14 solicitantes de asilo por sospecha de que estuviesen preparando un grave acto violento contra la seguridad del Estado concluy\\u00f3 sin detenidos, inform\\u00f3 la Oficina de Investigaci\\u00f3n Criminal (LKA) de Turingia. Los agentes realizaron en la ma\\u00f1ana de este martes registros\",\"inLanguage\":\"es-ES\",\"isPartOf\":{\"@id\":\"https:\\\/\\\/candas365.es\\\/noticias\\\/#website\"},\"breadcrumb\":{\"@id\":\"https:\\\/\\\/candas365.es\\\/noticias\\\/operacion-antiterrorista-en-alemania-concluye-sin-detenidos\\\/#breadcrumblist\"},\"author\":{\"@id\":\"https:\\\/\\\/candas365.es\\\/noticias\\\/author\\\/admin\\\/#author\"},\"creator\":{\"@id\":\"https:\\\/\\\/candas365.es\\\/noticias\\\/author\\\/admin\\\/#author\"},\"image\":{\"@type\":\"ImageObject\",\"url\":\"https:\\\/\\\/candas365.es\\\/noticias\\\/wp-content\\\/uploads\\\/2015\\\/09\\\/c365noticias.jpg\",\"@id\":\"https:\\\/\\\/candas365.es\\\/noticias\\\/operacion-antiterrorista-en-alemania-concluye-sin-detenidos\\\/#mainImage\",\"width\":655,\"height\":360},\"primaryImageOfPage\":{\"@id\":\"https:\\\/\\\/candas365.es\\\/noticias\\\/operacion-antiterrorista-en-alemania-concluye-sin-detenidos\\\/#mainImage\"},\"datePublished\":\"2016-10-26T02:39:21+02:00\",\"dateModified\":\"2016-10-26T02:39:21+02:00\"},{\"@type\":\"WebSite\",\"@id\":\"https:\\\/\\\/candas365.es\\\/noticias\\\/#website\",\"url\":\"https:\\\/\\\/candas365.es\\\/noticias\\\/\",\"name\":\"Cand\\u00e1s 365\",\"alternateName\":\"Cand\\u00e1s 365 Noticias\",\"description\":\"Actualidad desde Carre\\u00f1o para el mundo\",\"inLanguage\":\"es-ES\",\"publisher\":{\"@id\":\"https:\\\/\\\/candas365.es\\\/noticias\\\/#organization\"}}]}\n\t\t<\/script>\n\t\t<!-- All in One SEO Pro -->\r\n\t\t<title>Operaci\u00f3n antiterrorista en Alemania concluye sin detenidos | Cand\u00e1s 365<\/title>\n\n","aioseo_head_json":{"title":"Operaci\u00f3n antiterrorista en Alemania concluye sin detenidos | Cand\u00e1s 365","description":"Erfurt, 25 oct (dpa) - La operaci\u00f3n antiterrorista llevada a cabo en Alemania contra 14 solicitantes de asilo por sospecha de que estuviesen preparando un grave acto violento contra la seguridad del Estado concluy\u00f3 sin detenidos, inform\u00f3 la Oficina de Investigaci\u00f3n Criminal (LKA) de Turingia. Los agentes realizaron en la ma\u00f1ana de este martes registros","canonical_url":"https:\/\/candas365.es\/noticias\/operacion-antiterrorista-en-alemania-concluye-sin-detenidos\/","robots":"max-image-preview:large","keywords":"actualidad","webmasterTools":{"google-site-verification":"UA-32230408-1","msvalidate.01":"354F3CDFB2DA171B47FBE9ABF1F88D5","miscellaneous":""},"schema":{"@context":"https:\/\/schema.org","@graph":[{"@type":"BreadcrumbList","@id":"https:\/\/candas365.es\/noticias\/operacion-antiterrorista-en-alemania-concluye-sin-detenidos\/#breadcrumblist","itemListElement":[{"@type":"ListItem","@id":"https:\/\/candas365.es\/noticias#listItem","position":1,"name":"Home","item":"https:\/\/candas365.es\/noticias","nextItem":{"@type":"ListItem","@id":"https:\/\/candas365.es\/noticias\/category\/actualidad\/#listItem","name":"Actualidad"}},{"@type":"ListItem","@id":"https:\/\/candas365.es\/noticias\/category\/actualidad\/#listItem","position":2,"name":"Actualidad","item":"https:\/\/candas365.es\/noticias\/category\/actualidad\/","nextItem":{"@type":"ListItem","@id":"https:\/\/candas365.es\/noticias\/operacion-antiterrorista-en-alemania-concluye-sin-detenidos\/#listItem","name":"Operaci\u00f3n antiterrorista en Alemania concluye sin detenidos"},"previousItem":{"@type":"ListItem","@id":"https:\/\/candas365.es\/noticias#listItem","name":"Home"}},{"@type":"ListItem","@id":"https:\/\/candas365.es\/noticias\/operacion-antiterrorista-en-alemania-concluye-sin-detenidos\/#listItem","position":3,"name":"Operaci\u00f3n antiterrorista en Alemania concluye sin detenidos","previousItem":{"@type":"ListItem","@id":"https:\/\/candas365.es\/noticias\/category\/actualidad\/#listItem","name":"Actualidad"}}]},{"@type":"NewsArticle","@id":"https:\/\/candas365.es\/noticias\/operacion-antiterrorista-en-alemania-concluye-sin-detenidos\/#newsarticle","name":"Operaci\u00f3n antiterrorista en Alemania concluye sin detenidos | Cand\u00e1s 365","headline":"Operaci\u00f3n antiterrorista en Alemania concluye sin detenidos","author":{"@id":"https:\/\/candas365.es\/noticias\/author\/admin\/#author"},"publisher":{"@id":"https:\/\/candas365.es\/noticias\/#organization"},"image":{"@type":"ImageObject","url":"https:\/\/candas365.es\/noticias\/wp-content\/uploads\/2015\/09\/c365noticias.jpg","width":655,"height":360},"datePublished":"2016-10-26T02:39:21+02:00","dateModified":"2016-10-26T02:39:21+02:00","inLanguage":"es-ES","mainEntityOfPage":{"@id":"https:\/\/candas365.es\/noticias\/operacion-antiterrorista-en-alemania-concluye-sin-detenidos\/#webpage"},"isPartOf":{"@id":"https:\/\/candas365.es\/noticias\/operacion-antiterrorista-en-alemania-concluye-sin-detenidos\/#webpage"},"articleSection":"Actualidad","dateline":"Publicado el octubre 26, 2016."},{"@type":"Organization","@id":"https:\/\/candas365.es\/noticias\/#organization","name":"Cand\u00e1s 365","description":"Cand\u00e1s 365 es un diario digital independiente, fundado en 2012, con base en Asturias. Informamos con rigor sobre actualidad, sociedad, cultura y ocio, con una mirada local y global.","url":"https:\/\/candas365.es\/noticias\/","email":"info@candas365.es","telephone":"+34652131393","foundingDate":"2012-06-10","logo":{"@type":"ImageObject","url":"https:\/\/candas365.es\/noticias\/wp-content\/uploads\/2024\/09\/Candas-365-Redes.jpg","@id":"https:\/\/candas365.es\/noticias\/operacion-antiterrorista-en-alemania-concluye-sin-detenidos\/#organizationLogo","width":1152,"height":864,"caption":"Cand\u00e1s 365 Redes"},"image":{"@id":"https:\/\/candas365.es\/noticias\/operacion-antiterrorista-en-alemania-concluye-sin-detenidos\/#organizationLogo"},"sameAs":["https:\/\/www.facebook.com\/Nachofdezber","https:\/\/x.com\/NabercoDigital","https:\/\/www.instagram.com\/nachofdezber\/","https:\/\/www.youtube.com\/channel\/UCZP-2wLEB9Rv6erhFmqVnvg"],"address":{"@id":"https:\/\/candas365.es\/noticias\/#postaladdress","@type":"PostalAddress","streetAddress":"san antonio 4, san antonio 4","postalCode":"33430","addressLocality":"Cand\u00e1s","addressRegion":"Asturias","addressCountry":"ES"}},{"@type":"Person","@id":"https:\/\/candas365.es\/noticias\/author\/admin\/#author","url":"https:\/\/candas365.es\/noticias\/author\/admin\/","name":"Cand\u00e1s 365","image":{"@type":"ImageObject","@id":"https:\/\/candas365.es\/noticias\/operacion-antiterrorista-en-alemania-concluye-sin-detenidos\/#authorImage","url":"https:\/\/secure.gravatar.com\/avatar\/496a8e03d0c493ede1718b7934145dbdf8d89be1036b0eec9544e1094c9de390?s=96&d=mm&r=g","width":96,"height":96,"caption":"Cand\u00e1s 365"},"sameAs":["https:\/\/www.facebook.com\/carrenoactualidad","https:\/\/twitter.com\/nbasturias","https:\/\/www.instagram.com\/nachofdezber\/","https:\/\/www.youtube.com\/channel\/UCZP-2wLEB9Rv6erhFmqVnvg"]},{"@type":"WebPage","@id":"https:\/\/candas365.es\/noticias\/operacion-antiterrorista-en-alemania-concluye-sin-detenidos\/#webpage","url":"https:\/\/candas365.es\/noticias\/operacion-antiterrorista-en-alemania-concluye-sin-detenidos\/","name":"Operaci\u00f3n antiterrorista en Alemania concluye sin detenidos | Cand\u00e1s 365","description":"Erfurt, 25 oct (dpa) - La operaci\u00f3n antiterrorista llevada a cabo en Alemania contra 14 solicitantes de asilo por sospecha de que estuviesen preparando un grave acto violento contra la seguridad del Estado concluy\u00f3 sin detenidos, inform\u00f3 la Oficina de Investigaci\u00f3n Criminal (LKA) de Turingia. Los agentes realizaron en la ma\u00f1ana de este martes registros","inLanguage":"es-ES","isPartOf":{"@id":"https:\/\/candas365.es\/noticias\/#website"},"breadcrumb":{"@id":"https:\/\/candas365.es\/noticias\/operacion-antiterrorista-en-alemania-concluye-sin-detenidos\/#breadcrumblist"},"author":{"@id":"https:\/\/candas365.es\/noticias\/author\/admin\/#author"},"creator":{"@id":"https:\/\/candas365.es\/noticias\/author\/admin\/#author"},"image":{"@type":"ImageObject","url":"https:\/\/candas365.es\/noticias\/wp-content\/uploads\/2015\/09\/c365noticias.jpg","@id":"https:\/\/candas365.es\/noticias\/operacion-antiterrorista-en-alemania-concluye-sin-detenidos\/#mainImage","width":655,"height":360},"primaryImageOfPage":{"@id":"https:\/\/candas365.es\/noticias\/operacion-antiterrorista-en-alemania-concluye-sin-detenidos\/#mainImage"},"datePublished":"2016-10-26T02:39:21+02:00","dateModified":"2016-10-26T02:39:21+02:00"},{"@type":"WebSite","@id":"https:\/\/candas365.es\/noticias\/#website","url":"https:\/\/candas365.es\/noticias\/","name":"Cand\u00e1s 365","alternateName":"Cand\u00e1s 365 Noticias","description":"Actualidad desde Carre\u00f1o para el mundo","inLanguage":"es-ES","publisher":{"@id":"https:\/\/candas365.es\/noticias\/#organization"}}]},"og:locale":"es_ES","og:site_name":"Cand\u00e1s 365","og:type":"article","og:title":"Operaci\u00f3n antiterrorista en Alemania concluye sin detenidos | Cand\u00e1s 365","og:description":"Erfurt, 25 oct (dpa) - La operaci\u00f3n antiterrorista llevada a cabo en Alemania contra 14 solicitantes de asilo por sospecha de que estuviesen preparando un grave acto violento contra la seguridad del Estado concluy\u00f3 sin detenidos, inform\u00f3 la Oficina de Investigaci\u00f3n Criminal (LKA) de Turingia. Los agentes realizaron en la ma\u00f1ana de este martes registros","og:url":"https:\/\/candas365.es\/noticias\/operacion-antiterrorista-en-alemania-concluye-sin-detenidos\/","og:image":"https:\/\/candas365.es\/noticias\/wp-content\/uploads\/2015\/09\/c365noticias.jpg","og:image:secure_url":"https:\/\/candas365.es\/noticias\/wp-content\/uploads\/2015\/09\/c365noticias.jpg","og:image:width":655,"og:image:height":360,"article:published_time":"2016-10-26T01:09:21+00:00","article:modified_time":"2016-10-26T01:09:21+00:00","article:publisher":"https:\/\/www.facebook.com\/Nachofdezber","article:author":"https:\/\/www.facebook.com\/carrenoactualidad","twitter:card":"summary_large_image","twitter:site":"@NabercoDigital","twitter:title":"Operaci\u00f3n antiterrorista en Alemania concluye sin detenidos | Cand\u00e1s 365","twitter:description":"Erfurt, 25 oct (dpa) - La operaci\u00f3n antiterrorista llevada a cabo en Alemania contra 14 solicitantes de asilo por sospecha de que estuviesen preparando un grave acto violento contra la seguridad del Estado concluy\u00f3 sin detenidos, inform\u00f3 la Oficina de Investigaci\u00f3n Criminal (LKA) de Turingia. Los agentes realizaron en la ma\u00f1ana de este martes registros","twitter:creator":"@nbasturias","twitter:image":"https:\/\/candas365.es\/noticias\/wp-content\/uploads\/2015\/09\/c365noticias.jpg","twitter:label1":"Escrito por","twitter:data1":"Cand\u00e1s 365","twitter:label2":"Tiempo de lectura estimado","twitter:data2":"2 minutos"},"aioseo_meta_data":{"post_id":"34753","title":null,"description":null,"keywords":null,"keyphrases":null,"primary_term":null,"canonical_url":null,"og_title":null,"og_description":null,"og_object_type":"default","og_image_type":"default","og_image_url":null,"og_image_width":null,"og_image_height":null,"og_image_custom_url":null,"og_image_custom_fields":null,"og_video":null,"og_custom_url":null,"og_article_section":null,"og_article_tags":null,"twitter_use_og":false,"twitter_card":"default","twitter_image_type":"default","twitter_image_url":null,"twitter_image_custom_url":null,"twitter_image_custom_fields":null,"twitter_title":null,"twitter_description":null,"schema":{"blockGraphs":[],"customGraphs":[],"default":{"data":{"Article":[],"Course":[],"Dataset":[],"FAQPage":[],"Movie":[],"Person":[],"Product":[],"ProductReview":[],"Car":[],"Recipe":[],"Service":[],"SoftwareApplication":[],"WebPage":[]},"graphName":"","isEnabled":true},"graphs":[]},"schema_type":null,"schema_type_options":null,"pillar_content":false,"robots_default":true,"robots_noindex":false,"robots_noarchive":false,"robots_nosnippet":false,"robots_nofollow":false,"robots_noimageindex":false,"robots_noodp":false,"robots_notranslate":false,"robots_max_snippet":null,"robots_max_videopreview":null,"robots_max_imagepreview":"large","priority":null,"frequency":null,"location":null,"local_seo":null,"seo_analyzer_scan_date":"2025-08-24 18:18:16","breadcrumb_settings":null,"limit_modified_date":false,"reviewed_by":null,"open_ai":null,"ai":null,"created":"2020-12-21 11:31:28","updated":"2025-08-24 18:18:16"},"aioseo_breadcrumb":"<div class=\"aioseo-breadcrumbs\"><span class=\"aioseo-breadcrumb\">\n\t<a href=\"https:\/\/candas365.es\/noticias\" title=\"Home\">Home<\/a>\n<\/span><span class=\"aioseo-breadcrumb-separator\">&ndash;<\/span><span class=\"aioseo-breadcrumb\">\n\t<a href=\"https:\/\/candas365.es\/noticias\/category\/actualidad\/\" title=\"Actualidad\">Actualidad<\/a>\n<\/span><span class=\"aioseo-breadcrumb-separator\">&ndash;<\/span><span class=\"aioseo-breadcrumb\">\n\tOperaci\u00f3n antiterrorista en Alemania concluye sin detenidos\n<\/span><\/div>","aioseo_breadcrumb_json":[{"label":"Home","link":"https:\/\/candas365.es\/noticias"},{"label":"Actualidad","link":"https:\/\/candas365.es\/noticias\/category\/actualidad\/"},{"label":"Operaci\u00f3n antiterrorista en Alemania concluye sin detenidos","link":"https:\/\/candas365.es\/noticias\/operacion-antiterrorista-en-alemania-concluye-sin-detenidos\/"}],"_links":{"self":[{"href":"https:\/\/candas365.es\/noticias\/wp-json\/wp\/v2\/posts\/34753","targetHints":{"allow":["GET"]}}],"collection":[{"href":"https:\/\/candas365.es\/noticias\/wp-json\/wp\/v2\/posts"}],"about":[{"href":"https:\/\/candas365.es\/noticias\/wp-json\/wp\/v2\/types\/post"}],"author":[{"embeddable":true,"href":"https:\/\/candas365.es\/noticias\/wp-json\/wp\/v2\/users\/1"}],"replies":[{"embeddable":true,"href":"https:\/\/candas365.es\/noticias\/wp-json\/wp\/v2\/comments?post=34753"}],"version-history":[{"count":0,"href":"https:\/\/candas365.es\/noticias\/wp-json\/wp\/v2\/posts\/34753\/revisions"}],"wp:featuredmedia":[{"embeddable":true,"href":"https:\/\/candas365.es\/noticias\/wp-json\/wp\/v2\/media\/16457"}],"wp:attachment":[{"href":"https:\/\/candas365.es\/noticias\/wp-json\/wp\/v2\/media?parent=34753"}],"wp:term":[{"taxonomy":"category","embeddable":true,"href":"https:\/\/candas365.es\/noticias\/wp-json\/wp\/v2\/categories?post=34753"},{"taxonomy":"post_tag","embeddable":true,"href":"https:\/\/candas365.es\/noticias\/wp-json\/wp\/v2\/tags?post=34753"}],"curies":[{"name":"wp","href":"https:\/\/api.w.org\/{rel}","templated":true}]}}