{"id":34711,"date":"2016-10-26T00:23:23","date_gmt":"2016-10-25T22:53:23","guid":{"rendered":"http:\/\/candas365.es\/noticias\/?p=34711"},"modified":"2016-10-26T00:23:23","modified_gmt":"2016-10-25T22:53:23","slug":"berlin-nombra-a-schauble-hijo-predilecto-de-la-ciudad","status":"publish","type":"post","link":"https:\/\/candas365.es\/noticias\/berlin-nombra-a-schauble-hijo-predilecto-de-la-ciudad\/","title":{"rendered":"Berl\u00edn nombra a Sch\u00e4uble hijo predilecto de la ciudad"},"content":{"rendered":"<p><span class=\"dateline\">Berl\u00edn, 24 oct <span class=\"credit\">(dpa)<\/span> &#8211; <\/span>El ministro alem\u00e1n de Finanzas, Wolfgang Sch\u00e4uble, fue nombrado hoy hijo predilecto de Berl\u00edn, 25 a\u00f1os despu\u00e9s de su famoso discurso a favor de trasladar la capital alemana de Bonn a Berl\u00edn tras la ca\u00edda del Muro.<\/p>\n<p>El alcalde de Berl\u00edn, Michael M\u00fcller, alab\u00f3 al pol\u00edtico cristianodem\u00f3crata de 74 a\u00f1os por su decisivo papel en la reunificaci\u00f3n alemana en 1991 y la mudanza del Gobierno alem\u00e1n a la ciudad en el este de Alemania.<\/p>\n<p>Berl\u00edn es con su historia, su din\u00e1mica y sus problemas un s\u00edmbolo para Alemania, en lo bueno y en lo no tan perfecto, afirm\u00f3 Sch\u00e4uble en su discurso de agradecimiento. \u00abPor esta raz\u00f3n Berl\u00edn es la capital correcta para este pa\u00eds\u00bb, indic\u00f3.<\/p>\n<p>Como ministro de Interior, Sch\u00e4uble defendi\u00f3 en 1991 en un discurso hist\u00f3rico la mudanza del Gobierno alem\u00e1n desde Bonn a Berl\u00edn. \u00abBerl\u00edn es como ninguna otra ciudad s\u00edmbolo de la unidad, libertad y democracia\u00bb, declar\u00f3 entonces.<\/p>\n<p>El Parlamento alem\u00e1n acord\u00f3 ese a\u00f1o, con una escasa mayor\u00eda, trasladar el Gobierno y una parte de los Ministerios de la ciudad en el oeste de Alemania a orillas del Rin a la ciudad en el este del pa\u00eds a orillas del Spree.<\/p>\n<p>Sch\u00e4uble se ha convertido as\u00ed en el hijo predilecto n\u00famero 119, en una lista que engloban, entre otros, el presidente federal de Alemania, Joachim Gauck;\u00a0la actriz Marlene Dietrich; el antiguo presidente estadounidense Ronald Reagan y el ex presidente sovi\u00e9tico Mijail Gorbachov.<\/p>\n<p>Los hijos predilectos reciben, entre otras cosas, un retrato en el parlamento regional y un abono anual de transportes gratis.<\/p>\n<p>&nbsp;<\/p>\n","protected":false},"excerpt":{"rendered":"<p>Berl\u00edn, 24 oct (dpa) &#8211; El ministro alem\u00e1n de Finanzas, Wolfgang Sch\u00e4uble, fue nombrado hoy hijo predilecto de Berl\u00edn, 25 a\u00f1os despu\u00e9s de su famoso discurso a favor de trasladar la capital alemana de Bonn a Berl\u00edn tras la ca\u00edda del Muro. El alcalde de Berl\u00edn, Michael M\u00fcller, alab\u00f3 al pol\u00edtico cristianodem\u00f3crata de 74 a\u00f1os<\/p>\n","protected":false},"author":1,"featured_media":16457,"comment_status":"closed","ping_status":"closed","sticky":false,"template":"","format":"standard","meta":{"footnotes":""},"categories":[343],"tags":[],"class_list":{"0":"post-34711","1":"post","2":"type-post","3":"status-publish","4":"format-standard","5":"has-post-thumbnail","7":"category-actualidad"},"aioseo_notices":[],"aioseo_head":"\n\t\t<!-- All in One SEO Pro 4.9.6.2 - aioseo.com -->\n\t<meta name=\"description\" content=\"Berl\u00edn, 24 oct (dpa) - El ministro alem\u00e1n de Finanzas, Wolfgang Sch\u00e4uble, fue nombrado hoy hijo predilecto de Berl\u00edn, 25 a\u00f1os despu\u00e9s de su famoso discurso a favor de trasladar la capital alemana de Bonn a Berl\u00edn tras la ca\u00edda del Muro. El alcalde de Berl\u00edn, Michael M\u00fcller, alab\u00f3 al pol\u00edtico cristianodem\u00f3crata de 74 a\u00f1os\" \/>\n\t<meta name=\"robots\" content=\"max-image-preview:large\" \/>\n\t<meta name=\"author\" content=\"Cand\u00e1s 365\"\/>\n\t<meta name=\"google-site-verification\" content=\"UA-32230408-1\" \/>\n\t<meta name=\"msvalidate.01\" content=\"354F3CDFB2DA171B47FBE9ABF1F88D5\" \/>\n\t<meta name=\"keywords\" content=\"actualidad\" \/>\n\t<link rel=\"canonical\" href=\"https:\/\/candas365.es\/noticias\/berlin-nombra-a-schauble-hijo-predilecto-de-la-ciudad\/\" \/>\n\t<meta name=\"generator\" content=\"All in One SEO Pro (AIOSEO) 4.9.6.2\" \/>\n\t\t<meta property=\"og:locale\" content=\"es_ES\" \/>\n\t\t<meta property=\"og:site_name\" content=\"Cand\u00e1s 365\" \/>\n\t\t<meta property=\"og:type\" content=\"article\" \/>\n\t\t<meta property=\"og:title\" content=\"Berl\u00edn nombra a Sch\u00e4uble hijo predilecto de la ciudad | Cand\u00e1s 365\" \/>\n\t\t<meta property=\"og:description\" content=\"Berl\u00edn, 24 oct (dpa) - El ministro alem\u00e1n de Finanzas, Wolfgang Sch\u00e4uble, fue nombrado hoy hijo predilecto de Berl\u00edn, 25 a\u00f1os despu\u00e9s de su famoso discurso a favor de trasladar la capital alemana de Bonn a Berl\u00edn tras la ca\u00edda del Muro. El alcalde de Berl\u00edn, Michael M\u00fcller, alab\u00f3 al pol\u00edtico cristianodem\u00f3crata de 74 a\u00f1os\" \/>\n\t\t<meta property=\"og:url\" content=\"https:\/\/candas365.es\/noticias\/berlin-nombra-a-schauble-hijo-predilecto-de-la-ciudad\/\" \/>\n\t\t<meta property=\"og:image\" content=\"https:\/\/candas365.es\/noticias\/wp-content\/uploads\/2015\/09\/c365noticias.jpg\" \/>\n\t\t<meta property=\"og:image:secure_url\" content=\"https:\/\/candas365.es\/noticias\/wp-content\/uploads\/2015\/09\/c365noticias.jpg\" \/>\n\t\t<meta property=\"og:image:width\" content=\"655\" \/>\n\t\t<meta property=\"og:image:height\" content=\"360\" \/>\n\t\t<meta property=\"article:published_time\" content=\"2016-10-25T22:53:23+00:00\" \/>\n\t\t<meta property=\"article:modified_time\" content=\"2016-10-25T22:53:23+00:00\" \/>\n\t\t<meta property=\"article:publisher\" content=\"https:\/\/www.facebook.com\/Nachofdezber\" \/>\n\t\t<meta property=\"article:author\" content=\"https:\/\/www.facebook.com\/carrenoactualidad\" \/>\n\t\t<meta name=\"twitter:card\" content=\"summary_large_image\" \/>\n\t\t<meta name=\"twitter:site\" content=\"@NabercoDigital\" \/>\n\t\t<meta name=\"twitter:title\" content=\"Berl\u00edn nombra a Sch\u00e4uble hijo predilecto de la ciudad | Cand\u00e1s 365\" \/>\n\t\t<meta name=\"twitter:description\" content=\"Berl\u00edn, 24 oct (dpa) - El ministro alem\u00e1n de Finanzas, Wolfgang Sch\u00e4uble, fue nombrado hoy hijo predilecto de Berl\u00edn, 25 a\u00f1os despu\u00e9s de su famoso discurso a favor de trasladar la capital alemana de Bonn a Berl\u00edn tras la ca\u00edda del Muro. El alcalde de Berl\u00edn, Michael M\u00fcller, alab\u00f3 al pol\u00edtico cristianodem\u00f3crata de 74 a\u00f1os\" \/>\n\t\t<meta name=\"twitter:creator\" content=\"@nbasturias\" \/>\n\t\t<meta name=\"twitter:image\" content=\"https:\/\/candas365.es\/noticias\/wp-content\/uploads\/2015\/09\/c365noticias.jpg\" \/>\n\t\t<meta name=\"twitter:label1\" content=\"Escrito por\" \/>\n\t\t<meta name=\"twitter:data1\" content=\"Cand\u00e1s 365\" \/>\n\t\t<meta name=\"twitter:label2\" content=\"Tiempo de lectura estimado\" \/>\n\t\t<meta name=\"twitter:data2\" content=\"1 minuto\" \/>\n\t\t<script type=\"application\/ld+json\" class=\"aioseo-schema\">\n\t\t\t{\"@context\":\"https:\\\/\\\/schema.org\",\"@graph\":[{\"@type\":\"BreadcrumbList\",\"@id\":\"https:\\\/\\\/candas365.es\\\/noticias\\\/berlin-nombra-a-schauble-hijo-predilecto-de-la-ciudad\\\/#breadcrumblist\",\"itemListElement\":[{\"@type\":\"ListItem\",\"@id\":\"https:\\\/\\\/candas365.es\\\/noticias#listItem\",\"position\":1,\"name\":\"Home\",\"item\":\"https:\\\/\\\/candas365.es\\\/noticias\",\"nextItem\":{\"@type\":\"ListItem\",\"@id\":\"https:\\\/\\\/candas365.es\\\/noticias\\\/category\\\/actualidad\\\/#listItem\",\"name\":\"Actualidad\"}},{\"@type\":\"ListItem\",\"@id\":\"https:\\\/\\\/candas365.es\\\/noticias\\\/category\\\/actualidad\\\/#listItem\",\"position\":2,\"name\":\"Actualidad\",\"item\":\"https:\\\/\\\/candas365.es\\\/noticias\\\/category\\\/actualidad\\\/\",\"nextItem\":{\"@type\":\"ListItem\",\"@id\":\"https:\\\/\\\/candas365.es\\\/noticias\\\/berlin-nombra-a-schauble-hijo-predilecto-de-la-ciudad\\\/#listItem\",\"name\":\"Berl\\u00edn nombra a Sch\\u00e4uble hijo predilecto de la ciudad\"},\"previousItem\":{\"@type\":\"ListItem\",\"@id\":\"https:\\\/\\\/candas365.es\\\/noticias#listItem\",\"name\":\"Home\"}},{\"@type\":\"ListItem\",\"@id\":\"https:\\\/\\\/candas365.es\\\/noticias\\\/berlin-nombra-a-schauble-hijo-predilecto-de-la-ciudad\\\/#listItem\",\"position\":3,\"name\":\"Berl\\u00edn nombra a Sch\\u00e4uble hijo predilecto de la ciudad\",\"previousItem\":{\"@type\":\"ListItem\",\"@id\":\"https:\\\/\\\/candas365.es\\\/noticias\\\/category\\\/actualidad\\\/#listItem\",\"name\":\"Actualidad\"}}]},{\"@type\":\"NewsArticle\",\"@id\":\"https:\\\/\\\/candas365.es\\\/noticias\\\/berlin-nombra-a-schauble-hijo-predilecto-de-la-ciudad\\\/#newsarticle\",\"name\":\"Berl\\u00edn nombra a Sch\\u00e4uble hijo predilecto de la ciudad | Cand\\u00e1s 365\",\"headline\":\"Berl\\u00edn nombra a Sch\\u00e4uble hijo predilecto de la ciudad\",\"author\":{\"@id\":\"https:\\\/\\\/candas365.es\\\/noticias\\\/author\\\/admin\\\/#author\"},\"publisher\":{\"@id\":\"https:\\\/\\\/candas365.es\\\/noticias\\\/#organization\"},\"image\":{\"@type\":\"ImageObject\",\"url\":\"https:\\\/\\\/candas365.es\\\/noticias\\\/wp-content\\\/uploads\\\/2015\\\/09\\\/c365noticias.jpg\",\"width\":655,\"height\":360},\"datePublished\":\"2016-10-26T00:23:23+02:00\",\"dateModified\":\"2016-10-26T00:23:23+02:00\",\"inLanguage\":\"es-ES\",\"mainEntityOfPage\":{\"@id\":\"https:\\\/\\\/candas365.es\\\/noticias\\\/berlin-nombra-a-schauble-hijo-predilecto-de-la-ciudad\\\/#webpage\"},\"isPartOf\":{\"@id\":\"https:\\\/\\\/candas365.es\\\/noticias\\\/berlin-nombra-a-schauble-hijo-predilecto-de-la-ciudad\\\/#webpage\"},\"articleSection\":\"Actualidad\",\"dateline\":\"Publicado el octubre 26, 2016.\"},{\"@type\":\"Organization\",\"@id\":\"https:\\\/\\\/candas365.es\\\/noticias\\\/#organization\",\"name\":\"Cand\\u00e1s 365\",\"description\":\"Cand\\u00e1s 365 es un diario digital independiente, fundado en 2012, con base en Asturias. Informamos con rigor sobre actualidad, sociedad, cultura y ocio, con una mirada local y global.\",\"url\":\"https:\\\/\\\/candas365.es\\\/noticias\\\/\",\"email\":\"info@candas365.es\",\"telephone\":\"+34652131393\",\"foundingDate\":\"2012-06-10\",\"logo\":{\"@type\":\"ImageObject\",\"url\":\"https:\\\/\\\/candas365.es\\\/noticias\\\/wp-content\\\/uploads\\\/2024\\\/09\\\/Candas-365-Redes.jpg\",\"@id\":\"https:\\\/\\\/candas365.es\\\/noticias\\\/berlin-nombra-a-schauble-hijo-predilecto-de-la-ciudad\\\/#organizationLogo\",\"width\":1152,\"height\":864,\"caption\":\"Cand\\u00e1s 365 Redes\"},\"image\":{\"@id\":\"https:\\\/\\\/candas365.es\\\/noticias\\\/berlin-nombra-a-schauble-hijo-predilecto-de-la-ciudad\\\/#organizationLogo\"},\"sameAs\":[\"https:\\\/\\\/www.facebook.com\\\/Nachofdezber\",\"https:\\\/\\\/x.com\\\/NabercoDigital\",\"https:\\\/\\\/www.instagram.com\\\/nachofdezber\\\/\",\"https:\\\/\\\/www.youtube.com\\\/channel\\\/UCZP-2wLEB9Rv6erhFmqVnvg\"],\"address\":{\"@id\":\"https:\\\/\\\/candas365.es\\\/noticias\\\/#postaladdress\",\"@type\":\"PostalAddress\",\"streetAddress\":\"san antonio 4, san antonio 4\",\"postalCode\":\"33430\",\"addressLocality\":\"Cand\\u00e1s\",\"addressRegion\":\"Asturias\",\"addressCountry\":\"ES\"}},{\"@type\":\"Person\",\"@id\":\"https:\\\/\\\/candas365.es\\\/noticias\\\/author\\\/admin\\\/#author\",\"url\":\"https:\\\/\\\/candas365.es\\\/noticias\\\/author\\\/admin\\\/\",\"name\":\"Cand\\u00e1s 365\",\"image\":{\"@type\":\"ImageObject\",\"@id\":\"https:\\\/\\\/candas365.es\\\/noticias\\\/berlin-nombra-a-schauble-hijo-predilecto-de-la-ciudad\\\/#authorImage\",\"url\":\"https:\\\/\\\/secure.gravatar.com\\\/avatar\\\/496a8e03d0c493ede1718b7934145dbdf8d89be1036b0eec9544e1094c9de390?s=96&d=mm&r=g\",\"width\":96,\"height\":96,\"caption\":\"Cand\\u00e1s 365\"},\"sameAs\":[\"https:\\\/\\\/www.facebook.com\\\/carrenoactualidad\",\"https:\\\/\\\/twitter.com\\\/nbasturias\",\"https:\\\/\\\/www.instagram.com\\\/nachofdezber\\\/\",\"https:\\\/\\\/www.youtube.com\\\/channel\\\/UCZP-2wLEB9Rv6erhFmqVnvg\"]},{\"@type\":\"WebPage\",\"@id\":\"https:\\\/\\\/candas365.es\\\/noticias\\\/berlin-nombra-a-schauble-hijo-predilecto-de-la-ciudad\\\/#webpage\",\"url\":\"https:\\\/\\\/candas365.es\\\/noticias\\\/berlin-nombra-a-schauble-hijo-predilecto-de-la-ciudad\\\/\",\"name\":\"Berl\\u00edn nombra a Sch\\u00e4uble hijo predilecto de la ciudad | Cand\\u00e1s 365\",\"description\":\"Berl\\u00edn, 24 oct (dpa) - El ministro alem\\u00e1n de Finanzas, Wolfgang Sch\\u00e4uble, fue nombrado hoy hijo predilecto de Berl\\u00edn, 25 a\\u00f1os despu\\u00e9s de su famoso discurso a favor de trasladar la capital alemana de Bonn a Berl\\u00edn tras la ca\\u00edda del Muro. El alcalde de Berl\\u00edn, Michael M\\u00fcller, alab\\u00f3 al pol\\u00edtico cristianodem\\u00f3crata de 74 a\\u00f1os\",\"inLanguage\":\"es-ES\",\"isPartOf\":{\"@id\":\"https:\\\/\\\/candas365.es\\\/noticias\\\/#website\"},\"breadcrumb\":{\"@id\":\"https:\\\/\\\/candas365.es\\\/noticias\\\/berlin-nombra-a-schauble-hijo-predilecto-de-la-ciudad\\\/#breadcrumblist\"},\"author\":{\"@id\":\"https:\\\/\\\/candas365.es\\\/noticias\\\/author\\\/admin\\\/#author\"},\"creator\":{\"@id\":\"https:\\\/\\\/candas365.es\\\/noticias\\\/author\\\/admin\\\/#author\"},\"image\":{\"@type\":\"ImageObject\",\"url\":\"https:\\\/\\\/candas365.es\\\/noticias\\\/wp-content\\\/uploads\\\/2015\\\/09\\\/c365noticias.jpg\",\"@id\":\"https:\\\/\\\/candas365.es\\\/noticias\\\/berlin-nombra-a-schauble-hijo-predilecto-de-la-ciudad\\\/#mainImage\",\"width\":655,\"height\":360},\"primaryImageOfPage\":{\"@id\":\"https:\\\/\\\/candas365.es\\\/noticias\\\/berlin-nombra-a-schauble-hijo-predilecto-de-la-ciudad\\\/#mainImage\"},\"datePublished\":\"2016-10-26T00:23:23+02:00\",\"dateModified\":\"2016-10-26T00:23:23+02:00\"},{\"@type\":\"WebSite\",\"@id\":\"https:\\\/\\\/candas365.es\\\/noticias\\\/#website\",\"url\":\"https:\\\/\\\/candas365.es\\\/noticias\\\/\",\"name\":\"Cand\\u00e1s 365\",\"alternateName\":\"Cand\\u00e1s 365 Noticias\",\"description\":\"Actualidad desde Carre\\u00f1o para el mundo\",\"inLanguage\":\"es-ES\",\"publisher\":{\"@id\":\"https:\\\/\\\/candas365.es\\\/noticias\\\/#organization\"}}]}\n\t\t<\/script>\n\t\t<!-- All in One SEO Pro -->\r\n\t\t<title>Berl\u00edn nombra a Sch\u00e4uble hijo predilecto de la ciudad | Cand\u00e1s 365<\/title>\n\n","aioseo_head_json":{"title":"Berl\u00edn nombra a Sch\u00e4uble hijo predilecto de la ciudad | Cand\u00e1s 365","description":"Berl\u00edn, 24 oct (dpa) - El ministro alem\u00e1n de Finanzas, Wolfgang Sch\u00e4uble, fue nombrado hoy hijo predilecto de Berl\u00edn, 25 a\u00f1os despu\u00e9s de su famoso discurso a favor de trasladar la capital alemana de Bonn a Berl\u00edn tras la ca\u00edda del Muro. El alcalde de Berl\u00edn, Michael M\u00fcller, alab\u00f3 al pol\u00edtico cristianodem\u00f3crata de 74 a\u00f1os","canonical_url":"https:\/\/candas365.es\/noticias\/berlin-nombra-a-schauble-hijo-predilecto-de-la-ciudad\/","robots":"max-image-preview:large","keywords":"actualidad","webmasterTools":{"google-site-verification":"UA-32230408-1","msvalidate.01":"354F3CDFB2DA171B47FBE9ABF1F88D5","miscellaneous":""},"schema":{"@context":"https:\/\/schema.org","@graph":[{"@type":"BreadcrumbList","@id":"https:\/\/candas365.es\/noticias\/berlin-nombra-a-schauble-hijo-predilecto-de-la-ciudad\/#breadcrumblist","itemListElement":[{"@type":"ListItem","@id":"https:\/\/candas365.es\/noticias#listItem","position":1,"name":"Home","item":"https:\/\/candas365.es\/noticias","nextItem":{"@type":"ListItem","@id":"https:\/\/candas365.es\/noticias\/category\/actualidad\/#listItem","name":"Actualidad"}},{"@type":"ListItem","@id":"https:\/\/candas365.es\/noticias\/category\/actualidad\/#listItem","position":2,"name":"Actualidad","item":"https:\/\/candas365.es\/noticias\/category\/actualidad\/","nextItem":{"@type":"ListItem","@id":"https:\/\/candas365.es\/noticias\/berlin-nombra-a-schauble-hijo-predilecto-de-la-ciudad\/#listItem","name":"Berl\u00edn nombra a Sch\u00e4uble hijo predilecto de la ciudad"},"previousItem":{"@type":"ListItem","@id":"https:\/\/candas365.es\/noticias#listItem","name":"Home"}},{"@type":"ListItem","@id":"https:\/\/candas365.es\/noticias\/berlin-nombra-a-schauble-hijo-predilecto-de-la-ciudad\/#listItem","position":3,"name":"Berl\u00edn nombra a Sch\u00e4uble hijo predilecto de la ciudad","previousItem":{"@type":"ListItem","@id":"https:\/\/candas365.es\/noticias\/category\/actualidad\/#listItem","name":"Actualidad"}}]},{"@type":"NewsArticle","@id":"https:\/\/candas365.es\/noticias\/berlin-nombra-a-schauble-hijo-predilecto-de-la-ciudad\/#newsarticle","name":"Berl\u00edn nombra a Sch\u00e4uble hijo predilecto de la ciudad | Cand\u00e1s 365","headline":"Berl\u00edn nombra a Sch\u00e4uble hijo predilecto de la ciudad","author":{"@id":"https:\/\/candas365.es\/noticias\/author\/admin\/#author"},"publisher":{"@id":"https:\/\/candas365.es\/noticias\/#organization"},"image":{"@type":"ImageObject","url":"https:\/\/candas365.es\/noticias\/wp-content\/uploads\/2015\/09\/c365noticias.jpg","width":655,"height":360},"datePublished":"2016-10-26T00:23:23+02:00","dateModified":"2016-10-26T00:23:23+02:00","inLanguage":"es-ES","mainEntityOfPage":{"@id":"https:\/\/candas365.es\/noticias\/berlin-nombra-a-schauble-hijo-predilecto-de-la-ciudad\/#webpage"},"isPartOf":{"@id":"https:\/\/candas365.es\/noticias\/berlin-nombra-a-schauble-hijo-predilecto-de-la-ciudad\/#webpage"},"articleSection":"Actualidad","dateline":"Publicado el octubre 26, 2016."},{"@type":"Organization","@id":"https:\/\/candas365.es\/noticias\/#organization","name":"Cand\u00e1s 365","description":"Cand\u00e1s 365 es un diario digital independiente, fundado en 2012, con base en Asturias. Informamos con rigor sobre actualidad, sociedad, cultura y ocio, con una mirada local y global.","url":"https:\/\/candas365.es\/noticias\/","email":"info@candas365.es","telephone":"+34652131393","foundingDate":"2012-06-10","logo":{"@type":"ImageObject","url":"https:\/\/candas365.es\/noticias\/wp-content\/uploads\/2024\/09\/Candas-365-Redes.jpg","@id":"https:\/\/candas365.es\/noticias\/berlin-nombra-a-schauble-hijo-predilecto-de-la-ciudad\/#organizationLogo","width":1152,"height":864,"caption":"Cand\u00e1s 365 Redes"},"image":{"@id":"https:\/\/candas365.es\/noticias\/berlin-nombra-a-schauble-hijo-predilecto-de-la-ciudad\/#organizationLogo"},"sameAs":["https:\/\/www.facebook.com\/Nachofdezber","https:\/\/x.com\/NabercoDigital","https:\/\/www.instagram.com\/nachofdezber\/","https:\/\/www.youtube.com\/channel\/UCZP-2wLEB9Rv6erhFmqVnvg"],"address":{"@id":"https:\/\/candas365.es\/noticias\/#postaladdress","@type":"PostalAddress","streetAddress":"san antonio 4, san antonio 4","postalCode":"33430","addressLocality":"Cand\u00e1s","addressRegion":"Asturias","addressCountry":"ES"}},{"@type":"Person","@id":"https:\/\/candas365.es\/noticias\/author\/admin\/#author","url":"https:\/\/candas365.es\/noticias\/author\/admin\/","name":"Cand\u00e1s 365","image":{"@type":"ImageObject","@id":"https:\/\/candas365.es\/noticias\/berlin-nombra-a-schauble-hijo-predilecto-de-la-ciudad\/#authorImage","url":"https:\/\/secure.gravatar.com\/avatar\/496a8e03d0c493ede1718b7934145dbdf8d89be1036b0eec9544e1094c9de390?s=96&d=mm&r=g","width":96,"height":96,"caption":"Cand\u00e1s 365"},"sameAs":["https:\/\/www.facebook.com\/carrenoactualidad","https:\/\/twitter.com\/nbasturias","https:\/\/www.instagram.com\/nachofdezber\/","https:\/\/www.youtube.com\/channel\/UCZP-2wLEB9Rv6erhFmqVnvg"]},{"@type":"WebPage","@id":"https:\/\/candas365.es\/noticias\/berlin-nombra-a-schauble-hijo-predilecto-de-la-ciudad\/#webpage","url":"https:\/\/candas365.es\/noticias\/berlin-nombra-a-schauble-hijo-predilecto-de-la-ciudad\/","name":"Berl\u00edn nombra a Sch\u00e4uble hijo predilecto de la ciudad | Cand\u00e1s 365","description":"Berl\u00edn, 24 oct (dpa) - El ministro alem\u00e1n de Finanzas, Wolfgang Sch\u00e4uble, fue nombrado hoy hijo predilecto de Berl\u00edn, 25 a\u00f1os despu\u00e9s de su famoso discurso a favor de trasladar la capital alemana de Bonn a Berl\u00edn tras la ca\u00edda del Muro. El alcalde de Berl\u00edn, Michael M\u00fcller, alab\u00f3 al pol\u00edtico cristianodem\u00f3crata de 74 a\u00f1os","inLanguage":"es-ES","isPartOf":{"@id":"https:\/\/candas365.es\/noticias\/#website"},"breadcrumb":{"@id":"https:\/\/candas365.es\/noticias\/berlin-nombra-a-schauble-hijo-predilecto-de-la-ciudad\/#breadcrumblist"},"author":{"@id":"https:\/\/candas365.es\/noticias\/author\/admin\/#author"},"creator":{"@id":"https:\/\/candas365.es\/noticias\/author\/admin\/#author"},"image":{"@type":"ImageObject","url":"https:\/\/candas365.es\/noticias\/wp-content\/uploads\/2015\/09\/c365noticias.jpg","@id":"https:\/\/candas365.es\/noticias\/berlin-nombra-a-schauble-hijo-predilecto-de-la-ciudad\/#mainImage","width":655,"height":360},"primaryImageOfPage":{"@id":"https:\/\/candas365.es\/noticias\/berlin-nombra-a-schauble-hijo-predilecto-de-la-ciudad\/#mainImage"},"datePublished":"2016-10-26T00:23:23+02:00","dateModified":"2016-10-26T00:23:23+02:00"},{"@type":"WebSite","@id":"https:\/\/candas365.es\/noticias\/#website","url":"https:\/\/candas365.es\/noticias\/","name":"Cand\u00e1s 365","alternateName":"Cand\u00e1s 365 Noticias","description":"Actualidad desde Carre\u00f1o para el mundo","inLanguage":"es-ES","publisher":{"@id":"https:\/\/candas365.es\/noticias\/#organization"}}]},"og:locale":"es_ES","og:site_name":"Cand\u00e1s 365","og:type":"article","og:title":"Berl\u00edn nombra a Sch\u00e4uble hijo predilecto de la ciudad | Cand\u00e1s 365","og:description":"Berl\u00edn, 24 oct (dpa) - El ministro alem\u00e1n de Finanzas, Wolfgang Sch\u00e4uble, fue nombrado hoy hijo predilecto de Berl\u00edn, 25 a\u00f1os despu\u00e9s de su famoso discurso a favor de trasladar la capital alemana de Bonn a Berl\u00edn tras la ca\u00edda del Muro. El alcalde de Berl\u00edn, Michael M\u00fcller, alab\u00f3 al pol\u00edtico cristianodem\u00f3crata de 74 a\u00f1os","og:url":"https:\/\/candas365.es\/noticias\/berlin-nombra-a-schauble-hijo-predilecto-de-la-ciudad\/","og:image":"https:\/\/candas365.es\/noticias\/wp-content\/uploads\/2015\/09\/c365noticias.jpg","og:image:secure_url":"https:\/\/candas365.es\/noticias\/wp-content\/uploads\/2015\/09\/c365noticias.jpg","og:image:width":655,"og:image:height":360,"article:published_time":"2016-10-25T22:53:23+00:00","article:modified_time":"2016-10-25T22:53:23+00:00","article:publisher":"https:\/\/www.facebook.com\/Nachofdezber","article:author":"https:\/\/www.facebook.com\/carrenoactualidad","twitter:card":"summary_large_image","twitter:site":"@NabercoDigital","twitter:title":"Berl\u00edn nombra a Sch\u00e4uble hijo predilecto de la ciudad | Cand\u00e1s 365","twitter:description":"Berl\u00edn, 24 oct (dpa) - El ministro alem\u00e1n de Finanzas, Wolfgang Sch\u00e4uble, fue nombrado hoy hijo predilecto de Berl\u00edn, 25 a\u00f1os despu\u00e9s de su famoso discurso a favor de trasladar la capital alemana de Bonn a Berl\u00edn tras la ca\u00edda del Muro. El alcalde de Berl\u00edn, Michael M\u00fcller, alab\u00f3 al pol\u00edtico cristianodem\u00f3crata de 74 a\u00f1os","twitter:creator":"@nbasturias","twitter:image":"https:\/\/candas365.es\/noticias\/wp-content\/uploads\/2015\/09\/c365noticias.jpg","twitter:label1":"Escrito por","twitter:data1":"Cand\u00e1s 365","twitter:label2":"Tiempo de lectura estimado","twitter:data2":"1 minuto"},"aioseo_meta_data":{"post_id":"34711","title":null,"description":null,"keywords":null,"keyphrases":null,"primary_term":null,"canonical_url":null,"og_title":null,"og_description":null,"og_object_type":"default","og_image_type":"default","og_image_url":null,"og_image_width":null,"og_image_height":null,"og_image_custom_url":null,"og_image_custom_fields":null,"og_video":null,"og_custom_url":null,"og_article_section":null,"og_article_tags":null,"twitter_use_og":false,"twitter_card":"default","twitter_image_type":"default","twitter_image_url":null,"twitter_image_custom_url":null,"twitter_image_custom_fields":null,"twitter_title":null,"twitter_description":null,"schema":{"blockGraphs":[],"customGraphs":[],"default":{"data":{"Article":[],"Course":[],"Dataset":[],"FAQPage":[],"Movie":[],"Person":[],"Product":[],"ProductReview":[],"Car":[],"Recipe":[],"Service":[],"SoftwareApplication":[],"WebPage":[]},"graphName":"","isEnabled":true},"graphs":[],"defaultGraph":"","defaultPostTypeGraph":""},"schema_type":null,"schema_type_options":null,"pillar_content":false,"robots_default":true,"robots_noindex":false,"robots_noarchive":false,"robots_nosnippet":false,"robots_nofollow":false,"robots_noimageindex":false,"robots_noodp":false,"robots_notranslate":false,"robots_max_snippet":null,"robots_max_videopreview":null,"robots_max_imagepreview":"large","priority":null,"frequency":null,"location":null,"local_seo":null,"seo_analyzer_scan_date":"2025-08-24 18:14:15","breadcrumb_settings":null,"limit_modified_date":false,"reviewed_by":null,"open_ai":null,"ai":null,"created":"2020-12-21 11:31:30","updated":"2025-08-24 18:14:15"},"aioseo_breadcrumb":"<div class=\"aioseo-breadcrumbs\"><span class=\"aioseo-breadcrumb\">\n\t<a href=\"https:\/\/candas365.es\/noticias\" title=\"Home\">Home<\/a>\n<\/span><span class=\"aioseo-breadcrumb-separator\">&ndash;<\/span><span class=\"aioseo-breadcrumb\">\n\t<a href=\"https:\/\/candas365.es\/noticias\/category\/actualidad\/\" title=\"Actualidad\">Actualidad<\/a>\n<\/span><span class=\"aioseo-breadcrumb-separator\">&ndash;<\/span><span class=\"aioseo-breadcrumb\">\n\tBerl\u00edn nombra a Sch\u00e4uble hijo predilecto de la ciudad\n<\/span><\/div>","aioseo_breadcrumb_json":[{"label":"Home","link":"https:\/\/candas365.es\/noticias"},{"label":"Actualidad","link":"https:\/\/candas365.es\/noticias\/category\/actualidad\/"},{"label":"Berl\u00edn nombra a Sch\u00e4uble hijo predilecto de la ciudad","link":"https:\/\/candas365.es\/noticias\/berlin-nombra-a-schauble-hijo-predilecto-de-la-ciudad\/"}],"_links":{"self":[{"href":"https:\/\/candas365.es\/noticias\/wp-json\/wp\/v2\/posts\/34711","targetHints":{"allow":["GET"]}}],"collection":[{"href":"https:\/\/candas365.es\/noticias\/wp-json\/wp\/v2\/posts"}],"about":[{"href":"https:\/\/candas365.es\/noticias\/wp-json\/wp\/v2\/types\/post"}],"author":[{"embeddable":true,"href":"https:\/\/candas365.es\/noticias\/wp-json\/wp\/v2\/users\/1"}],"replies":[{"embeddable":true,"href":"https:\/\/candas365.es\/noticias\/wp-json\/wp\/v2\/comments?post=34711"}],"version-history":[{"count":0,"href":"https:\/\/candas365.es\/noticias\/wp-json\/wp\/v2\/posts\/34711\/revisions"}],"wp:featuredmedia":[{"embeddable":true,"href":"https:\/\/candas365.es\/noticias\/wp-json\/wp\/v2\/media\/16457"}],"wp:attachment":[{"href":"https:\/\/candas365.es\/noticias\/wp-json\/wp\/v2\/media?parent=34711"}],"wp:term":[{"taxonomy":"category","embeddable":true,"href":"https:\/\/candas365.es\/noticias\/wp-json\/wp\/v2\/categories?post=34711"},{"taxonomy":"post_tag","embeddable":true,"href":"https:\/\/candas365.es\/noticias\/wp-json\/wp\/v2\/tags?post=34711"}],"curies":[{"name":"wp","href":"https:\/\/api.w.org\/{rel}","templated":true}]}}