{"id":34709,"date":"2016-10-26T00:22:13","date_gmt":"2016-10-25T22:52:13","guid":{"rendered":"http:\/\/candas365.es\/noticias\/?p=34709"},"modified":"2016-10-26T00:22:13","modified_gmt":"2016-10-25T22:52:13","slug":"ter-stegen-resta-importancia-a-las-criticas-contra-bravo","status":"publish","type":"post","link":"https:\/\/candas365.es\/noticias\/ter-stegen-resta-importancia-a-las-criticas-contra-bravo\/","title":{"rendered":"Ter Stegen resta importancia a las cr\u00edticas contra Bravo"},"content":{"rendered":"<p>Berl\u00edn, 24 oct (dpa) &#8211; El alem\u00e1n Marc-Andr\u00e9 ter Stegen, arquero del Barcelona, rest\u00f3 importancia a las cr\u00edticas contra su hom\u00f3logo del Manchester City y antiguo compa\u00f1ero en el club catal\u00e1n, Claudio Bravo, tras el duelo de Liga de Campeones que enfrent\u00f3 a los dos clubes.<\/p>\n<p>\u00abAs\u00ed es sencillamente algunas veces la vida de un arquero\u00bb, coment\u00f3 sobre las cr\u00edticas contra Bravo tras la derrota del club ingl\u00e9s 4-0 en Barcelona y contra \u00e9l mismo tras su partido ante el Celta de Vigo, que perdieron 4-3. \u00abSin embargo, en el caso de Claudio Bravo no creo que le haya turbado demasiado\u00bb, agreg\u00f3 en una entrevista publicada hoy en la revista alemana \u00abKicker\u00bb.<\/p>\n<p>Tras el partido de Liga de Campeones, los medios ingleses alabaron el juego del alem\u00e1n frente al de Bravo. Sin embargo, Ter Stegen no quiso entrar en la discusi\u00f3n sobre si es mejor un estilo u otro. \u00abNo leo mucho y en cualquier caso, no la prensa deportiva (risas)&#8230; pero seguramente que no hago tampoco todo bien\u00bb, indic\u00f3.<\/p>\n<p>Sobre si tras sus dos errores que le costaron dos goles a su equipo en el partido en Vigo en la Liga espa\u00f1ola de f\u00fatbol a primeros de octubre ha decidido centrarse m\u00e1s en pases largos del bal\u00f3n hacia delante, el alem\u00e1n adelant\u00f3 que depender\u00e1 del partido.<\/p>\n<p>\u00abDepende siempre del partido, la situaci\u00f3n cambia siempre. Pero una cosa es seguro, se debe aprender de los errores, en cualquier caso se debe intentar. Se debe mirar siempre hacia delante\u00bb, afirm\u00f3.<\/p>\n<p>El jugador reconoci\u00f3 que esta temporada, a pesar de los errores ante el Celta, todo va por el buen camino. \u00abS\u00ed, me va bien. En el f\u00fatbol cuenta que lo que ha ocurrido en el pasado, no pase m\u00e1s en el presente y confirmar cada d\u00eda que se quiere y puede jugar al f\u00fatbol\u00bb, declar\u00f3.<\/p>\n<p>Respecto al partido ante el Valencia, que el Barcelona gan\u00f3 3-2 gracias a un penal del argentino Lionel Messi en el tiempo de descuento, Ter Stegen reconoci\u00f3 que el Valencia les sorprendi\u00f3 y rechaz\u00f3 entrar en una discusi\u00f3n sobre el papel del \u00e1rbitro en el encuentro al pitar un penal cuando ya hab\u00eda acabado el tiempo.<\/p>\n<p>\u00abNo se debe hablar sobre los \u00e1rbitros, sino que hay que concentrarse en el rendimiento de uno mismo. El \u00e1rbitro hace su trabajo, algunas decisiones son claras, otras son m\u00e1s dif\u00edciles de tomar\u00bb, afirm\u00f3.<\/p>\n<p>En el partido en Valencia se lesion\u00f3 la rodilla Andr\u00e9s Iniesta, que ser\u00e1 baja durante semanas. \u00abIniesta es uno de los mejores centrocampistas del mundo y naturalmente nos duele mucho su baja. Adem\u00e1s, es una personalidad muy importante para el club, pero debemos ver que ganamos al final al Valencia tambi\u00e9n sin \u00e9l\u00bb, indic\u00f3.<\/p>\n<p>&nbsp;<\/p>\n","protected":false},"excerpt":{"rendered":"<p>Berl\u00edn, 24 oct (dpa) &#8211; El alem\u00e1n Marc-Andr\u00e9 ter Stegen, arquero del Barcelona, rest\u00f3 importancia a las cr\u00edticas contra su hom\u00f3logo del Manchester City y antiguo compa\u00f1ero en el club catal\u00e1n, Claudio Bravo, tras el duelo de Liga de Campeones que enfrent\u00f3 a los dos clubes. \u00abAs\u00ed es sencillamente algunas veces la vida de un<\/p>\n","protected":false},"author":1,"featured_media":16457,"comment_status":"closed","ping_status":"closed","sticky":false,"template":"","format":"standard","meta":{"footnotes":""},"categories":[343],"tags":[],"class_list":{"0":"post-34709","1":"post","2":"type-post","3":"status-publish","4":"format-standard","5":"has-post-thumbnail","7":"category-actualidad"},"aioseo_notices":[],"aioseo_head":"\n\t\t<!-- All in One SEO Pro 4.9.6.2 - aioseo.com -->\n\t<meta name=\"description\" content=\"Berl\u00edn, 24 oct (dpa) - El alem\u00e1n Marc-Andr\u00e9 ter Stegen, arquero del Barcelona, rest\u00f3 importancia a las cr\u00edticas contra su hom\u00f3logo del Manchester City y antiguo compa\u00f1ero en el club catal\u00e1n, Claudio Bravo, tras el duelo de Liga de Campeones que enfrent\u00f3 a los dos clubes. &quot;As\u00ed es sencillamente algunas veces la vida de un\" \/>\n\t<meta name=\"robots\" content=\"max-image-preview:large\" \/>\n\t<meta name=\"author\" content=\"Cand\u00e1s 365\"\/>\n\t<meta name=\"google-site-verification\" content=\"UA-32230408-1\" \/>\n\t<meta name=\"msvalidate.01\" content=\"354F3CDFB2DA171B47FBE9ABF1F88D5\" \/>\n\t<meta name=\"keywords\" content=\"actualidad\" \/>\n\t<link rel=\"canonical\" href=\"https:\/\/candas365.es\/noticias\/ter-stegen-resta-importancia-a-las-criticas-contra-bravo\/\" \/>\n\t<meta name=\"generator\" content=\"All in One SEO Pro (AIOSEO) 4.9.6.2\" \/>\n\t\t<meta property=\"og:locale\" content=\"es_ES\" \/>\n\t\t<meta property=\"og:site_name\" content=\"Cand\u00e1s 365\" \/>\n\t\t<meta property=\"og:type\" content=\"article\" \/>\n\t\t<meta property=\"og:title\" content=\"Ter Stegen resta importancia a las cr\u00edticas contra Bravo | Cand\u00e1s 365\" \/>\n\t\t<meta property=\"og:description\" content=\"Berl\u00edn, 24 oct (dpa) - El alem\u00e1n Marc-Andr\u00e9 ter Stegen, arquero del Barcelona, rest\u00f3 importancia a las cr\u00edticas contra su hom\u00f3logo del Manchester City y antiguo compa\u00f1ero en el club catal\u00e1n, Claudio Bravo, tras el duelo de Liga de Campeones que enfrent\u00f3 a los dos clubes. &quot;As\u00ed es sencillamente algunas veces la vida de un\" \/>\n\t\t<meta property=\"og:url\" content=\"https:\/\/candas365.es\/noticias\/ter-stegen-resta-importancia-a-las-criticas-contra-bravo\/\" \/>\n\t\t<meta property=\"og:image\" content=\"https:\/\/candas365.es\/noticias\/wp-content\/uploads\/2015\/09\/c365noticias.jpg\" \/>\n\t\t<meta property=\"og:image:secure_url\" content=\"https:\/\/candas365.es\/noticias\/wp-content\/uploads\/2015\/09\/c365noticias.jpg\" \/>\n\t\t<meta property=\"og:image:width\" content=\"655\" \/>\n\t\t<meta property=\"og:image:height\" content=\"360\" \/>\n\t\t<meta property=\"article:published_time\" content=\"2016-10-25T22:52:13+00:00\" \/>\n\t\t<meta property=\"article:modified_time\" content=\"2016-10-25T22:52:13+00:00\" \/>\n\t\t<meta property=\"article:publisher\" content=\"https:\/\/www.facebook.com\/Nachofdezber\" \/>\n\t\t<meta property=\"article:author\" content=\"https:\/\/www.facebook.com\/carrenoactualidad\" \/>\n\t\t<meta name=\"twitter:card\" content=\"summary_large_image\" \/>\n\t\t<meta name=\"twitter:site\" content=\"@NabercoDigital\" \/>\n\t\t<meta name=\"twitter:title\" content=\"Ter Stegen resta importancia a las cr\u00edticas contra Bravo | Cand\u00e1s 365\" \/>\n\t\t<meta name=\"twitter:description\" content=\"Berl\u00edn, 24 oct (dpa) - El alem\u00e1n Marc-Andr\u00e9 ter Stegen, arquero del Barcelona, rest\u00f3 importancia a las cr\u00edticas contra su hom\u00f3logo del Manchester City y antiguo compa\u00f1ero en el club catal\u00e1n, Claudio Bravo, tras el duelo de Liga de Campeones que enfrent\u00f3 a los dos clubes. &quot;As\u00ed es sencillamente algunas veces la vida de un\" \/>\n\t\t<meta name=\"twitter:creator\" content=\"@nbasturias\" \/>\n\t\t<meta name=\"twitter:image\" content=\"https:\/\/candas365.es\/noticias\/wp-content\/uploads\/2015\/09\/c365noticias.jpg\" \/>\n\t\t<meta name=\"twitter:label1\" content=\"Escrito por\" \/>\n\t\t<meta name=\"twitter:data1\" content=\"Cand\u00e1s 365\" \/>\n\t\t<meta name=\"twitter:label2\" content=\"Tiempo de lectura estimado\" \/>\n\t\t<meta name=\"twitter:data2\" content=\"2 minutos\" \/>\n\t\t<script type=\"application\/ld+json\" class=\"aioseo-schema\">\n\t\t\t{\"@context\":\"https:\\\/\\\/schema.org\",\"@graph\":[{\"@type\":\"BreadcrumbList\",\"@id\":\"https:\\\/\\\/candas365.es\\\/noticias\\\/ter-stegen-resta-importancia-a-las-criticas-contra-bravo\\\/#breadcrumblist\",\"itemListElement\":[{\"@type\":\"ListItem\",\"@id\":\"https:\\\/\\\/candas365.es\\\/noticias#listItem\",\"position\":1,\"name\":\"Home\",\"item\":\"https:\\\/\\\/candas365.es\\\/noticias\",\"nextItem\":{\"@type\":\"ListItem\",\"@id\":\"https:\\\/\\\/candas365.es\\\/noticias\\\/category\\\/actualidad\\\/#listItem\",\"name\":\"Actualidad\"}},{\"@type\":\"ListItem\",\"@id\":\"https:\\\/\\\/candas365.es\\\/noticias\\\/category\\\/actualidad\\\/#listItem\",\"position\":2,\"name\":\"Actualidad\",\"item\":\"https:\\\/\\\/candas365.es\\\/noticias\\\/category\\\/actualidad\\\/\",\"nextItem\":{\"@type\":\"ListItem\",\"@id\":\"https:\\\/\\\/candas365.es\\\/noticias\\\/ter-stegen-resta-importancia-a-las-criticas-contra-bravo\\\/#listItem\",\"name\":\"Ter Stegen resta importancia a las cr\\u00edticas contra Bravo\"},\"previousItem\":{\"@type\":\"ListItem\",\"@id\":\"https:\\\/\\\/candas365.es\\\/noticias#listItem\",\"name\":\"Home\"}},{\"@type\":\"ListItem\",\"@id\":\"https:\\\/\\\/candas365.es\\\/noticias\\\/ter-stegen-resta-importancia-a-las-criticas-contra-bravo\\\/#listItem\",\"position\":3,\"name\":\"Ter Stegen resta importancia a las cr\\u00edticas contra Bravo\",\"previousItem\":{\"@type\":\"ListItem\",\"@id\":\"https:\\\/\\\/candas365.es\\\/noticias\\\/category\\\/actualidad\\\/#listItem\",\"name\":\"Actualidad\"}}]},{\"@type\":\"NewsArticle\",\"@id\":\"https:\\\/\\\/candas365.es\\\/noticias\\\/ter-stegen-resta-importancia-a-las-criticas-contra-bravo\\\/#newsarticle\",\"name\":\"Ter Stegen resta importancia a las cr\\u00edticas contra Bravo | Cand\\u00e1s 365\",\"headline\":\"Ter Stegen resta importancia a las cr\\u00edticas contra Bravo\",\"author\":{\"@id\":\"https:\\\/\\\/candas365.es\\\/noticias\\\/author\\\/admin\\\/#author\"},\"publisher\":{\"@id\":\"https:\\\/\\\/candas365.es\\\/noticias\\\/#organization\"},\"image\":{\"@type\":\"ImageObject\",\"url\":\"https:\\\/\\\/candas365.es\\\/noticias\\\/wp-content\\\/uploads\\\/2015\\\/09\\\/c365noticias.jpg\",\"width\":655,\"height\":360},\"datePublished\":\"2016-10-26T00:22:13+02:00\",\"dateModified\":\"2016-10-26T00:22:13+02:00\",\"inLanguage\":\"es-ES\",\"mainEntityOfPage\":{\"@id\":\"https:\\\/\\\/candas365.es\\\/noticias\\\/ter-stegen-resta-importancia-a-las-criticas-contra-bravo\\\/#webpage\"},\"isPartOf\":{\"@id\":\"https:\\\/\\\/candas365.es\\\/noticias\\\/ter-stegen-resta-importancia-a-las-criticas-contra-bravo\\\/#webpage\"},\"articleSection\":\"Actualidad\",\"dateline\":\"Publicado el octubre 26, 2016.\"},{\"@type\":\"Organization\",\"@id\":\"https:\\\/\\\/candas365.es\\\/noticias\\\/#organization\",\"name\":\"Cand\\u00e1s 365\",\"description\":\"Cand\\u00e1s 365 es un diario digital independiente, fundado en 2012, con base en Asturias. Informamos con rigor sobre actualidad, sociedad, cultura y ocio, con una mirada local y global.\",\"url\":\"https:\\\/\\\/candas365.es\\\/noticias\\\/\",\"email\":\"info@candas365.es\",\"telephone\":\"+34652131393\",\"foundingDate\":\"2012-06-10\",\"logo\":{\"@type\":\"ImageObject\",\"url\":\"https:\\\/\\\/candas365.es\\\/noticias\\\/wp-content\\\/uploads\\\/2024\\\/09\\\/Candas-365-Redes.jpg\",\"@id\":\"https:\\\/\\\/candas365.es\\\/noticias\\\/ter-stegen-resta-importancia-a-las-criticas-contra-bravo\\\/#organizationLogo\",\"width\":1152,\"height\":864,\"caption\":\"Cand\\u00e1s 365 Redes\"},\"image\":{\"@id\":\"https:\\\/\\\/candas365.es\\\/noticias\\\/ter-stegen-resta-importancia-a-las-criticas-contra-bravo\\\/#organizationLogo\"},\"sameAs\":[\"https:\\\/\\\/www.facebook.com\\\/Nachofdezber\",\"https:\\\/\\\/x.com\\\/NabercoDigital\",\"https:\\\/\\\/www.instagram.com\\\/nachofdezber\\\/\",\"https:\\\/\\\/www.youtube.com\\\/channel\\\/UCZP-2wLEB9Rv6erhFmqVnvg\"],\"address\":{\"@id\":\"https:\\\/\\\/candas365.es\\\/noticias\\\/#postaladdress\",\"@type\":\"PostalAddress\",\"streetAddress\":\"san antonio 4, san antonio 4\",\"postalCode\":\"33430\",\"addressLocality\":\"Cand\\u00e1s\",\"addressRegion\":\"Asturias\",\"addressCountry\":\"ES\"}},{\"@type\":\"Person\",\"@id\":\"https:\\\/\\\/candas365.es\\\/noticias\\\/author\\\/admin\\\/#author\",\"url\":\"https:\\\/\\\/candas365.es\\\/noticias\\\/author\\\/admin\\\/\",\"name\":\"Cand\\u00e1s 365\",\"image\":{\"@type\":\"ImageObject\",\"@id\":\"https:\\\/\\\/candas365.es\\\/noticias\\\/ter-stegen-resta-importancia-a-las-criticas-contra-bravo\\\/#authorImage\",\"url\":\"https:\\\/\\\/secure.gravatar.com\\\/avatar\\\/496a8e03d0c493ede1718b7934145dbdf8d89be1036b0eec9544e1094c9de390?s=96&d=mm&r=g\",\"width\":96,\"height\":96,\"caption\":\"Cand\\u00e1s 365\"},\"sameAs\":[\"https:\\\/\\\/www.facebook.com\\\/carrenoactualidad\",\"https:\\\/\\\/twitter.com\\\/nbasturias\",\"https:\\\/\\\/www.instagram.com\\\/nachofdezber\\\/\",\"https:\\\/\\\/www.youtube.com\\\/channel\\\/UCZP-2wLEB9Rv6erhFmqVnvg\"]},{\"@type\":\"WebPage\",\"@id\":\"https:\\\/\\\/candas365.es\\\/noticias\\\/ter-stegen-resta-importancia-a-las-criticas-contra-bravo\\\/#webpage\",\"url\":\"https:\\\/\\\/candas365.es\\\/noticias\\\/ter-stegen-resta-importancia-a-las-criticas-contra-bravo\\\/\",\"name\":\"Ter Stegen resta importancia a las cr\\u00edticas contra Bravo | Cand\\u00e1s 365\",\"description\":\"Berl\\u00edn, 24 oct (dpa) - El alem\\u00e1n Marc-Andr\\u00e9 ter Stegen, arquero del Barcelona, rest\\u00f3 importancia a las cr\\u00edticas contra su hom\\u00f3logo del Manchester City y antiguo compa\\u00f1ero en el club catal\\u00e1n, Claudio Bravo, tras el duelo de Liga de Campeones que enfrent\\u00f3 a los dos clubes. \\\"As\\u00ed es sencillamente algunas veces la vida de un\",\"inLanguage\":\"es-ES\",\"isPartOf\":{\"@id\":\"https:\\\/\\\/candas365.es\\\/noticias\\\/#website\"},\"breadcrumb\":{\"@id\":\"https:\\\/\\\/candas365.es\\\/noticias\\\/ter-stegen-resta-importancia-a-las-criticas-contra-bravo\\\/#breadcrumblist\"},\"author\":{\"@id\":\"https:\\\/\\\/candas365.es\\\/noticias\\\/author\\\/admin\\\/#author\"},\"creator\":{\"@id\":\"https:\\\/\\\/candas365.es\\\/noticias\\\/author\\\/admin\\\/#author\"},\"image\":{\"@type\":\"ImageObject\",\"url\":\"https:\\\/\\\/candas365.es\\\/noticias\\\/wp-content\\\/uploads\\\/2015\\\/09\\\/c365noticias.jpg\",\"@id\":\"https:\\\/\\\/candas365.es\\\/noticias\\\/ter-stegen-resta-importancia-a-las-criticas-contra-bravo\\\/#mainImage\",\"width\":655,\"height\":360},\"primaryImageOfPage\":{\"@id\":\"https:\\\/\\\/candas365.es\\\/noticias\\\/ter-stegen-resta-importancia-a-las-criticas-contra-bravo\\\/#mainImage\"},\"datePublished\":\"2016-10-26T00:22:13+02:00\",\"dateModified\":\"2016-10-26T00:22:13+02:00\"},{\"@type\":\"WebSite\",\"@id\":\"https:\\\/\\\/candas365.es\\\/noticias\\\/#website\",\"url\":\"https:\\\/\\\/candas365.es\\\/noticias\\\/\",\"name\":\"Cand\\u00e1s 365\",\"alternateName\":\"Cand\\u00e1s 365 Noticias\",\"description\":\"Actualidad desde Carre\\u00f1o para el mundo\",\"inLanguage\":\"es-ES\",\"publisher\":{\"@id\":\"https:\\\/\\\/candas365.es\\\/noticias\\\/#organization\"}}]}\n\t\t<\/script>\n\t\t<!-- All in One SEO Pro -->\r\n\t\t<title>Ter Stegen resta importancia a las cr\u00edticas contra Bravo | Cand\u00e1s 365<\/title>\n\n","aioseo_head_json":{"title":"Ter Stegen resta importancia a las cr\u00edticas contra Bravo | Cand\u00e1s 365","description":"Berl\u00edn, 24 oct (dpa) - El alem\u00e1n Marc-Andr\u00e9 ter Stegen, arquero del Barcelona, rest\u00f3 importancia a las cr\u00edticas contra su hom\u00f3logo del Manchester City y antiguo compa\u00f1ero en el club catal\u00e1n, Claudio Bravo, tras el duelo de Liga de Campeones que enfrent\u00f3 a los dos clubes. \"As\u00ed es sencillamente algunas veces la vida de un","canonical_url":"https:\/\/candas365.es\/noticias\/ter-stegen-resta-importancia-a-las-criticas-contra-bravo\/","robots":"max-image-preview:large","keywords":"actualidad","webmasterTools":{"google-site-verification":"UA-32230408-1","msvalidate.01":"354F3CDFB2DA171B47FBE9ABF1F88D5","miscellaneous":""},"schema":{"@context":"https:\/\/schema.org","@graph":[{"@type":"BreadcrumbList","@id":"https:\/\/candas365.es\/noticias\/ter-stegen-resta-importancia-a-las-criticas-contra-bravo\/#breadcrumblist","itemListElement":[{"@type":"ListItem","@id":"https:\/\/candas365.es\/noticias#listItem","position":1,"name":"Home","item":"https:\/\/candas365.es\/noticias","nextItem":{"@type":"ListItem","@id":"https:\/\/candas365.es\/noticias\/category\/actualidad\/#listItem","name":"Actualidad"}},{"@type":"ListItem","@id":"https:\/\/candas365.es\/noticias\/category\/actualidad\/#listItem","position":2,"name":"Actualidad","item":"https:\/\/candas365.es\/noticias\/category\/actualidad\/","nextItem":{"@type":"ListItem","@id":"https:\/\/candas365.es\/noticias\/ter-stegen-resta-importancia-a-las-criticas-contra-bravo\/#listItem","name":"Ter Stegen resta importancia a las cr\u00edticas contra Bravo"},"previousItem":{"@type":"ListItem","@id":"https:\/\/candas365.es\/noticias#listItem","name":"Home"}},{"@type":"ListItem","@id":"https:\/\/candas365.es\/noticias\/ter-stegen-resta-importancia-a-las-criticas-contra-bravo\/#listItem","position":3,"name":"Ter Stegen resta importancia a las cr\u00edticas contra Bravo","previousItem":{"@type":"ListItem","@id":"https:\/\/candas365.es\/noticias\/category\/actualidad\/#listItem","name":"Actualidad"}}]},{"@type":"NewsArticle","@id":"https:\/\/candas365.es\/noticias\/ter-stegen-resta-importancia-a-las-criticas-contra-bravo\/#newsarticle","name":"Ter Stegen resta importancia a las cr\u00edticas contra Bravo | Cand\u00e1s 365","headline":"Ter Stegen resta importancia a las cr\u00edticas contra Bravo","author":{"@id":"https:\/\/candas365.es\/noticias\/author\/admin\/#author"},"publisher":{"@id":"https:\/\/candas365.es\/noticias\/#organization"},"image":{"@type":"ImageObject","url":"https:\/\/candas365.es\/noticias\/wp-content\/uploads\/2015\/09\/c365noticias.jpg","width":655,"height":360},"datePublished":"2016-10-26T00:22:13+02:00","dateModified":"2016-10-26T00:22:13+02:00","inLanguage":"es-ES","mainEntityOfPage":{"@id":"https:\/\/candas365.es\/noticias\/ter-stegen-resta-importancia-a-las-criticas-contra-bravo\/#webpage"},"isPartOf":{"@id":"https:\/\/candas365.es\/noticias\/ter-stegen-resta-importancia-a-las-criticas-contra-bravo\/#webpage"},"articleSection":"Actualidad","dateline":"Publicado el octubre 26, 2016."},{"@type":"Organization","@id":"https:\/\/candas365.es\/noticias\/#organization","name":"Cand\u00e1s 365","description":"Cand\u00e1s 365 es un diario digital independiente, fundado en 2012, con base en Asturias. Informamos con rigor sobre actualidad, sociedad, cultura y ocio, con una mirada local y global.","url":"https:\/\/candas365.es\/noticias\/","email":"info@candas365.es","telephone":"+34652131393","foundingDate":"2012-06-10","logo":{"@type":"ImageObject","url":"https:\/\/candas365.es\/noticias\/wp-content\/uploads\/2024\/09\/Candas-365-Redes.jpg","@id":"https:\/\/candas365.es\/noticias\/ter-stegen-resta-importancia-a-las-criticas-contra-bravo\/#organizationLogo","width":1152,"height":864,"caption":"Cand\u00e1s 365 Redes"},"image":{"@id":"https:\/\/candas365.es\/noticias\/ter-stegen-resta-importancia-a-las-criticas-contra-bravo\/#organizationLogo"},"sameAs":["https:\/\/www.facebook.com\/Nachofdezber","https:\/\/x.com\/NabercoDigital","https:\/\/www.instagram.com\/nachofdezber\/","https:\/\/www.youtube.com\/channel\/UCZP-2wLEB9Rv6erhFmqVnvg"],"address":{"@id":"https:\/\/candas365.es\/noticias\/#postaladdress","@type":"PostalAddress","streetAddress":"san antonio 4, san antonio 4","postalCode":"33430","addressLocality":"Cand\u00e1s","addressRegion":"Asturias","addressCountry":"ES"}},{"@type":"Person","@id":"https:\/\/candas365.es\/noticias\/author\/admin\/#author","url":"https:\/\/candas365.es\/noticias\/author\/admin\/","name":"Cand\u00e1s 365","image":{"@type":"ImageObject","@id":"https:\/\/candas365.es\/noticias\/ter-stegen-resta-importancia-a-las-criticas-contra-bravo\/#authorImage","url":"https:\/\/secure.gravatar.com\/avatar\/496a8e03d0c493ede1718b7934145dbdf8d89be1036b0eec9544e1094c9de390?s=96&d=mm&r=g","width":96,"height":96,"caption":"Cand\u00e1s 365"},"sameAs":["https:\/\/www.facebook.com\/carrenoactualidad","https:\/\/twitter.com\/nbasturias","https:\/\/www.instagram.com\/nachofdezber\/","https:\/\/www.youtube.com\/channel\/UCZP-2wLEB9Rv6erhFmqVnvg"]},{"@type":"WebPage","@id":"https:\/\/candas365.es\/noticias\/ter-stegen-resta-importancia-a-las-criticas-contra-bravo\/#webpage","url":"https:\/\/candas365.es\/noticias\/ter-stegen-resta-importancia-a-las-criticas-contra-bravo\/","name":"Ter Stegen resta importancia a las cr\u00edticas contra Bravo | Cand\u00e1s 365","description":"Berl\u00edn, 24 oct (dpa) - El alem\u00e1n Marc-Andr\u00e9 ter Stegen, arquero del Barcelona, rest\u00f3 importancia a las cr\u00edticas contra su hom\u00f3logo del Manchester City y antiguo compa\u00f1ero en el club catal\u00e1n, Claudio Bravo, tras el duelo de Liga de Campeones que enfrent\u00f3 a los dos clubes. \"As\u00ed es sencillamente algunas veces la vida de un","inLanguage":"es-ES","isPartOf":{"@id":"https:\/\/candas365.es\/noticias\/#website"},"breadcrumb":{"@id":"https:\/\/candas365.es\/noticias\/ter-stegen-resta-importancia-a-las-criticas-contra-bravo\/#breadcrumblist"},"author":{"@id":"https:\/\/candas365.es\/noticias\/author\/admin\/#author"},"creator":{"@id":"https:\/\/candas365.es\/noticias\/author\/admin\/#author"},"image":{"@type":"ImageObject","url":"https:\/\/candas365.es\/noticias\/wp-content\/uploads\/2015\/09\/c365noticias.jpg","@id":"https:\/\/candas365.es\/noticias\/ter-stegen-resta-importancia-a-las-criticas-contra-bravo\/#mainImage","width":655,"height":360},"primaryImageOfPage":{"@id":"https:\/\/candas365.es\/noticias\/ter-stegen-resta-importancia-a-las-criticas-contra-bravo\/#mainImage"},"datePublished":"2016-10-26T00:22:13+02:00","dateModified":"2016-10-26T00:22:13+02:00"},{"@type":"WebSite","@id":"https:\/\/candas365.es\/noticias\/#website","url":"https:\/\/candas365.es\/noticias\/","name":"Cand\u00e1s 365","alternateName":"Cand\u00e1s 365 Noticias","description":"Actualidad desde Carre\u00f1o para el mundo","inLanguage":"es-ES","publisher":{"@id":"https:\/\/candas365.es\/noticias\/#organization"}}]},"og:locale":"es_ES","og:site_name":"Cand\u00e1s 365","og:type":"article","og:title":"Ter Stegen resta importancia a las cr\u00edticas contra Bravo | Cand\u00e1s 365","og:description":"Berl\u00edn, 24 oct (dpa) - El alem\u00e1n Marc-Andr\u00e9 ter Stegen, arquero del Barcelona, rest\u00f3 importancia a las cr\u00edticas contra su hom\u00f3logo del Manchester City y antiguo compa\u00f1ero en el club catal\u00e1n, Claudio Bravo, tras el duelo de Liga de Campeones que enfrent\u00f3 a los dos clubes. &quot;As\u00ed es sencillamente algunas veces la vida de un","og:url":"https:\/\/candas365.es\/noticias\/ter-stegen-resta-importancia-a-las-criticas-contra-bravo\/","og:image":"https:\/\/candas365.es\/noticias\/wp-content\/uploads\/2015\/09\/c365noticias.jpg","og:image:secure_url":"https:\/\/candas365.es\/noticias\/wp-content\/uploads\/2015\/09\/c365noticias.jpg","og:image:width":655,"og:image:height":360,"article:published_time":"2016-10-25T22:52:13+00:00","article:modified_time":"2016-10-25T22:52:13+00:00","article:publisher":"https:\/\/www.facebook.com\/Nachofdezber","article:author":"https:\/\/www.facebook.com\/carrenoactualidad","twitter:card":"summary_large_image","twitter:site":"@NabercoDigital","twitter:title":"Ter Stegen resta importancia a las cr\u00edticas contra Bravo | Cand\u00e1s 365","twitter:description":"Berl\u00edn, 24 oct (dpa) - El alem\u00e1n Marc-Andr\u00e9 ter Stegen, arquero del Barcelona, rest\u00f3 importancia a las cr\u00edticas contra su hom\u00f3logo del Manchester City y antiguo compa\u00f1ero en el club catal\u00e1n, Claudio Bravo, tras el duelo de Liga de Campeones que enfrent\u00f3 a los dos clubes. &quot;As\u00ed es sencillamente algunas veces la vida de un","twitter:creator":"@nbasturias","twitter:image":"https:\/\/candas365.es\/noticias\/wp-content\/uploads\/2015\/09\/c365noticias.jpg","twitter:label1":"Escrito por","twitter:data1":"Cand\u00e1s 365","twitter:label2":"Tiempo de lectura estimado","twitter:data2":"2 minutos"},"aioseo_meta_data":{"post_id":"34709","title":null,"description":null,"keywords":null,"keyphrases":null,"primary_term":null,"canonical_url":null,"og_title":null,"og_description":null,"og_object_type":"default","og_image_type":"default","og_image_url":null,"og_image_width":null,"og_image_height":null,"og_image_custom_url":null,"og_image_custom_fields":null,"og_video":null,"og_custom_url":null,"og_article_section":null,"og_article_tags":null,"twitter_use_og":false,"twitter_card":"default","twitter_image_type":"default","twitter_image_url":null,"twitter_image_custom_url":null,"twitter_image_custom_fields":null,"twitter_title":null,"twitter_description":null,"schema":{"blockGraphs":[],"customGraphs":[],"default":{"data":{"Article":[],"Course":[],"Dataset":[],"FAQPage":[],"Movie":[],"Person":[],"Product":[],"ProductReview":[],"Car":[],"Recipe":[],"Service":[],"SoftwareApplication":[],"WebPage":[]},"graphName":"","isEnabled":true},"graphs":[],"defaultGraph":"","defaultPostTypeGraph":""},"schema_type":null,"schema_type_options":null,"pillar_content":false,"robots_default":true,"robots_noindex":false,"robots_noarchive":false,"robots_nosnippet":false,"robots_nofollow":false,"robots_noimageindex":false,"robots_noodp":false,"robots_notranslate":false,"robots_max_snippet":null,"robots_max_videopreview":null,"robots_max_imagepreview":"large","priority":null,"frequency":null,"location":null,"local_seo":null,"seo_analyzer_scan_date":"2025-08-24 18:14:14","breadcrumb_settings":null,"limit_modified_date":false,"reviewed_by":null,"open_ai":null,"ai":null,"created":"2020-12-21 11:31:30","updated":"2025-08-24 18:14:14"},"aioseo_breadcrumb":"<div class=\"aioseo-breadcrumbs\"><span class=\"aioseo-breadcrumb\">\n\t<a href=\"https:\/\/candas365.es\/noticias\" title=\"Home\">Home<\/a>\n<\/span><span class=\"aioseo-breadcrumb-separator\">&ndash;<\/span><span class=\"aioseo-breadcrumb\">\n\t<a href=\"https:\/\/candas365.es\/noticias\/category\/actualidad\/\" title=\"Actualidad\">Actualidad<\/a>\n<\/span><span class=\"aioseo-breadcrumb-separator\">&ndash;<\/span><span class=\"aioseo-breadcrumb\">\n\tTer Stegen resta importancia a las cr\u00edticas contra Bravo\n<\/span><\/div>","aioseo_breadcrumb_json":[{"label":"Home","link":"https:\/\/candas365.es\/noticias"},{"label":"Actualidad","link":"https:\/\/candas365.es\/noticias\/category\/actualidad\/"},{"label":"Ter Stegen resta importancia a las cr\u00edticas contra Bravo","link":"https:\/\/candas365.es\/noticias\/ter-stegen-resta-importancia-a-las-criticas-contra-bravo\/"}],"_links":{"self":[{"href":"https:\/\/candas365.es\/noticias\/wp-json\/wp\/v2\/posts\/34709","targetHints":{"allow":["GET"]}}],"collection":[{"href":"https:\/\/candas365.es\/noticias\/wp-json\/wp\/v2\/posts"}],"about":[{"href":"https:\/\/candas365.es\/noticias\/wp-json\/wp\/v2\/types\/post"}],"author":[{"embeddable":true,"href":"https:\/\/candas365.es\/noticias\/wp-json\/wp\/v2\/users\/1"}],"replies":[{"embeddable":true,"href":"https:\/\/candas365.es\/noticias\/wp-json\/wp\/v2\/comments?post=34709"}],"version-history":[{"count":0,"href":"https:\/\/candas365.es\/noticias\/wp-json\/wp\/v2\/posts\/34709\/revisions"}],"wp:featuredmedia":[{"embeddable":true,"href":"https:\/\/candas365.es\/noticias\/wp-json\/wp\/v2\/media\/16457"}],"wp:attachment":[{"href":"https:\/\/candas365.es\/noticias\/wp-json\/wp\/v2\/media?parent=34709"}],"wp:term":[{"taxonomy":"category","embeddable":true,"href":"https:\/\/candas365.es\/noticias\/wp-json\/wp\/v2\/categories?post=34709"},{"taxonomy":"post_tag","embeddable":true,"href":"https:\/\/candas365.es\/noticias\/wp-json\/wp\/v2\/tags?post=34709"}],"curies":[{"name":"wp","href":"https:\/\/api.w.org\/{rel}","templated":true}]}}