{"id":34701,"date":"2016-10-26T00:17:14","date_gmt":"2016-10-25T22:47:14","guid":{"rendered":"http:\/\/candas365.es\/noticias\/?p=34701"},"modified":"2016-10-26T00:17:14","modified_gmt":"2016-10-25T22:47:14","slug":"bundesbank-estima-que-la-economia-alemana-se-freno-en-verano","status":"publish","type":"post","link":"https:\/\/candas365.es\/noticias\/bundesbank-estima-que-la-economia-alemana-se-freno-en-verano\/","title":{"rendered":"Bundesbank estima que la econom\u00eda alemana se fren\u00f3 en verano"},"content":{"rendered":"<p>Fr\u00e1ncfort, 24 oct (dpa) &#8211; El crecimiento de la econom\u00eda alemana podr\u00eda haber perdido velocidad en el verano boreal, de acuerdo con las estimaciones del banco central alem\u00e1n, el Bundesbank, publicadas hoy en su informe mensual. <\/p>\n<p>El conjunto de la actividad econ\u00f3mica en el tercer trimestre del a\u00f1o habr\u00eda perdido algo de dinamismo respecto al trimestre anterior, escribi\u00f3 el Bundesbank. <\/p>\n<p>\u00abSin embargo, la tendencia de la coyuntura econ\u00f3mica sigue siendo muy fuerte\u00bb, indicaron los expertos en Fr\u00e1ncfort. <\/p>\n<p>En primavera el producto interno bruto aument\u00f3 un 0,4 por ciento respecto al primer trimestre del a\u00f1o impulsado, sobre todo, por el comercio exterior.<\/p>\n<p>De acuerdo con el Bundesbank, el consumo privado y el auge de la construcci\u00f3n habr\u00edan apoyado la econom\u00eda alemana en verano. Los consumidores son propensos al gasto ya que la situaci\u00f3n del mercado laboral es hist\u00f3ricamente favorable y la inflaci\u00f3n, a pesar de una ligera subida, sigue estando en niveles m\u00ednimos. Adem\u00e1s, los tipos de inter\u00e9s tan bajos hacen poco atractivos los productos de ahorro. <\/p>\n<p>Por el contrario, la producci\u00f3n industrial perdi\u00f3 impulso en verano, seg\u00fan el Bundesbank. \u00abTambi\u00e9n las exportaciones podr\u00edan no haber mantenido el elevado nivel alcanzado anteriormente\u00bb, explicaron los expertos. <\/p>\n","protected":false},"excerpt":{"rendered":"<p>Fr\u00e1ncfort, 24 oct (dpa) &#8211; El crecimiento de la econom\u00eda alemana podr\u00eda haber perdido velocidad en el verano boreal, de acuerdo con las estimaciones del banco central alem\u00e1n, el Bundesbank, publicadas hoy en su informe mensual. El conjunto de la actividad econ\u00f3mica en el tercer trimestre del a\u00f1o habr\u00eda perdido algo de dinamismo respecto al<\/p>\n","protected":false},"author":1,"featured_media":19556,"comment_status":"closed","ping_status":"closed","sticky":false,"template":"","format":"standard","meta":{"footnotes":""},"categories":[343],"tags":[],"class_list":{"0":"post-34701","1":"post","2":"type-post","3":"status-publish","4":"format-standard","5":"has-post-thumbnail","7":"category-actualidad"},"aioseo_notices":[],"aioseo_head":"\n\t\t<!-- All in One SEO Pro 4.9.6.2 - aioseo.com -->\n\t<meta name=\"description\" content=\"Fr\u00e1ncfort, 24 oct (dpa) - El crecimiento de la econom\u00eda alemana podr\u00eda haber perdido velocidad en el verano boreal, de acuerdo con las estimaciones del banco central alem\u00e1n, el Bundesbank, publicadas hoy en su informe mensual. El conjunto de la actividad econ\u00f3mica en el tercer trimestre del a\u00f1o habr\u00eda perdido algo de dinamismo respecto al\" \/>\n\t<meta name=\"robots\" content=\"max-image-preview:large\" \/>\n\t<meta name=\"author\" content=\"Cand\u00e1s 365\"\/>\n\t<meta name=\"google-site-verification\" content=\"UA-32230408-1\" \/>\n\t<meta name=\"msvalidate.01\" content=\"354F3CDFB2DA171B47FBE9ABF1F88D5\" \/>\n\t<meta name=\"keywords\" content=\"actualidad\" \/>\n\t<link rel=\"canonical\" href=\"https:\/\/candas365.es\/noticias\/bundesbank-estima-que-la-economia-alemana-se-freno-en-verano\/\" \/>\n\t<meta name=\"generator\" content=\"All in One SEO Pro (AIOSEO) 4.9.6.2\" \/>\n\t\t<meta property=\"og:locale\" content=\"es_ES\" \/>\n\t\t<meta property=\"og:site_name\" content=\"Cand\u00e1s 365\" \/>\n\t\t<meta property=\"og:type\" content=\"article\" \/>\n\t\t<meta property=\"og:title\" content=\"Bundesbank estima que la econom\u00eda alemana se fren\u00f3 en verano | Cand\u00e1s 365\" \/>\n\t\t<meta property=\"og:description\" content=\"Fr\u00e1ncfort, 24 oct (dpa) - El crecimiento de la econom\u00eda alemana podr\u00eda haber perdido velocidad en el verano boreal, de acuerdo con las estimaciones del banco central alem\u00e1n, el Bundesbank, publicadas hoy en su informe mensual. El conjunto de la actividad econ\u00f3mica en el tercer trimestre del a\u00f1o habr\u00eda perdido algo de dinamismo respecto al\" \/>\n\t\t<meta property=\"og:url\" content=\"https:\/\/candas365.es\/noticias\/bundesbank-estima-que-la-economia-alemana-se-freno-en-verano\/\" \/>\n\t\t<meta property=\"og:image\" content=\"https:\/\/candas365.es\/noticias\/wp-content\/uploads\/2015\/11\/euros.jpg\" \/>\n\t\t<meta property=\"og:image:secure_url\" content=\"https:\/\/candas365.es\/noticias\/wp-content\/uploads\/2015\/11\/euros.jpg\" \/>\n\t\t<meta property=\"og:image:width\" content=\"655\" \/>\n\t\t<meta property=\"og:image:height\" content=\"360\" \/>\n\t\t<meta property=\"article:published_time\" content=\"2016-10-25T22:47:14+00:00\" \/>\n\t\t<meta property=\"article:modified_time\" content=\"2016-10-25T22:47:14+00:00\" \/>\n\t\t<meta property=\"article:publisher\" content=\"https:\/\/www.facebook.com\/Nachofdezber\" \/>\n\t\t<meta property=\"article:author\" content=\"https:\/\/www.facebook.com\/carrenoactualidad\" \/>\n\t\t<meta name=\"twitter:card\" content=\"summary_large_image\" \/>\n\t\t<meta name=\"twitter:site\" content=\"@NabercoDigital\" \/>\n\t\t<meta name=\"twitter:title\" content=\"Bundesbank estima que la econom\u00eda alemana se fren\u00f3 en verano | Cand\u00e1s 365\" \/>\n\t\t<meta name=\"twitter:description\" content=\"Fr\u00e1ncfort, 24 oct (dpa) - El crecimiento de la econom\u00eda alemana podr\u00eda haber perdido velocidad en el verano boreal, de acuerdo con las estimaciones del banco central alem\u00e1n, el Bundesbank, publicadas hoy en su informe mensual. El conjunto de la actividad econ\u00f3mica en el tercer trimestre del a\u00f1o habr\u00eda perdido algo de dinamismo respecto al\" \/>\n\t\t<meta name=\"twitter:creator\" content=\"@nbasturias\" \/>\n\t\t<meta name=\"twitter:image\" content=\"https:\/\/candas365.es\/noticias\/wp-content\/uploads\/2015\/11\/euros.jpg\" \/>\n\t\t<meta name=\"twitter:label1\" content=\"Escrito por\" \/>\n\t\t<meta name=\"twitter:data1\" content=\"Cand\u00e1s 365\" \/>\n\t\t<meta name=\"twitter:label2\" content=\"Tiempo de lectura estimado\" \/>\n\t\t<meta name=\"twitter:data2\" content=\"1 minuto\" \/>\n\t\t<script type=\"application\/ld+json\" class=\"aioseo-schema\">\n\t\t\t{\"@context\":\"https:\\\/\\\/schema.org\",\"@graph\":[{\"@type\":\"BreadcrumbList\",\"@id\":\"https:\\\/\\\/candas365.es\\\/noticias\\\/bundesbank-estima-que-la-economia-alemana-se-freno-en-verano\\\/#breadcrumblist\",\"itemListElement\":[{\"@type\":\"ListItem\",\"@id\":\"https:\\\/\\\/candas365.es\\\/noticias#listItem\",\"position\":1,\"name\":\"Home\",\"item\":\"https:\\\/\\\/candas365.es\\\/noticias\",\"nextItem\":{\"@type\":\"ListItem\",\"@id\":\"https:\\\/\\\/candas365.es\\\/noticias\\\/category\\\/actualidad\\\/#listItem\",\"name\":\"Actualidad\"}},{\"@type\":\"ListItem\",\"@id\":\"https:\\\/\\\/candas365.es\\\/noticias\\\/category\\\/actualidad\\\/#listItem\",\"position\":2,\"name\":\"Actualidad\",\"item\":\"https:\\\/\\\/candas365.es\\\/noticias\\\/category\\\/actualidad\\\/\",\"nextItem\":{\"@type\":\"ListItem\",\"@id\":\"https:\\\/\\\/candas365.es\\\/noticias\\\/bundesbank-estima-que-la-economia-alemana-se-freno-en-verano\\\/#listItem\",\"name\":\"Bundesbank estima que la econom\\u00eda alemana se fren\\u00f3 en verano\"},\"previousItem\":{\"@type\":\"ListItem\",\"@id\":\"https:\\\/\\\/candas365.es\\\/noticias#listItem\",\"name\":\"Home\"}},{\"@type\":\"ListItem\",\"@id\":\"https:\\\/\\\/candas365.es\\\/noticias\\\/bundesbank-estima-que-la-economia-alemana-se-freno-en-verano\\\/#listItem\",\"position\":3,\"name\":\"Bundesbank estima que la econom\\u00eda alemana se fren\\u00f3 en verano\",\"previousItem\":{\"@type\":\"ListItem\",\"@id\":\"https:\\\/\\\/candas365.es\\\/noticias\\\/category\\\/actualidad\\\/#listItem\",\"name\":\"Actualidad\"}}]},{\"@type\":\"NewsArticle\",\"@id\":\"https:\\\/\\\/candas365.es\\\/noticias\\\/bundesbank-estima-que-la-economia-alemana-se-freno-en-verano\\\/#newsarticle\",\"name\":\"Bundesbank estima que la econom\\u00eda alemana se fren\\u00f3 en verano | Cand\\u00e1s 365\",\"headline\":\"Bundesbank estima que la econom\\u00eda alemana se fren\\u00f3 en verano\",\"author\":{\"@id\":\"https:\\\/\\\/candas365.es\\\/noticias\\\/author\\\/admin\\\/#author\"},\"publisher\":{\"@id\":\"https:\\\/\\\/candas365.es\\\/noticias\\\/#organization\"},\"image\":{\"@type\":\"ImageObject\",\"url\":\"https:\\\/\\\/candas365.es\\\/noticias\\\/wp-content\\\/uploads\\\/2015\\\/11\\\/euros.jpg\",\"width\":655,\"height\":360},\"datePublished\":\"2016-10-26T00:17:14+02:00\",\"dateModified\":\"2016-10-26T00:17:14+02:00\",\"inLanguage\":\"es-ES\",\"mainEntityOfPage\":{\"@id\":\"https:\\\/\\\/candas365.es\\\/noticias\\\/bundesbank-estima-que-la-economia-alemana-se-freno-en-verano\\\/#webpage\"},\"isPartOf\":{\"@id\":\"https:\\\/\\\/candas365.es\\\/noticias\\\/bundesbank-estima-que-la-economia-alemana-se-freno-en-verano\\\/#webpage\"},\"articleSection\":\"Actualidad\",\"dateline\":\"Publicado el octubre 26, 2016.\"},{\"@type\":\"Organization\",\"@id\":\"https:\\\/\\\/candas365.es\\\/noticias\\\/#organization\",\"name\":\"Cand\\u00e1s 365\",\"description\":\"Cand\\u00e1s 365 es un diario digital independiente, fundado en 2012, con base en Asturias. Informamos con rigor sobre actualidad, sociedad, cultura y ocio, con una mirada local y global.\",\"url\":\"https:\\\/\\\/candas365.es\\\/noticias\\\/\",\"email\":\"info@candas365.es\",\"telephone\":\"+34652131393\",\"foundingDate\":\"2012-06-10\",\"logo\":{\"@type\":\"ImageObject\",\"url\":\"https:\\\/\\\/candas365.es\\\/noticias\\\/wp-content\\\/uploads\\\/2024\\\/09\\\/Candas-365-Redes.jpg\",\"@id\":\"https:\\\/\\\/candas365.es\\\/noticias\\\/bundesbank-estima-que-la-economia-alemana-se-freno-en-verano\\\/#organizationLogo\",\"width\":1152,\"height\":864,\"caption\":\"Cand\\u00e1s 365 Redes\"},\"image\":{\"@id\":\"https:\\\/\\\/candas365.es\\\/noticias\\\/bundesbank-estima-que-la-economia-alemana-se-freno-en-verano\\\/#organizationLogo\"},\"sameAs\":[\"https:\\\/\\\/www.facebook.com\\\/Nachofdezber\",\"https:\\\/\\\/x.com\\\/NabercoDigital\",\"https:\\\/\\\/www.instagram.com\\\/nachofdezber\\\/\",\"https:\\\/\\\/www.youtube.com\\\/channel\\\/UCZP-2wLEB9Rv6erhFmqVnvg\"],\"address\":{\"@id\":\"https:\\\/\\\/candas365.es\\\/noticias\\\/#postaladdress\",\"@type\":\"PostalAddress\",\"streetAddress\":\"san antonio 4, san antonio 4\",\"postalCode\":\"33430\",\"addressLocality\":\"Cand\\u00e1s\",\"addressRegion\":\"Asturias\",\"addressCountry\":\"ES\"}},{\"@type\":\"Person\",\"@id\":\"https:\\\/\\\/candas365.es\\\/noticias\\\/author\\\/admin\\\/#author\",\"url\":\"https:\\\/\\\/candas365.es\\\/noticias\\\/author\\\/admin\\\/\",\"name\":\"Cand\\u00e1s 365\",\"image\":{\"@type\":\"ImageObject\",\"@id\":\"https:\\\/\\\/candas365.es\\\/noticias\\\/bundesbank-estima-que-la-economia-alemana-se-freno-en-verano\\\/#authorImage\",\"url\":\"https:\\\/\\\/secure.gravatar.com\\\/avatar\\\/496a8e03d0c493ede1718b7934145dbdf8d89be1036b0eec9544e1094c9de390?s=96&d=mm&r=g\",\"width\":96,\"height\":96,\"caption\":\"Cand\\u00e1s 365\"},\"sameAs\":[\"https:\\\/\\\/www.facebook.com\\\/carrenoactualidad\",\"https:\\\/\\\/twitter.com\\\/nbasturias\",\"https:\\\/\\\/www.instagram.com\\\/nachofdezber\\\/\",\"https:\\\/\\\/www.youtube.com\\\/channel\\\/UCZP-2wLEB9Rv6erhFmqVnvg\"]},{\"@type\":\"WebPage\",\"@id\":\"https:\\\/\\\/candas365.es\\\/noticias\\\/bundesbank-estima-que-la-economia-alemana-se-freno-en-verano\\\/#webpage\",\"url\":\"https:\\\/\\\/candas365.es\\\/noticias\\\/bundesbank-estima-que-la-economia-alemana-se-freno-en-verano\\\/\",\"name\":\"Bundesbank estima que la econom\\u00eda alemana se fren\\u00f3 en verano | Cand\\u00e1s 365\",\"description\":\"Fr\\u00e1ncfort, 24 oct (dpa) - El crecimiento de la econom\\u00eda alemana podr\\u00eda haber perdido velocidad en el verano boreal, de acuerdo con las estimaciones del banco central alem\\u00e1n, el Bundesbank, publicadas hoy en su informe mensual. El conjunto de la actividad econ\\u00f3mica en el tercer trimestre del a\\u00f1o habr\\u00eda perdido algo de dinamismo respecto al\",\"inLanguage\":\"es-ES\",\"isPartOf\":{\"@id\":\"https:\\\/\\\/candas365.es\\\/noticias\\\/#website\"},\"breadcrumb\":{\"@id\":\"https:\\\/\\\/candas365.es\\\/noticias\\\/bundesbank-estima-que-la-economia-alemana-se-freno-en-verano\\\/#breadcrumblist\"},\"author\":{\"@id\":\"https:\\\/\\\/candas365.es\\\/noticias\\\/author\\\/admin\\\/#author\"},\"creator\":{\"@id\":\"https:\\\/\\\/candas365.es\\\/noticias\\\/author\\\/admin\\\/#author\"},\"image\":{\"@type\":\"ImageObject\",\"url\":\"https:\\\/\\\/candas365.es\\\/noticias\\\/wp-content\\\/uploads\\\/2015\\\/11\\\/euros.jpg\",\"@id\":\"https:\\\/\\\/candas365.es\\\/noticias\\\/bundesbank-estima-que-la-economia-alemana-se-freno-en-verano\\\/#mainImage\",\"width\":655,\"height\":360},\"primaryImageOfPage\":{\"@id\":\"https:\\\/\\\/candas365.es\\\/noticias\\\/bundesbank-estima-que-la-economia-alemana-se-freno-en-verano\\\/#mainImage\"},\"datePublished\":\"2016-10-26T00:17:14+02:00\",\"dateModified\":\"2016-10-26T00:17:14+02:00\"},{\"@type\":\"WebSite\",\"@id\":\"https:\\\/\\\/candas365.es\\\/noticias\\\/#website\",\"url\":\"https:\\\/\\\/candas365.es\\\/noticias\\\/\",\"name\":\"Cand\\u00e1s 365\",\"alternateName\":\"Cand\\u00e1s 365 Noticias\",\"description\":\"Actualidad desde Carre\\u00f1o para el mundo\",\"inLanguage\":\"es-ES\",\"publisher\":{\"@id\":\"https:\\\/\\\/candas365.es\\\/noticias\\\/#organization\"}}]}\n\t\t<\/script>\n\t\t<!-- All in One SEO Pro -->\r\n\t\t<title>Bundesbank estima que la econom\u00eda alemana se fren\u00f3 en verano | Cand\u00e1s 365<\/title>\n\n","aioseo_head_json":{"title":"Bundesbank estima que la econom\u00eda alemana se fren\u00f3 en verano | Cand\u00e1s 365","description":"Fr\u00e1ncfort, 24 oct (dpa) - El crecimiento de la econom\u00eda alemana podr\u00eda haber perdido velocidad en el verano boreal, de acuerdo con las estimaciones del banco central alem\u00e1n, el Bundesbank, publicadas hoy en su informe mensual. El conjunto de la actividad econ\u00f3mica en el tercer trimestre del a\u00f1o habr\u00eda perdido algo de dinamismo respecto al","canonical_url":"https:\/\/candas365.es\/noticias\/bundesbank-estima-que-la-economia-alemana-se-freno-en-verano\/","robots":"max-image-preview:large","keywords":"actualidad","webmasterTools":{"google-site-verification":"UA-32230408-1","msvalidate.01":"354F3CDFB2DA171B47FBE9ABF1F88D5","miscellaneous":""},"schema":{"@context":"https:\/\/schema.org","@graph":[{"@type":"BreadcrumbList","@id":"https:\/\/candas365.es\/noticias\/bundesbank-estima-que-la-economia-alemana-se-freno-en-verano\/#breadcrumblist","itemListElement":[{"@type":"ListItem","@id":"https:\/\/candas365.es\/noticias#listItem","position":1,"name":"Home","item":"https:\/\/candas365.es\/noticias","nextItem":{"@type":"ListItem","@id":"https:\/\/candas365.es\/noticias\/category\/actualidad\/#listItem","name":"Actualidad"}},{"@type":"ListItem","@id":"https:\/\/candas365.es\/noticias\/category\/actualidad\/#listItem","position":2,"name":"Actualidad","item":"https:\/\/candas365.es\/noticias\/category\/actualidad\/","nextItem":{"@type":"ListItem","@id":"https:\/\/candas365.es\/noticias\/bundesbank-estima-que-la-economia-alemana-se-freno-en-verano\/#listItem","name":"Bundesbank estima que la econom\u00eda alemana se fren\u00f3 en verano"},"previousItem":{"@type":"ListItem","@id":"https:\/\/candas365.es\/noticias#listItem","name":"Home"}},{"@type":"ListItem","@id":"https:\/\/candas365.es\/noticias\/bundesbank-estima-que-la-economia-alemana-se-freno-en-verano\/#listItem","position":3,"name":"Bundesbank estima que la econom\u00eda alemana se fren\u00f3 en verano","previousItem":{"@type":"ListItem","@id":"https:\/\/candas365.es\/noticias\/category\/actualidad\/#listItem","name":"Actualidad"}}]},{"@type":"NewsArticle","@id":"https:\/\/candas365.es\/noticias\/bundesbank-estima-que-la-economia-alemana-se-freno-en-verano\/#newsarticle","name":"Bundesbank estima que la econom\u00eda alemana se fren\u00f3 en verano | Cand\u00e1s 365","headline":"Bundesbank estima que la econom\u00eda alemana se fren\u00f3 en verano","author":{"@id":"https:\/\/candas365.es\/noticias\/author\/admin\/#author"},"publisher":{"@id":"https:\/\/candas365.es\/noticias\/#organization"},"image":{"@type":"ImageObject","url":"https:\/\/candas365.es\/noticias\/wp-content\/uploads\/2015\/11\/euros.jpg","width":655,"height":360},"datePublished":"2016-10-26T00:17:14+02:00","dateModified":"2016-10-26T00:17:14+02:00","inLanguage":"es-ES","mainEntityOfPage":{"@id":"https:\/\/candas365.es\/noticias\/bundesbank-estima-que-la-economia-alemana-se-freno-en-verano\/#webpage"},"isPartOf":{"@id":"https:\/\/candas365.es\/noticias\/bundesbank-estima-que-la-economia-alemana-se-freno-en-verano\/#webpage"},"articleSection":"Actualidad","dateline":"Publicado el octubre 26, 2016."},{"@type":"Organization","@id":"https:\/\/candas365.es\/noticias\/#organization","name":"Cand\u00e1s 365","description":"Cand\u00e1s 365 es un diario digital independiente, fundado en 2012, con base en Asturias. Informamos con rigor sobre actualidad, sociedad, cultura y ocio, con una mirada local y global.","url":"https:\/\/candas365.es\/noticias\/","email":"info@candas365.es","telephone":"+34652131393","foundingDate":"2012-06-10","logo":{"@type":"ImageObject","url":"https:\/\/candas365.es\/noticias\/wp-content\/uploads\/2024\/09\/Candas-365-Redes.jpg","@id":"https:\/\/candas365.es\/noticias\/bundesbank-estima-que-la-economia-alemana-se-freno-en-verano\/#organizationLogo","width":1152,"height":864,"caption":"Cand\u00e1s 365 Redes"},"image":{"@id":"https:\/\/candas365.es\/noticias\/bundesbank-estima-que-la-economia-alemana-se-freno-en-verano\/#organizationLogo"},"sameAs":["https:\/\/www.facebook.com\/Nachofdezber","https:\/\/x.com\/NabercoDigital","https:\/\/www.instagram.com\/nachofdezber\/","https:\/\/www.youtube.com\/channel\/UCZP-2wLEB9Rv6erhFmqVnvg"],"address":{"@id":"https:\/\/candas365.es\/noticias\/#postaladdress","@type":"PostalAddress","streetAddress":"san antonio 4, san antonio 4","postalCode":"33430","addressLocality":"Cand\u00e1s","addressRegion":"Asturias","addressCountry":"ES"}},{"@type":"Person","@id":"https:\/\/candas365.es\/noticias\/author\/admin\/#author","url":"https:\/\/candas365.es\/noticias\/author\/admin\/","name":"Cand\u00e1s 365","image":{"@type":"ImageObject","@id":"https:\/\/candas365.es\/noticias\/bundesbank-estima-que-la-economia-alemana-se-freno-en-verano\/#authorImage","url":"https:\/\/secure.gravatar.com\/avatar\/496a8e03d0c493ede1718b7934145dbdf8d89be1036b0eec9544e1094c9de390?s=96&d=mm&r=g","width":96,"height":96,"caption":"Cand\u00e1s 365"},"sameAs":["https:\/\/www.facebook.com\/carrenoactualidad","https:\/\/twitter.com\/nbasturias","https:\/\/www.instagram.com\/nachofdezber\/","https:\/\/www.youtube.com\/channel\/UCZP-2wLEB9Rv6erhFmqVnvg"]},{"@type":"WebPage","@id":"https:\/\/candas365.es\/noticias\/bundesbank-estima-que-la-economia-alemana-se-freno-en-verano\/#webpage","url":"https:\/\/candas365.es\/noticias\/bundesbank-estima-que-la-economia-alemana-se-freno-en-verano\/","name":"Bundesbank estima que la econom\u00eda alemana se fren\u00f3 en verano | Cand\u00e1s 365","description":"Fr\u00e1ncfort, 24 oct (dpa) - El crecimiento de la econom\u00eda alemana podr\u00eda haber perdido velocidad en el verano boreal, de acuerdo con las estimaciones del banco central alem\u00e1n, el Bundesbank, publicadas hoy en su informe mensual. El conjunto de la actividad econ\u00f3mica en el tercer trimestre del a\u00f1o habr\u00eda perdido algo de dinamismo respecto al","inLanguage":"es-ES","isPartOf":{"@id":"https:\/\/candas365.es\/noticias\/#website"},"breadcrumb":{"@id":"https:\/\/candas365.es\/noticias\/bundesbank-estima-que-la-economia-alemana-se-freno-en-verano\/#breadcrumblist"},"author":{"@id":"https:\/\/candas365.es\/noticias\/author\/admin\/#author"},"creator":{"@id":"https:\/\/candas365.es\/noticias\/author\/admin\/#author"},"image":{"@type":"ImageObject","url":"https:\/\/candas365.es\/noticias\/wp-content\/uploads\/2015\/11\/euros.jpg","@id":"https:\/\/candas365.es\/noticias\/bundesbank-estima-que-la-economia-alemana-se-freno-en-verano\/#mainImage","width":655,"height":360},"primaryImageOfPage":{"@id":"https:\/\/candas365.es\/noticias\/bundesbank-estima-que-la-economia-alemana-se-freno-en-verano\/#mainImage"},"datePublished":"2016-10-26T00:17:14+02:00","dateModified":"2016-10-26T00:17:14+02:00"},{"@type":"WebSite","@id":"https:\/\/candas365.es\/noticias\/#website","url":"https:\/\/candas365.es\/noticias\/","name":"Cand\u00e1s 365","alternateName":"Cand\u00e1s 365 Noticias","description":"Actualidad desde Carre\u00f1o para el mundo","inLanguage":"es-ES","publisher":{"@id":"https:\/\/candas365.es\/noticias\/#organization"}}]},"og:locale":"es_ES","og:site_name":"Cand\u00e1s 365","og:type":"article","og:title":"Bundesbank estima que la econom\u00eda alemana se fren\u00f3 en verano | Cand\u00e1s 365","og:description":"Fr\u00e1ncfort, 24 oct (dpa) - El crecimiento de la econom\u00eda alemana podr\u00eda haber perdido velocidad en el verano boreal, de acuerdo con las estimaciones del banco central alem\u00e1n, el Bundesbank, publicadas hoy en su informe mensual. El conjunto de la actividad econ\u00f3mica en el tercer trimestre del a\u00f1o habr\u00eda perdido algo de dinamismo respecto al","og:url":"https:\/\/candas365.es\/noticias\/bundesbank-estima-que-la-economia-alemana-se-freno-en-verano\/","og:image":"https:\/\/candas365.es\/noticias\/wp-content\/uploads\/2015\/11\/euros.jpg","og:image:secure_url":"https:\/\/candas365.es\/noticias\/wp-content\/uploads\/2015\/11\/euros.jpg","og:image:width":655,"og:image:height":360,"article:published_time":"2016-10-25T22:47:14+00:00","article:modified_time":"2016-10-25T22:47:14+00:00","article:publisher":"https:\/\/www.facebook.com\/Nachofdezber","article:author":"https:\/\/www.facebook.com\/carrenoactualidad","twitter:card":"summary_large_image","twitter:site":"@NabercoDigital","twitter:title":"Bundesbank estima que la econom\u00eda alemana se fren\u00f3 en verano | Cand\u00e1s 365","twitter:description":"Fr\u00e1ncfort, 24 oct (dpa) - El crecimiento de la econom\u00eda alemana podr\u00eda haber perdido velocidad en el verano boreal, de acuerdo con las estimaciones del banco central alem\u00e1n, el Bundesbank, publicadas hoy en su informe mensual. El conjunto de la actividad econ\u00f3mica en el tercer trimestre del a\u00f1o habr\u00eda perdido algo de dinamismo respecto al","twitter:creator":"@nbasturias","twitter:image":"https:\/\/candas365.es\/noticias\/wp-content\/uploads\/2015\/11\/euros.jpg","twitter:label1":"Escrito por","twitter:data1":"Cand\u00e1s 365","twitter:label2":"Tiempo de lectura estimado","twitter:data2":"1 minuto"},"aioseo_meta_data":{"post_id":"34701","title":null,"description":null,"keywords":null,"keyphrases":null,"primary_term":null,"canonical_url":null,"og_title":null,"og_description":null,"og_object_type":"default","og_image_type":"default","og_image_url":null,"og_image_width":null,"og_image_height":null,"og_image_custom_url":null,"og_image_custom_fields":null,"og_video":null,"og_custom_url":null,"og_article_section":null,"og_article_tags":null,"twitter_use_og":false,"twitter_card":"default","twitter_image_type":"default","twitter_image_url":null,"twitter_image_custom_url":null,"twitter_image_custom_fields":null,"twitter_title":null,"twitter_description":null,"schema":{"blockGraphs":[],"customGraphs":[],"default":{"data":{"Article":[],"Course":[],"Dataset":[],"FAQPage":[],"Movie":[],"Person":[],"Product":[],"ProductReview":[],"Car":[],"Recipe":[],"Service":[],"SoftwareApplication":[],"WebPage":[]},"graphName":"","isEnabled":true},"graphs":[],"defaultGraph":"","defaultPostTypeGraph":""},"schema_type":null,"schema_type_options":null,"pillar_content":false,"robots_default":true,"robots_noindex":false,"robots_noarchive":false,"robots_nosnippet":false,"robots_nofollow":false,"robots_noimageindex":false,"robots_noodp":false,"robots_notranslate":false,"robots_max_snippet":null,"robots_max_videopreview":null,"robots_max_imagepreview":"large","priority":null,"frequency":null,"location":null,"local_seo":null,"seo_analyzer_scan_date":"2025-08-24 18:14:10","breadcrumb_settings":null,"limit_modified_date":false,"reviewed_by":null,"open_ai":null,"ai":null,"created":"2020-12-21 11:31:30","updated":"2025-08-24 18:14:10"},"aioseo_breadcrumb":"<div class=\"aioseo-breadcrumbs\"><span class=\"aioseo-breadcrumb\">\n\t<a href=\"https:\/\/candas365.es\/noticias\" title=\"Home\">Home<\/a>\n<\/span><span class=\"aioseo-breadcrumb-separator\">&ndash;<\/span><span class=\"aioseo-breadcrumb\">\n\t<a href=\"https:\/\/candas365.es\/noticias\/category\/actualidad\/\" title=\"Actualidad\">Actualidad<\/a>\n<\/span><span class=\"aioseo-breadcrumb-separator\">&ndash;<\/span><span class=\"aioseo-breadcrumb\">\n\tBundesbank estima que la econom\u00eda alemana se fren\u00f3 en verano\n<\/span><\/div>","aioseo_breadcrumb_json":[{"label":"Home","link":"https:\/\/candas365.es\/noticias"},{"label":"Actualidad","link":"https:\/\/candas365.es\/noticias\/category\/actualidad\/"},{"label":"Bundesbank estima que la econom\u00eda alemana se fren\u00f3 en verano","link":"https:\/\/candas365.es\/noticias\/bundesbank-estima-que-la-economia-alemana-se-freno-en-verano\/"}],"_links":{"self":[{"href":"https:\/\/candas365.es\/noticias\/wp-json\/wp\/v2\/posts\/34701","targetHints":{"allow":["GET"]}}],"collection":[{"href":"https:\/\/candas365.es\/noticias\/wp-json\/wp\/v2\/posts"}],"about":[{"href":"https:\/\/candas365.es\/noticias\/wp-json\/wp\/v2\/types\/post"}],"author":[{"embeddable":true,"href":"https:\/\/candas365.es\/noticias\/wp-json\/wp\/v2\/users\/1"}],"replies":[{"embeddable":true,"href":"https:\/\/candas365.es\/noticias\/wp-json\/wp\/v2\/comments?post=34701"}],"version-history":[{"count":0,"href":"https:\/\/candas365.es\/noticias\/wp-json\/wp\/v2\/posts\/34701\/revisions"}],"wp:featuredmedia":[{"embeddable":true,"href":"https:\/\/candas365.es\/noticias\/wp-json\/wp\/v2\/media\/19556"}],"wp:attachment":[{"href":"https:\/\/candas365.es\/noticias\/wp-json\/wp\/v2\/media?parent=34701"}],"wp:term":[{"taxonomy":"category","embeddable":true,"href":"https:\/\/candas365.es\/noticias\/wp-json\/wp\/v2\/categories?post=34701"},{"taxonomy":"post_tag","embeddable":true,"href":"https:\/\/candas365.es\/noticias\/wp-json\/wp\/v2\/tags?post=34701"}],"curies":[{"name":"wp","href":"https:\/\/api.w.org\/{rel}","templated":true}]}}