{"id":34698,"date":"2016-10-25T00:37:54","date_gmt":"2016-10-24T23:07:54","guid":{"rendered":"http:\/\/candas365.es\/noticias\/?p=34698"},"modified":"2016-10-25T00:37:54","modified_gmt":"2016-10-24T23:07:54","slug":"la-tregua-en-alepo-no-ha-logrado-nada","status":"publish","type":"post","link":"https:\/\/candas365.es\/noticias\/la-tregua-en-alepo-no-ha-logrado-nada\/","title":{"rendered":"La tregua en Alepo no ha logrado nada"},"content":{"rendered":"<p><img fetchpriority=\"high\" decoding=\"async\" class=\"alignleft size-medium wp-image-335\" src=\"https:\/\/candas365.es\/noticias\/wp-content\/uploads\/2014\/09\/siria2-360x238.jpg\" alt=\"siria2\" width=\"360\" height=\"238\" srcset=\"https:\/\/candas365.es\/noticias\/wp-content\/uploads\/2014\/09\/siria2.jpg 360w, https:\/\/candas365.es\/noticias\/wp-content\/uploads\/2014\/09\/siria2-150x99.jpg 150w, https:\/\/candas365.es\/noticias\/wp-content\/uploads\/2014\/09\/siria2-84x55.jpg 84w\" sizes=\"(max-width: 360px) 100vw, 360px\" \/>Berl\u00edn, 24 oct (dpa) &#8211; El alto el fuego de varios d\u00edas en la ciudad siria de Alepo no ha supuesto ning\u00fan alivio sostenible para la poblaci\u00f3n atrapada en la ciudad, indic\u00f3 hoy la organizaci\u00f3n no gubernamental M\u00e9dicos Sin Fronteras.<\/p>\n<p>\u00abDe acuerdo con nuestras informaciones ni ha llegado la ayuda a la ciudad, ni las personas han salido de la ciudad para encontrar ayuda en otro lugar\u00bb, declar\u00f3 el presidente de la secci\u00f3n alemana de la ONG, Volker Westerbarkey, en la radio germana hr-iNFO.<\/p>\n<p>Hacen falta materiales b\u00e1sicos para atender a los heridos, indic\u00f3. La situaci\u00f3n es inhumana, alert\u00f3. \u00abUn m\u00e9dico nos cont\u00f3 que en una situaci\u00f3n de emergencia se debe decidir qui\u00e9n de dos pacientes recibe o mantiene el respirador, porque no se puede salvar a los dos hombres\u00bb, afirm\u00f3. Adem\u00e1s, no se puede trabajar en los hospitales sin tener miedo de ser bombardeado, agreg\u00f3.<\/p>\n<p>Tras la finalizaci\u00f3n del alto el fuego, las fuerzas armadas sirias comenzaron una nueva ofensiva el fin de semana en el este de Alepo, donde se encuentran atrincherados los rebeldes. Mientras, los rebeldes tienen como objetivo el oeste de la ciudad controlado por el Gobierno.<\/p>\n<p>&nbsp;<\/p>\n","protected":false},"excerpt":{"rendered":"<p>Berl\u00edn, 24 oct (dpa) &#8211; El alto el fuego de varios d\u00edas en la ciudad siria de Alepo no ha supuesto ning\u00fan alivio sostenible para la poblaci\u00f3n atrapada en la ciudad, indic\u00f3 hoy la organizaci\u00f3n no gubernamental M\u00e9dicos Sin Fronteras. \u00abDe acuerdo con nuestras informaciones ni ha llegado la ayuda a la ciudad, ni las<\/p>\n","protected":false},"author":1,"featured_media":335,"comment_status":"closed","ping_status":"closed","sticky":false,"template":"","format":"standard","meta":{"footnotes":""},"categories":[343],"tags":[],"class_list":{"0":"post-34698","1":"post","2":"type-post","3":"status-publish","4":"format-standard","5":"has-post-thumbnail","7":"category-actualidad"},"aioseo_notices":[],"aioseo_head":"\n\t\t<!-- All in One SEO Pro 4.9.6.2 - aioseo.com -->\n\t<meta name=\"description\" content=\"Berl\u00edn, 24 oct (dpa) - El alto el fuego de varios d\u00edas en la ciudad siria de Alepo no ha supuesto ning\u00fan alivio sostenible para la poblaci\u00f3n atrapada en la ciudad, indic\u00f3 hoy la organizaci\u00f3n no gubernamental M\u00e9dicos Sin Fronteras. &quot;De acuerdo con nuestras informaciones ni ha llegado la ayuda a la ciudad, ni las\" \/>\n\t<meta name=\"robots\" content=\"max-image-preview:large\" \/>\n\t<meta name=\"author\" content=\"Cand\u00e1s 365\"\/>\n\t<meta name=\"google-site-verification\" content=\"UA-32230408-1\" \/>\n\t<meta name=\"msvalidate.01\" content=\"354F3CDFB2DA171B47FBE9ABF1F88D5\" \/>\n\t<meta name=\"keywords\" content=\"actualidad\" \/>\n\t<link rel=\"canonical\" href=\"https:\/\/candas365.es\/noticias\/la-tregua-en-alepo-no-ha-logrado-nada\/\" \/>\n\t<meta name=\"generator\" content=\"All in One SEO Pro (AIOSEO) 4.9.6.2\" \/>\n\t\t<meta property=\"og:locale\" content=\"es_ES\" \/>\n\t\t<meta property=\"og:site_name\" content=\"Cand\u00e1s 365\" \/>\n\t\t<meta property=\"og:type\" content=\"article\" \/>\n\t\t<meta property=\"og:title\" content=\"La tregua en Alepo no ha logrado nada | Cand\u00e1s 365\" \/>\n\t\t<meta property=\"og:description\" content=\"Berl\u00edn, 24 oct (dpa) - El alto el fuego de varios d\u00edas en la ciudad siria de Alepo no ha supuesto ning\u00fan alivio sostenible para la poblaci\u00f3n atrapada en la ciudad, indic\u00f3 hoy la organizaci\u00f3n no gubernamental M\u00e9dicos Sin Fronteras. &quot;De acuerdo con nuestras informaciones ni ha llegado la ayuda a la ciudad, ni las\" \/>\n\t\t<meta property=\"og:url\" content=\"https:\/\/candas365.es\/noticias\/la-tregua-en-alepo-no-ha-logrado-nada\/\" \/>\n\t\t<meta property=\"og:image\" content=\"https:\/\/candas365.es\/noticias\/wp-content\/uploads\/2014\/09\/siria2.jpg\" \/>\n\t\t<meta property=\"og:image:secure_url\" content=\"https:\/\/candas365.es\/noticias\/wp-content\/uploads\/2014\/09\/siria2.jpg\" \/>\n\t\t<meta property=\"og:image:width\" content=\"360\" \/>\n\t\t<meta property=\"og:image:height\" content=\"238\" \/>\n\t\t<meta property=\"article:published_time\" content=\"2016-10-24T23:07:54+00:00\" \/>\n\t\t<meta property=\"article:modified_time\" content=\"2016-10-24T23:07:54+00:00\" \/>\n\t\t<meta property=\"article:publisher\" content=\"https:\/\/www.facebook.com\/Nachofdezber\" \/>\n\t\t<meta property=\"article:author\" content=\"https:\/\/www.facebook.com\/carrenoactualidad\" \/>\n\t\t<meta name=\"twitter:card\" content=\"summary_large_image\" \/>\n\t\t<meta name=\"twitter:site\" content=\"@NabercoDigital\" \/>\n\t\t<meta name=\"twitter:title\" content=\"La tregua en Alepo no ha logrado nada | Cand\u00e1s 365\" \/>\n\t\t<meta name=\"twitter:description\" content=\"Berl\u00edn, 24 oct (dpa) - El alto el fuego de varios d\u00edas en la ciudad siria de Alepo no ha supuesto ning\u00fan alivio sostenible para la poblaci\u00f3n atrapada en la ciudad, indic\u00f3 hoy la organizaci\u00f3n no gubernamental M\u00e9dicos Sin Fronteras. &quot;De acuerdo con nuestras informaciones ni ha llegado la ayuda a la ciudad, ni las\" \/>\n\t\t<meta name=\"twitter:creator\" content=\"@nbasturias\" \/>\n\t\t<meta name=\"twitter:image\" content=\"https:\/\/candas365.es\/noticias\/wp-content\/uploads\/2014\/09\/siria2.jpg\" \/>\n\t\t<meta name=\"twitter:label1\" content=\"Escrito por\" \/>\n\t\t<meta name=\"twitter:data1\" content=\"Cand\u00e1s 365\" \/>\n\t\t<meta name=\"twitter:label2\" content=\"Tiempo de lectura estimado\" \/>\n\t\t<meta name=\"twitter:data2\" content=\"1 minuto\" \/>\n\t\t<script type=\"application\/ld+json\" class=\"aioseo-schema\">\n\t\t\t{\"@context\":\"https:\\\/\\\/schema.org\",\"@graph\":[{\"@type\":\"BreadcrumbList\",\"@id\":\"https:\\\/\\\/candas365.es\\\/noticias\\\/la-tregua-en-alepo-no-ha-logrado-nada\\\/#breadcrumblist\",\"itemListElement\":[{\"@type\":\"ListItem\",\"@id\":\"https:\\\/\\\/candas365.es\\\/noticias#listItem\",\"position\":1,\"name\":\"Home\",\"item\":\"https:\\\/\\\/candas365.es\\\/noticias\",\"nextItem\":{\"@type\":\"ListItem\",\"@id\":\"https:\\\/\\\/candas365.es\\\/noticias\\\/category\\\/actualidad\\\/#listItem\",\"name\":\"Actualidad\"}},{\"@type\":\"ListItem\",\"@id\":\"https:\\\/\\\/candas365.es\\\/noticias\\\/category\\\/actualidad\\\/#listItem\",\"position\":2,\"name\":\"Actualidad\",\"item\":\"https:\\\/\\\/candas365.es\\\/noticias\\\/category\\\/actualidad\\\/\",\"nextItem\":{\"@type\":\"ListItem\",\"@id\":\"https:\\\/\\\/candas365.es\\\/noticias\\\/la-tregua-en-alepo-no-ha-logrado-nada\\\/#listItem\",\"name\":\"La tregua en Alepo no ha logrado nada\"},\"previousItem\":{\"@type\":\"ListItem\",\"@id\":\"https:\\\/\\\/candas365.es\\\/noticias#listItem\",\"name\":\"Home\"}},{\"@type\":\"ListItem\",\"@id\":\"https:\\\/\\\/candas365.es\\\/noticias\\\/la-tregua-en-alepo-no-ha-logrado-nada\\\/#listItem\",\"position\":3,\"name\":\"La tregua en Alepo no ha logrado nada\",\"previousItem\":{\"@type\":\"ListItem\",\"@id\":\"https:\\\/\\\/candas365.es\\\/noticias\\\/category\\\/actualidad\\\/#listItem\",\"name\":\"Actualidad\"}}]},{\"@type\":\"NewsArticle\",\"@id\":\"https:\\\/\\\/candas365.es\\\/noticias\\\/la-tregua-en-alepo-no-ha-logrado-nada\\\/#newsarticle\",\"name\":\"La tregua en Alepo no ha logrado nada | Cand\\u00e1s 365\",\"headline\":\"La tregua en Alepo no ha logrado nada\",\"author\":{\"@id\":\"https:\\\/\\\/candas365.es\\\/noticias\\\/author\\\/admin\\\/#author\"},\"publisher\":{\"@id\":\"https:\\\/\\\/candas365.es\\\/noticias\\\/#organization\"},\"image\":{\"@type\":\"ImageObject\",\"url\":\"https:\\\/\\\/candas365.es\\\/noticias\\\/wp-content\\\/uploads\\\/2014\\\/09\\\/siria2.jpg\",\"width\":360,\"height\":238},\"datePublished\":\"2016-10-25T00:37:54+02:00\",\"dateModified\":\"2016-10-25T00:37:54+02:00\",\"inLanguage\":\"es-ES\",\"mainEntityOfPage\":{\"@id\":\"https:\\\/\\\/candas365.es\\\/noticias\\\/la-tregua-en-alepo-no-ha-logrado-nada\\\/#webpage\"},\"isPartOf\":{\"@id\":\"https:\\\/\\\/candas365.es\\\/noticias\\\/la-tregua-en-alepo-no-ha-logrado-nada\\\/#webpage\"},\"articleSection\":\"Actualidad\",\"dateline\":\"Publicado el octubre 25, 2016.\"},{\"@type\":\"Organization\",\"@id\":\"https:\\\/\\\/candas365.es\\\/noticias\\\/#organization\",\"name\":\"Cand\\u00e1s 365\",\"description\":\"Cand\\u00e1s 365 es un diario digital independiente, fundado en 2012, con base en Asturias. Informamos con rigor sobre actualidad, sociedad, cultura y ocio, con una mirada local y global.\",\"url\":\"https:\\\/\\\/candas365.es\\\/noticias\\\/\",\"email\":\"info@candas365.es\",\"telephone\":\"+34652131393\",\"foundingDate\":\"2012-06-10\",\"logo\":{\"@type\":\"ImageObject\",\"url\":\"https:\\\/\\\/candas365.es\\\/noticias\\\/wp-content\\\/uploads\\\/2024\\\/09\\\/Candas-365-Redes.jpg\",\"@id\":\"https:\\\/\\\/candas365.es\\\/noticias\\\/la-tregua-en-alepo-no-ha-logrado-nada\\\/#organizationLogo\",\"width\":1152,\"height\":864,\"caption\":\"Cand\\u00e1s 365 Redes\"},\"image\":{\"@id\":\"https:\\\/\\\/candas365.es\\\/noticias\\\/la-tregua-en-alepo-no-ha-logrado-nada\\\/#organizationLogo\"},\"sameAs\":[\"https:\\\/\\\/www.facebook.com\\\/Nachofdezber\",\"https:\\\/\\\/x.com\\\/NabercoDigital\",\"https:\\\/\\\/www.instagram.com\\\/nachofdezber\\\/\",\"https:\\\/\\\/www.youtube.com\\\/channel\\\/UCZP-2wLEB9Rv6erhFmqVnvg\"],\"address\":{\"@id\":\"https:\\\/\\\/candas365.es\\\/noticias\\\/#postaladdress\",\"@type\":\"PostalAddress\",\"streetAddress\":\"san antonio 4, san antonio 4\",\"postalCode\":\"33430\",\"addressLocality\":\"Cand\\u00e1s\",\"addressRegion\":\"Asturias\",\"addressCountry\":\"ES\"}},{\"@type\":\"Person\",\"@id\":\"https:\\\/\\\/candas365.es\\\/noticias\\\/author\\\/admin\\\/#author\",\"url\":\"https:\\\/\\\/candas365.es\\\/noticias\\\/author\\\/admin\\\/\",\"name\":\"Cand\\u00e1s 365\",\"image\":{\"@type\":\"ImageObject\",\"@id\":\"https:\\\/\\\/candas365.es\\\/noticias\\\/la-tregua-en-alepo-no-ha-logrado-nada\\\/#authorImage\",\"url\":\"https:\\\/\\\/secure.gravatar.com\\\/avatar\\\/496a8e03d0c493ede1718b7934145dbdf8d89be1036b0eec9544e1094c9de390?s=96&d=mm&r=g\",\"width\":96,\"height\":96,\"caption\":\"Cand\\u00e1s 365\"},\"sameAs\":[\"https:\\\/\\\/www.facebook.com\\\/carrenoactualidad\",\"https:\\\/\\\/twitter.com\\\/nbasturias\",\"https:\\\/\\\/www.instagram.com\\\/nachofdezber\\\/\",\"https:\\\/\\\/www.youtube.com\\\/channel\\\/UCZP-2wLEB9Rv6erhFmqVnvg\"]},{\"@type\":\"WebPage\",\"@id\":\"https:\\\/\\\/candas365.es\\\/noticias\\\/la-tregua-en-alepo-no-ha-logrado-nada\\\/#webpage\",\"url\":\"https:\\\/\\\/candas365.es\\\/noticias\\\/la-tregua-en-alepo-no-ha-logrado-nada\\\/\",\"name\":\"La tregua en Alepo no ha logrado nada | Cand\\u00e1s 365\",\"description\":\"Berl\\u00edn, 24 oct (dpa) - El alto el fuego de varios d\\u00edas en la ciudad siria de Alepo no ha supuesto ning\\u00fan alivio sostenible para la poblaci\\u00f3n atrapada en la ciudad, indic\\u00f3 hoy la organizaci\\u00f3n no gubernamental M\\u00e9dicos Sin Fronteras. \\\"De acuerdo con nuestras informaciones ni ha llegado la ayuda a la ciudad, ni las\",\"inLanguage\":\"es-ES\",\"isPartOf\":{\"@id\":\"https:\\\/\\\/candas365.es\\\/noticias\\\/#website\"},\"breadcrumb\":{\"@id\":\"https:\\\/\\\/candas365.es\\\/noticias\\\/la-tregua-en-alepo-no-ha-logrado-nada\\\/#breadcrumblist\"},\"author\":{\"@id\":\"https:\\\/\\\/candas365.es\\\/noticias\\\/author\\\/admin\\\/#author\"},\"creator\":{\"@id\":\"https:\\\/\\\/candas365.es\\\/noticias\\\/author\\\/admin\\\/#author\"},\"image\":{\"@type\":\"ImageObject\",\"url\":\"https:\\\/\\\/candas365.es\\\/noticias\\\/wp-content\\\/uploads\\\/2014\\\/09\\\/siria2.jpg\",\"@id\":\"https:\\\/\\\/candas365.es\\\/noticias\\\/la-tregua-en-alepo-no-ha-logrado-nada\\\/#mainImage\",\"width\":360,\"height\":238},\"primaryImageOfPage\":{\"@id\":\"https:\\\/\\\/candas365.es\\\/noticias\\\/la-tregua-en-alepo-no-ha-logrado-nada\\\/#mainImage\"},\"datePublished\":\"2016-10-25T00:37:54+02:00\",\"dateModified\":\"2016-10-25T00:37:54+02:00\"},{\"@type\":\"WebSite\",\"@id\":\"https:\\\/\\\/candas365.es\\\/noticias\\\/#website\",\"url\":\"https:\\\/\\\/candas365.es\\\/noticias\\\/\",\"name\":\"Cand\\u00e1s 365\",\"alternateName\":\"Cand\\u00e1s 365 Noticias\",\"description\":\"Actualidad desde Carre\\u00f1o para el mundo\",\"inLanguage\":\"es-ES\",\"publisher\":{\"@id\":\"https:\\\/\\\/candas365.es\\\/noticias\\\/#organization\"}}]}\n\t\t<\/script>\n\t\t<!-- All in One SEO Pro -->\r\n\t\t<title>La tregua en Alepo no ha logrado nada | Cand\u00e1s 365<\/title>\n\n","aioseo_head_json":{"title":"La tregua en Alepo no ha logrado nada | Cand\u00e1s 365","description":"Berl\u00edn, 24 oct (dpa) - El alto el fuego de varios d\u00edas en la ciudad siria de Alepo no ha supuesto ning\u00fan alivio sostenible para la poblaci\u00f3n atrapada en la ciudad, indic\u00f3 hoy la organizaci\u00f3n no gubernamental M\u00e9dicos Sin Fronteras. \"De acuerdo con nuestras informaciones ni ha llegado la ayuda a la ciudad, ni las","canonical_url":"https:\/\/candas365.es\/noticias\/la-tregua-en-alepo-no-ha-logrado-nada\/","robots":"max-image-preview:large","keywords":"actualidad","webmasterTools":{"google-site-verification":"UA-32230408-1","msvalidate.01":"354F3CDFB2DA171B47FBE9ABF1F88D5","miscellaneous":""},"schema":{"@context":"https:\/\/schema.org","@graph":[{"@type":"BreadcrumbList","@id":"https:\/\/candas365.es\/noticias\/la-tregua-en-alepo-no-ha-logrado-nada\/#breadcrumblist","itemListElement":[{"@type":"ListItem","@id":"https:\/\/candas365.es\/noticias#listItem","position":1,"name":"Home","item":"https:\/\/candas365.es\/noticias","nextItem":{"@type":"ListItem","@id":"https:\/\/candas365.es\/noticias\/category\/actualidad\/#listItem","name":"Actualidad"}},{"@type":"ListItem","@id":"https:\/\/candas365.es\/noticias\/category\/actualidad\/#listItem","position":2,"name":"Actualidad","item":"https:\/\/candas365.es\/noticias\/category\/actualidad\/","nextItem":{"@type":"ListItem","@id":"https:\/\/candas365.es\/noticias\/la-tregua-en-alepo-no-ha-logrado-nada\/#listItem","name":"La tregua en Alepo no ha logrado nada"},"previousItem":{"@type":"ListItem","@id":"https:\/\/candas365.es\/noticias#listItem","name":"Home"}},{"@type":"ListItem","@id":"https:\/\/candas365.es\/noticias\/la-tregua-en-alepo-no-ha-logrado-nada\/#listItem","position":3,"name":"La tregua en Alepo no ha logrado nada","previousItem":{"@type":"ListItem","@id":"https:\/\/candas365.es\/noticias\/category\/actualidad\/#listItem","name":"Actualidad"}}]},{"@type":"NewsArticle","@id":"https:\/\/candas365.es\/noticias\/la-tregua-en-alepo-no-ha-logrado-nada\/#newsarticle","name":"La tregua en Alepo no ha logrado nada | Cand\u00e1s 365","headline":"La tregua en Alepo no ha logrado nada","author":{"@id":"https:\/\/candas365.es\/noticias\/author\/admin\/#author"},"publisher":{"@id":"https:\/\/candas365.es\/noticias\/#organization"},"image":{"@type":"ImageObject","url":"https:\/\/candas365.es\/noticias\/wp-content\/uploads\/2014\/09\/siria2.jpg","width":360,"height":238},"datePublished":"2016-10-25T00:37:54+02:00","dateModified":"2016-10-25T00:37:54+02:00","inLanguage":"es-ES","mainEntityOfPage":{"@id":"https:\/\/candas365.es\/noticias\/la-tregua-en-alepo-no-ha-logrado-nada\/#webpage"},"isPartOf":{"@id":"https:\/\/candas365.es\/noticias\/la-tregua-en-alepo-no-ha-logrado-nada\/#webpage"},"articleSection":"Actualidad","dateline":"Publicado el octubre 25, 2016."},{"@type":"Organization","@id":"https:\/\/candas365.es\/noticias\/#organization","name":"Cand\u00e1s 365","description":"Cand\u00e1s 365 es un diario digital independiente, fundado en 2012, con base en Asturias. Informamos con rigor sobre actualidad, sociedad, cultura y ocio, con una mirada local y global.","url":"https:\/\/candas365.es\/noticias\/","email":"info@candas365.es","telephone":"+34652131393","foundingDate":"2012-06-10","logo":{"@type":"ImageObject","url":"https:\/\/candas365.es\/noticias\/wp-content\/uploads\/2024\/09\/Candas-365-Redes.jpg","@id":"https:\/\/candas365.es\/noticias\/la-tregua-en-alepo-no-ha-logrado-nada\/#organizationLogo","width":1152,"height":864,"caption":"Cand\u00e1s 365 Redes"},"image":{"@id":"https:\/\/candas365.es\/noticias\/la-tregua-en-alepo-no-ha-logrado-nada\/#organizationLogo"},"sameAs":["https:\/\/www.facebook.com\/Nachofdezber","https:\/\/x.com\/NabercoDigital","https:\/\/www.instagram.com\/nachofdezber\/","https:\/\/www.youtube.com\/channel\/UCZP-2wLEB9Rv6erhFmqVnvg"],"address":{"@id":"https:\/\/candas365.es\/noticias\/#postaladdress","@type":"PostalAddress","streetAddress":"san antonio 4, san antonio 4","postalCode":"33430","addressLocality":"Cand\u00e1s","addressRegion":"Asturias","addressCountry":"ES"}},{"@type":"Person","@id":"https:\/\/candas365.es\/noticias\/author\/admin\/#author","url":"https:\/\/candas365.es\/noticias\/author\/admin\/","name":"Cand\u00e1s 365","image":{"@type":"ImageObject","@id":"https:\/\/candas365.es\/noticias\/la-tregua-en-alepo-no-ha-logrado-nada\/#authorImage","url":"https:\/\/secure.gravatar.com\/avatar\/496a8e03d0c493ede1718b7934145dbdf8d89be1036b0eec9544e1094c9de390?s=96&d=mm&r=g","width":96,"height":96,"caption":"Cand\u00e1s 365"},"sameAs":["https:\/\/www.facebook.com\/carrenoactualidad","https:\/\/twitter.com\/nbasturias","https:\/\/www.instagram.com\/nachofdezber\/","https:\/\/www.youtube.com\/channel\/UCZP-2wLEB9Rv6erhFmqVnvg"]},{"@type":"WebPage","@id":"https:\/\/candas365.es\/noticias\/la-tregua-en-alepo-no-ha-logrado-nada\/#webpage","url":"https:\/\/candas365.es\/noticias\/la-tregua-en-alepo-no-ha-logrado-nada\/","name":"La tregua en Alepo no ha logrado nada | Cand\u00e1s 365","description":"Berl\u00edn, 24 oct (dpa) - El alto el fuego de varios d\u00edas en la ciudad siria de Alepo no ha supuesto ning\u00fan alivio sostenible para la poblaci\u00f3n atrapada en la ciudad, indic\u00f3 hoy la organizaci\u00f3n no gubernamental M\u00e9dicos Sin Fronteras. \"De acuerdo con nuestras informaciones ni ha llegado la ayuda a la ciudad, ni las","inLanguage":"es-ES","isPartOf":{"@id":"https:\/\/candas365.es\/noticias\/#website"},"breadcrumb":{"@id":"https:\/\/candas365.es\/noticias\/la-tregua-en-alepo-no-ha-logrado-nada\/#breadcrumblist"},"author":{"@id":"https:\/\/candas365.es\/noticias\/author\/admin\/#author"},"creator":{"@id":"https:\/\/candas365.es\/noticias\/author\/admin\/#author"},"image":{"@type":"ImageObject","url":"https:\/\/candas365.es\/noticias\/wp-content\/uploads\/2014\/09\/siria2.jpg","@id":"https:\/\/candas365.es\/noticias\/la-tregua-en-alepo-no-ha-logrado-nada\/#mainImage","width":360,"height":238},"primaryImageOfPage":{"@id":"https:\/\/candas365.es\/noticias\/la-tregua-en-alepo-no-ha-logrado-nada\/#mainImage"},"datePublished":"2016-10-25T00:37:54+02:00","dateModified":"2016-10-25T00:37:54+02:00"},{"@type":"WebSite","@id":"https:\/\/candas365.es\/noticias\/#website","url":"https:\/\/candas365.es\/noticias\/","name":"Cand\u00e1s 365","alternateName":"Cand\u00e1s 365 Noticias","description":"Actualidad desde Carre\u00f1o para el mundo","inLanguage":"es-ES","publisher":{"@id":"https:\/\/candas365.es\/noticias\/#organization"}}]},"og:locale":"es_ES","og:site_name":"Cand\u00e1s 365","og:type":"article","og:title":"La tregua en Alepo no ha logrado nada | Cand\u00e1s 365","og:description":"Berl\u00edn, 24 oct (dpa) - El alto el fuego de varios d\u00edas en la ciudad siria de Alepo no ha supuesto ning\u00fan alivio sostenible para la poblaci\u00f3n atrapada en la ciudad, indic\u00f3 hoy la organizaci\u00f3n no gubernamental M\u00e9dicos Sin Fronteras. &quot;De acuerdo con nuestras informaciones ni ha llegado la ayuda a la ciudad, ni las","og:url":"https:\/\/candas365.es\/noticias\/la-tregua-en-alepo-no-ha-logrado-nada\/","og:image":"https:\/\/candas365.es\/noticias\/wp-content\/uploads\/2014\/09\/siria2.jpg","og:image:secure_url":"https:\/\/candas365.es\/noticias\/wp-content\/uploads\/2014\/09\/siria2.jpg","og:image:width":360,"og:image:height":238,"article:published_time":"2016-10-24T23:07:54+00:00","article:modified_time":"2016-10-24T23:07:54+00:00","article:publisher":"https:\/\/www.facebook.com\/Nachofdezber","article:author":"https:\/\/www.facebook.com\/carrenoactualidad","twitter:card":"summary_large_image","twitter:site":"@NabercoDigital","twitter:title":"La tregua en Alepo no ha logrado nada | Cand\u00e1s 365","twitter:description":"Berl\u00edn, 24 oct (dpa) - El alto el fuego de varios d\u00edas en la ciudad siria de Alepo no ha supuesto ning\u00fan alivio sostenible para la poblaci\u00f3n atrapada en la ciudad, indic\u00f3 hoy la organizaci\u00f3n no gubernamental M\u00e9dicos Sin Fronteras. &quot;De acuerdo con nuestras informaciones ni ha llegado la ayuda a la ciudad, ni las","twitter:creator":"@nbasturias","twitter:image":"https:\/\/candas365.es\/noticias\/wp-content\/uploads\/2014\/09\/siria2.jpg","twitter:label1":"Escrito por","twitter:data1":"Cand\u00e1s 365","twitter:label2":"Tiempo de lectura estimado","twitter:data2":"1 minuto"},"aioseo_meta_data":{"post_id":"34698","title":null,"description":null,"keywords":null,"keyphrases":null,"primary_term":null,"canonical_url":null,"og_title":null,"og_description":null,"og_object_type":"default","og_image_type":"default","og_image_url":null,"og_image_width":null,"og_image_height":null,"og_image_custom_url":null,"og_image_custom_fields":null,"og_video":null,"og_custom_url":null,"og_article_section":null,"og_article_tags":null,"twitter_use_og":false,"twitter_card":"default","twitter_image_type":"default","twitter_image_url":null,"twitter_image_custom_url":null,"twitter_image_custom_fields":null,"twitter_title":null,"twitter_description":null,"schema":{"blockGraphs":[],"customGraphs":[],"default":{"data":{"Article":[],"Course":[],"Dataset":[],"FAQPage":[],"Movie":[],"Person":[],"Product":[],"ProductReview":[],"Car":[],"Recipe":[],"Service":[],"SoftwareApplication":[],"WebPage":[]},"graphName":"","isEnabled":true},"graphs":[]},"schema_type":null,"schema_type_options":null,"pillar_content":false,"robots_default":true,"robots_noindex":false,"robots_noarchive":false,"robots_nosnippet":false,"robots_nofollow":false,"robots_noimageindex":false,"robots_noodp":false,"robots_notranslate":false,"robots_max_snippet":null,"robots_max_videopreview":null,"robots_max_imagepreview":"large","priority":null,"frequency":null,"location":null,"local_seo":null,"seo_analyzer_scan_date":"2025-08-24 18:14:08","breadcrumb_settings":null,"limit_modified_date":false,"reviewed_by":null,"open_ai":null,"ai":null,"created":"2020-12-21 11:31:30","updated":"2025-08-24 18:14:08"},"aioseo_breadcrumb":"<div class=\"aioseo-breadcrumbs\"><span class=\"aioseo-breadcrumb\">\n\t<a href=\"https:\/\/candas365.es\/noticias\" title=\"Home\">Home<\/a>\n<\/span><span class=\"aioseo-breadcrumb-separator\">&ndash;<\/span><span class=\"aioseo-breadcrumb\">\n\t<a href=\"https:\/\/candas365.es\/noticias\/category\/actualidad\/\" title=\"Actualidad\">Actualidad<\/a>\n<\/span><span class=\"aioseo-breadcrumb-separator\">&ndash;<\/span><span class=\"aioseo-breadcrumb\">\n\tLa tregua en Alepo no ha logrado nada\n<\/span><\/div>","aioseo_breadcrumb_json":[{"label":"Home","link":"https:\/\/candas365.es\/noticias"},{"label":"Actualidad","link":"https:\/\/candas365.es\/noticias\/category\/actualidad\/"},{"label":"La tregua en Alepo no ha logrado nada","link":"https:\/\/candas365.es\/noticias\/la-tregua-en-alepo-no-ha-logrado-nada\/"}],"_links":{"self":[{"href":"https:\/\/candas365.es\/noticias\/wp-json\/wp\/v2\/posts\/34698","targetHints":{"allow":["GET"]}}],"collection":[{"href":"https:\/\/candas365.es\/noticias\/wp-json\/wp\/v2\/posts"}],"about":[{"href":"https:\/\/candas365.es\/noticias\/wp-json\/wp\/v2\/types\/post"}],"author":[{"embeddable":true,"href":"https:\/\/candas365.es\/noticias\/wp-json\/wp\/v2\/users\/1"}],"replies":[{"embeddable":true,"href":"https:\/\/candas365.es\/noticias\/wp-json\/wp\/v2\/comments?post=34698"}],"version-history":[{"count":0,"href":"https:\/\/candas365.es\/noticias\/wp-json\/wp\/v2\/posts\/34698\/revisions"}],"wp:featuredmedia":[{"embeddable":true,"href":"https:\/\/candas365.es\/noticias\/wp-json\/wp\/v2\/media\/335"}],"wp:attachment":[{"href":"https:\/\/candas365.es\/noticias\/wp-json\/wp\/v2\/media?parent=34698"}],"wp:term":[{"taxonomy":"category","embeddable":true,"href":"https:\/\/candas365.es\/noticias\/wp-json\/wp\/v2\/categories?post=34698"},{"taxonomy":"post_tag","embeddable":true,"href":"https:\/\/candas365.es\/noticias\/wp-json\/wp\/v2\/tags?post=34698"}],"curies":[{"name":"wp","href":"https:\/\/api.w.org\/{rel}","templated":true}]}}