{"id":3464,"date":"2014-10-15T14:02:17","date_gmt":"2014-10-15T16:02:17","guid":{"rendered":"http:\/\/candas365.es\/noticias\/?p=3464"},"modified":"2014-10-15T14:02:17","modified_gmt":"2014-10-15T16:02:17","slug":"gijon-registro-un-74-de-ocupacion-media-el-fin-de-semana","status":"publish","type":"post","link":"https:\/\/candas365.es\/noticias\/gijon-registro-un-74-de-ocupacion-media-el-fin-de-semana\/","title":{"rendered":"Gij\u00f3n registr\u00f3 un 74% de ocupaci\u00f3n media el fin de semana"},"content":{"rendered":"<p><img fetchpriority=\"high\" decoding=\"async\" class=\"alignleft size-medium wp-image-3465\" src=\"https:\/\/candas365.es\/noticias\/wp-content\/uploads\/2014\/10\/fotonoticia_20141015150029_800-360x241.jpg\" alt=\"fotonoticia_20141015150029_800\" width=\"360\" height=\"241\" \/>(EUROPA PRESS)\u00a0\u00a0 La ocupaci\u00f3n media de turistas durante el pasado Puente del Pilar en Gij\u00f3n ha alcanzado el 74 por ciento, lo que supera en 13 puntos porcentuales la estimada seg\u00fan las reservas existentes el pasado jueves (61 por ciento). As\u00ed lo ha puesto de manifiesto Gij\u00f3n Turismo a trav\u00e9s de una nota de prensa, de acuerdo al sondeo realizado este pasado martes por el Servicio de Informaci\u00f3n Tur\u00edstica a 46 establecimientos de la ciudad.<\/p>\n<p>Por categor\u00edas, los establecimientos que registraron una mayor ocupaci\u00f3n fueron los de dos estrellas, con un 78 por ciento de ocupaci\u00f3n para las noches del viernes y s\u00e1bado, seguidos de los de cuatro estrellas, con un 74 por ciento, los de una estrella, con un 68 por ciento y los de tres estrellas, con un 64 por ciento. El camping de Deva, por su parte, alcanz\u00f3 el 89 por ciento de ocupaci\u00f3n en caba\u00f1as y bungalows durante el fin de semana.<\/p>\n<p>Asimismo, si se tiene en cuenta la noche del domingo, al haber sido festivo el lunes en Asturias, la ciudad alcanz\u00f3 una ocupaci\u00f3n media del 66 por ciento. En este caso, los hoteles de dos estrellas fueron los de mayor ocupaci\u00f3n, con el 69 por ciento de las plazas ocupadas para los tres d\u00edas, seguidos de los de cuatro estrellas (66 por ciento), los de una (62 por ciento) y los de tres estrellas (59 por ciento).<\/p>\n","protected":false},"excerpt":{"rendered":"<p>(EUROPA PRESS)\u00a0\u00a0 La ocupaci\u00f3n media de turistas durante el pasado Puente del Pilar en Gij\u00f3n ha alcanzado el 74 por ciento, lo que supera en 13 puntos porcentuales la estimada seg\u00fan las reservas existentes el pasado jueves (61 por ciento). As\u00ed lo ha puesto de manifiesto Gij\u00f3n Turismo a trav\u00e9s de una nota de prensa,<\/p>\n","protected":false},"author":1,"featured_media":3465,"comment_status":"closed","ping_status":"closed","sticky":false,"template":"","format":"standard","meta":{"footnotes":""},"categories":[343],"tags":[],"class_list":{"0":"post-3464","1":"post","2":"type-post","3":"status-publish","4":"format-standard","5":"has-post-thumbnail","7":"category-actualidad"},"aioseo_notices":[],"aioseo_head":"\n\t\t<!-- All in One SEO Pro 4.9.6.2 - aioseo.com -->\n\t<meta name=\"description\" content=\"(EUROPA PRESS) La ocupaci\u00f3n media de turistas durante el pasado Puente del Pilar en Gij\u00f3n ha alcanzado el 74 por ciento, lo que supera en 13 puntos porcentuales la estimada seg\u00fan las reservas existentes el pasado jueves (61 por ciento). As\u00ed lo ha puesto de manifiesto Gij\u00f3n Turismo a trav\u00e9s de una nota de prensa,\" \/>\n\t<meta name=\"robots\" content=\"max-image-preview:large\" \/>\n\t<meta name=\"author\" content=\"Cand\u00e1s 365\"\/>\n\t<meta name=\"google-site-verification\" content=\"UA-32230408-1\" \/>\n\t<meta name=\"msvalidate.01\" content=\"354F3CDFB2DA171B47FBE9ABF1F88D5\" \/>\n\t<meta name=\"keywords\" content=\"actualidad\" \/>\n\t<link rel=\"canonical\" href=\"https:\/\/candas365.es\/noticias\/gijon-registro-un-74-de-ocupacion-media-el-fin-de-semana\/\" \/>\n\t<meta name=\"generator\" content=\"All in One SEO Pro (AIOSEO) 4.9.6.2\" \/>\n\t\t<meta property=\"og:locale\" content=\"es_ES\" \/>\n\t\t<meta property=\"og:site_name\" content=\"Cand\u00e1s 365\" \/>\n\t\t<meta property=\"og:type\" content=\"article\" \/>\n\t\t<meta property=\"og:title\" content=\"Gij\u00f3n registr\u00f3 un 74% de ocupaci\u00f3n media el fin de semana | Cand\u00e1s 365\" \/>\n\t\t<meta property=\"og:description\" content=\"(EUROPA PRESS) La ocupaci\u00f3n media de turistas durante el pasado Puente del Pilar en Gij\u00f3n ha alcanzado el 74 por ciento, lo que supera en 13 puntos porcentuales la estimada seg\u00fan las reservas existentes el pasado jueves (61 por ciento). As\u00ed lo ha puesto de manifiesto Gij\u00f3n Turismo a trav\u00e9s de una nota de prensa,\" \/>\n\t\t<meta property=\"og:url\" content=\"https:\/\/candas365.es\/noticias\/gijon-registro-un-74-de-ocupacion-media-el-fin-de-semana\/\" \/>\n\t\t<meta property=\"og:image\" content=\"https:\/\/candas365.es\/noticias\/wp-content\/uploads\/2014\/10\/fotonoticia_20141015150029_800.jpg\" \/>\n\t\t<meta property=\"og:image:secure_url\" content=\"https:\/\/candas365.es\/noticias\/wp-content\/uploads\/2014\/10\/fotonoticia_20141015150029_800.jpg\" \/>\n\t\t<meta property=\"og:image:width\" content=\"800\" \/>\n\t\t<meta property=\"og:image:height\" content=\"537\" \/>\n\t\t<meta property=\"article:published_time\" content=\"2014-10-15T16:02:17+00:00\" \/>\n\t\t<meta property=\"article:modified_time\" content=\"2014-10-15T16:02:17+00:00\" \/>\n\t\t<meta property=\"article:publisher\" content=\"https:\/\/www.facebook.com\/Nachofdezber\" \/>\n\t\t<meta property=\"article:author\" content=\"https:\/\/www.facebook.com\/carrenoactualidad\" \/>\n\t\t<meta name=\"twitter:card\" content=\"summary_large_image\" \/>\n\t\t<meta name=\"twitter:site\" content=\"@NabercoDigital\" \/>\n\t\t<meta name=\"twitter:title\" content=\"Gij\u00f3n registr\u00f3 un 74% de ocupaci\u00f3n media el fin de semana | Cand\u00e1s 365\" \/>\n\t\t<meta name=\"twitter:description\" content=\"(EUROPA PRESS) La ocupaci\u00f3n media de turistas durante el pasado Puente del Pilar en Gij\u00f3n ha alcanzado el 74 por ciento, lo que supera en 13 puntos porcentuales la estimada seg\u00fan las reservas existentes el pasado jueves (61 por ciento). As\u00ed lo ha puesto de manifiesto Gij\u00f3n Turismo a trav\u00e9s de una nota de prensa,\" \/>\n\t\t<meta name=\"twitter:creator\" content=\"@nbasturias\" \/>\n\t\t<meta name=\"twitter:image\" content=\"https:\/\/candas365.es\/noticias\/wp-content\/uploads\/2014\/10\/fotonoticia_20141015150029_800.jpg\" \/>\n\t\t<meta name=\"twitter:label1\" content=\"Escrito por\" \/>\n\t\t<meta name=\"twitter:data1\" content=\"Cand\u00e1s 365\" \/>\n\t\t<meta name=\"twitter:label2\" content=\"Tiempo de lectura estimado\" \/>\n\t\t<meta name=\"twitter:data2\" content=\"1 minuto\" \/>\n\t\t<script type=\"application\/ld+json\" class=\"aioseo-schema\">\n\t\t\t{\"@context\":\"https:\\\/\\\/schema.org\",\"@graph\":[{\"@type\":\"BreadcrumbList\",\"@id\":\"https:\\\/\\\/candas365.es\\\/noticias\\\/gijon-registro-un-74-de-ocupacion-media-el-fin-de-semana\\\/#breadcrumblist\",\"itemListElement\":[{\"@type\":\"ListItem\",\"@id\":\"https:\\\/\\\/candas365.es\\\/noticias#listItem\",\"position\":1,\"name\":\"Home\",\"item\":\"https:\\\/\\\/candas365.es\\\/noticias\",\"nextItem\":{\"@type\":\"ListItem\",\"@id\":\"https:\\\/\\\/candas365.es\\\/noticias\\\/category\\\/actualidad\\\/#listItem\",\"name\":\"Actualidad\"}},{\"@type\":\"ListItem\",\"@id\":\"https:\\\/\\\/candas365.es\\\/noticias\\\/category\\\/actualidad\\\/#listItem\",\"position\":2,\"name\":\"Actualidad\",\"item\":\"https:\\\/\\\/candas365.es\\\/noticias\\\/category\\\/actualidad\\\/\",\"nextItem\":{\"@type\":\"ListItem\",\"@id\":\"https:\\\/\\\/candas365.es\\\/noticias\\\/gijon-registro-un-74-de-ocupacion-media-el-fin-de-semana\\\/#listItem\",\"name\":\"Gij\\u00f3n registr\\u00f3 un 74% de ocupaci\\u00f3n media el fin de semana\"},\"previousItem\":{\"@type\":\"ListItem\",\"@id\":\"https:\\\/\\\/candas365.es\\\/noticias#listItem\",\"name\":\"Home\"}},{\"@type\":\"ListItem\",\"@id\":\"https:\\\/\\\/candas365.es\\\/noticias\\\/gijon-registro-un-74-de-ocupacion-media-el-fin-de-semana\\\/#listItem\",\"position\":3,\"name\":\"Gij\\u00f3n registr\\u00f3 un 74% de ocupaci\\u00f3n media el fin de semana\",\"previousItem\":{\"@type\":\"ListItem\",\"@id\":\"https:\\\/\\\/candas365.es\\\/noticias\\\/category\\\/actualidad\\\/#listItem\",\"name\":\"Actualidad\"}}]},{\"@type\":\"NewsArticle\",\"@id\":\"https:\\\/\\\/candas365.es\\\/noticias\\\/gijon-registro-un-74-de-ocupacion-media-el-fin-de-semana\\\/#newsarticle\",\"name\":\"Gij\\u00f3n registr\\u00f3 un 74% de ocupaci\\u00f3n media el fin de semana | Cand\\u00e1s 365\",\"headline\":\"Gij\\u00f3n registr\\u00f3 un 74% de ocupaci\\u00f3n media el fin de semana\",\"author\":{\"@id\":\"https:\\\/\\\/candas365.es\\\/noticias\\\/author\\\/admin\\\/#author\"},\"publisher\":{\"@id\":\"https:\\\/\\\/candas365.es\\\/noticias\\\/#organization\"},\"image\":{\"@type\":\"ImageObject\",\"url\":\"https:\\\/\\\/candas365.es\\\/noticias\\\/wp-content\\\/uploads\\\/2014\\\/10\\\/fotonoticia_20141015150029_800.jpg\",\"width\":800,\"height\":537},\"datePublished\":\"2014-10-15T14:02:17+02:00\",\"dateModified\":\"2014-10-15T14:02:17+02:00\",\"inLanguage\":\"es-ES\",\"mainEntityOfPage\":{\"@id\":\"https:\\\/\\\/candas365.es\\\/noticias\\\/gijon-registro-un-74-de-ocupacion-media-el-fin-de-semana\\\/#webpage\"},\"isPartOf\":{\"@id\":\"https:\\\/\\\/candas365.es\\\/noticias\\\/gijon-registro-un-74-de-ocupacion-media-el-fin-de-semana\\\/#webpage\"},\"articleSection\":\"Actualidad\",\"dateline\":\"Publicado el octubre 15, 2014.\"},{\"@type\":\"Organization\",\"@id\":\"https:\\\/\\\/candas365.es\\\/noticias\\\/#organization\",\"name\":\"Cand\\u00e1s 365\",\"description\":\"Cand\\u00e1s 365 es un diario digital independiente, fundado en 2012, con base en Asturias. Informamos con rigor sobre actualidad, sociedad, cultura y ocio, con una mirada local y global.\",\"url\":\"https:\\\/\\\/candas365.es\\\/noticias\\\/\",\"email\":\"info@candas365.es\",\"telephone\":\"+34652131393\",\"foundingDate\":\"2012-06-10\",\"logo\":{\"@type\":\"ImageObject\",\"url\":\"https:\\\/\\\/candas365.es\\\/noticias\\\/wp-content\\\/uploads\\\/2024\\\/09\\\/Candas-365-Redes.jpg\",\"@id\":\"https:\\\/\\\/candas365.es\\\/noticias\\\/gijon-registro-un-74-de-ocupacion-media-el-fin-de-semana\\\/#organizationLogo\",\"width\":1152,\"height\":864,\"caption\":\"Cand\\u00e1s 365 Redes\"},\"image\":{\"@id\":\"https:\\\/\\\/candas365.es\\\/noticias\\\/gijon-registro-un-74-de-ocupacion-media-el-fin-de-semana\\\/#organizationLogo\"},\"sameAs\":[\"https:\\\/\\\/www.facebook.com\\\/Nachofdezber\",\"https:\\\/\\\/x.com\\\/NabercoDigital\",\"https:\\\/\\\/www.instagram.com\\\/nachofdezber\\\/\",\"https:\\\/\\\/www.youtube.com\\\/channel\\\/UCZP-2wLEB9Rv6erhFmqVnvg\"],\"address\":{\"@id\":\"https:\\\/\\\/candas365.es\\\/noticias\\\/#postaladdress\",\"@type\":\"PostalAddress\",\"streetAddress\":\"san antonio 4, san antonio 4\",\"postalCode\":\"33430\",\"addressLocality\":\"Cand\\u00e1s\",\"addressRegion\":\"Asturias\",\"addressCountry\":\"ES\"}},{\"@type\":\"Person\",\"@id\":\"https:\\\/\\\/candas365.es\\\/noticias\\\/author\\\/admin\\\/#author\",\"url\":\"https:\\\/\\\/candas365.es\\\/noticias\\\/author\\\/admin\\\/\",\"name\":\"Cand\\u00e1s 365\",\"image\":{\"@type\":\"ImageObject\",\"@id\":\"https:\\\/\\\/candas365.es\\\/noticias\\\/gijon-registro-un-74-de-ocupacion-media-el-fin-de-semana\\\/#authorImage\",\"url\":\"https:\\\/\\\/secure.gravatar.com\\\/avatar\\\/496a8e03d0c493ede1718b7934145dbdf8d89be1036b0eec9544e1094c9de390?s=96&d=mm&r=g\",\"width\":96,\"height\":96,\"caption\":\"Cand\\u00e1s 365\"},\"sameAs\":[\"https:\\\/\\\/www.facebook.com\\\/carrenoactualidad\",\"https:\\\/\\\/twitter.com\\\/nbasturias\",\"https:\\\/\\\/www.instagram.com\\\/nachofdezber\\\/\",\"https:\\\/\\\/www.youtube.com\\\/channel\\\/UCZP-2wLEB9Rv6erhFmqVnvg\"]},{\"@type\":\"WebPage\",\"@id\":\"https:\\\/\\\/candas365.es\\\/noticias\\\/gijon-registro-un-74-de-ocupacion-media-el-fin-de-semana\\\/#webpage\",\"url\":\"https:\\\/\\\/candas365.es\\\/noticias\\\/gijon-registro-un-74-de-ocupacion-media-el-fin-de-semana\\\/\",\"name\":\"Gij\\u00f3n registr\\u00f3 un 74% de ocupaci\\u00f3n media el fin de semana | Cand\\u00e1s 365\",\"description\":\"(EUROPA PRESS) La ocupaci\\u00f3n media de turistas durante el pasado Puente del Pilar en Gij\\u00f3n ha alcanzado el 74 por ciento, lo que supera en 13 puntos porcentuales la estimada seg\\u00fan las reservas existentes el pasado jueves (61 por ciento). As\\u00ed lo ha puesto de manifiesto Gij\\u00f3n Turismo a trav\\u00e9s de una nota de prensa,\",\"inLanguage\":\"es-ES\",\"isPartOf\":{\"@id\":\"https:\\\/\\\/candas365.es\\\/noticias\\\/#website\"},\"breadcrumb\":{\"@id\":\"https:\\\/\\\/candas365.es\\\/noticias\\\/gijon-registro-un-74-de-ocupacion-media-el-fin-de-semana\\\/#breadcrumblist\"},\"author\":{\"@id\":\"https:\\\/\\\/candas365.es\\\/noticias\\\/author\\\/admin\\\/#author\"},\"creator\":{\"@id\":\"https:\\\/\\\/candas365.es\\\/noticias\\\/author\\\/admin\\\/#author\"},\"image\":{\"@type\":\"ImageObject\",\"url\":\"https:\\\/\\\/candas365.es\\\/noticias\\\/wp-content\\\/uploads\\\/2014\\\/10\\\/fotonoticia_20141015150029_800.jpg\",\"@id\":\"https:\\\/\\\/candas365.es\\\/noticias\\\/gijon-registro-un-74-de-ocupacion-media-el-fin-de-semana\\\/#mainImage\",\"width\":800,\"height\":537},\"primaryImageOfPage\":{\"@id\":\"https:\\\/\\\/candas365.es\\\/noticias\\\/gijon-registro-un-74-de-ocupacion-media-el-fin-de-semana\\\/#mainImage\"},\"datePublished\":\"2014-10-15T14:02:17+02:00\",\"dateModified\":\"2014-10-15T14:02:17+02:00\"},{\"@type\":\"WebSite\",\"@id\":\"https:\\\/\\\/candas365.es\\\/noticias\\\/#website\",\"url\":\"https:\\\/\\\/candas365.es\\\/noticias\\\/\",\"name\":\"Cand\\u00e1s 365\",\"alternateName\":\"Cand\\u00e1s 365 Noticias\",\"description\":\"Actualidad desde Carre\\u00f1o para el mundo\",\"inLanguage\":\"es-ES\",\"publisher\":{\"@id\":\"https:\\\/\\\/candas365.es\\\/noticias\\\/#organization\"}}]}\n\t\t<\/script>\n\t\t<!-- All in One SEO Pro -->\r\n\t\t<title>Gij\u00f3n registr\u00f3 un 74% de ocupaci\u00f3n media el fin de semana | Cand\u00e1s 365<\/title>\n\n","aioseo_head_json":{"title":"Gij\u00f3n registr\u00f3 un 74% de ocupaci\u00f3n media el fin de semana | Cand\u00e1s 365","description":"(EUROPA PRESS) La ocupaci\u00f3n media de turistas durante el pasado Puente del Pilar en Gij\u00f3n ha alcanzado el 74 por ciento, lo que supera en 13 puntos porcentuales la estimada seg\u00fan las reservas existentes el pasado jueves (61 por ciento). As\u00ed lo ha puesto de manifiesto Gij\u00f3n Turismo a trav\u00e9s de una nota de prensa,","canonical_url":"https:\/\/candas365.es\/noticias\/gijon-registro-un-74-de-ocupacion-media-el-fin-de-semana\/","robots":"max-image-preview:large","keywords":"actualidad","webmasterTools":{"google-site-verification":"UA-32230408-1","msvalidate.01":"354F3CDFB2DA171B47FBE9ABF1F88D5","miscellaneous":""},"schema":{"@context":"https:\/\/schema.org","@graph":[{"@type":"BreadcrumbList","@id":"https:\/\/candas365.es\/noticias\/gijon-registro-un-74-de-ocupacion-media-el-fin-de-semana\/#breadcrumblist","itemListElement":[{"@type":"ListItem","@id":"https:\/\/candas365.es\/noticias#listItem","position":1,"name":"Home","item":"https:\/\/candas365.es\/noticias","nextItem":{"@type":"ListItem","@id":"https:\/\/candas365.es\/noticias\/category\/actualidad\/#listItem","name":"Actualidad"}},{"@type":"ListItem","@id":"https:\/\/candas365.es\/noticias\/category\/actualidad\/#listItem","position":2,"name":"Actualidad","item":"https:\/\/candas365.es\/noticias\/category\/actualidad\/","nextItem":{"@type":"ListItem","@id":"https:\/\/candas365.es\/noticias\/gijon-registro-un-74-de-ocupacion-media-el-fin-de-semana\/#listItem","name":"Gij\u00f3n registr\u00f3 un 74% de ocupaci\u00f3n media el fin de semana"},"previousItem":{"@type":"ListItem","@id":"https:\/\/candas365.es\/noticias#listItem","name":"Home"}},{"@type":"ListItem","@id":"https:\/\/candas365.es\/noticias\/gijon-registro-un-74-de-ocupacion-media-el-fin-de-semana\/#listItem","position":3,"name":"Gij\u00f3n registr\u00f3 un 74% de ocupaci\u00f3n media el fin de semana","previousItem":{"@type":"ListItem","@id":"https:\/\/candas365.es\/noticias\/category\/actualidad\/#listItem","name":"Actualidad"}}]},{"@type":"NewsArticle","@id":"https:\/\/candas365.es\/noticias\/gijon-registro-un-74-de-ocupacion-media-el-fin-de-semana\/#newsarticle","name":"Gij\u00f3n registr\u00f3 un 74% de ocupaci\u00f3n media el fin de semana | Cand\u00e1s 365","headline":"Gij\u00f3n registr\u00f3 un 74% de ocupaci\u00f3n media el fin de semana","author":{"@id":"https:\/\/candas365.es\/noticias\/author\/admin\/#author"},"publisher":{"@id":"https:\/\/candas365.es\/noticias\/#organization"},"image":{"@type":"ImageObject","url":"https:\/\/candas365.es\/noticias\/wp-content\/uploads\/2014\/10\/fotonoticia_20141015150029_800.jpg","width":800,"height":537},"datePublished":"2014-10-15T14:02:17+02:00","dateModified":"2014-10-15T14:02:17+02:00","inLanguage":"es-ES","mainEntityOfPage":{"@id":"https:\/\/candas365.es\/noticias\/gijon-registro-un-74-de-ocupacion-media-el-fin-de-semana\/#webpage"},"isPartOf":{"@id":"https:\/\/candas365.es\/noticias\/gijon-registro-un-74-de-ocupacion-media-el-fin-de-semana\/#webpage"},"articleSection":"Actualidad","dateline":"Publicado el octubre 15, 2014."},{"@type":"Organization","@id":"https:\/\/candas365.es\/noticias\/#organization","name":"Cand\u00e1s 365","description":"Cand\u00e1s 365 es un diario digital independiente, fundado en 2012, con base en Asturias. Informamos con rigor sobre actualidad, sociedad, cultura y ocio, con una mirada local y global.","url":"https:\/\/candas365.es\/noticias\/","email":"info@candas365.es","telephone":"+34652131393","foundingDate":"2012-06-10","logo":{"@type":"ImageObject","url":"https:\/\/candas365.es\/noticias\/wp-content\/uploads\/2024\/09\/Candas-365-Redes.jpg","@id":"https:\/\/candas365.es\/noticias\/gijon-registro-un-74-de-ocupacion-media-el-fin-de-semana\/#organizationLogo","width":1152,"height":864,"caption":"Cand\u00e1s 365 Redes"},"image":{"@id":"https:\/\/candas365.es\/noticias\/gijon-registro-un-74-de-ocupacion-media-el-fin-de-semana\/#organizationLogo"},"sameAs":["https:\/\/www.facebook.com\/Nachofdezber","https:\/\/x.com\/NabercoDigital","https:\/\/www.instagram.com\/nachofdezber\/","https:\/\/www.youtube.com\/channel\/UCZP-2wLEB9Rv6erhFmqVnvg"],"address":{"@id":"https:\/\/candas365.es\/noticias\/#postaladdress","@type":"PostalAddress","streetAddress":"san antonio 4, san antonio 4","postalCode":"33430","addressLocality":"Cand\u00e1s","addressRegion":"Asturias","addressCountry":"ES"}},{"@type":"Person","@id":"https:\/\/candas365.es\/noticias\/author\/admin\/#author","url":"https:\/\/candas365.es\/noticias\/author\/admin\/","name":"Cand\u00e1s 365","image":{"@type":"ImageObject","@id":"https:\/\/candas365.es\/noticias\/gijon-registro-un-74-de-ocupacion-media-el-fin-de-semana\/#authorImage","url":"https:\/\/secure.gravatar.com\/avatar\/496a8e03d0c493ede1718b7934145dbdf8d89be1036b0eec9544e1094c9de390?s=96&d=mm&r=g","width":96,"height":96,"caption":"Cand\u00e1s 365"},"sameAs":["https:\/\/www.facebook.com\/carrenoactualidad","https:\/\/twitter.com\/nbasturias","https:\/\/www.instagram.com\/nachofdezber\/","https:\/\/www.youtube.com\/channel\/UCZP-2wLEB9Rv6erhFmqVnvg"]},{"@type":"WebPage","@id":"https:\/\/candas365.es\/noticias\/gijon-registro-un-74-de-ocupacion-media-el-fin-de-semana\/#webpage","url":"https:\/\/candas365.es\/noticias\/gijon-registro-un-74-de-ocupacion-media-el-fin-de-semana\/","name":"Gij\u00f3n registr\u00f3 un 74% de ocupaci\u00f3n media el fin de semana | Cand\u00e1s 365","description":"(EUROPA PRESS) La ocupaci\u00f3n media de turistas durante el pasado Puente del Pilar en Gij\u00f3n ha alcanzado el 74 por ciento, lo que supera en 13 puntos porcentuales la estimada seg\u00fan las reservas existentes el pasado jueves (61 por ciento). As\u00ed lo ha puesto de manifiesto Gij\u00f3n Turismo a trav\u00e9s de una nota de prensa,","inLanguage":"es-ES","isPartOf":{"@id":"https:\/\/candas365.es\/noticias\/#website"},"breadcrumb":{"@id":"https:\/\/candas365.es\/noticias\/gijon-registro-un-74-de-ocupacion-media-el-fin-de-semana\/#breadcrumblist"},"author":{"@id":"https:\/\/candas365.es\/noticias\/author\/admin\/#author"},"creator":{"@id":"https:\/\/candas365.es\/noticias\/author\/admin\/#author"},"image":{"@type":"ImageObject","url":"https:\/\/candas365.es\/noticias\/wp-content\/uploads\/2014\/10\/fotonoticia_20141015150029_800.jpg","@id":"https:\/\/candas365.es\/noticias\/gijon-registro-un-74-de-ocupacion-media-el-fin-de-semana\/#mainImage","width":800,"height":537},"primaryImageOfPage":{"@id":"https:\/\/candas365.es\/noticias\/gijon-registro-un-74-de-ocupacion-media-el-fin-de-semana\/#mainImage"},"datePublished":"2014-10-15T14:02:17+02:00","dateModified":"2014-10-15T14:02:17+02:00"},{"@type":"WebSite","@id":"https:\/\/candas365.es\/noticias\/#website","url":"https:\/\/candas365.es\/noticias\/","name":"Cand\u00e1s 365","alternateName":"Cand\u00e1s 365 Noticias","description":"Actualidad desde Carre\u00f1o para el mundo","inLanguage":"es-ES","publisher":{"@id":"https:\/\/candas365.es\/noticias\/#organization"}}]},"og:locale":"es_ES","og:site_name":"Cand\u00e1s 365","og:type":"article","og:title":"Gij\u00f3n registr\u00f3 un 74% de ocupaci\u00f3n media el fin de semana | Cand\u00e1s 365","og:description":"(EUROPA PRESS) La ocupaci\u00f3n media de turistas durante el pasado Puente del Pilar en Gij\u00f3n ha alcanzado el 74 por ciento, lo que supera en 13 puntos porcentuales la estimada seg\u00fan las reservas existentes el pasado jueves (61 por ciento). As\u00ed lo ha puesto de manifiesto Gij\u00f3n Turismo a trav\u00e9s de una nota de prensa,","og:url":"https:\/\/candas365.es\/noticias\/gijon-registro-un-74-de-ocupacion-media-el-fin-de-semana\/","og:image":"https:\/\/candas365.es\/noticias\/wp-content\/uploads\/2014\/10\/fotonoticia_20141015150029_800.jpg","og:image:secure_url":"https:\/\/candas365.es\/noticias\/wp-content\/uploads\/2014\/10\/fotonoticia_20141015150029_800.jpg","og:image:width":800,"og:image:height":537,"article:published_time":"2014-10-15T16:02:17+00:00","article:modified_time":"2014-10-15T16:02:17+00:00","article:publisher":"https:\/\/www.facebook.com\/Nachofdezber","article:author":"https:\/\/www.facebook.com\/carrenoactualidad","twitter:card":"summary_large_image","twitter:site":"@NabercoDigital","twitter:title":"Gij\u00f3n registr\u00f3 un 74% de ocupaci\u00f3n media el fin de semana | Cand\u00e1s 365","twitter:description":"(EUROPA PRESS) La ocupaci\u00f3n media de turistas durante el pasado Puente del Pilar en Gij\u00f3n ha alcanzado el 74 por ciento, lo que supera en 13 puntos porcentuales la estimada seg\u00fan las reservas existentes el pasado jueves (61 por ciento). As\u00ed lo ha puesto de manifiesto Gij\u00f3n Turismo a trav\u00e9s de una nota de prensa,","twitter:creator":"@nbasturias","twitter:image":"https:\/\/candas365.es\/noticias\/wp-content\/uploads\/2014\/10\/fotonoticia_20141015150029_800.jpg","twitter:label1":"Escrito por","twitter:data1":"Cand\u00e1s 365","twitter:label2":"Tiempo de lectura estimado","twitter:data2":"1 minuto"},"aioseo_meta_data":{"post_id":"3464","title":null,"description":null,"keywords":null,"keyphrases":null,"primary_term":null,"canonical_url":null,"og_title":null,"og_description":null,"og_object_type":"default","og_image_type":"default","og_image_url":null,"og_image_width":null,"og_image_height":null,"og_image_custom_url":null,"og_image_custom_fields":null,"og_video":null,"og_custom_url":null,"og_article_section":null,"og_article_tags":null,"twitter_use_og":false,"twitter_card":"default","twitter_image_type":"default","twitter_image_url":null,"twitter_image_custom_url":null,"twitter_image_custom_fields":null,"twitter_title":null,"twitter_description":null,"schema":{"blockGraphs":[],"customGraphs":[],"default":{"data":{"Article":[],"Course":[],"Dataset":[],"FAQPage":[],"Movie":[],"Person":[],"Product":[],"ProductReview":[],"Car":[],"Recipe":[],"Service":[],"SoftwareApplication":[],"WebPage":[]},"graphName":"","isEnabled":true},"graphs":[],"defaultGraph":"","defaultPostTypeGraph":""},"schema_type":null,"schema_type_options":null,"pillar_content":false,"robots_default":true,"robots_noindex":false,"robots_noarchive":false,"robots_nosnippet":false,"robots_nofollow":false,"robots_noimageindex":false,"robots_noodp":false,"robots_notranslate":false,"robots_max_snippet":null,"robots_max_videopreview":null,"robots_max_imagepreview":"large","priority":null,"frequency":null,"location":null,"local_seo":null,"seo_analyzer_scan_date":"2025-08-23 00:14:12","breadcrumb_settings":null,"limit_modified_date":false,"reviewed_by":null,"open_ai":null,"ai":null,"created":"2020-12-21 10:44:56","updated":"2025-08-23 00:14:12"},"aioseo_breadcrumb":"<div class=\"aioseo-breadcrumbs\"><span class=\"aioseo-breadcrumb\">\n\t<a href=\"https:\/\/candas365.es\/noticias\" title=\"Home\">Home<\/a>\n<\/span><span class=\"aioseo-breadcrumb-separator\">&ndash;<\/span><span class=\"aioseo-breadcrumb\">\n\t<a href=\"https:\/\/candas365.es\/noticias\/category\/actualidad\/\" title=\"Actualidad\">Actualidad<\/a>\n<\/span><span class=\"aioseo-breadcrumb-separator\">&ndash;<\/span><span class=\"aioseo-breadcrumb\">\n\tGij\u00f3n registr\u00f3 un 74% de ocupaci\u00f3n media el fin de semana\n<\/span><\/div>","aioseo_breadcrumb_json":[{"label":"Home","link":"https:\/\/candas365.es\/noticias"},{"label":"Actualidad","link":"https:\/\/candas365.es\/noticias\/category\/actualidad\/"},{"label":"Gij\u00f3n registr\u00f3 un 74% de ocupaci\u00f3n media el fin de semana","link":"https:\/\/candas365.es\/noticias\/gijon-registro-un-74-de-ocupacion-media-el-fin-de-semana\/"}],"_links":{"self":[{"href":"https:\/\/candas365.es\/noticias\/wp-json\/wp\/v2\/posts\/3464","targetHints":{"allow":["GET"]}}],"collection":[{"href":"https:\/\/candas365.es\/noticias\/wp-json\/wp\/v2\/posts"}],"about":[{"href":"https:\/\/candas365.es\/noticias\/wp-json\/wp\/v2\/types\/post"}],"author":[{"embeddable":true,"href":"https:\/\/candas365.es\/noticias\/wp-json\/wp\/v2\/users\/1"}],"replies":[{"embeddable":true,"href":"https:\/\/candas365.es\/noticias\/wp-json\/wp\/v2\/comments?post=3464"}],"version-history":[{"count":0,"href":"https:\/\/candas365.es\/noticias\/wp-json\/wp\/v2\/posts\/3464\/revisions"}],"wp:featuredmedia":[{"embeddable":true,"href":"https:\/\/candas365.es\/noticias\/wp-json\/wp\/v2\/media\/3465"}],"wp:attachment":[{"href":"https:\/\/candas365.es\/noticias\/wp-json\/wp\/v2\/media?parent=3464"}],"wp:term":[{"taxonomy":"category","embeddable":true,"href":"https:\/\/candas365.es\/noticias\/wp-json\/wp\/v2\/categories?post=3464"},{"taxonomy":"post_tag","embeddable":true,"href":"https:\/\/candas365.es\/noticias\/wp-json\/wp\/v2\/tags?post=3464"}],"curies":[{"name":"wp","href":"https:\/\/api.w.org\/{rel}","templated":true}]}}