{"id":34570,"date":"2016-10-22T19:39:36","date_gmt":"2016-10-22T18:09:36","guid":{"rendered":"http:\/\/candas365.es\/noticias\/?p=34570"},"modified":"2016-10-22T19:39:36","modified_gmt":"2016-10-22T18:09:36","slug":"los-alemanes-se-sienten-cada-vez-mas-inseguros-en-las-zonas-publicas","status":"publish","type":"post","link":"https:\/\/candas365.es\/noticias\/los-alemanes-se-sienten-cada-vez-mas-inseguros-en-las-zonas-publicas\/","title":{"rendered":"Los alemanes se sienten cada vez m\u00e1s inseguros en las zonas p\u00fablicas"},"content":{"rendered":"<p>Berl\u00edn, 22 oct (dpa) &#8211; Los ciudadanos alemanes aseguran sentirse cada vez m\u00e1s inseguros en espacios p\u00fablicos, revel\u00f3 hoy un sondeo publicado por el diario \u00abDie Welt\u00bb. <\/p>\n<p>De esta forma, un 68 por ciento de los encuestados considera que la situaci\u00f3n de seguridad ha empeorado \u00abalgo o mucho\u00bb durante los dos o tres \u00faltimos a\u00f1os. Un porcentaje similar apunta adem\u00e1s que temen por su integridad y ante la posibilidad de ser v\u00edctimas de un robo, sobre todo cuando se encuentran en estaciones de metro o de tren. <\/p>\n<p>Un 63 por ciento reconoce tambi\u00e9n sentirse \u00abinc\u00f3modo\u00bb cuando participa en grandes eventos. <\/p>\n<p>Seg\u00fan el estudio, tan s\u00f3lo la mitad de los alemanes percibe como inseguros los aeropuertos, a pesar de que en la actualidad est\u00e1n considerados como el objetivo prioritario de los terroristas.<\/p>\n<p>Alemania ha extremado sus medidas de seguridad despu\u00e9s de verse sacudida por una serie de sucesos violentos desde este verano (boreal). <\/p>\n<p>En M\u00fanich un hombre protagoniz\u00f3 en julio un tiroteo que acab\u00f3 con la vida de nueve personas cerca de un centro comercial, d\u00edas despu\u00e9s de que un refugiado afgano atacara con un hacha y un cuchillo a pasajeros en un tren regional de Baviera.<\/p>\n<p>Poco despu\u00e9s otro refugiado sirio muri\u00f3 al explotar una bomba que llevaba en la mochila a la entrada de un festival en Ansbach, tambi\u00e9n en Baviera. La milicia terrorista Estado Isl\u00e1mico (EI) reclam\u00f3 la autor\u00eda de los dos \u00faltimos atentados.<\/p>\n<p>Adem\u00e1s, hace casi dos semanas, las autoridades germanas detuvieron a un joven de origen sirio, de quien se sospechaba que mantenia contactos con EI y presuntamente planeaba cometer un ataque terrorista en un aeropuerto de Berl\u00edn. <\/p>\n<p>El hombre, en cuya vivienda la polic\u00eda hall\u00f3 un potente explosivo, se suicid\u00f3 en la c\u00e1rcel poco despu\u00e9s de ser arrestado. <\/p>\n","protected":false},"excerpt":{"rendered":"<p>Berl\u00edn, 22 oct (dpa) &#8211; Los ciudadanos alemanes aseguran sentirse cada vez m\u00e1s inseguros en espacios p\u00fablicos, revel\u00f3 hoy un sondeo publicado por el diario \u00abDie Welt\u00bb. De esta forma, un 68 por ciento de los encuestados considera que la situaci\u00f3n de seguridad ha empeorado \u00abalgo o mucho\u00bb durante los dos o tres \u00faltimos a\u00f1os.<\/p>\n","protected":false},"author":1,"featured_media":16457,"comment_status":"closed","ping_status":"closed","sticky":false,"template":"","format":"standard","meta":{"footnotes":""},"categories":[343],"tags":[],"class_list":{"0":"post-34570","1":"post","2":"type-post","3":"status-publish","4":"format-standard","5":"has-post-thumbnail","7":"category-actualidad"},"aioseo_notices":[],"aioseo_head":"\n\t\t<!-- All in One SEO Pro 4.9.6.2 - aioseo.com -->\n\t<meta name=\"description\" content=\"Berl\u00edn, 22 oct (dpa) - Los ciudadanos alemanes aseguran sentirse cada vez m\u00e1s inseguros en espacios p\u00fablicos, revel\u00f3 hoy un sondeo publicado por el diario &quot;Die Welt&quot;. De esta forma, un 68 por ciento de los encuestados considera que la situaci\u00f3n de seguridad ha empeorado &quot;algo o mucho&quot; durante los dos o tres \u00faltimos a\u00f1os.\" \/>\n\t<meta name=\"robots\" content=\"max-image-preview:large\" \/>\n\t<meta name=\"author\" content=\"Cand\u00e1s 365\"\/>\n\t<meta name=\"google-site-verification\" content=\"UA-32230408-1\" \/>\n\t<meta name=\"msvalidate.01\" content=\"354F3CDFB2DA171B47FBE9ABF1F88D5\" \/>\n\t<meta name=\"keywords\" content=\"actualidad\" \/>\n\t<link rel=\"canonical\" href=\"https:\/\/candas365.es\/noticias\/los-alemanes-se-sienten-cada-vez-mas-inseguros-en-las-zonas-publicas\/\" \/>\n\t<meta name=\"generator\" content=\"All in One SEO Pro (AIOSEO) 4.9.6.2\" \/>\n\t\t<meta property=\"og:locale\" content=\"es_ES\" \/>\n\t\t<meta property=\"og:site_name\" content=\"Cand\u00e1s 365\" \/>\n\t\t<meta property=\"og:type\" content=\"article\" \/>\n\t\t<meta property=\"og:title\" content=\"Los alemanes se sienten cada vez m\u00e1s inseguros en las zonas p\u00fablicas | Cand\u00e1s 365\" \/>\n\t\t<meta property=\"og:description\" content=\"Berl\u00edn, 22 oct (dpa) - Los ciudadanos alemanes aseguran sentirse cada vez m\u00e1s inseguros en espacios p\u00fablicos, revel\u00f3 hoy un sondeo publicado por el diario &quot;Die Welt&quot;. De esta forma, un 68 por ciento de los encuestados considera que la situaci\u00f3n de seguridad ha empeorado &quot;algo o mucho&quot; durante los dos o tres \u00faltimos a\u00f1os.\" \/>\n\t\t<meta property=\"og:url\" content=\"https:\/\/candas365.es\/noticias\/los-alemanes-se-sienten-cada-vez-mas-inseguros-en-las-zonas-publicas\/\" \/>\n\t\t<meta property=\"og:image\" content=\"https:\/\/candas365.es\/noticias\/wp-content\/uploads\/2015\/09\/c365noticias.jpg\" \/>\n\t\t<meta property=\"og:image:secure_url\" content=\"https:\/\/candas365.es\/noticias\/wp-content\/uploads\/2015\/09\/c365noticias.jpg\" \/>\n\t\t<meta property=\"og:image:width\" content=\"655\" \/>\n\t\t<meta property=\"og:image:height\" content=\"360\" \/>\n\t\t<meta property=\"article:published_time\" content=\"2016-10-22T18:09:36+00:00\" \/>\n\t\t<meta property=\"article:modified_time\" content=\"2016-10-22T18:09:36+00:00\" \/>\n\t\t<meta property=\"article:publisher\" content=\"https:\/\/www.facebook.com\/Nachofdezber\" \/>\n\t\t<meta property=\"article:author\" content=\"https:\/\/www.facebook.com\/carrenoactualidad\" \/>\n\t\t<meta name=\"twitter:card\" content=\"summary_large_image\" \/>\n\t\t<meta name=\"twitter:site\" content=\"@NabercoDigital\" \/>\n\t\t<meta name=\"twitter:title\" content=\"Los alemanes se sienten cada vez m\u00e1s inseguros en las zonas p\u00fablicas | Cand\u00e1s 365\" \/>\n\t\t<meta name=\"twitter:description\" content=\"Berl\u00edn, 22 oct (dpa) - Los ciudadanos alemanes aseguran sentirse cada vez m\u00e1s inseguros en espacios p\u00fablicos, revel\u00f3 hoy un sondeo publicado por el diario &quot;Die Welt&quot;. De esta forma, un 68 por ciento de los encuestados considera que la situaci\u00f3n de seguridad ha empeorado &quot;algo o mucho&quot; durante los dos o tres \u00faltimos a\u00f1os.\" \/>\n\t\t<meta name=\"twitter:creator\" content=\"@nbasturias\" \/>\n\t\t<meta name=\"twitter:image\" content=\"https:\/\/candas365.es\/noticias\/wp-content\/uploads\/2015\/09\/c365noticias.jpg\" \/>\n\t\t<meta name=\"twitter:label1\" content=\"Escrito por\" \/>\n\t\t<meta name=\"twitter:data1\" content=\"Cand\u00e1s 365\" \/>\n\t\t<meta name=\"twitter:label2\" content=\"Tiempo de lectura estimado\" \/>\n\t\t<meta name=\"twitter:data2\" content=\"2 minutos\" \/>\n\t\t<script type=\"application\/ld+json\" class=\"aioseo-schema\">\n\t\t\t{\"@context\":\"https:\\\/\\\/schema.org\",\"@graph\":[{\"@type\":\"BreadcrumbList\",\"@id\":\"https:\\\/\\\/candas365.es\\\/noticias\\\/los-alemanes-se-sienten-cada-vez-mas-inseguros-en-las-zonas-publicas\\\/#breadcrumblist\",\"itemListElement\":[{\"@type\":\"ListItem\",\"@id\":\"https:\\\/\\\/candas365.es\\\/noticias#listItem\",\"position\":1,\"name\":\"Home\",\"item\":\"https:\\\/\\\/candas365.es\\\/noticias\",\"nextItem\":{\"@type\":\"ListItem\",\"@id\":\"https:\\\/\\\/candas365.es\\\/noticias\\\/category\\\/actualidad\\\/#listItem\",\"name\":\"Actualidad\"}},{\"@type\":\"ListItem\",\"@id\":\"https:\\\/\\\/candas365.es\\\/noticias\\\/category\\\/actualidad\\\/#listItem\",\"position\":2,\"name\":\"Actualidad\",\"item\":\"https:\\\/\\\/candas365.es\\\/noticias\\\/category\\\/actualidad\\\/\",\"nextItem\":{\"@type\":\"ListItem\",\"@id\":\"https:\\\/\\\/candas365.es\\\/noticias\\\/los-alemanes-se-sienten-cada-vez-mas-inseguros-en-las-zonas-publicas\\\/#listItem\",\"name\":\"Los alemanes se sienten cada vez m\\u00e1s inseguros en las zonas p\\u00fablicas\"},\"previousItem\":{\"@type\":\"ListItem\",\"@id\":\"https:\\\/\\\/candas365.es\\\/noticias#listItem\",\"name\":\"Home\"}},{\"@type\":\"ListItem\",\"@id\":\"https:\\\/\\\/candas365.es\\\/noticias\\\/los-alemanes-se-sienten-cada-vez-mas-inseguros-en-las-zonas-publicas\\\/#listItem\",\"position\":3,\"name\":\"Los alemanes se sienten cada vez m\\u00e1s inseguros en las zonas p\\u00fablicas\",\"previousItem\":{\"@type\":\"ListItem\",\"@id\":\"https:\\\/\\\/candas365.es\\\/noticias\\\/category\\\/actualidad\\\/#listItem\",\"name\":\"Actualidad\"}}]},{\"@type\":\"NewsArticle\",\"@id\":\"https:\\\/\\\/candas365.es\\\/noticias\\\/los-alemanes-se-sienten-cada-vez-mas-inseguros-en-las-zonas-publicas\\\/#newsarticle\",\"name\":\"Los alemanes se sienten cada vez m\\u00e1s inseguros en las zonas p\\u00fablicas | Cand\\u00e1s 365\",\"headline\":\"Los alemanes se sienten cada vez m\\u00e1s inseguros en las zonas p\\u00fablicas\",\"author\":{\"@id\":\"https:\\\/\\\/candas365.es\\\/noticias\\\/author\\\/admin\\\/#author\"},\"publisher\":{\"@id\":\"https:\\\/\\\/candas365.es\\\/noticias\\\/#organization\"},\"image\":{\"@type\":\"ImageObject\",\"url\":\"https:\\\/\\\/candas365.es\\\/noticias\\\/wp-content\\\/uploads\\\/2015\\\/09\\\/c365noticias.jpg\",\"width\":655,\"height\":360},\"datePublished\":\"2016-10-22T19:39:36+02:00\",\"dateModified\":\"2016-10-22T19:39:36+02:00\",\"inLanguage\":\"es-ES\",\"mainEntityOfPage\":{\"@id\":\"https:\\\/\\\/candas365.es\\\/noticias\\\/los-alemanes-se-sienten-cada-vez-mas-inseguros-en-las-zonas-publicas\\\/#webpage\"},\"isPartOf\":{\"@id\":\"https:\\\/\\\/candas365.es\\\/noticias\\\/los-alemanes-se-sienten-cada-vez-mas-inseguros-en-las-zonas-publicas\\\/#webpage\"},\"articleSection\":\"Actualidad\",\"dateline\":\"Publicado el octubre 22, 2016.\"},{\"@type\":\"Organization\",\"@id\":\"https:\\\/\\\/candas365.es\\\/noticias\\\/#organization\",\"name\":\"Cand\\u00e1s 365\",\"description\":\"Cand\\u00e1s 365 es un diario digital independiente, fundado en 2012, con base en Asturias. Informamos con rigor sobre actualidad, sociedad, cultura y ocio, con una mirada local y global.\",\"url\":\"https:\\\/\\\/candas365.es\\\/noticias\\\/\",\"email\":\"info@candas365.es\",\"telephone\":\"+34652131393\",\"foundingDate\":\"2012-06-10\",\"logo\":{\"@type\":\"ImageObject\",\"url\":\"https:\\\/\\\/candas365.es\\\/noticias\\\/wp-content\\\/uploads\\\/2024\\\/09\\\/Candas-365-Redes.jpg\",\"@id\":\"https:\\\/\\\/candas365.es\\\/noticias\\\/los-alemanes-se-sienten-cada-vez-mas-inseguros-en-las-zonas-publicas\\\/#organizationLogo\",\"width\":1152,\"height\":864,\"caption\":\"Cand\\u00e1s 365 Redes\"},\"image\":{\"@id\":\"https:\\\/\\\/candas365.es\\\/noticias\\\/los-alemanes-se-sienten-cada-vez-mas-inseguros-en-las-zonas-publicas\\\/#organizationLogo\"},\"sameAs\":[\"https:\\\/\\\/www.facebook.com\\\/Nachofdezber\",\"https:\\\/\\\/x.com\\\/NabercoDigital\",\"https:\\\/\\\/www.instagram.com\\\/nachofdezber\\\/\",\"https:\\\/\\\/www.youtube.com\\\/channel\\\/UCZP-2wLEB9Rv6erhFmqVnvg\"],\"address\":{\"@id\":\"https:\\\/\\\/candas365.es\\\/noticias\\\/#postaladdress\",\"@type\":\"PostalAddress\",\"streetAddress\":\"san antonio 4, san antonio 4\",\"postalCode\":\"33430\",\"addressLocality\":\"Cand\\u00e1s\",\"addressRegion\":\"Asturias\",\"addressCountry\":\"ES\"}},{\"@type\":\"Person\",\"@id\":\"https:\\\/\\\/candas365.es\\\/noticias\\\/author\\\/admin\\\/#author\",\"url\":\"https:\\\/\\\/candas365.es\\\/noticias\\\/author\\\/admin\\\/\",\"name\":\"Cand\\u00e1s 365\",\"image\":{\"@type\":\"ImageObject\",\"@id\":\"https:\\\/\\\/candas365.es\\\/noticias\\\/los-alemanes-se-sienten-cada-vez-mas-inseguros-en-las-zonas-publicas\\\/#authorImage\",\"url\":\"https:\\\/\\\/secure.gravatar.com\\\/avatar\\\/496a8e03d0c493ede1718b7934145dbdf8d89be1036b0eec9544e1094c9de390?s=96&d=mm&r=g\",\"width\":96,\"height\":96,\"caption\":\"Cand\\u00e1s 365\"},\"sameAs\":[\"https:\\\/\\\/www.facebook.com\\\/carrenoactualidad\",\"https:\\\/\\\/twitter.com\\\/nbasturias\",\"https:\\\/\\\/www.instagram.com\\\/nachofdezber\\\/\",\"https:\\\/\\\/www.youtube.com\\\/channel\\\/UCZP-2wLEB9Rv6erhFmqVnvg\"]},{\"@type\":\"WebPage\",\"@id\":\"https:\\\/\\\/candas365.es\\\/noticias\\\/los-alemanes-se-sienten-cada-vez-mas-inseguros-en-las-zonas-publicas\\\/#webpage\",\"url\":\"https:\\\/\\\/candas365.es\\\/noticias\\\/los-alemanes-se-sienten-cada-vez-mas-inseguros-en-las-zonas-publicas\\\/\",\"name\":\"Los alemanes se sienten cada vez m\\u00e1s inseguros en las zonas p\\u00fablicas | Cand\\u00e1s 365\",\"description\":\"Berl\\u00edn, 22 oct (dpa) - Los ciudadanos alemanes aseguran sentirse cada vez m\\u00e1s inseguros en espacios p\\u00fablicos, revel\\u00f3 hoy un sondeo publicado por el diario \\\"Die Welt\\\". De esta forma, un 68 por ciento de los encuestados considera que la situaci\\u00f3n de seguridad ha empeorado \\\"algo o mucho\\\" durante los dos o tres \\u00faltimos a\\u00f1os.\",\"inLanguage\":\"es-ES\",\"isPartOf\":{\"@id\":\"https:\\\/\\\/candas365.es\\\/noticias\\\/#website\"},\"breadcrumb\":{\"@id\":\"https:\\\/\\\/candas365.es\\\/noticias\\\/los-alemanes-se-sienten-cada-vez-mas-inseguros-en-las-zonas-publicas\\\/#breadcrumblist\"},\"author\":{\"@id\":\"https:\\\/\\\/candas365.es\\\/noticias\\\/author\\\/admin\\\/#author\"},\"creator\":{\"@id\":\"https:\\\/\\\/candas365.es\\\/noticias\\\/author\\\/admin\\\/#author\"},\"image\":{\"@type\":\"ImageObject\",\"url\":\"https:\\\/\\\/candas365.es\\\/noticias\\\/wp-content\\\/uploads\\\/2015\\\/09\\\/c365noticias.jpg\",\"@id\":\"https:\\\/\\\/candas365.es\\\/noticias\\\/los-alemanes-se-sienten-cada-vez-mas-inseguros-en-las-zonas-publicas\\\/#mainImage\",\"width\":655,\"height\":360},\"primaryImageOfPage\":{\"@id\":\"https:\\\/\\\/candas365.es\\\/noticias\\\/los-alemanes-se-sienten-cada-vez-mas-inseguros-en-las-zonas-publicas\\\/#mainImage\"},\"datePublished\":\"2016-10-22T19:39:36+02:00\",\"dateModified\":\"2016-10-22T19:39:36+02:00\"},{\"@type\":\"WebSite\",\"@id\":\"https:\\\/\\\/candas365.es\\\/noticias\\\/#website\",\"url\":\"https:\\\/\\\/candas365.es\\\/noticias\\\/\",\"name\":\"Cand\\u00e1s 365\",\"alternateName\":\"Cand\\u00e1s 365 Noticias\",\"description\":\"Actualidad desde Carre\\u00f1o para el mundo\",\"inLanguage\":\"es-ES\",\"publisher\":{\"@id\":\"https:\\\/\\\/candas365.es\\\/noticias\\\/#organization\"}}]}\n\t\t<\/script>\n\t\t<!-- All in One SEO Pro -->\r\n\t\t<title>Los alemanes se sienten cada vez m\u00e1s inseguros en las zonas p\u00fablicas | Cand\u00e1s 365<\/title>\n\n","aioseo_head_json":{"title":"Los alemanes se sienten cada vez m\u00e1s inseguros en las zonas p\u00fablicas | Cand\u00e1s 365","description":"Berl\u00edn, 22 oct (dpa) - Los ciudadanos alemanes aseguran sentirse cada vez m\u00e1s inseguros en espacios p\u00fablicos, revel\u00f3 hoy un sondeo publicado por el diario \"Die Welt\". De esta forma, un 68 por ciento de los encuestados considera que la situaci\u00f3n de seguridad ha empeorado \"algo o mucho\" durante los dos o tres \u00faltimos a\u00f1os.","canonical_url":"https:\/\/candas365.es\/noticias\/los-alemanes-se-sienten-cada-vez-mas-inseguros-en-las-zonas-publicas\/","robots":"max-image-preview:large","keywords":"actualidad","webmasterTools":{"google-site-verification":"UA-32230408-1","msvalidate.01":"354F3CDFB2DA171B47FBE9ABF1F88D5","miscellaneous":""},"schema":{"@context":"https:\/\/schema.org","@graph":[{"@type":"BreadcrumbList","@id":"https:\/\/candas365.es\/noticias\/los-alemanes-se-sienten-cada-vez-mas-inseguros-en-las-zonas-publicas\/#breadcrumblist","itemListElement":[{"@type":"ListItem","@id":"https:\/\/candas365.es\/noticias#listItem","position":1,"name":"Home","item":"https:\/\/candas365.es\/noticias","nextItem":{"@type":"ListItem","@id":"https:\/\/candas365.es\/noticias\/category\/actualidad\/#listItem","name":"Actualidad"}},{"@type":"ListItem","@id":"https:\/\/candas365.es\/noticias\/category\/actualidad\/#listItem","position":2,"name":"Actualidad","item":"https:\/\/candas365.es\/noticias\/category\/actualidad\/","nextItem":{"@type":"ListItem","@id":"https:\/\/candas365.es\/noticias\/los-alemanes-se-sienten-cada-vez-mas-inseguros-en-las-zonas-publicas\/#listItem","name":"Los alemanes se sienten cada vez m\u00e1s inseguros en las zonas p\u00fablicas"},"previousItem":{"@type":"ListItem","@id":"https:\/\/candas365.es\/noticias#listItem","name":"Home"}},{"@type":"ListItem","@id":"https:\/\/candas365.es\/noticias\/los-alemanes-se-sienten-cada-vez-mas-inseguros-en-las-zonas-publicas\/#listItem","position":3,"name":"Los alemanes se sienten cada vez m\u00e1s inseguros en las zonas p\u00fablicas","previousItem":{"@type":"ListItem","@id":"https:\/\/candas365.es\/noticias\/category\/actualidad\/#listItem","name":"Actualidad"}}]},{"@type":"NewsArticle","@id":"https:\/\/candas365.es\/noticias\/los-alemanes-se-sienten-cada-vez-mas-inseguros-en-las-zonas-publicas\/#newsarticle","name":"Los alemanes se sienten cada vez m\u00e1s inseguros en las zonas p\u00fablicas | Cand\u00e1s 365","headline":"Los alemanes se sienten cada vez m\u00e1s inseguros en las zonas p\u00fablicas","author":{"@id":"https:\/\/candas365.es\/noticias\/author\/admin\/#author"},"publisher":{"@id":"https:\/\/candas365.es\/noticias\/#organization"},"image":{"@type":"ImageObject","url":"https:\/\/candas365.es\/noticias\/wp-content\/uploads\/2015\/09\/c365noticias.jpg","width":655,"height":360},"datePublished":"2016-10-22T19:39:36+02:00","dateModified":"2016-10-22T19:39:36+02:00","inLanguage":"es-ES","mainEntityOfPage":{"@id":"https:\/\/candas365.es\/noticias\/los-alemanes-se-sienten-cada-vez-mas-inseguros-en-las-zonas-publicas\/#webpage"},"isPartOf":{"@id":"https:\/\/candas365.es\/noticias\/los-alemanes-se-sienten-cada-vez-mas-inseguros-en-las-zonas-publicas\/#webpage"},"articleSection":"Actualidad","dateline":"Publicado el octubre 22, 2016."},{"@type":"Organization","@id":"https:\/\/candas365.es\/noticias\/#organization","name":"Cand\u00e1s 365","description":"Cand\u00e1s 365 es un diario digital independiente, fundado en 2012, con base en Asturias. Informamos con rigor sobre actualidad, sociedad, cultura y ocio, con una mirada local y global.","url":"https:\/\/candas365.es\/noticias\/","email":"info@candas365.es","telephone":"+34652131393","foundingDate":"2012-06-10","logo":{"@type":"ImageObject","url":"https:\/\/candas365.es\/noticias\/wp-content\/uploads\/2024\/09\/Candas-365-Redes.jpg","@id":"https:\/\/candas365.es\/noticias\/los-alemanes-se-sienten-cada-vez-mas-inseguros-en-las-zonas-publicas\/#organizationLogo","width":1152,"height":864,"caption":"Cand\u00e1s 365 Redes"},"image":{"@id":"https:\/\/candas365.es\/noticias\/los-alemanes-se-sienten-cada-vez-mas-inseguros-en-las-zonas-publicas\/#organizationLogo"},"sameAs":["https:\/\/www.facebook.com\/Nachofdezber","https:\/\/x.com\/NabercoDigital","https:\/\/www.instagram.com\/nachofdezber\/","https:\/\/www.youtube.com\/channel\/UCZP-2wLEB9Rv6erhFmqVnvg"],"address":{"@id":"https:\/\/candas365.es\/noticias\/#postaladdress","@type":"PostalAddress","streetAddress":"san antonio 4, san antonio 4","postalCode":"33430","addressLocality":"Cand\u00e1s","addressRegion":"Asturias","addressCountry":"ES"}},{"@type":"Person","@id":"https:\/\/candas365.es\/noticias\/author\/admin\/#author","url":"https:\/\/candas365.es\/noticias\/author\/admin\/","name":"Cand\u00e1s 365","image":{"@type":"ImageObject","@id":"https:\/\/candas365.es\/noticias\/los-alemanes-se-sienten-cada-vez-mas-inseguros-en-las-zonas-publicas\/#authorImage","url":"https:\/\/secure.gravatar.com\/avatar\/496a8e03d0c493ede1718b7934145dbdf8d89be1036b0eec9544e1094c9de390?s=96&d=mm&r=g","width":96,"height":96,"caption":"Cand\u00e1s 365"},"sameAs":["https:\/\/www.facebook.com\/carrenoactualidad","https:\/\/twitter.com\/nbasturias","https:\/\/www.instagram.com\/nachofdezber\/","https:\/\/www.youtube.com\/channel\/UCZP-2wLEB9Rv6erhFmqVnvg"]},{"@type":"WebPage","@id":"https:\/\/candas365.es\/noticias\/los-alemanes-se-sienten-cada-vez-mas-inseguros-en-las-zonas-publicas\/#webpage","url":"https:\/\/candas365.es\/noticias\/los-alemanes-se-sienten-cada-vez-mas-inseguros-en-las-zonas-publicas\/","name":"Los alemanes se sienten cada vez m\u00e1s inseguros en las zonas p\u00fablicas | Cand\u00e1s 365","description":"Berl\u00edn, 22 oct (dpa) - Los ciudadanos alemanes aseguran sentirse cada vez m\u00e1s inseguros en espacios p\u00fablicos, revel\u00f3 hoy un sondeo publicado por el diario \"Die Welt\". De esta forma, un 68 por ciento de los encuestados considera que la situaci\u00f3n de seguridad ha empeorado \"algo o mucho\" durante los dos o tres \u00faltimos a\u00f1os.","inLanguage":"es-ES","isPartOf":{"@id":"https:\/\/candas365.es\/noticias\/#website"},"breadcrumb":{"@id":"https:\/\/candas365.es\/noticias\/los-alemanes-se-sienten-cada-vez-mas-inseguros-en-las-zonas-publicas\/#breadcrumblist"},"author":{"@id":"https:\/\/candas365.es\/noticias\/author\/admin\/#author"},"creator":{"@id":"https:\/\/candas365.es\/noticias\/author\/admin\/#author"},"image":{"@type":"ImageObject","url":"https:\/\/candas365.es\/noticias\/wp-content\/uploads\/2015\/09\/c365noticias.jpg","@id":"https:\/\/candas365.es\/noticias\/los-alemanes-se-sienten-cada-vez-mas-inseguros-en-las-zonas-publicas\/#mainImage","width":655,"height":360},"primaryImageOfPage":{"@id":"https:\/\/candas365.es\/noticias\/los-alemanes-se-sienten-cada-vez-mas-inseguros-en-las-zonas-publicas\/#mainImage"},"datePublished":"2016-10-22T19:39:36+02:00","dateModified":"2016-10-22T19:39:36+02:00"},{"@type":"WebSite","@id":"https:\/\/candas365.es\/noticias\/#website","url":"https:\/\/candas365.es\/noticias\/","name":"Cand\u00e1s 365","alternateName":"Cand\u00e1s 365 Noticias","description":"Actualidad desde Carre\u00f1o para el mundo","inLanguage":"es-ES","publisher":{"@id":"https:\/\/candas365.es\/noticias\/#organization"}}]},"og:locale":"es_ES","og:site_name":"Cand\u00e1s 365","og:type":"article","og:title":"Los alemanes se sienten cada vez m\u00e1s inseguros en las zonas p\u00fablicas | Cand\u00e1s 365","og:description":"Berl\u00edn, 22 oct (dpa) - Los ciudadanos alemanes aseguran sentirse cada vez m\u00e1s inseguros en espacios p\u00fablicos, revel\u00f3 hoy un sondeo publicado por el diario &quot;Die Welt&quot;. De esta forma, un 68 por ciento de los encuestados considera que la situaci\u00f3n de seguridad ha empeorado &quot;algo o mucho&quot; durante los dos o tres \u00faltimos a\u00f1os.","og:url":"https:\/\/candas365.es\/noticias\/los-alemanes-se-sienten-cada-vez-mas-inseguros-en-las-zonas-publicas\/","og:image":"https:\/\/candas365.es\/noticias\/wp-content\/uploads\/2015\/09\/c365noticias.jpg","og:image:secure_url":"https:\/\/candas365.es\/noticias\/wp-content\/uploads\/2015\/09\/c365noticias.jpg","og:image:width":655,"og:image:height":360,"article:published_time":"2016-10-22T18:09:36+00:00","article:modified_time":"2016-10-22T18:09:36+00:00","article:publisher":"https:\/\/www.facebook.com\/Nachofdezber","article:author":"https:\/\/www.facebook.com\/carrenoactualidad","twitter:card":"summary_large_image","twitter:site":"@NabercoDigital","twitter:title":"Los alemanes se sienten cada vez m\u00e1s inseguros en las zonas p\u00fablicas | Cand\u00e1s 365","twitter:description":"Berl\u00edn, 22 oct (dpa) - Los ciudadanos alemanes aseguran sentirse cada vez m\u00e1s inseguros en espacios p\u00fablicos, revel\u00f3 hoy un sondeo publicado por el diario &quot;Die Welt&quot;. De esta forma, un 68 por ciento de los encuestados considera que la situaci\u00f3n de seguridad ha empeorado &quot;algo o mucho&quot; durante los dos o tres \u00faltimos a\u00f1os.","twitter:creator":"@nbasturias","twitter:image":"https:\/\/candas365.es\/noticias\/wp-content\/uploads\/2015\/09\/c365noticias.jpg","twitter:label1":"Escrito por","twitter:data1":"Cand\u00e1s 365","twitter:label2":"Tiempo de lectura estimado","twitter:data2":"2 minutos"},"aioseo_meta_data":{"post_id":"34570","title":null,"description":null,"keywords":null,"keyphrases":null,"primary_term":null,"canonical_url":null,"og_title":null,"og_description":null,"og_object_type":"default","og_image_type":"default","og_image_url":null,"og_image_width":null,"og_image_height":null,"og_image_custom_url":null,"og_image_custom_fields":null,"og_video":null,"og_custom_url":null,"og_article_section":null,"og_article_tags":null,"twitter_use_og":false,"twitter_card":"default","twitter_image_type":"default","twitter_image_url":null,"twitter_image_custom_url":null,"twitter_image_custom_fields":null,"twitter_title":null,"twitter_description":null,"schema":{"blockGraphs":[],"customGraphs":[],"default":{"data":{"Article":[],"Course":[],"Dataset":[],"FAQPage":[],"Movie":[],"Person":[],"Product":[],"ProductReview":[],"Car":[],"Recipe":[],"Service":[],"SoftwareApplication":[],"WebPage":[]},"graphName":"","isEnabled":true},"graphs":[],"defaultGraph":"","defaultPostTypeGraph":""},"schema_type":null,"schema_type_options":null,"pillar_content":false,"robots_default":true,"robots_noindex":false,"robots_noarchive":false,"robots_nosnippet":false,"robots_nofollow":false,"robots_noimageindex":false,"robots_noodp":false,"robots_notranslate":false,"robots_max_snippet":null,"robots_max_videopreview":null,"robots_max_imagepreview":"large","priority":null,"frequency":null,"location":null,"local_seo":null,"seo_analyzer_scan_date":"2025-08-24 18:01:56","breadcrumb_settings":null,"limit_modified_date":false,"reviewed_by":null,"open_ai":null,"ai":null,"created":"2020-12-21 11:31:36","updated":"2025-08-24 18:01:56"},"aioseo_breadcrumb":"<div class=\"aioseo-breadcrumbs\"><span class=\"aioseo-breadcrumb\">\n\t<a href=\"https:\/\/candas365.es\/noticias\" title=\"Home\">Home<\/a>\n<\/span><span class=\"aioseo-breadcrumb-separator\">&ndash;<\/span><span class=\"aioseo-breadcrumb\">\n\t<a href=\"https:\/\/candas365.es\/noticias\/category\/actualidad\/\" title=\"Actualidad\">Actualidad<\/a>\n<\/span><span class=\"aioseo-breadcrumb-separator\">&ndash;<\/span><span class=\"aioseo-breadcrumb\">\n\tLos alemanes se sienten cada vez m\u00e1s inseguros en las zonas p\u00fablicas\n<\/span><\/div>","aioseo_breadcrumb_json":[{"label":"Home","link":"https:\/\/candas365.es\/noticias"},{"label":"Actualidad","link":"https:\/\/candas365.es\/noticias\/category\/actualidad\/"},{"label":"Los alemanes se sienten cada vez m\u00e1s inseguros en las zonas p\u00fablicas","link":"https:\/\/candas365.es\/noticias\/los-alemanes-se-sienten-cada-vez-mas-inseguros-en-las-zonas-publicas\/"}],"_links":{"self":[{"href":"https:\/\/candas365.es\/noticias\/wp-json\/wp\/v2\/posts\/34570","targetHints":{"allow":["GET"]}}],"collection":[{"href":"https:\/\/candas365.es\/noticias\/wp-json\/wp\/v2\/posts"}],"about":[{"href":"https:\/\/candas365.es\/noticias\/wp-json\/wp\/v2\/types\/post"}],"author":[{"embeddable":true,"href":"https:\/\/candas365.es\/noticias\/wp-json\/wp\/v2\/users\/1"}],"replies":[{"embeddable":true,"href":"https:\/\/candas365.es\/noticias\/wp-json\/wp\/v2\/comments?post=34570"}],"version-history":[{"count":0,"href":"https:\/\/candas365.es\/noticias\/wp-json\/wp\/v2\/posts\/34570\/revisions"}],"wp:featuredmedia":[{"embeddable":true,"href":"https:\/\/candas365.es\/noticias\/wp-json\/wp\/v2\/media\/16457"}],"wp:attachment":[{"href":"https:\/\/candas365.es\/noticias\/wp-json\/wp\/v2\/media?parent=34570"}],"wp:term":[{"taxonomy":"category","embeddable":true,"href":"https:\/\/candas365.es\/noticias\/wp-json\/wp\/v2\/categories?post=34570"},{"taxonomy":"post_tag","embeddable":true,"href":"https:\/\/candas365.es\/noticias\/wp-json\/wp\/v2\/tags?post=34570"}],"curies":[{"name":"wp","href":"https:\/\/api.w.org\/{rel}","templated":true}]}}