{"id":34568,"date":"2016-10-22T19:38:36","date_gmt":"2016-10-22T18:08:36","guid":{"rendered":"http:\/\/candas365.es\/noticias\/?p=34568"},"modified":"2016-10-22T19:38:36","modified_gmt":"2016-10-22T18:08:36","slug":"ministro-de-economia-aleman-ve-posible-renegociar-acuerdo-con-canada","status":"publish","type":"post","link":"https:\/\/candas365.es\/noticias\/ministro-de-economia-aleman-ve-posible-renegociar-acuerdo-con-canada\/","title":{"rendered":"Ministro de Econom\u00eda alem\u00e1n ve posible renegociar acuerdo con Canad\u00e1"},"content":{"rendered":"<p>Berl\u00edn, 22 oct (dpa) &#8211; El ministro de Econom\u00eda y vicecanciller de Alemania, el socialdem\u00f3crata Sigmar Gabriel, considera que todav\u00eda existen buenas posibilidades para retomar las negociaciones del acuerdo de libre comercio entre la Uni\u00f3n Europea (UE) y Canad\u00e1, conocido como CETA, inform\u00f3 hoy el departamento que dirige.<\/p>\n<p>Seg\u00fan el pol\u00edtico, el encuentro mantenido hoy entre el presidente del Parlamento Europeo, el alem\u00e1n Martin Schulz, y la ministra de Comercio canadiense, Chrystia Freeland, supone \u00abcasi parar el reloj\u00bb y que el pa\u00eds norteamericano no d\u00e9 por concluidas las negociaciones con Bruselas. <\/p>\n<p>La visi\u00f3n optimista de Gabriel va en l\u00ednea con la de los dos implicados, Schulz y Freeland, quienes apuntaron esta ma\u00f1ana que conf\u00edan en que ser\u00e1 posible superar el bloqueo de la regi\u00f3n belga de Valonia, contraria a que el tratado salga adelante.<\/p>\n<p>En Alemania, importantes actores del \u00e1mbito econ\u00f3mico temen que el CETA no se firme y aseguran que su paralizaci\u00f3n provocar\u00eda inmensos perjuicios. <\/p>\n<p>Desde la oposici\u00f3n, la eurodiputada y pol\u00edtica del partido Los Verdes Ska Keller se\u00f1al\u00f3 que los problemas derivados de la firma del tratado comercial con Canad\u00e1 ponen de manifiesto un cambio radical de la pol\u00edtica comercial de UE.<\/p>\n<p>\u00abEl caos que tenemos ahora debe conducir a que finalmente se lleve a cabo una modificaci\u00f3n completa de la pol\u00edtica de comercio europea\u00bb, dijo Keller en declaraciones a la radio p\u00fablica alemana.<\/p>\n","protected":false},"excerpt":{"rendered":"<p>Berl\u00edn, 22 oct (dpa) &#8211; El ministro de Econom\u00eda y vicecanciller de Alemania, el socialdem\u00f3crata Sigmar Gabriel, considera que todav\u00eda existen buenas posibilidades para retomar las negociaciones del acuerdo de libre comercio entre la Uni\u00f3n Europea (UE) y Canad\u00e1, conocido como CETA, inform\u00f3 hoy el departamento que dirige. Seg\u00fan el pol\u00edtico, el encuentro mantenido hoy<\/p>\n","protected":false},"author":1,"featured_media":16457,"comment_status":"closed","ping_status":"closed","sticky":false,"template":"","format":"standard","meta":{"footnotes":""},"categories":[343],"tags":[],"class_list":{"0":"post-34568","1":"post","2":"type-post","3":"status-publish","4":"format-standard","5":"has-post-thumbnail","7":"category-actualidad"},"aioseo_notices":[],"aioseo_head":"\n\t\t<!-- All in One SEO Pro 4.9.6.2 - aioseo.com -->\n\t<meta name=\"description\" content=\"Berl\u00edn, 22 oct (dpa) - El ministro de Econom\u00eda y vicecanciller de Alemania, el socialdem\u00f3crata Sigmar Gabriel, considera que todav\u00eda existen buenas posibilidades para retomar las negociaciones del acuerdo de libre comercio entre la Uni\u00f3n Europea (UE) y Canad\u00e1, conocido como CETA, inform\u00f3 hoy el departamento que dirige. Seg\u00fan el pol\u00edtico, el encuentro mantenido hoy\" \/>\n\t<meta name=\"robots\" content=\"max-image-preview:large\" \/>\n\t<meta name=\"author\" content=\"Cand\u00e1s 365\"\/>\n\t<meta name=\"google-site-verification\" content=\"UA-32230408-1\" \/>\n\t<meta name=\"msvalidate.01\" content=\"354F3CDFB2DA171B47FBE9ABF1F88D5\" \/>\n\t<meta name=\"keywords\" content=\"actualidad\" \/>\n\t<link rel=\"canonical\" href=\"https:\/\/candas365.es\/noticias\/ministro-de-economia-aleman-ve-posible-renegociar-acuerdo-con-canada\/\" \/>\n\t<meta name=\"generator\" content=\"All in One SEO Pro (AIOSEO) 4.9.6.2\" \/>\n\t\t<meta property=\"og:locale\" content=\"es_ES\" \/>\n\t\t<meta property=\"og:site_name\" content=\"Cand\u00e1s 365\" \/>\n\t\t<meta property=\"og:type\" content=\"article\" \/>\n\t\t<meta property=\"og:title\" content=\"Ministro de Econom\u00eda alem\u00e1n ve posible renegociar acuerdo con Canad\u00e1 | Cand\u00e1s 365\" \/>\n\t\t<meta property=\"og:description\" content=\"Berl\u00edn, 22 oct (dpa) - El ministro de Econom\u00eda y vicecanciller de Alemania, el socialdem\u00f3crata Sigmar Gabriel, considera que todav\u00eda existen buenas posibilidades para retomar las negociaciones del acuerdo de libre comercio entre la Uni\u00f3n Europea (UE) y Canad\u00e1, conocido como CETA, inform\u00f3 hoy el departamento que dirige. Seg\u00fan el pol\u00edtico, el encuentro mantenido hoy\" \/>\n\t\t<meta property=\"og:url\" content=\"https:\/\/candas365.es\/noticias\/ministro-de-economia-aleman-ve-posible-renegociar-acuerdo-con-canada\/\" \/>\n\t\t<meta property=\"og:image\" content=\"https:\/\/candas365.es\/noticias\/wp-content\/uploads\/2015\/09\/c365noticias.jpg\" \/>\n\t\t<meta property=\"og:image:secure_url\" content=\"https:\/\/candas365.es\/noticias\/wp-content\/uploads\/2015\/09\/c365noticias.jpg\" \/>\n\t\t<meta property=\"og:image:width\" content=\"655\" \/>\n\t\t<meta property=\"og:image:height\" content=\"360\" \/>\n\t\t<meta property=\"article:published_time\" content=\"2016-10-22T18:08:36+00:00\" \/>\n\t\t<meta property=\"article:modified_time\" content=\"2016-10-22T18:08:36+00:00\" \/>\n\t\t<meta property=\"article:publisher\" content=\"https:\/\/www.facebook.com\/Nachofdezber\" \/>\n\t\t<meta property=\"article:author\" content=\"https:\/\/www.facebook.com\/carrenoactualidad\" \/>\n\t\t<meta name=\"twitter:card\" content=\"summary_large_image\" \/>\n\t\t<meta name=\"twitter:site\" content=\"@NabercoDigital\" \/>\n\t\t<meta name=\"twitter:title\" content=\"Ministro de Econom\u00eda alem\u00e1n ve posible renegociar acuerdo con Canad\u00e1 | Cand\u00e1s 365\" \/>\n\t\t<meta name=\"twitter:description\" content=\"Berl\u00edn, 22 oct (dpa) - El ministro de Econom\u00eda y vicecanciller de Alemania, el socialdem\u00f3crata Sigmar Gabriel, considera que todav\u00eda existen buenas posibilidades para retomar las negociaciones del acuerdo de libre comercio entre la Uni\u00f3n Europea (UE) y Canad\u00e1, conocido como CETA, inform\u00f3 hoy el departamento que dirige. Seg\u00fan el pol\u00edtico, el encuentro mantenido hoy\" \/>\n\t\t<meta name=\"twitter:creator\" content=\"@nbasturias\" \/>\n\t\t<meta name=\"twitter:image\" content=\"https:\/\/candas365.es\/noticias\/wp-content\/uploads\/2015\/09\/c365noticias.jpg\" \/>\n\t\t<meta name=\"twitter:label1\" content=\"Escrito por\" \/>\n\t\t<meta name=\"twitter:data1\" content=\"Cand\u00e1s 365\" \/>\n\t\t<meta name=\"twitter:label2\" content=\"Tiempo de lectura estimado\" \/>\n\t\t<meta name=\"twitter:data2\" content=\"1 minuto\" \/>\n\t\t<script type=\"application\/ld+json\" class=\"aioseo-schema\">\n\t\t\t{\"@context\":\"https:\\\/\\\/schema.org\",\"@graph\":[{\"@type\":\"BreadcrumbList\",\"@id\":\"https:\\\/\\\/candas365.es\\\/noticias\\\/ministro-de-economia-aleman-ve-posible-renegociar-acuerdo-con-canada\\\/#breadcrumblist\",\"itemListElement\":[{\"@type\":\"ListItem\",\"@id\":\"https:\\\/\\\/candas365.es\\\/noticias#listItem\",\"position\":1,\"name\":\"Home\",\"item\":\"https:\\\/\\\/candas365.es\\\/noticias\",\"nextItem\":{\"@type\":\"ListItem\",\"@id\":\"https:\\\/\\\/candas365.es\\\/noticias\\\/category\\\/actualidad\\\/#listItem\",\"name\":\"Actualidad\"}},{\"@type\":\"ListItem\",\"@id\":\"https:\\\/\\\/candas365.es\\\/noticias\\\/category\\\/actualidad\\\/#listItem\",\"position\":2,\"name\":\"Actualidad\",\"item\":\"https:\\\/\\\/candas365.es\\\/noticias\\\/category\\\/actualidad\\\/\",\"nextItem\":{\"@type\":\"ListItem\",\"@id\":\"https:\\\/\\\/candas365.es\\\/noticias\\\/ministro-de-economia-aleman-ve-posible-renegociar-acuerdo-con-canada\\\/#listItem\",\"name\":\"Ministro de Econom\\u00eda alem\\u00e1n ve posible renegociar acuerdo con Canad\\u00e1\"},\"previousItem\":{\"@type\":\"ListItem\",\"@id\":\"https:\\\/\\\/candas365.es\\\/noticias#listItem\",\"name\":\"Home\"}},{\"@type\":\"ListItem\",\"@id\":\"https:\\\/\\\/candas365.es\\\/noticias\\\/ministro-de-economia-aleman-ve-posible-renegociar-acuerdo-con-canada\\\/#listItem\",\"position\":3,\"name\":\"Ministro de Econom\\u00eda alem\\u00e1n ve posible renegociar acuerdo con Canad\\u00e1\",\"previousItem\":{\"@type\":\"ListItem\",\"@id\":\"https:\\\/\\\/candas365.es\\\/noticias\\\/category\\\/actualidad\\\/#listItem\",\"name\":\"Actualidad\"}}]},{\"@type\":\"NewsArticle\",\"@id\":\"https:\\\/\\\/candas365.es\\\/noticias\\\/ministro-de-economia-aleman-ve-posible-renegociar-acuerdo-con-canada\\\/#newsarticle\",\"name\":\"Ministro de Econom\\u00eda alem\\u00e1n ve posible renegociar acuerdo con Canad\\u00e1 | Cand\\u00e1s 365\",\"headline\":\"Ministro de Econom\\u00eda alem\\u00e1n ve posible renegociar acuerdo con Canad\\u00e1\",\"author\":{\"@id\":\"https:\\\/\\\/candas365.es\\\/noticias\\\/author\\\/admin\\\/#author\"},\"publisher\":{\"@id\":\"https:\\\/\\\/candas365.es\\\/noticias\\\/#organization\"},\"image\":{\"@type\":\"ImageObject\",\"url\":\"https:\\\/\\\/candas365.es\\\/noticias\\\/wp-content\\\/uploads\\\/2015\\\/09\\\/c365noticias.jpg\",\"width\":655,\"height\":360},\"datePublished\":\"2016-10-22T19:38:36+02:00\",\"dateModified\":\"2016-10-22T19:38:36+02:00\",\"inLanguage\":\"es-ES\",\"mainEntityOfPage\":{\"@id\":\"https:\\\/\\\/candas365.es\\\/noticias\\\/ministro-de-economia-aleman-ve-posible-renegociar-acuerdo-con-canada\\\/#webpage\"},\"isPartOf\":{\"@id\":\"https:\\\/\\\/candas365.es\\\/noticias\\\/ministro-de-economia-aleman-ve-posible-renegociar-acuerdo-con-canada\\\/#webpage\"},\"articleSection\":\"Actualidad\",\"dateline\":\"Publicado el octubre 22, 2016.\"},{\"@type\":\"Organization\",\"@id\":\"https:\\\/\\\/candas365.es\\\/noticias\\\/#organization\",\"name\":\"Cand\\u00e1s 365\",\"description\":\"Cand\\u00e1s 365 es un diario digital independiente, fundado en 2012, con base en Asturias. Informamos con rigor sobre actualidad, sociedad, cultura y ocio, con una mirada local y global.\",\"url\":\"https:\\\/\\\/candas365.es\\\/noticias\\\/\",\"email\":\"info@candas365.es\",\"telephone\":\"+34652131393\",\"foundingDate\":\"2012-06-10\",\"logo\":{\"@type\":\"ImageObject\",\"url\":\"https:\\\/\\\/candas365.es\\\/noticias\\\/wp-content\\\/uploads\\\/2024\\\/09\\\/Candas-365-Redes.jpg\",\"@id\":\"https:\\\/\\\/candas365.es\\\/noticias\\\/ministro-de-economia-aleman-ve-posible-renegociar-acuerdo-con-canada\\\/#organizationLogo\",\"width\":1152,\"height\":864,\"caption\":\"Cand\\u00e1s 365 Redes\"},\"image\":{\"@id\":\"https:\\\/\\\/candas365.es\\\/noticias\\\/ministro-de-economia-aleman-ve-posible-renegociar-acuerdo-con-canada\\\/#organizationLogo\"},\"sameAs\":[\"https:\\\/\\\/www.facebook.com\\\/Nachofdezber\",\"https:\\\/\\\/x.com\\\/NabercoDigital\",\"https:\\\/\\\/www.instagram.com\\\/nachofdezber\\\/\",\"https:\\\/\\\/www.youtube.com\\\/channel\\\/UCZP-2wLEB9Rv6erhFmqVnvg\"],\"address\":{\"@id\":\"https:\\\/\\\/candas365.es\\\/noticias\\\/#postaladdress\",\"@type\":\"PostalAddress\",\"streetAddress\":\"san antonio 4, san antonio 4\",\"postalCode\":\"33430\",\"addressLocality\":\"Cand\\u00e1s\",\"addressRegion\":\"Asturias\",\"addressCountry\":\"ES\"}},{\"@type\":\"Person\",\"@id\":\"https:\\\/\\\/candas365.es\\\/noticias\\\/author\\\/admin\\\/#author\",\"url\":\"https:\\\/\\\/candas365.es\\\/noticias\\\/author\\\/admin\\\/\",\"name\":\"Cand\\u00e1s 365\",\"image\":{\"@type\":\"ImageObject\",\"@id\":\"https:\\\/\\\/candas365.es\\\/noticias\\\/ministro-de-economia-aleman-ve-posible-renegociar-acuerdo-con-canada\\\/#authorImage\",\"url\":\"https:\\\/\\\/secure.gravatar.com\\\/avatar\\\/496a8e03d0c493ede1718b7934145dbdf8d89be1036b0eec9544e1094c9de390?s=96&d=mm&r=g\",\"width\":96,\"height\":96,\"caption\":\"Cand\\u00e1s 365\"},\"sameAs\":[\"https:\\\/\\\/www.facebook.com\\\/carrenoactualidad\",\"https:\\\/\\\/twitter.com\\\/nbasturias\",\"https:\\\/\\\/www.instagram.com\\\/nachofdezber\\\/\",\"https:\\\/\\\/www.youtube.com\\\/channel\\\/UCZP-2wLEB9Rv6erhFmqVnvg\"]},{\"@type\":\"WebPage\",\"@id\":\"https:\\\/\\\/candas365.es\\\/noticias\\\/ministro-de-economia-aleman-ve-posible-renegociar-acuerdo-con-canada\\\/#webpage\",\"url\":\"https:\\\/\\\/candas365.es\\\/noticias\\\/ministro-de-economia-aleman-ve-posible-renegociar-acuerdo-con-canada\\\/\",\"name\":\"Ministro de Econom\\u00eda alem\\u00e1n ve posible renegociar acuerdo con Canad\\u00e1 | Cand\\u00e1s 365\",\"description\":\"Berl\\u00edn, 22 oct (dpa) - El ministro de Econom\\u00eda y vicecanciller de Alemania, el socialdem\\u00f3crata Sigmar Gabriel, considera que todav\\u00eda existen buenas posibilidades para retomar las negociaciones del acuerdo de libre comercio entre la Uni\\u00f3n Europea (UE) y Canad\\u00e1, conocido como CETA, inform\\u00f3 hoy el departamento que dirige. Seg\\u00fan el pol\\u00edtico, el encuentro mantenido hoy\",\"inLanguage\":\"es-ES\",\"isPartOf\":{\"@id\":\"https:\\\/\\\/candas365.es\\\/noticias\\\/#website\"},\"breadcrumb\":{\"@id\":\"https:\\\/\\\/candas365.es\\\/noticias\\\/ministro-de-economia-aleman-ve-posible-renegociar-acuerdo-con-canada\\\/#breadcrumblist\"},\"author\":{\"@id\":\"https:\\\/\\\/candas365.es\\\/noticias\\\/author\\\/admin\\\/#author\"},\"creator\":{\"@id\":\"https:\\\/\\\/candas365.es\\\/noticias\\\/author\\\/admin\\\/#author\"},\"image\":{\"@type\":\"ImageObject\",\"url\":\"https:\\\/\\\/candas365.es\\\/noticias\\\/wp-content\\\/uploads\\\/2015\\\/09\\\/c365noticias.jpg\",\"@id\":\"https:\\\/\\\/candas365.es\\\/noticias\\\/ministro-de-economia-aleman-ve-posible-renegociar-acuerdo-con-canada\\\/#mainImage\",\"width\":655,\"height\":360},\"primaryImageOfPage\":{\"@id\":\"https:\\\/\\\/candas365.es\\\/noticias\\\/ministro-de-economia-aleman-ve-posible-renegociar-acuerdo-con-canada\\\/#mainImage\"},\"datePublished\":\"2016-10-22T19:38:36+02:00\",\"dateModified\":\"2016-10-22T19:38:36+02:00\"},{\"@type\":\"WebSite\",\"@id\":\"https:\\\/\\\/candas365.es\\\/noticias\\\/#website\",\"url\":\"https:\\\/\\\/candas365.es\\\/noticias\\\/\",\"name\":\"Cand\\u00e1s 365\",\"alternateName\":\"Cand\\u00e1s 365 Noticias\",\"description\":\"Actualidad desde Carre\\u00f1o para el mundo\",\"inLanguage\":\"es-ES\",\"publisher\":{\"@id\":\"https:\\\/\\\/candas365.es\\\/noticias\\\/#organization\"}}]}\n\t\t<\/script>\n\t\t<!-- All in One SEO Pro -->\r\n\t\t<title>Ministro de Econom\u00eda alem\u00e1n ve posible renegociar acuerdo con Canad\u00e1 | Cand\u00e1s 365<\/title>\n\n","aioseo_head_json":{"title":"Ministro de Econom\u00eda alem\u00e1n ve posible renegociar acuerdo con Canad\u00e1 | Cand\u00e1s 365","description":"Berl\u00edn, 22 oct (dpa) - El ministro de Econom\u00eda y vicecanciller de Alemania, el socialdem\u00f3crata Sigmar Gabriel, considera que todav\u00eda existen buenas posibilidades para retomar las negociaciones del acuerdo de libre comercio entre la Uni\u00f3n Europea (UE) y Canad\u00e1, conocido como CETA, inform\u00f3 hoy el departamento que dirige. Seg\u00fan el pol\u00edtico, el encuentro mantenido hoy","canonical_url":"https:\/\/candas365.es\/noticias\/ministro-de-economia-aleman-ve-posible-renegociar-acuerdo-con-canada\/","robots":"max-image-preview:large","keywords":"actualidad","webmasterTools":{"google-site-verification":"UA-32230408-1","msvalidate.01":"354F3CDFB2DA171B47FBE9ABF1F88D5","miscellaneous":""},"schema":{"@context":"https:\/\/schema.org","@graph":[{"@type":"BreadcrumbList","@id":"https:\/\/candas365.es\/noticias\/ministro-de-economia-aleman-ve-posible-renegociar-acuerdo-con-canada\/#breadcrumblist","itemListElement":[{"@type":"ListItem","@id":"https:\/\/candas365.es\/noticias#listItem","position":1,"name":"Home","item":"https:\/\/candas365.es\/noticias","nextItem":{"@type":"ListItem","@id":"https:\/\/candas365.es\/noticias\/category\/actualidad\/#listItem","name":"Actualidad"}},{"@type":"ListItem","@id":"https:\/\/candas365.es\/noticias\/category\/actualidad\/#listItem","position":2,"name":"Actualidad","item":"https:\/\/candas365.es\/noticias\/category\/actualidad\/","nextItem":{"@type":"ListItem","@id":"https:\/\/candas365.es\/noticias\/ministro-de-economia-aleman-ve-posible-renegociar-acuerdo-con-canada\/#listItem","name":"Ministro de Econom\u00eda alem\u00e1n ve posible renegociar acuerdo con Canad\u00e1"},"previousItem":{"@type":"ListItem","@id":"https:\/\/candas365.es\/noticias#listItem","name":"Home"}},{"@type":"ListItem","@id":"https:\/\/candas365.es\/noticias\/ministro-de-economia-aleman-ve-posible-renegociar-acuerdo-con-canada\/#listItem","position":3,"name":"Ministro de Econom\u00eda alem\u00e1n ve posible renegociar acuerdo con Canad\u00e1","previousItem":{"@type":"ListItem","@id":"https:\/\/candas365.es\/noticias\/category\/actualidad\/#listItem","name":"Actualidad"}}]},{"@type":"NewsArticle","@id":"https:\/\/candas365.es\/noticias\/ministro-de-economia-aleman-ve-posible-renegociar-acuerdo-con-canada\/#newsarticle","name":"Ministro de Econom\u00eda alem\u00e1n ve posible renegociar acuerdo con Canad\u00e1 | Cand\u00e1s 365","headline":"Ministro de Econom\u00eda alem\u00e1n ve posible renegociar acuerdo con Canad\u00e1","author":{"@id":"https:\/\/candas365.es\/noticias\/author\/admin\/#author"},"publisher":{"@id":"https:\/\/candas365.es\/noticias\/#organization"},"image":{"@type":"ImageObject","url":"https:\/\/candas365.es\/noticias\/wp-content\/uploads\/2015\/09\/c365noticias.jpg","width":655,"height":360},"datePublished":"2016-10-22T19:38:36+02:00","dateModified":"2016-10-22T19:38:36+02:00","inLanguage":"es-ES","mainEntityOfPage":{"@id":"https:\/\/candas365.es\/noticias\/ministro-de-economia-aleman-ve-posible-renegociar-acuerdo-con-canada\/#webpage"},"isPartOf":{"@id":"https:\/\/candas365.es\/noticias\/ministro-de-economia-aleman-ve-posible-renegociar-acuerdo-con-canada\/#webpage"},"articleSection":"Actualidad","dateline":"Publicado el octubre 22, 2016."},{"@type":"Organization","@id":"https:\/\/candas365.es\/noticias\/#organization","name":"Cand\u00e1s 365","description":"Cand\u00e1s 365 es un diario digital independiente, fundado en 2012, con base en Asturias. Informamos con rigor sobre actualidad, sociedad, cultura y ocio, con una mirada local y global.","url":"https:\/\/candas365.es\/noticias\/","email":"info@candas365.es","telephone":"+34652131393","foundingDate":"2012-06-10","logo":{"@type":"ImageObject","url":"https:\/\/candas365.es\/noticias\/wp-content\/uploads\/2024\/09\/Candas-365-Redes.jpg","@id":"https:\/\/candas365.es\/noticias\/ministro-de-economia-aleman-ve-posible-renegociar-acuerdo-con-canada\/#organizationLogo","width":1152,"height":864,"caption":"Cand\u00e1s 365 Redes"},"image":{"@id":"https:\/\/candas365.es\/noticias\/ministro-de-economia-aleman-ve-posible-renegociar-acuerdo-con-canada\/#organizationLogo"},"sameAs":["https:\/\/www.facebook.com\/Nachofdezber","https:\/\/x.com\/NabercoDigital","https:\/\/www.instagram.com\/nachofdezber\/","https:\/\/www.youtube.com\/channel\/UCZP-2wLEB9Rv6erhFmqVnvg"],"address":{"@id":"https:\/\/candas365.es\/noticias\/#postaladdress","@type":"PostalAddress","streetAddress":"san antonio 4, san antonio 4","postalCode":"33430","addressLocality":"Cand\u00e1s","addressRegion":"Asturias","addressCountry":"ES"}},{"@type":"Person","@id":"https:\/\/candas365.es\/noticias\/author\/admin\/#author","url":"https:\/\/candas365.es\/noticias\/author\/admin\/","name":"Cand\u00e1s 365","image":{"@type":"ImageObject","@id":"https:\/\/candas365.es\/noticias\/ministro-de-economia-aleman-ve-posible-renegociar-acuerdo-con-canada\/#authorImage","url":"https:\/\/secure.gravatar.com\/avatar\/496a8e03d0c493ede1718b7934145dbdf8d89be1036b0eec9544e1094c9de390?s=96&d=mm&r=g","width":96,"height":96,"caption":"Cand\u00e1s 365"},"sameAs":["https:\/\/www.facebook.com\/carrenoactualidad","https:\/\/twitter.com\/nbasturias","https:\/\/www.instagram.com\/nachofdezber\/","https:\/\/www.youtube.com\/channel\/UCZP-2wLEB9Rv6erhFmqVnvg"]},{"@type":"WebPage","@id":"https:\/\/candas365.es\/noticias\/ministro-de-economia-aleman-ve-posible-renegociar-acuerdo-con-canada\/#webpage","url":"https:\/\/candas365.es\/noticias\/ministro-de-economia-aleman-ve-posible-renegociar-acuerdo-con-canada\/","name":"Ministro de Econom\u00eda alem\u00e1n ve posible renegociar acuerdo con Canad\u00e1 | Cand\u00e1s 365","description":"Berl\u00edn, 22 oct (dpa) - El ministro de Econom\u00eda y vicecanciller de Alemania, el socialdem\u00f3crata Sigmar Gabriel, considera que todav\u00eda existen buenas posibilidades para retomar las negociaciones del acuerdo de libre comercio entre la Uni\u00f3n Europea (UE) y Canad\u00e1, conocido como CETA, inform\u00f3 hoy el departamento que dirige. Seg\u00fan el pol\u00edtico, el encuentro mantenido hoy","inLanguage":"es-ES","isPartOf":{"@id":"https:\/\/candas365.es\/noticias\/#website"},"breadcrumb":{"@id":"https:\/\/candas365.es\/noticias\/ministro-de-economia-aleman-ve-posible-renegociar-acuerdo-con-canada\/#breadcrumblist"},"author":{"@id":"https:\/\/candas365.es\/noticias\/author\/admin\/#author"},"creator":{"@id":"https:\/\/candas365.es\/noticias\/author\/admin\/#author"},"image":{"@type":"ImageObject","url":"https:\/\/candas365.es\/noticias\/wp-content\/uploads\/2015\/09\/c365noticias.jpg","@id":"https:\/\/candas365.es\/noticias\/ministro-de-economia-aleman-ve-posible-renegociar-acuerdo-con-canada\/#mainImage","width":655,"height":360},"primaryImageOfPage":{"@id":"https:\/\/candas365.es\/noticias\/ministro-de-economia-aleman-ve-posible-renegociar-acuerdo-con-canada\/#mainImage"},"datePublished":"2016-10-22T19:38:36+02:00","dateModified":"2016-10-22T19:38:36+02:00"},{"@type":"WebSite","@id":"https:\/\/candas365.es\/noticias\/#website","url":"https:\/\/candas365.es\/noticias\/","name":"Cand\u00e1s 365","alternateName":"Cand\u00e1s 365 Noticias","description":"Actualidad desde Carre\u00f1o para el mundo","inLanguage":"es-ES","publisher":{"@id":"https:\/\/candas365.es\/noticias\/#organization"}}]},"og:locale":"es_ES","og:site_name":"Cand\u00e1s 365","og:type":"article","og:title":"Ministro de Econom\u00eda alem\u00e1n ve posible renegociar acuerdo con Canad\u00e1 | Cand\u00e1s 365","og:description":"Berl\u00edn, 22 oct (dpa) - El ministro de Econom\u00eda y vicecanciller de Alemania, el socialdem\u00f3crata Sigmar Gabriel, considera que todav\u00eda existen buenas posibilidades para retomar las negociaciones del acuerdo de libre comercio entre la Uni\u00f3n Europea (UE) y Canad\u00e1, conocido como CETA, inform\u00f3 hoy el departamento que dirige. Seg\u00fan el pol\u00edtico, el encuentro mantenido hoy","og:url":"https:\/\/candas365.es\/noticias\/ministro-de-economia-aleman-ve-posible-renegociar-acuerdo-con-canada\/","og:image":"https:\/\/candas365.es\/noticias\/wp-content\/uploads\/2015\/09\/c365noticias.jpg","og:image:secure_url":"https:\/\/candas365.es\/noticias\/wp-content\/uploads\/2015\/09\/c365noticias.jpg","og:image:width":655,"og:image:height":360,"article:published_time":"2016-10-22T18:08:36+00:00","article:modified_time":"2016-10-22T18:08:36+00:00","article:publisher":"https:\/\/www.facebook.com\/Nachofdezber","article:author":"https:\/\/www.facebook.com\/carrenoactualidad","twitter:card":"summary_large_image","twitter:site":"@NabercoDigital","twitter:title":"Ministro de Econom\u00eda alem\u00e1n ve posible renegociar acuerdo con Canad\u00e1 | Cand\u00e1s 365","twitter:description":"Berl\u00edn, 22 oct (dpa) - El ministro de Econom\u00eda y vicecanciller de Alemania, el socialdem\u00f3crata Sigmar Gabriel, considera que todav\u00eda existen buenas posibilidades para retomar las negociaciones del acuerdo de libre comercio entre la Uni\u00f3n Europea (UE) y Canad\u00e1, conocido como CETA, inform\u00f3 hoy el departamento que dirige. Seg\u00fan el pol\u00edtico, el encuentro mantenido hoy","twitter:creator":"@nbasturias","twitter:image":"https:\/\/candas365.es\/noticias\/wp-content\/uploads\/2015\/09\/c365noticias.jpg","twitter:label1":"Escrito por","twitter:data1":"Cand\u00e1s 365","twitter:label2":"Tiempo de lectura estimado","twitter:data2":"1 minuto"},"aioseo_meta_data":{"post_id":"34568","title":null,"description":null,"keywords":null,"keyphrases":null,"primary_term":null,"canonical_url":null,"og_title":null,"og_description":null,"og_object_type":"default","og_image_type":"default","og_image_url":null,"og_image_width":null,"og_image_height":null,"og_image_custom_url":null,"og_image_custom_fields":null,"og_video":null,"og_custom_url":null,"og_article_section":null,"og_article_tags":null,"twitter_use_og":false,"twitter_card":"default","twitter_image_type":"default","twitter_image_url":null,"twitter_image_custom_url":null,"twitter_image_custom_fields":null,"twitter_title":null,"twitter_description":null,"schema":{"blockGraphs":[],"customGraphs":[],"default":{"data":{"Article":[],"Course":[],"Dataset":[],"FAQPage":[],"Movie":[],"Person":[],"Product":[],"ProductReview":[],"Car":[],"Recipe":[],"Service":[],"SoftwareApplication":[],"WebPage":[]},"graphName":"","isEnabled":true},"graphs":[],"defaultGraph":"","defaultPostTypeGraph":""},"schema_type":null,"schema_type_options":null,"pillar_content":false,"robots_default":true,"robots_noindex":false,"robots_noarchive":false,"robots_nosnippet":false,"robots_nofollow":false,"robots_noimageindex":false,"robots_noodp":false,"robots_notranslate":false,"robots_max_snippet":null,"robots_max_videopreview":null,"robots_max_imagepreview":"large","priority":null,"frequency":null,"location":null,"local_seo":null,"seo_analyzer_scan_date":"2025-08-24 18:01:54","breadcrumb_settings":null,"limit_modified_date":false,"reviewed_by":null,"open_ai":null,"ai":null,"created":"2020-12-21 11:31:36","updated":"2025-08-24 18:01:54"},"aioseo_breadcrumb":"<div class=\"aioseo-breadcrumbs\"><span class=\"aioseo-breadcrumb\">\n\t<a href=\"https:\/\/candas365.es\/noticias\" title=\"Home\">Home<\/a>\n<\/span><span class=\"aioseo-breadcrumb-separator\">&ndash;<\/span><span class=\"aioseo-breadcrumb\">\n\t<a href=\"https:\/\/candas365.es\/noticias\/category\/actualidad\/\" title=\"Actualidad\">Actualidad<\/a>\n<\/span><span class=\"aioseo-breadcrumb-separator\">&ndash;<\/span><span class=\"aioseo-breadcrumb\">\n\tMinistro de Econom\u00eda alem\u00e1n ve posible renegociar acuerdo con Canad\u00e1\n<\/span><\/div>","aioseo_breadcrumb_json":[{"label":"Home","link":"https:\/\/candas365.es\/noticias"},{"label":"Actualidad","link":"https:\/\/candas365.es\/noticias\/category\/actualidad\/"},{"label":"Ministro de Econom\u00eda alem\u00e1n ve posible renegociar acuerdo con Canad\u00e1","link":"https:\/\/candas365.es\/noticias\/ministro-de-economia-aleman-ve-posible-renegociar-acuerdo-con-canada\/"}],"_links":{"self":[{"href":"https:\/\/candas365.es\/noticias\/wp-json\/wp\/v2\/posts\/34568","targetHints":{"allow":["GET"]}}],"collection":[{"href":"https:\/\/candas365.es\/noticias\/wp-json\/wp\/v2\/posts"}],"about":[{"href":"https:\/\/candas365.es\/noticias\/wp-json\/wp\/v2\/types\/post"}],"author":[{"embeddable":true,"href":"https:\/\/candas365.es\/noticias\/wp-json\/wp\/v2\/users\/1"}],"replies":[{"embeddable":true,"href":"https:\/\/candas365.es\/noticias\/wp-json\/wp\/v2\/comments?post=34568"}],"version-history":[{"count":0,"href":"https:\/\/candas365.es\/noticias\/wp-json\/wp\/v2\/posts\/34568\/revisions"}],"wp:featuredmedia":[{"embeddable":true,"href":"https:\/\/candas365.es\/noticias\/wp-json\/wp\/v2\/media\/16457"}],"wp:attachment":[{"href":"https:\/\/candas365.es\/noticias\/wp-json\/wp\/v2\/media?parent=34568"}],"wp:term":[{"taxonomy":"category","embeddable":true,"href":"https:\/\/candas365.es\/noticias\/wp-json\/wp\/v2\/categories?post=34568"},{"taxonomy":"post_tag","embeddable":true,"href":"https:\/\/candas365.es\/noticias\/wp-json\/wp\/v2\/tags?post=34568"}],"curies":[{"name":"wp","href":"https:\/\/api.w.org\/{rel}","templated":true}]}}