{"id":34566,"date":"2016-10-22T19:37:44","date_gmt":"2016-10-22T18:07:44","guid":{"rendered":"http:\/\/candas365.es\/noticias\/?p=34566"},"modified":"2016-10-22T19:37:44","modified_gmt":"2016-10-22T18:07:44","slug":"esa-reconoce-que-modulo-schiaparelli-se-estrello-en-marte","status":"publish","type":"post","link":"https:\/\/candas365.es\/noticias\/esa-reconoce-que-modulo-schiaparelli-se-estrello-en-marte\/","title":{"rendered":"ESA reconoce que m\u00f3dulo \u00abSchiaparelli\u00bb se estrell\u00f3 en Marte"},"content":{"rendered":"<p>Darmstadt (Alemania), 22 oct (dpa) &#8211; El m\u00f3dulo \u00abSchiaparelli\u00bb de la misi\u00f3n ExoMars se estrell\u00f3 en Marte, planeta al que lleg\u00f3 a una velocidad demasiado alta de m\u00e1s de m\u00e1s de 300 kil\u00f3metros por hora, inform\u00f3 el centro de control en la ciudad alemana de Darmstadt.<\/p>\n<p>La misi\u00f3n ExoMars, que la Agencia Espacial Europea (ESA) lleva a cabo en cooperaci\u00f3n con la agencia rusa Roscosmos, ten\u00eda como fin buscar vida en Marte. \u00abEs triste, pero comprobamos que la sonda no aterriz\u00f3 exitosamente\u00bb, dijo Jan W\u00f6rner, jefe da la ESA, a dpa. A\u00f1adi\u00f3 que incluso es posible que el m\u00f3dulo explotara en el aterrizaje con los tanques llenos.<\/p>\n<p>El contacto con el m\u00f3dulo, de 600 kilos de peso, se hab\u00eda perdido el jueves unos 50 segundos antes del aterrizaje. Luego llegaron a trav\u00e9s de la sonda madre muchos datos de la cr\u00edtica fase de descenso, pero que en principio no arrojaron mucha claridad.<\/p>\n<p>W\u00f6rner subray\u00f3 que la sonda madre \u00abTrace Gas Orbiter\u00bb (TGO) est\u00e1 volando alrededor de Marte, como estaba previsto . \u00abNo es un \u00e9xito del 100 por ciento, pero se le acerca\u00bb, dijo.<\/p>\n<p>Los investigadores tambi\u00e9n obtuvieron datos con ayuda de la sonda espacial \u00abMars Reconnaissance Orbiter\u00bb (MRO) de la agencia espacial estadounidense NASA. En las im\u00e1genes reconocieron dos nuevos puntos: uno blanco, que probablemente corresponda al paraca\u00eddas de freno de \u00abSchiaparelli\u00bb, y uno grande y oscuro. Este es de unos 15 metros de largo y 40 de ancho y podr\u00eda ser material de la superficie que giraba en remolinos en el aire tras la colisi\u00f3n.<\/p>\n<p>W\u00f6rner explic\u00f3 que TGO es la verdadera sonda cient\u00edfica y que estaba volando de acuerdo con lo previsto. En principio, buscar\u00e1 metano en la atm\u00f3sfera de Marte. En segundo lugar, sirve como estaci\u00f3n de apoyo para los datos cuando sea enviado un veh\u00edculo a Marte en la pr\u00f3xima misi\u00f3n para perforar la superficie. \u00abSchiaparelli\u00bb era una sonda de prueba precursora.<\/p>\n<p>Sin embargo, muchas cosas salieron como estaba previsto con \u00abSchiaparelli\u00bb: el paraca\u00eddas se abri\u00f3 y logr\u00f3 junto con el escudo t\u00e9rmico y la delgada atm\u00f3sfera que el m\u00f3dulo frenara desde unos 21.000 kil\u00f3metros por hora a 300 kil\u00f3metros por hora. Tambi\u00e9n prendieron los motores, pero se apagaron demasiado r\u00e1pido.<\/p>\n<p>Los investigadores esperan ahora obtener m\u00e1s informaci\u00f3n de la evaluaci\u00f3n de datos de descenso de la sonda de prueba. En total, fueron transmitidos 600 megabytes de datos. En la pr\u00f3xima semana tambi\u00e9n recibir\u00e1n im\u00e1genes de la c\u00e1mara de alta definici\u00f3n a bordo de a MRO. Las actuales im\u00e1genes s\u00f3lo tienen una definici\u00f3n de seis metros por pixel. Tambi\u00e9n esperan encontrar el escudo t\u00e9rmico que se desprendi\u00f3 seg\u00fan lo previsto a gran altura. <\/p>\n","protected":false},"excerpt":{"rendered":"<p>Darmstadt (Alemania), 22 oct (dpa) &#8211; El m\u00f3dulo \u00abSchiaparelli\u00bb de la misi\u00f3n ExoMars se estrell\u00f3 en Marte, planeta al que lleg\u00f3 a una velocidad demasiado alta de m\u00e1s de m\u00e1s de 300 kil\u00f3metros por hora, inform\u00f3 el centro de control en la ciudad alemana de Darmstadt. La misi\u00f3n ExoMars, que la Agencia Espacial Europea (ESA)<\/p>\n","protected":false},"author":1,"featured_media":16457,"comment_status":"closed","ping_status":"closed","sticky":false,"template":"","format":"standard","meta":{"footnotes":""},"categories":[343],"tags":[],"class_list":{"0":"post-34566","1":"post","2":"type-post","3":"status-publish","4":"format-standard","5":"has-post-thumbnail","7":"category-actualidad"},"aioseo_notices":[],"aioseo_head":"\n\t\t<!-- All in One SEO Pro 4.9.6.2 - aioseo.com -->\n\t<meta name=\"description\" content=\"Darmstadt (Alemania), 22 oct (dpa) - El m\u00f3dulo &quot;Schiaparelli&quot; de la misi\u00f3n ExoMars se estrell\u00f3 en Marte, planeta al que lleg\u00f3 a una velocidad demasiado alta de m\u00e1s de m\u00e1s de 300 kil\u00f3metros por hora, inform\u00f3 el centro de control en la ciudad alemana de Darmstadt. La misi\u00f3n ExoMars, que la Agencia Espacial Europea (ESA)\" \/>\n\t<meta name=\"robots\" content=\"max-image-preview:large\" \/>\n\t<meta name=\"author\" content=\"Cand\u00e1s 365\"\/>\n\t<meta name=\"google-site-verification\" content=\"UA-32230408-1\" \/>\n\t<meta name=\"msvalidate.01\" content=\"354F3CDFB2DA171B47FBE9ABF1F88D5\" \/>\n\t<meta name=\"keywords\" content=\"actualidad\" \/>\n\t<link rel=\"canonical\" href=\"https:\/\/candas365.es\/noticias\/esa-reconoce-que-modulo-schiaparelli-se-estrello-en-marte\/\" \/>\n\t<meta name=\"generator\" content=\"All in One SEO Pro (AIOSEO) 4.9.6.2\" \/>\n\t\t<meta property=\"og:locale\" content=\"es_ES\" \/>\n\t\t<meta property=\"og:site_name\" content=\"Cand\u00e1s 365\" \/>\n\t\t<meta property=\"og:type\" content=\"article\" \/>\n\t\t<meta property=\"og:title\" content=\"ESA reconoce que m\u00f3dulo \u00abSchiaparelli\u00bb se estrell\u00f3 en Marte | Cand\u00e1s 365\" \/>\n\t\t<meta property=\"og:description\" content=\"Darmstadt (Alemania), 22 oct (dpa) - El m\u00f3dulo &quot;Schiaparelli&quot; de la misi\u00f3n ExoMars se estrell\u00f3 en Marte, planeta al que lleg\u00f3 a una velocidad demasiado alta de m\u00e1s de m\u00e1s de 300 kil\u00f3metros por hora, inform\u00f3 el centro de control en la ciudad alemana de Darmstadt. La misi\u00f3n ExoMars, que la Agencia Espacial Europea (ESA)\" \/>\n\t\t<meta property=\"og:url\" content=\"https:\/\/candas365.es\/noticias\/esa-reconoce-que-modulo-schiaparelli-se-estrello-en-marte\/\" \/>\n\t\t<meta property=\"og:image\" content=\"https:\/\/candas365.es\/noticias\/wp-content\/uploads\/2015\/09\/c365noticias.jpg\" \/>\n\t\t<meta property=\"og:image:secure_url\" content=\"https:\/\/candas365.es\/noticias\/wp-content\/uploads\/2015\/09\/c365noticias.jpg\" \/>\n\t\t<meta property=\"og:image:width\" content=\"655\" \/>\n\t\t<meta property=\"og:image:height\" content=\"360\" \/>\n\t\t<meta property=\"article:published_time\" content=\"2016-10-22T18:07:44+00:00\" \/>\n\t\t<meta property=\"article:modified_time\" content=\"2016-10-22T18:07:44+00:00\" \/>\n\t\t<meta property=\"article:publisher\" content=\"https:\/\/www.facebook.com\/Nachofdezber\" \/>\n\t\t<meta property=\"article:author\" content=\"https:\/\/www.facebook.com\/carrenoactualidad\" \/>\n\t\t<meta name=\"twitter:card\" content=\"summary_large_image\" \/>\n\t\t<meta name=\"twitter:site\" content=\"@NabercoDigital\" \/>\n\t\t<meta name=\"twitter:title\" content=\"ESA reconoce que m\u00f3dulo \u00abSchiaparelli\u00bb se estrell\u00f3 en Marte | Cand\u00e1s 365\" \/>\n\t\t<meta name=\"twitter:description\" content=\"Darmstadt (Alemania), 22 oct (dpa) - El m\u00f3dulo &quot;Schiaparelli&quot; de la misi\u00f3n ExoMars se estrell\u00f3 en Marte, planeta al que lleg\u00f3 a una velocidad demasiado alta de m\u00e1s de m\u00e1s de 300 kil\u00f3metros por hora, inform\u00f3 el centro de control en la ciudad alemana de Darmstadt. La misi\u00f3n ExoMars, que la Agencia Espacial Europea (ESA)\" \/>\n\t\t<meta name=\"twitter:creator\" content=\"@nbasturias\" \/>\n\t\t<meta name=\"twitter:image\" content=\"https:\/\/candas365.es\/noticias\/wp-content\/uploads\/2015\/09\/c365noticias.jpg\" \/>\n\t\t<meta name=\"twitter:label1\" content=\"Escrito por\" \/>\n\t\t<meta name=\"twitter:data1\" content=\"Cand\u00e1s 365\" \/>\n\t\t<meta name=\"twitter:label2\" content=\"Tiempo de lectura estimado\" \/>\n\t\t<meta name=\"twitter:data2\" content=\"2 minutos\" \/>\n\t\t<script type=\"application\/ld+json\" class=\"aioseo-schema\">\n\t\t\t{\"@context\":\"https:\\\/\\\/schema.org\",\"@graph\":[{\"@type\":\"BreadcrumbList\",\"@id\":\"https:\\\/\\\/candas365.es\\\/noticias\\\/esa-reconoce-que-modulo-schiaparelli-se-estrello-en-marte\\\/#breadcrumblist\",\"itemListElement\":[{\"@type\":\"ListItem\",\"@id\":\"https:\\\/\\\/candas365.es\\\/noticias#listItem\",\"position\":1,\"name\":\"Home\",\"item\":\"https:\\\/\\\/candas365.es\\\/noticias\",\"nextItem\":{\"@type\":\"ListItem\",\"@id\":\"https:\\\/\\\/candas365.es\\\/noticias\\\/category\\\/actualidad\\\/#listItem\",\"name\":\"Actualidad\"}},{\"@type\":\"ListItem\",\"@id\":\"https:\\\/\\\/candas365.es\\\/noticias\\\/category\\\/actualidad\\\/#listItem\",\"position\":2,\"name\":\"Actualidad\",\"item\":\"https:\\\/\\\/candas365.es\\\/noticias\\\/category\\\/actualidad\\\/\",\"nextItem\":{\"@type\":\"ListItem\",\"@id\":\"https:\\\/\\\/candas365.es\\\/noticias\\\/esa-reconoce-que-modulo-schiaparelli-se-estrello-en-marte\\\/#listItem\",\"name\":\"ESA reconoce que m\\u00f3dulo \\u00abSchiaparelli\\u00bb se estrell\\u00f3 en Marte\"},\"previousItem\":{\"@type\":\"ListItem\",\"@id\":\"https:\\\/\\\/candas365.es\\\/noticias#listItem\",\"name\":\"Home\"}},{\"@type\":\"ListItem\",\"@id\":\"https:\\\/\\\/candas365.es\\\/noticias\\\/esa-reconoce-que-modulo-schiaparelli-se-estrello-en-marte\\\/#listItem\",\"position\":3,\"name\":\"ESA reconoce que m\\u00f3dulo \\u00abSchiaparelli\\u00bb se estrell\\u00f3 en Marte\",\"previousItem\":{\"@type\":\"ListItem\",\"@id\":\"https:\\\/\\\/candas365.es\\\/noticias\\\/category\\\/actualidad\\\/#listItem\",\"name\":\"Actualidad\"}}]},{\"@type\":\"NewsArticle\",\"@id\":\"https:\\\/\\\/candas365.es\\\/noticias\\\/esa-reconoce-que-modulo-schiaparelli-se-estrello-en-marte\\\/#newsarticle\",\"name\":\"ESA reconoce que m\\u00f3dulo \\u00abSchiaparelli\\u00bb se estrell\\u00f3 en Marte | Cand\\u00e1s 365\",\"headline\":\"ESA reconoce que m\\u00f3dulo \\u00abSchiaparelli\\u00bb se estrell\\u00f3 en Marte\",\"author\":{\"@id\":\"https:\\\/\\\/candas365.es\\\/noticias\\\/author\\\/admin\\\/#author\"},\"publisher\":{\"@id\":\"https:\\\/\\\/candas365.es\\\/noticias\\\/#organization\"},\"image\":{\"@type\":\"ImageObject\",\"url\":\"https:\\\/\\\/candas365.es\\\/noticias\\\/wp-content\\\/uploads\\\/2015\\\/09\\\/c365noticias.jpg\",\"width\":655,\"height\":360},\"datePublished\":\"2016-10-22T19:37:44+02:00\",\"dateModified\":\"2016-10-22T19:37:44+02:00\",\"inLanguage\":\"es-ES\",\"mainEntityOfPage\":{\"@id\":\"https:\\\/\\\/candas365.es\\\/noticias\\\/esa-reconoce-que-modulo-schiaparelli-se-estrello-en-marte\\\/#webpage\"},\"isPartOf\":{\"@id\":\"https:\\\/\\\/candas365.es\\\/noticias\\\/esa-reconoce-que-modulo-schiaparelli-se-estrello-en-marte\\\/#webpage\"},\"articleSection\":\"Actualidad\",\"dateline\":\"Publicado el octubre 22, 2016.\"},{\"@type\":\"Organization\",\"@id\":\"https:\\\/\\\/candas365.es\\\/noticias\\\/#organization\",\"name\":\"Cand\\u00e1s 365\",\"description\":\"Cand\\u00e1s 365 es un diario digital independiente, fundado en 2012, con base en Asturias. Informamos con rigor sobre actualidad, sociedad, cultura y ocio, con una mirada local y global.\",\"url\":\"https:\\\/\\\/candas365.es\\\/noticias\\\/\",\"email\":\"info@candas365.es\",\"telephone\":\"+34652131393\",\"foundingDate\":\"2012-06-10\",\"logo\":{\"@type\":\"ImageObject\",\"url\":\"https:\\\/\\\/candas365.es\\\/noticias\\\/wp-content\\\/uploads\\\/2024\\\/09\\\/Candas-365-Redes.jpg\",\"@id\":\"https:\\\/\\\/candas365.es\\\/noticias\\\/esa-reconoce-que-modulo-schiaparelli-se-estrello-en-marte\\\/#organizationLogo\",\"width\":1152,\"height\":864,\"caption\":\"Cand\\u00e1s 365 Redes\"},\"image\":{\"@id\":\"https:\\\/\\\/candas365.es\\\/noticias\\\/esa-reconoce-que-modulo-schiaparelli-se-estrello-en-marte\\\/#organizationLogo\"},\"sameAs\":[\"https:\\\/\\\/www.facebook.com\\\/Nachofdezber\",\"https:\\\/\\\/x.com\\\/NabercoDigital\",\"https:\\\/\\\/www.instagram.com\\\/nachofdezber\\\/\",\"https:\\\/\\\/www.youtube.com\\\/channel\\\/UCZP-2wLEB9Rv6erhFmqVnvg\"],\"address\":{\"@id\":\"https:\\\/\\\/candas365.es\\\/noticias\\\/#postaladdress\",\"@type\":\"PostalAddress\",\"streetAddress\":\"san antonio 4, san antonio 4\",\"postalCode\":\"33430\",\"addressLocality\":\"Cand\\u00e1s\",\"addressRegion\":\"Asturias\",\"addressCountry\":\"ES\"}},{\"@type\":\"Person\",\"@id\":\"https:\\\/\\\/candas365.es\\\/noticias\\\/author\\\/admin\\\/#author\",\"url\":\"https:\\\/\\\/candas365.es\\\/noticias\\\/author\\\/admin\\\/\",\"name\":\"Cand\\u00e1s 365\",\"image\":{\"@type\":\"ImageObject\",\"@id\":\"https:\\\/\\\/candas365.es\\\/noticias\\\/esa-reconoce-que-modulo-schiaparelli-se-estrello-en-marte\\\/#authorImage\",\"url\":\"https:\\\/\\\/secure.gravatar.com\\\/avatar\\\/496a8e03d0c493ede1718b7934145dbdf8d89be1036b0eec9544e1094c9de390?s=96&d=mm&r=g\",\"width\":96,\"height\":96,\"caption\":\"Cand\\u00e1s 365\"},\"sameAs\":[\"https:\\\/\\\/www.facebook.com\\\/carrenoactualidad\",\"https:\\\/\\\/twitter.com\\\/nbasturias\",\"https:\\\/\\\/www.instagram.com\\\/nachofdezber\\\/\",\"https:\\\/\\\/www.youtube.com\\\/channel\\\/UCZP-2wLEB9Rv6erhFmqVnvg\"]},{\"@type\":\"WebPage\",\"@id\":\"https:\\\/\\\/candas365.es\\\/noticias\\\/esa-reconoce-que-modulo-schiaparelli-se-estrello-en-marte\\\/#webpage\",\"url\":\"https:\\\/\\\/candas365.es\\\/noticias\\\/esa-reconoce-que-modulo-schiaparelli-se-estrello-en-marte\\\/\",\"name\":\"ESA reconoce que m\\u00f3dulo \\u00abSchiaparelli\\u00bb se estrell\\u00f3 en Marte | Cand\\u00e1s 365\",\"description\":\"Darmstadt (Alemania), 22 oct (dpa) - El m\\u00f3dulo \\\"Schiaparelli\\\" de la misi\\u00f3n ExoMars se estrell\\u00f3 en Marte, planeta al que lleg\\u00f3 a una velocidad demasiado alta de m\\u00e1s de m\\u00e1s de 300 kil\\u00f3metros por hora, inform\\u00f3 el centro de control en la ciudad alemana de Darmstadt. La misi\\u00f3n ExoMars, que la Agencia Espacial Europea (ESA)\",\"inLanguage\":\"es-ES\",\"isPartOf\":{\"@id\":\"https:\\\/\\\/candas365.es\\\/noticias\\\/#website\"},\"breadcrumb\":{\"@id\":\"https:\\\/\\\/candas365.es\\\/noticias\\\/esa-reconoce-que-modulo-schiaparelli-se-estrello-en-marte\\\/#breadcrumblist\"},\"author\":{\"@id\":\"https:\\\/\\\/candas365.es\\\/noticias\\\/author\\\/admin\\\/#author\"},\"creator\":{\"@id\":\"https:\\\/\\\/candas365.es\\\/noticias\\\/author\\\/admin\\\/#author\"},\"image\":{\"@type\":\"ImageObject\",\"url\":\"https:\\\/\\\/candas365.es\\\/noticias\\\/wp-content\\\/uploads\\\/2015\\\/09\\\/c365noticias.jpg\",\"@id\":\"https:\\\/\\\/candas365.es\\\/noticias\\\/esa-reconoce-que-modulo-schiaparelli-se-estrello-en-marte\\\/#mainImage\",\"width\":655,\"height\":360},\"primaryImageOfPage\":{\"@id\":\"https:\\\/\\\/candas365.es\\\/noticias\\\/esa-reconoce-que-modulo-schiaparelli-se-estrello-en-marte\\\/#mainImage\"},\"datePublished\":\"2016-10-22T19:37:44+02:00\",\"dateModified\":\"2016-10-22T19:37:44+02:00\"},{\"@type\":\"WebSite\",\"@id\":\"https:\\\/\\\/candas365.es\\\/noticias\\\/#website\",\"url\":\"https:\\\/\\\/candas365.es\\\/noticias\\\/\",\"name\":\"Cand\\u00e1s 365\",\"alternateName\":\"Cand\\u00e1s 365 Noticias\",\"description\":\"Actualidad desde Carre\\u00f1o para el mundo\",\"inLanguage\":\"es-ES\",\"publisher\":{\"@id\":\"https:\\\/\\\/candas365.es\\\/noticias\\\/#organization\"}}]}\n\t\t<\/script>\n\t\t<!-- All in One SEO Pro -->\r\n\t\t<title>ESA reconoce que m\u00f3dulo \u00abSchiaparelli\u00bb se estrell\u00f3 en Marte | Cand\u00e1s 365<\/title>\n\n","aioseo_head_json":{"title":"ESA reconoce que m\u00f3dulo \u00abSchiaparelli\u00bb se estrell\u00f3 en Marte | Cand\u00e1s 365","description":"Darmstadt (Alemania), 22 oct (dpa) - El m\u00f3dulo \"Schiaparelli\" de la misi\u00f3n ExoMars se estrell\u00f3 en Marte, planeta al que lleg\u00f3 a una velocidad demasiado alta de m\u00e1s de m\u00e1s de 300 kil\u00f3metros por hora, inform\u00f3 el centro de control en la ciudad alemana de Darmstadt. La misi\u00f3n ExoMars, que la Agencia Espacial Europea (ESA)","canonical_url":"https:\/\/candas365.es\/noticias\/esa-reconoce-que-modulo-schiaparelli-se-estrello-en-marte\/","robots":"max-image-preview:large","keywords":"actualidad","webmasterTools":{"google-site-verification":"UA-32230408-1","msvalidate.01":"354F3CDFB2DA171B47FBE9ABF1F88D5","miscellaneous":""},"schema":{"@context":"https:\/\/schema.org","@graph":[{"@type":"BreadcrumbList","@id":"https:\/\/candas365.es\/noticias\/esa-reconoce-que-modulo-schiaparelli-se-estrello-en-marte\/#breadcrumblist","itemListElement":[{"@type":"ListItem","@id":"https:\/\/candas365.es\/noticias#listItem","position":1,"name":"Home","item":"https:\/\/candas365.es\/noticias","nextItem":{"@type":"ListItem","@id":"https:\/\/candas365.es\/noticias\/category\/actualidad\/#listItem","name":"Actualidad"}},{"@type":"ListItem","@id":"https:\/\/candas365.es\/noticias\/category\/actualidad\/#listItem","position":2,"name":"Actualidad","item":"https:\/\/candas365.es\/noticias\/category\/actualidad\/","nextItem":{"@type":"ListItem","@id":"https:\/\/candas365.es\/noticias\/esa-reconoce-que-modulo-schiaparelli-se-estrello-en-marte\/#listItem","name":"ESA reconoce que m\u00f3dulo \u00abSchiaparelli\u00bb se estrell\u00f3 en Marte"},"previousItem":{"@type":"ListItem","@id":"https:\/\/candas365.es\/noticias#listItem","name":"Home"}},{"@type":"ListItem","@id":"https:\/\/candas365.es\/noticias\/esa-reconoce-que-modulo-schiaparelli-se-estrello-en-marte\/#listItem","position":3,"name":"ESA reconoce que m\u00f3dulo \u00abSchiaparelli\u00bb se estrell\u00f3 en Marte","previousItem":{"@type":"ListItem","@id":"https:\/\/candas365.es\/noticias\/category\/actualidad\/#listItem","name":"Actualidad"}}]},{"@type":"NewsArticle","@id":"https:\/\/candas365.es\/noticias\/esa-reconoce-que-modulo-schiaparelli-se-estrello-en-marte\/#newsarticle","name":"ESA reconoce que m\u00f3dulo \u00abSchiaparelli\u00bb se estrell\u00f3 en Marte | Cand\u00e1s 365","headline":"ESA reconoce que m\u00f3dulo \u00abSchiaparelli\u00bb se estrell\u00f3 en Marte","author":{"@id":"https:\/\/candas365.es\/noticias\/author\/admin\/#author"},"publisher":{"@id":"https:\/\/candas365.es\/noticias\/#organization"},"image":{"@type":"ImageObject","url":"https:\/\/candas365.es\/noticias\/wp-content\/uploads\/2015\/09\/c365noticias.jpg","width":655,"height":360},"datePublished":"2016-10-22T19:37:44+02:00","dateModified":"2016-10-22T19:37:44+02:00","inLanguage":"es-ES","mainEntityOfPage":{"@id":"https:\/\/candas365.es\/noticias\/esa-reconoce-que-modulo-schiaparelli-se-estrello-en-marte\/#webpage"},"isPartOf":{"@id":"https:\/\/candas365.es\/noticias\/esa-reconoce-que-modulo-schiaparelli-se-estrello-en-marte\/#webpage"},"articleSection":"Actualidad","dateline":"Publicado el octubre 22, 2016."},{"@type":"Organization","@id":"https:\/\/candas365.es\/noticias\/#organization","name":"Cand\u00e1s 365","description":"Cand\u00e1s 365 es un diario digital independiente, fundado en 2012, con base en Asturias. Informamos con rigor sobre actualidad, sociedad, cultura y ocio, con una mirada local y global.","url":"https:\/\/candas365.es\/noticias\/","email":"info@candas365.es","telephone":"+34652131393","foundingDate":"2012-06-10","logo":{"@type":"ImageObject","url":"https:\/\/candas365.es\/noticias\/wp-content\/uploads\/2024\/09\/Candas-365-Redes.jpg","@id":"https:\/\/candas365.es\/noticias\/esa-reconoce-que-modulo-schiaparelli-se-estrello-en-marte\/#organizationLogo","width":1152,"height":864,"caption":"Cand\u00e1s 365 Redes"},"image":{"@id":"https:\/\/candas365.es\/noticias\/esa-reconoce-que-modulo-schiaparelli-se-estrello-en-marte\/#organizationLogo"},"sameAs":["https:\/\/www.facebook.com\/Nachofdezber","https:\/\/x.com\/NabercoDigital","https:\/\/www.instagram.com\/nachofdezber\/","https:\/\/www.youtube.com\/channel\/UCZP-2wLEB9Rv6erhFmqVnvg"],"address":{"@id":"https:\/\/candas365.es\/noticias\/#postaladdress","@type":"PostalAddress","streetAddress":"san antonio 4, san antonio 4","postalCode":"33430","addressLocality":"Cand\u00e1s","addressRegion":"Asturias","addressCountry":"ES"}},{"@type":"Person","@id":"https:\/\/candas365.es\/noticias\/author\/admin\/#author","url":"https:\/\/candas365.es\/noticias\/author\/admin\/","name":"Cand\u00e1s 365","image":{"@type":"ImageObject","@id":"https:\/\/candas365.es\/noticias\/esa-reconoce-que-modulo-schiaparelli-se-estrello-en-marte\/#authorImage","url":"https:\/\/secure.gravatar.com\/avatar\/496a8e03d0c493ede1718b7934145dbdf8d89be1036b0eec9544e1094c9de390?s=96&d=mm&r=g","width":96,"height":96,"caption":"Cand\u00e1s 365"},"sameAs":["https:\/\/www.facebook.com\/carrenoactualidad","https:\/\/twitter.com\/nbasturias","https:\/\/www.instagram.com\/nachofdezber\/","https:\/\/www.youtube.com\/channel\/UCZP-2wLEB9Rv6erhFmqVnvg"]},{"@type":"WebPage","@id":"https:\/\/candas365.es\/noticias\/esa-reconoce-que-modulo-schiaparelli-se-estrello-en-marte\/#webpage","url":"https:\/\/candas365.es\/noticias\/esa-reconoce-que-modulo-schiaparelli-se-estrello-en-marte\/","name":"ESA reconoce que m\u00f3dulo \u00abSchiaparelli\u00bb se estrell\u00f3 en Marte | Cand\u00e1s 365","description":"Darmstadt (Alemania), 22 oct (dpa) - El m\u00f3dulo \"Schiaparelli\" de la misi\u00f3n ExoMars se estrell\u00f3 en Marte, planeta al que lleg\u00f3 a una velocidad demasiado alta de m\u00e1s de m\u00e1s de 300 kil\u00f3metros por hora, inform\u00f3 el centro de control en la ciudad alemana de Darmstadt. La misi\u00f3n ExoMars, que la Agencia Espacial Europea (ESA)","inLanguage":"es-ES","isPartOf":{"@id":"https:\/\/candas365.es\/noticias\/#website"},"breadcrumb":{"@id":"https:\/\/candas365.es\/noticias\/esa-reconoce-que-modulo-schiaparelli-se-estrello-en-marte\/#breadcrumblist"},"author":{"@id":"https:\/\/candas365.es\/noticias\/author\/admin\/#author"},"creator":{"@id":"https:\/\/candas365.es\/noticias\/author\/admin\/#author"},"image":{"@type":"ImageObject","url":"https:\/\/candas365.es\/noticias\/wp-content\/uploads\/2015\/09\/c365noticias.jpg","@id":"https:\/\/candas365.es\/noticias\/esa-reconoce-que-modulo-schiaparelli-se-estrello-en-marte\/#mainImage","width":655,"height":360},"primaryImageOfPage":{"@id":"https:\/\/candas365.es\/noticias\/esa-reconoce-que-modulo-schiaparelli-se-estrello-en-marte\/#mainImage"},"datePublished":"2016-10-22T19:37:44+02:00","dateModified":"2016-10-22T19:37:44+02:00"},{"@type":"WebSite","@id":"https:\/\/candas365.es\/noticias\/#website","url":"https:\/\/candas365.es\/noticias\/","name":"Cand\u00e1s 365","alternateName":"Cand\u00e1s 365 Noticias","description":"Actualidad desde Carre\u00f1o para el mundo","inLanguage":"es-ES","publisher":{"@id":"https:\/\/candas365.es\/noticias\/#organization"}}]},"og:locale":"es_ES","og:site_name":"Cand\u00e1s 365","og:type":"article","og:title":"ESA reconoce que m\u00f3dulo \u00abSchiaparelli\u00bb se estrell\u00f3 en Marte | Cand\u00e1s 365","og:description":"Darmstadt (Alemania), 22 oct (dpa) - El m\u00f3dulo &quot;Schiaparelli&quot; de la misi\u00f3n ExoMars se estrell\u00f3 en Marte, planeta al que lleg\u00f3 a una velocidad demasiado alta de m\u00e1s de m\u00e1s de 300 kil\u00f3metros por hora, inform\u00f3 el centro de control en la ciudad alemana de Darmstadt. La misi\u00f3n ExoMars, que la Agencia Espacial Europea (ESA)","og:url":"https:\/\/candas365.es\/noticias\/esa-reconoce-que-modulo-schiaparelli-se-estrello-en-marte\/","og:image":"https:\/\/candas365.es\/noticias\/wp-content\/uploads\/2015\/09\/c365noticias.jpg","og:image:secure_url":"https:\/\/candas365.es\/noticias\/wp-content\/uploads\/2015\/09\/c365noticias.jpg","og:image:width":655,"og:image:height":360,"article:published_time":"2016-10-22T18:07:44+00:00","article:modified_time":"2016-10-22T18:07:44+00:00","article:publisher":"https:\/\/www.facebook.com\/Nachofdezber","article:author":"https:\/\/www.facebook.com\/carrenoactualidad","twitter:card":"summary_large_image","twitter:site":"@NabercoDigital","twitter:title":"ESA reconoce que m\u00f3dulo \u00abSchiaparelli\u00bb se estrell\u00f3 en Marte | Cand\u00e1s 365","twitter:description":"Darmstadt (Alemania), 22 oct (dpa) - El m\u00f3dulo &quot;Schiaparelli&quot; de la misi\u00f3n ExoMars se estrell\u00f3 en Marte, planeta al que lleg\u00f3 a una velocidad demasiado alta de m\u00e1s de m\u00e1s de 300 kil\u00f3metros por hora, inform\u00f3 el centro de control en la ciudad alemana de Darmstadt. La misi\u00f3n ExoMars, que la Agencia Espacial Europea (ESA)","twitter:creator":"@nbasturias","twitter:image":"https:\/\/candas365.es\/noticias\/wp-content\/uploads\/2015\/09\/c365noticias.jpg","twitter:label1":"Escrito por","twitter:data1":"Cand\u00e1s 365","twitter:label2":"Tiempo de lectura estimado","twitter:data2":"2 minutos"},"aioseo_meta_data":{"post_id":"34566","title":null,"description":null,"keywords":null,"keyphrases":null,"primary_term":null,"canonical_url":null,"og_title":null,"og_description":null,"og_object_type":"default","og_image_type":"default","og_image_url":null,"og_image_width":null,"og_image_height":null,"og_image_custom_url":null,"og_image_custom_fields":null,"og_video":null,"og_custom_url":null,"og_article_section":null,"og_article_tags":null,"twitter_use_og":false,"twitter_card":"default","twitter_image_type":"default","twitter_image_url":null,"twitter_image_custom_url":null,"twitter_image_custom_fields":null,"twitter_title":null,"twitter_description":null,"schema":{"blockGraphs":[],"customGraphs":[],"default":{"data":{"Article":[],"Course":[],"Dataset":[],"FAQPage":[],"Movie":[],"Person":[],"Product":[],"ProductReview":[],"Car":[],"Recipe":[],"Service":[],"SoftwareApplication":[],"WebPage":[]},"graphName":"","isEnabled":true},"graphs":[],"defaultGraph":"","defaultPostTypeGraph":""},"schema_type":null,"schema_type_options":null,"pillar_content":false,"robots_default":true,"robots_noindex":false,"robots_noarchive":false,"robots_nosnippet":false,"robots_nofollow":false,"robots_noimageindex":false,"robots_noodp":false,"robots_notranslate":false,"robots_max_snippet":null,"robots_max_videopreview":null,"robots_max_imagepreview":"large","priority":null,"frequency":null,"location":null,"local_seo":null,"seo_analyzer_scan_date":"2025-08-24 18:01:52","breadcrumb_settings":null,"limit_modified_date":false,"reviewed_by":null,"open_ai":null,"ai":null,"created":"2020-12-21 11:31:36","updated":"2025-08-24 18:01:52"},"aioseo_breadcrumb":"<div class=\"aioseo-breadcrumbs\"><span class=\"aioseo-breadcrumb\">\n\t<a href=\"https:\/\/candas365.es\/noticias\" title=\"Home\">Home<\/a>\n<\/span><span class=\"aioseo-breadcrumb-separator\">&ndash;<\/span><span class=\"aioseo-breadcrumb\">\n\t<a href=\"https:\/\/candas365.es\/noticias\/category\/actualidad\/\" title=\"Actualidad\">Actualidad<\/a>\n<\/span><span class=\"aioseo-breadcrumb-separator\">&ndash;<\/span><span class=\"aioseo-breadcrumb\">\n\tESA reconoce que m\u00f3dulo \u00abSchiaparelli\u00bb se estrell\u00f3 en Marte\n<\/span><\/div>","aioseo_breadcrumb_json":[{"label":"Home","link":"https:\/\/candas365.es\/noticias"},{"label":"Actualidad","link":"https:\/\/candas365.es\/noticias\/category\/actualidad\/"},{"label":"ESA reconoce que m\u00f3dulo \u00abSchiaparelli\u00bb se estrell\u00f3 en Marte","link":"https:\/\/candas365.es\/noticias\/esa-reconoce-que-modulo-schiaparelli-se-estrello-en-marte\/"}],"_links":{"self":[{"href":"https:\/\/candas365.es\/noticias\/wp-json\/wp\/v2\/posts\/34566","targetHints":{"allow":["GET"]}}],"collection":[{"href":"https:\/\/candas365.es\/noticias\/wp-json\/wp\/v2\/posts"}],"about":[{"href":"https:\/\/candas365.es\/noticias\/wp-json\/wp\/v2\/types\/post"}],"author":[{"embeddable":true,"href":"https:\/\/candas365.es\/noticias\/wp-json\/wp\/v2\/users\/1"}],"replies":[{"embeddable":true,"href":"https:\/\/candas365.es\/noticias\/wp-json\/wp\/v2\/comments?post=34566"}],"version-history":[{"count":0,"href":"https:\/\/candas365.es\/noticias\/wp-json\/wp\/v2\/posts\/34566\/revisions"}],"wp:featuredmedia":[{"embeddable":true,"href":"https:\/\/candas365.es\/noticias\/wp-json\/wp\/v2\/media\/16457"}],"wp:attachment":[{"href":"https:\/\/candas365.es\/noticias\/wp-json\/wp\/v2\/media?parent=34566"}],"wp:term":[{"taxonomy":"category","embeddable":true,"href":"https:\/\/candas365.es\/noticias\/wp-json\/wp\/v2\/categories?post=34566"},{"taxonomy":"post_tag","embeddable":true,"href":"https:\/\/candas365.es\/noticias\/wp-json\/wp\/v2\/tags?post=34566"}],"curies":[{"name":"wp","href":"https:\/\/api.w.org\/{rel}","templated":true}]}}