{"id":34447,"date":"2016-10-20T22:52:00","date_gmt":"2016-10-20T21:22:00","guid":{"rendered":"http:\/\/candas365.es\/noticias\/?p=34447"},"modified":"2016-10-20T22:52:00","modified_gmt":"2016-10-20T21:22:00","slug":"presentan-el-mapa-mas-detallado-de-la-via-lactea","status":"publish","type":"post","link":"https:\/\/candas365.es\/noticias\/presentan-el-mapa-mas-detallado-de-la-via-lactea\/","title":{"rendered":"Presentan el mapa m\u00e1s detallado de la V\u00eda L\u00e1ctea"},"content":{"rendered":"<p>Bonn (Alemania), 20 oct (dpa) &#8211; Con grandes radiotelescopios en la ciudad alemana de Bonn y en Australia un grupo de astr\u00f3nomos realiz\u00f3 un mapa especial de la V\u00eda L\u00e1ctea y sus alrededores. Es el mapa m\u00e1s exacto hasta la fecha sobre la distribuci\u00f3n de hidr\u00f3geno en esta zona.<\/p>\n<p>Los datos muestran estructuras importantes de los conocidos como medios interestelares en la V\u00eda L\u00e1ctea de manera m\u00e1s detallada de lo elaborado hasta ahora y con ello se puede ayudar a mejorar otras observaciones, inform\u00f3 el Instituto Max Plack de radioastronom\u00eda en Bonn, en el oeste de Alemania, sobre el mapa presentado por los investigadores en la revista \u00abAstronomy &amp; Astrophysics\u00bb.<\/p>\n<p>El mapa sienta las bases durante d\u00e9cadas, indic\u00f3 el director del proyecto, J\u00fcrgen Kerp, de la Universidad de Bonn. El hidr\u00f3geno es el elemento m\u00e1s com\u00fan en el universo. Se produjo ya directamente despu\u00e9s del Big Bang. A trav\u00e9s de su distribuci\u00f3n se puede aprender mucho sobre las estructuras c\u00f3smicas. De acuerdo con los investigadores, se hacen visibles algunas nubes min\u00fasculas, que al parecer desde hace miles de millones de a\u00f1os contribuyen al desarrollo de estrellas en la V\u00eda L\u00e1ctea.<\/p>\n<p>Los astr\u00f3nomos buscaron hidr\u00f3geno con el radiotelescopio Effelsberg en Bonn de 100 metros de di\u00e1metro y con el algo m\u00e1s peque\u00f1o radiotelescopio Parkes en Australia. Para ello miden una radiaci\u00f3n muy d\u00e9bil, pero caracter\u00edstica, con un largo de onda de 21 cent\u00edmetros, que irradia el hidr\u00f3geno at\u00f3mico.<\/p>\n<p>Dedujeron de m\u00e1s de un mill\u00f3n de observaciones individuales en miles de horas de tiempo de c\u00e1lculo el hasta ahora mejor mapa del conjunto del cielo realizado a la luz de la l\u00ednea de 21 cent\u00edmetros del gas hidr\u00f3geno.<\/p>\n<p>Este mapa muestra no s\u00f3lo nuestra galaxia, la V\u00eda L\u00e1ctea, como grupo central con numerosas y finas estructuras, sino, sobre todo, tambi\u00e9n la radiaci\u00f3n de hidr\u00f3geno de galaxias de sat\u00e9lites, grandes y peque\u00f1as Nubes de Magallanes, as\u00ed como la Galaxia Andr\u00f3meda a 2,5 millones de a\u00f1os luz y la colindante Galaxia del Tri\u00e1ngulo.<\/p>\n<p>&nbsp;<\/p>\n","protected":false},"excerpt":{"rendered":"<p>Bonn (Alemania), 20 oct (dpa) &#8211; Con grandes radiotelescopios en la ciudad alemana de Bonn y en Australia un grupo de astr\u00f3nomos realiz\u00f3 un mapa especial de la V\u00eda L\u00e1ctea y sus alrededores. Es el mapa m\u00e1s exacto hasta la fecha sobre la distribuci\u00f3n de hidr\u00f3geno en esta zona. Los datos muestran estructuras importantes de<\/p>\n","protected":false},"author":1,"featured_media":16457,"comment_status":"closed","ping_status":"closed","sticky":false,"template":"","format":"standard","meta":{"footnotes":""},"categories":[343],"tags":[],"class_list":{"0":"post-34447","1":"post","2":"type-post","3":"status-publish","4":"format-standard","5":"has-post-thumbnail","7":"category-actualidad"},"aioseo_notices":[],"aioseo_head":"\n\t\t<!-- All in One SEO Pro 4.9.6.2 - aioseo.com -->\n\t<meta name=\"description\" content=\"Bonn (Alemania), 20 oct (dpa) - Con grandes radiotelescopios en la ciudad alemana de Bonn y en Australia un grupo de astr\u00f3nomos realiz\u00f3 un mapa especial de la V\u00eda L\u00e1ctea y sus alrededores. Es el mapa m\u00e1s exacto hasta la fecha sobre la distribuci\u00f3n de hidr\u00f3geno en esta zona. Los datos muestran estructuras importantes de\" \/>\n\t<meta name=\"robots\" content=\"max-image-preview:large\" \/>\n\t<meta name=\"author\" content=\"Cand\u00e1s 365\"\/>\n\t<meta name=\"google-site-verification\" content=\"UA-32230408-1\" \/>\n\t<meta name=\"msvalidate.01\" content=\"354F3CDFB2DA171B47FBE9ABF1F88D5\" \/>\n\t<meta name=\"keywords\" content=\"actualidad\" \/>\n\t<link rel=\"canonical\" href=\"https:\/\/candas365.es\/noticias\/presentan-el-mapa-mas-detallado-de-la-via-lactea\/\" \/>\n\t<meta name=\"generator\" content=\"All in One SEO Pro (AIOSEO) 4.9.6.2\" \/>\n\t\t<meta property=\"og:locale\" content=\"es_ES\" \/>\n\t\t<meta property=\"og:site_name\" content=\"Cand\u00e1s 365\" \/>\n\t\t<meta property=\"og:type\" content=\"article\" \/>\n\t\t<meta property=\"og:title\" content=\"Presentan el mapa m\u00e1s detallado de la V\u00eda L\u00e1ctea | Cand\u00e1s 365\" \/>\n\t\t<meta property=\"og:description\" content=\"Bonn (Alemania), 20 oct (dpa) - Con grandes radiotelescopios en la ciudad alemana de Bonn y en Australia un grupo de astr\u00f3nomos realiz\u00f3 un mapa especial de la V\u00eda L\u00e1ctea y sus alrededores. Es el mapa m\u00e1s exacto hasta la fecha sobre la distribuci\u00f3n de hidr\u00f3geno en esta zona. Los datos muestran estructuras importantes de\" \/>\n\t\t<meta property=\"og:url\" content=\"https:\/\/candas365.es\/noticias\/presentan-el-mapa-mas-detallado-de-la-via-lactea\/\" \/>\n\t\t<meta property=\"og:image\" content=\"https:\/\/candas365.es\/noticias\/wp-content\/uploads\/2015\/09\/c365noticias.jpg\" \/>\n\t\t<meta property=\"og:image:secure_url\" content=\"https:\/\/candas365.es\/noticias\/wp-content\/uploads\/2015\/09\/c365noticias.jpg\" \/>\n\t\t<meta property=\"og:image:width\" content=\"655\" \/>\n\t\t<meta property=\"og:image:height\" content=\"360\" \/>\n\t\t<meta property=\"article:published_time\" content=\"2016-10-20T21:22:00+00:00\" \/>\n\t\t<meta property=\"article:modified_time\" content=\"2016-10-20T21:22:00+00:00\" \/>\n\t\t<meta property=\"article:publisher\" content=\"https:\/\/www.facebook.com\/Nachofdezber\" \/>\n\t\t<meta property=\"article:author\" content=\"https:\/\/www.facebook.com\/carrenoactualidad\" \/>\n\t\t<meta name=\"twitter:card\" content=\"summary_large_image\" \/>\n\t\t<meta name=\"twitter:site\" content=\"@NabercoDigital\" \/>\n\t\t<meta name=\"twitter:title\" content=\"Presentan el mapa m\u00e1s detallado de la V\u00eda L\u00e1ctea | Cand\u00e1s 365\" \/>\n\t\t<meta name=\"twitter:description\" content=\"Bonn (Alemania), 20 oct (dpa) - Con grandes radiotelescopios en la ciudad alemana de Bonn y en Australia un grupo de astr\u00f3nomos realiz\u00f3 un mapa especial de la V\u00eda L\u00e1ctea y sus alrededores. Es el mapa m\u00e1s exacto hasta la fecha sobre la distribuci\u00f3n de hidr\u00f3geno en esta zona. Los datos muestran estructuras importantes de\" \/>\n\t\t<meta name=\"twitter:creator\" content=\"@nbasturias\" \/>\n\t\t<meta name=\"twitter:image\" content=\"https:\/\/candas365.es\/noticias\/wp-content\/uploads\/2015\/09\/c365noticias.jpg\" \/>\n\t\t<meta name=\"twitter:label1\" content=\"Escrito por\" \/>\n\t\t<meta name=\"twitter:data1\" content=\"Cand\u00e1s 365\" \/>\n\t\t<meta name=\"twitter:label2\" content=\"Tiempo de lectura estimado\" \/>\n\t\t<meta name=\"twitter:data2\" content=\"2 minutos\" \/>\n\t\t<script type=\"application\/ld+json\" class=\"aioseo-schema\">\n\t\t\t{\"@context\":\"https:\\\/\\\/schema.org\",\"@graph\":[{\"@type\":\"BreadcrumbList\",\"@id\":\"https:\\\/\\\/candas365.es\\\/noticias\\\/presentan-el-mapa-mas-detallado-de-la-via-lactea\\\/#breadcrumblist\",\"itemListElement\":[{\"@type\":\"ListItem\",\"@id\":\"https:\\\/\\\/candas365.es\\\/noticias#listItem\",\"position\":1,\"name\":\"Home\",\"item\":\"https:\\\/\\\/candas365.es\\\/noticias\",\"nextItem\":{\"@type\":\"ListItem\",\"@id\":\"https:\\\/\\\/candas365.es\\\/noticias\\\/category\\\/actualidad\\\/#listItem\",\"name\":\"Actualidad\"}},{\"@type\":\"ListItem\",\"@id\":\"https:\\\/\\\/candas365.es\\\/noticias\\\/category\\\/actualidad\\\/#listItem\",\"position\":2,\"name\":\"Actualidad\",\"item\":\"https:\\\/\\\/candas365.es\\\/noticias\\\/category\\\/actualidad\\\/\",\"nextItem\":{\"@type\":\"ListItem\",\"@id\":\"https:\\\/\\\/candas365.es\\\/noticias\\\/presentan-el-mapa-mas-detallado-de-la-via-lactea\\\/#listItem\",\"name\":\"Presentan el mapa m\\u00e1s detallado de la V\\u00eda L\\u00e1ctea\"},\"previousItem\":{\"@type\":\"ListItem\",\"@id\":\"https:\\\/\\\/candas365.es\\\/noticias#listItem\",\"name\":\"Home\"}},{\"@type\":\"ListItem\",\"@id\":\"https:\\\/\\\/candas365.es\\\/noticias\\\/presentan-el-mapa-mas-detallado-de-la-via-lactea\\\/#listItem\",\"position\":3,\"name\":\"Presentan el mapa m\\u00e1s detallado de la V\\u00eda L\\u00e1ctea\",\"previousItem\":{\"@type\":\"ListItem\",\"@id\":\"https:\\\/\\\/candas365.es\\\/noticias\\\/category\\\/actualidad\\\/#listItem\",\"name\":\"Actualidad\"}}]},{\"@type\":\"NewsArticle\",\"@id\":\"https:\\\/\\\/candas365.es\\\/noticias\\\/presentan-el-mapa-mas-detallado-de-la-via-lactea\\\/#newsarticle\",\"name\":\"Presentan el mapa m\\u00e1s detallado de la V\\u00eda L\\u00e1ctea | Cand\\u00e1s 365\",\"headline\":\"Presentan el mapa m\\u00e1s detallado de la V\\u00eda L\\u00e1ctea\",\"author\":{\"@id\":\"https:\\\/\\\/candas365.es\\\/noticias\\\/author\\\/admin\\\/#author\"},\"publisher\":{\"@id\":\"https:\\\/\\\/candas365.es\\\/noticias\\\/#organization\"},\"image\":{\"@type\":\"ImageObject\",\"url\":\"https:\\\/\\\/candas365.es\\\/noticias\\\/wp-content\\\/uploads\\\/2015\\\/09\\\/c365noticias.jpg\",\"width\":655,\"height\":360},\"datePublished\":\"2016-10-20T22:52:00+02:00\",\"dateModified\":\"2016-10-20T22:52:00+02:00\",\"inLanguage\":\"es-ES\",\"mainEntityOfPage\":{\"@id\":\"https:\\\/\\\/candas365.es\\\/noticias\\\/presentan-el-mapa-mas-detallado-de-la-via-lactea\\\/#webpage\"},\"isPartOf\":{\"@id\":\"https:\\\/\\\/candas365.es\\\/noticias\\\/presentan-el-mapa-mas-detallado-de-la-via-lactea\\\/#webpage\"},\"articleSection\":\"Actualidad\",\"dateline\":\"Publicado el octubre 20, 2016.\"},{\"@type\":\"Organization\",\"@id\":\"https:\\\/\\\/candas365.es\\\/noticias\\\/#organization\",\"name\":\"Cand\\u00e1s 365\",\"description\":\"Cand\\u00e1s 365 es un diario digital independiente, fundado en 2012, con base en Asturias. Informamos con rigor sobre actualidad, sociedad, cultura y ocio, con una mirada local y global.\",\"url\":\"https:\\\/\\\/candas365.es\\\/noticias\\\/\",\"email\":\"info@candas365.es\",\"telephone\":\"+34652131393\",\"foundingDate\":\"2012-06-10\",\"logo\":{\"@type\":\"ImageObject\",\"url\":\"https:\\\/\\\/candas365.es\\\/noticias\\\/wp-content\\\/uploads\\\/2024\\\/09\\\/Candas-365-Redes.jpg\",\"@id\":\"https:\\\/\\\/candas365.es\\\/noticias\\\/presentan-el-mapa-mas-detallado-de-la-via-lactea\\\/#organizationLogo\",\"width\":1152,\"height\":864,\"caption\":\"Cand\\u00e1s 365 Redes\"},\"image\":{\"@id\":\"https:\\\/\\\/candas365.es\\\/noticias\\\/presentan-el-mapa-mas-detallado-de-la-via-lactea\\\/#organizationLogo\"},\"sameAs\":[\"https:\\\/\\\/www.facebook.com\\\/Nachofdezber\",\"https:\\\/\\\/x.com\\\/NabercoDigital\",\"https:\\\/\\\/www.instagram.com\\\/nachofdezber\\\/\",\"https:\\\/\\\/www.youtube.com\\\/channel\\\/UCZP-2wLEB9Rv6erhFmqVnvg\"],\"address\":{\"@id\":\"https:\\\/\\\/candas365.es\\\/noticias\\\/#postaladdress\",\"@type\":\"PostalAddress\",\"streetAddress\":\"san antonio 4, san antonio 4\",\"postalCode\":\"33430\",\"addressLocality\":\"Cand\\u00e1s\",\"addressRegion\":\"Asturias\",\"addressCountry\":\"ES\"}},{\"@type\":\"Person\",\"@id\":\"https:\\\/\\\/candas365.es\\\/noticias\\\/author\\\/admin\\\/#author\",\"url\":\"https:\\\/\\\/candas365.es\\\/noticias\\\/author\\\/admin\\\/\",\"name\":\"Cand\\u00e1s 365\",\"image\":{\"@type\":\"ImageObject\",\"@id\":\"https:\\\/\\\/candas365.es\\\/noticias\\\/presentan-el-mapa-mas-detallado-de-la-via-lactea\\\/#authorImage\",\"url\":\"https:\\\/\\\/secure.gravatar.com\\\/avatar\\\/496a8e03d0c493ede1718b7934145dbdf8d89be1036b0eec9544e1094c9de390?s=96&d=mm&r=g\",\"width\":96,\"height\":96,\"caption\":\"Cand\\u00e1s 365\"},\"sameAs\":[\"https:\\\/\\\/www.facebook.com\\\/carrenoactualidad\",\"https:\\\/\\\/twitter.com\\\/nbasturias\",\"https:\\\/\\\/www.instagram.com\\\/nachofdezber\\\/\",\"https:\\\/\\\/www.youtube.com\\\/channel\\\/UCZP-2wLEB9Rv6erhFmqVnvg\"]},{\"@type\":\"WebPage\",\"@id\":\"https:\\\/\\\/candas365.es\\\/noticias\\\/presentan-el-mapa-mas-detallado-de-la-via-lactea\\\/#webpage\",\"url\":\"https:\\\/\\\/candas365.es\\\/noticias\\\/presentan-el-mapa-mas-detallado-de-la-via-lactea\\\/\",\"name\":\"Presentan el mapa m\\u00e1s detallado de la V\\u00eda L\\u00e1ctea | Cand\\u00e1s 365\",\"description\":\"Bonn (Alemania), 20 oct (dpa) - Con grandes radiotelescopios en la ciudad alemana de Bonn y en Australia un grupo de astr\\u00f3nomos realiz\\u00f3 un mapa especial de la V\\u00eda L\\u00e1ctea y sus alrededores. Es el mapa m\\u00e1s exacto hasta la fecha sobre la distribuci\\u00f3n de hidr\\u00f3geno en esta zona. Los datos muestran estructuras importantes de\",\"inLanguage\":\"es-ES\",\"isPartOf\":{\"@id\":\"https:\\\/\\\/candas365.es\\\/noticias\\\/#website\"},\"breadcrumb\":{\"@id\":\"https:\\\/\\\/candas365.es\\\/noticias\\\/presentan-el-mapa-mas-detallado-de-la-via-lactea\\\/#breadcrumblist\"},\"author\":{\"@id\":\"https:\\\/\\\/candas365.es\\\/noticias\\\/author\\\/admin\\\/#author\"},\"creator\":{\"@id\":\"https:\\\/\\\/candas365.es\\\/noticias\\\/author\\\/admin\\\/#author\"},\"image\":{\"@type\":\"ImageObject\",\"url\":\"https:\\\/\\\/candas365.es\\\/noticias\\\/wp-content\\\/uploads\\\/2015\\\/09\\\/c365noticias.jpg\",\"@id\":\"https:\\\/\\\/candas365.es\\\/noticias\\\/presentan-el-mapa-mas-detallado-de-la-via-lactea\\\/#mainImage\",\"width\":655,\"height\":360},\"primaryImageOfPage\":{\"@id\":\"https:\\\/\\\/candas365.es\\\/noticias\\\/presentan-el-mapa-mas-detallado-de-la-via-lactea\\\/#mainImage\"},\"datePublished\":\"2016-10-20T22:52:00+02:00\",\"dateModified\":\"2016-10-20T22:52:00+02:00\"},{\"@type\":\"WebSite\",\"@id\":\"https:\\\/\\\/candas365.es\\\/noticias\\\/#website\",\"url\":\"https:\\\/\\\/candas365.es\\\/noticias\\\/\",\"name\":\"Cand\\u00e1s 365\",\"alternateName\":\"Cand\\u00e1s 365 Noticias\",\"description\":\"Actualidad desde Carre\\u00f1o para el mundo\",\"inLanguage\":\"es-ES\",\"publisher\":{\"@id\":\"https:\\\/\\\/candas365.es\\\/noticias\\\/#organization\"}}]}\n\t\t<\/script>\n\t\t<!-- All in One SEO Pro -->\r\n\t\t<title>Presentan el mapa m\u00e1s detallado de la V\u00eda L\u00e1ctea | Cand\u00e1s 365<\/title>\n\n","aioseo_head_json":{"title":"Presentan el mapa m\u00e1s detallado de la V\u00eda L\u00e1ctea | Cand\u00e1s 365","description":"Bonn (Alemania), 20 oct (dpa) - Con grandes radiotelescopios en la ciudad alemana de Bonn y en Australia un grupo de astr\u00f3nomos realiz\u00f3 un mapa especial de la V\u00eda L\u00e1ctea y sus alrededores. Es el mapa m\u00e1s exacto hasta la fecha sobre la distribuci\u00f3n de hidr\u00f3geno en esta zona. Los datos muestran estructuras importantes de","canonical_url":"https:\/\/candas365.es\/noticias\/presentan-el-mapa-mas-detallado-de-la-via-lactea\/","robots":"max-image-preview:large","keywords":"actualidad","webmasterTools":{"google-site-verification":"UA-32230408-1","msvalidate.01":"354F3CDFB2DA171B47FBE9ABF1F88D5","miscellaneous":""},"schema":{"@context":"https:\/\/schema.org","@graph":[{"@type":"BreadcrumbList","@id":"https:\/\/candas365.es\/noticias\/presentan-el-mapa-mas-detallado-de-la-via-lactea\/#breadcrumblist","itemListElement":[{"@type":"ListItem","@id":"https:\/\/candas365.es\/noticias#listItem","position":1,"name":"Home","item":"https:\/\/candas365.es\/noticias","nextItem":{"@type":"ListItem","@id":"https:\/\/candas365.es\/noticias\/category\/actualidad\/#listItem","name":"Actualidad"}},{"@type":"ListItem","@id":"https:\/\/candas365.es\/noticias\/category\/actualidad\/#listItem","position":2,"name":"Actualidad","item":"https:\/\/candas365.es\/noticias\/category\/actualidad\/","nextItem":{"@type":"ListItem","@id":"https:\/\/candas365.es\/noticias\/presentan-el-mapa-mas-detallado-de-la-via-lactea\/#listItem","name":"Presentan el mapa m\u00e1s detallado de la V\u00eda L\u00e1ctea"},"previousItem":{"@type":"ListItem","@id":"https:\/\/candas365.es\/noticias#listItem","name":"Home"}},{"@type":"ListItem","@id":"https:\/\/candas365.es\/noticias\/presentan-el-mapa-mas-detallado-de-la-via-lactea\/#listItem","position":3,"name":"Presentan el mapa m\u00e1s detallado de la V\u00eda L\u00e1ctea","previousItem":{"@type":"ListItem","@id":"https:\/\/candas365.es\/noticias\/category\/actualidad\/#listItem","name":"Actualidad"}}]},{"@type":"NewsArticle","@id":"https:\/\/candas365.es\/noticias\/presentan-el-mapa-mas-detallado-de-la-via-lactea\/#newsarticle","name":"Presentan el mapa m\u00e1s detallado de la V\u00eda L\u00e1ctea | Cand\u00e1s 365","headline":"Presentan el mapa m\u00e1s detallado de la V\u00eda L\u00e1ctea","author":{"@id":"https:\/\/candas365.es\/noticias\/author\/admin\/#author"},"publisher":{"@id":"https:\/\/candas365.es\/noticias\/#organization"},"image":{"@type":"ImageObject","url":"https:\/\/candas365.es\/noticias\/wp-content\/uploads\/2015\/09\/c365noticias.jpg","width":655,"height":360},"datePublished":"2016-10-20T22:52:00+02:00","dateModified":"2016-10-20T22:52:00+02:00","inLanguage":"es-ES","mainEntityOfPage":{"@id":"https:\/\/candas365.es\/noticias\/presentan-el-mapa-mas-detallado-de-la-via-lactea\/#webpage"},"isPartOf":{"@id":"https:\/\/candas365.es\/noticias\/presentan-el-mapa-mas-detallado-de-la-via-lactea\/#webpage"},"articleSection":"Actualidad","dateline":"Publicado el octubre 20, 2016."},{"@type":"Organization","@id":"https:\/\/candas365.es\/noticias\/#organization","name":"Cand\u00e1s 365","description":"Cand\u00e1s 365 es un diario digital independiente, fundado en 2012, con base en Asturias. Informamos con rigor sobre actualidad, sociedad, cultura y ocio, con una mirada local y global.","url":"https:\/\/candas365.es\/noticias\/","email":"info@candas365.es","telephone":"+34652131393","foundingDate":"2012-06-10","logo":{"@type":"ImageObject","url":"https:\/\/candas365.es\/noticias\/wp-content\/uploads\/2024\/09\/Candas-365-Redes.jpg","@id":"https:\/\/candas365.es\/noticias\/presentan-el-mapa-mas-detallado-de-la-via-lactea\/#organizationLogo","width":1152,"height":864,"caption":"Cand\u00e1s 365 Redes"},"image":{"@id":"https:\/\/candas365.es\/noticias\/presentan-el-mapa-mas-detallado-de-la-via-lactea\/#organizationLogo"},"sameAs":["https:\/\/www.facebook.com\/Nachofdezber","https:\/\/x.com\/NabercoDigital","https:\/\/www.instagram.com\/nachofdezber\/","https:\/\/www.youtube.com\/channel\/UCZP-2wLEB9Rv6erhFmqVnvg"],"address":{"@id":"https:\/\/candas365.es\/noticias\/#postaladdress","@type":"PostalAddress","streetAddress":"san antonio 4, san antonio 4","postalCode":"33430","addressLocality":"Cand\u00e1s","addressRegion":"Asturias","addressCountry":"ES"}},{"@type":"Person","@id":"https:\/\/candas365.es\/noticias\/author\/admin\/#author","url":"https:\/\/candas365.es\/noticias\/author\/admin\/","name":"Cand\u00e1s 365","image":{"@type":"ImageObject","@id":"https:\/\/candas365.es\/noticias\/presentan-el-mapa-mas-detallado-de-la-via-lactea\/#authorImage","url":"https:\/\/secure.gravatar.com\/avatar\/496a8e03d0c493ede1718b7934145dbdf8d89be1036b0eec9544e1094c9de390?s=96&d=mm&r=g","width":96,"height":96,"caption":"Cand\u00e1s 365"},"sameAs":["https:\/\/www.facebook.com\/carrenoactualidad","https:\/\/twitter.com\/nbasturias","https:\/\/www.instagram.com\/nachofdezber\/","https:\/\/www.youtube.com\/channel\/UCZP-2wLEB9Rv6erhFmqVnvg"]},{"@type":"WebPage","@id":"https:\/\/candas365.es\/noticias\/presentan-el-mapa-mas-detallado-de-la-via-lactea\/#webpage","url":"https:\/\/candas365.es\/noticias\/presentan-el-mapa-mas-detallado-de-la-via-lactea\/","name":"Presentan el mapa m\u00e1s detallado de la V\u00eda L\u00e1ctea | Cand\u00e1s 365","description":"Bonn (Alemania), 20 oct (dpa) - Con grandes radiotelescopios en la ciudad alemana de Bonn y en Australia un grupo de astr\u00f3nomos realiz\u00f3 un mapa especial de la V\u00eda L\u00e1ctea y sus alrededores. Es el mapa m\u00e1s exacto hasta la fecha sobre la distribuci\u00f3n de hidr\u00f3geno en esta zona. Los datos muestran estructuras importantes de","inLanguage":"es-ES","isPartOf":{"@id":"https:\/\/candas365.es\/noticias\/#website"},"breadcrumb":{"@id":"https:\/\/candas365.es\/noticias\/presentan-el-mapa-mas-detallado-de-la-via-lactea\/#breadcrumblist"},"author":{"@id":"https:\/\/candas365.es\/noticias\/author\/admin\/#author"},"creator":{"@id":"https:\/\/candas365.es\/noticias\/author\/admin\/#author"},"image":{"@type":"ImageObject","url":"https:\/\/candas365.es\/noticias\/wp-content\/uploads\/2015\/09\/c365noticias.jpg","@id":"https:\/\/candas365.es\/noticias\/presentan-el-mapa-mas-detallado-de-la-via-lactea\/#mainImage","width":655,"height":360},"primaryImageOfPage":{"@id":"https:\/\/candas365.es\/noticias\/presentan-el-mapa-mas-detallado-de-la-via-lactea\/#mainImage"},"datePublished":"2016-10-20T22:52:00+02:00","dateModified":"2016-10-20T22:52:00+02:00"},{"@type":"WebSite","@id":"https:\/\/candas365.es\/noticias\/#website","url":"https:\/\/candas365.es\/noticias\/","name":"Cand\u00e1s 365","alternateName":"Cand\u00e1s 365 Noticias","description":"Actualidad desde Carre\u00f1o para el mundo","inLanguage":"es-ES","publisher":{"@id":"https:\/\/candas365.es\/noticias\/#organization"}}]},"og:locale":"es_ES","og:site_name":"Cand\u00e1s 365","og:type":"article","og:title":"Presentan el mapa m\u00e1s detallado de la V\u00eda L\u00e1ctea | Cand\u00e1s 365","og:description":"Bonn (Alemania), 20 oct (dpa) - Con grandes radiotelescopios en la ciudad alemana de Bonn y en Australia un grupo de astr\u00f3nomos realiz\u00f3 un mapa especial de la V\u00eda L\u00e1ctea y sus alrededores. Es el mapa m\u00e1s exacto hasta la fecha sobre la distribuci\u00f3n de hidr\u00f3geno en esta zona. Los datos muestran estructuras importantes de","og:url":"https:\/\/candas365.es\/noticias\/presentan-el-mapa-mas-detallado-de-la-via-lactea\/","og:image":"https:\/\/candas365.es\/noticias\/wp-content\/uploads\/2015\/09\/c365noticias.jpg","og:image:secure_url":"https:\/\/candas365.es\/noticias\/wp-content\/uploads\/2015\/09\/c365noticias.jpg","og:image:width":655,"og:image:height":360,"article:published_time":"2016-10-20T21:22:00+00:00","article:modified_time":"2016-10-20T21:22:00+00:00","article:publisher":"https:\/\/www.facebook.com\/Nachofdezber","article:author":"https:\/\/www.facebook.com\/carrenoactualidad","twitter:card":"summary_large_image","twitter:site":"@NabercoDigital","twitter:title":"Presentan el mapa m\u00e1s detallado de la V\u00eda L\u00e1ctea | Cand\u00e1s 365","twitter:description":"Bonn (Alemania), 20 oct (dpa) - Con grandes radiotelescopios en la ciudad alemana de Bonn y en Australia un grupo de astr\u00f3nomos realiz\u00f3 un mapa especial de la V\u00eda L\u00e1ctea y sus alrededores. Es el mapa m\u00e1s exacto hasta la fecha sobre la distribuci\u00f3n de hidr\u00f3geno en esta zona. Los datos muestran estructuras importantes de","twitter:creator":"@nbasturias","twitter:image":"https:\/\/candas365.es\/noticias\/wp-content\/uploads\/2015\/09\/c365noticias.jpg","twitter:label1":"Escrito por","twitter:data1":"Cand\u00e1s 365","twitter:label2":"Tiempo de lectura estimado","twitter:data2":"2 minutos"},"aioseo_meta_data":{"post_id":"34447","title":null,"description":null,"keywords":null,"keyphrases":null,"primary_term":null,"canonical_url":null,"og_title":null,"og_description":null,"og_object_type":"default","og_image_type":"default","og_image_url":null,"og_image_width":null,"og_image_height":null,"og_image_custom_url":null,"og_image_custom_fields":null,"og_video":null,"og_custom_url":null,"og_article_section":null,"og_article_tags":null,"twitter_use_og":false,"twitter_card":"default","twitter_image_type":"default","twitter_image_url":null,"twitter_image_custom_url":null,"twitter_image_custom_fields":null,"twitter_title":null,"twitter_description":null,"schema":{"blockGraphs":[],"customGraphs":[],"default":{"data":{"Article":[],"Course":[],"Dataset":[],"FAQPage":[],"Movie":[],"Person":[],"Product":[],"ProductReview":[],"Car":[],"Recipe":[],"Service":[],"SoftwareApplication":[],"WebPage":[]},"graphName":"","isEnabled":true},"graphs":[],"defaultGraph":"","defaultPostTypeGraph":""},"schema_type":null,"schema_type_options":null,"pillar_content":false,"robots_default":true,"robots_noindex":false,"robots_noarchive":false,"robots_nosnippet":false,"robots_nofollow":false,"robots_noimageindex":false,"robots_noodp":false,"robots_notranslate":false,"robots_max_snippet":null,"robots_max_videopreview":null,"robots_max_imagepreview":"large","priority":null,"frequency":null,"location":null,"local_seo":null,"seo_analyzer_scan_date":"2025-08-24 17:50:12","breadcrumb_settings":null,"limit_modified_date":false,"reviewed_by":null,"open_ai":null,"ai":null,"created":"2020-12-21 13:08:20","updated":"2025-08-24 17:50:12"},"aioseo_breadcrumb":"<div class=\"aioseo-breadcrumbs\"><span class=\"aioseo-breadcrumb\">\n\t<a href=\"https:\/\/candas365.es\/noticias\" title=\"Home\">Home<\/a>\n<\/span><span class=\"aioseo-breadcrumb-separator\">&ndash;<\/span><span class=\"aioseo-breadcrumb\">\n\t<a href=\"https:\/\/candas365.es\/noticias\/category\/actualidad\/\" title=\"Actualidad\">Actualidad<\/a>\n<\/span><span class=\"aioseo-breadcrumb-separator\">&ndash;<\/span><span class=\"aioseo-breadcrumb\">\n\tPresentan el mapa m\u00e1s detallado de la V\u00eda L\u00e1ctea\n<\/span><\/div>","aioseo_breadcrumb_json":[{"label":"Home","link":"https:\/\/candas365.es\/noticias"},{"label":"Actualidad","link":"https:\/\/candas365.es\/noticias\/category\/actualidad\/"},{"label":"Presentan el mapa m\u00e1s detallado de la V\u00eda L\u00e1ctea","link":"https:\/\/candas365.es\/noticias\/presentan-el-mapa-mas-detallado-de-la-via-lactea\/"}],"_links":{"self":[{"href":"https:\/\/candas365.es\/noticias\/wp-json\/wp\/v2\/posts\/34447","targetHints":{"allow":["GET"]}}],"collection":[{"href":"https:\/\/candas365.es\/noticias\/wp-json\/wp\/v2\/posts"}],"about":[{"href":"https:\/\/candas365.es\/noticias\/wp-json\/wp\/v2\/types\/post"}],"author":[{"embeddable":true,"href":"https:\/\/candas365.es\/noticias\/wp-json\/wp\/v2\/users\/1"}],"replies":[{"embeddable":true,"href":"https:\/\/candas365.es\/noticias\/wp-json\/wp\/v2\/comments?post=34447"}],"version-history":[{"count":0,"href":"https:\/\/candas365.es\/noticias\/wp-json\/wp\/v2\/posts\/34447\/revisions"}],"wp:featuredmedia":[{"embeddable":true,"href":"https:\/\/candas365.es\/noticias\/wp-json\/wp\/v2\/media\/16457"}],"wp:attachment":[{"href":"https:\/\/candas365.es\/noticias\/wp-json\/wp\/v2\/media?parent=34447"}],"wp:term":[{"taxonomy":"category","embeddable":true,"href":"https:\/\/candas365.es\/noticias\/wp-json\/wp\/v2\/categories?post=34447"},{"taxonomy":"post_tag","embeddable":true,"href":"https:\/\/candas365.es\/noticias\/wp-json\/wp\/v2\/tags?post=34447"}],"curies":[{"name":"wp","href":"https:\/\/api.w.org\/{rel}","templated":true}]}}