{"id":34441,"date":"2016-10-20T22:49:31","date_gmt":"2016-10-20T21:19:31","guid":{"rendered":"http:\/\/candas365.es\/noticias\/?p=34441"},"modified":"2016-10-20T22:49:31","modified_gmt":"2016-10-20T21:19:31","slug":"economistas-alemanes-alertan-del-riesgo-del-brexit-para-farmaceuticas","status":"publish","type":"post","link":"https:\/\/candas365.es\/noticias\/economistas-alemanes-alertan-del-riesgo-del-brexit-para-farmaceuticas\/","title":{"rendered":"Economistas alemanes alertan del riesgo del Brexit para farmac\u00e9uticas"},"content":{"rendered":"<p>Mannheim (Alemania), 20 oct (dpa) &#8211; La salida del Reino Unido de la Uni\u00f3n Europea (UE) supondr\u00e1 un gran desaf\u00edo para la industria farmac\u00e9utica alemana, cuyas exportaciones ser\u00e1n \u00abcon diferencia\u00bb las m\u00e1s afectadas, seg\u00fan un estudio publicado hoy por el Centro de Investigaci\u00f3n Econ\u00f3mica Europea (ZEW).<\/p>\n<p>El sector aeroespacial, as\u00ed como la industria del ferrocarril tambi\u00e9n tendr\u00e1n que hacer frente a elevados riesgos en las importaciones, indicaron los expertos. Adem\u00e1s, se esperan problemas para la industria automotriz y para los productos electr\u00f3nicos y \u00f3pticos, agregaron.<\/p>\n<p>Por el contrario, la industria de construcci\u00f3n de maquinaria y de la alimentaci\u00f3n est\u00e1 bien preparada para hacer frente a la salida del Reino Unido de la UE.<\/p>\n<p>Asimismo, el director del estudio del ZEW, Friedrich Heinemann, resalt\u00f3 el peligro de que la UE pueda tender f\u00e1cilmente al proteccionismo una vez se produzca el \u00abBrexit\u00bb.<\/p>\n<p>El Reino Unido est\u00e1 a favor del libre comercio, mientras Italia y el este de Europa establecen trabas burocr\u00e1ticas, indic\u00f3.<\/p>\n<p>El Gobierno brit\u00e1nico anunci\u00f3 que presentar\u00e1 la solicitud formal de salida antes de marzo de 2017. Seg\u00fan el ZEW, Suiza, Pa\u00edses Bajos, B\u00e9lgica e Irlanda se ver\u00e1n mucho m\u00e1s afectados por el \u00abBrexit\u00bb que Alemania.<\/p>\n","protected":false},"excerpt":{"rendered":"<p>Mannheim (Alemania), 20 oct (dpa) &#8211; La salida del Reino Unido de la Uni\u00f3n Europea (UE) supondr\u00e1 un gran desaf\u00edo para la industria farmac\u00e9utica alemana, cuyas exportaciones ser\u00e1n \u00abcon diferencia\u00bb las m\u00e1s afectadas, seg\u00fan un estudio publicado hoy por el Centro de Investigaci\u00f3n Econ\u00f3mica Europea (ZEW). El sector aeroespacial, as\u00ed como la industria del ferrocarril<\/p>\n","protected":false},"author":1,"featured_media":19556,"comment_status":"closed","ping_status":"closed","sticky":false,"template":"","format":"standard","meta":{"footnotes":""},"categories":[343],"tags":[],"class_list":{"0":"post-34441","1":"post","2":"type-post","3":"status-publish","4":"format-standard","5":"has-post-thumbnail","7":"category-actualidad"},"aioseo_notices":[],"aioseo_head":"\n\t\t<!-- All in One SEO Pro 4.9.6.2 - aioseo.com -->\n\t<meta name=\"description\" content=\"Mannheim (Alemania), 20 oct (dpa) - La salida del Reino Unido de la Uni\u00f3n Europea (UE) supondr\u00e1 un gran desaf\u00edo para la industria farmac\u00e9utica alemana, cuyas exportaciones ser\u00e1n &quot;con diferencia&quot; las m\u00e1s afectadas, seg\u00fan un estudio publicado hoy por el Centro de Investigaci\u00f3n Econ\u00f3mica Europea (ZEW). El sector aeroespacial, as\u00ed como la industria del ferrocarril\" \/>\n\t<meta name=\"robots\" content=\"max-image-preview:large\" \/>\n\t<meta name=\"author\" content=\"Cand\u00e1s 365\"\/>\n\t<meta name=\"google-site-verification\" content=\"UA-32230408-1\" \/>\n\t<meta name=\"msvalidate.01\" content=\"354F3CDFB2DA171B47FBE9ABF1F88D5\" \/>\n\t<meta name=\"keywords\" content=\"actualidad\" \/>\n\t<link rel=\"canonical\" href=\"https:\/\/candas365.es\/noticias\/economistas-alemanes-alertan-del-riesgo-del-brexit-para-farmaceuticas\/\" \/>\n\t<meta name=\"generator\" content=\"All in One SEO Pro (AIOSEO) 4.9.6.2\" \/>\n\t\t<meta property=\"og:locale\" content=\"es_ES\" \/>\n\t\t<meta property=\"og:site_name\" content=\"Cand\u00e1s 365\" \/>\n\t\t<meta property=\"og:type\" content=\"article\" \/>\n\t\t<meta property=\"og:title\" content=\"Economistas alemanes alertan del riesgo del Brexit para farmac\u00e9uticas | Cand\u00e1s 365\" \/>\n\t\t<meta property=\"og:description\" content=\"Mannheim (Alemania), 20 oct (dpa) - La salida del Reino Unido de la Uni\u00f3n Europea (UE) supondr\u00e1 un gran desaf\u00edo para la industria farmac\u00e9utica alemana, cuyas exportaciones ser\u00e1n &quot;con diferencia&quot; las m\u00e1s afectadas, seg\u00fan un estudio publicado hoy por el Centro de Investigaci\u00f3n Econ\u00f3mica Europea (ZEW). El sector aeroespacial, as\u00ed como la industria del ferrocarril\" \/>\n\t\t<meta property=\"og:url\" content=\"https:\/\/candas365.es\/noticias\/economistas-alemanes-alertan-del-riesgo-del-brexit-para-farmaceuticas\/\" \/>\n\t\t<meta property=\"og:image\" content=\"https:\/\/candas365.es\/noticias\/wp-content\/uploads\/2015\/11\/euros.jpg\" \/>\n\t\t<meta property=\"og:image:secure_url\" content=\"https:\/\/candas365.es\/noticias\/wp-content\/uploads\/2015\/11\/euros.jpg\" \/>\n\t\t<meta property=\"og:image:width\" content=\"655\" \/>\n\t\t<meta property=\"og:image:height\" content=\"360\" \/>\n\t\t<meta property=\"article:published_time\" content=\"2016-10-20T21:19:31+00:00\" \/>\n\t\t<meta property=\"article:modified_time\" content=\"2016-10-20T21:19:31+00:00\" \/>\n\t\t<meta property=\"article:publisher\" content=\"https:\/\/www.facebook.com\/Nachofdezber\" \/>\n\t\t<meta property=\"article:author\" content=\"https:\/\/www.facebook.com\/carrenoactualidad\" \/>\n\t\t<meta name=\"twitter:card\" content=\"summary_large_image\" \/>\n\t\t<meta name=\"twitter:site\" content=\"@NabercoDigital\" \/>\n\t\t<meta name=\"twitter:title\" content=\"Economistas alemanes alertan del riesgo del Brexit para farmac\u00e9uticas | Cand\u00e1s 365\" \/>\n\t\t<meta name=\"twitter:description\" content=\"Mannheim (Alemania), 20 oct (dpa) - La salida del Reino Unido de la Uni\u00f3n Europea (UE) supondr\u00e1 un gran desaf\u00edo para la industria farmac\u00e9utica alemana, cuyas exportaciones ser\u00e1n &quot;con diferencia&quot; las m\u00e1s afectadas, seg\u00fan un estudio publicado hoy por el Centro de Investigaci\u00f3n Econ\u00f3mica Europea (ZEW). El sector aeroespacial, as\u00ed como la industria del ferrocarril\" \/>\n\t\t<meta name=\"twitter:creator\" content=\"@nbasturias\" \/>\n\t\t<meta name=\"twitter:image\" content=\"https:\/\/candas365.es\/noticias\/wp-content\/uploads\/2015\/11\/euros.jpg\" \/>\n\t\t<meta name=\"twitter:label1\" content=\"Escrito por\" \/>\n\t\t<meta name=\"twitter:data1\" content=\"Cand\u00e1s 365\" \/>\n\t\t<meta name=\"twitter:label2\" content=\"Tiempo de lectura estimado\" \/>\n\t\t<meta name=\"twitter:data2\" content=\"1 minuto\" \/>\n\t\t<script type=\"application\/ld+json\" class=\"aioseo-schema\">\n\t\t\t{\"@context\":\"https:\\\/\\\/schema.org\",\"@graph\":[{\"@type\":\"BreadcrumbList\",\"@id\":\"https:\\\/\\\/candas365.es\\\/noticias\\\/economistas-alemanes-alertan-del-riesgo-del-brexit-para-farmaceuticas\\\/#breadcrumblist\",\"itemListElement\":[{\"@type\":\"ListItem\",\"@id\":\"https:\\\/\\\/candas365.es\\\/noticias#listItem\",\"position\":1,\"name\":\"Home\",\"item\":\"https:\\\/\\\/candas365.es\\\/noticias\",\"nextItem\":{\"@type\":\"ListItem\",\"@id\":\"https:\\\/\\\/candas365.es\\\/noticias\\\/category\\\/actualidad\\\/#listItem\",\"name\":\"Actualidad\"}},{\"@type\":\"ListItem\",\"@id\":\"https:\\\/\\\/candas365.es\\\/noticias\\\/category\\\/actualidad\\\/#listItem\",\"position\":2,\"name\":\"Actualidad\",\"item\":\"https:\\\/\\\/candas365.es\\\/noticias\\\/category\\\/actualidad\\\/\",\"nextItem\":{\"@type\":\"ListItem\",\"@id\":\"https:\\\/\\\/candas365.es\\\/noticias\\\/economistas-alemanes-alertan-del-riesgo-del-brexit-para-farmaceuticas\\\/#listItem\",\"name\":\"Economistas alemanes alertan del riesgo del Brexit para farmac\\u00e9uticas\"},\"previousItem\":{\"@type\":\"ListItem\",\"@id\":\"https:\\\/\\\/candas365.es\\\/noticias#listItem\",\"name\":\"Home\"}},{\"@type\":\"ListItem\",\"@id\":\"https:\\\/\\\/candas365.es\\\/noticias\\\/economistas-alemanes-alertan-del-riesgo-del-brexit-para-farmaceuticas\\\/#listItem\",\"position\":3,\"name\":\"Economistas alemanes alertan del riesgo del Brexit para farmac\\u00e9uticas\",\"previousItem\":{\"@type\":\"ListItem\",\"@id\":\"https:\\\/\\\/candas365.es\\\/noticias\\\/category\\\/actualidad\\\/#listItem\",\"name\":\"Actualidad\"}}]},{\"@type\":\"NewsArticle\",\"@id\":\"https:\\\/\\\/candas365.es\\\/noticias\\\/economistas-alemanes-alertan-del-riesgo-del-brexit-para-farmaceuticas\\\/#newsarticle\",\"name\":\"Economistas alemanes alertan del riesgo del Brexit para farmac\\u00e9uticas | Cand\\u00e1s 365\",\"headline\":\"Economistas alemanes alertan del riesgo del Brexit para farmac\\u00e9uticas\",\"author\":{\"@id\":\"https:\\\/\\\/candas365.es\\\/noticias\\\/author\\\/admin\\\/#author\"},\"publisher\":{\"@id\":\"https:\\\/\\\/candas365.es\\\/noticias\\\/#organization\"},\"image\":{\"@type\":\"ImageObject\",\"url\":\"https:\\\/\\\/candas365.es\\\/noticias\\\/wp-content\\\/uploads\\\/2015\\\/11\\\/euros.jpg\",\"width\":655,\"height\":360},\"datePublished\":\"2016-10-20T22:49:31+02:00\",\"dateModified\":\"2016-10-20T22:49:31+02:00\",\"inLanguage\":\"es-ES\",\"mainEntityOfPage\":{\"@id\":\"https:\\\/\\\/candas365.es\\\/noticias\\\/economistas-alemanes-alertan-del-riesgo-del-brexit-para-farmaceuticas\\\/#webpage\"},\"isPartOf\":{\"@id\":\"https:\\\/\\\/candas365.es\\\/noticias\\\/economistas-alemanes-alertan-del-riesgo-del-brexit-para-farmaceuticas\\\/#webpage\"},\"articleSection\":\"Actualidad\",\"dateline\":\"Publicado el octubre 20, 2016.\"},{\"@type\":\"Organization\",\"@id\":\"https:\\\/\\\/candas365.es\\\/noticias\\\/#organization\",\"name\":\"Cand\\u00e1s 365\",\"description\":\"Cand\\u00e1s 365 es un diario digital independiente, fundado en 2012, con base en Asturias. Informamos con rigor sobre actualidad, sociedad, cultura y ocio, con una mirada local y global.\",\"url\":\"https:\\\/\\\/candas365.es\\\/noticias\\\/\",\"email\":\"info@candas365.es\",\"telephone\":\"+34652131393\",\"foundingDate\":\"2012-06-10\",\"logo\":{\"@type\":\"ImageObject\",\"url\":\"https:\\\/\\\/candas365.es\\\/noticias\\\/wp-content\\\/uploads\\\/2024\\\/09\\\/Candas-365-Redes.jpg\",\"@id\":\"https:\\\/\\\/candas365.es\\\/noticias\\\/economistas-alemanes-alertan-del-riesgo-del-brexit-para-farmaceuticas\\\/#organizationLogo\",\"width\":1152,\"height\":864,\"caption\":\"Cand\\u00e1s 365 Redes\"},\"image\":{\"@id\":\"https:\\\/\\\/candas365.es\\\/noticias\\\/economistas-alemanes-alertan-del-riesgo-del-brexit-para-farmaceuticas\\\/#organizationLogo\"},\"sameAs\":[\"https:\\\/\\\/www.facebook.com\\\/Nachofdezber\",\"https:\\\/\\\/x.com\\\/NabercoDigital\",\"https:\\\/\\\/www.instagram.com\\\/nachofdezber\\\/\",\"https:\\\/\\\/www.youtube.com\\\/channel\\\/UCZP-2wLEB9Rv6erhFmqVnvg\"],\"address\":{\"@id\":\"https:\\\/\\\/candas365.es\\\/noticias\\\/#postaladdress\",\"@type\":\"PostalAddress\",\"streetAddress\":\"san antonio 4, san antonio 4\",\"postalCode\":\"33430\",\"addressLocality\":\"Cand\\u00e1s\",\"addressRegion\":\"Asturias\",\"addressCountry\":\"ES\"}},{\"@type\":\"Person\",\"@id\":\"https:\\\/\\\/candas365.es\\\/noticias\\\/author\\\/admin\\\/#author\",\"url\":\"https:\\\/\\\/candas365.es\\\/noticias\\\/author\\\/admin\\\/\",\"name\":\"Cand\\u00e1s 365\",\"image\":{\"@type\":\"ImageObject\",\"@id\":\"https:\\\/\\\/candas365.es\\\/noticias\\\/economistas-alemanes-alertan-del-riesgo-del-brexit-para-farmaceuticas\\\/#authorImage\",\"url\":\"https:\\\/\\\/secure.gravatar.com\\\/avatar\\\/496a8e03d0c493ede1718b7934145dbdf8d89be1036b0eec9544e1094c9de390?s=96&d=mm&r=g\",\"width\":96,\"height\":96,\"caption\":\"Cand\\u00e1s 365\"},\"sameAs\":[\"https:\\\/\\\/www.facebook.com\\\/carrenoactualidad\",\"https:\\\/\\\/twitter.com\\\/nbasturias\",\"https:\\\/\\\/www.instagram.com\\\/nachofdezber\\\/\",\"https:\\\/\\\/www.youtube.com\\\/channel\\\/UCZP-2wLEB9Rv6erhFmqVnvg\"]},{\"@type\":\"WebPage\",\"@id\":\"https:\\\/\\\/candas365.es\\\/noticias\\\/economistas-alemanes-alertan-del-riesgo-del-brexit-para-farmaceuticas\\\/#webpage\",\"url\":\"https:\\\/\\\/candas365.es\\\/noticias\\\/economistas-alemanes-alertan-del-riesgo-del-brexit-para-farmaceuticas\\\/\",\"name\":\"Economistas alemanes alertan del riesgo del Brexit para farmac\\u00e9uticas | Cand\\u00e1s 365\",\"description\":\"Mannheim (Alemania), 20 oct (dpa) - La salida del Reino Unido de la Uni\\u00f3n Europea (UE) supondr\\u00e1 un gran desaf\\u00edo para la industria farmac\\u00e9utica alemana, cuyas exportaciones ser\\u00e1n \\\"con diferencia\\\" las m\\u00e1s afectadas, seg\\u00fan un estudio publicado hoy por el Centro de Investigaci\\u00f3n Econ\\u00f3mica Europea (ZEW). El sector aeroespacial, as\\u00ed como la industria del ferrocarril\",\"inLanguage\":\"es-ES\",\"isPartOf\":{\"@id\":\"https:\\\/\\\/candas365.es\\\/noticias\\\/#website\"},\"breadcrumb\":{\"@id\":\"https:\\\/\\\/candas365.es\\\/noticias\\\/economistas-alemanes-alertan-del-riesgo-del-brexit-para-farmaceuticas\\\/#breadcrumblist\"},\"author\":{\"@id\":\"https:\\\/\\\/candas365.es\\\/noticias\\\/author\\\/admin\\\/#author\"},\"creator\":{\"@id\":\"https:\\\/\\\/candas365.es\\\/noticias\\\/author\\\/admin\\\/#author\"},\"image\":{\"@type\":\"ImageObject\",\"url\":\"https:\\\/\\\/candas365.es\\\/noticias\\\/wp-content\\\/uploads\\\/2015\\\/11\\\/euros.jpg\",\"@id\":\"https:\\\/\\\/candas365.es\\\/noticias\\\/economistas-alemanes-alertan-del-riesgo-del-brexit-para-farmaceuticas\\\/#mainImage\",\"width\":655,\"height\":360},\"primaryImageOfPage\":{\"@id\":\"https:\\\/\\\/candas365.es\\\/noticias\\\/economistas-alemanes-alertan-del-riesgo-del-brexit-para-farmaceuticas\\\/#mainImage\"},\"datePublished\":\"2016-10-20T22:49:31+02:00\",\"dateModified\":\"2016-10-20T22:49:31+02:00\"},{\"@type\":\"WebSite\",\"@id\":\"https:\\\/\\\/candas365.es\\\/noticias\\\/#website\",\"url\":\"https:\\\/\\\/candas365.es\\\/noticias\\\/\",\"name\":\"Cand\\u00e1s 365\",\"alternateName\":\"Cand\\u00e1s 365 Noticias\",\"description\":\"Actualidad desde Carre\\u00f1o para el mundo\",\"inLanguage\":\"es-ES\",\"publisher\":{\"@id\":\"https:\\\/\\\/candas365.es\\\/noticias\\\/#organization\"}}]}\n\t\t<\/script>\n\t\t<!-- All in One SEO Pro -->\r\n\t\t<title>Economistas alemanes alertan del riesgo del Brexit para farmac\u00e9uticas | Cand\u00e1s 365<\/title>\n\n","aioseo_head_json":{"title":"Economistas alemanes alertan del riesgo del Brexit para farmac\u00e9uticas | Cand\u00e1s 365","description":"Mannheim (Alemania), 20 oct (dpa) - La salida del Reino Unido de la Uni\u00f3n Europea (UE) supondr\u00e1 un gran desaf\u00edo para la industria farmac\u00e9utica alemana, cuyas exportaciones ser\u00e1n \"con diferencia\" las m\u00e1s afectadas, seg\u00fan un estudio publicado hoy por el Centro de Investigaci\u00f3n Econ\u00f3mica Europea (ZEW). El sector aeroespacial, as\u00ed como la industria del ferrocarril","canonical_url":"https:\/\/candas365.es\/noticias\/economistas-alemanes-alertan-del-riesgo-del-brexit-para-farmaceuticas\/","robots":"max-image-preview:large","keywords":"actualidad","webmasterTools":{"google-site-verification":"UA-32230408-1","msvalidate.01":"354F3CDFB2DA171B47FBE9ABF1F88D5","miscellaneous":""},"schema":{"@context":"https:\/\/schema.org","@graph":[{"@type":"BreadcrumbList","@id":"https:\/\/candas365.es\/noticias\/economistas-alemanes-alertan-del-riesgo-del-brexit-para-farmaceuticas\/#breadcrumblist","itemListElement":[{"@type":"ListItem","@id":"https:\/\/candas365.es\/noticias#listItem","position":1,"name":"Home","item":"https:\/\/candas365.es\/noticias","nextItem":{"@type":"ListItem","@id":"https:\/\/candas365.es\/noticias\/category\/actualidad\/#listItem","name":"Actualidad"}},{"@type":"ListItem","@id":"https:\/\/candas365.es\/noticias\/category\/actualidad\/#listItem","position":2,"name":"Actualidad","item":"https:\/\/candas365.es\/noticias\/category\/actualidad\/","nextItem":{"@type":"ListItem","@id":"https:\/\/candas365.es\/noticias\/economistas-alemanes-alertan-del-riesgo-del-brexit-para-farmaceuticas\/#listItem","name":"Economistas alemanes alertan del riesgo del Brexit para farmac\u00e9uticas"},"previousItem":{"@type":"ListItem","@id":"https:\/\/candas365.es\/noticias#listItem","name":"Home"}},{"@type":"ListItem","@id":"https:\/\/candas365.es\/noticias\/economistas-alemanes-alertan-del-riesgo-del-brexit-para-farmaceuticas\/#listItem","position":3,"name":"Economistas alemanes alertan del riesgo del Brexit para farmac\u00e9uticas","previousItem":{"@type":"ListItem","@id":"https:\/\/candas365.es\/noticias\/category\/actualidad\/#listItem","name":"Actualidad"}}]},{"@type":"NewsArticle","@id":"https:\/\/candas365.es\/noticias\/economistas-alemanes-alertan-del-riesgo-del-brexit-para-farmaceuticas\/#newsarticle","name":"Economistas alemanes alertan del riesgo del Brexit para farmac\u00e9uticas | Cand\u00e1s 365","headline":"Economistas alemanes alertan del riesgo del Brexit para farmac\u00e9uticas","author":{"@id":"https:\/\/candas365.es\/noticias\/author\/admin\/#author"},"publisher":{"@id":"https:\/\/candas365.es\/noticias\/#organization"},"image":{"@type":"ImageObject","url":"https:\/\/candas365.es\/noticias\/wp-content\/uploads\/2015\/11\/euros.jpg","width":655,"height":360},"datePublished":"2016-10-20T22:49:31+02:00","dateModified":"2016-10-20T22:49:31+02:00","inLanguage":"es-ES","mainEntityOfPage":{"@id":"https:\/\/candas365.es\/noticias\/economistas-alemanes-alertan-del-riesgo-del-brexit-para-farmaceuticas\/#webpage"},"isPartOf":{"@id":"https:\/\/candas365.es\/noticias\/economistas-alemanes-alertan-del-riesgo-del-brexit-para-farmaceuticas\/#webpage"},"articleSection":"Actualidad","dateline":"Publicado el octubre 20, 2016."},{"@type":"Organization","@id":"https:\/\/candas365.es\/noticias\/#organization","name":"Cand\u00e1s 365","description":"Cand\u00e1s 365 es un diario digital independiente, fundado en 2012, con base en Asturias. Informamos con rigor sobre actualidad, sociedad, cultura y ocio, con una mirada local y global.","url":"https:\/\/candas365.es\/noticias\/","email":"info@candas365.es","telephone":"+34652131393","foundingDate":"2012-06-10","logo":{"@type":"ImageObject","url":"https:\/\/candas365.es\/noticias\/wp-content\/uploads\/2024\/09\/Candas-365-Redes.jpg","@id":"https:\/\/candas365.es\/noticias\/economistas-alemanes-alertan-del-riesgo-del-brexit-para-farmaceuticas\/#organizationLogo","width":1152,"height":864,"caption":"Cand\u00e1s 365 Redes"},"image":{"@id":"https:\/\/candas365.es\/noticias\/economistas-alemanes-alertan-del-riesgo-del-brexit-para-farmaceuticas\/#organizationLogo"},"sameAs":["https:\/\/www.facebook.com\/Nachofdezber","https:\/\/x.com\/NabercoDigital","https:\/\/www.instagram.com\/nachofdezber\/","https:\/\/www.youtube.com\/channel\/UCZP-2wLEB9Rv6erhFmqVnvg"],"address":{"@id":"https:\/\/candas365.es\/noticias\/#postaladdress","@type":"PostalAddress","streetAddress":"san antonio 4, san antonio 4","postalCode":"33430","addressLocality":"Cand\u00e1s","addressRegion":"Asturias","addressCountry":"ES"}},{"@type":"Person","@id":"https:\/\/candas365.es\/noticias\/author\/admin\/#author","url":"https:\/\/candas365.es\/noticias\/author\/admin\/","name":"Cand\u00e1s 365","image":{"@type":"ImageObject","@id":"https:\/\/candas365.es\/noticias\/economistas-alemanes-alertan-del-riesgo-del-brexit-para-farmaceuticas\/#authorImage","url":"https:\/\/secure.gravatar.com\/avatar\/496a8e03d0c493ede1718b7934145dbdf8d89be1036b0eec9544e1094c9de390?s=96&d=mm&r=g","width":96,"height":96,"caption":"Cand\u00e1s 365"},"sameAs":["https:\/\/www.facebook.com\/carrenoactualidad","https:\/\/twitter.com\/nbasturias","https:\/\/www.instagram.com\/nachofdezber\/","https:\/\/www.youtube.com\/channel\/UCZP-2wLEB9Rv6erhFmqVnvg"]},{"@type":"WebPage","@id":"https:\/\/candas365.es\/noticias\/economistas-alemanes-alertan-del-riesgo-del-brexit-para-farmaceuticas\/#webpage","url":"https:\/\/candas365.es\/noticias\/economistas-alemanes-alertan-del-riesgo-del-brexit-para-farmaceuticas\/","name":"Economistas alemanes alertan del riesgo del Brexit para farmac\u00e9uticas | Cand\u00e1s 365","description":"Mannheim (Alemania), 20 oct (dpa) - La salida del Reino Unido de la Uni\u00f3n Europea (UE) supondr\u00e1 un gran desaf\u00edo para la industria farmac\u00e9utica alemana, cuyas exportaciones ser\u00e1n \"con diferencia\" las m\u00e1s afectadas, seg\u00fan un estudio publicado hoy por el Centro de Investigaci\u00f3n Econ\u00f3mica Europea (ZEW). El sector aeroespacial, as\u00ed como la industria del ferrocarril","inLanguage":"es-ES","isPartOf":{"@id":"https:\/\/candas365.es\/noticias\/#website"},"breadcrumb":{"@id":"https:\/\/candas365.es\/noticias\/economistas-alemanes-alertan-del-riesgo-del-brexit-para-farmaceuticas\/#breadcrumblist"},"author":{"@id":"https:\/\/candas365.es\/noticias\/author\/admin\/#author"},"creator":{"@id":"https:\/\/candas365.es\/noticias\/author\/admin\/#author"},"image":{"@type":"ImageObject","url":"https:\/\/candas365.es\/noticias\/wp-content\/uploads\/2015\/11\/euros.jpg","@id":"https:\/\/candas365.es\/noticias\/economistas-alemanes-alertan-del-riesgo-del-brexit-para-farmaceuticas\/#mainImage","width":655,"height":360},"primaryImageOfPage":{"@id":"https:\/\/candas365.es\/noticias\/economistas-alemanes-alertan-del-riesgo-del-brexit-para-farmaceuticas\/#mainImage"},"datePublished":"2016-10-20T22:49:31+02:00","dateModified":"2016-10-20T22:49:31+02:00"},{"@type":"WebSite","@id":"https:\/\/candas365.es\/noticias\/#website","url":"https:\/\/candas365.es\/noticias\/","name":"Cand\u00e1s 365","alternateName":"Cand\u00e1s 365 Noticias","description":"Actualidad desde Carre\u00f1o para el mundo","inLanguage":"es-ES","publisher":{"@id":"https:\/\/candas365.es\/noticias\/#organization"}}]},"og:locale":"es_ES","og:site_name":"Cand\u00e1s 365","og:type":"article","og:title":"Economistas alemanes alertan del riesgo del Brexit para farmac\u00e9uticas | Cand\u00e1s 365","og:description":"Mannheim (Alemania), 20 oct (dpa) - La salida del Reino Unido de la Uni\u00f3n Europea (UE) supondr\u00e1 un gran desaf\u00edo para la industria farmac\u00e9utica alemana, cuyas exportaciones ser\u00e1n &quot;con diferencia&quot; las m\u00e1s afectadas, seg\u00fan un estudio publicado hoy por el Centro de Investigaci\u00f3n Econ\u00f3mica Europea (ZEW). El sector aeroespacial, as\u00ed como la industria del ferrocarril","og:url":"https:\/\/candas365.es\/noticias\/economistas-alemanes-alertan-del-riesgo-del-brexit-para-farmaceuticas\/","og:image":"https:\/\/candas365.es\/noticias\/wp-content\/uploads\/2015\/11\/euros.jpg","og:image:secure_url":"https:\/\/candas365.es\/noticias\/wp-content\/uploads\/2015\/11\/euros.jpg","og:image:width":655,"og:image:height":360,"article:published_time":"2016-10-20T21:19:31+00:00","article:modified_time":"2016-10-20T21:19:31+00:00","article:publisher":"https:\/\/www.facebook.com\/Nachofdezber","article:author":"https:\/\/www.facebook.com\/carrenoactualidad","twitter:card":"summary_large_image","twitter:site":"@NabercoDigital","twitter:title":"Economistas alemanes alertan del riesgo del Brexit para farmac\u00e9uticas | Cand\u00e1s 365","twitter:description":"Mannheim (Alemania), 20 oct (dpa) - La salida del Reino Unido de la Uni\u00f3n Europea (UE) supondr\u00e1 un gran desaf\u00edo para la industria farmac\u00e9utica alemana, cuyas exportaciones ser\u00e1n &quot;con diferencia&quot; las m\u00e1s afectadas, seg\u00fan un estudio publicado hoy por el Centro de Investigaci\u00f3n Econ\u00f3mica Europea (ZEW). El sector aeroespacial, as\u00ed como la industria del ferrocarril","twitter:creator":"@nbasturias","twitter:image":"https:\/\/candas365.es\/noticias\/wp-content\/uploads\/2015\/11\/euros.jpg","twitter:label1":"Escrito por","twitter:data1":"Cand\u00e1s 365","twitter:label2":"Tiempo de lectura estimado","twitter:data2":"1 minuto"},"aioseo_meta_data":{"post_id":"34441","title":null,"description":null,"keywords":null,"keyphrases":null,"primary_term":null,"canonical_url":null,"og_title":null,"og_description":null,"og_object_type":"default","og_image_type":"default","og_image_url":null,"og_image_width":null,"og_image_height":null,"og_image_custom_url":null,"og_image_custom_fields":null,"og_video":null,"og_custom_url":null,"og_article_section":null,"og_article_tags":null,"twitter_use_og":false,"twitter_card":"default","twitter_image_type":"default","twitter_image_url":null,"twitter_image_custom_url":null,"twitter_image_custom_fields":null,"twitter_title":null,"twitter_description":null,"schema":{"blockGraphs":[],"customGraphs":[],"default":{"data":{"Article":[],"Course":[],"Dataset":[],"FAQPage":[],"Movie":[],"Person":[],"Product":[],"ProductReview":[],"Car":[],"Recipe":[],"Service":[],"SoftwareApplication":[],"WebPage":[]},"graphName":"","isEnabled":true},"graphs":[],"defaultGraph":"","defaultPostTypeGraph":""},"schema_type":null,"schema_type_options":null,"pillar_content":false,"robots_default":true,"robots_noindex":false,"robots_noarchive":false,"robots_nosnippet":false,"robots_nofollow":false,"robots_noimageindex":false,"robots_noodp":false,"robots_notranslate":false,"robots_max_snippet":null,"robots_max_videopreview":null,"robots_max_imagepreview":"large","priority":null,"frequency":null,"location":null,"local_seo":null,"seo_analyzer_scan_date":"2025-08-24 17:49:13","breadcrumb_settings":null,"limit_modified_date":false,"reviewed_by":null,"open_ai":null,"ai":null,"created":"2020-12-21 11:31:39","updated":"2025-08-24 17:49:13"},"aioseo_breadcrumb":"<div class=\"aioseo-breadcrumbs\"><span class=\"aioseo-breadcrumb\">\n\t<a href=\"https:\/\/candas365.es\/noticias\" title=\"Home\">Home<\/a>\n<\/span><span class=\"aioseo-breadcrumb-separator\">&ndash;<\/span><span class=\"aioseo-breadcrumb\">\n\t<a href=\"https:\/\/candas365.es\/noticias\/category\/actualidad\/\" title=\"Actualidad\">Actualidad<\/a>\n<\/span><span class=\"aioseo-breadcrumb-separator\">&ndash;<\/span><span class=\"aioseo-breadcrumb\">\n\tEconomistas alemanes alertan del riesgo del Brexit para farmac\u00e9uticas\n<\/span><\/div>","aioseo_breadcrumb_json":[{"label":"Home","link":"https:\/\/candas365.es\/noticias"},{"label":"Actualidad","link":"https:\/\/candas365.es\/noticias\/category\/actualidad\/"},{"label":"Economistas alemanes alertan del riesgo del Brexit para farmac\u00e9uticas","link":"https:\/\/candas365.es\/noticias\/economistas-alemanes-alertan-del-riesgo-del-brexit-para-farmaceuticas\/"}],"_links":{"self":[{"href":"https:\/\/candas365.es\/noticias\/wp-json\/wp\/v2\/posts\/34441","targetHints":{"allow":["GET"]}}],"collection":[{"href":"https:\/\/candas365.es\/noticias\/wp-json\/wp\/v2\/posts"}],"about":[{"href":"https:\/\/candas365.es\/noticias\/wp-json\/wp\/v2\/types\/post"}],"author":[{"embeddable":true,"href":"https:\/\/candas365.es\/noticias\/wp-json\/wp\/v2\/users\/1"}],"replies":[{"embeddable":true,"href":"https:\/\/candas365.es\/noticias\/wp-json\/wp\/v2\/comments?post=34441"}],"version-history":[{"count":0,"href":"https:\/\/candas365.es\/noticias\/wp-json\/wp\/v2\/posts\/34441\/revisions"}],"wp:featuredmedia":[{"embeddable":true,"href":"https:\/\/candas365.es\/noticias\/wp-json\/wp\/v2\/media\/19556"}],"wp:attachment":[{"href":"https:\/\/candas365.es\/noticias\/wp-json\/wp\/v2\/media?parent=34441"}],"wp:term":[{"taxonomy":"category","embeddable":true,"href":"https:\/\/candas365.es\/noticias\/wp-json\/wp\/v2\/categories?post=34441"},{"taxonomy":"post_tag","embeddable":true,"href":"https:\/\/candas365.es\/noticias\/wp-json\/wp\/v2\/tags?post=34441"}],"curies":[{"name":"wp","href":"https:\/\/api.w.org\/{rel}","templated":true}]}}