{"id":34347,"date":"2016-10-19T20:17:14","date_gmt":"2016-10-19T18:47:14","guid":{"rendered":"http:\/\/candas365.es\/noticias\/?p=34347"},"modified":"2016-10-19T20:17:14","modified_gmt":"2016-10-19T18:47:14","slug":"gobierno-aleman-da-luz-verde-a-la-firma-de-acuerdo-de-ue-con-canada","status":"publish","type":"post","link":"https:\/\/candas365.es\/noticias\/gobierno-aleman-da-luz-verde-a-la-firma-de-acuerdo-de-ue-con-canada\/","title":{"rendered":"Gobierno alem\u00e1n da luz verde a la firma de acuerdo de UE con Canad\u00e1"},"content":{"rendered":"<p><img fetchpriority=\"high\" decoding=\"async\" class=\"alignleft size-medium wp-image-14622\" src=\"https:\/\/candas365.es\/noticias\/wp-content\/uploads\/2015\/08\/merkel-360x198.jpg\" alt=\"merkel\" width=\"360\" height=\"198\" srcset=\"https:\/\/candas365.es\/noticias\/wp-content\/uploads\/2015\/08\/merkel-360x198.jpg 360w, https:\/\/candas365.es\/noticias\/wp-content\/uploads\/2015\/08\/merkel-650x357.jpg 650w, https:\/\/candas365.es\/noticias\/wp-content\/uploads\/2015\/08\/merkel-150x82.jpg 150w, https:\/\/candas365.es\/noticias\/wp-content\/uploads\/2015\/08\/merkel-450x247.jpg 450w, https:\/\/candas365.es\/noticias\/wp-content\/uploads\/2015\/08\/merkel.jpg 655w\" sizes=\"(max-width: 360px) 100vw, 360px\" \/>Berl\u00edn, 19 oct (dpa) &#8211; El Gobierno alem\u00e1n dio hoy luz verde a la firma del acuerdo de libre comercio entre la Uni\u00f3n Europea (UE) y Canad\u00e1, conocido como CETA por sus siglas en ingl\u00e9s, prevista para finales de octubre.<\/p>\n<p>\u00abEl Ceta es un acuerdo bueno y moderno\u00bb, asegur\u00f3 el ministro alem\u00e1n de Econom\u00eda, Sigmar Gabriel, uno de los principales defensores del acuerdo en el Gobierno alem\u00e1n. Ofrece una \u00abgran oportunidad de proporcionar reglas buenas y justas a la progresiva globalizaci\u00f3n\u00bb, agreg\u00f3 el vicecanciller germano y l\u00edder del Partido Socialdem\u00f3crata alem\u00e1n (SPD).<\/p>\n<p>Sin embargo, de momento no est\u00e1 claro si el acuerdo se podr\u00e1 firmar como estaba previsto el jueves de la pr\u00f3xima semana en la cumbre UE-Canad\u00e1 en Bruselas. En la cumbre de ministros de la UE en Luxemburgo el martes no se logr\u00f3 dar luz verde al pacto debido al veto impuesto por la regi\u00f3n belga de Valonia.<\/p>\n<p>La firma en Bruselas el 27 de octubre posibilita la entrada en vigor parcial del acuerdo, de todo lo relativo a competencias de la UE, antes de ser sometido a votaci\u00f3n en los Parlamentos de los Estados miembros.<\/p>\n<p>Posteriormente, el CETA deber\u00e1 ser ratificado por todos los miembros de la UE, ya que se trata de un tratado \u00abmixto\u00bb, es decir que toca competencias de la UE y de los pa\u00edses miembros, por lo que el Parlamento Europeo no tiene la \u00faltima palabra. El proceso de ratificaci\u00f3n se puede dilatar dos a\u00f1os y debe ser aprobado por unanimidad.<\/p>\n<p>&nbsp;<\/p>\n","protected":false},"excerpt":{"rendered":"<p>Berl\u00edn, 19 oct (dpa) &#8211; El Gobierno alem\u00e1n dio hoy luz verde a la firma del acuerdo de libre comercio entre la Uni\u00f3n Europea (UE) y Canad\u00e1, conocido como CETA por sus siglas en ingl\u00e9s, prevista para finales de octubre. \u00abEl Ceta es un acuerdo bueno y moderno\u00bb, asegur\u00f3 el ministro alem\u00e1n de Econom\u00eda, Sigmar<\/p>\n","protected":false},"author":1,"featured_media":14622,"comment_status":"closed","ping_status":"closed","sticky":false,"template":"","format":"standard","meta":{"footnotes":""},"categories":[343],"tags":[],"class_list":{"0":"post-34347","1":"post","2":"type-post","3":"status-publish","4":"format-standard","5":"has-post-thumbnail","7":"category-actualidad"},"aioseo_notices":[],"aioseo_head":"\n\t\t<!-- All in One SEO Pro 4.9.6.2 - aioseo.com -->\n\t<meta name=\"description\" content=\"Berl\u00edn, 19 oct (dpa) - El Gobierno alem\u00e1n dio hoy luz verde a la firma del acuerdo de libre comercio entre la Uni\u00f3n Europea (UE) y Canad\u00e1, conocido como CETA por sus siglas en ingl\u00e9s, prevista para finales de octubre. &quot;El Ceta es un acuerdo bueno y moderno&quot;, asegur\u00f3 el ministro alem\u00e1n de Econom\u00eda, Sigmar\" \/>\n\t<meta name=\"robots\" content=\"max-image-preview:large\" \/>\n\t<meta name=\"author\" content=\"Cand\u00e1s 365\"\/>\n\t<meta name=\"google-site-verification\" content=\"UA-32230408-1\" \/>\n\t<meta name=\"msvalidate.01\" content=\"354F3CDFB2DA171B47FBE9ABF1F88D5\" \/>\n\t<meta name=\"keywords\" content=\"actualidad\" \/>\n\t<link rel=\"canonical\" href=\"https:\/\/candas365.es\/noticias\/gobierno-aleman-da-luz-verde-a-la-firma-de-acuerdo-de-ue-con-canada\/\" \/>\n\t<meta name=\"generator\" content=\"All in One SEO Pro (AIOSEO) 4.9.6.2\" \/>\n\t\t<meta property=\"og:locale\" content=\"es_ES\" \/>\n\t\t<meta property=\"og:site_name\" content=\"Cand\u00e1s 365\" \/>\n\t\t<meta property=\"og:type\" content=\"article\" \/>\n\t\t<meta property=\"og:title\" content=\"Gobierno alem\u00e1n da luz verde a la firma de acuerdo de UE con Canad\u00e1 | Cand\u00e1s 365\" \/>\n\t\t<meta property=\"og:description\" content=\"Berl\u00edn, 19 oct (dpa) - El Gobierno alem\u00e1n dio hoy luz verde a la firma del acuerdo de libre comercio entre la Uni\u00f3n Europea (UE) y Canad\u00e1, conocido como CETA por sus siglas en ingl\u00e9s, prevista para finales de octubre. &quot;El Ceta es un acuerdo bueno y moderno&quot;, asegur\u00f3 el ministro alem\u00e1n de Econom\u00eda, Sigmar\" \/>\n\t\t<meta property=\"og:url\" content=\"https:\/\/candas365.es\/noticias\/gobierno-aleman-da-luz-verde-a-la-firma-de-acuerdo-de-ue-con-canada\/\" \/>\n\t\t<meta property=\"og:image\" content=\"https:\/\/candas365.es\/noticias\/wp-content\/uploads\/2015\/08\/merkel.jpg\" \/>\n\t\t<meta property=\"og:image:secure_url\" content=\"https:\/\/candas365.es\/noticias\/wp-content\/uploads\/2015\/08\/merkel.jpg\" \/>\n\t\t<meta property=\"og:image:width\" content=\"655\" \/>\n\t\t<meta property=\"og:image:height\" content=\"360\" \/>\n\t\t<meta property=\"article:published_time\" content=\"2016-10-19T18:47:14+00:00\" \/>\n\t\t<meta property=\"article:modified_time\" content=\"2016-10-19T18:47:14+00:00\" \/>\n\t\t<meta property=\"article:publisher\" content=\"https:\/\/www.facebook.com\/Nachofdezber\" \/>\n\t\t<meta property=\"article:author\" content=\"https:\/\/www.facebook.com\/carrenoactualidad\" \/>\n\t\t<meta name=\"twitter:card\" content=\"summary_large_image\" \/>\n\t\t<meta name=\"twitter:site\" content=\"@NabercoDigital\" \/>\n\t\t<meta name=\"twitter:title\" content=\"Gobierno alem\u00e1n da luz verde a la firma de acuerdo de UE con Canad\u00e1 | Cand\u00e1s 365\" \/>\n\t\t<meta name=\"twitter:description\" content=\"Berl\u00edn, 19 oct (dpa) - El Gobierno alem\u00e1n dio hoy luz verde a la firma del acuerdo de libre comercio entre la Uni\u00f3n Europea (UE) y Canad\u00e1, conocido como CETA por sus siglas en ingl\u00e9s, prevista para finales de octubre. &quot;El Ceta es un acuerdo bueno y moderno&quot;, asegur\u00f3 el ministro alem\u00e1n de Econom\u00eda, Sigmar\" \/>\n\t\t<meta name=\"twitter:creator\" content=\"@nbasturias\" \/>\n\t\t<meta name=\"twitter:image\" content=\"https:\/\/candas365.es\/noticias\/wp-content\/uploads\/2015\/08\/merkel.jpg\" \/>\n\t\t<meta name=\"twitter:label1\" content=\"Escrito por\" \/>\n\t\t<meta name=\"twitter:data1\" content=\"Cand\u00e1s 365\" \/>\n\t\t<meta name=\"twitter:label2\" content=\"Tiempo de lectura estimado\" \/>\n\t\t<meta name=\"twitter:data2\" content=\"1 minuto\" \/>\n\t\t<script type=\"application\/ld+json\" class=\"aioseo-schema\">\n\t\t\t{\"@context\":\"https:\\\/\\\/schema.org\",\"@graph\":[{\"@type\":\"BreadcrumbList\",\"@id\":\"https:\\\/\\\/candas365.es\\\/noticias\\\/gobierno-aleman-da-luz-verde-a-la-firma-de-acuerdo-de-ue-con-canada\\\/#breadcrumblist\",\"itemListElement\":[{\"@type\":\"ListItem\",\"@id\":\"https:\\\/\\\/candas365.es\\\/noticias#listItem\",\"position\":1,\"name\":\"Home\",\"item\":\"https:\\\/\\\/candas365.es\\\/noticias\",\"nextItem\":{\"@type\":\"ListItem\",\"@id\":\"https:\\\/\\\/candas365.es\\\/noticias\\\/category\\\/actualidad\\\/#listItem\",\"name\":\"Actualidad\"}},{\"@type\":\"ListItem\",\"@id\":\"https:\\\/\\\/candas365.es\\\/noticias\\\/category\\\/actualidad\\\/#listItem\",\"position\":2,\"name\":\"Actualidad\",\"item\":\"https:\\\/\\\/candas365.es\\\/noticias\\\/category\\\/actualidad\\\/\",\"nextItem\":{\"@type\":\"ListItem\",\"@id\":\"https:\\\/\\\/candas365.es\\\/noticias\\\/gobierno-aleman-da-luz-verde-a-la-firma-de-acuerdo-de-ue-con-canada\\\/#listItem\",\"name\":\"Gobierno alem\\u00e1n da luz verde a la firma de acuerdo de UE con Canad\\u00e1\"},\"previousItem\":{\"@type\":\"ListItem\",\"@id\":\"https:\\\/\\\/candas365.es\\\/noticias#listItem\",\"name\":\"Home\"}},{\"@type\":\"ListItem\",\"@id\":\"https:\\\/\\\/candas365.es\\\/noticias\\\/gobierno-aleman-da-luz-verde-a-la-firma-de-acuerdo-de-ue-con-canada\\\/#listItem\",\"position\":3,\"name\":\"Gobierno alem\\u00e1n da luz verde a la firma de acuerdo de UE con Canad\\u00e1\",\"previousItem\":{\"@type\":\"ListItem\",\"@id\":\"https:\\\/\\\/candas365.es\\\/noticias\\\/category\\\/actualidad\\\/#listItem\",\"name\":\"Actualidad\"}}]},{\"@type\":\"NewsArticle\",\"@id\":\"https:\\\/\\\/candas365.es\\\/noticias\\\/gobierno-aleman-da-luz-verde-a-la-firma-de-acuerdo-de-ue-con-canada\\\/#newsarticle\",\"name\":\"Gobierno alem\\u00e1n da luz verde a la firma de acuerdo de UE con Canad\\u00e1 | Cand\\u00e1s 365\",\"headline\":\"Gobierno alem\\u00e1n da luz verde a la firma de acuerdo de UE con Canad\\u00e1\",\"author\":{\"@id\":\"https:\\\/\\\/candas365.es\\\/noticias\\\/author\\\/admin\\\/#author\"},\"publisher\":{\"@id\":\"https:\\\/\\\/candas365.es\\\/noticias\\\/#organization\"},\"image\":{\"@type\":\"ImageObject\",\"url\":\"https:\\\/\\\/candas365.es\\\/noticias\\\/wp-content\\\/uploads\\\/2015\\\/08\\\/merkel.jpg\",\"width\":655,\"height\":360},\"datePublished\":\"2016-10-19T20:17:14+02:00\",\"dateModified\":\"2016-10-19T20:17:14+02:00\",\"inLanguage\":\"es-ES\",\"mainEntityOfPage\":{\"@id\":\"https:\\\/\\\/candas365.es\\\/noticias\\\/gobierno-aleman-da-luz-verde-a-la-firma-de-acuerdo-de-ue-con-canada\\\/#webpage\"},\"isPartOf\":{\"@id\":\"https:\\\/\\\/candas365.es\\\/noticias\\\/gobierno-aleman-da-luz-verde-a-la-firma-de-acuerdo-de-ue-con-canada\\\/#webpage\"},\"articleSection\":\"Actualidad\",\"dateline\":\"Publicado el octubre 19, 2016.\"},{\"@type\":\"Organization\",\"@id\":\"https:\\\/\\\/candas365.es\\\/noticias\\\/#organization\",\"name\":\"Cand\\u00e1s 365\",\"description\":\"Cand\\u00e1s 365 es un diario digital independiente, fundado en 2012, con base en Asturias. Informamos con rigor sobre actualidad, sociedad, cultura y ocio, con una mirada local y global.\",\"url\":\"https:\\\/\\\/candas365.es\\\/noticias\\\/\",\"email\":\"info@candas365.es\",\"telephone\":\"+34652131393\",\"foundingDate\":\"2012-06-10\",\"logo\":{\"@type\":\"ImageObject\",\"url\":\"https:\\\/\\\/candas365.es\\\/noticias\\\/wp-content\\\/uploads\\\/2024\\\/09\\\/Candas-365-Redes.jpg\",\"@id\":\"https:\\\/\\\/candas365.es\\\/noticias\\\/gobierno-aleman-da-luz-verde-a-la-firma-de-acuerdo-de-ue-con-canada\\\/#organizationLogo\",\"width\":1152,\"height\":864,\"caption\":\"Cand\\u00e1s 365 Redes\"},\"image\":{\"@id\":\"https:\\\/\\\/candas365.es\\\/noticias\\\/gobierno-aleman-da-luz-verde-a-la-firma-de-acuerdo-de-ue-con-canada\\\/#organizationLogo\"},\"sameAs\":[\"https:\\\/\\\/www.facebook.com\\\/Nachofdezber\",\"https:\\\/\\\/x.com\\\/NabercoDigital\",\"https:\\\/\\\/www.instagram.com\\\/nachofdezber\\\/\",\"https:\\\/\\\/www.youtube.com\\\/channel\\\/UCZP-2wLEB9Rv6erhFmqVnvg\"],\"address\":{\"@id\":\"https:\\\/\\\/candas365.es\\\/noticias\\\/#postaladdress\",\"@type\":\"PostalAddress\",\"streetAddress\":\"san antonio 4, san antonio 4\",\"postalCode\":\"33430\",\"addressLocality\":\"Cand\\u00e1s\",\"addressRegion\":\"Asturias\",\"addressCountry\":\"ES\"}},{\"@type\":\"Person\",\"@id\":\"https:\\\/\\\/candas365.es\\\/noticias\\\/author\\\/admin\\\/#author\",\"url\":\"https:\\\/\\\/candas365.es\\\/noticias\\\/author\\\/admin\\\/\",\"name\":\"Cand\\u00e1s 365\",\"image\":{\"@type\":\"ImageObject\",\"@id\":\"https:\\\/\\\/candas365.es\\\/noticias\\\/gobierno-aleman-da-luz-verde-a-la-firma-de-acuerdo-de-ue-con-canada\\\/#authorImage\",\"url\":\"https:\\\/\\\/secure.gravatar.com\\\/avatar\\\/496a8e03d0c493ede1718b7934145dbdf8d89be1036b0eec9544e1094c9de390?s=96&d=mm&r=g\",\"width\":96,\"height\":96,\"caption\":\"Cand\\u00e1s 365\"},\"sameAs\":[\"https:\\\/\\\/www.facebook.com\\\/carrenoactualidad\",\"https:\\\/\\\/twitter.com\\\/nbasturias\",\"https:\\\/\\\/www.instagram.com\\\/nachofdezber\\\/\",\"https:\\\/\\\/www.youtube.com\\\/channel\\\/UCZP-2wLEB9Rv6erhFmqVnvg\"]},{\"@type\":\"WebPage\",\"@id\":\"https:\\\/\\\/candas365.es\\\/noticias\\\/gobierno-aleman-da-luz-verde-a-la-firma-de-acuerdo-de-ue-con-canada\\\/#webpage\",\"url\":\"https:\\\/\\\/candas365.es\\\/noticias\\\/gobierno-aleman-da-luz-verde-a-la-firma-de-acuerdo-de-ue-con-canada\\\/\",\"name\":\"Gobierno alem\\u00e1n da luz verde a la firma de acuerdo de UE con Canad\\u00e1 | Cand\\u00e1s 365\",\"description\":\"Berl\\u00edn, 19 oct (dpa) - El Gobierno alem\\u00e1n dio hoy luz verde a la firma del acuerdo de libre comercio entre la Uni\\u00f3n Europea (UE) y Canad\\u00e1, conocido como CETA por sus siglas en ingl\\u00e9s, prevista para finales de octubre. \\\"El Ceta es un acuerdo bueno y moderno\\\", asegur\\u00f3 el ministro alem\\u00e1n de Econom\\u00eda, Sigmar\",\"inLanguage\":\"es-ES\",\"isPartOf\":{\"@id\":\"https:\\\/\\\/candas365.es\\\/noticias\\\/#website\"},\"breadcrumb\":{\"@id\":\"https:\\\/\\\/candas365.es\\\/noticias\\\/gobierno-aleman-da-luz-verde-a-la-firma-de-acuerdo-de-ue-con-canada\\\/#breadcrumblist\"},\"author\":{\"@id\":\"https:\\\/\\\/candas365.es\\\/noticias\\\/author\\\/admin\\\/#author\"},\"creator\":{\"@id\":\"https:\\\/\\\/candas365.es\\\/noticias\\\/author\\\/admin\\\/#author\"},\"image\":{\"@type\":\"ImageObject\",\"url\":\"https:\\\/\\\/candas365.es\\\/noticias\\\/wp-content\\\/uploads\\\/2015\\\/08\\\/merkel.jpg\",\"@id\":\"https:\\\/\\\/candas365.es\\\/noticias\\\/gobierno-aleman-da-luz-verde-a-la-firma-de-acuerdo-de-ue-con-canada\\\/#mainImage\",\"width\":655,\"height\":360},\"primaryImageOfPage\":{\"@id\":\"https:\\\/\\\/candas365.es\\\/noticias\\\/gobierno-aleman-da-luz-verde-a-la-firma-de-acuerdo-de-ue-con-canada\\\/#mainImage\"},\"datePublished\":\"2016-10-19T20:17:14+02:00\",\"dateModified\":\"2016-10-19T20:17:14+02:00\"},{\"@type\":\"WebSite\",\"@id\":\"https:\\\/\\\/candas365.es\\\/noticias\\\/#website\",\"url\":\"https:\\\/\\\/candas365.es\\\/noticias\\\/\",\"name\":\"Cand\\u00e1s 365\",\"alternateName\":\"Cand\\u00e1s 365 Noticias\",\"description\":\"Actualidad desde Carre\\u00f1o para el mundo\",\"inLanguage\":\"es-ES\",\"publisher\":{\"@id\":\"https:\\\/\\\/candas365.es\\\/noticias\\\/#organization\"}}]}\n\t\t<\/script>\n\t\t<!-- All in One SEO Pro -->\r\n\t\t<title>Gobierno alem\u00e1n da luz verde a la firma de acuerdo de UE con Canad\u00e1 | Cand\u00e1s 365<\/title>\n\n","aioseo_head_json":{"title":"Gobierno alem\u00e1n da luz verde a la firma de acuerdo de UE con Canad\u00e1 | Cand\u00e1s 365","description":"Berl\u00edn, 19 oct (dpa) - El Gobierno alem\u00e1n dio hoy luz verde a la firma del acuerdo de libre comercio entre la Uni\u00f3n Europea (UE) y Canad\u00e1, conocido como CETA por sus siglas en ingl\u00e9s, prevista para finales de octubre. \"El Ceta es un acuerdo bueno y moderno\", asegur\u00f3 el ministro alem\u00e1n de Econom\u00eda, Sigmar","canonical_url":"https:\/\/candas365.es\/noticias\/gobierno-aleman-da-luz-verde-a-la-firma-de-acuerdo-de-ue-con-canada\/","robots":"max-image-preview:large","keywords":"actualidad","webmasterTools":{"google-site-verification":"UA-32230408-1","msvalidate.01":"354F3CDFB2DA171B47FBE9ABF1F88D5","miscellaneous":""},"schema":{"@context":"https:\/\/schema.org","@graph":[{"@type":"BreadcrumbList","@id":"https:\/\/candas365.es\/noticias\/gobierno-aleman-da-luz-verde-a-la-firma-de-acuerdo-de-ue-con-canada\/#breadcrumblist","itemListElement":[{"@type":"ListItem","@id":"https:\/\/candas365.es\/noticias#listItem","position":1,"name":"Home","item":"https:\/\/candas365.es\/noticias","nextItem":{"@type":"ListItem","@id":"https:\/\/candas365.es\/noticias\/category\/actualidad\/#listItem","name":"Actualidad"}},{"@type":"ListItem","@id":"https:\/\/candas365.es\/noticias\/category\/actualidad\/#listItem","position":2,"name":"Actualidad","item":"https:\/\/candas365.es\/noticias\/category\/actualidad\/","nextItem":{"@type":"ListItem","@id":"https:\/\/candas365.es\/noticias\/gobierno-aleman-da-luz-verde-a-la-firma-de-acuerdo-de-ue-con-canada\/#listItem","name":"Gobierno alem\u00e1n da luz verde a la firma de acuerdo de UE con Canad\u00e1"},"previousItem":{"@type":"ListItem","@id":"https:\/\/candas365.es\/noticias#listItem","name":"Home"}},{"@type":"ListItem","@id":"https:\/\/candas365.es\/noticias\/gobierno-aleman-da-luz-verde-a-la-firma-de-acuerdo-de-ue-con-canada\/#listItem","position":3,"name":"Gobierno alem\u00e1n da luz verde a la firma de acuerdo de UE con Canad\u00e1","previousItem":{"@type":"ListItem","@id":"https:\/\/candas365.es\/noticias\/category\/actualidad\/#listItem","name":"Actualidad"}}]},{"@type":"NewsArticle","@id":"https:\/\/candas365.es\/noticias\/gobierno-aleman-da-luz-verde-a-la-firma-de-acuerdo-de-ue-con-canada\/#newsarticle","name":"Gobierno alem\u00e1n da luz verde a la firma de acuerdo de UE con Canad\u00e1 | Cand\u00e1s 365","headline":"Gobierno alem\u00e1n da luz verde a la firma de acuerdo de UE con Canad\u00e1","author":{"@id":"https:\/\/candas365.es\/noticias\/author\/admin\/#author"},"publisher":{"@id":"https:\/\/candas365.es\/noticias\/#organization"},"image":{"@type":"ImageObject","url":"https:\/\/candas365.es\/noticias\/wp-content\/uploads\/2015\/08\/merkel.jpg","width":655,"height":360},"datePublished":"2016-10-19T20:17:14+02:00","dateModified":"2016-10-19T20:17:14+02:00","inLanguage":"es-ES","mainEntityOfPage":{"@id":"https:\/\/candas365.es\/noticias\/gobierno-aleman-da-luz-verde-a-la-firma-de-acuerdo-de-ue-con-canada\/#webpage"},"isPartOf":{"@id":"https:\/\/candas365.es\/noticias\/gobierno-aleman-da-luz-verde-a-la-firma-de-acuerdo-de-ue-con-canada\/#webpage"},"articleSection":"Actualidad","dateline":"Publicado el octubre 19, 2016."},{"@type":"Organization","@id":"https:\/\/candas365.es\/noticias\/#organization","name":"Cand\u00e1s 365","description":"Cand\u00e1s 365 es un diario digital independiente, fundado en 2012, con base en Asturias. Informamos con rigor sobre actualidad, sociedad, cultura y ocio, con una mirada local y global.","url":"https:\/\/candas365.es\/noticias\/","email":"info@candas365.es","telephone":"+34652131393","foundingDate":"2012-06-10","logo":{"@type":"ImageObject","url":"https:\/\/candas365.es\/noticias\/wp-content\/uploads\/2024\/09\/Candas-365-Redes.jpg","@id":"https:\/\/candas365.es\/noticias\/gobierno-aleman-da-luz-verde-a-la-firma-de-acuerdo-de-ue-con-canada\/#organizationLogo","width":1152,"height":864,"caption":"Cand\u00e1s 365 Redes"},"image":{"@id":"https:\/\/candas365.es\/noticias\/gobierno-aleman-da-luz-verde-a-la-firma-de-acuerdo-de-ue-con-canada\/#organizationLogo"},"sameAs":["https:\/\/www.facebook.com\/Nachofdezber","https:\/\/x.com\/NabercoDigital","https:\/\/www.instagram.com\/nachofdezber\/","https:\/\/www.youtube.com\/channel\/UCZP-2wLEB9Rv6erhFmqVnvg"],"address":{"@id":"https:\/\/candas365.es\/noticias\/#postaladdress","@type":"PostalAddress","streetAddress":"san antonio 4, san antonio 4","postalCode":"33430","addressLocality":"Cand\u00e1s","addressRegion":"Asturias","addressCountry":"ES"}},{"@type":"Person","@id":"https:\/\/candas365.es\/noticias\/author\/admin\/#author","url":"https:\/\/candas365.es\/noticias\/author\/admin\/","name":"Cand\u00e1s 365","image":{"@type":"ImageObject","@id":"https:\/\/candas365.es\/noticias\/gobierno-aleman-da-luz-verde-a-la-firma-de-acuerdo-de-ue-con-canada\/#authorImage","url":"https:\/\/secure.gravatar.com\/avatar\/496a8e03d0c493ede1718b7934145dbdf8d89be1036b0eec9544e1094c9de390?s=96&d=mm&r=g","width":96,"height":96,"caption":"Cand\u00e1s 365"},"sameAs":["https:\/\/www.facebook.com\/carrenoactualidad","https:\/\/twitter.com\/nbasturias","https:\/\/www.instagram.com\/nachofdezber\/","https:\/\/www.youtube.com\/channel\/UCZP-2wLEB9Rv6erhFmqVnvg"]},{"@type":"WebPage","@id":"https:\/\/candas365.es\/noticias\/gobierno-aleman-da-luz-verde-a-la-firma-de-acuerdo-de-ue-con-canada\/#webpage","url":"https:\/\/candas365.es\/noticias\/gobierno-aleman-da-luz-verde-a-la-firma-de-acuerdo-de-ue-con-canada\/","name":"Gobierno alem\u00e1n da luz verde a la firma de acuerdo de UE con Canad\u00e1 | Cand\u00e1s 365","description":"Berl\u00edn, 19 oct (dpa) - El Gobierno alem\u00e1n dio hoy luz verde a la firma del acuerdo de libre comercio entre la Uni\u00f3n Europea (UE) y Canad\u00e1, conocido como CETA por sus siglas en ingl\u00e9s, prevista para finales de octubre. \"El Ceta es un acuerdo bueno y moderno\", asegur\u00f3 el ministro alem\u00e1n de Econom\u00eda, Sigmar","inLanguage":"es-ES","isPartOf":{"@id":"https:\/\/candas365.es\/noticias\/#website"},"breadcrumb":{"@id":"https:\/\/candas365.es\/noticias\/gobierno-aleman-da-luz-verde-a-la-firma-de-acuerdo-de-ue-con-canada\/#breadcrumblist"},"author":{"@id":"https:\/\/candas365.es\/noticias\/author\/admin\/#author"},"creator":{"@id":"https:\/\/candas365.es\/noticias\/author\/admin\/#author"},"image":{"@type":"ImageObject","url":"https:\/\/candas365.es\/noticias\/wp-content\/uploads\/2015\/08\/merkel.jpg","@id":"https:\/\/candas365.es\/noticias\/gobierno-aleman-da-luz-verde-a-la-firma-de-acuerdo-de-ue-con-canada\/#mainImage","width":655,"height":360},"primaryImageOfPage":{"@id":"https:\/\/candas365.es\/noticias\/gobierno-aleman-da-luz-verde-a-la-firma-de-acuerdo-de-ue-con-canada\/#mainImage"},"datePublished":"2016-10-19T20:17:14+02:00","dateModified":"2016-10-19T20:17:14+02:00"},{"@type":"WebSite","@id":"https:\/\/candas365.es\/noticias\/#website","url":"https:\/\/candas365.es\/noticias\/","name":"Cand\u00e1s 365","alternateName":"Cand\u00e1s 365 Noticias","description":"Actualidad desde Carre\u00f1o para el mundo","inLanguage":"es-ES","publisher":{"@id":"https:\/\/candas365.es\/noticias\/#organization"}}]},"og:locale":"es_ES","og:site_name":"Cand\u00e1s 365","og:type":"article","og:title":"Gobierno alem\u00e1n da luz verde a la firma de acuerdo de UE con Canad\u00e1 | Cand\u00e1s 365","og:description":"Berl\u00edn, 19 oct (dpa) - El Gobierno alem\u00e1n dio hoy luz verde a la firma del acuerdo de libre comercio entre la Uni\u00f3n Europea (UE) y Canad\u00e1, conocido como CETA por sus siglas en ingl\u00e9s, prevista para finales de octubre. &quot;El Ceta es un acuerdo bueno y moderno&quot;, asegur\u00f3 el ministro alem\u00e1n de Econom\u00eda, Sigmar","og:url":"https:\/\/candas365.es\/noticias\/gobierno-aleman-da-luz-verde-a-la-firma-de-acuerdo-de-ue-con-canada\/","og:image":"https:\/\/candas365.es\/noticias\/wp-content\/uploads\/2015\/08\/merkel.jpg","og:image:secure_url":"https:\/\/candas365.es\/noticias\/wp-content\/uploads\/2015\/08\/merkel.jpg","og:image:width":655,"og:image:height":360,"article:published_time":"2016-10-19T18:47:14+00:00","article:modified_time":"2016-10-19T18:47:14+00:00","article:publisher":"https:\/\/www.facebook.com\/Nachofdezber","article:author":"https:\/\/www.facebook.com\/carrenoactualidad","twitter:card":"summary_large_image","twitter:site":"@NabercoDigital","twitter:title":"Gobierno alem\u00e1n da luz verde a la firma de acuerdo de UE con Canad\u00e1 | Cand\u00e1s 365","twitter:description":"Berl\u00edn, 19 oct (dpa) - El Gobierno alem\u00e1n dio hoy luz verde a la firma del acuerdo de libre comercio entre la Uni\u00f3n Europea (UE) y Canad\u00e1, conocido como CETA por sus siglas en ingl\u00e9s, prevista para finales de octubre. &quot;El Ceta es un acuerdo bueno y moderno&quot;, asegur\u00f3 el ministro alem\u00e1n de Econom\u00eda, Sigmar","twitter:creator":"@nbasturias","twitter:image":"https:\/\/candas365.es\/noticias\/wp-content\/uploads\/2015\/08\/merkel.jpg","twitter:label1":"Escrito por","twitter:data1":"Cand\u00e1s 365","twitter:label2":"Tiempo de lectura estimado","twitter:data2":"1 minuto"},"aioseo_meta_data":{"post_id":"34347","title":null,"description":null,"keywords":null,"keyphrases":null,"primary_term":null,"canonical_url":null,"og_title":null,"og_description":null,"og_object_type":"default","og_image_type":"default","og_image_url":null,"og_image_width":null,"og_image_height":null,"og_image_custom_url":null,"og_image_custom_fields":null,"og_video":null,"og_custom_url":null,"og_article_section":null,"og_article_tags":null,"twitter_use_og":false,"twitter_card":"default","twitter_image_type":"default","twitter_image_url":null,"twitter_image_custom_url":null,"twitter_image_custom_fields":null,"twitter_title":null,"twitter_description":null,"schema":{"blockGraphs":[],"customGraphs":[],"default":{"data":{"Article":[],"Course":[],"Dataset":[],"FAQPage":[],"Movie":[],"Person":[],"Product":[],"ProductReview":[],"Car":[],"Recipe":[],"Service":[],"SoftwareApplication":[],"WebPage":[]},"graphName":"","isEnabled":true},"graphs":[],"defaultGraph":"","defaultPostTypeGraph":""},"schema_type":null,"schema_type_options":null,"pillar_content":false,"robots_default":true,"robots_noindex":false,"robots_noarchive":false,"robots_nosnippet":false,"robots_nofollow":false,"robots_noimageindex":false,"robots_noodp":false,"robots_notranslate":false,"robots_max_snippet":null,"robots_max_videopreview":null,"robots_max_imagepreview":"large","priority":null,"frequency":null,"location":null,"local_seo":null,"seo_analyzer_scan_date":"2025-08-24 17:41:56","breadcrumb_settings":null,"limit_modified_date":false,"reviewed_by":null,"open_ai":null,"ai":null,"created":"2020-12-21 13:08:18","updated":"2025-08-24 17:41:56"},"aioseo_breadcrumb":"<div class=\"aioseo-breadcrumbs\"><span class=\"aioseo-breadcrumb\">\n\t<a href=\"https:\/\/candas365.es\/noticias\" title=\"Home\">Home<\/a>\n<\/span><span class=\"aioseo-breadcrumb-separator\">&ndash;<\/span><span class=\"aioseo-breadcrumb\">\n\t<a href=\"https:\/\/candas365.es\/noticias\/category\/actualidad\/\" title=\"Actualidad\">Actualidad<\/a>\n<\/span><span class=\"aioseo-breadcrumb-separator\">&ndash;<\/span><span class=\"aioseo-breadcrumb\">\n\tGobierno alem\u00e1n da luz verde a la firma de acuerdo de UE con Canad\u00e1\n<\/span><\/div>","aioseo_breadcrumb_json":[{"label":"Home","link":"https:\/\/candas365.es\/noticias"},{"label":"Actualidad","link":"https:\/\/candas365.es\/noticias\/category\/actualidad\/"},{"label":"Gobierno alem\u00e1n da luz verde a la firma de acuerdo de UE con Canad\u00e1","link":"https:\/\/candas365.es\/noticias\/gobierno-aleman-da-luz-verde-a-la-firma-de-acuerdo-de-ue-con-canada\/"}],"_links":{"self":[{"href":"https:\/\/candas365.es\/noticias\/wp-json\/wp\/v2\/posts\/34347","targetHints":{"allow":["GET"]}}],"collection":[{"href":"https:\/\/candas365.es\/noticias\/wp-json\/wp\/v2\/posts"}],"about":[{"href":"https:\/\/candas365.es\/noticias\/wp-json\/wp\/v2\/types\/post"}],"author":[{"embeddable":true,"href":"https:\/\/candas365.es\/noticias\/wp-json\/wp\/v2\/users\/1"}],"replies":[{"embeddable":true,"href":"https:\/\/candas365.es\/noticias\/wp-json\/wp\/v2\/comments?post=34347"}],"version-history":[{"count":0,"href":"https:\/\/candas365.es\/noticias\/wp-json\/wp\/v2\/posts\/34347\/revisions"}],"wp:featuredmedia":[{"embeddable":true,"href":"https:\/\/candas365.es\/noticias\/wp-json\/wp\/v2\/media\/14622"}],"wp:attachment":[{"href":"https:\/\/candas365.es\/noticias\/wp-json\/wp\/v2\/media?parent=34347"}],"wp:term":[{"taxonomy":"category","embeddable":true,"href":"https:\/\/candas365.es\/noticias\/wp-json\/wp\/v2\/categories?post=34347"},{"taxonomy":"post_tag","embeddable":true,"href":"https:\/\/candas365.es\/noticias\/wp-json\/wp\/v2\/tags?post=34347"}],"curies":[{"name":"wp","href":"https:\/\/api.w.org\/{rel}","templated":true}]}}