{"id":34230,"date":"2016-10-18T20:04:44","date_gmt":"2016-10-18T18:34:44","guid":{"rendered":"http:\/\/candas365.es\/noticias\/?p=34230"},"modified":"2016-10-18T20:04:44","modified_gmt":"2016-10-18T18:34:44","slug":"ancelotti-debo-seguir-siendo-fiel-a-mi-mismo","status":"publish","type":"post","link":"https:\/\/candas365.es\/noticias\/ancelotti-debo-seguir-siendo-fiel-a-mi-mismo\/","title":{"rendered":"Ancelotti \u00abDebo seguir siendo fiel a m\u00ed mismo\u00bb"},"content":{"rendered":"<p><img fetchpriority=\"high\" decoding=\"async\" class=\"alignleft size-medium wp-image-21654\" src=\"https:\/\/candas365.es\/noticias\/wp-content\/uploads\/2015\/12\/bayern-360x198.jpg\" alt=\"bayern\" width=\"360\" height=\"198\" srcset=\"https:\/\/candas365.es\/noticias\/wp-content\/uploads\/2015\/12\/bayern-360x198.jpg 360w, https:\/\/candas365.es\/noticias\/wp-content\/uploads\/2015\/12\/bayern-650x357.jpg 650w, https:\/\/candas365.es\/noticias\/wp-content\/uploads\/2015\/12\/bayern-150x82.jpg 150w, https:\/\/candas365.es\/noticias\/wp-content\/uploads\/2015\/12\/bayern-450x247.jpg 450w, https:\/\/candas365.es\/noticias\/wp-content\/uploads\/2015\/12\/bayern.jpg 655w\" sizes=\"(max-width: 360px) 100vw, 360px\" \/>M\u00fanich, 18 oct (dpa) &#8211; El t\u00e9cnico del Bayern M\u00fanich, Carlo Ancelotti, neg\u00f3 hoy que el campe\u00f3n alem\u00e1n est\u00e9 pasando una crisis al no haber logrado la victoria en los \u00faltimos tres partidos oficiales y resalt\u00f3 la importancia de ser fiel a s\u00ed mismo.<\/p>\n<p>\u00abDebo seguir siendo fiel a m\u00ed mismo. Es mi trabajo permanecer tranquilo y encontrar soluciones con mis jugadores\u00bb, declar\u00f3 en la rueda de prensa previa al partido de Liga de Campeones ante el PSV Eindhoven ma\u00f1ana en M\u00fanich.<\/p>\n<p>\u00abEn cada temporada hay momentos dif\u00edciles. Algunas veces en octubre, otras en febrero. Debemos permanecer tranquilos\u00bb, afirm\u00f3 al mismo tiempo que asegur\u00f3 que es \u00abdemasiado pronto\u00bb para hablar de crisis.<\/p>\n<p>\u00abLos jugadores han entendido lo que estuvo bien y lo que estuvo mal. Los \u00faltimos tres partidos no fueron especialmente buenos, ah\u00ed debemos ser sinceros\u00bb, coment\u00f3 sobre el empate del s\u00e1bado 2-2 ante el Eintracht Frankfurt en liga, despu\u00e9s de su derrota 1-0 ante el Atl\u00e9tico de Madrid en la Champions League y el empate 1-1 ante el Colonia.<\/p>\n<p>\u00abEs mi deber analizarlo todo. Los entrenadores no son magos, pero en cualquier caso la actitud ma\u00f1ana ser\u00e1 diferente\u00bb, declar\u00f3 el sucesor de Josep Guardiola en el banquillo b\u00e1varo y dej\u00f3 claro que \u00absin intensidad y sin orden\u00bb no se puede ganar.<\/p>\n<p>A pesar de los malos resultados cosechados en los \u00faltimos encuentros, el italiano anunci\u00f3 que no habr\u00e1 ning\u00fan gran cambio en la alineaci\u00f3n. \u00abSe debe cambiar la actitud, no los jugadores\u00bb, coment\u00f3.<\/p>\n<p>Los hasta ahora lesionados o con molestias, Arturo Vidal, Juan Bernat, Javi Mart\u00ednez, Douglas Costa y Robert Lewandowski, estuvieron presentes en el entrenamiento de hoy. \u00abArturo Vidal pudo entrenar por suerte, aunque no est\u00e1 claro si jugar\u00e1\u00bb, apunt\u00f3.<\/p>\n<p>\u00abDecidir\u00e9 el mi\u00e9rcoles la alineaci\u00f3n y qui\u00e9n estar\u00e1 en el banquillo\u00bb, agreg\u00f3 Ancelotti. S\u00f3lo Franck Rib\u00e9ry, que se recupera de una lesi\u00f3n en el muslo, seguir\u00e1 siendo baja en el Bayern.<\/p>\n<p>&nbsp;<\/p>\n","protected":false},"excerpt":{"rendered":"<p>M\u00fanich, 18 oct (dpa) &#8211; El t\u00e9cnico del Bayern M\u00fanich, Carlo Ancelotti, neg\u00f3 hoy que el campe\u00f3n alem\u00e1n est\u00e9 pasando una crisis al no haber logrado la victoria en los \u00faltimos tres partidos oficiales y resalt\u00f3 la importancia de ser fiel a s\u00ed mismo. \u00abDebo seguir siendo fiel a m\u00ed mismo. Es mi trabajo permanecer<\/p>\n","protected":false},"author":1,"featured_media":21654,"comment_status":"closed","ping_status":"closed","sticky":false,"template":"","format":"standard","meta":{"footnotes":""},"categories":[343],"tags":[],"class_list":{"0":"post-34230","1":"post","2":"type-post","3":"status-publish","4":"format-standard","5":"has-post-thumbnail","7":"category-actualidad"},"aioseo_notices":[],"aioseo_head":"\n\t\t<!-- All in One SEO Pro 4.9.6.2 - aioseo.com -->\n\t<meta name=\"description\" content=\"M\u00fanich, 18 oct (dpa) - El t\u00e9cnico del Bayern M\u00fanich, Carlo Ancelotti, neg\u00f3 hoy que el campe\u00f3n alem\u00e1n est\u00e9 pasando una crisis al no haber logrado la victoria en los \u00faltimos tres partidos oficiales y resalt\u00f3 la importancia de ser fiel a s\u00ed mismo. &quot;Debo seguir siendo fiel a m\u00ed mismo. Es mi trabajo permanecer\" \/>\n\t<meta name=\"robots\" content=\"max-image-preview:large\" \/>\n\t<meta name=\"author\" content=\"Cand\u00e1s 365\"\/>\n\t<meta name=\"google-site-verification\" content=\"UA-32230408-1\" \/>\n\t<meta name=\"msvalidate.01\" content=\"354F3CDFB2DA171B47FBE9ABF1F88D5\" \/>\n\t<meta name=\"keywords\" content=\"actualidad\" \/>\n\t<link rel=\"canonical\" href=\"https:\/\/candas365.es\/noticias\/ancelotti-debo-seguir-siendo-fiel-a-mi-mismo\/\" \/>\n\t<meta name=\"generator\" content=\"All in One SEO Pro (AIOSEO) 4.9.6.2\" \/>\n\t\t<meta property=\"og:locale\" content=\"es_ES\" \/>\n\t\t<meta property=\"og:site_name\" content=\"Cand\u00e1s 365\" \/>\n\t\t<meta property=\"og:type\" content=\"article\" \/>\n\t\t<meta property=\"og:title\" content=\"Ancelotti \u00abDebo seguir siendo fiel a m\u00ed mismo\u00bb | Cand\u00e1s 365\" \/>\n\t\t<meta property=\"og:description\" content=\"M\u00fanich, 18 oct (dpa) - El t\u00e9cnico del Bayern M\u00fanich, Carlo Ancelotti, neg\u00f3 hoy que el campe\u00f3n alem\u00e1n est\u00e9 pasando una crisis al no haber logrado la victoria en los \u00faltimos tres partidos oficiales y resalt\u00f3 la importancia de ser fiel a s\u00ed mismo. &quot;Debo seguir siendo fiel a m\u00ed mismo. Es mi trabajo permanecer\" \/>\n\t\t<meta property=\"og:url\" content=\"https:\/\/candas365.es\/noticias\/ancelotti-debo-seguir-siendo-fiel-a-mi-mismo\/\" \/>\n\t\t<meta property=\"og:image\" content=\"https:\/\/candas365.es\/noticias\/wp-content\/uploads\/2015\/12\/bayern.jpg\" \/>\n\t\t<meta property=\"og:image:secure_url\" content=\"https:\/\/candas365.es\/noticias\/wp-content\/uploads\/2015\/12\/bayern.jpg\" \/>\n\t\t<meta property=\"og:image:width\" content=\"655\" \/>\n\t\t<meta property=\"og:image:height\" content=\"360\" \/>\n\t\t<meta property=\"article:published_time\" content=\"2016-10-18T18:34:44+00:00\" \/>\n\t\t<meta property=\"article:modified_time\" content=\"2016-10-18T18:34:44+00:00\" \/>\n\t\t<meta property=\"article:publisher\" content=\"https:\/\/www.facebook.com\/Nachofdezber\" \/>\n\t\t<meta property=\"article:author\" content=\"https:\/\/www.facebook.com\/carrenoactualidad\" \/>\n\t\t<meta name=\"twitter:card\" content=\"summary_large_image\" \/>\n\t\t<meta name=\"twitter:site\" content=\"@NabercoDigital\" \/>\n\t\t<meta name=\"twitter:title\" content=\"Ancelotti \u00abDebo seguir siendo fiel a m\u00ed mismo\u00bb | Cand\u00e1s 365\" \/>\n\t\t<meta name=\"twitter:description\" content=\"M\u00fanich, 18 oct (dpa) - El t\u00e9cnico del Bayern M\u00fanich, Carlo Ancelotti, neg\u00f3 hoy que el campe\u00f3n alem\u00e1n est\u00e9 pasando una crisis al no haber logrado la victoria en los \u00faltimos tres partidos oficiales y resalt\u00f3 la importancia de ser fiel a s\u00ed mismo. &quot;Debo seguir siendo fiel a m\u00ed mismo. Es mi trabajo permanecer\" \/>\n\t\t<meta name=\"twitter:creator\" content=\"@nbasturias\" \/>\n\t\t<meta name=\"twitter:image\" content=\"https:\/\/candas365.es\/noticias\/wp-content\/uploads\/2015\/12\/bayern.jpg\" \/>\n\t\t<meta name=\"twitter:label1\" content=\"Escrito por\" \/>\n\t\t<meta name=\"twitter:data1\" content=\"Cand\u00e1s 365\" \/>\n\t\t<meta name=\"twitter:label2\" content=\"Tiempo de lectura estimado\" \/>\n\t\t<meta name=\"twitter:data2\" content=\"2 minutos\" \/>\n\t\t<script type=\"application\/ld+json\" class=\"aioseo-schema\">\n\t\t\t{\"@context\":\"https:\\\/\\\/schema.org\",\"@graph\":[{\"@type\":\"BreadcrumbList\",\"@id\":\"https:\\\/\\\/candas365.es\\\/noticias\\\/ancelotti-debo-seguir-siendo-fiel-a-mi-mismo\\\/#breadcrumblist\",\"itemListElement\":[{\"@type\":\"ListItem\",\"@id\":\"https:\\\/\\\/candas365.es\\\/noticias#listItem\",\"position\":1,\"name\":\"Home\",\"item\":\"https:\\\/\\\/candas365.es\\\/noticias\",\"nextItem\":{\"@type\":\"ListItem\",\"@id\":\"https:\\\/\\\/candas365.es\\\/noticias\\\/category\\\/actualidad\\\/#listItem\",\"name\":\"Actualidad\"}},{\"@type\":\"ListItem\",\"@id\":\"https:\\\/\\\/candas365.es\\\/noticias\\\/category\\\/actualidad\\\/#listItem\",\"position\":2,\"name\":\"Actualidad\",\"item\":\"https:\\\/\\\/candas365.es\\\/noticias\\\/category\\\/actualidad\\\/\",\"nextItem\":{\"@type\":\"ListItem\",\"@id\":\"https:\\\/\\\/candas365.es\\\/noticias\\\/ancelotti-debo-seguir-siendo-fiel-a-mi-mismo\\\/#listItem\",\"name\":\"Ancelotti \\u00abDebo seguir siendo fiel a m\\u00ed mismo\\u00bb\"},\"previousItem\":{\"@type\":\"ListItem\",\"@id\":\"https:\\\/\\\/candas365.es\\\/noticias#listItem\",\"name\":\"Home\"}},{\"@type\":\"ListItem\",\"@id\":\"https:\\\/\\\/candas365.es\\\/noticias\\\/ancelotti-debo-seguir-siendo-fiel-a-mi-mismo\\\/#listItem\",\"position\":3,\"name\":\"Ancelotti \\u00abDebo seguir siendo fiel a m\\u00ed mismo\\u00bb\",\"previousItem\":{\"@type\":\"ListItem\",\"@id\":\"https:\\\/\\\/candas365.es\\\/noticias\\\/category\\\/actualidad\\\/#listItem\",\"name\":\"Actualidad\"}}]},{\"@type\":\"NewsArticle\",\"@id\":\"https:\\\/\\\/candas365.es\\\/noticias\\\/ancelotti-debo-seguir-siendo-fiel-a-mi-mismo\\\/#newsarticle\",\"name\":\"Ancelotti \\u00abDebo seguir siendo fiel a m\\u00ed mismo\\u00bb | Cand\\u00e1s 365\",\"headline\":\"Ancelotti \\u00abDebo seguir siendo fiel a m\\u00ed mismo\\u00bb\",\"author\":{\"@id\":\"https:\\\/\\\/candas365.es\\\/noticias\\\/author\\\/admin\\\/#author\"},\"publisher\":{\"@id\":\"https:\\\/\\\/candas365.es\\\/noticias\\\/#organization\"},\"image\":{\"@type\":\"ImageObject\",\"url\":\"https:\\\/\\\/candas365.es\\\/noticias\\\/wp-content\\\/uploads\\\/2015\\\/12\\\/bayern.jpg\",\"width\":655,\"height\":360},\"datePublished\":\"2016-10-18T20:04:44+02:00\",\"dateModified\":\"2016-10-18T20:04:44+02:00\",\"inLanguage\":\"es-ES\",\"mainEntityOfPage\":{\"@id\":\"https:\\\/\\\/candas365.es\\\/noticias\\\/ancelotti-debo-seguir-siendo-fiel-a-mi-mismo\\\/#webpage\"},\"isPartOf\":{\"@id\":\"https:\\\/\\\/candas365.es\\\/noticias\\\/ancelotti-debo-seguir-siendo-fiel-a-mi-mismo\\\/#webpage\"},\"articleSection\":\"Actualidad\",\"dateline\":\"Publicado el octubre 18, 2016.\"},{\"@type\":\"Organization\",\"@id\":\"https:\\\/\\\/candas365.es\\\/noticias\\\/#organization\",\"name\":\"Cand\\u00e1s 365\",\"description\":\"Cand\\u00e1s 365 es un diario digital independiente, fundado en 2012, con base en Asturias. Informamos con rigor sobre actualidad, sociedad, cultura y ocio, con una mirada local y global.\",\"url\":\"https:\\\/\\\/candas365.es\\\/noticias\\\/\",\"email\":\"info@candas365.es\",\"telephone\":\"+34652131393\",\"foundingDate\":\"2012-06-10\",\"logo\":{\"@type\":\"ImageObject\",\"url\":\"https:\\\/\\\/candas365.es\\\/noticias\\\/wp-content\\\/uploads\\\/2024\\\/09\\\/Candas-365-Redes.jpg\",\"@id\":\"https:\\\/\\\/candas365.es\\\/noticias\\\/ancelotti-debo-seguir-siendo-fiel-a-mi-mismo\\\/#organizationLogo\",\"width\":1152,\"height\":864,\"caption\":\"Cand\\u00e1s 365 Redes\"},\"image\":{\"@id\":\"https:\\\/\\\/candas365.es\\\/noticias\\\/ancelotti-debo-seguir-siendo-fiel-a-mi-mismo\\\/#organizationLogo\"},\"sameAs\":[\"https:\\\/\\\/www.facebook.com\\\/Nachofdezber\",\"https:\\\/\\\/x.com\\\/NabercoDigital\",\"https:\\\/\\\/www.instagram.com\\\/nachofdezber\\\/\",\"https:\\\/\\\/www.youtube.com\\\/channel\\\/UCZP-2wLEB9Rv6erhFmqVnvg\"],\"address\":{\"@id\":\"https:\\\/\\\/candas365.es\\\/noticias\\\/#postaladdress\",\"@type\":\"PostalAddress\",\"streetAddress\":\"san antonio 4, san antonio 4\",\"postalCode\":\"33430\",\"addressLocality\":\"Cand\\u00e1s\",\"addressRegion\":\"Asturias\",\"addressCountry\":\"ES\"}},{\"@type\":\"Person\",\"@id\":\"https:\\\/\\\/candas365.es\\\/noticias\\\/author\\\/admin\\\/#author\",\"url\":\"https:\\\/\\\/candas365.es\\\/noticias\\\/author\\\/admin\\\/\",\"name\":\"Cand\\u00e1s 365\",\"image\":{\"@type\":\"ImageObject\",\"@id\":\"https:\\\/\\\/candas365.es\\\/noticias\\\/ancelotti-debo-seguir-siendo-fiel-a-mi-mismo\\\/#authorImage\",\"url\":\"https:\\\/\\\/secure.gravatar.com\\\/avatar\\\/496a8e03d0c493ede1718b7934145dbdf8d89be1036b0eec9544e1094c9de390?s=96&d=mm&r=g\",\"width\":96,\"height\":96,\"caption\":\"Cand\\u00e1s 365\"},\"sameAs\":[\"https:\\\/\\\/www.facebook.com\\\/carrenoactualidad\",\"https:\\\/\\\/twitter.com\\\/nbasturias\",\"https:\\\/\\\/www.instagram.com\\\/nachofdezber\\\/\",\"https:\\\/\\\/www.youtube.com\\\/channel\\\/UCZP-2wLEB9Rv6erhFmqVnvg\"]},{\"@type\":\"WebPage\",\"@id\":\"https:\\\/\\\/candas365.es\\\/noticias\\\/ancelotti-debo-seguir-siendo-fiel-a-mi-mismo\\\/#webpage\",\"url\":\"https:\\\/\\\/candas365.es\\\/noticias\\\/ancelotti-debo-seguir-siendo-fiel-a-mi-mismo\\\/\",\"name\":\"Ancelotti \\u00abDebo seguir siendo fiel a m\\u00ed mismo\\u00bb | Cand\\u00e1s 365\",\"description\":\"M\\u00fanich, 18 oct (dpa) - El t\\u00e9cnico del Bayern M\\u00fanich, Carlo Ancelotti, neg\\u00f3 hoy que el campe\\u00f3n alem\\u00e1n est\\u00e9 pasando una crisis al no haber logrado la victoria en los \\u00faltimos tres partidos oficiales y resalt\\u00f3 la importancia de ser fiel a s\\u00ed mismo. \\\"Debo seguir siendo fiel a m\\u00ed mismo. Es mi trabajo permanecer\",\"inLanguage\":\"es-ES\",\"isPartOf\":{\"@id\":\"https:\\\/\\\/candas365.es\\\/noticias\\\/#website\"},\"breadcrumb\":{\"@id\":\"https:\\\/\\\/candas365.es\\\/noticias\\\/ancelotti-debo-seguir-siendo-fiel-a-mi-mismo\\\/#breadcrumblist\"},\"author\":{\"@id\":\"https:\\\/\\\/candas365.es\\\/noticias\\\/author\\\/admin\\\/#author\"},\"creator\":{\"@id\":\"https:\\\/\\\/candas365.es\\\/noticias\\\/author\\\/admin\\\/#author\"},\"image\":{\"@type\":\"ImageObject\",\"url\":\"https:\\\/\\\/candas365.es\\\/noticias\\\/wp-content\\\/uploads\\\/2015\\\/12\\\/bayern.jpg\",\"@id\":\"https:\\\/\\\/candas365.es\\\/noticias\\\/ancelotti-debo-seguir-siendo-fiel-a-mi-mismo\\\/#mainImage\",\"width\":655,\"height\":360},\"primaryImageOfPage\":{\"@id\":\"https:\\\/\\\/candas365.es\\\/noticias\\\/ancelotti-debo-seguir-siendo-fiel-a-mi-mismo\\\/#mainImage\"},\"datePublished\":\"2016-10-18T20:04:44+02:00\",\"dateModified\":\"2016-10-18T20:04:44+02:00\"},{\"@type\":\"WebSite\",\"@id\":\"https:\\\/\\\/candas365.es\\\/noticias\\\/#website\",\"url\":\"https:\\\/\\\/candas365.es\\\/noticias\\\/\",\"name\":\"Cand\\u00e1s 365\",\"alternateName\":\"Cand\\u00e1s 365 Noticias\",\"description\":\"Actualidad desde Carre\\u00f1o para el mundo\",\"inLanguage\":\"es-ES\",\"publisher\":{\"@id\":\"https:\\\/\\\/candas365.es\\\/noticias\\\/#organization\"}}]}\n\t\t<\/script>\n\t\t<!-- All in One SEO Pro -->\r\n\t\t<title>Ancelotti \u00abDebo seguir siendo fiel a m\u00ed mismo\u00bb | Cand\u00e1s 365<\/title>\n\n","aioseo_head_json":{"title":"Ancelotti \u00abDebo seguir siendo fiel a m\u00ed mismo\u00bb | Cand\u00e1s 365","description":"M\u00fanich, 18 oct (dpa) - El t\u00e9cnico del Bayern M\u00fanich, Carlo Ancelotti, neg\u00f3 hoy que el campe\u00f3n alem\u00e1n est\u00e9 pasando una crisis al no haber logrado la victoria en los \u00faltimos tres partidos oficiales y resalt\u00f3 la importancia de ser fiel a s\u00ed mismo. \"Debo seguir siendo fiel a m\u00ed mismo. Es mi trabajo permanecer","canonical_url":"https:\/\/candas365.es\/noticias\/ancelotti-debo-seguir-siendo-fiel-a-mi-mismo\/","robots":"max-image-preview:large","keywords":"actualidad","webmasterTools":{"google-site-verification":"UA-32230408-1","msvalidate.01":"354F3CDFB2DA171B47FBE9ABF1F88D5","miscellaneous":""},"schema":{"@context":"https:\/\/schema.org","@graph":[{"@type":"BreadcrumbList","@id":"https:\/\/candas365.es\/noticias\/ancelotti-debo-seguir-siendo-fiel-a-mi-mismo\/#breadcrumblist","itemListElement":[{"@type":"ListItem","@id":"https:\/\/candas365.es\/noticias#listItem","position":1,"name":"Home","item":"https:\/\/candas365.es\/noticias","nextItem":{"@type":"ListItem","@id":"https:\/\/candas365.es\/noticias\/category\/actualidad\/#listItem","name":"Actualidad"}},{"@type":"ListItem","@id":"https:\/\/candas365.es\/noticias\/category\/actualidad\/#listItem","position":2,"name":"Actualidad","item":"https:\/\/candas365.es\/noticias\/category\/actualidad\/","nextItem":{"@type":"ListItem","@id":"https:\/\/candas365.es\/noticias\/ancelotti-debo-seguir-siendo-fiel-a-mi-mismo\/#listItem","name":"Ancelotti \u00abDebo seguir siendo fiel a m\u00ed mismo\u00bb"},"previousItem":{"@type":"ListItem","@id":"https:\/\/candas365.es\/noticias#listItem","name":"Home"}},{"@type":"ListItem","@id":"https:\/\/candas365.es\/noticias\/ancelotti-debo-seguir-siendo-fiel-a-mi-mismo\/#listItem","position":3,"name":"Ancelotti \u00abDebo seguir siendo fiel a m\u00ed mismo\u00bb","previousItem":{"@type":"ListItem","@id":"https:\/\/candas365.es\/noticias\/category\/actualidad\/#listItem","name":"Actualidad"}}]},{"@type":"NewsArticle","@id":"https:\/\/candas365.es\/noticias\/ancelotti-debo-seguir-siendo-fiel-a-mi-mismo\/#newsarticle","name":"Ancelotti \u00abDebo seguir siendo fiel a m\u00ed mismo\u00bb | Cand\u00e1s 365","headline":"Ancelotti \u00abDebo seguir siendo fiel a m\u00ed mismo\u00bb","author":{"@id":"https:\/\/candas365.es\/noticias\/author\/admin\/#author"},"publisher":{"@id":"https:\/\/candas365.es\/noticias\/#organization"},"image":{"@type":"ImageObject","url":"https:\/\/candas365.es\/noticias\/wp-content\/uploads\/2015\/12\/bayern.jpg","width":655,"height":360},"datePublished":"2016-10-18T20:04:44+02:00","dateModified":"2016-10-18T20:04:44+02:00","inLanguage":"es-ES","mainEntityOfPage":{"@id":"https:\/\/candas365.es\/noticias\/ancelotti-debo-seguir-siendo-fiel-a-mi-mismo\/#webpage"},"isPartOf":{"@id":"https:\/\/candas365.es\/noticias\/ancelotti-debo-seguir-siendo-fiel-a-mi-mismo\/#webpage"},"articleSection":"Actualidad","dateline":"Publicado el octubre 18, 2016."},{"@type":"Organization","@id":"https:\/\/candas365.es\/noticias\/#organization","name":"Cand\u00e1s 365","description":"Cand\u00e1s 365 es un diario digital independiente, fundado en 2012, con base en Asturias. Informamos con rigor sobre actualidad, sociedad, cultura y ocio, con una mirada local y global.","url":"https:\/\/candas365.es\/noticias\/","email":"info@candas365.es","telephone":"+34652131393","foundingDate":"2012-06-10","logo":{"@type":"ImageObject","url":"https:\/\/candas365.es\/noticias\/wp-content\/uploads\/2024\/09\/Candas-365-Redes.jpg","@id":"https:\/\/candas365.es\/noticias\/ancelotti-debo-seguir-siendo-fiel-a-mi-mismo\/#organizationLogo","width":1152,"height":864,"caption":"Cand\u00e1s 365 Redes"},"image":{"@id":"https:\/\/candas365.es\/noticias\/ancelotti-debo-seguir-siendo-fiel-a-mi-mismo\/#organizationLogo"},"sameAs":["https:\/\/www.facebook.com\/Nachofdezber","https:\/\/x.com\/NabercoDigital","https:\/\/www.instagram.com\/nachofdezber\/","https:\/\/www.youtube.com\/channel\/UCZP-2wLEB9Rv6erhFmqVnvg"],"address":{"@id":"https:\/\/candas365.es\/noticias\/#postaladdress","@type":"PostalAddress","streetAddress":"san antonio 4, san antonio 4","postalCode":"33430","addressLocality":"Cand\u00e1s","addressRegion":"Asturias","addressCountry":"ES"}},{"@type":"Person","@id":"https:\/\/candas365.es\/noticias\/author\/admin\/#author","url":"https:\/\/candas365.es\/noticias\/author\/admin\/","name":"Cand\u00e1s 365","image":{"@type":"ImageObject","@id":"https:\/\/candas365.es\/noticias\/ancelotti-debo-seguir-siendo-fiel-a-mi-mismo\/#authorImage","url":"https:\/\/secure.gravatar.com\/avatar\/496a8e03d0c493ede1718b7934145dbdf8d89be1036b0eec9544e1094c9de390?s=96&d=mm&r=g","width":96,"height":96,"caption":"Cand\u00e1s 365"},"sameAs":["https:\/\/www.facebook.com\/carrenoactualidad","https:\/\/twitter.com\/nbasturias","https:\/\/www.instagram.com\/nachofdezber\/","https:\/\/www.youtube.com\/channel\/UCZP-2wLEB9Rv6erhFmqVnvg"]},{"@type":"WebPage","@id":"https:\/\/candas365.es\/noticias\/ancelotti-debo-seguir-siendo-fiel-a-mi-mismo\/#webpage","url":"https:\/\/candas365.es\/noticias\/ancelotti-debo-seguir-siendo-fiel-a-mi-mismo\/","name":"Ancelotti \u00abDebo seguir siendo fiel a m\u00ed mismo\u00bb | Cand\u00e1s 365","description":"M\u00fanich, 18 oct (dpa) - El t\u00e9cnico del Bayern M\u00fanich, Carlo Ancelotti, neg\u00f3 hoy que el campe\u00f3n alem\u00e1n est\u00e9 pasando una crisis al no haber logrado la victoria en los \u00faltimos tres partidos oficiales y resalt\u00f3 la importancia de ser fiel a s\u00ed mismo. \"Debo seguir siendo fiel a m\u00ed mismo. Es mi trabajo permanecer","inLanguage":"es-ES","isPartOf":{"@id":"https:\/\/candas365.es\/noticias\/#website"},"breadcrumb":{"@id":"https:\/\/candas365.es\/noticias\/ancelotti-debo-seguir-siendo-fiel-a-mi-mismo\/#breadcrumblist"},"author":{"@id":"https:\/\/candas365.es\/noticias\/author\/admin\/#author"},"creator":{"@id":"https:\/\/candas365.es\/noticias\/author\/admin\/#author"},"image":{"@type":"ImageObject","url":"https:\/\/candas365.es\/noticias\/wp-content\/uploads\/2015\/12\/bayern.jpg","@id":"https:\/\/candas365.es\/noticias\/ancelotti-debo-seguir-siendo-fiel-a-mi-mismo\/#mainImage","width":655,"height":360},"primaryImageOfPage":{"@id":"https:\/\/candas365.es\/noticias\/ancelotti-debo-seguir-siendo-fiel-a-mi-mismo\/#mainImage"},"datePublished":"2016-10-18T20:04:44+02:00","dateModified":"2016-10-18T20:04:44+02:00"},{"@type":"WebSite","@id":"https:\/\/candas365.es\/noticias\/#website","url":"https:\/\/candas365.es\/noticias\/","name":"Cand\u00e1s 365","alternateName":"Cand\u00e1s 365 Noticias","description":"Actualidad desde Carre\u00f1o para el mundo","inLanguage":"es-ES","publisher":{"@id":"https:\/\/candas365.es\/noticias\/#organization"}}]},"og:locale":"es_ES","og:site_name":"Cand\u00e1s 365","og:type":"article","og:title":"Ancelotti \u00abDebo seguir siendo fiel a m\u00ed mismo\u00bb | Cand\u00e1s 365","og:description":"M\u00fanich, 18 oct (dpa) - El t\u00e9cnico del Bayern M\u00fanich, Carlo Ancelotti, neg\u00f3 hoy que el campe\u00f3n alem\u00e1n est\u00e9 pasando una crisis al no haber logrado la victoria en los \u00faltimos tres partidos oficiales y resalt\u00f3 la importancia de ser fiel a s\u00ed mismo. &quot;Debo seguir siendo fiel a m\u00ed mismo. Es mi trabajo permanecer","og:url":"https:\/\/candas365.es\/noticias\/ancelotti-debo-seguir-siendo-fiel-a-mi-mismo\/","og:image":"https:\/\/candas365.es\/noticias\/wp-content\/uploads\/2015\/12\/bayern.jpg","og:image:secure_url":"https:\/\/candas365.es\/noticias\/wp-content\/uploads\/2015\/12\/bayern.jpg","og:image:width":655,"og:image:height":360,"article:published_time":"2016-10-18T18:34:44+00:00","article:modified_time":"2016-10-18T18:34:44+00:00","article:publisher":"https:\/\/www.facebook.com\/Nachofdezber","article:author":"https:\/\/www.facebook.com\/carrenoactualidad","twitter:card":"summary_large_image","twitter:site":"@NabercoDigital","twitter:title":"Ancelotti \u00abDebo seguir siendo fiel a m\u00ed mismo\u00bb | Cand\u00e1s 365","twitter:description":"M\u00fanich, 18 oct (dpa) - El t\u00e9cnico del Bayern M\u00fanich, Carlo Ancelotti, neg\u00f3 hoy que el campe\u00f3n alem\u00e1n est\u00e9 pasando una crisis al no haber logrado la victoria en los \u00faltimos tres partidos oficiales y resalt\u00f3 la importancia de ser fiel a s\u00ed mismo. &quot;Debo seguir siendo fiel a m\u00ed mismo. Es mi trabajo permanecer","twitter:creator":"@nbasturias","twitter:image":"https:\/\/candas365.es\/noticias\/wp-content\/uploads\/2015\/12\/bayern.jpg","twitter:label1":"Escrito por","twitter:data1":"Cand\u00e1s 365","twitter:label2":"Tiempo de lectura estimado","twitter:data2":"2 minutos"},"aioseo_meta_data":{"post_id":"34230","title":null,"description":null,"keywords":null,"keyphrases":null,"primary_term":null,"canonical_url":null,"og_title":null,"og_description":null,"og_object_type":"default","og_image_type":"default","og_image_url":null,"og_image_width":null,"og_image_height":null,"og_image_custom_url":null,"og_image_custom_fields":null,"og_video":null,"og_custom_url":null,"og_article_section":null,"og_article_tags":null,"twitter_use_og":false,"twitter_card":"default","twitter_image_type":"default","twitter_image_url":null,"twitter_image_custom_url":null,"twitter_image_custom_fields":null,"twitter_title":null,"twitter_description":null,"schema":{"blockGraphs":[],"customGraphs":[],"default":{"data":{"Article":[],"Course":[],"Dataset":[],"FAQPage":[],"Movie":[],"Person":[],"Product":[],"ProductReview":[],"Car":[],"Recipe":[],"Service":[],"SoftwareApplication":[],"WebPage":[]},"graphName":"","isEnabled":true},"graphs":[],"defaultGraph":"","defaultPostTypeGraph":""},"schema_type":null,"schema_type_options":null,"pillar_content":false,"robots_default":true,"robots_noindex":false,"robots_noarchive":false,"robots_nosnippet":false,"robots_nofollow":false,"robots_noimageindex":false,"robots_noodp":false,"robots_notranslate":false,"robots_max_snippet":null,"robots_max_videopreview":null,"robots_max_imagepreview":"large","priority":null,"frequency":null,"location":null,"local_seo":null,"seo_analyzer_scan_date":"2025-08-24 17:33:15","breadcrumb_settings":null,"limit_modified_date":false,"reviewed_by":null,"open_ai":null,"ai":null,"created":"2020-12-21 13:08:03","updated":"2025-08-24 17:33:15"},"aioseo_breadcrumb":"<div class=\"aioseo-breadcrumbs\"><span class=\"aioseo-breadcrumb\">\n\t<a href=\"https:\/\/candas365.es\/noticias\" title=\"Home\">Home<\/a>\n<\/span><span class=\"aioseo-breadcrumb-separator\">&ndash;<\/span><span class=\"aioseo-breadcrumb\">\n\t<a href=\"https:\/\/candas365.es\/noticias\/category\/actualidad\/\" title=\"Actualidad\">Actualidad<\/a>\n<\/span><span class=\"aioseo-breadcrumb-separator\">&ndash;<\/span><span class=\"aioseo-breadcrumb\">\n\tAncelotti \u00abDebo seguir siendo fiel a m\u00ed mismo\u00bb\n<\/span><\/div>","aioseo_breadcrumb_json":[{"label":"Home","link":"https:\/\/candas365.es\/noticias"},{"label":"Actualidad","link":"https:\/\/candas365.es\/noticias\/category\/actualidad\/"},{"label":"Ancelotti \u00abDebo seguir siendo fiel a m\u00ed mismo\u00bb","link":"https:\/\/candas365.es\/noticias\/ancelotti-debo-seguir-siendo-fiel-a-mi-mismo\/"}],"_links":{"self":[{"href":"https:\/\/candas365.es\/noticias\/wp-json\/wp\/v2\/posts\/34230","targetHints":{"allow":["GET"]}}],"collection":[{"href":"https:\/\/candas365.es\/noticias\/wp-json\/wp\/v2\/posts"}],"about":[{"href":"https:\/\/candas365.es\/noticias\/wp-json\/wp\/v2\/types\/post"}],"author":[{"embeddable":true,"href":"https:\/\/candas365.es\/noticias\/wp-json\/wp\/v2\/users\/1"}],"replies":[{"embeddable":true,"href":"https:\/\/candas365.es\/noticias\/wp-json\/wp\/v2\/comments?post=34230"}],"version-history":[{"count":0,"href":"https:\/\/candas365.es\/noticias\/wp-json\/wp\/v2\/posts\/34230\/revisions"}],"wp:featuredmedia":[{"embeddable":true,"href":"https:\/\/candas365.es\/noticias\/wp-json\/wp\/v2\/media\/21654"}],"wp:attachment":[{"href":"https:\/\/candas365.es\/noticias\/wp-json\/wp\/v2\/media?parent=34230"}],"wp:term":[{"taxonomy":"category","embeddable":true,"href":"https:\/\/candas365.es\/noticias\/wp-json\/wp\/v2\/categories?post=34230"},{"taxonomy":"post_tag","embeddable":true,"href":"https:\/\/candas365.es\/noticias\/wp-json\/wp\/v2\/tags?post=34230"}],"curies":[{"name":"wp","href":"https:\/\/api.w.org\/{rel}","templated":true}]}}