{"id":34228,"date":"2016-10-18T20:03:25","date_gmt":"2016-10-18T18:33:25","guid":{"rendered":"http:\/\/candas365.es\/noticias\/?p=34228"},"modified":"2016-10-18T20:03:25","modified_gmt":"2016-10-18T18:33:25","slug":"putin-merkel-y-hollande-celebran-manana-una-cumbre-sobre-ucrania","status":"publish","type":"post","link":"https:\/\/candas365.es\/noticias\/putin-merkel-y-hollande-celebran-manana-una-cumbre-sobre-ucrania\/","title":{"rendered":"Putin, Merkel y Hollande celebran ma\u00f1ana una cumbre sobre Ucrania"},"content":{"rendered":"<p><img fetchpriority=\"high\" decoding=\"async\" class=\"alignleft size-medium wp-image-14622\" src=\"https:\/\/candas365.es\/noticias\/wp-content\/uploads\/2015\/08\/merkel-360x198.jpg\" alt=\"merkel\" width=\"360\" height=\"198\" srcset=\"https:\/\/candas365.es\/noticias\/wp-content\/uploads\/2015\/08\/merkel-360x198.jpg 360w, https:\/\/candas365.es\/noticias\/wp-content\/uploads\/2015\/08\/merkel-650x357.jpg 650w, https:\/\/candas365.es\/noticias\/wp-content\/uploads\/2015\/08\/merkel-150x82.jpg 150w, https:\/\/candas365.es\/noticias\/wp-content\/uploads\/2015\/08\/merkel-450x247.jpg 450w, https:\/\/candas365.es\/noticias\/wp-content\/uploads\/2015\/08\/merkel.jpg 655w\" sizes=\"(max-width: 360px) 100vw, 360px\" \/>Berl\u00edn, 18 oct (dpa) &#8211; El presidente de Rusia, Vladimir Putin, participar\u00e1 ma\u00f1ana mi\u00e9rcoles en Berl\u00edn en una cumbre sobre Ucrania convocada por la canciller alemana, Angela Merkel, en la que tambi\u00e9n estar\u00e1n los jefes de Estado de Ucrania y Francia, Petro Poroshenko y Fran\u00e7ois Hollande, inform\u00f3 hoy el Gobierno germano.<\/p>\n<p>Sin embargo, Merkel intent\u00f3 r\u00e1pidamente rebajar las expectativas en torno al encuentro de jefes de Estado y de Gobierno en el conocido como formato de Normand\u00eda (Alemania, Francia, Rusia y Ucrania) sobre el conflicto en el este de Ucrania.<\/p>\n<p>\u00abSe trata de hacer un balance sincero, ver d\u00f3nde estamos, pero, por supuesto, no podemos esperar milagros. No obstante, merece nuestros esfuerzos, porque este formato es el que tenemos para avanzar\u00bb, declar\u00f3.<\/p>\n<p>De acuerdo con los datos del Gobierno alem\u00e1n, se trata de analizar la aplicaci\u00f3n del acuerdo de Minsk desde el \u00faltimo encuentro y discutir nuevos pasos.<\/p>\n<p>El presidente ruso est\u00e1 \u00abpreparado para hacer todo\u00bb para avanzar en el acuerdo de paz para el este de Ucrania, seg\u00fan afirm\u00f3 Mosc\u00fa en una declaraci\u00f3n transmitida por la agencia de noticias TASS.<\/p>\n<p>La decisi\u00f3n de Putin de participar en las conversaciones sobre el proceso de paz de Minsk el mi\u00e9rcoles en Berl\u00edn \u00abno tiene relaci\u00f3n con la intensificaci\u00f3n de la situaci\u00f3n en Ucrania\u00bb, agreg\u00f3 el Kremlin.<\/p>\n<p>Sin embargo, Mosc\u00fa acus\u00f3 directamente a Ucrania de la escalada actual que se vive en la regi\u00f3n ucraniana. \u00abKiev fall\u00f3 a la hora de cumplir con el acuerdo\u00bb, asegur\u00f3.<\/p>\n<p>La respuesta de Ucrania no se hizo esperar. \u00abPara que Putin lleve la paz al este de mi pa\u00eds es absolutamente necesario hacer s\u00f3lo dos cosas. Primero, retirar las tropas de ocupaci\u00f3n rusas y las armas. Segundo, Rusia necesita devolver el control a Ucrania\u00bb, dijo Poroshenko durante una visita oficial a Noruega.<\/p>\n<p>Las tensiones entre Rusia y la Uni\u00f3n Europea (UE) se acrecentaron despu\u00e9s de la erupci\u00f3n del conflicto en Ucrania en 2014. La UE se uni\u00f3 a Estados Unidos a la hora de imponer sanciones contra Mosc\u00fa despu\u00e9s de la anexi\u00f3n de Crimea en marzo de 2014. Desde entonces han muerto m\u00e1s de 9.500 personas en el conflicto en Ucrania, seg\u00fan estimaciones de las Naciones Unidas.<\/p>\n<p>Desde hace tiempo se trabajaba para volver a organizar una nueva reuni\u00f3n a cuatro bandas. La \u00faltima tuvo lugar el 2 de octubre del pasado a\u00f1o en Par\u00eds.<\/p>\n<p>El acuerdo de paz se logr\u00f3 en febrero de 2015. Sin embargo, hasta el d\u00eda de hoy sigue sin conseguirse el alto el fuego entre los separatistas prorrusos y las tropas del Gobierno ucraniano.<\/p>\n<p>Este encuentro llega despu\u00e9s de que una visita de Putin a Par\u00eds prevista para este mi\u00e9rcoles fuera cancelada por sorpresa la pasada semana. El portavoz del Gobierno ruso, Dmitri Peskov, justific\u00f3 la decisi\u00f3n alegando que varios puntos del programa hab\u00edan sido cancelados por el lado franc\u00e9s. En la actualidad, las relaciones entre Par\u00eds y Mosc\u00fa pasan por un momento de enorme tensi\u00f3n debido a numerosas diferencias en relaci\u00f3n con Siria.<\/p>\n<p>El conflicto sirio tambi\u00e9n tendr\u00e1 un hueco en la reuni\u00f3n en Berl\u00edn. \u00abHollande y yo misma vamos a hablar tambi\u00e9n con Putin sobre Siria. Ya lo hice en China, pero ahora la situaci\u00f3n es m\u00e1s catastr\u00f3fica en cuanto a la situaci\u00f3n humanitaria debido a los bombardeos sirios y rusos contra civiles\u00bb, declar\u00f3 Merkel.<\/p>\n<p>\u00abNo se puede excluir ninguna sanci\u00f3n, pero ahora es urgente paliar la situaci\u00f3n de la gente, tampoco esperamos, por supuesto, milagros, pero es importante hablar aunque tengamos muchas divergencias\u00bb, agreg\u00f3 la l\u00edder alemana.<\/p>\n<p>En los \u00faltimos d\u00edas hubo exigencias de nuevas sanciones contra Rusia debido a la guerra en Siria. Sin embargo, los ministros de Exteriores de la UE no pudieron ponerse de acuerdo el lunes en una discusi\u00f3n al respecto.<\/p>\n<p>Se reclama a Rusia, que apoya al r\u00e9gimen del presidente sirio, Bashar al Assad, que colabore para lograr una soluci\u00f3n pac\u00edfica y que posibilite el acceso de ayuda humanitaria a Alepo.<\/p>\n<p>Es la primera visita de Putin a Alemania desde el inicio de la crisis de Ucrania. Merkel estuvo en mayo de 2015 en Mosc\u00fa tras la anexi\u00f3n de Crimea con motivo del 70 aniversario del final de la Segunda Guerra Mundial.<\/p>\n<p>&nbsp;<\/p>\n","protected":false},"excerpt":{"rendered":"<p>Berl\u00edn, 18 oct (dpa) &#8211; El presidente de Rusia, Vladimir Putin, participar\u00e1 ma\u00f1ana mi\u00e9rcoles en Berl\u00edn en una cumbre sobre Ucrania convocada por la canciller alemana, Angela Merkel, en la que tambi\u00e9n estar\u00e1n los jefes de Estado de Ucrania y Francia, Petro Poroshenko y Fran\u00e7ois Hollande, inform\u00f3 hoy el Gobierno germano. Sin embargo, Merkel intent\u00f3<\/p>\n","protected":false},"author":1,"featured_media":14622,"comment_status":"closed","ping_status":"closed","sticky":false,"template":"","format":"standard","meta":{"footnotes":""},"categories":[343],"tags":[],"class_list":{"0":"post-34228","1":"post","2":"type-post","3":"status-publish","4":"format-standard","5":"has-post-thumbnail","7":"category-actualidad"},"aioseo_notices":[],"aioseo_head":"\n\t\t<!-- All in One SEO Pro 4.9.6.2 - aioseo.com -->\n\t<meta name=\"description\" content=\"Berl\u00edn, 18 oct (dpa) - El presidente de Rusia, Vladimir Putin, participar\u00e1 ma\u00f1ana mi\u00e9rcoles en Berl\u00edn en una cumbre sobre Ucrania convocada por la canciller alemana, Angela Merkel, en la que tambi\u00e9n estar\u00e1n los jefes de Estado de Ucrania y Francia, Petro Poroshenko y Fran\u00e7ois Hollande, inform\u00f3 hoy el Gobierno germano. Sin embargo, Merkel intent\u00f3\" \/>\n\t<meta name=\"robots\" content=\"max-image-preview:large\" \/>\n\t<meta name=\"author\" content=\"Cand\u00e1s 365\"\/>\n\t<meta name=\"google-site-verification\" content=\"UA-32230408-1\" \/>\n\t<meta name=\"msvalidate.01\" content=\"354F3CDFB2DA171B47FBE9ABF1F88D5\" \/>\n\t<meta name=\"keywords\" content=\"actualidad\" \/>\n\t<link rel=\"canonical\" href=\"https:\/\/candas365.es\/noticias\/putin-merkel-y-hollande-celebran-manana-una-cumbre-sobre-ucrania\/\" \/>\n\t<meta name=\"generator\" content=\"All in One SEO Pro (AIOSEO) 4.9.6.2\" \/>\n\t\t<meta property=\"og:locale\" content=\"es_ES\" \/>\n\t\t<meta property=\"og:site_name\" content=\"Cand\u00e1s 365\" \/>\n\t\t<meta property=\"og:type\" content=\"article\" \/>\n\t\t<meta property=\"og:title\" content=\"Putin, Merkel y Hollande celebran ma\u00f1ana una cumbre sobre Ucrania | Cand\u00e1s 365\" \/>\n\t\t<meta property=\"og:description\" content=\"Berl\u00edn, 18 oct (dpa) - El presidente de Rusia, Vladimir Putin, participar\u00e1 ma\u00f1ana mi\u00e9rcoles en Berl\u00edn en una cumbre sobre Ucrania convocada por la canciller alemana, Angela Merkel, en la que tambi\u00e9n estar\u00e1n los jefes de Estado de Ucrania y Francia, Petro Poroshenko y Fran\u00e7ois Hollande, inform\u00f3 hoy el Gobierno germano. Sin embargo, Merkel intent\u00f3\" \/>\n\t\t<meta property=\"og:url\" content=\"https:\/\/candas365.es\/noticias\/putin-merkel-y-hollande-celebran-manana-una-cumbre-sobre-ucrania\/\" \/>\n\t\t<meta property=\"og:image\" content=\"https:\/\/candas365.es\/noticias\/wp-content\/uploads\/2015\/08\/merkel.jpg\" \/>\n\t\t<meta property=\"og:image:secure_url\" content=\"https:\/\/candas365.es\/noticias\/wp-content\/uploads\/2015\/08\/merkel.jpg\" \/>\n\t\t<meta property=\"og:image:width\" content=\"655\" \/>\n\t\t<meta property=\"og:image:height\" content=\"360\" \/>\n\t\t<meta property=\"article:published_time\" content=\"2016-10-18T18:33:25+00:00\" \/>\n\t\t<meta property=\"article:modified_time\" content=\"2016-10-18T18:33:25+00:00\" \/>\n\t\t<meta property=\"article:publisher\" content=\"https:\/\/www.facebook.com\/Nachofdezber\" \/>\n\t\t<meta property=\"article:author\" content=\"https:\/\/www.facebook.com\/carrenoactualidad\" \/>\n\t\t<meta name=\"twitter:card\" content=\"summary_large_image\" \/>\n\t\t<meta name=\"twitter:site\" content=\"@NabercoDigital\" \/>\n\t\t<meta name=\"twitter:title\" content=\"Putin, Merkel y Hollande celebran ma\u00f1ana una cumbre sobre Ucrania | Cand\u00e1s 365\" \/>\n\t\t<meta name=\"twitter:description\" content=\"Berl\u00edn, 18 oct (dpa) - El presidente de Rusia, Vladimir Putin, participar\u00e1 ma\u00f1ana mi\u00e9rcoles en Berl\u00edn en una cumbre sobre Ucrania convocada por la canciller alemana, Angela Merkel, en la que tambi\u00e9n estar\u00e1n los jefes de Estado de Ucrania y Francia, Petro Poroshenko y Fran\u00e7ois Hollande, inform\u00f3 hoy el Gobierno germano. Sin embargo, Merkel intent\u00f3\" \/>\n\t\t<meta name=\"twitter:creator\" content=\"@nbasturias\" \/>\n\t\t<meta name=\"twitter:image\" content=\"https:\/\/candas365.es\/noticias\/wp-content\/uploads\/2015\/08\/merkel.jpg\" \/>\n\t\t<meta name=\"twitter:label1\" content=\"Escrito por\" \/>\n\t\t<meta name=\"twitter:data1\" content=\"Cand\u00e1s 365\" \/>\n\t\t<meta name=\"twitter:label2\" content=\"Tiempo de lectura estimado\" \/>\n\t\t<meta name=\"twitter:data2\" content=\"4 minutos\" \/>\n\t\t<script type=\"application\/ld+json\" class=\"aioseo-schema\">\n\t\t\t{\"@context\":\"https:\\\/\\\/schema.org\",\"@graph\":[{\"@type\":\"BreadcrumbList\",\"@id\":\"https:\\\/\\\/candas365.es\\\/noticias\\\/putin-merkel-y-hollande-celebran-manana-una-cumbre-sobre-ucrania\\\/#breadcrumblist\",\"itemListElement\":[{\"@type\":\"ListItem\",\"@id\":\"https:\\\/\\\/candas365.es\\\/noticias#listItem\",\"position\":1,\"name\":\"Home\",\"item\":\"https:\\\/\\\/candas365.es\\\/noticias\",\"nextItem\":{\"@type\":\"ListItem\",\"@id\":\"https:\\\/\\\/candas365.es\\\/noticias\\\/category\\\/actualidad\\\/#listItem\",\"name\":\"Actualidad\"}},{\"@type\":\"ListItem\",\"@id\":\"https:\\\/\\\/candas365.es\\\/noticias\\\/category\\\/actualidad\\\/#listItem\",\"position\":2,\"name\":\"Actualidad\",\"item\":\"https:\\\/\\\/candas365.es\\\/noticias\\\/category\\\/actualidad\\\/\",\"nextItem\":{\"@type\":\"ListItem\",\"@id\":\"https:\\\/\\\/candas365.es\\\/noticias\\\/putin-merkel-y-hollande-celebran-manana-una-cumbre-sobre-ucrania\\\/#listItem\",\"name\":\"Putin, Merkel y Hollande celebran ma\\u00f1ana una cumbre sobre Ucrania\"},\"previousItem\":{\"@type\":\"ListItem\",\"@id\":\"https:\\\/\\\/candas365.es\\\/noticias#listItem\",\"name\":\"Home\"}},{\"@type\":\"ListItem\",\"@id\":\"https:\\\/\\\/candas365.es\\\/noticias\\\/putin-merkel-y-hollande-celebran-manana-una-cumbre-sobre-ucrania\\\/#listItem\",\"position\":3,\"name\":\"Putin, Merkel y Hollande celebran ma\\u00f1ana una cumbre sobre Ucrania\",\"previousItem\":{\"@type\":\"ListItem\",\"@id\":\"https:\\\/\\\/candas365.es\\\/noticias\\\/category\\\/actualidad\\\/#listItem\",\"name\":\"Actualidad\"}}]},{\"@type\":\"NewsArticle\",\"@id\":\"https:\\\/\\\/candas365.es\\\/noticias\\\/putin-merkel-y-hollande-celebran-manana-una-cumbre-sobre-ucrania\\\/#newsarticle\",\"name\":\"Putin, Merkel y Hollande celebran ma\\u00f1ana una cumbre sobre Ucrania | Cand\\u00e1s 365\",\"headline\":\"Putin, Merkel y Hollande celebran ma\\u00f1ana una cumbre sobre Ucrania\",\"author\":{\"@id\":\"https:\\\/\\\/candas365.es\\\/noticias\\\/author\\\/admin\\\/#author\"},\"publisher\":{\"@id\":\"https:\\\/\\\/candas365.es\\\/noticias\\\/#organization\"},\"image\":{\"@type\":\"ImageObject\",\"url\":\"https:\\\/\\\/candas365.es\\\/noticias\\\/wp-content\\\/uploads\\\/2015\\\/08\\\/merkel.jpg\",\"width\":655,\"height\":360},\"datePublished\":\"2016-10-18T20:03:25+02:00\",\"dateModified\":\"2016-10-18T20:03:25+02:00\",\"inLanguage\":\"es-ES\",\"mainEntityOfPage\":{\"@id\":\"https:\\\/\\\/candas365.es\\\/noticias\\\/putin-merkel-y-hollande-celebran-manana-una-cumbre-sobre-ucrania\\\/#webpage\"},\"isPartOf\":{\"@id\":\"https:\\\/\\\/candas365.es\\\/noticias\\\/putin-merkel-y-hollande-celebran-manana-una-cumbre-sobre-ucrania\\\/#webpage\"},\"articleSection\":\"Actualidad\",\"dateline\":\"Publicado el octubre 18, 2016.\"},{\"@type\":\"Organization\",\"@id\":\"https:\\\/\\\/candas365.es\\\/noticias\\\/#organization\",\"name\":\"Cand\\u00e1s 365\",\"description\":\"Cand\\u00e1s 365 es un diario digital independiente, fundado en 2012, con base en Asturias. Informamos con rigor sobre actualidad, sociedad, cultura y ocio, con una mirada local y global.\",\"url\":\"https:\\\/\\\/candas365.es\\\/noticias\\\/\",\"email\":\"info@candas365.es\",\"telephone\":\"+34652131393\",\"foundingDate\":\"2012-06-10\",\"logo\":{\"@type\":\"ImageObject\",\"url\":\"https:\\\/\\\/candas365.es\\\/noticias\\\/wp-content\\\/uploads\\\/2024\\\/09\\\/Candas-365-Redes.jpg\",\"@id\":\"https:\\\/\\\/candas365.es\\\/noticias\\\/putin-merkel-y-hollande-celebran-manana-una-cumbre-sobre-ucrania\\\/#organizationLogo\",\"width\":1152,\"height\":864,\"caption\":\"Cand\\u00e1s 365 Redes\"},\"image\":{\"@id\":\"https:\\\/\\\/candas365.es\\\/noticias\\\/putin-merkel-y-hollande-celebran-manana-una-cumbre-sobre-ucrania\\\/#organizationLogo\"},\"sameAs\":[\"https:\\\/\\\/www.facebook.com\\\/Nachofdezber\",\"https:\\\/\\\/x.com\\\/NabercoDigital\",\"https:\\\/\\\/www.instagram.com\\\/nachofdezber\\\/\",\"https:\\\/\\\/www.youtube.com\\\/channel\\\/UCZP-2wLEB9Rv6erhFmqVnvg\"],\"address\":{\"@id\":\"https:\\\/\\\/candas365.es\\\/noticias\\\/#postaladdress\",\"@type\":\"PostalAddress\",\"streetAddress\":\"san antonio 4, san antonio 4\",\"postalCode\":\"33430\",\"addressLocality\":\"Cand\\u00e1s\",\"addressRegion\":\"Asturias\",\"addressCountry\":\"ES\"}},{\"@type\":\"Person\",\"@id\":\"https:\\\/\\\/candas365.es\\\/noticias\\\/author\\\/admin\\\/#author\",\"url\":\"https:\\\/\\\/candas365.es\\\/noticias\\\/author\\\/admin\\\/\",\"name\":\"Cand\\u00e1s 365\",\"image\":{\"@type\":\"ImageObject\",\"@id\":\"https:\\\/\\\/candas365.es\\\/noticias\\\/putin-merkel-y-hollande-celebran-manana-una-cumbre-sobre-ucrania\\\/#authorImage\",\"url\":\"https:\\\/\\\/secure.gravatar.com\\\/avatar\\\/496a8e03d0c493ede1718b7934145dbdf8d89be1036b0eec9544e1094c9de390?s=96&d=mm&r=g\",\"width\":96,\"height\":96,\"caption\":\"Cand\\u00e1s 365\"},\"sameAs\":[\"https:\\\/\\\/www.facebook.com\\\/carrenoactualidad\",\"https:\\\/\\\/twitter.com\\\/nbasturias\",\"https:\\\/\\\/www.instagram.com\\\/nachofdezber\\\/\",\"https:\\\/\\\/www.youtube.com\\\/channel\\\/UCZP-2wLEB9Rv6erhFmqVnvg\"]},{\"@type\":\"WebPage\",\"@id\":\"https:\\\/\\\/candas365.es\\\/noticias\\\/putin-merkel-y-hollande-celebran-manana-una-cumbre-sobre-ucrania\\\/#webpage\",\"url\":\"https:\\\/\\\/candas365.es\\\/noticias\\\/putin-merkel-y-hollande-celebran-manana-una-cumbre-sobre-ucrania\\\/\",\"name\":\"Putin, Merkel y Hollande celebran ma\\u00f1ana una cumbre sobre Ucrania | Cand\\u00e1s 365\",\"description\":\"Berl\\u00edn, 18 oct (dpa) - El presidente de Rusia, Vladimir Putin, participar\\u00e1 ma\\u00f1ana mi\\u00e9rcoles en Berl\\u00edn en una cumbre sobre Ucrania convocada por la canciller alemana, Angela Merkel, en la que tambi\\u00e9n estar\\u00e1n los jefes de Estado de Ucrania y Francia, Petro Poroshenko y Fran\\u00e7ois Hollande, inform\\u00f3 hoy el Gobierno germano. Sin embargo, Merkel intent\\u00f3\",\"inLanguage\":\"es-ES\",\"isPartOf\":{\"@id\":\"https:\\\/\\\/candas365.es\\\/noticias\\\/#website\"},\"breadcrumb\":{\"@id\":\"https:\\\/\\\/candas365.es\\\/noticias\\\/putin-merkel-y-hollande-celebran-manana-una-cumbre-sobre-ucrania\\\/#breadcrumblist\"},\"author\":{\"@id\":\"https:\\\/\\\/candas365.es\\\/noticias\\\/author\\\/admin\\\/#author\"},\"creator\":{\"@id\":\"https:\\\/\\\/candas365.es\\\/noticias\\\/author\\\/admin\\\/#author\"},\"image\":{\"@type\":\"ImageObject\",\"url\":\"https:\\\/\\\/candas365.es\\\/noticias\\\/wp-content\\\/uploads\\\/2015\\\/08\\\/merkel.jpg\",\"@id\":\"https:\\\/\\\/candas365.es\\\/noticias\\\/putin-merkel-y-hollande-celebran-manana-una-cumbre-sobre-ucrania\\\/#mainImage\",\"width\":655,\"height\":360},\"primaryImageOfPage\":{\"@id\":\"https:\\\/\\\/candas365.es\\\/noticias\\\/putin-merkel-y-hollande-celebran-manana-una-cumbre-sobre-ucrania\\\/#mainImage\"},\"datePublished\":\"2016-10-18T20:03:25+02:00\",\"dateModified\":\"2016-10-18T20:03:25+02:00\"},{\"@type\":\"WebSite\",\"@id\":\"https:\\\/\\\/candas365.es\\\/noticias\\\/#website\",\"url\":\"https:\\\/\\\/candas365.es\\\/noticias\\\/\",\"name\":\"Cand\\u00e1s 365\",\"alternateName\":\"Cand\\u00e1s 365 Noticias\",\"description\":\"Actualidad desde Carre\\u00f1o para el mundo\",\"inLanguage\":\"es-ES\",\"publisher\":{\"@id\":\"https:\\\/\\\/candas365.es\\\/noticias\\\/#organization\"}}]}\n\t\t<\/script>\n\t\t<!-- All in One SEO Pro -->\r\n\t\t<title>Putin, Merkel y Hollande celebran ma\u00f1ana una cumbre sobre Ucrania | Cand\u00e1s 365<\/title>\n\n","aioseo_head_json":{"title":"Putin, Merkel y Hollande celebran ma\u00f1ana una cumbre sobre Ucrania | Cand\u00e1s 365","description":"Berl\u00edn, 18 oct (dpa) - El presidente de Rusia, Vladimir Putin, participar\u00e1 ma\u00f1ana mi\u00e9rcoles en Berl\u00edn en una cumbre sobre Ucrania convocada por la canciller alemana, Angela Merkel, en la que tambi\u00e9n estar\u00e1n los jefes de Estado de Ucrania y Francia, Petro Poroshenko y Fran\u00e7ois Hollande, inform\u00f3 hoy el Gobierno germano. Sin embargo, Merkel intent\u00f3","canonical_url":"https:\/\/candas365.es\/noticias\/putin-merkel-y-hollande-celebran-manana-una-cumbre-sobre-ucrania\/","robots":"max-image-preview:large","keywords":"actualidad","webmasterTools":{"google-site-verification":"UA-32230408-1","msvalidate.01":"354F3CDFB2DA171B47FBE9ABF1F88D5","miscellaneous":""},"schema":{"@context":"https:\/\/schema.org","@graph":[{"@type":"BreadcrumbList","@id":"https:\/\/candas365.es\/noticias\/putin-merkel-y-hollande-celebran-manana-una-cumbre-sobre-ucrania\/#breadcrumblist","itemListElement":[{"@type":"ListItem","@id":"https:\/\/candas365.es\/noticias#listItem","position":1,"name":"Home","item":"https:\/\/candas365.es\/noticias","nextItem":{"@type":"ListItem","@id":"https:\/\/candas365.es\/noticias\/category\/actualidad\/#listItem","name":"Actualidad"}},{"@type":"ListItem","@id":"https:\/\/candas365.es\/noticias\/category\/actualidad\/#listItem","position":2,"name":"Actualidad","item":"https:\/\/candas365.es\/noticias\/category\/actualidad\/","nextItem":{"@type":"ListItem","@id":"https:\/\/candas365.es\/noticias\/putin-merkel-y-hollande-celebran-manana-una-cumbre-sobre-ucrania\/#listItem","name":"Putin, Merkel y Hollande celebran ma\u00f1ana una cumbre sobre Ucrania"},"previousItem":{"@type":"ListItem","@id":"https:\/\/candas365.es\/noticias#listItem","name":"Home"}},{"@type":"ListItem","@id":"https:\/\/candas365.es\/noticias\/putin-merkel-y-hollande-celebran-manana-una-cumbre-sobre-ucrania\/#listItem","position":3,"name":"Putin, Merkel y Hollande celebran ma\u00f1ana una cumbre sobre Ucrania","previousItem":{"@type":"ListItem","@id":"https:\/\/candas365.es\/noticias\/category\/actualidad\/#listItem","name":"Actualidad"}}]},{"@type":"NewsArticle","@id":"https:\/\/candas365.es\/noticias\/putin-merkel-y-hollande-celebran-manana-una-cumbre-sobre-ucrania\/#newsarticle","name":"Putin, Merkel y Hollande celebran ma\u00f1ana una cumbre sobre Ucrania | Cand\u00e1s 365","headline":"Putin, Merkel y Hollande celebran ma\u00f1ana una cumbre sobre Ucrania","author":{"@id":"https:\/\/candas365.es\/noticias\/author\/admin\/#author"},"publisher":{"@id":"https:\/\/candas365.es\/noticias\/#organization"},"image":{"@type":"ImageObject","url":"https:\/\/candas365.es\/noticias\/wp-content\/uploads\/2015\/08\/merkel.jpg","width":655,"height":360},"datePublished":"2016-10-18T20:03:25+02:00","dateModified":"2016-10-18T20:03:25+02:00","inLanguage":"es-ES","mainEntityOfPage":{"@id":"https:\/\/candas365.es\/noticias\/putin-merkel-y-hollande-celebran-manana-una-cumbre-sobre-ucrania\/#webpage"},"isPartOf":{"@id":"https:\/\/candas365.es\/noticias\/putin-merkel-y-hollande-celebran-manana-una-cumbre-sobre-ucrania\/#webpage"},"articleSection":"Actualidad","dateline":"Publicado el octubre 18, 2016."},{"@type":"Organization","@id":"https:\/\/candas365.es\/noticias\/#organization","name":"Cand\u00e1s 365","description":"Cand\u00e1s 365 es un diario digital independiente, fundado en 2012, con base en Asturias. Informamos con rigor sobre actualidad, sociedad, cultura y ocio, con una mirada local y global.","url":"https:\/\/candas365.es\/noticias\/","email":"info@candas365.es","telephone":"+34652131393","foundingDate":"2012-06-10","logo":{"@type":"ImageObject","url":"https:\/\/candas365.es\/noticias\/wp-content\/uploads\/2024\/09\/Candas-365-Redes.jpg","@id":"https:\/\/candas365.es\/noticias\/putin-merkel-y-hollande-celebran-manana-una-cumbre-sobre-ucrania\/#organizationLogo","width":1152,"height":864,"caption":"Cand\u00e1s 365 Redes"},"image":{"@id":"https:\/\/candas365.es\/noticias\/putin-merkel-y-hollande-celebran-manana-una-cumbre-sobre-ucrania\/#organizationLogo"},"sameAs":["https:\/\/www.facebook.com\/Nachofdezber","https:\/\/x.com\/NabercoDigital","https:\/\/www.instagram.com\/nachofdezber\/","https:\/\/www.youtube.com\/channel\/UCZP-2wLEB9Rv6erhFmqVnvg"],"address":{"@id":"https:\/\/candas365.es\/noticias\/#postaladdress","@type":"PostalAddress","streetAddress":"san antonio 4, san antonio 4","postalCode":"33430","addressLocality":"Cand\u00e1s","addressRegion":"Asturias","addressCountry":"ES"}},{"@type":"Person","@id":"https:\/\/candas365.es\/noticias\/author\/admin\/#author","url":"https:\/\/candas365.es\/noticias\/author\/admin\/","name":"Cand\u00e1s 365","image":{"@type":"ImageObject","@id":"https:\/\/candas365.es\/noticias\/putin-merkel-y-hollande-celebran-manana-una-cumbre-sobre-ucrania\/#authorImage","url":"https:\/\/secure.gravatar.com\/avatar\/496a8e03d0c493ede1718b7934145dbdf8d89be1036b0eec9544e1094c9de390?s=96&d=mm&r=g","width":96,"height":96,"caption":"Cand\u00e1s 365"},"sameAs":["https:\/\/www.facebook.com\/carrenoactualidad","https:\/\/twitter.com\/nbasturias","https:\/\/www.instagram.com\/nachofdezber\/","https:\/\/www.youtube.com\/channel\/UCZP-2wLEB9Rv6erhFmqVnvg"]},{"@type":"WebPage","@id":"https:\/\/candas365.es\/noticias\/putin-merkel-y-hollande-celebran-manana-una-cumbre-sobre-ucrania\/#webpage","url":"https:\/\/candas365.es\/noticias\/putin-merkel-y-hollande-celebran-manana-una-cumbre-sobre-ucrania\/","name":"Putin, Merkel y Hollande celebran ma\u00f1ana una cumbre sobre Ucrania | Cand\u00e1s 365","description":"Berl\u00edn, 18 oct (dpa) - El presidente de Rusia, Vladimir Putin, participar\u00e1 ma\u00f1ana mi\u00e9rcoles en Berl\u00edn en una cumbre sobre Ucrania convocada por la canciller alemana, Angela Merkel, en la que tambi\u00e9n estar\u00e1n los jefes de Estado de Ucrania y Francia, Petro Poroshenko y Fran\u00e7ois Hollande, inform\u00f3 hoy el Gobierno germano. Sin embargo, Merkel intent\u00f3","inLanguage":"es-ES","isPartOf":{"@id":"https:\/\/candas365.es\/noticias\/#website"},"breadcrumb":{"@id":"https:\/\/candas365.es\/noticias\/putin-merkel-y-hollande-celebran-manana-una-cumbre-sobre-ucrania\/#breadcrumblist"},"author":{"@id":"https:\/\/candas365.es\/noticias\/author\/admin\/#author"},"creator":{"@id":"https:\/\/candas365.es\/noticias\/author\/admin\/#author"},"image":{"@type":"ImageObject","url":"https:\/\/candas365.es\/noticias\/wp-content\/uploads\/2015\/08\/merkel.jpg","@id":"https:\/\/candas365.es\/noticias\/putin-merkel-y-hollande-celebran-manana-una-cumbre-sobre-ucrania\/#mainImage","width":655,"height":360},"primaryImageOfPage":{"@id":"https:\/\/candas365.es\/noticias\/putin-merkel-y-hollande-celebran-manana-una-cumbre-sobre-ucrania\/#mainImage"},"datePublished":"2016-10-18T20:03:25+02:00","dateModified":"2016-10-18T20:03:25+02:00"},{"@type":"WebSite","@id":"https:\/\/candas365.es\/noticias\/#website","url":"https:\/\/candas365.es\/noticias\/","name":"Cand\u00e1s 365","alternateName":"Cand\u00e1s 365 Noticias","description":"Actualidad desde Carre\u00f1o para el mundo","inLanguage":"es-ES","publisher":{"@id":"https:\/\/candas365.es\/noticias\/#organization"}}]},"og:locale":"es_ES","og:site_name":"Cand\u00e1s 365","og:type":"article","og:title":"Putin, Merkel y Hollande celebran ma\u00f1ana una cumbre sobre Ucrania | Cand\u00e1s 365","og:description":"Berl\u00edn, 18 oct (dpa) - El presidente de Rusia, Vladimir Putin, participar\u00e1 ma\u00f1ana mi\u00e9rcoles en Berl\u00edn en una cumbre sobre Ucrania convocada por la canciller alemana, Angela Merkel, en la que tambi\u00e9n estar\u00e1n los jefes de Estado de Ucrania y Francia, Petro Poroshenko y Fran\u00e7ois Hollande, inform\u00f3 hoy el Gobierno germano. Sin embargo, Merkel intent\u00f3","og:url":"https:\/\/candas365.es\/noticias\/putin-merkel-y-hollande-celebran-manana-una-cumbre-sobre-ucrania\/","og:image":"https:\/\/candas365.es\/noticias\/wp-content\/uploads\/2015\/08\/merkel.jpg","og:image:secure_url":"https:\/\/candas365.es\/noticias\/wp-content\/uploads\/2015\/08\/merkel.jpg","og:image:width":655,"og:image:height":360,"article:published_time":"2016-10-18T18:33:25+00:00","article:modified_time":"2016-10-18T18:33:25+00:00","article:publisher":"https:\/\/www.facebook.com\/Nachofdezber","article:author":"https:\/\/www.facebook.com\/carrenoactualidad","twitter:card":"summary_large_image","twitter:site":"@NabercoDigital","twitter:title":"Putin, Merkel y Hollande celebran ma\u00f1ana una cumbre sobre Ucrania | Cand\u00e1s 365","twitter:description":"Berl\u00edn, 18 oct (dpa) - El presidente de Rusia, Vladimir Putin, participar\u00e1 ma\u00f1ana mi\u00e9rcoles en Berl\u00edn en una cumbre sobre Ucrania convocada por la canciller alemana, Angela Merkel, en la que tambi\u00e9n estar\u00e1n los jefes de Estado de Ucrania y Francia, Petro Poroshenko y Fran\u00e7ois Hollande, inform\u00f3 hoy el Gobierno germano. Sin embargo, Merkel intent\u00f3","twitter:creator":"@nbasturias","twitter:image":"https:\/\/candas365.es\/noticias\/wp-content\/uploads\/2015\/08\/merkel.jpg","twitter:label1":"Escrito por","twitter:data1":"Cand\u00e1s 365","twitter:label2":"Tiempo de lectura estimado","twitter:data2":"4 minutos"},"aioseo_meta_data":{"post_id":"34228","title":null,"description":null,"keywords":null,"keyphrases":null,"primary_term":null,"canonical_url":null,"og_title":null,"og_description":null,"og_object_type":"default","og_image_type":"default","og_image_url":null,"og_image_width":null,"og_image_height":null,"og_image_custom_url":null,"og_image_custom_fields":null,"og_video":null,"og_custom_url":null,"og_article_section":null,"og_article_tags":null,"twitter_use_og":false,"twitter_card":"default","twitter_image_type":"default","twitter_image_url":null,"twitter_image_custom_url":null,"twitter_image_custom_fields":null,"twitter_title":null,"twitter_description":null,"schema":{"blockGraphs":[],"customGraphs":[],"default":{"data":{"Article":[],"Course":[],"Dataset":[],"FAQPage":[],"Movie":[],"Person":[],"Product":[],"ProductReview":[],"Car":[],"Recipe":[],"Service":[],"SoftwareApplication":[],"WebPage":[]},"graphName":"","isEnabled":true},"graphs":[]},"schema_type":null,"schema_type_options":null,"pillar_content":false,"robots_default":true,"robots_noindex":false,"robots_noarchive":false,"robots_nosnippet":false,"robots_nofollow":false,"robots_noimageindex":false,"robots_noodp":false,"robots_notranslate":false,"robots_max_snippet":null,"robots_max_videopreview":null,"robots_max_imagepreview":"large","priority":null,"frequency":null,"location":null,"local_seo":null,"seo_analyzer_scan_date":"2025-08-24 17:33:14","breadcrumb_settings":null,"limit_modified_date":false,"reviewed_by":null,"open_ai":null,"ai":null,"created":"2020-12-21 13:08:03","updated":"2025-08-24 17:33:14"},"aioseo_breadcrumb":"<div class=\"aioseo-breadcrumbs\"><span class=\"aioseo-breadcrumb\">\n\t<a href=\"https:\/\/candas365.es\/noticias\" title=\"Home\">Home<\/a>\n<\/span><span class=\"aioseo-breadcrumb-separator\">&ndash;<\/span><span class=\"aioseo-breadcrumb\">\n\t<a href=\"https:\/\/candas365.es\/noticias\/category\/actualidad\/\" title=\"Actualidad\">Actualidad<\/a>\n<\/span><span class=\"aioseo-breadcrumb-separator\">&ndash;<\/span><span class=\"aioseo-breadcrumb\">\n\tPutin, Merkel y Hollande celebran ma\u00f1ana una cumbre sobre Ucrania\n<\/span><\/div>","aioseo_breadcrumb_json":[{"label":"Home","link":"https:\/\/candas365.es\/noticias"},{"label":"Actualidad","link":"https:\/\/candas365.es\/noticias\/category\/actualidad\/"},{"label":"Putin, Merkel y Hollande celebran ma\u00f1ana una cumbre sobre Ucrania","link":"https:\/\/candas365.es\/noticias\/putin-merkel-y-hollande-celebran-manana-una-cumbre-sobre-ucrania\/"}],"_links":{"self":[{"href":"https:\/\/candas365.es\/noticias\/wp-json\/wp\/v2\/posts\/34228","targetHints":{"allow":["GET"]}}],"collection":[{"href":"https:\/\/candas365.es\/noticias\/wp-json\/wp\/v2\/posts"}],"about":[{"href":"https:\/\/candas365.es\/noticias\/wp-json\/wp\/v2\/types\/post"}],"author":[{"embeddable":true,"href":"https:\/\/candas365.es\/noticias\/wp-json\/wp\/v2\/users\/1"}],"replies":[{"embeddable":true,"href":"https:\/\/candas365.es\/noticias\/wp-json\/wp\/v2\/comments?post=34228"}],"version-history":[{"count":0,"href":"https:\/\/candas365.es\/noticias\/wp-json\/wp\/v2\/posts\/34228\/revisions"}],"wp:featuredmedia":[{"embeddable":true,"href":"https:\/\/candas365.es\/noticias\/wp-json\/wp\/v2\/media\/14622"}],"wp:attachment":[{"href":"https:\/\/candas365.es\/noticias\/wp-json\/wp\/v2\/media?parent=34228"}],"wp:term":[{"taxonomy":"category","embeddable":true,"href":"https:\/\/candas365.es\/noticias\/wp-json\/wp\/v2\/categories?post=34228"},{"taxonomy":"post_tag","embeddable":true,"href":"https:\/\/candas365.es\/noticias\/wp-json\/wp\/v2\/tags?post=34228"}],"curies":[{"name":"wp","href":"https:\/\/api.w.org\/{rel}","templated":true}]}}