{"id":34226,"date":"2016-10-18T20:02:25","date_gmt":"2016-10-18T18:32:25","guid":{"rendered":"http:\/\/candas365.es\/noticias\/?p=34226"},"modified":"2016-10-18T20:02:25","modified_gmt":"2016-10-18T18:32:25","slug":"que-hacer-con-la-casa-de-hitler-derribarla-o-reformarla","status":"publish","type":"post","link":"https:\/\/candas365.es\/noticias\/que-hacer-con-la-casa-de-hitler-derribarla-o-reformarla\/","title":{"rendered":"Qu\u00e9 hacer con la casa de Hitler: \u00bfDerribarla o reformarla?"},"content":{"rendered":"<p><img fetchpriority=\"high\" decoding=\"async\" class=\"alignleft size-medium wp-image-32987\" src=\"https:\/\/candas365.es\/noticias\/wp-content\/uploads\/2016\/07\/hitler-210x300.jpg\" alt=\"hitler\" width=\"210\" height=\"300\" srcset=\"https:\/\/candas365.es\/noticias\/wp-content\/uploads\/2016\/07\/hitler-210x300.jpg 210w, https:\/\/candas365.es\/noticias\/wp-content\/uploads\/2016\/07\/hitler-150x214.jpg 150w, https:\/\/candas365.es\/noticias\/wp-content\/uploads\/2016\/07\/hitler.jpg 224w\" sizes=\"(max-width: 210px) 100vw, 210px\" \/>Braunau am Inn (Austria), 18 oct (dpa) &#8211; El objetivo es claro: que la casa en la que naci\u00f3 Hitler, en el pueblo austriaco de Braunau am Inn, no se convierta en lugar de peregrinaci\u00f3n para los neonazis. Pero despu\u00e9s de que una comisi\u00f3n de expertos presentara su informe definitivo, parece que conseguirlo es m\u00e1s dif\u00edcil de lo esperado.<\/p>\n<p>El ministro del Interior austriaco, Wolfgang Sobotka, anunci\u00f3 en la noche del lunes la demolici\u00f3n del edificio y la construcci\u00f3n de uno nuevo bas\u00e1ndose en la decisi\u00f3n de los 13 historiadores, juristas, administradores y pol\u00edticos de la comisi\u00f3n. Pero el anuncio alarm\u00f3 a los expertos, pues una demolici\u00f3n constituir\u00eda \u00abuna negaci\u00f3n de la historia nazi en Austria\u00bb, como explic\u00f3 el historiador Oliver Rathkolb en nombre de la comisi\u00f3n. La pregunta ahora es: \u00bfqu\u00e9 hacer?<\/p>\n<p>En el informe, la comisi\u00f3n argumentaba por qu\u00e9 no est\u00e1 de acuerdo en dejar un hueco vac\u00edo en el lugar del edificio. As\u00ed que la variante \u00abdemolici\u00f3n pura\u00bb fue descartada de forma un\u00e1nime, explic\u00f3 hoy Rathkolb. Tambi\u00e9n se desech\u00f3 otra opci\u00f3n muy discutida en los \u00faltimos a\u00f1os, que consist\u00eda en crear un museo, porque los neonazis lo considerar\u00edan m\u00e1s bien una atracci\u00f3n a pesar de que sus fines fueran puramente did\u00e1cticos.<\/p>\n<p>\u00abEl simbolismo y el aura de su lugar de nacimiento sirven a modo de de identificaci\u00f3n con la ideolog\u00eda nazionalsocialista y la persona de Hitler\u00bb, advierten los expertos. \u00daltimamente llegaron numerosos autobuses de turistas, por ejemplo de Hungr\u00eda, que se fotografiaban delante de la casa.<\/p>\n<p>As\u00ed, finalmente se recomend\u00f3 como soluci\u00f3n \u00f3ptima una \u00abprofunda remodelaci\u00f3n arquitect\u00f3nica\u00bb que deje el edificio irreconocible y elimine la carga simb\u00f3lica. \u00abEl nuevo edificio podr\u00eda albergar un centro financiero o una fundaci\u00f3n caritativa\u00bb, dijo Rathkolb.<\/p>\n<p>Pero que deb\u00eda haber sido el punto final de un debate vigente durante a\u00f1os, result\u00f3 ser una provocaci\u00f3n debido a la palabra \u00abdemolici\u00f3n\u00bb utilizada por el ministro. Sobotka dej\u00f3 hoy la puerta abierta a todas las posibilidades: \u00abYa se ver\u00e1 c\u00f3mo lo hacemos, si con una reforma, con una nueva fachada o con una demolici\u00f3n completa\u00bb, dijo en la radio ORF. Aunque la comisi\u00f3n prefiere ser m\u00e1s espec\u00edfica: \u00abEntre una remodelaci\u00f3n arquitect\u00f3nica y una demolici\u00f3n completa hay un mundo\u00bb, dijo Rathkolb.<\/p>\n<p>El proceso a seguir ahora est\u00e1 claro, a pesar de que a\u00fan no se hayan determinado los detalles. La comisi\u00f3n interna del Parlamento pretend\u00eda iniciar hoy la expropiaci\u00f3n del terreno, algo que el Gobierno ya hab\u00eda decidido en verano. Una vez terminado el proceso parlamentario, la expropiaci\u00f3n entrar\u00eda en vigor a finales de a\u00f1o. Entonces se pagar\u00eda a la due\u00f1a una indemnizaci\u00f3n para acabar con la larga disputa y con un concurso de arquitectos se decidir\u00eda finalmente qu\u00e9 hacer y bajo qu\u00e9 condiciones.<\/p>\n<p>El debate sobre el uso del centenario edificio, protegido por la declaraci\u00f3n de patrimonio hist\u00f3rico, en este municipio de 16.000 ciudadanos situado en la frontera con Alemania se inici\u00f3 ya en 2011. La due\u00f1a se neg\u00f3 a remodelarlo y el Estado le transfiere desde entonces 300.000 euros (unos 330.000 d\u00f3lares) como alquiler por el edificio vac\u00edo. La posici\u00f3n del alcalde, Johannes Waidbacher, fue siempre la misma: \u00abQueremos un manejo hist\u00f3ricamente correcto de la casa de Hitler\u00bb. Ahora son los arquitectos los que tienen la palabra.<\/p>\n<p>Por Matthias R\u00f6der<\/p>\n","protected":false},"excerpt":{"rendered":"<p>Braunau am Inn (Austria), 18 oct (dpa) &#8211; El objetivo es claro: que la casa en la que naci\u00f3 Hitler, en el pueblo austriaco de Braunau am Inn, no se convierta en lugar de peregrinaci\u00f3n para los neonazis. Pero despu\u00e9s de que una comisi\u00f3n de expertos presentara su informe definitivo, parece que conseguirlo es m\u00e1s<\/p>\n","protected":false},"author":1,"featured_media":16457,"comment_status":"closed","ping_status":"closed","sticky":false,"template":"","format":"standard","meta":{"footnotes":""},"categories":[343],"tags":[],"class_list":{"0":"post-34226","1":"post","2":"type-post","3":"status-publish","4":"format-standard","5":"has-post-thumbnail","7":"category-actualidad"},"aioseo_notices":[],"aioseo_head":"\n\t\t<!-- All in One SEO Pro 4.9.6.2 - aioseo.com -->\n\t<meta name=\"description\" content=\"Braunau am Inn (Austria), 18 oct (dpa) - El objetivo es claro: que la casa en la que naci\u00f3 Hitler, en el pueblo austriaco de Braunau am Inn, no se convierta en lugar de peregrinaci\u00f3n para los neonazis. Pero despu\u00e9s de que una comisi\u00f3n de expertos presentara su informe definitivo, parece que conseguirlo es m\u00e1s\" \/>\n\t<meta name=\"robots\" content=\"max-image-preview:large\" \/>\n\t<meta name=\"author\" content=\"Cand\u00e1s 365\"\/>\n\t<meta name=\"google-site-verification\" content=\"UA-32230408-1\" \/>\n\t<meta name=\"msvalidate.01\" content=\"354F3CDFB2DA171B47FBE9ABF1F88D5\" \/>\n\t<meta name=\"keywords\" content=\"actualidad\" \/>\n\t<link rel=\"canonical\" href=\"https:\/\/candas365.es\/noticias\/que-hacer-con-la-casa-de-hitler-derribarla-o-reformarla\/\" \/>\n\t<meta name=\"generator\" content=\"All in One SEO Pro (AIOSEO) 4.9.6.2\" \/>\n\t\t<meta property=\"og:locale\" content=\"es_ES\" \/>\n\t\t<meta property=\"og:site_name\" content=\"Cand\u00e1s 365\" \/>\n\t\t<meta property=\"og:type\" content=\"article\" \/>\n\t\t<meta property=\"og:title\" content=\"Qu\u00e9 hacer con la casa de Hitler: \u00bfDerribarla o reformarla? | Cand\u00e1s 365\" \/>\n\t\t<meta property=\"og:description\" content=\"Braunau am Inn (Austria), 18 oct (dpa) - El objetivo es claro: que la casa en la que naci\u00f3 Hitler, en el pueblo austriaco de Braunau am Inn, no se convierta en lugar de peregrinaci\u00f3n para los neonazis. Pero despu\u00e9s de que una comisi\u00f3n de expertos presentara su informe definitivo, parece que conseguirlo es m\u00e1s\" \/>\n\t\t<meta property=\"og:url\" content=\"https:\/\/candas365.es\/noticias\/que-hacer-con-la-casa-de-hitler-derribarla-o-reformarla\/\" \/>\n\t\t<meta property=\"og:image\" content=\"https:\/\/candas365.es\/noticias\/wp-content\/uploads\/2015\/09\/c365noticias.jpg\" \/>\n\t\t<meta property=\"og:image:secure_url\" content=\"https:\/\/candas365.es\/noticias\/wp-content\/uploads\/2015\/09\/c365noticias.jpg\" \/>\n\t\t<meta property=\"og:image:width\" content=\"655\" \/>\n\t\t<meta property=\"og:image:height\" content=\"360\" \/>\n\t\t<meta property=\"article:published_time\" content=\"2016-10-18T18:32:25+00:00\" \/>\n\t\t<meta property=\"article:modified_time\" content=\"2016-10-18T18:32:25+00:00\" \/>\n\t\t<meta property=\"article:publisher\" content=\"https:\/\/www.facebook.com\/Nachofdezber\" \/>\n\t\t<meta property=\"article:author\" content=\"https:\/\/www.facebook.com\/carrenoactualidad\" \/>\n\t\t<meta name=\"twitter:card\" content=\"summary_large_image\" \/>\n\t\t<meta name=\"twitter:site\" content=\"@NabercoDigital\" \/>\n\t\t<meta name=\"twitter:title\" content=\"Qu\u00e9 hacer con la casa de Hitler: \u00bfDerribarla o reformarla? | Cand\u00e1s 365\" \/>\n\t\t<meta name=\"twitter:description\" content=\"Braunau am Inn (Austria), 18 oct (dpa) - El objetivo es claro: que la casa en la que naci\u00f3 Hitler, en el pueblo austriaco de Braunau am Inn, no se convierta en lugar de peregrinaci\u00f3n para los neonazis. Pero despu\u00e9s de que una comisi\u00f3n de expertos presentara su informe definitivo, parece que conseguirlo es m\u00e1s\" \/>\n\t\t<meta name=\"twitter:creator\" content=\"@nbasturias\" \/>\n\t\t<meta name=\"twitter:image\" content=\"https:\/\/candas365.es\/noticias\/wp-content\/uploads\/2015\/09\/c365noticias.jpg\" \/>\n\t\t<meta name=\"twitter:label1\" content=\"Escrito por\" \/>\n\t\t<meta name=\"twitter:data1\" content=\"Cand\u00e1s 365\" \/>\n\t\t<meta name=\"twitter:label2\" content=\"Tiempo de lectura estimado\" \/>\n\t\t<meta name=\"twitter:data2\" content=\"3 minutos\" \/>\n\t\t<script type=\"application\/ld+json\" class=\"aioseo-schema\">\n\t\t\t{\"@context\":\"https:\\\/\\\/schema.org\",\"@graph\":[{\"@type\":\"BreadcrumbList\",\"@id\":\"https:\\\/\\\/candas365.es\\\/noticias\\\/que-hacer-con-la-casa-de-hitler-derribarla-o-reformarla\\\/#breadcrumblist\",\"itemListElement\":[{\"@type\":\"ListItem\",\"@id\":\"https:\\\/\\\/candas365.es\\\/noticias#listItem\",\"position\":1,\"name\":\"Home\",\"item\":\"https:\\\/\\\/candas365.es\\\/noticias\",\"nextItem\":{\"@type\":\"ListItem\",\"@id\":\"https:\\\/\\\/candas365.es\\\/noticias\\\/category\\\/actualidad\\\/#listItem\",\"name\":\"Actualidad\"}},{\"@type\":\"ListItem\",\"@id\":\"https:\\\/\\\/candas365.es\\\/noticias\\\/category\\\/actualidad\\\/#listItem\",\"position\":2,\"name\":\"Actualidad\",\"item\":\"https:\\\/\\\/candas365.es\\\/noticias\\\/category\\\/actualidad\\\/\",\"nextItem\":{\"@type\":\"ListItem\",\"@id\":\"https:\\\/\\\/candas365.es\\\/noticias\\\/que-hacer-con-la-casa-de-hitler-derribarla-o-reformarla\\\/#listItem\",\"name\":\"Qu\\u00e9 hacer con la casa de Hitler: \\u00bfDerribarla o reformarla?\"},\"previousItem\":{\"@type\":\"ListItem\",\"@id\":\"https:\\\/\\\/candas365.es\\\/noticias#listItem\",\"name\":\"Home\"}},{\"@type\":\"ListItem\",\"@id\":\"https:\\\/\\\/candas365.es\\\/noticias\\\/que-hacer-con-la-casa-de-hitler-derribarla-o-reformarla\\\/#listItem\",\"position\":3,\"name\":\"Qu\\u00e9 hacer con la casa de Hitler: \\u00bfDerribarla o reformarla?\",\"previousItem\":{\"@type\":\"ListItem\",\"@id\":\"https:\\\/\\\/candas365.es\\\/noticias\\\/category\\\/actualidad\\\/#listItem\",\"name\":\"Actualidad\"}}]},{\"@type\":\"NewsArticle\",\"@id\":\"https:\\\/\\\/candas365.es\\\/noticias\\\/que-hacer-con-la-casa-de-hitler-derribarla-o-reformarla\\\/#newsarticle\",\"name\":\"Qu\\u00e9 hacer con la casa de Hitler: \\u00bfDerribarla o reformarla? | Cand\\u00e1s 365\",\"headline\":\"Qu\\u00e9 hacer con la casa de Hitler: \\u00bfDerribarla o reformarla?\",\"author\":{\"@id\":\"https:\\\/\\\/candas365.es\\\/noticias\\\/author\\\/admin\\\/#author\"},\"publisher\":{\"@id\":\"https:\\\/\\\/candas365.es\\\/noticias\\\/#organization\"},\"image\":{\"@type\":\"ImageObject\",\"url\":\"https:\\\/\\\/candas365.es\\\/noticias\\\/wp-content\\\/uploads\\\/2015\\\/09\\\/c365noticias.jpg\",\"width\":655,\"height\":360},\"datePublished\":\"2016-10-18T20:02:25+02:00\",\"dateModified\":\"2016-10-18T20:02:25+02:00\",\"inLanguage\":\"es-ES\",\"mainEntityOfPage\":{\"@id\":\"https:\\\/\\\/candas365.es\\\/noticias\\\/que-hacer-con-la-casa-de-hitler-derribarla-o-reformarla\\\/#webpage\"},\"isPartOf\":{\"@id\":\"https:\\\/\\\/candas365.es\\\/noticias\\\/que-hacer-con-la-casa-de-hitler-derribarla-o-reformarla\\\/#webpage\"},\"articleSection\":\"Actualidad\",\"dateline\":\"Publicado el octubre 18, 2016.\"},{\"@type\":\"Organization\",\"@id\":\"https:\\\/\\\/candas365.es\\\/noticias\\\/#organization\",\"name\":\"Cand\\u00e1s 365\",\"description\":\"Cand\\u00e1s 365 es un diario digital independiente, fundado en 2012, con base en Asturias. Informamos con rigor sobre actualidad, sociedad, cultura y ocio, con una mirada local y global.\",\"url\":\"https:\\\/\\\/candas365.es\\\/noticias\\\/\",\"email\":\"info@candas365.es\",\"telephone\":\"+34652131393\",\"foundingDate\":\"2012-06-10\",\"logo\":{\"@type\":\"ImageObject\",\"url\":\"https:\\\/\\\/candas365.es\\\/noticias\\\/wp-content\\\/uploads\\\/2024\\\/09\\\/Candas-365-Redes.jpg\",\"@id\":\"https:\\\/\\\/candas365.es\\\/noticias\\\/que-hacer-con-la-casa-de-hitler-derribarla-o-reformarla\\\/#organizationLogo\",\"width\":1152,\"height\":864,\"caption\":\"Cand\\u00e1s 365 Redes\"},\"image\":{\"@id\":\"https:\\\/\\\/candas365.es\\\/noticias\\\/que-hacer-con-la-casa-de-hitler-derribarla-o-reformarla\\\/#organizationLogo\"},\"sameAs\":[\"https:\\\/\\\/www.facebook.com\\\/Nachofdezber\",\"https:\\\/\\\/x.com\\\/NabercoDigital\",\"https:\\\/\\\/www.instagram.com\\\/nachofdezber\\\/\",\"https:\\\/\\\/www.youtube.com\\\/channel\\\/UCZP-2wLEB9Rv6erhFmqVnvg\"],\"address\":{\"@id\":\"https:\\\/\\\/candas365.es\\\/noticias\\\/#postaladdress\",\"@type\":\"PostalAddress\",\"streetAddress\":\"san antonio 4, san antonio 4\",\"postalCode\":\"33430\",\"addressLocality\":\"Cand\\u00e1s\",\"addressRegion\":\"Asturias\",\"addressCountry\":\"ES\"}},{\"@type\":\"Person\",\"@id\":\"https:\\\/\\\/candas365.es\\\/noticias\\\/author\\\/admin\\\/#author\",\"url\":\"https:\\\/\\\/candas365.es\\\/noticias\\\/author\\\/admin\\\/\",\"name\":\"Cand\\u00e1s 365\",\"image\":{\"@type\":\"ImageObject\",\"@id\":\"https:\\\/\\\/candas365.es\\\/noticias\\\/que-hacer-con-la-casa-de-hitler-derribarla-o-reformarla\\\/#authorImage\",\"url\":\"https:\\\/\\\/secure.gravatar.com\\\/avatar\\\/496a8e03d0c493ede1718b7934145dbdf8d89be1036b0eec9544e1094c9de390?s=96&d=mm&r=g\",\"width\":96,\"height\":96,\"caption\":\"Cand\\u00e1s 365\"},\"sameAs\":[\"https:\\\/\\\/www.facebook.com\\\/carrenoactualidad\",\"https:\\\/\\\/twitter.com\\\/nbasturias\",\"https:\\\/\\\/www.instagram.com\\\/nachofdezber\\\/\",\"https:\\\/\\\/www.youtube.com\\\/channel\\\/UCZP-2wLEB9Rv6erhFmqVnvg\"]},{\"@type\":\"WebPage\",\"@id\":\"https:\\\/\\\/candas365.es\\\/noticias\\\/que-hacer-con-la-casa-de-hitler-derribarla-o-reformarla\\\/#webpage\",\"url\":\"https:\\\/\\\/candas365.es\\\/noticias\\\/que-hacer-con-la-casa-de-hitler-derribarla-o-reformarla\\\/\",\"name\":\"Qu\\u00e9 hacer con la casa de Hitler: \\u00bfDerribarla o reformarla? | Cand\\u00e1s 365\",\"description\":\"Braunau am Inn (Austria), 18 oct (dpa) - El objetivo es claro: que la casa en la que naci\\u00f3 Hitler, en el pueblo austriaco de Braunau am Inn, no se convierta en lugar de peregrinaci\\u00f3n para los neonazis. Pero despu\\u00e9s de que una comisi\\u00f3n de expertos presentara su informe definitivo, parece que conseguirlo es m\\u00e1s\",\"inLanguage\":\"es-ES\",\"isPartOf\":{\"@id\":\"https:\\\/\\\/candas365.es\\\/noticias\\\/#website\"},\"breadcrumb\":{\"@id\":\"https:\\\/\\\/candas365.es\\\/noticias\\\/que-hacer-con-la-casa-de-hitler-derribarla-o-reformarla\\\/#breadcrumblist\"},\"author\":{\"@id\":\"https:\\\/\\\/candas365.es\\\/noticias\\\/author\\\/admin\\\/#author\"},\"creator\":{\"@id\":\"https:\\\/\\\/candas365.es\\\/noticias\\\/author\\\/admin\\\/#author\"},\"image\":{\"@type\":\"ImageObject\",\"url\":\"https:\\\/\\\/candas365.es\\\/noticias\\\/wp-content\\\/uploads\\\/2015\\\/09\\\/c365noticias.jpg\",\"@id\":\"https:\\\/\\\/candas365.es\\\/noticias\\\/que-hacer-con-la-casa-de-hitler-derribarla-o-reformarla\\\/#mainImage\",\"width\":655,\"height\":360},\"primaryImageOfPage\":{\"@id\":\"https:\\\/\\\/candas365.es\\\/noticias\\\/que-hacer-con-la-casa-de-hitler-derribarla-o-reformarla\\\/#mainImage\"},\"datePublished\":\"2016-10-18T20:02:25+02:00\",\"dateModified\":\"2016-10-18T20:02:25+02:00\"},{\"@type\":\"WebSite\",\"@id\":\"https:\\\/\\\/candas365.es\\\/noticias\\\/#website\",\"url\":\"https:\\\/\\\/candas365.es\\\/noticias\\\/\",\"name\":\"Cand\\u00e1s 365\",\"alternateName\":\"Cand\\u00e1s 365 Noticias\",\"description\":\"Actualidad desde Carre\\u00f1o para el mundo\",\"inLanguage\":\"es-ES\",\"publisher\":{\"@id\":\"https:\\\/\\\/candas365.es\\\/noticias\\\/#organization\"}}]}\n\t\t<\/script>\n\t\t<!-- All in One SEO Pro -->\r\n\t\t<title>Qu\u00e9 hacer con la casa de Hitler: \u00bfDerribarla o reformarla? | Cand\u00e1s 365<\/title>\n\n","aioseo_head_json":{"title":"Qu\u00e9 hacer con la casa de Hitler: \u00bfDerribarla o reformarla? | Cand\u00e1s 365","description":"Braunau am Inn (Austria), 18 oct (dpa) - El objetivo es claro: que la casa en la que naci\u00f3 Hitler, en el pueblo austriaco de Braunau am Inn, no se convierta en lugar de peregrinaci\u00f3n para los neonazis. Pero despu\u00e9s de que una comisi\u00f3n de expertos presentara su informe definitivo, parece que conseguirlo es m\u00e1s","canonical_url":"https:\/\/candas365.es\/noticias\/que-hacer-con-la-casa-de-hitler-derribarla-o-reformarla\/","robots":"max-image-preview:large","keywords":"actualidad","webmasterTools":{"google-site-verification":"UA-32230408-1","msvalidate.01":"354F3CDFB2DA171B47FBE9ABF1F88D5","miscellaneous":""},"schema":{"@context":"https:\/\/schema.org","@graph":[{"@type":"BreadcrumbList","@id":"https:\/\/candas365.es\/noticias\/que-hacer-con-la-casa-de-hitler-derribarla-o-reformarla\/#breadcrumblist","itemListElement":[{"@type":"ListItem","@id":"https:\/\/candas365.es\/noticias#listItem","position":1,"name":"Home","item":"https:\/\/candas365.es\/noticias","nextItem":{"@type":"ListItem","@id":"https:\/\/candas365.es\/noticias\/category\/actualidad\/#listItem","name":"Actualidad"}},{"@type":"ListItem","@id":"https:\/\/candas365.es\/noticias\/category\/actualidad\/#listItem","position":2,"name":"Actualidad","item":"https:\/\/candas365.es\/noticias\/category\/actualidad\/","nextItem":{"@type":"ListItem","@id":"https:\/\/candas365.es\/noticias\/que-hacer-con-la-casa-de-hitler-derribarla-o-reformarla\/#listItem","name":"Qu\u00e9 hacer con la casa de Hitler: \u00bfDerribarla o reformarla?"},"previousItem":{"@type":"ListItem","@id":"https:\/\/candas365.es\/noticias#listItem","name":"Home"}},{"@type":"ListItem","@id":"https:\/\/candas365.es\/noticias\/que-hacer-con-la-casa-de-hitler-derribarla-o-reformarla\/#listItem","position":3,"name":"Qu\u00e9 hacer con la casa de Hitler: \u00bfDerribarla o reformarla?","previousItem":{"@type":"ListItem","@id":"https:\/\/candas365.es\/noticias\/category\/actualidad\/#listItem","name":"Actualidad"}}]},{"@type":"NewsArticle","@id":"https:\/\/candas365.es\/noticias\/que-hacer-con-la-casa-de-hitler-derribarla-o-reformarla\/#newsarticle","name":"Qu\u00e9 hacer con la casa de Hitler: \u00bfDerribarla o reformarla? | Cand\u00e1s 365","headline":"Qu\u00e9 hacer con la casa de Hitler: \u00bfDerribarla o reformarla?","author":{"@id":"https:\/\/candas365.es\/noticias\/author\/admin\/#author"},"publisher":{"@id":"https:\/\/candas365.es\/noticias\/#organization"},"image":{"@type":"ImageObject","url":"https:\/\/candas365.es\/noticias\/wp-content\/uploads\/2015\/09\/c365noticias.jpg","width":655,"height":360},"datePublished":"2016-10-18T20:02:25+02:00","dateModified":"2016-10-18T20:02:25+02:00","inLanguage":"es-ES","mainEntityOfPage":{"@id":"https:\/\/candas365.es\/noticias\/que-hacer-con-la-casa-de-hitler-derribarla-o-reformarla\/#webpage"},"isPartOf":{"@id":"https:\/\/candas365.es\/noticias\/que-hacer-con-la-casa-de-hitler-derribarla-o-reformarla\/#webpage"},"articleSection":"Actualidad","dateline":"Publicado el octubre 18, 2016."},{"@type":"Organization","@id":"https:\/\/candas365.es\/noticias\/#organization","name":"Cand\u00e1s 365","description":"Cand\u00e1s 365 es un diario digital independiente, fundado en 2012, con base en Asturias. Informamos con rigor sobre actualidad, sociedad, cultura y ocio, con una mirada local y global.","url":"https:\/\/candas365.es\/noticias\/","email":"info@candas365.es","telephone":"+34652131393","foundingDate":"2012-06-10","logo":{"@type":"ImageObject","url":"https:\/\/candas365.es\/noticias\/wp-content\/uploads\/2024\/09\/Candas-365-Redes.jpg","@id":"https:\/\/candas365.es\/noticias\/que-hacer-con-la-casa-de-hitler-derribarla-o-reformarla\/#organizationLogo","width":1152,"height":864,"caption":"Cand\u00e1s 365 Redes"},"image":{"@id":"https:\/\/candas365.es\/noticias\/que-hacer-con-la-casa-de-hitler-derribarla-o-reformarla\/#organizationLogo"},"sameAs":["https:\/\/www.facebook.com\/Nachofdezber","https:\/\/x.com\/NabercoDigital","https:\/\/www.instagram.com\/nachofdezber\/","https:\/\/www.youtube.com\/channel\/UCZP-2wLEB9Rv6erhFmqVnvg"],"address":{"@id":"https:\/\/candas365.es\/noticias\/#postaladdress","@type":"PostalAddress","streetAddress":"san antonio 4, san antonio 4","postalCode":"33430","addressLocality":"Cand\u00e1s","addressRegion":"Asturias","addressCountry":"ES"}},{"@type":"Person","@id":"https:\/\/candas365.es\/noticias\/author\/admin\/#author","url":"https:\/\/candas365.es\/noticias\/author\/admin\/","name":"Cand\u00e1s 365","image":{"@type":"ImageObject","@id":"https:\/\/candas365.es\/noticias\/que-hacer-con-la-casa-de-hitler-derribarla-o-reformarla\/#authorImage","url":"https:\/\/secure.gravatar.com\/avatar\/496a8e03d0c493ede1718b7934145dbdf8d89be1036b0eec9544e1094c9de390?s=96&d=mm&r=g","width":96,"height":96,"caption":"Cand\u00e1s 365"},"sameAs":["https:\/\/www.facebook.com\/carrenoactualidad","https:\/\/twitter.com\/nbasturias","https:\/\/www.instagram.com\/nachofdezber\/","https:\/\/www.youtube.com\/channel\/UCZP-2wLEB9Rv6erhFmqVnvg"]},{"@type":"WebPage","@id":"https:\/\/candas365.es\/noticias\/que-hacer-con-la-casa-de-hitler-derribarla-o-reformarla\/#webpage","url":"https:\/\/candas365.es\/noticias\/que-hacer-con-la-casa-de-hitler-derribarla-o-reformarla\/","name":"Qu\u00e9 hacer con la casa de Hitler: \u00bfDerribarla o reformarla? | Cand\u00e1s 365","description":"Braunau am Inn (Austria), 18 oct (dpa) - El objetivo es claro: que la casa en la que naci\u00f3 Hitler, en el pueblo austriaco de Braunau am Inn, no se convierta en lugar de peregrinaci\u00f3n para los neonazis. Pero despu\u00e9s de que una comisi\u00f3n de expertos presentara su informe definitivo, parece que conseguirlo es m\u00e1s","inLanguage":"es-ES","isPartOf":{"@id":"https:\/\/candas365.es\/noticias\/#website"},"breadcrumb":{"@id":"https:\/\/candas365.es\/noticias\/que-hacer-con-la-casa-de-hitler-derribarla-o-reformarla\/#breadcrumblist"},"author":{"@id":"https:\/\/candas365.es\/noticias\/author\/admin\/#author"},"creator":{"@id":"https:\/\/candas365.es\/noticias\/author\/admin\/#author"},"image":{"@type":"ImageObject","url":"https:\/\/candas365.es\/noticias\/wp-content\/uploads\/2015\/09\/c365noticias.jpg","@id":"https:\/\/candas365.es\/noticias\/que-hacer-con-la-casa-de-hitler-derribarla-o-reformarla\/#mainImage","width":655,"height":360},"primaryImageOfPage":{"@id":"https:\/\/candas365.es\/noticias\/que-hacer-con-la-casa-de-hitler-derribarla-o-reformarla\/#mainImage"},"datePublished":"2016-10-18T20:02:25+02:00","dateModified":"2016-10-18T20:02:25+02:00"},{"@type":"WebSite","@id":"https:\/\/candas365.es\/noticias\/#website","url":"https:\/\/candas365.es\/noticias\/","name":"Cand\u00e1s 365","alternateName":"Cand\u00e1s 365 Noticias","description":"Actualidad desde Carre\u00f1o para el mundo","inLanguage":"es-ES","publisher":{"@id":"https:\/\/candas365.es\/noticias\/#organization"}}]},"og:locale":"es_ES","og:site_name":"Cand\u00e1s 365","og:type":"article","og:title":"Qu\u00e9 hacer con la casa de Hitler: \u00bfDerribarla o reformarla? | Cand\u00e1s 365","og:description":"Braunau am Inn (Austria), 18 oct (dpa) - El objetivo es claro: que la casa en la que naci\u00f3 Hitler, en el pueblo austriaco de Braunau am Inn, no se convierta en lugar de peregrinaci\u00f3n para los neonazis. Pero despu\u00e9s de que una comisi\u00f3n de expertos presentara su informe definitivo, parece que conseguirlo es m\u00e1s","og:url":"https:\/\/candas365.es\/noticias\/que-hacer-con-la-casa-de-hitler-derribarla-o-reformarla\/","og:image":"https:\/\/candas365.es\/noticias\/wp-content\/uploads\/2015\/09\/c365noticias.jpg","og:image:secure_url":"https:\/\/candas365.es\/noticias\/wp-content\/uploads\/2015\/09\/c365noticias.jpg","og:image:width":655,"og:image:height":360,"article:published_time":"2016-10-18T18:32:25+00:00","article:modified_time":"2016-10-18T18:32:25+00:00","article:publisher":"https:\/\/www.facebook.com\/Nachofdezber","article:author":"https:\/\/www.facebook.com\/carrenoactualidad","twitter:card":"summary_large_image","twitter:site":"@NabercoDigital","twitter:title":"Qu\u00e9 hacer con la casa de Hitler: \u00bfDerribarla o reformarla? | Cand\u00e1s 365","twitter:description":"Braunau am Inn (Austria), 18 oct (dpa) - El objetivo es claro: que la casa en la que naci\u00f3 Hitler, en el pueblo austriaco de Braunau am Inn, no se convierta en lugar de peregrinaci\u00f3n para los neonazis. Pero despu\u00e9s de que una comisi\u00f3n de expertos presentara su informe definitivo, parece que conseguirlo es m\u00e1s","twitter:creator":"@nbasturias","twitter:image":"https:\/\/candas365.es\/noticias\/wp-content\/uploads\/2015\/09\/c365noticias.jpg","twitter:label1":"Escrito por","twitter:data1":"Cand\u00e1s 365","twitter:label2":"Tiempo de lectura estimado","twitter:data2":"3 minutos"},"aioseo_meta_data":{"post_id":"34226","title":null,"description":null,"keywords":null,"keyphrases":null,"primary_term":null,"canonical_url":null,"og_title":null,"og_description":null,"og_object_type":"default","og_image_type":"default","og_image_url":null,"og_image_width":null,"og_image_height":null,"og_image_custom_url":null,"og_image_custom_fields":null,"og_video":null,"og_custom_url":null,"og_article_section":null,"og_article_tags":null,"twitter_use_og":false,"twitter_card":"default","twitter_image_type":"default","twitter_image_url":null,"twitter_image_custom_url":null,"twitter_image_custom_fields":null,"twitter_title":null,"twitter_description":null,"schema":{"blockGraphs":[],"customGraphs":[],"default":{"data":{"Article":[],"Course":[],"Dataset":[],"FAQPage":[],"Movie":[],"Person":[],"Product":[],"ProductReview":[],"Car":[],"Recipe":[],"Service":[],"SoftwareApplication":[],"WebPage":[]},"graphName":"","isEnabled":true},"graphs":[]},"schema_type":null,"schema_type_options":null,"pillar_content":false,"robots_default":true,"robots_noindex":false,"robots_noarchive":false,"robots_nosnippet":false,"robots_nofollow":false,"robots_noimageindex":false,"robots_noodp":false,"robots_notranslate":false,"robots_max_snippet":null,"robots_max_videopreview":null,"robots_max_imagepreview":"large","priority":null,"frequency":null,"location":null,"local_seo":null,"seo_analyzer_scan_date":"2025-08-24 17:33:11","breadcrumb_settings":null,"limit_modified_date":false,"reviewed_by":null,"open_ai":null,"ai":null,"created":"2020-12-21 13:07:47","updated":"2025-08-24 17:33:11"},"aioseo_breadcrumb":"<div class=\"aioseo-breadcrumbs\"><span class=\"aioseo-breadcrumb\">\n\t<a href=\"https:\/\/candas365.es\/noticias\" title=\"Home\">Home<\/a>\n<\/span><span class=\"aioseo-breadcrumb-separator\">&ndash;<\/span><span class=\"aioseo-breadcrumb\">\n\t<a href=\"https:\/\/candas365.es\/noticias\/category\/actualidad\/\" title=\"Actualidad\">Actualidad<\/a>\n<\/span><span class=\"aioseo-breadcrumb-separator\">&ndash;<\/span><span class=\"aioseo-breadcrumb\">\n\tQu\u00e9 hacer con la casa de Hitler: \u00bfDerribarla o reformarla?\n<\/span><\/div>","aioseo_breadcrumb_json":[{"label":"Home","link":"https:\/\/candas365.es\/noticias"},{"label":"Actualidad","link":"https:\/\/candas365.es\/noticias\/category\/actualidad\/"},{"label":"Qu\u00e9 hacer con la casa de Hitler: \u00bfDerribarla o reformarla?","link":"https:\/\/candas365.es\/noticias\/que-hacer-con-la-casa-de-hitler-derribarla-o-reformarla\/"}],"_links":{"self":[{"href":"https:\/\/candas365.es\/noticias\/wp-json\/wp\/v2\/posts\/34226","targetHints":{"allow":["GET"]}}],"collection":[{"href":"https:\/\/candas365.es\/noticias\/wp-json\/wp\/v2\/posts"}],"about":[{"href":"https:\/\/candas365.es\/noticias\/wp-json\/wp\/v2\/types\/post"}],"author":[{"embeddable":true,"href":"https:\/\/candas365.es\/noticias\/wp-json\/wp\/v2\/users\/1"}],"replies":[{"embeddable":true,"href":"https:\/\/candas365.es\/noticias\/wp-json\/wp\/v2\/comments?post=34226"}],"version-history":[{"count":0,"href":"https:\/\/candas365.es\/noticias\/wp-json\/wp\/v2\/posts\/34226\/revisions"}],"wp:featuredmedia":[{"embeddable":true,"href":"https:\/\/candas365.es\/noticias\/wp-json\/wp\/v2\/media\/16457"}],"wp:attachment":[{"href":"https:\/\/candas365.es\/noticias\/wp-json\/wp\/v2\/media?parent=34226"}],"wp:term":[{"taxonomy":"category","embeddable":true,"href":"https:\/\/candas365.es\/noticias\/wp-json\/wp\/v2\/categories?post=34226"},{"taxonomy":"post_tag","embeddable":true,"href":"https:\/\/candas365.es\/noticias\/wp-json\/wp\/v2\/tags?post=34226"}],"curies":[{"name":"wp","href":"https:\/\/api.w.org\/{rel}","templated":true}]}}