{"id":34220,"date":"2016-10-18T19:58:24","date_gmt":"2016-10-18T18:28:24","guid":{"rendered":"http:\/\/candas365.es\/noticias\/?p=34220"},"modified":"2016-10-18T19:58:24","modified_gmt":"2016-10-18T18:28:24","slug":"con-lutero-en-la-cama-artista-japones-nishi-presente-en-eisenach","status":"publish","type":"post","link":"https:\/\/candas365.es\/noticias\/con-lutero-en-la-cama-artista-japones-nishi-presente-en-eisenach\/","title":{"rendered":"Con Lutero en la cama: artista japon\u00e9s Nishi presente en Eisenach"},"content":{"rendered":"<p>Eisenach (Alemania), 18 oct (dpa) &#8211; Encontrarse una vez con Mart\u00edn Lutero en el dormitorio, curiosos tienen la oportunidad de vivirlo en la plaza Karlsplatz de Eisenach, en el estado federado de Turingia.<\/p>\n<p>El artista japon\u00e9s Tatzu Nishi ha encerrado, en el marco de su nuevo proyecto \u00abIn Bed with Martin Luther\u00bb (En la cama con Mart\u00edn Lutero), la estatua de Lutero creada en 1865 por Adolf von Donndorf en una casa colocada sobre andamios.<\/p>\n<p>Mediante una escalera se puede subir ahora hasta colocarse cara a cara con el reformador alem\u00e1n, que normalmente se eleva en lo alto sobre el z\u00f3calo de su monumento.<\/p>\n<p>Esta instalaci\u00f3n, precedente al aniversario del quinto centenario de la Reforma y financiada en partes iguales por medios p\u00fablicos y privados, puede ser visitada hasta el 17 de diciembre, informaron los iniciadores.<\/p>\n<p>Lutero frecuent\u00f3 la escuela de lat\u00edn en Eisenach y tradujo en el Castillo de Wartburg el Nuevo Testamento al alem\u00e1n.<\/p>\n<p>Nishi, nacido en 1960, es conocido internacionalmente por sus ins\u00f3litas instalaciones transitables realizadas en iglesias y monumentos. En Nueva York, cubri\u00f3 la estatua de Crist\u00f3bal Col\u00f3n con un \u00e1tico.<\/p>\n<p>&nbsp;<\/p>\n","protected":false},"excerpt":{"rendered":"<p>Eisenach (Alemania), 18 oct (dpa) &#8211; Encontrarse una vez con Mart\u00edn Lutero en el dormitorio, curiosos tienen la oportunidad de vivirlo en la plaza Karlsplatz de Eisenach, en el estado federado de Turingia. El artista japon\u00e9s Tatzu Nishi ha encerrado, en el marco de su nuevo proyecto \u00abIn Bed with Martin Luther\u00bb (En la cama<\/p>\n","protected":false},"author":1,"featured_media":16457,"comment_status":"closed","ping_status":"closed","sticky":false,"template":"","format":"standard","meta":{"footnotes":""},"categories":[343],"tags":[],"class_list":{"0":"post-34220","1":"post","2":"type-post","3":"status-publish","4":"format-standard","5":"has-post-thumbnail","7":"category-actualidad"},"aioseo_notices":[],"aioseo_head":"\n\t\t<!-- All in One SEO Pro 4.9.6.2 - aioseo.com -->\n\t<meta name=\"description\" content=\"Eisenach (Alemania), 18 oct (dpa) - Encontrarse una vez con Mart\u00edn Lutero en el dormitorio, curiosos tienen la oportunidad de vivirlo en la plaza Karlsplatz de Eisenach, en el estado federado de Turingia. El artista japon\u00e9s Tatzu Nishi ha encerrado, en el marco de su nuevo proyecto &quot;In Bed with Martin Luther&quot; (En la cama\" \/>\n\t<meta name=\"robots\" content=\"max-image-preview:large\" \/>\n\t<meta name=\"author\" content=\"Cand\u00e1s 365\"\/>\n\t<meta name=\"google-site-verification\" content=\"UA-32230408-1\" \/>\n\t<meta name=\"msvalidate.01\" content=\"354F3CDFB2DA171B47FBE9ABF1F88D5\" \/>\n\t<meta name=\"keywords\" content=\"actualidad\" \/>\n\t<link rel=\"canonical\" href=\"https:\/\/candas365.es\/noticias\/con-lutero-en-la-cama-artista-japones-nishi-presente-en-eisenach\/\" \/>\n\t<meta name=\"generator\" content=\"All in One SEO Pro (AIOSEO) 4.9.6.2\" \/>\n\t\t<meta property=\"og:locale\" content=\"es_ES\" \/>\n\t\t<meta property=\"og:site_name\" content=\"Cand\u00e1s 365\" \/>\n\t\t<meta property=\"og:type\" content=\"article\" \/>\n\t\t<meta property=\"og:title\" content=\"Con Lutero en la cama: artista japon\u00e9s Nishi presente en Eisenach | Cand\u00e1s 365\" \/>\n\t\t<meta property=\"og:description\" content=\"Eisenach (Alemania), 18 oct (dpa) - Encontrarse una vez con Mart\u00edn Lutero en el dormitorio, curiosos tienen la oportunidad de vivirlo en la plaza Karlsplatz de Eisenach, en el estado federado de Turingia. El artista japon\u00e9s Tatzu Nishi ha encerrado, en el marco de su nuevo proyecto &quot;In Bed with Martin Luther&quot; (En la cama\" \/>\n\t\t<meta property=\"og:url\" content=\"https:\/\/candas365.es\/noticias\/con-lutero-en-la-cama-artista-japones-nishi-presente-en-eisenach\/\" \/>\n\t\t<meta property=\"og:image\" content=\"https:\/\/candas365.es\/noticias\/wp-content\/uploads\/2015\/09\/c365noticias.jpg\" \/>\n\t\t<meta property=\"og:image:secure_url\" content=\"https:\/\/candas365.es\/noticias\/wp-content\/uploads\/2015\/09\/c365noticias.jpg\" \/>\n\t\t<meta property=\"og:image:width\" content=\"655\" \/>\n\t\t<meta property=\"og:image:height\" content=\"360\" \/>\n\t\t<meta property=\"article:published_time\" content=\"2016-10-18T18:28:24+00:00\" \/>\n\t\t<meta property=\"article:modified_time\" content=\"2016-10-18T18:28:24+00:00\" \/>\n\t\t<meta property=\"article:publisher\" content=\"https:\/\/www.facebook.com\/Nachofdezber\" \/>\n\t\t<meta property=\"article:author\" content=\"https:\/\/www.facebook.com\/carrenoactualidad\" \/>\n\t\t<meta name=\"twitter:card\" content=\"summary_large_image\" \/>\n\t\t<meta name=\"twitter:site\" content=\"@NabercoDigital\" \/>\n\t\t<meta name=\"twitter:title\" content=\"Con Lutero en la cama: artista japon\u00e9s Nishi presente en Eisenach | Cand\u00e1s 365\" \/>\n\t\t<meta name=\"twitter:description\" content=\"Eisenach (Alemania), 18 oct (dpa) - Encontrarse una vez con Mart\u00edn Lutero en el dormitorio, curiosos tienen la oportunidad de vivirlo en la plaza Karlsplatz de Eisenach, en el estado federado de Turingia. El artista japon\u00e9s Tatzu Nishi ha encerrado, en el marco de su nuevo proyecto &quot;In Bed with Martin Luther&quot; (En la cama\" \/>\n\t\t<meta name=\"twitter:creator\" content=\"@nbasturias\" \/>\n\t\t<meta name=\"twitter:image\" content=\"https:\/\/candas365.es\/noticias\/wp-content\/uploads\/2015\/09\/c365noticias.jpg\" \/>\n\t\t<meta name=\"twitter:label1\" content=\"Escrito por\" \/>\n\t\t<meta name=\"twitter:data1\" content=\"Cand\u00e1s 365\" \/>\n\t\t<meta name=\"twitter:label2\" content=\"Tiempo de lectura estimado\" \/>\n\t\t<meta name=\"twitter:data2\" content=\"1 minuto\" \/>\n\t\t<script type=\"application\/ld+json\" class=\"aioseo-schema\">\n\t\t\t{\"@context\":\"https:\\\/\\\/schema.org\",\"@graph\":[{\"@type\":\"BreadcrumbList\",\"@id\":\"https:\\\/\\\/candas365.es\\\/noticias\\\/con-lutero-en-la-cama-artista-japones-nishi-presente-en-eisenach\\\/#breadcrumblist\",\"itemListElement\":[{\"@type\":\"ListItem\",\"@id\":\"https:\\\/\\\/candas365.es\\\/noticias#listItem\",\"position\":1,\"name\":\"Home\",\"item\":\"https:\\\/\\\/candas365.es\\\/noticias\",\"nextItem\":{\"@type\":\"ListItem\",\"@id\":\"https:\\\/\\\/candas365.es\\\/noticias\\\/category\\\/actualidad\\\/#listItem\",\"name\":\"Actualidad\"}},{\"@type\":\"ListItem\",\"@id\":\"https:\\\/\\\/candas365.es\\\/noticias\\\/category\\\/actualidad\\\/#listItem\",\"position\":2,\"name\":\"Actualidad\",\"item\":\"https:\\\/\\\/candas365.es\\\/noticias\\\/category\\\/actualidad\\\/\",\"nextItem\":{\"@type\":\"ListItem\",\"@id\":\"https:\\\/\\\/candas365.es\\\/noticias\\\/con-lutero-en-la-cama-artista-japones-nishi-presente-en-eisenach\\\/#listItem\",\"name\":\"Con Lutero en la cama: artista japon\\u00e9s Nishi presente en Eisenach\"},\"previousItem\":{\"@type\":\"ListItem\",\"@id\":\"https:\\\/\\\/candas365.es\\\/noticias#listItem\",\"name\":\"Home\"}},{\"@type\":\"ListItem\",\"@id\":\"https:\\\/\\\/candas365.es\\\/noticias\\\/con-lutero-en-la-cama-artista-japones-nishi-presente-en-eisenach\\\/#listItem\",\"position\":3,\"name\":\"Con Lutero en la cama: artista japon\\u00e9s Nishi presente en Eisenach\",\"previousItem\":{\"@type\":\"ListItem\",\"@id\":\"https:\\\/\\\/candas365.es\\\/noticias\\\/category\\\/actualidad\\\/#listItem\",\"name\":\"Actualidad\"}}]},{\"@type\":\"NewsArticle\",\"@id\":\"https:\\\/\\\/candas365.es\\\/noticias\\\/con-lutero-en-la-cama-artista-japones-nishi-presente-en-eisenach\\\/#newsarticle\",\"name\":\"Con Lutero en la cama: artista japon\\u00e9s Nishi presente en Eisenach | Cand\\u00e1s 365\",\"headline\":\"Con Lutero en la cama: artista japon\\u00e9s Nishi presente en Eisenach\",\"author\":{\"@id\":\"https:\\\/\\\/candas365.es\\\/noticias\\\/author\\\/admin\\\/#author\"},\"publisher\":{\"@id\":\"https:\\\/\\\/candas365.es\\\/noticias\\\/#organization\"},\"image\":{\"@type\":\"ImageObject\",\"url\":\"https:\\\/\\\/candas365.es\\\/noticias\\\/wp-content\\\/uploads\\\/2015\\\/09\\\/c365noticias.jpg\",\"width\":655,\"height\":360},\"datePublished\":\"2016-10-18T19:58:24+02:00\",\"dateModified\":\"2016-10-18T19:58:24+02:00\",\"inLanguage\":\"es-ES\",\"mainEntityOfPage\":{\"@id\":\"https:\\\/\\\/candas365.es\\\/noticias\\\/con-lutero-en-la-cama-artista-japones-nishi-presente-en-eisenach\\\/#webpage\"},\"isPartOf\":{\"@id\":\"https:\\\/\\\/candas365.es\\\/noticias\\\/con-lutero-en-la-cama-artista-japones-nishi-presente-en-eisenach\\\/#webpage\"},\"articleSection\":\"Actualidad\",\"dateline\":\"Publicado el octubre 18, 2016.\"},{\"@type\":\"Organization\",\"@id\":\"https:\\\/\\\/candas365.es\\\/noticias\\\/#organization\",\"name\":\"Cand\\u00e1s 365\",\"description\":\"Cand\\u00e1s 365 es un diario digital independiente, fundado en 2012, con base en Asturias. Informamos con rigor sobre actualidad, sociedad, cultura y ocio, con una mirada local y global.\",\"url\":\"https:\\\/\\\/candas365.es\\\/noticias\\\/\",\"email\":\"info@candas365.es\",\"telephone\":\"+34652131393\",\"foundingDate\":\"2012-06-10\",\"logo\":{\"@type\":\"ImageObject\",\"url\":\"https:\\\/\\\/candas365.es\\\/noticias\\\/wp-content\\\/uploads\\\/2024\\\/09\\\/Candas-365-Redes.jpg\",\"@id\":\"https:\\\/\\\/candas365.es\\\/noticias\\\/con-lutero-en-la-cama-artista-japones-nishi-presente-en-eisenach\\\/#organizationLogo\",\"width\":1152,\"height\":864,\"caption\":\"Cand\\u00e1s 365 Redes\"},\"image\":{\"@id\":\"https:\\\/\\\/candas365.es\\\/noticias\\\/con-lutero-en-la-cama-artista-japones-nishi-presente-en-eisenach\\\/#organizationLogo\"},\"sameAs\":[\"https:\\\/\\\/www.facebook.com\\\/Nachofdezber\",\"https:\\\/\\\/x.com\\\/NabercoDigital\",\"https:\\\/\\\/www.instagram.com\\\/nachofdezber\\\/\",\"https:\\\/\\\/www.youtube.com\\\/channel\\\/UCZP-2wLEB9Rv6erhFmqVnvg\"],\"address\":{\"@id\":\"https:\\\/\\\/candas365.es\\\/noticias\\\/#postaladdress\",\"@type\":\"PostalAddress\",\"streetAddress\":\"san antonio 4, san antonio 4\",\"postalCode\":\"33430\",\"addressLocality\":\"Cand\\u00e1s\",\"addressRegion\":\"Asturias\",\"addressCountry\":\"ES\"}},{\"@type\":\"Person\",\"@id\":\"https:\\\/\\\/candas365.es\\\/noticias\\\/author\\\/admin\\\/#author\",\"url\":\"https:\\\/\\\/candas365.es\\\/noticias\\\/author\\\/admin\\\/\",\"name\":\"Cand\\u00e1s 365\",\"image\":{\"@type\":\"ImageObject\",\"@id\":\"https:\\\/\\\/candas365.es\\\/noticias\\\/con-lutero-en-la-cama-artista-japones-nishi-presente-en-eisenach\\\/#authorImage\",\"url\":\"https:\\\/\\\/secure.gravatar.com\\\/avatar\\\/496a8e03d0c493ede1718b7934145dbdf8d89be1036b0eec9544e1094c9de390?s=96&d=mm&r=g\",\"width\":96,\"height\":96,\"caption\":\"Cand\\u00e1s 365\"},\"sameAs\":[\"https:\\\/\\\/www.facebook.com\\\/carrenoactualidad\",\"https:\\\/\\\/twitter.com\\\/nbasturias\",\"https:\\\/\\\/www.instagram.com\\\/nachofdezber\\\/\",\"https:\\\/\\\/www.youtube.com\\\/channel\\\/UCZP-2wLEB9Rv6erhFmqVnvg\"]},{\"@type\":\"WebPage\",\"@id\":\"https:\\\/\\\/candas365.es\\\/noticias\\\/con-lutero-en-la-cama-artista-japones-nishi-presente-en-eisenach\\\/#webpage\",\"url\":\"https:\\\/\\\/candas365.es\\\/noticias\\\/con-lutero-en-la-cama-artista-japones-nishi-presente-en-eisenach\\\/\",\"name\":\"Con Lutero en la cama: artista japon\\u00e9s Nishi presente en Eisenach | Cand\\u00e1s 365\",\"description\":\"Eisenach (Alemania), 18 oct (dpa) - Encontrarse una vez con Mart\\u00edn Lutero en el dormitorio, curiosos tienen la oportunidad de vivirlo en la plaza Karlsplatz de Eisenach, en el estado federado de Turingia. El artista japon\\u00e9s Tatzu Nishi ha encerrado, en el marco de su nuevo proyecto \\\"In Bed with Martin Luther\\\" (En la cama\",\"inLanguage\":\"es-ES\",\"isPartOf\":{\"@id\":\"https:\\\/\\\/candas365.es\\\/noticias\\\/#website\"},\"breadcrumb\":{\"@id\":\"https:\\\/\\\/candas365.es\\\/noticias\\\/con-lutero-en-la-cama-artista-japones-nishi-presente-en-eisenach\\\/#breadcrumblist\"},\"author\":{\"@id\":\"https:\\\/\\\/candas365.es\\\/noticias\\\/author\\\/admin\\\/#author\"},\"creator\":{\"@id\":\"https:\\\/\\\/candas365.es\\\/noticias\\\/author\\\/admin\\\/#author\"},\"image\":{\"@type\":\"ImageObject\",\"url\":\"https:\\\/\\\/candas365.es\\\/noticias\\\/wp-content\\\/uploads\\\/2015\\\/09\\\/c365noticias.jpg\",\"@id\":\"https:\\\/\\\/candas365.es\\\/noticias\\\/con-lutero-en-la-cama-artista-japones-nishi-presente-en-eisenach\\\/#mainImage\",\"width\":655,\"height\":360},\"primaryImageOfPage\":{\"@id\":\"https:\\\/\\\/candas365.es\\\/noticias\\\/con-lutero-en-la-cama-artista-japones-nishi-presente-en-eisenach\\\/#mainImage\"},\"datePublished\":\"2016-10-18T19:58:24+02:00\",\"dateModified\":\"2016-10-18T19:58:24+02:00\"},{\"@type\":\"WebSite\",\"@id\":\"https:\\\/\\\/candas365.es\\\/noticias\\\/#website\",\"url\":\"https:\\\/\\\/candas365.es\\\/noticias\\\/\",\"name\":\"Cand\\u00e1s 365\",\"alternateName\":\"Cand\\u00e1s 365 Noticias\",\"description\":\"Actualidad desde Carre\\u00f1o para el mundo\",\"inLanguage\":\"es-ES\",\"publisher\":{\"@id\":\"https:\\\/\\\/candas365.es\\\/noticias\\\/#organization\"}}]}\n\t\t<\/script>\n\t\t<!-- All in One SEO Pro -->\r\n\t\t<title>Con Lutero en la cama: artista japon\u00e9s Nishi presente en Eisenach | Cand\u00e1s 365<\/title>\n\n","aioseo_head_json":{"title":"Con Lutero en la cama: artista japon\u00e9s Nishi presente en Eisenach | Cand\u00e1s 365","description":"Eisenach (Alemania), 18 oct (dpa) - Encontrarse una vez con Mart\u00edn Lutero en el dormitorio, curiosos tienen la oportunidad de vivirlo en la plaza Karlsplatz de Eisenach, en el estado federado de Turingia. El artista japon\u00e9s Tatzu Nishi ha encerrado, en el marco de su nuevo proyecto \"In Bed with Martin Luther\" (En la cama","canonical_url":"https:\/\/candas365.es\/noticias\/con-lutero-en-la-cama-artista-japones-nishi-presente-en-eisenach\/","robots":"max-image-preview:large","keywords":"actualidad","webmasterTools":{"google-site-verification":"UA-32230408-1","msvalidate.01":"354F3CDFB2DA171B47FBE9ABF1F88D5","miscellaneous":""},"schema":{"@context":"https:\/\/schema.org","@graph":[{"@type":"BreadcrumbList","@id":"https:\/\/candas365.es\/noticias\/con-lutero-en-la-cama-artista-japones-nishi-presente-en-eisenach\/#breadcrumblist","itemListElement":[{"@type":"ListItem","@id":"https:\/\/candas365.es\/noticias#listItem","position":1,"name":"Home","item":"https:\/\/candas365.es\/noticias","nextItem":{"@type":"ListItem","@id":"https:\/\/candas365.es\/noticias\/category\/actualidad\/#listItem","name":"Actualidad"}},{"@type":"ListItem","@id":"https:\/\/candas365.es\/noticias\/category\/actualidad\/#listItem","position":2,"name":"Actualidad","item":"https:\/\/candas365.es\/noticias\/category\/actualidad\/","nextItem":{"@type":"ListItem","@id":"https:\/\/candas365.es\/noticias\/con-lutero-en-la-cama-artista-japones-nishi-presente-en-eisenach\/#listItem","name":"Con Lutero en la cama: artista japon\u00e9s Nishi presente en Eisenach"},"previousItem":{"@type":"ListItem","@id":"https:\/\/candas365.es\/noticias#listItem","name":"Home"}},{"@type":"ListItem","@id":"https:\/\/candas365.es\/noticias\/con-lutero-en-la-cama-artista-japones-nishi-presente-en-eisenach\/#listItem","position":3,"name":"Con Lutero en la cama: artista japon\u00e9s Nishi presente en Eisenach","previousItem":{"@type":"ListItem","@id":"https:\/\/candas365.es\/noticias\/category\/actualidad\/#listItem","name":"Actualidad"}}]},{"@type":"NewsArticle","@id":"https:\/\/candas365.es\/noticias\/con-lutero-en-la-cama-artista-japones-nishi-presente-en-eisenach\/#newsarticle","name":"Con Lutero en la cama: artista japon\u00e9s Nishi presente en Eisenach | Cand\u00e1s 365","headline":"Con Lutero en la cama: artista japon\u00e9s Nishi presente en Eisenach","author":{"@id":"https:\/\/candas365.es\/noticias\/author\/admin\/#author"},"publisher":{"@id":"https:\/\/candas365.es\/noticias\/#organization"},"image":{"@type":"ImageObject","url":"https:\/\/candas365.es\/noticias\/wp-content\/uploads\/2015\/09\/c365noticias.jpg","width":655,"height":360},"datePublished":"2016-10-18T19:58:24+02:00","dateModified":"2016-10-18T19:58:24+02:00","inLanguage":"es-ES","mainEntityOfPage":{"@id":"https:\/\/candas365.es\/noticias\/con-lutero-en-la-cama-artista-japones-nishi-presente-en-eisenach\/#webpage"},"isPartOf":{"@id":"https:\/\/candas365.es\/noticias\/con-lutero-en-la-cama-artista-japones-nishi-presente-en-eisenach\/#webpage"},"articleSection":"Actualidad","dateline":"Publicado el octubre 18, 2016."},{"@type":"Organization","@id":"https:\/\/candas365.es\/noticias\/#organization","name":"Cand\u00e1s 365","description":"Cand\u00e1s 365 es un diario digital independiente, fundado en 2012, con base en Asturias. Informamos con rigor sobre actualidad, sociedad, cultura y ocio, con una mirada local y global.","url":"https:\/\/candas365.es\/noticias\/","email":"info@candas365.es","telephone":"+34652131393","foundingDate":"2012-06-10","logo":{"@type":"ImageObject","url":"https:\/\/candas365.es\/noticias\/wp-content\/uploads\/2024\/09\/Candas-365-Redes.jpg","@id":"https:\/\/candas365.es\/noticias\/con-lutero-en-la-cama-artista-japones-nishi-presente-en-eisenach\/#organizationLogo","width":1152,"height":864,"caption":"Cand\u00e1s 365 Redes"},"image":{"@id":"https:\/\/candas365.es\/noticias\/con-lutero-en-la-cama-artista-japones-nishi-presente-en-eisenach\/#organizationLogo"},"sameAs":["https:\/\/www.facebook.com\/Nachofdezber","https:\/\/x.com\/NabercoDigital","https:\/\/www.instagram.com\/nachofdezber\/","https:\/\/www.youtube.com\/channel\/UCZP-2wLEB9Rv6erhFmqVnvg"],"address":{"@id":"https:\/\/candas365.es\/noticias\/#postaladdress","@type":"PostalAddress","streetAddress":"san antonio 4, san antonio 4","postalCode":"33430","addressLocality":"Cand\u00e1s","addressRegion":"Asturias","addressCountry":"ES"}},{"@type":"Person","@id":"https:\/\/candas365.es\/noticias\/author\/admin\/#author","url":"https:\/\/candas365.es\/noticias\/author\/admin\/","name":"Cand\u00e1s 365","image":{"@type":"ImageObject","@id":"https:\/\/candas365.es\/noticias\/con-lutero-en-la-cama-artista-japones-nishi-presente-en-eisenach\/#authorImage","url":"https:\/\/secure.gravatar.com\/avatar\/496a8e03d0c493ede1718b7934145dbdf8d89be1036b0eec9544e1094c9de390?s=96&d=mm&r=g","width":96,"height":96,"caption":"Cand\u00e1s 365"},"sameAs":["https:\/\/www.facebook.com\/carrenoactualidad","https:\/\/twitter.com\/nbasturias","https:\/\/www.instagram.com\/nachofdezber\/","https:\/\/www.youtube.com\/channel\/UCZP-2wLEB9Rv6erhFmqVnvg"]},{"@type":"WebPage","@id":"https:\/\/candas365.es\/noticias\/con-lutero-en-la-cama-artista-japones-nishi-presente-en-eisenach\/#webpage","url":"https:\/\/candas365.es\/noticias\/con-lutero-en-la-cama-artista-japones-nishi-presente-en-eisenach\/","name":"Con Lutero en la cama: artista japon\u00e9s Nishi presente en Eisenach | Cand\u00e1s 365","description":"Eisenach (Alemania), 18 oct (dpa) - Encontrarse una vez con Mart\u00edn Lutero en el dormitorio, curiosos tienen la oportunidad de vivirlo en la plaza Karlsplatz de Eisenach, en el estado federado de Turingia. El artista japon\u00e9s Tatzu Nishi ha encerrado, en el marco de su nuevo proyecto \"In Bed with Martin Luther\" (En la cama","inLanguage":"es-ES","isPartOf":{"@id":"https:\/\/candas365.es\/noticias\/#website"},"breadcrumb":{"@id":"https:\/\/candas365.es\/noticias\/con-lutero-en-la-cama-artista-japones-nishi-presente-en-eisenach\/#breadcrumblist"},"author":{"@id":"https:\/\/candas365.es\/noticias\/author\/admin\/#author"},"creator":{"@id":"https:\/\/candas365.es\/noticias\/author\/admin\/#author"},"image":{"@type":"ImageObject","url":"https:\/\/candas365.es\/noticias\/wp-content\/uploads\/2015\/09\/c365noticias.jpg","@id":"https:\/\/candas365.es\/noticias\/con-lutero-en-la-cama-artista-japones-nishi-presente-en-eisenach\/#mainImage","width":655,"height":360},"primaryImageOfPage":{"@id":"https:\/\/candas365.es\/noticias\/con-lutero-en-la-cama-artista-japones-nishi-presente-en-eisenach\/#mainImage"},"datePublished":"2016-10-18T19:58:24+02:00","dateModified":"2016-10-18T19:58:24+02:00"},{"@type":"WebSite","@id":"https:\/\/candas365.es\/noticias\/#website","url":"https:\/\/candas365.es\/noticias\/","name":"Cand\u00e1s 365","alternateName":"Cand\u00e1s 365 Noticias","description":"Actualidad desde Carre\u00f1o para el mundo","inLanguage":"es-ES","publisher":{"@id":"https:\/\/candas365.es\/noticias\/#organization"}}]},"og:locale":"es_ES","og:site_name":"Cand\u00e1s 365","og:type":"article","og:title":"Con Lutero en la cama: artista japon\u00e9s Nishi presente en Eisenach | Cand\u00e1s 365","og:description":"Eisenach (Alemania), 18 oct (dpa) - Encontrarse una vez con Mart\u00edn Lutero en el dormitorio, curiosos tienen la oportunidad de vivirlo en la plaza Karlsplatz de Eisenach, en el estado federado de Turingia. El artista japon\u00e9s Tatzu Nishi ha encerrado, en el marco de su nuevo proyecto &quot;In Bed with Martin Luther&quot; (En la cama","og:url":"https:\/\/candas365.es\/noticias\/con-lutero-en-la-cama-artista-japones-nishi-presente-en-eisenach\/","og:image":"https:\/\/candas365.es\/noticias\/wp-content\/uploads\/2015\/09\/c365noticias.jpg","og:image:secure_url":"https:\/\/candas365.es\/noticias\/wp-content\/uploads\/2015\/09\/c365noticias.jpg","og:image:width":655,"og:image:height":360,"article:published_time":"2016-10-18T18:28:24+00:00","article:modified_time":"2016-10-18T18:28:24+00:00","article:publisher":"https:\/\/www.facebook.com\/Nachofdezber","article:author":"https:\/\/www.facebook.com\/carrenoactualidad","twitter:card":"summary_large_image","twitter:site":"@NabercoDigital","twitter:title":"Con Lutero en la cama: artista japon\u00e9s Nishi presente en Eisenach | Cand\u00e1s 365","twitter:description":"Eisenach (Alemania), 18 oct (dpa) - Encontrarse una vez con Mart\u00edn Lutero en el dormitorio, curiosos tienen la oportunidad de vivirlo en la plaza Karlsplatz de Eisenach, en el estado federado de Turingia. El artista japon\u00e9s Tatzu Nishi ha encerrado, en el marco de su nuevo proyecto &quot;In Bed with Martin Luther&quot; (En la cama","twitter:creator":"@nbasturias","twitter:image":"https:\/\/candas365.es\/noticias\/wp-content\/uploads\/2015\/09\/c365noticias.jpg","twitter:label1":"Escrito por","twitter:data1":"Cand\u00e1s 365","twitter:label2":"Tiempo de lectura estimado","twitter:data2":"1 minuto"},"aioseo_meta_data":{"post_id":"34220","title":null,"description":null,"keywords":null,"keyphrases":null,"primary_term":null,"canonical_url":null,"og_title":null,"og_description":null,"og_object_type":"default","og_image_type":"default","og_image_url":null,"og_image_width":null,"og_image_height":null,"og_image_custom_url":null,"og_image_custom_fields":null,"og_video":null,"og_custom_url":null,"og_article_section":null,"og_article_tags":null,"twitter_use_og":false,"twitter_card":"default","twitter_image_type":"default","twitter_image_url":null,"twitter_image_custom_url":null,"twitter_image_custom_fields":null,"twitter_title":null,"twitter_description":null,"schema":{"blockGraphs":[],"customGraphs":[],"default":{"data":{"Article":[],"Course":[],"Dataset":[],"FAQPage":[],"Movie":[],"Person":[],"Product":[],"ProductReview":[],"Car":[],"Recipe":[],"Service":[],"SoftwareApplication":[],"WebPage":[]},"graphName":"","isEnabled":true},"graphs":[],"defaultGraph":"","defaultPostTypeGraph":""},"schema_type":null,"schema_type_options":null,"pillar_content":false,"robots_default":true,"robots_noindex":false,"robots_noarchive":false,"robots_nosnippet":false,"robots_nofollow":false,"robots_noimageindex":false,"robots_noodp":false,"robots_notranslate":false,"robots_max_snippet":null,"robots_max_videopreview":null,"robots_max_imagepreview":"large","priority":null,"frequency":null,"location":null,"local_seo":null,"seo_analyzer_scan_date":"2025-08-24 17:32:11","breadcrumb_settings":null,"limit_modified_date":false,"reviewed_by":null,"open_ai":null,"ai":null,"created":"2020-12-21 13:07:47","updated":"2025-08-24 17:32:11"},"aioseo_breadcrumb":"<div class=\"aioseo-breadcrumbs\"><span class=\"aioseo-breadcrumb\">\n\t<a href=\"https:\/\/candas365.es\/noticias\" title=\"Home\">Home<\/a>\n<\/span><span class=\"aioseo-breadcrumb-separator\">&ndash;<\/span><span class=\"aioseo-breadcrumb\">\n\t<a href=\"https:\/\/candas365.es\/noticias\/category\/actualidad\/\" title=\"Actualidad\">Actualidad<\/a>\n<\/span><span class=\"aioseo-breadcrumb-separator\">&ndash;<\/span><span class=\"aioseo-breadcrumb\">\n\tCon Lutero en la cama: artista japon\u00e9s Nishi presente en Eisenach\n<\/span><\/div>","aioseo_breadcrumb_json":[{"label":"Home","link":"https:\/\/candas365.es\/noticias"},{"label":"Actualidad","link":"https:\/\/candas365.es\/noticias\/category\/actualidad\/"},{"label":"Con Lutero en la cama: artista japon\u00e9s Nishi presente en Eisenach","link":"https:\/\/candas365.es\/noticias\/con-lutero-en-la-cama-artista-japones-nishi-presente-en-eisenach\/"}],"_links":{"self":[{"href":"https:\/\/candas365.es\/noticias\/wp-json\/wp\/v2\/posts\/34220","targetHints":{"allow":["GET"]}}],"collection":[{"href":"https:\/\/candas365.es\/noticias\/wp-json\/wp\/v2\/posts"}],"about":[{"href":"https:\/\/candas365.es\/noticias\/wp-json\/wp\/v2\/types\/post"}],"author":[{"embeddable":true,"href":"https:\/\/candas365.es\/noticias\/wp-json\/wp\/v2\/users\/1"}],"replies":[{"embeddable":true,"href":"https:\/\/candas365.es\/noticias\/wp-json\/wp\/v2\/comments?post=34220"}],"version-history":[{"count":0,"href":"https:\/\/candas365.es\/noticias\/wp-json\/wp\/v2\/posts\/34220\/revisions"}],"wp:featuredmedia":[{"embeddable":true,"href":"https:\/\/candas365.es\/noticias\/wp-json\/wp\/v2\/media\/16457"}],"wp:attachment":[{"href":"https:\/\/candas365.es\/noticias\/wp-json\/wp\/v2\/media?parent=34220"}],"wp:term":[{"taxonomy":"category","embeddable":true,"href":"https:\/\/candas365.es\/noticias\/wp-json\/wp\/v2\/categories?post=34220"},{"taxonomy":"post_tag","embeddable":true,"href":"https:\/\/candas365.es\/noticias\/wp-json\/wp\/v2\/tags?post=34220"}],"curies":[{"name":"wp","href":"https:\/\/api.w.org\/{rel}","templated":true}]}}