{"id":34218,"date":"2016-10-18T19:57:22","date_gmt":"2016-10-18T18:27:22","guid":{"rendered":"http:\/\/candas365.es\/noticias\/?p=34218"},"modified":"2016-10-18T19:57:22","modified_gmt":"2016-10-18T18:27:22","slug":"panama-y-alemania-esperan-un-acuerdo-rapido-sobre-intercambio-fiscal","status":"publish","type":"post","link":"https:\/\/candas365.es\/noticias\/panama-y-alemania-esperan-un-acuerdo-rapido-sobre-intercambio-fiscal\/","title":{"rendered":"Panam\u00e1 y Alemania esperan un acuerdo r\u00e1pido sobre intercambio fiscal"},"content":{"rendered":"<p>Berl\u00edn, 18 oct (dpa) &#8211; La canciller alemana, Angela Merkel, y el presidente de Panam\u00e1, Juan Carlos Varela, se mostraron hoy convencidos de poder alcanzar r\u00e1pidamente un acuerdo sobre el intercambio fiscal bajo las normas que promueve la Organizaci\u00f3n para la Cooperaci\u00f3n y el Desarrollo Econ\u00f3mico (OCDE).<\/p>\n<p>\u00abDespu\u00e9s de nuestra visita a Jap\u00f3n s\u00f3lo llev\u00f3 seis meses concluir el acuerdo (con ese pa\u00eds) y esperamos poder hacerlo pronto con Alemania. Estamos dispuestos a ser parte junto con los pa\u00edses de la OCDE a favor de la transparencia\u00bb, asegur\u00f3 Varela en su primera visita oficial a la capital alemana. \u00abEsperamos culminar pronto las negociaciones\u00bb, agreg\u00f3.<\/p>\n<p>Varela aprovech\u00f3 la comparecencia en la Canciller\u00eda para dejar claro que los conocidos como Panama Papers -11,5 millones de documentos que revelaron numerosas pruebas de negocios poco transparentes con firmas offshore- pusieron en evidencia \u00abun problema global que es la evasi\u00f3n fiscal\u00bb.<\/p>\n<p>Merkel alab\u00f3 la reacci\u00f3n de Panam\u00e1 cuando se destap\u00f3 todo el esc\u00e1ndalo el pasado mes de abril. \u00abReaccion\u00f3 muy r\u00e1pido cuando surgi\u00f3 esta situaci\u00f3n\u00bb, coment\u00f3. \u00abEn aquel momento dijimos que adoptar\u00eda las normas de la OCDE y sobre esa base ya se han firmado algunos acuerdos de colaboraci\u00f3n de intercambio\u00bb, record\u00f3.<\/p>\n<p>En este punto, la l\u00edder alemana asegur\u00f3 que s\u00f3lo puede alentar a Panam\u00e1 para que aclare \u00abcon todo detalle las cosas del pasado, porque es muy importante recuperar la confianza\u00bb.<\/p>\n<p>\u00abPanam\u00e1 ha dado los pasos acertados. Se ha declarado dispuesto a aceptar las normas de la OCDE, que son las normas est\u00e1ndares que hay que aplicar desde nuestro punto de vista\u00bb, coment\u00f3.<\/p>\n<p>\u00abEst\u00e1 negociando uno por uno los acuerdos bilaterales y ahora queremos que lo haga tambi\u00e9n con Alemania. As\u00ed se evitar\u00e1n errores del pasado\u00bb, declar\u00f3 sobre unas revelaciones que hicieron \u00abmucho da\u00f1o\u00bb a la reputaci\u00f3n de Panam\u00e1.<\/p>\n<p>En este punto, Merkel asegur\u00f3 que se va a trabajar de manera \u00abmuy intensa\u00bb. \u00abHay ya un acuerdo modelo que todav\u00eda no se basa en las normas de la OCDE y sobre la base de este acuerdo se van a aplicar las normas de la OCDE teniendo en cuenta el modelo de Jap\u00f3n\u00bb, agreg\u00f3.<\/p>\n<p>&nbsp;<\/p>\n","protected":false},"excerpt":{"rendered":"<p>Berl\u00edn, 18 oct (dpa) &#8211; La canciller alemana, Angela Merkel, y el presidente de Panam\u00e1, Juan Carlos Varela, se mostraron hoy convencidos de poder alcanzar r\u00e1pidamente un acuerdo sobre el intercambio fiscal bajo las normas que promueve la Organizaci\u00f3n para la Cooperaci\u00f3n y el Desarrollo Econ\u00f3mico (OCDE). \u00abDespu\u00e9s de nuestra visita a Jap\u00f3n s\u00f3lo llev\u00f3<\/p>\n","protected":false},"author":1,"featured_media":16457,"comment_status":"closed","ping_status":"closed","sticky":false,"template":"","format":"standard","meta":{"footnotes":""},"categories":[343],"tags":[],"class_list":{"0":"post-34218","1":"post","2":"type-post","3":"status-publish","4":"format-standard","5":"has-post-thumbnail","7":"category-actualidad"},"aioseo_notices":[],"aioseo_head":"\n\t\t<!-- All in One SEO Pro 4.9.6.2 - aioseo.com -->\n\t<meta name=\"description\" content=\"Berl\u00edn, 18 oct (dpa) - La canciller alemana, Angela Merkel, y el presidente de Panam\u00e1, Juan Carlos Varela, se mostraron hoy convencidos de poder alcanzar r\u00e1pidamente un acuerdo sobre el intercambio fiscal bajo las normas que promueve la Organizaci\u00f3n para la Cooperaci\u00f3n y el Desarrollo Econ\u00f3mico (OCDE). &quot;Despu\u00e9s de nuestra visita a Jap\u00f3n s\u00f3lo llev\u00f3\" \/>\n\t<meta name=\"robots\" content=\"max-image-preview:large\" \/>\n\t<meta name=\"author\" content=\"Cand\u00e1s 365\"\/>\n\t<meta name=\"google-site-verification\" content=\"UA-32230408-1\" \/>\n\t<meta name=\"msvalidate.01\" content=\"354F3CDFB2DA171B47FBE9ABF1F88D5\" \/>\n\t<meta name=\"keywords\" content=\"actualidad\" \/>\n\t<link rel=\"canonical\" href=\"https:\/\/candas365.es\/noticias\/panama-y-alemania-esperan-un-acuerdo-rapido-sobre-intercambio-fiscal\/\" \/>\n\t<meta name=\"generator\" content=\"All in One SEO Pro (AIOSEO) 4.9.6.2\" \/>\n\t\t<meta property=\"og:locale\" content=\"es_ES\" \/>\n\t\t<meta property=\"og:site_name\" content=\"Cand\u00e1s 365\" \/>\n\t\t<meta property=\"og:type\" content=\"article\" \/>\n\t\t<meta property=\"og:title\" content=\"Panam\u00e1 y Alemania esperan un acuerdo r\u00e1pido sobre intercambio fiscal | Cand\u00e1s 365\" \/>\n\t\t<meta property=\"og:description\" content=\"Berl\u00edn, 18 oct (dpa) - La canciller alemana, Angela Merkel, y el presidente de Panam\u00e1, Juan Carlos Varela, se mostraron hoy convencidos de poder alcanzar r\u00e1pidamente un acuerdo sobre el intercambio fiscal bajo las normas que promueve la Organizaci\u00f3n para la Cooperaci\u00f3n y el Desarrollo Econ\u00f3mico (OCDE). &quot;Despu\u00e9s de nuestra visita a Jap\u00f3n s\u00f3lo llev\u00f3\" \/>\n\t\t<meta property=\"og:url\" content=\"https:\/\/candas365.es\/noticias\/panama-y-alemania-esperan-un-acuerdo-rapido-sobre-intercambio-fiscal\/\" \/>\n\t\t<meta property=\"og:image\" content=\"https:\/\/candas365.es\/noticias\/wp-content\/uploads\/2015\/09\/c365noticias.jpg\" \/>\n\t\t<meta property=\"og:image:secure_url\" content=\"https:\/\/candas365.es\/noticias\/wp-content\/uploads\/2015\/09\/c365noticias.jpg\" \/>\n\t\t<meta property=\"og:image:width\" content=\"655\" \/>\n\t\t<meta property=\"og:image:height\" content=\"360\" \/>\n\t\t<meta property=\"article:published_time\" content=\"2016-10-18T18:27:22+00:00\" \/>\n\t\t<meta property=\"article:modified_time\" content=\"2016-10-18T18:27:22+00:00\" \/>\n\t\t<meta property=\"article:publisher\" content=\"https:\/\/www.facebook.com\/Nachofdezber\" \/>\n\t\t<meta property=\"article:author\" content=\"https:\/\/www.facebook.com\/carrenoactualidad\" \/>\n\t\t<meta name=\"twitter:card\" content=\"summary_large_image\" \/>\n\t\t<meta name=\"twitter:site\" content=\"@NabercoDigital\" \/>\n\t\t<meta name=\"twitter:title\" content=\"Panam\u00e1 y Alemania esperan un acuerdo r\u00e1pido sobre intercambio fiscal | Cand\u00e1s 365\" \/>\n\t\t<meta name=\"twitter:description\" content=\"Berl\u00edn, 18 oct (dpa) - La canciller alemana, Angela Merkel, y el presidente de Panam\u00e1, Juan Carlos Varela, se mostraron hoy convencidos de poder alcanzar r\u00e1pidamente un acuerdo sobre el intercambio fiscal bajo las normas que promueve la Organizaci\u00f3n para la Cooperaci\u00f3n y el Desarrollo Econ\u00f3mico (OCDE). &quot;Despu\u00e9s de nuestra visita a Jap\u00f3n s\u00f3lo llev\u00f3\" \/>\n\t\t<meta name=\"twitter:creator\" content=\"@nbasturias\" \/>\n\t\t<meta name=\"twitter:image\" content=\"https:\/\/candas365.es\/noticias\/wp-content\/uploads\/2015\/09\/c365noticias.jpg\" \/>\n\t\t<meta name=\"twitter:label1\" content=\"Escrito por\" \/>\n\t\t<meta name=\"twitter:data1\" content=\"Cand\u00e1s 365\" \/>\n\t\t<meta name=\"twitter:label2\" content=\"Tiempo de lectura estimado\" \/>\n\t\t<meta name=\"twitter:data2\" content=\"2 minutos\" \/>\n\t\t<script type=\"application\/ld+json\" class=\"aioseo-schema\">\n\t\t\t{\"@context\":\"https:\\\/\\\/schema.org\",\"@graph\":[{\"@type\":\"BreadcrumbList\",\"@id\":\"https:\\\/\\\/candas365.es\\\/noticias\\\/panama-y-alemania-esperan-un-acuerdo-rapido-sobre-intercambio-fiscal\\\/#breadcrumblist\",\"itemListElement\":[{\"@type\":\"ListItem\",\"@id\":\"https:\\\/\\\/candas365.es\\\/noticias#listItem\",\"position\":1,\"name\":\"Home\",\"item\":\"https:\\\/\\\/candas365.es\\\/noticias\",\"nextItem\":{\"@type\":\"ListItem\",\"@id\":\"https:\\\/\\\/candas365.es\\\/noticias\\\/category\\\/actualidad\\\/#listItem\",\"name\":\"Actualidad\"}},{\"@type\":\"ListItem\",\"@id\":\"https:\\\/\\\/candas365.es\\\/noticias\\\/category\\\/actualidad\\\/#listItem\",\"position\":2,\"name\":\"Actualidad\",\"item\":\"https:\\\/\\\/candas365.es\\\/noticias\\\/category\\\/actualidad\\\/\",\"nextItem\":{\"@type\":\"ListItem\",\"@id\":\"https:\\\/\\\/candas365.es\\\/noticias\\\/panama-y-alemania-esperan-un-acuerdo-rapido-sobre-intercambio-fiscal\\\/#listItem\",\"name\":\"Panam\\u00e1 y Alemania esperan un acuerdo r\\u00e1pido sobre intercambio fiscal\"},\"previousItem\":{\"@type\":\"ListItem\",\"@id\":\"https:\\\/\\\/candas365.es\\\/noticias#listItem\",\"name\":\"Home\"}},{\"@type\":\"ListItem\",\"@id\":\"https:\\\/\\\/candas365.es\\\/noticias\\\/panama-y-alemania-esperan-un-acuerdo-rapido-sobre-intercambio-fiscal\\\/#listItem\",\"position\":3,\"name\":\"Panam\\u00e1 y Alemania esperan un acuerdo r\\u00e1pido sobre intercambio fiscal\",\"previousItem\":{\"@type\":\"ListItem\",\"@id\":\"https:\\\/\\\/candas365.es\\\/noticias\\\/category\\\/actualidad\\\/#listItem\",\"name\":\"Actualidad\"}}]},{\"@type\":\"NewsArticle\",\"@id\":\"https:\\\/\\\/candas365.es\\\/noticias\\\/panama-y-alemania-esperan-un-acuerdo-rapido-sobre-intercambio-fiscal\\\/#newsarticle\",\"name\":\"Panam\\u00e1 y Alemania esperan un acuerdo r\\u00e1pido sobre intercambio fiscal | Cand\\u00e1s 365\",\"headline\":\"Panam\\u00e1 y Alemania esperan un acuerdo r\\u00e1pido sobre intercambio fiscal\",\"author\":{\"@id\":\"https:\\\/\\\/candas365.es\\\/noticias\\\/author\\\/admin\\\/#author\"},\"publisher\":{\"@id\":\"https:\\\/\\\/candas365.es\\\/noticias\\\/#organization\"},\"image\":{\"@type\":\"ImageObject\",\"url\":\"https:\\\/\\\/candas365.es\\\/noticias\\\/wp-content\\\/uploads\\\/2015\\\/09\\\/c365noticias.jpg\",\"width\":655,\"height\":360},\"datePublished\":\"2016-10-18T19:57:22+02:00\",\"dateModified\":\"2016-10-18T19:57:22+02:00\",\"inLanguage\":\"es-ES\",\"mainEntityOfPage\":{\"@id\":\"https:\\\/\\\/candas365.es\\\/noticias\\\/panama-y-alemania-esperan-un-acuerdo-rapido-sobre-intercambio-fiscal\\\/#webpage\"},\"isPartOf\":{\"@id\":\"https:\\\/\\\/candas365.es\\\/noticias\\\/panama-y-alemania-esperan-un-acuerdo-rapido-sobre-intercambio-fiscal\\\/#webpage\"},\"articleSection\":\"Actualidad\",\"dateline\":\"Publicado el octubre 18, 2016.\"},{\"@type\":\"Organization\",\"@id\":\"https:\\\/\\\/candas365.es\\\/noticias\\\/#organization\",\"name\":\"Cand\\u00e1s 365\",\"description\":\"Cand\\u00e1s 365 es un diario digital independiente, fundado en 2012, con base en Asturias. Informamos con rigor sobre actualidad, sociedad, cultura y ocio, con una mirada local y global.\",\"url\":\"https:\\\/\\\/candas365.es\\\/noticias\\\/\",\"email\":\"info@candas365.es\",\"telephone\":\"+34652131393\",\"foundingDate\":\"2012-06-10\",\"logo\":{\"@type\":\"ImageObject\",\"url\":\"https:\\\/\\\/candas365.es\\\/noticias\\\/wp-content\\\/uploads\\\/2024\\\/09\\\/Candas-365-Redes.jpg\",\"@id\":\"https:\\\/\\\/candas365.es\\\/noticias\\\/panama-y-alemania-esperan-un-acuerdo-rapido-sobre-intercambio-fiscal\\\/#organizationLogo\",\"width\":1152,\"height\":864,\"caption\":\"Cand\\u00e1s 365 Redes\"},\"image\":{\"@id\":\"https:\\\/\\\/candas365.es\\\/noticias\\\/panama-y-alemania-esperan-un-acuerdo-rapido-sobre-intercambio-fiscal\\\/#organizationLogo\"},\"sameAs\":[\"https:\\\/\\\/www.facebook.com\\\/Nachofdezber\",\"https:\\\/\\\/x.com\\\/NabercoDigital\",\"https:\\\/\\\/www.instagram.com\\\/nachofdezber\\\/\",\"https:\\\/\\\/www.youtube.com\\\/channel\\\/UCZP-2wLEB9Rv6erhFmqVnvg\"],\"address\":{\"@id\":\"https:\\\/\\\/candas365.es\\\/noticias\\\/#postaladdress\",\"@type\":\"PostalAddress\",\"streetAddress\":\"san antonio 4, san antonio 4\",\"postalCode\":\"33430\",\"addressLocality\":\"Cand\\u00e1s\",\"addressRegion\":\"Asturias\",\"addressCountry\":\"ES\"}},{\"@type\":\"Person\",\"@id\":\"https:\\\/\\\/candas365.es\\\/noticias\\\/author\\\/admin\\\/#author\",\"url\":\"https:\\\/\\\/candas365.es\\\/noticias\\\/author\\\/admin\\\/\",\"name\":\"Cand\\u00e1s 365\",\"image\":{\"@type\":\"ImageObject\",\"@id\":\"https:\\\/\\\/candas365.es\\\/noticias\\\/panama-y-alemania-esperan-un-acuerdo-rapido-sobre-intercambio-fiscal\\\/#authorImage\",\"url\":\"https:\\\/\\\/secure.gravatar.com\\\/avatar\\\/496a8e03d0c493ede1718b7934145dbdf8d89be1036b0eec9544e1094c9de390?s=96&d=mm&r=g\",\"width\":96,\"height\":96,\"caption\":\"Cand\\u00e1s 365\"},\"sameAs\":[\"https:\\\/\\\/www.facebook.com\\\/carrenoactualidad\",\"https:\\\/\\\/twitter.com\\\/nbasturias\",\"https:\\\/\\\/www.instagram.com\\\/nachofdezber\\\/\",\"https:\\\/\\\/www.youtube.com\\\/channel\\\/UCZP-2wLEB9Rv6erhFmqVnvg\"]},{\"@type\":\"WebPage\",\"@id\":\"https:\\\/\\\/candas365.es\\\/noticias\\\/panama-y-alemania-esperan-un-acuerdo-rapido-sobre-intercambio-fiscal\\\/#webpage\",\"url\":\"https:\\\/\\\/candas365.es\\\/noticias\\\/panama-y-alemania-esperan-un-acuerdo-rapido-sobre-intercambio-fiscal\\\/\",\"name\":\"Panam\\u00e1 y Alemania esperan un acuerdo r\\u00e1pido sobre intercambio fiscal | Cand\\u00e1s 365\",\"description\":\"Berl\\u00edn, 18 oct (dpa) - La canciller alemana, Angela Merkel, y el presidente de Panam\\u00e1, Juan Carlos Varela, se mostraron hoy convencidos de poder alcanzar r\\u00e1pidamente un acuerdo sobre el intercambio fiscal bajo las normas que promueve la Organizaci\\u00f3n para la Cooperaci\\u00f3n y el Desarrollo Econ\\u00f3mico (OCDE). \\\"Despu\\u00e9s de nuestra visita a Jap\\u00f3n s\\u00f3lo llev\\u00f3\",\"inLanguage\":\"es-ES\",\"isPartOf\":{\"@id\":\"https:\\\/\\\/candas365.es\\\/noticias\\\/#website\"},\"breadcrumb\":{\"@id\":\"https:\\\/\\\/candas365.es\\\/noticias\\\/panama-y-alemania-esperan-un-acuerdo-rapido-sobre-intercambio-fiscal\\\/#breadcrumblist\"},\"author\":{\"@id\":\"https:\\\/\\\/candas365.es\\\/noticias\\\/author\\\/admin\\\/#author\"},\"creator\":{\"@id\":\"https:\\\/\\\/candas365.es\\\/noticias\\\/author\\\/admin\\\/#author\"},\"image\":{\"@type\":\"ImageObject\",\"url\":\"https:\\\/\\\/candas365.es\\\/noticias\\\/wp-content\\\/uploads\\\/2015\\\/09\\\/c365noticias.jpg\",\"@id\":\"https:\\\/\\\/candas365.es\\\/noticias\\\/panama-y-alemania-esperan-un-acuerdo-rapido-sobre-intercambio-fiscal\\\/#mainImage\",\"width\":655,\"height\":360},\"primaryImageOfPage\":{\"@id\":\"https:\\\/\\\/candas365.es\\\/noticias\\\/panama-y-alemania-esperan-un-acuerdo-rapido-sobre-intercambio-fiscal\\\/#mainImage\"},\"datePublished\":\"2016-10-18T19:57:22+02:00\",\"dateModified\":\"2016-10-18T19:57:22+02:00\"},{\"@type\":\"WebSite\",\"@id\":\"https:\\\/\\\/candas365.es\\\/noticias\\\/#website\",\"url\":\"https:\\\/\\\/candas365.es\\\/noticias\\\/\",\"name\":\"Cand\\u00e1s 365\",\"alternateName\":\"Cand\\u00e1s 365 Noticias\",\"description\":\"Actualidad desde Carre\\u00f1o para el mundo\",\"inLanguage\":\"es-ES\",\"publisher\":{\"@id\":\"https:\\\/\\\/candas365.es\\\/noticias\\\/#organization\"}}]}\n\t\t<\/script>\n\t\t<!-- All in One SEO Pro -->\r\n\t\t<title>Panam\u00e1 y Alemania esperan un acuerdo r\u00e1pido sobre intercambio fiscal | Cand\u00e1s 365<\/title>\n\n","aioseo_head_json":{"title":"Panam\u00e1 y Alemania esperan un acuerdo r\u00e1pido sobre intercambio fiscal | Cand\u00e1s 365","description":"Berl\u00edn, 18 oct (dpa) - La canciller alemana, Angela Merkel, y el presidente de Panam\u00e1, Juan Carlos Varela, se mostraron hoy convencidos de poder alcanzar r\u00e1pidamente un acuerdo sobre el intercambio fiscal bajo las normas que promueve la Organizaci\u00f3n para la Cooperaci\u00f3n y el Desarrollo Econ\u00f3mico (OCDE). \"Despu\u00e9s de nuestra visita a Jap\u00f3n s\u00f3lo llev\u00f3","canonical_url":"https:\/\/candas365.es\/noticias\/panama-y-alemania-esperan-un-acuerdo-rapido-sobre-intercambio-fiscal\/","robots":"max-image-preview:large","keywords":"actualidad","webmasterTools":{"google-site-verification":"UA-32230408-1","msvalidate.01":"354F3CDFB2DA171B47FBE9ABF1F88D5","miscellaneous":""},"schema":{"@context":"https:\/\/schema.org","@graph":[{"@type":"BreadcrumbList","@id":"https:\/\/candas365.es\/noticias\/panama-y-alemania-esperan-un-acuerdo-rapido-sobre-intercambio-fiscal\/#breadcrumblist","itemListElement":[{"@type":"ListItem","@id":"https:\/\/candas365.es\/noticias#listItem","position":1,"name":"Home","item":"https:\/\/candas365.es\/noticias","nextItem":{"@type":"ListItem","@id":"https:\/\/candas365.es\/noticias\/category\/actualidad\/#listItem","name":"Actualidad"}},{"@type":"ListItem","@id":"https:\/\/candas365.es\/noticias\/category\/actualidad\/#listItem","position":2,"name":"Actualidad","item":"https:\/\/candas365.es\/noticias\/category\/actualidad\/","nextItem":{"@type":"ListItem","@id":"https:\/\/candas365.es\/noticias\/panama-y-alemania-esperan-un-acuerdo-rapido-sobre-intercambio-fiscal\/#listItem","name":"Panam\u00e1 y Alemania esperan un acuerdo r\u00e1pido sobre intercambio fiscal"},"previousItem":{"@type":"ListItem","@id":"https:\/\/candas365.es\/noticias#listItem","name":"Home"}},{"@type":"ListItem","@id":"https:\/\/candas365.es\/noticias\/panama-y-alemania-esperan-un-acuerdo-rapido-sobre-intercambio-fiscal\/#listItem","position":3,"name":"Panam\u00e1 y Alemania esperan un acuerdo r\u00e1pido sobre intercambio fiscal","previousItem":{"@type":"ListItem","@id":"https:\/\/candas365.es\/noticias\/category\/actualidad\/#listItem","name":"Actualidad"}}]},{"@type":"NewsArticle","@id":"https:\/\/candas365.es\/noticias\/panama-y-alemania-esperan-un-acuerdo-rapido-sobre-intercambio-fiscal\/#newsarticle","name":"Panam\u00e1 y Alemania esperan un acuerdo r\u00e1pido sobre intercambio fiscal | Cand\u00e1s 365","headline":"Panam\u00e1 y Alemania esperan un acuerdo r\u00e1pido sobre intercambio fiscal","author":{"@id":"https:\/\/candas365.es\/noticias\/author\/admin\/#author"},"publisher":{"@id":"https:\/\/candas365.es\/noticias\/#organization"},"image":{"@type":"ImageObject","url":"https:\/\/candas365.es\/noticias\/wp-content\/uploads\/2015\/09\/c365noticias.jpg","width":655,"height":360},"datePublished":"2016-10-18T19:57:22+02:00","dateModified":"2016-10-18T19:57:22+02:00","inLanguage":"es-ES","mainEntityOfPage":{"@id":"https:\/\/candas365.es\/noticias\/panama-y-alemania-esperan-un-acuerdo-rapido-sobre-intercambio-fiscal\/#webpage"},"isPartOf":{"@id":"https:\/\/candas365.es\/noticias\/panama-y-alemania-esperan-un-acuerdo-rapido-sobre-intercambio-fiscal\/#webpage"},"articleSection":"Actualidad","dateline":"Publicado el octubre 18, 2016."},{"@type":"Organization","@id":"https:\/\/candas365.es\/noticias\/#organization","name":"Cand\u00e1s 365","description":"Cand\u00e1s 365 es un diario digital independiente, fundado en 2012, con base en Asturias. Informamos con rigor sobre actualidad, sociedad, cultura y ocio, con una mirada local y global.","url":"https:\/\/candas365.es\/noticias\/","email":"info@candas365.es","telephone":"+34652131393","foundingDate":"2012-06-10","logo":{"@type":"ImageObject","url":"https:\/\/candas365.es\/noticias\/wp-content\/uploads\/2024\/09\/Candas-365-Redes.jpg","@id":"https:\/\/candas365.es\/noticias\/panama-y-alemania-esperan-un-acuerdo-rapido-sobre-intercambio-fiscal\/#organizationLogo","width":1152,"height":864,"caption":"Cand\u00e1s 365 Redes"},"image":{"@id":"https:\/\/candas365.es\/noticias\/panama-y-alemania-esperan-un-acuerdo-rapido-sobre-intercambio-fiscal\/#organizationLogo"},"sameAs":["https:\/\/www.facebook.com\/Nachofdezber","https:\/\/x.com\/NabercoDigital","https:\/\/www.instagram.com\/nachofdezber\/","https:\/\/www.youtube.com\/channel\/UCZP-2wLEB9Rv6erhFmqVnvg"],"address":{"@id":"https:\/\/candas365.es\/noticias\/#postaladdress","@type":"PostalAddress","streetAddress":"san antonio 4, san antonio 4","postalCode":"33430","addressLocality":"Cand\u00e1s","addressRegion":"Asturias","addressCountry":"ES"}},{"@type":"Person","@id":"https:\/\/candas365.es\/noticias\/author\/admin\/#author","url":"https:\/\/candas365.es\/noticias\/author\/admin\/","name":"Cand\u00e1s 365","image":{"@type":"ImageObject","@id":"https:\/\/candas365.es\/noticias\/panama-y-alemania-esperan-un-acuerdo-rapido-sobre-intercambio-fiscal\/#authorImage","url":"https:\/\/secure.gravatar.com\/avatar\/496a8e03d0c493ede1718b7934145dbdf8d89be1036b0eec9544e1094c9de390?s=96&d=mm&r=g","width":96,"height":96,"caption":"Cand\u00e1s 365"},"sameAs":["https:\/\/www.facebook.com\/carrenoactualidad","https:\/\/twitter.com\/nbasturias","https:\/\/www.instagram.com\/nachofdezber\/","https:\/\/www.youtube.com\/channel\/UCZP-2wLEB9Rv6erhFmqVnvg"]},{"@type":"WebPage","@id":"https:\/\/candas365.es\/noticias\/panama-y-alemania-esperan-un-acuerdo-rapido-sobre-intercambio-fiscal\/#webpage","url":"https:\/\/candas365.es\/noticias\/panama-y-alemania-esperan-un-acuerdo-rapido-sobre-intercambio-fiscal\/","name":"Panam\u00e1 y Alemania esperan un acuerdo r\u00e1pido sobre intercambio fiscal | Cand\u00e1s 365","description":"Berl\u00edn, 18 oct (dpa) - La canciller alemana, Angela Merkel, y el presidente de Panam\u00e1, Juan Carlos Varela, se mostraron hoy convencidos de poder alcanzar r\u00e1pidamente un acuerdo sobre el intercambio fiscal bajo las normas que promueve la Organizaci\u00f3n para la Cooperaci\u00f3n y el Desarrollo Econ\u00f3mico (OCDE). \"Despu\u00e9s de nuestra visita a Jap\u00f3n s\u00f3lo llev\u00f3","inLanguage":"es-ES","isPartOf":{"@id":"https:\/\/candas365.es\/noticias\/#website"},"breadcrumb":{"@id":"https:\/\/candas365.es\/noticias\/panama-y-alemania-esperan-un-acuerdo-rapido-sobre-intercambio-fiscal\/#breadcrumblist"},"author":{"@id":"https:\/\/candas365.es\/noticias\/author\/admin\/#author"},"creator":{"@id":"https:\/\/candas365.es\/noticias\/author\/admin\/#author"},"image":{"@type":"ImageObject","url":"https:\/\/candas365.es\/noticias\/wp-content\/uploads\/2015\/09\/c365noticias.jpg","@id":"https:\/\/candas365.es\/noticias\/panama-y-alemania-esperan-un-acuerdo-rapido-sobre-intercambio-fiscal\/#mainImage","width":655,"height":360},"primaryImageOfPage":{"@id":"https:\/\/candas365.es\/noticias\/panama-y-alemania-esperan-un-acuerdo-rapido-sobre-intercambio-fiscal\/#mainImage"},"datePublished":"2016-10-18T19:57:22+02:00","dateModified":"2016-10-18T19:57:22+02:00"},{"@type":"WebSite","@id":"https:\/\/candas365.es\/noticias\/#website","url":"https:\/\/candas365.es\/noticias\/","name":"Cand\u00e1s 365","alternateName":"Cand\u00e1s 365 Noticias","description":"Actualidad desde Carre\u00f1o para el mundo","inLanguage":"es-ES","publisher":{"@id":"https:\/\/candas365.es\/noticias\/#organization"}}]},"og:locale":"es_ES","og:site_name":"Cand\u00e1s 365","og:type":"article","og:title":"Panam\u00e1 y Alemania esperan un acuerdo r\u00e1pido sobre intercambio fiscal | Cand\u00e1s 365","og:description":"Berl\u00edn, 18 oct (dpa) - La canciller alemana, Angela Merkel, y el presidente de Panam\u00e1, Juan Carlos Varela, se mostraron hoy convencidos de poder alcanzar r\u00e1pidamente un acuerdo sobre el intercambio fiscal bajo las normas que promueve la Organizaci\u00f3n para la Cooperaci\u00f3n y el Desarrollo Econ\u00f3mico (OCDE). &quot;Despu\u00e9s de nuestra visita a Jap\u00f3n s\u00f3lo llev\u00f3","og:url":"https:\/\/candas365.es\/noticias\/panama-y-alemania-esperan-un-acuerdo-rapido-sobre-intercambio-fiscal\/","og:image":"https:\/\/candas365.es\/noticias\/wp-content\/uploads\/2015\/09\/c365noticias.jpg","og:image:secure_url":"https:\/\/candas365.es\/noticias\/wp-content\/uploads\/2015\/09\/c365noticias.jpg","og:image:width":655,"og:image:height":360,"article:published_time":"2016-10-18T18:27:22+00:00","article:modified_time":"2016-10-18T18:27:22+00:00","article:publisher":"https:\/\/www.facebook.com\/Nachofdezber","article:author":"https:\/\/www.facebook.com\/carrenoactualidad","twitter:card":"summary_large_image","twitter:site":"@NabercoDigital","twitter:title":"Panam\u00e1 y Alemania esperan un acuerdo r\u00e1pido sobre intercambio fiscal | Cand\u00e1s 365","twitter:description":"Berl\u00edn, 18 oct (dpa) - La canciller alemana, Angela Merkel, y el presidente de Panam\u00e1, Juan Carlos Varela, se mostraron hoy convencidos de poder alcanzar r\u00e1pidamente un acuerdo sobre el intercambio fiscal bajo las normas que promueve la Organizaci\u00f3n para la Cooperaci\u00f3n y el Desarrollo Econ\u00f3mico (OCDE). &quot;Despu\u00e9s de nuestra visita a Jap\u00f3n s\u00f3lo llev\u00f3","twitter:creator":"@nbasturias","twitter:image":"https:\/\/candas365.es\/noticias\/wp-content\/uploads\/2015\/09\/c365noticias.jpg","twitter:label1":"Escrito por","twitter:data1":"Cand\u00e1s 365","twitter:label2":"Tiempo de lectura estimado","twitter:data2":"2 minutos"},"aioseo_meta_data":{"post_id":"34218","title":null,"description":null,"keywords":null,"keyphrases":null,"primary_term":null,"canonical_url":null,"og_title":null,"og_description":null,"og_object_type":"default","og_image_type":"default","og_image_url":null,"og_image_width":null,"og_image_height":null,"og_image_custom_url":null,"og_image_custom_fields":null,"og_video":null,"og_custom_url":null,"og_article_section":null,"og_article_tags":null,"twitter_use_og":false,"twitter_card":"default","twitter_image_type":"default","twitter_image_url":null,"twitter_image_custom_url":null,"twitter_image_custom_fields":null,"twitter_title":null,"twitter_description":null,"schema":{"blockGraphs":[],"customGraphs":[],"default":{"data":{"Article":[],"Course":[],"Dataset":[],"FAQPage":[],"Movie":[],"Person":[],"Product":[],"ProductReview":[],"Car":[],"Recipe":[],"Service":[],"SoftwareApplication":[],"WebPage":[]},"graphName":"","isEnabled":true},"graphs":[],"defaultGraph":"","defaultPostTypeGraph":""},"schema_type":null,"schema_type_options":null,"pillar_content":false,"robots_default":true,"robots_noindex":false,"robots_noarchive":false,"robots_nosnippet":false,"robots_nofollow":false,"robots_noimageindex":false,"robots_noodp":false,"robots_notranslate":false,"robots_max_snippet":null,"robots_max_videopreview":null,"robots_max_imagepreview":"large","priority":null,"frequency":null,"location":null,"local_seo":null,"seo_analyzer_scan_date":"2025-08-24 17:32:10","breadcrumb_settings":null,"limit_modified_date":false,"reviewed_by":null,"open_ai":null,"ai":null,"created":"2020-12-21 13:07:47","updated":"2025-08-24 17:32:10"},"aioseo_breadcrumb":"<div class=\"aioseo-breadcrumbs\"><span class=\"aioseo-breadcrumb\">\n\t<a href=\"https:\/\/candas365.es\/noticias\" title=\"Home\">Home<\/a>\n<\/span><span class=\"aioseo-breadcrumb-separator\">&ndash;<\/span><span class=\"aioseo-breadcrumb\">\n\t<a href=\"https:\/\/candas365.es\/noticias\/category\/actualidad\/\" title=\"Actualidad\">Actualidad<\/a>\n<\/span><span class=\"aioseo-breadcrumb-separator\">&ndash;<\/span><span class=\"aioseo-breadcrumb\">\n\tPanam\u00e1 y Alemania esperan un acuerdo r\u00e1pido sobre intercambio fiscal\n<\/span><\/div>","aioseo_breadcrumb_json":[{"label":"Home","link":"https:\/\/candas365.es\/noticias"},{"label":"Actualidad","link":"https:\/\/candas365.es\/noticias\/category\/actualidad\/"},{"label":"Panam\u00e1 y Alemania esperan un acuerdo r\u00e1pido sobre intercambio fiscal","link":"https:\/\/candas365.es\/noticias\/panama-y-alemania-esperan-un-acuerdo-rapido-sobre-intercambio-fiscal\/"}],"_links":{"self":[{"href":"https:\/\/candas365.es\/noticias\/wp-json\/wp\/v2\/posts\/34218","targetHints":{"allow":["GET"]}}],"collection":[{"href":"https:\/\/candas365.es\/noticias\/wp-json\/wp\/v2\/posts"}],"about":[{"href":"https:\/\/candas365.es\/noticias\/wp-json\/wp\/v2\/types\/post"}],"author":[{"embeddable":true,"href":"https:\/\/candas365.es\/noticias\/wp-json\/wp\/v2\/users\/1"}],"replies":[{"embeddable":true,"href":"https:\/\/candas365.es\/noticias\/wp-json\/wp\/v2\/comments?post=34218"}],"version-history":[{"count":0,"href":"https:\/\/candas365.es\/noticias\/wp-json\/wp\/v2\/posts\/34218\/revisions"}],"wp:featuredmedia":[{"embeddable":true,"href":"https:\/\/candas365.es\/noticias\/wp-json\/wp\/v2\/media\/16457"}],"wp:attachment":[{"href":"https:\/\/candas365.es\/noticias\/wp-json\/wp\/v2\/media?parent=34218"}],"wp:term":[{"taxonomy":"category","embeddable":true,"href":"https:\/\/candas365.es\/noticias\/wp-json\/wp\/v2\/categories?post=34218"},{"taxonomy":"post_tag","embeddable":true,"href":"https:\/\/candas365.es\/noticias\/wp-json\/wp\/v2\/tags?post=34218"}],"curies":[{"name":"wp","href":"https:\/\/api.w.org\/{rel}","templated":true}]}}