{"id":34216,"date":"2016-10-18T19:56:33","date_gmt":"2016-10-18T18:26:33","guid":{"rendered":"http:\/\/candas365.es\/noticias\/?p=34216"},"modified":"2016-10-18T19:56:33","modified_gmt":"2016-10-18T18:26:33","slug":"ivan-fischer-dejara-la-orquesta-konzerthaus-de-berlin-en-2018","status":"publish","type":"post","link":"https:\/\/candas365.es\/noticias\/ivan-fischer-dejara-la-orquesta-konzerthaus-de-berlin-en-2018\/","title":{"rendered":"Iv\u00e1n Fischer dejar\u00e1 la orquesta Konzerthaus de Berl\u00edn en 2018"},"content":{"rendered":"<p>Berl\u00edn, 18 oct (dpa) &#8211; El director de la orquesta Konzerthaus de Berl\u00edn, Iv\u00e1n Fischer, no prorrogar\u00e1 su actual contrato que vence en 2018, inform\u00f3 hoy la orquesta. <\/p>\n<p>Sin embargo, el prestigioso director y compositor h\u00fangaro de 65 a\u00f1os continuar\u00e1 ligado a la Konzerthaus como director honor\u00edfico y dirigir\u00e1 cuatro programas por temporada. <\/p>\n<p>Fischer, que lleg\u00f3 a la orquesta berlinesa en la temporada 2012\/2013, justific\u00f3 su decisi\u00f3n alegando que quiere reducir su trabajo como director para tener m\u00e1s tiempo para componer. <\/p>\n<p>\u00abLos a\u00f1os con la orquesta de la Konzerthaus de Berl\u00edn me han proporcionado muchas alegr\u00edas. Cuando venza mi segundo contrato en 2018 me gustar\u00eda reducir mis actividades como director para tener m\u00e1s tiempo para componer. Por ello no puedo continuar como director principal, pero me gustar\u00eda seguir unido a la Konzerthaus y a su orquesta\u00bb, declar\u00f3. <\/p>\n<p>\u00abLa orquesta es una de las pocas que pertenece a mi familia musical y con la que tengo previsto dar conciertos regularmente\u00bb, afirm\u00f3 el director.<\/p>\n<p>\u00abCumplimos con el objetivo que nos marcamos hace cinco a\u00f1os: incrementar notablemente el n\u00famero de visitantes y actualmente la orquesta es reconocida como una de las mejores en Berl\u00edn\u00bb, agreg\u00f3. <\/p>\n<p>Fischer dirigi\u00f3 prestigiosas orquestas en todo el mundo. Fue director de la \u00d3pera de Lyon y de la Kent Opera en Reino Unido. En 1983 fund\u00f3 en su pa\u00eds la Orquesta del Festival de Budapest, de la que sigue siendo actualmente director musical.<\/p>\n","protected":false},"excerpt":{"rendered":"<p>Berl\u00edn, 18 oct (dpa) &#8211; El director de la orquesta Konzerthaus de Berl\u00edn, Iv\u00e1n Fischer, no prorrogar\u00e1 su actual contrato que vence en 2018, inform\u00f3 hoy la orquesta. Sin embargo, el prestigioso director y compositor h\u00fangaro de 65 a\u00f1os continuar\u00e1 ligado a la Konzerthaus como director honor\u00edfico y dirigir\u00e1 cuatro programas por temporada. Fischer, que<\/p>\n","protected":false},"author":1,"featured_media":16457,"comment_status":"closed","ping_status":"closed","sticky":false,"template":"","format":"standard","meta":{"footnotes":""},"categories":[343],"tags":[],"class_list":{"0":"post-34216","1":"post","2":"type-post","3":"status-publish","4":"format-standard","5":"has-post-thumbnail","7":"category-actualidad"},"aioseo_notices":[],"aioseo_head":"\n\t\t<!-- All in One SEO Pro 4.9.6.2 - aioseo.com -->\n\t<meta name=\"description\" content=\"Berl\u00edn, 18 oct (dpa) - El director de la orquesta Konzerthaus de Berl\u00edn, Iv\u00e1n Fischer, no prorrogar\u00e1 su actual contrato que vence en 2018, inform\u00f3 hoy la orquesta. Sin embargo, el prestigioso director y compositor h\u00fangaro de 65 a\u00f1os continuar\u00e1 ligado a la Konzerthaus como director honor\u00edfico y dirigir\u00e1 cuatro programas por temporada. Fischer, que\" \/>\n\t<meta name=\"robots\" content=\"max-image-preview:large\" \/>\n\t<meta name=\"author\" content=\"Cand\u00e1s 365\"\/>\n\t<meta name=\"google-site-verification\" content=\"UA-32230408-1\" \/>\n\t<meta name=\"msvalidate.01\" content=\"354F3CDFB2DA171B47FBE9ABF1F88D5\" \/>\n\t<meta name=\"keywords\" content=\"actualidad\" \/>\n\t<link rel=\"canonical\" href=\"https:\/\/candas365.es\/noticias\/ivan-fischer-dejara-la-orquesta-konzerthaus-de-berlin-en-2018\/\" \/>\n\t<meta name=\"generator\" content=\"All in One SEO Pro (AIOSEO) 4.9.6.2\" \/>\n\t\t<meta property=\"og:locale\" content=\"es_ES\" \/>\n\t\t<meta property=\"og:site_name\" content=\"Cand\u00e1s 365\" \/>\n\t\t<meta property=\"og:type\" content=\"article\" \/>\n\t\t<meta property=\"og:title\" content=\"Iv\u00e1n Fischer dejar\u00e1 la orquesta Konzerthaus de Berl\u00edn en 2018 | Cand\u00e1s 365\" \/>\n\t\t<meta property=\"og:description\" content=\"Berl\u00edn, 18 oct (dpa) - El director de la orquesta Konzerthaus de Berl\u00edn, Iv\u00e1n Fischer, no prorrogar\u00e1 su actual contrato que vence en 2018, inform\u00f3 hoy la orquesta. Sin embargo, el prestigioso director y compositor h\u00fangaro de 65 a\u00f1os continuar\u00e1 ligado a la Konzerthaus como director honor\u00edfico y dirigir\u00e1 cuatro programas por temporada. Fischer, que\" \/>\n\t\t<meta property=\"og:url\" content=\"https:\/\/candas365.es\/noticias\/ivan-fischer-dejara-la-orquesta-konzerthaus-de-berlin-en-2018\/\" \/>\n\t\t<meta property=\"og:image\" content=\"https:\/\/candas365.es\/noticias\/wp-content\/uploads\/2015\/09\/c365noticias.jpg\" \/>\n\t\t<meta property=\"og:image:secure_url\" content=\"https:\/\/candas365.es\/noticias\/wp-content\/uploads\/2015\/09\/c365noticias.jpg\" \/>\n\t\t<meta property=\"og:image:width\" content=\"655\" \/>\n\t\t<meta property=\"og:image:height\" content=\"360\" \/>\n\t\t<meta property=\"article:published_time\" content=\"2016-10-18T18:26:33+00:00\" \/>\n\t\t<meta property=\"article:modified_time\" content=\"2016-10-18T18:26:33+00:00\" \/>\n\t\t<meta property=\"article:publisher\" content=\"https:\/\/www.facebook.com\/Nachofdezber\" \/>\n\t\t<meta property=\"article:author\" content=\"https:\/\/www.facebook.com\/carrenoactualidad\" \/>\n\t\t<meta name=\"twitter:card\" content=\"summary_large_image\" \/>\n\t\t<meta name=\"twitter:site\" content=\"@NabercoDigital\" \/>\n\t\t<meta name=\"twitter:title\" content=\"Iv\u00e1n Fischer dejar\u00e1 la orquesta Konzerthaus de Berl\u00edn en 2018 | Cand\u00e1s 365\" \/>\n\t\t<meta name=\"twitter:description\" content=\"Berl\u00edn, 18 oct (dpa) - El director de la orquesta Konzerthaus de Berl\u00edn, Iv\u00e1n Fischer, no prorrogar\u00e1 su actual contrato que vence en 2018, inform\u00f3 hoy la orquesta. Sin embargo, el prestigioso director y compositor h\u00fangaro de 65 a\u00f1os continuar\u00e1 ligado a la Konzerthaus como director honor\u00edfico y dirigir\u00e1 cuatro programas por temporada. Fischer, que\" \/>\n\t\t<meta name=\"twitter:creator\" content=\"@nbasturias\" \/>\n\t\t<meta name=\"twitter:image\" content=\"https:\/\/candas365.es\/noticias\/wp-content\/uploads\/2015\/09\/c365noticias.jpg\" \/>\n\t\t<meta name=\"twitter:label1\" content=\"Escrito por\" \/>\n\t\t<meta name=\"twitter:data1\" content=\"Cand\u00e1s 365\" \/>\n\t\t<meta name=\"twitter:label2\" content=\"Tiempo de lectura estimado\" \/>\n\t\t<meta name=\"twitter:data2\" content=\"1 minuto\" \/>\n\t\t<script type=\"application\/ld+json\" class=\"aioseo-schema\">\n\t\t\t{\"@context\":\"https:\\\/\\\/schema.org\",\"@graph\":[{\"@type\":\"BreadcrumbList\",\"@id\":\"https:\\\/\\\/candas365.es\\\/noticias\\\/ivan-fischer-dejara-la-orquesta-konzerthaus-de-berlin-en-2018\\\/#breadcrumblist\",\"itemListElement\":[{\"@type\":\"ListItem\",\"@id\":\"https:\\\/\\\/candas365.es\\\/noticias#listItem\",\"position\":1,\"name\":\"Home\",\"item\":\"https:\\\/\\\/candas365.es\\\/noticias\",\"nextItem\":{\"@type\":\"ListItem\",\"@id\":\"https:\\\/\\\/candas365.es\\\/noticias\\\/category\\\/actualidad\\\/#listItem\",\"name\":\"Actualidad\"}},{\"@type\":\"ListItem\",\"@id\":\"https:\\\/\\\/candas365.es\\\/noticias\\\/category\\\/actualidad\\\/#listItem\",\"position\":2,\"name\":\"Actualidad\",\"item\":\"https:\\\/\\\/candas365.es\\\/noticias\\\/category\\\/actualidad\\\/\",\"nextItem\":{\"@type\":\"ListItem\",\"@id\":\"https:\\\/\\\/candas365.es\\\/noticias\\\/ivan-fischer-dejara-la-orquesta-konzerthaus-de-berlin-en-2018\\\/#listItem\",\"name\":\"Iv\\u00e1n Fischer dejar\\u00e1 la orquesta Konzerthaus de Berl\\u00edn en 2018\"},\"previousItem\":{\"@type\":\"ListItem\",\"@id\":\"https:\\\/\\\/candas365.es\\\/noticias#listItem\",\"name\":\"Home\"}},{\"@type\":\"ListItem\",\"@id\":\"https:\\\/\\\/candas365.es\\\/noticias\\\/ivan-fischer-dejara-la-orquesta-konzerthaus-de-berlin-en-2018\\\/#listItem\",\"position\":3,\"name\":\"Iv\\u00e1n Fischer dejar\\u00e1 la orquesta Konzerthaus de Berl\\u00edn en 2018\",\"previousItem\":{\"@type\":\"ListItem\",\"@id\":\"https:\\\/\\\/candas365.es\\\/noticias\\\/category\\\/actualidad\\\/#listItem\",\"name\":\"Actualidad\"}}]},{\"@type\":\"NewsArticle\",\"@id\":\"https:\\\/\\\/candas365.es\\\/noticias\\\/ivan-fischer-dejara-la-orquesta-konzerthaus-de-berlin-en-2018\\\/#newsarticle\",\"name\":\"Iv\\u00e1n Fischer dejar\\u00e1 la orquesta Konzerthaus de Berl\\u00edn en 2018 | Cand\\u00e1s 365\",\"headline\":\"Iv\\u00e1n Fischer dejar\\u00e1 la orquesta Konzerthaus de Berl\\u00edn en 2018\",\"author\":{\"@id\":\"https:\\\/\\\/candas365.es\\\/noticias\\\/author\\\/admin\\\/#author\"},\"publisher\":{\"@id\":\"https:\\\/\\\/candas365.es\\\/noticias\\\/#organization\"},\"image\":{\"@type\":\"ImageObject\",\"url\":\"https:\\\/\\\/candas365.es\\\/noticias\\\/wp-content\\\/uploads\\\/2015\\\/09\\\/c365noticias.jpg\",\"width\":655,\"height\":360},\"datePublished\":\"2016-10-18T19:56:33+02:00\",\"dateModified\":\"2016-10-18T19:56:33+02:00\",\"inLanguage\":\"es-ES\",\"mainEntityOfPage\":{\"@id\":\"https:\\\/\\\/candas365.es\\\/noticias\\\/ivan-fischer-dejara-la-orquesta-konzerthaus-de-berlin-en-2018\\\/#webpage\"},\"isPartOf\":{\"@id\":\"https:\\\/\\\/candas365.es\\\/noticias\\\/ivan-fischer-dejara-la-orquesta-konzerthaus-de-berlin-en-2018\\\/#webpage\"},\"articleSection\":\"Actualidad\",\"dateline\":\"Publicado el octubre 18, 2016.\"},{\"@type\":\"Organization\",\"@id\":\"https:\\\/\\\/candas365.es\\\/noticias\\\/#organization\",\"name\":\"Cand\\u00e1s 365\",\"description\":\"Cand\\u00e1s 365 es un diario digital independiente, fundado en 2012, con base en Asturias. Informamos con rigor sobre actualidad, sociedad, cultura y ocio, con una mirada local y global.\",\"url\":\"https:\\\/\\\/candas365.es\\\/noticias\\\/\",\"email\":\"info@candas365.es\",\"telephone\":\"+34652131393\",\"foundingDate\":\"2012-06-10\",\"logo\":{\"@type\":\"ImageObject\",\"url\":\"https:\\\/\\\/candas365.es\\\/noticias\\\/wp-content\\\/uploads\\\/2024\\\/09\\\/Candas-365-Redes.jpg\",\"@id\":\"https:\\\/\\\/candas365.es\\\/noticias\\\/ivan-fischer-dejara-la-orquesta-konzerthaus-de-berlin-en-2018\\\/#organizationLogo\",\"width\":1152,\"height\":864,\"caption\":\"Cand\\u00e1s 365 Redes\"},\"image\":{\"@id\":\"https:\\\/\\\/candas365.es\\\/noticias\\\/ivan-fischer-dejara-la-orquesta-konzerthaus-de-berlin-en-2018\\\/#organizationLogo\"},\"sameAs\":[\"https:\\\/\\\/www.facebook.com\\\/Nachofdezber\",\"https:\\\/\\\/x.com\\\/NabercoDigital\",\"https:\\\/\\\/www.instagram.com\\\/nachofdezber\\\/\",\"https:\\\/\\\/www.youtube.com\\\/channel\\\/UCZP-2wLEB9Rv6erhFmqVnvg\"],\"address\":{\"@id\":\"https:\\\/\\\/candas365.es\\\/noticias\\\/#postaladdress\",\"@type\":\"PostalAddress\",\"streetAddress\":\"san antonio 4, san antonio 4\",\"postalCode\":\"33430\",\"addressLocality\":\"Cand\\u00e1s\",\"addressRegion\":\"Asturias\",\"addressCountry\":\"ES\"}},{\"@type\":\"Person\",\"@id\":\"https:\\\/\\\/candas365.es\\\/noticias\\\/author\\\/admin\\\/#author\",\"url\":\"https:\\\/\\\/candas365.es\\\/noticias\\\/author\\\/admin\\\/\",\"name\":\"Cand\\u00e1s 365\",\"image\":{\"@type\":\"ImageObject\",\"@id\":\"https:\\\/\\\/candas365.es\\\/noticias\\\/ivan-fischer-dejara-la-orquesta-konzerthaus-de-berlin-en-2018\\\/#authorImage\",\"url\":\"https:\\\/\\\/secure.gravatar.com\\\/avatar\\\/496a8e03d0c493ede1718b7934145dbdf8d89be1036b0eec9544e1094c9de390?s=96&d=mm&r=g\",\"width\":96,\"height\":96,\"caption\":\"Cand\\u00e1s 365\"},\"sameAs\":[\"https:\\\/\\\/www.facebook.com\\\/carrenoactualidad\",\"https:\\\/\\\/twitter.com\\\/nbasturias\",\"https:\\\/\\\/www.instagram.com\\\/nachofdezber\\\/\",\"https:\\\/\\\/www.youtube.com\\\/channel\\\/UCZP-2wLEB9Rv6erhFmqVnvg\"]},{\"@type\":\"WebPage\",\"@id\":\"https:\\\/\\\/candas365.es\\\/noticias\\\/ivan-fischer-dejara-la-orquesta-konzerthaus-de-berlin-en-2018\\\/#webpage\",\"url\":\"https:\\\/\\\/candas365.es\\\/noticias\\\/ivan-fischer-dejara-la-orquesta-konzerthaus-de-berlin-en-2018\\\/\",\"name\":\"Iv\\u00e1n Fischer dejar\\u00e1 la orquesta Konzerthaus de Berl\\u00edn en 2018 | Cand\\u00e1s 365\",\"description\":\"Berl\\u00edn, 18 oct (dpa) - El director de la orquesta Konzerthaus de Berl\\u00edn, Iv\\u00e1n Fischer, no prorrogar\\u00e1 su actual contrato que vence en 2018, inform\\u00f3 hoy la orquesta. Sin embargo, el prestigioso director y compositor h\\u00fangaro de 65 a\\u00f1os continuar\\u00e1 ligado a la Konzerthaus como director honor\\u00edfico y dirigir\\u00e1 cuatro programas por temporada. Fischer, que\",\"inLanguage\":\"es-ES\",\"isPartOf\":{\"@id\":\"https:\\\/\\\/candas365.es\\\/noticias\\\/#website\"},\"breadcrumb\":{\"@id\":\"https:\\\/\\\/candas365.es\\\/noticias\\\/ivan-fischer-dejara-la-orquesta-konzerthaus-de-berlin-en-2018\\\/#breadcrumblist\"},\"author\":{\"@id\":\"https:\\\/\\\/candas365.es\\\/noticias\\\/author\\\/admin\\\/#author\"},\"creator\":{\"@id\":\"https:\\\/\\\/candas365.es\\\/noticias\\\/author\\\/admin\\\/#author\"},\"image\":{\"@type\":\"ImageObject\",\"url\":\"https:\\\/\\\/candas365.es\\\/noticias\\\/wp-content\\\/uploads\\\/2015\\\/09\\\/c365noticias.jpg\",\"@id\":\"https:\\\/\\\/candas365.es\\\/noticias\\\/ivan-fischer-dejara-la-orquesta-konzerthaus-de-berlin-en-2018\\\/#mainImage\",\"width\":655,\"height\":360},\"primaryImageOfPage\":{\"@id\":\"https:\\\/\\\/candas365.es\\\/noticias\\\/ivan-fischer-dejara-la-orquesta-konzerthaus-de-berlin-en-2018\\\/#mainImage\"},\"datePublished\":\"2016-10-18T19:56:33+02:00\",\"dateModified\":\"2016-10-18T19:56:33+02:00\"},{\"@type\":\"WebSite\",\"@id\":\"https:\\\/\\\/candas365.es\\\/noticias\\\/#website\",\"url\":\"https:\\\/\\\/candas365.es\\\/noticias\\\/\",\"name\":\"Cand\\u00e1s 365\",\"alternateName\":\"Cand\\u00e1s 365 Noticias\",\"description\":\"Actualidad desde Carre\\u00f1o para el mundo\",\"inLanguage\":\"es-ES\",\"publisher\":{\"@id\":\"https:\\\/\\\/candas365.es\\\/noticias\\\/#organization\"}}]}\n\t\t<\/script>\n\t\t<!-- All in One SEO Pro -->\r\n\t\t<title>Iv\u00e1n Fischer dejar\u00e1 la orquesta Konzerthaus de Berl\u00edn en 2018 | Cand\u00e1s 365<\/title>\n\n","aioseo_head_json":{"title":"Iv\u00e1n Fischer dejar\u00e1 la orquesta Konzerthaus de Berl\u00edn en 2018 | Cand\u00e1s 365","description":"Berl\u00edn, 18 oct (dpa) - El director de la orquesta Konzerthaus de Berl\u00edn, Iv\u00e1n Fischer, no prorrogar\u00e1 su actual contrato que vence en 2018, inform\u00f3 hoy la orquesta. Sin embargo, el prestigioso director y compositor h\u00fangaro de 65 a\u00f1os continuar\u00e1 ligado a la Konzerthaus como director honor\u00edfico y dirigir\u00e1 cuatro programas por temporada. Fischer, que","canonical_url":"https:\/\/candas365.es\/noticias\/ivan-fischer-dejara-la-orquesta-konzerthaus-de-berlin-en-2018\/","robots":"max-image-preview:large","keywords":"actualidad","webmasterTools":{"google-site-verification":"UA-32230408-1","msvalidate.01":"354F3CDFB2DA171B47FBE9ABF1F88D5","miscellaneous":""},"schema":{"@context":"https:\/\/schema.org","@graph":[{"@type":"BreadcrumbList","@id":"https:\/\/candas365.es\/noticias\/ivan-fischer-dejara-la-orquesta-konzerthaus-de-berlin-en-2018\/#breadcrumblist","itemListElement":[{"@type":"ListItem","@id":"https:\/\/candas365.es\/noticias#listItem","position":1,"name":"Home","item":"https:\/\/candas365.es\/noticias","nextItem":{"@type":"ListItem","@id":"https:\/\/candas365.es\/noticias\/category\/actualidad\/#listItem","name":"Actualidad"}},{"@type":"ListItem","@id":"https:\/\/candas365.es\/noticias\/category\/actualidad\/#listItem","position":2,"name":"Actualidad","item":"https:\/\/candas365.es\/noticias\/category\/actualidad\/","nextItem":{"@type":"ListItem","@id":"https:\/\/candas365.es\/noticias\/ivan-fischer-dejara-la-orquesta-konzerthaus-de-berlin-en-2018\/#listItem","name":"Iv\u00e1n Fischer dejar\u00e1 la orquesta Konzerthaus de Berl\u00edn en 2018"},"previousItem":{"@type":"ListItem","@id":"https:\/\/candas365.es\/noticias#listItem","name":"Home"}},{"@type":"ListItem","@id":"https:\/\/candas365.es\/noticias\/ivan-fischer-dejara-la-orquesta-konzerthaus-de-berlin-en-2018\/#listItem","position":3,"name":"Iv\u00e1n Fischer dejar\u00e1 la orquesta Konzerthaus de Berl\u00edn en 2018","previousItem":{"@type":"ListItem","@id":"https:\/\/candas365.es\/noticias\/category\/actualidad\/#listItem","name":"Actualidad"}}]},{"@type":"NewsArticle","@id":"https:\/\/candas365.es\/noticias\/ivan-fischer-dejara-la-orquesta-konzerthaus-de-berlin-en-2018\/#newsarticle","name":"Iv\u00e1n Fischer dejar\u00e1 la orquesta Konzerthaus de Berl\u00edn en 2018 | Cand\u00e1s 365","headline":"Iv\u00e1n Fischer dejar\u00e1 la orquesta Konzerthaus de Berl\u00edn en 2018","author":{"@id":"https:\/\/candas365.es\/noticias\/author\/admin\/#author"},"publisher":{"@id":"https:\/\/candas365.es\/noticias\/#organization"},"image":{"@type":"ImageObject","url":"https:\/\/candas365.es\/noticias\/wp-content\/uploads\/2015\/09\/c365noticias.jpg","width":655,"height":360},"datePublished":"2016-10-18T19:56:33+02:00","dateModified":"2016-10-18T19:56:33+02:00","inLanguage":"es-ES","mainEntityOfPage":{"@id":"https:\/\/candas365.es\/noticias\/ivan-fischer-dejara-la-orquesta-konzerthaus-de-berlin-en-2018\/#webpage"},"isPartOf":{"@id":"https:\/\/candas365.es\/noticias\/ivan-fischer-dejara-la-orquesta-konzerthaus-de-berlin-en-2018\/#webpage"},"articleSection":"Actualidad","dateline":"Publicado el octubre 18, 2016."},{"@type":"Organization","@id":"https:\/\/candas365.es\/noticias\/#organization","name":"Cand\u00e1s 365","description":"Cand\u00e1s 365 es un diario digital independiente, fundado en 2012, con base en Asturias. Informamos con rigor sobre actualidad, sociedad, cultura y ocio, con una mirada local y global.","url":"https:\/\/candas365.es\/noticias\/","email":"info@candas365.es","telephone":"+34652131393","foundingDate":"2012-06-10","logo":{"@type":"ImageObject","url":"https:\/\/candas365.es\/noticias\/wp-content\/uploads\/2024\/09\/Candas-365-Redes.jpg","@id":"https:\/\/candas365.es\/noticias\/ivan-fischer-dejara-la-orquesta-konzerthaus-de-berlin-en-2018\/#organizationLogo","width":1152,"height":864,"caption":"Cand\u00e1s 365 Redes"},"image":{"@id":"https:\/\/candas365.es\/noticias\/ivan-fischer-dejara-la-orquesta-konzerthaus-de-berlin-en-2018\/#organizationLogo"},"sameAs":["https:\/\/www.facebook.com\/Nachofdezber","https:\/\/x.com\/NabercoDigital","https:\/\/www.instagram.com\/nachofdezber\/","https:\/\/www.youtube.com\/channel\/UCZP-2wLEB9Rv6erhFmqVnvg"],"address":{"@id":"https:\/\/candas365.es\/noticias\/#postaladdress","@type":"PostalAddress","streetAddress":"san antonio 4, san antonio 4","postalCode":"33430","addressLocality":"Cand\u00e1s","addressRegion":"Asturias","addressCountry":"ES"}},{"@type":"Person","@id":"https:\/\/candas365.es\/noticias\/author\/admin\/#author","url":"https:\/\/candas365.es\/noticias\/author\/admin\/","name":"Cand\u00e1s 365","image":{"@type":"ImageObject","@id":"https:\/\/candas365.es\/noticias\/ivan-fischer-dejara-la-orquesta-konzerthaus-de-berlin-en-2018\/#authorImage","url":"https:\/\/secure.gravatar.com\/avatar\/496a8e03d0c493ede1718b7934145dbdf8d89be1036b0eec9544e1094c9de390?s=96&d=mm&r=g","width":96,"height":96,"caption":"Cand\u00e1s 365"},"sameAs":["https:\/\/www.facebook.com\/carrenoactualidad","https:\/\/twitter.com\/nbasturias","https:\/\/www.instagram.com\/nachofdezber\/","https:\/\/www.youtube.com\/channel\/UCZP-2wLEB9Rv6erhFmqVnvg"]},{"@type":"WebPage","@id":"https:\/\/candas365.es\/noticias\/ivan-fischer-dejara-la-orquesta-konzerthaus-de-berlin-en-2018\/#webpage","url":"https:\/\/candas365.es\/noticias\/ivan-fischer-dejara-la-orquesta-konzerthaus-de-berlin-en-2018\/","name":"Iv\u00e1n Fischer dejar\u00e1 la orquesta Konzerthaus de Berl\u00edn en 2018 | Cand\u00e1s 365","description":"Berl\u00edn, 18 oct (dpa) - El director de la orquesta Konzerthaus de Berl\u00edn, Iv\u00e1n Fischer, no prorrogar\u00e1 su actual contrato que vence en 2018, inform\u00f3 hoy la orquesta. Sin embargo, el prestigioso director y compositor h\u00fangaro de 65 a\u00f1os continuar\u00e1 ligado a la Konzerthaus como director honor\u00edfico y dirigir\u00e1 cuatro programas por temporada. Fischer, que","inLanguage":"es-ES","isPartOf":{"@id":"https:\/\/candas365.es\/noticias\/#website"},"breadcrumb":{"@id":"https:\/\/candas365.es\/noticias\/ivan-fischer-dejara-la-orquesta-konzerthaus-de-berlin-en-2018\/#breadcrumblist"},"author":{"@id":"https:\/\/candas365.es\/noticias\/author\/admin\/#author"},"creator":{"@id":"https:\/\/candas365.es\/noticias\/author\/admin\/#author"},"image":{"@type":"ImageObject","url":"https:\/\/candas365.es\/noticias\/wp-content\/uploads\/2015\/09\/c365noticias.jpg","@id":"https:\/\/candas365.es\/noticias\/ivan-fischer-dejara-la-orquesta-konzerthaus-de-berlin-en-2018\/#mainImage","width":655,"height":360},"primaryImageOfPage":{"@id":"https:\/\/candas365.es\/noticias\/ivan-fischer-dejara-la-orquesta-konzerthaus-de-berlin-en-2018\/#mainImage"},"datePublished":"2016-10-18T19:56:33+02:00","dateModified":"2016-10-18T19:56:33+02:00"},{"@type":"WebSite","@id":"https:\/\/candas365.es\/noticias\/#website","url":"https:\/\/candas365.es\/noticias\/","name":"Cand\u00e1s 365","alternateName":"Cand\u00e1s 365 Noticias","description":"Actualidad desde Carre\u00f1o para el mundo","inLanguage":"es-ES","publisher":{"@id":"https:\/\/candas365.es\/noticias\/#organization"}}]},"og:locale":"es_ES","og:site_name":"Cand\u00e1s 365","og:type":"article","og:title":"Iv\u00e1n Fischer dejar\u00e1 la orquesta Konzerthaus de Berl\u00edn en 2018 | Cand\u00e1s 365","og:description":"Berl\u00edn, 18 oct (dpa) - El director de la orquesta Konzerthaus de Berl\u00edn, Iv\u00e1n Fischer, no prorrogar\u00e1 su actual contrato que vence en 2018, inform\u00f3 hoy la orquesta. Sin embargo, el prestigioso director y compositor h\u00fangaro de 65 a\u00f1os continuar\u00e1 ligado a la Konzerthaus como director honor\u00edfico y dirigir\u00e1 cuatro programas por temporada. Fischer, que","og:url":"https:\/\/candas365.es\/noticias\/ivan-fischer-dejara-la-orquesta-konzerthaus-de-berlin-en-2018\/","og:image":"https:\/\/candas365.es\/noticias\/wp-content\/uploads\/2015\/09\/c365noticias.jpg","og:image:secure_url":"https:\/\/candas365.es\/noticias\/wp-content\/uploads\/2015\/09\/c365noticias.jpg","og:image:width":655,"og:image:height":360,"article:published_time":"2016-10-18T18:26:33+00:00","article:modified_time":"2016-10-18T18:26:33+00:00","article:publisher":"https:\/\/www.facebook.com\/Nachofdezber","article:author":"https:\/\/www.facebook.com\/carrenoactualidad","twitter:card":"summary_large_image","twitter:site":"@NabercoDigital","twitter:title":"Iv\u00e1n Fischer dejar\u00e1 la orquesta Konzerthaus de Berl\u00edn en 2018 | Cand\u00e1s 365","twitter:description":"Berl\u00edn, 18 oct (dpa) - El director de la orquesta Konzerthaus de Berl\u00edn, Iv\u00e1n Fischer, no prorrogar\u00e1 su actual contrato que vence en 2018, inform\u00f3 hoy la orquesta. Sin embargo, el prestigioso director y compositor h\u00fangaro de 65 a\u00f1os continuar\u00e1 ligado a la Konzerthaus como director honor\u00edfico y dirigir\u00e1 cuatro programas por temporada. Fischer, que","twitter:creator":"@nbasturias","twitter:image":"https:\/\/candas365.es\/noticias\/wp-content\/uploads\/2015\/09\/c365noticias.jpg","twitter:label1":"Escrito por","twitter:data1":"Cand\u00e1s 365","twitter:label2":"Tiempo de lectura estimado","twitter:data2":"1 minuto"},"aioseo_meta_data":{"post_id":"34216","title":null,"description":null,"keywords":null,"keyphrases":null,"primary_term":null,"canonical_url":null,"og_title":null,"og_description":null,"og_object_type":"default","og_image_type":"default","og_image_url":null,"og_image_width":null,"og_image_height":null,"og_image_custom_url":null,"og_image_custom_fields":null,"og_video":null,"og_custom_url":null,"og_article_section":null,"og_article_tags":null,"twitter_use_og":false,"twitter_card":"default","twitter_image_type":"default","twitter_image_url":null,"twitter_image_custom_url":null,"twitter_image_custom_fields":null,"twitter_title":null,"twitter_description":null,"schema":{"blockGraphs":[],"customGraphs":[],"default":{"data":{"Article":[],"Course":[],"Dataset":[],"FAQPage":[],"Movie":[],"Person":[],"Product":[],"ProductReview":[],"Car":[],"Recipe":[],"Service":[],"SoftwareApplication":[],"WebPage":[]},"graphName":"","isEnabled":true},"graphs":[],"defaultGraph":"","defaultPostTypeGraph":""},"schema_type":null,"schema_type_options":null,"pillar_content":false,"robots_default":true,"robots_noindex":false,"robots_noarchive":false,"robots_nosnippet":false,"robots_nofollow":false,"robots_noimageindex":false,"robots_noodp":false,"robots_notranslate":false,"robots_max_snippet":null,"robots_max_videopreview":null,"robots_max_imagepreview":"large","priority":null,"frequency":null,"location":null,"local_seo":null,"seo_analyzer_scan_date":"2025-08-24 17:32:09","breadcrumb_settings":null,"limit_modified_date":false,"reviewed_by":null,"open_ai":null,"ai":null,"created":"2020-12-21 13:07:47","updated":"2025-08-24 17:32:09"},"aioseo_breadcrumb":"<div class=\"aioseo-breadcrumbs\"><span class=\"aioseo-breadcrumb\">\n\t<a href=\"https:\/\/candas365.es\/noticias\" title=\"Home\">Home<\/a>\n<\/span><span class=\"aioseo-breadcrumb-separator\">&ndash;<\/span><span class=\"aioseo-breadcrumb\">\n\t<a href=\"https:\/\/candas365.es\/noticias\/category\/actualidad\/\" title=\"Actualidad\">Actualidad<\/a>\n<\/span><span class=\"aioseo-breadcrumb-separator\">&ndash;<\/span><span class=\"aioseo-breadcrumb\">\n\tIv\u00e1n Fischer dejar\u00e1 la orquesta Konzerthaus de Berl\u00edn en 2018\n<\/span><\/div>","aioseo_breadcrumb_json":[{"label":"Home","link":"https:\/\/candas365.es\/noticias"},{"label":"Actualidad","link":"https:\/\/candas365.es\/noticias\/category\/actualidad\/"},{"label":"Iv\u00e1n Fischer dejar\u00e1 la orquesta Konzerthaus de Berl\u00edn en 2018","link":"https:\/\/candas365.es\/noticias\/ivan-fischer-dejara-la-orquesta-konzerthaus-de-berlin-en-2018\/"}],"_links":{"self":[{"href":"https:\/\/candas365.es\/noticias\/wp-json\/wp\/v2\/posts\/34216","targetHints":{"allow":["GET"]}}],"collection":[{"href":"https:\/\/candas365.es\/noticias\/wp-json\/wp\/v2\/posts"}],"about":[{"href":"https:\/\/candas365.es\/noticias\/wp-json\/wp\/v2\/types\/post"}],"author":[{"embeddable":true,"href":"https:\/\/candas365.es\/noticias\/wp-json\/wp\/v2\/users\/1"}],"replies":[{"embeddable":true,"href":"https:\/\/candas365.es\/noticias\/wp-json\/wp\/v2\/comments?post=34216"}],"version-history":[{"count":0,"href":"https:\/\/candas365.es\/noticias\/wp-json\/wp\/v2\/posts\/34216\/revisions"}],"wp:featuredmedia":[{"embeddable":true,"href":"https:\/\/candas365.es\/noticias\/wp-json\/wp\/v2\/media\/16457"}],"wp:attachment":[{"href":"https:\/\/candas365.es\/noticias\/wp-json\/wp\/v2\/media?parent=34216"}],"wp:term":[{"taxonomy":"category","embeddable":true,"href":"https:\/\/candas365.es\/noticias\/wp-json\/wp\/v2\/categories?post=34216"},{"taxonomy":"post_tag","embeddable":true,"href":"https:\/\/candas365.es\/noticias\/wp-json\/wp\/v2\/tags?post=34216"}],"curies":[{"name":"wp","href":"https:\/\/api.w.org\/{rel}","templated":true}]}}