{"id":34214,"date":"2016-10-18T19:55:34","date_gmt":"2016-10-18T18:25:34","guid":{"rendered":"http:\/\/candas365.es\/noticias\/?p=34214"},"modified":"2016-10-18T19:55:34","modified_gmt":"2016-10-18T18:25:34","slug":"una-persona-sigue-desaparecida-tras-explosion-en-basf","status":"publish","type":"post","link":"https:\/\/candas365.es\/noticias\/una-persona-sigue-desaparecida-tras-explosion-en-basf\/","title":{"rendered":"Una persona sigue desaparecida tras explosi\u00f3n en BASF"},"content":{"rendered":"<p><img fetchpriority=\"high\" decoding=\"async\" class=\"alignleft size-medium wp-image-16457\" src=\"https:\/\/candas365.es\/noticias\/wp-content\/uploads\/2015\/09\/c365noticias-360x198.jpg\" alt=\"c365noticias\" width=\"360\" height=\"198\" srcset=\"https:\/\/candas365.es\/noticias\/wp-content\/uploads\/2015\/09\/c365noticias-360x198.jpg 360w, https:\/\/candas365.es\/noticias\/wp-content\/uploads\/2015\/09\/c365noticias-650x357.jpg 650w, https:\/\/candas365.es\/noticias\/wp-content\/uploads\/2015\/09\/c365noticias-150x82.jpg 150w, https:\/\/candas365.es\/noticias\/wp-content\/uploads\/2015\/09\/c365noticias-450x247.jpg 450w, https:\/\/candas365.es\/noticias\/wp-content\/uploads\/2015\/09\/c365noticias.jpg 655w\" sizes=\"(max-width: 360px) 100vw, 360px\" \/>Ludwigshafen (Alemania), 18 oct (dpa) &#8211; Una persona contin\u00faa desparecida un d\u00eda despu\u00e9s de la grave explosi\u00f3n en la planta qu\u00edmica de BASF en Ludwigshafen, en el suroeste de Alemania, inform\u00f3 hoy la compa\u00f1\u00eda germana.<\/p>\n<p>Se cree que la persona que sigue desaparecida se encuentra en la zona portuaria. Sin embargo, de momento no es posible inspeccionarla con un equipo de buzos, inform\u00f3 el jefe de bomberos de Ludwigshafen, Peter Friedrich. Tan pronto como no haya peligro se buscar\u00e1 al desaparecido, agreg\u00f3.<\/p>\n<p>En la explosi\u00f3n que tuvo lugar durante los trabajos llevados a cabo en un sistema de tuber\u00edas en el puerto norte al menos dos personas perdieron la vida y seis se encuentran a\u00fan en la unidad de cuidados intensivos en estado grave, inform\u00f3 la mayor empresa qu\u00edmica del mundo.<\/p>\n<p>Los bomberos mantienen la recomendaci\u00f3n hecha el lunes a los vecinos de mantener las puertas y ventanas cerradas, indic\u00f3 Dieter Feid, encargado del equipo de bomberos de la ciudad de Ludwigshafen.<\/p>\n<p>Sin embargo, de momento no se ha medido ninguna concentraci\u00f3n elevada de sustancias perjudiciales, apuntaron desde BASF sobre el incidente en las instalaciones en un puerto fluvial en la ciudad donde tiene su sede la empresa.<\/p>\n<p>La Fiscal\u00eda ha abierto una investigaci\u00f3n para esclarecer las causas de la explosi\u00f3n.<\/p>\n<p>Esas instalaciones de BASF son importantes para la compa\u00f1\u00eda para el abastecimiento de materias primas y en ellas se trabaja con l\u00edquidos inflamables y gas l\u00edquido. Las instalaciones de BASF en Ludwigshafen son la mayor \u00e1rea qu\u00edmica del mundo.<\/p>\n<p>El \u00faltimo incidente grave registrado en Ludwigshafen tuvo lugar el 23 de octubre de 2014. Entonces explot\u00f3 un conducto de gas en la intersecci\u00f3n de los barrios de Oppau y Edigheim. Un trabajador muri\u00f3 en el lugar de la explosi\u00f3n y otro d\u00edas m\u00e1s tarde. Mientras, 22 personas resultaron heridas.<\/p>\n<p>&nbsp;<\/p>\n","protected":false},"excerpt":{"rendered":"<p>Ludwigshafen (Alemania), 18 oct (dpa) &#8211; Una persona contin\u00faa desparecida un d\u00eda despu\u00e9s de la grave explosi\u00f3n en la planta qu\u00edmica de BASF en Ludwigshafen, en el suroeste de Alemania, inform\u00f3 hoy la compa\u00f1\u00eda germana. Se cree que la persona que sigue desaparecida se encuentra en la zona portuaria. Sin embargo, de momento no es<\/p>\n","protected":false},"author":1,"featured_media":16457,"comment_status":"closed","ping_status":"closed","sticky":false,"template":"","format":"standard","meta":{"footnotes":""},"categories":[343],"tags":[],"class_list":{"0":"post-34214","1":"post","2":"type-post","3":"status-publish","4":"format-standard","5":"has-post-thumbnail","7":"category-actualidad"},"aioseo_notices":[],"aioseo_head":"\n\t\t<!-- All in One SEO Pro 4.9.6.2 - aioseo.com -->\n\t<meta name=\"description\" content=\"Ludwigshafen (Alemania), 18 oct (dpa) - Una persona contin\u00faa desparecida un d\u00eda despu\u00e9s de la grave explosi\u00f3n en la planta qu\u00edmica de BASF en Ludwigshafen, en el suroeste de Alemania, inform\u00f3 hoy la compa\u00f1\u00eda germana. Se cree que la persona que sigue desaparecida se encuentra en la zona portuaria. Sin embargo, de momento no es\" \/>\n\t<meta name=\"robots\" content=\"max-image-preview:large\" \/>\n\t<meta name=\"author\" content=\"Cand\u00e1s 365\"\/>\n\t<meta name=\"google-site-verification\" content=\"UA-32230408-1\" \/>\n\t<meta name=\"msvalidate.01\" content=\"354F3CDFB2DA171B47FBE9ABF1F88D5\" \/>\n\t<meta name=\"keywords\" content=\"actualidad\" \/>\n\t<link rel=\"canonical\" href=\"https:\/\/candas365.es\/noticias\/una-persona-sigue-desaparecida-tras-explosion-en-basf\/\" \/>\n\t<meta name=\"generator\" content=\"All in One SEO Pro (AIOSEO) 4.9.6.2\" \/>\n\t\t<meta property=\"og:locale\" content=\"es_ES\" \/>\n\t\t<meta property=\"og:site_name\" content=\"Cand\u00e1s 365\" \/>\n\t\t<meta property=\"og:type\" content=\"article\" \/>\n\t\t<meta property=\"og:title\" content=\"Una persona sigue desaparecida tras explosi\u00f3n en BASF | Cand\u00e1s 365\" \/>\n\t\t<meta property=\"og:description\" content=\"Ludwigshafen (Alemania), 18 oct (dpa) - Una persona contin\u00faa desparecida un d\u00eda despu\u00e9s de la grave explosi\u00f3n en la planta qu\u00edmica de BASF en Ludwigshafen, en el suroeste de Alemania, inform\u00f3 hoy la compa\u00f1\u00eda germana. Se cree que la persona que sigue desaparecida se encuentra en la zona portuaria. Sin embargo, de momento no es\" \/>\n\t\t<meta property=\"og:url\" content=\"https:\/\/candas365.es\/noticias\/una-persona-sigue-desaparecida-tras-explosion-en-basf\/\" \/>\n\t\t<meta property=\"og:image\" content=\"https:\/\/candas365.es\/noticias\/wp-content\/uploads\/2015\/09\/c365noticias.jpg\" \/>\n\t\t<meta property=\"og:image:secure_url\" content=\"https:\/\/candas365.es\/noticias\/wp-content\/uploads\/2015\/09\/c365noticias.jpg\" \/>\n\t\t<meta property=\"og:image:width\" content=\"655\" \/>\n\t\t<meta property=\"og:image:height\" content=\"360\" \/>\n\t\t<meta property=\"article:published_time\" content=\"2016-10-18T18:25:34+00:00\" \/>\n\t\t<meta property=\"article:modified_time\" content=\"2016-10-18T18:25:34+00:00\" \/>\n\t\t<meta property=\"article:publisher\" content=\"https:\/\/www.facebook.com\/Nachofdezber\" \/>\n\t\t<meta property=\"article:author\" content=\"https:\/\/www.facebook.com\/carrenoactualidad\" \/>\n\t\t<meta name=\"twitter:card\" content=\"summary_large_image\" \/>\n\t\t<meta name=\"twitter:site\" content=\"@NabercoDigital\" \/>\n\t\t<meta name=\"twitter:title\" content=\"Una persona sigue desaparecida tras explosi\u00f3n en BASF | Cand\u00e1s 365\" \/>\n\t\t<meta name=\"twitter:description\" content=\"Ludwigshafen (Alemania), 18 oct (dpa) - Una persona contin\u00faa desparecida un d\u00eda despu\u00e9s de la grave explosi\u00f3n en la planta qu\u00edmica de BASF en Ludwigshafen, en el suroeste de Alemania, inform\u00f3 hoy la compa\u00f1\u00eda germana. Se cree que la persona que sigue desaparecida se encuentra en la zona portuaria. Sin embargo, de momento no es\" \/>\n\t\t<meta name=\"twitter:creator\" content=\"@nbasturias\" \/>\n\t\t<meta name=\"twitter:image\" content=\"https:\/\/candas365.es\/noticias\/wp-content\/uploads\/2015\/09\/c365noticias.jpg\" \/>\n\t\t<meta name=\"twitter:label1\" content=\"Escrito por\" \/>\n\t\t<meta name=\"twitter:data1\" content=\"Cand\u00e1s 365\" \/>\n\t\t<meta name=\"twitter:label2\" content=\"Tiempo de lectura estimado\" \/>\n\t\t<meta name=\"twitter:data2\" content=\"2 minutos\" \/>\n\t\t<script type=\"application\/ld+json\" class=\"aioseo-schema\">\n\t\t\t{\"@context\":\"https:\\\/\\\/schema.org\",\"@graph\":[{\"@type\":\"BreadcrumbList\",\"@id\":\"https:\\\/\\\/candas365.es\\\/noticias\\\/una-persona-sigue-desaparecida-tras-explosion-en-basf\\\/#breadcrumblist\",\"itemListElement\":[{\"@type\":\"ListItem\",\"@id\":\"https:\\\/\\\/candas365.es\\\/noticias#listItem\",\"position\":1,\"name\":\"Home\",\"item\":\"https:\\\/\\\/candas365.es\\\/noticias\",\"nextItem\":{\"@type\":\"ListItem\",\"@id\":\"https:\\\/\\\/candas365.es\\\/noticias\\\/category\\\/actualidad\\\/#listItem\",\"name\":\"Actualidad\"}},{\"@type\":\"ListItem\",\"@id\":\"https:\\\/\\\/candas365.es\\\/noticias\\\/category\\\/actualidad\\\/#listItem\",\"position\":2,\"name\":\"Actualidad\",\"item\":\"https:\\\/\\\/candas365.es\\\/noticias\\\/category\\\/actualidad\\\/\",\"nextItem\":{\"@type\":\"ListItem\",\"@id\":\"https:\\\/\\\/candas365.es\\\/noticias\\\/una-persona-sigue-desaparecida-tras-explosion-en-basf\\\/#listItem\",\"name\":\"Una persona sigue desaparecida tras explosi\\u00f3n en BASF\"},\"previousItem\":{\"@type\":\"ListItem\",\"@id\":\"https:\\\/\\\/candas365.es\\\/noticias#listItem\",\"name\":\"Home\"}},{\"@type\":\"ListItem\",\"@id\":\"https:\\\/\\\/candas365.es\\\/noticias\\\/una-persona-sigue-desaparecida-tras-explosion-en-basf\\\/#listItem\",\"position\":3,\"name\":\"Una persona sigue desaparecida tras explosi\\u00f3n en BASF\",\"previousItem\":{\"@type\":\"ListItem\",\"@id\":\"https:\\\/\\\/candas365.es\\\/noticias\\\/category\\\/actualidad\\\/#listItem\",\"name\":\"Actualidad\"}}]},{\"@type\":\"NewsArticle\",\"@id\":\"https:\\\/\\\/candas365.es\\\/noticias\\\/una-persona-sigue-desaparecida-tras-explosion-en-basf\\\/#newsarticle\",\"name\":\"Una persona sigue desaparecida tras explosi\\u00f3n en BASF | Cand\\u00e1s 365\",\"headline\":\"Una persona sigue desaparecida tras explosi\\u00f3n en BASF\",\"author\":{\"@id\":\"https:\\\/\\\/candas365.es\\\/noticias\\\/author\\\/admin\\\/#author\"},\"publisher\":{\"@id\":\"https:\\\/\\\/candas365.es\\\/noticias\\\/#organization\"},\"image\":{\"@type\":\"ImageObject\",\"url\":\"https:\\\/\\\/candas365.es\\\/noticias\\\/wp-content\\\/uploads\\\/2015\\\/09\\\/c365noticias.jpg\",\"width\":655,\"height\":360},\"datePublished\":\"2016-10-18T19:55:34+02:00\",\"dateModified\":\"2016-10-18T19:55:34+02:00\",\"inLanguage\":\"es-ES\",\"mainEntityOfPage\":{\"@id\":\"https:\\\/\\\/candas365.es\\\/noticias\\\/una-persona-sigue-desaparecida-tras-explosion-en-basf\\\/#webpage\"},\"isPartOf\":{\"@id\":\"https:\\\/\\\/candas365.es\\\/noticias\\\/una-persona-sigue-desaparecida-tras-explosion-en-basf\\\/#webpage\"},\"articleSection\":\"Actualidad\",\"dateline\":\"Publicado el octubre 18, 2016.\"},{\"@type\":\"Organization\",\"@id\":\"https:\\\/\\\/candas365.es\\\/noticias\\\/#organization\",\"name\":\"Cand\\u00e1s 365\",\"description\":\"Cand\\u00e1s 365 es un diario digital independiente, fundado en 2012, con base en Asturias. Informamos con rigor sobre actualidad, sociedad, cultura y ocio, con una mirada local y global.\",\"url\":\"https:\\\/\\\/candas365.es\\\/noticias\\\/\",\"email\":\"info@candas365.es\",\"telephone\":\"+34652131393\",\"foundingDate\":\"2012-06-10\",\"logo\":{\"@type\":\"ImageObject\",\"url\":\"https:\\\/\\\/candas365.es\\\/noticias\\\/wp-content\\\/uploads\\\/2024\\\/09\\\/Candas-365-Redes.jpg\",\"@id\":\"https:\\\/\\\/candas365.es\\\/noticias\\\/una-persona-sigue-desaparecida-tras-explosion-en-basf\\\/#organizationLogo\",\"width\":1152,\"height\":864,\"caption\":\"Cand\\u00e1s 365 Redes\"},\"image\":{\"@id\":\"https:\\\/\\\/candas365.es\\\/noticias\\\/una-persona-sigue-desaparecida-tras-explosion-en-basf\\\/#organizationLogo\"},\"sameAs\":[\"https:\\\/\\\/www.facebook.com\\\/Nachofdezber\",\"https:\\\/\\\/x.com\\\/NabercoDigital\",\"https:\\\/\\\/www.instagram.com\\\/nachofdezber\\\/\",\"https:\\\/\\\/www.youtube.com\\\/channel\\\/UCZP-2wLEB9Rv6erhFmqVnvg\"],\"address\":{\"@id\":\"https:\\\/\\\/candas365.es\\\/noticias\\\/#postaladdress\",\"@type\":\"PostalAddress\",\"streetAddress\":\"san antonio 4, san antonio 4\",\"postalCode\":\"33430\",\"addressLocality\":\"Cand\\u00e1s\",\"addressRegion\":\"Asturias\",\"addressCountry\":\"ES\"}},{\"@type\":\"Person\",\"@id\":\"https:\\\/\\\/candas365.es\\\/noticias\\\/author\\\/admin\\\/#author\",\"url\":\"https:\\\/\\\/candas365.es\\\/noticias\\\/author\\\/admin\\\/\",\"name\":\"Cand\\u00e1s 365\",\"image\":{\"@type\":\"ImageObject\",\"@id\":\"https:\\\/\\\/candas365.es\\\/noticias\\\/una-persona-sigue-desaparecida-tras-explosion-en-basf\\\/#authorImage\",\"url\":\"https:\\\/\\\/secure.gravatar.com\\\/avatar\\\/496a8e03d0c493ede1718b7934145dbdf8d89be1036b0eec9544e1094c9de390?s=96&d=mm&r=g\",\"width\":96,\"height\":96,\"caption\":\"Cand\\u00e1s 365\"},\"sameAs\":[\"https:\\\/\\\/www.facebook.com\\\/carrenoactualidad\",\"https:\\\/\\\/twitter.com\\\/nbasturias\",\"https:\\\/\\\/www.instagram.com\\\/nachofdezber\\\/\",\"https:\\\/\\\/www.youtube.com\\\/channel\\\/UCZP-2wLEB9Rv6erhFmqVnvg\"]},{\"@type\":\"WebPage\",\"@id\":\"https:\\\/\\\/candas365.es\\\/noticias\\\/una-persona-sigue-desaparecida-tras-explosion-en-basf\\\/#webpage\",\"url\":\"https:\\\/\\\/candas365.es\\\/noticias\\\/una-persona-sigue-desaparecida-tras-explosion-en-basf\\\/\",\"name\":\"Una persona sigue desaparecida tras explosi\\u00f3n en BASF | Cand\\u00e1s 365\",\"description\":\"Ludwigshafen (Alemania), 18 oct (dpa) - Una persona contin\\u00faa desparecida un d\\u00eda despu\\u00e9s de la grave explosi\\u00f3n en la planta qu\\u00edmica de BASF en Ludwigshafen, en el suroeste de Alemania, inform\\u00f3 hoy la compa\\u00f1\\u00eda germana. Se cree que la persona que sigue desaparecida se encuentra en la zona portuaria. Sin embargo, de momento no es\",\"inLanguage\":\"es-ES\",\"isPartOf\":{\"@id\":\"https:\\\/\\\/candas365.es\\\/noticias\\\/#website\"},\"breadcrumb\":{\"@id\":\"https:\\\/\\\/candas365.es\\\/noticias\\\/una-persona-sigue-desaparecida-tras-explosion-en-basf\\\/#breadcrumblist\"},\"author\":{\"@id\":\"https:\\\/\\\/candas365.es\\\/noticias\\\/author\\\/admin\\\/#author\"},\"creator\":{\"@id\":\"https:\\\/\\\/candas365.es\\\/noticias\\\/author\\\/admin\\\/#author\"},\"image\":{\"@type\":\"ImageObject\",\"url\":\"https:\\\/\\\/candas365.es\\\/noticias\\\/wp-content\\\/uploads\\\/2015\\\/09\\\/c365noticias.jpg\",\"@id\":\"https:\\\/\\\/candas365.es\\\/noticias\\\/una-persona-sigue-desaparecida-tras-explosion-en-basf\\\/#mainImage\",\"width\":655,\"height\":360},\"primaryImageOfPage\":{\"@id\":\"https:\\\/\\\/candas365.es\\\/noticias\\\/una-persona-sigue-desaparecida-tras-explosion-en-basf\\\/#mainImage\"},\"datePublished\":\"2016-10-18T19:55:34+02:00\",\"dateModified\":\"2016-10-18T19:55:34+02:00\"},{\"@type\":\"WebSite\",\"@id\":\"https:\\\/\\\/candas365.es\\\/noticias\\\/#website\",\"url\":\"https:\\\/\\\/candas365.es\\\/noticias\\\/\",\"name\":\"Cand\\u00e1s 365\",\"alternateName\":\"Cand\\u00e1s 365 Noticias\",\"description\":\"Actualidad desde Carre\\u00f1o para el mundo\",\"inLanguage\":\"es-ES\",\"publisher\":{\"@id\":\"https:\\\/\\\/candas365.es\\\/noticias\\\/#organization\"}}]}\n\t\t<\/script>\n\t\t<!-- All in One SEO Pro -->\r\n\t\t<title>Una persona sigue desaparecida tras explosi\u00f3n en BASF | Cand\u00e1s 365<\/title>\n\n","aioseo_head_json":{"title":"Una persona sigue desaparecida tras explosi\u00f3n en BASF | Cand\u00e1s 365","description":"Ludwigshafen (Alemania), 18 oct (dpa) - Una persona contin\u00faa desparecida un d\u00eda despu\u00e9s de la grave explosi\u00f3n en la planta qu\u00edmica de BASF en Ludwigshafen, en el suroeste de Alemania, inform\u00f3 hoy la compa\u00f1\u00eda germana. Se cree que la persona que sigue desaparecida se encuentra en la zona portuaria. Sin embargo, de momento no es","canonical_url":"https:\/\/candas365.es\/noticias\/una-persona-sigue-desaparecida-tras-explosion-en-basf\/","robots":"max-image-preview:large","keywords":"actualidad","webmasterTools":{"google-site-verification":"UA-32230408-1","msvalidate.01":"354F3CDFB2DA171B47FBE9ABF1F88D5","miscellaneous":""},"schema":{"@context":"https:\/\/schema.org","@graph":[{"@type":"BreadcrumbList","@id":"https:\/\/candas365.es\/noticias\/una-persona-sigue-desaparecida-tras-explosion-en-basf\/#breadcrumblist","itemListElement":[{"@type":"ListItem","@id":"https:\/\/candas365.es\/noticias#listItem","position":1,"name":"Home","item":"https:\/\/candas365.es\/noticias","nextItem":{"@type":"ListItem","@id":"https:\/\/candas365.es\/noticias\/category\/actualidad\/#listItem","name":"Actualidad"}},{"@type":"ListItem","@id":"https:\/\/candas365.es\/noticias\/category\/actualidad\/#listItem","position":2,"name":"Actualidad","item":"https:\/\/candas365.es\/noticias\/category\/actualidad\/","nextItem":{"@type":"ListItem","@id":"https:\/\/candas365.es\/noticias\/una-persona-sigue-desaparecida-tras-explosion-en-basf\/#listItem","name":"Una persona sigue desaparecida tras explosi\u00f3n en BASF"},"previousItem":{"@type":"ListItem","@id":"https:\/\/candas365.es\/noticias#listItem","name":"Home"}},{"@type":"ListItem","@id":"https:\/\/candas365.es\/noticias\/una-persona-sigue-desaparecida-tras-explosion-en-basf\/#listItem","position":3,"name":"Una persona sigue desaparecida tras explosi\u00f3n en BASF","previousItem":{"@type":"ListItem","@id":"https:\/\/candas365.es\/noticias\/category\/actualidad\/#listItem","name":"Actualidad"}}]},{"@type":"NewsArticle","@id":"https:\/\/candas365.es\/noticias\/una-persona-sigue-desaparecida-tras-explosion-en-basf\/#newsarticle","name":"Una persona sigue desaparecida tras explosi\u00f3n en BASF | Cand\u00e1s 365","headline":"Una persona sigue desaparecida tras explosi\u00f3n en BASF","author":{"@id":"https:\/\/candas365.es\/noticias\/author\/admin\/#author"},"publisher":{"@id":"https:\/\/candas365.es\/noticias\/#organization"},"image":{"@type":"ImageObject","url":"https:\/\/candas365.es\/noticias\/wp-content\/uploads\/2015\/09\/c365noticias.jpg","width":655,"height":360},"datePublished":"2016-10-18T19:55:34+02:00","dateModified":"2016-10-18T19:55:34+02:00","inLanguage":"es-ES","mainEntityOfPage":{"@id":"https:\/\/candas365.es\/noticias\/una-persona-sigue-desaparecida-tras-explosion-en-basf\/#webpage"},"isPartOf":{"@id":"https:\/\/candas365.es\/noticias\/una-persona-sigue-desaparecida-tras-explosion-en-basf\/#webpage"},"articleSection":"Actualidad","dateline":"Publicado el octubre 18, 2016."},{"@type":"Organization","@id":"https:\/\/candas365.es\/noticias\/#organization","name":"Cand\u00e1s 365","description":"Cand\u00e1s 365 es un diario digital independiente, fundado en 2012, con base en Asturias. Informamos con rigor sobre actualidad, sociedad, cultura y ocio, con una mirada local y global.","url":"https:\/\/candas365.es\/noticias\/","email":"info@candas365.es","telephone":"+34652131393","foundingDate":"2012-06-10","logo":{"@type":"ImageObject","url":"https:\/\/candas365.es\/noticias\/wp-content\/uploads\/2024\/09\/Candas-365-Redes.jpg","@id":"https:\/\/candas365.es\/noticias\/una-persona-sigue-desaparecida-tras-explosion-en-basf\/#organizationLogo","width":1152,"height":864,"caption":"Cand\u00e1s 365 Redes"},"image":{"@id":"https:\/\/candas365.es\/noticias\/una-persona-sigue-desaparecida-tras-explosion-en-basf\/#organizationLogo"},"sameAs":["https:\/\/www.facebook.com\/Nachofdezber","https:\/\/x.com\/NabercoDigital","https:\/\/www.instagram.com\/nachofdezber\/","https:\/\/www.youtube.com\/channel\/UCZP-2wLEB9Rv6erhFmqVnvg"],"address":{"@id":"https:\/\/candas365.es\/noticias\/#postaladdress","@type":"PostalAddress","streetAddress":"san antonio 4, san antonio 4","postalCode":"33430","addressLocality":"Cand\u00e1s","addressRegion":"Asturias","addressCountry":"ES"}},{"@type":"Person","@id":"https:\/\/candas365.es\/noticias\/author\/admin\/#author","url":"https:\/\/candas365.es\/noticias\/author\/admin\/","name":"Cand\u00e1s 365","image":{"@type":"ImageObject","@id":"https:\/\/candas365.es\/noticias\/una-persona-sigue-desaparecida-tras-explosion-en-basf\/#authorImage","url":"https:\/\/secure.gravatar.com\/avatar\/496a8e03d0c493ede1718b7934145dbdf8d89be1036b0eec9544e1094c9de390?s=96&d=mm&r=g","width":96,"height":96,"caption":"Cand\u00e1s 365"},"sameAs":["https:\/\/www.facebook.com\/carrenoactualidad","https:\/\/twitter.com\/nbasturias","https:\/\/www.instagram.com\/nachofdezber\/","https:\/\/www.youtube.com\/channel\/UCZP-2wLEB9Rv6erhFmqVnvg"]},{"@type":"WebPage","@id":"https:\/\/candas365.es\/noticias\/una-persona-sigue-desaparecida-tras-explosion-en-basf\/#webpage","url":"https:\/\/candas365.es\/noticias\/una-persona-sigue-desaparecida-tras-explosion-en-basf\/","name":"Una persona sigue desaparecida tras explosi\u00f3n en BASF | Cand\u00e1s 365","description":"Ludwigshafen (Alemania), 18 oct (dpa) - Una persona contin\u00faa desparecida un d\u00eda despu\u00e9s de la grave explosi\u00f3n en la planta qu\u00edmica de BASF en Ludwigshafen, en el suroeste de Alemania, inform\u00f3 hoy la compa\u00f1\u00eda germana. Se cree que la persona que sigue desaparecida se encuentra en la zona portuaria. Sin embargo, de momento no es","inLanguage":"es-ES","isPartOf":{"@id":"https:\/\/candas365.es\/noticias\/#website"},"breadcrumb":{"@id":"https:\/\/candas365.es\/noticias\/una-persona-sigue-desaparecida-tras-explosion-en-basf\/#breadcrumblist"},"author":{"@id":"https:\/\/candas365.es\/noticias\/author\/admin\/#author"},"creator":{"@id":"https:\/\/candas365.es\/noticias\/author\/admin\/#author"},"image":{"@type":"ImageObject","url":"https:\/\/candas365.es\/noticias\/wp-content\/uploads\/2015\/09\/c365noticias.jpg","@id":"https:\/\/candas365.es\/noticias\/una-persona-sigue-desaparecida-tras-explosion-en-basf\/#mainImage","width":655,"height":360},"primaryImageOfPage":{"@id":"https:\/\/candas365.es\/noticias\/una-persona-sigue-desaparecida-tras-explosion-en-basf\/#mainImage"},"datePublished":"2016-10-18T19:55:34+02:00","dateModified":"2016-10-18T19:55:34+02:00"},{"@type":"WebSite","@id":"https:\/\/candas365.es\/noticias\/#website","url":"https:\/\/candas365.es\/noticias\/","name":"Cand\u00e1s 365","alternateName":"Cand\u00e1s 365 Noticias","description":"Actualidad desde Carre\u00f1o para el mundo","inLanguage":"es-ES","publisher":{"@id":"https:\/\/candas365.es\/noticias\/#organization"}}]},"og:locale":"es_ES","og:site_name":"Cand\u00e1s 365","og:type":"article","og:title":"Una persona sigue desaparecida tras explosi\u00f3n en BASF | Cand\u00e1s 365","og:description":"Ludwigshafen (Alemania), 18 oct (dpa) - Una persona contin\u00faa desparecida un d\u00eda despu\u00e9s de la grave explosi\u00f3n en la planta qu\u00edmica de BASF en Ludwigshafen, en el suroeste de Alemania, inform\u00f3 hoy la compa\u00f1\u00eda germana. Se cree que la persona que sigue desaparecida se encuentra en la zona portuaria. Sin embargo, de momento no es","og:url":"https:\/\/candas365.es\/noticias\/una-persona-sigue-desaparecida-tras-explosion-en-basf\/","og:image":"https:\/\/candas365.es\/noticias\/wp-content\/uploads\/2015\/09\/c365noticias.jpg","og:image:secure_url":"https:\/\/candas365.es\/noticias\/wp-content\/uploads\/2015\/09\/c365noticias.jpg","og:image:width":655,"og:image:height":360,"article:published_time":"2016-10-18T18:25:34+00:00","article:modified_time":"2016-10-18T18:25:34+00:00","article:publisher":"https:\/\/www.facebook.com\/Nachofdezber","article:author":"https:\/\/www.facebook.com\/carrenoactualidad","twitter:card":"summary_large_image","twitter:site":"@NabercoDigital","twitter:title":"Una persona sigue desaparecida tras explosi\u00f3n en BASF | Cand\u00e1s 365","twitter:description":"Ludwigshafen (Alemania), 18 oct (dpa) - Una persona contin\u00faa desparecida un d\u00eda despu\u00e9s de la grave explosi\u00f3n en la planta qu\u00edmica de BASF en Ludwigshafen, en el suroeste de Alemania, inform\u00f3 hoy la compa\u00f1\u00eda germana. Se cree que la persona que sigue desaparecida se encuentra en la zona portuaria. Sin embargo, de momento no es","twitter:creator":"@nbasturias","twitter:image":"https:\/\/candas365.es\/noticias\/wp-content\/uploads\/2015\/09\/c365noticias.jpg","twitter:label1":"Escrito por","twitter:data1":"Cand\u00e1s 365","twitter:label2":"Tiempo de lectura estimado","twitter:data2":"2 minutos"},"aioseo_meta_data":{"post_id":"34214","title":null,"description":null,"keywords":null,"keyphrases":null,"primary_term":null,"canonical_url":null,"og_title":null,"og_description":null,"og_object_type":"default","og_image_type":"default","og_image_url":null,"og_image_width":null,"og_image_height":null,"og_image_custom_url":null,"og_image_custom_fields":null,"og_video":null,"og_custom_url":null,"og_article_section":null,"og_article_tags":null,"twitter_use_og":false,"twitter_card":"default","twitter_image_type":"default","twitter_image_url":null,"twitter_image_custom_url":null,"twitter_image_custom_fields":null,"twitter_title":null,"twitter_description":null,"schema":{"blockGraphs":[],"customGraphs":[],"default":{"data":{"Article":[],"Course":[],"Dataset":[],"FAQPage":[],"Movie":[],"Person":[],"Product":[],"ProductReview":[],"Car":[],"Recipe":[],"Service":[],"SoftwareApplication":[],"WebPage":[]},"graphName":"","isEnabled":true},"graphs":[],"defaultGraph":"","defaultPostTypeGraph":""},"schema_type":null,"schema_type_options":null,"pillar_content":false,"robots_default":true,"robots_noindex":false,"robots_noarchive":false,"robots_nosnippet":false,"robots_nofollow":false,"robots_noimageindex":false,"robots_noodp":false,"robots_notranslate":false,"robots_max_snippet":null,"robots_max_videopreview":null,"robots_max_imagepreview":"large","priority":null,"frequency":null,"location":null,"local_seo":null,"seo_analyzer_scan_date":"2025-08-24 17:31:12","breadcrumb_settings":null,"limit_modified_date":false,"reviewed_by":null,"open_ai":null,"ai":null,"created":"2020-12-21 13:07:47","updated":"2025-08-24 17:31:12"},"aioseo_breadcrumb":"<div class=\"aioseo-breadcrumbs\"><span class=\"aioseo-breadcrumb\">\n\t<a href=\"https:\/\/candas365.es\/noticias\" title=\"Home\">Home<\/a>\n<\/span><span class=\"aioseo-breadcrumb-separator\">&ndash;<\/span><span class=\"aioseo-breadcrumb\">\n\t<a href=\"https:\/\/candas365.es\/noticias\/category\/actualidad\/\" title=\"Actualidad\">Actualidad<\/a>\n<\/span><span class=\"aioseo-breadcrumb-separator\">&ndash;<\/span><span class=\"aioseo-breadcrumb\">\n\tUna persona sigue desaparecida tras explosi\u00f3n en BASF\n<\/span><\/div>","aioseo_breadcrumb_json":[{"label":"Home","link":"https:\/\/candas365.es\/noticias"},{"label":"Actualidad","link":"https:\/\/candas365.es\/noticias\/category\/actualidad\/"},{"label":"Una persona sigue desaparecida tras explosi\u00f3n en BASF","link":"https:\/\/candas365.es\/noticias\/una-persona-sigue-desaparecida-tras-explosion-en-basf\/"}],"_links":{"self":[{"href":"https:\/\/candas365.es\/noticias\/wp-json\/wp\/v2\/posts\/34214","targetHints":{"allow":["GET"]}}],"collection":[{"href":"https:\/\/candas365.es\/noticias\/wp-json\/wp\/v2\/posts"}],"about":[{"href":"https:\/\/candas365.es\/noticias\/wp-json\/wp\/v2\/types\/post"}],"author":[{"embeddable":true,"href":"https:\/\/candas365.es\/noticias\/wp-json\/wp\/v2\/users\/1"}],"replies":[{"embeddable":true,"href":"https:\/\/candas365.es\/noticias\/wp-json\/wp\/v2\/comments?post=34214"}],"version-history":[{"count":0,"href":"https:\/\/candas365.es\/noticias\/wp-json\/wp\/v2\/posts\/34214\/revisions"}],"wp:featuredmedia":[{"embeddable":true,"href":"https:\/\/candas365.es\/noticias\/wp-json\/wp\/v2\/media\/16457"}],"wp:attachment":[{"href":"https:\/\/candas365.es\/noticias\/wp-json\/wp\/v2\/media?parent=34214"}],"wp:term":[{"taxonomy":"category","embeddable":true,"href":"https:\/\/candas365.es\/noticias\/wp-json\/wp\/v2\/categories?post=34214"},{"taxonomy":"post_tag","embeddable":true,"href":"https:\/\/candas365.es\/noticias\/wp-json\/wp\/v2\/tags?post=34214"}],"curies":[{"name":"wp","href":"https:\/\/api.w.org\/{rel}","templated":true}]}}