{"id":34210,"date":"2016-10-18T19:53:36","date_gmt":"2016-10-18T18:23:36","guid":{"rendered":"http:\/\/candas365.es\/noticias\/?p=34210"},"modified":"2016-10-18T19:53:36","modified_gmt":"2016-10-18T18:23:36","slug":"angelique-kerber-terminara-el-ano-como-numero-uno-del-mundo","status":"publish","type":"post","link":"https:\/\/candas365.es\/noticias\/angelique-kerber-terminara-el-ano-como-numero-uno-del-mundo\/","title":{"rendered":"Angelique Kerber terminar\u00e1 el a\u00f1o como n\u00famero uno del mundo"},"content":{"rendered":"<p><img fetchpriority=\"high\" decoding=\"async\" class=\"alignleft size-medium wp-image-16457\" src=\"https:\/\/candas365.es\/noticias\/wp-content\/uploads\/2015\/09\/c365noticias-360x198.jpg\" alt=\"c365noticias\" width=\"360\" height=\"198\" srcset=\"https:\/\/candas365.es\/noticias\/wp-content\/uploads\/2015\/09\/c365noticias-360x198.jpg 360w, https:\/\/candas365.es\/noticias\/wp-content\/uploads\/2015\/09\/c365noticias-650x357.jpg 650w, https:\/\/candas365.es\/noticias\/wp-content\/uploads\/2015\/09\/c365noticias-150x82.jpg 150w, https:\/\/candas365.es\/noticias\/wp-content\/uploads\/2015\/09\/c365noticias-450x247.jpg 450w, https:\/\/candas365.es\/noticias\/wp-content\/uploads\/2015\/09\/c365noticias.jpg 655w\" sizes=\"(max-width: 360px) 100vw, 360px\" \/>Miami\/Singapur, 18 oct (dpa) &#8211; La alemana Angelique Kerber terminar\u00e1 el a\u00f1o como n\u00famero uno del mundo, despu\u00e9s de que la estadounidense Serena Williams confirmara el lunes que no jugar\u00e1 el Masters de Singapur a causa de una lesi\u00f3n en su hombro.<\/p>\n<p>Con la baja de Williams, ya no hay jugadoras que puedan superar a la alemana en el ranking antes de fin de a\u00f1o. De esta manera, Kerber se convertir\u00e1 en la primera alemana en terminar la temporada como n\u00famero uno desde que Steffi Graf lo consiguiera hace 20 a\u00f1os.<\/p>\n<p>\u00abEs un buen a\u00f1o en el Tour, si uno lo puede terminar aqu\u00ed en Singapur\u00bb, public\u00f3 Kerber en sus cuenta de Twitter e Instagram, con una foto en la que se la ve sentada en la pista sobre las letras del cartel de \u00abSingapur\u00bb.<\/p>\n<p>La n\u00famero uno del mundo aprovech\u00f3 las redes sociales para enviar un mensaje de aliento a Williams. \u00abMe gustar\u00eda que Serena tenga una pronta recuperaci\u00f3n y esperamos con inter\u00e9s poder verla de nuevo en el Tour en 2017\u00bb, escribi\u00f3 Kerber.<\/p>\n<p>Horas antes, Williams hab\u00eda anunciado su baja del Masters. \u00abNo voy a poder jugar en las pr\u00f3ximas semanas\u00bb, explic\u00f3 la n\u00famero dos del mundo en un video.<\/p>\n<p>Williams renunci\u00f3 as\u00ed a su \u00faltima oportunidad te\u00f3rica de desbancar a Kerber del primer puesto del ranking a final de a\u00f1o.<\/p>\n<p>A causa de sus problemas f\u00edsicos, la norteamericana jug\u00f3 este a\u00f1o s\u00f3lo ocho torneos. La reciente gira asi\u00e1tica se la salt\u00f3 totalmente por la lesi\u00f3n.<\/p>\n<p>El Masters femenino empieza el domingo en Singapur, donde se re\u00fanen las ocho mejores tenistas del a\u00f1o.<\/p>\n<p>Adem\u00e1s de Kerber, tienen su billete garantizado Agnieszka Radwanska, Simona Halep, Karolina Pliskova, Garbi\u00f1e Muguruza, Madison Keys y Dominika Cibulkova. El \u00faltimo puesto todav\u00eda est\u00e1 abierto.<\/p>\n<p>Williams se impuso este a\u00f1o en Wimbledon y Roma, mientras que perdi\u00f3 las finales del Abierto de Australia, de Roland Garros y de Indian Wells.<\/p>\n<p>\u00abEstamos decepcionados por el hecho de que los fans no puedan ver a Serena en Singapur\u00bb, dijo el jefe de la WTA, Steve Simon. \u00abLe deseamos una buena recuperaci\u00f3n\u00bb.<\/p>\n<p>La ganadora de 22 t\u00edtulos de Grand Slam se impuso en 2014 por \u00faltima vez en el torneo de cierre de temporada.<\/p>\n<p>&nbsp;<\/p>\n<p>&nbsp;<\/p>\n","protected":false},"excerpt":{"rendered":"<p>Miami\/Singapur, 18 oct (dpa) &#8211; La alemana Angelique Kerber terminar\u00e1 el a\u00f1o como n\u00famero uno del mundo, despu\u00e9s de que la estadounidense Serena Williams confirmara el lunes que no jugar\u00e1 el Masters de Singapur a causa de una lesi\u00f3n en su hombro. Con la baja de Williams, ya no hay jugadoras que puedan superar a<\/p>\n","protected":false},"author":1,"featured_media":16457,"comment_status":"closed","ping_status":"closed","sticky":false,"template":"","format":"standard","meta":{"footnotes":""},"categories":[343],"tags":[],"class_list":{"0":"post-34210","1":"post","2":"type-post","3":"status-publish","4":"format-standard","5":"has-post-thumbnail","7":"category-actualidad"},"aioseo_notices":[],"aioseo_head":"\n\t\t<!-- All in One SEO Pro 4.9.6.2 - aioseo.com -->\n\t<meta name=\"description\" content=\"Miami\/Singapur, 18 oct (dpa) - La alemana Angelique Kerber terminar\u00e1 el a\u00f1o como n\u00famero uno del mundo, despu\u00e9s de que la estadounidense Serena Williams confirmara el lunes que no jugar\u00e1 el Masters de Singapur a causa de una lesi\u00f3n en su hombro. Con la baja de Williams, ya no hay jugadoras que puedan superar a\" \/>\n\t<meta name=\"robots\" content=\"max-image-preview:large\" \/>\n\t<meta name=\"author\" content=\"Cand\u00e1s 365\"\/>\n\t<meta name=\"google-site-verification\" content=\"UA-32230408-1\" \/>\n\t<meta name=\"msvalidate.01\" content=\"354F3CDFB2DA171B47FBE9ABF1F88D5\" \/>\n\t<meta name=\"keywords\" content=\"actualidad\" \/>\n\t<link rel=\"canonical\" href=\"https:\/\/candas365.es\/noticias\/angelique-kerber-terminara-el-ano-como-numero-uno-del-mundo\/\" \/>\n\t<meta name=\"generator\" content=\"All in One SEO Pro (AIOSEO) 4.9.6.2\" \/>\n\t\t<meta property=\"og:locale\" content=\"es_ES\" \/>\n\t\t<meta property=\"og:site_name\" content=\"Cand\u00e1s 365\" \/>\n\t\t<meta property=\"og:type\" content=\"article\" \/>\n\t\t<meta property=\"og:title\" content=\"Angelique Kerber terminar\u00e1 el a\u00f1o como n\u00famero uno del mundo | Cand\u00e1s 365\" \/>\n\t\t<meta property=\"og:description\" content=\"Miami\/Singapur, 18 oct (dpa) - La alemana Angelique Kerber terminar\u00e1 el a\u00f1o como n\u00famero uno del mundo, despu\u00e9s de que la estadounidense Serena Williams confirmara el lunes que no jugar\u00e1 el Masters de Singapur a causa de una lesi\u00f3n en su hombro. Con la baja de Williams, ya no hay jugadoras que puedan superar a\" \/>\n\t\t<meta property=\"og:url\" content=\"https:\/\/candas365.es\/noticias\/angelique-kerber-terminara-el-ano-como-numero-uno-del-mundo\/\" \/>\n\t\t<meta property=\"og:image\" content=\"https:\/\/candas365.es\/noticias\/wp-content\/uploads\/2015\/09\/c365noticias.jpg\" \/>\n\t\t<meta property=\"og:image:secure_url\" content=\"https:\/\/candas365.es\/noticias\/wp-content\/uploads\/2015\/09\/c365noticias.jpg\" \/>\n\t\t<meta property=\"og:image:width\" content=\"655\" \/>\n\t\t<meta property=\"og:image:height\" content=\"360\" \/>\n\t\t<meta property=\"article:published_time\" content=\"2016-10-18T18:23:36+00:00\" \/>\n\t\t<meta property=\"article:modified_time\" content=\"2016-10-18T18:23:36+00:00\" \/>\n\t\t<meta property=\"article:publisher\" content=\"https:\/\/www.facebook.com\/Nachofdezber\" \/>\n\t\t<meta property=\"article:author\" content=\"https:\/\/www.facebook.com\/carrenoactualidad\" \/>\n\t\t<meta name=\"twitter:card\" content=\"summary_large_image\" \/>\n\t\t<meta name=\"twitter:site\" content=\"@NabercoDigital\" \/>\n\t\t<meta name=\"twitter:title\" content=\"Angelique Kerber terminar\u00e1 el a\u00f1o como n\u00famero uno del mundo | Cand\u00e1s 365\" \/>\n\t\t<meta name=\"twitter:description\" content=\"Miami\/Singapur, 18 oct (dpa) - La alemana Angelique Kerber terminar\u00e1 el a\u00f1o como n\u00famero uno del mundo, despu\u00e9s de que la estadounidense Serena Williams confirmara el lunes que no jugar\u00e1 el Masters de Singapur a causa de una lesi\u00f3n en su hombro. Con la baja de Williams, ya no hay jugadoras que puedan superar a\" \/>\n\t\t<meta name=\"twitter:creator\" content=\"@nbasturias\" \/>\n\t\t<meta name=\"twitter:image\" content=\"https:\/\/candas365.es\/noticias\/wp-content\/uploads\/2015\/09\/c365noticias.jpg\" \/>\n\t\t<meta name=\"twitter:label1\" content=\"Escrito por\" \/>\n\t\t<meta name=\"twitter:data1\" content=\"Cand\u00e1s 365\" \/>\n\t\t<meta name=\"twitter:label2\" content=\"Tiempo de lectura estimado\" \/>\n\t\t<meta name=\"twitter:data2\" content=\"2 minutos\" \/>\n\t\t<script type=\"application\/ld+json\" class=\"aioseo-schema\">\n\t\t\t{\"@context\":\"https:\\\/\\\/schema.org\",\"@graph\":[{\"@type\":\"BreadcrumbList\",\"@id\":\"https:\\\/\\\/candas365.es\\\/noticias\\\/angelique-kerber-terminara-el-ano-como-numero-uno-del-mundo\\\/#breadcrumblist\",\"itemListElement\":[{\"@type\":\"ListItem\",\"@id\":\"https:\\\/\\\/candas365.es\\\/noticias#listItem\",\"position\":1,\"name\":\"Home\",\"item\":\"https:\\\/\\\/candas365.es\\\/noticias\",\"nextItem\":{\"@type\":\"ListItem\",\"@id\":\"https:\\\/\\\/candas365.es\\\/noticias\\\/category\\\/actualidad\\\/#listItem\",\"name\":\"Actualidad\"}},{\"@type\":\"ListItem\",\"@id\":\"https:\\\/\\\/candas365.es\\\/noticias\\\/category\\\/actualidad\\\/#listItem\",\"position\":2,\"name\":\"Actualidad\",\"item\":\"https:\\\/\\\/candas365.es\\\/noticias\\\/category\\\/actualidad\\\/\",\"nextItem\":{\"@type\":\"ListItem\",\"@id\":\"https:\\\/\\\/candas365.es\\\/noticias\\\/angelique-kerber-terminara-el-ano-como-numero-uno-del-mundo\\\/#listItem\",\"name\":\"Angelique Kerber terminar\\u00e1 el a\\u00f1o como n\\u00famero uno del mundo\"},\"previousItem\":{\"@type\":\"ListItem\",\"@id\":\"https:\\\/\\\/candas365.es\\\/noticias#listItem\",\"name\":\"Home\"}},{\"@type\":\"ListItem\",\"@id\":\"https:\\\/\\\/candas365.es\\\/noticias\\\/angelique-kerber-terminara-el-ano-como-numero-uno-del-mundo\\\/#listItem\",\"position\":3,\"name\":\"Angelique Kerber terminar\\u00e1 el a\\u00f1o como n\\u00famero uno del mundo\",\"previousItem\":{\"@type\":\"ListItem\",\"@id\":\"https:\\\/\\\/candas365.es\\\/noticias\\\/category\\\/actualidad\\\/#listItem\",\"name\":\"Actualidad\"}}]},{\"@type\":\"NewsArticle\",\"@id\":\"https:\\\/\\\/candas365.es\\\/noticias\\\/angelique-kerber-terminara-el-ano-como-numero-uno-del-mundo\\\/#newsarticle\",\"name\":\"Angelique Kerber terminar\\u00e1 el a\\u00f1o como n\\u00famero uno del mundo | Cand\\u00e1s 365\",\"headline\":\"Angelique Kerber terminar\\u00e1 el a\\u00f1o como n\\u00famero uno del mundo\",\"author\":{\"@id\":\"https:\\\/\\\/candas365.es\\\/noticias\\\/author\\\/admin\\\/#author\"},\"publisher\":{\"@id\":\"https:\\\/\\\/candas365.es\\\/noticias\\\/#organization\"},\"image\":{\"@type\":\"ImageObject\",\"url\":\"https:\\\/\\\/candas365.es\\\/noticias\\\/wp-content\\\/uploads\\\/2015\\\/09\\\/c365noticias.jpg\",\"width\":655,\"height\":360},\"datePublished\":\"2016-10-18T19:53:36+02:00\",\"dateModified\":\"2016-10-18T19:53:36+02:00\",\"inLanguage\":\"es-ES\",\"mainEntityOfPage\":{\"@id\":\"https:\\\/\\\/candas365.es\\\/noticias\\\/angelique-kerber-terminara-el-ano-como-numero-uno-del-mundo\\\/#webpage\"},\"isPartOf\":{\"@id\":\"https:\\\/\\\/candas365.es\\\/noticias\\\/angelique-kerber-terminara-el-ano-como-numero-uno-del-mundo\\\/#webpage\"},\"articleSection\":\"Actualidad\",\"dateline\":\"Publicado el octubre 18, 2016.\"},{\"@type\":\"Organization\",\"@id\":\"https:\\\/\\\/candas365.es\\\/noticias\\\/#organization\",\"name\":\"Cand\\u00e1s 365\",\"description\":\"Cand\\u00e1s 365 es un diario digital independiente, fundado en 2012, con base en Asturias. Informamos con rigor sobre actualidad, sociedad, cultura y ocio, con una mirada local y global.\",\"url\":\"https:\\\/\\\/candas365.es\\\/noticias\\\/\",\"email\":\"info@candas365.es\",\"telephone\":\"+34652131393\",\"foundingDate\":\"2012-06-10\",\"logo\":{\"@type\":\"ImageObject\",\"url\":\"https:\\\/\\\/candas365.es\\\/noticias\\\/wp-content\\\/uploads\\\/2024\\\/09\\\/Candas-365-Redes.jpg\",\"@id\":\"https:\\\/\\\/candas365.es\\\/noticias\\\/angelique-kerber-terminara-el-ano-como-numero-uno-del-mundo\\\/#organizationLogo\",\"width\":1152,\"height\":864,\"caption\":\"Cand\\u00e1s 365 Redes\"},\"image\":{\"@id\":\"https:\\\/\\\/candas365.es\\\/noticias\\\/angelique-kerber-terminara-el-ano-como-numero-uno-del-mundo\\\/#organizationLogo\"},\"sameAs\":[\"https:\\\/\\\/www.facebook.com\\\/Nachofdezber\",\"https:\\\/\\\/x.com\\\/NabercoDigital\",\"https:\\\/\\\/www.instagram.com\\\/nachofdezber\\\/\",\"https:\\\/\\\/www.youtube.com\\\/channel\\\/UCZP-2wLEB9Rv6erhFmqVnvg\"],\"address\":{\"@id\":\"https:\\\/\\\/candas365.es\\\/noticias\\\/#postaladdress\",\"@type\":\"PostalAddress\",\"streetAddress\":\"san antonio 4, san antonio 4\",\"postalCode\":\"33430\",\"addressLocality\":\"Cand\\u00e1s\",\"addressRegion\":\"Asturias\",\"addressCountry\":\"ES\"}},{\"@type\":\"Person\",\"@id\":\"https:\\\/\\\/candas365.es\\\/noticias\\\/author\\\/admin\\\/#author\",\"url\":\"https:\\\/\\\/candas365.es\\\/noticias\\\/author\\\/admin\\\/\",\"name\":\"Cand\\u00e1s 365\",\"image\":{\"@type\":\"ImageObject\",\"@id\":\"https:\\\/\\\/candas365.es\\\/noticias\\\/angelique-kerber-terminara-el-ano-como-numero-uno-del-mundo\\\/#authorImage\",\"url\":\"https:\\\/\\\/secure.gravatar.com\\\/avatar\\\/496a8e03d0c493ede1718b7934145dbdf8d89be1036b0eec9544e1094c9de390?s=96&d=mm&r=g\",\"width\":96,\"height\":96,\"caption\":\"Cand\\u00e1s 365\"},\"sameAs\":[\"https:\\\/\\\/www.facebook.com\\\/carrenoactualidad\",\"https:\\\/\\\/twitter.com\\\/nbasturias\",\"https:\\\/\\\/www.instagram.com\\\/nachofdezber\\\/\",\"https:\\\/\\\/www.youtube.com\\\/channel\\\/UCZP-2wLEB9Rv6erhFmqVnvg\"]},{\"@type\":\"WebPage\",\"@id\":\"https:\\\/\\\/candas365.es\\\/noticias\\\/angelique-kerber-terminara-el-ano-como-numero-uno-del-mundo\\\/#webpage\",\"url\":\"https:\\\/\\\/candas365.es\\\/noticias\\\/angelique-kerber-terminara-el-ano-como-numero-uno-del-mundo\\\/\",\"name\":\"Angelique Kerber terminar\\u00e1 el a\\u00f1o como n\\u00famero uno del mundo | Cand\\u00e1s 365\",\"description\":\"Miami\\\/Singapur, 18 oct (dpa) - La alemana Angelique Kerber terminar\\u00e1 el a\\u00f1o como n\\u00famero uno del mundo, despu\\u00e9s de que la estadounidense Serena Williams confirmara el lunes que no jugar\\u00e1 el Masters de Singapur a causa de una lesi\\u00f3n en su hombro. Con la baja de Williams, ya no hay jugadoras que puedan superar a\",\"inLanguage\":\"es-ES\",\"isPartOf\":{\"@id\":\"https:\\\/\\\/candas365.es\\\/noticias\\\/#website\"},\"breadcrumb\":{\"@id\":\"https:\\\/\\\/candas365.es\\\/noticias\\\/angelique-kerber-terminara-el-ano-como-numero-uno-del-mundo\\\/#breadcrumblist\"},\"author\":{\"@id\":\"https:\\\/\\\/candas365.es\\\/noticias\\\/author\\\/admin\\\/#author\"},\"creator\":{\"@id\":\"https:\\\/\\\/candas365.es\\\/noticias\\\/author\\\/admin\\\/#author\"},\"image\":{\"@type\":\"ImageObject\",\"url\":\"https:\\\/\\\/candas365.es\\\/noticias\\\/wp-content\\\/uploads\\\/2015\\\/09\\\/c365noticias.jpg\",\"@id\":\"https:\\\/\\\/candas365.es\\\/noticias\\\/angelique-kerber-terminara-el-ano-como-numero-uno-del-mundo\\\/#mainImage\",\"width\":655,\"height\":360},\"primaryImageOfPage\":{\"@id\":\"https:\\\/\\\/candas365.es\\\/noticias\\\/angelique-kerber-terminara-el-ano-como-numero-uno-del-mundo\\\/#mainImage\"},\"datePublished\":\"2016-10-18T19:53:36+02:00\",\"dateModified\":\"2016-10-18T19:53:36+02:00\"},{\"@type\":\"WebSite\",\"@id\":\"https:\\\/\\\/candas365.es\\\/noticias\\\/#website\",\"url\":\"https:\\\/\\\/candas365.es\\\/noticias\\\/\",\"name\":\"Cand\\u00e1s 365\",\"alternateName\":\"Cand\\u00e1s 365 Noticias\",\"description\":\"Actualidad desde Carre\\u00f1o para el mundo\",\"inLanguage\":\"es-ES\",\"publisher\":{\"@id\":\"https:\\\/\\\/candas365.es\\\/noticias\\\/#organization\"}}]}\n\t\t<\/script>\n\t\t<!-- All in One SEO Pro -->\r\n\t\t<title>Angelique Kerber terminar\u00e1 el a\u00f1o como n\u00famero uno del mundo | Cand\u00e1s 365<\/title>\n\n","aioseo_head_json":{"title":"Angelique Kerber terminar\u00e1 el a\u00f1o como n\u00famero uno del mundo | Cand\u00e1s 365","description":"Miami\/Singapur, 18 oct (dpa) - La alemana Angelique Kerber terminar\u00e1 el a\u00f1o como n\u00famero uno del mundo, despu\u00e9s de que la estadounidense Serena Williams confirmara el lunes que no jugar\u00e1 el Masters de Singapur a causa de una lesi\u00f3n en su hombro. Con la baja de Williams, ya no hay jugadoras que puedan superar a","canonical_url":"https:\/\/candas365.es\/noticias\/angelique-kerber-terminara-el-ano-como-numero-uno-del-mundo\/","robots":"max-image-preview:large","keywords":"actualidad","webmasterTools":{"google-site-verification":"UA-32230408-1","msvalidate.01":"354F3CDFB2DA171B47FBE9ABF1F88D5","miscellaneous":""},"schema":{"@context":"https:\/\/schema.org","@graph":[{"@type":"BreadcrumbList","@id":"https:\/\/candas365.es\/noticias\/angelique-kerber-terminara-el-ano-como-numero-uno-del-mundo\/#breadcrumblist","itemListElement":[{"@type":"ListItem","@id":"https:\/\/candas365.es\/noticias#listItem","position":1,"name":"Home","item":"https:\/\/candas365.es\/noticias","nextItem":{"@type":"ListItem","@id":"https:\/\/candas365.es\/noticias\/category\/actualidad\/#listItem","name":"Actualidad"}},{"@type":"ListItem","@id":"https:\/\/candas365.es\/noticias\/category\/actualidad\/#listItem","position":2,"name":"Actualidad","item":"https:\/\/candas365.es\/noticias\/category\/actualidad\/","nextItem":{"@type":"ListItem","@id":"https:\/\/candas365.es\/noticias\/angelique-kerber-terminara-el-ano-como-numero-uno-del-mundo\/#listItem","name":"Angelique Kerber terminar\u00e1 el a\u00f1o como n\u00famero uno del mundo"},"previousItem":{"@type":"ListItem","@id":"https:\/\/candas365.es\/noticias#listItem","name":"Home"}},{"@type":"ListItem","@id":"https:\/\/candas365.es\/noticias\/angelique-kerber-terminara-el-ano-como-numero-uno-del-mundo\/#listItem","position":3,"name":"Angelique Kerber terminar\u00e1 el a\u00f1o como n\u00famero uno del mundo","previousItem":{"@type":"ListItem","@id":"https:\/\/candas365.es\/noticias\/category\/actualidad\/#listItem","name":"Actualidad"}}]},{"@type":"NewsArticle","@id":"https:\/\/candas365.es\/noticias\/angelique-kerber-terminara-el-ano-como-numero-uno-del-mundo\/#newsarticle","name":"Angelique Kerber terminar\u00e1 el a\u00f1o como n\u00famero uno del mundo | Cand\u00e1s 365","headline":"Angelique Kerber terminar\u00e1 el a\u00f1o como n\u00famero uno del mundo","author":{"@id":"https:\/\/candas365.es\/noticias\/author\/admin\/#author"},"publisher":{"@id":"https:\/\/candas365.es\/noticias\/#organization"},"image":{"@type":"ImageObject","url":"https:\/\/candas365.es\/noticias\/wp-content\/uploads\/2015\/09\/c365noticias.jpg","width":655,"height":360},"datePublished":"2016-10-18T19:53:36+02:00","dateModified":"2016-10-18T19:53:36+02:00","inLanguage":"es-ES","mainEntityOfPage":{"@id":"https:\/\/candas365.es\/noticias\/angelique-kerber-terminara-el-ano-como-numero-uno-del-mundo\/#webpage"},"isPartOf":{"@id":"https:\/\/candas365.es\/noticias\/angelique-kerber-terminara-el-ano-como-numero-uno-del-mundo\/#webpage"},"articleSection":"Actualidad","dateline":"Publicado el octubre 18, 2016."},{"@type":"Organization","@id":"https:\/\/candas365.es\/noticias\/#organization","name":"Cand\u00e1s 365","description":"Cand\u00e1s 365 es un diario digital independiente, fundado en 2012, con base en Asturias. Informamos con rigor sobre actualidad, sociedad, cultura y ocio, con una mirada local y global.","url":"https:\/\/candas365.es\/noticias\/","email":"info@candas365.es","telephone":"+34652131393","foundingDate":"2012-06-10","logo":{"@type":"ImageObject","url":"https:\/\/candas365.es\/noticias\/wp-content\/uploads\/2024\/09\/Candas-365-Redes.jpg","@id":"https:\/\/candas365.es\/noticias\/angelique-kerber-terminara-el-ano-como-numero-uno-del-mundo\/#organizationLogo","width":1152,"height":864,"caption":"Cand\u00e1s 365 Redes"},"image":{"@id":"https:\/\/candas365.es\/noticias\/angelique-kerber-terminara-el-ano-como-numero-uno-del-mundo\/#organizationLogo"},"sameAs":["https:\/\/www.facebook.com\/Nachofdezber","https:\/\/x.com\/NabercoDigital","https:\/\/www.instagram.com\/nachofdezber\/","https:\/\/www.youtube.com\/channel\/UCZP-2wLEB9Rv6erhFmqVnvg"],"address":{"@id":"https:\/\/candas365.es\/noticias\/#postaladdress","@type":"PostalAddress","streetAddress":"san antonio 4, san antonio 4","postalCode":"33430","addressLocality":"Cand\u00e1s","addressRegion":"Asturias","addressCountry":"ES"}},{"@type":"Person","@id":"https:\/\/candas365.es\/noticias\/author\/admin\/#author","url":"https:\/\/candas365.es\/noticias\/author\/admin\/","name":"Cand\u00e1s 365","image":{"@type":"ImageObject","@id":"https:\/\/candas365.es\/noticias\/angelique-kerber-terminara-el-ano-como-numero-uno-del-mundo\/#authorImage","url":"https:\/\/secure.gravatar.com\/avatar\/496a8e03d0c493ede1718b7934145dbdf8d89be1036b0eec9544e1094c9de390?s=96&d=mm&r=g","width":96,"height":96,"caption":"Cand\u00e1s 365"},"sameAs":["https:\/\/www.facebook.com\/carrenoactualidad","https:\/\/twitter.com\/nbasturias","https:\/\/www.instagram.com\/nachofdezber\/","https:\/\/www.youtube.com\/channel\/UCZP-2wLEB9Rv6erhFmqVnvg"]},{"@type":"WebPage","@id":"https:\/\/candas365.es\/noticias\/angelique-kerber-terminara-el-ano-como-numero-uno-del-mundo\/#webpage","url":"https:\/\/candas365.es\/noticias\/angelique-kerber-terminara-el-ano-como-numero-uno-del-mundo\/","name":"Angelique Kerber terminar\u00e1 el a\u00f1o como n\u00famero uno del mundo | Cand\u00e1s 365","description":"Miami\/Singapur, 18 oct (dpa) - La alemana Angelique Kerber terminar\u00e1 el a\u00f1o como n\u00famero uno del mundo, despu\u00e9s de que la estadounidense Serena Williams confirmara el lunes que no jugar\u00e1 el Masters de Singapur a causa de una lesi\u00f3n en su hombro. Con la baja de Williams, ya no hay jugadoras que puedan superar a","inLanguage":"es-ES","isPartOf":{"@id":"https:\/\/candas365.es\/noticias\/#website"},"breadcrumb":{"@id":"https:\/\/candas365.es\/noticias\/angelique-kerber-terminara-el-ano-como-numero-uno-del-mundo\/#breadcrumblist"},"author":{"@id":"https:\/\/candas365.es\/noticias\/author\/admin\/#author"},"creator":{"@id":"https:\/\/candas365.es\/noticias\/author\/admin\/#author"},"image":{"@type":"ImageObject","url":"https:\/\/candas365.es\/noticias\/wp-content\/uploads\/2015\/09\/c365noticias.jpg","@id":"https:\/\/candas365.es\/noticias\/angelique-kerber-terminara-el-ano-como-numero-uno-del-mundo\/#mainImage","width":655,"height":360},"primaryImageOfPage":{"@id":"https:\/\/candas365.es\/noticias\/angelique-kerber-terminara-el-ano-como-numero-uno-del-mundo\/#mainImage"},"datePublished":"2016-10-18T19:53:36+02:00","dateModified":"2016-10-18T19:53:36+02:00"},{"@type":"WebSite","@id":"https:\/\/candas365.es\/noticias\/#website","url":"https:\/\/candas365.es\/noticias\/","name":"Cand\u00e1s 365","alternateName":"Cand\u00e1s 365 Noticias","description":"Actualidad desde Carre\u00f1o para el mundo","inLanguage":"es-ES","publisher":{"@id":"https:\/\/candas365.es\/noticias\/#organization"}}]},"og:locale":"es_ES","og:site_name":"Cand\u00e1s 365","og:type":"article","og:title":"Angelique Kerber terminar\u00e1 el a\u00f1o como n\u00famero uno del mundo | Cand\u00e1s 365","og:description":"Miami\/Singapur, 18 oct (dpa) - La alemana Angelique Kerber terminar\u00e1 el a\u00f1o como n\u00famero uno del mundo, despu\u00e9s de que la estadounidense Serena Williams confirmara el lunes que no jugar\u00e1 el Masters de Singapur a causa de una lesi\u00f3n en su hombro. Con la baja de Williams, ya no hay jugadoras que puedan superar a","og:url":"https:\/\/candas365.es\/noticias\/angelique-kerber-terminara-el-ano-como-numero-uno-del-mundo\/","og:image":"https:\/\/candas365.es\/noticias\/wp-content\/uploads\/2015\/09\/c365noticias.jpg","og:image:secure_url":"https:\/\/candas365.es\/noticias\/wp-content\/uploads\/2015\/09\/c365noticias.jpg","og:image:width":655,"og:image:height":360,"article:published_time":"2016-10-18T18:23:36+00:00","article:modified_time":"2016-10-18T18:23:36+00:00","article:publisher":"https:\/\/www.facebook.com\/Nachofdezber","article:author":"https:\/\/www.facebook.com\/carrenoactualidad","twitter:card":"summary_large_image","twitter:site":"@NabercoDigital","twitter:title":"Angelique Kerber terminar\u00e1 el a\u00f1o como n\u00famero uno del mundo | Cand\u00e1s 365","twitter:description":"Miami\/Singapur, 18 oct (dpa) - La alemana Angelique Kerber terminar\u00e1 el a\u00f1o como n\u00famero uno del mundo, despu\u00e9s de que la estadounidense Serena Williams confirmara el lunes que no jugar\u00e1 el Masters de Singapur a causa de una lesi\u00f3n en su hombro. Con la baja de Williams, ya no hay jugadoras que puedan superar a","twitter:creator":"@nbasturias","twitter:image":"https:\/\/candas365.es\/noticias\/wp-content\/uploads\/2015\/09\/c365noticias.jpg","twitter:label1":"Escrito por","twitter:data1":"Cand\u00e1s 365","twitter:label2":"Tiempo de lectura estimado","twitter:data2":"2 minutos"},"aioseo_meta_data":{"post_id":"34210","title":null,"description":null,"keywords":null,"keyphrases":null,"primary_term":null,"canonical_url":null,"og_title":null,"og_description":null,"og_object_type":"default","og_image_type":"default","og_image_url":null,"og_image_width":null,"og_image_height":null,"og_image_custom_url":null,"og_image_custom_fields":null,"og_video":null,"og_custom_url":null,"og_article_section":null,"og_article_tags":null,"twitter_use_og":false,"twitter_card":"default","twitter_image_type":"default","twitter_image_url":null,"twitter_image_custom_url":null,"twitter_image_custom_fields":null,"twitter_title":null,"twitter_description":null,"schema":{"blockGraphs":[],"customGraphs":[],"default":{"data":{"Article":[],"Course":[],"Dataset":[],"FAQPage":[],"Movie":[],"Person":[],"Product":[],"ProductReview":[],"Car":[],"Recipe":[],"Service":[],"SoftwareApplication":[],"WebPage":[]},"graphName":"","isEnabled":true},"graphs":[],"defaultGraph":"","defaultPostTypeGraph":""},"schema_type":null,"schema_type_options":null,"pillar_content":false,"robots_default":true,"robots_noindex":false,"robots_noarchive":false,"robots_nosnippet":false,"robots_nofollow":false,"robots_noimageindex":false,"robots_noodp":false,"robots_notranslate":false,"robots_max_snippet":null,"robots_max_videopreview":null,"robots_max_imagepreview":"large","priority":null,"frequency":null,"location":null,"local_seo":null,"seo_analyzer_scan_date":"2025-08-24 17:31:10","breadcrumb_settings":null,"limit_modified_date":false,"reviewed_by":null,"open_ai":null,"ai":null,"created":"2020-12-21 13:07:47","updated":"2025-08-24 17:31:10"},"aioseo_breadcrumb":"<div class=\"aioseo-breadcrumbs\"><span class=\"aioseo-breadcrumb\">\n\t<a href=\"https:\/\/candas365.es\/noticias\" title=\"Home\">Home<\/a>\n<\/span><span class=\"aioseo-breadcrumb-separator\">&ndash;<\/span><span class=\"aioseo-breadcrumb\">\n\t<a href=\"https:\/\/candas365.es\/noticias\/category\/actualidad\/\" title=\"Actualidad\">Actualidad<\/a>\n<\/span><span class=\"aioseo-breadcrumb-separator\">&ndash;<\/span><span class=\"aioseo-breadcrumb\">\n\tAngelique Kerber terminar\u00e1 el a\u00f1o como n\u00famero uno del mundo\n<\/span><\/div>","aioseo_breadcrumb_json":[{"label":"Home","link":"https:\/\/candas365.es\/noticias"},{"label":"Actualidad","link":"https:\/\/candas365.es\/noticias\/category\/actualidad\/"},{"label":"Angelique Kerber terminar\u00e1 el a\u00f1o como n\u00famero uno del mundo","link":"https:\/\/candas365.es\/noticias\/angelique-kerber-terminara-el-ano-como-numero-uno-del-mundo\/"}],"_links":{"self":[{"href":"https:\/\/candas365.es\/noticias\/wp-json\/wp\/v2\/posts\/34210","targetHints":{"allow":["GET"]}}],"collection":[{"href":"https:\/\/candas365.es\/noticias\/wp-json\/wp\/v2\/posts"}],"about":[{"href":"https:\/\/candas365.es\/noticias\/wp-json\/wp\/v2\/types\/post"}],"author":[{"embeddable":true,"href":"https:\/\/candas365.es\/noticias\/wp-json\/wp\/v2\/users\/1"}],"replies":[{"embeddable":true,"href":"https:\/\/candas365.es\/noticias\/wp-json\/wp\/v2\/comments?post=34210"}],"version-history":[{"count":0,"href":"https:\/\/candas365.es\/noticias\/wp-json\/wp\/v2\/posts\/34210\/revisions"}],"wp:featuredmedia":[{"embeddable":true,"href":"https:\/\/candas365.es\/noticias\/wp-json\/wp\/v2\/media\/16457"}],"wp:attachment":[{"href":"https:\/\/candas365.es\/noticias\/wp-json\/wp\/v2\/media?parent=34210"}],"wp:term":[{"taxonomy":"category","embeddable":true,"href":"https:\/\/candas365.es\/noticias\/wp-json\/wp\/v2\/categories?post=34210"},{"taxonomy":"post_tag","embeddable":true,"href":"https:\/\/candas365.es\/noticias\/wp-json\/wp\/v2\/tags?post=34210"}],"curies":[{"name":"wp","href":"https:\/\/api.w.org\/{rel}","templated":true}]}}