{"id":34159,"date":"2016-10-17T21:36:35","date_gmt":"2016-10-17T20:06:35","guid":{"rendered":"http:\/\/candas365.es\/noticias\/?p=34159"},"modified":"2016-10-17T21:36:35","modified_gmt":"2016-10-17T20:06:35","slug":"el-trabajo-infantil-en-colombia-aumenta-por-los-desplazamientos-forzados","status":"publish","type":"post","link":"https:\/\/candas365.es\/noticias\/el-trabajo-infantil-en-colombia-aumenta-por-los-desplazamientos-forzados\/","title":{"rendered":"El trabajo infantil en Colombia aumenta por los desplazamientos forzados"},"content":{"rendered":"<p><img fetchpriority=\"high\" decoding=\"async\" class=\"alignleft size-medium wp-image-34160\" src=\"https:\/\/candas365.es\/noticias\/wp-content\/uploads\/2016\/10\/El-trabajo-infantil-en-Colombia-aumenta-por-los-desplazamientos-forzados_image_380-360x240.jpg\" alt=\"el-trabajo-infantil-en-colombia-aumenta-por-los-desplazamientos-forzados_image_380\" width=\"360\" height=\"240\" srcset=\"https:\/\/candas365.es\/noticias\/wp-content\/uploads\/2016\/10\/El-trabajo-infantil-en-Colombia-aumenta-por-los-desplazamientos-forzados_image_380-360x240.jpg 360w, https:\/\/candas365.es\/noticias\/wp-content\/uploads\/2016\/10\/El-trabajo-infantil-en-Colombia-aumenta-por-los-desplazamientos-forzados_image_380-150x100.jpg 150w, https:\/\/candas365.es\/noticias\/wp-content\/uploads\/2016\/10\/El-trabajo-infantil-en-Colombia-aumenta-por-los-desplazamientos-forzados_image_380-450x301.jpg 450w, https:\/\/candas365.es\/noticias\/wp-content\/uploads\/2016\/10\/El-trabajo-infantil-en-Colombia-aumenta-por-los-desplazamientos-forzados_image_380-84x55.jpg 84w, https:\/\/candas365.es\/noticias\/wp-content\/uploads\/2016\/10\/El-trabajo-infantil-en-Colombia-aumenta-por-los-desplazamientos-forzados_image_380.jpg 569w\" sizes=\"(max-width: 360px) 100vw, 360px\" \/>Investigadores espa\u00f1oles y colombianos, bajo la coordinaci\u00f3n del Laboratorio de Redes Personales y Comunidades de la Universidad de Sevilla, han realizado una macroencuesta de un total de 3.259 familias en el Caribe colombiano con ni\u00f1os trabajadores. Los resultados de este trabajo, publicado en la revista Social Indicators Research Series, apuntan a que el trabajo infantil en las \u00e1reas periurbanas de Colombia ha aumentado por los desplazamientos forzados.<\/p>\n<blockquote><p><em>Colombia ha acumulado casi siete millones de personas desplazadas internamente entre 1985 y 2015<\/em><\/p><\/blockquote>\n<p>Adem\u00e1s, revela una clara diferencia entre la situaci\u00f3n que viven los menores en las zonas rurales o semirurales, en comparaci\u00f3n con el contexto urbano. En las ciudades el hecho de que los hijos trabajen se relaciona con un nivel de ingresos bajo en el contexto familiar y tambi\u00e9n suele darse cuando las madres de esos ni\u00f1os hab\u00edan tambi\u00e9n trabajado cuando eran peque\u00f1as.<\/p>\n<p>Sin embargo, en los entornos rurales y periurbanos del caribe Colombiano el factor de riesgo m\u00e1s significativo, seg\u00fan los expertos, es que las familias hayan padecido un desplazamiento forzado en los \u00faltimos cinco a\u00f1os. El departamento del Atl\u00e1ntico, en el norte de Colombia, es una de las zonas receptoras de un mayor n\u00famero de refugiados internos, como consecuencia de la violencia pol\u00edtica. De acuerdo con el Alto Comisionado de las Naciones Unidas para los Refugiados (ACNUR), Colombia ha acumulado casi siete millones de personas desplazadas internamente entre 1985 y 2015.<\/p>\n<p><strong>Riesgo para el desarrollo de los ni\u00f1os<\/strong><\/p>\n<blockquote><p><strong><em>Los ni\u00f1os trabajadores de familias desplazadas padecen con frecuencia los s\u00edntomas propios del estr\u00e9s postraum\u00e1tico<\/em><\/strong><\/p><\/blockquote>\n<p>Tras el desplazamiento forzado, los menores se enfrentan a circunstancias diferentes cuando emigran con los padres o cuando lo hacen solos. El profesor de la Universidad de Sevilla y coautor del estudio Isidro Maya Jariego indica que \u201clos menores no acompa\u00f1ados son los que se encuentran en una situaci\u00f3n de mayor vulnerabilidad. Pueden ser objeto de violencia o abuso en las zonas de paso, especialmente en el caso de las ni\u00f1as, o ser reclutados en las zonas de conflicto\u201d.<\/p>\n<p>Esta situaci\u00f3n singular en el caso de Colombia hace que coincidan elementos de riesgo con gran impacto en el bienestar y el desarrollo psicol\u00f3gico infantil. Jorge Palacio, investigador de la Universidad del Norte (Colombia), comenta que \u201clos ni\u00f1os trabajadores de familias desplazadas padecen con frecuencia los s\u00edntomas propios del estr\u00e9s postraum\u00e1tico y sufren el impacto del trabajo infantil en el desarrollo educativo. Las familias de estos chicos, despu\u00e9s del desplazamiento forzado, tienen muchas dificultades para educarlos, sacarlos adelante y atender a sus necesidades.<\/p>\n<p>SINC<\/p>\n<p>&nbsp;<\/p>\n","protected":false},"excerpt":{"rendered":"<p>Investigadores espa\u00f1oles y colombianos, bajo la coordinaci\u00f3n del Laboratorio de Redes Personales y Comunidades de la Universidad de Sevilla, han realizado una macroencuesta de un total de 3.259 familias en el Caribe colombiano con ni\u00f1os trabajadores. Los resultados de este trabajo, publicado en la revista Social Indicators Research Series, apuntan a que el trabajo infantil<\/p>\n","protected":false},"author":1,"featured_media":34160,"comment_status":"closed","ping_status":"closed","sticky":false,"template":"","format":"standard","meta":{"footnotes":""},"categories":[343],"tags":[],"class_list":{"0":"post-34159","1":"post","2":"type-post","3":"status-publish","4":"format-standard","5":"has-post-thumbnail","7":"category-actualidad"},"aioseo_notices":[],"aioseo_head":"\n\t\t<!-- All in One SEO Pro 4.9.6.2 - aioseo.com -->\n\t<meta name=\"description\" content=\"Investigadores espa\u00f1oles y colombianos, bajo la coordinaci\u00f3n del Laboratorio de Redes Personales y Comunidades de la Universidad de Sevilla, han realizado una macroencuesta de un total de 3.259 familias en el Caribe colombiano con ni\u00f1os trabajadores. Los resultados de este trabajo, publicado en la revista Social Indicators Research Series, apuntan a que el trabajo infantil\" \/>\n\t<meta name=\"robots\" content=\"max-image-preview:large\" \/>\n\t<meta name=\"author\" content=\"Cand\u00e1s 365\"\/>\n\t<meta name=\"google-site-verification\" content=\"UA-32230408-1\" \/>\n\t<meta name=\"msvalidate.01\" content=\"354F3CDFB2DA171B47FBE9ABF1F88D5\" \/>\n\t<meta name=\"keywords\" content=\"actualidad\" \/>\n\t<link rel=\"canonical\" href=\"https:\/\/candas365.es\/noticias\/el-trabajo-infantil-en-colombia-aumenta-por-los-desplazamientos-forzados\/\" \/>\n\t<meta name=\"generator\" content=\"All in One SEO Pro (AIOSEO) 4.9.6.2\" \/>\n\t\t<meta property=\"og:locale\" content=\"es_ES\" \/>\n\t\t<meta property=\"og:site_name\" content=\"Cand\u00e1s 365\" \/>\n\t\t<meta property=\"og:type\" content=\"article\" \/>\n\t\t<meta property=\"og:title\" content=\"El trabajo infantil en Colombia aumenta por los desplazamientos forzados | Cand\u00e1s 365\" \/>\n\t\t<meta property=\"og:description\" content=\"Investigadores espa\u00f1oles y colombianos, bajo la coordinaci\u00f3n del Laboratorio de Redes Personales y Comunidades de la Universidad de Sevilla, han realizado una macroencuesta de un total de 3.259 familias en el Caribe colombiano con ni\u00f1os trabajadores. Los resultados de este trabajo, publicado en la revista Social Indicators Research Series, apuntan a que el trabajo infantil\" \/>\n\t\t<meta property=\"og:url\" content=\"https:\/\/candas365.es\/noticias\/el-trabajo-infantil-en-colombia-aumenta-por-los-desplazamientos-forzados\/\" \/>\n\t\t<meta property=\"og:image\" content=\"https:\/\/candas365.es\/noticias\/wp-content\/uploads\/2016\/10\/El-trabajo-infantil-en-Colombia-aumenta-por-los-desplazamientos-forzados_image_380.jpg\" \/>\n\t\t<meta property=\"og:image:secure_url\" content=\"https:\/\/candas365.es\/noticias\/wp-content\/uploads\/2016\/10\/El-trabajo-infantil-en-Colombia-aumenta-por-los-desplazamientos-forzados_image_380.jpg\" \/>\n\t\t<meta property=\"og:image:width\" content=\"569\" \/>\n\t\t<meta property=\"og:image:height\" content=\"380\" \/>\n\t\t<meta property=\"article:published_time\" content=\"2016-10-17T20:06:35+00:00\" \/>\n\t\t<meta property=\"article:modified_time\" content=\"2016-10-17T20:06:35+00:00\" \/>\n\t\t<meta property=\"article:publisher\" content=\"https:\/\/www.facebook.com\/Nachofdezber\" \/>\n\t\t<meta property=\"article:author\" content=\"https:\/\/www.facebook.com\/carrenoactualidad\" \/>\n\t\t<meta name=\"twitter:card\" content=\"summary_large_image\" \/>\n\t\t<meta name=\"twitter:site\" content=\"@NabercoDigital\" \/>\n\t\t<meta name=\"twitter:title\" content=\"El trabajo infantil en Colombia aumenta por los desplazamientos forzados | Cand\u00e1s 365\" \/>\n\t\t<meta name=\"twitter:description\" content=\"Investigadores espa\u00f1oles y colombianos, bajo la coordinaci\u00f3n del Laboratorio de Redes Personales y Comunidades de la Universidad de Sevilla, han realizado una macroencuesta de un total de 3.259 familias en el Caribe colombiano con ni\u00f1os trabajadores. Los resultados de este trabajo, publicado en la revista Social Indicators Research Series, apuntan a que el trabajo infantil\" \/>\n\t\t<meta name=\"twitter:creator\" content=\"@nbasturias\" \/>\n\t\t<meta name=\"twitter:image\" content=\"https:\/\/candas365.es\/noticias\/wp-content\/uploads\/2016\/10\/El-trabajo-infantil-en-Colombia-aumenta-por-los-desplazamientos-forzados_image_380.jpg\" \/>\n\t\t<meta name=\"twitter:label1\" content=\"Escrito por\" \/>\n\t\t<meta name=\"twitter:data1\" content=\"Cand\u00e1s 365\" \/>\n\t\t<meta name=\"twitter:label2\" content=\"Tiempo de lectura estimado\" \/>\n\t\t<meta name=\"twitter:data2\" content=\"2 minutos\" \/>\n\t\t<script type=\"application\/ld+json\" class=\"aioseo-schema\">\n\t\t\t{\"@context\":\"https:\\\/\\\/schema.org\",\"@graph\":[{\"@type\":\"BreadcrumbList\",\"@id\":\"https:\\\/\\\/candas365.es\\\/noticias\\\/el-trabajo-infantil-en-colombia-aumenta-por-los-desplazamientos-forzados\\\/#breadcrumblist\",\"itemListElement\":[{\"@type\":\"ListItem\",\"@id\":\"https:\\\/\\\/candas365.es\\\/noticias#listItem\",\"position\":1,\"name\":\"Home\",\"item\":\"https:\\\/\\\/candas365.es\\\/noticias\",\"nextItem\":{\"@type\":\"ListItem\",\"@id\":\"https:\\\/\\\/candas365.es\\\/noticias\\\/category\\\/actualidad\\\/#listItem\",\"name\":\"Actualidad\"}},{\"@type\":\"ListItem\",\"@id\":\"https:\\\/\\\/candas365.es\\\/noticias\\\/category\\\/actualidad\\\/#listItem\",\"position\":2,\"name\":\"Actualidad\",\"item\":\"https:\\\/\\\/candas365.es\\\/noticias\\\/category\\\/actualidad\\\/\",\"nextItem\":{\"@type\":\"ListItem\",\"@id\":\"https:\\\/\\\/candas365.es\\\/noticias\\\/el-trabajo-infantil-en-colombia-aumenta-por-los-desplazamientos-forzados\\\/#listItem\",\"name\":\"El trabajo infantil en Colombia aumenta por los desplazamientos forzados\"},\"previousItem\":{\"@type\":\"ListItem\",\"@id\":\"https:\\\/\\\/candas365.es\\\/noticias#listItem\",\"name\":\"Home\"}},{\"@type\":\"ListItem\",\"@id\":\"https:\\\/\\\/candas365.es\\\/noticias\\\/el-trabajo-infantil-en-colombia-aumenta-por-los-desplazamientos-forzados\\\/#listItem\",\"position\":3,\"name\":\"El trabajo infantil en Colombia aumenta por los desplazamientos forzados\",\"previousItem\":{\"@type\":\"ListItem\",\"@id\":\"https:\\\/\\\/candas365.es\\\/noticias\\\/category\\\/actualidad\\\/#listItem\",\"name\":\"Actualidad\"}}]},{\"@type\":\"NewsArticle\",\"@id\":\"https:\\\/\\\/candas365.es\\\/noticias\\\/el-trabajo-infantil-en-colombia-aumenta-por-los-desplazamientos-forzados\\\/#newsarticle\",\"name\":\"El trabajo infantil en Colombia aumenta por los desplazamientos forzados | Cand\\u00e1s 365\",\"headline\":\"El trabajo infantil en Colombia aumenta por los desplazamientos forzados\",\"author\":{\"@id\":\"https:\\\/\\\/candas365.es\\\/noticias\\\/author\\\/admin\\\/#author\"},\"publisher\":{\"@id\":\"https:\\\/\\\/candas365.es\\\/noticias\\\/#organization\"},\"image\":{\"@type\":\"ImageObject\",\"url\":\"https:\\\/\\\/candas365.es\\\/noticias\\\/wp-content\\\/uploads\\\/2016\\\/10\\\/El-trabajo-infantil-en-Colombia-aumenta-por-los-desplazamientos-forzados_image_380.jpg\",\"width\":569,\"height\":380},\"datePublished\":\"2016-10-17T21:36:35+02:00\",\"dateModified\":\"2016-10-17T21:36:35+02:00\",\"inLanguage\":\"es-ES\",\"mainEntityOfPage\":{\"@id\":\"https:\\\/\\\/candas365.es\\\/noticias\\\/el-trabajo-infantil-en-colombia-aumenta-por-los-desplazamientos-forzados\\\/#webpage\"},\"isPartOf\":{\"@id\":\"https:\\\/\\\/candas365.es\\\/noticias\\\/el-trabajo-infantil-en-colombia-aumenta-por-los-desplazamientos-forzados\\\/#webpage\"},\"articleSection\":\"Actualidad\",\"dateline\":\"Publicado el octubre 17, 2016.\"},{\"@type\":\"Organization\",\"@id\":\"https:\\\/\\\/candas365.es\\\/noticias\\\/#organization\",\"name\":\"Cand\\u00e1s 365\",\"description\":\"Cand\\u00e1s 365 es un diario digital independiente, fundado en 2012, con base en Asturias. Informamos con rigor sobre actualidad, sociedad, cultura y ocio, con una mirada local y global.\",\"url\":\"https:\\\/\\\/candas365.es\\\/noticias\\\/\",\"email\":\"info@candas365.es\",\"telephone\":\"+34652131393\",\"foundingDate\":\"2012-06-10\",\"logo\":{\"@type\":\"ImageObject\",\"url\":\"https:\\\/\\\/candas365.es\\\/noticias\\\/wp-content\\\/uploads\\\/2024\\\/09\\\/Candas-365-Redes.jpg\",\"@id\":\"https:\\\/\\\/candas365.es\\\/noticias\\\/el-trabajo-infantil-en-colombia-aumenta-por-los-desplazamientos-forzados\\\/#organizationLogo\",\"width\":1152,\"height\":864,\"caption\":\"Cand\\u00e1s 365 Redes\"},\"image\":{\"@id\":\"https:\\\/\\\/candas365.es\\\/noticias\\\/el-trabajo-infantil-en-colombia-aumenta-por-los-desplazamientos-forzados\\\/#organizationLogo\"},\"sameAs\":[\"https:\\\/\\\/www.facebook.com\\\/Nachofdezber\",\"https:\\\/\\\/x.com\\\/NabercoDigital\",\"https:\\\/\\\/www.instagram.com\\\/nachofdezber\\\/\",\"https:\\\/\\\/www.youtube.com\\\/channel\\\/UCZP-2wLEB9Rv6erhFmqVnvg\"],\"address\":{\"@id\":\"https:\\\/\\\/candas365.es\\\/noticias\\\/#postaladdress\",\"@type\":\"PostalAddress\",\"streetAddress\":\"san antonio 4, san antonio 4\",\"postalCode\":\"33430\",\"addressLocality\":\"Cand\\u00e1s\",\"addressRegion\":\"Asturias\",\"addressCountry\":\"ES\"}},{\"@type\":\"Person\",\"@id\":\"https:\\\/\\\/candas365.es\\\/noticias\\\/author\\\/admin\\\/#author\",\"url\":\"https:\\\/\\\/candas365.es\\\/noticias\\\/author\\\/admin\\\/\",\"name\":\"Cand\\u00e1s 365\",\"image\":{\"@type\":\"ImageObject\",\"@id\":\"https:\\\/\\\/candas365.es\\\/noticias\\\/el-trabajo-infantil-en-colombia-aumenta-por-los-desplazamientos-forzados\\\/#authorImage\",\"url\":\"https:\\\/\\\/secure.gravatar.com\\\/avatar\\\/496a8e03d0c493ede1718b7934145dbdf8d89be1036b0eec9544e1094c9de390?s=96&d=mm&r=g\",\"width\":96,\"height\":96,\"caption\":\"Cand\\u00e1s 365\"},\"sameAs\":[\"https:\\\/\\\/www.facebook.com\\\/carrenoactualidad\",\"https:\\\/\\\/twitter.com\\\/nbasturias\",\"https:\\\/\\\/www.instagram.com\\\/nachofdezber\\\/\",\"https:\\\/\\\/www.youtube.com\\\/channel\\\/UCZP-2wLEB9Rv6erhFmqVnvg\"]},{\"@type\":\"WebPage\",\"@id\":\"https:\\\/\\\/candas365.es\\\/noticias\\\/el-trabajo-infantil-en-colombia-aumenta-por-los-desplazamientos-forzados\\\/#webpage\",\"url\":\"https:\\\/\\\/candas365.es\\\/noticias\\\/el-trabajo-infantil-en-colombia-aumenta-por-los-desplazamientos-forzados\\\/\",\"name\":\"El trabajo infantil en Colombia aumenta por los desplazamientos forzados | Cand\\u00e1s 365\",\"description\":\"Investigadores espa\\u00f1oles y colombianos, bajo la coordinaci\\u00f3n del Laboratorio de Redes Personales y Comunidades de la Universidad de Sevilla, han realizado una macroencuesta de un total de 3.259 familias en el Caribe colombiano con ni\\u00f1os trabajadores. Los resultados de este trabajo, publicado en la revista Social Indicators Research Series, apuntan a que el trabajo infantil\",\"inLanguage\":\"es-ES\",\"isPartOf\":{\"@id\":\"https:\\\/\\\/candas365.es\\\/noticias\\\/#website\"},\"breadcrumb\":{\"@id\":\"https:\\\/\\\/candas365.es\\\/noticias\\\/el-trabajo-infantil-en-colombia-aumenta-por-los-desplazamientos-forzados\\\/#breadcrumblist\"},\"author\":{\"@id\":\"https:\\\/\\\/candas365.es\\\/noticias\\\/author\\\/admin\\\/#author\"},\"creator\":{\"@id\":\"https:\\\/\\\/candas365.es\\\/noticias\\\/author\\\/admin\\\/#author\"},\"image\":{\"@type\":\"ImageObject\",\"url\":\"https:\\\/\\\/candas365.es\\\/noticias\\\/wp-content\\\/uploads\\\/2016\\\/10\\\/El-trabajo-infantil-en-Colombia-aumenta-por-los-desplazamientos-forzados_image_380.jpg\",\"@id\":\"https:\\\/\\\/candas365.es\\\/noticias\\\/el-trabajo-infantil-en-colombia-aumenta-por-los-desplazamientos-forzados\\\/#mainImage\",\"width\":569,\"height\":380},\"primaryImageOfPage\":{\"@id\":\"https:\\\/\\\/candas365.es\\\/noticias\\\/el-trabajo-infantil-en-colombia-aumenta-por-los-desplazamientos-forzados\\\/#mainImage\"},\"datePublished\":\"2016-10-17T21:36:35+02:00\",\"dateModified\":\"2016-10-17T21:36:35+02:00\"},{\"@type\":\"WebSite\",\"@id\":\"https:\\\/\\\/candas365.es\\\/noticias\\\/#website\",\"url\":\"https:\\\/\\\/candas365.es\\\/noticias\\\/\",\"name\":\"Cand\\u00e1s 365\",\"alternateName\":\"Cand\\u00e1s 365 Noticias\",\"description\":\"Actualidad desde Carre\\u00f1o para el mundo\",\"inLanguage\":\"es-ES\",\"publisher\":{\"@id\":\"https:\\\/\\\/candas365.es\\\/noticias\\\/#organization\"}}]}\n\t\t<\/script>\n\t\t<!-- All in One SEO Pro -->\r\n\t\t<title>El trabajo infantil en Colombia aumenta por los desplazamientos forzados | Cand\u00e1s 365<\/title>\n\n","aioseo_head_json":{"title":"El trabajo infantil en Colombia aumenta por los desplazamientos forzados | Cand\u00e1s 365","description":"Investigadores espa\u00f1oles y colombianos, bajo la coordinaci\u00f3n del Laboratorio de Redes Personales y Comunidades de la Universidad de Sevilla, han realizado una macroencuesta de un total de 3.259 familias en el Caribe colombiano con ni\u00f1os trabajadores. Los resultados de este trabajo, publicado en la revista Social Indicators Research Series, apuntan a que el trabajo infantil","canonical_url":"https:\/\/candas365.es\/noticias\/el-trabajo-infantil-en-colombia-aumenta-por-los-desplazamientos-forzados\/","robots":"max-image-preview:large","keywords":"actualidad","webmasterTools":{"google-site-verification":"UA-32230408-1","msvalidate.01":"354F3CDFB2DA171B47FBE9ABF1F88D5","miscellaneous":""},"schema":{"@context":"https:\/\/schema.org","@graph":[{"@type":"BreadcrumbList","@id":"https:\/\/candas365.es\/noticias\/el-trabajo-infantil-en-colombia-aumenta-por-los-desplazamientos-forzados\/#breadcrumblist","itemListElement":[{"@type":"ListItem","@id":"https:\/\/candas365.es\/noticias#listItem","position":1,"name":"Home","item":"https:\/\/candas365.es\/noticias","nextItem":{"@type":"ListItem","@id":"https:\/\/candas365.es\/noticias\/category\/actualidad\/#listItem","name":"Actualidad"}},{"@type":"ListItem","@id":"https:\/\/candas365.es\/noticias\/category\/actualidad\/#listItem","position":2,"name":"Actualidad","item":"https:\/\/candas365.es\/noticias\/category\/actualidad\/","nextItem":{"@type":"ListItem","@id":"https:\/\/candas365.es\/noticias\/el-trabajo-infantil-en-colombia-aumenta-por-los-desplazamientos-forzados\/#listItem","name":"El trabajo infantil en Colombia aumenta por los desplazamientos forzados"},"previousItem":{"@type":"ListItem","@id":"https:\/\/candas365.es\/noticias#listItem","name":"Home"}},{"@type":"ListItem","@id":"https:\/\/candas365.es\/noticias\/el-trabajo-infantil-en-colombia-aumenta-por-los-desplazamientos-forzados\/#listItem","position":3,"name":"El trabajo infantil en Colombia aumenta por los desplazamientos forzados","previousItem":{"@type":"ListItem","@id":"https:\/\/candas365.es\/noticias\/category\/actualidad\/#listItem","name":"Actualidad"}}]},{"@type":"NewsArticle","@id":"https:\/\/candas365.es\/noticias\/el-trabajo-infantil-en-colombia-aumenta-por-los-desplazamientos-forzados\/#newsarticle","name":"El trabajo infantil en Colombia aumenta por los desplazamientos forzados | Cand\u00e1s 365","headline":"El trabajo infantil en Colombia aumenta por los desplazamientos forzados","author":{"@id":"https:\/\/candas365.es\/noticias\/author\/admin\/#author"},"publisher":{"@id":"https:\/\/candas365.es\/noticias\/#organization"},"image":{"@type":"ImageObject","url":"https:\/\/candas365.es\/noticias\/wp-content\/uploads\/2016\/10\/El-trabajo-infantil-en-Colombia-aumenta-por-los-desplazamientos-forzados_image_380.jpg","width":569,"height":380},"datePublished":"2016-10-17T21:36:35+02:00","dateModified":"2016-10-17T21:36:35+02:00","inLanguage":"es-ES","mainEntityOfPage":{"@id":"https:\/\/candas365.es\/noticias\/el-trabajo-infantil-en-colombia-aumenta-por-los-desplazamientos-forzados\/#webpage"},"isPartOf":{"@id":"https:\/\/candas365.es\/noticias\/el-trabajo-infantil-en-colombia-aumenta-por-los-desplazamientos-forzados\/#webpage"},"articleSection":"Actualidad","dateline":"Publicado el octubre 17, 2016."},{"@type":"Organization","@id":"https:\/\/candas365.es\/noticias\/#organization","name":"Cand\u00e1s 365","description":"Cand\u00e1s 365 es un diario digital independiente, fundado en 2012, con base en Asturias. Informamos con rigor sobre actualidad, sociedad, cultura y ocio, con una mirada local y global.","url":"https:\/\/candas365.es\/noticias\/","email":"info@candas365.es","telephone":"+34652131393","foundingDate":"2012-06-10","logo":{"@type":"ImageObject","url":"https:\/\/candas365.es\/noticias\/wp-content\/uploads\/2024\/09\/Candas-365-Redes.jpg","@id":"https:\/\/candas365.es\/noticias\/el-trabajo-infantil-en-colombia-aumenta-por-los-desplazamientos-forzados\/#organizationLogo","width":1152,"height":864,"caption":"Cand\u00e1s 365 Redes"},"image":{"@id":"https:\/\/candas365.es\/noticias\/el-trabajo-infantil-en-colombia-aumenta-por-los-desplazamientos-forzados\/#organizationLogo"},"sameAs":["https:\/\/www.facebook.com\/Nachofdezber","https:\/\/x.com\/NabercoDigital","https:\/\/www.instagram.com\/nachofdezber\/","https:\/\/www.youtube.com\/channel\/UCZP-2wLEB9Rv6erhFmqVnvg"],"address":{"@id":"https:\/\/candas365.es\/noticias\/#postaladdress","@type":"PostalAddress","streetAddress":"san antonio 4, san antonio 4","postalCode":"33430","addressLocality":"Cand\u00e1s","addressRegion":"Asturias","addressCountry":"ES"}},{"@type":"Person","@id":"https:\/\/candas365.es\/noticias\/author\/admin\/#author","url":"https:\/\/candas365.es\/noticias\/author\/admin\/","name":"Cand\u00e1s 365","image":{"@type":"ImageObject","@id":"https:\/\/candas365.es\/noticias\/el-trabajo-infantil-en-colombia-aumenta-por-los-desplazamientos-forzados\/#authorImage","url":"https:\/\/secure.gravatar.com\/avatar\/496a8e03d0c493ede1718b7934145dbdf8d89be1036b0eec9544e1094c9de390?s=96&d=mm&r=g","width":96,"height":96,"caption":"Cand\u00e1s 365"},"sameAs":["https:\/\/www.facebook.com\/carrenoactualidad","https:\/\/twitter.com\/nbasturias","https:\/\/www.instagram.com\/nachofdezber\/","https:\/\/www.youtube.com\/channel\/UCZP-2wLEB9Rv6erhFmqVnvg"]},{"@type":"WebPage","@id":"https:\/\/candas365.es\/noticias\/el-trabajo-infantil-en-colombia-aumenta-por-los-desplazamientos-forzados\/#webpage","url":"https:\/\/candas365.es\/noticias\/el-trabajo-infantil-en-colombia-aumenta-por-los-desplazamientos-forzados\/","name":"El trabajo infantil en Colombia aumenta por los desplazamientos forzados | Cand\u00e1s 365","description":"Investigadores espa\u00f1oles y colombianos, bajo la coordinaci\u00f3n del Laboratorio de Redes Personales y Comunidades de la Universidad de Sevilla, han realizado una macroencuesta de un total de 3.259 familias en el Caribe colombiano con ni\u00f1os trabajadores. Los resultados de este trabajo, publicado en la revista Social Indicators Research Series, apuntan a que el trabajo infantil","inLanguage":"es-ES","isPartOf":{"@id":"https:\/\/candas365.es\/noticias\/#website"},"breadcrumb":{"@id":"https:\/\/candas365.es\/noticias\/el-trabajo-infantil-en-colombia-aumenta-por-los-desplazamientos-forzados\/#breadcrumblist"},"author":{"@id":"https:\/\/candas365.es\/noticias\/author\/admin\/#author"},"creator":{"@id":"https:\/\/candas365.es\/noticias\/author\/admin\/#author"},"image":{"@type":"ImageObject","url":"https:\/\/candas365.es\/noticias\/wp-content\/uploads\/2016\/10\/El-trabajo-infantil-en-Colombia-aumenta-por-los-desplazamientos-forzados_image_380.jpg","@id":"https:\/\/candas365.es\/noticias\/el-trabajo-infantil-en-colombia-aumenta-por-los-desplazamientos-forzados\/#mainImage","width":569,"height":380},"primaryImageOfPage":{"@id":"https:\/\/candas365.es\/noticias\/el-trabajo-infantil-en-colombia-aumenta-por-los-desplazamientos-forzados\/#mainImage"},"datePublished":"2016-10-17T21:36:35+02:00","dateModified":"2016-10-17T21:36:35+02:00"},{"@type":"WebSite","@id":"https:\/\/candas365.es\/noticias\/#website","url":"https:\/\/candas365.es\/noticias\/","name":"Cand\u00e1s 365","alternateName":"Cand\u00e1s 365 Noticias","description":"Actualidad desde Carre\u00f1o para el mundo","inLanguage":"es-ES","publisher":{"@id":"https:\/\/candas365.es\/noticias\/#organization"}}]},"og:locale":"es_ES","og:site_name":"Cand\u00e1s 365","og:type":"article","og:title":"El trabajo infantil en Colombia aumenta por los desplazamientos forzados | Cand\u00e1s 365","og:description":"Investigadores espa\u00f1oles y colombianos, bajo la coordinaci\u00f3n del Laboratorio de Redes Personales y Comunidades de la Universidad de Sevilla, han realizado una macroencuesta de un total de 3.259 familias en el Caribe colombiano con ni\u00f1os trabajadores. Los resultados de este trabajo, publicado en la revista Social Indicators Research Series, apuntan a que el trabajo infantil","og:url":"https:\/\/candas365.es\/noticias\/el-trabajo-infantil-en-colombia-aumenta-por-los-desplazamientos-forzados\/","og:image":"https:\/\/candas365.es\/noticias\/wp-content\/uploads\/2016\/10\/El-trabajo-infantil-en-Colombia-aumenta-por-los-desplazamientos-forzados_image_380.jpg","og:image:secure_url":"https:\/\/candas365.es\/noticias\/wp-content\/uploads\/2016\/10\/El-trabajo-infantil-en-Colombia-aumenta-por-los-desplazamientos-forzados_image_380.jpg","og:image:width":569,"og:image:height":380,"article:published_time":"2016-10-17T20:06:35+00:00","article:modified_time":"2016-10-17T20:06:35+00:00","article:publisher":"https:\/\/www.facebook.com\/Nachofdezber","article:author":"https:\/\/www.facebook.com\/carrenoactualidad","twitter:card":"summary_large_image","twitter:site":"@NabercoDigital","twitter:title":"El trabajo infantil en Colombia aumenta por los desplazamientos forzados | Cand\u00e1s 365","twitter:description":"Investigadores espa\u00f1oles y colombianos, bajo la coordinaci\u00f3n del Laboratorio de Redes Personales y Comunidades de la Universidad de Sevilla, han realizado una macroencuesta de un total de 3.259 familias en el Caribe colombiano con ni\u00f1os trabajadores. Los resultados de este trabajo, publicado en la revista Social Indicators Research Series, apuntan a que el trabajo infantil","twitter:creator":"@nbasturias","twitter:image":"https:\/\/candas365.es\/noticias\/wp-content\/uploads\/2016\/10\/El-trabajo-infantil-en-Colombia-aumenta-por-los-desplazamientos-forzados_image_380.jpg","twitter:label1":"Escrito por","twitter:data1":"Cand\u00e1s 365","twitter:label2":"Tiempo de lectura estimado","twitter:data2":"2 minutos"},"aioseo_meta_data":{"post_id":"34159","title":null,"description":null,"keywords":null,"keyphrases":null,"primary_term":null,"canonical_url":null,"og_title":null,"og_description":null,"og_object_type":"default","og_image_type":"default","og_image_url":null,"og_image_width":null,"og_image_height":null,"og_image_custom_url":null,"og_image_custom_fields":null,"og_video":null,"og_custom_url":null,"og_article_section":null,"og_article_tags":null,"twitter_use_og":false,"twitter_card":"default","twitter_image_type":"default","twitter_image_url":null,"twitter_image_custom_url":null,"twitter_image_custom_fields":null,"twitter_title":null,"twitter_description":null,"schema":{"blockGraphs":[],"customGraphs":[],"default":{"data":{"Article":[],"Course":[],"Dataset":[],"FAQPage":[],"Movie":[],"Person":[],"Product":[],"ProductReview":[],"Car":[],"Recipe":[],"Service":[],"SoftwareApplication":[],"WebPage":[]},"graphName":"","isEnabled":true},"graphs":[],"defaultGraph":"","defaultPostTypeGraph":""},"schema_type":null,"schema_type_options":null,"pillar_content":false,"robots_default":true,"robots_noindex":false,"robots_noarchive":false,"robots_nosnippet":false,"robots_nofollow":false,"robots_noimageindex":false,"robots_noodp":false,"robots_notranslate":false,"robots_max_snippet":null,"robots_max_videopreview":null,"robots_max_imagepreview":"large","priority":null,"frequency":null,"location":null,"local_seo":null,"seo_analyzer_scan_date":"2025-08-24 17:26:17","breadcrumb_settings":null,"limit_modified_date":false,"reviewed_by":null,"open_ai":null,"ai":null,"created":"2020-12-21 13:07:46","updated":"2025-08-24 17:26:17"},"aioseo_breadcrumb":"<div class=\"aioseo-breadcrumbs\"><span class=\"aioseo-breadcrumb\">\n\t<a href=\"https:\/\/candas365.es\/noticias\" title=\"Home\">Home<\/a>\n<\/span><span class=\"aioseo-breadcrumb-separator\">&ndash;<\/span><span class=\"aioseo-breadcrumb\">\n\t<a href=\"https:\/\/candas365.es\/noticias\/category\/actualidad\/\" title=\"Actualidad\">Actualidad<\/a>\n<\/span><span class=\"aioseo-breadcrumb-separator\">&ndash;<\/span><span class=\"aioseo-breadcrumb\">\n\tEl trabajo infantil en Colombia aumenta por los desplazamientos forzados\n<\/span><\/div>","aioseo_breadcrumb_json":[{"label":"Home","link":"https:\/\/candas365.es\/noticias"},{"label":"Actualidad","link":"https:\/\/candas365.es\/noticias\/category\/actualidad\/"},{"label":"El trabajo infantil en Colombia aumenta por los desplazamientos forzados","link":"https:\/\/candas365.es\/noticias\/el-trabajo-infantil-en-colombia-aumenta-por-los-desplazamientos-forzados\/"}],"_links":{"self":[{"href":"https:\/\/candas365.es\/noticias\/wp-json\/wp\/v2\/posts\/34159","targetHints":{"allow":["GET"]}}],"collection":[{"href":"https:\/\/candas365.es\/noticias\/wp-json\/wp\/v2\/posts"}],"about":[{"href":"https:\/\/candas365.es\/noticias\/wp-json\/wp\/v2\/types\/post"}],"author":[{"embeddable":true,"href":"https:\/\/candas365.es\/noticias\/wp-json\/wp\/v2\/users\/1"}],"replies":[{"embeddable":true,"href":"https:\/\/candas365.es\/noticias\/wp-json\/wp\/v2\/comments?post=34159"}],"version-history":[{"count":0,"href":"https:\/\/candas365.es\/noticias\/wp-json\/wp\/v2\/posts\/34159\/revisions"}],"wp:featuredmedia":[{"embeddable":true,"href":"https:\/\/candas365.es\/noticias\/wp-json\/wp\/v2\/media\/34160"}],"wp:attachment":[{"href":"https:\/\/candas365.es\/noticias\/wp-json\/wp\/v2\/media?parent=34159"}],"wp:term":[{"taxonomy":"category","embeddable":true,"href":"https:\/\/candas365.es\/noticias\/wp-json\/wp\/v2\/categories?post=34159"},{"taxonomy":"post_tag","embeddable":true,"href":"https:\/\/candas365.es\/noticias\/wp-json\/wp\/v2\/tags?post=34159"}],"curies":[{"name":"wp","href":"https:\/\/api.w.org\/{rel}","templated":true}]}}