{"id":34152,"date":"2016-10-17T20:49:10","date_gmt":"2016-10-17T19:19:10","guid":{"rendered":"http:\/\/candas365.es\/noticias\/?p=34152"},"modified":"2016-10-17T20:49:10","modified_gmt":"2016-10-17T19:19:10","slug":"es-posible-que-se-este-generando-demasiada-energia-renovable","status":"publish","type":"post","link":"https:\/\/candas365.es\/noticias\/es-posible-que-se-este-generando-demasiada-energia-renovable\/","title":{"rendered":"\u00bfEs posible que se est\u00e9 generando demasiada energ\u00eda renovable?"},"content":{"rendered":"<p><img fetchpriority=\"high\" decoding=\"async\" class=\"alignleft size-medium wp-image-14622\" src=\"https:\/\/candas365.es\/noticias\/wp-content\/uploads\/2015\/08\/merkel-360x198.jpg\" alt=\"merkel\" width=\"360\" height=\"198\" srcset=\"https:\/\/candas365.es\/noticias\/wp-content\/uploads\/2015\/08\/merkel-360x198.jpg 360w, https:\/\/candas365.es\/noticias\/wp-content\/uploads\/2015\/08\/merkel-650x357.jpg 650w, https:\/\/candas365.es\/noticias\/wp-content\/uploads\/2015\/08\/merkel-150x82.jpg 150w, https:\/\/candas365.es\/noticias\/wp-content\/uploads\/2015\/08\/merkel-450x247.jpg 450w, https:\/\/candas365.es\/noticias\/wp-content\/uploads\/2015\/08\/merkel.jpg 655w\" sizes=\"(max-width: 360px) 100vw, 360px\" \/>Contra los pron\u00f3sticos m\u00e1s optimistas, las turbinas e\u00f3licas est\u00e1n surgiendo como setas y el precio de la energ\u00eda solar se sit\u00faa ya en m\u00ednimos hist\u00f3ricos. Sin embargo, cada vez m\u00e1s pa\u00edses que hasta ahora lideraban la transici\u00f3n energ\u00e9tica est\u00e1n planeando frenar sus inversiones y proyectos.<\/p>\n<p>Pa\u00edses como Alemania o China tienen tanta energ\u00eda renovable que sencillamente no pueden manejarla. Vivimos tiempos extra\u00f1os, unos tiempos en los que las energ\u00edas renovables est\u00e1n a punto de morir de \u00e9xito.<\/p>\n<p>Problemas en el para\u00edso (verde)<\/p>\n<p>En 2011, Angela Merkel anunci\u00f3 que quer\u00eda cerrar todos los reactores nucleares para el a\u00f1o 2022. Como suele ocurrir con estas cosas, las dudas empezaron a surgir con fuerza. Pero a d\u00eda de hoy, los parques e\u00f3licos del norte generan tanta energ\u00eda que pagar a las empresas para que apaguen sus turbinas se ha convertido en algo habitual.<\/p>\n<p>Como es bien conocido, el mayor problema que tenemos con las energ\u00edas renovables es que a\u00fan no podemos almacenar bien la electricidad. Por eso, en teor\u00eda, las granjas e\u00f3licas del norte de Alemania iban a nutrir los estados industriales del sur. Pero no ha sido as\u00ed: la gran &#8216;autopista energ\u00e9tica&#8217; del pa\u00eds est\u00e1 parada por problemas pol\u00edticos y, todo apunta a que, va a costar muchos millones m\u00e1s de lo previsto.<\/p>\n<p>Por eso, Alemania est\u00e1 tomando medidas para frenar su transici\u00f3n energ\u00e9tica hacia las renovables. Seg\u00fan filtr\u00f3 a principios de semana el S\u00fcddeutsche Zeitung, el gobierno alem\u00e1n pretende reducir sus objetivos de creaci\u00f3n de parques e\u00f3licos en el norte del pa\u00eds porque no saben qu\u00e9 hacer con la energ\u00eda que producen.<\/p>\n<p>Para que nos hagamos una idea: en 2015, el norte de Alemania produjo 4.100 gigavatios hora de m\u00e1s. Es decir, generaron un exceso equivalente a lo necesario para abastecer a 1.2 millones de hogares durante un a\u00f1o. Una descomunal cantidad de energ\u00eda que se dej\u00f3 perder porque no se pod\u00eda llevar donde era necesaria. A esto, hemos de sumarle los casi mil millones de gastos de mantenimiento derivados del excesivo nivel de energ\u00eda que tiene la red.<\/p>\n<p>Pensar en el sistema en su conjunto<\/p>\n<p>Pa\u00edses como India, Australia o China se est\u00e1n encontrando con el mismo problema. En China, sin ir m\u00e1s lejos, la red de turbinas e\u00f3licas tiene que permanecer apagada hasta un 15% del tiempo. Y, en muchas provincias, el crecimiento de la energ\u00eda solar ha hecho que no se pueda consumir ni la mitad de lo que se produce.<\/p>\n<p>Parad\u00f3jicamente, la presi\u00f3n social para construir y desarrollar las energ\u00edas renovables (la inversi\u00f3n en energ\u00eda e\u00f3lica, solar y t\u00e9rmica) est\u00e1n poniendo en peligro toda la red el\u00e9ctrica. Y, de paso, est\u00e1n poniendo en evidencia la pol\u00edtica energ\u00e9tica de medio mundo. Sobre todo, los que se est\u00e1n haciendo &#8216;renovables&#8217; sin pensar que ser verde es algo m\u00e1s que poner en marcha molinos y huertos solares.<\/p>\n<p>En Texas, la infraestructura necesaria para llevar energ\u00eda desde las zonas des\u00e9rticas a las grandes ciudades del sureste ha costado 7 mil millones de d\u00f3lares. Esta es una lecci\u00f3n muy importante: la transici\u00f3n hacia econom\u00edas basadas en energ\u00edas renovables no se puede hacer si no pensamos en el sistema en su conjunto.<\/p>\n<p>Reforzar la red el\u00e9ctrica no es sexy y los recursos necesarios para su renovaci\u00f3n no suelen ser un tema importante en el debate p\u00fablico. Y eso es un problema. Al final, va a ser verdad que lo m\u00e1s importante es invisible a los ojos (y a las c\u00e1maras de los fot\u00f3grafos).<\/p>\n<p><strong><em>La noticia \u00abSi de verdad quieres energ\u00edas renovables, deja de construir molinos y huertos solares\u00bb fue publicada originalmente en Xataka.<\/em><\/strong><\/p>\n","protected":false},"excerpt":{"rendered":"<p>Contra los pron\u00f3sticos m\u00e1s optimistas, las turbinas e\u00f3licas est\u00e1n surgiendo como setas y el precio de la energ\u00eda solar se sit\u00faa ya en m\u00ednimos hist\u00f3ricos. Sin embargo, cada vez m\u00e1s pa\u00edses que hasta ahora lideraban la transici\u00f3n energ\u00e9tica est\u00e1n planeando frenar sus inversiones y proyectos. Pa\u00edses como Alemania o China tienen tanta energ\u00eda renovable que<\/p>\n","protected":false},"author":1,"featured_media":14622,"comment_status":"closed","ping_status":"closed","sticky":false,"template":"","format":"standard","meta":{"footnotes":""},"categories":[343],"tags":[],"class_list":{"0":"post-34152","1":"post","2":"type-post","3":"status-publish","4":"format-standard","5":"has-post-thumbnail","7":"category-actualidad"},"aioseo_notices":[],"aioseo_head":"\n\t\t<!-- All in One SEO Pro 4.9.6.2 - aioseo.com -->\n\t<meta name=\"description\" content=\"Contra los pron\u00f3sticos m\u00e1s optimistas, las turbinas e\u00f3licas est\u00e1n surgiendo como setas y el precio de la energ\u00eda solar se sit\u00faa ya en m\u00ednimos hist\u00f3ricos. Sin embargo, cada vez m\u00e1s pa\u00edses que hasta ahora lideraban la transici\u00f3n energ\u00e9tica est\u00e1n planeando frenar sus inversiones y proyectos. Pa\u00edses como Alemania o China tienen tanta energ\u00eda renovable que\" \/>\n\t<meta name=\"robots\" content=\"max-image-preview:large\" \/>\n\t<meta name=\"author\" content=\"Cand\u00e1s 365\"\/>\n\t<meta name=\"google-site-verification\" content=\"UA-32230408-1\" \/>\n\t<meta name=\"msvalidate.01\" content=\"354F3CDFB2DA171B47FBE9ABF1F88D5\" \/>\n\t<meta name=\"keywords\" content=\"actualidad\" \/>\n\t<link rel=\"canonical\" href=\"https:\/\/candas365.es\/noticias\/es-posible-que-se-este-generando-demasiada-energia-renovable\/\" \/>\n\t<meta name=\"generator\" content=\"All in One SEO Pro (AIOSEO) 4.9.6.2\" \/>\n\t\t<meta property=\"og:locale\" content=\"es_ES\" \/>\n\t\t<meta property=\"og:site_name\" content=\"Cand\u00e1s 365\" \/>\n\t\t<meta property=\"og:type\" content=\"article\" \/>\n\t\t<meta property=\"og:title\" content=\"\u00bfEs posible que se est\u00e9 generando demasiada energ\u00eda renovable? | Cand\u00e1s 365\" \/>\n\t\t<meta property=\"og:description\" content=\"Contra los pron\u00f3sticos m\u00e1s optimistas, las turbinas e\u00f3licas est\u00e1n surgiendo como setas y el precio de la energ\u00eda solar se sit\u00faa ya en m\u00ednimos hist\u00f3ricos. Sin embargo, cada vez m\u00e1s pa\u00edses que hasta ahora lideraban la transici\u00f3n energ\u00e9tica est\u00e1n planeando frenar sus inversiones y proyectos. Pa\u00edses como Alemania o China tienen tanta energ\u00eda renovable que\" \/>\n\t\t<meta property=\"og:url\" content=\"https:\/\/candas365.es\/noticias\/es-posible-que-se-este-generando-demasiada-energia-renovable\/\" \/>\n\t\t<meta property=\"og:image\" content=\"https:\/\/candas365.es\/noticias\/wp-content\/uploads\/2015\/08\/merkel.jpg\" \/>\n\t\t<meta property=\"og:image:secure_url\" content=\"https:\/\/candas365.es\/noticias\/wp-content\/uploads\/2015\/08\/merkel.jpg\" \/>\n\t\t<meta property=\"og:image:width\" content=\"655\" \/>\n\t\t<meta property=\"og:image:height\" content=\"360\" \/>\n\t\t<meta property=\"article:published_time\" content=\"2016-10-17T19:19:10+00:00\" \/>\n\t\t<meta property=\"article:modified_time\" content=\"2016-10-17T19:19:10+00:00\" \/>\n\t\t<meta property=\"article:publisher\" content=\"https:\/\/www.facebook.com\/Nachofdezber\" \/>\n\t\t<meta property=\"article:author\" content=\"https:\/\/www.facebook.com\/carrenoactualidad\" \/>\n\t\t<meta name=\"twitter:card\" content=\"summary_large_image\" \/>\n\t\t<meta name=\"twitter:site\" content=\"@NabercoDigital\" \/>\n\t\t<meta name=\"twitter:title\" content=\"\u00bfEs posible que se est\u00e9 generando demasiada energ\u00eda renovable? | Cand\u00e1s 365\" \/>\n\t\t<meta name=\"twitter:description\" content=\"Contra los pron\u00f3sticos m\u00e1s optimistas, las turbinas e\u00f3licas est\u00e1n surgiendo como setas y el precio de la energ\u00eda solar se sit\u00faa ya en m\u00ednimos hist\u00f3ricos. Sin embargo, cada vez m\u00e1s pa\u00edses que hasta ahora lideraban la transici\u00f3n energ\u00e9tica est\u00e1n planeando frenar sus inversiones y proyectos. Pa\u00edses como Alemania o China tienen tanta energ\u00eda renovable que\" \/>\n\t\t<meta name=\"twitter:creator\" content=\"@nbasturias\" \/>\n\t\t<meta name=\"twitter:image\" content=\"https:\/\/candas365.es\/noticias\/wp-content\/uploads\/2015\/08\/merkel.jpg\" \/>\n\t\t<meta name=\"twitter:label1\" content=\"Escrito por\" \/>\n\t\t<meta name=\"twitter:data1\" content=\"Cand\u00e1s 365\" \/>\n\t\t<meta name=\"twitter:label2\" content=\"Tiempo de lectura estimado\" \/>\n\t\t<meta name=\"twitter:data2\" content=\"3 minutos\" \/>\n\t\t<script type=\"application\/ld+json\" class=\"aioseo-schema\">\n\t\t\t{\"@context\":\"https:\\\/\\\/schema.org\",\"@graph\":[{\"@type\":\"BreadcrumbList\",\"@id\":\"https:\\\/\\\/candas365.es\\\/noticias\\\/es-posible-que-se-este-generando-demasiada-energia-renovable\\\/#breadcrumblist\",\"itemListElement\":[{\"@type\":\"ListItem\",\"@id\":\"https:\\\/\\\/candas365.es\\\/noticias#listItem\",\"position\":1,\"name\":\"Home\",\"item\":\"https:\\\/\\\/candas365.es\\\/noticias\",\"nextItem\":{\"@type\":\"ListItem\",\"@id\":\"https:\\\/\\\/candas365.es\\\/noticias\\\/category\\\/actualidad\\\/#listItem\",\"name\":\"Actualidad\"}},{\"@type\":\"ListItem\",\"@id\":\"https:\\\/\\\/candas365.es\\\/noticias\\\/category\\\/actualidad\\\/#listItem\",\"position\":2,\"name\":\"Actualidad\",\"item\":\"https:\\\/\\\/candas365.es\\\/noticias\\\/category\\\/actualidad\\\/\",\"nextItem\":{\"@type\":\"ListItem\",\"@id\":\"https:\\\/\\\/candas365.es\\\/noticias\\\/es-posible-que-se-este-generando-demasiada-energia-renovable\\\/#listItem\",\"name\":\"\\u00bfEs posible que se est\\u00e9 generando demasiada energ\\u00eda renovable?\"},\"previousItem\":{\"@type\":\"ListItem\",\"@id\":\"https:\\\/\\\/candas365.es\\\/noticias#listItem\",\"name\":\"Home\"}},{\"@type\":\"ListItem\",\"@id\":\"https:\\\/\\\/candas365.es\\\/noticias\\\/es-posible-que-se-este-generando-demasiada-energia-renovable\\\/#listItem\",\"position\":3,\"name\":\"\\u00bfEs posible que se est\\u00e9 generando demasiada energ\\u00eda renovable?\",\"previousItem\":{\"@type\":\"ListItem\",\"@id\":\"https:\\\/\\\/candas365.es\\\/noticias\\\/category\\\/actualidad\\\/#listItem\",\"name\":\"Actualidad\"}}]},{\"@type\":\"NewsArticle\",\"@id\":\"https:\\\/\\\/candas365.es\\\/noticias\\\/es-posible-que-se-este-generando-demasiada-energia-renovable\\\/#newsarticle\",\"name\":\"\\u00bfEs posible que se est\\u00e9 generando demasiada energ\\u00eda renovable? | Cand\\u00e1s 365\",\"headline\":\"\\u00bfEs posible que se est\\u00e9 generando demasiada energ\\u00eda renovable?\",\"author\":{\"@id\":\"https:\\\/\\\/candas365.es\\\/noticias\\\/author\\\/admin\\\/#author\"},\"publisher\":{\"@id\":\"https:\\\/\\\/candas365.es\\\/noticias\\\/#organization\"},\"image\":{\"@type\":\"ImageObject\",\"url\":\"https:\\\/\\\/candas365.es\\\/noticias\\\/wp-content\\\/uploads\\\/2015\\\/08\\\/merkel.jpg\",\"width\":655,\"height\":360},\"datePublished\":\"2016-10-17T20:49:10+02:00\",\"dateModified\":\"2016-10-17T20:49:10+02:00\",\"inLanguage\":\"es-ES\",\"mainEntityOfPage\":{\"@id\":\"https:\\\/\\\/candas365.es\\\/noticias\\\/es-posible-que-se-este-generando-demasiada-energia-renovable\\\/#webpage\"},\"isPartOf\":{\"@id\":\"https:\\\/\\\/candas365.es\\\/noticias\\\/es-posible-que-se-este-generando-demasiada-energia-renovable\\\/#webpage\"},\"articleSection\":\"Actualidad\",\"dateline\":\"Publicado el octubre 17, 2016.\"},{\"@type\":\"Organization\",\"@id\":\"https:\\\/\\\/candas365.es\\\/noticias\\\/#organization\",\"name\":\"Cand\\u00e1s 365\",\"description\":\"Cand\\u00e1s 365 es un diario digital independiente, fundado en 2012, con base en Asturias. Informamos con rigor sobre actualidad, sociedad, cultura y ocio, con una mirada local y global.\",\"url\":\"https:\\\/\\\/candas365.es\\\/noticias\\\/\",\"email\":\"info@candas365.es\",\"telephone\":\"+34652131393\",\"foundingDate\":\"2012-06-10\",\"logo\":{\"@type\":\"ImageObject\",\"url\":\"https:\\\/\\\/candas365.es\\\/noticias\\\/wp-content\\\/uploads\\\/2024\\\/09\\\/Candas-365-Redes.jpg\",\"@id\":\"https:\\\/\\\/candas365.es\\\/noticias\\\/es-posible-que-se-este-generando-demasiada-energia-renovable\\\/#organizationLogo\",\"width\":1152,\"height\":864,\"caption\":\"Cand\\u00e1s 365 Redes\"},\"image\":{\"@id\":\"https:\\\/\\\/candas365.es\\\/noticias\\\/es-posible-que-se-este-generando-demasiada-energia-renovable\\\/#organizationLogo\"},\"sameAs\":[\"https:\\\/\\\/www.facebook.com\\\/Nachofdezber\",\"https:\\\/\\\/x.com\\\/NabercoDigital\",\"https:\\\/\\\/www.instagram.com\\\/nachofdezber\\\/\",\"https:\\\/\\\/www.youtube.com\\\/channel\\\/UCZP-2wLEB9Rv6erhFmqVnvg\"],\"address\":{\"@id\":\"https:\\\/\\\/candas365.es\\\/noticias\\\/#postaladdress\",\"@type\":\"PostalAddress\",\"streetAddress\":\"san antonio 4, san antonio 4\",\"postalCode\":\"33430\",\"addressLocality\":\"Cand\\u00e1s\",\"addressRegion\":\"Asturias\",\"addressCountry\":\"ES\"}},{\"@type\":\"Person\",\"@id\":\"https:\\\/\\\/candas365.es\\\/noticias\\\/author\\\/admin\\\/#author\",\"url\":\"https:\\\/\\\/candas365.es\\\/noticias\\\/author\\\/admin\\\/\",\"name\":\"Cand\\u00e1s 365\",\"image\":{\"@type\":\"ImageObject\",\"@id\":\"https:\\\/\\\/candas365.es\\\/noticias\\\/es-posible-que-se-este-generando-demasiada-energia-renovable\\\/#authorImage\",\"url\":\"https:\\\/\\\/secure.gravatar.com\\\/avatar\\\/496a8e03d0c493ede1718b7934145dbdf8d89be1036b0eec9544e1094c9de390?s=96&d=mm&r=g\",\"width\":96,\"height\":96,\"caption\":\"Cand\\u00e1s 365\"},\"sameAs\":[\"https:\\\/\\\/www.facebook.com\\\/carrenoactualidad\",\"https:\\\/\\\/twitter.com\\\/nbasturias\",\"https:\\\/\\\/www.instagram.com\\\/nachofdezber\\\/\",\"https:\\\/\\\/www.youtube.com\\\/channel\\\/UCZP-2wLEB9Rv6erhFmqVnvg\"]},{\"@type\":\"WebPage\",\"@id\":\"https:\\\/\\\/candas365.es\\\/noticias\\\/es-posible-que-se-este-generando-demasiada-energia-renovable\\\/#webpage\",\"url\":\"https:\\\/\\\/candas365.es\\\/noticias\\\/es-posible-que-se-este-generando-demasiada-energia-renovable\\\/\",\"name\":\"\\u00bfEs posible que se est\\u00e9 generando demasiada energ\\u00eda renovable? | Cand\\u00e1s 365\",\"description\":\"Contra los pron\\u00f3sticos m\\u00e1s optimistas, las turbinas e\\u00f3licas est\\u00e1n surgiendo como setas y el precio de la energ\\u00eda solar se sit\\u00faa ya en m\\u00ednimos hist\\u00f3ricos. Sin embargo, cada vez m\\u00e1s pa\\u00edses que hasta ahora lideraban la transici\\u00f3n energ\\u00e9tica est\\u00e1n planeando frenar sus inversiones y proyectos. Pa\\u00edses como Alemania o China tienen tanta energ\\u00eda renovable que\",\"inLanguage\":\"es-ES\",\"isPartOf\":{\"@id\":\"https:\\\/\\\/candas365.es\\\/noticias\\\/#website\"},\"breadcrumb\":{\"@id\":\"https:\\\/\\\/candas365.es\\\/noticias\\\/es-posible-que-se-este-generando-demasiada-energia-renovable\\\/#breadcrumblist\"},\"author\":{\"@id\":\"https:\\\/\\\/candas365.es\\\/noticias\\\/author\\\/admin\\\/#author\"},\"creator\":{\"@id\":\"https:\\\/\\\/candas365.es\\\/noticias\\\/author\\\/admin\\\/#author\"},\"image\":{\"@type\":\"ImageObject\",\"url\":\"https:\\\/\\\/candas365.es\\\/noticias\\\/wp-content\\\/uploads\\\/2015\\\/08\\\/merkel.jpg\",\"@id\":\"https:\\\/\\\/candas365.es\\\/noticias\\\/es-posible-que-se-este-generando-demasiada-energia-renovable\\\/#mainImage\",\"width\":655,\"height\":360},\"primaryImageOfPage\":{\"@id\":\"https:\\\/\\\/candas365.es\\\/noticias\\\/es-posible-que-se-este-generando-demasiada-energia-renovable\\\/#mainImage\"},\"datePublished\":\"2016-10-17T20:49:10+02:00\",\"dateModified\":\"2016-10-17T20:49:10+02:00\"},{\"@type\":\"WebSite\",\"@id\":\"https:\\\/\\\/candas365.es\\\/noticias\\\/#website\",\"url\":\"https:\\\/\\\/candas365.es\\\/noticias\\\/\",\"name\":\"Cand\\u00e1s 365\",\"alternateName\":\"Cand\\u00e1s 365 Noticias\",\"description\":\"Actualidad desde Carre\\u00f1o para el mundo\",\"inLanguage\":\"es-ES\",\"publisher\":{\"@id\":\"https:\\\/\\\/candas365.es\\\/noticias\\\/#organization\"}}]}\n\t\t<\/script>\n\t\t<!-- All in One SEO Pro -->\r\n\t\t<title>\u00bfEs posible que se est\u00e9 generando demasiada energ\u00eda renovable? | Cand\u00e1s 365<\/title>\n\n","aioseo_head_json":{"title":"\u00bfEs posible que se est\u00e9 generando demasiada energ\u00eda renovable? | Cand\u00e1s 365","description":"Contra los pron\u00f3sticos m\u00e1s optimistas, las turbinas e\u00f3licas est\u00e1n surgiendo como setas y el precio de la energ\u00eda solar se sit\u00faa ya en m\u00ednimos hist\u00f3ricos. Sin embargo, cada vez m\u00e1s pa\u00edses que hasta ahora lideraban la transici\u00f3n energ\u00e9tica est\u00e1n planeando frenar sus inversiones y proyectos. Pa\u00edses como Alemania o China tienen tanta energ\u00eda renovable que","canonical_url":"https:\/\/candas365.es\/noticias\/es-posible-que-se-este-generando-demasiada-energia-renovable\/","robots":"max-image-preview:large","keywords":"actualidad","webmasterTools":{"google-site-verification":"UA-32230408-1","msvalidate.01":"354F3CDFB2DA171B47FBE9ABF1F88D5","miscellaneous":""},"schema":{"@context":"https:\/\/schema.org","@graph":[{"@type":"BreadcrumbList","@id":"https:\/\/candas365.es\/noticias\/es-posible-que-se-este-generando-demasiada-energia-renovable\/#breadcrumblist","itemListElement":[{"@type":"ListItem","@id":"https:\/\/candas365.es\/noticias#listItem","position":1,"name":"Home","item":"https:\/\/candas365.es\/noticias","nextItem":{"@type":"ListItem","@id":"https:\/\/candas365.es\/noticias\/category\/actualidad\/#listItem","name":"Actualidad"}},{"@type":"ListItem","@id":"https:\/\/candas365.es\/noticias\/category\/actualidad\/#listItem","position":2,"name":"Actualidad","item":"https:\/\/candas365.es\/noticias\/category\/actualidad\/","nextItem":{"@type":"ListItem","@id":"https:\/\/candas365.es\/noticias\/es-posible-que-se-este-generando-demasiada-energia-renovable\/#listItem","name":"\u00bfEs posible que se est\u00e9 generando demasiada energ\u00eda renovable?"},"previousItem":{"@type":"ListItem","@id":"https:\/\/candas365.es\/noticias#listItem","name":"Home"}},{"@type":"ListItem","@id":"https:\/\/candas365.es\/noticias\/es-posible-que-se-este-generando-demasiada-energia-renovable\/#listItem","position":3,"name":"\u00bfEs posible que se est\u00e9 generando demasiada energ\u00eda renovable?","previousItem":{"@type":"ListItem","@id":"https:\/\/candas365.es\/noticias\/category\/actualidad\/#listItem","name":"Actualidad"}}]},{"@type":"NewsArticle","@id":"https:\/\/candas365.es\/noticias\/es-posible-que-se-este-generando-demasiada-energia-renovable\/#newsarticle","name":"\u00bfEs posible que se est\u00e9 generando demasiada energ\u00eda renovable? | Cand\u00e1s 365","headline":"\u00bfEs posible que se est\u00e9 generando demasiada energ\u00eda renovable?","author":{"@id":"https:\/\/candas365.es\/noticias\/author\/admin\/#author"},"publisher":{"@id":"https:\/\/candas365.es\/noticias\/#organization"},"image":{"@type":"ImageObject","url":"https:\/\/candas365.es\/noticias\/wp-content\/uploads\/2015\/08\/merkel.jpg","width":655,"height":360},"datePublished":"2016-10-17T20:49:10+02:00","dateModified":"2016-10-17T20:49:10+02:00","inLanguage":"es-ES","mainEntityOfPage":{"@id":"https:\/\/candas365.es\/noticias\/es-posible-que-se-este-generando-demasiada-energia-renovable\/#webpage"},"isPartOf":{"@id":"https:\/\/candas365.es\/noticias\/es-posible-que-se-este-generando-demasiada-energia-renovable\/#webpage"},"articleSection":"Actualidad","dateline":"Publicado el octubre 17, 2016."},{"@type":"Organization","@id":"https:\/\/candas365.es\/noticias\/#organization","name":"Cand\u00e1s 365","description":"Cand\u00e1s 365 es un diario digital independiente, fundado en 2012, con base en Asturias. Informamos con rigor sobre actualidad, sociedad, cultura y ocio, con una mirada local y global.","url":"https:\/\/candas365.es\/noticias\/","email":"info@candas365.es","telephone":"+34652131393","foundingDate":"2012-06-10","logo":{"@type":"ImageObject","url":"https:\/\/candas365.es\/noticias\/wp-content\/uploads\/2024\/09\/Candas-365-Redes.jpg","@id":"https:\/\/candas365.es\/noticias\/es-posible-que-se-este-generando-demasiada-energia-renovable\/#organizationLogo","width":1152,"height":864,"caption":"Cand\u00e1s 365 Redes"},"image":{"@id":"https:\/\/candas365.es\/noticias\/es-posible-que-se-este-generando-demasiada-energia-renovable\/#organizationLogo"},"sameAs":["https:\/\/www.facebook.com\/Nachofdezber","https:\/\/x.com\/NabercoDigital","https:\/\/www.instagram.com\/nachofdezber\/","https:\/\/www.youtube.com\/channel\/UCZP-2wLEB9Rv6erhFmqVnvg"],"address":{"@id":"https:\/\/candas365.es\/noticias\/#postaladdress","@type":"PostalAddress","streetAddress":"san antonio 4, san antonio 4","postalCode":"33430","addressLocality":"Cand\u00e1s","addressRegion":"Asturias","addressCountry":"ES"}},{"@type":"Person","@id":"https:\/\/candas365.es\/noticias\/author\/admin\/#author","url":"https:\/\/candas365.es\/noticias\/author\/admin\/","name":"Cand\u00e1s 365","image":{"@type":"ImageObject","@id":"https:\/\/candas365.es\/noticias\/es-posible-que-se-este-generando-demasiada-energia-renovable\/#authorImage","url":"https:\/\/secure.gravatar.com\/avatar\/496a8e03d0c493ede1718b7934145dbdf8d89be1036b0eec9544e1094c9de390?s=96&d=mm&r=g","width":96,"height":96,"caption":"Cand\u00e1s 365"},"sameAs":["https:\/\/www.facebook.com\/carrenoactualidad","https:\/\/twitter.com\/nbasturias","https:\/\/www.instagram.com\/nachofdezber\/","https:\/\/www.youtube.com\/channel\/UCZP-2wLEB9Rv6erhFmqVnvg"]},{"@type":"WebPage","@id":"https:\/\/candas365.es\/noticias\/es-posible-que-se-este-generando-demasiada-energia-renovable\/#webpage","url":"https:\/\/candas365.es\/noticias\/es-posible-que-se-este-generando-demasiada-energia-renovable\/","name":"\u00bfEs posible que se est\u00e9 generando demasiada energ\u00eda renovable? | Cand\u00e1s 365","description":"Contra los pron\u00f3sticos m\u00e1s optimistas, las turbinas e\u00f3licas est\u00e1n surgiendo como setas y el precio de la energ\u00eda solar se sit\u00faa ya en m\u00ednimos hist\u00f3ricos. Sin embargo, cada vez m\u00e1s pa\u00edses que hasta ahora lideraban la transici\u00f3n energ\u00e9tica est\u00e1n planeando frenar sus inversiones y proyectos. Pa\u00edses como Alemania o China tienen tanta energ\u00eda renovable que","inLanguage":"es-ES","isPartOf":{"@id":"https:\/\/candas365.es\/noticias\/#website"},"breadcrumb":{"@id":"https:\/\/candas365.es\/noticias\/es-posible-que-se-este-generando-demasiada-energia-renovable\/#breadcrumblist"},"author":{"@id":"https:\/\/candas365.es\/noticias\/author\/admin\/#author"},"creator":{"@id":"https:\/\/candas365.es\/noticias\/author\/admin\/#author"},"image":{"@type":"ImageObject","url":"https:\/\/candas365.es\/noticias\/wp-content\/uploads\/2015\/08\/merkel.jpg","@id":"https:\/\/candas365.es\/noticias\/es-posible-que-se-este-generando-demasiada-energia-renovable\/#mainImage","width":655,"height":360},"primaryImageOfPage":{"@id":"https:\/\/candas365.es\/noticias\/es-posible-que-se-este-generando-demasiada-energia-renovable\/#mainImage"},"datePublished":"2016-10-17T20:49:10+02:00","dateModified":"2016-10-17T20:49:10+02:00"},{"@type":"WebSite","@id":"https:\/\/candas365.es\/noticias\/#website","url":"https:\/\/candas365.es\/noticias\/","name":"Cand\u00e1s 365","alternateName":"Cand\u00e1s 365 Noticias","description":"Actualidad desde Carre\u00f1o para el mundo","inLanguage":"es-ES","publisher":{"@id":"https:\/\/candas365.es\/noticias\/#organization"}}]},"og:locale":"es_ES","og:site_name":"Cand\u00e1s 365","og:type":"article","og:title":"\u00bfEs posible que se est\u00e9 generando demasiada energ\u00eda renovable? | Cand\u00e1s 365","og:description":"Contra los pron\u00f3sticos m\u00e1s optimistas, las turbinas e\u00f3licas est\u00e1n surgiendo como setas y el precio de la energ\u00eda solar se sit\u00faa ya en m\u00ednimos hist\u00f3ricos. Sin embargo, cada vez m\u00e1s pa\u00edses que hasta ahora lideraban la transici\u00f3n energ\u00e9tica est\u00e1n planeando frenar sus inversiones y proyectos. Pa\u00edses como Alemania o China tienen tanta energ\u00eda renovable que","og:url":"https:\/\/candas365.es\/noticias\/es-posible-que-se-este-generando-demasiada-energia-renovable\/","og:image":"https:\/\/candas365.es\/noticias\/wp-content\/uploads\/2015\/08\/merkel.jpg","og:image:secure_url":"https:\/\/candas365.es\/noticias\/wp-content\/uploads\/2015\/08\/merkel.jpg","og:image:width":655,"og:image:height":360,"article:published_time":"2016-10-17T19:19:10+00:00","article:modified_time":"2016-10-17T19:19:10+00:00","article:publisher":"https:\/\/www.facebook.com\/Nachofdezber","article:author":"https:\/\/www.facebook.com\/carrenoactualidad","twitter:card":"summary_large_image","twitter:site":"@NabercoDigital","twitter:title":"\u00bfEs posible que se est\u00e9 generando demasiada energ\u00eda renovable? | Cand\u00e1s 365","twitter:description":"Contra los pron\u00f3sticos m\u00e1s optimistas, las turbinas e\u00f3licas est\u00e1n surgiendo como setas y el precio de la energ\u00eda solar se sit\u00faa ya en m\u00ednimos hist\u00f3ricos. Sin embargo, cada vez m\u00e1s pa\u00edses que hasta ahora lideraban la transici\u00f3n energ\u00e9tica est\u00e1n planeando frenar sus inversiones y proyectos. Pa\u00edses como Alemania o China tienen tanta energ\u00eda renovable que","twitter:creator":"@nbasturias","twitter:image":"https:\/\/candas365.es\/noticias\/wp-content\/uploads\/2015\/08\/merkel.jpg","twitter:label1":"Escrito por","twitter:data1":"Cand\u00e1s 365","twitter:label2":"Tiempo de lectura estimado","twitter:data2":"3 minutos"},"aioseo_meta_data":{"post_id":"34152","title":null,"description":null,"keywords":null,"keyphrases":null,"primary_term":null,"canonical_url":null,"og_title":null,"og_description":null,"og_object_type":"default","og_image_type":"default","og_image_url":null,"og_image_width":null,"og_image_height":null,"og_image_custom_url":null,"og_image_custom_fields":null,"og_video":null,"og_custom_url":null,"og_article_section":null,"og_article_tags":null,"twitter_use_og":false,"twitter_card":"default","twitter_image_type":"default","twitter_image_url":null,"twitter_image_custom_url":null,"twitter_image_custom_fields":null,"twitter_title":null,"twitter_description":null,"schema":{"blockGraphs":[],"customGraphs":[],"default":{"data":{"Article":[],"Course":[],"Dataset":[],"FAQPage":[],"Movie":[],"Person":[],"Product":[],"ProductReview":[],"Car":[],"Recipe":[],"Service":[],"SoftwareApplication":[],"WebPage":[]},"graphName":"","isEnabled":true},"graphs":[],"defaultGraph":"","defaultPostTypeGraph":""},"schema_type":null,"schema_type_options":null,"pillar_content":false,"robots_default":true,"robots_noindex":false,"robots_noarchive":false,"robots_nosnippet":false,"robots_nofollow":false,"robots_noimageindex":false,"robots_noodp":false,"robots_notranslate":false,"robots_max_snippet":null,"robots_max_videopreview":null,"robots_max_imagepreview":"large","priority":null,"frequency":null,"location":null,"local_seo":null,"seo_analyzer_scan_date":"2025-08-24 17:26:14","breadcrumb_settings":null,"limit_modified_date":false,"reviewed_by":null,"open_ai":null,"ai":null,"created":"2020-12-21 13:07:46","updated":"2025-08-24 17:26:14"},"aioseo_breadcrumb":"<div class=\"aioseo-breadcrumbs\"><span class=\"aioseo-breadcrumb\">\n\t<a href=\"https:\/\/candas365.es\/noticias\" title=\"Home\">Home<\/a>\n<\/span><span class=\"aioseo-breadcrumb-separator\">&ndash;<\/span><span class=\"aioseo-breadcrumb\">\n\t<a href=\"https:\/\/candas365.es\/noticias\/category\/actualidad\/\" title=\"Actualidad\">Actualidad<\/a>\n<\/span><span class=\"aioseo-breadcrumb-separator\">&ndash;<\/span><span class=\"aioseo-breadcrumb\">\n\t\u00bfEs posible que se est\u00e9 generando demasiada energ\u00eda renovable?\n<\/span><\/div>","aioseo_breadcrumb_json":[{"label":"Home","link":"https:\/\/candas365.es\/noticias"},{"label":"Actualidad","link":"https:\/\/candas365.es\/noticias\/category\/actualidad\/"},{"label":"\u00bfEs posible que se est\u00e9 generando demasiada energ\u00eda renovable?","link":"https:\/\/candas365.es\/noticias\/es-posible-que-se-este-generando-demasiada-energia-renovable\/"}],"_links":{"self":[{"href":"https:\/\/candas365.es\/noticias\/wp-json\/wp\/v2\/posts\/34152","targetHints":{"allow":["GET"]}}],"collection":[{"href":"https:\/\/candas365.es\/noticias\/wp-json\/wp\/v2\/posts"}],"about":[{"href":"https:\/\/candas365.es\/noticias\/wp-json\/wp\/v2\/types\/post"}],"author":[{"embeddable":true,"href":"https:\/\/candas365.es\/noticias\/wp-json\/wp\/v2\/users\/1"}],"replies":[{"embeddable":true,"href":"https:\/\/candas365.es\/noticias\/wp-json\/wp\/v2\/comments?post=34152"}],"version-history":[{"count":0,"href":"https:\/\/candas365.es\/noticias\/wp-json\/wp\/v2\/posts\/34152\/revisions"}],"wp:featuredmedia":[{"embeddable":true,"href":"https:\/\/candas365.es\/noticias\/wp-json\/wp\/v2\/media\/14622"}],"wp:attachment":[{"href":"https:\/\/candas365.es\/noticias\/wp-json\/wp\/v2\/media?parent=34152"}],"wp:term":[{"taxonomy":"category","embeddable":true,"href":"https:\/\/candas365.es\/noticias\/wp-json\/wp\/v2\/categories?post=34152"},{"taxonomy":"post_tag","embeddable":true,"href":"https:\/\/candas365.es\/noticias\/wp-json\/wp\/v2\/tags?post=34152"}],"curies":[{"name":"wp","href":"https:\/\/api.w.org\/{rel}","templated":true}]}}