{"id":34146,"date":"2016-10-17T20:45:18","date_gmt":"2016-10-17T19:15:18","guid":{"rendered":"http:\/\/candas365.es\/noticias\/?p=34146"},"modified":"2016-10-17T20:45:18","modified_gmt":"2016-10-17T19:15:18","slug":"tesla-rechaza-las-criticas-de-alemania-a-su-piloto-automatico","status":"publish","type":"post","link":"https:\/\/candas365.es\/noticias\/tesla-rechaza-las-criticas-de-alemania-a-su-piloto-automatico\/","title":{"rendered":"Tesla rechaza las cr\u00edticas de Alemania a su \u00abpiloto autom\u00e1tico\u00bb"},"content":{"rendered":"<p><img fetchpriority=\"high\" decoding=\"async\" class=\"alignleft size-medium wp-image-11776\" src=\"https:\/\/candas365.es\/noticias\/wp-content\/uploads\/2015\/06\/carretera-360x198.jpg\" alt=\"carretera\" width=\"360\" height=\"198\" srcset=\"https:\/\/candas365.es\/noticias\/wp-content\/uploads\/2015\/06\/carretera-360x198.jpg 360w, https:\/\/candas365.es\/noticias\/wp-content\/uploads\/2015\/06\/carretera-650x357.jpg 650w, https:\/\/candas365.es\/noticias\/wp-content\/uploads\/2015\/06\/carretera-150x82.jpg 150w, https:\/\/candas365.es\/noticias\/wp-content\/uploads\/2015\/06\/carretera-450x247.jpg 450w, https:\/\/candas365.es\/noticias\/wp-content\/uploads\/2015\/06\/carretera.jpg 655w\" sizes=\"(max-width: 360px) 100vw, 360px\" \/>Berl\u00edn, 17 oct (dpa) &#8211; El fabricante de autom\u00f3viles el\u00e9ctricos estadounidense Tesla rechaz\u00f3 hoy las cr\u00edticas de los organismos alemanes al nombre de \u00abpiloto autom\u00e1tico\u00bb para designar su sistema de asistencia durante la conducci\u00f3n, que desde Alemania califican de \u00abenga\u00f1oso\u00bb.<\/p>\n<p>\u00abTenemos una gran confianza con nuestros clientes alemanes y ninguno de ellos nos ha informado de que haya malentendido el significado\u00bb, afirm\u00f3 la empresa en respuesta a la carta dada a conocer el fin de semana por la Oficina Federal de Veh\u00edculos Motorizados (KBA, por sus siglas en alem\u00e1n).<\/p>\n<p>En el escrito, Tesla asegur\u00f3 tambi\u00e9n estar preparado para llevar a cabo una encuesta sobre el t\u00e9rmino entre los usuarios para acabar con el conflicto.<\/p>\n<p>\u00abPara evitar malentendidos y falsas expectativas de los clientes, reclamamos que dejen de emplear el enga\u00f1oso t\u00e9rmino de piloto autom\u00e1tico para promocionar el sistema\u00bb, escribi\u00f3 la KBA a Tesla.<\/p>\n<p>Anteriormente, la KBA ya advirti\u00f3 a todos los conductores de Tesla no perder de vista el tr\u00e1fico durante el empleo del sistema de asistencia.<\/p>\n<p>\u00abEl llamado piloto autom\u00e1tico de su veh\u00edculo se trata en realidad de un simple sistema de asistencia en la conducci\u00f3n y no de un autom\u00f3vil aut\u00f3nomo que pueda ser dirigido sin la atenci\u00f3n permanente del conductor\u00bb, alertaron en una carta a todos los conductores.<\/p>\n<p>El sistema de Tesla puede -igual que la t\u00e9cnica de otros fabricantes- mantener la direcci\u00f3n y la distancia con respecto al veh\u00edculo de delante.<\/p>\n<p>El \u00abpiloto autom\u00e1tico\u00bb de Tesla acapar\u00f3 titulares en todo el mundo despu\u00e9s de que a principios de mayo un Tesla que iba con el \u00abpiloto autom\u00e1tico\u00bb se empotrara contra el tr\u00e1iler de un cami\u00f3n que estaba cruzando una carretera en Florida. Tesla explic\u00f3 que el sistema pens\u00f3 que el tr\u00e1iler blanco era un cartel elevado de la autopista y por eso no lo evit\u00f3.<\/p>\n<p>En Estados Unidos, la organizaci\u00f3n \u00abConsumer Reports\u00bb critic\u00f3 que el nombre de \u00abpiloto autom\u00e1tico\u00bb ofrece a los conductores una falsa sensaci\u00f3n de seguridad.<\/p>\n<p>Telsa indic\u00f3 siempre que el \u00abpiloto autom\u00e1tico\u00bb del veh\u00edculo no lo convierte en un coche aut\u00f3nomo y que los conductores deben permanecer siempre alertos y con las manos en el volante.<\/p>\n","protected":false},"excerpt":{"rendered":"<p>Berl\u00edn, 17 oct (dpa) &#8211; El fabricante de autom\u00f3viles el\u00e9ctricos estadounidense Tesla rechaz\u00f3 hoy las cr\u00edticas de los organismos alemanes al nombre de \u00abpiloto autom\u00e1tico\u00bb para designar su sistema de asistencia durante la conducci\u00f3n, que desde Alemania califican de \u00abenga\u00f1oso\u00bb. \u00abTenemos una gran confianza con nuestros clientes alemanes y ninguno de ellos nos ha informado<\/p>\n","protected":false},"author":1,"featured_media":11776,"comment_status":"closed","ping_status":"closed","sticky":false,"template":"","format":"standard","meta":{"footnotes":""},"categories":[343],"tags":[],"class_list":{"0":"post-34146","1":"post","2":"type-post","3":"status-publish","4":"format-standard","5":"has-post-thumbnail","7":"category-actualidad"},"aioseo_notices":[],"aioseo_head":"\n\t\t<!-- All in One SEO Pro 4.9.6.2 - aioseo.com -->\n\t<meta name=\"description\" content=\"Berl\u00edn, 17 oct (dpa) - El fabricante de autom\u00f3viles el\u00e9ctricos estadounidense Tesla rechaz\u00f3 hoy las cr\u00edticas de los organismos alemanes al nombre de &quot;piloto autom\u00e1tico&quot; para designar su sistema de asistencia durante la conducci\u00f3n, que desde Alemania califican de &quot;enga\u00f1oso&quot;. &quot;Tenemos una gran confianza con nuestros clientes alemanes y ninguno de ellos nos ha informado\" \/>\n\t<meta name=\"robots\" content=\"max-image-preview:large\" \/>\n\t<meta name=\"author\" content=\"Cand\u00e1s 365\"\/>\n\t<meta name=\"google-site-verification\" content=\"UA-32230408-1\" \/>\n\t<meta name=\"msvalidate.01\" content=\"354F3CDFB2DA171B47FBE9ABF1F88D5\" \/>\n\t<meta name=\"keywords\" content=\"actualidad\" \/>\n\t<link rel=\"canonical\" href=\"https:\/\/candas365.es\/noticias\/tesla-rechaza-las-criticas-de-alemania-a-su-piloto-automatico\/\" \/>\n\t<meta name=\"generator\" content=\"All in One SEO Pro (AIOSEO) 4.9.6.2\" \/>\n\t\t<meta property=\"og:locale\" content=\"es_ES\" \/>\n\t\t<meta property=\"og:site_name\" content=\"Cand\u00e1s 365\" \/>\n\t\t<meta property=\"og:type\" content=\"article\" \/>\n\t\t<meta property=\"og:title\" content=\"Tesla rechaza las cr\u00edticas de Alemania a su \u00abpiloto autom\u00e1tico\u00bb | Cand\u00e1s 365\" \/>\n\t\t<meta property=\"og:description\" content=\"Berl\u00edn, 17 oct (dpa) - El fabricante de autom\u00f3viles el\u00e9ctricos estadounidense Tesla rechaz\u00f3 hoy las cr\u00edticas de los organismos alemanes al nombre de &quot;piloto autom\u00e1tico&quot; para designar su sistema de asistencia durante la conducci\u00f3n, que desde Alemania califican de &quot;enga\u00f1oso&quot;. &quot;Tenemos una gran confianza con nuestros clientes alemanes y ninguno de ellos nos ha informado\" \/>\n\t\t<meta property=\"og:url\" content=\"https:\/\/candas365.es\/noticias\/tesla-rechaza-las-criticas-de-alemania-a-su-piloto-automatico\/\" \/>\n\t\t<meta property=\"og:image\" content=\"https:\/\/candas365.es\/noticias\/wp-content\/uploads\/2015\/06\/carretera.jpg\" \/>\n\t\t<meta property=\"og:image:secure_url\" content=\"https:\/\/candas365.es\/noticias\/wp-content\/uploads\/2015\/06\/carretera.jpg\" \/>\n\t\t<meta property=\"og:image:width\" content=\"655\" \/>\n\t\t<meta property=\"og:image:height\" content=\"360\" \/>\n\t\t<meta property=\"article:published_time\" content=\"2016-10-17T19:15:18+00:00\" \/>\n\t\t<meta property=\"article:modified_time\" content=\"2016-10-17T19:15:18+00:00\" \/>\n\t\t<meta property=\"article:publisher\" content=\"https:\/\/www.facebook.com\/Nachofdezber\" \/>\n\t\t<meta property=\"article:author\" content=\"https:\/\/www.facebook.com\/carrenoactualidad\" \/>\n\t\t<meta name=\"twitter:card\" content=\"summary_large_image\" \/>\n\t\t<meta name=\"twitter:site\" content=\"@NabercoDigital\" \/>\n\t\t<meta name=\"twitter:title\" content=\"Tesla rechaza las cr\u00edticas de Alemania a su \u00abpiloto autom\u00e1tico\u00bb | Cand\u00e1s 365\" \/>\n\t\t<meta name=\"twitter:description\" content=\"Berl\u00edn, 17 oct (dpa) - El fabricante de autom\u00f3viles el\u00e9ctricos estadounidense Tesla rechaz\u00f3 hoy las cr\u00edticas de los organismos alemanes al nombre de &quot;piloto autom\u00e1tico&quot; para designar su sistema de asistencia durante la conducci\u00f3n, que desde Alemania califican de &quot;enga\u00f1oso&quot;. &quot;Tenemos una gran confianza con nuestros clientes alemanes y ninguno de ellos nos ha informado\" \/>\n\t\t<meta name=\"twitter:creator\" content=\"@nbasturias\" \/>\n\t\t<meta name=\"twitter:image\" content=\"https:\/\/candas365.es\/noticias\/wp-content\/uploads\/2015\/06\/carretera.jpg\" \/>\n\t\t<meta name=\"twitter:label1\" content=\"Escrito por\" \/>\n\t\t<meta name=\"twitter:data1\" content=\"Cand\u00e1s 365\" \/>\n\t\t<meta name=\"twitter:label2\" content=\"Tiempo de lectura estimado\" \/>\n\t\t<meta name=\"twitter:data2\" content=\"2 minutos\" \/>\n\t\t<script type=\"application\/ld+json\" class=\"aioseo-schema\">\n\t\t\t{\"@context\":\"https:\\\/\\\/schema.org\",\"@graph\":[{\"@type\":\"BreadcrumbList\",\"@id\":\"https:\\\/\\\/candas365.es\\\/noticias\\\/tesla-rechaza-las-criticas-de-alemania-a-su-piloto-automatico\\\/#breadcrumblist\",\"itemListElement\":[{\"@type\":\"ListItem\",\"@id\":\"https:\\\/\\\/candas365.es\\\/noticias#listItem\",\"position\":1,\"name\":\"Home\",\"item\":\"https:\\\/\\\/candas365.es\\\/noticias\",\"nextItem\":{\"@type\":\"ListItem\",\"@id\":\"https:\\\/\\\/candas365.es\\\/noticias\\\/category\\\/actualidad\\\/#listItem\",\"name\":\"Actualidad\"}},{\"@type\":\"ListItem\",\"@id\":\"https:\\\/\\\/candas365.es\\\/noticias\\\/category\\\/actualidad\\\/#listItem\",\"position\":2,\"name\":\"Actualidad\",\"item\":\"https:\\\/\\\/candas365.es\\\/noticias\\\/category\\\/actualidad\\\/\",\"nextItem\":{\"@type\":\"ListItem\",\"@id\":\"https:\\\/\\\/candas365.es\\\/noticias\\\/tesla-rechaza-las-criticas-de-alemania-a-su-piloto-automatico\\\/#listItem\",\"name\":\"Tesla rechaza las cr\\u00edticas de Alemania a su \\u00abpiloto autom\\u00e1tico\\u00bb\"},\"previousItem\":{\"@type\":\"ListItem\",\"@id\":\"https:\\\/\\\/candas365.es\\\/noticias#listItem\",\"name\":\"Home\"}},{\"@type\":\"ListItem\",\"@id\":\"https:\\\/\\\/candas365.es\\\/noticias\\\/tesla-rechaza-las-criticas-de-alemania-a-su-piloto-automatico\\\/#listItem\",\"position\":3,\"name\":\"Tesla rechaza las cr\\u00edticas de Alemania a su \\u00abpiloto autom\\u00e1tico\\u00bb\",\"previousItem\":{\"@type\":\"ListItem\",\"@id\":\"https:\\\/\\\/candas365.es\\\/noticias\\\/category\\\/actualidad\\\/#listItem\",\"name\":\"Actualidad\"}}]},{\"@type\":\"NewsArticle\",\"@id\":\"https:\\\/\\\/candas365.es\\\/noticias\\\/tesla-rechaza-las-criticas-de-alemania-a-su-piloto-automatico\\\/#newsarticle\",\"name\":\"Tesla rechaza las cr\\u00edticas de Alemania a su \\u00abpiloto autom\\u00e1tico\\u00bb | Cand\\u00e1s 365\",\"headline\":\"Tesla rechaza las cr\\u00edticas de Alemania a su \\u00abpiloto autom\\u00e1tico\\u00bb\",\"author\":{\"@id\":\"https:\\\/\\\/candas365.es\\\/noticias\\\/author\\\/admin\\\/#author\"},\"publisher\":{\"@id\":\"https:\\\/\\\/candas365.es\\\/noticias\\\/#organization\"},\"image\":{\"@type\":\"ImageObject\",\"url\":\"https:\\\/\\\/candas365.es\\\/noticias\\\/wp-content\\\/uploads\\\/2015\\\/06\\\/carretera.jpg\",\"width\":655,\"height\":360},\"datePublished\":\"2016-10-17T20:45:18+02:00\",\"dateModified\":\"2016-10-17T20:45:18+02:00\",\"inLanguage\":\"es-ES\",\"mainEntityOfPage\":{\"@id\":\"https:\\\/\\\/candas365.es\\\/noticias\\\/tesla-rechaza-las-criticas-de-alemania-a-su-piloto-automatico\\\/#webpage\"},\"isPartOf\":{\"@id\":\"https:\\\/\\\/candas365.es\\\/noticias\\\/tesla-rechaza-las-criticas-de-alemania-a-su-piloto-automatico\\\/#webpage\"},\"articleSection\":\"Actualidad\",\"dateline\":\"Publicado el octubre 17, 2016.\"},{\"@type\":\"Organization\",\"@id\":\"https:\\\/\\\/candas365.es\\\/noticias\\\/#organization\",\"name\":\"Cand\\u00e1s 365\",\"description\":\"Cand\\u00e1s 365 es un diario digital independiente, fundado en 2012, con base en Asturias. Informamos con rigor sobre actualidad, sociedad, cultura y ocio, con una mirada local y global.\",\"url\":\"https:\\\/\\\/candas365.es\\\/noticias\\\/\",\"email\":\"info@candas365.es\",\"telephone\":\"+34652131393\",\"foundingDate\":\"2012-06-10\",\"logo\":{\"@type\":\"ImageObject\",\"url\":\"https:\\\/\\\/candas365.es\\\/noticias\\\/wp-content\\\/uploads\\\/2024\\\/09\\\/Candas-365-Redes.jpg\",\"@id\":\"https:\\\/\\\/candas365.es\\\/noticias\\\/tesla-rechaza-las-criticas-de-alemania-a-su-piloto-automatico\\\/#organizationLogo\",\"width\":1152,\"height\":864,\"caption\":\"Cand\\u00e1s 365 Redes\"},\"image\":{\"@id\":\"https:\\\/\\\/candas365.es\\\/noticias\\\/tesla-rechaza-las-criticas-de-alemania-a-su-piloto-automatico\\\/#organizationLogo\"},\"sameAs\":[\"https:\\\/\\\/www.facebook.com\\\/Nachofdezber\",\"https:\\\/\\\/x.com\\\/NabercoDigital\",\"https:\\\/\\\/www.instagram.com\\\/nachofdezber\\\/\",\"https:\\\/\\\/www.youtube.com\\\/channel\\\/UCZP-2wLEB9Rv6erhFmqVnvg\"],\"address\":{\"@id\":\"https:\\\/\\\/candas365.es\\\/noticias\\\/#postaladdress\",\"@type\":\"PostalAddress\",\"streetAddress\":\"san antonio 4, san antonio 4\",\"postalCode\":\"33430\",\"addressLocality\":\"Cand\\u00e1s\",\"addressRegion\":\"Asturias\",\"addressCountry\":\"ES\"}},{\"@type\":\"Person\",\"@id\":\"https:\\\/\\\/candas365.es\\\/noticias\\\/author\\\/admin\\\/#author\",\"url\":\"https:\\\/\\\/candas365.es\\\/noticias\\\/author\\\/admin\\\/\",\"name\":\"Cand\\u00e1s 365\",\"image\":{\"@type\":\"ImageObject\",\"@id\":\"https:\\\/\\\/candas365.es\\\/noticias\\\/tesla-rechaza-las-criticas-de-alemania-a-su-piloto-automatico\\\/#authorImage\",\"url\":\"https:\\\/\\\/secure.gravatar.com\\\/avatar\\\/496a8e03d0c493ede1718b7934145dbdf8d89be1036b0eec9544e1094c9de390?s=96&d=mm&r=g\",\"width\":96,\"height\":96,\"caption\":\"Cand\\u00e1s 365\"},\"sameAs\":[\"https:\\\/\\\/www.facebook.com\\\/carrenoactualidad\",\"https:\\\/\\\/twitter.com\\\/nbasturias\",\"https:\\\/\\\/www.instagram.com\\\/nachofdezber\\\/\",\"https:\\\/\\\/www.youtube.com\\\/channel\\\/UCZP-2wLEB9Rv6erhFmqVnvg\"]},{\"@type\":\"WebPage\",\"@id\":\"https:\\\/\\\/candas365.es\\\/noticias\\\/tesla-rechaza-las-criticas-de-alemania-a-su-piloto-automatico\\\/#webpage\",\"url\":\"https:\\\/\\\/candas365.es\\\/noticias\\\/tesla-rechaza-las-criticas-de-alemania-a-su-piloto-automatico\\\/\",\"name\":\"Tesla rechaza las cr\\u00edticas de Alemania a su \\u00abpiloto autom\\u00e1tico\\u00bb | Cand\\u00e1s 365\",\"description\":\"Berl\\u00edn, 17 oct (dpa) - El fabricante de autom\\u00f3viles el\\u00e9ctricos estadounidense Tesla rechaz\\u00f3 hoy las cr\\u00edticas de los organismos alemanes al nombre de \\\"piloto autom\\u00e1tico\\\" para designar su sistema de asistencia durante la conducci\\u00f3n, que desde Alemania califican de \\\"enga\\u00f1oso\\\". \\\"Tenemos una gran confianza con nuestros clientes alemanes y ninguno de ellos nos ha informado\",\"inLanguage\":\"es-ES\",\"isPartOf\":{\"@id\":\"https:\\\/\\\/candas365.es\\\/noticias\\\/#website\"},\"breadcrumb\":{\"@id\":\"https:\\\/\\\/candas365.es\\\/noticias\\\/tesla-rechaza-las-criticas-de-alemania-a-su-piloto-automatico\\\/#breadcrumblist\"},\"author\":{\"@id\":\"https:\\\/\\\/candas365.es\\\/noticias\\\/author\\\/admin\\\/#author\"},\"creator\":{\"@id\":\"https:\\\/\\\/candas365.es\\\/noticias\\\/author\\\/admin\\\/#author\"},\"image\":{\"@type\":\"ImageObject\",\"url\":\"https:\\\/\\\/candas365.es\\\/noticias\\\/wp-content\\\/uploads\\\/2015\\\/06\\\/carretera.jpg\",\"@id\":\"https:\\\/\\\/candas365.es\\\/noticias\\\/tesla-rechaza-las-criticas-de-alemania-a-su-piloto-automatico\\\/#mainImage\",\"width\":655,\"height\":360},\"primaryImageOfPage\":{\"@id\":\"https:\\\/\\\/candas365.es\\\/noticias\\\/tesla-rechaza-las-criticas-de-alemania-a-su-piloto-automatico\\\/#mainImage\"},\"datePublished\":\"2016-10-17T20:45:18+02:00\",\"dateModified\":\"2016-10-17T20:45:18+02:00\"},{\"@type\":\"WebSite\",\"@id\":\"https:\\\/\\\/candas365.es\\\/noticias\\\/#website\",\"url\":\"https:\\\/\\\/candas365.es\\\/noticias\\\/\",\"name\":\"Cand\\u00e1s 365\",\"alternateName\":\"Cand\\u00e1s 365 Noticias\",\"description\":\"Actualidad desde Carre\\u00f1o para el mundo\",\"inLanguage\":\"es-ES\",\"publisher\":{\"@id\":\"https:\\\/\\\/candas365.es\\\/noticias\\\/#organization\"}}]}\n\t\t<\/script>\n\t\t<!-- All in One SEO Pro -->\r\n\t\t<title>Tesla rechaza las cr\u00edticas de Alemania a su \u00abpiloto autom\u00e1tico\u00bb | Cand\u00e1s 365<\/title>\n\n","aioseo_head_json":{"title":"Tesla rechaza las cr\u00edticas de Alemania a su \u00abpiloto autom\u00e1tico\u00bb | Cand\u00e1s 365","description":"Berl\u00edn, 17 oct (dpa) - El fabricante de autom\u00f3viles el\u00e9ctricos estadounidense Tesla rechaz\u00f3 hoy las cr\u00edticas de los organismos alemanes al nombre de \"piloto autom\u00e1tico\" para designar su sistema de asistencia durante la conducci\u00f3n, que desde Alemania califican de \"enga\u00f1oso\". \"Tenemos una gran confianza con nuestros clientes alemanes y ninguno de ellos nos ha informado","canonical_url":"https:\/\/candas365.es\/noticias\/tesla-rechaza-las-criticas-de-alemania-a-su-piloto-automatico\/","robots":"max-image-preview:large","keywords":"actualidad","webmasterTools":{"google-site-verification":"UA-32230408-1","msvalidate.01":"354F3CDFB2DA171B47FBE9ABF1F88D5","miscellaneous":""},"schema":{"@context":"https:\/\/schema.org","@graph":[{"@type":"BreadcrumbList","@id":"https:\/\/candas365.es\/noticias\/tesla-rechaza-las-criticas-de-alemania-a-su-piloto-automatico\/#breadcrumblist","itemListElement":[{"@type":"ListItem","@id":"https:\/\/candas365.es\/noticias#listItem","position":1,"name":"Home","item":"https:\/\/candas365.es\/noticias","nextItem":{"@type":"ListItem","@id":"https:\/\/candas365.es\/noticias\/category\/actualidad\/#listItem","name":"Actualidad"}},{"@type":"ListItem","@id":"https:\/\/candas365.es\/noticias\/category\/actualidad\/#listItem","position":2,"name":"Actualidad","item":"https:\/\/candas365.es\/noticias\/category\/actualidad\/","nextItem":{"@type":"ListItem","@id":"https:\/\/candas365.es\/noticias\/tesla-rechaza-las-criticas-de-alemania-a-su-piloto-automatico\/#listItem","name":"Tesla rechaza las cr\u00edticas de Alemania a su \u00abpiloto autom\u00e1tico\u00bb"},"previousItem":{"@type":"ListItem","@id":"https:\/\/candas365.es\/noticias#listItem","name":"Home"}},{"@type":"ListItem","@id":"https:\/\/candas365.es\/noticias\/tesla-rechaza-las-criticas-de-alemania-a-su-piloto-automatico\/#listItem","position":3,"name":"Tesla rechaza las cr\u00edticas de Alemania a su \u00abpiloto autom\u00e1tico\u00bb","previousItem":{"@type":"ListItem","@id":"https:\/\/candas365.es\/noticias\/category\/actualidad\/#listItem","name":"Actualidad"}}]},{"@type":"NewsArticle","@id":"https:\/\/candas365.es\/noticias\/tesla-rechaza-las-criticas-de-alemania-a-su-piloto-automatico\/#newsarticle","name":"Tesla rechaza las cr\u00edticas de Alemania a su \u00abpiloto autom\u00e1tico\u00bb | Cand\u00e1s 365","headline":"Tesla rechaza las cr\u00edticas de Alemania a su \u00abpiloto autom\u00e1tico\u00bb","author":{"@id":"https:\/\/candas365.es\/noticias\/author\/admin\/#author"},"publisher":{"@id":"https:\/\/candas365.es\/noticias\/#organization"},"image":{"@type":"ImageObject","url":"https:\/\/candas365.es\/noticias\/wp-content\/uploads\/2015\/06\/carretera.jpg","width":655,"height":360},"datePublished":"2016-10-17T20:45:18+02:00","dateModified":"2016-10-17T20:45:18+02:00","inLanguage":"es-ES","mainEntityOfPage":{"@id":"https:\/\/candas365.es\/noticias\/tesla-rechaza-las-criticas-de-alemania-a-su-piloto-automatico\/#webpage"},"isPartOf":{"@id":"https:\/\/candas365.es\/noticias\/tesla-rechaza-las-criticas-de-alemania-a-su-piloto-automatico\/#webpage"},"articleSection":"Actualidad","dateline":"Publicado el octubre 17, 2016."},{"@type":"Organization","@id":"https:\/\/candas365.es\/noticias\/#organization","name":"Cand\u00e1s 365","description":"Cand\u00e1s 365 es un diario digital independiente, fundado en 2012, con base en Asturias. Informamos con rigor sobre actualidad, sociedad, cultura y ocio, con una mirada local y global.","url":"https:\/\/candas365.es\/noticias\/","email":"info@candas365.es","telephone":"+34652131393","foundingDate":"2012-06-10","logo":{"@type":"ImageObject","url":"https:\/\/candas365.es\/noticias\/wp-content\/uploads\/2024\/09\/Candas-365-Redes.jpg","@id":"https:\/\/candas365.es\/noticias\/tesla-rechaza-las-criticas-de-alemania-a-su-piloto-automatico\/#organizationLogo","width":1152,"height":864,"caption":"Cand\u00e1s 365 Redes"},"image":{"@id":"https:\/\/candas365.es\/noticias\/tesla-rechaza-las-criticas-de-alemania-a-su-piloto-automatico\/#organizationLogo"},"sameAs":["https:\/\/www.facebook.com\/Nachofdezber","https:\/\/x.com\/NabercoDigital","https:\/\/www.instagram.com\/nachofdezber\/","https:\/\/www.youtube.com\/channel\/UCZP-2wLEB9Rv6erhFmqVnvg"],"address":{"@id":"https:\/\/candas365.es\/noticias\/#postaladdress","@type":"PostalAddress","streetAddress":"san antonio 4, san antonio 4","postalCode":"33430","addressLocality":"Cand\u00e1s","addressRegion":"Asturias","addressCountry":"ES"}},{"@type":"Person","@id":"https:\/\/candas365.es\/noticias\/author\/admin\/#author","url":"https:\/\/candas365.es\/noticias\/author\/admin\/","name":"Cand\u00e1s 365","image":{"@type":"ImageObject","@id":"https:\/\/candas365.es\/noticias\/tesla-rechaza-las-criticas-de-alemania-a-su-piloto-automatico\/#authorImage","url":"https:\/\/secure.gravatar.com\/avatar\/496a8e03d0c493ede1718b7934145dbdf8d89be1036b0eec9544e1094c9de390?s=96&d=mm&r=g","width":96,"height":96,"caption":"Cand\u00e1s 365"},"sameAs":["https:\/\/www.facebook.com\/carrenoactualidad","https:\/\/twitter.com\/nbasturias","https:\/\/www.instagram.com\/nachofdezber\/","https:\/\/www.youtube.com\/channel\/UCZP-2wLEB9Rv6erhFmqVnvg"]},{"@type":"WebPage","@id":"https:\/\/candas365.es\/noticias\/tesla-rechaza-las-criticas-de-alemania-a-su-piloto-automatico\/#webpage","url":"https:\/\/candas365.es\/noticias\/tesla-rechaza-las-criticas-de-alemania-a-su-piloto-automatico\/","name":"Tesla rechaza las cr\u00edticas de Alemania a su \u00abpiloto autom\u00e1tico\u00bb | Cand\u00e1s 365","description":"Berl\u00edn, 17 oct (dpa) - El fabricante de autom\u00f3viles el\u00e9ctricos estadounidense Tesla rechaz\u00f3 hoy las cr\u00edticas de los organismos alemanes al nombre de \"piloto autom\u00e1tico\" para designar su sistema de asistencia durante la conducci\u00f3n, que desde Alemania califican de \"enga\u00f1oso\". \"Tenemos una gran confianza con nuestros clientes alemanes y ninguno de ellos nos ha informado","inLanguage":"es-ES","isPartOf":{"@id":"https:\/\/candas365.es\/noticias\/#website"},"breadcrumb":{"@id":"https:\/\/candas365.es\/noticias\/tesla-rechaza-las-criticas-de-alemania-a-su-piloto-automatico\/#breadcrumblist"},"author":{"@id":"https:\/\/candas365.es\/noticias\/author\/admin\/#author"},"creator":{"@id":"https:\/\/candas365.es\/noticias\/author\/admin\/#author"},"image":{"@type":"ImageObject","url":"https:\/\/candas365.es\/noticias\/wp-content\/uploads\/2015\/06\/carretera.jpg","@id":"https:\/\/candas365.es\/noticias\/tesla-rechaza-las-criticas-de-alemania-a-su-piloto-automatico\/#mainImage","width":655,"height":360},"primaryImageOfPage":{"@id":"https:\/\/candas365.es\/noticias\/tesla-rechaza-las-criticas-de-alemania-a-su-piloto-automatico\/#mainImage"},"datePublished":"2016-10-17T20:45:18+02:00","dateModified":"2016-10-17T20:45:18+02:00"},{"@type":"WebSite","@id":"https:\/\/candas365.es\/noticias\/#website","url":"https:\/\/candas365.es\/noticias\/","name":"Cand\u00e1s 365","alternateName":"Cand\u00e1s 365 Noticias","description":"Actualidad desde Carre\u00f1o para el mundo","inLanguage":"es-ES","publisher":{"@id":"https:\/\/candas365.es\/noticias\/#organization"}}]},"og:locale":"es_ES","og:site_name":"Cand\u00e1s 365","og:type":"article","og:title":"Tesla rechaza las cr\u00edticas de Alemania a su \u00abpiloto autom\u00e1tico\u00bb | Cand\u00e1s 365","og:description":"Berl\u00edn, 17 oct (dpa) - El fabricante de autom\u00f3viles el\u00e9ctricos estadounidense Tesla rechaz\u00f3 hoy las cr\u00edticas de los organismos alemanes al nombre de &quot;piloto autom\u00e1tico&quot; para designar su sistema de asistencia durante la conducci\u00f3n, que desde Alemania califican de &quot;enga\u00f1oso&quot;. &quot;Tenemos una gran confianza con nuestros clientes alemanes y ninguno de ellos nos ha informado","og:url":"https:\/\/candas365.es\/noticias\/tesla-rechaza-las-criticas-de-alemania-a-su-piloto-automatico\/","og:image":"https:\/\/candas365.es\/noticias\/wp-content\/uploads\/2015\/06\/carretera.jpg","og:image:secure_url":"https:\/\/candas365.es\/noticias\/wp-content\/uploads\/2015\/06\/carretera.jpg","og:image:width":655,"og:image:height":360,"article:published_time":"2016-10-17T19:15:18+00:00","article:modified_time":"2016-10-17T19:15:18+00:00","article:publisher":"https:\/\/www.facebook.com\/Nachofdezber","article:author":"https:\/\/www.facebook.com\/carrenoactualidad","twitter:card":"summary_large_image","twitter:site":"@NabercoDigital","twitter:title":"Tesla rechaza las cr\u00edticas de Alemania a su \u00abpiloto autom\u00e1tico\u00bb | Cand\u00e1s 365","twitter:description":"Berl\u00edn, 17 oct (dpa) - El fabricante de autom\u00f3viles el\u00e9ctricos estadounidense Tesla rechaz\u00f3 hoy las cr\u00edticas de los organismos alemanes al nombre de &quot;piloto autom\u00e1tico&quot; para designar su sistema de asistencia durante la conducci\u00f3n, que desde Alemania califican de &quot;enga\u00f1oso&quot;. &quot;Tenemos una gran confianza con nuestros clientes alemanes y ninguno de ellos nos ha informado","twitter:creator":"@nbasturias","twitter:image":"https:\/\/candas365.es\/noticias\/wp-content\/uploads\/2015\/06\/carretera.jpg","twitter:label1":"Escrito por","twitter:data1":"Cand\u00e1s 365","twitter:label2":"Tiempo de lectura estimado","twitter:data2":"2 minutos"},"aioseo_meta_data":{"post_id":"34146","title":null,"description":null,"keywords":null,"keyphrases":null,"primary_term":null,"canonical_url":null,"og_title":null,"og_description":null,"og_object_type":"default","og_image_type":"default","og_image_url":null,"og_image_width":null,"og_image_height":null,"og_image_custom_url":null,"og_image_custom_fields":null,"og_video":null,"og_custom_url":null,"og_article_section":null,"og_article_tags":null,"twitter_use_og":false,"twitter_card":"default","twitter_image_type":"default","twitter_image_url":null,"twitter_image_custom_url":null,"twitter_image_custom_fields":null,"twitter_title":null,"twitter_description":null,"schema":{"blockGraphs":[],"customGraphs":[],"default":{"data":{"Article":[],"Course":[],"Dataset":[],"FAQPage":[],"Movie":[],"Person":[],"Product":[],"ProductReview":[],"Car":[],"Recipe":[],"Service":[],"SoftwareApplication":[],"WebPage":[]},"graphName":"","isEnabled":true},"graphs":[],"defaultGraph":"","defaultPostTypeGraph":""},"schema_type":null,"schema_type_options":null,"pillar_content":false,"robots_default":true,"robots_noindex":false,"robots_noarchive":false,"robots_nosnippet":false,"robots_nofollow":false,"robots_noimageindex":false,"robots_noodp":false,"robots_notranslate":false,"robots_max_snippet":null,"robots_max_videopreview":null,"robots_max_imagepreview":"large","priority":null,"frequency":null,"location":null,"local_seo":null,"seo_analyzer_scan_date":"2025-08-24 17:26:10","breadcrumb_settings":null,"limit_modified_date":false,"reviewed_by":null,"open_ai":null,"ai":null,"created":"2020-12-21 13:07:46","updated":"2025-08-24 17:26:10"},"aioseo_breadcrumb":"<div class=\"aioseo-breadcrumbs\"><span class=\"aioseo-breadcrumb\">\n\t<a href=\"https:\/\/candas365.es\/noticias\" title=\"Home\">Home<\/a>\n<\/span><span class=\"aioseo-breadcrumb-separator\">&ndash;<\/span><span class=\"aioseo-breadcrumb\">\n\t<a href=\"https:\/\/candas365.es\/noticias\/category\/actualidad\/\" title=\"Actualidad\">Actualidad<\/a>\n<\/span><span class=\"aioseo-breadcrumb-separator\">&ndash;<\/span><span class=\"aioseo-breadcrumb\">\n\tTesla rechaza las cr\u00edticas de Alemania a su \u00abpiloto autom\u00e1tico\u00bb\n<\/span><\/div>","aioseo_breadcrumb_json":[{"label":"Home","link":"https:\/\/candas365.es\/noticias"},{"label":"Actualidad","link":"https:\/\/candas365.es\/noticias\/category\/actualidad\/"},{"label":"Tesla rechaza las cr\u00edticas de Alemania a su \u00abpiloto autom\u00e1tico\u00bb","link":"https:\/\/candas365.es\/noticias\/tesla-rechaza-las-criticas-de-alemania-a-su-piloto-automatico\/"}],"_links":{"self":[{"href":"https:\/\/candas365.es\/noticias\/wp-json\/wp\/v2\/posts\/34146","targetHints":{"allow":["GET"]}}],"collection":[{"href":"https:\/\/candas365.es\/noticias\/wp-json\/wp\/v2\/posts"}],"about":[{"href":"https:\/\/candas365.es\/noticias\/wp-json\/wp\/v2\/types\/post"}],"author":[{"embeddable":true,"href":"https:\/\/candas365.es\/noticias\/wp-json\/wp\/v2\/users\/1"}],"replies":[{"embeddable":true,"href":"https:\/\/candas365.es\/noticias\/wp-json\/wp\/v2\/comments?post=34146"}],"version-history":[{"count":0,"href":"https:\/\/candas365.es\/noticias\/wp-json\/wp\/v2\/posts\/34146\/revisions"}],"wp:featuredmedia":[{"embeddable":true,"href":"https:\/\/candas365.es\/noticias\/wp-json\/wp\/v2\/media\/11776"}],"wp:attachment":[{"href":"https:\/\/candas365.es\/noticias\/wp-json\/wp\/v2\/media?parent=34146"}],"wp:term":[{"taxonomy":"category","embeddable":true,"href":"https:\/\/candas365.es\/noticias\/wp-json\/wp\/v2\/categories?post=34146"},{"taxonomy":"post_tag","embeddable":true,"href":"https:\/\/candas365.es\/noticias\/wp-json\/wp\/v2\/tags?post=34146"}],"curies":[{"name":"wp","href":"https:\/\/api.w.org\/{rel}","templated":true}]}}