{"id":34144,"date":"2016-10-17T20:44:32","date_gmt":"2016-10-17T19:14:32","guid":{"rendered":"http:\/\/candas365.es\/noticias\/?p=34144"},"modified":"2016-10-17T20:44:32","modified_gmt":"2016-10-17T19:14:32","slug":"sailing-yacht-a-el-velero-mas-grande-del-mundo-alza-velas-en-kiel","status":"publish","type":"post","link":"https:\/\/candas365.es\/noticias\/sailing-yacht-a-el-velero-mas-grande-del-mundo-alza-velas-en-kiel\/","title":{"rendered":"\u00abSailing Yacht A\u00bb: el velero m\u00e1s grande del mundo alza velas en Kiel"},"content":{"rendered":"<p>Kiel (Alemania), 17 oct (dpa) &#8211; El velero m\u00e1s grande del mundo, el \u00abSailing Yacht A\u00bb, constru\u00eddo por un astillero alem\u00e1n en la ciudad de Kiel y dise\u00f1ado por el franc\u00e9s Philippe Starck, ha levantado por primera vez sus velas en las aguas del Mar B\u00e1ltico. <\/p>\n<p>El domingo se vio la nave anclada en la r\u00eda de Kiel. All\u00ed, y al alcance de la vista desde la playa, la tripulaci\u00f3n llev\u00f3 a cabo pruebas levantando una y otra vez las velas. Esto sucede en forma autom\u00e1tica en los impresionantes m\u00e1stiles de hasta 90 metros de altura. <\/p>\n<p>El grupo de astilleros German Naval Yards (GNY) ha estado realizando desde los primeros d\u00edas de octubre diversas pruebas con su nueva nave, que con 143 metros de eslora y casi 25 metros de manga alcanza dimensiones pr\u00e1cticamente inigualables.<\/p>\n<p>\u00abNo creo que en el futuro se construya un yate de vela de mayor tama\u00f1o que el &#8216;Sailing Yacht A'\u00bb, afirma Marcus Krall, redactor jefe de la revista especializada \u00abBoote exklusiv\u00bb.<\/p>\n<p>El multimillonario ruso Andrej Melnitschenko encarg\u00f3 la construcci\u00f3n de esta nave cuneiforme y de dise\u00f1o futurista cuyas velas suman una superficie de 3.700 metros cuadrados, equivalente aproximadamente a la mitad de un campo de f\u00fatbol. <\/p>\n<p>\u00abLe va a costar por lo menos 200 millones de euros\u00bb, estima Krall. \u00abEl volumen del yate es absolutamente giganteso\u00bb. No existen datos concretos al respecto, pero los expertos afirman que el precio depende menos de la longitud del barco y m\u00e1s del volumen del mismo. <\/p>\n<p>Y mientras m\u00e1s extravagantes sean los deseos de quienes encargan las naves, m\u00e1s asciende el precio de \u00e9stas. El \u00abSaling Yacht A\u00bb, por ejemplo, cuenta en el casco, debajo del agua, con un sal\u00f3n lounge con grandes ventanas que ofrecen una vista panor\u00e1mica, e incluye, adem\u00e1s de botes de servicio, tambi\u00e9n un submarino. <\/p>\n","protected":false},"excerpt":{"rendered":"<p>Kiel (Alemania), 17 oct (dpa) &#8211; El velero m\u00e1s grande del mundo, el \u00abSailing Yacht A\u00bb, constru\u00eddo por un astillero alem\u00e1n en la ciudad de Kiel y dise\u00f1ado por el franc\u00e9s Philippe Starck, ha levantado por primera vez sus velas en las aguas del Mar B\u00e1ltico. El domingo se vio la nave anclada en la<\/p>\n","protected":false},"author":1,"featured_media":16457,"comment_status":"closed","ping_status":"closed","sticky":false,"template":"","format":"standard","meta":{"footnotes":""},"categories":[343],"tags":[],"class_list":{"0":"post-34144","1":"post","2":"type-post","3":"status-publish","4":"format-standard","5":"has-post-thumbnail","7":"category-actualidad"},"aioseo_notices":[],"aioseo_head":"\n\t\t<!-- All in One SEO Pro 4.9.6.2 - aioseo.com -->\n\t<meta name=\"description\" content=\"Kiel (Alemania), 17 oct (dpa) - El velero m\u00e1s grande del mundo, el &quot;Sailing Yacht A&quot;, constru\u00eddo por un astillero alem\u00e1n en la ciudad de Kiel y dise\u00f1ado por el franc\u00e9s Philippe Starck, ha levantado por primera vez sus velas en las aguas del Mar B\u00e1ltico. El domingo se vio la nave anclada en la\" \/>\n\t<meta name=\"robots\" content=\"max-image-preview:large\" \/>\n\t<meta name=\"author\" content=\"Cand\u00e1s 365\"\/>\n\t<meta name=\"google-site-verification\" content=\"UA-32230408-1\" \/>\n\t<meta name=\"msvalidate.01\" content=\"354F3CDFB2DA171B47FBE9ABF1F88D5\" \/>\n\t<meta name=\"keywords\" content=\"actualidad\" \/>\n\t<link rel=\"canonical\" href=\"https:\/\/candas365.es\/noticias\/sailing-yacht-a-el-velero-mas-grande-del-mundo-alza-velas-en-kiel\/\" \/>\n\t<meta name=\"generator\" content=\"All in One SEO Pro (AIOSEO) 4.9.6.2\" \/>\n\t\t<meta property=\"og:locale\" content=\"es_ES\" \/>\n\t\t<meta property=\"og:site_name\" content=\"Cand\u00e1s 365\" \/>\n\t\t<meta property=\"og:type\" content=\"article\" \/>\n\t\t<meta property=\"og:title\" content=\"\u00abSailing Yacht A\u00bb: el velero m\u00e1s grande del mundo alza velas en Kiel | Cand\u00e1s 365\" \/>\n\t\t<meta property=\"og:description\" content=\"Kiel (Alemania), 17 oct (dpa) - El velero m\u00e1s grande del mundo, el &quot;Sailing Yacht A&quot;, constru\u00eddo por un astillero alem\u00e1n en la ciudad de Kiel y dise\u00f1ado por el franc\u00e9s Philippe Starck, ha levantado por primera vez sus velas en las aguas del Mar B\u00e1ltico. El domingo se vio la nave anclada en la\" \/>\n\t\t<meta property=\"og:url\" content=\"https:\/\/candas365.es\/noticias\/sailing-yacht-a-el-velero-mas-grande-del-mundo-alza-velas-en-kiel\/\" \/>\n\t\t<meta property=\"og:image\" content=\"https:\/\/candas365.es\/noticias\/wp-content\/uploads\/2015\/09\/c365noticias.jpg\" \/>\n\t\t<meta property=\"og:image:secure_url\" content=\"https:\/\/candas365.es\/noticias\/wp-content\/uploads\/2015\/09\/c365noticias.jpg\" \/>\n\t\t<meta property=\"og:image:width\" content=\"655\" \/>\n\t\t<meta property=\"og:image:height\" content=\"360\" \/>\n\t\t<meta property=\"article:published_time\" content=\"2016-10-17T19:14:32+00:00\" \/>\n\t\t<meta property=\"article:modified_time\" content=\"2016-10-17T19:14:32+00:00\" \/>\n\t\t<meta property=\"article:publisher\" content=\"https:\/\/www.facebook.com\/Nachofdezber\" \/>\n\t\t<meta property=\"article:author\" content=\"https:\/\/www.facebook.com\/carrenoactualidad\" \/>\n\t\t<meta name=\"twitter:card\" content=\"summary_large_image\" \/>\n\t\t<meta name=\"twitter:site\" content=\"@NabercoDigital\" \/>\n\t\t<meta name=\"twitter:title\" content=\"\u00abSailing Yacht A\u00bb: el velero m\u00e1s grande del mundo alza velas en Kiel | Cand\u00e1s 365\" \/>\n\t\t<meta name=\"twitter:description\" content=\"Kiel (Alemania), 17 oct (dpa) - El velero m\u00e1s grande del mundo, el &quot;Sailing Yacht A&quot;, constru\u00eddo por un astillero alem\u00e1n en la ciudad de Kiel y dise\u00f1ado por el franc\u00e9s Philippe Starck, ha levantado por primera vez sus velas en las aguas del Mar B\u00e1ltico. El domingo se vio la nave anclada en la\" \/>\n\t\t<meta name=\"twitter:creator\" content=\"@nbasturias\" \/>\n\t\t<meta name=\"twitter:image\" content=\"https:\/\/candas365.es\/noticias\/wp-content\/uploads\/2015\/09\/c365noticias.jpg\" \/>\n\t\t<meta name=\"twitter:label1\" content=\"Escrito por\" \/>\n\t\t<meta name=\"twitter:data1\" content=\"Cand\u00e1s 365\" \/>\n\t\t<meta name=\"twitter:label2\" content=\"Tiempo de lectura estimado\" \/>\n\t\t<meta name=\"twitter:data2\" content=\"2 minutos\" \/>\n\t\t<script type=\"application\/ld+json\" class=\"aioseo-schema\">\n\t\t\t{\"@context\":\"https:\\\/\\\/schema.org\",\"@graph\":[{\"@type\":\"BreadcrumbList\",\"@id\":\"https:\\\/\\\/candas365.es\\\/noticias\\\/sailing-yacht-a-el-velero-mas-grande-del-mundo-alza-velas-en-kiel\\\/#breadcrumblist\",\"itemListElement\":[{\"@type\":\"ListItem\",\"@id\":\"https:\\\/\\\/candas365.es\\\/noticias#listItem\",\"position\":1,\"name\":\"Home\",\"item\":\"https:\\\/\\\/candas365.es\\\/noticias\",\"nextItem\":{\"@type\":\"ListItem\",\"@id\":\"https:\\\/\\\/candas365.es\\\/noticias\\\/category\\\/actualidad\\\/#listItem\",\"name\":\"Actualidad\"}},{\"@type\":\"ListItem\",\"@id\":\"https:\\\/\\\/candas365.es\\\/noticias\\\/category\\\/actualidad\\\/#listItem\",\"position\":2,\"name\":\"Actualidad\",\"item\":\"https:\\\/\\\/candas365.es\\\/noticias\\\/category\\\/actualidad\\\/\",\"nextItem\":{\"@type\":\"ListItem\",\"@id\":\"https:\\\/\\\/candas365.es\\\/noticias\\\/sailing-yacht-a-el-velero-mas-grande-del-mundo-alza-velas-en-kiel\\\/#listItem\",\"name\":\"\\u00abSailing Yacht A\\u00bb: el velero m\\u00e1s grande del mundo alza velas en Kiel\"},\"previousItem\":{\"@type\":\"ListItem\",\"@id\":\"https:\\\/\\\/candas365.es\\\/noticias#listItem\",\"name\":\"Home\"}},{\"@type\":\"ListItem\",\"@id\":\"https:\\\/\\\/candas365.es\\\/noticias\\\/sailing-yacht-a-el-velero-mas-grande-del-mundo-alza-velas-en-kiel\\\/#listItem\",\"position\":3,\"name\":\"\\u00abSailing Yacht A\\u00bb: el velero m\\u00e1s grande del mundo alza velas en Kiel\",\"previousItem\":{\"@type\":\"ListItem\",\"@id\":\"https:\\\/\\\/candas365.es\\\/noticias\\\/category\\\/actualidad\\\/#listItem\",\"name\":\"Actualidad\"}}]},{\"@type\":\"NewsArticle\",\"@id\":\"https:\\\/\\\/candas365.es\\\/noticias\\\/sailing-yacht-a-el-velero-mas-grande-del-mundo-alza-velas-en-kiel\\\/#newsarticle\",\"name\":\"\\u00abSailing Yacht A\\u00bb: el velero m\\u00e1s grande del mundo alza velas en Kiel | Cand\\u00e1s 365\",\"headline\":\"\\u00abSailing Yacht A\\u00bb: el velero m\\u00e1s grande del mundo alza velas en Kiel\",\"author\":{\"@id\":\"https:\\\/\\\/candas365.es\\\/noticias\\\/author\\\/admin\\\/#author\"},\"publisher\":{\"@id\":\"https:\\\/\\\/candas365.es\\\/noticias\\\/#organization\"},\"image\":{\"@type\":\"ImageObject\",\"url\":\"https:\\\/\\\/candas365.es\\\/noticias\\\/wp-content\\\/uploads\\\/2015\\\/09\\\/c365noticias.jpg\",\"width\":655,\"height\":360},\"datePublished\":\"2016-10-17T20:44:32+02:00\",\"dateModified\":\"2016-10-17T20:44:32+02:00\",\"inLanguage\":\"es-ES\",\"mainEntityOfPage\":{\"@id\":\"https:\\\/\\\/candas365.es\\\/noticias\\\/sailing-yacht-a-el-velero-mas-grande-del-mundo-alza-velas-en-kiel\\\/#webpage\"},\"isPartOf\":{\"@id\":\"https:\\\/\\\/candas365.es\\\/noticias\\\/sailing-yacht-a-el-velero-mas-grande-del-mundo-alza-velas-en-kiel\\\/#webpage\"},\"articleSection\":\"Actualidad\",\"dateline\":\"Publicado el octubre 17, 2016.\"},{\"@type\":\"Organization\",\"@id\":\"https:\\\/\\\/candas365.es\\\/noticias\\\/#organization\",\"name\":\"Cand\\u00e1s 365\",\"description\":\"Cand\\u00e1s 365 es un diario digital independiente, fundado en 2012, con base en Asturias. Informamos con rigor sobre actualidad, sociedad, cultura y ocio, con una mirada local y global.\",\"url\":\"https:\\\/\\\/candas365.es\\\/noticias\\\/\",\"email\":\"info@candas365.es\",\"telephone\":\"+34652131393\",\"foundingDate\":\"2012-06-10\",\"logo\":{\"@type\":\"ImageObject\",\"url\":\"https:\\\/\\\/candas365.es\\\/noticias\\\/wp-content\\\/uploads\\\/2024\\\/09\\\/Candas-365-Redes.jpg\",\"@id\":\"https:\\\/\\\/candas365.es\\\/noticias\\\/sailing-yacht-a-el-velero-mas-grande-del-mundo-alza-velas-en-kiel\\\/#organizationLogo\",\"width\":1152,\"height\":864,\"caption\":\"Cand\\u00e1s 365 Redes\"},\"image\":{\"@id\":\"https:\\\/\\\/candas365.es\\\/noticias\\\/sailing-yacht-a-el-velero-mas-grande-del-mundo-alza-velas-en-kiel\\\/#organizationLogo\"},\"sameAs\":[\"https:\\\/\\\/www.facebook.com\\\/Nachofdezber\",\"https:\\\/\\\/x.com\\\/NabercoDigital\",\"https:\\\/\\\/www.instagram.com\\\/nachofdezber\\\/\",\"https:\\\/\\\/www.youtube.com\\\/channel\\\/UCZP-2wLEB9Rv6erhFmqVnvg\"],\"address\":{\"@id\":\"https:\\\/\\\/candas365.es\\\/noticias\\\/#postaladdress\",\"@type\":\"PostalAddress\",\"streetAddress\":\"san antonio 4, san antonio 4\",\"postalCode\":\"33430\",\"addressLocality\":\"Cand\\u00e1s\",\"addressRegion\":\"Asturias\",\"addressCountry\":\"ES\"}},{\"@type\":\"Person\",\"@id\":\"https:\\\/\\\/candas365.es\\\/noticias\\\/author\\\/admin\\\/#author\",\"url\":\"https:\\\/\\\/candas365.es\\\/noticias\\\/author\\\/admin\\\/\",\"name\":\"Cand\\u00e1s 365\",\"image\":{\"@type\":\"ImageObject\",\"@id\":\"https:\\\/\\\/candas365.es\\\/noticias\\\/sailing-yacht-a-el-velero-mas-grande-del-mundo-alza-velas-en-kiel\\\/#authorImage\",\"url\":\"https:\\\/\\\/secure.gravatar.com\\\/avatar\\\/496a8e03d0c493ede1718b7934145dbdf8d89be1036b0eec9544e1094c9de390?s=96&d=mm&r=g\",\"width\":96,\"height\":96,\"caption\":\"Cand\\u00e1s 365\"},\"sameAs\":[\"https:\\\/\\\/www.facebook.com\\\/carrenoactualidad\",\"https:\\\/\\\/twitter.com\\\/nbasturias\",\"https:\\\/\\\/www.instagram.com\\\/nachofdezber\\\/\",\"https:\\\/\\\/www.youtube.com\\\/channel\\\/UCZP-2wLEB9Rv6erhFmqVnvg\"]},{\"@type\":\"WebPage\",\"@id\":\"https:\\\/\\\/candas365.es\\\/noticias\\\/sailing-yacht-a-el-velero-mas-grande-del-mundo-alza-velas-en-kiel\\\/#webpage\",\"url\":\"https:\\\/\\\/candas365.es\\\/noticias\\\/sailing-yacht-a-el-velero-mas-grande-del-mundo-alza-velas-en-kiel\\\/\",\"name\":\"\\u00abSailing Yacht A\\u00bb: el velero m\\u00e1s grande del mundo alza velas en Kiel | Cand\\u00e1s 365\",\"description\":\"Kiel (Alemania), 17 oct (dpa) - El velero m\\u00e1s grande del mundo, el \\\"Sailing Yacht A\\\", constru\\u00eddo por un astillero alem\\u00e1n en la ciudad de Kiel y dise\\u00f1ado por el franc\\u00e9s Philippe Starck, ha levantado por primera vez sus velas en las aguas del Mar B\\u00e1ltico. El domingo se vio la nave anclada en la\",\"inLanguage\":\"es-ES\",\"isPartOf\":{\"@id\":\"https:\\\/\\\/candas365.es\\\/noticias\\\/#website\"},\"breadcrumb\":{\"@id\":\"https:\\\/\\\/candas365.es\\\/noticias\\\/sailing-yacht-a-el-velero-mas-grande-del-mundo-alza-velas-en-kiel\\\/#breadcrumblist\"},\"author\":{\"@id\":\"https:\\\/\\\/candas365.es\\\/noticias\\\/author\\\/admin\\\/#author\"},\"creator\":{\"@id\":\"https:\\\/\\\/candas365.es\\\/noticias\\\/author\\\/admin\\\/#author\"},\"image\":{\"@type\":\"ImageObject\",\"url\":\"https:\\\/\\\/candas365.es\\\/noticias\\\/wp-content\\\/uploads\\\/2015\\\/09\\\/c365noticias.jpg\",\"@id\":\"https:\\\/\\\/candas365.es\\\/noticias\\\/sailing-yacht-a-el-velero-mas-grande-del-mundo-alza-velas-en-kiel\\\/#mainImage\",\"width\":655,\"height\":360},\"primaryImageOfPage\":{\"@id\":\"https:\\\/\\\/candas365.es\\\/noticias\\\/sailing-yacht-a-el-velero-mas-grande-del-mundo-alza-velas-en-kiel\\\/#mainImage\"},\"datePublished\":\"2016-10-17T20:44:32+02:00\",\"dateModified\":\"2016-10-17T20:44:32+02:00\"},{\"@type\":\"WebSite\",\"@id\":\"https:\\\/\\\/candas365.es\\\/noticias\\\/#website\",\"url\":\"https:\\\/\\\/candas365.es\\\/noticias\\\/\",\"name\":\"Cand\\u00e1s 365\",\"alternateName\":\"Cand\\u00e1s 365 Noticias\",\"description\":\"Actualidad desde Carre\\u00f1o para el mundo\",\"inLanguage\":\"es-ES\",\"publisher\":{\"@id\":\"https:\\\/\\\/candas365.es\\\/noticias\\\/#organization\"}}]}\n\t\t<\/script>\n\t\t<!-- All in One SEO Pro -->\r\n\t\t<title>\u00abSailing Yacht A\u00bb: el velero m\u00e1s grande del mundo alza velas en Kiel | Cand\u00e1s 365<\/title>\n\n","aioseo_head_json":{"title":"\u00abSailing Yacht A\u00bb: el velero m\u00e1s grande del mundo alza velas en Kiel | Cand\u00e1s 365","description":"Kiel (Alemania), 17 oct (dpa) - El velero m\u00e1s grande del mundo, el \"Sailing Yacht A\", constru\u00eddo por un astillero alem\u00e1n en la ciudad de Kiel y dise\u00f1ado por el franc\u00e9s Philippe Starck, ha levantado por primera vez sus velas en las aguas del Mar B\u00e1ltico. El domingo se vio la nave anclada en la","canonical_url":"https:\/\/candas365.es\/noticias\/sailing-yacht-a-el-velero-mas-grande-del-mundo-alza-velas-en-kiel\/","robots":"max-image-preview:large","keywords":"actualidad","webmasterTools":{"google-site-verification":"UA-32230408-1","msvalidate.01":"354F3CDFB2DA171B47FBE9ABF1F88D5","miscellaneous":""},"schema":{"@context":"https:\/\/schema.org","@graph":[{"@type":"BreadcrumbList","@id":"https:\/\/candas365.es\/noticias\/sailing-yacht-a-el-velero-mas-grande-del-mundo-alza-velas-en-kiel\/#breadcrumblist","itemListElement":[{"@type":"ListItem","@id":"https:\/\/candas365.es\/noticias#listItem","position":1,"name":"Home","item":"https:\/\/candas365.es\/noticias","nextItem":{"@type":"ListItem","@id":"https:\/\/candas365.es\/noticias\/category\/actualidad\/#listItem","name":"Actualidad"}},{"@type":"ListItem","@id":"https:\/\/candas365.es\/noticias\/category\/actualidad\/#listItem","position":2,"name":"Actualidad","item":"https:\/\/candas365.es\/noticias\/category\/actualidad\/","nextItem":{"@type":"ListItem","@id":"https:\/\/candas365.es\/noticias\/sailing-yacht-a-el-velero-mas-grande-del-mundo-alza-velas-en-kiel\/#listItem","name":"\u00abSailing Yacht A\u00bb: el velero m\u00e1s grande del mundo alza velas en Kiel"},"previousItem":{"@type":"ListItem","@id":"https:\/\/candas365.es\/noticias#listItem","name":"Home"}},{"@type":"ListItem","@id":"https:\/\/candas365.es\/noticias\/sailing-yacht-a-el-velero-mas-grande-del-mundo-alza-velas-en-kiel\/#listItem","position":3,"name":"\u00abSailing Yacht A\u00bb: el velero m\u00e1s grande del mundo alza velas en Kiel","previousItem":{"@type":"ListItem","@id":"https:\/\/candas365.es\/noticias\/category\/actualidad\/#listItem","name":"Actualidad"}}]},{"@type":"NewsArticle","@id":"https:\/\/candas365.es\/noticias\/sailing-yacht-a-el-velero-mas-grande-del-mundo-alza-velas-en-kiel\/#newsarticle","name":"\u00abSailing Yacht A\u00bb: el velero m\u00e1s grande del mundo alza velas en Kiel | Cand\u00e1s 365","headline":"\u00abSailing Yacht A\u00bb: el velero m\u00e1s grande del mundo alza velas en Kiel","author":{"@id":"https:\/\/candas365.es\/noticias\/author\/admin\/#author"},"publisher":{"@id":"https:\/\/candas365.es\/noticias\/#organization"},"image":{"@type":"ImageObject","url":"https:\/\/candas365.es\/noticias\/wp-content\/uploads\/2015\/09\/c365noticias.jpg","width":655,"height":360},"datePublished":"2016-10-17T20:44:32+02:00","dateModified":"2016-10-17T20:44:32+02:00","inLanguage":"es-ES","mainEntityOfPage":{"@id":"https:\/\/candas365.es\/noticias\/sailing-yacht-a-el-velero-mas-grande-del-mundo-alza-velas-en-kiel\/#webpage"},"isPartOf":{"@id":"https:\/\/candas365.es\/noticias\/sailing-yacht-a-el-velero-mas-grande-del-mundo-alza-velas-en-kiel\/#webpage"},"articleSection":"Actualidad","dateline":"Publicado el octubre 17, 2016."},{"@type":"Organization","@id":"https:\/\/candas365.es\/noticias\/#organization","name":"Cand\u00e1s 365","description":"Cand\u00e1s 365 es un diario digital independiente, fundado en 2012, con base en Asturias. Informamos con rigor sobre actualidad, sociedad, cultura y ocio, con una mirada local y global.","url":"https:\/\/candas365.es\/noticias\/","email":"info@candas365.es","telephone":"+34652131393","foundingDate":"2012-06-10","logo":{"@type":"ImageObject","url":"https:\/\/candas365.es\/noticias\/wp-content\/uploads\/2024\/09\/Candas-365-Redes.jpg","@id":"https:\/\/candas365.es\/noticias\/sailing-yacht-a-el-velero-mas-grande-del-mundo-alza-velas-en-kiel\/#organizationLogo","width":1152,"height":864,"caption":"Cand\u00e1s 365 Redes"},"image":{"@id":"https:\/\/candas365.es\/noticias\/sailing-yacht-a-el-velero-mas-grande-del-mundo-alza-velas-en-kiel\/#organizationLogo"},"sameAs":["https:\/\/www.facebook.com\/Nachofdezber","https:\/\/x.com\/NabercoDigital","https:\/\/www.instagram.com\/nachofdezber\/","https:\/\/www.youtube.com\/channel\/UCZP-2wLEB9Rv6erhFmqVnvg"],"address":{"@id":"https:\/\/candas365.es\/noticias\/#postaladdress","@type":"PostalAddress","streetAddress":"san antonio 4, san antonio 4","postalCode":"33430","addressLocality":"Cand\u00e1s","addressRegion":"Asturias","addressCountry":"ES"}},{"@type":"Person","@id":"https:\/\/candas365.es\/noticias\/author\/admin\/#author","url":"https:\/\/candas365.es\/noticias\/author\/admin\/","name":"Cand\u00e1s 365","image":{"@type":"ImageObject","@id":"https:\/\/candas365.es\/noticias\/sailing-yacht-a-el-velero-mas-grande-del-mundo-alza-velas-en-kiel\/#authorImage","url":"https:\/\/secure.gravatar.com\/avatar\/496a8e03d0c493ede1718b7934145dbdf8d89be1036b0eec9544e1094c9de390?s=96&d=mm&r=g","width":96,"height":96,"caption":"Cand\u00e1s 365"},"sameAs":["https:\/\/www.facebook.com\/carrenoactualidad","https:\/\/twitter.com\/nbasturias","https:\/\/www.instagram.com\/nachofdezber\/","https:\/\/www.youtube.com\/channel\/UCZP-2wLEB9Rv6erhFmqVnvg"]},{"@type":"WebPage","@id":"https:\/\/candas365.es\/noticias\/sailing-yacht-a-el-velero-mas-grande-del-mundo-alza-velas-en-kiel\/#webpage","url":"https:\/\/candas365.es\/noticias\/sailing-yacht-a-el-velero-mas-grande-del-mundo-alza-velas-en-kiel\/","name":"\u00abSailing Yacht A\u00bb: el velero m\u00e1s grande del mundo alza velas en Kiel | Cand\u00e1s 365","description":"Kiel (Alemania), 17 oct (dpa) - El velero m\u00e1s grande del mundo, el \"Sailing Yacht A\", constru\u00eddo por un astillero alem\u00e1n en la ciudad de Kiel y dise\u00f1ado por el franc\u00e9s Philippe Starck, ha levantado por primera vez sus velas en las aguas del Mar B\u00e1ltico. El domingo se vio la nave anclada en la","inLanguage":"es-ES","isPartOf":{"@id":"https:\/\/candas365.es\/noticias\/#website"},"breadcrumb":{"@id":"https:\/\/candas365.es\/noticias\/sailing-yacht-a-el-velero-mas-grande-del-mundo-alza-velas-en-kiel\/#breadcrumblist"},"author":{"@id":"https:\/\/candas365.es\/noticias\/author\/admin\/#author"},"creator":{"@id":"https:\/\/candas365.es\/noticias\/author\/admin\/#author"},"image":{"@type":"ImageObject","url":"https:\/\/candas365.es\/noticias\/wp-content\/uploads\/2015\/09\/c365noticias.jpg","@id":"https:\/\/candas365.es\/noticias\/sailing-yacht-a-el-velero-mas-grande-del-mundo-alza-velas-en-kiel\/#mainImage","width":655,"height":360},"primaryImageOfPage":{"@id":"https:\/\/candas365.es\/noticias\/sailing-yacht-a-el-velero-mas-grande-del-mundo-alza-velas-en-kiel\/#mainImage"},"datePublished":"2016-10-17T20:44:32+02:00","dateModified":"2016-10-17T20:44:32+02:00"},{"@type":"WebSite","@id":"https:\/\/candas365.es\/noticias\/#website","url":"https:\/\/candas365.es\/noticias\/","name":"Cand\u00e1s 365","alternateName":"Cand\u00e1s 365 Noticias","description":"Actualidad desde Carre\u00f1o para el mundo","inLanguage":"es-ES","publisher":{"@id":"https:\/\/candas365.es\/noticias\/#organization"}}]},"og:locale":"es_ES","og:site_name":"Cand\u00e1s 365","og:type":"article","og:title":"\u00abSailing Yacht A\u00bb: el velero m\u00e1s grande del mundo alza velas en Kiel | Cand\u00e1s 365","og:description":"Kiel (Alemania), 17 oct (dpa) - El velero m\u00e1s grande del mundo, el &quot;Sailing Yacht A&quot;, constru\u00eddo por un astillero alem\u00e1n en la ciudad de Kiel y dise\u00f1ado por el franc\u00e9s Philippe Starck, ha levantado por primera vez sus velas en las aguas del Mar B\u00e1ltico. El domingo se vio la nave anclada en la","og:url":"https:\/\/candas365.es\/noticias\/sailing-yacht-a-el-velero-mas-grande-del-mundo-alza-velas-en-kiel\/","og:image":"https:\/\/candas365.es\/noticias\/wp-content\/uploads\/2015\/09\/c365noticias.jpg","og:image:secure_url":"https:\/\/candas365.es\/noticias\/wp-content\/uploads\/2015\/09\/c365noticias.jpg","og:image:width":655,"og:image:height":360,"article:published_time":"2016-10-17T19:14:32+00:00","article:modified_time":"2016-10-17T19:14:32+00:00","article:publisher":"https:\/\/www.facebook.com\/Nachofdezber","article:author":"https:\/\/www.facebook.com\/carrenoactualidad","twitter:card":"summary_large_image","twitter:site":"@NabercoDigital","twitter:title":"\u00abSailing Yacht A\u00bb: el velero m\u00e1s grande del mundo alza velas en Kiel | Cand\u00e1s 365","twitter:description":"Kiel (Alemania), 17 oct (dpa) - El velero m\u00e1s grande del mundo, el &quot;Sailing Yacht A&quot;, constru\u00eddo por un astillero alem\u00e1n en la ciudad de Kiel y dise\u00f1ado por el franc\u00e9s Philippe Starck, ha levantado por primera vez sus velas en las aguas del Mar B\u00e1ltico. El domingo se vio la nave anclada en la","twitter:creator":"@nbasturias","twitter:image":"https:\/\/candas365.es\/noticias\/wp-content\/uploads\/2015\/09\/c365noticias.jpg","twitter:label1":"Escrito por","twitter:data1":"Cand\u00e1s 365","twitter:label2":"Tiempo de lectura estimado","twitter:data2":"2 minutos"},"aioseo_meta_data":{"post_id":"34144","title":null,"description":null,"keywords":null,"keyphrases":null,"primary_term":null,"canonical_url":null,"og_title":null,"og_description":null,"og_object_type":"default","og_image_type":"default","og_image_url":null,"og_image_width":null,"og_image_height":null,"og_image_custom_url":null,"og_image_custom_fields":null,"og_video":null,"og_custom_url":null,"og_article_section":null,"og_article_tags":null,"twitter_use_og":false,"twitter_card":"default","twitter_image_type":"default","twitter_image_url":null,"twitter_image_custom_url":null,"twitter_image_custom_fields":null,"twitter_title":null,"twitter_description":null,"schema":{"blockGraphs":[],"customGraphs":[],"default":{"data":{"Article":[],"Course":[],"Dataset":[],"FAQPage":[],"Movie":[],"Person":[],"Product":[],"ProductReview":[],"Car":[],"Recipe":[],"Service":[],"SoftwareApplication":[],"WebPage":[]},"graphName":"","isEnabled":true},"graphs":[],"defaultGraph":"","defaultPostTypeGraph":""},"schema_type":null,"schema_type_options":null,"pillar_content":false,"robots_default":true,"robots_noindex":false,"robots_noarchive":false,"robots_nosnippet":false,"robots_nofollow":false,"robots_noimageindex":false,"robots_noodp":false,"robots_notranslate":false,"robots_max_snippet":null,"robots_max_videopreview":null,"robots_max_imagepreview":"large","priority":null,"frequency":null,"location":null,"local_seo":null,"seo_analyzer_scan_date":"2025-08-24 17:26:10","breadcrumb_settings":null,"limit_modified_date":false,"reviewed_by":null,"open_ai":null,"ai":null,"created":"2020-12-21 13:07:46","updated":"2025-08-24 17:26:10"},"aioseo_breadcrumb":"<div class=\"aioseo-breadcrumbs\"><span class=\"aioseo-breadcrumb\">\n\t<a href=\"https:\/\/candas365.es\/noticias\" title=\"Home\">Home<\/a>\n<\/span><span class=\"aioseo-breadcrumb-separator\">&ndash;<\/span><span class=\"aioseo-breadcrumb\">\n\t<a href=\"https:\/\/candas365.es\/noticias\/category\/actualidad\/\" title=\"Actualidad\">Actualidad<\/a>\n<\/span><span class=\"aioseo-breadcrumb-separator\">&ndash;<\/span><span class=\"aioseo-breadcrumb\">\n\t\u00abSailing Yacht A\u00bb: el velero m\u00e1s grande del mundo alza velas en Kiel\n<\/span><\/div>","aioseo_breadcrumb_json":[{"label":"Home","link":"https:\/\/candas365.es\/noticias"},{"label":"Actualidad","link":"https:\/\/candas365.es\/noticias\/category\/actualidad\/"},{"label":"\u00abSailing Yacht A\u00bb: el velero m\u00e1s grande del mundo alza velas en Kiel","link":"https:\/\/candas365.es\/noticias\/sailing-yacht-a-el-velero-mas-grande-del-mundo-alza-velas-en-kiel\/"}],"_links":{"self":[{"href":"https:\/\/candas365.es\/noticias\/wp-json\/wp\/v2\/posts\/34144","targetHints":{"allow":["GET"]}}],"collection":[{"href":"https:\/\/candas365.es\/noticias\/wp-json\/wp\/v2\/posts"}],"about":[{"href":"https:\/\/candas365.es\/noticias\/wp-json\/wp\/v2\/types\/post"}],"author":[{"embeddable":true,"href":"https:\/\/candas365.es\/noticias\/wp-json\/wp\/v2\/users\/1"}],"replies":[{"embeddable":true,"href":"https:\/\/candas365.es\/noticias\/wp-json\/wp\/v2\/comments?post=34144"}],"version-history":[{"count":0,"href":"https:\/\/candas365.es\/noticias\/wp-json\/wp\/v2\/posts\/34144\/revisions"}],"wp:featuredmedia":[{"embeddable":true,"href":"https:\/\/candas365.es\/noticias\/wp-json\/wp\/v2\/media\/16457"}],"wp:attachment":[{"href":"https:\/\/candas365.es\/noticias\/wp-json\/wp\/v2\/media?parent=34144"}],"wp:term":[{"taxonomy":"category","embeddable":true,"href":"https:\/\/candas365.es\/noticias\/wp-json\/wp\/v2\/categories?post=34144"},{"taxonomy":"post_tag","embeddable":true,"href":"https:\/\/candas365.es\/noticias\/wp-json\/wp\/v2\/tags?post=34144"}],"curies":[{"name":"wp","href":"https:\/\/api.w.org\/{rel}","templated":true}]}}