{"id":34126,"date":"2016-10-17T16:57:59","date_gmt":"2016-10-17T15:27:59","guid":{"rendered":"http:\/\/candas365.es\/noticias\/?p=34126"},"modified":"2016-10-17T16:57:59","modified_gmt":"2016-10-17T15:27:59","slug":"el-presidente-mundial-de-saint-gobain-visita-el-centro-de-weber","status":"publish","type":"post","link":"https:\/\/candas365.es\/noticias\/el-presidente-mundial-de-saint-gobain-visita-el-centro-de-weber\/","title":{"rendered":"El presidente mundial de Saint-Gobain visita el centro de Weber"},"content":{"rendered":"<p><img fetchpriority=\"high\" decoding=\"async\" class=\"alignleft size-medium wp-image-34127\" src=\"https:\/\/candas365.es\/noticias\/wp-content\/uploads\/2016\/10\/1476700765_Presidente_Saint_Gobain-360x240.jpg\" alt=\"1476700765_presidente_saint_gobain\" width=\"360\" height=\"240\" srcset=\"https:\/\/candas365.es\/noticias\/wp-content\/uploads\/2016\/10\/1476700765_Presidente_Saint_Gobain-360x240.jpg 360w, https:\/\/candas365.es\/noticias\/wp-content\/uploads\/2016\/10\/1476700765_Presidente_Saint_Gobain-650x433.jpg 650w, https:\/\/candas365.es\/noticias\/wp-content\/uploads\/2016\/10\/1476700765_Presidente_Saint_Gobain-768x512.jpg 768w, https:\/\/candas365.es\/noticias\/wp-content\/uploads\/2016\/10\/1476700765_Presidente_Saint_Gobain-150x100.jpg 150w, https:\/\/candas365.es\/noticias\/wp-content\/uploads\/2016\/10\/1476700765_Presidente_Saint_Gobain-450x300.jpg 450w, https:\/\/candas365.es\/noticias\/wp-content\/uploads\/2016\/10\/1476700765_Presidente_Saint_Gobain-655x436.jpg 655w, https:\/\/candas365.es\/noticias\/wp-content\/uploads\/2016\/10\/1476700765_Presidente_Saint_Gobain-696x464.jpg 696w, https:\/\/candas365.es\/noticias\/wp-content\/uploads\/2016\/10\/1476700765_Presidente_Saint_Gobain-630x420.jpg 630w, https:\/\/candas365.es\/noticias\/wp-content\/uploads\/2016\/10\/1476700765_Presidente_Saint_Gobain-84x55.jpg 84w, https:\/\/candas365.es\/noticias\/wp-content\/uploads\/2016\/10\/1476700765_Presidente_Saint_Gobain.jpg 800w\" sizes=\"(max-width: 360px) 100vw, 360px\" \/>El presidente mundial de Saint-Gobain, Pierre Andr\u00e9 de Chalendar, visit\u00f3 el pasado martes 11 de octubre las factor\u00edas que la compa\u00f1\u00eda tiene en Catalu\u00f1a, en el marco de la Jornada Mundial de Seguridad y Salud en el Trabajo y Protecci\u00f3n del Medio Ambiente (EHS) que celebran cada a\u00f1o las 170.000 personas que trabajan en los centros de Saint-Gobain de todo el mundo para avanzar en seguridad, salud laboral y medioambiente. Andr\u00e9 de Chalendar estuvo acompa\u00f1ado por Gianni Scotti, delegado general de Saint-Gobain para Espa\u00f1a, Italia, Portugal, Grecia, Marruecos, Argelia, T\u00fanez y Libia.<\/p>\n<p>Por la ma\u00f1ana, el presidente de Saint-Gobain visit\u00f3 la planta Weber de Montcada (Barcelona), dedicada a la producci\u00f3n de morteros industriales para la edificaci\u00f3n. De Chalendar aprovech\u00f3 la visita para felicitar a todos los equipos, ya que todos los centros Weber en Espa\u00f1a llevan m\u00e1s de 5 a\u00f1os sin que haya habido ning\u00fan accidente grave laboral.<\/p>\n<p>Por la tarde se desplaz\u00f3 a L\u2019Arbo\u00e7, Tarragona, para visitar la f\u00e1brica de GlassIndustry, dedicada a la producci\u00f3n de vidrio plano para construcci\u00f3n y la de Saint-Gobain Sekurit, planta dedicada a vidrio para automoci\u00f3n.<\/p>\n<p>Adem\u00e1s de visitar los tres centros industriales, los m\u00e1ximos ejecutivos de la compa\u00f1\u00eda presenciaron la implicaci\u00f3n de los equipos en las actividades y talleres espec\u00edficos, organizados para profundizar y seguir avanzando en materia de EHS. En palabras del delegado general mediterr\u00e1neo, Gianni Scotti \u201cconstruir un futuro mejor para todos nos exige continuar progresando en material de EHS\u201d:<\/p>\n<p>Saint-Gobain se adhiri\u00f3 al Pacto Mundial de las Naciones Unidas en 2003. La compa\u00f1\u00eda, partner de World Green Building Council, firm\u00f3 la Alianza Mundial para los Edificios y la Construcci\u00f3n contra el calentamiento global el pasado a\u00f1o, con motivo de la Conferencia Mundial de las Naciones Unidas sobre Cambio Clim\u00e1tico (COP21) celebrada en Par\u00eds. Recientemente, su compromiso y actuaciones en relaci\u00f3n con esta problem\u00e1tica le han merecido entrar en el ranking mundial Dow Jones de Sostenibilidad.<\/p>\n<p><strong>Weber<\/strong><\/p>\n<p>Weber, l\u00edder mundial en la fabricaci\u00f3n de morteros industriales para la edificaci\u00f3n, forma parte del Grupo Saint-Gobain. Weber ofrece una amplia gama de soluciones innovadoras, que responden a las m\u00e1s altas exigencias t\u00e9cnicas en el \u00e1mbito de la edificaci\u00f3n. Cuenta con una implantaci\u00f3n a nivel nacional de 10 centros de fabricaci\u00f3n y 2 centros de distribuci\u00f3n para dar respuesta a las exigencias del mercado.<\/p>\n<p>&nbsp;<\/p>\n","protected":false},"excerpt":{"rendered":"<p>El presidente mundial de Saint-Gobain, Pierre Andr\u00e9 de Chalendar, visit\u00f3 el pasado martes 11 de octubre las factor\u00edas que la compa\u00f1\u00eda tiene en Catalu\u00f1a, en el marco de la Jornada Mundial de Seguridad y Salud en el Trabajo y Protecci\u00f3n del Medio Ambiente (EHS) que celebran cada a\u00f1o las 170.000 personas que trabajan en los<\/p>\n","protected":false},"author":1,"featured_media":34127,"comment_status":"closed","ping_status":"closed","sticky":false,"template":"","format":"standard","meta":{"footnotes":""},"categories":[343],"tags":[],"class_list":{"0":"post-34126","1":"post","2":"type-post","3":"status-publish","4":"format-standard","5":"has-post-thumbnail","7":"category-actualidad"},"aioseo_notices":[],"aioseo_head":"\n\t\t<!-- All in One SEO Pro 4.9.6.2 - aioseo.com -->\n\t<meta name=\"description\" content=\"El presidente mundial de Saint-Gobain, Pierre Andr\u00e9 de Chalendar, visit\u00f3 el pasado martes 11 de octubre las factor\u00edas que la compa\u00f1\u00eda tiene en Catalu\u00f1a, en el marco de la Jornada Mundial de Seguridad y Salud en el Trabajo y Protecci\u00f3n del Medio Ambiente (EHS) que celebran cada a\u00f1o las 170.000 personas que trabajan en los\" \/>\n\t<meta name=\"robots\" content=\"max-image-preview:large\" \/>\n\t<meta name=\"author\" content=\"Cand\u00e1s 365\"\/>\n\t<meta name=\"google-site-verification\" content=\"UA-32230408-1\" \/>\n\t<meta name=\"msvalidate.01\" content=\"354F3CDFB2DA171B47FBE9ABF1F88D5\" \/>\n\t<meta name=\"keywords\" content=\"actualidad\" \/>\n\t<link rel=\"canonical\" href=\"https:\/\/candas365.es\/noticias\/el-presidente-mundial-de-saint-gobain-visita-el-centro-de-weber\/\" \/>\n\t<meta name=\"generator\" content=\"All in One SEO Pro (AIOSEO) 4.9.6.2\" \/>\n\t\t<meta property=\"og:locale\" content=\"es_ES\" \/>\n\t\t<meta property=\"og:site_name\" content=\"Cand\u00e1s 365\" \/>\n\t\t<meta property=\"og:type\" content=\"article\" \/>\n\t\t<meta property=\"og:title\" content=\"El presidente mundial de Saint-Gobain visita el centro de Weber | Cand\u00e1s 365\" \/>\n\t\t<meta property=\"og:description\" content=\"El presidente mundial de Saint-Gobain, Pierre Andr\u00e9 de Chalendar, visit\u00f3 el pasado martes 11 de octubre las factor\u00edas que la compa\u00f1\u00eda tiene en Catalu\u00f1a, en el marco de la Jornada Mundial de Seguridad y Salud en el Trabajo y Protecci\u00f3n del Medio Ambiente (EHS) que celebran cada a\u00f1o las 170.000 personas que trabajan en los\" \/>\n\t\t<meta property=\"og:url\" content=\"https:\/\/candas365.es\/noticias\/el-presidente-mundial-de-saint-gobain-visita-el-centro-de-weber\/\" \/>\n\t\t<meta property=\"og:image\" content=\"https:\/\/candas365.es\/noticias\/wp-content\/uploads\/2016\/10\/1476700765_Presidente_Saint_Gobain.jpg\" \/>\n\t\t<meta property=\"og:image:secure_url\" content=\"https:\/\/candas365.es\/noticias\/wp-content\/uploads\/2016\/10\/1476700765_Presidente_Saint_Gobain.jpg\" \/>\n\t\t<meta property=\"og:image:width\" content=\"800\" \/>\n\t\t<meta property=\"og:image:height\" content=\"533\" \/>\n\t\t<meta property=\"article:published_time\" content=\"2016-10-17T15:27:59+00:00\" \/>\n\t\t<meta property=\"article:modified_time\" content=\"2016-10-17T15:27:59+00:00\" \/>\n\t\t<meta property=\"article:publisher\" content=\"https:\/\/www.facebook.com\/Nachofdezber\" \/>\n\t\t<meta property=\"article:author\" content=\"https:\/\/www.facebook.com\/carrenoactualidad\" \/>\n\t\t<meta name=\"twitter:card\" content=\"summary_large_image\" \/>\n\t\t<meta name=\"twitter:site\" content=\"@NabercoDigital\" \/>\n\t\t<meta name=\"twitter:title\" content=\"El presidente mundial de Saint-Gobain visita el centro de Weber | Cand\u00e1s 365\" \/>\n\t\t<meta name=\"twitter:description\" content=\"El presidente mundial de Saint-Gobain, Pierre Andr\u00e9 de Chalendar, visit\u00f3 el pasado martes 11 de octubre las factor\u00edas que la compa\u00f1\u00eda tiene en Catalu\u00f1a, en el marco de la Jornada Mundial de Seguridad y Salud en el Trabajo y Protecci\u00f3n del Medio Ambiente (EHS) que celebran cada a\u00f1o las 170.000 personas que trabajan en los\" \/>\n\t\t<meta name=\"twitter:creator\" content=\"@nbasturias\" \/>\n\t\t<meta name=\"twitter:image\" content=\"https:\/\/candas365.es\/noticias\/wp-content\/uploads\/2016\/10\/1476700765_Presidente_Saint_Gobain.jpg\" \/>\n\t\t<meta name=\"twitter:label1\" content=\"Escrito por\" \/>\n\t\t<meta name=\"twitter:data1\" content=\"Cand\u00e1s 365\" \/>\n\t\t<meta name=\"twitter:label2\" content=\"Tiempo de lectura estimado\" \/>\n\t\t<meta name=\"twitter:data2\" content=\"2 minutos\" \/>\n\t\t<script type=\"application\/ld+json\" class=\"aioseo-schema\">\n\t\t\t{\"@context\":\"https:\\\/\\\/schema.org\",\"@graph\":[{\"@type\":\"BreadcrumbList\",\"@id\":\"https:\\\/\\\/candas365.es\\\/noticias\\\/el-presidente-mundial-de-saint-gobain-visita-el-centro-de-weber\\\/#breadcrumblist\",\"itemListElement\":[{\"@type\":\"ListItem\",\"@id\":\"https:\\\/\\\/candas365.es\\\/noticias#listItem\",\"position\":1,\"name\":\"Home\",\"item\":\"https:\\\/\\\/candas365.es\\\/noticias\",\"nextItem\":{\"@type\":\"ListItem\",\"@id\":\"https:\\\/\\\/candas365.es\\\/noticias\\\/category\\\/actualidad\\\/#listItem\",\"name\":\"Actualidad\"}},{\"@type\":\"ListItem\",\"@id\":\"https:\\\/\\\/candas365.es\\\/noticias\\\/category\\\/actualidad\\\/#listItem\",\"position\":2,\"name\":\"Actualidad\",\"item\":\"https:\\\/\\\/candas365.es\\\/noticias\\\/category\\\/actualidad\\\/\",\"nextItem\":{\"@type\":\"ListItem\",\"@id\":\"https:\\\/\\\/candas365.es\\\/noticias\\\/el-presidente-mundial-de-saint-gobain-visita-el-centro-de-weber\\\/#listItem\",\"name\":\"El presidente mundial de Saint-Gobain visita el centro de Weber\"},\"previousItem\":{\"@type\":\"ListItem\",\"@id\":\"https:\\\/\\\/candas365.es\\\/noticias#listItem\",\"name\":\"Home\"}},{\"@type\":\"ListItem\",\"@id\":\"https:\\\/\\\/candas365.es\\\/noticias\\\/el-presidente-mundial-de-saint-gobain-visita-el-centro-de-weber\\\/#listItem\",\"position\":3,\"name\":\"El presidente mundial de Saint-Gobain visita el centro de Weber\",\"previousItem\":{\"@type\":\"ListItem\",\"@id\":\"https:\\\/\\\/candas365.es\\\/noticias\\\/category\\\/actualidad\\\/#listItem\",\"name\":\"Actualidad\"}}]},{\"@type\":\"NewsArticle\",\"@id\":\"https:\\\/\\\/candas365.es\\\/noticias\\\/el-presidente-mundial-de-saint-gobain-visita-el-centro-de-weber\\\/#newsarticle\",\"name\":\"El presidente mundial de Saint-Gobain visita el centro de Weber | Cand\\u00e1s 365\",\"headline\":\"El presidente mundial de Saint-Gobain visita el centro de Weber\",\"author\":{\"@id\":\"https:\\\/\\\/candas365.es\\\/noticias\\\/author\\\/admin\\\/#author\"},\"publisher\":{\"@id\":\"https:\\\/\\\/candas365.es\\\/noticias\\\/#organization\"},\"image\":{\"@type\":\"ImageObject\",\"url\":\"https:\\\/\\\/candas365.es\\\/noticias\\\/wp-content\\\/uploads\\\/2016\\\/10\\\/1476700765_Presidente_Saint_Gobain.jpg\",\"width\":800,\"height\":533},\"datePublished\":\"2016-10-17T16:57:59+02:00\",\"dateModified\":\"2016-10-17T16:57:59+02:00\",\"inLanguage\":\"es-ES\",\"mainEntityOfPage\":{\"@id\":\"https:\\\/\\\/candas365.es\\\/noticias\\\/el-presidente-mundial-de-saint-gobain-visita-el-centro-de-weber\\\/#webpage\"},\"isPartOf\":{\"@id\":\"https:\\\/\\\/candas365.es\\\/noticias\\\/el-presidente-mundial-de-saint-gobain-visita-el-centro-de-weber\\\/#webpage\"},\"articleSection\":\"Actualidad\",\"dateline\":\"Publicado el octubre 17, 2016.\"},{\"@type\":\"Organization\",\"@id\":\"https:\\\/\\\/candas365.es\\\/noticias\\\/#organization\",\"name\":\"Cand\\u00e1s 365\",\"description\":\"Cand\\u00e1s 365 es un diario digital independiente, fundado en 2012, con base en Asturias. Informamos con rigor sobre actualidad, sociedad, cultura y ocio, con una mirada local y global.\",\"url\":\"https:\\\/\\\/candas365.es\\\/noticias\\\/\",\"email\":\"info@candas365.es\",\"telephone\":\"+34652131393\",\"foundingDate\":\"2012-06-10\",\"logo\":{\"@type\":\"ImageObject\",\"url\":\"https:\\\/\\\/candas365.es\\\/noticias\\\/wp-content\\\/uploads\\\/2024\\\/09\\\/Candas-365-Redes.jpg\",\"@id\":\"https:\\\/\\\/candas365.es\\\/noticias\\\/el-presidente-mundial-de-saint-gobain-visita-el-centro-de-weber\\\/#organizationLogo\",\"width\":1152,\"height\":864,\"caption\":\"Cand\\u00e1s 365 Redes\"},\"image\":{\"@id\":\"https:\\\/\\\/candas365.es\\\/noticias\\\/el-presidente-mundial-de-saint-gobain-visita-el-centro-de-weber\\\/#organizationLogo\"},\"sameAs\":[\"https:\\\/\\\/www.facebook.com\\\/Nachofdezber\",\"https:\\\/\\\/x.com\\\/NabercoDigital\",\"https:\\\/\\\/www.instagram.com\\\/nachofdezber\\\/\",\"https:\\\/\\\/www.youtube.com\\\/channel\\\/UCZP-2wLEB9Rv6erhFmqVnvg\"],\"address\":{\"@id\":\"https:\\\/\\\/candas365.es\\\/noticias\\\/#postaladdress\",\"@type\":\"PostalAddress\",\"streetAddress\":\"san antonio 4, san antonio 4\",\"postalCode\":\"33430\",\"addressLocality\":\"Cand\\u00e1s\",\"addressRegion\":\"Asturias\",\"addressCountry\":\"ES\"}},{\"@type\":\"Person\",\"@id\":\"https:\\\/\\\/candas365.es\\\/noticias\\\/author\\\/admin\\\/#author\",\"url\":\"https:\\\/\\\/candas365.es\\\/noticias\\\/author\\\/admin\\\/\",\"name\":\"Cand\\u00e1s 365\",\"image\":{\"@type\":\"ImageObject\",\"@id\":\"https:\\\/\\\/candas365.es\\\/noticias\\\/el-presidente-mundial-de-saint-gobain-visita-el-centro-de-weber\\\/#authorImage\",\"url\":\"https:\\\/\\\/secure.gravatar.com\\\/avatar\\\/496a8e03d0c493ede1718b7934145dbdf8d89be1036b0eec9544e1094c9de390?s=96&d=mm&r=g\",\"width\":96,\"height\":96,\"caption\":\"Cand\\u00e1s 365\"},\"sameAs\":[\"https:\\\/\\\/www.facebook.com\\\/carrenoactualidad\",\"https:\\\/\\\/twitter.com\\\/nbasturias\",\"https:\\\/\\\/www.instagram.com\\\/nachofdezber\\\/\",\"https:\\\/\\\/www.youtube.com\\\/channel\\\/UCZP-2wLEB9Rv6erhFmqVnvg\"]},{\"@type\":\"WebPage\",\"@id\":\"https:\\\/\\\/candas365.es\\\/noticias\\\/el-presidente-mundial-de-saint-gobain-visita-el-centro-de-weber\\\/#webpage\",\"url\":\"https:\\\/\\\/candas365.es\\\/noticias\\\/el-presidente-mundial-de-saint-gobain-visita-el-centro-de-weber\\\/\",\"name\":\"El presidente mundial de Saint-Gobain visita el centro de Weber | Cand\\u00e1s 365\",\"description\":\"El presidente mundial de Saint-Gobain, Pierre Andr\\u00e9 de Chalendar, visit\\u00f3 el pasado martes 11 de octubre las factor\\u00edas que la compa\\u00f1\\u00eda tiene en Catalu\\u00f1a, en el marco de la Jornada Mundial de Seguridad y Salud en el Trabajo y Protecci\\u00f3n del Medio Ambiente (EHS) que celebran cada a\\u00f1o las 170.000 personas que trabajan en los\",\"inLanguage\":\"es-ES\",\"isPartOf\":{\"@id\":\"https:\\\/\\\/candas365.es\\\/noticias\\\/#website\"},\"breadcrumb\":{\"@id\":\"https:\\\/\\\/candas365.es\\\/noticias\\\/el-presidente-mundial-de-saint-gobain-visita-el-centro-de-weber\\\/#breadcrumblist\"},\"author\":{\"@id\":\"https:\\\/\\\/candas365.es\\\/noticias\\\/author\\\/admin\\\/#author\"},\"creator\":{\"@id\":\"https:\\\/\\\/candas365.es\\\/noticias\\\/author\\\/admin\\\/#author\"},\"image\":{\"@type\":\"ImageObject\",\"url\":\"https:\\\/\\\/candas365.es\\\/noticias\\\/wp-content\\\/uploads\\\/2016\\\/10\\\/1476700765_Presidente_Saint_Gobain.jpg\",\"@id\":\"https:\\\/\\\/candas365.es\\\/noticias\\\/el-presidente-mundial-de-saint-gobain-visita-el-centro-de-weber\\\/#mainImage\",\"width\":800,\"height\":533},\"primaryImageOfPage\":{\"@id\":\"https:\\\/\\\/candas365.es\\\/noticias\\\/el-presidente-mundial-de-saint-gobain-visita-el-centro-de-weber\\\/#mainImage\"},\"datePublished\":\"2016-10-17T16:57:59+02:00\",\"dateModified\":\"2016-10-17T16:57:59+02:00\"},{\"@type\":\"WebSite\",\"@id\":\"https:\\\/\\\/candas365.es\\\/noticias\\\/#website\",\"url\":\"https:\\\/\\\/candas365.es\\\/noticias\\\/\",\"name\":\"Cand\\u00e1s 365\",\"alternateName\":\"Cand\\u00e1s 365 Noticias\",\"description\":\"Actualidad desde Carre\\u00f1o para el mundo\",\"inLanguage\":\"es-ES\",\"publisher\":{\"@id\":\"https:\\\/\\\/candas365.es\\\/noticias\\\/#organization\"}}]}\n\t\t<\/script>\n\t\t<!-- All in One SEO Pro -->\r\n\t\t<title>El presidente mundial de Saint-Gobain visita el centro de Weber | Cand\u00e1s 365<\/title>\n\n","aioseo_head_json":{"title":"El presidente mundial de Saint-Gobain visita el centro de Weber | Cand\u00e1s 365","description":"El presidente mundial de Saint-Gobain, Pierre Andr\u00e9 de Chalendar, visit\u00f3 el pasado martes 11 de octubre las factor\u00edas que la compa\u00f1\u00eda tiene en Catalu\u00f1a, en el marco de la Jornada Mundial de Seguridad y Salud en el Trabajo y Protecci\u00f3n del Medio Ambiente (EHS) que celebran cada a\u00f1o las 170.000 personas que trabajan en los","canonical_url":"https:\/\/candas365.es\/noticias\/el-presidente-mundial-de-saint-gobain-visita-el-centro-de-weber\/","robots":"max-image-preview:large","keywords":"actualidad","webmasterTools":{"google-site-verification":"UA-32230408-1","msvalidate.01":"354F3CDFB2DA171B47FBE9ABF1F88D5","miscellaneous":""},"schema":{"@context":"https:\/\/schema.org","@graph":[{"@type":"BreadcrumbList","@id":"https:\/\/candas365.es\/noticias\/el-presidente-mundial-de-saint-gobain-visita-el-centro-de-weber\/#breadcrumblist","itemListElement":[{"@type":"ListItem","@id":"https:\/\/candas365.es\/noticias#listItem","position":1,"name":"Home","item":"https:\/\/candas365.es\/noticias","nextItem":{"@type":"ListItem","@id":"https:\/\/candas365.es\/noticias\/category\/actualidad\/#listItem","name":"Actualidad"}},{"@type":"ListItem","@id":"https:\/\/candas365.es\/noticias\/category\/actualidad\/#listItem","position":2,"name":"Actualidad","item":"https:\/\/candas365.es\/noticias\/category\/actualidad\/","nextItem":{"@type":"ListItem","@id":"https:\/\/candas365.es\/noticias\/el-presidente-mundial-de-saint-gobain-visita-el-centro-de-weber\/#listItem","name":"El presidente mundial de Saint-Gobain visita el centro de Weber"},"previousItem":{"@type":"ListItem","@id":"https:\/\/candas365.es\/noticias#listItem","name":"Home"}},{"@type":"ListItem","@id":"https:\/\/candas365.es\/noticias\/el-presidente-mundial-de-saint-gobain-visita-el-centro-de-weber\/#listItem","position":3,"name":"El presidente mundial de Saint-Gobain visita el centro de Weber","previousItem":{"@type":"ListItem","@id":"https:\/\/candas365.es\/noticias\/category\/actualidad\/#listItem","name":"Actualidad"}}]},{"@type":"NewsArticle","@id":"https:\/\/candas365.es\/noticias\/el-presidente-mundial-de-saint-gobain-visita-el-centro-de-weber\/#newsarticle","name":"El presidente mundial de Saint-Gobain visita el centro de Weber | Cand\u00e1s 365","headline":"El presidente mundial de Saint-Gobain visita el centro de Weber","author":{"@id":"https:\/\/candas365.es\/noticias\/author\/admin\/#author"},"publisher":{"@id":"https:\/\/candas365.es\/noticias\/#organization"},"image":{"@type":"ImageObject","url":"https:\/\/candas365.es\/noticias\/wp-content\/uploads\/2016\/10\/1476700765_Presidente_Saint_Gobain.jpg","width":800,"height":533},"datePublished":"2016-10-17T16:57:59+02:00","dateModified":"2016-10-17T16:57:59+02:00","inLanguage":"es-ES","mainEntityOfPage":{"@id":"https:\/\/candas365.es\/noticias\/el-presidente-mundial-de-saint-gobain-visita-el-centro-de-weber\/#webpage"},"isPartOf":{"@id":"https:\/\/candas365.es\/noticias\/el-presidente-mundial-de-saint-gobain-visita-el-centro-de-weber\/#webpage"},"articleSection":"Actualidad","dateline":"Publicado el octubre 17, 2016."},{"@type":"Organization","@id":"https:\/\/candas365.es\/noticias\/#organization","name":"Cand\u00e1s 365","description":"Cand\u00e1s 365 es un diario digital independiente, fundado en 2012, con base en Asturias. Informamos con rigor sobre actualidad, sociedad, cultura y ocio, con una mirada local y global.","url":"https:\/\/candas365.es\/noticias\/","email":"info@candas365.es","telephone":"+34652131393","foundingDate":"2012-06-10","logo":{"@type":"ImageObject","url":"https:\/\/candas365.es\/noticias\/wp-content\/uploads\/2024\/09\/Candas-365-Redes.jpg","@id":"https:\/\/candas365.es\/noticias\/el-presidente-mundial-de-saint-gobain-visita-el-centro-de-weber\/#organizationLogo","width":1152,"height":864,"caption":"Cand\u00e1s 365 Redes"},"image":{"@id":"https:\/\/candas365.es\/noticias\/el-presidente-mundial-de-saint-gobain-visita-el-centro-de-weber\/#organizationLogo"},"sameAs":["https:\/\/www.facebook.com\/Nachofdezber","https:\/\/x.com\/NabercoDigital","https:\/\/www.instagram.com\/nachofdezber\/","https:\/\/www.youtube.com\/channel\/UCZP-2wLEB9Rv6erhFmqVnvg"],"address":{"@id":"https:\/\/candas365.es\/noticias\/#postaladdress","@type":"PostalAddress","streetAddress":"san antonio 4, san antonio 4","postalCode":"33430","addressLocality":"Cand\u00e1s","addressRegion":"Asturias","addressCountry":"ES"}},{"@type":"Person","@id":"https:\/\/candas365.es\/noticias\/author\/admin\/#author","url":"https:\/\/candas365.es\/noticias\/author\/admin\/","name":"Cand\u00e1s 365","image":{"@type":"ImageObject","@id":"https:\/\/candas365.es\/noticias\/el-presidente-mundial-de-saint-gobain-visita-el-centro-de-weber\/#authorImage","url":"https:\/\/secure.gravatar.com\/avatar\/496a8e03d0c493ede1718b7934145dbdf8d89be1036b0eec9544e1094c9de390?s=96&d=mm&r=g","width":96,"height":96,"caption":"Cand\u00e1s 365"},"sameAs":["https:\/\/www.facebook.com\/carrenoactualidad","https:\/\/twitter.com\/nbasturias","https:\/\/www.instagram.com\/nachofdezber\/","https:\/\/www.youtube.com\/channel\/UCZP-2wLEB9Rv6erhFmqVnvg"]},{"@type":"WebPage","@id":"https:\/\/candas365.es\/noticias\/el-presidente-mundial-de-saint-gobain-visita-el-centro-de-weber\/#webpage","url":"https:\/\/candas365.es\/noticias\/el-presidente-mundial-de-saint-gobain-visita-el-centro-de-weber\/","name":"El presidente mundial de Saint-Gobain visita el centro de Weber | Cand\u00e1s 365","description":"El presidente mundial de Saint-Gobain, Pierre Andr\u00e9 de Chalendar, visit\u00f3 el pasado martes 11 de octubre las factor\u00edas que la compa\u00f1\u00eda tiene en Catalu\u00f1a, en el marco de la Jornada Mundial de Seguridad y Salud en el Trabajo y Protecci\u00f3n del Medio Ambiente (EHS) que celebran cada a\u00f1o las 170.000 personas que trabajan en los","inLanguage":"es-ES","isPartOf":{"@id":"https:\/\/candas365.es\/noticias\/#website"},"breadcrumb":{"@id":"https:\/\/candas365.es\/noticias\/el-presidente-mundial-de-saint-gobain-visita-el-centro-de-weber\/#breadcrumblist"},"author":{"@id":"https:\/\/candas365.es\/noticias\/author\/admin\/#author"},"creator":{"@id":"https:\/\/candas365.es\/noticias\/author\/admin\/#author"},"image":{"@type":"ImageObject","url":"https:\/\/candas365.es\/noticias\/wp-content\/uploads\/2016\/10\/1476700765_Presidente_Saint_Gobain.jpg","@id":"https:\/\/candas365.es\/noticias\/el-presidente-mundial-de-saint-gobain-visita-el-centro-de-weber\/#mainImage","width":800,"height":533},"primaryImageOfPage":{"@id":"https:\/\/candas365.es\/noticias\/el-presidente-mundial-de-saint-gobain-visita-el-centro-de-weber\/#mainImage"},"datePublished":"2016-10-17T16:57:59+02:00","dateModified":"2016-10-17T16:57:59+02:00"},{"@type":"WebSite","@id":"https:\/\/candas365.es\/noticias\/#website","url":"https:\/\/candas365.es\/noticias\/","name":"Cand\u00e1s 365","alternateName":"Cand\u00e1s 365 Noticias","description":"Actualidad desde Carre\u00f1o para el mundo","inLanguage":"es-ES","publisher":{"@id":"https:\/\/candas365.es\/noticias\/#organization"}}]},"og:locale":"es_ES","og:site_name":"Cand\u00e1s 365","og:type":"article","og:title":"El presidente mundial de Saint-Gobain visita el centro de Weber | Cand\u00e1s 365","og:description":"El presidente mundial de Saint-Gobain, Pierre Andr\u00e9 de Chalendar, visit\u00f3 el pasado martes 11 de octubre las factor\u00edas que la compa\u00f1\u00eda tiene en Catalu\u00f1a, en el marco de la Jornada Mundial de Seguridad y Salud en el Trabajo y Protecci\u00f3n del Medio Ambiente (EHS) que celebran cada a\u00f1o las 170.000 personas que trabajan en los","og:url":"https:\/\/candas365.es\/noticias\/el-presidente-mundial-de-saint-gobain-visita-el-centro-de-weber\/","og:image":"https:\/\/candas365.es\/noticias\/wp-content\/uploads\/2016\/10\/1476700765_Presidente_Saint_Gobain.jpg","og:image:secure_url":"https:\/\/candas365.es\/noticias\/wp-content\/uploads\/2016\/10\/1476700765_Presidente_Saint_Gobain.jpg","og:image:width":800,"og:image:height":533,"article:published_time":"2016-10-17T15:27:59+00:00","article:modified_time":"2016-10-17T15:27:59+00:00","article:publisher":"https:\/\/www.facebook.com\/Nachofdezber","article:author":"https:\/\/www.facebook.com\/carrenoactualidad","twitter:card":"summary_large_image","twitter:site":"@NabercoDigital","twitter:title":"El presidente mundial de Saint-Gobain visita el centro de Weber | Cand\u00e1s 365","twitter:description":"El presidente mundial de Saint-Gobain, Pierre Andr\u00e9 de Chalendar, visit\u00f3 el pasado martes 11 de octubre las factor\u00edas que la compa\u00f1\u00eda tiene en Catalu\u00f1a, en el marco de la Jornada Mundial de Seguridad y Salud en el Trabajo y Protecci\u00f3n del Medio Ambiente (EHS) que celebran cada a\u00f1o las 170.000 personas que trabajan en los","twitter:creator":"@nbasturias","twitter:image":"https:\/\/candas365.es\/noticias\/wp-content\/uploads\/2016\/10\/1476700765_Presidente_Saint_Gobain.jpg","twitter:label1":"Escrito por","twitter:data1":"Cand\u00e1s 365","twitter:label2":"Tiempo de lectura estimado","twitter:data2":"2 minutos"},"aioseo_meta_data":{"post_id":"34126","title":null,"description":null,"keywords":null,"keyphrases":null,"primary_term":null,"canonical_url":null,"og_title":null,"og_description":null,"og_object_type":"default","og_image_type":"default","og_image_url":null,"og_image_width":null,"og_image_height":null,"og_image_custom_url":null,"og_image_custom_fields":null,"og_video":null,"og_custom_url":null,"og_article_section":null,"og_article_tags":null,"twitter_use_og":false,"twitter_card":"default","twitter_image_type":"default","twitter_image_url":null,"twitter_image_custom_url":null,"twitter_image_custom_fields":null,"twitter_title":null,"twitter_description":null,"schema":{"blockGraphs":[],"customGraphs":[],"default":{"data":{"Article":[],"Course":[],"Dataset":[],"FAQPage":[],"Movie":[],"Person":[],"Product":[],"ProductReview":[],"Car":[],"Recipe":[],"Service":[],"SoftwareApplication":[],"WebPage":[]},"graphName":"","isEnabled":true},"graphs":[],"defaultGraph":"","defaultPostTypeGraph":""},"schema_type":null,"schema_type_options":null,"pillar_content":false,"robots_default":true,"robots_noindex":false,"robots_noarchive":false,"robots_nosnippet":false,"robots_nofollow":false,"robots_noimageindex":false,"robots_noodp":false,"robots_notranslate":false,"robots_max_snippet":null,"robots_max_videopreview":null,"robots_max_imagepreview":"large","priority":null,"frequency":null,"location":null,"local_seo":null,"seo_analyzer_scan_date":"2025-08-24 17:24:13","breadcrumb_settings":null,"limit_modified_date":false,"reviewed_by":null,"open_ai":null,"ai":null,"created":"2020-12-21 11:18:04","updated":"2025-08-24 17:24:13"},"aioseo_breadcrumb":"<div class=\"aioseo-breadcrumbs\"><span class=\"aioseo-breadcrumb\">\n\t<a href=\"https:\/\/candas365.es\/noticias\" title=\"Home\">Home<\/a>\n<\/span><span class=\"aioseo-breadcrumb-separator\">&ndash;<\/span><span class=\"aioseo-breadcrumb\">\n\t<a href=\"https:\/\/candas365.es\/noticias\/category\/actualidad\/\" title=\"Actualidad\">Actualidad<\/a>\n<\/span><span class=\"aioseo-breadcrumb-separator\">&ndash;<\/span><span class=\"aioseo-breadcrumb\">\n\tEl presidente mundial de Saint-Gobain visita el centro de Weber\n<\/span><\/div>","aioseo_breadcrumb_json":[{"label":"Home","link":"https:\/\/candas365.es\/noticias"},{"label":"Actualidad","link":"https:\/\/candas365.es\/noticias\/category\/actualidad\/"},{"label":"El presidente mundial de Saint-Gobain visita el centro de Weber","link":"https:\/\/candas365.es\/noticias\/el-presidente-mundial-de-saint-gobain-visita-el-centro-de-weber\/"}],"_links":{"self":[{"href":"https:\/\/candas365.es\/noticias\/wp-json\/wp\/v2\/posts\/34126","targetHints":{"allow":["GET"]}}],"collection":[{"href":"https:\/\/candas365.es\/noticias\/wp-json\/wp\/v2\/posts"}],"about":[{"href":"https:\/\/candas365.es\/noticias\/wp-json\/wp\/v2\/types\/post"}],"author":[{"embeddable":true,"href":"https:\/\/candas365.es\/noticias\/wp-json\/wp\/v2\/users\/1"}],"replies":[{"embeddable":true,"href":"https:\/\/candas365.es\/noticias\/wp-json\/wp\/v2\/comments?post=34126"}],"version-history":[{"count":0,"href":"https:\/\/candas365.es\/noticias\/wp-json\/wp\/v2\/posts\/34126\/revisions"}],"wp:featuredmedia":[{"embeddable":true,"href":"https:\/\/candas365.es\/noticias\/wp-json\/wp\/v2\/media\/34127"}],"wp:attachment":[{"href":"https:\/\/candas365.es\/noticias\/wp-json\/wp\/v2\/media?parent=34126"}],"wp:term":[{"taxonomy":"category","embeddable":true,"href":"https:\/\/candas365.es\/noticias\/wp-json\/wp\/v2\/categories?post=34126"},{"taxonomy":"post_tag","embeddable":true,"href":"https:\/\/candas365.es\/noticias\/wp-json\/wp\/v2\/tags?post=34126"}],"curies":[{"name":"wp","href":"https:\/\/api.w.org\/{rel}","templated":true}]}}