{"id":34015,"date":"2016-10-16T22:45:47","date_gmt":"2016-10-16T21:15:47","guid":{"rendered":"http:\/\/candas365.es\/noticias\/?p=34015"},"modified":"2016-10-16T22:45:47","modified_gmt":"2016-10-16T21:15:47","slug":"el-ipc-vuelve-a-tasas-positivas-en-septiembre-por-la-menor-caida-de-los-precios-de-la-energia","status":"publish","type":"post","link":"https:\/\/candas365.es\/noticias\/el-ipc-vuelve-a-tasas-positivas-en-septiembre-por-la-menor-caida-de-los-precios-de-la-energia\/","title":{"rendered":"El IPC vuelve a tasas positivas en septiembre por la menor ca\u00edda de los precios de la energ\u00eda"},"content":{"rendered":"<p><img fetchpriority=\"high\" decoding=\"async\" class=\"alignleft size-medium wp-image-19556\" src=\"https:\/\/candas365.es\/noticias\/wp-content\/uploads\/2015\/11\/euros-360x198.jpg\" alt=\"euros\" width=\"360\" height=\"198\" srcset=\"https:\/\/candas365.es\/noticias\/wp-content\/uploads\/2015\/11\/euros-360x198.jpg 360w, https:\/\/candas365.es\/noticias\/wp-content\/uploads\/2015\/11\/euros-650x357.jpg 650w, https:\/\/candas365.es\/noticias\/wp-content\/uploads\/2015\/11\/euros-150x82.jpg 150w, https:\/\/candas365.es\/noticias\/wp-content\/uploads\/2015\/11\/euros-450x247.jpg 450w, https:\/\/candas365.es\/noticias\/wp-content\/uploads\/2015\/11\/euros.jpg 655w\" sizes=\"(max-width: 360px) 100vw, 360px\" \/>La inflaci\u00f3n sube tres d\u00e9cimas hasta situarse en un 0,2% en tasa interanual, una d\u00e9cima menos de lo previsto. El diferencial de inflaci\u00f3n favorable a Espa\u00f1a respecto a la zona euro se sit\u00faa en 0,4 puntos porcentuales.<\/p>\n<p>El \u00cdndice de Precios al Consumo (IPC) aument\u00f3 en septiembre un 0,2% en tasa interanual, tras el descenso del 0,1% registrado en agosto, seg\u00fan cifras publicadas por el Instituto Nacional de Estad\u00edstica (INE). Esta tasa es una d\u00e9cima inferior a la adelantada por el INE a finales del mes pasado. El incremento en la tasa interanual del IPC se debe al menor ritmo de ca\u00edda de los precios de los productos energ\u00e9ticos. No se registraba una tasa positiva de inflaci\u00f3n desde finales de 2015. En t\u00e9rminos intermensuales, el IPC general se estabiliz\u00f3 en septiembre, frente al descenso del 0,3% experimentado en el mismo mes de 2015.<\/p>\n<p>Los precios de los productos energ\u00e9ticos registraron en septiembre una ca\u00edda interanual del 4,8%, inferior en m\u00e1s de cuatro puntos a la de agosto (-9,1%). Este menor retroceso se explica por la moderaci\u00f3n en el ritmo de descenso de los precios de los combustibles y carburantes (-4,3%, ca\u00edda cuatro puntos menos pronunciada que la del mes precedente) y de la electricidad (-6,7%, frente al -11,3% de agosto).<\/p>\n<p>La inflaci\u00f3n de la alimentaci\u00f3n se sit\u00faa en septiembre en el 0,7%, nueve d\u00e9cimas inferior a la del mes anterior, debido principalmente a la desaceleraci\u00f3n de los precios de los alimentos no elaborados, cuya tasa se ha reducido dos puntos y medio, hasta situarse en el 1,2%. Dicha evoluci\u00f3n responde, en gran medida, al menor incremento de los precios de las frutas frescas (4,8%, frente al 10,3% del mes previo) y a la ca\u00edda de los de legumbres y hortalizas frescas (-4,7%, tras el aumento del 2,3% de agosto). Los precios de la alimentaci\u00f3n elaborada se desaceleran en menor medida, dos d\u00e9cimas hasta el 0,5% interanual.<\/p>\n<p>La inflaci\u00f3n subyacente (excluye los elementos m\u00e1s vol\u00e1tiles del IPC, alimentaci\u00f3n no elaborada y energ\u00eda) se redujo en septiembre una d\u00e9cima, hasta situarse en el 0,8%, debido al menor ritmo de avance de los precios de servicios, que crecieron el 1%, una d\u00e9cima menos que en el mes precedente. Dentro de este grupo, destacan los viajes organizados, cuyos precios disminuyeron un 2,6%, frente al aumento del 4,5% del mes anterior. Los bienes industriales no energ\u00e9ticos (BINE) mantuvieron su tasa de inflaci\u00f3n en el 0,7%, siendo compensada la ligera aceleraci\u00f3n de la r\u00fabrica de vestido y calzado (0,8%, una d\u00e9cima m\u00e1s que el mes precedente) por la desaceleraci\u00f3n de autom\u00f3viles, dos d\u00e9cimas hasta el 4,4%.<\/p>\n<p>En t\u00e9rminos intermensuales, el IPC se estabiliz\u00f3 en septiembre, frente a la ca\u00edda del 0,3% del mismo mes de 2015. Por componentes, los precios de los productos energ\u00e9ticos aumentaron el 1,5%, tras el descenso del 3% de un a\u00f1o antes, los de servicios se redujeron un 0,8%, al igual que en el mismo mes de 2015, los de los BINE aumentaron un 1,3%, una d\u00e9cima menos que en septiembre del pasado a\u00f1o, y los de alimentaci\u00f3n retrocedieron el 0,8%, tras la subida del 0,1% de un a\u00f1o antes.<\/p>\n<p>Dentro del grupo de alimentaci\u00f3n, los precios de los alimentos no elaborados disminuyeron un 2,6% intermensual en septiembre, ca\u00edda superior en 2,4 puntos a la del mismo mes de 2015, mientras que los de los alimentos elaborados se estabilizaron, frente a la ligera subida de un a\u00f1o antes (0,2%). Destaca, dentro de la alimentaci\u00f3n no elaborada, la notable reducci\u00f3n de los precios de las frutas frescas (-10,4%, frente al -5,7% de un a\u00f1o antes) y la pr\u00e1ctica estabilizaci\u00f3n de los de legumbres y hortalizas frescas (-0,2%, tras el incremento del 7,1% de septiembre del pasado a\u00f1o).<\/p>\n<p>La tasa interanual del IPC aument\u00f3 en septiembre en todas las comunidades aut\u00f3nomas, situ\u00e1ndose en niveles positivos en todas ellas, excepto en La Rioja (-0,2%) y en la Comunidad Valenciana (-0,1%). Las mayores tasas de inflaci\u00f3n se registraron en Navarra (0,6%), Asturias y Catalu\u00f1a (0,4% ambas) y Extremadura y Pa\u00eds Vasco (0,3% ambas).<\/p>\n<p>La tasa interanual del IPC a impuestos constantes se situ\u00f3 en septiembre en el 0,2%, al igual que la del IPC general.<\/p>\n<p>El INE ha publicado asimismo el IPC armonizado (IPCA) correspondiente al mes de septiembre, que se mantiene estabilizado en t\u00e9rminos interanuales, tras la ca\u00edda del 0,3% registrada en agosto. Si se compara esta tasa con la adelantada por Eurostat para el conjunto de la zona euro (0,4%, superior en dos d\u00e9cimas a la del mes previo), el diferencial de inflaci\u00f3n favorable a Espa\u00f1a se reduce una d\u00e9cima, hasta situarse en 0,4 puntos porcentuales.<\/p>\n<p>En resumen, la tasa interanual del IPC se ha incrementado en septiembre en tres d\u00e9cimas, hasta situarse en el 0,2%, debido al menor ritmo de ca\u00edda de los precios energ\u00e9ticos. La inflaci\u00f3n subyacente se modera una d\u00e9cima, hasta el 0,8%, y el diferencial de inflaci\u00f3n frente a la zona euro se mantiene favorable a la econom\u00eda espa\u00f1ola, situ\u00e1ndose en 0,4 puntos porcentuales, con los consiguientes efectos favorables sobre la competitividad y sobre las exportaciones.<\/p>\n<p>&nbsp;<\/p>\n","protected":false},"excerpt":{"rendered":"<p>La inflaci\u00f3n sube tres d\u00e9cimas hasta situarse en un 0,2% en tasa interanual, una d\u00e9cima menos de lo previsto. El diferencial de inflaci\u00f3n favorable a Espa\u00f1a respecto a la zona euro se sit\u00faa en 0,4 puntos porcentuales. El \u00cdndice de Precios al Consumo (IPC) aument\u00f3 en septiembre un 0,2% en tasa interanual, tras el descenso<\/p>\n","protected":false},"author":1,"featured_media":19556,"comment_status":"closed","ping_status":"closed","sticky":false,"template":"","format":"standard","meta":{"footnotes":""},"categories":[343],"tags":[],"class_list":{"0":"post-34015","1":"post","2":"type-post","3":"status-publish","4":"format-standard","5":"has-post-thumbnail","7":"category-actualidad"},"aioseo_notices":[],"aioseo_head":"\n\t\t<!-- All in One SEO Pro 4.9.6.2 - aioseo.com -->\n\t<meta name=\"description\" content=\"La inflaci\u00f3n sube tres d\u00e9cimas hasta situarse en un 0,2% en tasa interanual, una d\u00e9cima menos de lo previsto. El diferencial de inflaci\u00f3n favorable a Espa\u00f1a respecto a la zona euro se sit\u00faa en 0,4 puntos porcentuales. El \u00cdndice de Precios al Consumo (IPC) aument\u00f3 en septiembre un 0,2% en tasa interanual, tras el descenso\" \/>\n\t<meta name=\"robots\" content=\"max-image-preview:large\" \/>\n\t<meta name=\"author\" content=\"Cand\u00e1s 365\"\/>\n\t<meta name=\"google-site-verification\" content=\"UA-32230408-1\" \/>\n\t<meta name=\"msvalidate.01\" content=\"354F3CDFB2DA171B47FBE9ABF1F88D5\" \/>\n\t<meta name=\"keywords\" content=\"actualidad\" \/>\n\t<link rel=\"canonical\" href=\"https:\/\/candas365.es\/noticias\/el-ipc-vuelve-a-tasas-positivas-en-septiembre-por-la-menor-caida-de-los-precios-de-la-energia\/\" \/>\n\t<meta name=\"generator\" content=\"All in One SEO Pro (AIOSEO) 4.9.6.2\" \/>\n\t\t<meta property=\"og:locale\" content=\"es_ES\" \/>\n\t\t<meta property=\"og:site_name\" content=\"Cand\u00e1s 365\" \/>\n\t\t<meta property=\"og:type\" content=\"article\" \/>\n\t\t<meta property=\"og:title\" content=\"El IPC vuelve a tasas positivas en septiembre por la menor ca\u00edda de los precios de la energ\u00eda | Cand\u00e1s 365\" \/>\n\t\t<meta property=\"og:description\" content=\"La inflaci\u00f3n sube tres d\u00e9cimas hasta situarse en un 0,2% en tasa interanual, una d\u00e9cima menos de lo previsto. El diferencial de inflaci\u00f3n favorable a Espa\u00f1a respecto a la zona euro se sit\u00faa en 0,4 puntos porcentuales. El \u00cdndice de Precios al Consumo (IPC) aument\u00f3 en septiembre un 0,2% en tasa interanual, tras el descenso\" \/>\n\t\t<meta property=\"og:url\" content=\"https:\/\/candas365.es\/noticias\/el-ipc-vuelve-a-tasas-positivas-en-septiembre-por-la-menor-caida-de-los-precios-de-la-energia\/\" \/>\n\t\t<meta property=\"og:image\" content=\"https:\/\/candas365.es\/noticias\/wp-content\/uploads\/2015\/11\/euros.jpg\" \/>\n\t\t<meta property=\"og:image:secure_url\" content=\"https:\/\/candas365.es\/noticias\/wp-content\/uploads\/2015\/11\/euros.jpg\" \/>\n\t\t<meta property=\"og:image:width\" content=\"655\" \/>\n\t\t<meta property=\"og:image:height\" content=\"360\" \/>\n\t\t<meta property=\"article:published_time\" content=\"2016-10-16T21:15:47+00:00\" \/>\n\t\t<meta property=\"article:modified_time\" content=\"2016-10-16T21:15:47+00:00\" \/>\n\t\t<meta property=\"article:publisher\" content=\"https:\/\/www.facebook.com\/Nachofdezber\" \/>\n\t\t<meta property=\"article:author\" content=\"https:\/\/www.facebook.com\/carrenoactualidad\" \/>\n\t\t<meta name=\"twitter:card\" content=\"summary_large_image\" \/>\n\t\t<meta name=\"twitter:site\" content=\"@NabercoDigital\" \/>\n\t\t<meta name=\"twitter:title\" content=\"El IPC vuelve a tasas positivas en septiembre por la menor ca\u00edda de los precios de la energ\u00eda | Cand\u00e1s 365\" \/>\n\t\t<meta name=\"twitter:description\" content=\"La inflaci\u00f3n sube tres d\u00e9cimas hasta situarse en un 0,2% en tasa interanual, una d\u00e9cima menos de lo previsto. El diferencial de inflaci\u00f3n favorable a Espa\u00f1a respecto a la zona euro se sit\u00faa en 0,4 puntos porcentuales. El \u00cdndice de Precios al Consumo (IPC) aument\u00f3 en septiembre un 0,2% en tasa interanual, tras el descenso\" \/>\n\t\t<meta name=\"twitter:creator\" content=\"@nbasturias\" \/>\n\t\t<meta name=\"twitter:image\" content=\"https:\/\/candas365.es\/noticias\/wp-content\/uploads\/2015\/11\/euros.jpg\" \/>\n\t\t<meta name=\"twitter:label1\" content=\"Escrito por\" \/>\n\t\t<meta name=\"twitter:data1\" content=\"Cand\u00e1s 365\" \/>\n\t\t<meta name=\"twitter:label2\" content=\"Tiempo de lectura estimado\" \/>\n\t\t<meta name=\"twitter:data2\" content=\"4 minutos\" \/>\n\t\t<script type=\"application\/ld+json\" class=\"aioseo-schema\">\n\t\t\t{\"@context\":\"https:\\\/\\\/schema.org\",\"@graph\":[{\"@type\":\"BreadcrumbList\",\"@id\":\"https:\\\/\\\/candas365.es\\\/noticias\\\/el-ipc-vuelve-a-tasas-positivas-en-septiembre-por-la-menor-caida-de-los-precios-de-la-energia\\\/#breadcrumblist\",\"itemListElement\":[{\"@type\":\"ListItem\",\"@id\":\"https:\\\/\\\/candas365.es\\\/noticias#listItem\",\"position\":1,\"name\":\"Home\",\"item\":\"https:\\\/\\\/candas365.es\\\/noticias\",\"nextItem\":{\"@type\":\"ListItem\",\"@id\":\"https:\\\/\\\/candas365.es\\\/noticias\\\/category\\\/actualidad\\\/#listItem\",\"name\":\"Actualidad\"}},{\"@type\":\"ListItem\",\"@id\":\"https:\\\/\\\/candas365.es\\\/noticias\\\/category\\\/actualidad\\\/#listItem\",\"position\":2,\"name\":\"Actualidad\",\"item\":\"https:\\\/\\\/candas365.es\\\/noticias\\\/category\\\/actualidad\\\/\",\"nextItem\":{\"@type\":\"ListItem\",\"@id\":\"https:\\\/\\\/candas365.es\\\/noticias\\\/el-ipc-vuelve-a-tasas-positivas-en-septiembre-por-la-menor-caida-de-los-precios-de-la-energia\\\/#listItem\",\"name\":\"El IPC vuelve a tasas positivas en septiembre por la menor ca\\u00edda de los precios de la energ\\u00eda\"},\"previousItem\":{\"@type\":\"ListItem\",\"@id\":\"https:\\\/\\\/candas365.es\\\/noticias#listItem\",\"name\":\"Home\"}},{\"@type\":\"ListItem\",\"@id\":\"https:\\\/\\\/candas365.es\\\/noticias\\\/el-ipc-vuelve-a-tasas-positivas-en-septiembre-por-la-menor-caida-de-los-precios-de-la-energia\\\/#listItem\",\"position\":3,\"name\":\"El IPC vuelve a tasas positivas en septiembre por la menor ca\\u00edda de los precios de la energ\\u00eda\",\"previousItem\":{\"@type\":\"ListItem\",\"@id\":\"https:\\\/\\\/candas365.es\\\/noticias\\\/category\\\/actualidad\\\/#listItem\",\"name\":\"Actualidad\"}}]},{\"@type\":\"NewsArticle\",\"@id\":\"https:\\\/\\\/candas365.es\\\/noticias\\\/el-ipc-vuelve-a-tasas-positivas-en-septiembre-por-la-menor-caida-de-los-precios-de-la-energia\\\/#newsarticle\",\"name\":\"El IPC vuelve a tasas positivas en septiembre por la menor ca\\u00edda de los precios de la energ\\u00eda | Cand\\u00e1s 365\",\"headline\":\"El IPC vuelve a tasas positivas en septiembre por la menor ca\\u00edda de los precios de la energ\\u00eda\",\"author\":{\"@id\":\"https:\\\/\\\/candas365.es\\\/noticias\\\/author\\\/admin\\\/#author\"},\"publisher\":{\"@id\":\"https:\\\/\\\/candas365.es\\\/noticias\\\/#organization\"},\"image\":{\"@type\":\"ImageObject\",\"url\":\"https:\\\/\\\/candas365.es\\\/noticias\\\/wp-content\\\/uploads\\\/2015\\\/11\\\/euros.jpg\",\"width\":655,\"height\":360},\"datePublished\":\"2016-10-16T22:45:47+02:00\",\"dateModified\":\"2016-10-16T22:45:47+02:00\",\"inLanguage\":\"es-ES\",\"mainEntityOfPage\":{\"@id\":\"https:\\\/\\\/candas365.es\\\/noticias\\\/el-ipc-vuelve-a-tasas-positivas-en-septiembre-por-la-menor-caida-de-los-precios-de-la-energia\\\/#webpage\"},\"isPartOf\":{\"@id\":\"https:\\\/\\\/candas365.es\\\/noticias\\\/el-ipc-vuelve-a-tasas-positivas-en-septiembre-por-la-menor-caida-de-los-precios-de-la-energia\\\/#webpage\"},\"articleSection\":\"Actualidad\",\"dateline\":\"Publicado el octubre 16, 2016.\"},{\"@type\":\"Organization\",\"@id\":\"https:\\\/\\\/candas365.es\\\/noticias\\\/#organization\",\"name\":\"Cand\\u00e1s 365\",\"description\":\"Cand\\u00e1s 365 es un diario digital independiente, fundado en 2012, con base en Asturias. Informamos con rigor sobre actualidad, sociedad, cultura y ocio, con una mirada local y global.\",\"url\":\"https:\\\/\\\/candas365.es\\\/noticias\\\/\",\"email\":\"info@candas365.es\",\"telephone\":\"+34652131393\",\"foundingDate\":\"2012-06-10\",\"logo\":{\"@type\":\"ImageObject\",\"url\":\"https:\\\/\\\/candas365.es\\\/noticias\\\/wp-content\\\/uploads\\\/2024\\\/09\\\/Candas-365-Redes.jpg\",\"@id\":\"https:\\\/\\\/candas365.es\\\/noticias\\\/el-ipc-vuelve-a-tasas-positivas-en-septiembre-por-la-menor-caida-de-los-precios-de-la-energia\\\/#organizationLogo\",\"width\":1152,\"height\":864,\"caption\":\"Cand\\u00e1s 365 Redes\"},\"image\":{\"@id\":\"https:\\\/\\\/candas365.es\\\/noticias\\\/el-ipc-vuelve-a-tasas-positivas-en-septiembre-por-la-menor-caida-de-los-precios-de-la-energia\\\/#organizationLogo\"},\"sameAs\":[\"https:\\\/\\\/www.facebook.com\\\/Nachofdezber\",\"https:\\\/\\\/x.com\\\/NabercoDigital\",\"https:\\\/\\\/www.instagram.com\\\/nachofdezber\\\/\",\"https:\\\/\\\/www.youtube.com\\\/channel\\\/UCZP-2wLEB9Rv6erhFmqVnvg\"],\"address\":{\"@id\":\"https:\\\/\\\/candas365.es\\\/noticias\\\/#postaladdress\",\"@type\":\"PostalAddress\",\"streetAddress\":\"san antonio 4, san antonio 4\",\"postalCode\":\"33430\",\"addressLocality\":\"Cand\\u00e1s\",\"addressRegion\":\"Asturias\",\"addressCountry\":\"ES\"}},{\"@type\":\"Person\",\"@id\":\"https:\\\/\\\/candas365.es\\\/noticias\\\/author\\\/admin\\\/#author\",\"url\":\"https:\\\/\\\/candas365.es\\\/noticias\\\/author\\\/admin\\\/\",\"name\":\"Cand\\u00e1s 365\",\"image\":{\"@type\":\"ImageObject\",\"@id\":\"https:\\\/\\\/candas365.es\\\/noticias\\\/el-ipc-vuelve-a-tasas-positivas-en-septiembre-por-la-menor-caida-de-los-precios-de-la-energia\\\/#authorImage\",\"url\":\"https:\\\/\\\/secure.gravatar.com\\\/avatar\\\/496a8e03d0c493ede1718b7934145dbdf8d89be1036b0eec9544e1094c9de390?s=96&d=mm&r=g\",\"width\":96,\"height\":96,\"caption\":\"Cand\\u00e1s 365\"},\"sameAs\":[\"https:\\\/\\\/www.facebook.com\\\/carrenoactualidad\",\"https:\\\/\\\/twitter.com\\\/nbasturias\",\"https:\\\/\\\/www.instagram.com\\\/nachofdezber\\\/\",\"https:\\\/\\\/www.youtube.com\\\/channel\\\/UCZP-2wLEB9Rv6erhFmqVnvg\"]},{\"@type\":\"WebPage\",\"@id\":\"https:\\\/\\\/candas365.es\\\/noticias\\\/el-ipc-vuelve-a-tasas-positivas-en-septiembre-por-la-menor-caida-de-los-precios-de-la-energia\\\/#webpage\",\"url\":\"https:\\\/\\\/candas365.es\\\/noticias\\\/el-ipc-vuelve-a-tasas-positivas-en-septiembre-por-la-menor-caida-de-los-precios-de-la-energia\\\/\",\"name\":\"El IPC vuelve a tasas positivas en septiembre por la menor ca\\u00edda de los precios de la energ\\u00eda | Cand\\u00e1s 365\",\"description\":\"La inflaci\\u00f3n sube tres d\\u00e9cimas hasta situarse en un 0,2% en tasa interanual, una d\\u00e9cima menos de lo previsto. El diferencial de inflaci\\u00f3n favorable a Espa\\u00f1a respecto a la zona euro se sit\\u00faa en 0,4 puntos porcentuales. El \\u00cdndice de Precios al Consumo (IPC) aument\\u00f3 en septiembre un 0,2% en tasa interanual, tras el descenso\",\"inLanguage\":\"es-ES\",\"isPartOf\":{\"@id\":\"https:\\\/\\\/candas365.es\\\/noticias\\\/#website\"},\"breadcrumb\":{\"@id\":\"https:\\\/\\\/candas365.es\\\/noticias\\\/el-ipc-vuelve-a-tasas-positivas-en-septiembre-por-la-menor-caida-de-los-precios-de-la-energia\\\/#breadcrumblist\"},\"author\":{\"@id\":\"https:\\\/\\\/candas365.es\\\/noticias\\\/author\\\/admin\\\/#author\"},\"creator\":{\"@id\":\"https:\\\/\\\/candas365.es\\\/noticias\\\/author\\\/admin\\\/#author\"},\"image\":{\"@type\":\"ImageObject\",\"url\":\"https:\\\/\\\/candas365.es\\\/noticias\\\/wp-content\\\/uploads\\\/2015\\\/11\\\/euros.jpg\",\"@id\":\"https:\\\/\\\/candas365.es\\\/noticias\\\/el-ipc-vuelve-a-tasas-positivas-en-septiembre-por-la-menor-caida-de-los-precios-de-la-energia\\\/#mainImage\",\"width\":655,\"height\":360},\"primaryImageOfPage\":{\"@id\":\"https:\\\/\\\/candas365.es\\\/noticias\\\/el-ipc-vuelve-a-tasas-positivas-en-septiembre-por-la-menor-caida-de-los-precios-de-la-energia\\\/#mainImage\"},\"datePublished\":\"2016-10-16T22:45:47+02:00\",\"dateModified\":\"2016-10-16T22:45:47+02:00\"},{\"@type\":\"WebSite\",\"@id\":\"https:\\\/\\\/candas365.es\\\/noticias\\\/#website\",\"url\":\"https:\\\/\\\/candas365.es\\\/noticias\\\/\",\"name\":\"Cand\\u00e1s 365\",\"alternateName\":\"Cand\\u00e1s 365 Noticias\",\"description\":\"Actualidad desde Carre\\u00f1o para el mundo\",\"inLanguage\":\"es-ES\",\"publisher\":{\"@id\":\"https:\\\/\\\/candas365.es\\\/noticias\\\/#organization\"}}]}\n\t\t<\/script>\n\t\t<!-- All in One SEO Pro -->\r\n\t\t<title>El IPC vuelve a tasas positivas en septiembre por la menor ca\u00edda de los precios de la energ\u00eda | Cand\u00e1s 365<\/title>\n\n","aioseo_head_json":{"title":"El IPC vuelve a tasas positivas en septiembre por la menor ca\u00edda de los precios de la energ\u00eda | Cand\u00e1s 365","description":"La inflaci\u00f3n sube tres d\u00e9cimas hasta situarse en un 0,2% en tasa interanual, una d\u00e9cima menos de lo previsto. El diferencial de inflaci\u00f3n favorable a Espa\u00f1a respecto a la zona euro se sit\u00faa en 0,4 puntos porcentuales. El \u00cdndice de Precios al Consumo (IPC) aument\u00f3 en septiembre un 0,2% en tasa interanual, tras el descenso","canonical_url":"https:\/\/candas365.es\/noticias\/el-ipc-vuelve-a-tasas-positivas-en-septiembre-por-la-menor-caida-de-los-precios-de-la-energia\/","robots":"max-image-preview:large","keywords":"actualidad","webmasterTools":{"google-site-verification":"UA-32230408-1","msvalidate.01":"354F3CDFB2DA171B47FBE9ABF1F88D5","miscellaneous":""},"schema":{"@context":"https:\/\/schema.org","@graph":[{"@type":"BreadcrumbList","@id":"https:\/\/candas365.es\/noticias\/el-ipc-vuelve-a-tasas-positivas-en-septiembre-por-la-menor-caida-de-los-precios-de-la-energia\/#breadcrumblist","itemListElement":[{"@type":"ListItem","@id":"https:\/\/candas365.es\/noticias#listItem","position":1,"name":"Home","item":"https:\/\/candas365.es\/noticias","nextItem":{"@type":"ListItem","@id":"https:\/\/candas365.es\/noticias\/category\/actualidad\/#listItem","name":"Actualidad"}},{"@type":"ListItem","@id":"https:\/\/candas365.es\/noticias\/category\/actualidad\/#listItem","position":2,"name":"Actualidad","item":"https:\/\/candas365.es\/noticias\/category\/actualidad\/","nextItem":{"@type":"ListItem","@id":"https:\/\/candas365.es\/noticias\/el-ipc-vuelve-a-tasas-positivas-en-septiembre-por-la-menor-caida-de-los-precios-de-la-energia\/#listItem","name":"El IPC vuelve a tasas positivas en septiembre por la menor ca\u00edda de los precios de la energ\u00eda"},"previousItem":{"@type":"ListItem","@id":"https:\/\/candas365.es\/noticias#listItem","name":"Home"}},{"@type":"ListItem","@id":"https:\/\/candas365.es\/noticias\/el-ipc-vuelve-a-tasas-positivas-en-septiembre-por-la-menor-caida-de-los-precios-de-la-energia\/#listItem","position":3,"name":"El IPC vuelve a tasas positivas en septiembre por la menor ca\u00edda de los precios de la energ\u00eda","previousItem":{"@type":"ListItem","@id":"https:\/\/candas365.es\/noticias\/category\/actualidad\/#listItem","name":"Actualidad"}}]},{"@type":"NewsArticle","@id":"https:\/\/candas365.es\/noticias\/el-ipc-vuelve-a-tasas-positivas-en-septiembre-por-la-menor-caida-de-los-precios-de-la-energia\/#newsarticle","name":"El IPC vuelve a tasas positivas en septiembre por la menor ca\u00edda de los precios de la energ\u00eda | Cand\u00e1s 365","headline":"El IPC vuelve a tasas positivas en septiembre por la menor ca\u00edda de los precios de la energ\u00eda","author":{"@id":"https:\/\/candas365.es\/noticias\/author\/admin\/#author"},"publisher":{"@id":"https:\/\/candas365.es\/noticias\/#organization"},"image":{"@type":"ImageObject","url":"https:\/\/candas365.es\/noticias\/wp-content\/uploads\/2015\/11\/euros.jpg","width":655,"height":360},"datePublished":"2016-10-16T22:45:47+02:00","dateModified":"2016-10-16T22:45:47+02:00","inLanguage":"es-ES","mainEntityOfPage":{"@id":"https:\/\/candas365.es\/noticias\/el-ipc-vuelve-a-tasas-positivas-en-septiembre-por-la-menor-caida-de-los-precios-de-la-energia\/#webpage"},"isPartOf":{"@id":"https:\/\/candas365.es\/noticias\/el-ipc-vuelve-a-tasas-positivas-en-septiembre-por-la-menor-caida-de-los-precios-de-la-energia\/#webpage"},"articleSection":"Actualidad","dateline":"Publicado el octubre 16, 2016."},{"@type":"Organization","@id":"https:\/\/candas365.es\/noticias\/#organization","name":"Cand\u00e1s 365","description":"Cand\u00e1s 365 es un diario digital independiente, fundado en 2012, con base en Asturias. Informamos con rigor sobre actualidad, sociedad, cultura y ocio, con una mirada local y global.","url":"https:\/\/candas365.es\/noticias\/","email":"info@candas365.es","telephone":"+34652131393","foundingDate":"2012-06-10","logo":{"@type":"ImageObject","url":"https:\/\/candas365.es\/noticias\/wp-content\/uploads\/2024\/09\/Candas-365-Redes.jpg","@id":"https:\/\/candas365.es\/noticias\/el-ipc-vuelve-a-tasas-positivas-en-septiembre-por-la-menor-caida-de-los-precios-de-la-energia\/#organizationLogo","width":1152,"height":864,"caption":"Cand\u00e1s 365 Redes"},"image":{"@id":"https:\/\/candas365.es\/noticias\/el-ipc-vuelve-a-tasas-positivas-en-septiembre-por-la-menor-caida-de-los-precios-de-la-energia\/#organizationLogo"},"sameAs":["https:\/\/www.facebook.com\/Nachofdezber","https:\/\/x.com\/NabercoDigital","https:\/\/www.instagram.com\/nachofdezber\/","https:\/\/www.youtube.com\/channel\/UCZP-2wLEB9Rv6erhFmqVnvg"],"address":{"@id":"https:\/\/candas365.es\/noticias\/#postaladdress","@type":"PostalAddress","streetAddress":"san antonio 4, san antonio 4","postalCode":"33430","addressLocality":"Cand\u00e1s","addressRegion":"Asturias","addressCountry":"ES"}},{"@type":"Person","@id":"https:\/\/candas365.es\/noticias\/author\/admin\/#author","url":"https:\/\/candas365.es\/noticias\/author\/admin\/","name":"Cand\u00e1s 365","image":{"@type":"ImageObject","@id":"https:\/\/candas365.es\/noticias\/el-ipc-vuelve-a-tasas-positivas-en-septiembre-por-la-menor-caida-de-los-precios-de-la-energia\/#authorImage","url":"https:\/\/secure.gravatar.com\/avatar\/496a8e03d0c493ede1718b7934145dbdf8d89be1036b0eec9544e1094c9de390?s=96&d=mm&r=g","width":96,"height":96,"caption":"Cand\u00e1s 365"},"sameAs":["https:\/\/www.facebook.com\/carrenoactualidad","https:\/\/twitter.com\/nbasturias","https:\/\/www.instagram.com\/nachofdezber\/","https:\/\/www.youtube.com\/channel\/UCZP-2wLEB9Rv6erhFmqVnvg"]},{"@type":"WebPage","@id":"https:\/\/candas365.es\/noticias\/el-ipc-vuelve-a-tasas-positivas-en-septiembre-por-la-menor-caida-de-los-precios-de-la-energia\/#webpage","url":"https:\/\/candas365.es\/noticias\/el-ipc-vuelve-a-tasas-positivas-en-septiembre-por-la-menor-caida-de-los-precios-de-la-energia\/","name":"El IPC vuelve a tasas positivas en septiembre por la menor ca\u00edda de los precios de la energ\u00eda | Cand\u00e1s 365","description":"La inflaci\u00f3n sube tres d\u00e9cimas hasta situarse en un 0,2% en tasa interanual, una d\u00e9cima menos de lo previsto. El diferencial de inflaci\u00f3n favorable a Espa\u00f1a respecto a la zona euro se sit\u00faa en 0,4 puntos porcentuales. El \u00cdndice de Precios al Consumo (IPC) aument\u00f3 en septiembre un 0,2% en tasa interanual, tras el descenso","inLanguage":"es-ES","isPartOf":{"@id":"https:\/\/candas365.es\/noticias\/#website"},"breadcrumb":{"@id":"https:\/\/candas365.es\/noticias\/el-ipc-vuelve-a-tasas-positivas-en-septiembre-por-la-menor-caida-de-los-precios-de-la-energia\/#breadcrumblist"},"author":{"@id":"https:\/\/candas365.es\/noticias\/author\/admin\/#author"},"creator":{"@id":"https:\/\/candas365.es\/noticias\/author\/admin\/#author"},"image":{"@type":"ImageObject","url":"https:\/\/candas365.es\/noticias\/wp-content\/uploads\/2015\/11\/euros.jpg","@id":"https:\/\/candas365.es\/noticias\/el-ipc-vuelve-a-tasas-positivas-en-septiembre-por-la-menor-caida-de-los-precios-de-la-energia\/#mainImage","width":655,"height":360},"primaryImageOfPage":{"@id":"https:\/\/candas365.es\/noticias\/el-ipc-vuelve-a-tasas-positivas-en-septiembre-por-la-menor-caida-de-los-precios-de-la-energia\/#mainImage"},"datePublished":"2016-10-16T22:45:47+02:00","dateModified":"2016-10-16T22:45:47+02:00"},{"@type":"WebSite","@id":"https:\/\/candas365.es\/noticias\/#website","url":"https:\/\/candas365.es\/noticias\/","name":"Cand\u00e1s 365","alternateName":"Cand\u00e1s 365 Noticias","description":"Actualidad desde Carre\u00f1o para el mundo","inLanguage":"es-ES","publisher":{"@id":"https:\/\/candas365.es\/noticias\/#organization"}}]},"og:locale":"es_ES","og:site_name":"Cand\u00e1s 365","og:type":"article","og:title":"El IPC vuelve a tasas positivas en septiembre por la menor ca\u00edda de los precios de la energ\u00eda | Cand\u00e1s 365","og:description":"La inflaci\u00f3n sube tres d\u00e9cimas hasta situarse en un 0,2% en tasa interanual, una d\u00e9cima menos de lo previsto. El diferencial de inflaci\u00f3n favorable a Espa\u00f1a respecto a la zona euro se sit\u00faa en 0,4 puntos porcentuales. El \u00cdndice de Precios al Consumo (IPC) aument\u00f3 en septiembre un 0,2% en tasa interanual, tras el descenso","og:url":"https:\/\/candas365.es\/noticias\/el-ipc-vuelve-a-tasas-positivas-en-septiembre-por-la-menor-caida-de-los-precios-de-la-energia\/","og:image":"https:\/\/candas365.es\/noticias\/wp-content\/uploads\/2015\/11\/euros.jpg","og:image:secure_url":"https:\/\/candas365.es\/noticias\/wp-content\/uploads\/2015\/11\/euros.jpg","og:image:width":655,"og:image:height":360,"article:published_time":"2016-10-16T21:15:47+00:00","article:modified_time":"2016-10-16T21:15:47+00:00","article:publisher":"https:\/\/www.facebook.com\/Nachofdezber","article:author":"https:\/\/www.facebook.com\/carrenoactualidad","twitter:card":"summary_large_image","twitter:site":"@NabercoDigital","twitter:title":"El IPC vuelve a tasas positivas en septiembre por la menor ca\u00edda de los precios de la energ\u00eda | Cand\u00e1s 365","twitter:description":"La inflaci\u00f3n sube tres d\u00e9cimas hasta situarse en un 0,2% en tasa interanual, una d\u00e9cima menos de lo previsto. El diferencial de inflaci\u00f3n favorable a Espa\u00f1a respecto a la zona euro se sit\u00faa en 0,4 puntos porcentuales. El \u00cdndice de Precios al Consumo (IPC) aument\u00f3 en septiembre un 0,2% en tasa interanual, tras el descenso","twitter:creator":"@nbasturias","twitter:image":"https:\/\/candas365.es\/noticias\/wp-content\/uploads\/2015\/11\/euros.jpg","twitter:label1":"Escrito por","twitter:data1":"Cand\u00e1s 365","twitter:label2":"Tiempo de lectura estimado","twitter:data2":"4 minutos"},"aioseo_meta_data":{"post_id":"34015","title":null,"description":null,"keywords":null,"keyphrases":null,"primary_term":null,"canonical_url":null,"og_title":null,"og_description":null,"og_object_type":"default","og_image_type":"default","og_image_url":null,"og_image_width":null,"og_image_height":null,"og_image_custom_url":null,"og_image_custom_fields":null,"og_video":null,"og_custom_url":null,"og_article_section":null,"og_article_tags":null,"twitter_use_og":false,"twitter_card":"default","twitter_image_type":"default","twitter_image_url":null,"twitter_image_custom_url":null,"twitter_image_custom_fields":null,"twitter_title":null,"twitter_description":null,"schema":{"blockGraphs":[],"customGraphs":[],"default":{"data":{"Article":[],"Course":[],"Dataset":[],"FAQPage":[],"Movie":[],"Person":[],"Product":[],"ProductReview":[],"Car":[],"Recipe":[],"Service":[],"SoftwareApplication":[],"WebPage":[]},"graphName":"","isEnabled":true},"graphs":[]},"schema_type":null,"schema_type_options":null,"pillar_content":false,"robots_default":true,"robots_noindex":false,"robots_noarchive":false,"robots_nosnippet":false,"robots_nofollow":false,"robots_noimageindex":false,"robots_noodp":false,"robots_notranslate":false,"robots_max_snippet":null,"robots_max_videopreview":null,"robots_max_imagepreview":"large","priority":null,"frequency":null,"location":null,"local_seo":null,"seo_analyzer_scan_date":"2025-08-24 17:16:11","breadcrumb_settings":null,"limit_modified_date":false,"reviewed_by":null,"open_ai":null,"ai":null,"created":"2020-12-21 13:07:28","updated":"2025-08-24 17:16:11"},"aioseo_breadcrumb":"<div class=\"aioseo-breadcrumbs\"><span class=\"aioseo-breadcrumb\">\n\t<a href=\"https:\/\/candas365.es\/noticias\" title=\"Home\">Home<\/a>\n<\/span><span class=\"aioseo-breadcrumb-separator\">&ndash;<\/span><span class=\"aioseo-breadcrumb\">\n\t<a href=\"https:\/\/candas365.es\/noticias\/category\/actualidad\/\" title=\"Actualidad\">Actualidad<\/a>\n<\/span><span class=\"aioseo-breadcrumb-separator\">&ndash;<\/span><span class=\"aioseo-breadcrumb\">\n\tEl IPC vuelve a tasas positivas en septiembre por la menor ca\u00edda de los precios de la energ\u00eda\n<\/span><\/div>","aioseo_breadcrumb_json":[{"label":"Home","link":"https:\/\/candas365.es\/noticias"},{"label":"Actualidad","link":"https:\/\/candas365.es\/noticias\/category\/actualidad\/"},{"label":"El IPC vuelve a tasas positivas en septiembre por la menor ca\u00edda de los precios de la energ\u00eda","link":"https:\/\/candas365.es\/noticias\/el-ipc-vuelve-a-tasas-positivas-en-septiembre-por-la-menor-caida-de-los-precios-de-la-energia\/"}],"_links":{"self":[{"href":"https:\/\/candas365.es\/noticias\/wp-json\/wp\/v2\/posts\/34015","targetHints":{"allow":["GET"]}}],"collection":[{"href":"https:\/\/candas365.es\/noticias\/wp-json\/wp\/v2\/posts"}],"about":[{"href":"https:\/\/candas365.es\/noticias\/wp-json\/wp\/v2\/types\/post"}],"author":[{"embeddable":true,"href":"https:\/\/candas365.es\/noticias\/wp-json\/wp\/v2\/users\/1"}],"replies":[{"embeddable":true,"href":"https:\/\/candas365.es\/noticias\/wp-json\/wp\/v2\/comments?post=34015"}],"version-history":[{"count":0,"href":"https:\/\/candas365.es\/noticias\/wp-json\/wp\/v2\/posts\/34015\/revisions"}],"wp:featuredmedia":[{"embeddable":true,"href":"https:\/\/candas365.es\/noticias\/wp-json\/wp\/v2\/media\/19556"}],"wp:attachment":[{"href":"https:\/\/candas365.es\/noticias\/wp-json\/wp\/v2\/media?parent=34015"}],"wp:term":[{"taxonomy":"category","embeddable":true,"href":"https:\/\/candas365.es\/noticias\/wp-json\/wp\/v2\/categories?post=34015"},{"taxonomy":"post_tag","embeddable":true,"href":"https:\/\/candas365.es\/noticias\/wp-json\/wp\/v2\/tags?post=34015"}],"curies":[{"name":"wp","href":"https:\/\/api.w.org\/{rel}","templated":true}]}}