{"id":34004,"date":"2016-10-16T22:29:32","date_gmt":"2016-10-16T20:59:32","guid":{"rendered":"http:\/\/candas365.es\/noticias\/?p=34004"},"modified":"2016-10-16T22:29:32","modified_gmt":"2016-10-16T20:59:32","slug":"los-mayores-de-45-anos-vuelven-a-estar-en-el-mercado","status":"publish","type":"post","link":"https:\/\/candas365.es\/noticias\/los-mayores-de-45-anos-vuelven-a-estar-en-el-mercado\/","title":{"rendered":"Los mayores de 45 a\u00f1os vuelven a estar en el mercado"},"content":{"rendered":"<p><img fetchpriority=\"high\" decoding=\"async\" class=\"alignleft size-medium wp-image-582\" src=\"https:\/\/candas365.es\/noticias\/wp-content\/uploads\/2014\/09\/paro2-360x240.jpg\" alt=\"paro\" width=\"360\" height=\"240\" srcset=\"https:\/\/candas365.es\/noticias\/wp-content\/uploads\/2014\/09\/paro2.jpg 360w, https:\/\/candas365.es\/noticias\/wp-content\/uploads\/2014\/09\/paro2-150x100.jpg 150w, https:\/\/candas365.es\/noticias\/wp-content\/uploads\/2014\/09\/paro2-84x55.jpg 84w\" sizes=\"(max-width: 360px) 100vw, 360px\" \/>Seg\u00fan los \u00faltimos datos registrados por el Servicio P\u00fablico de Empleo Estatal (SEPE), en agosto de este a\u00f1o hab\u00eda en Espa\u00f1a 1.789.904 demandantes de empleo mayores de 45 a\u00f1os que estaban parados. Una cifra que, aunque parezca demasiado abultada, supone un descenso del 4,79% con respecto al mismo periodo del a\u00f1o anterior.<\/p>\n<p>Los mayores de 45 a\u00f1os, tan denostados en la parte \u00e1lgida de la crisis, vuelven a ser un activo muy importante para las empresas, que valoran su experiencia y red de contactos por encima de la ilusi\u00f3n y energ\u00eda de las personas j\u00f3venes que entran a formar parte del mercado laboral.<\/p>\n<p><strong>Los mayores han vuelto a entrar en el mercado, y de qu\u00e9 manera.<\/strong><\/p>\n<p>No obstante, hay que entender que este cambio de mentalidad en las empresas no hubiese sido posible sin un descenso en los salarios de los trabajadores m\u00e1s experimentados, que se han reducido entre un 25 y un 40 por ciento durante los \u00faltimos a\u00f1os de la crisis.<\/p>\n<p>Sin embargo, este no es el \u00fanico factor que explica por qu\u00e9 cada vez hay m\u00e1s trabajadores por encima de una edad que, hasta hace poco tiempo, era uno de los mayores h\u00e1ndicaps para encontrar empleo. Por un lado, porque su implicaci\u00f3n es mayor que la de los trabajadores m\u00e1s j\u00f3venes, ya que sus necesidades financieras son mayores y, por tanto, saben valorar mucho m\u00e1s sus oportunidades laborales.<\/p>\n<p>Esta circunstancia tiene un efecto a\u00fan m\u00e1s beneficioso si cabe: estas personas son m\u00e1s realistas en cuanto a sus expectativas de futuro, lo que hace que su nivel de compromiso sea m\u00e1s elevado. Su rotaci\u00f3n es m\u00e1s baja que en otros colectivos, lo que ahorra costes de formaci\u00f3n y personal y redunda en una menor incertidumbre.<\/p>\n<p>En definitiva, las virtudes de las personas mayores son m\u00e1s que nunca valoradas por las empresas y los mayores de 45 a\u00f1os vuelven a estar, por m\u00e9ritos propios, de nuevo en el mercado.<\/p>\n<p><strong><em>La noticia Los mayores de 45 a\u00f1os vuelven a estar en el mercado fue publicada originalmente en Pymes y Autonomos<\/em><\/strong><\/p>\n<p>&nbsp;<\/p>\n","protected":false},"excerpt":{"rendered":"<p>Seg\u00fan los \u00faltimos datos registrados por el Servicio P\u00fablico de Empleo Estatal (SEPE), en agosto de este a\u00f1o hab\u00eda en Espa\u00f1a 1.789.904 demandantes de empleo mayores de 45 a\u00f1os que estaban parados. Una cifra que, aunque parezca demasiado abultada, supone un descenso del 4,79% con respecto al mismo periodo del a\u00f1o anterior. Los mayores de<\/p>\n","protected":false},"author":1,"featured_media":2071,"comment_status":"closed","ping_status":"closed","sticky":false,"template":"","format":"standard","meta":{"footnotes":""},"categories":[343],"tags":[],"class_list":{"0":"post-34004","1":"post","2":"type-post","3":"status-publish","4":"format-standard","5":"has-post-thumbnail","7":"category-actualidad"},"aioseo_notices":[],"aioseo_head":"\n\t\t<!-- All in One SEO Pro 4.9.6.2 - aioseo.com -->\n\t<meta name=\"description\" content=\"Seg\u00fan los \u00faltimos datos registrados por el Servicio P\u00fablico de Empleo Estatal (SEPE), en agosto de este a\u00f1o hab\u00eda en Espa\u00f1a 1.789.904 demandantes de empleo mayores de 45 a\u00f1os que estaban parados. Una cifra que, aunque parezca demasiado abultada, supone un descenso del 4,79% con respecto al mismo periodo del a\u00f1o anterior. Los mayores de\" \/>\n\t<meta name=\"robots\" content=\"max-image-preview:large\" \/>\n\t<meta name=\"author\" content=\"Cand\u00e1s 365\"\/>\n\t<meta name=\"google-site-verification\" content=\"UA-32230408-1\" \/>\n\t<meta name=\"msvalidate.01\" content=\"354F3CDFB2DA171B47FBE9ABF1F88D5\" \/>\n\t<meta name=\"keywords\" content=\"actualidad\" \/>\n\t<link rel=\"canonical\" href=\"https:\/\/candas365.es\/noticias\/los-mayores-de-45-anos-vuelven-a-estar-en-el-mercado\/\" \/>\n\t<meta name=\"generator\" content=\"All in One SEO Pro (AIOSEO) 4.9.6.2\" \/>\n\t\t<meta property=\"og:locale\" content=\"es_ES\" \/>\n\t\t<meta property=\"og:site_name\" content=\"Cand\u00e1s 365\" \/>\n\t\t<meta property=\"og:type\" content=\"article\" \/>\n\t\t<meta property=\"og:title\" content=\"Los mayores de 45 a\u00f1os vuelven a estar en el mercado | Cand\u00e1s 365\" \/>\n\t\t<meta property=\"og:description\" content=\"Seg\u00fan los \u00faltimos datos registrados por el Servicio P\u00fablico de Empleo Estatal (SEPE), en agosto de este a\u00f1o hab\u00eda en Espa\u00f1a 1.789.904 demandantes de empleo mayores de 45 a\u00f1os que estaban parados. Una cifra que, aunque parezca demasiado abultada, supone un descenso del 4,79% con respecto al mismo periodo del a\u00f1o anterior. Los mayores de\" \/>\n\t\t<meta property=\"og:url\" content=\"https:\/\/candas365.es\/noticias\/los-mayores-de-45-anos-vuelven-a-estar-en-el-mercado\/\" \/>\n\t\t<meta property=\"og:image\" content=\"https:\/\/candas365.es\/noticias\/wp-content\/uploads\/2014\/10\/fotonoticia_20141002102425_800.jpg\" \/>\n\t\t<meta property=\"og:image:secure_url\" content=\"https:\/\/candas365.es\/noticias\/wp-content\/uploads\/2014\/10\/fotonoticia_20141002102425_800.jpg\" \/>\n\t\t<meta property=\"og:image:width\" content=\"800\" \/>\n\t\t<meta property=\"og:image:height\" content=\"600\" \/>\n\t\t<meta property=\"article:published_time\" content=\"2016-10-16T20:59:32+00:00\" \/>\n\t\t<meta property=\"article:modified_time\" content=\"2016-10-16T20:59:32+00:00\" \/>\n\t\t<meta property=\"article:publisher\" content=\"https:\/\/www.facebook.com\/Nachofdezber\" \/>\n\t\t<meta property=\"article:author\" content=\"https:\/\/www.facebook.com\/carrenoactualidad\" \/>\n\t\t<meta name=\"twitter:card\" content=\"summary_large_image\" \/>\n\t\t<meta name=\"twitter:site\" content=\"@NabercoDigital\" \/>\n\t\t<meta name=\"twitter:title\" content=\"Los mayores de 45 a\u00f1os vuelven a estar en el mercado | Cand\u00e1s 365\" \/>\n\t\t<meta name=\"twitter:description\" content=\"Seg\u00fan los \u00faltimos datos registrados por el Servicio P\u00fablico de Empleo Estatal (SEPE), en agosto de este a\u00f1o hab\u00eda en Espa\u00f1a 1.789.904 demandantes de empleo mayores de 45 a\u00f1os que estaban parados. Una cifra que, aunque parezca demasiado abultada, supone un descenso del 4,79% con respecto al mismo periodo del a\u00f1o anterior. Los mayores de\" \/>\n\t\t<meta name=\"twitter:creator\" content=\"@nbasturias\" \/>\n\t\t<meta name=\"twitter:image\" content=\"https:\/\/candas365.es\/noticias\/wp-content\/uploads\/2014\/10\/fotonoticia_20141002102425_800.jpg\" \/>\n\t\t<meta name=\"twitter:label1\" content=\"Escrito por\" \/>\n\t\t<meta name=\"twitter:data1\" content=\"Cand\u00e1s 365\" \/>\n\t\t<meta name=\"twitter:label2\" content=\"Tiempo de lectura estimado\" \/>\n\t\t<meta name=\"twitter:data2\" content=\"2 minutos\" \/>\n\t\t<script type=\"application\/ld+json\" class=\"aioseo-schema\">\n\t\t\t{\"@context\":\"https:\\\/\\\/schema.org\",\"@graph\":[{\"@type\":\"BreadcrumbList\",\"@id\":\"https:\\\/\\\/candas365.es\\\/noticias\\\/los-mayores-de-45-anos-vuelven-a-estar-en-el-mercado\\\/#breadcrumblist\",\"itemListElement\":[{\"@type\":\"ListItem\",\"@id\":\"https:\\\/\\\/candas365.es\\\/noticias#listItem\",\"position\":1,\"name\":\"Home\",\"item\":\"https:\\\/\\\/candas365.es\\\/noticias\",\"nextItem\":{\"@type\":\"ListItem\",\"@id\":\"https:\\\/\\\/candas365.es\\\/noticias\\\/category\\\/actualidad\\\/#listItem\",\"name\":\"Actualidad\"}},{\"@type\":\"ListItem\",\"@id\":\"https:\\\/\\\/candas365.es\\\/noticias\\\/category\\\/actualidad\\\/#listItem\",\"position\":2,\"name\":\"Actualidad\",\"item\":\"https:\\\/\\\/candas365.es\\\/noticias\\\/category\\\/actualidad\\\/\",\"nextItem\":{\"@type\":\"ListItem\",\"@id\":\"https:\\\/\\\/candas365.es\\\/noticias\\\/los-mayores-de-45-anos-vuelven-a-estar-en-el-mercado\\\/#listItem\",\"name\":\"Los mayores de 45 a\\u00f1os vuelven a estar en el mercado\"},\"previousItem\":{\"@type\":\"ListItem\",\"@id\":\"https:\\\/\\\/candas365.es\\\/noticias#listItem\",\"name\":\"Home\"}},{\"@type\":\"ListItem\",\"@id\":\"https:\\\/\\\/candas365.es\\\/noticias\\\/los-mayores-de-45-anos-vuelven-a-estar-en-el-mercado\\\/#listItem\",\"position\":3,\"name\":\"Los mayores de 45 a\\u00f1os vuelven a estar en el mercado\",\"previousItem\":{\"@type\":\"ListItem\",\"@id\":\"https:\\\/\\\/candas365.es\\\/noticias\\\/category\\\/actualidad\\\/#listItem\",\"name\":\"Actualidad\"}}]},{\"@type\":\"NewsArticle\",\"@id\":\"https:\\\/\\\/candas365.es\\\/noticias\\\/los-mayores-de-45-anos-vuelven-a-estar-en-el-mercado\\\/#newsarticle\",\"name\":\"Los mayores de 45 a\\u00f1os vuelven a estar en el mercado | Cand\\u00e1s 365\",\"headline\":\"Los mayores de 45 a\\u00f1os vuelven a estar en el mercado\",\"author\":{\"@id\":\"https:\\\/\\\/candas365.es\\\/noticias\\\/author\\\/admin\\\/#author\"},\"publisher\":{\"@id\":\"https:\\\/\\\/candas365.es\\\/noticias\\\/#organization\"},\"image\":{\"@type\":\"ImageObject\",\"url\":\"https:\\\/\\\/candas365.es\\\/noticias\\\/wp-content\\\/uploads\\\/2014\\\/10\\\/fotonoticia_20141002102425_800.jpg\",\"width\":800,\"height\":600,\"caption\":\"paro\"},\"datePublished\":\"2016-10-16T22:29:32+02:00\",\"dateModified\":\"2016-10-16T22:29:32+02:00\",\"inLanguage\":\"es-ES\",\"mainEntityOfPage\":{\"@id\":\"https:\\\/\\\/candas365.es\\\/noticias\\\/los-mayores-de-45-anos-vuelven-a-estar-en-el-mercado\\\/#webpage\"},\"isPartOf\":{\"@id\":\"https:\\\/\\\/candas365.es\\\/noticias\\\/los-mayores-de-45-anos-vuelven-a-estar-en-el-mercado\\\/#webpage\"},\"articleSection\":\"Actualidad\",\"dateline\":\"Publicado el octubre 16, 2016.\"},{\"@type\":\"Organization\",\"@id\":\"https:\\\/\\\/candas365.es\\\/noticias\\\/#organization\",\"name\":\"Cand\\u00e1s 365\",\"description\":\"Cand\\u00e1s 365 es un diario digital independiente, fundado en 2012, con base en Asturias. Informamos con rigor sobre actualidad, sociedad, cultura y ocio, con una mirada local y global.\",\"url\":\"https:\\\/\\\/candas365.es\\\/noticias\\\/\",\"email\":\"info@candas365.es\",\"telephone\":\"+34652131393\",\"foundingDate\":\"2012-06-10\",\"logo\":{\"@type\":\"ImageObject\",\"url\":\"https:\\\/\\\/candas365.es\\\/noticias\\\/wp-content\\\/uploads\\\/2024\\\/09\\\/Candas-365-Redes.jpg\",\"@id\":\"https:\\\/\\\/candas365.es\\\/noticias\\\/los-mayores-de-45-anos-vuelven-a-estar-en-el-mercado\\\/#organizationLogo\",\"width\":1152,\"height\":864,\"caption\":\"Cand\\u00e1s 365 Redes\"},\"image\":{\"@id\":\"https:\\\/\\\/candas365.es\\\/noticias\\\/los-mayores-de-45-anos-vuelven-a-estar-en-el-mercado\\\/#organizationLogo\"},\"sameAs\":[\"https:\\\/\\\/www.facebook.com\\\/Nachofdezber\",\"https:\\\/\\\/x.com\\\/NabercoDigital\",\"https:\\\/\\\/www.instagram.com\\\/nachofdezber\\\/\",\"https:\\\/\\\/www.youtube.com\\\/channel\\\/UCZP-2wLEB9Rv6erhFmqVnvg\"],\"address\":{\"@id\":\"https:\\\/\\\/candas365.es\\\/noticias\\\/#postaladdress\",\"@type\":\"PostalAddress\",\"streetAddress\":\"san antonio 4, san antonio 4\",\"postalCode\":\"33430\",\"addressLocality\":\"Cand\\u00e1s\",\"addressRegion\":\"Asturias\",\"addressCountry\":\"ES\"}},{\"@type\":\"Person\",\"@id\":\"https:\\\/\\\/candas365.es\\\/noticias\\\/author\\\/admin\\\/#author\",\"url\":\"https:\\\/\\\/candas365.es\\\/noticias\\\/author\\\/admin\\\/\",\"name\":\"Cand\\u00e1s 365\",\"image\":{\"@type\":\"ImageObject\",\"@id\":\"https:\\\/\\\/candas365.es\\\/noticias\\\/los-mayores-de-45-anos-vuelven-a-estar-en-el-mercado\\\/#authorImage\",\"url\":\"https:\\\/\\\/secure.gravatar.com\\\/avatar\\\/496a8e03d0c493ede1718b7934145dbdf8d89be1036b0eec9544e1094c9de390?s=96&d=mm&r=g\",\"width\":96,\"height\":96,\"caption\":\"Cand\\u00e1s 365\"},\"sameAs\":[\"https:\\\/\\\/www.facebook.com\\\/carrenoactualidad\",\"https:\\\/\\\/twitter.com\\\/nbasturias\",\"https:\\\/\\\/www.instagram.com\\\/nachofdezber\\\/\",\"https:\\\/\\\/www.youtube.com\\\/channel\\\/UCZP-2wLEB9Rv6erhFmqVnvg\"]},{\"@type\":\"WebPage\",\"@id\":\"https:\\\/\\\/candas365.es\\\/noticias\\\/los-mayores-de-45-anos-vuelven-a-estar-en-el-mercado\\\/#webpage\",\"url\":\"https:\\\/\\\/candas365.es\\\/noticias\\\/los-mayores-de-45-anos-vuelven-a-estar-en-el-mercado\\\/\",\"name\":\"Los mayores de 45 a\\u00f1os vuelven a estar en el mercado | Cand\\u00e1s 365\",\"description\":\"Seg\\u00fan los \\u00faltimos datos registrados por el Servicio P\\u00fablico de Empleo Estatal (SEPE), en agosto de este a\\u00f1o hab\\u00eda en Espa\\u00f1a 1.789.904 demandantes de empleo mayores de 45 a\\u00f1os que estaban parados. Una cifra que, aunque parezca demasiado abultada, supone un descenso del 4,79% con respecto al mismo periodo del a\\u00f1o anterior. Los mayores de\",\"inLanguage\":\"es-ES\",\"isPartOf\":{\"@id\":\"https:\\\/\\\/candas365.es\\\/noticias\\\/#website\"},\"breadcrumb\":{\"@id\":\"https:\\\/\\\/candas365.es\\\/noticias\\\/los-mayores-de-45-anos-vuelven-a-estar-en-el-mercado\\\/#breadcrumblist\"},\"author\":{\"@id\":\"https:\\\/\\\/candas365.es\\\/noticias\\\/author\\\/admin\\\/#author\"},\"creator\":{\"@id\":\"https:\\\/\\\/candas365.es\\\/noticias\\\/author\\\/admin\\\/#author\"},\"image\":{\"@type\":\"ImageObject\",\"url\":\"https:\\\/\\\/candas365.es\\\/noticias\\\/wp-content\\\/uploads\\\/2014\\\/10\\\/fotonoticia_20141002102425_800.jpg\",\"@id\":\"https:\\\/\\\/candas365.es\\\/noticias\\\/los-mayores-de-45-anos-vuelven-a-estar-en-el-mercado\\\/#mainImage\",\"width\":800,\"height\":600,\"caption\":\"paro\"},\"primaryImageOfPage\":{\"@id\":\"https:\\\/\\\/candas365.es\\\/noticias\\\/los-mayores-de-45-anos-vuelven-a-estar-en-el-mercado\\\/#mainImage\"},\"datePublished\":\"2016-10-16T22:29:32+02:00\",\"dateModified\":\"2016-10-16T22:29:32+02:00\"},{\"@type\":\"WebSite\",\"@id\":\"https:\\\/\\\/candas365.es\\\/noticias\\\/#website\",\"url\":\"https:\\\/\\\/candas365.es\\\/noticias\\\/\",\"name\":\"Cand\\u00e1s 365\",\"alternateName\":\"Cand\\u00e1s 365 Noticias\",\"description\":\"Actualidad desde Carre\\u00f1o para el mundo\",\"inLanguage\":\"es-ES\",\"publisher\":{\"@id\":\"https:\\\/\\\/candas365.es\\\/noticias\\\/#organization\"}}]}\n\t\t<\/script>\n\t\t<!-- All in One SEO Pro -->\r\n\t\t<title>Los mayores de 45 a\u00f1os vuelven a estar en el mercado | Cand\u00e1s 365<\/title>\n\n","aioseo_head_json":{"title":"Los mayores de 45 a\u00f1os vuelven a estar en el mercado | Cand\u00e1s 365","description":"Seg\u00fan los \u00faltimos datos registrados por el Servicio P\u00fablico de Empleo Estatal (SEPE), en agosto de este a\u00f1o hab\u00eda en Espa\u00f1a 1.789.904 demandantes de empleo mayores de 45 a\u00f1os que estaban parados. Una cifra que, aunque parezca demasiado abultada, supone un descenso del 4,79% con respecto al mismo periodo del a\u00f1o anterior. Los mayores de","canonical_url":"https:\/\/candas365.es\/noticias\/los-mayores-de-45-anos-vuelven-a-estar-en-el-mercado\/","robots":"max-image-preview:large","keywords":"actualidad","webmasterTools":{"google-site-verification":"UA-32230408-1","msvalidate.01":"354F3CDFB2DA171B47FBE9ABF1F88D5","miscellaneous":""},"schema":{"@context":"https:\/\/schema.org","@graph":[{"@type":"BreadcrumbList","@id":"https:\/\/candas365.es\/noticias\/los-mayores-de-45-anos-vuelven-a-estar-en-el-mercado\/#breadcrumblist","itemListElement":[{"@type":"ListItem","@id":"https:\/\/candas365.es\/noticias#listItem","position":1,"name":"Home","item":"https:\/\/candas365.es\/noticias","nextItem":{"@type":"ListItem","@id":"https:\/\/candas365.es\/noticias\/category\/actualidad\/#listItem","name":"Actualidad"}},{"@type":"ListItem","@id":"https:\/\/candas365.es\/noticias\/category\/actualidad\/#listItem","position":2,"name":"Actualidad","item":"https:\/\/candas365.es\/noticias\/category\/actualidad\/","nextItem":{"@type":"ListItem","@id":"https:\/\/candas365.es\/noticias\/los-mayores-de-45-anos-vuelven-a-estar-en-el-mercado\/#listItem","name":"Los mayores de 45 a\u00f1os vuelven a estar en el mercado"},"previousItem":{"@type":"ListItem","@id":"https:\/\/candas365.es\/noticias#listItem","name":"Home"}},{"@type":"ListItem","@id":"https:\/\/candas365.es\/noticias\/los-mayores-de-45-anos-vuelven-a-estar-en-el-mercado\/#listItem","position":3,"name":"Los mayores de 45 a\u00f1os vuelven a estar en el mercado","previousItem":{"@type":"ListItem","@id":"https:\/\/candas365.es\/noticias\/category\/actualidad\/#listItem","name":"Actualidad"}}]},{"@type":"NewsArticle","@id":"https:\/\/candas365.es\/noticias\/los-mayores-de-45-anos-vuelven-a-estar-en-el-mercado\/#newsarticle","name":"Los mayores de 45 a\u00f1os vuelven a estar en el mercado | Cand\u00e1s 365","headline":"Los mayores de 45 a\u00f1os vuelven a estar en el mercado","author":{"@id":"https:\/\/candas365.es\/noticias\/author\/admin\/#author"},"publisher":{"@id":"https:\/\/candas365.es\/noticias\/#organization"},"image":{"@type":"ImageObject","url":"https:\/\/candas365.es\/noticias\/wp-content\/uploads\/2014\/10\/fotonoticia_20141002102425_800.jpg","width":800,"height":600,"caption":"paro"},"datePublished":"2016-10-16T22:29:32+02:00","dateModified":"2016-10-16T22:29:32+02:00","inLanguage":"es-ES","mainEntityOfPage":{"@id":"https:\/\/candas365.es\/noticias\/los-mayores-de-45-anos-vuelven-a-estar-en-el-mercado\/#webpage"},"isPartOf":{"@id":"https:\/\/candas365.es\/noticias\/los-mayores-de-45-anos-vuelven-a-estar-en-el-mercado\/#webpage"},"articleSection":"Actualidad","dateline":"Publicado el octubre 16, 2016."},{"@type":"Organization","@id":"https:\/\/candas365.es\/noticias\/#organization","name":"Cand\u00e1s 365","description":"Cand\u00e1s 365 es un diario digital independiente, fundado en 2012, con base en Asturias. Informamos con rigor sobre actualidad, sociedad, cultura y ocio, con una mirada local y global.","url":"https:\/\/candas365.es\/noticias\/","email":"info@candas365.es","telephone":"+34652131393","foundingDate":"2012-06-10","logo":{"@type":"ImageObject","url":"https:\/\/candas365.es\/noticias\/wp-content\/uploads\/2024\/09\/Candas-365-Redes.jpg","@id":"https:\/\/candas365.es\/noticias\/los-mayores-de-45-anos-vuelven-a-estar-en-el-mercado\/#organizationLogo","width":1152,"height":864,"caption":"Cand\u00e1s 365 Redes"},"image":{"@id":"https:\/\/candas365.es\/noticias\/los-mayores-de-45-anos-vuelven-a-estar-en-el-mercado\/#organizationLogo"},"sameAs":["https:\/\/www.facebook.com\/Nachofdezber","https:\/\/x.com\/NabercoDigital","https:\/\/www.instagram.com\/nachofdezber\/","https:\/\/www.youtube.com\/channel\/UCZP-2wLEB9Rv6erhFmqVnvg"],"address":{"@id":"https:\/\/candas365.es\/noticias\/#postaladdress","@type":"PostalAddress","streetAddress":"san antonio 4, san antonio 4","postalCode":"33430","addressLocality":"Cand\u00e1s","addressRegion":"Asturias","addressCountry":"ES"}},{"@type":"Person","@id":"https:\/\/candas365.es\/noticias\/author\/admin\/#author","url":"https:\/\/candas365.es\/noticias\/author\/admin\/","name":"Cand\u00e1s 365","image":{"@type":"ImageObject","@id":"https:\/\/candas365.es\/noticias\/los-mayores-de-45-anos-vuelven-a-estar-en-el-mercado\/#authorImage","url":"https:\/\/secure.gravatar.com\/avatar\/496a8e03d0c493ede1718b7934145dbdf8d89be1036b0eec9544e1094c9de390?s=96&d=mm&r=g","width":96,"height":96,"caption":"Cand\u00e1s 365"},"sameAs":["https:\/\/www.facebook.com\/carrenoactualidad","https:\/\/twitter.com\/nbasturias","https:\/\/www.instagram.com\/nachofdezber\/","https:\/\/www.youtube.com\/channel\/UCZP-2wLEB9Rv6erhFmqVnvg"]},{"@type":"WebPage","@id":"https:\/\/candas365.es\/noticias\/los-mayores-de-45-anos-vuelven-a-estar-en-el-mercado\/#webpage","url":"https:\/\/candas365.es\/noticias\/los-mayores-de-45-anos-vuelven-a-estar-en-el-mercado\/","name":"Los mayores de 45 a\u00f1os vuelven a estar en el mercado | Cand\u00e1s 365","description":"Seg\u00fan los \u00faltimos datos registrados por el Servicio P\u00fablico de Empleo Estatal (SEPE), en agosto de este a\u00f1o hab\u00eda en Espa\u00f1a 1.789.904 demandantes de empleo mayores de 45 a\u00f1os que estaban parados. Una cifra que, aunque parezca demasiado abultada, supone un descenso del 4,79% con respecto al mismo periodo del a\u00f1o anterior. Los mayores de","inLanguage":"es-ES","isPartOf":{"@id":"https:\/\/candas365.es\/noticias\/#website"},"breadcrumb":{"@id":"https:\/\/candas365.es\/noticias\/los-mayores-de-45-anos-vuelven-a-estar-en-el-mercado\/#breadcrumblist"},"author":{"@id":"https:\/\/candas365.es\/noticias\/author\/admin\/#author"},"creator":{"@id":"https:\/\/candas365.es\/noticias\/author\/admin\/#author"},"image":{"@type":"ImageObject","url":"https:\/\/candas365.es\/noticias\/wp-content\/uploads\/2014\/10\/fotonoticia_20141002102425_800.jpg","@id":"https:\/\/candas365.es\/noticias\/los-mayores-de-45-anos-vuelven-a-estar-en-el-mercado\/#mainImage","width":800,"height":600,"caption":"paro"},"primaryImageOfPage":{"@id":"https:\/\/candas365.es\/noticias\/los-mayores-de-45-anos-vuelven-a-estar-en-el-mercado\/#mainImage"},"datePublished":"2016-10-16T22:29:32+02:00","dateModified":"2016-10-16T22:29:32+02:00"},{"@type":"WebSite","@id":"https:\/\/candas365.es\/noticias\/#website","url":"https:\/\/candas365.es\/noticias\/","name":"Cand\u00e1s 365","alternateName":"Cand\u00e1s 365 Noticias","description":"Actualidad desde Carre\u00f1o para el mundo","inLanguage":"es-ES","publisher":{"@id":"https:\/\/candas365.es\/noticias\/#organization"}}]},"og:locale":"es_ES","og:site_name":"Cand\u00e1s 365","og:type":"article","og:title":"Los mayores de 45 a\u00f1os vuelven a estar en el mercado | Cand\u00e1s 365","og:description":"Seg\u00fan los \u00faltimos datos registrados por el Servicio P\u00fablico de Empleo Estatal (SEPE), en agosto de este a\u00f1o hab\u00eda en Espa\u00f1a 1.789.904 demandantes de empleo mayores de 45 a\u00f1os que estaban parados. Una cifra que, aunque parezca demasiado abultada, supone un descenso del 4,79% con respecto al mismo periodo del a\u00f1o anterior. Los mayores de","og:url":"https:\/\/candas365.es\/noticias\/los-mayores-de-45-anos-vuelven-a-estar-en-el-mercado\/","og:image":"https:\/\/candas365.es\/noticias\/wp-content\/uploads\/2014\/10\/fotonoticia_20141002102425_800.jpg","og:image:secure_url":"https:\/\/candas365.es\/noticias\/wp-content\/uploads\/2014\/10\/fotonoticia_20141002102425_800.jpg","og:image:width":800,"og:image:height":600,"article:published_time":"2016-10-16T20:59:32+00:00","article:modified_time":"2016-10-16T20:59:32+00:00","article:publisher":"https:\/\/www.facebook.com\/Nachofdezber","article:author":"https:\/\/www.facebook.com\/carrenoactualidad","twitter:card":"summary_large_image","twitter:site":"@NabercoDigital","twitter:title":"Los mayores de 45 a\u00f1os vuelven a estar en el mercado | Cand\u00e1s 365","twitter:description":"Seg\u00fan los \u00faltimos datos registrados por el Servicio P\u00fablico de Empleo Estatal (SEPE), en agosto de este a\u00f1o hab\u00eda en Espa\u00f1a 1.789.904 demandantes de empleo mayores de 45 a\u00f1os que estaban parados. Una cifra que, aunque parezca demasiado abultada, supone un descenso del 4,79% con respecto al mismo periodo del a\u00f1o anterior. Los mayores de","twitter:creator":"@nbasturias","twitter:image":"https:\/\/candas365.es\/noticias\/wp-content\/uploads\/2014\/10\/fotonoticia_20141002102425_800.jpg","twitter:label1":"Escrito por","twitter:data1":"Cand\u00e1s 365","twitter:label2":"Tiempo de lectura estimado","twitter:data2":"2 minutos"},"aioseo_meta_data":{"post_id":"34004","title":null,"description":null,"keywords":null,"keyphrases":null,"primary_term":null,"canonical_url":null,"og_title":null,"og_description":null,"og_object_type":"default","og_image_type":"default","og_image_url":null,"og_image_width":null,"og_image_height":null,"og_image_custom_url":null,"og_image_custom_fields":null,"og_video":null,"og_custom_url":null,"og_article_section":null,"og_article_tags":null,"twitter_use_og":false,"twitter_card":"default","twitter_image_type":"default","twitter_image_url":null,"twitter_image_custom_url":null,"twitter_image_custom_fields":null,"twitter_title":null,"twitter_description":null,"schema":{"blockGraphs":[],"customGraphs":[],"default":{"data":{"Article":[],"Course":[],"Dataset":[],"FAQPage":[],"Movie":[],"Person":[],"Product":[],"ProductReview":[],"Car":[],"Recipe":[],"Service":[],"SoftwareApplication":[],"WebPage":[]},"graphName":"","isEnabled":true},"graphs":[],"defaultGraph":"","defaultPostTypeGraph":""},"schema_type":null,"schema_type_options":null,"pillar_content":false,"robots_default":true,"robots_noindex":false,"robots_noarchive":false,"robots_nosnippet":false,"robots_nofollow":false,"robots_noimageindex":false,"robots_noodp":false,"robots_notranslate":false,"robots_max_snippet":null,"robots_max_videopreview":null,"robots_max_imagepreview":"large","priority":null,"frequency":null,"location":null,"local_seo":null,"seo_analyzer_scan_date":"2025-08-24 17:16:09","breadcrumb_settings":null,"limit_modified_date":false,"reviewed_by":null,"open_ai":null,"ai":null,"created":"2020-12-21 13:07:28","updated":"2025-08-24 17:16:09"},"aioseo_breadcrumb":"<div class=\"aioseo-breadcrumbs\"><span class=\"aioseo-breadcrumb\">\n\t<a href=\"https:\/\/candas365.es\/noticias\" title=\"Home\">Home<\/a>\n<\/span><span class=\"aioseo-breadcrumb-separator\">&ndash;<\/span><span class=\"aioseo-breadcrumb\">\n\t<a href=\"https:\/\/candas365.es\/noticias\/category\/actualidad\/\" title=\"Actualidad\">Actualidad<\/a>\n<\/span><span class=\"aioseo-breadcrumb-separator\">&ndash;<\/span><span class=\"aioseo-breadcrumb\">\n\tLos mayores de 45 a\u00f1os vuelven a estar en el mercado\n<\/span><\/div>","aioseo_breadcrumb_json":[{"label":"Home","link":"https:\/\/candas365.es\/noticias"},{"label":"Actualidad","link":"https:\/\/candas365.es\/noticias\/category\/actualidad\/"},{"label":"Los mayores de 45 a\u00f1os vuelven a estar en el mercado","link":"https:\/\/candas365.es\/noticias\/los-mayores-de-45-anos-vuelven-a-estar-en-el-mercado\/"}],"_links":{"self":[{"href":"https:\/\/candas365.es\/noticias\/wp-json\/wp\/v2\/posts\/34004","targetHints":{"allow":["GET"]}}],"collection":[{"href":"https:\/\/candas365.es\/noticias\/wp-json\/wp\/v2\/posts"}],"about":[{"href":"https:\/\/candas365.es\/noticias\/wp-json\/wp\/v2\/types\/post"}],"author":[{"embeddable":true,"href":"https:\/\/candas365.es\/noticias\/wp-json\/wp\/v2\/users\/1"}],"replies":[{"embeddable":true,"href":"https:\/\/candas365.es\/noticias\/wp-json\/wp\/v2\/comments?post=34004"}],"version-history":[{"count":0,"href":"https:\/\/candas365.es\/noticias\/wp-json\/wp\/v2\/posts\/34004\/revisions"}],"wp:featuredmedia":[{"embeddable":true,"href":"https:\/\/candas365.es\/noticias\/wp-json\/wp\/v2\/media\/2071"}],"wp:attachment":[{"href":"https:\/\/candas365.es\/noticias\/wp-json\/wp\/v2\/media?parent=34004"}],"wp:term":[{"taxonomy":"category","embeddable":true,"href":"https:\/\/candas365.es\/noticias\/wp-json\/wp\/v2\/categories?post=34004"},{"taxonomy":"post_tag","embeddable":true,"href":"https:\/\/candas365.es\/noticias\/wp-json\/wp\/v2\/tags?post=34004"}],"curies":[{"name":"wp","href":"https:\/\/api.w.org\/{rel}","templated":true}]}}