{"id":33889,"date":"2016-10-16T19:57:03","date_gmt":"2016-10-16T18:27:03","guid":{"rendered":"http:\/\/candas365.es\/noticias\/?p=33889"},"modified":"2016-10-16T19:57:03","modified_gmt":"2016-10-16T18:27:03","slug":"biotecnologia-espanola-salta-fuera-de-nuestras-fronteras","status":"publish","type":"post","link":"https:\/\/candas365.es\/noticias\/biotecnologia-espanola-salta-fuera-de-nuestras-fronteras\/","title":{"rendered":"Biotecnolog\u00eda espa\u00f1ola salta fuera de nuestras fronteras"},"content":{"rendered":"<p>Que el sector biotecnol\u00f3gico en Espa\u00f1a est\u00e1 en alza es un hecho innegable. A\u00f1os de recortes, que han marcado profundamente a la investigaci\u00f3n del pa\u00eds, mermando su avances, parece ser que les han hecho m\u00e1s fuertes. Seg\u00fan explicaba el Informe ASEBIO 2015,el sector I+D del pa\u00eds se recupera. Tanto que, incluso, el sector est\u00e1 empezando a igualar al turismo en aportaciones al PIB. Quiz\u00e1 para el informe con datos de 2016, lo haya incluso superado.<\/p>\n<p>Ya en 2010, en pleno apogeo de la crisis financiera, las biotecnol\u00f3gicas se posicionaban como una industria prometedora y con visos de posicionarse a nivel internacional en no muchos a\u00f1os. S\u00f3lo afectada por los recortes, los analistas comprend\u00edan que era y es una industria que no est\u00e1 vinculada al ciclo econ\u00f3mico.<\/p>\n<p>Dos informaciones contradictorias que, sin embargo, como nos comenta Joan Perell\u00f3, CEO de Sanifit, \u00abaunque no vayan en la misma direcci\u00f3n no son incompatibles\u00bb. Su incremento de valor, que es el fin \u00faltimo, se visualiza con el paso de los a\u00f1os. Y esto es su virtud y su problema. En un sistema econ\u00f3mico muy acostumbrado a que los r\u00e9ditos o beneficios de una empresa tengan sus frutos en un corto espacio de tiempo, el posicionamiento de las biotecnol\u00f3gicas como posible destino de una inversi\u00f3n ha costado tiempo en calar. Es, a fin de cuentas, un sector que necesita de mucha confianza a largo plazo, \u00aben el que el riesgo y la posibilidad de retorno es muy alto\u00bb.<\/p>\n<p>Hace unos 10 a\u00f1os, el negocio biotecnol\u00f3gico en Espa\u00f1a apenas ten\u00eda repercursi\u00f3n. Se ha necesitado un tiempo, y las referencias del exterior, para que los inversores, incluidos los internacionales, pongan su atenci\u00f3n en el pa\u00eds. \u00abLa presencia de un capital riesgo especializado, que ha crecido de forma paralela al sector, ha abierto la veda para las grandes rondas y la internacionalizaci\u00f3n\u00bb, comenta Joan.<\/p>\n<p>En cualquier caso, si la confianza, y por ende el dinero, no vienen de la mano de inversores privados, y de un aletargado sector p\u00fablico, con gran determinaci\u00f3n en el sector, una de las alternativas m\u00e1s viables para las biotecnol\u00f3gicas ha estado en los mercados p\u00fablicos.<\/p>\n<p><strong>De puertas hacia dentro<\/strong><\/p>\n<p>Zeltia, ahora PharmaMar, una pionera en esto de los mercados p\u00fablicos, se estren\u00f3 en 1991. Y no tuvo ning\u00fan rival hasta quince a\u00f1os despu\u00e9s con la entrada de Grifols a cotizar. Almirall o Rovi les siguieron en eso de codearse con los m\u00e1s ricos de panorama empresarial espa\u00f1ol.<\/p>\n<p>Algunas que de primeras no son del sector, pero que han terminado aportando tanto como cualquiera. Entre ellas Repsol, que aunque dedicada al negocio petrolero, cuenta con una de las divisiones m\u00e1s populares de investigaci\u00f3n biotecnol\u00f3gica a nivel internacional.<\/p>\n<p>Sanifit, que ya ha cerrado una de las mayores rondas del sector, est\u00e1 preparando su salida a bolsa en Estados Unidos<\/p>\n<p>Las opciones entre los grandes del sector son muchas. Fernando Valdivieso, presidente de Neuron, ya coment\u00f3 hace unos a\u00f1os que \u00abel campo de la biotecnolog\u00eda es tan amplio que es dif\u00edcil que haya rivalidad entre unas y otras\u00bb. Lo que no se imaginaba es que iba a ser tan inmenso como ahora, sobretodo con la entrada de muchas de ellas en el Mercado Alternativo Burs\u00e1til. Neuron Bio, dedicada la industria farmac\u00e9utica para el sector de enfermedades como el alzheimer, cotiza en este momento con una capitalizaci\u00f3n de 12.870 millones de euros.<\/p>\n<p>Y con ella conviven Neol Bio, Bionaturis, Bioseachr, AB-Biotics, 1nkemia, Facephi Biometr\u00eda o Ebioss. La \u00faltima en unirse: Oryzon Genomics. Considerada una de las biotecnol\u00f3gicas m\u00e1s exitosas e innovadoras en Espa\u00f1a. Esta ostenta el puesto de la m\u00e1s reciente en los mercados y algunas de las patentes m\u00e1s prometedoras en lo que a investigaci\u00f3n del alzheimer se refiere. Junto con Zeltia se podr\u00eda decir que son las \u00abni\u00f1as bonitas\u00bb de la investigaci\u00f3n espa\u00f1ola.<\/p>\n<p>Y sin embargo, no todo son buenas noticias. Las salidas a bolsa han sido siempre una opci\u00f3n para la financiaci\u00f3n, pero comportan ciertos riesgos que no siempre est\u00e1n en manos de las propias empresas. \u00abAlgunas lo tienen m\u00e1s f\u00e1cil entrar y otras m\u00e1s complicado\u00bb, comenta Joan, sobretodo si s\u00f3lo tienen un producto para comercializar. Pero lo cierto es que el sector est\u00e1 muy flojo en los mercados p\u00fablicos: un MAB que aporta poca liquidez o seguridad a las empresas y una tendencia a la baja de todas las acciones en circulaci\u00f3n. De hecho, PharmaMar ha detenido su salida a bolsa en Estados Unidos hasta que recupere su valoraci\u00f3n burs\u00e1til de 1.000 millones de nuevo.<\/p>\n<p><strong>Los pr\u00f3ximos y, adem\u00e1s, en el extranjero<\/strong><\/p>\n<p>Ante este panorama ciertamente desolador, una de las opciones es poner la mirada en el extranjero. Sin perder el norte, Joan afirma que la situaci\u00f3n al sur de Europa sorprende bastante fuera de nuestras fronteras, pero a\u00fan queda mucho trabajo para ponerse a su altura.<\/p>\n<p>BTSA, con sede en Madrid, es una de esas biotecnol\u00f3gicas que quiere empezar a trabajar en el mercado continuo. Con previsi\u00f3n para empezar a listar en 2017, la firma, dedicada a crear vitaminas y antioxidantes, tiene su objetivo puesto mucho m\u00e1s all\u00e1 de las fronteras de Espa\u00f1a. Al contrario que sus compa\u00f1eras de sector, BTSA quiere empezar en Reino Unido. \u00bfPor qu\u00e9 no en Espa\u00f1a? Muy sencillo: adem\u00e1s de levantar los fondos necesarios para seguir con sus investigaciones, la compa\u00f1\u00eda quiere darse a conocer en los mercados internacionales. Qu\u00e9 mejor forma que hacerse p\u00fablica para ello.<\/p>\n<p>En cualquier caso, no es la \u00fanica que tiene puestas sus intenciones en el extranjero. Sanifit, biotecnol\u00f3gica del sector eHealth, podr\u00eda tener su objetivo tambi\u00e9n en algunas de las bolsas de Estados Unidos. De nuevo, la recaudaci\u00f3n de m\u00e1s dinero es su fin \u00faltimo, porque como comentaba Joan Perell\u00f3, CEO de la compa\u00f1\u00eda, \u00ablos importes que requieren para operar son consecuencia de los estudios que deben llevar a cabo\u00bb. Es decir, que necesitan mucho dinero porque para una empresa que a\u00fan no ha comercializado su producto es b\u00e1sico. Aunque tambi\u00e9n nos confirma que \u00aben caso de tener que financiar una fase III en el futuro (a 3 a\u00f1os vista) un IPO podr\u00eda ser una opci\u00f3n\u00bb. Lo que les dejar\u00eda una segunda ronda pendiente, por el momento, para despu\u00e9s saltar al mercado p\u00fablico. De momento, salir a bolsa es s\u00f3lo una opci\u00f3n a largo plazo, pero que de darse ya est\u00e1n trabajando en ello. Su nueva sede al otro lado del charco les acerca un pasito m\u00e1s a esa posibilidad.<\/p>\n<p>En septiembre de 2015, la spin-off cerraba una ronda de casi 37 millones de euros y, aunque financiar sus progresos era el objetivo principal, darse a conocer a los inversores extranjeros era prioritario. No s\u00f3lo para ellos, sino para todo un sector en Espa\u00f1a.<\/p>\n<p>El contenido de este post fue publicado primero en la web Hipertextual<\/p>\n<p>&nbsp;<\/p>\n","protected":false},"excerpt":{"rendered":"<p>Que el sector biotecnol\u00f3gico en Espa\u00f1a est\u00e1 en alza es un hecho innegable. A\u00f1os de recortes, que han marcado profundamente a la investigaci\u00f3n del pa\u00eds, mermando su avances, parece ser que les han hecho m\u00e1s fuertes. Seg\u00fan explicaba el Informe ASEBIO 2015,el sector I+D del pa\u00eds se recupera. Tanto que, incluso, el sector est\u00e1 empezando<\/p>\n","protected":false},"author":1,"featured_media":16457,"comment_status":"closed","ping_status":"closed","sticky":false,"template":"","format":"standard","meta":{"footnotes":""},"categories":[343],"tags":[],"class_list":{"0":"post-33889","1":"post","2":"type-post","3":"status-publish","4":"format-standard","5":"has-post-thumbnail","7":"category-actualidad"},"aioseo_notices":[],"aioseo_head":"\n\t\t<!-- All in One SEO Pro 4.9.6.2 - aioseo.com -->\n\t<meta name=\"description\" content=\"Que el sector biotecnol\u00f3gico en Espa\u00f1a est\u00e1 en alza es un hecho innegable. A\u00f1os de recortes, que han marcado profundamente a la investigaci\u00f3n del pa\u00eds, mermando su avances, parece ser que les han hecho m\u00e1s fuertes. Seg\u00fan explicaba el Informe ASEBIO 2015,el sector I+D del pa\u00eds se recupera. Tanto que, incluso, el sector est\u00e1 empezando\" \/>\n\t<meta name=\"robots\" content=\"max-image-preview:large\" \/>\n\t<meta name=\"author\" content=\"Cand\u00e1s 365\"\/>\n\t<meta name=\"google-site-verification\" content=\"UA-32230408-1\" \/>\n\t<meta name=\"msvalidate.01\" content=\"354F3CDFB2DA171B47FBE9ABF1F88D5\" \/>\n\t<meta name=\"keywords\" content=\"actualidad\" \/>\n\t<link rel=\"canonical\" href=\"https:\/\/candas365.es\/noticias\/biotecnologia-espanola-salta-fuera-de-nuestras-fronteras\/\" \/>\n\t<meta name=\"generator\" content=\"All in One SEO Pro (AIOSEO) 4.9.6.2\" \/>\n\t\t<meta property=\"og:locale\" content=\"es_ES\" \/>\n\t\t<meta property=\"og:site_name\" content=\"Cand\u00e1s 365\" \/>\n\t\t<meta property=\"og:type\" content=\"article\" \/>\n\t\t<meta property=\"og:title\" content=\"Biotecnolog\u00eda espa\u00f1ola salta fuera de nuestras fronteras | Cand\u00e1s 365\" \/>\n\t\t<meta property=\"og:description\" content=\"Que el sector biotecnol\u00f3gico en Espa\u00f1a est\u00e1 en alza es un hecho innegable. A\u00f1os de recortes, que han marcado profundamente a la investigaci\u00f3n del pa\u00eds, mermando su avances, parece ser que les han hecho m\u00e1s fuertes. Seg\u00fan explicaba el Informe ASEBIO 2015,el sector I+D del pa\u00eds se recupera. Tanto que, incluso, el sector est\u00e1 empezando\" \/>\n\t\t<meta property=\"og:url\" content=\"https:\/\/candas365.es\/noticias\/biotecnologia-espanola-salta-fuera-de-nuestras-fronteras\/\" \/>\n\t\t<meta property=\"og:image\" content=\"https:\/\/candas365.es\/noticias\/wp-content\/uploads\/2015\/09\/c365noticias.jpg\" \/>\n\t\t<meta property=\"og:image:secure_url\" content=\"https:\/\/candas365.es\/noticias\/wp-content\/uploads\/2015\/09\/c365noticias.jpg\" \/>\n\t\t<meta property=\"og:image:width\" content=\"655\" \/>\n\t\t<meta property=\"og:image:height\" content=\"360\" \/>\n\t\t<meta property=\"article:published_time\" content=\"2016-10-16T18:27:03+00:00\" \/>\n\t\t<meta property=\"article:modified_time\" content=\"2016-10-16T18:27:03+00:00\" \/>\n\t\t<meta property=\"article:publisher\" content=\"https:\/\/www.facebook.com\/Nachofdezber\" \/>\n\t\t<meta property=\"article:author\" content=\"https:\/\/www.facebook.com\/carrenoactualidad\" \/>\n\t\t<meta name=\"twitter:card\" content=\"summary_large_image\" \/>\n\t\t<meta name=\"twitter:site\" content=\"@NabercoDigital\" \/>\n\t\t<meta name=\"twitter:title\" content=\"Biotecnolog\u00eda espa\u00f1ola salta fuera de nuestras fronteras | Cand\u00e1s 365\" \/>\n\t\t<meta name=\"twitter:description\" content=\"Que el sector biotecnol\u00f3gico en Espa\u00f1a est\u00e1 en alza es un hecho innegable. A\u00f1os de recortes, que han marcado profundamente a la investigaci\u00f3n del pa\u00eds, mermando su avances, parece ser que les han hecho m\u00e1s fuertes. Seg\u00fan explicaba el Informe ASEBIO 2015,el sector I+D del pa\u00eds se recupera. Tanto que, incluso, el sector est\u00e1 empezando\" \/>\n\t\t<meta name=\"twitter:creator\" content=\"@nbasturias\" \/>\n\t\t<meta name=\"twitter:image\" content=\"https:\/\/candas365.es\/noticias\/wp-content\/uploads\/2015\/09\/c365noticias.jpg\" \/>\n\t\t<meta name=\"twitter:label1\" content=\"Escrito por\" \/>\n\t\t<meta name=\"twitter:data1\" content=\"Cand\u00e1s 365\" \/>\n\t\t<meta name=\"twitter:label2\" content=\"Tiempo de lectura estimado\" \/>\n\t\t<meta name=\"twitter:data2\" content=\"6 minutos\" \/>\n\t\t<script type=\"application\/ld+json\" class=\"aioseo-schema\">\n\t\t\t{\"@context\":\"https:\\\/\\\/schema.org\",\"@graph\":[{\"@type\":\"BreadcrumbList\",\"@id\":\"https:\\\/\\\/candas365.es\\\/noticias\\\/biotecnologia-espanola-salta-fuera-de-nuestras-fronteras\\\/#breadcrumblist\",\"itemListElement\":[{\"@type\":\"ListItem\",\"@id\":\"https:\\\/\\\/candas365.es\\\/noticias#listItem\",\"position\":1,\"name\":\"Home\",\"item\":\"https:\\\/\\\/candas365.es\\\/noticias\",\"nextItem\":{\"@type\":\"ListItem\",\"@id\":\"https:\\\/\\\/candas365.es\\\/noticias\\\/category\\\/actualidad\\\/#listItem\",\"name\":\"Actualidad\"}},{\"@type\":\"ListItem\",\"@id\":\"https:\\\/\\\/candas365.es\\\/noticias\\\/category\\\/actualidad\\\/#listItem\",\"position\":2,\"name\":\"Actualidad\",\"item\":\"https:\\\/\\\/candas365.es\\\/noticias\\\/category\\\/actualidad\\\/\",\"nextItem\":{\"@type\":\"ListItem\",\"@id\":\"https:\\\/\\\/candas365.es\\\/noticias\\\/biotecnologia-espanola-salta-fuera-de-nuestras-fronteras\\\/#listItem\",\"name\":\"Biotecnolog\\u00eda espa\\u00f1ola salta fuera de nuestras fronteras\"},\"previousItem\":{\"@type\":\"ListItem\",\"@id\":\"https:\\\/\\\/candas365.es\\\/noticias#listItem\",\"name\":\"Home\"}},{\"@type\":\"ListItem\",\"@id\":\"https:\\\/\\\/candas365.es\\\/noticias\\\/biotecnologia-espanola-salta-fuera-de-nuestras-fronteras\\\/#listItem\",\"position\":3,\"name\":\"Biotecnolog\\u00eda espa\\u00f1ola salta fuera de nuestras fronteras\",\"previousItem\":{\"@type\":\"ListItem\",\"@id\":\"https:\\\/\\\/candas365.es\\\/noticias\\\/category\\\/actualidad\\\/#listItem\",\"name\":\"Actualidad\"}}]},{\"@type\":\"NewsArticle\",\"@id\":\"https:\\\/\\\/candas365.es\\\/noticias\\\/biotecnologia-espanola-salta-fuera-de-nuestras-fronteras\\\/#newsarticle\",\"name\":\"Biotecnolog\\u00eda espa\\u00f1ola salta fuera de nuestras fronteras | Cand\\u00e1s 365\",\"headline\":\"Biotecnolog\\u00eda espa\\u00f1ola salta fuera de nuestras fronteras\",\"author\":{\"@id\":\"https:\\\/\\\/candas365.es\\\/noticias\\\/author\\\/admin\\\/#author\"},\"publisher\":{\"@id\":\"https:\\\/\\\/candas365.es\\\/noticias\\\/#organization\"},\"image\":{\"@type\":\"ImageObject\",\"url\":\"https:\\\/\\\/candas365.es\\\/noticias\\\/wp-content\\\/uploads\\\/2015\\\/09\\\/c365noticias.jpg\",\"width\":655,\"height\":360},\"datePublished\":\"2016-10-16T19:57:03+02:00\",\"dateModified\":\"2016-10-16T19:57:03+02:00\",\"inLanguage\":\"es-ES\",\"mainEntityOfPage\":{\"@id\":\"https:\\\/\\\/candas365.es\\\/noticias\\\/biotecnologia-espanola-salta-fuera-de-nuestras-fronteras\\\/#webpage\"},\"isPartOf\":{\"@id\":\"https:\\\/\\\/candas365.es\\\/noticias\\\/biotecnologia-espanola-salta-fuera-de-nuestras-fronteras\\\/#webpage\"},\"articleSection\":\"Actualidad\",\"dateline\":\"Publicado el octubre 16, 2016.\"},{\"@type\":\"Organization\",\"@id\":\"https:\\\/\\\/candas365.es\\\/noticias\\\/#organization\",\"name\":\"Cand\\u00e1s 365\",\"description\":\"Cand\\u00e1s 365 es un diario digital independiente, fundado en 2012, con base en Asturias. Informamos con rigor sobre actualidad, sociedad, cultura y ocio, con una mirada local y global.\",\"url\":\"https:\\\/\\\/candas365.es\\\/noticias\\\/\",\"email\":\"info@candas365.es\",\"telephone\":\"+34652131393\",\"foundingDate\":\"2012-06-10\",\"logo\":{\"@type\":\"ImageObject\",\"url\":\"https:\\\/\\\/candas365.es\\\/noticias\\\/wp-content\\\/uploads\\\/2024\\\/09\\\/Candas-365-Redes.jpg\",\"@id\":\"https:\\\/\\\/candas365.es\\\/noticias\\\/biotecnologia-espanola-salta-fuera-de-nuestras-fronteras\\\/#organizationLogo\",\"width\":1152,\"height\":864,\"caption\":\"Cand\\u00e1s 365 Redes\"},\"image\":{\"@id\":\"https:\\\/\\\/candas365.es\\\/noticias\\\/biotecnologia-espanola-salta-fuera-de-nuestras-fronteras\\\/#organizationLogo\"},\"sameAs\":[\"https:\\\/\\\/www.facebook.com\\\/Nachofdezber\",\"https:\\\/\\\/x.com\\\/NabercoDigital\",\"https:\\\/\\\/www.instagram.com\\\/nachofdezber\\\/\",\"https:\\\/\\\/www.youtube.com\\\/channel\\\/UCZP-2wLEB9Rv6erhFmqVnvg\"],\"address\":{\"@id\":\"https:\\\/\\\/candas365.es\\\/noticias\\\/#postaladdress\",\"@type\":\"PostalAddress\",\"streetAddress\":\"san antonio 4, san antonio 4\",\"postalCode\":\"33430\",\"addressLocality\":\"Cand\\u00e1s\",\"addressRegion\":\"Asturias\",\"addressCountry\":\"ES\"}},{\"@type\":\"Person\",\"@id\":\"https:\\\/\\\/candas365.es\\\/noticias\\\/author\\\/admin\\\/#author\",\"url\":\"https:\\\/\\\/candas365.es\\\/noticias\\\/author\\\/admin\\\/\",\"name\":\"Cand\\u00e1s 365\",\"image\":{\"@type\":\"ImageObject\",\"@id\":\"https:\\\/\\\/candas365.es\\\/noticias\\\/biotecnologia-espanola-salta-fuera-de-nuestras-fronteras\\\/#authorImage\",\"url\":\"https:\\\/\\\/secure.gravatar.com\\\/avatar\\\/496a8e03d0c493ede1718b7934145dbdf8d89be1036b0eec9544e1094c9de390?s=96&d=mm&r=g\",\"width\":96,\"height\":96,\"caption\":\"Cand\\u00e1s 365\"},\"sameAs\":[\"https:\\\/\\\/www.facebook.com\\\/carrenoactualidad\",\"https:\\\/\\\/twitter.com\\\/nbasturias\",\"https:\\\/\\\/www.instagram.com\\\/nachofdezber\\\/\",\"https:\\\/\\\/www.youtube.com\\\/channel\\\/UCZP-2wLEB9Rv6erhFmqVnvg\"]},{\"@type\":\"WebPage\",\"@id\":\"https:\\\/\\\/candas365.es\\\/noticias\\\/biotecnologia-espanola-salta-fuera-de-nuestras-fronteras\\\/#webpage\",\"url\":\"https:\\\/\\\/candas365.es\\\/noticias\\\/biotecnologia-espanola-salta-fuera-de-nuestras-fronteras\\\/\",\"name\":\"Biotecnolog\\u00eda espa\\u00f1ola salta fuera de nuestras fronteras | Cand\\u00e1s 365\",\"description\":\"Que el sector biotecnol\\u00f3gico en Espa\\u00f1a est\\u00e1 en alza es un hecho innegable. A\\u00f1os de recortes, que han marcado profundamente a la investigaci\\u00f3n del pa\\u00eds, mermando su avances, parece ser que les han hecho m\\u00e1s fuertes. Seg\\u00fan explicaba el Informe ASEBIO 2015,el sector I+D del pa\\u00eds se recupera. Tanto que, incluso, el sector est\\u00e1 empezando\",\"inLanguage\":\"es-ES\",\"isPartOf\":{\"@id\":\"https:\\\/\\\/candas365.es\\\/noticias\\\/#website\"},\"breadcrumb\":{\"@id\":\"https:\\\/\\\/candas365.es\\\/noticias\\\/biotecnologia-espanola-salta-fuera-de-nuestras-fronteras\\\/#breadcrumblist\"},\"author\":{\"@id\":\"https:\\\/\\\/candas365.es\\\/noticias\\\/author\\\/admin\\\/#author\"},\"creator\":{\"@id\":\"https:\\\/\\\/candas365.es\\\/noticias\\\/author\\\/admin\\\/#author\"},\"image\":{\"@type\":\"ImageObject\",\"url\":\"https:\\\/\\\/candas365.es\\\/noticias\\\/wp-content\\\/uploads\\\/2015\\\/09\\\/c365noticias.jpg\",\"@id\":\"https:\\\/\\\/candas365.es\\\/noticias\\\/biotecnologia-espanola-salta-fuera-de-nuestras-fronteras\\\/#mainImage\",\"width\":655,\"height\":360},\"primaryImageOfPage\":{\"@id\":\"https:\\\/\\\/candas365.es\\\/noticias\\\/biotecnologia-espanola-salta-fuera-de-nuestras-fronteras\\\/#mainImage\"},\"datePublished\":\"2016-10-16T19:57:03+02:00\",\"dateModified\":\"2016-10-16T19:57:03+02:00\"},{\"@type\":\"WebSite\",\"@id\":\"https:\\\/\\\/candas365.es\\\/noticias\\\/#website\",\"url\":\"https:\\\/\\\/candas365.es\\\/noticias\\\/\",\"name\":\"Cand\\u00e1s 365\",\"alternateName\":\"Cand\\u00e1s 365 Noticias\",\"description\":\"Actualidad desde Carre\\u00f1o para el mundo\",\"inLanguage\":\"es-ES\",\"publisher\":{\"@id\":\"https:\\\/\\\/candas365.es\\\/noticias\\\/#organization\"}}]}\n\t\t<\/script>\n\t\t<!-- All in One SEO Pro -->\r\n\t\t<title>Biotecnolog\u00eda espa\u00f1ola salta fuera de nuestras fronteras | Cand\u00e1s 365<\/title>\n\n","aioseo_head_json":{"title":"Biotecnolog\u00eda espa\u00f1ola salta fuera de nuestras fronteras | Cand\u00e1s 365","description":"Que el sector biotecnol\u00f3gico en Espa\u00f1a est\u00e1 en alza es un hecho innegable. A\u00f1os de recortes, que han marcado profundamente a la investigaci\u00f3n del pa\u00eds, mermando su avances, parece ser que les han hecho m\u00e1s fuertes. Seg\u00fan explicaba el Informe ASEBIO 2015,el sector I+D del pa\u00eds se recupera. Tanto que, incluso, el sector est\u00e1 empezando","canonical_url":"https:\/\/candas365.es\/noticias\/biotecnologia-espanola-salta-fuera-de-nuestras-fronteras\/","robots":"max-image-preview:large","keywords":"actualidad","webmasterTools":{"google-site-verification":"UA-32230408-1","msvalidate.01":"354F3CDFB2DA171B47FBE9ABF1F88D5","miscellaneous":""},"schema":{"@context":"https:\/\/schema.org","@graph":[{"@type":"BreadcrumbList","@id":"https:\/\/candas365.es\/noticias\/biotecnologia-espanola-salta-fuera-de-nuestras-fronteras\/#breadcrumblist","itemListElement":[{"@type":"ListItem","@id":"https:\/\/candas365.es\/noticias#listItem","position":1,"name":"Home","item":"https:\/\/candas365.es\/noticias","nextItem":{"@type":"ListItem","@id":"https:\/\/candas365.es\/noticias\/category\/actualidad\/#listItem","name":"Actualidad"}},{"@type":"ListItem","@id":"https:\/\/candas365.es\/noticias\/category\/actualidad\/#listItem","position":2,"name":"Actualidad","item":"https:\/\/candas365.es\/noticias\/category\/actualidad\/","nextItem":{"@type":"ListItem","@id":"https:\/\/candas365.es\/noticias\/biotecnologia-espanola-salta-fuera-de-nuestras-fronteras\/#listItem","name":"Biotecnolog\u00eda espa\u00f1ola salta fuera de nuestras fronteras"},"previousItem":{"@type":"ListItem","@id":"https:\/\/candas365.es\/noticias#listItem","name":"Home"}},{"@type":"ListItem","@id":"https:\/\/candas365.es\/noticias\/biotecnologia-espanola-salta-fuera-de-nuestras-fronteras\/#listItem","position":3,"name":"Biotecnolog\u00eda espa\u00f1ola salta fuera de nuestras fronteras","previousItem":{"@type":"ListItem","@id":"https:\/\/candas365.es\/noticias\/category\/actualidad\/#listItem","name":"Actualidad"}}]},{"@type":"NewsArticle","@id":"https:\/\/candas365.es\/noticias\/biotecnologia-espanola-salta-fuera-de-nuestras-fronteras\/#newsarticle","name":"Biotecnolog\u00eda espa\u00f1ola salta fuera de nuestras fronteras | Cand\u00e1s 365","headline":"Biotecnolog\u00eda espa\u00f1ola salta fuera de nuestras fronteras","author":{"@id":"https:\/\/candas365.es\/noticias\/author\/admin\/#author"},"publisher":{"@id":"https:\/\/candas365.es\/noticias\/#organization"},"image":{"@type":"ImageObject","url":"https:\/\/candas365.es\/noticias\/wp-content\/uploads\/2015\/09\/c365noticias.jpg","width":655,"height":360},"datePublished":"2016-10-16T19:57:03+02:00","dateModified":"2016-10-16T19:57:03+02:00","inLanguage":"es-ES","mainEntityOfPage":{"@id":"https:\/\/candas365.es\/noticias\/biotecnologia-espanola-salta-fuera-de-nuestras-fronteras\/#webpage"},"isPartOf":{"@id":"https:\/\/candas365.es\/noticias\/biotecnologia-espanola-salta-fuera-de-nuestras-fronteras\/#webpage"},"articleSection":"Actualidad","dateline":"Publicado el octubre 16, 2016."},{"@type":"Organization","@id":"https:\/\/candas365.es\/noticias\/#organization","name":"Cand\u00e1s 365","description":"Cand\u00e1s 365 es un diario digital independiente, fundado en 2012, con base en Asturias. Informamos con rigor sobre actualidad, sociedad, cultura y ocio, con una mirada local y global.","url":"https:\/\/candas365.es\/noticias\/","email":"info@candas365.es","telephone":"+34652131393","foundingDate":"2012-06-10","logo":{"@type":"ImageObject","url":"https:\/\/candas365.es\/noticias\/wp-content\/uploads\/2024\/09\/Candas-365-Redes.jpg","@id":"https:\/\/candas365.es\/noticias\/biotecnologia-espanola-salta-fuera-de-nuestras-fronteras\/#organizationLogo","width":1152,"height":864,"caption":"Cand\u00e1s 365 Redes"},"image":{"@id":"https:\/\/candas365.es\/noticias\/biotecnologia-espanola-salta-fuera-de-nuestras-fronteras\/#organizationLogo"},"sameAs":["https:\/\/www.facebook.com\/Nachofdezber","https:\/\/x.com\/NabercoDigital","https:\/\/www.instagram.com\/nachofdezber\/","https:\/\/www.youtube.com\/channel\/UCZP-2wLEB9Rv6erhFmqVnvg"],"address":{"@id":"https:\/\/candas365.es\/noticias\/#postaladdress","@type":"PostalAddress","streetAddress":"san antonio 4, san antonio 4","postalCode":"33430","addressLocality":"Cand\u00e1s","addressRegion":"Asturias","addressCountry":"ES"}},{"@type":"Person","@id":"https:\/\/candas365.es\/noticias\/author\/admin\/#author","url":"https:\/\/candas365.es\/noticias\/author\/admin\/","name":"Cand\u00e1s 365","image":{"@type":"ImageObject","@id":"https:\/\/candas365.es\/noticias\/biotecnologia-espanola-salta-fuera-de-nuestras-fronteras\/#authorImage","url":"https:\/\/secure.gravatar.com\/avatar\/496a8e03d0c493ede1718b7934145dbdf8d89be1036b0eec9544e1094c9de390?s=96&d=mm&r=g","width":96,"height":96,"caption":"Cand\u00e1s 365"},"sameAs":["https:\/\/www.facebook.com\/carrenoactualidad","https:\/\/twitter.com\/nbasturias","https:\/\/www.instagram.com\/nachofdezber\/","https:\/\/www.youtube.com\/channel\/UCZP-2wLEB9Rv6erhFmqVnvg"]},{"@type":"WebPage","@id":"https:\/\/candas365.es\/noticias\/biotecnologia-espanola-salta-fuera-de-nuestras-fronteras\/#webpage","url":"https:\/\/candas365.es\/noticias\/biotecnologia-espanola-salta-fuera-de-nuestras-fronteras\/","name":"Biotecnolog\u00eda espa\u00f1ola salta fuera de nuestras fronteras | Cand\u00e1s 365","description":"Que el sector biotecnol\u00f3gico en Espa\u00f1a est\u00e1 en alza es un hecho innegable. A\u00f1os de recortes, que han marcado profundamente a la investigaci\u00f3n del pa\u00eds, mermando su avances, parece ser que les han hecho m\u00e1s fuertes. Seg\u00fan explicaba el Informe ASEBIO 2015,el sector I+D del pa\u00eds se recupera. Tanto que, incluso, el sector est\u00e1 empezando","inLanguage":"es-ES","isPartOf":{"@id":"https:\/\/candas365.es\/noticias\/#website"},"breadcrumb":{"@id":"https:\/\/candas365.es\/noticias\/biotecnologia-espanola-salta-fuera-de-nuestras-fronteras\/#breadcrumblist"},"author":{"@id":"https:\/\/candas365.es\/noticias\/author\/admin\/#author"},"creator":{"@id":"https:\/\/candas365.es\/noticias\/author\/admin\/#author"},"image":{"@type":"ImageObject","url":"https:\/\/candas365.es\/noticias\/wp-content\/uploads\/2015\/09\/c365noticias.jpg","@id":"https:\/\/candas365.es\/noticias\/biotecnologia-espanola-salta-fuera-de-nuestras-fronteras\/#mainImage","width":655,"height":360},"primaryImageOfPage":{"@id":"https:\/\/candas365.es\/noticias\/biotecnologia-espanola-salta-fuera-de-nuestras-fronteras\/#mainImage"},"datePublished":"2016-10-16T19:57:03+02:00","dateModified":"2016-10-16T19:57:03+02:00"},{"@type":"WebSite","@id":"https:\/\/candas365.es\/noticias\/#website","url":"https:\/\/candas365.es\/noticias\/","name":"Cand\u00e1s 365","alternateName":"Cand\u00e1s 365 Noticias","description":"Actualidad desde Carre\u00f1o para el mundo","inLanguage":"es-ES","publisher":{"@id":"https:\/\/candas365.es\/noticias\/#organization"}}]},"og:locale":"es_ES","og:site_name":"Cand\u00e1s 365","og:type":"article","og:title":"Biotecnolog\u00eda espa\u00f1ola salta fuera de nuestras fronteras | Cand\u00e1s 365","og:description":"Que el sector biotecnol\u00f3gico en Espa\u00f1a est\u00e1 en alza es un hecho innegable. A\u00f1os de recortes, que han marcado profundamente a la investigaci\u00f3n del pa\u00eds, mermando su avances, parece ser que les han hecho m\u00e1s fuertes. Seg\u00fan explicaba el Informe ASEBIO 2015,el sector I+D del pa\u00eds se recupera. Tanto que, incluso, el sector est\u00e1 empezando","og:url":"https:\/\/candas365.es\/noticias\/biotecnologia-espanola-salta-fuera-de-nuestras-fronteras\/","og:image":"https:\/\/candas365.es\/noticias\/wp-content\/uploads\/2015\/09\/c365noticias.jpg","og:image:secure_url":"https:\/\/candas365.es\/noticias\/wp-content\/uploads\/2015\/09\/c365noticias.jpg","og:image:width":655,"og:image:height":360,"article:published_time":"2016-10-16T18:27:03+00:00","article:modified_time":"2016-10-16T18:27:03+00:00","article:publisher":"https:\/\/www.facebook.com\/Nachofdezber","article:author":"https:\/\/www.facebook.com\/carrenoactualidad","twitter:card":"summary_large_image","twitter:site":"@NabercoDigital","twitter:title":"Biotecnolog\u00eda espa\u00f1ola salta fuera de nuestras fronteras | Cand\u00e1s 365","twitter:description":"Que el sector biotecnol\u00f3gico en Espa\u00f1a est\u00e1 en alza es un hecho innegable. A\u00f1os de recortes, que han marcado profundamente a la investigaci\u00f3n del pa\u00eds, mermando su avances, parece ser que les han hecho m\u00e1s fuertes. Seg\u00fan explicaba el Informe ASEBIO 2015,el sector I+D del pa\u00eds se recupera. Tanto que, incluso, el sector est\u00e1 empezando","twitter:creator":"@nbasturias","twitter:image":"https:\/\/candas365.es\/noticias\/wp-content\/uploads\/2015\/09\/c365noticias.jpg","twitter:label1":"Escrito por","twitter:data1":"Cand\u00e1s 365","twitter:label2":"Tiempo de lectura estimado","twitter:data2":"6 minutos"},"aioseo_meta_data":{"post_id":"33889","title":null,"description":null,"keywords":null,"keyphrases":null,"primary_term":null,"canonical_url":null,"og_title":null,"og_description":null,"og_object_type":"default","og_image_type":"default","og_image_url":null,"og_image_width":null,"og_image_height":null,"og_image_custom_url":null,"og_image_custom_fields":null,"og_video":null,"og_custom_url":null,"og_article_section":null,"og_article_tags":null,"twitter_use_og":false,"twitter_card":"default","twitter_image_type":"default","twitter_image_url":null,"twitter_image_custom_url":null,"twitter_image_custom_fields":null,"twitter_title":null,"twitter_description":null,"schema":{"blockGraphs":[],"customGraphs":[],"default":{"data":{"Article":[],"Course":[],"Dataset":[],"FAQPage":[],"Movie":[],"Person":[],"Product":[],"ProductReview":[],"Car":[],"Recipe":[],"Service":[],"SoftwareApplication":[],"WebPage":[]},"graphName":"","isEnabled":true},"graphs":[]},"schema_type":null,"schema_type_options":null,"pillar_content":false,"robots_default":true,"robots_noindex":false,"robots_noarchive":false,"robots_nosnippet":false,"robots_nofollow":false,"robots_noimageindex":false,"robots_noodp":false,"robots_notranslate":false,"robots_max_snippet":null,"robots_max_videopreview":null,"robots_max_imagepreview":"large","priority":null,"frequency":null,"location":null,"local_seo":null,"seo_analyzer_scan_date":"2025-08-24 17:06:24","breadcrumb_settings":null,"limit_modified_date":false,"reviewed_by":null,"open_ai":null,"ai":null,"created":"2020-12-21 13:07:12","updated":"2025-08-24 17:06:24"},"aioseo_breadcrumb":"<div class=\"aioseo-breadcrumbs\"><span class=\"aioseo-breadcrumb\">\n\t<a href=\"https:\/\/candas365.es\/noticias\" title=\"Home\">Home<\/a>\n<\/span><span class=\"aioseo-breadcrumb-separator\">&ndash;<\/span><span class=\"aioseo-breadcrumb\">\n\t<a href=\"https:\/\/candas365.es\/noticias\/category\/actualidad\/\" title=\"Actualidad\">Actualidad<\/a>\n<\/span><span class=\"aioseo-breadcrumb-separator\">&ndash;<\/span><span class=\"aioseo-breadcrumb\">\n\tBiotecnolog\u00eda espa\u00f1ola salta fuera de nuestras fronteras\n<\/span><\/div>","aioseo_breadcrumb_json":[{"label":"Home","link":"https:\/\/candas365.es\/noticias"},{"label":"Actualidad","link":"https:\/\/candas365.es\/noticias\/category\/actualidad\/"},{"label":"Biotecnolog\u00eda espa\u00f1ola salta fuera de nuestras fronteras","link":"https:\/\/candas365.es\/noticias\/biotecnologia-espanola-salta-fuera-de-nuestras-fronteras\/"}],"_links":{"self":[{"href":"https:\/\/candas365.es\/noticias\/wp-json\/wp\/v2\/posts\/33889","targetHints":{"allow":["GET"]}}],"collection":[{"href":"https:\/\/candas365.es\/noticias\/wp-json\/wp\/v2\/posts"}],"about":[{"href":"https:\/\/candas365.es\/noticias\/wp-json\/wp\/v2\/types\/post"}],"author":[{"embeddable":true,"href":"https:\/\/candas365.es\/noticias\/wp-json\/wp\/v2\/users\/1"}],"replies":[{"embeddable":true,"href":"https:\/\/candas365.es\/noticias\/wp-json\/wp\/v2\/comments?post=33889"}],"version-history":[{"count":0,"href":"https:\/\/candas365.es\/noticias\/wp-json\/wp\/v2\/posts\/33889\/revisions"}],"wp:featuredmedia":[{"embeddable":true,"href":"https:\/\/candas365.es\/noticias\/wp-json\/wp\/v2\/media\/16457"}],"wp:attachment":[{"href":"https:\/\/candas365.es\/noticias\/wp-json\/wp\/v2\/media?parent=33889"}],"wp:term":[{"taxonomy":"category","embeddable":true,"href":"https:\/\/candas365.es\/noticias\/wp-json\/wp\/v2\/categories?post=33889"},{"taxonomy":"post_tag","embeddable":true,"href":"https:\/\/candas365.es\/noticias\/wp-json\/wp\/v2\/tags?post=33889"}],"curies":[{"name":"wp","href":"https:\/\/api.w.org\/{rel}","templated":true}]}}