{"id":33882,"date":"2016-10-16T19:53:13","date_gmt":"2016-10-16T18:23:13","guid":{"rendered":"http:\/\/candas365.es\/noticias\/?p=33882"},"modified":"2016-10-16T19:53:13","modified_gmt":"2016-10-16T18:23:13","slug":"que-supondra-para-samsung-la-crisis-del-galaxy-note-7","status":"publish","type":"post","link":"https:\/\/candas365.es\/noticias\/que-supondra-para-samsung-la-crisis-del-galaxy-note-7\/","title":{"rendered":"\u00bfQu\u00e9 supondr\u00e1 para Samsung la crisis del Galaxy Note 7?"},"content":{"rendered":"<p>La compa\u00f1\u00eda coreana ha emitido hoy un comunicado en el que actualiza sus estimaciones de ingresos y beneficios para el tercer trimestre fiscal del a\u00f1o. Las nuevas cifras no son nada positivas para ellos: una diferencia de casi 2.500 millones de d\u00f3lares en beneficios respecto a lo que se esperaban.<\/p>\n<p>En concreto, y hablando de n\u00fameros, Samsung calculaba que tendr\u00edan unos ingresos por ventas de, aproximadamente, 44.000 millones de d\u00f3lares, pero las cifras revisadas tras el anuncio de la retirada del Note 7 de ayer reducen esta cantidad hasta casi 42.000 millones de d\u00f3lares (unos 2.000 millones de diferencia). En t\u00e9rminos de beneficios operativos, las previsiones de Samsung pasan de casi 7.000 millones a poco m\u00e1s de 4.633 millones, unos 2.300 millones de d\u00f3lares de diferencia que la compa\u00f1\u00eda dejar\u00e1 de ganar (un tercio de los beneficios esperados) por la crisis del Note 7.<\/p>\n<p>Adem\u00e1s del coste del recall (env\u00edos, incentivos, etc.) y de los ingresos perdidos por terminales que se dejar\u00e1n de vender, un analista de HMC Investment Securities Co entrevistado por Bloomberg, asegura que Samsung tambi\u00e9n ha reflejado el dinero perdido en la compra de componentes para fabricar el Note 7 y que, con la fabricaci\u00f3n parada, ya no va a utilizar.<\/p>\n<p>El mismo analista destaca c\u00f3mo el desastre del Note 7 se lleva por delante casi todos los beneficios previstos para la divisi\u00f3n de m\u00f3viles de Samsung de este trimestre: los analistas esperaban de ellos unos beneficios operativos de 2.400 millones de d\u00f3lares, pero calculan que, con la nueva actualizaci\u00f3n por parte de Samsung, los beneficios no superar\u00e1n los 267 millones. Aqu\u00ed estamos hablando de estimaciones de terceros, ya que Samsung no desglosa por categor\u00edas en sus propias estimaciones.<\/p>\n<p>\u00bfY en futuros trimestres?<\/p>\n<p>N\u00f3tese que estamos hablando de las estimaciones para el tercer trimestre del a\u00f1o: en sucesivos trimestres el Note 7 seguir\u00e1 teniendo efecto y reducir\u00e1 las expectativas de Samsung en lo que a ventas y beneficios se refiere por las unidades que se dejar\u00e1n de vender. Seg\u00fan los analistas que Reuters consultaba ayer, la cifra final entre p\u00e9rdidas por el recall y ventas perdidas a lo largo de la vida \u00fatil del Note 7 podr\u00eda acercarse a los 17.000 millones de d\u00f3lares.<\/p>\n<p>La noticia \u00abSamsung calcula que perder\u00e1 2.300 millones de d\u00f3lares de beneficios en el Q3 por la crisis del Note 7\u00bb fue publicada originalmente en Xataka.<\/p>\n","protected":false},"excerpt":{"rendered":"<p>La compa\u00f1\u00eda coreana ha emitido hoy un comunicado en el que actualiza sus estimaciones de ingresos y beneficios para el tercer trimestre fiscal del a\u00f1o. Las nuevas cifras no son nada positivas para ellos: una diferencia de casi 2.500 millones de d\u00f3lares en beneficios respecto a lo que se esperaban. En concreto, y hablando de<\/p>\n","protected":false},"author":1,"featured_media":16457,"comment_status":"closed","ping_status":"closed","sticky":false,"template":"","format":"standard","meta":{"footnotes":""},"categories":[343],"tags":[],"class_list":{"0":"post-33882","1":"post","2":"type-post","3":"status-publish","4":"format-standard","5":"has-post-thumbnail","7":"category-actualidad"},"aioseo_notices":[],"aioseo_head":"\n\t\t<!-- All in One SEO Pro 4.9.6.2 - aioseo.com -->\n\t<meta name=\"description\" content=\"La compa\u00f1\u00eda coreana ha emitido hoy un comunicado en el que actualiza sus estimaciones de ingresos y beneficios para el tercer trimestre fiscal del a\u00f1o. Las nuevas cifras no son nada positivas para ellos: una diferencia de casi 2.500 millones de d\u00f3lares en beneficios respecto a lo que se esperaban. En concreto, y hablando de\" \/>\n\t<meta name=\"robots\" content=\"max-image-preview:large\" \/>\n\t<meta name=\"author\" content=\"Cand\u00e1s 365\"\/>\n\t<meta name=\"google-site-verification\" content=\"UA-32230408-1\" \/>\n\t<meta name=\"msvalidate.01\" content=\"354F3CDFB2DA171B47FBE9ABF1F88D5\" \/>\n\t<meta name=\"keywords\" content=\"actualidad\" \/>\n\t<link rel=\"canonical\" href=\"https:\/\/candas365.es\/noticias\/que-supondra-para-samsung-la-crisis-del-galaxy-note-7\/\" \/>\n\t<meta name=\"generator\" content=\"All in One SEO Pro (AIOSEO) 4.9.6.2\" \/>\n\t\t<meta property=\"og:locale\" content=\"es_ES\" \/>\n\t\t<meta property=\"og:site_name\" content=\"Cand\u00e1s 365\" \/>\n\t\t<meta property=\"og:type\" content=\"article\" \/>\n\t\t<meta property=\"og:title\" content=\"\u00bfQu\u00e9 supondr\u00e1 para Samsung la crisis del Galaxy Note 7? | Cand\u00e1s 365\" \/>\n\t\t<meta property=\"og:description\" content=\"La compa\u00f1\u00eda coreana ha emitido hoy un comunicado en el que actualiza sus estimaciones de ingresos y beneficios para el tercer trimestre fiscal del a\u00f1o. Las nuevas cifras no son nada positivas para ellos: una diferencia de casi 2.500 millones de d\u00f3lares en beneficios respecto a lo que se esperaban. En concreto, y hablando de\" \/>\n\t\t<meta property=\"og:url\" content=\"https:\/\/candas365.es\/noticias\/que-supondra-para-samsung-la-crisis-del-galaxy-note-7\/\" \/>\n\t\t<meta property=\"og:image\" content=\"https:\/\/candas365.es\/noticias\/wp-content\/uploads\/2015\/09\/c365noticias.jpg\" \/>\n\t\t<meta property=\"og:image:secure_url\" content=\"https:\/\/candas365.es\/noticias\/wp-content\/uploads\/2015\/09\/c365noticias.jpg\" \/>\n\t\t<meta property=\"og:image:width\" content=\"655\" \/>\n\t\t<meta property=\"og:image:height\" content=\"360\" \/>\n\t\t<meta property=\"article:published_time\" content=\"2016-10-16T18:23:13+00:00\" \/>\n\t\t<meta property=\"article:modified_time\" content=\"2016-10-16T18:23:13+00:00\" \/>\n\t\t<meta property=\"article:publisher\" content=\"https:\/\/www.facebook.com\/Nachofdezber\" \/>\n\t\t<meta property=\"article:author\" content=\"https:\/\/www.facebook.com\/carrenoactualidad\" \/>\n\t\t<meta name=\"twitter:card\" content=\"summary_large_image\" \/>\n\t\t<meta name=\"twitter:site\" content=\"@NabercoDigital\" \/>\n\t\t<meta name=\"twitter:title\" content=\"\u00bfQu\u00e9 supondr\u00e1 para Samsung la crisis del Galaxy Note 7? | Cand\u00e1s 365\" \/>\n\t\t<meta name=\"twitter:description\" content=\"La compa\u00f1\u00eda coreana ha emitido hoy un comunicado en el que actualiza sus estimaciones de ingresos y beneficios para el tercer trimestre fiscal del a\u00f1o. Las nuevas cifras no son nada positivas para ellos: una diferencia de casi 2.500 millones de d\u00f3lares en beneficios respecto a lo que se esperaban. En concreto, y hablando de\" \/>\n\t\t<meta name=\"twitter:creator\" content=\"@nbasturias\" \/>\n\t\t<meta name=\"twitter:image\" content=\"https:\/\/candas365.es\/noticias\/wp-content\/uploads\/2015\/09\/c365noticias.jpg\" \/>\n\t\t<meta name=\"twitter:label1\" content=\"Escrito por\" \/>\n\t\t<meta name=\"twitter:data1\" content=\"Cand\u00e1s 365\" \/>\n\t\t<meta name=\"twitter:label2\" content=\"Tiempo de lectura estimado\" \/>\n\t\t<meta name=\"twitter:data2\" content=\"2 minutos\" \/>\n\t\t<script type=\"application\/ld+json\" class=\"aioseo-schema\">\n\t\t\t{\"@context\":\"https:\\\/\\\/schema.org\",\"@graph\":[{\"@type\":\"BreadcrumbList\",\"@id\":\"https:\\\/\\\/candas365.es\\\/noticias\\\/que-supondra-para-samsung-la-crisis-del-galaxy-note-7\\\/#breadcrumblist\",\"itemListElement\":[{\"@type\":\"ListItem\",\"@id\":\"https:\\\/\\\/candas365.es\\\/noticias#listItem\",\"position\":1,\"name\":\"Home\",\"item\":\"https:\\\/\\\/candas365.es\\\/noticias\",\"nextItem\":{\"@type\":\"ListItem\",\"@id\":\"https:\\\/\\\/candas365.es\\\/noticias\\\/category\\\/actualidad\\\/#listItem\",\"name\":\"Actualidad\"}},{\"@type\":\"ListItem\",\"@id\":\"https:\\\/\\\/candas365.es\\\/noticias\\\/category\\\/actualidad\\\/#listItem\",\"position\":2,\"name\":\"Actualidad\",\"item\":\"https:\\\/\\\/candas365.es\\\/noticias\\\/category\\\/actualidad\\\/\",\"nextItem\":{\"@type\":\"ListItem\",\"@id\":\"https:\\\/\\\/candas365.es\\\/noticias\\\/que-supondra-para-samsung-la-crisis-del-galaxy-note-7\\\/#listItem\",\"name\":\"\\u00bfQu\\u00e9 supondr\\u00e1 para Samsung la crisis del Galaxy Note 7?\"},\"previousItem\":{\"@type\":\"ListItem\",\"@id\":\"https:\\\/\\\/candas365.es\\\/noticias#listItem\",\"name\":\"Home\"}},{\"@type\":\"ListItem\",\"@id\":\"https:\\\/\\\/candas365.es\\\/noticias\\\/que-supondra-para-samsung-la-crisis-del-galaxy-note-7\\\/#listItem\",\"position\":3,\"name\":\"\\u00bfQu\\u00e9 supondr\\u00e1 para Samsung la crisis del Galaxy Note 7?\",\"previousItem\":{\"@type\":\"ListItem\",\"@id\":\"https:\\\/\\\/candas365.es\\\/noticias\\\/category\\\/actualidad\\\/#listItem\",\"name\":\"Actualidad\"}}]},{\"@type\":\"NewsArticle\",\"@id\":\"https:\\\/\\\/candas365.es\\\/noticias\\\/que-supondra-para-samsung-la-crisis-del-galaxy-note-7\\\/#newsarticle\",\"name\":\"\\u00bfQu\\u00e9 supondr\\u00e1 para Samsung la crisis del Galaxy Note 7? | Cand\\u00e1s 365\",\"headline\":\"\\u00bfQu\\u00e9 supondr\\u00e1 para Samsung la crisis del Galaxy Note 7?\",\"author\":{\"@id\":\"https:\\\/\\\/candas365.es\\\/noticias\\\/author\\\/admin\\\/#author\"},\"publisher\":{\"@id\":\"https:\\\/\\\/candas365.es\\\/noticias\\\/#organization\"},\"image\":{\"@type\":\"ImageObject\",\"url\":\"https:\\\/\\\/candas365.es\\\/noticias\\\/wp-content\\\/uploads\\\/2015\\\/09\\\/c365noticias.jpg\",\"width\":655,\"height\":360},\"datePublished\":\"2016-10-16T19:53:13+02:00\",\"dateModified\":\"2016-10-16T19:53:13+02:00\",\"inLanguage\":\"es-ES\",\"mainEntityOfPage\":{\"@id\":\"https:\\\/\\\/candas365.es\\\/noticias\\\/que-supondra-para-samsung-la-crisis-del-galaxy-note-7\\\/#webpage\"},\"isPartOf\":{\"@id\":\"https:\\\/\\\/candas365.es\\\/noticias\\\/que-supondra-para-samsung-la-crisis-del-galaxy-note-7\\\/#webpage\"},\"articleSection\":\"Actualidad\",\"dateline\":\"Publicado el octubre 16, 2016.\"},{\"@type\":\"Organization\",\"@id\":\"https:\\\/\\\/candas365.es\\\/noticias\\\/#organization\",\"name\":\"Cand\\u00e1s 365\",\"description\":\"Cand\\u00e1s 365 es un diario digital independiente, fundado en 2012, con base en Asturias. Informamos con rigor sobre actualidad, sociedad, cultura y ocio, con una mirada local y global.\",\"url\":\"https:\\\/\\\/candas365.es\\\/noticias\\\/\",\"email\":\"info@candas365.es\",\"telephone\":\"+34652131393\",\"foundingDate\":\"2012-06-10\",\"logo\":{\"@type\":\"ImageObject\",\"url\":\"https:\\\/\\\/candas365.es\\\/noticias\\\/wp-content\\\/uploads\\\/2024\\\/09\\\/Candas-365-Redes.jpg\",\"@id\":\"https:\\\/\\\/candas365.es\\\/noticias\\\/que-supondra-para-samsung-la-crisis-del-galaxy-note-7\\\/#organizationLogo\",\"width\":1152,\"height\":864,\"caption\":\"Cand\\u00e1s 365 Redes\"},\"image\":{\"@id\":\"https:\\\/\\\/candas365.es\\\/noticias\\\/que-supondra-para-samsung-la-crisis-del-galaxy-note-7\\\/#organizationLogo\"},\"sameAs\":[\"https:\\\/\\\/www.facebook.com\\\/Nachofdezber\",\"https:\\\/\\\/x.com\\\/NabercoDigital\",\"https:\\\/\\\/www.instagram.com\\\/nachofdezber\\\/\",\"https:\\\/\\\/www.youtube.com\\\/channel\\\/UCZP-2wLEB9Rv6erhFmqVnvg\"],\"address\":{\"@id\":\"https:\\\/\\\/candas365.es\\\/noticias\\\/#postaladdress\",\"@type\":\"PostalAddress\",\"streetAddress\":\"san antonio 4, san antonio 4\",\"postalCode\":\"33430\",\"addressLocality\":\"Cand\\u00e1s\",\"addressRegion\":\"Asturias\",\"addressCountry\":\"ES\"}},{\"@type\":\"Person\",\"@id\":\"https:\\\/\\\/candas365.es\\\/noticias\\\/author\\\/admin\\\/#author\",\"url\":\"https:\\\/\\\/candas365.es\\\/noticias\\\/author\\\/admin\\\/\",\"name\":\"Cand\\u00e1s 365\",\"image\":{\"@type\":\"ImageObject\",\"@id\":\"https:\\\/\\\/candas365.es\\\/noticias\\\/que-supondra-para-samsung-la-crisis-del-galaxy-note-7\\\/#authorImage\",\"url\":\"https:\\\/\\\/secure.gravatar.com\\\/avatar\\\/496a8e03d0c493ede1718b7934145dbdf8d89be1036b0eec9544e1094c9de390?s=96&d=mm&r=g\",\"width\":96,\"height\":96,\"caption\":\"Cand\\u00e1s 365\"},\"sameAs\":[\"https:\\\/\\\/www.facebook.com\\\/carrenoactualidad\",\"https:\\\/\\\/twitter.com\\\/nbasturias\",\"https:\\\/\\\/www.instagram.com\\\/nachofdezber\\\/\",\"https:\\\/\\\/www.youtube.com\\\/channel\\\/UCZP-2wLEB9Rv6erhFmqVnvg\"]},{\"@type\":\"WebPage\",\"@id\":\"https:\\\/\\\/candas365.es\\\/noticias\\\/que-supondra-para-samsung-la-crisis-del-galaxy-note-7\\\/#webpage\",\"url\":\"https:\\\/\\\/candas365.es\\\/noticias\\\/que-supondra-para-samsung-la-crisis-del-galaxy-note-7\\\/\",\"name\":\"\\u00bfQu\\u00e9 supondr\\u00e1 para Samsung la crisis del Galaxy Note 7? | Cand\\u00e1s 365\",\"description\":\"La compa\\u00f1\\u00eda coreana ha emitido hoy un comunicado en el que actualiza sus estimaciones de ingresos y beneficios para el tercer trimestre fiscal del a\\u00f1o. Las nuevas cifras no son nada positivas para ellos: una diferencia de casi 2.500 millones de d\\u00f3lares en beneficios respecto a lo que se esperaban. En concreto, y hablando de\",\"inLanguage\":\"es-ES\",\"isPartOf\":{\"@id\":\"https:\\\/\\\/candas365.es\\\/noticias\\\/#website\"},\"breadcrumb\":{\"@id\":\"https:\\\/\\\/candas365.es\\\/noticias\\\/que-supondra-para-samsung-la-crisis-del-galaxy-note-7\\\/#breadcrumblist\"},\"author\":{\"@id\":\"https:\\\/\\\/candas365.es\\\/noticias\\\/author\\\/admin\\\/#author\"},\"creator\":{\"@id\":\"https:\\\/\\\/candas365.es\\\/noticias\\\/author\\\/admin\\\/#author\"},\"image\":{\"@type\":\"ImageObject\",\"url\":\"https:\\\/\\\/candas365.es\\\/noticias\\\/wp-content\\\/uploads\\\/2015\\\/09\\\/c365noticias.jpg\",\"@id\":\"https:\\\/\\\/candas365.es\\\/noticias\\\/que-supondra-para-samsung-la-crisis-del-galaxy-note-7\\\/#mainImage\",\"width\":655,\"height\":360},\"primaryImageOfPage\":{\"@id\":\"https:\\\/\\\/candas365.es\\\/noticias\\\/que-supondra-para-samsung-la-crisis-del-galaxy-note-7\\\/#mainImage\"},\"datePublished\":\"2016-10-16T19:53:13+02:00\",\"dateModified\":\"2016-10-16T19:53:13+02:00\"},{\"@type\":\"WebSite\",\"@id\":\"https:\\\/\\\/candas365.es\\\/noticias\\\/#website\",\"url\":\"https:\\\/\\\/candas365.es\\\/noticias\\\/\",\"name\":\"Cand\\u00e1s 365\",\"alternateName\":\"Cand\\u00e1s 365 Noticias\",\"description\":\"Actualidad desde Carre\\u00f1o para el mundo\",\"inLanguage\":\"es-ES\",\"publisher\":{\"@id\":\"https:\\\/\\\/candas365.es\\\/noticias\\\/#organization\"}}]}\n\t\t<\/script>\n\t\t<!-- All in One SEO Pro -->\r\n\t\t<title>\u00bfQu\u00e9 supondr\u00e1 para Samsung la crisis del Galaxy Note 7? | Cand\u00e1s 365<\/title>\n\n","aioseo_head_json":{"title":"\u00bfQu\u00e9 supondr\u00e1 para Samsung la crisis del Galaxy Note 7? | Cand\u00e1s 365","description":"La compa\u00f1\u00eda coreana ha emitido hoy un comunicado en el que actualiza sus estimaciones de ingresos y beneficios para el tercer trimestre fiscal del a\u00f1o. Las nuevas cifras no son nada positivas para ellos: una diferencia de casi 2.500 millones de d\u00f3lares en beneficios respecto a lo que se esperaban. En concreto, y hablando de","canonical_url":"https:\/\/candas365.es\/noticias\/que-supondra-para-samsung-la-crisis-del-galaxy-note-7\/","robots":"max-image-preview:large","keywords":"actualidad","webmasterTools":{"google-site-verification":"UA-32230408-1","msvalidate.01":"354F3CDFB2DA171B47FBE9ABF1F88D5","miscellaneous":""},"schema":{"@context":"https:\/\/schema.org","@graph":[{"@type":"BreadcrumbList","@id":"https:\/\/candas365.es\/noticias\/que-supondra-para-samsung-la-crisis-del-galaxy-note-7\/#breadcrumblist","itemListElement":[{"@type":"ListItem","@id":"https:\/\/candas365.es\/noticias#listItem","position":1,"name":"Home","item":"https:\/\/candas365.es\/noticias","nextItem":{"@type":"ListItem","@id":"https:\/\/candas365.es\/noticias\/category\/actualidad\/#listItem","name":"Actualidad"}},{"@type":"ListItem","@id":"https:\/\/candas365.es\/noticias\/category\/actualidad\/#listItem","position":2,"name":"Actualidad","item":"https:\/\/candas365.es\/noticias\/category\/actualidad\/","nextItem":{"@type":"ListItem","@id":"https:\/\/candas365.es\/noticias\/que-supondra-para-samsung-la-crisis-del-galaxy-note-7\/#listItem","name":"\u00bfQu\u00e9 supondr\u00e1 para Samsung la crisis del Galaxy Note 7?"},"previousItem":{"@type":"ListItem","@id":"https:\/\/candas365.es\/noticias#listItem","name":"Home"}},{"@type":"ListItem","@id":"https:\/\/candas365.es\/noticias\/que-supondra-para-samsung-la-crisis-del-galaxy-note-7\/#listItem","position":3,"name":"\u00bfQu\u00e9 supondr\u00e1 para Samsung la crisis del Galaxy Note 7?","previousItem":{"@type":"ListItem","@id":"https:\/\/candas365.es\/noticias\/category\/actualidad\/#listItem","name":"Actualidad"}}]},{"@type":"NewsArticle","@id":"https:\/\/candas365.es\/noticias\/que-supondra-para-samsung-la-crisis-del-galaxy-note-7\/#newsarticle","name":"\u00bfQu\u00e9 supondr\u00e1 para Samsung la crisis del Galaxy Note 7? | Cand\u00e1s 365","headline":"\u00bfQu\u00e9 supondr\u00e1 para Samsung la crisis del Galaxy Note 7?","author":{"@id":"https:\/\/candas365.es\/noticias\/author\/admin\/#author"},"publisher":{"@id":"https:\/\/candas365.es\/noticias\/#organization"},"image":{"@type":"ImageObject","url":"https:\/\/candas365.es\/noticias\/wp-content\/uploads\/2015\/09\/c365noticias.jpg","width":655,"height":360},"datePublished":"2016-10-16T19:53:13+02:00","dateModified":"2016-10-16T19:53:13+02:00","inLanguage":"es-ES","mainEntityOfPage":{"@id":"https:\/\/candas365.es\/noticias\/que-supondra-para-samsung-la-crisis-del-galaxy-note-7\/#webpage"},"isPartOf":{"@id":"https:\/\/candas365.es\/noticias\/que-supondra-para-samsung-la-crisis-del-galaxy-note-7\/#webpage"},"articleSection":"Actualidad","dateline":"Publicado el octubre 16, 2016."},{"@type":"Organization","@id":"https:\/\/candas365.es\/noticias\/#organization","name":"Cand\u00e1s 365","description":"Cand\u00e1s 365 es un diario digital independiente, fundado en 2012, con base en Asturias. Informamos con rigor sobre actualidad, sociedad, cultura y ocio, con una mirada local y global.","url":"https:\/\/candas365.es\/noticias\/","email":"info@candas365.es","telephone":"+34652131393","foundingDate":"2012-06-10","logo":{"@type":"ImageObject","url":"https:\/\/candas365.es\/noticias\/wp-content\/uploads\/2024\/09\/Candas-365-Redes.jpg","@id":"https:\/\/candas365.es\/noticias\/que-supondra-para-samsung-la-crisis-del-galaxy-note-7\/#organizationLogo","width":1152,"height":864,"caption":"Cand\u00e1s 365 Redes"},"image":{"@id":"https:\/\/candas365.es\/noticias\/que-supondra-para-samsung-la-crisis-del-galaxy-note-7\/#organizationLogo"},"sameAs":["https:\/\/www.facebook.com\/Nachofdezber","https:\/\/x.com\/NabercoDigital","https:\/\/www.instagram.com\/nachofdezber\/","https:\/\/www.youtube.com\/channel\/UCZP-2wLEB9Rv6erhFmqVnvg"],"address":{"@id":"https:\/\/candas365.es\/noticias\/#postaladdress","@type":"PostalAddress","streetAddress":"san antonio 4, san antonio 4","postalCode":"33430","addressLocality":"Cand\u00e1s","addressRegion":"Asturias","addressCountry":"ES"}},{"@type":"Person","@id":"https:\/\/candas365.es\/noticias\/author\/admin\/#author","url":"https:\/\/candas365.es\/noticias\/author\/admin\/","name":"Cand\u00e1s 365","image":{"@type":"ImageObject","@id":"https:\/\/candas365.es\/noticias\/que-supondra-para-samsung-la-crisis-del-galaxy-note-7\/#authorImage","url":"https:\/\/secure.gravatar.com\/avatar\/496a8e03d0c493ede1718b7934145dbdf8d89be1036b0eec9544e1094c9de390?s=96&d=mm&r=g","width":96,"height":96,"caption":"Cand\u00e1s 365"},"sameAs":["https:\/\/www.facebook.com\/carrenoactualidad","https:\/\/twitter.com\/nbasturias","https:\/\/www.instagram.com\/nachofdezber\/","https:\/\/www.youtube.com\/channel\/UCZP-2wLEB9Rv6erhFmqVnvg"]},{"@type":"WebPage","@id":"https:\/\/candas365.es\/noticias\/que-supondra-para-samsung-la-crisis-del-galaxy-note-7\/#webpage","url":"https:\/\/candas365.es\/noticias\/que-supondra-para-samsung-la-crisis-del-galaxy-note-7\/","name":"\u00bfQu\u00e9 supondr\u00e1 para Samsung la crisis del Galaxy Note 7? | Cand\u00e1s 365","description":"La compa\u00f1\u00eda coreana ha emitido hoy un comunicado en el que actualiza sus estimaciones de ingresos y beneficios para el tercer trimestre fiscal del a\u00f1o. Las nuevas cifras no son nada positivas para ellos: una diferencia de casi 2.500 millones de d\u00f3lares en beneficios respecto a lo que se esperaban. En concreto, y hablando de","inLanguage":"es-ES","isPartOf":{"@id":"https:\/\/candas365.es\/noticias\/#website"},"breadcrumb":{"@id":"https:\/\/candas365.es\/noticias\/que-supondra-para-samsung-la-crisis-del-galaxy-note-7\/#breadcrumblist"},"author":{"@id":"https:\/\/candas365.es\/noticias\/author\/admin\/#author"},"creator":{"@id":"https:\/\/candas365.es\/noticias\/author\/admin\/#author"},"image":{"@type":"ImageObject","url":"https:\/\/candas365.es\/noticias\/wp-content\/uploads\/2015\/09\/c365noticias.jpg","@id":"https:\/\/candas365.es\/noticias\/que-supondra-para-samsung-la-crisis-del-galaxy-note-7\/#mainImage","width":655,"height":360},"primaryImageOfPage":{"@id":"https:\/\/candas365.es\/noticias\/que-supondra-para-samsung-la-crisis-del-galaxy-note-7\/#mainImage"},"datePublished":"2016-10-16T19:53:13+02:00","dateModified":"2016-10-16T19:53:13+02:00"},{"@type":"WebSite","@id":"https:\/\/candas365.es\/noticias\/#website","url":"https:\/\/candas365.es\/noticias\/","name":"Cand\u00e1s 365","alternateName":"Cand\u00e1s 365 Noticias","description":"Actualidad desde Carre\u00f1o para el mundo","inLanguage":"es-ES","publisher":{"@id":"https:\/\/candas365.es\/noticias\/#organization"}}]},"og:locale":"es_ES","og:site_name":"Cand\u00e1s 365","og:type":"article","og:title":"\u00bfQu\u00e9 supondr\u00e1 para Samsung la crisis del Galaxy Note 7? | Cand\u00e1s 365","og:description":"La compa\u00f1\u00eda coreana ha emitido hoy un comunicado en el que actualiza sus estimaciones de ingresos y beneficios para el tercer trimestre fiscal del a\u00f1o. Las nuevas cifras no son nada positivas para ellos: una diferencia de casi 2.500 millones de d\u00f3lares en beneficios respecto a lo que se esperaban. En concreto, y hablando de","og:url":"https:\/\/candas365.es\/noticias\/que-supondra-para-samsung-la-crisis-del-galaxy-note-7\/","og:image":"https:\/\/candas365.es\/noticias\/wp-content\/uploads\/2015\/09\/c365noticias.jpg","og:image:secure_url":"https:\/\/candas365.es\/noticias\/wp-content\/uploads\/2015\/09\/c365noticias.jpg","og:image:width":655,"og:image:height":360,"article:published_time":"2016-10-16T18:23:13+00:00","article:modified_time":"2016-10-16T18:23:13+00:00","article:publisher":"https:\/\/www.facebook.com\/Nachofdezber","article:author":"https:\/\/www.facebook.com\/carrenoactualidad","twitter:card":"summary_large_image","twitter:site":"@NabercoDigital","twitter:title":"\u00bfQu\u00e9 supondr\u00e1 para Samsung la crisis del Galaxy Note 7? | Cand\u00e1s 365","twitter:description":"La compa\u00f1\u00eda coreana ha emitido hoy un comunicado en el que actualiza sus estimaciones de ingresos y beneficios para el tercer trimestre fiscal del a\u00f1o. Las nuevas cifras no son nada positivas para ellos: una diferencia de casi 2.500 millones de d\u00f3lares en beneficios respecto a lo que se esperaban. En concreto, y hablando de","twitter:creator":"@nbasturias","twitter:image":"https:\/\/candas365.es\/noticias\/wp-content\/uploads\/2015\/09\/c365noticias.jpg","twitter:label1":"Escrito por","twitter:data1":"Cand\u00e1s 365","twitter:label2":"Tiempo de lectura estimado","twitter:data2":"2 minutos"},"aioseo_meta_data":{"post_id":"33882","title":null,"description":null,"keywords":null,"keyphrases":null,"primary_term":null,"canonical_url":null,"og_title":null,"og_description":null,"og_object_type":"default","og_image_type":"default","og_image_url":null,"og_image_width":null,"og_image_height":null,"og_image_custom_url":null,"og_image_custom_fields":null,"og_video":null,"og_custom_url":null,"og_article_section":null,"og_article_tags":null,"twitter_use_og":false,"twitter_card":"default","twitter_image_type":"default","twitter_image_url":null,"twitter_image_custom_url":null,"twitter_image_custom_fields":null,"twitter_title":null,"twitter_description":null,"schema":{"blockGraphs":[],"customGraphs":[],"default":{"data":{"Article":[],"Course":[],"Dataset":[],"FAQPage":[],"Movie":[],"Person":[],"Product":[],"ProductReview":[],"Car":[],"Recipe":[],"Service":[],"SoftwareApplication":[],"WebPage":[]},"graphName":"","isEnabled":true},"graphs":[]},"schema_type":null,"schema_type_options":null,"pillar_content":false,"robots_default":true,"robots_noindex":false,"robots_noarchive":false,"robots_nosnippet":false,"robots_nofollow":false,"robots_noimageindex":false,"robots_noodp":false,"robots_notranslate":false,"robots_max_snippet":null,"robots_max_videopreview":null,"robots_max_imagepreview":"large","priority":null,"frequency":null,"location":null,"local_seo":null,"seo_analyzer_scan_date":"2025-08-24 17:06:21","breadcrumb_settings":null,"limit_modified_date":false,"reviewed_by":null,"open_ai":null,"ai":null,"created":"2020-12-21 13:07:12","updated":"2025-08-24 17:06:21"},"aioseo_breadcrumb":"<div class=\"aioseo-breadcrumbs\"><span class=\"aioseo-breadcrumb\">\n\t<a href=\"https:\/\/candas365.es\/noticias\" title=\"Home\">Home<\/a>\n<\/span><span class=\"aioseo-breadcrumb-separator\">&ndash;<\/span><span class=\"aioseo-breadcrumb\">\n\t<a href=\"https:\/\/candas365.es\/noticias\/category\/actualidad\/\" title=\"Actualidad\">Actualidad<\/a>\n<\/span><span class=\"aioseo-breadcrumb-separator\">&ndash;<\/span><span class=\"aioseo-breadcrumb\">\n\t\u00bfQu\u00e9 supondr\u00e1 para Samsung la crisis del Galaxy Note 7?\n<\/span><\/div>","aioseo_breadcrumb_json":[{"label":"Home","link":"https:\/\/candas365.es\/noticias"},{"label":"Actualidad","link":"https:\/\/candas365.es\/noticias\/category\/actualidad\/"},{"label":"\u00bfQu\u00e9 supondr\u00e1 para Samsung la crisis del Galaxy Note 7?","link":"https:\/\/candas365.es\/noticias\/que-supondra-para-samsung-la-crisis-del-galaxy-note-7\/"}],"_links":{"self":[{"href":"https:\/\/candas365.es\/noticias\/wp-json\/wp\/v2\/posts\/33882","targetHints":{"allow":["GET"]}}],"collection":[{"href":"https:\/\/candas365.es\/noticias\/wp-json\/wp\/v2\/posts"}],"about":[{"href":"https:\/\/candas365.es\/noticias\/wp-json\/wp\/v2\/types\/post"}],"author":[{"embeddable":true,"href":"https:\/\/candas365.es\/noticias\/wp-json\/wp\/v2\/users\/1"}],"replies":[{"embeddable":true,"href":"https:\/\/candas365.es\/noticias\/wp-json\/wp\/v2\/comments?post=33882"}],"version-history":[{"count":0,"href":"https:\/\/candas365.es\/noticias\/wp-json\/wp\/v2\/posts\/33882\/revisions"}],"wp:featuredmedia":[{"embeddable":true,"href":"https:\/\/candas365.es\/noticias\/wp-json\/wp\/v2\/media\/16457"}],"wp:attachment":[{"href":"https:\/\/candas365.es\/noticias\/wp-json\/wp\/v2\/media?parent=33882"}],"wp:term":[{"taxonomy":"category","embeddable":true,"href":"https:\/\/candas365.es\/noticias\/wp-json\/wp\/v2\/categories?post=33882"},{"taxonomy":"post_tag","embeddable":true,"href":"https:\/\/candas365.es\/noticias\/wp-json\/wp\/v2\/tags?post=33882"}],"curies":[{"name":"wp","href":"https:\/\/api.w.org\/{rel}","templated":true}]}}