{"id":33874,"date":"2016-10-16T19:49:21","date_gmt":"2016-10-16T18:19:21","guid":{"rendered":"http:\/\/candas365.es\/noticias\/?p=33874"},"modified":"2016-10-16T19:49:21","modified_gmt":"2016-10-16T18:19:21","slug":"google-y-facebook-construiran-el-cable-submarino-mas-rapido-del-pacifico","status":"publish","type":"post","link":"https:\/\/candas365.es\/noticias\/google-y-facebook-construiran-el-cable-submarino-mas-rapido-del-pacifico\/","title":{"rendered":"Google y Facebook construir\u00e1n el cable submarino m\u00e1s r\u00e1pido del Pacifico"},"content":{"rendered":"<p>Es curioso como los datos en la nube son posibles gracias a unos cables que se encuentran en el fondo de oc\u00e9ano, una soluci\u00f3n que est\u00e1 creciendo de forma impresionante debido a cada vez requerimos m\u00e1s ancho de banda y a una mayor velocidad.<\/p>\n<p>A d\u00eda de hoy se cuenta m\u00e1s de 1.000 millones de metros de cable submarino en el planeta, pero no es suficiente, y por ello ya se est\u00e1n viendo diferentes proyectos como por ejemplo MAREA, donde Microsoft y Facebook se han aliado para instalar un cable que cruzar\u00e1 todo el Atl\u00e1ntico, entre Virginia Beach y Bilbao, y hoy conocemos un nuevo proyecto donde Facebook est\u00e1 involucrado pero, en este caso,con Google, con la idea de tender un cable ahora en el Pacifico, que ser\u00e1 el m\u00e1s r\u00e1pido de la regi\u00f3n.<\/p>\n<p>De Los \u00c1ngeles a Hong Kong<\/p>\n<p>Pacific Light Data Communication, quien es subsidiaria China Soft Power Technology, es el nuevo jugador en el campo de la instalaci\u00f3n de cables submarinos, y ellos ser\u00e1n los responsables de echar a andar este proyecto que se estima tendr\u00e1 un coste total de 400 millones de d\u00f3lares, el cual est\u00e1 programado a entrar en operaci\u00f3n durante el 2018.<\/p>\n<p>El cable tendr\u00e1 una longitud de 12.800 kil\u00f3metros y una velocidad de hasta 120 Tbps, esto a trav\u00e9s de cinco pares de fibra capaces de proporcionar un ancho de banda de hasta 24 Tbps. El cable conectar\u00e1 a Los \u00c1ngeles con Hong Kong convirti\u00e9ndose en el de con mayor capacidad y velocidad del Oc\u00e9ano Pacifico, un r\u00e9cord que actualmente le pertenece a Google con su cable FASTER.<\/p>\n<p>La idea de distribuir su capacidad en cinco pares de fibra es para que otras compa\u00f1\u00edas, quienes participan en la inversi\u00f3n, tengan su propia porci\u00f3n de cable para que mantengan su tr\u00e1fico privado.<\/p>\n<p>Este nuevo cable se queda por debajo de los 160 Tbps que ofrecer\u00e1 MAREA, sin embargo hay que destacar que \u00e9ste tendr\u00e1 el doble de longitud, por lo que la velocidad era algo imposible de replicar. El objetivo de este nuevo desarrollo ser\u00e1 proporcionar una disminuci\u00f3n en la latencia y un mayor ancho de banda a los usuarios de Facebook y Google dentro de la regi\u00f3n Asia-Pacifico.<\/p>\n<p><em>La noticia Google y Facebook construir\u00e1n el cable submarino m\u00e1s r\u00e1pido del Pacifico fue publicada originalmente en Xataka<\/em><\/p>\n<p>&nbsp;<\/p>\n","protected":false},"excerpt":{"rendered":"<p>Es curioso como los datos en la nube son posibles gracias a unos cables que se encuentran en el fondo de oc\u00e9ano, una soluci\u00f3n que est\u00e1 creciendo de forma impresionante debido a cada vez requerimos m\u00e1s ancho de banda y a una mayor velocidad. A d\u00eda de hoy se cuenta m\u00e1s de 1.000 millones de<\/p>\n","protected":false},"author":1,"featured_media":16457,"comment_status":"closed","ping_status":"closed","sticky":false,"template":"","format":"standard","meta":{"footnotes":""},"categories":[343],"tags":[],"class_list":{"0":"post-33874","1":"post","2":"type-post","3":"status-publish","4":"format-standard","5":"has-post-thumbnail","7":"category-actualidad"},"aioseo_notices":[],"aioseo_head":"\n\t\t<!-- All in One SEO Pro 4.9.6.2 - aioseo.com -->\n\t<meta name=\"description\" content=\"Es curioso como los datos en la nube son posibles gracias a unos cables que se encuentran en el fondo de oc\u00e9ano, una soluci\u00f3n que est\u00e1 creciendo de forma impresionante debido a cada vez requerimos m\u00e1s ancho de banda y a una mayor velocidad. A d\u00eda de hoy se cuenta m\u00e1s de 1.000 millones de\" \/>\n\t<meta name=\"robots\" content=\"max-image-preview:large\" \/>\n\t<meta name=\"author\" content=\"Cand\u00e1s 365\"\/>\n\t<meta name=\"google-site-verification\" content=\"UA-32230408-1\" \/>\n\t<meta name=\"msvalidate.01\" content=\"354F3CDFB2DA171B47FBE9ABF1F88D5\" \/>\n\t<meta name=\"keywords\" content=\"actualidad\" \/>\n\t<link rel=\"canonical\" href=\"https:\/\/candas365.es\/noticias\/google-y-facebook-construiran-el-cable-submarino-mas-rapido-del-pacifico\/\" \/>\n\t<meta name=\"generator\" content=\"All in One SEO Pro (AIOSEO) 4.9.6.2\" \/>\n\t\t<meta property=\"og:locale\" content=\"es_ES\" \/>\n\t\t<meta property=\"og:site_name\" content=\"Cand\u00e1s 365\" \/>\n\t\t<meta property=\"og:type\" content=\"article\" \/>\n\t\t<meta property=\"og:title\" content=\"Google y Facebook construir\u00e1n el cable submarino m\u00e1s r\u00e1pido del Pacifico | Cand\u00e1s 365\" \/>\n\t\t<meta property=\"og:description\" content=\"Es curioso como los datos en la nube son posibles gracias a unos cables que se encuentran en el fondo de oc\u00e9ano, una soluci\u00f3n que est\u00e1 creciendo de forma impresionante debido a cada vez requerimos m\u00e1s ancho de banda y a una mayor velocidad. A d\u00eda de hoy se cuenta m\u00e1s de 1.000 millones de\" \/>\n\t\t<meta property=\"og:url\" content=\"https:\/\/candas365.es\/noticias\/google-y-facebook-construiran-el-cable-submarino-mas-rapido-del-pacifico\/\" \/>\n\t\t<meta property=\"og:image\" content=\"https:\/\/candas365.es\/noticias\/wp-content\/uploads\/2015\/09\/c365noticias.jpg\" \/>\n\t\t<meta property=\"og:image:secure_url\" content=\"https:\/\/candas365.es\/noticias\/wp-content\/uploads\/2015\/09\/c365noticias.jpg\" \/>\n\t\t<meta property=\"og:image:width\" content=\"655\" \/>\n\t\t<meta property=\"og:image:height\" content=\"360\" \/>\n\t\t<meta property=\"article:published_time\" content=\"2016-10-16T18:19:21+00:00\" \/>\n\t\t<meta property=\"article:modified_time\" content=\"2016-10-16T18:19:21+00:00\" \/>\n\t\t<meta property=\"article:publisher\" content=\"https:\/\/www.facebook.com\/Nachofdezber\" \/>\n\t\t<meta property=\"article:author\" content=\"https:\/\/www.facebook.com\/carrenoactualidad\" \/>\n\t\t<meta name=\"twitter:card\" content=\"summary_large_image\" \/>\n\t\t<meta name=\"twitter:site\" content=\"@NabercoDigital\" \/>\n\t\t<meta name=\"twitter:title\" content=\"Google y Facebook construir\u00e1n el cable submarino m\u00e1s r\u00e1pido del Pacifico | Cand\u00e1s 365\" \/>\n\t\t<meta name=\"twitter:description\" content=\"Es curioso como los datos en la nube son posibles gracias a unos cables que se encuentran en el fondo de oc\u00e9ano, una soluci\u00f3n que est\u00e1 creciendo de forma impresionante debido a cada vez requerimos m\u00e1s ancho de banda y a una mayor velocidad. A d\u00eda de hoy se cuenta m\u00e1s de 1.000 millones de\" \/>\n\t\t<meta name=\"twitter:creator\" content=\"@nbasturias\" \/>\n\t\t<meta name=\"twitter:image\" content=\"https:\/\/candas365.es\/noticias\/wp-content\/uploads\/2015\/09\/c365noticias.jpg\" \/>\n\t\t<meta name=\"twitter:label1\" content=\"Escrito por\" \/>\n\t\t<meta name=\"twitter:data1\" content=\"Cand\u00e1s 365\" \/>\n\t\t<meta name=\"twitter:label2\" content=\"Tiempo de lectura estimado\" \/>\n\t\t<meta name=\"twitter:data2\" content=\"2 minutos\" \/>\n\t\t<script type=\"application\/ld+json\" class=\"aioseo-schema\">\n\t\t\t{\"@context\":\"https:\\\/\\\/schema.org\",\"@graph\":[{\"@type\":\"BreadcrumbList\",\"@id\":\"https:\\\/\\\/candas365.es\\\/noticias\\\/google-y-facebook-construiran-el-cable-submarino-mas-rapido-del-pacifico\\\/#breadcrumblist\",\"itemListElement\":[{\"@type\":\"ListItem\",\"@id\":\"https:\\\/\\\/candas365.es\\\/noticias#listItem\",\"position\":1,\"name\":\"Home\",\"item\":\"https:\\\/\\\/candas365.es\\\/noticias\",\"nextItem\":{\"@type\":\"ListItem\",\"@id\":\"https:\\\/\\\/candas365.es\\\/noticias\\\/category\\\/actualidad\\\/#listItem\",\"name\":\"Actualidad\"}},{\"@type\":\"ListItem\",\"@id\":\"https:\\\/\\\/candas365.es\\\/noticias\\\/category\\\/actualidad\\\/#listItem\",\"position\":2,\"name\":\"Actualidad\",\"item\":\"https:\\\/\\\/candas365.es\\\/noticias\\\/category\\\/actualidad\\\/\",\"nextItem\":{\"@type\":\"ListItem\",\"@id\":\"https:\\\/\\\/candas365.es\\\/noticias\\\/google-y-facebook-construiran-el-cable-submarino-mas-rapido-del-pacifico\\\/#listItem\",\"name\":\"Google y Facebook construir\\u00e1n el cable submarino m\\u00e1s r\\u00e1pido del Pacifico\"},\"previousItem\":{\"@type\":\"ListItem\",\"@id\":\"https:\\\/\\\/candas365.es\\\/noticias#listItem\",\"name\":\"Home\"}},{\"@type\":\"ListItem\",\"@id\":\"https:\\\/\\\/candas365.es\\\/noticias\\\/google-y-facebook-construiran-el-cable-submarino-mas-rapido-del-pacifico\\\/#listItem\",\"position\":3,\"name\":\"Google y Facebook construir\\u00e1n el cable submarino m\\u00e1s r\\u00e1pido del Pacifico\",\"previousItem\":{\"@type\":\"ListItem\",\"@id\":\"https:\\\/\\\/candas365.es\\\/noticias\\\/category\\\/actualidad\\\/#listItem\",\"name\":\"Actualidad\"}}]},{\"@type\":\"NewsArticle\",\"@id\":\"https:\\\/\\\/candas365.es\\\/noticias\\\/google-y-facebook-construiran-el-cable-submarino-mas-rapido-del-pacifico\\\/#newsarticle\",\"name\":\"Google y Facebook construir\\u00e1n el cable submarino m\\u00e1s r\\u00e1pido del Pacifico | Cand\\u00e1s 365\",\"headline\":\"Google y Facebook construir\\u00e1n el cable submarino m\\u00e1s r\\u00e1pido del Pacifico\",\"author\":{\"@id\":\"https:\\\/\\\/candas365.es\\\/noticias\\\/author\\\/admin\\\/#author\"},\"publisher\":{\"@id\":\"https:\\\/\\\/candas365.es\\\/noticias\\\/#organization\"},\"image\":{\"@type\":\"ImageObject\",\"url\":\"https:\\\/\\\/candas365.es\\\/noticias\\\/wp-content\\\/uploads\\\/2015\\\/09\\\/c365noticias.jpg\",\"width\":655,\"height\":360},\"datePublished\":\"2016-10-16T19:49:21+02:00\",\"dateModified\":\"2016-10-16T19:49:21+02:00\",\"inLanguage\":\"es-ES\",\"mainEntityOfPage\":{\"@id\":\"https:\\\/\\\/candas365.es\\\/noticias\\\/google-y-facebook-construiran-el-cable-submarino-mas-rapido-del-pacifico\\\/#webpage\"},\"isPartOf\":{\"@id\":\"https:\\\/\\\/candas365.es\\\/noticias\\\/google-y-facebook-construiran-el-cable-submarino-mas-rapido-del-pacifico\\\/#webpage\"},\"articleSection\":\"Actualidad\",\"dateline\":\"Publicado el octubre 16, 2016.\"},{\"@type\":\"Organization\",\"@id\":\"https:\\\/\\\/candas365.es\\\/noticias\\\/#organization\",\"name\":\"Cand\\u00e1s 365\",\"description\":\"Cand\\u00e1s 365 es un diario digital independiente, fundado en 2012, con base en Asturias. Informamos con rigor sobre actualidad, sociedad, cultura y ocio, con una mirada local y global.\",\"url\":\"https:\\\/\\\/candas365.es\\\/noticias\\\/\",\"email\":\"info@candas365.es\",\"telephone\":\"+34652131393\",\"foundingDate\":\"2012-06-10\",\"logo\":{\"@type\":\"ImageObject\",\"url\":\"https:\\\/\\\/candas365.es\\\/noticias\\\/wp-content\\\/uploads\\\/2024\\\/09\\\/Candas-365-Redes.jpg\",\"@id\":\"https:\\\/\\\/candas365.es\\\/noticias\\\/google-y-facebook-construiran-el-cable-submarino-mas-rapido-del-pacifico\\\/#organizationLogo\",\"width\":1152,\"height\":864,\"caption\":\"Cand\\u00e1s 365 Redes\"},\"image\":{\"@id\":\"https:\\\/\\\/candas365.es\\\/noticias\\\/google-y-facebook-construiran-el-cable-submarino-mas-rapido-del-pacifico\\\/#organizationLogo\"},\"sameAs\":[\"https:\\\/\\\/www.facebook.com\\\/Nachofdezber\",\"https:\\\/\\\/x.com\\\/NabercoDigital\",\"https:\\\/\\\/www.instagram.com\\\/nachofdezber\\\/\",\"https:\\\/\\\/www.youtube.com\\\/channel\\\/UCZP-2wLEB9Rv6erhFmqVnvg\"],\"address\":{\"@id\":\"https:\\\/\\\/candas365.es\\\/noticias\\\/#postaladdress\",\"@type\":\"PostalAddress\",\"streetAddress\":\"san antonio 4, san antonio 4\",\"postalCode\":\"33430\",\"addressLocality\":\"Cand\\u00e1s\",\"addressRegion\":\"Asturias\",\"addressCountry\":\"ES\"}},{\"@type\":\"Person\",\"@id\":\"https:\\\/\\\/candas365.es\\\/noticias\\\/author\\\/admin\\\/#author\",\"url\":\"https:\\\/\\\/candas365.es\\\/noticias\\\/author\\\/admin\\\/\",\"name\":\"Cand\\u00e1s 365\",\"image\":{\"@type\":\"ImageObject\",\"@id\":\"https:\\\/\\\/candas365.es\\\/noticias\\\/google-y-facebook-construiran-el-cable-submarino-mas-rapido-del-pacifico\\\/#authorImage\",\"url\":\"https:\\\/\\\/secure.gravatar.com\\\/avatar\\\/496a8e03d0c493ede1718b7934145dbdf8d89be1036b0eec9544e1094c9de390?s=96&d=mm&r=g\",\"width\":96,\"height\":96,\"caption\":\"Cand\\u00e1s 365\"},\"sameAs\":[\"https:\\\/\\\/www.facebook.com\\\/carrenoactualidad\",\"https:\\\/\\\/twitter.com\\\/nbasturias\",\"https:\\\/\\\/www.instagram.com\\\/nachofdezber\\\/\",\"https:\\\/\\\/www.youtube.com\\\/channel\\\/UCZP-2wLEB9Rv6erhFmqVnvg\"]},{\"@type\":\"WebPage\",\"@id\":\"https:\\\/\\\/candas365.es\\\/noticias\\\/google-y-facebook-construiran-el-cable-submarino-mas-rapido-del-pacifico\\\/#webpage\",\"url\":\"https:\\\/\\\/candas365.es\\\/noticias\\\/google-y-facebook-construiran-el-cable-submarino-mas-rapido-del-pacifico\\\/\",\"name\":\"Google y Facebook construir\\u00e1n el cable submarino m\\u00e1s r\\u00e1pido del Pacifico | Cand\\u00e1s 365\",\"description\":\"Es curioso como los datos en la nube son posibles gracias a unos cables que se encuentran en el fondo de oc\\u00e9ano, una soluci\\u00f3n que est\\u00e1 creciendo de forma impresionante debido a cada vez requerimos m\\u00e1s ancho de banda y a una mayor velocidad. A d\\u00eda de hoy se cuenta m\\u00e1s de 1.000 millones de\",\"inLanguage\":\"es-ES\",\"isPartOf\":{\"@id\":\"https:\\\/\\\/candas365.es\\\/noticias\\\/#website\"},\"breadcrumb\":{\"@id\":\"https:\\\/\\\/candas365.es\\\/noticias\\\/google-y-facebook-construiran-el-cable-submarino-mas-rapido-del-pacifico\\\/#breadcrumblist\"},\"author\":{\"@id\":\"https:\\\/\\\/candas365.es\\\/noticias\\\/author\\\/admin\\\/#author\"},\"creator\":{\"@id\":\"https:\\\/\\\/candas365.es\\\/noticias\\\/author\\\/admin\\\/#author\"},\"image\":{\"@type\":\"ImageObject\",\"url\":\"https:\\\/\\\/candas365.es\\\/noticias\\\/wp-content\\\/uploads\\\/2015\\\/09\\\/c365noticias.jpg\",\"@id\":\"https:\\\/\\\/candas365.es\\\/noticias\\\/google-y-facebook-construiran-el-cable-submarino-mas-rapido-del-pacifico\\\/#mainImage\",\"width\":655,\"height\":360},\"primaryImageOfPage\":{\"@id\":\"https:\\\/\\\/candas365.es\\\/noticias\\\/google-y-facebook-construiran-el-cable-submarino-mas-rapido-del-pacifico\\\/#mainImage\"},\"datePublished\":\"2016-10-16T19:49:21+02:00\",\"dateModified\":\"2016-10-16T19:49:21+02:00\"},{\"@type\":\"WebSite\",\"@id\":\"https:\\\/\\\/candas365.es\\\/noticias\\\/#website\",\"url\":\"https:\\\/\\\/candas365.es\\\/noticias\\\/\",\"name\":\"Cand\\u00e1s 365\",\"alternateName\":\"Cand\\u00e1s 365 Noticias\",\"description\":\"Actualidad desde Carre\\u00f1o para el mundo\",\"inLanguage\":\"es-ES\",\"publisher\":{\"@id\":\"https:\\\/\\\/candas365.es\\\/noticias\\\/#organization\"}}]}\n\t\t<\/script>\n\t\t<!-- All in One SEO Pro -->\r\n\t\t<title>Google y Facebook construir\u00e1n el cable submarino m\u00e1s r\u00e1pido del Pacifico | Cand\u00e1s 365<\/title>\n\n","aioseo_head_json":{"title":"Google y Facebook construir\u00e1n el cable submarino m\u00e1s r\u00e1pido del Pacifico | Cand\u00e1s 365","description":"Es curioso como los datos en la nube son posibles gracias a unos cables que se encuentran en el fondo de oc\u00e9ano, una soluci\u00f3n que est\u00e1 creciendo de forma impresionante debido a cada vez requerimos m\u00e1s ancho de banda y a una mayor velocidad. A d\u00eda de hoy se cuenta m\u00e1s de 1.000 millones de","canonical_url":"https:\/\/candas365.es\/noticias\/google-y-facebook-construiran-el-cable-submarino-mas-rapido-del-pacifico\/","robots":"max-image-preview:large","keywords":"actualidad","webmasterTools":{"google-site-verification":"UA-32230408-1","msvalidate.01":"354F3CDFB2DA171B47FBE9ABF1F88D5","miscellaneous":""},"schema":{"@context":"https:\/\/schema.org","@graph":[{"@type":"BreadcrumbList","@id":"https:\/\/candas365.es\/noticias\/google-y-facebook-construiran-el-cable-submarino-mas-rapido-del-pacifico\/#breadcrumblist","itemListElement":[{"@type":"ListItem","@id":"https:\/\/candas365.es\/noticias#listItem","position":1,"name":"Home","item":"https:\/\/candas365.es\/noticias","nextItem":{"@type":"ListItem","@id":"https:\/\/candas365.es\/noticias\/category\/actualidad\/#listItem","name":"Actualidad"}},{"@type":"ListItem","@id":"https:\/\/candas365.es\/noticias\/category\/actualidad\/#listItem","position":2,"name":"Actualidad","item":"https:\/\/candas365.es\/noticias\/category\/actualidad\/","nextItem":{"@type":"ListItem","@id":"https:\/\/candas365.es\/noticias\/google-y-facebook-construiran-el-cable-submarino-mas-rapido-del-pacifico\/#listItem","name":"Google y Facebook construir\u00e1n el cable submarino m\u00e1s r\u00e1pido del Pacifico"},"previousItem":{"@type":"ListItem","@id":"https:\/\/candas365.es\/noticias#listItem","name":"Home"}},{"@type":"ListItem","@id":"https:\/\/candas365.es\/noticias\/google-y-facebook-construiran-el-cable-submarino-mas-rapido-del-pacifico\/#listItem","position":3,"name":"Google y Facebook construir\u00e1n el cable submarino m\u00e1s r\u00e1pido del Pacifico","previousItem":{"@type":"ListItem","@id":"https:\/\/candas365.es\/noticias\/category\/actualidad\/#listItem","name":"Actualidad"}}]},{"@type":"NewsArticle","@id":"https:\/\/candas365.es\/noticias\/google-y-facebook-construiran-el-cable-submarino-mas-rapido-del-pacifico\/#newsarticle","name":"Google y Facebook construir\u00e1n el cable submarino m\u00e1s r\u00e1pido del Pacifico | Cand\u00e1s 365","headline":"Google y Facebook construir\u00e1n el cable submarino m\u00e1s r\u00e1pido del Pacifico","author":{"@id":"https:\/\/candas365.es\/noticias\/author\/admin\/#author"},"publisher":{"@id":"https:\/\/candas365.es\/noticias\/#organization"},"image":{"@type":"ImageObject","url":"https:\/\/candas365.es\/noticias\/wp-content\/uploads\/2015\/09\/c365noticias.jpg","width":655,"height":360},"datePublished":"2016-10-16T19:49:21+02:00","dateModified":"2016-10-16T19:49:21+02:00","inLanguage":"es-ES","mainEntityOfPage":{"@id":"https:\/\/candas365.es\/noticias\/google-y-facebook-construiran-el-cable-submarino-mas-rapido-del-pacifico\/#webpage"},"isPartOf":{"@id":"https:\/\/candas365.es\/noticias\/google-y-facebook-construiran-el-cable-submarino-mas-rapido-del-pacifico\/#webpage"},"articleSection":"Actualidad","dateline":"Publicado el octubre 16, 2016."},{"@type":"Organization","@id":"https:\/\/candas365.es\/noticias\/#organization","name":"Cand\u00e1s 365","description":"Cand\u00e1s 365 es un diario digital independiente, fundado en 2012, con base en Asturias. Informamos con rigor sobre actualidad, sociedad, cultura y ocio, con una mirada local y global.","url":"https:\/\/candas365.es\/noticias\/","email":"info@candas365.es","telephone":"+34652131393","foundingDate":"2012-06-10","logo":{"@type":"ImageObject","url":"https:\/\/candas365.es\/noticias\/wp-content\/uploads\/2024\/09\/Candas-365-Redes.jpg","@id":"https:\/\/candas365.es\/noticias\/google-y-facebook-construiran-el-cable-submarino-mas-rapido-del-pacifico\/#organizationLogo","width":1152,"height":864,"caption":"Cand\u00e1s 365 Redes"},"image":{"@id":"https:\/\/candas365.es\/noticias\/google-y-facebook-construiran-el-cable-submarino-mas-rapido-del-pacifico\/#organizationLogo"},"sameAs":["https:\/\/www.facebook.com\/Nachofdezber","https:\/\/x.com\/NabercoDigital","https:\/\/www.instagram.com\/nachofdezber\/","https:\/\/www.youtube.com\/channel\/UCZP-2wLEB9Rv6erhFmqVnvg"],"address":{"@id":"https:\/\/candas365.es\/noticias\/#postaladdress","@type":"PostalAddress","streetAddress":"san antonio 4, san antonio 4","postalCode":"33430","addressLocality":"Cand\u00e1s","addressRegion":"Asturias","addressCountry":"ES"}},{"@type":"Person","@id":"https:\/\/candas365.es\/noticias\/author\/admin\/#author","url":"https:\/\/candas365.es\/noticias\/author\/admin\/","name":"Cand\u00e1s 365","image":{"@type":"ImageObject","@id":"https:\/\/candas365.es\/noticias\/google-y-facebook-construiran-el-cable-submarino-mas-rapido-del-pacifico\/#authorImage","url":"https:\/\/secure.gravatar.com\/avatar\/496a8e03d0c493ede1718b7934145dbdf8d89be1036b0eec9544e1094c9de390?s=96&d=mm&r=g","width":96,"height":96,"caption":"Cand\u00e1s 365"},"sameAs":["https:\/\/www.facebook.com\/carrenoactualidad","https:\/\/twitter.com\/nbasturias","https:\/\/www.instagram.com\/nachofdezber\/","https:\/\/www.youtube.com\/channel\/UCZP-2wLEB9Rv6erhFmqVnvg"]},{"@type":"WebPage","@id":"https:\/\/candas365.es\/noticias\/google-y-facebook-construiran-el-cable-submarino-mas-rapido-del-pacifico\/#webpage","url":"https:\/\/candas365.es\/noticias\/google-y-facebook-construiran-el-cable-submarino-mas-rapido-del-pacifico\/","name":"Google y Facebook construir\u00e1n el cable submarino m\u00e1s r\u00e1pido del Pacifico | Cand\u00e1s 365","description":"Es curioso como los datos en la nube son posibles gracias a unos cables que se encuentran en el fondo de oc\u00e9ano, una soluci\u00f3n que est\u00e1 creciendo de forma impresionante debido a cada vez requerimos m\u00e1s ancho de banda y a una mayor velocidad. A d\u00eda de hoy se cuenta m\u00e1s de 1.000 millones de","inLanguage":"es-ES","isPartOf":{"@id":"https:\/\/candas365.es\/noticias\/#website"},"breadcrumb":{"@id":"https:\/\/candas365.es\/noticias\/google-y-facebook-construiran-el-cable-submarino-mas-rapido-del-pacifico\/#breadcrumblist"},"author":{"@id":"https:\/\/candas365.es\/noticias\/author\/admin\/#author"},"creator":{"@id":"https:\/\/candas365.es\/noticias\/author\/admin\/#author"},"image":{"@type":"ImageObject","url":"https:\/\/candas365.es\/noticias\/wp-content\/uploads\/2015\/09\/c365noticias.jpg","@id":"https:\/\/candas365.es\/noticias\/google-y-facebook-construiran-el-cable-submarino-mas-rapido-del-pacifico\/#mainImage","width":655,"height":360},"primaryImageOfPage":{"@id":"https:\/\/candas365.es\/noticias\/google-y-facebook-construiran-el-cable-submarino-mas-rapido-del-pacifico\/#mainImage"},"datePublished":"2016-10-16T19:49:21+02:00","dateModified":"2016-10-16T19:49:21+02:00"},{"@type":"WebSite","@id":"https:\/\/candas365.es\/noticias\/#website","url":"https:\/\/candas365.es\/noticias\/","name":"Cand\u00e1s 365","alternateName":"Cand\u00e1s 365 Noticias","description":"Actualidad desde Carre\u00f1o para el mundo","inLanguage":"es-ES","publisher":{"@id":"https:\/\/candas365.es\/noticias\/#organization"}}]},"og:locale":"es_ES","og:site_name":"Cand\u00e1s 365","og:type":"article","og:title":"Google y Facebook construir\u00e1n el cable submarino m\u00e1s r\u00e1pido del Pacifico | Cand\u00e1s 365","og:description":"Es curioso como los datos en la nube son posibles gracias a unos cables que se encuentran en el fondo de oc\u00e9ano, una soluci\u00f3n que est\u00e1 creciendo de forma impresionante debido a cada vez requerimos m\u00e1s ancho de banda y a una mayor velocidad. A d\u00eda de hoy se cuenta m\u00e1s de 1.000 millones de","og:url":"https:\/\/candas365.es\/noticias\/google-y-facebook-construiran-el-cable-submarino-mas-rapido-del-pacifico\/","og:image":"https:\/\/candas365.es\/noticias\/wp-content\/uploads\/2015\/09\/c365noticias.jpg","og:image:secure_url":"https:\/\/candas365.es\/noticias\/wp-content\/uploads\/2015\/09\/c365noticias.jpg","og:image:width":655,"og:image:height":360,"article:published_time":"2016-10-16T18:19:21+00:00","article:modified_time":"2016-10-16T18:19:21+00:00","article:publisher":"https:\/\/www.facebook.com\/Nachofdezber","article:author":"https:\/\/www.facebook.com\/carrenoactualidad","twitter:card":"summary_large_image","twitter:site":"@NabercoDigital","twitter:title":"Google y Facebook construir\u00e1n el cable submarino m\u00e1s r\u00e1pido del Pacifico | Cand\u00e1s 365","twitter:description":"Es curioso como los datos en la nube son posibles gracias a unos cables que se encuentran en el fondo de oc\u00e9ano, una soluci\u00f3n que est\u00e1 creciendo de forma impresionante debido a cada vez requerimos m\u00e1s ancho de banda y a una mayor velocidad. A d\u00eda de hoy se cuenta m\u00e1s de 1.000 millones de","twitter:creator":"@nbasturias","twitter:image":"https:\/\/candas365.es\/noticias\/wp-content\/uploads\/2015\/09\/c365noticias.jpg","twitter:label1":"Escrito por","twitter:data1":"Cand\u00e1s 365","twitter:label2":"Tiempo de lectura estimado","twitter:data2":"2 minutos"},"aioseo_meta_data":{"post_id":"33874","title":null,"description":null,"keywords":null,"keyphrases":null,"primary_term":null,"canonical_url":null,"og_title":null,"og_description":null,"og_object_type":"default","og_image_type":"default","og_image_url":null,"og_image_width":null,"og_image_height":null,"og_image_custom_url":null,"og_image_custom_fields":null,"og_video":null,"og_custom_url":null,"og_article_section":null,"og_article_tags":null,"twitter_use_og":false,"twitter_card":"default","twitter_image_type":"default","twitter_image_url":null,"twitter_image_custom_url":null,"twitter_image_custom_fields":null,"twitter_title":null,"twitter_description":null,"schema":{"blockGraphs":[],"customGraphs":[],"default":{"data":{"Article":[],"Course":[],"Dataset":[],"FAQPage":[],"Movie":[],"Person":[],"Product":[],"ProductReview":[],"Car":[],"Recipe":[],"Service":[],"SoftwareApplication":[],"WebPage":[]},"graphName":"","isEnabled":true},"graphs":[]},"schema_type":null,"schema_type_options":null,"pillar_content":false,"robots_default":true,"robots_noindex":false,"robots_noarchive":false,"robots_nosnippet":false,"robots_nofollow":false,"robots_noimageindex":false,"robots_noodp":false,"robots_notranslate":false,"robots_max_snippet":null,"robots_max_videopreview":null,"robots_max_imagepreview":"large","priority":null,"frequency":null,"location":null,"local_seo":null,"seo_analyzer_scan_date":"2025-08-24 17:06:17","breadcrumb_settings":null,"limit_modified_date":false,"reviewed_by":null,"open_ai":null,"ai":null,"created":"2020-12-21 13:07:12","updated":"2025-08-24 17:06:17"},"aioseo_breadcrumb":"<div class=\"aioseo-breadcrumbs\"><span class=\"aioseo-breadcrumb\">\n\t<a href=\"https:\/\/candas365.es\/noticias\" title=\"Home\">Home<\/a>\n<\/span><span class=\"aioseo-breadcrumb-separator\">&ndash;<\/span><span class=\"aioseo-breadcrumb\">\n\t<a href=\"https:\/\/candas365.es\/noticias\/category\/actualidad\/\" title=\"Actualidad\">Actualidad<\/a>\n<\/span><span class=\"aioseo-breadcrumb-separator\">&ndash;<\/span><span class=\"aioseo-breadcrumb\">\n\tGoogle y Facebook construir\u00e1n el cable submarino m\u00e1s r\u00e1pido del Pacifico\n<\/span><\/div>","aioseo_breadcrumb_json":[{"label":"Home","link":"https:\/\/candas365.es\/noticias"},{"label":"Actualidad","link":"https:\/\/candas365.es\/noticias\/category\/actualidad\/"},{"label":"Google y Facebook construir\u00e1n el cable submarino m\u00e1s r\u00e1pido del Pacifico","link":"https:\/\/candas365.es\/noticias\/google-y-facebook-construiran-el-cable-submarino-mas-rapido-del-pacifico\/"}],"_links":{"self":[{"href":"https:\/\/candas365.es\/noticias\/wp-json\/wp\/v2\/posts\/33874","targetHints":{"allow":["GET"]}}],"collection":[{"href":"https:\/\/candas365.es\/noticias\/wp-json\/wp\/v2\/posts"}],"about":[{"href":"https:\/\/candas365.es\/noticias\/wp-json\/wp\/v2\/types\/post"}],"author":[{"embeddable":true,"href":"https:\/\/candas365.es\/noticias\/wp-json\/wp\/v2\/users\/1"}],"replies":[{"embeddable":true,"href":"https:\/\/candas365.es\/noticias\/wp-json\/wp\/v2\/comments?post=33874"}],"version-history":[{"count":0,"href":"https:\/\/candas365.es\/noticias\/wp-json\/wp\/v2\/posts\/33874\/revisions"}],"wp:featuredmedia":[{"embeddable":true,"href":"https:\/\/candas365.es\/noticias\/wp-json\/wp\/v2\/media\/16457"}],"wp:attachment":[{"href":"https:\/\/candas365.es\/noticias\/wp-json\/wp\/v2\/media?parent=33874"}],"wp:term":[{"taxonomy":"category","embeddable":true,"href":"https:\/\/candas365.es\/noticias\/wp-json\/wp\/v2\/categories?post=33874"},{"taxonomy":"post_tag","embeddable":true,"href":"https:\/\/candas365.es\/noticias\/wp-json\/wp\/v2\/tags?post=33874"}],"curies":[{"name":"wp","href":"https:\/\/api.w.org\/{rel}","templated":true}]}}