{"id":33872,"date":"2016-10-16T19:48:31","date_gmt":"2016-10-16T18:18:31","guid":{"rendered":"http:\/\/candas365.es\/noticias\/?p=33872"},"modified":"2016-10-16T19:48:31","modified_gmt":"2016-10-16T18:18:31","slug":"las-caidas-de-ventas-en-el-mercado-de-los-pc-continuan-tras-ocho-meses","status":"publish","type":"post","link":"https:\/\/candas365.es\/noticias\/las-caidas-de-ventas-en-el-mercado-de-los-pc-continuan-tras-ocho-meses\/","title":{"rendered":"Las ca\u00eddas de ventas en el mercado de los PC contin\u00faan tras ocho meses"},"content":{"rendered":"<p><img fetchpriority=\"high\" decoding=\"async\" class=\"alignleft size-medium wp-image-16457\" src=\"https:\/\/candas365.es\/noticias\/wp-content\/uploads\/2015\/09\/c365noticias-360x198.jpg\" alt=\"c365noticias\" width=\"360\" height=\"198\" srcset=\"https:\/\/candas365.es\/noticias\/wp-content\/uploads\/2015\/09\/c365noticias-360x198.jpg 360w, https:\/\/candas365.es\/noticias\/wp-content\/uploads\/2015\/09\/c365noticias-650x357.jpg 650w, https:\/\/candas365.es\/noticias\/wp-content\/uploads\/2015\/09\/c365noticias-150x82.jpg 150w, https:\/\/candas365.es\/noticias\/wp-content\/uploads\/2015\/09\/c365noticias-450x247.jpg 450w, https:\/\/candas365.es\/noticias\/wp-content\/uploads\/2015\/09\/c365noticias.jpg 655w\" sizes=\"(max-width: 360px) 100vw, 360px\" \/>La venta de PCs sigue en ca\u00edda libre y no se ve una pronta recuperaci\u00f3n, ya que con este tercer trimestre de 2016 se est\u00e1n cumpliendo ocho periodos en donde el mercado de ordenadores se ha enfrentado a una baja en las ventas, algo que inici\u00f3 durante el \u00faltimo trimestre de 2014 y que hasta el momento no ha visto un repunte.<\/p>\n<p>La firma de an\u00e1lisis Gartner acaba de publicar un previo de su ya famoso estudio de mercado, donde nos ofrece un panorama del comportamiento de la ventas de ordenadores alrededor del mundo, y s\u00ed, la foto sigue siendo la misma, una ca\u00edda global del 5,7% comparado con el mismo periodo del a\u00f1o anterior.<\/p>\n<p><strong>5,7% de ordenadores menos que el a\u00f1o anterior<\/strong><\/p>\n<p>Este porcentaje no se compara con el casi 10% que vimos en el primer trimestre de este a\u00f1o y mantiene la tendencia del 5,2% del segundo trimestre, as\u00ed que al final la ca\u00edda sigue ah\u00ed, siendo la m\u00e1s larga en la historia de la industria de PCs. Esto se debe principalmente a las ventas de regreso a clases que impulsaron la venta de nuevos dispositivos, para colocarse en 68,9 millones de unidades, casi 10 millones menos que el a\u00f1o anterior.<\/p>\n<p>Dentro del reparto del mercado no hay sorpresas, Lenovo se mantiene como el fabricante que m\u00e1s dispositivos vende en el mundo, pero ya se ve amenazado por HP que ha tenido un repunte del 2,3% mientras Lenovo cay\u00f3 2,4%. El resto del top cinco se complementa con Dell y Asus, quienes tambi\u00e9n incrementaron sus ventas en un 2,6 y 2,4% respectivamente, mientras que Apple se mantiene en la quinta posici\u00f3n con todo y ca\u00edda del 13,4%.<\/p>\n<p>Hay que destacar que estos datos contemplan ordenadores de escritorio, port\u00e1tiles y dispositivos dos en uno como Surface y Yoga, pero curiosamente no considera los Chromebooks en el conteo, ya que estos dispositivos han visto un repunte en sus ventas que incluso dicen que supera las ventas de ordenadores.<\/p>\n<p>Seg\u00fan Gartner, esta baja en la ventas se debe principalmente a dos factores, por un lado los ordenadores han visto una extensi\u00f3n en su vida \u00fatil, mientras que por el otro los mercados emergentes han visto una baja en la demanda de ordenadores, esto impulsado principalmente porque estos consumidores poseen un smartphone o phablet que les ayuda en sus necesidades inform\u00e1ticas, por lo que no tienen la necesidad de adquirir un PC como sucede en los mercados m\u00e1s maduros.<\/p>\n<p>Asimismo, los usuarios de los mercados maduros suelen poseer hasta tres dispositivos electr\u00f3nicos personales: smartphone, tablet (que tambi\u00e9n puede ser otro smartphone o un wearable) y un ordenador, donde \u00e9ste \u00faltimo no es una prioridad y se utiliza en tareas b\u00e1sicas, por lo que no existe una clara ventana de actualizaci\u00f3n como sucede con el resto de los dispositivos.<\/p>\n<p>En los pr\u00f3ximos d\u00edas Gartner e IDC estar\u00e1n publicando sus reportes completos, donde veremos a fondo el comportamiento de los ordenadores en todo el mundo, algo que no parece que vaya ser muy distinto a lo mostrado en esta primera vista previa.<\/p>\n<p><em>La noticia El mercado de PCs sufre una nueva ca\u00edda en ventas por octavo trimestre consecutivo fue publicada originalmente en Xataka por Ra\u00fal \u00c1lvarez .<\/em><\/p>\n<p>&nbsp;<\/p>\n","protected":false},"excerpt":{"rendered":"<p>La venta de PCs sigue en ca\u00edda libre y no se ve una pronta recuperaci\u00f3n, ya que con este tercer trimestre de 2016 se est\u00e1n cumpliendo ocho periodos en donde el mercado de ordenadores se ha enfrentado a una baja en las ventas, algo que inici\u00f3 durante el \u00faltimo trimestre de 2014 y que hasta<\/p>\n","protected":false},"author":1,"featured_media":16457,"comment_status":"closed","ping_status":"closed","sticky":false,"template":"","format":"standard","meta":{"footnotes":""},"categories":[343],"tags":[],"class_list":{"0":"post-33872","1":"post","2":"type-post","3":"status-publish","4":"format-standard","5":"has-post-thumbnail","7":"category-actualidad"},"aioseo_notices":[],"aioseo_head":"\n\t\t<!-- All in One SEO Pro 4.9.6.2 - aioseo.com -->\n\t<meta name=\"description\" content=\"La venta de PCs sigue en ca\u00edda libre y no se ve una pronta recuperaci\u00f3n, ya que con este tercer trimestre de 2016 se est\u00e1n cumpliendo ocho periodos en donde el mercado de ordenadores se ha enfrentado a una baja en las ventas, algo que inici\u00f3 durante el \u00faltimo trimestre de 2014 y que hasta\" \/>\n\t<meta name=\"robots\" content=\"max-image-preview:large\" \/>\n\t<meta name=\"author\" content=\"Cand\u00e1s 365\"\/>\n\t<meta name=\"google-site-verification\" content=\"UA-32230408-1\" \/>\n\t<meta name=\"msvalidate.01\" content=\"354F3CDFB2DA171B47FBE9ABF1F88D5\" \/>\n\t<meta name=\"keywords\" content=\"actualidad\" \/>\n\t<link rel=\"canonical\" href=\"https:\/\/candas365.es\/noticias\/las-caidas-de-ventas-en-el-mercado-de-los-pc-continuan-tras-ocho-meses\/\" \/>\n\t<meta name=\"generator\" content=\"All in One SEO Pro (AIOSEO) 4.9.6.2\" \/>\n\t\t<meta property=\"og:locale\" content=\"es_ES\" \/>\n\t\t<meta property=\"og:site_name\" content=\"Cand\u00e1s 365\" \/>\n\t\t<meta property=\"og:type\" content=\"article\" \/>\n\t\t<meta property=\"og:title\" content=\"Las ca\u00eddas de ventas en el mercado de los PC contin\u00faan tras ocho meses | Cand\u00e1s 365\" \/>\n\t\t<meta property=\"og:description\" content=\"La venta de PCs sigue en ca\u00edda libre y no se ve una pronta recuperaci\u00f3n, ya que con este tercer trimestre de 2016 se est\u00e1n cumpliendo ocho periodos en donde el mercado de ordenadores se ha enfrentado a una baja en las ventas, algo que inici\u00f3 durante el \u00faltimo trimestre de 2014 y que hasta\" \/>\n\t\t<meta property=\"og:url\" content=\"https:\/\/candas365.es\/noticias\/las-caidas-de-ventas-en-el-mercado-de-los-pc-continuan-tras-ocho-meses\/\" \/>\n\t\t<meta property=\"og:image\" content=\"https:\/\/candas365.es\/noticias\/wp-content\/uploads\/2015\/09\/c365noticias.jpg\" \/>\n\t\t<meta property=\"og:image:secure_url\" content=\"https:\/\/candas365.es\/noticias\/wp-content\/uploads\/2015\/09\/c365noticias.jpg\" \/>\n\t\t<meta property=\"og:image:width\" content=\"655\" \/>\n\t\t<meta property=\"og:image:height\" content=\"360\" \/>\n\t\t<meta property=\"article:published_time\" content=\"2016-10-16T18:18:31+00:00\" \/>\n\t\t<meta property=\"article:modified_time\" content=\"2016-10-16T18:18:31+00:00\" \/>\n\t\t<meta property=\"article:publisher\" content=\"https:\/\/www.facebook.com\/Nachofdezber\" \/>\n\t\t<meta property=\"article:author\" content=\"https:\/\/www.facebook.com\/carrenoactualidad\" \/>\n\t\t<meta name=\"twitter:card\" content=\"summary_large_image\" \/>\n\t\t<meta name=\"twitter:site\" content=\"@NabercoDigital\" \/>\n\t\t<meta name=\"twitter:title\" content=\"Las ca\u00eddas de ventas en el mercado de los PC contin\u00faan tras ocho meses | Cand\u00e1s 365\" \/>\n\t\t<meta name=\"twitter:description\" content=\"La venta de PCs sigue en ca\u00edda libre y no se ve una pronta recuperaci\u00f3n, ya que con este tercer trimestre de 2016 se est\u00e1n cumpliendo ocho periodos en donde el mercado de ordenadores se ha enfrentado a una baja en las ventas, algo que inici\u00f3 durante el \u00faltimo trimestre de 2014 y que hasta\" \/>\n\t\t<meta name=\"twitter:creator\" content=\"@nbasturias\" \/>\n\t\t<meta name=\"twitter:image\" content=\"https:\/\/candas365.es\/noticias\/wp-content\/uploads\/2015\/09\/c365noticias.jpg\" \/>\n\t\t<meta name=\"twitter:label1\" content=\"Escrito por\" \/>\n\t\t<meta name=\"twitter:data1\" content=\"Cand\u00e1s 365\" \/>\n\t\t<meta name=\"twitter:label2\" content=\"Tiempo de lectura estimado\" \/>\n\t\t<meta name=\"twitter:data2\" content=\"3 minutos\" \/>\n\t\t<script type=\"application\/ld+json\" class=\"aioseo-schema\">\n\t\t\t{\"@context\":\"https:\\\/\\\/schema.org\",\"@graph\":[{\"@type\":\"BreadcrumbList\",\"@id\":\"https:\\\/\\\/candas365.es\\\/noticias\\\/las-caidas-de-ventas-en-el-mercado-de-los-pc-continuan-tras-ocho-meses\\\/#breadcrumblist\",\"itemListElement\":[{\"@type\":\"ListItem\",\"@id\":\"https:\\\/\\\/candas365.es\\\/noticias#listItem\",\"position\":1,\"name\":\"Home\",\"item\":\"https:\\\/\\\/candas365.es\\\/noticias\",\"nextItem\":{\"@type\":\"ListItem\",\"@id\":\"https:\\\/\\\/candas365.es\\\/noticias\\\/category\\\/actualidad\\\/#listItem\",\"name\":\"Actualidad\"}},{\"@type\":\"ListItem\",\"@id\":\"https:\\\/\\\/candas365.es\\\/noticias\\\/category\\\/actualidad\\\/#listItem\",\"position\":2,\"name\":\"Actualidad\",\"item\":\"https:\\\/\\\/candas365.es\\\/noticias\\\/category\\\/actualidad\\\/\",\"nextItem\":{\"@type\":\"ListItem\",\"@id\":\"https:\\\/\\\/candas365.es\\\/noticias\\\/las-caidas-de-ventas-en-el-mercado-de-los-pc-continuan-tras-ocho-meses\\\/#listItem\",\"name\":\"Las ca\\u00eddas de ventas en el mercado de los PC contin\\u00faan tras ocho meses\"},\"previousItem\":{\"@type\":\"ListItem\",\"@id\":\"https:\\\/\\\/candas365.es\\\/noticias#listItem\",\"name\":\"Home\"}},{\"@type\":\"ListItem\",\"@id\":\"https:\\\/\\\/candas365.es\\\/noticias\\\/las-caidas-de-ventas-en-el-mercado-de-los-pc-continuan-tras-ocho-meses\\\/#listItem\",\"position\":3,\"name\":\"Las ca\\u00eddas de ventas en el mercado de los PC contin\\u00faan tras ocho meses\",\"previousItem\":{\"@type\":\"ListItem\",\"@id\":\"https:\\\/\\\/candas365.es\\\/noticias\\\/category\\\/actualidad\\\/#listItem\",\"name\":\"Actualidad\"}}]},{\"@type\":\"NewsArticle\",\"@id\":\"https:\\\/\\\/candas365.es\\\/noticias\\\/las-caidas-de-ventas-en-el-mercado-de-los-pc-continuan-tras-ocho-meses\\\/#newsarticle\",\"name\":\"Las ca\\u00eddas de ventas en el mercado de los PC contin\\u00faan tras ocho meses | Cand\\u00e1s 365\",\"headline\":\"Las ca\\u00eddas de ventas en el mercado de los PC contin\\u00faan tras ocho meses\",\"author\":{\"@id\":\"https:\\\/\\\/candas365.es\\\/noticias\\\/author\\\/admin\\\/#author\"},\"publisher\":{\"@id\":\"https:\\\/\\\/candas365.es\\\/noticias\\\/#organization\"},\"image\":{\"@type\":\"ImageObject\",\"url\":\"https:\\\/\\\/candas365.es\\\/noticias\\\/wp-content\\\/uploads\\\/2015\\\/09\\\/c365noticias.jpg\",\"width\":655,\"height\":360},\"datePublished\":\"2016-10-16T19:48:31+02:00\",\"dateModified\":\"2016-10-16T19:48:31+02:00\",\"inLanguage\":\"es-ES\",\"mainEntityOfPage\":{\"@id\":\"https:\\\/\\\/candas365.es\\\/noticias\\\/las-caidas-de-ventas-en-el-mercado-de-los-pc-continuan-tras-ocho-meses\\\/#webpage\"},\"isPartOf\":{\"@id\":\"https:\\\/\\\/candas365.es\\\/noticias\\\/las-caidas-de-ventas-en-el-mercado-de-los-pc-continuan-tras-ocho-meses\\\/#webpage\"},\"articleSection\":\"Actualidad\",\"dateline\":\"Publicado el octubre 16, 2016.\"},{\"@type\":\"Organization\",\"@id\":\"https:\\\/\\\/candas365.es\\\/noticias\\\/#organization\",\"name\":\"Cand\\u00e1s 365\",\"description\":\"Cand\\u00e1s 365 es un diario digital independiente, fundado en 2012, con base en Asturias. Informamos con rigor sobre actualidad, sociedad, cultura y ocio, con una mirada local y global.\",\"url\":\"https:\\\/\\\/candas365.es\\\/noticias\\\/\",\"email\":\"info@candas365.es\",\"telephone\":\"+34652131393\",\"foundingDate\":\"2012-06-10\",\"logo\":{\"@type\":\"ImageObject\",\"url\":\"https:\\\/\\\/candas365.es\\\/noticias\\\/wp-content\\\/uploads\\\/2024\\\/09\\\/Candas-365-Redes.jpg\",\"@id\":\"https:\\\/\\\/candas365.es\\\/noticias\\\/las-caidas-de-ventas-en-el-mercado-de-los-pc-continuan-tras-ocho-meses\\\/#organizationLogo\",\"width\":1152,\"height\":864,\"caption\":\"Cand\\u00e1s 365 Redes\"},\"image\":{\"@id\":\"https:\\\/\\\/candas365.es\\\/noticias\\\/las-caidas-de-ventas-en-el-mercado-de-los-pc-continuan-tras-ocho-meses\\\/#organizationLogo\"},\"sameAs\":[\"https:\\\/\\\/www.facebook.com\\\/Nachofdezber\",\"https:\\\/\\\/x.com\\\/NabercoDigital\",\"https:\\\/\\\/www.instagram.com\\\/nachofdezber\\\/\",\"https:\\\/\\\/www.youtube.com\\\/channel\\\/UCZP-2wLEB9Rv6erhFmqVnvg\"],\"address\":{\"@id\":\"https:\\\/\\\/candas365.es\\\/noticias\\\/#postaladdress\",\"@type\":\"PostalAddress\",\"streetAddress\":\"san antonio 4, san antonio 4\",\"postalCode\":\"33430\",\"addressLocality\":\"Cand\\u00e1s\",\"addressRegion\":\"Asturias\",\"addressCountry\":\"ES\"}},{\"@type\":\"Person\",\"@id\":\"https:\\\/\\\/candas365.es\\\/noticias\\\/author\\\/admin\\\/#author\",\"url\":\"https:\\\/\\\/candas365.es\\\/noticias\\\/author\\\/admin\\\/\",\"name\":\"Cand\\u00e1s 365\",\"image\":{\"@type\":\"ImageObject\",\"@id\":\"https:\\\/\\\/candas365.es\\\/noticias\\\/las-caidas-de-ventas-en-el-mercado-de-los-pc-continuan-tras-ocho-meses\\\/#authorImage\",\"url\":\"https:\\\/\\\/secure.gravatar.com\\\/avatar\\\/496a8e03d0c493ede1718b7934145dbdf8d89be1036b0eec9544e1094c9de390?s=96&d=mm&r=g\",\"width\":96,\"height\":96,\"caption\":\"Cand\\u00e1s 365\"},\"sameAs\":[\"https:\\\/\\\/www.facebook.com\\\/carrenoactualidad\",\"https:\\\/\\\/twitter.com\\\/nbasturias\",\"https:\\\/\\\/www.instagram.com\\\/nachofdezber\\\/\",\"https:\\\/\\\/www.youtube.com\\\/channel\\\/UCZP-2wLEB9Rv6erhFmqVnvg\"]},{\"@type\":\"WebPage\",\"@id\":\"https:\\\/\\\/candas365.es\\\/noticias\\\/las-caidas-de-ventas-en-el-mercado-de-los-pc-continuan-tras-ocho-meses\\\/#webpage\",\"url\":\"https:\\\/\\\/candas365.es\\\/noticias\\\/las-caidas-de-ventas-en-el-mercado-de-los-pc-continuan-tras-ocho-meses\\\/\",\"name\":\"Las ca\\u00eddas de ventas en el mercado de los PC contin\\u00faan tras ocho meses | Cand\\u00e1s 365\",\"description\":\"La venta de PCs sigue en ca\\u00edda libre y no se ve una pronta recuperaci\\u00f3n, ya que con este tercer trimestre de 2016 se est\\u00e1n cumpliendo ocho periodos en donde el mercado de ordenadores se ha enfrentado a una baja en las ventas, algo que inici\\u00f3 durante el \\u00faltimo trimestre de 2014 y que hasta\",\"inLanguage\":\"es-ES\",\"isPartOf\":{\"@id\":\"https:\\\/\\\/candas365.es\\\/noticias\\\/#website\"},\"breadcrumb\":{\"@id\":\"https:\\\/\\\/candas365.es\\\/noticias\\\/las-caidas-de-ventas-en-el-mercado-de-los-pc-continuan-tras-ocho-meses\\\/#breadcrumblist\"},\"author\":{\"@id\":\"https:\\\/\\\/candas365.es\\\/noticias\\\/author\\\/admin\\\/#author\"},\"creator\":{\"@id\":\"https:\\\/\\\/candas365.es\\\/noticias\\\/author\\\/admin\\\/#author\"},\"image\":{\"@type\":\"ImageObject\",\"url\":\"https:\\\/\\\/candas365.es\\\/noticias\\\/wp-content\\\/uploads\\\/2015\\\/09\\\/c365noticias.jpg\",\"@id\":\"https:\\\/\\\/candas365.es\\\/noticias\\\/las-caidas-de-ventas-en-el-mercado-de-los-pc-continuan-tras-ocho-meses\\\/#mainImage\",\"width\":655,\"height\":360},\"primaryImageOfPage\":{\"@id\":\"https:\\\/\\\/candas365.es\\\/noticias\\\/las-caidas-de-ventas-en-el-mercado-de-los-pc-continuan-tras-ocho-meses\\\/#mainImage\"},\"datePublished\":\"2016-10-16T19:48:31+02:00\",\"dateModified\":\"2016-10-16T19:48:31+02:00\"},{\"@type\":\"WebSite\",\"@id\":\"https:\\\/\\\/candas365.es\\\/noticias\\\/#website\",\"url\":\"https:\\\/\\\/candas365.es\\\/noticias\\\/\",\"name\":\"Cand\\u00e1s 365\",\"alternateName\":\"Cand\\u00e1s 365 Noticias\",\"description\":\"Actualidad desde Carre\\u00f1o para el mundo\",\"inLanguage\":\"es-ES\",\"publisher\":{\"@id\":\"https:\\\/\\\/candas365.es\\\/noticias\\\/#organization\"}}]}\n\t\t<\/script>\n\t\t<!-- All in One SEO Pro -->\r\n\t\t<title>Las ca\u00eddas de ventas en el mercado de los PC contin\u00faan tras ocho meses | Cand\u00e1s 365<\/title>\n\n","aioseo_head_json":{"title":"Las ca\u00eddas de ventas en el mercado de los PC contin\u00faan tras ocho meses | Cand\u00e1s 365","description":"La venta de PCs sigue en ca\u00edda libre y no se ve una pronta recuperaci\u00f3n, ya que con este tercer trimestre de 2016 se est\u00e1n cumpliendo ocho periodos en donde el mercado de ordenadores se ha enfrentado a una baja en las ventas, algo que inici\u00f3 durante el \u00faltimo trimestre de 2014 y que hasta","canonical_url":"https:\/\/candas365.es\/noticias\/las-caidas-de-ventas-en-el-mercado-de-los-pc-continuan-tras-ocho-meses\/","robots":"max-image-preview:large","keywords":"actualidad","webmasterTools":{"google-site-verification":"UA-32230408-1","msvalidate.01":"354F3CDFB2DA171B47FBE9ABF1F88D5","miscellaneous":""},"schema":{"@context":"https:\/\/schema.org","@graph":[{"@type":"BreadcrumbList","@id":"https:\/\/candas365.es\/noticias\/las-caidas-de-ventas-en-el-mercado-de-los-pc-continuan-tras-ocho-meses\/#breadcrumblist","itemListElement":[{"@type":"ListItem","@id":"https:\/\/candas365.es\/noticias#listItem","position":1,"name":"Home","item":"https:\/\/candas365.es\/noticias","nextItem":{"@type":"ListItem","@id":"https:\/\/candas365.es\/noticias\/category\/actualidad\/#listItem","name":"Actualidad"}},{"@type":"ListItem","@id":"https:\/\/candas365.es\/noticias\/category\/actualidad\/#listItem","position":2,"name":"Actualidad","item":"https:\/\/candas365.es\/noticias\/category\/actualidad\/","nextItem":{"@type":"ListItem","@id":"https:\/\/candas365.es\/noticias\/las-caidas-de-ventas-en-el-mercado-de-los-pc-continuan-tras-ocho-meses\/#listItem","name":"Las ca\u00eddas de ventas en el mercado de los PC contin\u00faan tras ocho meses"},"previousItem":{"@type":"ListItem","@id":"https:\/\/candas365.es\/noticias#listItem","name":"Home"}},{"@type":"ListItem","@id":"https:\/\/candas365.es\/noticias\/las-caidas-de-ventas-en-el-mercado-de-los-pc-continuan-tras-ocho-meses\/#listItem","position":3,"name":"Las ca\u00eddas de ventas en el mercado de los PC contin\u00faan tras ocho meses","previousItem":{"@type":"ListItem","@id":"https:\/\/candas365.es\/noticias\/category\/actualidad\/#listItem","name":"Actualidad"}}]},{"@type":"NewsArticle","@id":"https:\/\/candas365.es\/noticias\/las-caidas-de-ventas-en-el-mercado-de-los-pc-continuan-tras-ocho-meses\/#newsarticle","name":"Las ca\u00eddas de ventas en el mercado de los PC contin\u00faan tras ocho meses | Cand\u00e1s 365","headline":"Las ca\u00eddas de ventas en el mercado de los PC contin\u00faan tras ocho meses","author":{"@id":"https:\/\/candas365.es\/noticias\/author\/admin\/#author"},"publisher":{"@id":"https:\/\/candas365.es\/noticias\/#organization"},"image":{"@type":"ImageObject","url":"https:\/\/candas365.es\/noticias\/wp-content\/uploads\/2015\/09\/c365noticias.jpg","width":655,"height":360},"datePublished":"2016-10-16T19:48:31+02:00","dateModified":"2016-10-16T19:48:31+02:00","inLanguage":"es-ES","mainEntityOfPage":{"@id":"https:\/\/candas365.es\/noticias\/las-caidas-de-ventas-en-el-mercado-de-los-pc-continuan-tras-ocho-meses\/#webpage"},"isPartOf":{"@id":"https:\/\/candas365.es\/noticias\/las-caidas-de-ventas-en-el-mercado-de-los-pc-continuan-tras-ocho-meses\/#webpage"},"articleSection":"Actualidad","dateline":"Publicado el octubre 16, 2016."},{"@type":"Organization","@id":"https:\/\/candas365.es\/noticias\/#organization","name":"Cand\u00e1s 365","description":"Cand\u00e1s 365 es un diario digital independiente, fundado en 2012, con base en Asturias. Informamos con rigor sobre actualidad, sociedad, cultura y ocio, con una mirada local y global.","url":"https:\/\/candas365.es\/noticias\/","email":"info@candas365.es","telephone":"+34652131393","foundingDate":"2012-06-10","logo":{"@type":"ImageObject","url":"https:\/\/candas365.es\/noticias\/wp-content\/uploads\/2024\/09\/Candas-365-Redes.jpg","@id":"https:\/\/candas365.es\/noticias\/las-caidas-de-ventas-en-el-mercado-de-los-pc-continuan-tras-ocho-meses\/#organizationLogo","width":1152,"height":864,"caption":"Cand\u00e1s 365 Redes"},"image":{"@id":"https:\/\/candas365.es\/noticias\/las-caidas-de-ventas-en-el-mercado-de-los-pc-continuan-tras-ocho-meses\/#organizationLogo"},"sameAs":["https:\/\/www.facebook.com\/Nachofdezber","https:\/\/x.com\/NabercoDigital","https:\/\/www.instagram.com\/nachofdezber\/","https:\/\/www.youtube.com\/channel\/UCZP-2wLEB9Rv6erhFmqVnvg"],"address":{"@id":"https:\/\/candas365.es\/noticias\/#postaladdress","@type":"PostalAddress","streetAddress":"san antonio 4, san antonio 4","postalCode":"33430","addressLocality":"Cand\u00e1s","addressRegion":"Asturias","addressCountry":"ES"}},{"@type":"Person","@id":"https:\/\/candas365.es\/noticias\/author\/admin\/#author","url":"https:\/\/candas365.es\/noticias\/author\/admin\/","name":"Cand\u00e1s 365","image":{"@type":"ImageObject","@id":"https:\/\/candas365.es\/noticias\/las-caidas-de-ventas-en-el-mercado-de-los-pc-continuan-tras-ocho-meses\/#authorImage","url":"https:\/\/secure.gravatar.com\/avatar\/496a8e03d0c493ede1718b7934145dbdf8d89be1036b0eec9544e1094c9de390?s=96&d=mm&r=g","width":96,"height":96,"caption":"Cand\u00e1s 365"},"sameAs":["https:\/\/www.facebook.com\/carrenoactualidad","https:\/\/twitter.com\/nbasturias","https:\/\/www.instagram.com\/nachofdezber\/","https:\/\/www.youtube.com\/channel\/UCZP-2wLEB9Rv6erhFmqVnvg"]},{"@type":"WebPage","@id":"https:\/\/candas365.es\/noticias\/las-caidas-de-ventas-en-el-mercado-de-los-pc-continuan-tras-ocho-meses\/#webpage","url":"https:\/\/candas365.es\/noticias\/las-caidas-de-ventas-en-el-mercado-de-los-pc-continuan-tras-ocho-meses\/","name":"Las ca\u00eddas de ventas en el mercado de los PC contin\u00faan tras ocho meses | Cand\u00e1s 365","description":"La venta de PCs sigue en ca\u00edda libre y no se ve una pronta recuperaci\u00f3n, ya que con este tercer trimestre de 2016 se est\u00e1n cumpliendo ocho periodos en donde el mercado de ordenadores se ha enfrentado a una baja en las ventas, algo que inici\u00f3 durante el \u00faltimo trimestre de 2014 y que hasta","inLanguage":"es-ES","isPartOf":{"@id":"https:\/\/candas365.es\/noticias\/#website"},"breadcrumb":{"@id":"https:\/\/candas365.es\/noticias\/las-caidas-de-ventas-en-el-mercado-de-los-pc-continuan-tras-ocho-meses\/#breadcrumblist"},"author":{"@id":"https:\/\/candas365.es\/noticias\/author\/admin\/#author"},"creator":{"@id":"https:\/\/candas365.es\/noticias\/author\/admin\/#author"},"image":{"@type":"ImageObject","url":"https:\/\/candas365.es\/noticias\/wp-content\/uploads\/2015\/09\/c365noticias.jpg","@id":"https:\/\/candas365.es\/noticias\/las-caidas-de-ventas-en-el-mercado-de-los-pc-continuan-tras-ocho-meses\/#mainImage","width":655,"height":360},"primaryImageOfPage":{"@id":"https:\/\/candas365.es\/noticias\/las-caidas-de-ventas-en-el-mercado-de-los-pc-continuan-tras-ocho-meses\/#mainImage"},"datePublished":"2016-10-16T19:48:31+02:00","dateModified":"2016-10-16T19:48:31+02:00"},{"@type":"WebSite","@id":"https:\/\/candas365.es\/noticias\/#website","url":"https:\/\/candas365.es\/noticias\/","name":"Cand\u00e1s 365","alternateName":"Cand\u00e1s 365 Noticias","description":"Actualidad desde Carre\u00f1o para el mundo","inLanguage":"es-ES","publisher":{"@id":"https:\/\/candas365.es\/noticias\/#organization"}}]},"og:locale":"es_ES","og:site_name":"Cand\u00e1s 365","og:type":"article","og:title":"Las ca\u00eddas de ventas en el mercado de los PC contin\u00faan tras ocho meses | Cand\u00e1s 365","og:description":"La venta de PCs sigue en ca\u00edda libre y no se ve una pronta recuperaci\u00f3n, ya que con este tercer trimestre de 2016 se est\u00e1n cumpliendo ocho periodos en donde el mercado de ordenadores se ha enfrentado a una baja en las ventas, algo que inici\u00f3 durante el \u00faltimo trimestre de 2014 y que hasta","og:url":"https:\/\/candas365.es\/noticias\/las-caidas-de-ventas-en-el-mercado-de-los-pc-continuan-tras-ocho-meses\/","og:image":"https:\/\/candas365.es\/noticias\/wp-content\/uploads\/2015\/09\/c365noticias.jpg","og:image:secure_url":"https:\/\/candas365.es\/noticias\/wp-content\/uploads\/2015\/09\/c365noticias.jpg","og:image:width":655,"og:image:height":360,"article:published_time":"2016-10-16T18:18:31+00:00","article:modified_time":"2016-10-16T18:18:31+00:00","article:publisher":"https:\/\/www.facebook.com\/Nachofdezber","article:author":"https:\/\/www.facebook.com\/carrenoactualidad","twitter:card":"summary_large_image","twitter:site":"@NabercoDigital","twitter:title":"Las ca\u00eddas de ventas en el mercado de los PC contin\u00faan tras ocho meses | Cand\u00e1s 365","twitter:description":"La venta de PCs sigue en ca\u00edda libre y no se ve una pronta recuperaci\u00f3n, ya que con este tercer trimestre de 2016 se est\u00e1n cumpliendo ocho periodos en donde el mercado de ordenadores se ha enfrentado a una baja en las ventas, algo que inici\u00f3 durante el \u00faltimo trimestre de 2014 y que hasta","twitter:creator":"@nbasturias","twitter:image":"https:\/\/candas365.es\/noticias\/wp-content\/uploads\/2015\/09\/c365noticias.jpg","twitter:label1":"Escrito por","twitter:data1":"Cand\u00e1s 365","twitter:label2":"Tiempo de lectura estimado","twitter:data2":"3 minutos"},"aioseo_meta_data":{"post_id":"33872","title":null,"description":null,"keywords":null,"keyphrases":null,"primary_term":null,"canonical_url":null,"og_title":null,"og_description":null,"og_object_type":"default","og_image_type":"default","og_image_url":null,"og_image_width":null,"og_image_height":null,"og_image_custom_url":null,"og_image_custom_fields":null,"og_video":null,"og_custom_url":null,"og_article_section":null,"og_article_tags":null,"twitter_use_og":false,"twitter_card":"default","twitter_image_type":"default","twitter_image_url":null,"twitter_image_custom_url":null,"twitter_image_custom_fields":null,"twitter_title":null,"twitter_description":null,"schema":{"blockGraphs":[],"customGraphs":[],"default":{"data":{"Article":[],"Course":[],"Dataset":[],"FAQPage":[],"Movie":[],"Person":[],"Product":[],"ProductReview":[],"Car":[],"Recipe":[],"Service":[],"SoftwareApplication":[],"WebPage":[]},"graphName":"","isEnabled":true},"graphs":[],"defaultGraph":"","defaultPostTypeGraph":""},"schema_type":null,"schema_type_options":null,"pillar_content":false,"robots_default":true,"robots_noindex":false,"robots_noarchive":false,"robots_nosnippet":false,"robots_nofollow":false,"robots_noimageindex":false,"robots_noodp":false,"robots_notranslate":false,"robots_max_snippet":null,"robots_max_videopreview":null,"robots_max_imagepreview":"large","priority":null,"frequency":null,"location":null,"local_seo":null,"seo_analyzer_scan_date":"2025-08-24 17:06:16","breadcrumb_settings":null,"limit_modified_date":false,"reviewed_by":null,"open_ai":null,"ai":null,"created":"2020-12-21 13:07:12","updated":"2025-08-24 17:06:16"},"aioseo_breadcrumb":"<div class=\"aioseo-breadcrumbs\"><span class=\"aioseo-breadcrumb\">\n\t<a href=\"https:\/\/candas365.es\/noticias\" title=\"Home\">Home<\/a>\n<\/span><span class=\"aioseo-breadcrumb-separator\">&ndash;<\/span><span class=\"aioseo-breadcrumb\">\n\t<a href=\"https:\/\/candas365.es\/noticias\/category\/actualidad\/\" title=\"Actualidad\">Actualidad<\/a>\n<\/span><span class=\"aioseo-breadcrumb-separator\">&ndash;<\/span><span class=\"aioseo-breadcrumb\">\n\tLas ca\u00eddas de ventas en el mercado de los PC contin\u00faan tras ocho meses\n<\/span><\/div>","aioseo_breadcrumb_json":[{"label":"Home","link":"https:\/\/candas365.es\/noticias"},{"label":"Actualidad","link":"https:\/\/candas365.es\/noticias\/category\/actualidad\/"},{"label":"Las ca\u00eddas de ventas en el mercado de los PC contin\u00faan tras ocho meses","link":"https:\/\/candas365.es\/noticias\/las-caidas-de-ventas-en-el-mercado-de-los-pc-continuan-tras-ocho-meses\/"}],"_links":{"self":[{"href":"https:\/\/candas365.es\/noticias\/wp-json\/wp\/v2\/posts\/33872","targetHints":{"allow":["GET"]}}],"collection":[{"href":"https:\/\/candas365.es\/noticias\/wp-json\/wp\/v2\/posts"}],"about":[{"href":"https:\/\/candas365.es\/noticias\/wp-json\/wp\/v2\/types\/post"}],"author":[{"embeddable":true,"href":"https:\/\/candas365.es\/noticias\/wp-json\/wp\/v2\/users\/1"}],"replies":[{"embeddable":true,"href":"https:\/\/candas365.es\/noticias\/wp-json\/wp\/v2\/comments?post=33872"}],"version-history":[{"count":0,"href":"https:\/\/candas365.es\/noticias\/wp-json\/wp\/v2\/posts\/33872\/revisions"}],"wp:featuredmedia":[{"embeddable":true,"href":"https:\/\/candas365.es\/noticias\/wp-json\/wp\/v2\/media\/16457"}],"wp:attachment":[{"href":"https:\/\/candas365.es\/noticias\/wp-json\/wp\/v2\/media?parent=33872"}],"wp:term":[{"taxonomy":"category","embeddable":true,"href":"https:\/\/candas365.es\/noticias\/wp-json\/wp\/v2\/categories?post=33872"},{"taxonomy":"post_tag","embeddable":true,"href":"https:\/\/candas365.es\/noticias\/wp-json\/wp\/v2\/tags?post=33872"}],"curies":[{"name":"wp","href":"https:\/\/api.w.org\/{rel}","templated":true}]}}