{"id":33862,"date":"2016-10-16T19:43:01","date_gmt":"2016-10-16T18:13:01","guid":{"rendered":"http:\/\/candas365.es\/noticias\/?p=33862"},"modified":"2016-10-16T19:43:01","modified_gmt":"2016-10-16T18:13:01","slug":"nombran-hija-predilecta-de-francfort-a-sobreviviente-de-auschwitz","status":"publish","type":"post","link":"https:\/\/candas365.es\/noticias\/nombran-hija-predilecta-de-francfort-a-sobreviviente-de-auschwitz\/","title":{"rendered":"Nombran hija predilecta de Fr\u00e1ncfort a sobreviviente de Auschwitz"},"content":{"rendered":"<p>Fr\u00e1ncfort\/Berl\u00edn, 16 oct (dpa) &#8211; La sobreviviente del campo de exterminio nazi de Auschwitz Trude Simonsohn fue galardonada hoy con el t\u00edtulo de hija predilecta de la ciudad alemana de Fr\u00e1ncfort, en el oeste del pa\u00eds. <\/p>\n<p>El Comit\u00e9 Internacional de Auschwitz aplaudi\u00f3 la distinci\u00f3n. \u00abTrude Simonsohn, al igual que muchos sobrevivientes de Auschwitz, ha promovido la democracia y se ha mostrado en contra del odio en innumerables conversaciones con j\u00f3venes\u00bb, declar\u00f3 Christoph Heubner, vicepresidente ejecutivo de la organizaci\u00f3n. <\/p>\n<p>\u00abSu voz supone una profunda voz de humanidad y filantrop\u00eda a pesar de todas las amargas experiencias\u00bb, apunt\u00f3 sobre Simonsohn, de 95 a\u00f1os, que es la primera mujer en ser distinguida con la condecoraci\u00f3n de hija predilecta de Fr\u00e1ncfort. <\/p>\n<p>La superviviente de los campos de concentraci\u00f3n de Auschwitz y Theresienstadt se dedic\u00f3 desde la d\u00e9cada de los 50 a la reconstrucci\u00f3n de la comunidad jud\u00eda de Fr\u00e1ncfort y desde hace a\u00f1os relata a los j\u00f3venes sus experiencias y alerta del racismo, de la xenofobia y del extremismo de derecha. <\/p>\n","protected":false},"excerpt":{"rendered":"<p>Fr\u00e1ncfort\/Berl\u00edn, 16 oct (dpa) &#8211; La sobreviviente del campo de exterminio nazi de Auschwitz Trude Simonsohn fue galardonada hoy con el t\u00edtulo de hija predilecta de la ciudad alemana de Fr\u00e1ncfort, en el oeste del pa\u00eds. El Comit\u00e9 Internacional de Auschwitz aplaudi\u00f3 la distinci\u00f3n. \u00abTrude Simonsohn, al igual que muchos sobrevivientes de Auschwitz, ha promovido<\/p>\n","protected":false},"author":1,"featured_media":16457,"comment_status":"closed","ping_status":"closed","sticky":false,"template":"","format":"standard","meta":{"footnotes":""},"categories":[343],"tags":[],"class_list":{"0":"post-33862","1":"post","2":"type-post","3":"status-publish","4":"format-standard","5":"has-post-thumbnail","7":"category-actualidad"},"aioseo_notices":[],"aioseo_head":"\n\t\t<!-- All in One SEO Pro 4.9.6.2 - aioseo.com -->\n\t<meta name=\"description\" content=\"Fr\u00e1ncfort\/Berl\u00edn, 16 oct (dpa) - La sobreviviente del campo de exterminio nazi de Auschwitz Trude Simonsohn fue galardonada hoy con el t\u00edtulo de hija predilecta de la ciudad alemana de Fr\u00e1ncfort, en el oeste del pa\u00eds. El Comit\u00e9 Internacional de Auschwitz aplaudi\u00f3 la distinci\u00f3n. &quot;Trude Simonsohn, al igual que muchos sobrevivientes de Auschwitz, ha promovido\" \/>\n\t<meta name=\"robots\" content=\"max-image-preview:large\" \/>\n\t<meta name=\"author\" content=\"Cand\u00e1s 365\"\/>\n\t<meta name=\"google-site-verification\" content=\"UA-32230408-1\" \/>\n\t<meta name=\"msvalidate.01\" content=\"354F3CDFB2DA171B47FBE9ABF1F88D5\" \/>\n\t<meta name=\"keywords\" content=\"actualidad\" \/>\n\t<link rel=\"canonical\" href=\"https:\/\/candas365.es\/noticias\/nombran-hija-predilecta-de-francfort-a-sobreviviente-de-auschwitz\/\" \/>\n\t<meta name=\"generator\" content=\"All in One SEO Pro (AIOSEO) 4.9.6.2\" \/>\n\t\t<meta property=\"og:locale\" content=\"es_ES\" \/>\n\t\t<meta property=\"og:site_name\" content=\"Cand\u00e1s 365\" \/>\n\t\t<meta property=\"og:type\" content=\"article\" \/>\n\t\t<meta property=\"og:title\" content=\"Nombran hija predilecta de Fr\u00e1ncfort a sobreviviente de Auschwitz | Cand\u00e1s 365\" \/>\n\t\t<meta property=\"og:description\" content=\"Fr\u00e1ncfort\/Berl\u00edn, 16 oct (dpa) - La sobreviviente del campo de exterminio nazi de Auschwitz Trude Simonsohn fue galardonada hoy con el t\u00edtulo de hija predilecta de la ciudad alemana de Fr\u00e1ncfort, en el oeste del pa\u00eds. El Comit\u00e9 Internacional de Auschwitz aplaudi\u00f3 la distinci\u00f3n. &quot;Trude Simonsohn, al igual que muchos sobrevivientes de Auschwitz, ha promovido\" \/>\n\t\t<meta property=\"og:url\" content=\"https:\/\/candas365.es\/noticias\/nombran-hija-predilecta-de-francfort-a-sobreviviente-de-auschwitz\/\" \/>\n\t\t<meta property=\"og:image\" content=\"https:\/\/candas365.es\/noticias\/wp-content\/uploads\/2015\/09\/c365noticias.jpg\" \/>\n\t\t<meta property=\"og:image:secure_url\" content=\"https:\/\/candas365.es\/noticias\/wp-content\/uploads\/2015\/09\/c365noticias.jpg\" \/>\n\t\t<meta property=\"og:image:width\" content=\"655\" \/>\n\t\t<meta property=\"og:image:height\" content=\"360\" \/>\n\t\t<meta property=\"article:published_time\" content=\"2016-10-16T18:13:01+00:00\" \/>\n\t\t<meta property=\"article:modified_time\" content=\"2016-10-16T18:13:01+00:00\" \/>\n\t\t<meta property=\"article:publisher\" content=\"https:\/\/www.facebook.com\/Nachofdezber\" \/>\n\t\t<meta property=\"article:author\" content=\"https:\/\/www.facebook.com\/carrenoactualidad\" \/>\n\t\t<meta name=\"twitter:card\" content=\"summary_large_image\" \/>\n\t\t<meta name=\"twitter:site\" content=\"@NabercoDigital\" \/>\n\t\t<meta name=\"twitter:title\" content=\"Nombran hija predilecta de Fr\u00e1ncfort a sobreviviente de Auschwitz | Cand\u00e1s 365\" \/>\n\t\t<meta name=\"twitter:description\" content=\"Fr\u00e1ncfort\/Berl\u00edn, 16 oct (dpa) - La sobreviviente del campo de exterminio nazi de Auschwitz Trude Simonsohn fue galardonada hoy con el t\u00edtulo de hija predilecta de la ciudad alemana de Fr\u00e1ncfort, en el oeste del pa\u00eds. El Comit\u00e9 Internacional de Auschwitz aplaudi\u00f3 la distinci\u00f3n. &quot;Trude Simonsohn, al igual que muchos sobrevivientes de Auschwitz, ha promovido\" \/>\n\t\t<meta name=\"twitter:creator\" content=\"@nbasturias\" \/>\n\t\t<meta name=\"twitter:image\" content=\"https:\/\/candas365.es\/noticias\/wp-content\/uploads\/2015\/09\/c365noticias.jpg\" \/>\n\t\t<meta name=\"twitter:label1\" content=\"Escrito por\" \/>\n\t\t<meta name=\"twitter:data1\" content=\"Cand\u00e1s 365\" \/>\n\t\t<meta name=\"twitter:label2\" content=\"Tiempo de lectura estimado\" \/>\n\t\t<meta name=\"twitter:data2\" content=\"1 minuto\" \/>\n\t\t<script type=\"application\/ld+json\" class=\"aioseo-schema\">\n\t\t\t{\"@context\":\"https:\\\/\\\/schema.org\",\"@graph\":[{\"@type\":\"BreadcrumbList\",\"@id\":\"https:\\\/\\\/candas365.es\\\/noticias\\\/nombran-hija-predilecta-de-francfort-a-sobreviviente-de-auschwitz\\\/#breadcrumblist\",\"itemListElement\":[{\"@type\":\"ListItem\",\"@id\":\"https:\\\/\\\/candas365.es\\\/noticias#listItem\",\"position\":1,\"name\":\"Home\",\"item\":\"https:\\\/\\\/candas365.es\\\/noticias\",\"nextItem\":{\"@type\":\"ListItem\",\"@id\":\"https:\\\/\\\/candas365.es\\\/noticias\\\/category\\\/actualidad\\\/#listItem\",\"name\":\"Actualidad\"}},{\"@type\":\"ListItem\",\"@id\":\"https:\\\/\\\/candas365.es\\\/noticias\\\/category\\\/actualidad\\\/#listItem\",\"position\":2,\"name\":\"Actualidad\",\"item\":\"https:\\\/\\\/candas365.es\\\/noticias\\\/category\\\/actualidad\\\/\",\"nextItem\":{\"@type\":\"ListItem\",\"@id\":\"https:\\\/\\\/candas365.es\\\/noticias\\\/nombran-hija-predilecta-de-francfort-a-sobreviviente-de-auschwitz\\\/#listItem\",\"name\":\"Nombran hija predilecta de Fr\\u00e1ncfort a sobreviviente de Auschwitz\"},\"previousItem\":{\"@type\":\"ListItem\",\"@id\":\"https:\\\/\\\/candas365.es\\\/noticias#listItem\",\"name\":\"Home\"}},{\"@type\":\"ListItem\",\"@id\":\"https:\\\/\\\/candas365.es\\\/noticias\\\/nombran-hija-predilecta-de-francfort-a-sobreviviente-de-auschwitz\\\/#listItem\",\"position\":3,\"name\":\"Nombran hija predilecta de Fr\\u00e1ncfort a sobreviviente de Auschwitz\",\"previousItem\":{\"@type\":\"ListItem\",\"@id\":\"https:\\\/\\\/candas365.es\\\/noticias\\\/category\\\/actualidad\\\/#listItem\",\"name\":\"Actualidad\"}}]},{\"@type\":\"NewsArticle\",\"@id\":\"https:\\\/\\\/candas365.es\\\/noticias\\\/nombran-hija-predilecta-de-francfort-a-sobreviviente-de-auschwitz\\\/#newsarticle\",\"name\":\"Nombran hija predilecta de Fr\\u00e1ncfort a sobreviviente de Auschwitz | Cand\\u00e1s 365\",\"headline\":\"Nombran hija predilecta de Fr\\u00e1ncfort a sobreviviente de Auschwitz\",\"author\":{\"@id\":\"https:\\\/\\\/candas365.es\\\/noticias\\\/author\\\/admin\\\/#author\"},\"publisher\":{\"@id\":\"https:\\\/\\\/candas365.es\\\/noticias\\\/#organization\"},\"image\":{\"@type\":\"ImageObject\",\"url\":\"https:\\\/\\\/candas365.es\\\/noticias\\\/wp-content\\\/uploads\\\/2015\\\/09\\\/c365noticias.jpg\",\"width\":655,\"height\":360},\"datePublished\":\"2016-10-16T19:43:01+02:00\",\"dateModified\":\"2016-10-16T19:43:01+02:00\",\"inLanguage\":\"es-ES\",\"mainEntityOfPage\":{\"@id\":\"https:\\\/\\\/candas365.es\\\/noticias\\\/nombran-hija-predilecta-de-francfort-a-sobreviviente-de-auschwitz\\\/#webpage\"},\"isPartOf\":{\"@id\":\"https:\\\/\\\/candas365.es\\\/noticias\\\/nombran-hija-predilecta-de-francfort-a-sobreviviente-de-auschwitz\\\/#webpage\"},\"articleSection\":\"Actualidad\",\"dateline\":\"Publicado el octubre 16, 2016.\"},{\"@type\":\"Organization\",\"@id\":\"https:\\\/\\\/candas365.es\\\/noticias\\\/#organization\",\"name\":\"Cand\\u00e1s 365\",\"description\":\"Cand\\u00e1s 365 es un diario digital independiente, fundado en 2012, con base en Asturias. Informamos con rigor sobre actualidad, sociedad, cultura y ocio, con una mirada local y global.\",\"url\":\"https:\\\/\\\/candas365.es\\\/noticias\\\/\",\"email\":\"info@candas365.es\",\"telephone\":\"+34652131393\",\"foundingDate\":\"2012-06-10\",\"logo\":{\"@type\":\"ImageObject\",\"url\":\"https:\\\/\\\/candas365.es\\\/noticias\\\/wp-content\\\/uploads\\\/2024\\\/09\\\/Candas-365-Redes.jpg\",\"@id\":\"https:\\\/\\\/candas365.es\\\/noticias\\\/nombran-hija-predilecta-de-francfort-a-sobreviviente-de-auschwitz\\\/#organizationLogo\",\"width\":1152,\"height\":864,\"caption\":\"Cand\\u00e1s 365 Redes\"},\"image\":{\"@id\":\"https:\\\/\\\/candas365.es\\\/noticias\\\/nombran-hija-predilecta-de-francfort-a-sobreviviente-de-auschwitz\\\/#organizationLogo\"},\"sameAs\":[\"https:\\\/\\\/www.facebook.com\\\/Nachofdezber\",\"https:\\\/\\\/x.com\\\/NabercoDigital\",\"https:\\\/\\\/www.instagram.com\\\/nachofdezber\\\/\",\"https:\\\/\\\/www.youtube.com\\\/channel\\\/UCZP-2wLEB9Rv6erhFmqVnvg\"],\"address\":{\"@id\":\"https:\\\/\\\/candas365.es\\\/noticias\\\/#postaladdress\",\"@type\":\"PostalAddress\",\"streetAddress\":\"san antonio 4, san antonio 4\",\"postalCode\":\"33430\",\"addressLocality\":\"Cand\\u00e1s\",\"addressRegion\":\"Asturias\",\"addressCountry\":\"ES\"}},{\"@type\":\"Person\",\"@id\":\"https:\\\/\\\/candas365.es\\\/noticias\\\/author\\\/admin\\\/#author\",\"url\":\"https:\\\/\\\/candas365.es\\\/noticias\\\/author\\\/admin\\\/\",\"name\":\"Cand\\u00e1s 365\",\"image\":{\"@type\":\"ImageObject\",\"@id\":\"https:\\\/\\\/candas365.es\\\/noticias\\\/nombran-hija-predilecta-de-francfort-a-sobreviviente-de-auschwitz\\\/#authorImage\",\"url\":\"https:\\\/\\\/secure.gravatar.com\\\/avatar\\\/496a8e03d0c493ede1718b7934145dbdf8d89be1036b0eec9544e1094c9de390?s=96&d=mm&r=g\",\"width\":96,\"height\":96,\"caption\":\"Cand\\u00e1s 365\"},\"sameAs\":[\"https:\\\/\\\/www.facebook.com\\\/carrenoactualidad\",\"https:\\\/\\\/twitter.com\\\/nbasturias\",\"https:\\\/\\\/www.instagram.com\\\/nachofdezber\\\/\",\"https:\\\/\\\/www.youtube.com\\\/channel\\\/UCZP-2wLEB9Rv6erhFmqVnvg\"]},{\"@type\":\"WebPage\",\"@id\":\"https:\\\/\\\/candas365.es\\\/noticias\\\/nombran-hija-predilecta-de-francfort-a-sobreviviente-de-auschwitz\\\/#webpage\",\"url\":\"https:\\\/\\\/candas365.es\\\/noticias\\\/nombran-hija-predilecta-de-francfort-a-sobreviviente-de-auschwitz\\\/\",\"name\":\"Nombran hija predilecta de Fr\\u00e1ncfort a sobreviviente de Auschwitz | Cand\\u00e1s 365\",\"description\":\"Fr\\u00e1ncfort\\\/Berl\\u00edn, 16 oct (dpa) - La sobreviviente del campo de exterminio nazi de Auschwitz Trude Simonsohn fue galardonada hoy con el t\\u00edtulo de hija predilecta de la ciudad alemana de Fr\\u00e1ncfort, en el oeste del pa\\u00eds. El Comit\\u00e9 Internacional de Auschwitz aplaudi\\u00f3 la distinci\\u00f3n. \\\"Trude Simonsohn, al igual que muchos sobrevivientes de Auschwitz, ha promovido\",\"inLanguage\":\"es-ES\",\"isPartOf\":{\"@id\":\"https:\\\/\\\/candas365.es\\\/noticias\\\/#website\"},\"breadcrumb\":{\"@id\":\"https:\\\/\\\/candas365.es\\\/noticias\\\/nombran-hija-predilecta-de-francfort-a-sobreviviente-de-auschwitz\\\/#breadcrumblist\"},\"author\":{\"@id\":\"https:\\\/\\\/candas365.es\\\/noticias\\\/author\\\/admin\\\/#author\"},\"creator\":{\"@id\":\"https:\\\/\\\/candas365.es\\\/noticias\\\/author\\\/admin\\\/#author\"},\"image\":{\"@type\":\"ImageObject\",\"url\":\"https:\\\/\\\/candas365.es\\\/noticias\\\/wp-content\\\/uploads\\\/2015\\\/09\\\/c365noticias.jpg\",\"@id\":\"https:\\\/\\\/candas365.es\\\/noticias\\\/nombran-hija-predilecta-de-francfort-a-sobreviviente-de-auschwitz\\\/#mainImage\",\"width\":655,\"height\":360},\"primaryImageOfPage\":{\"@id\":\"https:\\\/\\\/candas365.es\\\/noticias\\\/nombran-hija-predilecta-de-francfort-a-sobreviviente-de-auschwitz\\\/#mainImage\"},\"datePublished\":\"2016-10-16T19:43:01+02:00\",\"dateModified\":\"2016-10-16T19:43:01+02:00\"},{\"@type\":\"WebSite\",\"@id\":\"https:\\\/\\\/candas365.es\\\/noticias\\\/#website\",\"url\":\"https:\\\/\\\/candas365.es\\\/noticias\\\/\",\"name\":\"Cand\\u00e1s 365\",\"alternateName\":\"Cand\\u00e1s 365 Noticias\",\"description\":\"Actualidad desde Carre\\u00f1o para el mundo\",\"inLanguage\":\"es-ES\",\"publisher\":{\"@id\":\"https:\\\/\\\/candas365.es\\\/noticias\\\/#organization\"}}]}\n\t\t<\/script>\n\t\t<!-- All in One SEO Pro -->\r\n\t\t<title>Nombran hija predilecta de Fr\u00e1ncfort a sobreviviente de Auschwitz | Cand\u00e1s 365<\/title>\n\n","aioseo_head_json":{"title":"Nombran hija predilecta de Fr\u00e1ncfort a sobreviviente de Auschwitz | Cand\u00e1s 365","description":"Fr\u00e1ncfort\/Berl\u00edn, 16 oct (dpa) - La sobreviviente del campo de exterminio nazi de Auschwitz Trude Simonsohn fue galardonada hoy con el t\u00edtulo de hija predilecta de la ciudad alemana de Fr\u00e1ncfort, en el oeste del pa\u00eds. El Comit\u00e9 Internacional de Auschwitz aplaudi\u00f3 la distinci\u00f3n. \"Trude Simonsohn, al igual que muchos sobrevivientes de Auschwitz, ha promovido","canonical_url":"https:\/\/candas365.es\/noticias\/nombran-hija-predilecta-de-francfort-a-sobreviviente-de-auschwitz\/","robots":"max-image-preview:large","keywords":"actualidad","webmasterTools":{"google-site-verification":"UA-32230408-1","msvalidate.01":"354F3CDFB2DA171B47FBE9ABF1F88D5","miscellaneous":""},"schema":{"@context":"https:\/\/schema.org","@graph":[{"@type":"BreadcrumbList","@id":"https:\/\/candas365.es\/noticias\/nombran-hija-predilecta-de-francfort-a-sobreviviente-de-auschwitz\/#breadcrumblist","itemListElement":[{"@type":"ListItem","@id":"https:\/\/candas365.es\/noticias#listItem","position":1,"name":"Home","item":"https:\/\/candas365.es\/noticias","nextItem":{"@type":"ListItem","@id":"https:\/\/candas365.es\/noticias\/category\/actualidad\/#listItem","name":"Actualidad"}},{"@type":"ListItem","@id":"https:\/\/candas365.es\/noticias\/category\/actualidad\/#listItem","position":2,"name":"Actualidad","item":"https:\/\/candas365.es\/noticias\/category\/actualidad\/","nextItem":{"@type":"ListItem","@id":"https:\/\/candas365.es\/noticias\/nombran-hija-predilecta-de-francfort-a-sobreviviente-de-auschwitz\/#listItem","name":"Nombran hija predilecta de Fr\u00e1ncfort a sobreviviente de Auschwitz"},"previousItem":{"@type":"ListItem","@id":"https:\/\/candas365.es\/noticias#listItem","name":"Home"}},{"@type":"ListItem","@id":"https:\/\/candas365.es\/noticias\/nombran-hija-predilecta-de-francfort-a-sobreviviente-de-auschwitz\/#listItem","position":3,"name":"Nombran hija predilecta de Fr\u00e1ncfort a sobreviviente de Auschwitz","previousItem":{"@type":"ListItem","@id":"https:\/\/candas365.es\/noticias\/category\/actualidad\/#listItem","name":"Actualidad"}}]},{"@type":"NewsArticle","@id":"https:\/\/candas365.es\/noticias\/nombran-hija-predilecta-de-francfort-a-sobreviviente-de-auschwitz\/#newsarticle","name":"Nombran hija predilecta de Fr\u00e1ncfort a sobreviviente de Auschwitz | Cand\u00e1s 365","headline":"Nombran hija predilecta de Fr\u00e1ncfort a sobreviviente de Auschwitz","author":{"@id":"https:\/\/candas365.es\/noticias\/author\/admin\/#author"},"publisher":{"@id":"https:\/\/candas365.es\/noticias\/#organization"},"image":{"@type":"ImageObject","url":"https:\/\/candas365.es\/noticias\/wp-content\/uploads\/2015\/09\/c365noticias.jpg","width":655,"height":360},"datePublished":"2016-10-16T19:43:01+02:00","dateModified":"2016-10-16T19:43:01+02:00","inLanguage":"es-ES","mainEntityOfPage":{"@id":"https:\/\/candas365.es\/noticias\/nombran-hija-predilecta-de-francfort-a-sobreviviente-de-auschwitz\/#webpage"},"isPartOf":{"@id":"https:\/\/candas365.es\/noticias\/nombran-hija-predilecta-de-francfort-a-sobreviviente-de-auschwitz\/#webpage"},"articleSection":"Actualidad","dateline":"Publicado el octubre 16, 2016."},{"@type":"Organization","@id":"https:\/\/candas365.es\/noticias\/#organization","name":"Cand\u00e1s 365","description":"Cand\u00e1s 365 es un diario digital independiente, fundado en 2012, con base en Asturias. Informamos con rigor sobre actualidad, sociedad, cultura y ocio, con una mirada local y global.","url":"https:\/\/candas365.es\/noticias\/","email":"info@candas365.es","telephone":"+34652131393","foundingDate":"2012-06-10","logo":{"@type":"ImageObject","url":"https:\/\/candas365.es\/noticias\/wp-content\/uploads\/2024\/09\/Candas-365-Redes.jpg","@id":"https:\/\/candas365.es\/noticias\/nombran-hija-predilecta-de-francfort-a-sobreviviente-de-auschwitz\/#organizationLogo","width":1152,"height":864,"caption":"Cand\u00e1s 365 Redes"},"image":{"@id":"https:\/\/candas365.es\/noticias\/nombran-hija-predilecta-de-francfort-a-sobreviviente-de-auschwitz\/#organizationLogo"},"sameAs":["https:\/\/www.facebook.com\/Nachofdezber","https:\/\/x.com\/NabercoDigital","https:\/\/www.instagram.com\/nachofdezber\/","https:\/\/www.youtube.com\/channel\/UCZP-2wLEB9Rv6erhFmqVnvg"],"address":{"@id":"https:\/\/candas365.es\/noticias\/#postaladdress","@type":"PostalAddress","streetAddress":"san antonio 4, san antonio 4","postalCode":"33430","addressLocality":"Cand\u00e1s","addressRegion":"Asturias","addressCountry":"ES"}},{"@type":"Person","@id":"https:\/\/candas365.es\/noticias\/author\/admin\/#author","url":"https:\/\/candas365.es\/noticias\/author\/admin\/","name":"Cand\u00e1s 365","image":{"@type":"ImageObject","@id":"https:\/\/candas365.es\/noticias\/nombran-hija-predilecta-de-francfort-a-sobreviviente-de-auschwitz\/#authorImage","url":"https:\/\/secure.gravatar.com\/avatar\/496a8e03d0c493ede1718b7934145dbdf8d89be1036b0eec9544e1094c9de390?s=96&d=mm&r=g","width":96,"height":96,"caption":"Cand\u00e1s 365"},"sameAs":["https:\/\/www.facebook.com\/carrenoactualidad","https:\/\/twitter.com\/nbasturias","https:\/\/www.instagram.com\/nachofdezber\/","https:\/\/www.youtube.com\/channel\/UCZP-2wLEB9Rv6erhFmqVnvg"]},{"@type":"WebPage","@id":"https:\/\/candas365.es\/noticias\/nombran-hija-predilecta-de-francfort-a-sobreviviente-de-auschwitz\/#webpage","url":"https:\/\/candas365.es\/noticias\/nombran-hija-predilecta-de-francfort-a-sobreviviente-de-auschwitz\/","name":"Nombran hija predilecta de Fr\u00e1ncfort a sobreviviente de Auschwitz | Cand\u00e1s 365","description":"Fr\u00e1ncfort\/Berl\u00edn, 16 oct (dpa) - La sobreviviente del campo de exterminio nazi de Auschwitz Trude Simonsohn fue galardonada hoy con el t\u00edtulo de hija predilecta de la ciudad alemana de Fr\u00e1ncfort, en el oeste del pa\u00eds. El Comit\u00e9 Internacional de Auschwitz aplaudi\u00f3 la distinci\u00f3n. \"Trude Simonsohn, al igual que muchos sobrevivientes de Auschwitz, ha promovido","inLanguage":"es-ES","isPartOf":{"@id":"https:\/\/candas365.es\/noticias\/#website"},"breadcrumb":{"@id":"https:\/\/candas365.es\/noticias\/nombran-hija-predilecta-de-francfort-a-sobreviviente-de-auschwitz\/#breadcrumblist"},"author":{"@id":"https:\/\/candas365.es\/noticias\/author\/admin\/#author"},"creator":{"@id":"https:\/\/candas365.es\/noticias\/author\/admin\/#author"},"image":{"@type":"ImageObject","url":"https:\/\/candas365.es\/noticias\/wp-content\/uploads\/2015\/09\/c365noticias.jpg","@id":"https:\/\/candas365.es\/noticias\/nombran-hija-predilecta-de-francfort-a-sobreviviente-de-auschwitz\/#mainImage","width":655,"height":360},"primaryImageOfPage":{"@id":"https:\/\/candas365.es\/noticias\/nombran-hija-predilecta-de-francfort-a-sobreviviente-de-auschwitz\/#mainImage"},"datePublished":"2016-10-16T19:43:01+02:00","dateModified":"2016-10-16T19:43:01+02:00"},{"@type":"WebSite","@id":"https:\/\/candas365.es\/noticias\/#website","url":"https:\/\/candas365.es\/noticias\/","name":"Cand\u00e1s 365","alternateName":"Cand\u00e1s 365 Noticias","description":"Actualidad desde Carre\u00f1o para el mundo","inLanguage":"es-ES","publisher":{"@id":"https:\/\/candas365.es\/noticias\/#organization"}}]},"og:locale":"es_ES","og:site_name":"Cand\u00e1s 365","og:type":"article","og:title":"Nombran hija predilecta de Fr\u00e1ncfort a sobreviviente de Auschwitz | Cand\u00e1s 365","og:description":"Fr\u00e1ncfort\/Berl\u00edn, 16 oct (dpa) - La sobreviviente del campo de exterminio nazi de Auschwitz Trude Simonsohn fue galardonada hoy con el t\u00edtulo de hija predilecta de la ciudad alemana de Fr\u00e1ncfort, en el oeste del pa\u00eds. El Comit\u00e9 Internacional de Auschwitz aplaudi\u00f3 la distinci\u00f3n. &quot;Trude Simonsohn, al igual que muchos sobrevivientes de Auschwitz, ha promovido","og:url":"https:\/\/candas365.es\/noticias\/nombran-hija-predilecta-de-francfort-a-sobreviviente-de-auschwitz\/","og:image":"https:\/\/candas365.es\/noticias\/wp-content\/uploads\/2015\/09\/c365noticias.jpg","og:image:secure_url":"https:\/\/candas365.es\/noticias\/wp-content\/uploads\/2015\/09\/c365noticias.jpg","og:image:width":655,"og:image:height":360,"article:published_time":"2016-10-16T18:13:01+00:00","article:modified_time":"2016-10-16T18:13:01+00:00","article:publisher":"https:\/\/www.facebook.com\/Nachofdezber","article:author":"https:\/\/www.facebook.com\/carrenoactualidad","twitter:card":"summary_large_image","twitter:site":"@NabercoDigital","twitter:title":"Nombran hija predilecta de Fr\u00e1ncfort a sobreviviente de Auschwitz | Cand\u00e1s 365","twitter:description":"Fr\u00e1ncfort\/Berl\u00edn, 16 oct (dpa) - La sobreviviente del campo de exterminio nazi de Auschwitz Trude Simonsohn fue galardonada hoy con el t\u00edtulo de hija predilecta de la ciudad alemana de Fr\u00e1ncfort, en el oeste del pa\u00eds. El Comit\u00e9 Internacional de Auschwitz aplaudi\u00f3 la distinci\u00f3n. &quot;Trude Simonsohn, al igual que muchos sobrevivientes de Auschwitz, ha promovido","twitter:creator":"@nbasturias","twitter:image":"https:\/\/candas365.es\/noticias\/wp-content\/uploads\/2015\/09\/c365noticias.jpg","twitter:label1":"Escrito por","twitter:data1":"Cand\u00e1s 365","twitter:label2":"Tiempo de lectura estimado","twitter:data2":"1 minuto"},"aioseo_meta_data":{"post_id":"33862","title":null,"description":null,"keywords":null,"keyphrases":null,"primary_term":null,"canonical_url":null,"og_title":null,"og_description":null,"og_object_type":"default","og_image_type":"default","og_image_url":null,"og_image_width":null,"og_image_height":null,"og_image_custom_url":null,"og_image_custom_fields":null,"og_video":null,"og_custom_url":null,"og_article_section":null,"og_article_tags":null,"twitter_use_og":false,"twitter_card":"default","twitter_image_type":"default","twitter_image_url":null,"twitter_image_custom_url":null,"twitter_image_custom_fields":null,"twitter_title":null,"twitter_description":null,"schema":{"blockGraphs":[],"customGraphs":[],"default":{"data":{"Article":[],"Course":[],"Dataset":[],"FAQPage":[],"Movie":[],"Person":[],"Product":[],"ProductReview":[],"Car":[],"Recipe":[],"Service":[],"SoftwareApplication":[],"WebPage":[]},"graphName":"","isEnabled":true},"graphs":[],"defaultGraph":"","defaultPostTypeGraph":""},"schema_type":null,"schema_type_options":null,"pillar_content":false,"robots_default":true,"robots_noindex":false,"robots_noarchive":false,"robots_nosnippet":false,"robots_nofollow":false,"robots_noimageindex":false,"robots_noodp":false,"robots_notranslate":false,"robots_max_snippet":null,"robots_max_videopreview":null,"robots_max_imagepreview":"large","priority":null,"frequency":null,"location":null,"local_seo":null,"seo_analyzer_scan_date":"2025-08-24 17:05:11","breadcrumb_settings":null,"limit_modified_date":false,"reviewed_by":null,"open_ai":null,"ai":null,"created":"2020-12-21 13:07:12","updated":"2025-08-24 17:05:11"},"aioseo_breadcrumb":"<div class=\"aioseo-breadcrumbs\"><span class=\"aioseo-breadcrumb\">\n\t<a href=\"https:\/\/candas365.es\/noticias\" title=\"Home\">Home<\/a>\n<\/span><span class=\"aioseo-breadcrumb-separator\">&ndash;<\/span><span class=\"aioseo-breadcrumb\">\n\t<a href=\"https:\/\/candas365.es\/noticias\/category\/actualidad\/\" title=\"Actualidad\">Actualidad<\/a>\n<\/span><span class=\"aioseo-breadcrumb-separator\">&ndash;<\/span><span class=\"aioseo-breadcrumb\">\n\tNombran hija predilecta de Fr\u00e1ncfort a sobreviviente de Auschwitz\n<\/span><\/div>","aioseo_breadcrumb_json":[{"label":"Home","link":"https:\/\/candas365.es\/noticias"},{"label":"Actualidad","link":"https:\/\/candas365.es\/noticias\/category\/actualidad\/"},{"label":"Nombran hija predilecta de Fr\u00e1ncfort a sobreviviente de Auschwitz","link":"https:\/\/candas365.es\/noticias\/nombran-hija-predilecta-de-francfort-a-sobreviviente-de-auschwitz\/"}],"_links":{"self":[{"href":"https:\/\/candas365.es\/noticias\/wp-json\/wp\/v2\/posts\/33862","targetHints":{"allow":["GET"]}}],"collection":[{"href":"https:\/\/candas365.es\/noticias\/wp-json\/wp\/v2\/posts"}],"about":[{"href":"https:\/\/candas365.es\/noticias\/wp-json\/wp\/v2\/types\/post"}],"author":[{"embeddable":true,"href":"https:\/\/candas365.es\/noticias\/wp-json\/wp\/v2\/users\/1"}],"replies":[{"embeddable":true,"href":"https:\/\/candas365.es\/noticias\/wp-json\/wp\/v2\/comments?post=33862"}],"version-history":[{"count":0,"href":"https:\/\/candas365.es\/noticias\/wp-json\/wp\/v2\/posts\/33862\/revisions"}],"wp:featuredmedia":[{"embeddable":true,"href":"https:\/\/candas365.es\/noticias\/wp-json\/wp\/v2\/media\/16457"}],"wp:attachment":[{"href":"https:\/\/candas365.es\/noticias\/wp-json\/wp\/v2\/media?parent=33862"}],"wp:term":[{"taxonomy":"category","embeddable":true,"href":"https:\/\/candas365.es\/noticias\/wp-json\/wp\/v2\/categories?post=33862"},{"taxonomy":"post_tag","embeddable":true,"href":"https:\/\/candas365.es\/noticias\/wp-json\/wp\/v2\/tags?post=33862"}],"curies":[{"name":"wp","href":"https:\/\/api.w.org\/{rel}","templated":true}]}}