{"id":33860,"date":"2016-10-16T19:42:22","date_gmt":"2016-10-16T18:12:22","guid":{"rendered":"http:\/\/candas365.es\/noticias\/?p=33860"},"modified":"2016-10-16T19:42:22","modified_gmt":"2016-10-16T18:12:22","slug":"de-refugiado-a-goleador-en-el-bremen-la-historia-de-ousman-manneh","status":"publish","type":"post","link":"https:\/\/candas365.es\/noticias\/de-refugiado-a-goleador-en-el-bremen-la-historia-de-ousman-manneh\/","title":{"rendered":"De refugiado a goleador en el Bremen: la historia de Ousman Manneh"},"content":{"rendered":"<p>Bremen (Alemania), 16 oct (dpa) &#8211; Dos a\u00f1os despu\u00e9s de llegar a Alemania como refugiado, Ousman Manneh ha hecho historia en la Bundesliga de f\u00fatbol. El joven de 19 a\u00f1os se convirti\u00f3 el s\u00e1bado en el primer gambiano que marca un gol en la Liga alemana al anotar para el Werder Bremen en el duelo ante el Bayer Leverkusen. <\/p>\n<p>La historia de Manneh suena a cuento de hadas. Es un rayo de esperanza en la complicada crisis de refugiados. Ha pasado de ser un adolescente que lleg\u00f3 al pa\u00eds europeo huyendo de Gambia a ser un golpe de suerte para el Werder Bremen. <\/p>\n<p>\u00ab\u00bfEst\u00e1 pasando de verdad? \u00bfHe marcado un gol? Mi mayor sue\u00f1o se ha hecho realidad\u00bb, coment\u00f3 el art\u00edfice del tanto que dio la victoria a su equipo ante el Leverkusen (2-1). <\/p>\n<p>El nuevo entrenador del Bremen, Alexander Nouri, decidi\u00f3 sacarlo de la tercera divisi\u00f3n para contar con \u00e9l en su equipo y Manneh no le defraud\u00f3 al anotar su primer gol en su cuarto partido de liga. El primer tanto de un gambiano. \u00abNo s\u00e9 si s\u00f3lo lo he so\u00f1ado\u00bb, coment\u00f3 el delantero.<\/p>\n<p>En su casa en \u00c1frica su madre esperaba las novedades. \u00abHablo cada d\u00eda con ella. Est\u00e1 muy orgullosa, aunque no entiende nada de f\u00fatbol\u00bb, indic\u00f3 el joven futbolista que despu\u00e9s de dos a\u00f1os sigue estando solo en un pa\u00eds que para \u00e9l era totalmente ajeno. <\/p>\n<p>Consigui\u00f3 llegar a Alemania en 2014 con gran esfuerzo. Sin embargo, prefiere no hablar sobre ello. \u00abNo quiero que me pregunten continuamente sobre ello porque eso provoca que me acuerde de lo que pas\u00f3 y entonces vuelve a salir todo a la superficie\u00bb, coment\u00f3 en una ocasi\u00f3n sobre su huida del pa\u00eds. <\/p>\n<p>Manneh tuvo suerte dentro de la mala suerte. El entonces joven de 17 a\u00f1os acogido en un centro de refugiados en Bremen comenz\u00f3 a darse a conocer en el verano boreal de 2014 en las canchas de la regi\u00f3n del norte de Alemania. \u00abDesde que era peque\u00f1o siempre quise s\u00f3lo jugar al f\u00fatbol. Tambi\u00e9n cuando llegu\u00e9 a Bremen\u00bb, record\u00f3. <\/p>\n<p>Su extraordinario talento fue reconocido. En primer lugar por el Blumenthaler SV, que le permiti\u00f3 jugar en la liga regional juvenil A. En un torneo de pretemporada Manneh marc\u00f3 cinco goles ante el SV Meppen. \u00abOusman se escapaba f\u00e1cilmente del rival. No era normal\u00bb, coment\u00f3 su entrenador de entonces, Fabrizio Muzzicato, al diario \u00abSyker Kreiszeitung\u00bb. Muzzicato tuvo claro enseguida que no estar\u00eda mucho tiempo con ellos. <\/p>\n<p>Tras 15 goles en once partidos Hamburgo, St.Pauli, Schalke y Werder Bremen se afanaron en hacerse con la joya. La lucha la acab\u00f3 ganando el Bremen en marzo de 2015, ya que Manneh se sent\u00eda a gusto en la ciudad norte\u00f1a. \u00abBremen se ha convertido en mi segunda casa. Aqu\u00ed he hecho amigos, que me pueden ayudar. \u00bfPor qu\u00e9 deber\u00eda irme?\u00bb, se\u00f1al\u00f3 el jugador. <\/p>\n<p>En la reserva del Werder Manneh tuvo la suerte de encontrar en el entrenador Nouri a un promotor. Cuando Nouri se convirti\u00f3 en entrenador interino del primer equipo tras la salida de Viktor Skripniks, se llev\u00f3 a Manneh con \u00e9l. Las lesiones de Claudio Pizarro y Max Kruse hicieron el resto. Ahora, tras el nombramiento oficial de Nouri como entrenador jefe del Bremen es impensable un equipo sin Manneh. <\/p>\n<p>\u00abS\u00f3lo soy su entrenador\u00bb, opin\u00f3 Nouri. Pero Manneh lo ve diferente: \u00abSignifica mucho para m\u00ed. El hecho de que est\u00e9 aqu\u00ed s\u00f3lo se lo puedo agradecer a \u00e9l. Siempre me pregunto c\u00f3mo es esto posible. Estoy muy contento de que el entrenador me diera la oportunidad\u00bb. <\/p>\n<p>Frases como esta dejan patente la gran modestia del nuevo h\u00e9roe del Bremen, muy querido entre sus compa\u00f1eros de vestuario. \u00abEs un buen chico\u00bb, opin\u00f3 el capit\u00e1n del equipo, Clemens Fritz. \u00abEs abierto y pregunta mucho\u00bb, indic\u00f3. \u00abNos proporcionar\u00e1 a\u00fan muchas alegr\u00edas\u00bb, agreg\u00f3. <\/p>\n<p>Su contrato en Bremen se extiende hasta el 2018. Al menos, hasta ese momento est\u00e1 asegurada su estancia en Alemania. S\u00f3lo le gustar\u00eda poder tener a su lado a su madre y su hermana.<\/p>\n<p>Por Carsten Lappe <\/p>\n","protected":false},"excerpt":{"rendered":"<p>Bremen (Alemania), 16 oct (dpa) &#8211; Dos a\u00f1os despu\u00e9s de llegar a Alemania como refugiado, Ousman Manneh ha hecho historia en la Bundesliga de f\u00fatbol. El joven de 19 a\u00f1os se convirti\u00f3 el s\u00e1bado en el primer gambiano que marca un gol en la Liga alemana al anotar para el Werder Bremen en el duelo<\/p>\n","protected":false},"author":1,"featured_media":16457,"comment_status":"closed","ping_status":"closed","sticky":false,"template":"","format":"standard","meta":{"footnotes":""},"categories":[343],"tags":[],"class_list":{"0":"post-33860","1":"post","2":"type-post","3":"status-publish","4":"format-standard","5":"has-post-thumbnail","7":"category-actualidad"},"aioseo_notices":[],"aioseo_head":"\n\t\t<!-- All in One SEO Pro 4.9.6.2 - aioseo.com -->\n\t<meta name=\"description\" content=\"Bremen (Alemania), 16 oct (dpa) - Dos a\u00f1os despu\u00e9s de llegar a Alemania como refugiado, Ousman Manneh ha hecho historia en la Bundesliga de f\u00fatbol. El joven de 19 a\u00f1os se convirti\u00f3 el s\u00e1bado en el primer gambiano que marca un gol en la Liga alemana al anotar para el Werder Bremen en el duelo\" \/>\n\t<meta name=\"robots\" content=\"max-image-preview:large\" \/>\n\t<meta name=\"author\" content=\"Cand\u00e1s 365\"\/>\n\t<meta name=\"google-site-verification\" content=\"UA-32230408-1\" \/>\n\t<meta name=\"msvalidate.01\" content=\"354F3CDFB2DA171B47FBE9ABF1F88D5\" \/>\n\t<meta name=\"keywords\" content=\"actualidad\" \/>\n\t<link rel=\"canonical\" href=\"https:\/\/candas365.es\/noticias\/de-refugiado-a-goleador-en-el-bremen-la-historia-de-ousman-manneh\/\" \/>\n\t<meta name=\"generator\" content=\"All in One SEO Pro (AIOSEO) 4.9.6.2\" \/>\n\t\t<meta property=\"og:locale\" content=\"es_ES\" \/>\n\t\t<meta property=\"og:site_name\" content=\"Cand\u00e1s 365\" \/>\n\t\t<meta property=\"og:type\" content=\"article\" \/>\n\t\t<meta property=\"og:title\" content=\"De refugiado a goleador en el Bremen: la historia de Ousman Manneh | Cand\u00e1s 365\" \/>\n\t\t<meta property=\"og:description\" content=\"Bremen (Alemania), 16 oct (dpa) - Dos a\u00f1os despu\u00e9s de llegar a Alemania como refugiado, Ousman Manneh ha hecho historia en la Bundesliga de f\u00fatbol. El joven de 19 a\u00f1os se convirti\u00f3 el s\u00e1bado en el primer gambiano que marca un gol en la Liga alemana al anotar para el Werder Bremen en el duelo\" \/>\n\t\t<meta property=\"og:url\" content=\"https:\/\/candas365.es\/noticias\/de-refugiado-a-goleador-en-el-bremen-la-historia-de-ousman-manneh\/\" \/>\n\t\t<meta property=\"og:image\" content=\"https:\/\/candas365.es\/noticias\/wp-content\/uploads\/2015\/09\/c365noticias.jpg\" \/>\n\t\t<meta property=\"og:image:secure_url\" content=\"https:\/\/candas365.es\/noticias\/wp-content\/uploads\/2015\/09\/c365noticias.jpg\" \/>\n\t\t<meta property=\"og:image:width\" content=\"655\" \/>\n\t\t<meta property=\"og:image:height\" content=\"360\" \/>\n\t\t<meta property=\"article:published_time\" content=\"2016-10-16T18:12:22+00:00\" \/>\n\t\t<meta property=\"article:modified_time\" content=\"2016-10-16T18:12:22+00:00\" \/>\n\t\t<meta property=\"article:publisher\" content=\"https:\/\/www.facebook.com\/Nachofdezber\" \/>\n\t\t<meta property=\"article:author\" content=\"https:\/\/www.facebook.com\/carrenoactualidad\" \/>\n\t\t<meta name=\"twitter:card\" content=\"summary_large_image\" \/>\n\t\t<meta name=\"twitter:site\" content=\"@NabercoDigital\" \/>\n\t\t<meta name=\"twitter:title\" content=\"De refugiado a goleador en el Bremen: la historia de Ousman Manneh | Cand\u00e1s 365\" \/>\n\t\t<meta name=\"twitter:description\" content=\"Bremen (Alemania), 16 oct (dpa) - Dos a\u00f1os despu\u00e9s de llegar a Alemania como refugiado, Ousman Manneh ha hecho historia en la Bundesliga de f\u00fatbol. El joven de 19 a\u00f1os se convirti\u00f3 el s\u00e1bado en el primer gambiano que marca un gol en la Liga alemana al anotar para el Werder Bremen en el duelo\" \/>\n\t\t<meta name=\"twitter:creator\" content=\"@nbasturias\" \/>\n\t\t<meta name=\"twitter:image\" content=\"https:\/\/candas365.es\/noticias\/wp-content\/uploads\/2015\/09\/c365noticias.jpg\" \/>\n\t\t<meta name=\"twitter:label1\" content=\"Escrito por\" \/>\n\t\t<meta name=\"twitter:data1\" content=\"Cand\u00e1s 365\" \/>\n\t\t<meta name=\"twitter:label2\" content=\"Tiempo de lectura estimado\" \/>\n\t\t<meta name=\"twitter:data2\" content=\"4 minutos\" \/>\n\t\t<script type=\"application\/ld+json\" class=\"aioseo-schema\">\n\t\t\t{\"@context\":\"https:\\\/\\\/schema.org\",\"@graph\":[{\"@type\":\"BreadcrumbList\",\"@id\":\"https:\\\/\\\/candas365.es\\\/noticias\\\/de-refugiado-a-goleador-en-el-bremen-la-historia-de-ousman-manneh\\\/#breadcrumblist\",\"itemListElement\":[{\"@type\":\"ListItem\",\"@id\":\"https:\\\/\\\/candas365.es\\\/noticias#listItem\",\"position\":1,\"name\":\"Home\",\"item\":\"https:\\\/\\\/candas365.es\\\/noticias\",\"nextItem\":{\"@type\":\"ListItem\",\"@id\":\"https:\\\/\\\/candas365.es\\\/noticias\\\/category\\\/actualidad\\\/#listItem\",\"name\":\"Actualidad\"}},{\"@type\":\"ListItem\",\"@id\":\"https:\\\/\\\/candas365.es\\\/noticias\\\/category\\\/actualidad\\\/#listItem\",\"position\":2,\"name\":\"Actualidad\",\"item\":\"https:\\\/\\\/candas365.es\\\/noticias\\\/category\\\/actualidad\\\/\",\"nextItem\":{\"@type\":\"ListItem\",\"@id\":\"https:\\\/\\\/candas365.es\\\/noticias\\\/de-refugiado-a-goleador-en-el-bremen-la-historia-de-ousman-manneh\\\/#listItem\",\"name\":\"De refugiado a goleador en el Bremen: la historia de Ousman Manneh\"},\"previousItem\":{\"@type\":\"ListItem\",\"@id\":\"https:\\\/\\\/candas365.es\\\/noticias#listItem\",\"name\":\"Home\"}},{\"@type\":\"ListItem\",\"@id\":\"https:\\\/\\\/candas365.es\\\/noticias\\\/de-refugiado-a-goleador-en-el-bremen-la-historia-de-ousman-manneh\\\/#listItem\",\"position\":3,\"name\":\"De refugiado a goleador en el Bremen: la historia de Ousman Manneh\",\"previousItem\":{\"@type\":\"ListItem\",\"@id\":\"https:\\\/\\\/candas365.es\\\/noticias\\\/category\\\/actualidad\\\/#listItem\",\"name\":\"Actualidad\"}}]},{\"@type\":\"NewsArticle\",\"@id\":\"https:\\\/\\\/candas365.es\\\/noticias\\\/de-refugiado-a-goleador-en-el-bremen-la-historia-de-ousman-manneh\\\/#newsarticle\",\"name\":\"De refugiado a goleador en el Bremen: la historia de Ousman Manneh | Cand\\u00e1s 365\",\"headline\":\"De refugiado a goleador en el Bremen: la historia de Ousman Manneh\",\"author\":{\"@id\":\"https:\\\/\\\/candas365.es\\\/noticias\\\/author\\\/admin\\\/#author\"},\"publisher\":{\"@id\":\"https:\\\/\\\/candas365.es\\\/noticias\\\/#organization\"},\"image\":{\"@type\":\"ImageObject\",\"url\":\"https:\\\/\\\/candas365.es\\\/noticias\\\/wp-content\\\/uploads\\\/2015\\\/09\\\/c365noticias.jpg\",\"width\":655,\"height\":360},\"datePublished\":\"2016-10-16T19:42:22+02:00\",\"dateModified\":\"2016-10-16T19:42:22+02:00\",\"inLanguage\":\"es-ES\",\"mainEntityOfPage\":{\"@id\":\"https:\\\/\\\/candas365.es\\\/noticias\\\/de-refugiado-a-goleador-en-el-bremen-la-historia-de-ousman-manneh\\\/#webpage\"},\"isPartOf\":{\"@id\":\"https:\\\/\\\/candas365.es\\\/noticias\\\/de-refugiado-a-goleador-en-el-bremen-la-historia-de-ousman-manneh\\\/#webpage\"},\"articleSection\":\"Actualidad\",\"dateline\":\"Publicado el octubre 16, 2016.\"},{\"@type\":\"Organization\",\"@id\":\"https:\\\/\\\/candas365.es\\\/noticias\\\/#organization\",\"name\":\"Cand\\u00e1s 365\",\"description\":\"Cand\\u00e1s 365 es un diario digital independiente, fundado en 2012, con base en Asturias. Informamos con rigor sobre actualidad, sociedad, cultura y ocio, con una mirada local y global.\",\"url\":\"https:\\\/\\\/candas365.es\\\/noticias\\\/\",\"email\":\"info@candas365.es\",\"telephone\":\"+34652131393\",\"foundingDate\":\"2012-06-10\",\"logo\":{\"@type\":\"ImageObject\",\"url\":\"https:\\\/\\\/candas365.es\\\/noticias\\\/wp-content\\\/uploads\\\/2024\\\/09\\\/Candas-365-Redes.jpg\",\"@id\":\"https:\\\/\\\/candas365.es\\\/noticias\\\/de-refugiado-a-goleador-en-el-bremen-la-historia-de-ousman-manneh\\\/#organizationLogo\",\"width\":1152,\"height\":864,\"caption\":\"Cand\\u00e1s 365 Redes\"},\"image\":{\"@id\":\"https:\\\/\\\/candas365.es\\\/noticias\\\/de-refugiado-a-goleador-en-el-bremen-la-historia-de-ousman-manneh\\\/#organizationLogo\"},\"sameAs\":[\"https:\\\/\\\/www.facebook.com\\\/Nachofdezber\",\"https:\\\/\\\/x.com\\\/NabercoDigital\",\"https:\\\/\\\/www.instagram.com\\\/nachofdezber\\\/\",\"https:\\\/\\\/www.youtube.com\\\/channel\\\/UCZP-2wLEB9Rv6erhFmqVnvg\"],\"address\":{\"@id\":\"https:\\\/\\\/candas365.es\\\/noticias\\\/#postaladdress\",\"@type\":\"PostalAddress\",\"streetAddress\":\"san antonio 4, san antonio 4\",\"postalCode\":\"33430\",\"addressLocality\":\"Cand\\u00e1s\",\"addressRegion\":\"Asturias\",\"addressCountry\":\"ES\"}},{\"@type\":\"Person\",\"@id\":\"https:\\\/\\\/candas365.es\\\/noticias\\\/author\\\/admin\\\/#author\",\"url\":\"https:\\\/\\\/candas365.es\\\/noticias\\\/author\\\/admin\\\/\",\"name\":\"Cand\\u00e1s 365\",\"image\":{\"@type\":\"ImageObject\",\"@id\":\"https:\\\/\\\/candas365.es\\\/noticias\\\/de-refugiado-a-goleador-en-el-bremen-la-historia-de-ousman-manneh\\\/#authorImage\",\"url\":\"https:\\\/\\\/secure.gravatar.com\\\/avatar\\\/496a8e03d0c493ede1718b7934145dbdf8d89be1036b0eec9544e1094c9de390?s=96&d=mm&r=g\",\"width\":96,\"height\":96,\"caption\":\"Cand\\u00e1s 365\"},\"sameAs\":[\"https:\\\/\\\/www.facebook.com\\\/carrenoactualidad\",\"https:\\\/\\\/twitter.com\\\/nbasturias\",\"https:\\\/\\\/www.instagram.com\\\/nachofdezber\\\/\",\"https:\\\/\\\/www.youtube.com\\\/channel\\\/UCZP-2wLEB9Rv6erhFmqVnvg\"]},{\"@type\":\"WebPage\",\"@id\":\"https:\\\/\\\/candas365.es\\\/noticias\\\/de-refugiado-a-goleador-en-el-bremen-la-historia-de-ousman-manneh\\\/#webpage\",\"url\":\"https:\\\/\\\/candas365.es\\\/noticias\\\/de-refugiado-a-goleador-en-el-bremen-la-historia-de-ousman-manneh\\\/\",\"name\":\"De refugiado a goleador en el Bremen: la historia de Ousman Manneh | Cand\\u00e1s 365\",\"description\":\"Bremen (Alemania), 16 oct (dpa) - Dos a\\u00f1os despu\\u00e9s de llegar a Alemania como refugiado, Ousman Manneh ha hecho historia en la Bundesliga de f\\u00fatbol. El joven de 19 a\\u00f1os se convirti\\u00f3 el s\\u00e1bado en el primer gambiano que marca un gol en la Liga alemana al anotar para el Werder Bremen en el duelo\",\"inLanguage\":\"es-ES\",\"isPartOf\":{\"@id\":\"https:\\\/\\\/candas365.es\\\/noticias\\\/#website\"},\"breadcrumb\":{\"@id\":\"https:\\\/\\\/candas365.es\\\/noticias\\\/de-refugiado-a-goleador-en-el-bremen-la-historia-de-ousman-manneh\\\/#breadcrumblist\"},\"author\":{\"@id\":\"https:\\\/\\\/candas365.es\\\/noticias\\\/author\\\/admin\\\/#author\"},\"creator\":{\"@id\":\"https:\\\/\\\/candas365.es\\\/noticias\\\/author\\\/admin\\\/#author\"},\"image\":{\"@type\":\"ImageObject\",\"url\":\"https:\\\/\\\/candas365.es\\\/noticias\\\/wp-content\\\/uploads\\\/2015\\\/09\\\/c365noticias.jpg\",\"@id\":\"https:\\\/\\\/candas365.es\\\/noticias\\\/de-refugiado-a-goleador-en-el-bremen-la-historia-de-ousman-manneh\\\/#mainImage\",\"width\":655,\"height\":360},\"primaryImageOfPage\":{\"@id\":\"https:\\\/\\\/candas365.es\\\/noticias\\\/de-refugiado-a-goleador-en-el-bremen-la-historia-de-ousman-manneh\\\/#mainImage\"},\"datePublished\":\"2016-10-16T19:42:22+02:00\",\"dateModified\":\"2016-10-16T19:42:22+02:00\"},{\"@type\":\"WebSite\",\"@id\":\"https:\\\/\\\/candas365.es\\\/noticias\\\/#website\",\"url\":\"https:\\\/\\\/candas365.es\\\/noticias\\\/\",\"name\":\"Cand\\u00e1s 365\",\"alternateName\":\"Cand\\u00e1s 365 Noticias\",\"description\":\"Actualidad desde Carre\\u00f1o para el mundo\",\"inLanguage\":\"es-ES\",\"publisher\":{\"@id\":\"https:\\\/\\\/candas365.es\\\/noticias\\\/#organization\"}}]}\n\t\t<\/script>\n\t\t<!-- All in One SEO Pro -->\r\n\t\t<title>De refugiado a goleador en el Bremen: la historia de Ousman Manneh | Cand\u00e1s 365<\/title>\n\n","aioseo_head_json":{"title":"De refugiado a goleador en el Bremen: la historia de Ousman Manneh | Cand\u00e1s 365","description":"Bremen (Alemania), 16 oct (dpa) - Dos a\u00f1os despu\u00e9s de llegar a Alemania como refugiado, Ousman Manneh ha hecho historia en la Bundesliga de f\u00fatbol. El joven de 19 a\u00f1os se convirti\u00f3 el s\u00e1bado en el primer gambiano que marca un gol en la Liga alemana al anotar para el Werder Bremen en el duelo","canonical_url":"https:\/\/candas365.es\/noticias\/de-refugiado-a-goleador-en-el-bremen-la-historia-de-ousman-manneh\/","robots":"max-image-preview:large","keywords":"actualidad","webmasterTools":{"google-site-verification":"UA-32230408-1","msvalidate.01":"354F3CDFB2DA171B47FBE9ABF1F88D5","miscellaneous":""},"schema":{"@context":"https:\/\/schema.org","@graph":[{"@type":"BreadcrumbList","@id":"https:\/\/candas365.es\/noticias\/de-refugiado-a-goleador-en-el-bremen-la-historia-de-ousman-manneh\/#breadcrumblist","itemListElement":[{"@type":"ListItem","@id":"https:\/\/candas365.es\/noticias#listItem","position":1,"name":"Home","item":"https:\/\/candas365.es\/noticias","nextItem":{"@type":"ListItem","@id":"https:\/\/candas365.es\/noticias\/category\/actualidad\/#listItem","name":"Actualidad"}},{"@type":"ListItem","@id":"https:\/\/candas365.es\/noticias\/category\/actualidad\/#listItem","position":2,"name":"Actualidad","item":"https:\/\/candas365.es\/noticias\/category\/actualidad\/","nextItem":{"@type":"ListItem","@id":"https:\/\/candas365.es\/noticias\/de-refugiado-a-goleador-en-el-bremen-la-historia-de-ousman-manneh\/#listItem","name":"De refugiado a goleador en el Bremen: la historia de Ousman Manneh"},"previousItem":{"@type":"ListItem","@id":"https:\/\/candas365.es\/noticias#listItem","name":"Home"}},{"@type":"ListItem","@id":"https:\/\/candas365.es\/noticias\/de-refugiado-a-goleador-en-el-bremen-la-historia-de-ousman-manneh\/#listItem","position":3,"name":"De refugiado a goleador en el Bremen: la historia de Ousman Manneh","previousItem":{"@type":"ListItem","@id":"https:\/\/candas365.es\/noticias\/category\/actualidad\/#listItem","name":"Actualidad"}}]},{"@type":"NewsArticle","@id":"https:\/\/candas365.es\/noticias\/de-refugiado-a-goleador-en-el-bremen-la-historia-de-ousman-manneh\/#newsarticle","name":"De refugiado a goleador en el Bremen: la historia de Ousman Manneh | Cand\u00e1s 365","headline":"De refugiado a goleador en el Bremen: la historia de Ousman Manneh","author":{"@id":"https:\/\/candas365.es\/noticias\/author\/admin\/#author"},"publisher":{"@id":"https:\/\/candas365.es\/noticias\/#organization"},"image":{"@type":"ImageObject","url":"https:\/\/candas365.es\/noticias\/wp-content\/uploads\/2015\/09\/c365noticias.jpg","width":655,"height":360},"datePublished":"2016-10-16T19:42:22+02:00","dateModified":"2016-10-16T19:42:22+02:00","inLanguage":"es-ES","mainEntityOfPage":{"@id":"https:\/\/candas365.es\/noticias\/de-refugiado-a-goleador-en-el-bremen-la-historia-de-ousman-manneh\/#webpage"},"isPartOf":{"@id":"https:\/\/candas365.es\/noticias\/de-refugiado-a-goleador-en-el-bremen-la-historia-de-ousman-manneh\/#webpage"},"articleSection":"Actualidad","dateline":"Publicado el octubre 16, 2016."},{"@type":"Organization","@id":"https:\/\/candas365.es\/noticias\/#organization","name":"Cand\u00e1s 365","description":"Cand\u00e1s 365 es un diario digital independiente, fundado en 2012, con base en Asturias. Informamos con rigor sobre actualidad, sociedad, cultura y ocio, con una mirada local y global.","url":"https:\/\/candas365.es\/noticias\/","email":"info@candas365.es","telephone":"+34652131393","foundingDate":"2012-06-10","logo":{"@type":"ImageObject","url":"https:\/\/candas365.es\/noticias\/wp-content\/uploads\/2024\/09\/Candas-365-Redes.jpg","@id":"https:\/\/candas365.es\/noticias\/de-refugiado-a-goleador-en-el-bremen-la-historia-de-ousman-manneh\/#organizationLogo","width":1152,"height":864,"caption":"Cand\u00e1s 365 Redes"},"image":{"@id":"https:\/\/candas365.es\/noticias\/de-refugiado-a-goleador-en-el-bremen-la-historia-de-ousman-manneh\/#organizationLogo"},"sameAs":["https:\/\/www.facebook.com\/Nachofdezber","https:\/\/x.com\/NabercoDigital","https:\/\/www.instagram.com\/nachofdezber\/","https:\/\/www.youtube.com\/channel\/UCZP-2wLEB9Rv6erhFmqVnvg"],"address":{"@id":"https:\/\/candas365.es\/noticias\/#postaladdress","@type":"PostalAddress","streetAddress":"san antonio 4, san antonio 4","postalCode":"33430","addressLocality":"Cand\u00e1s","addressRegion":"Asturias","addressCountry":"ES"}},{"@type":"Person","@id":"https:\/\/candas365.es\/noticias\/author\/admin\/#author","url":"https:\/\/candas365.es\/noticias\/author\/admin\/","name":"Cand\u00e1s 365","image":{"@type":"ImageObject","@id":"https:\/\/candas365.es\/noticias\/de-refugiado-a-goleador-en-el-bremen-la-historia-de-ousman-manneh\/#authorImage","url":"https:\/\/secure.gravatar.com\/avatar\/496a8e03d0c493ede1718b7934145dbdf8d89be1036b0eec9544e1094c9de390?s=96&d=mm&r=g","width":96,"height":96,"caption":"Cand\u00e1s 365"},"sameAs":["https:\/\/www.facebook.com\/carrenoactualidad","https:\/\/twitter.com\/nbasturias","https:\/\/www.instagram.com\/nachofdezber\/","https:\/\/www.youtube.com\/channel\/UCZP-2wLEB9Rv6erhFmqVnvg"]},{"@type":"WebPage","@id":"https:\/\/candas365.es\/noticias\/de-refugiado-a-goleador-en-el-bremen-la-historia-de-ousman-manneh\/#webpage","url":"https:\/\/candas365.es\/noticias\/de-refugiado-a-goleador-en-el-bremen-la-historia-de-ousman-manneh\/","name":"De refugiado a goleador en el Bremen: la historia de Ousman Manneh | Cand\u00e1s 365","description":"Bremen (Alemania), 16 oct (dpa) - Dos a\u00f1os despu\u00e9s de llegar a Alemania como refugiado, Ousman Manneh ha hecho historia en la Bundesliga de f\u00fatbol. El joven de 19 a\u00f1os se convirti\u00f3 el s\u00e1bado en el primer gambiano que marca un gol en la Liga alemana al anotar para el Werder Bremen en el duelo","inLanguage":"es-ES","isPartOf":{"@id":"https:\/\/candas365.es\/noticias\/#website"},"breadcrumb":{"@id":"https:\/\/candas365.es\/noticias\/de-refugiado-a-goleador-en-el-bremen-la-historia-de-ousman-manneh\/#breadcrumblist"},"author":{"@id":"https:\/\/candas365.es\/noticias\/author\/admin\/#author"},"creator":{"@id":"https:\/\/candas365.es\/noticias\/author\/admin\/#author"},"image":{"@type":"ImageObject","url":"https:\/\/candas365.es\/noticias\/wp-content\/uploads\/2015\/09\/c365noticias.jpg","@id":"https:\/\/candas365.es\/noticias\/de-refugiado-a-goleador-en-el-bremen-la-historia-de-ousman-manneh\/#mainImage","width":655,"height":360},"primaryImageOfPage":{"@id":"https:\/\/candas365.es\/noticias\/de-refugiado-a-goleador-en-el-bremen-la-historia-de-ousman-manneh\/#mainImage"},"datePublished":"2016-10-16T19:42:22+02:00","dateModified":"2016-10-16T19:42:22+02:00"},{"@type":"WebSite","@id":"https:\/\/candas365.es\/noticias\/#website","url":"https:\/\/candas365.es\/noticias\/","name":"Cand\u00e1s 365","alternateName":"Cand\u00e1s 365 Noticias","description":"Actualidad desde Carre\u00f1o para el mundo","inLanguage":"es-ES","publisher":{"@id":"https:\/\/candas365.es\/noticias\/#organization"}}]},"og:locale":"es_ES","og:site_name":"Cand\u00e1s 365","og:type":"article","og:title":"De refugiado a goleador en el Bremen: la historia de Ousman Manneh | Cand\u00e1s 365","og:description":"Bremen (Alemania), 16 oct (dpa) - Dos a\u00f1os despu\u00e9s de llegar a Alemania como refugiado, Ousman Manneh ha hecho historia en la Bundesliga de f\u00fatbol. El joven de 19 a\u00f1os se convirti\u00f3 el s\u00e1bado en el primer gambiano que marca un gol en la Liga alemana al anotar para el Werder Bremen en el duelo","og:url":"https:\/\/candas365.es\/noticias\/de-refugiado-a-goleador-en-el-bremen-la-historia-de-ousman-manneh\/","og:image":"https:\/\/candas365.es\/noticias\/wp-content\/uploads\/2015\/09\/c365noticias.jpg","og:image:secure_url":"https:\/\/candas365.es\/noticias\/wp-content\/uploads\/2015\/09\/c365noticias.jpg","og:image:width":655,"og:image:height":360,"article:published_time":"2016-10-16T18:12:22+00:00","article:modified_time":"2016-10-16T18:12:22+00:00","article:publisher":"https:\/\/www.facebook.com\/Nachofdezber","article:author":"https:\/\/www.facebook.com\/carrenoactualidad","twitter:card":"summary_large_image","twitter:site":"@NabercoDigital","twitter:title":"De refugiado a goleador en el Bremen: la historia de Ousman Manneh | Cand\u00e1s 365","twitter:description":"Bremen (Alemania), 16 oct (dpa) - Dos a\u00f1os despu\u00e9s de llegar a Alemania como refugiado, Ousman Manneh ha hecho historia en la Bundesliga de f\u00fatbol. El joven de 19 a\u00f1os se convirti\u00f3 el s\u00e1bado en el primer gambiano que marca un gol en la Liga alemana al anotar para el Werder Bremen en el duelo","twitter:creator":"@nbasturias","twitter:image":"https:\/\/candas365.es\/noticias\/wp-content\/uploads\/2015\/09\/c365noticias.jpg","twitter:label1":"Escrito por","twitter:data1":"Cand\u00e1s 365","twitter:label2":"Tiempo de lectura estimado","twitter:data2":"4 minutos"},"aioseo_meta_data":{"post_id":"33860","title":null,"description":null,"keywords":null,"keyphrases":null,"primary_term":null,"canonical_url":null,"og_title":null,"og_description":null,"og_object_type":"default","og_image_type":"default","og_image_url":null,"og_image_width":null,"og_image_height":null,"og_image_custom_url":null,"og_image_custom_fields":null,"og_video":null,"og_custom_url":null,"og_article_section":null,"og_article_tags":null,"twitter_use_og":false,"twitter_card":"default","twitter_image_type":"default","twitter_image_url":null,"twitter_image_custom_url":null,"twitter_image_custom_fields":null,"twitter_title":null,"twitter_description":null,"schema":{"blockGraphs":[],"customGraphs":[],"default":{"data":{"Article":[],"Course":[],"Dataset":[],"FAQPage":[],"Movie":[],"Person":[],"Product":[],"ProductReview":[],"Car":[],"Recipe":[],"Service":[],"SoftwareApplication":[],"WebPage":[]},"graphName":"","isEnabled":true},"graphs":[],"defaultGraph":"","defaultPostTypeGraph":""},"schema_type":null,"schema_type_options":null,"pillar_content":false,"robots_default":true,"robots_noindex":false,"robots_noarchive":false,"robots_nosnippet":false,"robots_nofollow":false,"robots_noimageindex":false,"robots_noodp":false,"robots_notranslate":false,"robots_max_snippet":null,"robots_max_videopreview":null,"robots_max_imagepreview":"large","priority":null,"frequency":null,"location":null,"local_seo":null,"seo_analyzer_scan_date":"2025-08-24 17:05:10","breadcrumb_settings":null,"limit_modified_date":false,"reviewed_by":null,"open_ai":null,"ai":null,"created":"2020-12-21 13:07:12","updated":"2025-08-24 17:05:10"},"aioseo_breadcrumb":"<div class=\"aioseo-breadcrumbs\"><span class=\"aioseo-breadcrumb\">\n\t<a href=\"https:\/\/candas365.es\/noticias\" title=\"Home\">Home<\/a>\n<\/span><span class=\"aioseo-breadcrumb-separator\">&ndash;<\/span><span class=\"aioseo-breadcrumb\">\n\t<a href=\"https:\/\/candas365.es\/noticias\/category\/actualidad\/\" title=\"Actualidad\">Actualidad<\/a>\n<\/span><span class=\"aioseo-breadcrumb-separator\">&ndash;<\/span><span class=\"aioseo-breadcrumb\">\n\tDe refugiado a goleador en el Bremen: la historia de Ousman Manneh\n<\/span><\/div>","aioseo_breadcrumb_json":[{"label":"Home","link":"https:\/\/candas365.es\/noticias"},{"label":"Actualidad","link":"https:\/\/candas365.es\/noticias\/category\/actualidad\/"},{"label":"De refugiado a goleador en el Bremen: la historia de Ousman Manneh","link":"https:\/\/candas365.es\/noticias\/de-refugiado-a-goleador-en-el-bremen-la-historia-de-ousman-manneh\/"}],"_links":{"self":[{"href":"https:\/\/candas365.es\/noticias\/wp-json\/wp\/v2\/posts\/33860","targetHints":{"allow":["GET"]}}],"collection":[{"href":"https:\/\/candas365.es\/noticias\/wp-json\/wp\/v2\/posts"}],"about":[{"href":"https:\/\/candas365.es\/noticias\/wp-json\/wp\/v2\/types\/post"}],"author":[{"embeddable":true,"href":"https:\/\/candas365.es\/noticias\/wp-json\/wp\/v2\/users\/1"}],"replies":[{"embeddable":true,"href":"https:\/\/candas365.es\/noticias\/wp-json\/wp\/v2\/comments?post=33860"}],"version-history":[{"count":0,"href":"https:\/\/candas365.es\/noticias\/wp-json\/wp\/v2\/posts\/33860\/revisions"}],"wp:featuredmedia":[{"embeddable":true,"href":"https:\/\/candas365.es\/noticias\/wp-json\/wp\/v2\/media\/16457"}],"wp:attachment":[{"href":"https:\/\/candas365.es\/noticias\/wp-json\/wp\/v2\/media?parent=33860"}],"wp:term":[{"taxonomy":"category","embeddable":true,"href":"https:\/\/candas365.es\/noticias\/wp-json\/wp\/v2\/categories?post=33860"},{"taxonomy":"post_tag","embeddable":true,"href":"https:\/\/candas365.es\/noticias\/wp-json\/wp\/v2\/tags?post=33860"}],"curies":[{"name":"wp","href":"https:\/\/api.w.org\/{rel}","templated":true}]}}