{"id":33856,"date":"2016-10-16T19:40:46","date_gmt":"2016-10-16T18:10:46","guid":{"rendered":"http:\/\/candas365.es\/noticias\/?p=33856"},"modified":"2016-10-16T19:40:46","modified_gmt":"2016-10-16T18:10:46","slug":"dos-anos-de-odio-y-campana-de-difamacion-de-xenofobos-de-pegida","status":"publish","type":"post","link":"https:\/\/candas365.es\/noticias\/dos-anos-de-odio-y-campana-de-difamacion-de-xenofobos-de-pegida\/","title":{"rendered":"Dos a\u00f1os de odio y campa\u00f1a de difamaci\u00f3n de xen\u00f3fobos de Pegida"},"content":{"rendered":"<p>Dresde (Alemania), 16 oct (dpa) &#8211; El 20 de octubre de 2014 s\u00f3lo un par de cientos salieron a la calle en Dresde, en el este de Alemania, para mostrar su repulsa contra \u00abla islamizaci\u00f3n de Occidente\u00bb. R\u00e1pidamente estos cientos se convirtieron en miles. Hace tiempo que dejaron atr\u00e1s su cenit, pero el grupo xen\u00f3fobo Pegida sigue vivo. <\/p>\n<p>Lo que en un principio se vio como una manifestaci\u00f3n intrascendente fue creciendo gracias a la gran atenci\u00f3n medi\u00e1tica e institucional, que contribuy\u00f3 a hacer del movimiento islam\u00f3fobo alem\u00e1n Pegida una de las novedades pol\u00edticas germanas con mayor \u00e9xito de los \u00faltimos a\u00f1os.<\/p>\n<p>Pegida (siglas en alem\u00e1n de \u00abPatriotas Europeos contra la Islamizaci\u00f3n de Occidente\u00bb) perdi\u00f3 despu\u00e9s fuelle debido a luchas internas, pero cobr\u00f3 nuevo impulso por el creciente temor que despierta en muchos alemanes el flujo incesante de refugiados, que en 2015 lleg\u00f3 a los 1,1 millones de personas.<\/p>\n<p>El movimiento sigue convocando manifestaciones todos los lunes en la capital sajona. Sin embargo, ya no congregan a tantos como a principios de 2015 cuando llegaron a manifestarse hasta 25.000 personas. <\/p>\n<p>Protestas regulares de los supuestos \u00abciudadanos preocupados\u00bb casi han desaparecido en otros lugares del pa\u00eds. S\u00f3lo en Dresde contin\u00faan vivas estas manifestaciones semanales, aunque en el \u00faltimo a\u00f1o s\u00f3lo se re\u00fanen entre 2.000 y 3.000 de los considerados \u00abpatriotas\u00bb. Mientras, la ciudad de medio mill\u00f3n de habitantes se lamenta, no s\u00f3lo por el deterioro de su imagen. <\/p>\n<p>Hace tiempo que se trata de algo m\u00e1s all\u00e1 del miedo a lo que consideran la \u00abislamizaci\u00f3n de Occidente\u00bb o a los \u00abturistas de bote\u00bb, como llaman a los refugiados. Los participantes hacen suyo ahora el famoso \u00abNosotros somos el pueblo\u00bb, usado durante las manifestaciones de finales de los ochenta en contra del Muro de Berl\u00edn. <\/p>\n<p>Ahora no se trata de ir contra el r\u00e9gimen de la Rep\u00fablica Democr\u00e1tica Alemana, sino contra los \u00abtraidores de la patria\u00bb de la \u00abdictadura de Merkel\u00bb, que \u00abdestruyen\u00bb la naci\u00f3n y que se valen de la \u00abprensa mentirosa\u00bb a la que pagan y que se han convertido en \u00abpeones\u00bb de los odiados Estados Unidos y del \u00abmundo financiero\u00bb. <\/p>\n<p>Reclaman que \u00abquien no ame Alemania, deber\u00eda abandonar Alemania\u00bb. Pero no tienen problema alguno con que su l\u00edder Lutz Bachmann, condenado en numerosas ocasiones por diversos cr\u00edmenes, viva ahora en la isla espa\u00f1ola de Tenerife. <\/p>\n<p>Bachmann viene cada vez menos a las protestas. Vuela desde Canarias para unirse a los gritos de odio contra los refugiados que no luchan en casa por su pa\u00eds. <\/p>\n<p>\u00abNo pregunten el estr\u00e9s que supone sentarse en un avi\u00f3n diez horas semana tras semana para estar aqu\u00ed y luego regresar al trabajo\u00bb, coment\u00f3 el alem\u00e1n de 43 a\u00f1os sobre el vuelo de cinco horas entre la capital sajona y la isla espa\u00f1ola. <\/p>\n<p>Sin embargo, en su opini\u00f3n todo el esfuerzo merece la pena. \u00abCon Pegida logramos crear el mayor movimiento ciudadano de Europa\u00bb, indic\u00f3 sobre algo que creen muchos de sus partidarios. <\/p>\n<p>El fundador de Pegida fue condenado a pagar 9.600 euros por incitar al odio contra los extranjeros a trav\u00e9s de sus comentarios colgados en septiembre de 2014 en la red social de Facebook, en los que los calificaba de \u00abganado\u00bb, \u00abandrajosos\u00bb y \u00abchusma\u00bb.<\/p>\n<p>La conmemoraci\u00f3n del D\u00eda de la Unidad Alemana el pasado 3 de octubre en la ciudad oriental de Dresde dej\u00f3 patente que Pegida sigue viva al verse empa\u00f1ado ese d\u00eda de festividad por una protesta en la que cientos de personas, en su mayor\u00eda miembros del grupo xen\u00f3fobo, profirieron insultos contra la canciller Angela Merkel y el resto de representantes p\u00fablicos que acudieron a los actos festivos. <\/p>\n<p>Nunca antes, tras 26 a\u00f1os de reunificaci\u00f3n, el pa\u00eds centroeuropeo hab\u00eda vivido un 3 de octubre tan convulso. <\/p>\n<p>Bachmann busca ahora la proximidad al partido populista de derechas Alternativa para Alemania (AfD), no s\u00f3lo en Sajonia. No guarda en secreto su amistad con la l\u00edder del partido de AfD, Frauke Petry, que prepara su entrada en el Parlamento alem\u00e1n en las elecciones generales del pr\u00f3ximo a\u00f1o. <\/p>\n<p>\u00abDesde que contamos con buenos contactos con algunas asociaciones de AfD, el miedo en Berl\u00edn es cada vez mayor\u00bb, asegur\u00f3 sobre su relaci\u00f3n con un partido que ya se encuentra en diez de los 16 parlamentos regionales del pa\u00eds. <\/p>\n<p>Con motivo del segundo aniversario de Pegida, el Gobierno de Sajonia espera que miles de personas acudan hoy y ma\u00f1ana a las manifestaciones convocadas por el grupo xen\u00f3fobo. La Polic\u00eda ha preparado un gran dispositivo para evitar enfrentamientos entre estos y las contramanifestaciones previstas. <\/p>\n<p>Por su parte, la asociaci\u00f3n \u00abCoraz\u00f3n en lugar de campa\u00f1as de difamaci\u00f3n\u00bb ha organizado una fiesta popular para este lunes. El alcalde de Dresde, Dirk Hilbert, quiere mostrar con ello que la ciudad es \u00ababierta\u00bb y \u00abtolerante\u00bb y alejarse as\u00ed de la imagen de Pegida. <\/p>\n<p>Por Martin Fischer <\/p>\n","protected":false},"excerpt":{"rendered":"<p>Dresde (Alemania), 16 oct (dpa) &#8211; El 20 de octubre de 2014 s\u00f3lo un par de cientos salieron a la calle en Dresde, en el este de Alemania, para mostrar su repulsa contra \u00abla islamizaci\u00f3n de Occidente\u00bb. R\u00e1pidamente estos cientos se convirtieron en miles. Hace tiempo que dejaron atr\u00e1s su cenit, pero el grupo xen\u00f3fobo<\/p>\n","protected":false},"author":1,"featured_media":16457,"comment_status":"closed","ping_status":"closed","sticky":false,"template":"","format":"standard","meta":{"footnotes":""},"categories":[343],"tags":[],"class_list":{"0":"post-33856","1":"post","2":"type-post","3":"status-publish","4":"format-standard","5":"has-post-thumbnail","7":"category-actualidad"},"aioseo_notices":[],"aioseo_head":"\n\t\t<!-- All in One SEO Pro 4.9.6.2 - aioseo.com -->\n\t<meta name=\"description\" content=\"Dresde (Alemania), 16 oct (dpa) - El 20 de octubre de 2014 s\u00f3lo un par de cientos salieron a la calle en Dresde, en el este de Alemania, para mostrar su repulsa contra &quot;la islamizaci\u00f3n de Occidente&quot;. R\u00e1pidamente estos cientos se convirtieron en miles. Hace tiempo que dejaron atr\u00e1s su cenit, pero el grupo xen\u00f3fobo\" \/>\n\t<meta name=\"robots\" content=\"max-image-preview:large\" \/>\n\t<meta name=\"author\" content=\"Cand\u00e1s 365\"\/>\n\t<meta name=\"google-site-verification\" content=\"UA-32230408-1\" \/>\n\t<meta name=\"msvalidate.01\" content=\"354F3CDFB2DA171B47FBE9ABF1F88D5\" \/>\n\t<meta name=\"keywords\" content=\"actualidad\" \/>\n\t<link rel=\"canonical\" href=\"https:\/\/candas365.es\/noticias\/dos-anos-de-odio-y-campana-de-difamacion-de-xenofobos-de-pegida\/\" \/>\n\t<meta name=\"generator\" content=\"All in One SEO Pro (AIOSEO) 4.9.6.2\" \/>\n\t\t<meta property=\"og:locale\" content=\"es_ES\" \/>\n\t\t<meta property=\"og:site_name\" content=\"Cand\u00e1s 365\" \/>\n\t\t<meta property=\"og:type\" content=\"article\" \/>\n\t\t<meta property=\"og:title\" content=\"Dos a\u00f1os de odio y campa\u00f1a de difamaci\u00f3n de xen\u00f3fobos de Pegida | Cand\u00e1s 365\" \/>\n\t\t<meta property=\"og:description\" content=\"Dresde (Alemania), 16 oct (dpa) - El 20 de octubre de 2014 s\u00f3lo un par de cientos salieron a la calle en Dresde, en el este de Alemania, para mostrar su repulsa contra &quot;la islamizaci\u00f3n de Occidente&quot;. R\u00e1pidamente estos cientos se convirtieron en miles. Hace tiempo que dejaron atr\u00e1s su cenit, pero el grupo xen\u00f3fobo\" \/>\n\t\t<meta property=\"og:url\" content=\"https:\/\/candas365.es\/noticias\/dos-anos-de-odio-y-campana-de-difamacion-de-xenofobos-de-pegida\/\" \/>\n\t\t<meta property=\"og:image\" content=\"https:\/\/candas365.es\/noticias\/wp-content\/uploads\/2015\/09\/c365noticias.jpg\" \/>\n\t\t<meta property=\"og:image:secure_url\" content=\"https:\/\/candas365.es\/noticias\/wp-content\/uploads\/2015\/09\/c365noticias.jpg\" \/>\n\t\t<meta property=\"og:image:width\" content=\"655\" \/>\n\t\t<meta property=\"og:image:height\" content=\"360\" \/>\n\t\t<meta property=\"article:published_time\" content=\"2016-10-16T18:10:46+00:00\" \/>\n\t\t<meta property=\"article:modified_time\" content=\"2016-10-16T18:10:46+00:00\" \/>\n\t\t<meta property=\"article:publisher\" content=\"https:\/\/www.facebook.com\/Nachofdezber\" \/>\n\t\t<meta property=\"article:author\" content=\"https:\/\/www.facebook.com\/carrenoactualidad\" \/>\n\t\t<meta name=\"twitter:card\" content=\"summary_large_image\" \/>\n\t\t<meta name=\"twitter:site\" content=\"@NabercoDigital\" \/>\n\t\t<meta name=\"twitter:title\" content=\"Dos a\u00f1os de odio y campa\u00f1a de difamaci\u00f3n de xen\u00f3fobos de Pegida | Cand\u00e1s 365\" \/>\n\t\t<meta name=\"twitter:description\" content=\"Dresde (Alemania), 16 oct (dpa) - El 20 de octubre de 2014 s\u00f3lo un par de cientos salieron a la calle en Dresde, en el este de Alemania, para mostrar su repulsa contra &quot;la islamizaci\u00f3n de Occidente&quot;. R\u00e1pidamente estos cientos se convirtieron en miles. Hace tiempo que dejaron atr\u00e1s su cenit, pero el grupo xen\u00f3fobo\" \/>\n\t\t<meta name=\"twitter:creator\" content=\"@nbasturias\" \/>\n\t\t<meta name=\"twitter:image\" content=\"https:\/\/candas365.es\/noticias\/wp-content\/uploads\/2015\/09\/c365noticias.jpg\" \/>\n\t\t<meta name=\"twitter:label1\" content=\"Escrito por\" \/>\n\t\t<meta name=\"twitter:data1\" content=\"Cand\u00e1s 365\" \/>\n\t\t<meta name=\"twitter:label2\" content=\"Tiempo de lectura estimado\" \/>\n\t\t<meta name=\"twitter:data2\" content=\"4 minutos\" \/>\n\t\t<script type=\"application\/ld+json\" class=\"aioseo-schema\">\n\t\t\t{\"@context\":\"https:\\\/\\\/schema.org\",\"@graph\":[{\"@type\":\"BreadcrumbList\",\"@id\":\"https:\\\/\\\/candas365.es\\\/noticias\\\/dos-anos-de-odio-y-campana-de-difamacion-de-xenofobos-de-pegida\\\/#breadcrumblist\",\"itemListElement\":[{\"@type\":\"ListItem\",\"@id\":\"https:\\\/\\\/candas365.es\\\/noticias#listItem\",\"position\":1,\"name\":\"Home\",\"item\":\"https:\\\/\\\/candas365.es\\\/noticias\",\"nextItem\":{\"@type\":\"ListItem\",\"@id\":\"https:\\\/\\\/candas365.es\\\/noticias\\\/category\\\/actualidad\\\/#listItem\",\"name\":\"Actualidad\"}},{\"@type\":\"ListItem\",\"@id\":\"https:\\\/\\\/candas365.es\\\/noticias\\\/category\\\/actualidad\\\/#listItem\",\"position\":2,\"name\":\"Actualidad\",\"item\":\"https:\\\/\\\/candas365.es\\\/noticias\\\/category\\\/actualidad\\\/\",\"nextItem\":{\"@type\":\"ListItem\",\"@id\":\"https:\\\/\\\/candas365.es\\\/noticias\\\/dos-anos-de-odio-y-campana-de-difamacion-de-xenofobos-de-pegida\\\/#listItem\",\"name\":\"Dos a\\u00f1os de odio y campa\\u00f1a de difamaci\\u00f3n de xen\\u00f3fobos de Pegida\"},\"previousItem\":{\"@type\":\"ListItem\",\"@id\":\"https:\\\/\\\/candas365.es\\\/noticias#listItem\",\"name\":\"Home\"}},{\"@type\":\"ListItem\",\"@id\":\"https:\\\/\\\/candas365.es\\\/noticias\\\/dos-anos-de-odio-y-campana-de-difamacion-de-xenofobos-de-pegida\\\/#listItem\",\"position\":3,\"name\":\"Dos a\\u00f1os de odio y campa\\u00f1a de difamaci\\u00f3n de xen\\u00f3fobos de Pegida\",\"previousItem\":{\"@type\":\"ListItem\",\"@id\":\"https:\\\/\\\/candas365.es\\\/noticias\\\/category\\\/actualidad\\\/#listItem\",\"name\":\"Actualidad\"}}]},{\"@type\":\"NewsArticle\",\"@id\":\"https:\\\/\\\/candas365.es\\\/noticias\\\/dos-anos-de-odio-y-campana-de-difamacion-de-xenofobos-de-pegida\\\/#newsarticle\",\"name\":\"Dos a\\u00f1os de odio y campa\\u00f1a de difamaci\\u00f3n de xen\\u00f3fobos de Pegida | Cand\\u00e1s 365\",\"headline\":\"Dos a\\u00f1os de odio y campa\\u00f1a de difamaci\\u00f3n de xen\\u00f3fobos de Pegida\",\"author\":{\"@id\":\"https:\\\/\\\/candas365.es\\\/noticias\\\/author\\\/admin\\\/#author\"},\"publisher\":{\"@id\":\"https:\\\/\\\/candas365.es\\\/noticias\\\/#organization\"},\"image\":{\"@type\":\"ImageObject\",\"url\":\"https:\\\/\\\/candas365.es\\\/noticias\\\/wp-content\\\/uploads\\\/2015\\\/09\\\/c365noticias.jpg\",\"width\":655,\"height\":360},\"datePublished\":\"2016-10-16T19:40:46+02:00\",\"dateModified\":\"2016-10-16T19:40:46+02:00\",\"inLanguage\":\"es-ES\",\"mainEntityOfPage\":{\"@id\":\"https:\\\/\\\/candas365.es\\\/noticias\\\/dos-anos-de-odio-y-campana-de-difamacion-de-xenofobos-de-pegida\\\/#webpage\"},\"isPartOf\":{\"@id\":\"https:\\\/\\\/candas365.es\\\/noticias\\\/dos-anos-de-odio-y-campana-de-difamacion-de-xenofobos-de-pegida\\\/#webpage\"},\"articleSection\":\"Actualidad\",\"dateline\":\"Publicado el octubre 16, 2016.\"},{\"@type\":\"Organization\",\"@id\":\"https:\\\/\\\/candas365.es\\\/noticias\\\/#organization\",\"name\":\"Cand\\u00e1s 365\",\"description\":\"Cand\\u00e1s 365 es un diario digital independiente, fundado en 2012, con base en Asturias. Informamos con rigor sobre actualidad, sociedad, cultura y ocio, con una mirada local y global.\",\"url\":\"https:\\\/\\\/candas365.es\\\/noticias\\\/\",\"email\":\"info@candas365.es\",\"telephone\":\"+34652131393\",\"foundingDate\":\"2012-06-10\",\"logo\":{\"@type\":\"ImageObject\",\"url\":\"https:\\\/\\\/candas365.es\\\/noticias\\\/wp-content\\\/uploads\\\/2024\\\/09\\\/Candas-365-Redes.jpg\",\"@id\":\"https:\\\/\\\/candas365.es\\\/noticias\\\/dos-anos-de-odio-y-campana-de-difamacion-de-xenofobos-de-pegida\\\/#organizationLogo\",\"width\":1152,\"height\":864,\"caption\":\"Cand\\u00e1s 365 Redes\"},\"image\":{\"@id\":\"https:\\\/\\\/candas365.es\\\/noticias\\\/dos-anos-de-odio-y-campana-de-difamacion-de-xenofobos-de-pegida\\\/#organizationLogo\"},\"sameAs\":[\"https:\\\/\\\/www.facebook.com\\\/Nachofdezber\",\"https:\\\/\\\/x.com\\\/NabercoDigital\",\"https:\\\/\\\/www.instagram.com\\\/nachofdezber\\\/\",\"https:\\\/\\\/www.youtube.com\\\/channel\\\/UCZP-2wLEB9Rv6erhFmqVnvg\"],\"address\":{\"@id\":\"https:\\\/\\\/candas365.es\\\/noticias\\\/#postaladdress\",\"@type\":\"PostalAddress\",\"streetAddress\":\"san antonio 4, san antonio 4\",\"postalCode\":\"33430\",\"addressLocality\":\"Cand\\u00e1s\",\"addressRegion\":\"Asturias\",\"addressCountry\":\"ES\"}},{\"@type\":\"Person\",\"@id\":\"https:\\\/\\\/candas365.es\\\/noticias\\\/author\\\/admin\\\/#author\",\"url\":\"https:\\\/\\\/candas365.es\\\/noticias\\\/author\\\/admin\\\/\",\"name\":\"Cand\\u00e1s 365\",\"image\":{\"@type\":\"ImageObject\",\"@id\":\"https:\\\/\\\/candas365.es\\\/noticias\\\/dos-anos-de-odio-y-campana-de-difamacion-de-xenofobos-de-pegida\\\/#authorImage\",\"url\":\"https:\\\/\\\/secure.gravatar.com\\\/avatar\\\/496a8e03d0c493ede1718b7934145dbdf8d89be1036b0eec9544e1094c9de390?s=96&d=mm&r=g\",\"width\":96,\"height\":96,\"caption\":\"Cand\\u00e1s 365\"},\"sameAs\":[\"https:\\\/\\\/www.facebook.com\\\/carrenoactualidad\",\"https:\\\/\\\/twitter.com\\\/nbasturias\",\"https:\\\/\\\/www.instagram.com\\\/nachofdezber\\\/\",\"https:\\\/\\\/www.youtube.com\\\/channel\\\/UCZP-2wLEB9Rv6erhFmqVnvg\"]},{\"@type\":\"WebPage\",\"@id\":\"https:\\\/\\\/candas365.es\\\/noticias\\\/dos-anos-de-odio-y-campana-de-difamacion-de-xenofobos-de-pegida\\\/#webpage\",\"url\":\"https:\\\/\\\/candas365.es\\\/noticias\\\/dos-anos-de-odio-y-campana-de-difamacion-de-xenofobos-de-pegida\\\/\",\"name\":\"Dos a\\u00f1os de odio y campa\\u00f1a de difamaci\\u00f3n de xen\\u00f3fobos de Pegida | Cand\\u00e1s 365\",\"description\":\"Dresde (Alemania), 16 oct (dpa) - El 20 de octubre de 2014 s\\u00f3lo un par de cientos salieron a la calle en Dresde, en el este de Alemania, para mostrar su repulsa contra \\\"la islamizaci\\u00f3n de Occidente\\\". R\\u00e1pidamente estos cientos se convirtieron en miles. Hace tiempo que dejaron atr\\u00e1s su cenit, pero el grupo xen\\u00f3fobo\",\"inLanguage\":\"es-ES\",\"isPartOf\":{\"@id\":\"https:\\\/\\\/candas365.es\\\/noticias\\\/#website\"},\"breadcrumb\":{\"@id\":\"https:\\\/\\\/candas365.es\\\/noticias\\\/dos-anos-de-odio-y-campana-de-difamacion-de-xenofobos-de-pegida\\\/#breadcrumblist\"},\"author\":{\"@id\":\"https:\\\/\\\/candas365.es\\\/noticias\\\/author\\\/admin\\\/#author\"},\"creator\":{\"@id\":\"https:\\\/\\\/candas365.es\\\/noticias\\\/author\\\/admin\\\/#author\"},\"image\":{\"@type\":\"ImageObject\",\"url\":\"https:\\\/\\\/candas365.es\\\/noticias\\\/wp-content\\\/uploads\\\/2015\\\/09\\\/c365noticias.jpg\",\"@id\":\"https:\\\/\\\/candas365.es\\\/noticias\\\/dos-anos-de-odio-y-campana-de-difamacion-de-xenofobos-de-pegida\\\/#mainImage\",\"width\":655,\"height\":360},\"primaryImageOfPage\":{\"@id\":\"https:\\\/\\\/candas365.es\\\/noticias\\\/dos-anos-de-odio-y-campana-de-difamacion-de-xenofobos-de-pegida\\\/#mainImage\"},\"datePublished\":\"2016-10-16T19:40:46+02:00\",\"dateModified\":\"2016-10-16T19:40:46+02:00\"},{\"@type\":\"WebSite\",\"@id\":\"https:\\\/\\\/candas365.es\\\/noticias\\\/#website\",\"url\":\"https:\\\/\\\/candas365.es\\\/noticias\\\/\",\"name\":\"Cand\\u00e1s 365\",\"alternateName\":\"Cand\\u00e1s 365 Noticias\",\"description\":\"Actualidad desde Carre\\u00f1o para el mundo\",\"inLanguage\":\"es-ES\",\"publisher\":{\"@id\":\"https:\\\/\\\/candas365.es\\\/noticias\\\/#organization\"}}]}\n\t\t<\/script>\n\t\t<!-- All in One SEO Pro -->\r\n\t\t<title>Dos a\u00f1os de odio y campa\u00f1a de difamaci\u00f3n de xen\u00f3fobos de Pegida | Cand\u00e1s 365<\/title>\n\n","aioseo_head_json":{"title":"Dos a\u00f1os de odio y campa\u00f1a de difamaci\u00f3n de xen\u00f3fobos de Pegida | Cand\u00e1s 365","description":"Dresde (Alemania), 16 oct (dpa) - El 20 de octubre de 2014 s\u00f3lo un par de cientos salieron a la calle en Dresde, en el este de Alemania, para mostrar su repulsa contra \"la islamizaci\u00f3n de Occidente\". R\u00e1pidamente estos cientos se convirtieron en miles. Hace tiempo que dejaron atr\u00e1s su cenit, pero el grupo xen\u00f3fobo","canonical_url":"https:\/\/candas365.es\/noticias\/dos-anos-de-odio-y-campana-de-difamacion-de-xenofobos-de-pegida\/","robots":"max-image-preview:large","keywords":"actualidad","webmasterTools":{"google-site-verification":"UA-32230408-1","msvalidate.01":"354F3CDFB2DA171B47FBE9ABF1F88D5","miscellaneous":""},"schema":{"@context":"https:\/\/schema.org","@graph":[{"@type":"BreadcrumbList","@id":"https:\/\/candas365.es\/noticias\/dos-anos-de-odio-y-campana-de-difamacion-de-xenofobos-de-pegida\/#breadcrumblist","itemListElement":[{"@type":"ListItem","@id":"https:\/\/candas365.es\/noticias#listItem","position":1,"name":"Home","item":"https:\/\/candas365.es\/noticias","nextItem":{"@type":"ListItem","@id":"https:\/\/candas365.es\/noticias\/category\/actualidad\/#listItem","name":"Actualidad"}},{"@type":"ListItem","@id":"https:\/\/candas365.es\/noticias\/category\/actualidad\/#listItem","position":2,"name":"Actualidad","item":"https:\/\/candas365.es\/noticias\/category\/actualidad\/","nextItem":{"@type":"ListItem","@id":"https:\/\/candas365.es\/noticias\/dos-anos-de-odio-y-campana-de-difamacion-de-xenofobos-de-pegida\/#listItem","name":"Dos a\u00f1os de odio y campa\u00f1a de difamaci\u00f3n de xen\u00f3fobos de Pegida"},"previousItem":{"@type":"ListItem","@id":"https:\/\/candas365.es\/noticias#listItem","name":"Home"}},{"@type":"ListItem","@id":"https:\/\/candas365.es\/noticias\/dos-anos-de-odio-y-campana-de-difamacion-de-xenofobos-de-pegida\/#listItem","position":3,"name":"Dos a\u00f1os de odio y campa\u00f1a de difamaci\u00f3n de xen\u00f3fobos de Pegida","previousItem":{"@type":"ListItem","@id":"https:\/\/candas365.es\/noticias\/category\/actualidad\/#listItem","name":"Actualidad"}}]},{"@type":"NewsArticle","@id":"https:\/\/candas365.es\/noticias\/dos-anos-de-odio-y-campana-de-difamacion-de-xenofobos-de-pegida\/#newsarticle","name":"Dos a\u00f1os de odio y campa\u00f1a de difamaci\u00f3n de xen\u00f3fobos de Pegida | Cand\u00e1s 365","headline":"Dos a\u00f1os de odio y campa\u00f1a de difamaci\u00f3n de xen\u00f3fobos de Pegida","author":{"@id":"https:\/\/candas365.es\/noticias\/author\/admin\/#author"},"publisher":{"@id":"https:\/\/candas365.es\/noticias\/#organization"},"image":{"@type":"ImageObject","url":"https:\/\/candas365.es\/noticias\/wp-content\/uploads\/2015\/09\/c365noticias.jpg","width":655,"height":360},"datePublished":"2016-10-16T19:40:46+02:00","dateModified":"2016-10-16T19:40:46+02:00","inLanguage":"es-ES","mainEntityOfPage":{"@id":"https:\/\/candas365.es\/noticias\/dos-anos-de-odio-y-campana-de-difamacion-de-xenofobos-de-pegida\/#webpage"},"isPartOf":{"@id":"https:\/\/candas365.es\/noticias\/dos-anos-de-odio-y-campana-de-difamacion-de-xenofobos-de-pegida\/#webpage"},"articleSection":"Actualidad","dateline":"Publicado el octubre 16, 2016."},{"@type":"Organization","@id":"https:\/\/candas365.es\/noticias\/#organization","name":"Cand\u00e1s 365","description":"Cand\u00e1s 365 es un diario digital independiente, fundado en 2012, con base en Asturias. Informamos con rigor sobre actualidad, sociedad, cultura y ocio, con una mirada local y global.","url":"https:\/\/candas365.es\/noticias\/","email":"info@candas365.es","telephone":"+34652131393","foundingDate":"2012-06-10","logo":{"@type":"ImageObject","url":"https:\/\/candas365.es\/noticias\/wp-content\/uploads\/2024\/09\/Candas-365-Redes.jpg","@id":"https:\/\/candas365.es\/noticias\/dos-anos-de-odio-y-campana-de-difamacion-de-xenofobos-de-pegida\/#organizationLogo","width":1152,"height":864,"caption":"Cand\u00e1s 365 Redes"},"image":{"@id":"https:\/\/candas365.es\/noticias\/dos-anos-de-odio-y-campana-de-difamacion-de-xenofobos-de-pegida\/#organizationLogo"},"sameAs":["https:\/\/www.facebook.com\/Nachofdezber","https:\/\/x.com\/NabercoDigital","https:\/\/www.instagram.com\/nachofdezber\/","https:\/\/www.youtube.com\/channel\/UCZP-2wLEB9Rv6erhFmqVnvg"],"address":{"@id":"https:\/\/candas365.es\/noticias\/#postaladdress","@type":"PostalAddress","streetAddress":"san antonio 4, san antonio 4","postalCode":"33430","addressLocality":"Cand\u00e1s","addressRegion":"Asturias","addressCountry":"ES"}},{"@type":"Person","@id":"https:\/\/candas365.es\/noticias\/author\/admin\/#author","url":"https:\/\/candas365.es\/noticias\/author\/admin\/","name":"Cand\u00e1s 365","image":{"@type":"ImageObject","@id":"https:\/\/candas365.es\/noticias\/dos-anos-de-odio-y-campana-de-difamacion-de-xenofobos-de-pegida\/#authorImage","url":"https:\/\/secure.gravatar.com\/avatar\/496a8e03d0c493ede1718b7934145dbdf8d89be1036b0eec9544e1094c9de390?s=96&d=mm&r=g","width":96,"height":96,"caption":"Cand\u00e1s 365"},"sameAs":["https:\/\/www.facebook.com\/carrenoactualidad","https:\/\/twitter.com\/nbasturias","https:\/\/www.instagram.com\/nachofdezber\/","https:\/\/www.youtube.com\/channel\/UCZP-2wLEB9Rv6erhFmqVnvg"]},{"@type":"WebPage","@id":"https:\/\/candas365.es\/noticias\/dos-anos-de-odio-y-campana-de-difamacion-de-xenofobos-de-pegida\/#webpage","url":"https:\/\/candas365.es\/noticias\/dos-anos-de-odio-y-campana-de-difamacion-de-xenofobos-de-pegida\/","name":"Dos a\u00f1os de odio y campa\u00f1a de difamaci\u00f3n de xen\u00f3fobos de Pegida | Cand\u00e1s 365","description":"Dresde (Alemania), 16 oct (dpa) - El 20 de octubre de 2014 s\u00f3lo un par de cientos salieron a la calle en Dresde, en el este de Alemania, para mostrar su repulsa contra \"la islamizaci\u00f3n de Occidente\". R\u00e1pidamente estos cientos se convirtieron en miles. Hace tiempo que dejaron atr\u00e1s su cenit, pero el grupo xen\u00f3fobo","inLanguage":"es-ES","isPartOf":{"@id":"https:\/\/candas365.es\/noticias\/#website"},"breadcrumb":{"@id":"https:\/\/candas365.es\/noticias\/dos-anos-de-odio-y-campana-de-difamacion-de-xenofobos-de-pegida\/#breadcrumblist"},"author":{"@id":"https:\/\/candas365.es\/noticias\/author\/admin\/#author"},"creator":{"@id":"https:\/\/candas365.es\/noticias\/author\/admin\/#author"},"image":{"@type":"ImageObject","url":"https:\/\/candas365.es\/noticias\/wp-content\/uploads\/2015\/09\/c365noticias.jpg","@id":"https:\/\/candas365.es\/noticias\/dos-anos-de-odio-y-campana-de-difamacion-de-xenofobos-de-pegida\/#mainImage","width":655,"height":360},"primaryImageOfPage":{"@id":"https:\/\/candas365.es\/noticias\/dos-anos-de-odio-y-campana-de-difamacion-de-xenofobos-de-pegida\/#mainImage"},"datePublished":"2016-10-16T19:40:46+02:00","dateModified":"2016-10-16T19:40:46+02:00"},{"@type":"WebSite","@id":"https:\/\/candas365.es\/noticias\/#website","url":"https:\/\/candas365.es\/noticias\/","name":"Cand\u00e1s 365","alternateName":"Cand\u00e1s 365 Noticias","description":"Actualidad desde Carre\u00f1o para el mundo","inLanguage":"es-ES","publisher":{"@id":"https:\/\/candas365.es\/noticias\/#organization"}}]},"og:locale":"es_ES","og:site_name":"Cand\u00e1s 365","og:type":"article","og:title":"Dos a\u00f1os de odio y campa\u00f1a de difamaci\u00f3n de xen\u00f3fobos de Pegida | Cand\u00e1s 365","og:description":"Dresde (Alemania), 16 oct (dpa) - El 20 de octubre de 2014 s\u00f3lo un par de cientos salieron a la calle en Dresde, en el este de Alemania, para mostrar su repulsa contra &quot;la islamizaci\u00f3n de Occidente&quot;. R\u00e1pidamente estos cientos se convirtieron en miles. Hace tiempo que dejaron atr\u00e1s su cenit, pero el grupo xen\u00f3fobo","og:url":"https:\/\/candas365.es\/noticias\/dos-anos-de-odio-y-campana-de-difamacion-de-xenofobos-de-pegida\/","og:image":"https:\/\/candas365.es\/noticias\/wp-content\/uploads\/2015\/09\/c365noticias.jpg","og:image:secure_url":"https:\/\/candas365.es\/noticias\/wp-content\/uploads\/2015\/09\/c365noticias.jpg","og:image:width":655,"og:image:height":360,"article:published_time":"2016-10-16T18:10:46+00:00","article:modified_time":"2016-10-16T18:10:46+00:00","article:publisher":"https:\/\/www.facebook.com\/Nachofdezber","article:author":"https:\/\/www.facebook.com\/carrenoactualidad","twitter:card":"summary_large_image","twitter:site":"@NabercoDigital","twitter:title":"Dos a\u00f1os de odio y campa\u00f1a de difamaci\u00f3n de xen\u00f3fobos de Pegida | Cand\u00e1s 365","twitter:description":"Dresde (Alemania), 16 oct (dpa) - El 20 de octubre de 2014 s\u00f3lo un par de cientos salieron a la calle en Dresde, en el este de Alemania, para mostrar su repulsa contra &quot;la islamizaci\u00f3n de Occidente&quot;. R\u00e1pidamente estos cientos se convirtieron en miles. Hace tiempo que dejaron atr\u00e1s su cenit, pero el grupo xen\u00f3fobo","twitter:creator":"@nbasturias","twitter:image":"https:\/\/candas365.es\/noticias\/wp-content\/uploads\/2015\/09\/c365noticias.jpg","twitter:label1":"Escrito por","twitter:data1":"Cand\u00e1s 365","twitter:label2":"Tiempo de lectura estimado","twitter:data2":"4 minutos"},"aioseo_meta_data":{"post_id":"33856","title":null,"description":null,"keywords":null,"keyphrases":null,"primary_term":null,"canonical_url":null,"og_title":null,"og_description":null,"og_object_type":"default","og_image_type":"default","og_image_url":null,"og_image_width":null,"og_image_height":null,"og_image_custom_url":null,"og_image_custom_fields":null,"og_video":null,"og_custom_url":null,"og_article_section":null,"og_article_tags":null,"twitter_use_og":false,"twitter_card":"default","twitter_image_type":"default","twitter_image_url":null,"twitter_image_custom_url":null,"twitter_image_custom_fields":null,"twitter_title":null,"twitter_description":null,"schema":{"blockGraphs":[],"customGraphs":[],"default":{"data":{"Article":[],"Course":[],"Dataset":[],"FAQPage":[],"Movie":[],"Person":[],"Product":[],"ProductReview":[],"Car":[],"Recipe":[],"Service":[],"SoftwareApplication":[],"WebPage":[]},"graphName":"","isEnabled":true},"graphs":[]},"schema_type":null,"schema_type_options":null,"pillar_content":false,"robots_default":true,"robots_noindex":false,"robots_noarchive":false,"robots_nosnippet":false,"robots_nofollow":false,"robots_noimageindex":false,"robots_noodp":false,"robots_notranslate":false,"robots_max_snippet":null,"robots_max_videopreview":null,"robots_max_imagepreview":"large","priority":null,"frequency":null,"location":null,"local_seo":null,"seo_analyzer_scan_date":"2025-08-24 17:04:15","breadcrumb_settings":null,"limit_modified_date":false,"reviewed_by":null,"open_ai":null,"ai":null,"created":"2020-12-21 13:07:12","updated":"2025-08-24 17:04:15"},"aioseo_breadcrumb":"<div class=\"aioseo-breadcrumbs\"><span class=\"aioseo-breadcrumb\">\n\t<a href=\"https:\/\/candas365.es\/noticias\" title=\"Home\">Home<\/a>\n<\/span><span class=\"aioseo-breadcrumb-separator\">&ndash;<\/span><span class=\"aioseo-breadcrumb\">\n\t<a href=\"https:\/\/candas365.es\/noticias\/category\/actualidad\/\" title=\"Actualidad\">Actualidad<\/a>\n<\/span><span class=\"aioseo-breadcrumb-separator\">&ndash;<\/span><span class=\"aioseo-breadcrumb\">\n\tDos a\u00f1os de odio y campa\u00f1a de difamaci\u00f3n de xen\u00f3fobos de Pegida\n<\/span><\/div>","aioseo_breadcrumb_json":[{"label":"Home","link":"https:\/\/candas365.es\/noticias"},{"label":"Actualidad","link":"https:\/\/candas365.es\/noticias\/category\/actualidad\/"},{"label":"Dos a\u00f1os de odio y campa\u00f1a de difamaci\u00f3n de xen\u00f3fobos de Pegida","link":"https:\/\/candas365.es\/noticias\/dos-anos-de-odio-y-campana-de-difamacion-de-xenofobos-de-pegida\/"}],"_links":{"self":[{"href":"https:\/\/candas365.es\/noticias\/wp-json\/wp\/v2\/posts\/33856","targetHints":{"allow":["GET"]}}],"collection":[{"href":"https:\/\/candas365.es\/noticias\/wp-json\/wp\/v2\/posts"}],"about":[{"href":"https:\/\/candas365.es\/noticias\/wp-json\/wp\/v2\/types\/post"}],"author":[{"embeddable":true,"href":"https:\/\/candas365.es\/noticias\/wp-json\/wp\/v2\/users\/1"}],"replies":[{"embeddable":true,"href":"https:\/\/candas365.es\/noticias\/wp-json\/wp\/v2\/comments?post=33856"}],"version-history":[{"count":0,"href":"https:\/\/candas365.es\/noticias\/wp-json\/wp\/v2\/posts\/33856\/revisions"}],"wp:featuredmedia":[{"embeddable":true,"href":"https:\/\/candas365.es\/noticias\/wp-json\/wp\/v2\/media\/16457"}],"wp:attachment":[{"href":"https:\/\/candas365.es\/noticias\/wp-json\/wp\/v2\/media?parent=33856"}],"wp:term":[{"taxonomy":"category","embeddable":true,"href":"https:\/\/candas365.es\/noticias\/wp-json\/wp\/v2\/categories?post=33856"},{"taxonomy":"post_tag","embeddable":true,"href":"https:\/\/candas365.es\/noticias\/wp-json\/wp\/v2\/tags?post=33856"}],"curies":[{"name":"wp","href":"https:\/\/api.w.org\/{rel}","templated":true}]}}