{"id":33852,"date":"2016-10-16T19:39:08","date_gmt":"2016-10-16T18:09:08","guid":{"rendered":"http:\/\/candas365.es\/noticias\/?p=33852"},"modified":"2016-10-16T19:39:08","modified_gmt":"2016-10-16T18:09:08","slug":"el-artista-como-autor-francfort-se-abre-a-nuevos-negocios","status":"publish","type":"post","link":"https:\/\/candas365.es\/noticias\/el-artista-como-autor-francfort-se-abre-a-nuevos-negocios\/","title":{"rendered":"El artista como autor: Fr\u00e1ncfort se abre a nuevos negocios"},"content":{"rendered":"<p>Fr\u00e1ncfort, 16 oct (dpa) &#8211; La Feria del Libro de Fr\u00e1ncfort es cada a\u00f1o m\u00e1s creativa, sobre todo, en lo que se refiere al negocio editorial. En esta edici\u00f3n, los visitantes podr\u00e1n descubrir entre los expositores a algunos de los principales referentes art\u00edsticos a nivel global.<\/p>\n<p>Bajo el lema \u00abThe Arts+\u00bb aterrizan en la ciudad del Meno grandes museos como, por ejemplo, el MoMA de nueva York. En opini\u00f3n de los organizadores, su participaci\u00f3n est\u00e1 m\u00e1s que justificada. Las fronteras entre el mundo del arte, la moda y el dise\u00f1o se desvanecen.<\/p>\n<p>As\u00ed, es habitual que los artistas comercialicen sus libros en museos o en las llamadas \u00abConcept Stores\u00bb, establecimientos pensados para cautivar al cliente a trav\u00e9s de la experiencia de compra y las emociones y en las que se mezclan diferentes disciplinas art\u00edsticas.<\/p>\n<p>\u00abEl libro se ha convertido en un objeto de lujo\u00bb, se\u00f1ala Juergen Boos, el director de la Feria del Libro de Fr\u00e1ncfort, responsable tambi\u00e9n de que la inauguraci\u00f3n de esta edici\u00f3n corra a cargo del pintor y artista multimedia brit\u00e1nico David Hockney.<\/p>\n<p>El creador tambi\u00e9n presentar\u00e1 en el escaparate literario su libro de gran formato \u00abSumo\u00bb, que podr\u00e1 adquirirse previo pago de 2.500 euros.<\/p>\n<p>De acuerdo con Boos, desde hace tiempo el negocio editorial no se basa en la venta de licencias, un \u00e1rea en el que Fr\u00e1ncfort despunta, sino que, a su entender, la palabra clave en este mundo es \u00abcontenido\u00bb.<\/p>\n<p>Tras este concepto se esconde todo lo dem\u00e1s, lo que hace que un libro sea rentable econ\u00f3micamente en cualquiera de sus formas. Ya sea como guion de una pel\u00edcula, como carta de presentaci\u00f3n para una empresa de videojuegos, como plataforma digital o como arte.<\/p>\n<p>Boos entiende que Fr\u00e1ncfort se ha convertido en una feria que abarca a todos los medios y en el \u00absupermercado\u00bb m\u00e1s importante para la venta de contenidos de todo tipo.<\/p>\n<p>No obstante, en su 68\u00ba edici\u00f3n, el libro tradicional contin\u00faa siendo el plato fuerte.<\/p>\n<p>Al igual que en 2015, se espera que a la feria alemana acudan cerca de 7.000 expositores provenientes de m\u00e1s de 100 pa\u00edses, lo que demuestra que a\u00f1o tras a\u00f1o se erige como el epicentro del negocio editorial al tiempo que mantiene su atractivo para el p\u00fablico y sigue siendo un festival literario en el que se dan cita cerca de 600 autores y se celebran casi 4.000 eventos.<\/p>\n<p>Sus organizadores deben hacer malabarismos para combinar la visi\u00f3n comercial con la vertiente cultural.<\/p>\n<p>Este a\u00f1o, en el que se espera que unos 300.000 visitantes se acerquen a la feria a lo largo de sus cinco d\u00edas, el evento centrar\u00e1 su mirada en el amenazado \u00abProyecto Europa\u00bb. En particular, se ocupar\u00e1 de los peligros que afectan a libertad de opini\u00f3n en Turqu\u00eda, Polonia y Hungr\u00eda.<\/p>\n<p>Se espera la presencia de la famosa escritora turca Elif Shafak, residente en Londres, y el autor argelino Boualem Sansal, hostigado en su pa\u00eds de origen, tambi\u00e9n se dejar\u00e1 caer por Fr\u00e1ncfort.<\/p>\n<p>Las ausencias m\u00e1s destacadas son las de pa\u00edses \u00e1rabes. Bahr\u00e9in, Kuwait o Arabia Saud\u00ed no acudir\u00e1n en esta edici\u00f3n a la feria. No es cuesti\u00f3n de dinero, sino que se enmarca en una \u00absituaci\u00f3n pol\u00edtica m\u00e1s r\u00edgida\u00bb, indican desde la organizaci\u00f3n.<\/p>\n<p>El archienemigo de Arabia Saud\u00ed, sin embargo, s\u00ed ha anunciado su regreso a Alemania. Ir\u00e1n decidi\u00f3 el a\u00f1o pasado no acudir a Alemania debido a que estaba confirmada la presencia de Salman Rushdie, el escritor indio-brit\u00e1nico, autor de \u00abLos versos sat\u00e1nicos\u00bb, quien fue el encargado de pronunciar el discurso inaugural en la edici\u00f3n de 2015.<\/p>\n<p>Entre los principales autores que estar\u00e1n presentes este a\u00f1o en la feria se encuentran la escritora Donna Leon y Martin Walker. Tambi\u00e9n visitar\u00e1n Fr\u00e1ncfort el historiador brit\u00e1nico Ian Kershaw, que ha irrumpido en las listas de los m\u00e1s vendidos con un nuevo libro sobre la Europa de entre 1914 y 1949.<\/p>\n<p>Las editoriales brit\u00e1nicas est\u00e1n en esta ocasi\u00f3n menos representadas que en otros a\u00f1os. La organizaci\u00f3n no cree que se deba al \u00abBrexit\u00bb, sino a los desfases en el mercado literario angloamericano. Estados Unidos es, por detr\u00e1s de Alemania, el mayor expositor literario del mundo.<\/p>\n<p>La atenci\u00f3n entre los participantes extranjeros recaer\u00e1 este a\u00f1o en Holanda y Flandes, los invitados de honor de la feria. A Fr\u00e1ncfort traer\u00e1n m\u00e1s de 450 nuevas publicaciones y autores de \u00e9xito como Leon de Winter, Cees Nooteboom, Connie Palmen o Margriet de Moor.<\/p>\n<p><span class=\" readonly\" title=\"\"><em>Por Thomas Maier <\/em><\/span><\/p>\n<p>&nbsp;<\/p>\n","protected":false},"excerpt":{"rendered":"<p>Fr\u00e1ncfort, 16 oct (dpa) &#8211; La Feria del Libro de Fr\u00e1ncfort es cada a\u00f1o m\u00e1s creativa, sobre todo, en lo que se refiere al negocio editorial. En esta edici\u00f3n, los visitantes podr\u00e1n descubrir entre los expositores a algunos de los principales referentes art\u00edsticos a nivel global. Bajo el lema \u00abThe Arts+\u00bb aterrizan en la ciudad<\/p>\n","protected":false},"author":1,"featured_media":16457,"comment_status":"closed","ping_status":"closed","sticky":false,"template":"","format":"standard","meta":{"footnotes":""},"categories":[343],"tags":[],"class_list":{"0":"post-33852","1":"post","2":"type-post","3":"status-publish","4":"format-standard","5":"has-post-thumbnail","7":"category-actualidad"},"aioseo_notices":[],"aioseo_head":"\n\t\t<!-- All in One SEO Pro 4.9.6.2 - aioseo.com -->\n\t<meta name=\"description\" content=\"Fr\u00e1ncfort, 16 oct (dpa) - La Feria del Libro de Fr\u00e1ncfort es cada a\u00f1o m\u00e1s creativa, sobre todo, en lo que se refiere al negocio editorial. En esta edici\u00f3n, los visitantes podr\u00e1n descubrir entre los expositores a algunos de los principales referentes art\u00edsticos a nivel global. Bajo el lema &quot;The Arts+&quot; aterrizan en la ciudad\" \/>\n\t<meta name=\"robots\" content=\"max-image-preview:large\" \/>\n\t<meta name=\"author\" content=\"Cand\u00e1s 365\"\/>\n\t<meta name=\"google-site-verification\" content=\"UA-32230408-1\" \/>\n\t<meta name=\"msvalidate.01\" content=\"354F3CDFB2DA171B47FBE9ABF1F88D5\" \/>\n\t<meta name=\"keywords\" content=\"actualidad\" \/>\n\t<link rel=\"canonical\" href=\"https:\/\/candas365.es\/noticias\/el-artista-como-autor-francfort-se-abre-a-nuevos-negocios\/\" \/>\n\t<meta name=\"generator\" content=\"All in One SEO Pro (AIOSEO) 4.9.6.2\" \/>\n\t\t<meta property=\"og:locale\" content=\"es_ES\" \/>\n\t\t<meta property=\"og:site_name\" content=\"Cand\u00e1s 365\" \/>\n\t\t<meta property=\"og:type\" content=\"article\" \/>\n\t\t<meta property=\"og:title\" content=\"El artista como autor: Fr\u00e1ncfort se abre a nuevos negocios | Cand\u00e1s 365\" \/>\n\t\t<meta property=\"og:description\" content=\"Fr\u00e1ncfort, 16 oct (dpa) - La Feria del Libro de Fr\u00e1ncfort es cada a\u00f1o m\u00e1s creativa, sobre todo, en lo que se refiere al negocio editorial. En esta edici\u00f3n, los visitantes podr\u00e1n descubrir entre los expositores a algunos de los principales referentes art\u00edsticos a nivel global. Bajo el lema &quot;The Arts+&quot; aterrizan en la ciudad\" \/>\n\t\t<meta property=\"og:url\" content=\"https:\/\/candas365.es\/noticias\/el-artista-como-autor-francfort-se-abre-a-nuevos-negocios\/\" \/>\n\t\t<meta property=\"og:image\" content=\"https:\/\/candas365.es\/noticias\/wp-content\/uploads\/2015\/09\/c365noticias.jpg\" \/>\n\t\t<meta property=\"og:image:secure_url\" content=\"https:\/\/candas365.es\/noticias\/wp-content\/uploads\/2015\/09\/c365noticias.jpg\" \/>\n\t\t<meta property=\"og:image:width\" content=\"655\" \/>\n\t\t<meta property=\"og:image:height\" content=\"360\" \/>\n\t\t<meta property=\"article:published_time\" content=\"2016-10-16T18:09:08+00:00\" \/>\n\t\t<meta property=\"article:modified_time\" content=\"2016-10-16T18:09:08+00:00\" \/>\n\t\t<meta property=\"article:publisher\" content=\"https:\/\/www.facebook.com\/Nachofdezber\" \/>\n\t\t<meta property=\"article:author\" content=\"https:\/\/www.facebook.com\/carrenoactualidad\" \/>\n\t\t<meta name=\"twitter:card\" content=\"summary_large_image\" \/>\n\t\t<meta name=\"twitter:site\" content=\"@NabercoDigital\" \/>\n\t\t<meta name=\"twitter:title\" content=\"El artista como autor: Fr\u00e1ncfort se abre a nuevos negocios | Cand\u00e1s 365\" \/>\n\t\t<meta name=\"twitter:description\" content=\"Fr\u00e1ncfort, 16 oct (dpa) - La Feria del Libro de Fr\u00e1ncfort es cada a\u00f1o m\u00e1s creativa, sobre todo, en lo que se refiere al negocio editorial. En esta edici\u00f3n, los visitantes podr\u00e1n descubrir entre los expositores a algunos de los principales referentes art\u00edsticos a nivel global. Bajo el lema &quot;The Arts+&quot; aterrizan en la ciudad\" \/>\n\t\t<meta name=\"twitter:creator\" content=\"@nbasturias\" \/>\n\t\t<meta name=\"twitter:image\" content=\"https:\/\/candas365.es\/noticias\/wp-content\/uploads\/2015\/09\/c365noticias.jpg\" \/>\n\t\t<meta name=\"twitter:label1\" content=\"Escrito por\" \/>\n\t\t<meta name=\"twitter:data1\" content=\"Cand\u00e1s 365\" \/>\n\t\t<meta name=\"twitter:label2\" content=\"Tiempo de lectura estimado\" \/>\n\t\t<meta name=\"twitter:data2\" content=\"4 minutos\" \/>\n\t\t<script type=\"application\/ld+json\" class=\"aioseo-schema\">\n\t\t\t{\"@context\":\"https:\\\/\\\/schema.org\",\"@graph\":[{\"@type\":\"BreadcrumbList\",\"@id\":\"https:\\\/\\\/candas365.es\\\/noticias\\\/el-artista-como-autor-francfort-se-abre-a-nuevos-negocios\\\/#breadcrumblist\",\"itemListElement\":[{\"@type\":\"ListItem\",\"@id\":\"https:\\\/\\\/candas365.es\\\/noticias#listItem\",\"position\":1,\"name\":\"Home\",\"item\":\"https:\\\/\\\/candas365.es\\\/noticias\",\"nextItem\":{\"@type\":\"ListItem\",\"@id\":\"https:\\\/\\\/candas365.es\\\/noticias\\\/category\\\/actualidad\\\/#listItem\",\"name\":\"Actualidad\"}},{\"@type\":\"ListItem\",\"@id\":\"https:\\\/\\\/candas365.es\\\/noticias\\\/category\\\/actualidad\\\/#listItem\",\"position\":2,\"name\":\"Actualidad\",\"item\":\"https:\\\/\\\/candas365.es\\\/noticias\\\/category\\\/actualidad\\\/\",\"nextItem\":{\"@type\":\"ListItem\",\"@id\":\"https:\\\/\\\/candas365.es\\\/noticias\\\/el-artista-como-autor-francfort-se-abre-a-nuevos-negocios\\\/#listItem\",\"name\":\"El artista como autor: Fr\\u00e1ncfort se abre a nuevos negocios\"},\"previousItem\":{\"@type\":\"ListItem\",\"@id\":\"https:\\\/\\\/candas365.es\\\/noticias#listItem\",\"name\":\"Home\"}},{\"@type\":\"ListItem\",\"@id\":\"https:\\\/\\\/candas365.es\\\/noticias\\\/el-artista-como-autor-francfort-se-abre-a-nuevos-negocios\\\/#listItem\",\"position\":3,\"name\":\"El artista como autor: Fr\\u00e1ncfort se abre a nuevos negocios\",\"previousItem\":{\"@type\":\"ListItem\",\"@id\":\"https:\\\/\\\/candas365.es\\\/noticias\\\/category\\\/actualidad\\\/#listItem\",\"name\":\"Actualidad\"}}]},{\"@type\":\"NewsArticle\",\"@id\":\"https:\\\/\\\/candas365.es\\\/noticias\\\/el-artista-como-autor-francfort-se-abre-a-nuevos-negocios\\\/#newsarticle\",\"name\":\"El artista como autor: Fr\\u00e1ncfort se abre a nuevos negocios | Cand\\u00e1s 365\",\"headline\":\"El artista como autor: Fr\\u00e1ncfort se abre a nuevos negocios\",\"author\":{\"@id\":\"https:\\\/\\\/candas365.es\\\/noticias\\\/author\\\/admin\\\/#author\"},\"publisher\":{\"@id\":\"https:\\\/\\\/candas365.es\\\/noticias\\\/#organization\"},\"image\":{\"@type\":\"ImageObject\",\"url\":\"https:\\\/\\\/candas365.es\\\/noticias\\\/wp-content\\\/uploads\\\/2015\\\/09\\\/c365noticias.jpg\",\"width\":655,\"height\":360},\"datePublished\":\"2016-10-16T19:39:08+02:00\",\"dateModified\":\"2016-10-16T19:39:08+02:00\",\"inLanguage\":\"es-ES\",\"mainEntityOfPage\":{\"@id\":\"https:\\\/\\\/candas365.es\\\/noticias\\\/el-artista-como-autor-francfort-se-abre-a-nuevos-negocios\\\/#webpage\"},\"isPartOf\":{\"@id\":\"https:\\\/\\\/candas365.es\\\/noticias\\\/el-artista-como-autor-francfort-se-abre-a-nuevos-negocios\\\/#webpage\"},\"articleSection\":\"Actualidad\",\"dateline\":\"Publicado el octubre 16, 2016.\"},{\"@type\":\"Organization\",\"@id\":\"https:\\\/\\\/candas365.es\\\/noticias\\\/#organization\",\"name\":\"Cand\\u00e1s 365\",\"description\":\"Cand\\u00e1s 365 es un diario digital independiente, fundado en 2012, con base en Asturias. Informamos con rigor sobre actualidad, sociedad, cultura y ocio, con una mirada local y global.\",\"url\":\"https:\\\/\\\/candas365.es\\\/noticias\\\/\",\"email\":\"info@candas365.es\",\"telephone\":\"+34652131393\",\"foundingDate\":\"2012-06-10\",\"logo\":{\"@type\":\"ImageObject\",\"url\":\"https:\\\/\\\/candas365.es\\\/noticias\\\/wp-content\\\/uploads\\\/2024\\\/09\\\/Candas-365-Redes.jpg\",\"@id\":\"https:\\\/\\\/candas365.es\\\/noticias\\\/el-artista-como-autor-francfort-se-abre-a-nuevos-negocios\\\/#organizationLogo\",\"width\":1152,\"height\":864,\"caption\":\"Cand\\u00e1s 365 Redes\"},\"image\":{\"@id\":\"https:\\\/\\\/candas365.es\\\/noticias\\\/el-artista-como-autor-francfort-se-abre-a-nuevos-negocios\\\/#organizationLogo\"},\"sameAs\":[\"https:\\\/\\\/www.facebook.com\\\/Nachofdezber\",\"https:\\\/\\\/x.com\\\/NabercoDigital\",\"https:\\\/\\\/www.instagram.com\\\/nachofdezber\\\/\",\"https:\\\/\\\/www.youtube.com\\\/channel\\\/UCZP-2wLEB9Rv6erhFmqVnvg\"],\"address\":{\"@id\":\"https:\\\/\\\/candas365.es\\\/noticias\\\/#postaladdress\",\"@type\":\"PostalAddress\",\"streetAddress\":\"san antonio 4, san antonio 4\",\"postalCode\":\"33430\",\"addressLocality\":\"Cand\\u00e1s\",\"addressRegion\":\"Asturias\",\"addressCountry\":\"ES\"}},{\"@type\":\"Person\",\"@id\":\"https:\\\/\\\/candas365.es\\\/noticias\\\/author\\\/admin\\\/#author\",\"url\":\"https:\\\/\\\/candas365.es\\\/noticias\\\/author\\\/admin\\\/\",\"name\":\"Cand\\u00e1s 365\",\"image\":{\"@type\":\"ImageObject\",\"@id\":\"https:\\\/\\\/candas365.es\\\/noticias\\\/el-artista-como-autor-francfort-se-abre-a-nuevos-negocios\\\/#authorImage\",\"url\":\"https:\\\/\\\/secure.gravatar.com\\\/avatar\\\/496a8e03d0c493ede1718b7934145dbdf8d89be1036b0eec9544e1094c9de390?s=96&d=mm&r=g\",\"width\":96,\"height\":96,\"caption\":\"Cand\\u00e1s 365\"},\"sameAs\":[\"https:\\\/\\\/www.facebook.com\\\/carrenoactualidad\",\"https:\\\/\\\/twitter.com\\\/nbasturias\",\"https:\\\/\\\/www.instagram.com\\\/nachofdezber\\\/\",\"https:\\\/\\\/www.youtube.com\\\/channel\\\/UCZP-2wLEB9Rv6erhFmqVnvg\"]},{\"@type\":\"WebPage\",\"@id\":\"https:\\\/\\\/candas365.es\\\/noticias\\\/el-artista-como-autor-francfort-se-abre-a-nuevos-negocios\\\/#webpage\",\"url\":\"https:\\\/\\\/candas365.es\\\/noticias\\\/el-artista-como-autor-francfort-se-abre-a-nuevos-negocios\\\/\",\"name\":\"El artista como autor: Fr\\u00e1ncfort se abre a nuevos negocios | Cand\\u00e1s 365\",\"description\":\"Fr\\u00e1ncfort, 16 oct (dpa) - La Feria del Libro de Fr\\u00e1ncfort es cada a\\u00f1o m\\u00e1s creativa, sobre todo, en lo que se refiere al negocio editorial. En esta edici\\u00f3n, los visitantes podr\\u00e1n descubrir entre los expositores a algunos de los principales referentes art\\u00edsticos a nivel global. Bajo el lema \\\"The Arts+\\\" aterrizan en la ciudad\",\"inLanguage\":\"es-ES\",\"isPartOf\":{\"@id\":\"https:\\\/\\\/candas365.es\\\/noticias\\\/#website\"},\"breadcrumb\":{\"@id\":\"https:\\\/\\\/candas365.es\\\/noticias\\\/el-artista-como-autor-francfort-se-abre-a-nuevos-negocios\\\/#breadcrumblist\"},\"author\":{\"@id\":\"https:\\\/\\\/candas365.es\\\/noticias\\\/author\\\/admin\\\/#author\"},\"creator\":{\"@id\":\"https:\\\/\\\/candas365.es\\\/noticias\\\/author\\\/admin\\\/#author\"},\"image\":{\"@type\":\"ImageObject\",\"url\":\"https:\\\/\\\/candas365.es\\\/noticias\\\/wp-content\\\/uploads\\\/2015\\\/09\\\/c365noticias.jpg\",\"@id\":\"https:\\\/\\\/candas365.es\\\/noticias\\\/el-artista-como-autor-francfort-se-abre-a-nuevos-negocios\\\/#mainImage\",\"width\":655,\"height\":360},\"primaryImageOfPage\":{\"@id\":\"https:\\\/\\\/candas365.es\\\/noticias\\\/el-artista-como-autor-francfort-se-abre-a-nuevos-negocios\\\/#mainImage\"},\"datePublished\":\"2016-10-16T19:39:08+02:00\",\"dateModified\":\"2016-10-16T19:39:08+02:00\"},{\"@type\":\"WebSite\",\"@id\":\"https:\\\/\\\/candas365.es\\\/noticias\\\/#website\",\"url\":\"https:\\\/\\\/candas365.es\\\/noticias\\\/\",\"name\":\"Cand\\u00e1s 365\",\"alternateName\":\"Cand\\u00e1s 365 Noticias\",\"description\":\"Actualidad desde Carre\\u00f1o para el mundo\",\"inLanguage\":\"es-ES\",\"publisher\":{\"@id\":\"https:\\\/\\\/candas365.es\\\/noticias\\\/#organization\"}}]}\n\t\t<\/script>\n\t\t<!-- All in One SEO Pro -->\r\n\t\t<title>El artista como autor: Fr\u00e1ncfort se abre a nuevos negocios | Cand\u00e1s 365<\/title>\n\n","aioseo_head_json":{"title":"El artista como autor: Fr\u00e1ncfort se abre a nuevos negocios | Cand\u00e1s 365","description":"Fr\u00e1ncfort, 16 oct (dpa) - La Feria del Libro de Fr\u00e1ncfort es cada a\u00f1o m\u00e1s creativa, sobre todo, en lo que se refiere al negocio editorial. En esta edici\u00f3n, los visitantes podr\u00e1n descubrir entre los expositores a algunos de los principales referentes art\u00edsticos a nivel global. Bajo el lema \"The Arts+\" aterrizan en la ciudad","canonical_url":"https:\/\/candas365.es\/noticias\/el-artista-como-autor-francfort-se-abre-a-nuevos-negocios\/","robots":"max-image-preview:large","keywords":"actualidad","webmasterTools":{"google-site-verification":"UA-32230408-1","msvalidate.01":"354F3CDFB2DA171B47FBE9ABF1F88D5","miscellaneous":""},"schema":{"@context":"https:\/\/schema.org","@graph":[{"@type":"BreadcrumbList","@id":"https:\/\/candas365.es\/noticias\/el-artista-como-autor-francfort-se-abre-a-nuevos-negocios\/#breadcrumblist","itemListElement":[{"@type":"ListItem","@id":"https:\/\/candas365.es\/noticias#listItem","position":1,"name":"Home","item":"https:\/\/candas365.es\/noticias","nextItem":{"@type":"ListItem","@id":"https:\/\/candas365.es\/noticias\/category\/actualidad\/#listItem","name":"Actualidad"}},{"@type":"ListItem","@id":"https:\/\/candas365.es\/noticias\/category\/actualidad\/#listItem","position":2,"name":"Actualidad","item":"https:\/\/candas365.es\/noticias\/category\/actualidad\/","nextItem":{"@type":"ListItem","@id":"https:\/\/candas365.es\/noticias\/el-artista-como-autor-francfort-se-abre-a-nuevos-negocios\/#listItem","name":"El artista como autor: Fr\u00e1ncfort se abre a nuevos negocios"},"previousItem":{"@type":"ListItem","@id":"https:\/\/candas365.es\/noticias#listItem","name":"Home"}},{"@type":"ListItem","@id":"https:\/\/candas365.es\/noticias\/el-artista-como-autor-francfort-se-abre-a-nuevos-negocios\/#listItem","position":3,"name":"El artista como autor: Fr\u00e1ncfort se abre a nuevos negocios","previousItem":{"@type":"ListItem","@id":"https:\/\/candas365.es\/noticias\/category\/actualidad\/#listItem","name":"Actualidad"}}]},{"@type":"NewsArticle","@id":"https:\/\/candas365.es\/noticias\/el-artista-como-autor-francfort-se-abre-a-nuevos-negocios\/#newsarticle","name":"El artista como autor: Fr\u00e1ncfort se abre a nuevos negocios | Cand\u00e1s 365","headline":"El artista como autor: Fr\u00e1ncfort se abre a nuevos negocios","author":{"@id":"https:\/\/candas365.es\/noticias\/author\/admin\/#author"},"publisher":{"@id":"https:\/\/candas365.es\/noticias\/#organization"},"image":{"@type":"ImageObject","url":"https:\/\/candas365.es\/noticias\/wp-content\/uploads\/2015\/09\/c365noticias.jpg","width":655,"height":360},"datePublished":"2016-10-16T19:39:08+02:00","dateModified":"2016-10-16T19:39:08+02:00","inLanguage":"es-ES","mainEntityOfPage":{"@id":"https:\/\/candas365.es\/noticias\/el-artista-como-autor-francfort-se-abre-a-nuevos-negocios\/#webpage"},"isPartOf":{"@id":"https:\/\/candas365.es\/noticias\/el-artista-como-autor-francfort-se-abre-a-nuevos-negocios\/#webpage"},"articleSection":"Actualidad","dateline":"Publicado el octubre 16, 2016."},{"@type":"Organization","@id":"https:\/\/candas365.es\/noticias\/#organization","name":"Cand\u00e1s 365","description":"Cand\u00e1s 365 es un diario digital independiente, fundado en 2012, con base en Asturias. Informamos con rigor sobre actualidad, sociedad, cultura y ocio, con una mirada local y global.","url":"https:\/\/candas365.es\/noticias\/","email":"info@candas365.es","telephone":"+34652131393","foundingDate":"2012-06-10","logo":{"@type":"ImageObject","url":"https:\/\/candas365.es\/noticias\/wp-content\/uploads\/2024\/09\/Candas-365-Redes.jpg","@id":"https:\/\/candas365.es\/noticias\/el-artista-como-autor-francfort-se-abre-a-nuevos-negocios\/#organizationLogo","width":1152,"height":864,"caption":"Cand\u00e1s 365 Redes"},"image":{"@id":"https:\/\/candas365.es\/noticias\/el-artista-como-autor-francfort-se-abre-a-nuevos-negocios\/#organizationLogo"},"sameAs":["https:\/\/www.facebook.com\/Nachofdezber","https:\/\/x.com\/NabercoDigital","https:\/\/www.instagram.com\/nachofdezber\/","https:\/\/www.youtube.com\/channel\/UCZP-2wLEB9Rv6erhFmqVnvg"],"address":{"@id":"https:\/\/candas365.es\/noticias\/#postaladdress","@type":"PostalAddress","streetAddress":"san antonio 4, san antonio 4","postalCode":"33430","addressLocality":"Cand\u00e1s","addressRegion":"Asturias","addressCountry":"ES"}},{"@type":"Person","@id":"https:\/\/candas365.es\/noticias\/author\/admin\/#author","url":"https:\/\/candas365.es\/noticias\/author\/admin\/","name":"Cand\u00e1s 365","image":{"@type":"ImageObject","@id":"https:\/\/candas365.es\/noticias\/el-artista-como-autor-francfort-se-abre-a-nuevos-negocios\/#authorImage","url":"https:\/\/secure.gravatar.com\/avatar\/496a8e03d0c493ede1718b7934145dbdf8d89be1036b0eec9544e1094c9de390?s=96&d=mm&r=g","width":96,"height":96,"caption":"Cand\u00e1s 365"},"sameAs":["https:\/\/www.facebook.com\/carrenoactualidad","https:\/\/twitter.com\/nbasturias","https:\/\/www.instagram.com\/nachofdezber\/","https:\/\/www.youtube.com\/channel\/UCZP-2wLEB9Rv6erhFmqVnvg"]},{"@type":"WebPage","@id":"https:\/\/candas365.es\/noticias\/el-artista-como-autor-francfort-se-abre-a-nuevos-negocios\/#webpage","url":"https:\/\/candas365.es\/noticias\/el-artista-como-autor-francfort-se-abre-a-nuevos-negocios\/","name":"El artista como autor: Fr\u00e1ncfort se abre a nuevos negocios | Cand\u00e1s 365","description":"Fr\u00e1ncfort, 16 oct (dpa) - La Feria del Libro de Fr\u00e1ncfort es cada a\u00f1o m\u00e1s creativa, sobre todo, en lo que se refiere al negocio editorial. En esta edici\u00f3n, los visitantes podr\u00e1n descubrir entre los expositores a algunos de los principales referentes art\u00edsticos a nivel global. Bajo el lema \"The Arts+\" aterrizan en la ciudad","inLanguage":"es-ES","isPartOf":{"@id":"https:\/\/candas365.es\/noticias\/#website"},"breadcrumb":{"@id":"https:\/\/candas365.es\/noticias\/el-artista-como-autor-francfort-se-abre-a-nuevos-negocios\/#breadcrumblist"},"author":{"@id":"https:\/\/candas365.es\/noticias\/author\/admin\/#author"},"creator":{"@id":"https:\/\/candas365.es\/noticias\/author\/admin\/#author"},"image":{"@type":"ImageObject","url":"https:\/\/candas365.es\/noticias\/wp-content\/uploads\/2015\/09\/c365noticias.jpg","@id":"https:\/\/candas365.es\/noticias\/el-artista-como-autor-francfort-se-abre-a-nuevos-negocios\/#mainImage","width":655,"height":360},"primaryImageOfPage":{"@id":"https:\/\/candas365.es\/noticias\/el-artista-como-autor-francfort-se-abre-a-nuevos-negocios\/#mainImage"},"datePublished":"2016-10-16T19:39:08+02:00","dateModified":"2016-10-16T19:39:08+02:00"},{"@type":"WebSite","@id":"https:\/\/candas365.es\/noticias\/#website","url":"https:\/\/candas365.es\/noticias\/","name":"Cand\u00e1s 365","alternateName":"Cand\u00e1s 365 Noticias","description":"Actualidad desde Carre\u00f1o para el mundo","inLanguage":"es-ES","publisher":{"@id":"https:\/\/candas365.es\/noticias\/#organization"}}]},"og:locale":"es_ES","og:site_name":"Cand\u00e1s 365","og:type":"article","og:title":"El artista como autor: Fr\u00e1ncfort se abre a nuevos negocios | Cand\u00e1s 365","og:description":"Fr\u00e1ncfort, 16 oct (dpa) - La Feria del Libro de Fr\u00e1ncfort es cada a\u00f1o m\u00e1s creativa, sobre todo, en lo que se refiere al negocio editorial. En esta edici\u00f3n, los visitantes podr\u00e1n descubrir entre los expositores a algunos de los principales referentes art\u00edsticos a nivel global. Bajo el lema &quot;The Arts+&quot; aterrizan en la ciudad","og:url":"https:\/\/candas365.es\/noticias\/el-artista-como-autor-francfort-se-abre-a-nuevos-negocios\/","og:image":"https:\/\/candas365.es\/noticias\/wp-content\/uploads\/2015\/09\/c365noticias.jpg","og:image:secure_url":"https:\/\/candas365.es\/noticias\/wp-content\/uploads\/2015\/09\/c365noticias.jpg","og:image:width":655,"og:image:height":360,"article:published_time":"2016-10-16T18:09:08+00:00","article:modified_time":"2016-10-16T18:09:08+00:00","article:publisher":"https:\/\/www.facebook.com\/Nachofdezber","article:author":"https:\/\/www.facebook.com\/carrenoactualidad","twitter:card":"summary_large_image","twitter:site":"@NabercoDigital","twitter:title":"El artista como autor: Fr\u00e1ncfort se abre a nuevos negocios | Cand\u00e1s 365","twitter:description":"Fr\u00e1ncfort, 16 oct (dpa) - La Feria del Libro de Fr\u00e1ncfort es cada a\u00f1o m\u00e1s creativa, sobre todo, en lo que se refiere al negocio editorial. En esta edici\u00f3n, los visitantes podr\u00e1n descubrir entre los expositores a algunos de los principales referentes art\u00edsticos a nivel global. Bajo el lema &quot;The Arts+&quot; aterrizan en la ciudad","twitter:creator":"@nbasturias","twitter:image":"https:\/\/candas365.es\/noticias\/wp-content\/uploads\/2015\/09\/c365noticias.jpg","twitter:label1":"Escrito por","twitter:data1":"Cand\u00e1s 365","twitter:label2":"Tiempo de lectura estimado","twitter:data2":"4 minutos"},"aioseo_meta_data":{"post_id":"33852","title":null,"description":null,"keywords":null,"keyphrases":null,"primary_term":null,"canonical_url":null,"og_title":null,"og_description":null,"og_object_type":"default","og_image_type":"default","og_image_url":null,"og_image_width":null,"og_image_height":null,"og_image_custom_url":null,"og_image_custom_fields":null,"og_video":null,"og_custom_url":null,"og_article_section":null,"og_article_tags":null,"twitter_use_og":false,"twitter_card":"default","twitter_image_type":"default","twitter_image_url":null,"twitter_image_custom_url":null,"twitter_image_custom_fields":null,"twitter_title":null,"twitter_description":null,"schema":{"blockGraphs":[],"customGraphs":[],"default":{"data":{"Article":[],"Course":[],"Dataset":[],"FAQPage":[],"Movie":[],"Person":[],"Product":[],"ProductReview":[],"Car":[],"Recipe":[],"Service":[],"SoftwareApplication":[],"WebPage":[]},"graphName":"","isEnabled":true},"graphs":[],"defaultGraph":"","defaultPostTypeGraph":""},"schema_type":null,"schema_type_options":null,"pillar_content":false,"robots_default":true,"robots_noindex":false,"robots_noarchive":false,"robots_nosnippet":false,"robots_nofollow":false,"robots_noimageindex":false,"robots_noodp":false,"robots_notranslate":false,"robots_max_snippet":null,"robots_max_videopreview":null,"robots_max_imagepreview":"large","priority":null,"frequency":null,"location":null,"local_seo":null,"seo_analyzer_scan_date":"2025-08-24 17:04:12","breadcrumb_settings":null,"limit_modified_date":false,"reviewed_by":null,"open_ai":null,"ai":null,"created":"2020-12-21 13:07:12","updated":"2025-08-24 17:04:12"},"aioseo_breadcrumb":"<div class=\"aioseo-breadcrumbs\"><span class=\"aioseo-breadcrumb\">\n\t<a href=\"https:\/\/candas365.es\/noticias\" title=\"Home\">Home<\/a>\n<\/span><span class=\"aioseo-breadcrumb-separator\">&ndash;<\/span><span class=\"aioseo-breadcrumb\">\n\t<a href=\"https:\/\/candas365.es\/noticias\/category\/actualidad\/\" title=\"Actualidad\">Actualidad<\/a>\n<\/span><span class=\"aioseo-breadcrumb-separator\">&ndash;<\/span><span class=\"aioseo-breadcrumb\">\n\tEl artista como autor: Fr\u00e1ncfort se abre a nuevos negocios\n<\/span><\/div>","aioseo_breadcrumb_json":[{"label":"Home","link":"https:\/\/candas365.es\/noticias"},{"label":"Actualidad","link":"https:\/\/candas365.es\/noticias\/category\/actualidad\/"},{"label":"El artista como autor: Fr\u00e1ncfort se abre a nuevos negocios","link":"https:\/\/candas365.es\/noticias\/el-artista-como-autor-francfort-se-abre-a-nuevos-negocios\/"}],"_links":{"self":[{"href":"https:\/\/candas365.es\/noticias\/wp-json\/wp\/v2\/posts\/33852","targetHints":{"allow":["GET"]}}],"collection":[{"href":"https:\/\/candas365.es\/noticias\/wp-json\/wp\/v2\/posts"}],"about":[{"href":"https:\/\/candas365.es\/noticias\/wp-json\/wp\/v2\/types\/post"}],"author":[{"embeddable":true,"href":"https:\/\/candas365.es\/noticias\/wp-json\/wp\/v2\/users\/1"}],"replies":[{"embeddable":true,"href":"https:\/\/candas365.es\/noticias\/wp-json\/wp\/v2\/comments?post=33852"}],"version-history":[{"count":0,"href":"https:\/\/candas365.es\/noticias\/wp-json\/wp\/v2\/posts\/33852\/revisions"}],"wp:featuredmedia":[{"embeddable":true,"href":"https:\/\/candas365.es\/noticias\/wp-json\/wp\/v2\/media\/16457"}],"wp:attachment":[{"href":"https:\/\/candas365.es\/noticias\/wp-json\/wp\/v2\/media?parent=33852"}],"wp:term":[{"taxonomy":"category","embeddable":true,"href":"https:\/\/candas365.es\/noticias\/wp-json\/wp\/v2\/categories?post=33852"},{"taxonomy":"post_tag","embeddable":true,"href":"https:\/\/candas365.es\/noticias\/wp-json\/wp\/v2\/tags?post=33852"}],"curies":[{"name":"wp","href":"https:\/\/api.w.org\/{rel}","templated":true}]}}