{"id":33784,"date":"2016-10-16T01:40:35","date_gmt":"2016-10-16T00:10:35","guid":{"rendered":"http:\/\/candas365.es\/noticias\/?p=33784"},"modified":"2016-10-16T01:40:35","modified_gmt":"2016-10-16T00:10:35","slug":"el-bayern-sigue-sin-levantar-cabeza-y-empata-2-2-ante-el-frankfurt","status":"publish","type":"post","link":"https:\/\/candas365.es\/noticias\/el-bayern-sigue-sin-levantar-cabeza-y-empata-2-2-ante-el-frankfurt\/","title":{"rendered":"El Bayern sigue sin levantar cabeza y empata 2-2 ante el Frankfurt"},"content":{"rendered":"<p>Berl\u00edn, 15 oct (dpa)\u00a0&#8211; El Bayern M\u00fanich igual\u00f3 hoy 2-2 en su visita al campo del Eintracht Frankfurt en la s\u00e9ptima fecha de la Liga Alemana de f\u00fatbol y desaprovech\u00f3 as\u00ed el empate del Borussia Dortmund y el Hertha para ampliar su distancia en la cabeza de la tabla.<\/p>\n<p>Los goles de Arjen Robben (10&#8242;) y de Joshua Kimmich (62&#8242;) no fueron suficientes para dejar atr\u00e1s la mala racha del equipo de Carlo Ancelotti en el que es el tercer partido oficial consecutivo sin conseguir la victoria.<\/p>\n<p>No obstante, los b\u00e1varos siguen l\u00edderes con 17 puntos, dos por delante del Colonia, que gan\u00f3 2-1 al Ingolstadt y adelant\u00f3 as\u00ed a Hertha y Dortmund, que no consiguieron pasar del empate a uno el viernes.<\/p>\n<p>\u00abJugamos ante un rival agresivo. Creo que el 2-2 es un resultado justo\u00bb, coment\u00f3 el t\u00e9cnico italiano durante la rueda de prensa posterior al encuentro. \u00abNo jugamos bien y no hemos tenido una buena actitud\u00bb, reconoci\u00f3.<\/p>\n<p>El presidente de la junta directiva, Karl-Heinz Rummenigge, se mostr\u00f3 m\u00e1s duro a la hora de valorar el encuentro. \u00abAs\u00ed, como jugamos en la primera parte, no era el Bayern M\u00fanich\u00bb, declar\u00f3. \u00abDebemos mostrar r\u00e1pidamente otro juego, ya el mi\u00e9rcoles, si no tendremos un problema\u00bb, agreg\u00f3.<\/p>\n<p>El Bayern buscaba la victoria para lograr una dosis de confianza de cara al encuentro ante el PSV Eindhoven el mi\u00e9rcoles en Liga de Campeones, despu\u00e9s de su derrota 1-0 ante el Atl\u00e9tico de Madrid en la Champions League y el empate 1-1 ante el Colonia unos d\u00edas despu\u00e9s en la Bundesliga.<\/p>\n<p>Sin embargo, el Frankfurt cumpli\u00f3 con su promesa de plantar cara a los b\u00e1varos.<\/p>\n<p>\u00abTuve una buena impresi\u00f3n del equipo en el transcurso de la semana. El equipo ha aplicado muy bien lo entrenado\u00bb, explic\u00f3 el t\u00e9cnico del Frankfurt, Niko Kovac.<\/p>\n<p>Al contrario que en \u00faltimo partido de Liga, Ancelotti decidi\u00f3 sacar en el once titular a Philipp Lahm, Jerome Boateng, David Alaba, Thiago Alc\u00e1ntara y Thomas M\u00fcller en lugar de Javi Mart\u00ednez, de baja por problemas en los abductores, Juan Bernat, Rafinha, Renato Sanches y Robert Lewandowski.<\/p>\n<p>El Bayern abri\u00f3 el marcador en el minuto diez tras un largo pase de Mats Hummels a Alaba, que centr\u00f3 inmediatamente desde la izquierda a Arjen Robben para que remetara a gol desde seis metros.<\/p>\n<p>Sin embargo, lejos de lo que parec\u00eda augurar el gol tan temprano del campe\u00f3n alem\u00e1n, los b\u00e1varos apenas lograron llegar al \u00e1rea contraria, donde el Frankfurt mantuvo una f\u00e9rrea defensa, y perdieron el bal\u00f3n en numerosas ocasiones en el centro del campo en una serie de errores evitables.<\/p>\n<p>A dos minutos del descanso, el centrocampista h\u00fangaro del Frankfurt Szabolcs Huszti anot\u00f3 el anunciado gol del empate tras pase de Bastian Oczipka poniendo fin a una larga serie sin goles de los locales ante el Bayern.<\/p>\n<p>En la segunda parte, Ancelotti decidi\u00f3 sacar al portugu\u00e9s Sanches por Xabi Alonso en un intento por recuperar las riendas del partido y volver a adelantar a los b\u00e1varos en el marcador, algo que acab\u00f3 logrando Kimmich en el minuto 62 tras una asistencia de Hummels.<\/p>\n<p>No obstante, Marco Fabian en el minuto 78 volvi\u00f3 a frustrar el objetivo del Bayern de dejar atr\u00e1s la mala racha de los \u00faltimos encuentros donde su debilidad llev\u00f3 a los medios alemanes a hablar de una \u00abmini crisis\u00bb.<\/p>\n<p>El salto al terreno de juego de Lewandowski por Kingsley Coman y de Rafinha por Robben no lograron los ansiados tres puntos del encuentro en el estadio del Frankfurt.<\/p>\n<p>El Bayer Leverkusen defraud\u00f3 en su visita al Werder Bremen al caer por 2-1, lo que lo deja noveno en la tabla con apenas diez puntos en siete jornadas.<\/p>\n<p>Zlatko Junuzovic y Ousamn Manneh marcaron para los locales, mientras que Hakan Calhanoglu empat\u00f3 temporalmente.<\/p>\n<p>La victoria, segunda de la temporada para el Bremen, llega justo despu\u00e9s de que Alexander Nouri fuera confirmado como entrenador jefe y significa un gran paso para el equipo en su lucha por salir del fondo de la clasificaci\u00f3n.<\/p>\n<p>En el resto de partidos de la jornada, el Borussia M\u00f6nchengladbach empat\u00f3 en casa ante el Hamburgo en un partido sin goles, el Hoffenheim gan\u00f3 2-1 al Freiburg y el Augsburg empat\u00f3 a uno en su estadio ante el Schalke.<\/p>\n<p><span class=\" readonly\" title=\"\"><em>Por Almudena de Cabo <\/em><\/span><\/p>\n","protected":false},"excerpt":{"rendered":"<p>Berl\u00edn, 15 oct (dpa)\u00a0&#8211; El Bayern M\u00fanich igual\u00f3 hoy 2-2 en su visita al campo del Eintracht Frankfurt en la s\u00e9ptima fecha de la Liga Alemana de f\u00fatbol y desaprovech\u00f3 as\u00ed el empate del Borussia Dortmund y el Hertha para ampliar su distancia en la cabeza de la tabla. Los goles de Arjen Robben (10&#8242;)<\/p>\n","protected":false},"author":1,"featured_media":16457,"comment_status":"closed","ping_status":"closed","sticky":false,"template":"","format":"standard","meta":{"footnotes":""},"categories":[343],"tags":[],"class_list":{"0":"post-33784","1":"post","2":"type-post","3":"status-publish","4":"format-standard","5":"has-post-thumbnail","7":"category-actualidad"},"aioseo_notices":[],"aioseo_head":"\n\t\t<!-- All in One SEO Pro 4.9.6.2 - aioseo.com -->\n\t<meta name=\"description\" content=\"Berl\u00edn, 15 oct (dpa) - El Bayern M\u00fanich igual\u00f3 hoy 2-2 en su visita al campo del Eintracht Frankfurt en la s\u00e9ptima fecha de la Liga Alemana de f\u00fatbol y desaprovech\u00f3 as\u00ed el empate del Borussia Dortmund y el Hertha para ampliar su distancia en la cabeza de la tabla. Los goles de Arjen Robben (10&#039;)\" \/>\n\t<meta name=\"robots\" content=\"max-image-preview:large\" \/>\n\t<meta name=\"author\" content=\"Cand\u00e1s 365\"\/>\n\t<meta name=\"google-site-verification\" content=\"UA-32230408-1\" \/>\n\t<meta name=\"msvalidate.01\" content=\"354F3CDFB2DA171B47FBE9ABF1F88D5\" \/>\n\t<meta name=\"keywords\" content=\"actualidad\" \/>\n\t<link rel=\"canonical\" href=\"https:\/\/candas365.es\/noticias\/el-bayern-sigue-sin-levantar-cabeza-y-empata-2-2-ante-el-frankfurt\/\" \/>\n\t<meta name=\"generator\" content=\"All in One SEO Pro (AIOSEO) 4.9.6.2\" \/>\n\t\t<meta property=\"og:locale\" content=\"es_ES\" \/>\n\t\t<meta property=\"og:site_name\" content=\"Cand\u00e1s 365\" \/>\n\t\t<meta property=\"og:type\" content=\"article\" \/>\n\t\t<meta property=\"og:title\" content=\"El Bayern sigue sin levantar cabeza y empata 2-2 ante el Frankfurt | Cand\u00e1s 365\" \/>\n\t\t<meta property=\"og:description\" content=\"Berl\u00edn, 15 oct (dpa) - El Bayern M\u00fanich igual\u00f3 hoy 2-2 en su visita al campo del Eintracht Frankfurt en la s\u00e9ptima fecha de la Liga Alemana de f\u00fatbol y desaprovech\u00f3 as\u00ed el empate del Borussia Dortmund y el Hertha para ampliar su distancia en la cabeza de la tabla. Los goles de Arjen Robben (10&#039;)\" \/>\n\t\t<meta property=\"og:url\" content=\"https:\/\/candas365.es\/noticias\/el-bayern-sigue-sin-levantar-cabeza-y-empata-2-2-ante-el-frankfurt\/\" \/>\n\t\t<meta property=\"og:image\" content=\"https:\/\/candas365.es\/noticias\/wp-content\/uploads\/2015\/09\/c365noticias.jpg\" \/>\n\t\t<meta property=\"og:image:secure_url\" content=\"https:\/\/candas365.es\/noticias\/wp-content\/uploads\/2015\/09\/c365noticias.jpg\" \/>\n\t\t<meta property=\"og:image:width\" content=\"655\" \/>\n\t\t<meta property=\"og:image:height\" content=\"360\" \/>\n\t\t<meta property=\"article:published_time\" content=\"2016-10-16T00:10:35+00:00\" \/>\n\t\t<meta property=\"article:modified_time\" content=\"2016-10-16T00:10:35+00:00\" \/>\n\t\t<meta property=\"article:publisher\" content=\"https:\/\/www.facebook.com\/Nachofdezber\" \/>\n\t\t<meta property=\"article:author\" content=\"https:\/\/www.facebook.com\/carrenoactualidad\" \/>\n\t\t<meta name=\"twitter:card\" content=\"summary_large_image\" \/>\n\t\t<meta name=\"twitter:site\" content=\"@NabercoDigital\" \/>\n\t\t<meta name=\"twitter:title\" content=\"El Bayern sigue sin levantar cabeza y empata 2-2 ante el Frankfurt | Cand\u00e1s 365\" \/>\n\t\t<meta name=\"twitter:description\" content=\"Berl\u00edn, 15 oct (dpa) - El Bayern M\u00fanich igual\u00f3 hoy 2-2 en su visita al campo del Eintracht Frankfurt en la s\u00e9ptima fecha de la Liga Alemana de f\u00fatbol y desaprovech\u00f3 as\u00ed el empate del Borussia Dortmund y el Hertha para ampliar su distancia en la cabeza de la tabla. Los goles de Arjen Robben (10&#039;)\" \/>\n\t\t<meta name=\"twitter:creator\" content=\"@nbasturias\" \/>\n\t\t<meta name=\"twitter:image\" content=\"https:\/\/candas365.es\/noticias\/wp-content\/uploads\/2015\/09\/c365noticias.jpg\" \/>\n\t\t<meta name=\"twitter:label1\" content=\"Escrito por\" \/>\n\t\t<meta name=\"twitter:data1\" content=\"Cand\u00e1s 365\" \/>\n\t\t<meta name=\"twitter:label2\" content=\"Tiempo de lectura estimado\" \/>\n\t\t<meta name=\"twitter:data2\" content=\"4 minutos\" \/>\n\t\t<script type=\"application\/ld+json\" class=\"aioseo-schema\">\n\t\t\t{\"@context\":\"https:\\\/\\\/schema.org\",\"@graph\":[{\"@type\":\"BreadcrumbList\",\"@id\":\"https:\\\/\\\/candas365.es\\\/noticias\\\/el-bayern-sigue-sin-levantar-cabeza-y-empata-2-2-ante-el-frankfurt\\\/#breadcrumblist\",\"itemListElement\":[{\"@type\":\"ListItem\",\"@id\":\"https:\\\/\\\/candas365.es\\\/noticias#listItem\",\"position\":1,\"name\":\"Home\",\"item\":\"https:\\\/\\\/candas365.es\\\/noticias\",\"nextItem\":{\"@type\":\"ListItem\",\"@id\":\"https:\\\/\\\/candas365.es\\\/noticias\\\/category\\\/actualidad\\\/#listItem\",\"name\":\"Actualidad\"}},{\"@type\":\"ListItem\",\"@id\":\"https:\\\/\\\/candas365.es\\\/noticias\\\/category\\\/actualidad\\\/#listItem\",\"position\":2,\"name\":\"Actualidad\",\"item\":\"https:\\\/\\\/candas365.es\\\/noticias\\\/category\\\/actualidad\\\/\",\"nextItem\":{\"@type\":\"ListItem\",\"@id\":\"https:\\\/\\\/candas365.es\\\/noticias\\\/el-bayern-sigue-sin-levantar-cabeza-y-empata-2-2-ante-el-frankfurt\\\/#listItem\",\"name\":\"El Bayern sigue sin levantar cabeza y empata 2-2 ante el Frankfurt\"},\"previousItem\":{\"@type\":\"ListItem\",\"@id\":\"https:\\\/\\\/candas365.es\\\/noticias#listItem\",\"name\":\"Home\"}},{\"@type\":\"ListItem\",\"@id\":\"https:\\\/\\\/candas365.es\\\/noticias\\\/el-bayern-sigue-sin-levantar-cabeza-y-empata-2-2-ante-el-frankfurt\\\/#listItem\",\"position\":3,\"name\":\"El Bayern sigue sin levantar cabeza y empata 2-2 ante el Frankfurt\",\"previousItem\":{\"@type\":\"ListItem\",\"@id\":\"https:\\\/\\\/candas365.es\\\/noticias\\\/category\\\/actualidad\\\/#listItem\",\"name\":\"Actualidad\"}}]},{\"@type\":\"NewsArticle\",\"@id\":\"https:\\\/\\\/candas365.es\\\/noticias\\\/el-bayern-sigue-sin-levantar-cabeza-y-empata-2-2-ante-el-frankfurt\\\/#newsarticle\",\"name\":\"El Bayern sigue sin levantar cabeza y empata 2-2 ante el Frankfurt | Cand\\u00e1s 365\",\"headline\":\"El Bayern sigue sin levantar cabeza y empata 2-2 ante el Frankfurt\",\"author\":{\"@id\":\"https:\\\/\\\/candas365.es\\\/noticias\\\/author\\\/admin\\\/#author\"},\"publisher\":{\"@id\":\"https:\\\/\\\/candas365.es\\\/noticias\\\/#organization\"},\"image\":{\"@type\":\"ImageObject\",\"url\":\"https:\\\/\\\/candas365.es\\\/noticias\\\/wp-content\\\/uploads\\\/2015\\\/09\\\/c365noticias.jpg\",\"width\":655,\"height\":360},\"datePublished\":\"2016-10-16T01:40:35+02:00\",\"dateModified\":\"2016-10-16T01:40:35+02:00\",\"inLanguage\":\"es-ES\",\"mainEntityOfPage\":{\"@id\":\"https:\\\/\\\/candas365.es\\\/noticias\\\/el-bayern-sigue-sin-levantar-cabeza-y-empata-2-2-ante-el-frankfurt\\\/#webpage\"},\"isPartOf\":{\"@id\":\"https:\\\/\\\/candas365.es\\\/noticias\\\/el-bayern-sigue-sin-levantar-cabeza-y-empata-2-2-ante-el-frankfurt\\\/#webpage\"},\"articleSection\":\"Actualidad\",\"dateline\":\"Publicado el octubre 16, 2016.\"},{\"@type\":\"Organization\",\"@id\":\"https:\\\/\\\/candas365.es\\\/noticias\\\/#organization\",\"name\":\"Cand\\u00e1s 365\",\"description\":\"Cand\\u00e1s 365 es un diario digital independiente, fundado en 2012, con base en Asturias. Informamos con rigor sobre actualidad, sociedad, cultura y ocio, con una mirada local y global.\",\"url\":\"https:\\\/\\\/candas365.es\\\/noticias\\\/\",\"email\":\"info@candas365.es\",\"telephone\":\"+34652131393\",\"foundingDate\":\"2012-06-10\",\"logo\":{\"@type\":\"ImageObject\",\"url\":\"https:\\\/\\\/candas365.es\\\/noticias\\\/wp-content\\\/uploads\\\/2024\\\/09\\\/Candas-365-Redes.jpg\",\"@id\":\"https:\\\/\\\/candas365.es\\\/noticias\\\/el-bayern-sigue-sin-levantar-cabeza-y-empata-2-2-ante-el-frankfurt\\\/#organizationLogo\",\"width\":1152,\"height\":864,\"caption\":\"Cand\\u00e1s 365 Redes\"},\"image\":{\"@id\":\"https:\\\/\\\/candas365.es\\\/noticias\\\/el-bayern-sigue-sin-levantar-cabeza-y-empata-2-2-ante-el-frankfurt\\\/#organizationLogo\"},\"sameAs\":[\"https:\\\/\\\/www.facebook.com\\\/Nachofdezber\",\"https:\\\/\\\/x.com\\\/NabercoDigital\",\"https:\\\/\\\/www.instagram.com\\\/nachofdezber\\\/\",\"https:\\\/\\\/www.youtube.com\\\/channel\\\/UCZP-2wLEB9Rv6erhFmqVnvg\"],\"address\":{\"@id\":\"https:\\\/\\\/candas365.es\\\/noticias\\\/#postaladdress\",\"@type\":\"PostalAddress\",\"streetAddress\":\"san antonio 4, san antonio 4\",\"postalCode\":\"33430\",\"addressLocality\":\"Cand\\u00e1s\",\"addressRegion\":\"Asturias\",\"addressCountry\":\"ES\"}},{\"@type\":\"Person\",\"@id\":\"https:\\\/\\\/candas365.es\\\/noticias\\\/author\\\/admin\\\/#author\",\"url\":\"https:\\\/\\\/candas365.es\\\/noticias\\\/author\\\/admin\\\/\",\"name\":\"Cand\\u00e1s 365\",\"image\":{\"@type\":\"ImageObject\",\"@id\":\"https:\\\/\\\/candas365.es\\\/noticias\\\/el-bayern-sigue-sin-levantar-cabeza-y-empata-2-2-ante-el-frankfurt\\\/#authorImage\",\"url\":\"https:\\\/\\\/secure.gravatar.com\\\/avatar\\\/496a8e03d0c493ede1718b7934145dbdf8d89be1036b0eec9544e1094c9de390?s=96&d=mm&r=g\",\"width\":96,\"height\":96,\"caption\":\"Cand\\u00e1s 365\"},\"sameAs\":[\"https:\\\/\\\/www.facebook.com\\\/carrenoactualidad\",\"https:\\\/\\\/twitter.com\\\/nbasturias\",\"https:\\\/\\\/www.instagram.com\\\/nachofdezber\\\/\",\"https:\\\/\\\/www.youtube.com\\\/channel\\\/UCZP-2wLEB9Rv6erhFmqVnvg\"]},{\"@type\":\"WebPage\",\"@id\":\"https:\\\/\\\/candas365.es\\\/noticias\\\/el-bayern-sigue-sin-levantar-cabeza-y-empata-2-2-ante-el-frankfurt\\\/#webpage\",\"url\":\"https:\\\/\\\/candas365.es\\\/noticias\\\/el-bayern-sigue-sin-levantar-cabeza-y-empata-2-2-ante-el-frankfurt\\\/\",\"name\":\"El Bayern sigue sin levantar cabeza y empata 2-2 ante el Frankfurt | Cand\\u00e1s 365\",\"description\":\"Berl\\u00edn, 15 oct (dpa) - El Bayern M\\u00fanich igual\\u00f3 hoy 2-2 en su visita al campo del Eintracht Frankfurt en la s\\u00e9ptima fecha de la Liga Alemana de f\\u00fatbol y desaprovech\\u00f3 as\\u00ed el empate del Borussia Dortmund y el Hertha para ampliar su distancia en la cabeza de la tabla. Los goles de Arjen Robben (10')\",\"inLanguage\":\"es-ES\",\"isPartOf\":{\"@id\":\"https:\\\/\\\/candas365.es\\\/noticias\\\/#website\"},\"breadcrumb\":{\"@id\":\"https:\\\/\\\/candas365.es\\\/noticias\\\/el-bayern-sigue-sin-levantar-cabeza-y-empata-2-2-ante-el-frankfurt\\\/#breadcrumblist\"},\"author\":{\"@id\":\"https:\\\/\\\/candas365.es\\\/noticias\\\/author\\\/admin\\\/#author\"},\"creator\":{\"@id\":\"https:\\\/\\\/candas365.es\\\/noticias\\\/author\\\/admin\\\/#author\"},\"image\":{\"@type\":\"ImageObject\",\"url\":\"https:\\\/\\\/candas365.es\\\/noticias\\\/wp-content\\\/uploads\\\/2015\\\/09\\\/c365noticias.jpg\",\"@id\":\"https:\\\/\\\/candas365.es\\\/noticias\\\/el-bayern-sigue-sin-levantar-cabeza-y-empata-2-2-ante-el-frankfurt\\\/#mainImage\",\"width\":655,\"height\":360},\"primaryImageOfPage\":{\"@id\":\"https:\\\/\\\/candas365.es\\\/noticias\\\/el-bayern-sigue-sin-levantar-cabeza-y-empata-2-2-ante-el-frankfurt\\\/#mainImage\"},\"datePublished\":\"2016-10-16T01:40:35+02:00\",\"dateModified\":\"2016-10-16T01:40:35+02:00\"},{\"@type\":\"WebSite\",\"@id\":\"https:\\\/\\\/candas365.es\\\/noticias\\\/#website\",\"url\":\"https:\\\/\\\/candas365.es\\\/noticias\\\/\",\"name\":\"Cand\\u00e1s 365\",\"alternateName\":\"Cand\\u00e1s 365 Noticias\",\"description\":\"Actualidad desde Carre\\u00f1o para el mundo\",\"inLanguage\":\"es-ES\",\"publisher\":{\"@id\":\"https:\\\/\\\/candas365.es\\\/noticias\\\/#organization\"}}]}\n\t\t<\/script>\n\t\t<!-- All in One SEO Pro -->\r\n\t\t<title>El Bayern sigue sin levantar cabeza y empata 2-2 ante el Frankfurt | Cand\u00e1s 365<\/title>\n\n","aioseo_head_json":{"title":"El Bayern sigue sin levantar cabeza y empata 2-2 ante el Frankfurt | Cand\u00e1s 365","description":"Berl\u00edn, 15 oct (dpa) - El Bayern M\u00fanich igual\u00f3 hoy 2-2 en su visita al campo del Eintracht Frankfurt en la s\u00e9ptima fecha de la Liga Alemana de f\u00fatbol y desaprovech\u00f3 as\u00ed el empate del Borussia Dortmund y el Hertha para ampliar su distancia en la cabeza de la tabla. Los goles de Arjen Robben (10')","canonical_url":"https:\/\/candas365.es\/noticias\/el-bayern-sigue-sin-levantar-cabeza-y-empata-2-2-ante-el-frankfurt\/","robots":"max-image-preview:large","keywords":"actualidad","webmasterTools":{"google-site-verification":"UA-32230408-1","msvalidate.01":"354F3CDFB2DA171B47FBE9ABF1F88D5","miscellaneous":""},"schema":{"@context":"https:\/\/schema.org","@graph":[{"@type":"BreadcrumbList","@id":"https:\/\/candas365.es\/noticias\/el-bayern-sigue-sin-levantar-cabeza-y-empata-2-2-ante-el-frankfurt\/#breadcrumblist","itemListElement":[{"@type":"ListItem","@id":"https:\/\/candas365.es\/noticias#listItem","position":1,"name":"Home","item":"https:\/\/candas365.es\/noticias","nextItem":{"@type":"ListItem","@id":"https:\/\/candas365.es\/noticias\/category\/actualidad\/#listItem","name":"Actualidad"}},{"@type":"ListItem","@id":"https:\/\/candas365.es\/noticias\/category\/actualidad\/#listItem","position":2,"name":"Actualidad","item":"https:\/\/candas365.es\/noticias\/category\/actualidad\/","nextItem":{"@type":"ListItem","@id":"https:\/\/candas365.es\/noticias\/el-bayern-sigue-sin-levantar-cabeza-y-empata-2-2-ante-el-frankfurt\/#listItem","name":"El Bayern sigue sin levantar cabeza y empata 2-2 ante el Frankfurt"},"previousItem":{"@type":"ListItem","@id":"https:\/\/candas365.es\/noticias#listItem","name":"Home"}},{"@type":"ListItem","@id":"https:\/\/candas365.es\/noticias\/el-bayern-sigue-sin-levantar-cabeza-y-empata-2-2-ante-el-frankfurt\/#listItem","position":3,"name":"El Bayern sigue sin levantar cabeza y empata 2-2 ante el Frankfurt","previousItem":{"@type":"ListItem","@id":"https:\/\/candas365.es\/noticias\/category\/actualidad\/#listItem","name":"Actualidad"}}]},{"@type":"NewsArticle","@id":"https:\/\/candas365.es\/noticias\/el-bayern-sigue-sin-levantar-cabeza-y-empata-2-2-ante-el-frankfurt\/#newsarticle","name":"El Bayern sigue sin levantar cabeza y empata 2-2 ante el Frankfurt | Cand\u00e1s 365","headline":"El Bayern sigue sin levantar cabeza y empata 2-2 ante el Frankfurt","author":{"@id":"https:\/\/candas365.es\/noticias\/author\/admin\/#author"},"publisher":{"@id":"https:\/\/candas365.es\/noticias\/#organization"},"image":{"@type":"ImageObject","url":"https:\/\/candas365.es\/noticias\/wp-content\/uploads\/2015\/09\/c365noticias.jpg","width":655,"height":360},"datePublished":"2016-10-16T01:40:35+02:00","dateModified":"2016-10-16T01:40:35+02:00","inLanguage":"es-ES","mainEntityOfPage":{"@id":"https:\/\/candas365.es\/noticias\/el-bayern-sigue-sin-levantar-cabeza-y-empata-2-2-ante-el-frankfurt\/#webpage"},"isPartOf":{"@id":"https:\/\/candas365.es\/noticias\/el-bayern-sigue-sin-levantar-cabeza-y-empata-2-2-ante-el-frankfurt\/#webpage"},"articleSection":"Actualidad","dateline":"Publicado el octubre 16, 2016."},{"@type":"Organization","@id":"https:\/\/candas365.es\/noticias\/#organization","name":"Cand\u00e1s 365","description":"Cand\u00e1s 365 es un diario digital independiente, fundado en 2012, con base en Asturias. Informamos con rigor sobre actualidad, sociedad, cultura y ocio, con una mirada local y global.","url":"https:\/\/candas365.es\/noticias\/","email":"info@candas365.es","telephone":"+34652131393","foundingDate":"2012-06-10","logo":{"@type":"ImageObject","url":"https:\/\/candas365.es\/noticias\/wp-content\/uploads\/2024\/09\/Candas-365-Redes.jpg","@id":"https:\/\/candas365.es\/noticias\/el-bayern-sigue-sin-levantar-cabeza-y-empata-2-2-ante-el-frankfurt\/#organizationLogo","width":1152,"height":864,"caption":"Cand\u00e1s 365 Redes"},"image":{"@id":"https:\/\/candas365.es\/noticias\/el-bayern-sigue-sin-levantar-cabeza-y-empata-2-2-ante-el-frankfurt\/#organizationLogo"},"sameAs":["https:\/\/www.facebook.com\/Nachofdezber","https:\/\/x.com\/NabercoDigital","https:\/\/www.instagram.com\/nachofdezber\/","https:\/\/www.youtube.com\/channel\/UCZP-2wLEB9Rv6erhFmqVnvg"],"address":{"@id":"https:\/\/candas365.es\/noticias\/#postaladdress","@type":"PostalAddress","streetAddress":"san antonio 4, san antonio 4","postalCode":"33430","addressLocality":"Cand\u00e1s","addressRegion":"Asturias","addressCountry":"ES"}},{"@type":"Person","@id":"https:\/\/candas365.es\/noticias\/author\/admin\/#author","url":"https:\/\/candas365.es\/noticias\/author\/admin\/","name":"Cand\u00e1s 365","image":{"@type":"ImageObject","@id":"https:\/\/candas365.es\/noticias\/el-bayern-sigue-sin-levantar-cabeza-y-empata-2-2-ante-el-frankfurt\/#authorImage","url":"https:\/\/secure.gravatar.com\/avatar\/496a8e03d0c493ede1718b7934145dbdf8d89be1036b0eec9544e1094c9de390?s=96&d=mm&r=g","width":96,"height":96,"caption":"Cand\u00e1s 365"},"sameAs":["https:\/\/www.facebook.com\/carrenoactualidad","https:\/\/twitter.com\/nbasturias","https:\/\/www.instagram.com\/nachofdezber\/","https:\/\/www.youtube.com\/channel\/UCZP-2wLEB9Rv6erhFmqVnvg"]},{"@type":"WebPage","@id":"https:\/\/candas365.es\/noticias\/el-bayern-sigue-sin-levantar-cabeza-y-empata-2-2-ante-el-frankfurt\/#webpage","url":"https:\/\/candas365.es\/noticias\/el-bayern-sigue-sin-levantar-cabeza-y-empata-2-2-ante-el-frankfurt\/","name":"El Bayern sigue sin levantar cabeza y empata 2-2 ante el Frankfurt | Cand\u00e1s 365","description":"Berl\u00edn, 15 oct (dpa) - El Bayern M\u00fanich igual\u00f3 hoy 2-2 en su visita al campo del Eintracht Frankfurt en la s\u00e9ptima fecha de la Liga Alemana de f\u00fatbol y desaprovech\u00f3 as\u00ed el empate del Borussia Dortmund y el Hertha para ampliar su distancia en la cabeza de la tabla. Los goles de Arjen Robben (10')","inLanguage":"es-ES","isPartOf":{"@id":"https:\/\/candas365.es\/noticias\/#website"},"breadcrumb":{"@id":"https:\/\/candas365.es\/noticias\/el-bayern-sigue-sin-levantar-cabeza-y-empata-2-2-ante-el-frankfurt\/#breadcrumblist"},"author":{"@id":"https:\/\/candas365.es\/noticias\/author\/admin\/#author"},"creator":{"@id":"https:\/\/candas365.es\/noticias\/author\/admin\/#author"},"image":{"@type":"ImageObject","url":"https:\/\/candas365.es\/noticias\/wp-content\/uploads\/2015\/09\/c365noticias.jpg","@id":"https:\/\/candas365.es\/noticias\/el-bayern-sigue-sin-levantar-cabeza-y-empata-2-2-ante-el-frankfurt\/#mainImage","width":655,"height":360},"primaryImageOfPage":{"@id":"https:\/\/candas365.es\/noticias\/el-bayern-sigue-sin-levantar-cabeza-y-empata-2-2-ante-el-frankfurt\/#mainImage"},"datePublished":"2016-10-16T01:40:35+02:00","dateModified":"2016-10-16T01:40:35+02:00"},{"@type":"WebSite","@id":"https:\/\/candas365.es\/noticias\/#website","url":"https:\/\/candas365.es\/noticias\/","name":"Cand\u00e1s 365","alternateName":"Cand\u00e1s 365 Noticias","description":"Actualidad desde Carre\u00f1o para el mundo","inLanguage":"es-ES","publisher":{"@id":"https:\/\/candas365.es\/noticias\/#organization"}}]},"og:locale":"es_ES","og:site_name":"Cand\u00e1s 365","og:type":"article","og:title":"El Bayern sigue sin levantar cabeza y empata 2-2 ante el Frankfurt | Cand\u00e1s 365","og:description":"Berl\u00edn, 15 oct (dpa) - El Bayern M\u00fanich igual\u00f3 hoy 2-2 en su visita al campo del Eintracht Frankfurt en la s\u00e9ptima fecha de la Liga Alemana de f\u00fatbol y desaprovech\u00f3 as\u00ed el empate del Borussia Dortmund y el Hertha para ampliar su distancia en la cabeza de la tabla. Los goles de Arjen Robben (10')","og:url":"https:\/\/candas365.es\/noticias\/el-bayern-sigue-sin-levantar-cabeza-y-empata-2-2-ante-el-frankfurt\/","og:image":"https:\/\/candas365.es\/noticias\/wp-content\/uploads\/2015\/09\/c365noticias.jpg","og:image:secure_url":"https:\/\/candas365.es\/noticias\/wp-content\/uploads\/2015\/09\/c365noticias.jpg","og:image:width":655,"og:image:height":360,"article:published_time":"2016-10-16T00:10:35+00:00","article:modified_time":"2016-10-16T00:10:35+00:00","article:publisher":"https:\/\/www.facebook.com\/Nachofdezber","article:author":"https:\/\/www.facebook.com\/carrenoactualidad","twitter:card":"summary_large_image","twitter:site":"@NabercoDigital","twitter:title":"El Bayern sigue sin levantar cabeza y empata 2-2 ante el Frankfurt | Cand\u00e1s 365","twitter:description":"Berl\u00edn, 15 oct (dpa) - El Bayern M\u00fanich igual\u00f3 hoy 2-2 en su visita al campo del Eintracht Frankfurt en la s\u00e9ptima fecha de la Liga Alemana de f\u00fatbol y desaprovech\u00f3 as\u00ed el empate del Borussia Dortmund y el Hertha para ampliar su distancia en la cabeza de la tabla. Los goles de Arjen Robben (10')","twitter:creator":"@nbasturias","twitter:image":"https:\/\/candas365.es\/noticias\/wp-content\/uploads\/2015\/09\/c365noticias.jpg","twitter:label1":"Escrito por","twitter:data1":"Cand\u00e1s 365","twitter:label2":"Tiempo de lectura estimado","twitter:data2":"4 minutos"},"aioseo_meta_data":{"post_id":"33784","title":null,"description":null,"keywords":null,"keyphrases":null,"primary_term":null,"canonical_url":null,"og_title":null,"og_description":null,"og_object_type":"default","og_image_type":"default","og_image_url":null,"og_image_width":null,"og_image_height":null,"og_image_custom_url":null,"og_image_custom_fields":null,"og_video":null,"og_custom_url":null,"og_article_section":null,"og_article_tags":null,"twitter_use_og":false,"twitter_card":"default","twitter_image_type":"default","twitter_image_url":null,"twitter_image_custom_url":null,"twitter_image_custom_fields":null,"twitter_title":null,"twitter_description":null,"schema":{"blockGraphs":[],"customGraphs":[],"default":{"data":{"Article":[],"Course":[],"Dataset":[],"FAQPage":[],"Movie":[],"Person":[],"Product":[],"ProductReview":[],"Car":[],"Recipe":[],"Service":[],"SoftwareApplication":[],"WebPage":[]},"graphName":"","isEnabled":true},"graphs":[],"defaultGraph":"","defaultPostTypeGraph":""},"schema_type":null,"schema_type_options":null,"pillar_content":false,"robots_default":true,"robots_noindex":false,"robots_noarchive":false,"robots_nosnippet":false,"robots_nofollow":false,"robots_noimageindex":false,"robots_noodp":false,"robots_notranslate":false,"robots_max_snippet":null,"robots_max_videopreview":null,"robots_max_imagepreview":"large","priority":null,"frequency":null,"location":null,"local_seo":null,"seo_analyzer_scan_date":"2025-08-24 16:58:10","breadcrumb_settings":null,"limit_modified_date":false,"reviewed_by":null,"open_ai":null,"ai":null,"created":"2020-12-21 13:06:55","updated":"2025-08-24 16:58:10"},"aioseo_breadcrumb":"<div class=\"aioseo-breadcrumbs\"><span class=\"aioseo-breadcrumb\">\n\t<a href=\"https:\/\/candas365.es\/noticias\" title=\"Home\">Home<\/a>\n<\/span><span class=\"aioseo-breadcrumb-separator\">&ndash;<\/span><span class=\"aioseo-breadcrumb\">\n\t<a href=\"https:\/\/candas365.es\/noticias\/category\/actualidad\/\" title=\"Actualidad\">Actualidad<\/a>\n<\/span><span class=\"aioseo-breadcrumb-separator\">&ndash;<\/span><span class=\"aioseo-breadcrumb\">\n\tEl Bayern sigue sin levantar cabeza y empata 2-2 ante el Frankfurt\n<\/span><\/div>","aioseo_breadcrumb_json":[{"label":"Home","link":"https:\/\/candas365.es\/noticias"},{"label":"Actualidad","link":"https:\/\/candas365.es\/noticias\/category\/actualidad\/"},{"label":"El Bayern sigue sin levantar cabeza y empata 2-2 ante el Frankfurt","link":"https:\/\/candas365.es\/noticias\/el-bayern-sigue-sin-levantar-cabeza-y-empata-2-2-ante-el-frankfurt\/"}],"_links":{"self":[{"href":"https:\/\/candas365.es\/noticias\/wp-json\/wp\/v2\/posts\/33784","targetHints":{"allow":["GET"]}}],"collection":[{"href":"https:\/\/candas365.es\/noticias\/wp-json\/wp\/v2\/posts"}],"about":[{"href":"https:\/\/candas365.es\/noticias\/wp-json\/wp\/v2\/types\/post"}],"author":[{"embeddable":true,"href":"https:\/\/candas365.es\/noticias\/wp-json\/wp\/v2\/users\/1"}],"replies":[{"embeddable":true,"href":"https:\/\/candas365.es\/noticias\/wp-json\/wp\/v2\/comments?post=33784"}],"version-history":[{"count":0,"href":"https:\/\/candas365.es\/noticias\/wp-json\/wp\/v2\/posts\/33784\/revisions"}],"wp:featuredmedia":[{"embeddable":true,"href":"https:\/\/candas365.es\/noticias\/wp-json\/wp\/v2\/media\/16457"}],"wp:attachment":[{"href":"https:\/\/candas365.es\/noticias\/wp-json\/wp\/v2\/media?parent=33784"}],"wp:term":[{"taxonomy":"category","embeddable":true,"href":"https:\/\/candas365.es\/noticias\/wp-json\/wp\/v2\/categories?post=33784"},{"taxonomy":"post_tag","embeddable":true,"href":"https:\/\/candas365.es\/noticias\/wp-json\/wp\/v2\/tags?post=33784"}],"curies":[{"name":"wp","href":"https:\/\/api.w.org\/{rel}","templated":true}]}}