{"id":33780,"date":"2016-10-16T01:38:48","date_gmt":"2016-10-16T00:08:48","guid":{"rendered":"http:\/\/candas365.es\/noticias\/?p=33780"},"modified":"2016-10-16T01:38:48","modified_gmt":"2016-10-16T00:08:48","slug":"schauble-no-se-es-un-patriota-aleman-si-no-se-esta-a-favor-de-europa","status":"publish","type":"post","link":"https:\/\/candas365.es\/noticias\/schauble-no-se-es-un-patriota-aleman-si-no-se-esta-a-favor-de-europa\/","title":{"rendered":"Sch\u00e4uble: No se es un patriota alem\u00e1n si no se est\u00e1 a favor de Europa"},"content":{"rendered":"<p>Fr\u00e1ncfort, 15 oct (dpa) &#8211; El ministro alem\u00e1n de Finanzas, Wolfgang Sch\u00e4uble, aprovech\u00f3 hoy el congreso de las bases conservadoras para recordar que el bienestar de Alemania va de la mano de la Uni\u00f3n Europea. <\/p>\n<p>\u00abNo se puede ser un patriota alem\u00e1n cuando no se est\u00e1 a favor de la unidad europea\u00bb, declar\u00f3 ante los representantes de las bases de la Uni\u00f3n Cristianodem\u00f3crata (CDU) y de la Uni\u00f3n Cristianosocial (CSU).<\/p>\n<p>Todas las grandes cuestiones y desaf\u00edos, en campos como la pol\u00edtica de seguridad, migraci\u00f3n o lucha contra el desempleo, no podr\u00edan solucionarse sin Europa, afirm\u00f3. <\/p>\n<p>Asimismo, reconoci\u00f3 que se debe reflexionar a nivel europeo sobre el \u00abfortalecimiento de los nacientes movimientos demag\u00f3gicos\u00bb, pero tambi\u00e9n se debe contar con la aprobaci\u00f3n nacional y regional, indic\u00f3 en un momento en el que el partido populista de derechas Alternativa para Alemania (AfD) cuenta cada vez con m\u00e1s adeptos a un a\u00f1o de las elecciones generales en el pa\u00eds europeo. <\/p>\n<p>En cuanto a la pol\u00edtica migratoria, Sch\u00e4uble defendi\u00f3 el acuerdo de refugiados con Turqu\u00eda y otros Estados, como un paso importante para regular qui\u00e9n entra en el pa\u00eds y luchar as\u00ed contra la crisis de solicitantes de asilo que vive Europa desde hace m\u00e1s de un a\u00f1o. <\/p>\n<p>\u00abDebemos decidir nosotros mismos qui\u00e9n puede venir al pa\u00eds y no debemos dejar esta decisi\u00f3n en manos de las bandas de traficantes de personas\u00bb, se\u00f1al\u00f3.<\/p>\n<p>Es evidente que se debe salvar a los barcos de refugiados que est\u00e9n en peligro de naufragar, afirm\u00f3 Sch\u00e4uble. Sin embargo, aquellos que no tengan oportunidad alguna de recibir asilo en Europa deben volver, apunt\u00f3. De otro modo Europa estar\u00eda colaborando en el negocio de tr\u00e1fico de personas, agreg\u00f3. <\/p>\n","protected":false},"excerpt":{"rendered":"<p>Fr\u00e1ncfort, 15 oct (dpa) &#8211; El ministro alem\u00e1n de Finanzas, Wolfgang Sch\u00e4uble, aprovech\u00f3 hoy el congreso de las bases conservadoras para recordar que el bienestar de Alemania va de la mano de la Uni\u00f3n Europea. \u00abNo se puede ser un patriota alem\u00e1n cuando no se est\u00e1 a favor de la unidad europea\u00bb, declar\u00f3 ante los<\/p>\n","protected":false},"author":1,"featured_media":16457,"comment_status":"closed","ping_status":"closed","sticky":false,"template":"","format":"standard","meta":{"footnotes":""},"categories":[343],"tags":[],"class_list":{"0":"post-33780","1":"post","2":"type-post","3":"status-publish","4":"format-standard","5":"has-post-thumbnail","7":"category-actualidad"},"aioseo_notices":[],"aioseo_head":"\n\t\t<!-- All in One SEO Pro 4.9.6.2 - aioseo.com -->\n\t<meta name=\"description\" content=\"Fr\u00e1ncfort, 15 oct (dpa) - El ministro alem\u00e1n de Finanzas, Wolfgang Sch\u00e4uble, aprovech\u00f3 hoy el congreso de las bases conservadoras para recordar que el bienestar de Alemania va de la mano de la Uni\u00f3n Europea. &quot;No se puede ser un patriota alem\u00e1n cuando no se est\u00e1 a favor de la unidad europea&quot;, declar\u00f3 ante los\" \/>\n\t<meta name=\"robots\" content=\"max-image-preview:large\" \/>\n\t<meta name=\"author\" content=\"Cand\u00e1s 365\"\/>\n\t<meta name=\"google-site-verification\" content=\"UA-32230408-1\" \/>\n\t<meta name=\"msvalidate.01\" content=\"354F3CDFB2DA171B47FBE9ABF1F88D5\" \/>\n\t<meta name=\"keywords\" content=\"actualidad\" \/>\n\t<link rel=\"canonical\" href=\"https:\/\/candas365.es\/noticias\/schauble-no-se-es-un-patriota-aleman-si-no-se-esta-a-favor-de-europa\/\" \/>\n\t<meta name=\"generator\" content=\"All in One SEO Pro (AIOSEO) 4.9.6.2\" \/>\n\t\t<meta property=\"og:locale\" content=\"es_ES\" \/>\n\t\t<meta property=\"og:site_name\" content=\"Cand\u00e1s 365\" \/>\n\t\t<meta property=\"og:type\" content=\"article\" \/>\n\t\t<meta property=\"og:title\" content=\"Sch\u00e4uble: No se es un patriota alem\u00e1n si no se est\u00e1 a favor de Europa | Cand\u00e1s 365\" \/>\n\t\t<meta property=\"og:description\" content=\"Fr\u00e1ncfort, 15 oct (dpa) - El ministro alem\u00e1n de Finanzas, Wolfgang Sch\u00e4uble, aprovech\u00f3 hoy el congreso de las bases conservadoras para recordar que el bienestar de Alemania va de la mano de la Uni\u00f3n Europea. &quot;No se puede ser un patriota alem\u00e1n cuando no se est\u00e1 a favor de la unidad europea&quot;, declar\u00f3 ante los\" \/>\n\t\t<meta property=\"og:url\" content=\"https:\/\/candas365.es\/noticias\/schauble-no-se-es-un-patriota-aleman-si-no-se-esta-a-favor-de-europa\/\" \/>\n\t\t<meta property=\"og:image\" content=\"https:\/\/candas365.es\/noticias\/wp-content\/uploads\/2015\/09\/c365noticias.jpg\" \/>\n\t\t<meta property=\"og:image:secure_url\" content=\"https:\/\/candas365.es\/noticias\/wp-content\/uploads\/2015\/09\/c365noticias.jpg\" \/>\n\t\t<meta property=\"og:image:width\" content=\"655\" \/>\n\t\t<meta property=\"og:image:height\" content=\"360\" \/>\n\t\t<meta property=\"article:published_time\" content=\"2016-10-16T00:08:48+00:00\" \/>\n\t\t<meta property=\"article:modified_time\" content=\"2016-10-16T00:08:48+00:00\" \/>\n\t\t<meta property=\"article:publisher\" content=\"https:\/\/www.facebook.com\/Nachofdezber\" \/>\n\t\t<meta property=\"article:author\" content=\"https:\/\/www.facebook.com\/carrenoactualidad\" \/>\n\t\t<meta name=\"twitter:card\" content=\"summary_large_image\" \/>\n\t\t<meta name=\"twitter:site\" content=\"@NabercoDigital\" \/>\n\t\t<meta name=\"twitter:title\" content=\"Sch\u00e4uble: No se es un patriota alem\u00e1n si no se est\u00e1 a favor de Europa | Cand\u00e1s 365\" \/>\n\t\t<meta name=\"twitter:description\" content=\"Fr\u00e1ncfort, 15 oct (dpa) - El ministro alem\u00e1n de Finanzas, Wolfgang Sch\u00e4uble, aprovech\u00f3 hoy el congreso de las bases conservadoras para recordar que el bienestar de Alemania va de la mano de la Uni\u00f3n Europea. &quot;No se puede ser un patriota alem\u00e1n cuando no se est\u00e1 a favor de la unidad europea&quot;, declar\u00f3 ante los\" \/>\n\t\t<meta name=\"twitter:creator\" content=\"@nbasturias\" \/>\n\t\t<meta name=\"twitter:image\" content=\"https:\/\/candas365.es\/noticias\/wp-content\/uploads\/2015\/09\/c365noticias.jpg\" \/>\n\t\t<meta name=\"twitter:label1\" content=\"Escrito por\" \/>\n\t\t<meta name=\"twitter:data1\" content=\"Cand\u00e1s 365\" \/>\n\t\t<meta name=\"twitter:label2\" content=\"Tiempo de lectura estimado\" \/>\n\t\t<meta name=\"twitter:data2\" content=\"2 minutos\" \/>\n\t\t<script type=\"application\/ld+json\" class=\"aioseo-schema\">\n\t\t\t{\"@context\":\"https:\\\/\\\/schema.org\",\"@graph\":[{\"@type\":\"BreadcrumbList\",\"@id\":\"https:\\\/\\\/candas365.es\\\/noticias\\\/schauble-no-se-es-un-patriota-aleman-si-no-se-esta-a-favor-de-europa\\\/#breadcrumblist\",\"itemListElement\":[{\"@type\":\"ListItem\",\"@id\":\"https:\\\/\\\/candas365.es\\\/noticias#listItem\",\"position\":1,\"name\":\"Home\",\"item\":\"https:\\\/\\\/candas365.es\\\/noticias\",\"nextItem\":{\"@type\":\"ListItem\",\"@id\":\"https:\\\/\\\/candas365.es\\\/noticias\\\/category\\\/actualidad\\\/#listItem\",\"name\":\"Actualidad\"}},{\"@type\":\"ListItem\",\"@id\":\"https:\\\/\\\/candas365.es\\\/noticias\\\/category\\\/actualidad\\\/#listItem\",\"position\":2,\"name\":\"Actualidad\",\"item\":\"https:\\\/\\\/candas365.es\\\/noticias\\\/category\\\/actualidad\\\/\",\"nextItem\":{\"@type\":\"ListItem\",\"@id\":\"https:\\\/\\\/candas365.es\\\/noticias\\\/schauble-no-se-es-un-patriota-aleman-si-no-se-esta-a-favor-de-europa\\\/#listItem\",\"name\":\"Sch\\u00e4uble: No se es un patriota alem\\u00e1n si no se est\\u00e1 a favor de Europa\"},\"previousItem\":{\"@type\":\"ListItem\",\"@id\":\"https:\\\/\\\/candas365.es\\\/noticias#listItem\",\"name\":\"Home\"}},{\"@type\":\"ListItem\",\"@id\":\"https:\\\/\\\/candas365.es\\\/noticias\\\/schauble-no-se-es-un-patriota-aleman-si-no-se-esta-a-favor-de-europa\\\/#listItem\",\"position\":3,\"name\":\"Sch\\u00e4uble: No se es un patriota alem\\u00e1n si no se est\\u00e1 a favor de Europa\",\"previousItem\":{\"@type\":\"ListItem\",\"@id\":\"https:\\\/\\\/candas365.es\\\/noticias\\\/category\\\/actualidad\\\/#listItem\",\"name\":\"Actualidad\"}}]},{\"@type\":\"NewsArticle\",\"@id\":\"https:\\\/\\\/candas365.es\\\/noticias\\\/schauble-no-se-es-un-patriota-aleman-si-no-se-esta-a-favor-de-europa\\\/#newsarticle\",\"name\":\"Sch\\u00e4uble: No se es un patriota alem\\u00e1n si no se est\\u00e1 a favor de Europa | Cand\\u00e1s 365\",\"headline\":\"Sch\\u00e4uble: No se es un patriota alem\\u00e1n si no se est\\u00e1 a favor de Europa\",\"author\":{\"@id\":\"https:\\\/\\\/candas365.es\\\/noticias\\\/author\\\/admin\\\/#author\"},\"publisher\":{\"@id\":\"https:\\\/\\\/candas365.es\\\/noticias\\\/#organization\"},\"image\":{\"@type\":\"ImageObject\",\"url\":\"https:\\\/\\\/candas365.es\\\/noticias\\\/wp-content\\\/uploads\\\/2015\\\/09\\\/c365noticias.jpg\",\"width\":655,\"height\":360},\"datePublished\":\"2016-10-16T01:38:48+02:00\",\"dateModified\":\"2016-10-16T01:38:48+02:00\",\"inLanguage\":\"es-ES\",\"mainEntityOfPage\":{\"@id\":\"https:\\\/\\\/candas365.es\\\/noticias\\\/schauble-no-se-es-un-patriota-aleman-si-no-se-esta-a-favor-de-europa\\\/#webpage\"},\"isPartOf\":{\"@id\":\"https:\\\/\\\/candas365.es\\\/noticias\\\/schauble-no-se-es-un-patriota-aleman-si-no-se-esta-a-favor-de-europa\\\/#webpage\"},\"articleSection\":\"Actualidad\",\"dateline\":\"Publicado el octubre 16, 2016.\"},{\"@type\":\"Organization\",\"@id\":\"https:\\\/\\\/candas365.es\\\/noticias\\\/#organization\",\"name\":\"Cand\\u00e1s 365\",\"description\":\"Cand\\u00e1s 365 es un diario digital independiente, fundado en 2012, con base en Asturias. Informamos con rigor sobre actualidad, sociedad, cultura y ocio, con una mirada local y global.\",\"url\":\"https:\\\/\\\/candas365.es\\\/noticias\\\/\",\"email\":\"info@candas365.es\",\"telephone\":\"+34652131393\",\"foundingDate\":\"2012-06-10\",\"logo\":{\"@type\":\"ImageObject\",\"url\":\"https:\\\/\\\/candas365.es\\\/noticias\\\/wp-content\\\/uploads\\\/2024\\\/09\\\/Candas-365-Redes.jpg\",\"@id\":\"https:\\\/\\\/candas365.es\\\/noticias\\\/schauble-no-se-es-un-patriota-aleman-si-no-se-esta-a-favor-de-europa\\\/#organizationLogo\",\"width\":1152,\"height\":864,\"caption\":\"Cand\\u00e1s 365 Redes\"},\"image\":{\"@id\":\"https:\\\/\\\/candas365.es\\\/noticias\\\/schauble-no-se-es-un-patriota-aleman-si-no-se-esta-a-favor-de-europa\\\/#organizationLogo\"},\"sameAs\":[\"https:\\\/\\\/www.facebook.com\\\/Nachofdezber\",\"https:\\\/\\\/x.com\\\/NabercoDigital\",\"https:\\\/\\\/www.instagram.com\\\/nachofdezber\\\/\",\"https:\\\/\\\/www.youtube.com\\\/channel\\\/UCZP-2wLEB9Rv6erhFmqVnvg\"],\"address\":{\"@id\":\"https:\\\/\\\/candas365.es\\\/noticias\\\/#postaladdress\",\"@type\":\"PostalAddress\",\"streetAddress\":\"san antonio 4, san antonio 4\",\"postalCode\":\"33430\",\"addressLocality\":\"Cand\\u00e1s\",\"addressRegion\":\"Asturias\",\"addressCountry\":\"ES\"}},{\"@type\":\"Person\",\"@id\":\"https:\\\/\\\/candas365.es\\\/noticias\\\/author\\\/admin\\\/#author\",\"url\":\"https:\\\/\\\/candas365.es\\\/noticias\\\/author\\\/admin\\\/\",\"name\":\"Cand\\u00e1s 365\",\"image\":{\"@type\":\"ImageObject\",\"@id\":\"https:\\\/\\\/candas365.es\\\/noticias\\\/schauble-no-se-es-un-patriota-aleman-si-no-se-esta-a-favor-de-europa\\\/#authorImage\",\"url\":\"https:\\\/\\\/secure.gravatar.com\\\/avatar\\\/496a8e03d0c493ede1718b7934145dbdf8d89be1036b0eec9544e1094c9de390?s=96&d=mm&r=g\",\"width\":96,\"height\":96,\"caption\":\"Cand\\u00e1s 365\"},\"sameAs\":[\"https:\\\/\\\/www.facebook.com\\\/carrenoactualidad\",\"https:\\\/\\\/twitter.com\\\/nbasturias\",\"https:\\\/\\\/www.instagram.com\\\/nachofdezber\\\/\",\"https:\\\/\\\/www.youtube.com\\\/channel\\\/UCZP-2wLEB9Rv6erhFmqVnvg\"]},{\"@type\":\"WebPage\",\"@id\":\"https:\\\/\\\/candas365.es\\\/noticias\\\/schauble-no-se-es-un-patriota-aleman-si-no-se-esta-a-favor-de-europa\\\/#webpage\",\"url\":\"https:\\\/\\\/candas365.es\\\/noticias\\\/schauble-no-se-es-un-patriota-aleman-si-no-se-esta-a-favor-de-europa\\\/\",\"name\":\"Sch\\u00e4uble: No se es un patriota alem\\u00e1n si no se est\\u00e1 a favor de Europa | Cand\\u00e1s 365\",\"description\":\"Fr\\u00e1ncfort, 15 oct (dpa) - El ministro alem\\u00e1n de Finanzas, Wolfgang Sch\\u00e4uble, aprovech\\u00f3 hoy el congreso de las bases conservadoras para recordar que el bienestar de Alemania va de la mano de la Uni\\u00f3n Europea. \\\"No se puede ser un patriota alem\\u00e1n cuando no se est\\u00e1 a favor de la unidad europea\\\", declar\\u00f3 ante los\",\"inLanguage\":\"es-ES\",\"isPartOf\":{\"@id\":\"https:\\\/\\\/candas365.es\\\/noticias\\\/#website\"},\"breadcrumb\":{\"@id\":\"https:\\\/\\\/candas365.es\\\/noticias\\\/schauble-no-se-es-un-patriota-aleman-si-no-se-esta-a-favor-de-europa\\\/#breadcrumblist\"},\"author\":{\"@id\":\"https:\\\/\\\/candas365.es\\\/noticias\\\/author\\\/admin\\\/#author\"},\"creator\":{\"@id\":\"https:\\\/\\\/candas365.es\\\/noticias\\\/author\\\/admin\\\/#author\"},\"image\":{\"@type\":\"ImageObject\",\"url\":\"https:\\\/\\\/candas365.es\\\/noticias\\\/wp-content\\\/uploads\\\/2015\\\/09\\\/c365noticias.jpg\",\"@id\":\"https:\\\/\\\/candas365.es\\\/noticias\\\/schauble-no-se-es-un-patriota-aleman-si-no-se-esta-a-favor-de-europa\\\/#mainImage\",\"width\":655,\"height\":360},\"primaryImageOfPage\":{\"@id\":\"https:\\\/\\\/candas365.es\\\/noticias\\\/schauble-no-se-es-un-patriota-aleman-si-no-se-esta-a-favor-de-europa\\\/#mainImage\"},\"datePublished\":\"2016-10-16T01:38:48+02:00\",\"dateModified\":\"2016-10-16T01:38:48+02:00\"},{\"@type\":\"WebSite\",\"@id\":\"https:\\\/\\\/candas365.es\\\/noticias\\\/#website\",\"url\":\"https:\\\/\\\/candas365.es\\\/noticias\\\/\",\"name\":\"Cand\\u00e1s 365\",\"alternateName\":\"Cand\\u00e1s 365 Noticias\",\"description\":\"Actualidad desde Carre\\u00f1o para el mundo\",\"inLanguage\":\"es-ES\",\"publisher\":{\"@id\":\"https:\\\/\\\/candas365.es\\\/noticias\\\/#organization\"}}]}\n\t\t<\/script>\n\t\t<!-- All in One SEO Pro -->\r\n\t\t<title>Sch\u00e4uble: No se es un patriota alem\u00e1n si no se est\u00e1 a favor de Europa | Cand\u00e1s 365<\/title>\n\n","aioseo_head_json":{"title":"Sch\u00e4uble: No se es un patriota alem\u00e1n si no se est\u00e1 a favor de Europa | Cand\u00e1s 365","description":"Fr\u00e1ncfort, 15 oct (dpa) - El ministro alem\u00e1n de Finanzas, Wolfgang Sch\u00e4uble, aprovech\u00f3 hoy el congreso de las bases conservadoras para recordar que el bienestar de Alemania va de la mano de la Uni\u00f3n Europea. \"No se puede ser un patriota alem\u00e1n cuando no se est\u00e1 a favor de la unidad europea\", declar\u00f3 ante los","canonical_url":"https:\/\/candas365.es\/noticias\/schauble-no-se-es-un-patriota-aleman-si-no-se-esta-a-favor-de-europa\/","robots":"max-image-preview:large","keywords":"actualidad","webmasterTools":{"google-site-verification":"UA-32230408-1","msvalidate.01":"354F3CDFB2DA171B47FBE9ABF1F88D5","miscellaneous":""},"schema":{"@context":"https:\/\/schema.org","@graph":[{"@type":"BreadcrumbList","@id":"https:\/\/candas365.es\/noticias\/schauble-no-se-es-un-patriota-aleman-si-no-se-esta-a-favor-de-europa\/#breadcrumblist","itemListElement":[{"@type":"ListItem","@id":"https:\/\/candas365.es\/noticias#listItem","position":1,"name":"Home","item":"https:\/\/candas365.es\/noticias","nextItem":{"@type":"ListItem","@id":"https:\/\/candas365.es\/noticias\/category\/actualidad\/#listItem","name":"Actualidad"}},{"@type":"ListItem","@id":"https:\/\/candas365.es\/noticias\/category\/actualidad\/#listItem","position":2,"name":"Actualidad","item":"https:\/\/candas365.es\/noticias\/category\/actualidad\/","nextItem":{"@type":"ListItem","@id":"https:\/\/candas365.es\/noticias\/schauble-no-se-es-un-patriota-aleman-si-no-se-esta-a-favor-de-europa\/#listItem","name":"Sch\u00e4uble: No se es un patriota alem\u00e1n si no se est\u00e1 a favor de Europa"},"previousItem":{"@type":"ListItem","@id":"https:\/\/candas365.es\/noticias#listItem","name":"Home"}},{"@type":"ListItem","@id":"https:\/\/candas365.es\/noticias\/schauble-no-se-es-un-patriota-aleman-si-no-se-esta-a-favor-de-europa\/#listItem","position":3,"name":"Sch\u00e4uble: No se es un patriota alem\u00e1n si no se est\u00e1 a favor de Europa","previousItem":{"@type":"ListItem","@id":"https:\/\/candas365.es\/noticias\/category\/actualidad\/#listItem","name":"Actualidad"}}]},{"@type":"NewsArticle","@id":"https:\/\/candas365.es\/noticias\/schauble-no-se-es-un-patriota-aleman-si-no-se-esta-a-favor-de-europa\/#newsarticle","name":"Sch\u00e4uble: No se es un patriota alem\u00e1n si no se est\u00e1 a favor de Europa | Cand\u00e1s 365","headline":"Sch\u00e4uble: No se es un patriota alem\u00e1n si no se est\u00e1 a favor de Europa","author":{"@id":"https:\/\/candas365.es\/noticias\/author\/admin\/#author"},"publisher":{"@id":"https:\/\/candas365.es\/noticias\/#organization"},"image":{"@type":"ImageObject","url":"https:\/\/candas365.es\/noticias\/wp-content\/uploads\/2015\/09\/c365noticias.jpg","width":655,"height":360},"datePublished":"2016-10-16T01:38:48+02:00","dateModified":"2016-10-16T01:38:48+02:00","inLanguage":"es-ES","mainEntityOfPage":{"@id":"https:\/\/candas365.es\/noticias\/schauble-no-se-es-un-patriota-aleman-si-no-se-esta-a-favor-de-europa\/#webpage"},"isPartOf":{"@id":"https:\/\/candas365.es\/noticias\/schauble-no-se-es-un-patriota-aleman-si-no-se-esta-a-favor-de-europa\/#webpage"},"articleSection":"Actualidad","dateline":"Publicado el octubre 16, 2016."},{"@type":"Organization","@id":"https:\/\/candas365.es\/noticias\/#organization","name":"Cand\u00e1s 365","description":"Cand\u00e1s 365 es un diario digital independiente, fundado en 2012, con base en Asturias. Informamos con rigor sobre actualidad, sociedad, cultura y ocio, con una mirada local y global.","url":"https:\/\/candas365.es\/noticias\/","email":"info@candas365.es","telephone":"+34652131393","foundingDate":"2012-06-10","logo":{"@type":"ImageObject","url":"https:\/\/candas365.es\/noticias\/wp-content\/uploads\/2024\/09\/Candas-365-Redes.jpg","@id":"https:\/\/candas365.es\/noticias\/schauble-no-se-es-un-patriota-aleman-si-no-se-esta-a-favor-de-europa\/#organizationLogo","width":1152,"height":864,"caption":"Cand\u00e1s 365 Redes"},"image":{"@id":"https:\/\/candas365.es\/noticias\/schauble-no-se-es-un-patriota-aleman-si-no-se-esta-a-favor-de-europa\/#organizationLogo"},"sameAs":["https:\/\/www.facebook.com\/Nachofdezber","https:\/\/x.com\/NabercoDigital","https:\/\/www.instagram.com\/nachofdezber\/","https:\/\/www.youtube.com\/channel\/UCZP-2wLEB9Rv6erhFmqVnvg"],"address":{"@id":"https:\/\/candas365.es\/noticias\/#postaladdress","@type":"PostalAddress","streetAddress":"san antonio 4, san antonio 4","postalCode":"33430","addressLocality":"Cand\u00e1s","addressRegion":"Asturias","addressCountry":"ES"}},{"@type":"Person","@id":"https:\/\/candas365.es\/noticias\/author\/admin\/#author","url":"https:\/\/candas365.es\/noticias\/author\/admin\/","name":"Cand\u00e1s 365","image":{"@type":"ImageObject","@id":"https:\/\/candas365.es\/noticias\/schauble-no-se-es-un-patriota-aleman-si-no-se-esta-a-favor-de-europa\/#authorImage","url":"https:\/\/secure.gravatar.com\/avatar\/496a8e03d0c493ede1718b7934145dbdf8d89be1036b0eec9544e1094c9de390?s=96&d=mm&r=g","width":96,"height":96,"caption":"Cand\u00e1s 365"},"sameAs":["https:\/\/www.facebook.com\/carrenoactualidad","https:\/\/twitter.com\/nbasturias","https:\/\/www.instagram.com\/nachofdezber\/","https:\/\/www.youtube.com\/channel\/UCZP-2wLEB9Rv6erhFmqVnvg"]},{"@type":"WebPage","@id":"https:\/\/candas365.es\/noticias\/schauble-no-se-es-un-patriota-aleman-si-no-se-esta-a-favor-de-europa\/#webpage","url":"https:\/\/candas365.es\/noticias\/schauble-no-se-es-un-patriota-aleman-si-no-se-esta-a-favor-de-europa\/","name":"Sch\u00e4uble: No se es un patriota alem\u00e1n si no se est\u00e1 a favor de Europa | Cand\u00e1s 365","description":"Fr\u00e1ncfort, 15 oct (dpa) - El ministro alem\u00e1n de Finanzas, Wolfgang Sch\u00e4uble, aprovech\u00f3 hoy el congreso de las bases conservadoras para recordar que el bienestar de Alemania va de la mano de la Uni\u00f3n Europea. \"No se puede ser un patriota alem\u00e1n cuando no se est\u00e1 a favor de la unidad europea\", declar\u00f3 ante los","inLanguage":"es-ES","isPartOf":{"@id":"https:\/\/candas365.es\/noticias\/#website"},"breadcrumb":{"@id":"https:\/\/candas365.es\/noticias\/schauble-no-se-es-un-patriota-aleman-si-no-se-esta-a-favor-de-europa\/#breadcrumblist"},"author":{"@id":"https:\/\/candas365.es\/noticias\/author\/admin\/#author"},"creator":{"@id":"https:\/\/candas365.es\/noticias\/author\/admin\/#author"},"image":{"@type":"ImageObject","url":"https:\/\/candas365.es\/noticias\/wp-content\/uploads\/2015\/09\/c365noticias.jpg","@id":"https:\/\/candas365.es\/noticias\/schauble-no-se-es-un-patriota-aleman-si-no-se-esta-a-favor-de-europa\/#mainImage","width":655,"height":360},"primaryImageOfPage":{"@id":"https:\/\/candas365.es\/noticias\/schauble-no-se-es-un-patriota-aleman-si-no-se-esta-a-favor-de-europa\/#mainImage"},"datePublished":"2016-10-16T01:38:48+02:00","dateModified":"2016-10-16T01:38:48+02:00"},{"@type":"WebSite","@id":"https:\/\/candas365.es\/noticias\/#website","url":"https:\/\/candas365.es\/noticias\/","name":"Cand\u00e1s 365","alternateName":"Cand\u00e1s 365 Noticias","description":"Actualidad desde Carre\u00f1o para el mundo","inLanguage":"es-ES","publisher":{"@id":"https:\/\/candas365.es\/noticias\/#organization"}}]},"og:locale":"es_ES","og:site_name":"Cand\u00e1s 365","og:type":"article","og:title":"Sch\u00e4uble: No se es un patriota alem\u00e1n si no se est\u00e1 a favor de Europa | Cand\u00e1s 365","og:description":"Fr\u00e1ncfort, 15 oct (dpa) - El ministro alem\u00e1n de Finanzas, Wolfgang Sch\u00e4uble, aprovech\u00f3 hoy el congreso de las bases conservadoras para recordar que el bienestar de Alemania va de la mano de la Uni\u00f3n Europea. &quot;No se puede ser un patriota alem\u00e1n cuando no se est\u00e1 a favor de la unidad europea&quot;, declar\u00f3 ante los","og:url":"https:\/\/candas365.es\/noticias\/schauble-no-se-es-un-patriota-aleman-si-no-se-esta-a-favor-de-europa\/","og:image":"https:\/\/candas365.es\/noticias\/wp-content\/uploads\/2015\/09\/c365noticias.jpg","og:image:secure_url":"https:\/\/candas365.es\/noticias\/wp-content\/uploads\/2015\/09\/c365noticias.jpg","og:image:width":655,"og:image:height":360,"article:published_time":"2016-10-16T00:08:48+00:00","article:modified_time":"2016-10-16T00:08:48+00:00","article:publisher":"https:\/\/www.facebook.com\/Nachofdezber","article:author":"https:\/\/www.facebook.com\/carrenoactualidad","twitter:card":"summary_large_image","twitter:site":"@NabercoDigital","twitter:title":"Sch\u00e4uble: No se es un patriota alem\u00e1n si no se est\u00e1 a favor de Europa | Cand\u00e1s 365","twitter:description":"Fr\u00e1ncfort, 15 oct (dpa) - El ministro alem\u00e1n de Finanzas, Wolfgang Sch\u00e4uble, aprovech\u00f3 hoy el congreso de las bases conservadoras para recordar que el bienestar de Alemania va de la mano de la Uni\u00f3n Europea. &quot;No se puede ser un patriota alem\u00e1n cuando no se est\u00e1 a favor de la unidad europea&quot;, declar\u00f3 ante los","twitter:creator":"@nbasturias","twitter:image":"https:\/\/candas365.es\/noticias\/wp-content\/uploads\/2015\/09\/c365noticias.jpg","twitter:label1":"Escrito por","twitter:data1":"Cand\u00e1s 365","twitter:label2":"Tiempo de lectura estimado","twitter:data2":"2 minutos"},"aioseo_meta_data":{"post_id":"33780","title":null,"description":null,"keywords":null,"keyphrases":null,"primary_term":null,"canonical_url":null,"og_title":null,"og_description":null,"og_object_type":"default","og_image_type":"default","og_image_url":null,"og_image_width":null,"og_image_height":null,"og_image_custom_url":null,"og_image_custom_fields":null,"og_video":null,"og_custom_url":null,"og_article_section":null,"og_article_tags":null,"twitter_use_og":false,"twitter_card":"default","twitter_image_type":"default","twitter_image_url":null,"twitter_image_custom_url":null,"twitter_image_custom_fields":null,"twitter_title":null,"twitter_description":null,"schema":{"blockGraphs":[],"customGraphs":[],"default":{"data":{"Article":[],"Course":[],"Dataset":[],"FAQPage":[],"Movie":[],"Person":[],"Product":[],"ProductReview":[],"Car":[],"Recipe":[],"Service":[],"SoftwareApplication":[],"WebPage":[]},"graphName":"","isEnabled":true},"graphs":[],"defaultGraph":"","defaultPostTypeGraph":""},"schema_type":null,"schema_type_options":null,"pillar_content":false,"robots_default":true,"robots_noindex":false,"robots_noarchive":false,"robots_nosnippet":false,"robots_nofollow":false,"robots_noimageindex":false,"robots_noodp":false,"robots_notranslate":false,"robots_max_snippet":null,"robots_max_videopreview":null,"robots_max_imagepreview":"large","priority":null,"frequency":null,"location":null,"local_seo":null,"seo_analyzer_scan_date":"2025-08-24 16:58:08","breadcrumb_settings":null,"limit_modified_date":false,"reviewed_by":null,"open_ai":null,"ai":null,"created":"2020-12-21 13:06:55","updated":"2025-08-24 16:58:08"},"aioseo_breadcrumb":"<div class=\"aioseo-breadcrumbs\"><span class=\"aioseo-breadcrumb\">\n\t<a href=\"https:\/\/candas365.es\/noticias\" title=\"Home\">Home<\/a>\n<\/span><span class=\"aioseo-breadcrumb-separator\">&ndash;<\/span><span class=\"aioseo-breadcrumb\">\n\t<a href=\"https:\/\/candas365.es\/noticias\/category\/actualidad\/\" title=\"Actualidad\">Actualidad<\/a>\n<\/span><span class=\"aioseo-breadcrumb-separator\">&ndash;<\/span><span class=\"aioseo-breadcrumb\">\n\tSch\u00e4uble: No se es un patriota alem\u00e1n si no se est\u00e1 a favor de Europa\n<\/span><\/div>","aioseo_breadcrumb_json":[{"label":"Home","link":"https:\/\/candas365.es\/noticias"},{"label":"Actualidad","link":"https:\/\/candas365.es\/noticias\/category\/actualidad\/"},{"label":"Sch\u00e4uble: No se es un patriota alem\u00e1n si no se est\u00e1 a favor de Europa","link":"https:\/\/candas365.es\/noticias\/schauble-no-se-es-un-patriota-aleman-si-no-se-esta-a-favor-de-europa\/"}],"_links":{"self":[{"href":"https:\/\/candas365.es\/noticias\/wp-json\/wp\/v2\/posts\/33780","targetHints":{"allow":["GET"]}}],"collection":[{"href":"https:\/\/candas365.es\/noticias\/wp-json\/wp\/v2\/posts"}],"about":[{"href":"https:\/\/candas365.es\/noticias\/wp-json\/wp\/v2\/types\/post"}],"author":[{"embeddable":true,"href":"https:\/\/candas365.es\/noticias\/wp-json\/wp\/v2\/users\/1"}],"replies":[{"embeddable":true,"href":"https:\/\/candas365.es\/noticias\/wp-json\/wp\/v2\/comments?post=33780"}],"version-history":[{"count":0,"href":"https:\/\/candas365.es\/noticias\/wp-json\/wp\/v2\/posts\/33780\/revisions"}],"wp:featuredmedia":[{"embeddable":true,"href":"https:\/\/candas365.es\/noticias\/wp-json\/wp\/v2\/media\/16457"}],"wp:attachment":[{"href":"https:\/\/candas365.es\/noticias\/wp-json\/wp\/v2\/media?parent=33780"}],"wp:term":[{"taxonomy":"category","embeddable":true,"href":"https:\/\/candas365.es\/noticias\/wp-json\/wp\/v2\/categories?post=33780"},{"taxonomy":"post_tag","embeddable":true,"href":"https:\/\/candas365.es\/noticias\/wp-json\/wp\/v2\/tags?post=33780"}],"curies":[{"name":"wp","href":"https:\/\/api.w.org\/{rel}","templated":true}]}}