{"id":33776,"date":"2016-10-16T01:36:42","date_gmt":"2016-10-16T00:06:42","guid":{"rendered":"http:\/\/candas365.es\/noticias\/?p=33776"},"modified":"2016-10-16T01:36:42","modified_gmt":"2016-10-16T00:06:42","slug":"el-ano-en-el-que-se-tambaleo-el-mito-beckenbauer","status":"publish","type":"post","link":"https:\/\/candas365.es\/noticias\/el-ano-en-el-que-se-tambaleo-el-mito-beckenbauer\/","title":{"rendered":"El a\u00f1o en el que se tambale\u00f3 el mito Beckenbauer"},"content":{"rendered":"<p>Fr\u00e1ncfort, 15 oct (dpa) &#8211; El legendario ex jugador y ex t\u00e9cnico alem\u00e1n Franz Beckenbauer pas\u00f3 de ser el gran \u00eddolo indiscutible del f\u00fatbol de su pa\u00eds a ver cuestionada su imagen tras verse envuelto por el esc\u00e1ndalo de corrupci\u00f3n en torno a la adjudicaci\u00f3n del Mundial de Alemania de 2006.<\/p>\n<p>Desde que hace un a\u00f1o se destaparan dudosas transferencias millonarias, el \u00abKaiser\u00bb, que fue el presidente del comit\u00e9 organizador del torneo y jefe de la candidatura que logr\u00f3 la adjudicaci\u00f3n del Mundial en un pol\u00e9mico proceso frente a Sud\u00e1frica, desapareci\u00f3 de la primera plana de la vida p\u00fablica. <\/p>\n<p>Para la Federaci\u00f3n Alemana de F\u00fatbol (DFB), Beckenbauer sigue siendo a\u00fan \u00abel mayor emblema del f\u00fatbol alem\u00e1n\u00bb. As\u00ed es como lo describen en su p\u00e1gina web en un retrato del capit\u00e1n honor\u00edfico de la selecci\u00f3n alemana.<\/p>\n<p>Sin embargo, ahora existen largas sombras sobre esta figura carism\u00e1tica, que est\u00e1 siendo investigada por sospecha de corrupci\u00f3n en torno al Mundial de 2006, junto con otros tres ex dirigentes.<\/p>\n<p>Su desaparici\u00f3n de la vida p\u00fablica ha desatado la preocupaci\u00f3n entre sus amigos y seguidores. \u00bfEst\u00e1 Beckenbauer enfermo? Oficialmente no se oye nada al respecto. Desde su oficina no hablan de su estado de salud. Tampoco desde la DFB. Tampoco hablan de su relaci\u00f3n con el esc\u00e1ndalo del Mundial de 2006, ni sobre su relaci\u00f3n sobre los cuestionados pagos millonarios. <\/p>\n<p>El domingo se cumple un a\u00f1o desde que la revista alemana \u00abDer Spiegel\u00bb sacara a la luz las primeras revelaciones sobre la adjudicaci\u00f3n del torneo y desatara con ello un terremoto en el pa\u00eds de la actual campeona del mundo. <\/p>\n<p>El Franz Beckenbauer que era objeto de recepciones y homenajes, soporte publicitario de confianza o comentarista de televisi\u00f3n es un personaje que ya no existe m\u00e1s. El hombre de 71 a\u00f1os ya s\u00f3lo habla a trav\u00e9s de sus abogados y evita desde hace tiempo cualquier evento p\u00fablico. <\/p>\n<p>La reputaci\u00f3n del campe\u00f3n mundial de 1974, entrenador del equipo que gan\u00f3 el Mundial de Italia en 1990 y organizador jefe del Mundial de 2006 se ha visto da\u00f1ada enormemente. <\/p>\n<p>El mito del hombre generoso cay\u00f3 recientemente cuando se revel\u00f3 que Beckenbauer recibi\u00f3 5,5 millones de euros (seis millones de d\u00f3lares) de la casa de apuestas Oddset, uno de los patrocinadores del torneo alem\u00e1n. El ex jugador apareci\u00f3 en anuncios para Oddset durante el torneo, pero siempre hab\u00eda insistido en que su trabajo para el comit\u00e9 organizador fue \u00abhonor\u00edfico\u00bb y no pagado. <\/p>\n<p>A\u00fan cuando sus abogados rechazan cualquier comportamiento err\u00f3neo, la reputaci\u00f3n del \u00abKaiser\u00bb qued\u00f3 ya manchada. \u00abNo se lo merece\u00bb, coment\u00f3 el ex presidente de la DFB Theo Zwanziger sobre el eco en los medios de comunicaci\u00f3n. \u00abNo se lo merece\u00bb es la frase que con m\u00e1s frecuencia se escucha en el mundo del f\u00fatbol cuando se habla sobre \u00e9l. Sin embargo, todo apunta a todo lo contrario.<\/p>\n<p>El diario alem\u00e1n \u00abFrankfurter Rundschau\u00bb escribi\u00f3 que hasta hace pocos meses Beckenbauer era \u00abel personaje m\u00e1s conocido mundialmente e indiscutiblemente m\u00e1s importante y tambi\u00e9n el representante m\u00e1s querido de la DFB\u00bb. <\/p>\n<p>A\u00fan en su 70 cumplea\u00f1os en septiembre de 2015 el presidente de la Liga, Reinhard Rauball, lo calific\u00f3 de \u00abun regalo para el f\u00fatbol\u00bb y el ex futbolista germano G\u00fcnter Netzer como \u00abla mayor alegr\u00eda del f\u00fatbol alem\u00e1n\u00bb. <\/p>\n<p>Beckenbauer sigue siendo a\u00fan capit\u00e1n honor\u00edfico de la DFB y tambi\u00e9n presidente de honor del Bayern M\u00fanich. Mientras, la Fiscal\u00eda de Suiza lo investiga junto con otros miembros del comit\u00e9 organizador del Mundial de 2006 por cargos de fraude, lavado de dinero, gesti\u00f3n desleal y malversaci\u00f3n de fondos.<\/p>\n<p>Se trata de un pago sospechoso que Beckenbauer y su entonces socio y m\u00e1nager, el ya fallecido Robert Schwan -con la ayuda de Robert Louis-Dreyfus, entonces presidente de Adidas- realizaron en 2002 a una cuenta de Qatar a nombre del ex miembro de la FIFA Mohamed bin Hammam.<\/p>\n<p>La transferencia del dinero se hizo a trav\u00e9s del despacho legal suizo Gabriel &#038; M\u00fcller, que a su vez envi\u00f3 la suma a la empresa KEMCO Scaffolding Co., propiedad del entonces vicepresidente de la FIFA Bin Hammam.<\/p>\n<p>El dinero equival\u00eda a los 6,7 millones que el comit\u00e9 organizador devolvi\u00f3 en 2005 a Louis-Dreyfus y que camufl\u00f3 deliberadamente como una contribuci\u00f3n a una gala mundialista que nunca se realiz\u00f3.<\/p>\n<p>Alemania acab\u00f3 siendo elegida como sede del torneo en 2000 por el comit\u00e9 ejecutivo de la FIFA, en una elecci\u00f3n en la que se impuso 12-11 sobre Sud\u00e1frica. <\/p>\n<p>El \u00abKaiser\u00bb, que se enfrenta a pena de c\u00e1rcel, neg\u00f3 en todo momento haber cometido algo ilegal y asegur\u00f3 en una entrevista con el diario \u00abS\u00fcddeutsche Zeitung\u00bb que en ese tiempo firm\u00f3 \u00absencillamente todo\u00bb. <\/p>\n<p>Ahora, el alem\u00e1n nacido en M\u00fanich ha desaparecido de todas las pantallas y vive retirado en su casa en Salzburgo con sus dos hijos menores y su mujer Heidi. <\/p>\n<p>El monumento Beckenbauer se desmoron\u00f3 violentamente en los \u00faltimos doce meses. El nuevo presidente de la DFB, Reinhard Grindel, calific\u00f3 los pagos durante su tiempo como presidente del comit\u00e9 organizador como \u00abincomprensibles, indignantes\u00bb y de \u00abfraude a la opini\u00f3n p\u00fablica\u00bb. <\/p>\n<p>\u00bfUna historia interminable? Todav\u00eda no se descartan que aparezcan nuevas revelaciones. El futuro del \u00abKaiser del f\u00fatbol\u00bb sigue abierto.<\/p>\n<p>Por Ulrike John <\/p>\n","protected":false},"excerpt":{"rendered":"<p>Fr\u00e1ncfort, 15 oct (dpa) &#8211; El legendario ex jugador y ex t\u00e9cnico alem\u00e1n Franz Beckenbauer pas\u00f3 de ser el gran \u00eddolo indiscutible del f\u00fatbol de su pa\u00eds a ver cuestionada su imagen tras verse envuelto por el esc\u00e1ndalo de corrupci\u00f3n en torno a la adjudicaci\u00f3n del Mundial de Alemania de 2006. Desde que hace un<\/p>\n","protected":false},"author":1,"featured_media":16457,"comment_status":"closed","ping_status":"closed","sticky":false,"template":"","format":"standard","meta":{"footnotes":""},"categories":[343],"tags":[],"class_list":{"0":"post-33776","1":"post","2":"type-post","3":"status-publish","4":"format-standard","5":"has-post-thumbnail","7":"category-actualidad"},"aioseo_notices":[],"aioseo_head":"\n\t\t<!-- All in One SEO Pro 4.9.6.2 - aioseo.com -->\n\t<meta name=\"description\" content=\"Fr\u00e1ncfort, 15 oct (dpa) - El legendario ex jugador y ex t\u00e9cnico alem\u00e1n Franz Beckenbauer pas\u00f3 de ser el gran \u00eddolo indiscutible del f\u00fatbol de su pa\u00eds a ver cuestionada su imagen tras verse envuelto por el esc\u00e1ndalo de corrupci\u00f3n en torno a la adjudicaci\u00f3n del Mundial de Alemania de 2006. Desde que hace un\" \/>\n\t<meta name=\"robots\" content=\"max-image-preview:large\" \/>\n\t<meta name=\"author\" content=\"Cand\u00e1s 365\"\/>\n\t<meta name=\"google-site-verification\" content=\"UA-32230408-1\" \/>\n\t<meta name=\"msvalidate.01\" content=\"354F3CDFB2DA171B47FBE9ABF1F88D5\" \/>\n\t<meta name=\"keywords\" content=\"actualidad\" \/>\n\t<link rel=\"canonical\" href=\"https:\/\/candas365.es\/noticias\/el-ano-en-el-que-se-tambaleo-el-mito-beckenbauer\/\" \/>\n\t<meta name=\"generator\" content=\"All in One SEO Pro (AIOSEO) 4.9.6.2\" \/>\n\t\t<meta property=\"og:locale\" content=\"es_ES\" \/>\n\t\t<meta property=\"og:site_name\" content=\"Cand\u00e1s 365\" \/>\n\t\t<meta property=\"og:type\" content=\"article\" \/>\n\t\t<meta property=\"og:title\" content=\"El a\u00f1o en el que se tambale\u00f3 el mito Beckenbauer | Cand\u00e1s 365\" \/>\n\t\t<meta property=\"og:description\" content=\"Fr\u00e1ncfort, 15 oct (dpa) - El legendario ex jugador y ex t\u00e9cnico alem\u00e1n Franz Beckenbauer pas\u00f3 de ser el gran \u00eddolo indiscutible del f\u00fatbol de su pa\u00eds a ver cuestionada su imagen tras verse envuelto por el esc\u00e1ndalo de corrupci\u00f3n en torno a la adjudicaci\u00f3n del Mundial de Alemania de 2006. Desde que hace un\" \/>\n\t\t<meta property=\"og:url\" content=\"https:\/\/candas365.es\/noticias\/el-ano-en-el-que-se-tambaleo-el-mito-beckenbauer\/\" \/>\n\t\t<meta property=\"og:image\" content=\"https:\/\/candas365.es\/noticias\/wp-content\/uploads\/2015\/09\/c365noticias.jpg\" \/>\n\t\t<meta property=\"og:image:secure_url\" content=\"https:\/\/candas365.es\/noticias\/wp-content\/uploads\/2015\/09\/c365noticias.jpg\" \/>\n\t\t<meta property=\"og:image:width\" content=\"655\" \/>\n\t\t<meta property=\"og:image:height\" content=\"360\" \/>\n\t\t<meta property=\"article:published_time\" content=\"2016-10-16T00:06:42+00:00\" \/>\n\t\t<meta property=\"article:modified_time\" content=\"2016-10-16T00:06:42+00:00\" \/>\n\t\t<meta property=\"article:publisher\" content=\"https:\/\/www.facebook.com\/Nachofdezber\" \/>\n\t\t<meta property=\"article:author\" content=\"https:\/\/www.facebook.com\/carrenoactualidad\" \/>\n\t\t<meta name=\"twitter:card\" content=\"summary_large_image\" \/>\n\t\t<meta name=\"twitter:site\" content=\"@NabercoDigital\" \/>\n\t\t<meta name=\"twitter:title\" content=\"El a\u00f1o en el que se tambale\u00f3 el mito Beckenbauer | Cand\u00e1s 365\" \/>\n\t\t<meta name=\"twitter:description\" content=\"Fr\u00e1ncfort, 15 oct (dpa) - El legendario ex jugador y ex t\u00e9cnico alem\u00e1n Franz Beckenbauer pas\u00f3 de ser el gran \u00eddolo indiscutible del f\u00fatbol de su pa\u00eds a ver cuestionada su imagen tras verse envuelto por el esc\u00e1ndalo de corrupci\u00f3n en torno a la adjudicaci\u00f3n del Mundial de Alemania de 2006. Desde que hace un\" \/>\n\t\t<meta name=\"twitter:creator\" content=\"@nbasturias\" \/>\n\t\t<meta name=\"twitter:image\" content=\"https:\/\/candas365.es\/noticias\/wp-content\/uploads\/2015\/09\/c365noticias.jpg\" \/>\n\t\t<meta name=\"twitter:label1\" content=\"Escrito por\" \/>\n\t\t<meta name=\"twitter:data1\" content=\"Cand\u00e1s 365\" \/>\n\t\t<meta name=\"twitter:label2\" content=\"Tiempo de lectura estimado\" \/>\n\t\t<meta name=\"twitter:data2\" content=\"5 minutos\" \/>\n\t\t<script type=\"application\/ld+json\" class=\"aioseo-schema\">\n\t\t\t{\"@context\":\"https:\\\/\\\/schema.org\",\"@graph\":[{\"@type\":\"BreadcrumbList\",\"@id\":\"https:\\\/\\\/candas365.es\\\/noticias\\\/el-ano-en-el-que-se-tambaleo-el-mito-beckenbauer\\\/#breadcrumblist\",\"itemListElement\":[{\"@type\":\"ListItem\",\"@id\":\"https:\\\/\\\/candas365.es\\\/noticias#listItem\",\"position\":1,\"name\":\"Home\",\"item\":\"https:\\\/\\\/candas365.es\\\/noticias\",\"nextItem\":{\"@type\":\"ListItem\",\"@id\":\"https:\\\/\\\/candas365.es\\\/noticias\\\/category\\\/actualidad\\\/#listItem\",\"name\":\"Actualidad\"}},{\"@type\":\"ListItem\",\"@id\":\"https:\\\/\\\/candas365.es\\\/noticias\\\/category\\\/actualidad\\\/#listItem\",\"position\":2,\"name\":\"Actualidad\",\"item\":\"https:\\\/\\\/candas365.es\\\/noticias\\\/category\\\/actualidad\\\/\",\"nextItem\":{\"@type\":\"ListItem\",\"@id\":\"https:\\\/\\\/candas365.es\\\/noticias\\\/el-ano-en-el-que-se-tambaleo-el-mito-beckenbauer\\\/#listItem\",\"name\":\"El a\\u00f1o en el que se tambale\\u00f3 el mito Beckenbauer\"},\"previousItem\":{\"@type\":\"ListItem\",\"@id\":\"https:\\\/\\\/candas365.es\\\/noticias#listItem\",\"name\":\"Home\"}},{\"@type\":\"ListItem\",\"@id\":\"https:\\\/\\\/candas365.es\\\/noticias\\\/el-ano-en-el-que-se-tambaleo-el-mito-beckenbauer\\\/#listItem\",\"position\":3,\"name\":\"El a\\u00f1o en el que se tambale\\u00f3 el mito Beckenbauer\",\"previousItem\":{\"@type\":\"ListItem\",\"@id\":\"https:\\\/\\\/candas365.es\\\/noticias\\\/category\\\/actualidad\\\/#listItem\",\"name\":\"Actualidad\"}}]},{\"@type\":\"NewsArticle\",\"@id\":\"https:\\\/\\\/candas365.es\\\/noticias\\\/el-ano-en-el-que-se-tambaleo-el-mito-beckenbauer\\\/#newsarticle\",\"name\":\"El a\\u00f1o en el que se tambale\\u00f3 el mito Beckenbauer | Cand\\u00e1s 365\",\"headline\":\"El a\\u00f1o en el que se tambale\\u00f3 el mito Beckenbauer\",\"author\":{\"@id\":\"https:\\\/\\\/candas365.es\\\/noticias\\\/author\\\/admin\\\/#author\"},\"publisher\":{\"@id\":\"https:\\\/\\\/candas365.es\\\/noticias\\\/#organization\"},\"image\":{\"@type\":\"ImageObject\",\"url\":\"https:\\\/\\\/candas365.es\\\/noticias\\\/wp-content\\\/uploads\\\/2015\\\/09\\\/c365noticias.jpg\",\"width\":655,\"height\":360},\"datePublished\":\"2016-10-16T01:36:42+02:00\",\"dateModified\":\"2016-10-16T01:36:42+02:00\",\"inLanguage\":\"es-ES\",\"mainEntityOfPage\":{\"@id\":\"https:\\\/\\\/candas365.es\\\/noticias\\\/el-ano-en-el-que-se-tambaleo-el-mito-beckenbauer\\\/#webpage\"},\"isPartOf\":{\"@id\":\"https:\\\/\\\/candas365.es\\\/noticias\\\/el-ano-en-el-que-se-tambaleo-el-mito-beckenbauer\\\/#webpage\"},\"articleSection\":\"Actualidad\",\"dateline\":\"Publicado el octubre 16, 2016.\"},{\"@type\":\"Organization\",\"@id\":\"https:\\\/\\\/candas365.es\\\/noticias\\\/#organization\",\"name\":\"Cand\\u00e1s 365\",\"description\":\"Cand\\u00e1s 365 es un diario digital independiente, fundado en 2012, con base en Asturias. Informamos con rigor sobre actualidad, sociedad, cultura y ocio, con una mirada local y global.\",\"url\":\"https:\\\/\\\/candas365.es\\\/noticias\\\/\",\"email\":\"info@candas365.es\",\"telephone\":\"+34652131393\",\"foundingDate\":\"2012-06-10\",\"logo\":{\"@type\":\"ImageObject\",\"url\":\"https:\\\/\\\/candas365.es\\\/noticias\\\/wp-content\\\/uploads\\\/2024\\\/09\\\/Candas-365-Redes.jpg\",\"@id\":\"https:\\\/\\\/candas365.es\\\/noticias\\\/el-ano-en-el-que-se-tambaleo-el-mito-beckenbauer\\\/#organizationLogo\",\"width\":1152,\"height\":864,\"caption\":\"Cand\\u00e1s 365 Redes\"},\"image\":{\"@id\":\"https:\\\/\\\/candas365.es\\\/noticias\\\/el-ano-en-el-que-se-tambaleo-el-mito-beckenbauer\\\/#organizationLogo\"},\"sameAs\":[\"https:\\\/\\\/www.facebook.com\\\/Nachofdezber\",\"https:\\\/\\\/x.com\\\/NabercoDigital\",\"https:\\\/\\\/www.instagram.com\\\/nachofdezber\\\/\",\"https:\\\/\\\/www.youtube.com\\\/channel\\\/UCZP-2wLEB9Rv6erhFmqVnvg\"],\"address\":{\"@id\":\"https:\\\/\\\/candas365.es\\\/noticias\\\/#postaladdress\",\"@type\":\"PostalAddress\",\"streetAddress\":\"san antonio 4, san antonio 4\",\"postalCode\":\"33430\",\"addressLocality\":\"Cand\\u00e1s\",\"addressRegion\":\"Asturias\",\"addressCountry\":\"ES\"}},{\"@type\":\"Person\",\"@id\":\"https:\\\/\\\/candas365.es\\\/noticias\\\/author\\\/admin\\\/#author\",\"url\":\"https:\\\/\\\/candas365.es\\\/noticias\\\/author\\\/admin\\\/\",\"name\":\"Cand\\u00e1s 365\",\"image\":{\"@type\":\"ImageObject\",\"@id\":\"https:\\\/\\\/candas365.es\\\/noticias\\\/el-ano-en-el-que-se-tambaleo-el-mito-beckenbauer\\\/#authorImage\",\"url\":\"https:\\\/\\\/secure.gravatar.com\\\/avatar\\\/496a8e03d0c493ede1718b7934145dbdf8d89be1036b0eec9544e1094c9de390?s=96&d=mm&r=g\",\"width\":96,\"height\":96,\"caption\":\"Cand\\u00e1s 365\"},\"sameAs\":[\"https:\\\/\\\/www.facebook.com\\\/carrenoactualidad\",\"https:\\\/\\\/twitter.com\\\/nbasturias\",\"https:\\\/\\\/www.instagram.com\\\/nachofdezber\\\/\",\"https:\\\/\\\/www.youtube.com\\\/channel\\\/UCZP-2wLEB9Rv6erhFmqVnvg\"]},{\"@type\":\"WebPage\",\"@id\":\"https:\\\/\\\/candas365.es\\\/noticias\\\/el-ano-en-el-que-se-tambaleo-el-mito-beckenbauer\\\/#webpage\",\"url\":\"https:\\\/\\\/candas365.es\\\/noticias\\\/el-ano-en-el-que-se-tambaleo-el-mito-beckenbauer\\\/\",\"name\":\"El a\\u00f1o en el que se tambale\\u00f3 el mito Beckenbauer | Cand\\u00e1s 365\",\"description\":\"Fr\\u00e1ncfort, 15 oct (dpa) - El legendario ex jugador y ex t\\u00e9cnico alem\\u00e1n Franz Beckenbauer pas\\u00f3 de ser el gran \\u00eddolo indiscutible del f\\u00fatbol de su pa\\u00eds a ver cuestionada su imagen tras verse envuelto por el esc\\u00e1ndalo de corrupci\\u00f3n en torno a la adjudicaci\\u00f3n del Mundial de Alemania de 2006. Desde que hace un\",\"inLanguage\":\"es-ES\",\"isPartOf\":{\"@id\":\"https:\\\/\\\/candas365.es\\\/noticias\\\/#website\"},\"breadcrumb\":{\"@id\":\"https:\\\/\\\/candas365.es\\\/noticias\\\/el-ano-en-el-que-se-tambaleo-el-mito-beckenbauer\\\/#breadcrumblist\"},\"author\":{\"@id\":\"https:\\\/\\\/candas365.es\\\/noticias\\\/author\\\/admin\\\/#author\"},\"creator\":{\"@id\":\"https:\\\/\\\/candas365.es\\\/noticias\\\/author\\\/admin\\\/#author\"},\"image\":{\"@type\":\"ImageObject\",\"url\":\"https:\\\/\\\/candas365.es\\\/noticias\\\/wp-content\\\/uploads\\\/2015\\\/09\\\/c365noticias.jpg\",\"@id\":\"https:\\\/\\\/candas365.es\\\/noticias\\\/el-ano-en-el-que-se-tambaleo-el-mito-beckenbauer\\\/#mainImage\",\"width\":655,\"height\":360},\"primaryImageOfPage\":{\"@id\":\"https:\\\/\\\/candas365.es\\\/noticias\\\/el-ano-en-el-que-se-tambaleo-el-mito-beckenbauer\\\/#mainImage\"},\"datePublished\":\"2016-10-16T01:36:42+02:00\",\"dateModified\":\"2016-10-16T01:36:42+02:00\"},{\"@type\":\"WebSite\",\"@id\":\"https:\\\/\\\/candas365.es\\\/noticias\\\/#website\",\"url\":\"https:\\\/\\\/candas365.es\\\/noticias\\\/\",\"name\":\"Cand\\u00e1s 365\",\"alternateName\":\"Cand\\u00e1s 365 Noticias\",\"description\":\"Actualidad desde Carre\\u00f1o para el mundo\",\"inLanguage\":\"es-ES\",\"publisher\":{\"@id\":\"https:\\\/\\\/candas365.es\\\/noticias\\\/#organization\"}}]}\n\t\t<\/script>\n\t\t<!-- All in One SEO Pro -->\r\n\t\t<title>El a\u00f1o en el que se tambale\u00f3 el mito Beckenbauer | Cand\u00e1s 365<\/title>\n\n","aioseo_head_json":{"title":"El a\u00f1o en el que se tambale\u00f3 el mito Beckenbauer | Cand\u00e1s 365","description":"Fr\u00e1ncfort, 15 oct (dpa) - El legendario ex jugador y ex t\u00e9cnico alem\u00e1n Franz Beckenbauer pas\u00f3 de ser el gran \u00eddolo indiscutible del f\u00fatbol de su pa\u00eds a ver cuestionada su imagen tras verse envuelto por el esc\u00e1ndalo de corrupci\u00f3n en torno a la adjudicaci\u00f3n del Mundial de Alemania de 2006. Desde que hace un","canonical_url":"https:\/\/candas365.es\/noticias\/el-ano-en-el-que-se-tambaleo-el-mito-beckenbauer\/","robots":"max-image-preview:large","keywords":"actualidad","webmasterTools":{"google-site-verification":"UA-32230408-1","msvalidate.01":"354F3CDFB2DA171B47FBE9ABF1F88D5","miscellaneous":""},"schema":{"@context":"https:\/\/schema.org","@graph":[{"@type":"BreadcrumbList","@id":"https:\/\/candas365.es\/noticias\/el-ano-en-el-que-se-tambaleo-el-mito-beckenbauer\/#breadcrumblist","itemListElement":[{"@type":"ListItem","@id":"https:\/\/candas365.es\/noticias#listItem","position":1,"name":"Home","item":"https:\/\/candas365.es\/noticias","nextItem":{"@type":"ListItem","@id":"https:\/\/candas365.es\/noticias\/category\/actualidad\/#listItem","name":"Actualidad"}},{"@type":"ListItem","@id":"https:\/\/candas365.es\/noticias\/category\/actualidad\/#listItem","position":2,"name":"Actualidad","item":"https:\/\/candas365.es\/noticias\/category\/actualidad\/","nextItem":{"@type":"ListItem","@id":"https:\/\/candas365.es\/noticias\/el-ano-en-el-que-se-tambaleo-el-mito-beckenbauer\/#listItem","name":"El a\u00f1o en el que se tambale\u00f3 el mito Beckenbauer"},"previousItem":{"@type":"ListItem","@id":"https:\/\/candas365.es\/noticias#listItem","name":"Home"}},{"@type":"ListItem","@id":"https:\/\/candas365.es\/noticias\/el-ano-en-el-que-se-tambaleo-el-mito-beckenbauer\/#listItem","position":3,"name":"El a\u00f1o en el que se tambale\u00f3 el mito Beckenbauer","previousItem":{"@type":"ListItem","@id":"https:\/\/candas365.es\/noticias\/category\/actualidad\/#listItem","name":"Actualidad"}}]},{"@type":"NewsArticle","@id":"https:\/\/candas365.es\/noticias\/el-ano-en-el-que-se-tambaleo-el-mito-beckenbauer\/#newsarticle","name":"El a\u00f1o en el que se tambale\u00f3 el mito Beckenbauer | Cand\u00e1s 365","headline":"El a\u00f1o en el que se tambale\u00f3 el mito Beckenbauer","author":{"@id":"https:\/\/candas365.es\/noticias\/author\/admin\/#author"},"publisher":{"@id":"https:\/\/candas365.es\/noticias\/#organization"},"image":{"@type":"ImageObject","url":"https:\/\/candas365.es\/noticias\/wp-content\/uploads\/2015\/09\/c365noticias.jpg","width":655,"height":360},"datePublished":"2016-10-16T01:36:42+02:00","dateModified":"2016-10-16T01:36:42+02:00","inLanguage":"es-ES","mainEntityOfPage":{"@id":"https:\/\/candas365.es\/noticias\/el-ano-en-el-que-se-tambaleo-el-mito-beckenbauer\/#webpage"},"isPartOf":{"@id":"https:\/\/candas365.es\/noticias\/el-ano-en-el-que-se-tambaleo-el-mito-beckenbauer\/#webpage"},"articleSection":"Actualidad","dateline":"Publicado el octubre 16, 2016."},{"@type":"Organization","@id":"https:\/\/candas365.es\/noticias\/#organization","name":"Cand\u00e1s 365","description":"Cand\u00e1s 365 es un diario digital independiente, fundado en 2012, con base en Asturias. Informamos con rigor sobre actualidad, sociedad, cultura y ocio, con una mirada local y global.","url":"https:\/\/candas365.es\/noticias\/","email":"info@candas365.es","telephone":"+34652131393","foundingDate":"2012-06-10","logo":{"@type":"ImageObject","url":"https:\/\/candas365.es\/noticias\/wp-content\/uploads\/2024\/09\/Candas-365-Redes.jpg","@id":"https:\/\/candas365.es\/noticias\/el-ano-en-el-que-se-tambaleo-el-mito-beckenbauer\/#organizationLogo","width":1152,"height":864,"caption":"Cand\u00e1s 365 Redes"},"image":{"@id":"https:\/\/candas365.es\/noticias\/el-ano-en-el-que-se-tambaleo-el-mito-beckenbauer\/#organizationLogo"},"sameAs":["https:\/\/www.facebook.com\/Nachofdezber","https:\/\/x.com\/NabercoDigital","https:\/\/www.instagram.com\/nachofdezber\/","https:\/\/www.youtube.com\/channel\/UCZP-2wLEB9Rv6erhFmqVnvg"],"address":{"@id":"https:\/\/candas365.es\/noticias\/#postaladdress","@type":"PostalAddress","streetAddress":"san antonio 4, san antonio 4","postalCode":"33430","addressLocality":"Cand\u00e1s","addressRegion":"Asturias","addressCountry":"ES"}},{"@type":"Person","@id":"https:\/\/candas365.es\/noticias\/author\/admin\/#author","url":"https:\/\/candas365.es\/noticias\/author\/admin\/","name":"Cand\u00e1s 365","image":{"@type":"ImageObject","@id":"https:\/\/candas365.es\/noticias\/el-ano-en-el-que-se-tambaleo-el-mito-beckenbauer\/#authorImage","url":"https:\/\/secure.gravatar.com\/avatar\/496a8e03d0c493ede1718b7934145dbdf8d89be1036b0eec9544e1094c9de390?s=96&d=mm&r=g","width":96,"height":96,"caption":"Cand\u00e1s 365"},"sameAs":["https:\/\/www.facebook.com\/carrenoactualidad","https:\/\/twitter.com\/nbasturias","https:\/\/www.instagram.com\/nachofdezber\/","https:\/\/www.youtube.com\/channel\/UCZP-2wLEB9Rv6erhFmqVnvg"]},{"@type":"WebPage","@id":"https:\/\/candas365.es\/noticias\/el-ano-en-el-que-se-tambaleo-el-mito-beckenbauer\/#webpage","url":"https:\/\/candas365.es\/noticias\/el-ano-en-el-que-se-tambaleo-el-mito-beckenbauer\/","name":"El a\u00f1o en el que se tambale\u00f3 el mito Beckenbauer | Cand\u00e1s 365","description":"Fr\u00e1ncfort, 15 oct (dpa) - El legendario ex jugador y ex t\u00e9cnico alem\u00e1n Franz Beckenbauer pas\u00f3 de ser el gran \u00eddolo indiscutible del f\u00fatbol de su pa\u00eds a ver cuestionada su imagen tras verse envuelto por el esc\u00e1ndalo de corrupci\u00f3n en torno a la adjudicaci\u00f3n del Mundial de Alemania de 2006. Desde que hace un","inLanguage":"es-ES","isPartOf":{"@id":"https:\/\/candas365.es\/noticias\/#website"},"breadcrumb":{"@id":"https:\/\/candas365.es\/noticias\/el-ano-en-el-que-se-tambaleo-el-mito-beckenbauer\/#breadcrumblist"},"author":{"@id":"https:\/\/candas365.es\/noticias\/author\/admin\/#author"},"creator":{"@id":"https:\/\/candas365.es\/noticias\/author\/admin\/#author"},"image":{"@type":"ImageObject","url":"https:\/\/candas365.es\/noticias\/wp-content\/uploads\/2015\/09\/c365noticias.jpg","@id":"https:\/\/candas365.es\/noticias\/el-ano-en-el-que-se-tambaleo-el-mito-beckenbauer\/#mainImage","width":655,"height":360},"primaryImageOfPage":{"@id":"https:\/\/candas365.es\/noticias\/el-ano-en-el-que-se-tambaleo-el-mito-beckenbauer\/#mainImage"},"datePublished":"2016-10-16T01:36:42+02:00","dateModified":"2016-10-16T01:36:42+02:00"},{"@type":"WebSite","@id":"https:\/\/candas365.es\/noticias\/#website","url":"https:\/\/candas365.es\/noticias\/","name":"Cand\u00e1s 365","alternateName":"Cand\u00e1s 365 Noticias","description":"Actualidad desde Carre\u00f1o para el mundo","inLanguage":"es-ES","publisher":{"@id":"https:\/\/candas365.es\/noticias\/#organization"}}]},"og:locale":"es_ES","og:site_name":"Cand\u00e1s 365","og:type":"article","og:title":"El a\u00f1o en el que se tambale\u00f3 el mito Beckenbauer | Cand\u00e1s 365","og:description":"Fr\u00e1ncfort, 15 oct (dpa) - El legendario ex jugador y ex t\u00e9cnico alem\u00e1n Franz Beckenbauer pas\u00f3 de ser el gran \u00eddolo indiscutible del f\u00fatbol de su pa\u00eds a ver cuestionada su imagen tras verse envuelto por el esc\u00e1ndalo de corrupci\u00f3n en torno a la adjudicaci\u00f3n del Mundial de Alemania de 2006. Desde que hace un","og:url":"https:\/\/candas365.es\/noticias\/el-ano-en-el-que-se-tambaleo-el-mito-beckenbauer\/","og:image":"https:\/\/candas365.es\/noticias\/wp-content\/uploads\/2015\/09\/c365noticias.jpg","og:image:secure_url":"https:\/\/candas365.es\/noticias\/wp-content\/uploads\/2015\/09\/c365noticias.jpg","og:image:width":655,"og:image:height":360,"article:published_time":"2016-10-16T00:06:42+00:00","article:modified_time":"2016-10-16T00:06:42+00:00","article:publisher":"https:\/\/www.facebook.com\/Nachofdezber","article:author":"https:\/\/www.facebook.com\/carrenoactualidad","twitter:card":"summary_large_image","twitter:site":"@NabercoDigital","twitter:title":"El a\u00f1o en el que se tambale\u00f3 el mito Beckenbauer | Cand\u00e1s 365","twitter:description":"Fr\u00e1ncfort, 15 oct (dpa) - El legendario ex jugador y ex t\u00e9cnico alem\u00e1n Franz Beckenbauer pas\u00f3 de ser el gran \u00eddolo indiscutible del f\u00fatbol de su pa\u00eds a ver cuestionada su imagen tras verse envuelto por el esc\u00e1ndalo de corrupci\u00f3n en torno a la adjudicaci\u00f3n del Mundial de Alemania de 2006. Desde que hace un","twitter:creator":"@nbasturias","twitter:image":"https:\/\/candas365.es\/noticias\/wp-content\/uploads\/2015\/09\/c365noticias.jpg","twitter:label1":"Escrito por","twitter:data1":"Cand\u00e1s 365","twitter:label2":"Tiempo de lectura estimado","twitter:data2":"5 minutos"},"aioseo_meta_data":{"post_id":"33776","title":null,"description":null,"keywords":null,"keyphrases":null,"primary_term":null,"canonical_url":null,"og_title":null,"og_description":null,"og_object_type":"default","og_image_type":"default","og_image_url":null,"og_image_width":null,"og_image_height":null,"og_image_custom_url":null,"og_image_custom_fields":null,"og_video":null,"og_custom_url":null,"og_article_section":null,"og_article_tags":null,"twitter_use_og":false,"twitter_card":"default","twitter_image_type":"default","twitter_image_url":null,"twitter_image_custom_url":null,"twitter_image_custom_fields":null,"twitter_title":null,"twitter_description":null,"schema":{"blockGraphs":[],"customGraphs":[],"default":{"data":{"Article":[],"Course":[],"Dataset":[],"FAQPage":[],"Movie":[],"Person":[],"Product":[],"ProductReview":[],"Car":[],"Recipe":[],"Service":[],"SoftwareApplication":[],"WebPage":[]},"graphName":"","isEnabled":true},"graphs":[]},"schema_type":null,"schema_type_options":null,"pillar_content":false,"robots_default":true,"robots_noindex":false,"robots_noarchive":false,"robots_nosnippet":false,"robots_nofollow":false,"robots_noimageindex":false,"robots_noodp":false,"robots_notranslate":false,"robots_max_snippet":null,"robots_max_videopreview":null,"robots_max_imagepreview":"large","priority":null,"frequency":null,"location":null,"local_seo":null,"seo_analyzer_scan_date":"2025-08-24 16:58:07","breadcrumb_settings":null,"limit_modified_date":false,"reviewed_by":null,"open_ai":null,"ai":null,"created":"2020-12-21 13:06:55","updated":"2025-08-24 16:58:07"},"aioseo_breadcrumb":"<div class=\"aioseo-breadcrumbs\"><span class=\"aioseo-breadcrumb\">\n\t<a href=\"https:\/\/candas365.es\/noticias\" title=\"Home\">Home<\/a>\n<\/span><span class=\"aioseo-breadcrumb-separator\">&ndash;<\/span><span class=\"aioseo-breadcrumb\">\n\t<a href=\"https:\/\/candas365.es\/noticias\/category\/actualidad\/\" title=\"Actualidad\">Actualidad<\/a>\n<\/span><span class=\"aioseo-breadcrumb-separator\">&ndash;<\/span><span class=\"aioseo-breadcrumb\">\n\tEl a\u00f1o en el que se tambale\u00f3 el mito Beckenbauer\n<\/span><\/div>","aioseo_breadcrumb_json":[{"label":"Home","link":"https:\/\/candas365.es\/noticias"},{"label":"Actualidad","link":"https:\/\/candas365.es\/noticias\/category\/actualidad\/"},{"label":"El a\u00f1o en el que se tambale\u00f3 el mito Beckenbauer","link":"https:\/\/candas365.es\/noticias\/el-ano-en-el-que-se-tambaleo-el-mito-beckenbauer\/"}],"_links":{"self":[{"href":"https:\/\/candas365.es\/noticias\/wp-json\/wp\/v2\/posts\/33776","targetHints":{"allow":["GET"]}}],"collection":[{"href":"https:\/\/candas365.es\/noticias\/wp-json\/wp\/v2\/posts"}],"about":[{"href":"https:\/\/candas365.es\/noticias\/wp-json\/wp\/v2\/types\/post"}],"author":[{"embeddable":true,"href":"https:\/\/candas365.es\/noticias\/wp-json\/wp\/v2\/users\/1"}],"replies":[{"embeddable":true,"href":"https:\/\/candas365.es\/noticias\/wp-json\/wp\/v2\/comments?post=33776"}],"version-history":[{"count":0,"href":"https:\/\/candas365.es\/noticias\/wp-json\/wp\/v2\/posts\/33776\/revisions"}],"wp:featuredmedia":[{"embeddable":true,"href":"https:\/\/candas365.es\/noticias\/wp-json\/wp\/v2\/media\/16457"}],"wp:attachment":[{"href":"https:\/\/candas365.es\/noticias\/wp-json\/wp\/v2\/media?parent=33776"}],"wp:term":[{"taxonomy":"category","embeddable":true,"href":"https:\/\/candas365.es\/noticias\/wp-json\/wp\/v2\/categories?post=33776"},{"taxonomy":"post_tag","embeddable":true,"href":"https:\/\/candas365.es\/noticias\/wp-json\/wp\/v2\/tags?post=33776"}],"curies":[{"name":"wp","href":"https:\/\/api.w.org\/{rel}","templated":true}]}}