{"id":33774,"date":"2016-10-16T01:35:48","date_gmt":"2016-10-16T00:05:48","guid":{"rendered":"http:\/\/candas365.es\/noticias\/?p=33774"},"modified":"2016-10-16T01:35:48","modified_gmt":"2016-10-16T00:05:48","slug":"merkel-defiende-su-politica-migratoria-ante-las-juventudes-de-la-cdu","status":"publish","type":"post","link":"https:\/\/candas365.es\/noticias\/merkel-defiende-su-politica-migratoria-ante-las-juventudes-de-la-cdu\/","title":{"rendered":"Merkel defiende su pol\u00edtica migratoria ante las juventudes de la CDU"},"content":{"rendered":"<p>Paderborn (Alemania), 15 oct (dpa) &#8211; La canciller alemana, Angela Merkel, defendi\u00f3 hoy su pol\u00edtica migratoria ante las juventudes de la Uni\u00f3n Crisitianodem\u00f3crata (CDU) y reclam\u00f3 una repatriaci\u00f3n \u00abconsecuente\u00bb de todos los refugiados cuyas solicitudes hayan sido rechazadas.<\/p>\n<p>\u00abSea como sea necesitamos un esfuerzo nacional para repatriar a aquellos que hayan sido rechazados\u00bb, declar\u00f3 la l\u00edder de la CDU en el congreso federal de las juventudes de su partido en Paderborn, en el oeste del pa\u00eds. <\/p>\n<p>La mandataria indic\u00f3 que pasarse la responsabilidad entre el Estado y los estados federados alemanes no aporta nada, porque los ciudadanos sencillamente quieren ver resultados. <\/p>\n<p>Las personas sin derecho a recibir asilo deben ser repatriadas, insisti\u00f3. Esto es algo que Alemania no hizo de manera consecuente tampoco cuando las cifras de solicitudes de asilo a\u00fan eran mucho m\u00e1s bajas que en 2015, reconoci\u00f3. <\/p>\n<p>En este punto, Merkel record\u00f3 que el pasado a\u00f1o Alemania acept\u00f3 las solicitudes de asilo de un 60 por ciento de los casi 900.000 refugiados que llegaron al pa\u00eds. \u00abAlemania debe presentar a estas personas una oferta y estar abierta, pero tambi\u00e9n exigir. Exigir y exigir\u00bb, reclam\u00f3. <\/p>\n<p>Antes de la tradicional comparecencia de Merkel en el congreso, las juventudes de la CDU rechazaron la reclamaci\u00f3n de la Uni\u00f3n Cristianosocial (CSU), partido b\u00e1varo hermanado de la CDU, de establecer un l\u00edmite m\u00e1ximo de refugiados de 200.000 personas. \u00c9sta es una de las principales exigencias que enfrenta desde hace meses a la CSU con la CDU, ya que Merkel se opone firmemente a establecer un l\u00edmite. <\/p>\n<p>Una docena de radicales de la derecha se reunieron en los alrededores del congreso para mostrar su repulsa a Merkel. \u00abTraidora del pueblo, a la c\u00e1rcel\u00bb y \u00abArresten a Merkel\u00bb eran algunos de los carteles que pod\u00edan verse. Mientras, el partido populista de derechas Alternativa para Alemania anunci\u00f3 una manifestaci\u00f3n en el centro de la ciudad en contra de la pol\u00edtica de la canciller alemana. <\/p>\n","protected":false},"excerpt":{"rendered":"<p>Paderborn (Alemania), 15 oct (dpa) &#8211; La canciller alemana, Angela Merkel, defendi\u00f3 hoy su pol\u00edtica migratoria ante las juventudes de la Uni\u00f3n Crisitianodem\u00f3crata (CDU) y reclam\u00f3 una repatriaci\u00f3n \u00abconsecuente\u00bb de todos los refugiados cuyas solicitudes hayan sido rechazadas. \u00abSea como sea necesitamos un esfuerzo nacional para repatriar a aquellos que hayan sido rechazados\u00bb, declar\u00f3 la<\/p>\n","protected":false},"author":1,"featured_media":16457,"comment_status":"closed","ping_status":"closed","sticky":false,"template":"","format":"standard","meta":{"footnotes":""},"categories":[343],"tags":[],"class_list":{"0":"post-33774","1":"post","2":"type-post","3":"status-publish","4":"format-standard","5":"has-post-thumbnail","7":"category-actualidad"},"aioseo_notices":[],"aioseo_head":"\n\t\t<!-- All in One SEO Pro 4.9.6.2 - aioseo.com -->\n\t<meta name=\"description\" content=\"Paderborn (Alemania), 15 oct (dpa) - La canciller alemana, Angela Merkel, defendi\u00f3 hoy su pol\u00edtica migratoria ante las juventudes de la Uni\u00f3n Crisitianodem\u00f3crata (CDU) y reclam\u00f3 una repatriaci\u00f3n &quot;consecuente&quot; de todos los refugiados cuyas solicitudes hayan sido rechazadas. &quot;Sea como sea necesitamos un esfuerzo nacional para repatriar a aquellos que hayan sido rechazados&quot;, declar\u00f3 la\" \/>\n\t<meta name=\"robots\" content=\"max-image-preview:large\" \/>\n\t<meta name=\"author\" content=\"Cand\u00e1s 365\"\/>\n\t<meta name=\"google-site-verification\" content=\"UA-32230408-1\" \/>\n\t<meta name=\"msvalidate.01\" content=\"354F3CDFB2DA171B47FBE9ABF1F88D5\" \/>\n\t<meta name=\"keywords\" content=\"actualidad\" \/>\n\t<link rel=\"canonical\" href=\"https:\/\/candas365.es\/noticias\/merkel-defiende-su-politica-migratoria-ante-las-juventudes-de-la-cdu\/\" \/>\n\t<meta name=\"generator\" content=\"All in One SEO Pro (AIOSEO) 4.9.6.2\" \/>\n\t\t<meta property=\"og:locale\" content=\"es_ES\" \/>\n\t\t<meta property=\"og:site_name\" content=\"Cand\u00e1s 365\" \/>\n\t\t<meta property=\"og:type\" content=\"article\" \/>\n\t\t<meta property=\"og:title\" content=\"Merkel defiende su pol\u00edtica migratoria ante las juventudes de la CDU | Cand\u00e1s 365\" \/>\n\t\t<meta property=\"og:description\" content=\"Paderborn (Alemania), 15 oct (dpa) - La canciller alemana, Angela Merkel, defendi\u00f3 hoy su pol\u00edtica migratoria ante las juventudes de la Uni\u00f3n Crisitianodem\u00f3crata (CDU) y reclam\u00f3 una repatriaci\u00f3n &quot;consecuente&quot; de todos los refugiados cuyas solicitudes hayan sido rechazadas. &quot;Sea como sea necesitamos un esfuerzo nacional para repatriar a aquellos que hayan sido rechazados&quot;, declar\u00f3 la\" \/>\n\t\t<meta property=\"og:url\" content=\"https:\/\/candas365.es\/noticias\/merkel-defiende-su-politica-migratoria-ante-las-juventudes-de-la-cdu\/\" \/>\n\t\t<meta property=\"og:image\" content=\"https:\/\/candas365.es\/noticias\/wp-content\/uploads\/2015\/09\/c365noticias.jpg\" \/>\n\t\t<meta property=\"og:image:secure_url\" content=\"https:\/\/candas365.es\/noticias\/wp-content\/uploads\/2015\/09\/c365noticias.jpg\" \/>\n\t\t<meta property=\"og:image:width\" content=\"655\" \/>\n\t\t<meta property=\"og:image:height\" content=\"360\" \/>\n\t\t<meta property=\"article:published_time\" content=\"2016-10-16T00:05:48+00:00\" \/>\n\t\t<meta property=\"article:modified_time\" content=\"2016-10-16T00:05:48+00:00\" \/>\n\t\t<meta property=\"article:publisher\" content=\"https:\/\/www.facebook.com\/Nachofdezber\" \/>\n\t\t<meta property=\"article:author\" content=\"https:\/\/www.facebook.com\/carrenoactualidad\" \/>\n\t\t<meta name=\"twitter:card\" content=\"summary_large_image\" \/>\n\t\t<meta name=\"twitter:site\" content=\"@NabercoDigital\" \/>\n\t\t<meta name=\"twitter:title\" content=\"Merkel defiende su pol\u00edtica migratoria ante las juventudes de la CDU | Cand\u00e1s 365\" \/>\n\t\t<meta name=\"twitter:description\" content=\"Paderborn (Alemania), 15 oct (dpa) - La canciller alemana, Angela Merkel, defendi\u00f3 hoy su pol\u00edtica migratoria ante las juventudes de la Uni\u00f3n Crisitianodem\u00f3crata (CDU) y reclam\u00f3 una repatriaci\u00f3n &quot;consecuente&quot; de todos los refugiados cuyas solicitudes hayan sido rechazadas. &quot;Sea como sea necesitamos un esfuerzo nacional para repatriar a aquellos que hayan sido rechazados&quot;, declar\u00f3 la\" \/>\n\t\t<meta name=\"twitter:creator\" content=\"@nbasturias\" \/>\n\t\t<meta name=\"twitter:image\" content=\"https:\/\/candas365.es\/noticias\/wp-content\/uploads\/2015\/09\/c365noticias.jpg\" \/>\n\t\t<meta name=\"twitter:label1\" content=\"Escrito por\" \/>\n\t\t<meta name=\"twitter:data1\" content=\"Cand\u00e1s 365\" \/>\n\t\t<meta name=\"twitter:label2\" content=\"Tiempo de lectura estimado\" \/>\n\t\t<meta name=\"twitter:data2\" content=\"2 minutos\" \/>\n\t\t<script type=\"application\/ld+json\" class=\"aioseo-schema\">\n\t\t\t{\"@context\":\"https:\\\/\\\/schema.org\",\"@graph\":[{\"@type\":\"BreadcrumbList\",\"@id\":\"https:\\\/\\\/candas365.es\\\/noticias\\\/merkel-defiende-su-politica-migratoria-ante-las-juventudes-de-la-cdu\\\/#breadcrumblist\",\"itemListElement\":[{\"@type\":\"ListItem\",\"@id\":\"https:\\\/\\\/candas365.es\\\/noticias#listItem\",\"position\":1,\"name\":\"Home\",\"item\":\"https:\\\/\\\/candas365.es\\\/noticias\",\"nextItem\":{\"@type\":\"ListItem\",\"@id\":\"https:\\\/\\\/candas365.es\\\/noticias\\\/category\\\/actualidad\\\/#listItem\",\"name\":\"Actualidad\"}},{\"@type\":\"ListItem\",\"@id\":\"https:\\\/\\\/candas365.es\\\/noticias\\\/category\\\/actualidad\\\/#listItem\",\"position\":2,\"name\":\"Actualidad\",\"item\":\"https:\\\/\\\/candas365.es\\\/noticias\\\/category\\\/actualidad\\\/\",\"nextItem\":{\"@type\":\"ListItem\",\"@id\":\"https:\\\/\\\/candas365.es\\\/noticias\\\/merkel-defiende-su-politica-migratoria-ante-las-juventudes-de-la-cdu\\\/#listItem\",\"name\":\"Merkel defiende su pol\\u00edtica migratoria ante las juventudes de la CDU\"},\"previousItem\":{\"@type\":\"ListItem\",\"@id\":\"https:\\\/\\\/candas365.es\\\/noticias#listItem\",\"name\":\"Home\"}},{\"@type\":\"ListItem\",\"@id\":\"https:\\\/\\\/candas365.es\\\/noticias\\\/merkel-defiende-su-politica-migratoria-ante-las-juventudes-de-la-cdu\\\/#listItem\",\"position\":3,\"name\":\"Merkel defiende su pol\\u00edtica migratoria ante las juventudes de la CDU\",\"previousItem\":{\"@type\":\"ListItem\",\"@id\":\"https:\\\/\\\/candas365.es\\\/noticias\\\/category\\\/actualidad\\\/#listItem\",\"name\":\"Actualidad\"}}]},{\"@type\":\"NewsArticle\",\"@id\":\"https:\\\/\\\/candas365.es\\\/noticias\\\/merkel-defiende-su-politica-migratoria-ante-las-juventudes-de-la-cdu\\\/#newsarticle\",\"name\":\"Merkel defiende su pol\\u00edtica migratoria ante las juventudes de la CDU | Cand\\u00e1s 365\",\"headline\":\"Merkel defiende su pol\\u00edtica migratoria ante las juventudes de la CDU\",\"author\":{\"@id\":\"https:\\\/\\\/candas365.es\\\/noticias\\\/author\\\/admin\\\/#author\"},\"publisher\":{\"@id\":\"https:\\\/\\\/candas365.es\\\/noticias\\\/#organization\"},\"image\":{\"@type\":\"ImageObject\",\"url\":\"https:\\\/\\\/candas365.es\\\/noticias\\\/wp-content\\\/uploads\\\/2015\\\/09\\\/c365noticias.jpg\",\"width\":655,\"height\":360},\"datePublished\":\"2016-10-16T01:35:48+02:00\",\"dateModified\":\"2016-10-16T01:35:48+02:00\",\"inLanguage\":\"es-ES\",\"mainEntityOfPage\":{\"@id\":\"https:\\\/\\\/candas365.es\\\/noticias\\\/merkel-defiende-su-politica-migratoria-ante-las-juventudes-de-la-cdu\\\/#webpage\"},\"isPartOf\":{\"@id\":\"https:\\\/\\\/candas365.es\\\/noticias\\\/merkel-defiende-su-politica-migratoria-ante-las-juventudes-de-la-cdu\\\/#webpage\"},\"articleSection\":\"Actualidad\",\"dateline\":\"Publicado el octubre 16, 2016.\"},{\"@type\":\"Organization\",\"@id\":\"https:\\\/\\\/candas365.es\\\/noticias\\\/#organization\",\"name\":\"Cand\\u00e1s 365\",\"description\":\"Cand\\u00e1s 365 es un diario digital independiente, fundado en 2012, con base en Asturias. Informamos con rigor sobre actualidad, sociedad, cultura y ocio, con una mirada local y global.\",\"url\":\"https:\\\/\\\/candas365.es\\\/noticias\\\/\",\"email\":\"info@candas365.es\",\"telephone\":\"+34652131393\",\"foundingDate\":\"2012-06-10\",\"logo\":{\"@type\":\"ImageObject\",\"url\":\"https:\\\/\\\/candas365.es\\\/noticias\\\/wp-content\\\/uploads\\\/2024\\\/09\\\/Candas-365-Redes.jpg\",\"@id\":\"https:\\\/\\\/candas365.es\\\/noticias\\\/merkel-defiende-su-politica-migratoria-ante-las-juventudes-de-la-cdu\\\/#organizationLogo\",\"width\":1152,\"height\":864,\"caption\":\"Cand\\u00e1s 365 Redes\"},\"image\":{\"@id\":\"https:\\\/\\\/candas365.es\\\/noticias\\\/merkel-defiende-su-politica-migratoria-ante-las-juventudes-de-la-cdu\\\/#organizationLogo\"},\"sameAs\":[\"https:\\\/\\\/www.facebook.com\\\/Nachofdezber\",\"https:\\\/\\\/x.com\\\/NabercoDigital\",\"https:\\\/\\\/www.instagram.com\\\/nachofdezber\\\/\",\"https:\\\/\\\/www.youtube.com\\\/channel\\\/UCZP-2wLEB9Rv6erhFmqVnvg\"],\"address\":{\"@id\":\"https:\\\/\\\/candas365.es\\\/noticias\\\/#postaladdress\",\"@type\":\"PostalAddress\",\"streetAddress\":\"san antonio 4, san antonio 4\",\"postalCode\":\"33430\",\"addressLocality\":\"Cand\\u00e1s\",\"addressRegion\":\"Asturias\",\"addressCountry\":\"ES\"}},{\"@type\":\"Person\",\"@id\":\"https:\\\/\\\/candas365.es\\\/noticias\\\/author\\\/admin\\\/#author\",\"url\":\"https:\\\/\\\/candas365.es\\\/noticias\\\/author\\\/admin\\\/\",\"name\":\"Cand\\u00e1s 365\",\"image\":{\"@type\":\"ImageObject\",\"@id\":\"https:\\\/\\\/candas365.es\\\/noticias\\\/merkel-defiende-su-politica-migratoria-ante-las-juventudes-de-la-cdu\\\/#authorImage\",\"url\":\"https:\\\/\\\/secure.gravatar.com\\\/avatar\\\/496a8e03d0c493ede1718b7934145dbdf8d89be1036b0eec9544e1094c9de390?s=96&d=mm&r=g\",\"width\":96,\"height\":96,\"caption\":\"Cand\\u00e1s 365\"},\"sameAs\":[\"https:\\\/\\\/www.facebook.com\\\/carrenoactualidad\",\"https:\\\/\\\/twitter.com\\\/nbasturias\",\"https:\\\/\\\/www.instagram.com\\\/nachofdezber\\\/\",\"https:\\\/\\\/www.youtube.com\\\/channel\\\/UCZP-2wLEB9Rv6erhFmqVnvg\"]},{\"@type\":\"WebPage\",\"@id\":\"https:\\\/\\\/candas365.es\\\/noticias\\\/merkel-defiende-su-politica-migratoria-ante-las-juventudes-de-la-cdu\\\/#webpage\",\"url\":\"https:\\\/\\\/candas365.es\\\/noticias\\\/merkel-defiende-su-politica-migratoria-ante-las-juventudes-de-la-cdu\\\/\",\"name\":\"Merkel defiende su pol\\u00edtica migratoria ante las juventudes de la CDU | Cand\\u00e1s 365\",\"description\":\"Paderborn (Alemania), 15 oct (dpa) - La canciller alemana, Angela Merkel, defendi\\u00f3 hoy su pol\\u00edtica migratoria ante las juventudes de la Uni\\u00f3n Crisitianodem\\u00f3crata (CDU) y reclam\\u00f3 una repatriaci\\u00f3n \\\"consecuente\\\" de todos los refugiados cuyas solicitudes hayan sido rechazadas. \\\"Sea como sea necesitamos un esfuerzo nacional para repatriar a aquellos que hayan sido rechazados\\\", declar\\u00f3 la\",\"inLanguage\":\"es-ES\",\"isPartOf\":{\"@id\":\"https:\\\/\\\/candas365.es\\\/noticias\\\/#website\"},\"breadcrumb\":{\"@id\":\"https:\\\/\\\/candas365.es\\\/noticias\\\/merkel-defiende-su-politica-migratoria-ante-las-juventudes-de-la-cdu\\\/#breadcrumblist\"},\"author\":{\"@id\":\"https:\\\/\\\/candas365.es\\\/noticias\\\/author\\\/admin\\\/#author\"},\"creator\":{\"@id\":\"https:\\\/\\\/candas365.es\\\/noticias\\\/author\\\/admin\\\/#author\"},\"image\":{\"@type\":\"ImageObject\",\"url\":\"https:\\\/\\\/candas365.es\\\/noticias\\\/wp-content\\\/uploads\\\/2015\\\/09\\\/c365noticias.jpg\",\"@id\":\"https:\\\/\\\/candas365.es\\\/noticias\\\/merkel-defiende-su-politica-migratoria-ante-las-juventudes-de-la-cdu\\\/#mainImage\",\"width\":655,\"height\":360},\"primaryImageOfPage\":{\"@id\":\"https:\\\/\\\/candas365.es\\\/noticias\\\/merkel-defiende-su-politica-migratoria-ante-las-juventudes-de-la-cdu\\\/#mainImage\"},\"datePublished\":\"2016-10-16T01:35:48+02:00\",\"dateModified\":\"2016-10-16T01:35:48+02:00\"},{\"@type\":\"WebSite\",\"@id\":\"https:\\\/\\\/candas365.es\\\/noticias\\\/#website\",\"url\":\"https:\\\/\\\/candas365.es\\\/noticias\\\/\",\"name\":\"Cand\\u00e1s 365\",\"alternateName\":\"Cand\\u00e1s 365 Noticias\",\"description\":\"Actualidad desde Carre\\u00f1o para el mundo\",\"inLanguage\":\"es-ES\",\"publisher\":{\"@id\":\"https:\\\/\\\/candas365.es\\\/noticias\\\/#organization\"}}]}\n\t\t<\/script>\n\t\t<!-- All in One SEO Pro -->\r\n\t\t<title>Merkel defiende su pol\u00edtica migratoria ante las juventudes de la CDU | Cand\u00e1s 365<\/title>\n\n","aioseo_head_json":{"title":"Merkel defiende su pol\u00edtica migratoria ante las juventudes de la CDU | Cand\u00e1s 365","description":"Paderborn (Alemania), 15 oct (dpa) - La canciller alemana, Angela Merkel, defendi\u00f3 hoy su pol\u00edtica migratoria ante las juventudes de la Uni\u00f3n Crisitianodem\u00f3crata (CDU) y reclam\u00f3 una repatriaci\u00f3n \"consecuente\" de todos los refugiados cuyas solicitudes hayan sido rechazadas. \"Sea como sea necesitamos un esfuerzo nacional para repatriar a aquellos que hayan sido rechazados\", declar\u00f3 la","canonical_url":"https:\/\/candas365.es\/noticias\/merkel-defiende-su-politica-migratoria-ante-las-juventudes-de-la-cdu\/","robots":"max-image-preview:large","keywords":"actualidad","webmasterTools":{"google-site-verification":"UA-32230408-1","msvalidate.01":"354F3CDFB2DA171B47FBE9ABF1F88D5","miscellaneous":""},"schema":{"@context":"https:\/\/schema.org","@graph":[{"@type":"BreadcrumbList","@id":"https:\/\/candas365.es\/noticias\/merkel-defiende-su-politica-migratoria-ante-las-juventudes-de-la-cdu\/#breadcrumblist","itemListElement":[{"@type":"ListItem","@id":"https:\/\/candas365.es\/noticias#listItem","position":1,"name":"Home","item":"https:\/\/candas365.es\/noticias","nextItem":{"@type":"ListItem","@id":"https:\/\/candas365.es\/noticias\/category\/actualidad\/#listItem","name":"Actualidad"}},{"@type":"ListItem","@id":"https:\/\/candas365.es\/noticias\/category\/actualidad\/#listItem","position":2,"name":"Actualidad","item":"https:\/\/candas365.es\/noticias\/category\/actualidad\/","nextItem":{"@type":"ListItem","@id":"https:\/\/candas365.es\/noticias\/merkel-defiende-su-politica-migratoria-ante-las-juventudes-de-la-cdu\/#listItem","name":"Merkel defiende su pol\u00edtica migratoria ante las juventudes de la CDU"},"previousItem":{"@type":"ListItem","@id":"https:\/\/candas365.es\/noticias#listItem","name":"Home"}},{"@type":"ListItem","@id":"https:\/\/candas365.es\/noticias\/merkel-defiende-su-politica-migratoria-ante-las-juventudes-de-la-cdu\/#listItem","position":3,"name":"Merkel defiende su pol\u00edtica migratoria ante las juventudes de la CDU","previousItem":{"@type":"ListItem","@id":"https:\/\/candas365.es\/noticias\/category\/actualidad\/#listItem","name":"Actualidad"}}]},{"@type":"NewsArticle","@id":"https:\/\/candas365.es\/noticias\/merkel-defiende-su-politica-migratoria-ante-las-juventudes-de-la-cdu\/#newsarticle","name":"Merkel defiende su pol\u00edtica migratoria ante las juventudes de la CDU | Cand\u00e1s 365","headline":"Merkel defiende su pol\u00edtica migratoria ante las juventudes de la CDU","author":{"@id":"https:\/\/candas365.es\/noticias\/author\/admin\/#author"},"publisher":{"@id":"https:\/\/candas365.es\/noticias\/#organization"},"image":{"@type":"ImageObject","url":"https:\/\/candas365.es\/noticias\/wp-content\/uploads\/2015\/09\/c365noticias.jpg","width":655,"height":360},"datePublished":"2016-10-16T01:35:48+02:00","dateModified":"2016-10-16T01:35:48+02:00","inLanguage":"es-ES","mainEntityOfPage":{"@id":"https:\/\/candas365.es\/noticias\/merkel-defiende-su-politica-migratoria-ante-las-juventudes-de-la-cdu\/#webpage"},"isPartOf":{"@id":"https:\/\/candas365.es\/noticias\/merkel-defiende-su-politica-migratoria-ante-las-juventudes-de-la-cdu\/#webpage"},"articleSection":"Actualidad","dateline":"Publicado el octubre 16, 2016."},{"@type":"Organization","@id":"https:\/\/candas365.es\/noticias\/#organization","name":"Cand\u00e1s 365","description":"Cand\u00e1s 365 es un diario digital independiente, fundado en 2012, con base en Asturias. Informamos con rigor sobre actualidad, sociedad, cultura y ocio, con una mirada local y global.","url":"https:\/\/candas365.es\/noticias\/","email":"info@candas365.es","telephone":"+34652131393","foundingDate":"2012-06-10","logo":{"@type":"ImageObject","url":"https:\/\/candas365.es\/noticias\/wp-content\/uploads\/2024\/09\/Candas-365-Redes.jpg","@id":"https:\/\/candas365.es\/noticias\/merkel-defiende-su-politica-migratoria-ante-las-juventudes-de-la-cdu\/#organizationLogo","width":1152,"height":864,"caption":"Cand\u00e1s 365 Redes"},"image":{"@id":"https:\/\/candas365.es\/noticias\/merkel-defiende-su-politica-migratoria-ante-las-juventudes-de-la-cdu\/#organizationLogo"},"sameAs":["https:\/\/www.facebook.com\/Nachofdezber","https:\/\/x.com\/NabercoDigital","https:\/\/www.instagram.com\/nachofdezber\/","https:\/\/www.youtube.com\/channel\/UCZP-2wLEB9Rv6erhFmqVnvg"],"address":{"@id":"https:\/\/candas365.es\/noticias\/#postaladdress","@type":"PostalAddress","streetAddress":"san antonio 4, san antonio 4","postalCode":"33430","addressLocality":"Cand\u00e1s","addressRegion":"Asturias","addressCountry":"ES"}},{"@type":"Person","@id":"https:\/\/candas365.es\/noticias\/author\/admin\/#author","url":"https:\/\/candas365.es\/noticias\/author\/admin\/","name":"Cand\u00e1s 365","image":{"@type":"ImageObject","@id":"https:\/\/candas365.es\/noticias\/merkel-defiende-su-politica-migratoria-ante-las-juventudes-de-la-cdu\/#authorImage","url":"https:\/\/secure.gravatar.com\/avatar\/496a8e03d0c493ede1718b7934145dbdf8d89be1036b0eec9544e1094c9de390?s=96&d=mm&r=g","width":96,"height":96,"caption":"Cand\u00e1s 365"},"sameAs":["https:\/\/www.facebook.com\/carrenoactualidad","https:\/\/twitter.com\/nbasturias","https:\/\/www.instagram.com\/nachofdezber\/","https:\/\/www.youtube.com\/channel\/UCZP-2wLEB9Rv6erhFmqVnvg"]},{"@type":"WebPage","@id":"https:\/\/candas365.es\/noticias\/merkel-defiende-su-politica-migratoria-ante-las-juventudes-de-la-cdu\/#webpage","url":"https:\/\/candas365.es\/noticias\/merkel-defiende-su-politica-migratoria-ante-las-juventudes-de-la-cdu\/","name":"Merkel defiende su pol\u00edtica migratoria ante las juventudes de la CDU | Cand\u00e1s 365","description":"Paderborn (Alemania), 15 oct (dpa) - La canciller alemana, Angela Merkel, defendi\u00f3 hoy su pol\u00edtica migratoria ante las juventudes de la Uni\u00f3n Crisitianodem\u00f3crata (CDU) y reclam\u00f3 una repatriaci\u00f3n \"consecuente\" de todos los refugiados cuyas solicitudes hayan sido rechazadas. \"Sea como sea necesitamos un esfuerzo nacional para repatriar a aquellos que hayan sido rechazados\", declar\u00f3 la","inLanguage":"es-ES","isPartOf":{"@id":"https:\/\/candas365.es\/noticias\/#website"},"breadcrumb":{"@id":"https:\/\/candas365.es\/noticias\/merkel-defiende-su-politica-migratoria-ante-las-juventudes-de-la-cdu\/#breadcrumblist"},"author":{"@id":"https:\/\/candas365.es\/noticias\/author\/admin\/#author"},"creator":{"@id":"https:\/\/candas365.es\/noticias\/author\/admin\/#author"},"image":{"@type":"ImageObject","url":"https:\/\/candas365.es\/noticias\/wp-content\/uploads\/2015\/09\/c365noticias.jpg","@id":"https:\/\/candas365.es\/noticias\/merkel-defiende-su-politica-migratoria-ante-las-juventudes-de-la-cdu\/#mainImage","width":655,"height":360},"primaryImageOfPage":{"@id":"https:\/\/candas365.es\/noticias\/merkel-defiende-su-politica-migratoria-ante-las-juventudes-de-la-cdu\/#mainImage"},"datePublished":"2016-10-16T01:35:48+02:00","dateModified":"2016-10-16T01:35:48+02:00"},{"@type":"WebSite","@id":"https:\/\/candas365.es\/noticias\/#website","url":"https:\/\/candas365.es\/noticias\/","name":"Cand\u00e1s 365","alternateName":"Cand\u00e1s 365 Noticias","description":"Actualidad desde Carre\u00f1o para el mundo","inLanguage":"es-ES","publisher":{"@id":"https:\/\/candas365.es\/noticias\/#organization"}}]},"og:locale":"es_ES","og:site_name":"Cand\u00e1s 365","og:type":"article","og:title":"Merkel defiende su pol\u00edtica migratoria ante las juventudes de la CDU | Cand\u00e1s 365","og:description":"Paderborn (Alemania), 15 oct (dpa) - La canciller alemana, Angela Merkel, defendi\u00f3 hoy su pol\u00edtica migratoria ante las juventudes de la Uni\u00f3n Crisitianodem\u00f3crata (CDU) y reclam\u00f3 una repatriaci\u00f3n &quot;consecuente&quot; de todos los refugiados cuyas solicitudes hayan sido rechazadas. &quot;Sea como sea necesitamos un esfuerzo nacional para repatriar a aquellos que hayan sido rechazados&quot;, declar\u00f3 la","og:url":"https:\/\/candas365.es\/noticias\/merkel-defiende-su-politica-migratoria-ante-las-juventudes-de-la-cdu\/","og:image":"https:\/\/candas365.es\/noticias\/wp-content\/uploads\/2015\/09\/c365noticias.jpg","og:image:secure_url":"https:\/\/candas365.es\/noticias\/wp-content\/uploads\/2015\/09\/c365noticias.jpg","og:image:width":655,"og:image:height":360,"article:published_time":"2016-10-16T00:05:48+00:00","article:modified_time":"2016-10-16T00:05:48+00:00","article:publisher":"https:\/\/www.facebook.com\/Nachofdezber","article:author":"https:\/\/www.facebook.com\/carrenoactualidad","twitter:card":"summary_large_image","twitter:site":"@NabercoDigital","twitter:title":"Merkel defiende su pol\u00edtica migratoria ante las juventudes de la CDU | Cand\u00e1s 365","twitter:description":"Paderborn (Alemania), 15 oct (dpa) - La canciller alemana, Angela Merkel, defendi\u00f3 hoy su pol\u00edtica migratoria ante las juventudes de la Uni\u00f3n Crisitianodem\u00f3crata (CDU) y reclam\u00f3 una repatriaci\u00f3n &quot;consecuente&quot; de todos los refugiados cuyas solicitudes hayan sido rechazadas. &quot;Sea como sea necesitamos un esfuerzo nacional para repatriar a aquellos que hayan sido rechazados&quot;, declar\u00f3 la","twitter:creator":"@nbasturias","twitter:image":"https:\/\/candas365.es\/noticias\/wp-content\/uploads\/2015\/09\/c365noticias.jpg","twitter:label1":"Escrito por","twitter:data1":"Cand\u00e1s 365","twitter:label2":"Tiempo de lectura estimado","twitter:data2":"2 minutos"},"aioseo_meta_data":{"post_id":"33774","title":null,"description":null,"keywords":null,"keyphrases":null,"primary_term":null,"canonical_url":null,"og_title":null,"og_description":null,"og_object_type":"default","og_image_type":"default","og_image_url":null,"og_image_width":null,"og_image_height":null,"og_image_custom_url":null,"og_image_custom_fields":null,"og_video":null,"og_custom_url":null,"og_article_section":null,"og_article_tags":null,"twitter_use_og":false,"twitter_card":"default","twitter_image_type":"default","twitter_image_url":null,"twitter_image_custom_url":null,"twitter_image_custom_fields":null,"twitter_title":null,"twitter_description":null,"schema":{"blockGraphs":[],"customGraphs":[],"default":{"data":{"Article":[],"Course":[],"Dataset":[],"FAQPage":[],"Movie":[],"Person":[],"Product":[],"ProductReview":[],"Car":[],"Recipe":[],"Service":[],"SoftwareApplication":[],"WebPage":[]},"graphName":"","isEnabled":true},"graphs":[],"defaultGraph":"","defaultPostTypeGraph":""},"schema_type":null,"schema_type_options":null,"pillar_content":false,"robots_default":true,"robots_noindex":false,"robots_noarchive":false,"robots_nosnippet":false,"robots_nofollow":false,"robots_noimageindex":false,"robots_noodp":false,"robots_notranslate":false,"robots_max_snippet":null,"robots_max_videopreview":null,"robots_max_imagepreview":"large","priority":null,"frequency":null,"location":null,"local_seo":null,"seo_analyzer_scan_date":"2025-08-24 16:57:12","breadcrumb_settings":null,"limit_modified_date":false,"reviewed_by":null,"open_ai":null,"ai":null,"created":"2020-12-21 12:24:25","updated":"2025-08-24 16:57:12"},"aioseo_breadcrumb":"<div class=\"aioseo-breadcrumbs\"><span class=\"aioseo-breadcrumb\">\n\t<a href=\"https:\/\/candas365.es\/noticias\" title=\"Home\">Home<\/a>\n<\/span><span class=\"aioseo-breadcrumb-separator\">&ndash;<\/span><span class=\"aioseo-breadcrumb\">\n\t<a href=\"https:\/\/candas365.es\/noticias\/category\/actualidad\/\" title=\"Actualidad\">Actualidad<\/a>\n<\/span><span class=\"aioseo-breadcrumb-separator\">&ndash;<\/span><span class=\"aioseo-breadcrumb\">\n\tMerkel defiende su pol\u00edtica migratoria ante las juventudes de la CDU\n<\/span><\/div>","aioseo_breadcrumb_json":[{"label":"Home","link":"https:\/\/candas365.es\/noticias"},{"label":"Actualidad","link":"https:\/\/candas365.es\/noticias\/category\/actualidad\/"},{"label":"Merkel defiende su pol\u00edtica migratoria ante las juventudes de la CDU","link":"https:\/\/candas365.es\/noticias\/merkel-defiende-su-politica-migratoria-ante-las-juventudes-de-la-cdu\/"}],"_links":{"self":[{"href":"https:\/\/candas365.es\/noticias\/wp-json\/wp\/v2\/posts\/33774","targetHints":{"allow":["GET"]}}],"collection":[{"href":"https:\/\/candas365.es\/noticias\/wp-json\/wp\/v2\/posts"}],"about":[{"href":"https:\/\/candas365.es\/noticias\/wp-json\/wp\/v2\/types\/post"}],"author":[{"embeddable":true,"href":"https:\/\/candas365.es\/noticias\/wp-json\/wp\/v2\/users\/1"}],"replies":[{"embeddable":true,"href":"https:\/\/candas365.es\/noticias\/wp-json\/wp\/v2\/comments?post=33774"}],"version-history":[{"count":0,"href":"https:\/\/candas365.es\/noticias\/wp-json\/wp\/v2\/posts\/33774\/revisions"}],"wp:featuredmedia":[{"embeddable":true,"href":"https:\/\/candas365.es\/noticias\/wp-json\/wp\/v2\/media\/16457"}],"wp:attachment":[{"href":"https:\/\/candas365.es\/noticias\/wp-json\/wp\/v2\/media?parent=33774"}],"wp:term":[{"taxonomy":"category","embeddable":true,"href":"https:\/\/candas365.es\/noticias\/wp-json\/wp\/v2\/categories?post=33774"},{"taxonomy":"post_tag","embeddable":true,"href":"https:\/\/candas365.es\/noticias\/wp-json\/wp\/v2\/tags?post=33774"}],"curies":[{"name":"wp","href":"https:\/\/api.w.org\/{rel}","templated":true}]}}