{"id":33768,"date":"2016-10-16T01:33:04","date_gmt":"2016-10-16T00:03:04","guid":{"rendered":"http:\/\/candas365.es\/noticias\/?p=33768"},"modified":"2016-10-16T01:33:04","modified_gmt":"2016-10-16T00:03:04","slug":"ministro-rree-aleman-reclama-un-alto-el-fuego-inmediato-en-alepo","status":"publish","type":"post","link":"https:\/\/candas365.es\/noticias\/ministro-rree-aleman-reclama-un-alto-el-fuego-inmediato-en-alepo\/","title":{"rendered":"Ministro RREE alem\u00e1n reclama un alto el fuego inmediato en Alepo"},"content":{"rendered":"<p>Berl\u00edn, 15 oct (dpa) &#8211; El ministro alem\u00e1n de Exteriores, Frank-Walter Steinmeier, reclam\u00f3 un alto el fuego inmediato en Alepo de cara a la nueva ronda de negociaciones hoy en Lausana, Suiza, sobre el conflicto sirio. <\/p>\n<p>El enviado especial de la ONU para Siria, Staffan de Mistura, y el coordinador del Alto Comit\u00e9 de la Oposici\u00f3n Siria, Riad Hijab, hablaron sobre ello por tel\u00e9fono, indic\u00f3 el Ministerio de Exteriores en un comunicado emitido unas horas antes de que se reanuden las negociaciones en Suiza. <\/p>\n<p>Es urgente el suministro humanitario de agua y alimentos a las personas en Alepo, recordaron sobre una de las exigencias sobre las que Steinmeier habl\u00f3 los d\u00edas pasados con el lado ruso. El cese de los ataques a\u00e9reos es la condici\u00f3n decisiva para que llegue la ayuda humanitaria, agreg\u00f3 el Ministerio de Exteriores. <\/p>\n<p>Alemania insisti\u00f3 adem\u00e1s en que sobre todo Rusia, como el apoyo m\u00e1s importante del r\u00e9gimen sirio, puede mostrar ahora que est\u00e1 realmente preparado para poner fin a la cat\u00e1strofe humanitaria en Alepo. <\/p>\n<p>Los ministros de Exteriores de Rusia y Estados Unidos, Serguei Lavrov y John Kerry, respectivamente, se re\u00fanen hoy en Lausana para reanudar las negociaciones sobre el conflicto en Siria, aunque se desconoce cu\u00e1l puede ser el resultado.<\/p>\n<p>Mientras que Mosc\u00fa despert\u00f3 esperanzas sobre la posibilidad de alcanzar una nueva tregua, Washington no conf\u00eda demasiado en las conversaciones. <\/p>\n","protected":false},"excerpt":{"rendered":"<p>Berl\u00edn, 15 oct (dpa) &#8211; El ministro alem\u00e1n de Exteriores, Frank-Walter Steinmeier, reclam\u00f3 un alto el fuego inmediato en Alepo de cara a la nueva ronda de negociaciones hoy en Lausana, Suiza, sobre el conflicto sirio. El enviado especial de la ONU para Siria, Staffan de Mistura, y el coordinador del Alto Comit\u00e9 de la<\/p>\n","protected":false},"author":1,"featured_media":14626,"comment_status":"closed","ping_status":"closed","sticky":false,"template":"","format":"standard","meta":{"footnotes":""},"categories":[343],"tags":[],"class_list":{"0":"post-33768","1":"post","2":"type-post","3":"status-publish","4":"format-standard","5":"has-post-thumbnail","7":"category-actualidad"},"aioseo_notices":[],"aioseo_head":"\n\t\t<!-- All in One SEO Pro 4.9.6.2 - aioseo.com -->\n\t<meta name=\"description\" content=\"Berl\u00edn, 15 oct (dpa) - El ministro alem\u00e1n de Exteriores, Frank-Walter Steinmeier, reclam\u00f3 un alto el fuego inmediato en Alepo de cara a la nueva ronda de negociaciones hoy en Lausana, Suiza, sobre el conflicto sirio. El enviado especial de la ONU para Siria, Staffan de Mistura, y el coordinador del Alto Comit\u00e9 de la\" \/>\n\t<meta name=\"robots\" content=\"max-image-preview:large\" \/>\n\t<meta name=\"author\" content=\"Cand\u00e1s 365\"\/>\n\t<meta name=\"google-site-verification\" content=\"UA-32230408-1\" \/>\n\t<meta name=\"msvalidate.01\" content=\"354F3CDFB2DA171B47FBE9ABF1F88D5\" \/>\n\t<meta name=\"keywords\" content=\"actualidad\" \/>\n\t<link rel=\"canonical\" href=\"https:\/\/candas365.es\/noticias\/ministro-rree-aleman-reclama-un-alto-el-fuego-inmediato-en-alepo\/\" \/>\n\t<meta name=\"generator\" content=\"All in One SEO Pro (AIOSEO) 4.9.6.2\" \/>\n\t\t<meta property=\"og:locale\" content=\"es_ES\" \/>\n\t\t<meta property=\"og:site_name\" content=\"Cand\u00e1s 365\" \/>\n\t\t<meta property=\"og:type\" content=\"article\" \/>\n\t\t<meta property=\"og:title\" content=\"Ministro RREE alem\u00e1n reclama un alto el fuego inmediato en Alepo | Cand\u00e1s 365\" \/>\n\t\t<meta property=\"og:description\" content=\"Berl\u00edn, 15 oct (dpa) - El ministro alem\u00e1n de Exteriores, Frank-Walter Steinmeier, reclam\u00f3 un alto el fuego inmediato en Alepo de cara a la nueva ronda de negociaciones hoy en Lausana, Suiza, sobre el conflicto sirio. El enviado especial de la ONU para Siria, Staffan de Mistura, y el coordinador del Alto Comit\u00e9 de la\" \/>\n\t\t<meta property=\"og:url\" content=\"https:\/\/candas365.es\/noticias\/ministro-rree-aleman-reclama-un-alto-el-fuego-inmediato-en-alepo\/\" \/>\n\t\t<meta property=\"og:image\" content=\"https:\/\/candas365.es\/noticias\/wp-content\/uploads\/2015\/08\/noticias-candas365digital1.jpg\" \/>\n\t\t<meta property=\"og:image:secure_url\" content=\"https:\/\/candas365.es\/noticias\/wp-content\/uploads\/2015\/08\/noticias-candas365digital1.jpg\" \/>\n\t\t<meta property=\"og:image:width\" content=\"655\" \/>\n\t\t<meta property=\"og:image:height\" content=\"360\" \/>\n\t\t<meta property=\"article:published_time\" content=\"2016-10-16T00:03:04+00:00\" \/>\n\t\t<meta property=\"article:modified_time\" content=\"2016-10-16T00:03:04+00:00\" \/>\n\t\t<meta property=\"article:publisher\" content=\"https:\/\/www.facebook.com\/Nachofdezber\" \/>\n\t\t<meta property=\"article:author\" content=\"https:\/\/www.facebook.com\/carrenoactualidad\" \/>\n\t\t<meta name=\"twitter:card\" content=\"summary_large_image\" \/>\n\t\t<meta name=\"twitter:site\" content=\"@NabercoDigital\" \/>\n\t\t<meta name=\"twitter:title\" content=\"Ministro RREE alem\u00e1n reclama un alto el fuego inmediato en Alepo | Cand\u00e1s 365\" \/>\n\t\t<meta name=\"twitter:description\" content=\"Berl\u00edn, 15 oct (dpa) - El ministro alem\u00e1n de Exteriores, Frank-Walter Steinmeier, reclam\u00f3 un alto el fuego inmediato en Alepo de cara a la nueva ronda de negociaciones hoy en Lausana, Suiza, sobre el conflicto sirio. El enviado especial de la ONU para Siria, Staffan de Mistura, y el coordinador del Alto Comit\u00e9 de la\" \/>\n\t\t<meta name=\"twitter:creator\" content=\"@nbasturias\" \/>\n\t\t<meta name=\"twitter:image\" content=\"https:\/\/candas365.es\/noticias\/wp-content\/uploads\/2015\/08\/noticias-candas365digital1.jpg\" \/>\n\t\t<meta name=\"twitter:label1\" content=\"Escrito por\" \/>\n\t\t<meta name=\"twitter:data1\" content=\"Cand\u00e1s 365\" \/>\n\t\t<meta name=\"twitter:label2\" content=\"Tiempo de lectura estimado\" \/>\n\t\t<meta name=\"twitter:data2\" content=\"1 minuto\" \/>\n\t\t<script type=\"application\/ld+json\" class=\"aioseo-schema\">\n\t\t\t{\"@context\":\"https:\\\/\\\/schema.org\",\"@graph\":[{\"@type\":\"BreadcrumbList\",\"@id\":\"https:\\\/\\\/candas365.es\\\/noticias\\\/ministro-rree-aleman-reclama-un-alto-el-fuego-inmediato-en-alepo\\\/#breadcrumblist\",\"itemListElement\":[{\"@type\":\"ListItem\",\"@id\":\"https:\\\/\\\/candas365.es\\\/noticias#listItem\",\"position\":1,\"name\":\"Home\",\"item\":\"https:\\\/\\\/candas365.es\\\/noticias\",\"nextItem\":{\"@type\":\"ListItem\",\"@id\":\"https:\\\/\\\/candas365.es\\\/noticias\\\/category\\\/actualidad\\\/#listItem\",\"name\":\"Actualidad\"}},{\"@type\":\"ListItem\",\"@id\":\"https:\\\/\\\/candas365.es\\\/noticias\\\/category\\\/actualidad\\\/#listItem\",\"position\":2,\"name\":\"Actualidad\",\"item\":\"https:\\\/\\\/candas365.es\\\/noticias\\\/category\\\/actualidad\\\/\",\"nextItem\":{\"@type\":\"ListItem\",\"@id\":\"https:\\\/\\\/candas365.es\\\/noticias\\\/ministro-rree-aleman-reclama-un-alto-el-fuego-inmediato-en-alepo\\\/#listItem\",\"name\":\"Ministro RREE alem\\u00e1n reclama un alto el fuego inmediato en Alepo\"},\"previousItem\":{\"@type\":\"ListItem\",\"@id\":\"https:\\\/\\\/candas365.es\\\/noticias#listItem\",\"name\":\"Home\"}},{\"@type\":\"ListItem\",\"@id\":\"https:\\\/\\\/candas365.es\\\/noticias\\\/ministro-rree-aleman-reclama-un-alto-el-fuego-inmediato-en-alepo\\\/#listItem\",\"position\":3,\"name\":\"Ministro RREE alem\\u00e1n reclama un alto el fuego inmediato en Alepo\",\"previousItem\":{\"@type\":\"ListItem\",\"@id\":\"https:\\\/\\\/candas365.es\\\/noticias\\\/category\\\/actualidad\\\/#listItem\",\"name\":\"Actualidad\"}}]},{\"@type\":\"NewsArticle\",\"@id\":\"https:\\\/\\\/candas365.es\\\/noticias\\\/ministro-rree-aleman-reclama-un-alto-el-fuego-inmediato-en-alepo\\\/#newsarticle\",\"name\":\"Ministro RREE alem\\u00e1n reclama un alto el fuego inmediato en Alepo | Cand\\u00e1s 365\",\"headline\":\"Ministro RREE alem\\u00e1n reclama un alto el fuego inmediato en Alepo\",\"author\":{\"@id\":\"https:\\\/\\\/candas365.es\\\/noticias\\\/author\\\/admin\\\/#author\"},\"publisher\":{\"@id\":\"https:\\\/\\\/candas365.es\\\/noticias\\\/#organization\"},\"image\":{\"@type\":\"ImageObject\",\"url\":\"https:\\\/\\\/candas365.es\\\/noticias\\\/wp-content\\\/uploads\\\/2015\\\/08\\\/noticias-candas365digital1.jpg\",\"width\":655,\"height\":360},\"datePublished\":\"2016-10-16T01:33:04+02:00\",\"dateModified\":\"2016-10-16T01:33:04+02:00\",\"inLanguage\":\"es-ES\",\"mainEntityOfPage\":{\"@id\":\"https:\\\/\\\/candas365.es\\\/noticias\\\/ministro-rree-aleman-reclama-un-alto-el-fuego-inmediato-en-alepo\\\/#webpage\"},\"isPartOf\":{\"@id\":\"https:\\\/\\\/candas365.es\\\/noticias\\\/ministro-rree-aleman-reclama-un-alto-el-fuego-inmediato-en-alepo\\\/#webpage\"},\"articleSection\":\"Actualidad\",\"dateline\":\"Publicado el octubre 16, 2016.\"},{\"@type\":\"Organization\",\"@id\":\"https:\\\/\\\/candas365.es\\\/noticias\\\/#organization\",\"name\":\"Cand\\u00e1s 365\",\"description\":\"Cand\\u00e1s 365 es un diario digital independiente, fundado en 2012, con base en Asturias. Informamos con rigor sobre actualidad, sociedad, cultura y ocio, con una mirada local y global.\",\"url\":\"https:\\\/\\\/candas365.es\\\/noticias\\\/\",\"email\":\"info@candas365.es\",\"telephone\":\"+34652131393\",\"foundingDate\":\"2012-06-10\",\"logo\":{\"@type\":\"ImageObject\",\"url\":\"https:\\\/\\\/candas365.es\\\/noticias\\\/wp-content\\\/uploads\\\/2024\\\/09\\\/Candas-365-Redes.jpg\",\"@id\":\"https:\\\/\\\/candas365.es\\\/noticias\\\/ministro-rree-aleman-reclama-un-alto-el-fuego-inmediato-en-alepo\\\/#organizationLogo\",\"width\":1152,\"height\":864,\"caption\":\"Cand\\u00e1s 365 Redes\"},\"image\":{\"@id\":\"https:\\\/\\\/candas365.es\\\/noticias\\\/ministro-rree-aleman-reclama-un-alto-el-fuego-inmediato-en-alepo\\\/#organizationLogo\"},\"sameAs\":[\"https:\\\/\\\/www.facebook.com\\\/Nachofdezber\",\"https:\\\/\\\/x.com\\\/NabercoDigital\",\"https:\\\/\\\/www.instagram.com\\\/nachofdezber\\\/\",\"https:\\\/\\\/www.youtube.com\\\/channel\\\/UCZP-2wLEB9Rv6erhFmqVnvg\"],\"address\":{\"@id\":\"https:\\\/\\\/candas365.es\\\/noticias\\\/#postaladdress\",\"@type\":\"PostalAddress\",\"streetAddress\":\"san antonio 4, san antonio 4\",\"postalCode\":\"33430\",\"addressLocality\":\"Cand\\u00e1s\",\"addressRegion\":\"Asturias\",\"addressCountry\":\"ES\"}},{\"@type\":\"Person\",\"@id\":\"https:\\\/\\\/candas365.es\\\/noticias\\\/author\\\/admin\\\/#author\",\"url\":\"https:\\\/\\\/candas365.es\\\/noticias\\\/author\\\/admin\\\/\",\"name\":\"Cand\\u00e1s 365\",\"image\":{\"@type\":\"ImageObject\",\"@id\":\"https:\\\/\\\/candas365.es\\\/noticias\\\/ministro-rree-aleman-reclama-un-alto-el-fuego-inmediato-en-alepo\\\/#authorImage\",\"url\":\"https:\\\/\\\/secure.gravatar.com\\\/avatar\\\/496a8e03d0c493ede1718b7934145dbdf8d89be1036b0eec9544e1094c9de390?s=96&d=mm&r=g\",\"width\":96,\"height\":96,\"caption\":\"Cand\\u00e1s 365\"},\"sameAs\":[\"https:\\\/\\\/www.facebook.com\\\/carrenoactualidad\",\"https:\\\/\\\/twitter.com\\\/nbasturias\",\"https:\\\/\\\/www.instagram.com\\\/nachofdezber\\\/\",\"https:\\\/\\\/www.youtube.com\\\/channel\\\/UCZP-2wLEB9Rv6erhFmqVnvg\"]},{\"@type\":\"WebPage\",\"@id\":\"https:\\\/\\\/candas365.es\\\/noticias\\\/ministro-rree-aleman-reclama-un-alto-el-fuego-inmediato-en-alepo\\\/#webpage\",\"url\":\"https:\\\/\\\/candas365.es\\\/noticias\\\/ministro-rree-aleman-reclama-un-alto-el-fuego-inmediato-en-alepo\\\/\",\"name\":\"Ministro RREE alem\\u00e1n reclama un alto el fuego inmediato en Alepo | Cand\\u00e1s 365\",\"description\":\"Berl\\u00edn, 15 oct (dpa) - El ministro alem\\u00e1n de Exteriores, Frank-Walter Steinmeier, reclam\\u00f3 un alto el fuego inmediato en Alepo de cara a la nueva ronda de negociaciones hoy en Lausana, Suiza, sobre el conflicto sirio. El enviado especial de la ONU para Siria, Staffan de Mistura, y el coordinador del Alto Comit\\u00e9 de la\",\"inLanguage\":\"es-ES\",\"isPartOf\":{\"@id\":\"https:\\\/\\\/candas365.es\\\/noticias\\\/#website\"},\"breadcrumb\":{\"@id\":\"https:\\\/\\\/candas365.es\\\/noticias\\\/ministro-rree-aleman-reclama-un-alto-el-fuego-inmediato-en-alepo\\\/#breadcrumblist\"},\"author\":{\"@id\":\"https:\\\/\\\/candas365.es\\\/noticias\\\/author\\\/admin\\\/#author\"},\"creator\":{\"@id\":\"https:\\\/\\\/candas365.es\\\/noticias\\\/author\\\/admin\\\/#author\"},\"image\":{\"@type\":\"ImageObject\",\"url\":\"https:\\\/\\\/candas365.es\\\/noticias\\\/wp-content\\\/uploads\\\/2015\\\/08\\\/noticias-candas365digital1.jpg\",\"@id\":\"https:\\\/\\\/candas365.es\\\/noticias\\\/ministro-rree-aleman-reclama-un-alto-el-fuego-inmediato-en-alepo\\\/#mainImage\",\"width\":655,\"height\":360},\"primaryImageOfPage\":{\"@id\":\"https:\\\/\\\/candas365.es\\\/noticias\\\/ministro-rree-aleman-reclama-un-alto-el-fuego-inmediato-en-alepo\\\/#mainImage\"},\"datePublished\":\"2016-10-16T01:33:04+02:00\",\"dateModified\":\"2016-10-16T01:33:04+02:00\"},{\"@type\":\"WebSite\",\"@id\":\"https:\\\/\\\/candas365.es\\\/noticias\\\/#website\",\"url\":\"https:\\\/\\\/candas365.es\\\/noticias\\\/\",\"name\":\"Cand\\u00e1s 365\",\"alternateName\":\"Cand\\u00e1s 365 Noticias\",\"description\":\"Actualidad desde Carre\\u00f1o para el mundo\",\"inLanguage\":\"es-ES\",\"publisher\":{\"@id\":\"https:\\\/\\\/candas365.es\\\/noticias\\\/#organization\"}}]}\n\t\t<\/script>\n\t\t<!-- All in One SEO Pro -->\r\n\t\t<title>Ministro RREE alem\u00e1n reclama un alto el fuego inmediato en Alepo | Cand\u00e1s 365<\/title>\n\n","aioseo_head_json":{"title":"Ministro RREE alem\u00e1n reclama un alto el fuego inmediato en Alepo | Cand\u00e1s 365","description":"Berl\u00edn, 15 oct (dpa) - El ministro alem\u00e1n de Exteriores, Frank-Walter Steinmeier, reclam\u00f3 un alto el fuego inmediato en Alepo de cara a la nueva ronda de negociaciones hoy en Lausana, Suiza, sobre el conflicto sirio. El enviado especial de la ONU para Siria, Staffan de Mistura, y el coordinador del Alto Comit\u00e9 de la","canonical_url":"https:\/\/candas365.es\/noticias\/ministro-rree-aleman-reclama-un-alto-el-fuego-inmediato-en-alepo\/","robots":"max-image-preview:large","keywords":"actualidad","webmasterTools":{"google-site-verification":"UA-32230408-1","msvalidate.01":"354F3CDFB2DA171B47FBE9ABF1F88D5","miscellaneous":""},"schema":{"@context":"https:\/\/schema.org","@graph":[{"@type":"BreadcrumbList","@id":"https:\/\/candas365.es\/noticias\/ministro-rree-aleman-reclama-un-alto-el-fuego-inmediato-en-alepo\/#breadcrumblist","itemListElement":[{"@type":"ListItem","@id":"https:\/\/candas365.es\/noticias#listItem","position":1,"name":"Home","item":"https:\/\/candas365.es\/noticias","nextItem":{"@type":"ListItem","@id":"https:\/\/candas365.es\/noticias\/category\/actualidad\/#listItem","name":"Actualidad"}},{"@type":"ListItem","@id":"https:\/\/candas365.es\/noticias\/category\/actualidad\/#listItem","position":2,"name":"Actualidad","item":"https:\/\/candas365.es\/noticias\/category\/actualidad\/","nextItem":{"@type":"ListItem","@id":"https:\/\/candas365.es\/noticias\/ministro-rree-aleman-reclama-un-alto-el-fuego-inmediato-en-alepo\/#listItem","name":"Ministro RREE alem\u00e1n reclama un alto el fuego inmediato en Alepo"},"previousItem":{"@type":"ListItem","@id":"https:\/\/candas365.es\/noticias#listItem","name":"Home"}},{"@type":"ListItem","@id":"https:\/\/candas365.es\/noticias\/ministro-rree-aleman-reclama-un-alto-el-fuego-inmediato-en-alepo\/#listItem","position":3,"name":"Ministro RREE alem\u00e1n reclama un alto el fuego inmediato en Alepo","previousItem":{"@type":"ListItem","@id":"https:\/\/candas365.es\/noticias\/category\/actualidad\/#listItem","name":"Actualidad"}}]},{"@type":"NewsArticle","@id":"https:\/\/candas365.es\/noticias\/ministro-rree-aleman-reclama-un-alto-el-fuego-inmediato-en-alepo\/#newsarticle","name":"Ministro RREE alem\u00e1n reclama un alto el fuego inmediato en Alepo | Cand\u00e1s 365","headline":"Ministro RREE alem\u00e1n reclama un alto el fuego inmediato en Alepo","author":{"@id":"https:\/\/candas365.es\/noticias\/author\/admin\/#author"},"publisher":{"@id":"https:\/\/candas365.es\/noticias\/#organization"},"image":{"@type":"ImageObject","url":"https:\/\/candas365.es\/noticias\/wp-content\/uploads\/2015\/08\/noticias-candas365digital1.jpg","width":655,"height":360},"datePublished":"2016-10-16T01:33:04+02:00","dateModified":"2016-10-16T01:33:04+02:00","inLanguage":"es-ES","mainEntityOfPage":{"@id":"https:\/\/candas365.es\/noticias\/ministro-rree-aleman-reclama-un-alto-el-fuego-inmediato-en-alepo\/#webpage"},"isPartOf":{"@id":"https:\/\/candas365.es\/noticias\/ministro-rree-aleman-reclama-un-alto-el-fuego-inmediato-en-alepo\/#webpage"},"articleSection":"Actualidad","dateline":"Publicado el octubre 16, 2016."},{"@type":"Organization","@id":"https:\/\/candas365.es\/noticias\/#organization","name":"Cand\u00e1s 365","description":"Cand\u00e1s 365 es un diario digital independiente, fundado en 2012, con base en Asturias. Informamos con rigor sobre actualidad, sociedad, cultura y ocio, con una mirada local y global.","url":"https:\/\/candas365.es\/noticias\/","email":"info@candas365.es","telephone":"+34652131393","foundingDate":"2012-06-10","logo":{"@type":"ImageObject","url":"https:\/\/candas365.es\/noticias\/wp-content\/uploads\/2024\/09\/Candas-365-Redes.jpg","@id":"https:\/\/candas365.es\/noticias\/ministro-rree-aleman-reclama-un-alto-el-fuego-inmediato-en-alepo\/#organizationLogo","width":1152,"height":864,"caption":"Cand\u00e1s 365 Redes"},"image":{"@id":"https:\/\/candas365.es\/noticias\/ministro-rree-aleman-reclama-un-alto-el-fuego-inmediato-en-alepo\/#organizationLogo"},"sameAs":["https:\/\/www.facebook.com\/Nachofdezber","https:\/\/x.com\/NabercoDigital","https:\/\/www.instagram.com\/nachofdezber\/","https:\/\/www.youtube.com\/channel\/UCZP-2wLEB9Rv6erhFmqVnvg"],"address":{"@id":"https:\/\/candas365.es\/noticias\/#postaladdress","@type":"PostalAddress","streetAddress":"san antonio 4, san antonio 4","postalCode":"33430","addressLocality":"Cand\u00e1s","addressRegion":"Asturias","addressCountry":"ES"}},{"@type":"Person","@id":"https:\/\/candas365.es\/noticias\/author\/admin\/#author","url":"https:\/\/candas365.es\/noticias\/author\/admin\/","name":"Cand\u00e1s 365","image":{"@type":"ImageObject","@id":"https:\/\/candas365.es\/noticias\/ministro-rree-aleman-reclama-un-alto-el-fuego-inmediato-en-alepo\/#authorImage","url":"https:\/\/secure.gravatar.com\/avatar\/496a8e03d0c493ede1718b7934145dbdf8d89be1036b0eec9544e1094c9de390?s=96&d=mm&r=g","width":96,"height":96,"caption":"Cand\u00e1s 365"},"sameAs":["https:\/\/www.facebook.com\/carrenoactualidad","https:\/\/twitter.com\/nbasturias","https:\/\/www.instagram.com\/nachofdezber\/","https:\/\/www.youtube.com\/channel\/UCZP-2wLEB9Rv6erhFmqVnvg"]},{"@type":"WebPage","@id":"https:\/\/candas365.es\/noticias\/ministro-rree-aleman-reclama-un-alto-el-fuego-inmediato-en-alepo\/#webpage","url":"https:\/\/candas365.es\/noticias\/ministro-rree-aleman-reclama-un-alto-el-fuego-inmediato-en-alepo\/","name":"Ministro RREE alem\u00e1n reclama un alto el fuego inmediato en Alepo | Cand\u00e1s 365","description":"Berl\u00edn, 15 oct (dpa) - El ministro alem\u00e1n de Exteriores, Frank-Walter Steinmeier, reclam\u00f3 un alto el fuego inmediato en Alepo de cara a la nueva ronda de negociaciones hoy en Lausana, Suiza, sobre el conflicto sirio. El enviado especial de la ONU para Siria, Staffan de Mistura, y el coordinador del Alto Comit\u00e9 de la","inLanguage":"es-ES","isPartOf":{"@id":"https:\/\/candas365.es\/noticias\/#website"},"breadcrumb":{"@id":"https:\/\/candas365.es\/noticias\/ministro-rree-aleman-reclama-un-alto-el-fuego-inmediato-en-alepo\/#breadcrumblist"},"author":{"@id":"https:\/\/candas365.es\/noticias\/author\/admin\/#author"},"creator":{"@id":"https:\/\/candas365.es\/noticias\/author\/admin\/#author"},"image":{"@type":"ImageObject","url":"https:\/\/candas365.es\/noticias\/wp-content\/uploads\/2015\/08\/noticias-candas365digital1.jpg","@id":"https:\/\/candas365.es\/noticias\/ministro-rree-aleman-reclama-un-alto-el-fuego-inmediato-en-alepo\/#mainImage","width":655,"height":360},"primaryImageOfPage":{"@id":"https:\/\/candas365.es\/noticias\/ministro-rree-aleman-reclama-un-alto-el-fuego-inmediato-en-alepo\/#mainImage"},"datePublished":"2016-10-16T01:33:04+02:00","dateModified":"2016-10-16T01:33:04+02:00"},{"@type":"WebSite","@id":"https:\/\/candas365.es\/noticias\/#website","url":"https:\/\/candas365.es\/noticias\/","name":"Cand\u00e1s 365","alternateName":"Cand\u00e1s 365 Noticias","description":"Actualidad desde Carre\u00f1o para el mundo","inLanguage":"es-ES","publisher":{"@id":"https:\/\/candas365.es\/noticias\/#organization"}}]},"og:locale":"es_ES","og:site_name":"Cand\u00e1s 365","og:type":"article","og:title":"Ministro RREE alem\u00e1n reclama un alto el fuego inmediato en Alepo | Cand\u00e1s 365","og:description":"Berl\u00edn, 15 oct (dpa) - El ministro alem\u00e1n de Exteriores, Frank-Walter Steinmeier, reclam\u00f3 un alto el fuego inmediato en Alepo de cara a la nueva ronda de negociaciones hoy en Lausana, Suiza, sobre el conflicto sirio. El enviado especial de la ONU para Siria, Staffan de Mistura, y el coordinador del Alto Comit\u00e9 de la","og:url":"https:\/\/candas365.es\/noticias\/ministro-rree-aleman-reclama-un-alto-el-fuego-inmediato-en-alepo\/","og:image":"https:\/\/candas365.es\/noticias\/wp-content\/uploads\/2015\/08\/noticias-candas365digital1.jpg","og:image:secure_url":"https:\/\/candas365.es\/noticias\/wp-content\/uploads\/2015\/08\/noticias-candas365digital1.jpg","og:image:width":655,"og:image:height":360,"article:published_time":"2016-10-16T00:03:04+00:00","article:modified_time":"2016-10-16T00:03:04+00:00","article:publisher":"https:\/\/www.facebook.com\/Nachofdezber","article:author":"https:\/\/www.facebook.com\/carrenoactualidad","twitter:card":"summary_large_image","twitter:site":"@NabercoDigital","twitter:title":"Ministro RREE alem\u00e1n reclama un alto el fuego inmediato en Alepo | Cand\u00e1s 365","twitter:description":"Berl\u00edn, 15 oct (dpa) - El ministro alem\u00e1n de Exteriores, Frank-Walter Steinmeier, reclam\u00f3 un alto el fuego inmediato en Alepo de cara a la nueva ronda de negociaciones hoy en Lausana, Suiza, sobre el conflicto sirio. El enviado especial de la ONU para Siria, Staffan de Mistura, y el coordinador del Alto Comit\u00e9 de la","twitter:creator":"@nbasturias","twitter:image":"https:\/\/candas365.es\/noticias\/wp-content\/uploads\/2015\/08\/noticias-candas365digital1.jpg","twitter:label1":"Escrito por","twitter:data1":"Cand\u00e1s 365","twitter:label2":"Tiempo de lectura estimado","twitter:data2":"1 minuto"},"aioseo_meta_data":{"post_id":"33768","title":null,"description":null,"keywords":null,"keyphrases":null,"primary_term":null,"canonical_url":null,"og_title":null,"og_description":null,"og_object_type":"default","og_image_type":"default","og_image_url":null,"og_image_width":null,"og_image_height":null,"og_image_custom_url":null,"og_image_custom_fields":null,"og_video":null,"og_custom_url":null,"og_article_section":null,"og_article_tags":null,"twitter_use_og":false,"twitter_card":"default","twitter_image_type":"default","twitter_image_url":null,"twitter_image_custom_url":null,"twitter_image_custom_fields":null,"twitter_title":null,"twitter_description":null,"schema":{"blockGraphs":[],"customGraphs":[],"default":{"data":{"Article":[],"Course":[],"Dataset":[],"FAQPage":[],"Movie":[],"Person":[],"Product":[],"ProductReview":[],"Car":[],"Recipe":[],"Service":[],"SoftwareApplication":[],"WebPage":[]},"graphName":"","isEnabled":true},"graphs":[],"defaultGraph":"","defaultPostTypeGraph":""},"schema_type":null,"schema_type_options":null,"pillar_content":false,"robots_default":true,"robots_noindex":false,"robots_noarchive":false,"robots_nosnippet":false,"robots_nofollow":false,"robots_noimageindex":false,"robots_noodp":false,"robots_notranslate":false,"robots_max_snippet":null,"robots_max_videopreview":null,"robots_max_imagepreview":"large","priority":null,"frequency":null,"location":null,"local_seo":null,"seo_analyzer_scan_date":"2025-08-24 16:57:08","breadcrumb_settings":null,"limit_modified_date":false,"reviewed_by":null,"open_ai":null,"ai":null,"created":"2020-12-21 13:06:55","updated":"2025-08-24 16:57:08"},"aioseo_breadcrumb":"<div class=\"aioseo-breadcrumbs\"><span class=\"aioseo-breadcrumb\">\n\t<a href=\"https:\/\/candas365.es\/noticias\" title=\"Home\">Home<\/a>\n<\/span><span class=\"aioseo-breadcrumb-separator\">&ndash;<\/span><span class=\"aioseo-breadcrumb\">\n\t<a href=\"https:\/\/candas365.es\/noticias\/category\/actualidad\/\" title=\"Actualidad\">Actualidad<\/a>\n<\/span><span class=\"aioseo-breadcrumb-separator\">&ndash;<\/span><span class=\"aioseo-breadcrumb\">\n\tMinistro RREE alem\u00e1n reclama un alto el fuego inmediato en Alepo\n<\/span><\/div>","aioseo_breadcrumb_json":[{"label":"Home","link":"https:\/\/candas365.es\/noticias"},{"label":"Actualidad","link":"https:\/\/candas365.es\/noticias\/category\/actualidad\/"},{"label":"Ministro RREE alem\u00e1n reclama un alto el fuego inmediato en Alepo","link":"https:\/\/candas365.es\/noticias\/ministro-rree-aleman-reclama-un-alto-el-fuego-inmediato-en-alepo\/"}],"_links":{"self":[{"href":"https:\/\/candas365.es\/noticias\/wp-json\/wp\/v2\/posts\/33768","targetHints":{"allow":["GET"]}}],"collection":[{"href":"https:\/\/candas365.es\/noticias\/wp-json\/wp\/v2\/posts"}],"about":[{"href":"https:\/\/candas365.es\/noticias\/wp-json\/wp\/v2\/types\/post"}],"author":[{"embeddable":true,"href":"https:\/\/candas365.es\/noticias\/wp-json\/wp\/v2\/users\/1"}],"replies":[{"embeddable":true,"href":"https:\/\/candas365.es\/noticias\/wp-json\/wp\/v2\/comments?post=33768"}],"version-history":[{"count":0,"href":"https:\/\/candas365.es\/noticias\/wp-json\/wp\/v2\/posts\/33768\/revisions"}],"wp:featuredmedia":[{"embeddable":true,"href":"https:\/\/candas365.es\/noticias\/wp-json\/wp\/v2\/media\/14626"}],"wp:attachment":[{"href":"https:\/\/candas365.es\/noticias\/wp-json\/wp\/v2\/media?parent=33768"}],"wp:term":[{"taxonomy":"category","embeddable":true,"href":"https:\/\/candas365.es\/noticias\/wp-json\/wp\/v2\/categories?post=33768"},{"taxonomy":"post_tag","embeddable":true,"href":"https:\/\/candas365.es\/noticias\/wp-json\/wp\/v2\/tags?post=33768"}],"curies":[{"name":"wp","href":"https:\/\/api.w.org\/{rel}","templated":true}]}}