{"id":33756,"date":"2016-10-16T01:23:59","date_gmt":"2016-10-15T23:53:59","guid":{"rendered":"http:\/\/candas365.es\/noticias\/?p=33756"},"modified":"2016-10-16T01:23:59","modified_gmt":"2016-10-15T23:53:59","slug":"hulkenberg-dejara-force-india-para-unirse-a-renault-en-2017","status":"publish","type":"post","link":"https:\/\/candas365.es\/noticias\/hulkenberg-dejara-force-india-para-unirse-a-renault-en-2017\/","title":{"rendered":"H\u00fclkenberg dejar\u00e1 Force India para unirse a Renault en 2017"},"content":{"rendered":"<p>(dpa) &#8211; El alem\u00e1n Nico H\u00fclkenberg dejar\u00e1 a final de temporada la escuder\u00eda Force India, donde comparte box con el mexicano Sergio P\u00e9rez, para unirse al equipo Renault, anunciaron hoy los equipos de F\u00f3rmula 1.<\/p>\n<p>La casa francesa s\u00f3lo revel\u00f3 que firm\u00f3 un \u00abacuerdo multianual\u00bb con el piloto germano, aunque la web de \u00abAutosport\u00bb y el diario \u00abBild\u00bb aseguraron que el contrato ser\u00e1 por dos a\u00f1os y opci\u00f3n a un tercero.<\/p>\n<p>Renault est\u00e1 buscando a un piloto experimentado que lidere su equipo de trabajo ya que no est\u00e1 totalmente satisfecho con la actuaci\u00f3n del dan\u00e9s Kevin Magnussen y del brit\u00e1nico Jolyon Palmer.<\/p>\n<p>El presidente de Renault Sport, Jerome Stoll, consider\u00f3 la temporada 2017 como \u00abel siguiente paso del viaje\u00bb tras sentar las bases en 2016.<\/p>\n<p>\u00abPara nuestro siguiente paso necesitamos a un piloto experimentado que est\u00e9 todav\u00eda hambriento de podios\u00bb, se\u00f1al\u00f3.<\/p>\n<p>H\u00fclkenberg describi\u00f3 a Renault como \u00abun jugador grande\u00bb en el mundo del deporte del motor y record\u00f3 la relaci\u00f3n del fabricante franc\u00e9s con Michael Schumacher como proveedor de motores de Benetton.<\/p>\n<p>\u00abSchumacher no s\u00f3lo ayud\u00f3 a hacer de Alemania una naci\u00f3n de F\u00f3rmula 1, sino que tambi\u00e9n despert\u00f3 mi entusiasmo por las carreras\u00bb, explic\u00f3. \u00abComo parte de la familia Renault quiero desarrollar el coche y escribir nuevas historias de \u00e9xito\u00bb, agreg\u00f3.<\/p>\n<p>H\u00fclkenberg ha pasado cinco temporadas en Force India, la primera en 2011 como piloto reserva. Empez\u00f3 en la m\u00e1xima categor\u00eda en 2010 con Williams y estuvo en 2013 en Sauber antes de volver a Force India en 2014 con un contrato originalmente hasta 2017.<\/p>\n<p>El alem\u00e1n ha competido en 111 Grandes Premios, pero nunca ha subido a un podio. S\u00f3lo en una ocasi\u00f3n hizo una \u00abpole position\u00bb.<\/p>\n<p>Actualmente es noveno en el campeonato mundial, por detr\u00e1s de Sergio P\u00e9rez.<\/p>\n<p>\u00abTodo el mundo en el equipo desea a Nico que le vaya bien en el nuevo camino en el que se embarca en la F\u00f3rmula 1\u00bb, dijo el jefe de Force India, Vijay Mallya, en un corto comunicado.<\/p>\n<p>\u00abEs un piloto extraordinario que ha conseguido m\u00e1s puntos para este equipo que ning\u00fan otro. Aunque es verdad que lo echaremos de menos, respetamos su decisi\u00f3n de explorar nuevas oportunidades y no estar\u00eda bien ponernos en su camino\u00bb, a\u00f1adi\u00f3.<\/p>\n<p>Por otro lado, el alem\u00e1n Pascal Wehrlein, de Manor, es candidato a suceder a H\u00fclkenberg en Force India.<\/p>\n","protected":false},"excerpt":{"rendered":"<p>(dpa) &#8211; El alem\u00e1n Nico H\u00fclkenberg dejar\u00e1 a final de temporada la escuder\u00eda Force India, donde comparte box con el mexicano Sergio P\u00e9rez, para unirse al equipo Renault, anunciaron hoy los equipos de F\u00f3rmula 1. La casa francesa s\u00f3lo revel\u00f3 que firm\u00f3 un \u00abacuerdo multianual\u00bb con el piloto germano, aunque la web de \u00abAutosport\u00bb y<\/p>\n","protected":false},"author":1,"featured_media":16457,"comment_status":"closed","ping_status":"closed","sticky":false,"template":"","format":"standard","meta":{"footnotes":""},"categories":[343],"tags":[],"class_list":{"0":"post-33756","1":"post","2":"type-post","3":"status-publish","4":"format-standard","5":"has-post-thumbnail","7":"category-actualidad"},"aioseo_notices":[],"aioseo_head":"\n\t\t<!-- All in One SEO Pro 4.9.6.2 - aioseo.com -->\n\t<meta name=\"description\" content=\"(dpa) - El alem\u00e1n Nico H\u00fclkenberg dejar\u00e1 a final de temporada la escuder\u00eda Force India, donde comparte box con el mexicano Sergio P\u00e9rez, para unirse al equipo Renault, anunciaron hoy los equipos de F\u00f3rmula 1. La casa francesa s\u00f3lo revel\u00f3 que firm\u00f3 un &quot;acuerdo multianual&quot; con el piloto germano, aunque la web de &quot;Autosport&quot; y\" \/>\n\t<meta name=\"robots\" content=\"max-image-preview:large\" \/>\n\t<meta name=\"author\" content=\"Cand\u00e1s 365\"\/>\n\t<meta name=\"google-site-verification\" content=\"UA-32230408-1\" \/>\n\t<meta name=\"msvalidate.01\" content=\"354F3CDFB2DA171B47FBE9ABF1F88D5\" \/>\n\t<meta name=\"keywords\" content=\"actualidad\" \/>\n\t<link rel=\"canonical\" href=\"https:\/\/candas365.es\/noticias\/hulkenberg-dejara-force-india-para-unirse-a-renault-en-2017\/\" \/>\n\t<meta name=\"generator\" content=\"All in One SEO Pro (AIOSEO) 4.9.6.2\" \/>\n\t\t<meta property=\"og:locale\" content=\"es_ES\" \/>\n\t\t<meta property=\"og:site_name\" content=\"Cand\u00e1s 365\" \/>\n\t\t<meta property=\"og:type\" content=\"article\" \/>\n\t\t<meta property=\"og:title\" content=\"H\u00fclkenberg dejar\u00e1 Force India para unirse a Renault en 2017 | Cand\u00e1s 365\" \/>\n\t\t<meta property=\"og:description\" content=\"(dpa) - El alem\u00e1n Nico H\u00fclkenberg dejar\u00e1 a final de temporada la escuder\u00eda Force India, donde comparte box con el mexicano Sergio P\u00e9rez, para unirse al equipo Renault, anunciaron hoy los equipos de F\u00f3rmula 1. La casa francesa s\u00f3lo revel\u00f3 que firm\u00f3 un &quot;acuerdo multianual&quot; con el piloto germano, aunque la web de &quot;Autosport&quot; y\" \/>\n\t\t<meta property=\"og:url\" content=\"https:\/\/candas365.es\/noticias\/hulkenberg-dejara-force-india-para-unirse-a-renault-en-2017\/\" \/>\n\t\t<meta property=\"og:image\" content=\"https:\/\/candas365.es\/noticias\/wp-content\/uploads\/2015\/09\/c365noticias.jpg\" \/>\n\t\t<meta property=\"og:image:secure_url\" content=\"https:\/\/candas365.es\/noticias\/wp-content\/uploads\/2015\/09\/c365noticias.jpg\" \/>\n\t\t<meta property=\"og:image:width\" content=\"655\" \/>\n\t\t<meta property=\"og:image:height\" content=\"360\" \/>\n\t\t<meta property=\"article:published_time\" content=\"2016-10-15T23:53:59+00:00\" \/>\n\t\t<meta property=\"article:modified_time\" content=\"2016-10-15T23:53:59+00:00\" \/>\n\t\t<meta property=\"article:publisher\" content=\"https:\/\/www.facebook.com\/Nachofdezber\" \/>\n\t\t<meta property=\"article:author\" content=\"https:\/\/www.facebook.com\/carrenoactualidad\" \/>\n\t\t<meta name=\"twitter:card\" content=\"summary_large_image\" \/>\n\t\t<meta name=\"twitter:site\" content=\"@NabercoDigital\" \/>\n\t\t<meta name=\"twitter:title\" content=\"H\u00fclkenberg dejar\u00e1 Force India para unirse a Renault en 2017 | Cand\u00e1s 365\" \/>\n\t\t<meta name=\"twitter:description\" content=\"(dpa) - El alem\u00e1n Nico H\u00fclkenberg dejar\u00e1 a final de temporada la escuder\u00eda Force India, donde comparte box con el mexicano Sergio P\u00e9rez, para unirse al equipo Renault, anunciaron hoy los equipos de F\u00f3rmula 1. La casa francesa s\u00f3lo revel\u00f3 que firm\u00f3 un &quot;acuerdo multianual&quot; con el piloto germano, aunque la web de &quot;Autosport&quot; y\" \/>\n\t\t<meta name=\"twitter:creator\" content=\"@nbasturias\" \/>\n\t\t<meta name=\"twitter:image\" content=\"https:\/\/candas365.es\/noticias\/wp-content\/uploads\/2015\/09\/c365noticias.jpg\" \/>\n\t\t<meta name=\"twitter:label1\" content=\"Escrito por\" \/>\n\t\t<meta name=\"twitter:data1\" content=\"Cand\u00e1s 365\" \/>\n\t\t<meta name=\"twitter:label2\" content=\"Tiempo de lectura estimado\" \/>\n\t\t<meta name=\"twitter:data2\" content=\"2 minutos\" \/>\n\t\t<script type=\"application\/ld+json\" class=\"aioseo-schema\">\n\t\t\t{\"@context\":\"https:\\\/\\\/schema.org\",\"@graph\":[{\"@type\":\"BreadcrumbList\",\"@id\":\"https:\\\/\\\/candas365.es\\\/noticias\\\/hulkenberg-dejara-force-india-para-unirse-a-renault-en-2017\\\/#breadcrumblist\",\"itemListElement\":[{\"@type\":\"ListItem\",\"@id\":\"https:\\\/\\\/candas365.es\\\/noticias#listItem\",\"position\":1,\"name\":\"Home\",\"item\":\"https:\\\/\\\/candas365.es\\\/noticias\",\"nextItem\":{\"@type\":\"ListItem\",\"@id\":\"https:\\\/\\\/candas365.es\\\/noticias\\\/category\\\/actualidad\\\/#listItem\",\"name\":\"Actualidad\"}},{\"@type\":\"ListItem\",\"@id\":\"https:\\\/\\\/candas365.es\\\/noticias\\\/category\\\/actualidad\\\/#listItem\",\"position\":2,\"name\":\"Actualidad\",\"item\":\"https:\\\/\\\/candas365.es\\\/noticias\\\/category\\\/actualidad\\\/\",\"nextItem\":{\"@type\":\"ListItem\",\"@id\":\"https:\\\/\\\/candas365.es\\\/noticias\\\/hulkenberg-dejara-force-india-para-unirse-a-renault-en-2017\\\/#listItem\",\"name\":\"H\\u00fclkenberg dejar\\u00e1 Force India para unirse a Renault en 2017\"},\"previousItem\":{\"@type\":\"ListItem\",\"@id\":\"https:\\\/\\\/candas365.es\\\/noticias#listItem\",\"name\":\"Home\"}},{\"@type\":\"ListItem\",\"@id\":\"https:\\\/\\\/candas365.es\\\/noticias\\\/hulkenberg-dejara-force-india-para-unirse-a-renault-en-2017\\\/#listItem\",\"position\":3,\"name\":\"H\\u00fclkenberg dejar\\u00e1 Force India para unirse a Renault en 2017\",\"previousItem\":{\"@type\":\"ListItem\",\"@id\":\"https:\\\/\\\/candas365.es\\\/noticias\\\/category\\\/actualidad\\\/#listItem\",\"name\":\"Actualidad\"}}]},{\"@type\":\"NewsArticle\",\"@id\":\"https:\\\/\\\/candas365.es\\\/noticias\\\/hulkenberg-dejara-force-india-para-unirse-a-renault-en-2017\\\/#newsarticle\",\"name\":\"H\\u00fclkenberg dejar\\u00e1 Force India para unirse a Renault en 2017 | Cand\\u00e1s 365\",\"headline\":\"H\\u00fclkenberg dejar\\u00e1 Force India para unirse a Renault en 2017\",\"author\":{\"@id\":\"https:\\\/\\\/candas365.es\\\/noticias\\\/author\\\/admin\\\/#author\"},\"publisher\":{\"@id\":\"https:\\\/\\\/candas365.es\\\/noticias\\\/#organization\"},\"image\":{\"@type\":\"ImageObject\",\"url\":\"https:\\\/\\\/candas365.es\\\/noticias\\\/wp-content\\\/uploads\\\/2015\\\/09\\\/c365noticias.jpg\",\"width\":655,\"height\":360},\"datePublished\":\"2016-10-16T01:23:59+02:00\",\"dateModified\":\"2016-10-16T01:23:59+02:00\",\"inLanguage\":\"es-ES\",\"mainEntityOfPage\":{\"@id\":\"https:\\\/\\\/candas365.es\\\/noticias\\\/hulkenberg-dejara-force-india-para-unirse-a-renault-en-2017\\\/#webpage\"},\"isPartOf\":{\"@id\":\"https:\\\/\\\/candas365.es\\\/noticias\\\/hulkenberg-dejara-force-india-para-unirse-a-renault-en-2017\\\/#webpage\"},\"articleSection\":\"Actualidad\",\"dateline\":\"Publicado el octubre 16, 2016.\"},{\"@type\":\"Organization\",\"@id\":\"https:\\\/\\\/candas365.es\\\/noticias\\\/#organization\",\"name\":\"Cand\\u00e1s 365\",\"description\":\"Cand\\u00e1s 365 es un diario digital independiente, fundado en 2012, con base en Asturias. Informamos con rigor sobre actualidad, sociedad, cultura y ocio, con una mirada local y global.\",\"url\":\"https:\\\/\\\/candas365.es\\\/noticias\\\/\",\"email\":\"info@candas365.es\",\"telephone\":\"+34652131393\",\"foundingDate\":\"2012-06-10\",\"logo\":{\"@type\":\"ImageObject\",\"url\":\"https:\\\/\\\/candas365.es\\\/noticias\\\/wp-content\\\/uploads\\\/2024\\\/09\\\/Candas-365-Redes.jpg\",\"@id\":\"https:\\\/\\\/candas365.es\\\/noticias\\\/hulkenberg-dejara-force-india-para-unirse-a-renault-en-2017\\\/#organizationLogo\",\"width\":1152,\"height\":864,\"caption\":\"Cand\\u00e1s 365 Redes\"},\"image\":{\"@id\":\"https:\\\/\\\/candas365.es\\\/noticias\\\/hulkenberg-dejara-force-india-para-unirse-a-renault-en-2017\\\/#organizationLogo\"},\"sameAs\":[\"https:\\\/\\\/www.facebook.com\\\/Nachofdezber\",\"https:\\\/\\\/x.com\\\/NabercoDigital\",\"https:\\\/\\\/www.instagram.com\\\/nachofdezber\\\/\",\"https:\\\/\\\/www.youtube.com\\\/channel\\\/UCZP-2wLEB9Rv6erhFmqVnvg\"],\"address\":{\"@id\":\"https:\\\/\\\/candas365.es\\\/noticias\\\/#postaladdress\",\"@type\":\"PostalAddress\",\"streetAddress\":\"san antonio 4, san antonio 4\",\"postalCode\":\"33430\",\"addressLocality\":\"Cand\\u00e1s\",\"addressRegion\":\"Asturias\",\"addressCountry\":\"ES\"}},{\"@type\":\"Person\",\"@id\":\"https:\\\/\\\/candas365.es\\\/noticias\\\/author\\\/admin\\\/#author\",\"url\":\"https:\\\/\\\/candas365.es\\\/noticias\\\/author\\\/admin\\\/\",\"name\":\"Cand\\u00e1s 365\",\"image\":{\"@type\":\"ImageObject\",\"@id\":\"https:\\\/\\\/candas365.es\\\/noticias\\\/hulkenberg-dejara-force-india-para-unirse-a-renault-en-2017\\\/#authorImage\",\"url\":\"https:\\\/\\\/secure.gravatar.com\\\/avatar\\\/496a8e03d0c493ede1718b7934145dbdf8d89be1036b0eec9544e1094c9de390?s=96&d=mm&r=g\",\"width\":96,\"height\":96,\"caption\":\"Cand\\u00e1s 365\"},\"sameAs\":[\"https:\\\/\\\/www.facebook.com\\\/carrenoactualidad\",\"https:\\\/\\\/twitter.com\\\/nbasturias\",\"https:\\\/\\\/www.instagram.com\\\/nachofdezber\\\/\",\"https:\\\/\\\/www.youtube.com\\\/channel\\\/UCZP-2wLEB9Rv6erhFmqVnvg\"]},{\"@type\":\"WebPage\",\"@id\":\"https:\\\/\\\/candas365.es\\\/noticias\\\/hulkenberg-dejara-force-india-para-unirse-a-renault-en-2017\\\/#webpage\",\"url\":\"https:\\\/\\\/candas365.es\\\/noticias\\\/hulkenberg-dejara-force-india-para-unirse-a-renault-en-2017\\\/\",\"name\":\"H\\u00fclkenberg dejar\\u00e1 Force India para unirse a Renault en 2017 | Cand\\u00e1s 365\",\"description\":\"(dpa) - El alem\\u00e1n Nico H\\u00fclkenberg dejar\\u00e1 a final de temporada la escuder\\u00eda Force India, donde comparte box con el mexicano Sergio P\\u00e9rez, para unirse al equipo Renault, anunciaron hoy los equipos de F\\u00f3rmula 1. La casa francesa s\\u00f3lo revel\\u00f3 que firm\\u00f3 un \\\"acuerdo multianual\\\" con el piloto germano, aunque la web de \\\"Autosport\\\" y\",\"inLanguage\":\"es-ES\",\"isPartOf\":{\"@id\":\"https:\\\/\\\/candas365.es\\\/noticias\\\/#website\"},\"breadcrumb\":{\"@id\":\"https:\\\/\\\/candas365.es\\\/noticias\\\/hulkenberg-dejara-force-india-para-unirse-a-renault-en-2017\\\/#breadcrumblist\"},\"author\":{\"@id\":\"https:\\\/\\\/candas365.es\\\/noticias\\\/author\\\/admin\\\/#author\"},\"creator\":{\"@id\":\"https:\\\/\\\/candas365.es\\\/noticias\\\/author\\\/admin\\\/#author\"},\"image\":{\"@type\":\"ImageObject\",\"url\":\"https:\\\/\\\/candas365.es\\\/noticias\\\/wp-content\\\/uploads\\\/2015\\\/09\\\/c365noticias.jpg\",\"@id\":\"https:\\\/\\\/candas365.es\\\/noticias\\\/hulkenberg-dejara-force-india-para-unirse-a-renault-en-2017\\\/#mainImage\",\"width\":655,\"height\":360},\"primaryImageOfPage\":{\"@id\":\"https:\\\/\\\/candas365.es\\\/noticias\\\/hulkenberg-dejara-force-india-para-unirse-a-renault-en-2017\\\/#mainImage\"},\"datePublished\":\"2016-10-16T01:23:59+02:00\",\"dateModified\":\"2016-10-16T01:23:59+02:00\"},{\"@type\":\"WebSite\",\"@id\":\"https:\\\/\\\/candas365.es\\\/noticias\\\/#website\",\"url\":\"https:\\\/\\\/candas365.es\\\/noticias\\\/\",\"name\":\"Cand\\u00e1s 365\",\"alternateName\":\"Cand\\u00e1s 365 Noticias\",\"description\":\"Actualidad desde Carre\\u00f1o para el mundo\",\"inLanguage\":\"es-ES\",\"publisher\":{\"@id\":\"https:\\\/\\\/candas365.es\\\/noticias\\\/#organization\"}}]}\n\t\t<\/script>\n\t\t<!-- All in One SEO Pro -->\r\n\t\t<title>H\u00fclkenberg dejar\u00e1 Force India para unirse a Renault en 2017 | Cand\u00e1s 365<\/title>\n\n","aioseo_head_json":{"title":"H\u00fclkenberg dejar\u00e1 Force India para unirse a Renault en 2017 | Cand\u00e1s 365","description":"(dpa) - El alem\u00e1n Nico H\u00fclkenberg dejar\u00e1 a final de temporada la escuder\u00eda Force India, donde comparte box con el mexicano Sergio P\u00e9rez, para unirse al equipo Renault, anunciaron hoy los equipos de F\u00f3rmula 1. La casa francesa s\u00f3lo revel\u00f3 que firm\u00f3 un \"acuerdo multianual\" con el piloto germano, aunque la web de \"Autosport\" y","canonical_url":"https:\/\/candas365.es\/noticias\/hulkenberg-dejara-force-india-para-unirse-a-renault-en-2017\/","robots":"max-image-preview:large","keywords":"actualidad","webmasterTools":{"google-site-verification":"UA-32230408-1","msvalidate.01":"354F3CDFB2DA171B47FBE9ABF1F88D5","miscellaneous":""},"schema":{"@context":"https:\/\/schema.org","@graph":[{"@type":"BreadcrumbList","@id":"https:\/\/candas365.es\/noticias\/hulkenberg-dejara-force-india-para-unirse-a-renault-en-2017\/#breadcrumblist","itemListElement":[{"@type":"ListItem","@id":"https:\/\/candas365.es\/noticias#listItem","position":1,"name":"Home","item":"https:\/\/candas365.es\/noticias","nextItem":{"@type":"ListItem","@id":"https:\/\/candas365.es\/noticias\/category\/actualidad\/#listItem","name":"Actualidad"}},{"@type":"ListItem","@id":"https:\/\/candas365.es\/noticias\/category\/actualidad\/#listItem","position":2,"name":"Actualidad","item":"https:\/\/candas365.es\/noticias\/category\/actualidad\/","nextItem":{"@type":"ListItem","@id":"https:\/\/candas365.es\/noticias\/hulkenberg-dejara-force-india-para-unirse-a-renault-en-2017\/#listItem","name":"H\u00fclkenberg dejar\u00e1 Force India para unirse a Renault en 2017"},"previousItem":{"@type":"ListItem","@id":"https:\/\/candas365.es\/noticias#listItem","name":"Home"}},{"@type":"ListItem","@id":"https:\/\/candas365.es\/noticias\/hulkenberg-dejara-force-india-para-unirse-a-renault-en-2017\/#listItem","position":3,"name":"H\u00fclkenberg dejar\u00e1 Force India para unirse a Renault en 2017","previousItem":{"@type":"ListItem","@id":"https:\/\/candas365.es\/noticias\/category\/actualidad\/#listItem","name":"Actualidad"}}]},{"@type":"NewsArticle","@id":"https:\/\/candas365.es\/noticias\/hulkenberg-dejara-force-india-para-unirse-a-renault-en-2017\/#newsarticle","name":"H\u00fclkenberg dejar\u00e1 Force India para unirse a Renault en 2017 | Cand\u00e1s 365","headline":"H\u00fclkenberg dejar\u00e1 Force India para unirse a Renault en 2017","author":{"@id":"https:\/\/candas365.es\/noticias\/author\/admin\/#author"},"publisher":{"@id":"https:\/\/candas365.es\/noticias\/#organization"},"image":{"@type":"ImageObject","url":"https:\/\/candas365.es\/noticias\/wp-content\/uploads\/2015\/09\/c365noticias.jpg","width":655,"height":360},"datePublished":"2016-10-16T01:23:59+02:00","dateModified":"2016-10-16T01:23:59+02:00","inLanguage":"es-ES","mainEntityOfPage":{"@id":"https:\/\/candas365.es\/noticias\/hulkenberg-dejara-force-india-para-unirse-a-renault-en-2017\/#webpage"},"isPartOf":{"@id":"https:\/\/candas365.es\/noticias\/hulkenberg-dejara-force-india-para-unirse-a-renault-en-2017\/#webpage"},"articleSection":"Actualidad","dateline":"Publicado el octubre 16, 2016."},{"@type":"Organization","@id":"https:\/\/candas365.es\/noticias\/#organization","name":"Cand\u00e1s 365","description":"Cand\u00e1s 365 es un diario digital independiente, fundado en 2012, con base en Asturias. Informamos con rigor sobre actualidad, sociedad, cultura y ocio, con una mirada local y global.","url":"https:\/\/candas365.es\/noticias\/","email":"info@candas365.es","telephone":"+34652131393","foundingDate":"2012-06-10","logo":{"@type":"ImageObject","url":"https:\/\/candas365.es\/noticias\/wp-content\/uploads\/2024\/09\/Candas-365-Redes.jpg","@id":"https:\/\/candas365.es\/noticias\/hulkenberg-dejara-force-india-para-unirse-a-renault-en-2017\/#organizationLogo","width":1152,"height":864,"caption":"Cand\u00e1s 365 Redes"},"image":{"@id":"https:\/\/candas365.es\/noticias\/hulkenberg-dejara-force-india-para-unirse-a-renault-en-2017\/#organizationLogo"},"sameAs":["https:\/\/www.facebook.com\/Nachofdezber","https:\/\/x.com\/NabercoDigital","https:\/\/www.instagram.com\/nachofdezber\/","https:\/\/www.youtube.com\/channel\/UCZP-2wLEB9Rv6erhFmqVnvg"],"address":{"@id":"https:\/\/candas365.es\/noticias\/#postaladdress","@type":"PostalAddress","streetAddress":"san antonio 4, san antonio 4","postalCode":"33430","addressLocality":"Cand\u00e1s","addressRegion":"Asturias","addressCountry":"ES"}},{"@type":"Person","@id":"https:\/\/candas365.es\/noticias\/author\/admin\/#author","url":"https:\/\/candas365.es\/noticias\/author\/admin\/","name":"Cand\u00e1s 365","image":{"@type":"ImageObject","@id":"https:\/\/candas365.es\/noticias\/hulkenberg-dejara-force-india-para-unirse-a-renault-en-2017\/#authorImage","url":"https:\/\/secure.gravatar.com\/avatar\/496a8e03d0c493ede1718b7934145dbdf8d89be1036b0eec9544e1094c9de390?s=96&d=mm&r=g","width":96,"height":96,"caption":"Cand\u00e1s 365"},"sameAs":["https:\/\/www.facebook.com\/carrenoactualidad","https:\/\/twitter.com\/nbasturias","https:\/\/www.instagram.com\/nachofdezber\/","https:\/\/www.youtube.com\/channel\/UCZP-2wLEB9Rv6erhFmqVnvg"]},{"@type":"WebPage","@id":"https:\/\/candas365.es\/noticias\/hulkenberg-dejara-force-india-para-unirse-a-renault-en-2017\/#webpage","url":"https:\/\/candas365.es\/noticias\/hulkenberg-dejara-force-india-para-unirse-a-renault-en-2017\/","name":"H\u00fclkenberg dejar\u00e1 Force India para unirse a Renault en 2017 | Cand\u00e1s 365","description":"(dpa) - El alem\u00e1n Nico H\u00fclkenberg dejar\u00e1 a final de temporada la escuder\u00eda Force India, donde comparte box con el mexicano Sergio P\u00e9rez, para unirse al equipo Renault, anunciaron hoy los equipos de F\u00f3rmula 1. La casa francesa s\u00f3lo revel\u00f3 que firm\u00f3 un \"acuerdo multianual\" con el piloto germano, aunque la web de \"Autosport\" y","inLanguage":"es-ES","isPartOf":{"@id":"https:\/\/candas365.es\/noticias\/#website"},"breadcrumb":{"@id":"https:\/\/candas365.es\/noticias\/hulkenberg-dejara-force-india-para-unirse-a-renault-en-2017\/#breadcrumblist"},"author":{"@id":"https:\/\/candas365.es\/noticias\/author\/admin\/#author"},"creator":{"@id":"https:\/\/candas365.es\/noticias\/author\/admin\/#author"},"image":{"@type":"ImageObject","url":"https:\/\/candas365.es\/noticias\/wp-content\/uploads\/2015\/09\/c365noticias.jpg","@id":"https:\/\/candas365.es\/noticias\/hulkenberg-dejara-force-india-para-unirse-a-renault-en-2017\/#mainImage","width":655,"height":360},"primaryImageOfPage":{"@id":"https:\/\/candas365.es\/noticias\/hulkenberg-dejara-force-india-para-unirse-a-renault-en-2017\/#mainImage"},"datePublished":"2016-10-16T01:23:59+02:00","dateModified":"2016-10-16T01:23:59+02:00"},{"@type":"WebSite","@id":"https:\/\/candas365.es\/noticias\/#website","url":"https:\/\/candas365.es\/noticias\/","name":"Cand\u00e1s 365","alternateName":"Cand\u00e1s 365 Noticias","description":"Actualidad desde Carre\u00f1o para el mundo","inLanguage":"es-ES","publisher":{"@id":"https:\/\/candas365.es\/noticias\/#organization"}}]},"og:locale":"es_ES","og:site_name":"Cand\u00e1s 365","og:type":"article","og:title":"H\u00fclkenberg dejar\u00e1 Force India para unirse a Renault en 2017 | Cand\u00e1s 365","og:description":"(dpa) - El alem\u00e1n Nico H\u00fclkenberg dejar\u00e1 a final de temporada la escuder\u00eda Force India, donde comparte box con el mexicano Sergio P\u00e9rez, para unirse al equipo Renault, anunciaron hoy los equipos de F\u00f3rmula 1. La casa francesa s\u00f3lo revel\u00f3 que firm\u00f3 un &quot;acuerdo multianual&quot; con el piloto germano, aunque la web de &quot;Autosport&quot; y","og:url":"https:\/\/candas365.es\/noticias\/hulkenberg-dejara-force-india-para-unirse-a-renault-en-2017\/","og:image":"https:\/\/candas365.es\/noticias\/wp-content\/uploads\/2015\/09\/c365noticias.jpg","og:image:secure_url":"https:\/\/candas365.es\/noticias\/wp-content\/uploads\/2015\/09\/c365noticias.jpg","og:image:width":655,"og:image:height":360,"article:published_time":"2016-10-15T23:53:59+00:00","article:modified_time":"2016-10-15T23:53:59+00:00","article:publisher":"https:\/\/www.facebook.com\/Nachofdezber","article:author":"https:\/\/www.facebook.com\/carrenoactualidad","twitter:card":"summary_large_image","twitter:site":"@NabercoDigital","twitter:title":"H\u00fclkenberg dejar\u00e1 Force India para unirse a Renault en 2017 | Cand\u00e1s 365","twitter:description":"(dpa) - El alem\u00e1n Nico H\u00fclkenberg dejar\u00e1 a final de temporada la escuder\u00eda Force India, donde comparte box con el mexicano Sergio P\u00e9rez, para unirse al equipo Renault, anunciaron hoy los equipos de F\u00f3rmula 1. La casa francesa s\u00f3lo revel\u00f3 que firm\u00f3 un &quot;acuerdo multianual&quot; con el piloto germano, aunque la web de &quot;Autosport&quot; y","twitter:creator":"@nbasturias","twitter:image":"https:\/\/candas365.es\/noticias\/wp-content\/uploads\/2015\/09\/c365noticias.jpg","twitter:label1":"Escrito por","twitter:data1":"Cand\u00e1s 365","twitter:label2":"Tiempo de lectura estimado","twitter:data2":"2 minutos"},"aioseo_meta_data":{"post_id":"33756","title":null,"description":null,"keywords":null,"keyphrases":null,"primary_term":null,"canonical_url":null,"og_title":null,"og_description":null,"og_object_type":"default","og_image_type":"default","og_image_url":null,"og_image_width":null,"og_image_height":null,"og_image_custom_url":null,"og_image_custom_fields":null,"og_video":null,"og_custom_url":null,"og_article_section":null,"og_article_tags":null,"twitter_use_og":false,"twitter_card":"default","twitter_image_type":"default","twitter_image_url":null,"twitter_image_custom_url":null,"twitter_image_custom_fields":null,"twitter_title":null,"twitter_description":null,"schema":{"blockGraphs":[],"customGraphs":[],"default":{"data":{"Article":[],"Course":[],"Dataset":[],"FAQPage":[],"Movie":[],"Person":[],"Product":[],"ProductReview":[],"Car":[],"Recipe":[],"Service":[],"SoftwareApplication":[],"WebPage":[]},"graphName":"","isEnabled":true},"graphs":[]},"schema_type":null,"schema_type_options":null,"pillar_content":false,"robots_default":true,"robots_noindex":false,"robots_noarchive":false,"robots_nosnippet":false,"robots_nofollow":false,"robots_noimageindex":false,"robots_noodp":false,"robots_notranslate":false,"robots_max_snippet":null,"robots_max_videopreview":null,"robots_max_imagepreview":"large","priority":null,"frequency":null,"location":null,"local_seo":null,"seo_analyzer_scan_date":"2025-08-24 16:56:12","breadcrumb_settings":null,"limit_modified_date":false,"reviewed_by":null,"open_ai":null,"ai":null,"created":"2020-12-21 13:06:55","updated":"2025-08-24 16:56:12"},"aioseo_breadcrumb":"<div class=\"aioseo-breadcrumbs\"><span class=\"aioseo-breadcrumb\">\n\t<a href=\"https:\/\/candas365.es\/noticias\" title=\"Home\">Home<\/a>\n<\/span><span class=\"aioseo-breadcrumb-separator\">&ndash;<\/span><span class=\"aioseo-breadcrumb\">\n\t<a href=\"https:\/\/candas365.es\/noticias\/category\/actualidad\/\" title=\"Actualidad\">Actualidad<\/a>\n<\/span><span class=\"aioseo-breadcrumb-separator\">&ndash;<\/span><span class=\"aioseo-breadcrumb\">\n\tH\u00fclkenberg dejar\u00e1 Force India para unirse a Renault en 2017\n<\/span><\/div>","aioseo_breadcrumb_json":[{"label":"Home","link":"https:\/\/candas365.es\/noticias"},{"label":"Actualidad","link":"https:\/\/candas365.es\/noticias\/category\/actualidad\/"},{"label":"H\u00fclkenberg dejar\u00e1 Force India para unirse a Renault en 2017","link":"https:\/\/candas365.es\/noticias\/hulkenberg-dejara-force-india-para-unirse-a-renault-en-2017\/"}],"_links":{"self":[{"href":"https:\/\/candas365.es\/noticias\/wp-json\/wp\/v2\/posts\/33756","targetHints":{"allow":["GET"]}}],"collection":[{"href":"https:\/\/candas365.es\/noticias\/wp-json\/wp\/v2\/posts"}],"about":[{"href":"https:\/\/candas365.es\/noticias\/wp-json\/wp\/v2\/types\/post"}],"author":[{"embeddable":true,"href":"https:\/\/candas365.es\/noticias\/wp-json\/wp\/v2\/users\/1"}],"replies":[{"embeddable":true,"href":"https:\/\/candas365.es\/noticias\/wp-json\/wp\/v2\/comments?post=33756"}],"version-history":[{"count":0,"href":"https:\/\/candas365.es\/noticias\/wp-json\/wp\/v2\/posts\/33756\/revisions"}],"wp:featuredmedia":[{"embeddable":true,"href":"https:\/\/candas365.es\/noticias\/wp-json\/wp\/v2\/media\/16457"}],"wp:attachment":[{"href":"https:\/\/candas365.es\/noticias\/wp-json\/wp\/v2\/media?parent=33756"}],"wp:term":[{"taxonomy":"category","embeddable":true,"href":"https:\/\/candas365.es\/noticias\/wp-json\/wp\/v2\/categories?post=33756"},{"taxonomy":"post_tag","embeddable":true,"href":"https:\/\/candas365.es\/noticias\/wp-json\/wp\/v2\/tags?post=33756"}],"curies":[{"name":"wp","href":"https:\/\/api.w.org\/{rel}","templated":true}]}}