{"id":33754,"date":"2016-10-16T01:23:11","date_gmt":"2016-10-15T23:53:11","guid":{"rendered":"http:\/\/candas365.es\/noticias\/?p=33754"},"modified":"2016-10-16T01:23:11","modified_gmt":"2016-10-15T23:53:11","slug":"el-bayern-busca-acabar-con-la-mini-crisis-ante-el-frankfurt","status":"publish","type":"post","link":"https:\/\/candas365.es\/noticias\/el-bayern-busca-acabar-con-la-mini-crisis-ante-el-frankfurt\/","title":{"rendered":"El Bayern busca acabar con la \u00abmini crisis\u00bb ante el Frankfurt"},"content":{"rendered":"<p> (dpa) &#8211; El Bayern M\u00fanich busca acabar ma\u00f1ana con la mala racha de las \u00faltimas fechas en la nueva jornada de la Liga alemana de f\u00fatbol, en la que se mide al Eintracht Frankfurt.<\/p>\n<p>Su entrenador, Carlo Ancelotti, reclam\u00f3 hoy a las estrellas del equipo que vuelvan a darlo todo en el terreno de juego, primero en el estadio del Frankfurt y cuatro d\u00edas despu\u00e9s en casa ante el PSV Eindhoven en Liga de Campeones.<\/p>\n<p>Tras la denominada por los medios alemanes como \u00abmini crisis\u00bb del Bayern, despu\u00e9s de su derrota 1-0 ante el Atl\u00e9tico de Madrid en la Champions League y el empate 1-1 ante el Colonia unos d\u00edas despu\u00e9s en la Bundesliga, el club b\u00e1varo quiere volver a demostrar su superioridad en el campo.<\/p>\n<p>El t\u00e9cnico italiano espera ahora de su equipo una \u00abintensidad\u00bb que no tuvo \u00faltimamente. \u00abAlgunos jugadores estaban cansados. Sin embargo, creo que volver\u00e1n a jugar con plena intensidad en Fr\u00e1ncfort, como al principio de temporada\u00bb, declar\u00f3 en la rueda de prensa previa al encuentro del s\u00e1bado.<\/p>\n<p>\u00abHubo algunas cr\u00edticas\u00bb, reconoci\u00f3 Ancelotti sobre los d\u00edas pasados, \u00abpero \u00e9stas nos sirven como motivaci\u00f3n\u00bb.<\/p>\n<p>El Bayern, primero de la tabla con 16 puntos, a tres del Hertha y a cuatro del Borussia Dortmund, alert\u00f3 de su rival, octavo en la clasificaci\u00f3n con diez puntos.<\/p>\n<p>\u00abEl Frankfurt ha jugado bien en los \u00faltimos tres partidos en casa. Va a ser dif\u00edcil\u00bb, advirti\u00f3 el sucesor de Josep Guardiola en el banquillo b\u00e1varo.<\/p>\n<p>El delantero Arjen Robben, que se perdi\u00f3 las \u00faltimas citas de Holanda en la clasificaci\u00f3n para el Mundial de Rusia 2018, \u00abentren\u00f3 esta semana sin problema alguno\u00bb, declar\u00f3 Ancelotti. \u00abEst\u00e1 preparado para jugar ma\u00f1ana\u00bb, asegur\u00f3.<\/p>\n<p>El Bayern ha ganado 13 de los \u00faltimos 16 partidos ante el Frankfurt. No obstante, el entrenador del Eintracht indic\u00f3 que quieren mostrar un \u00abbuen juego y ganar los puntos\u00bb ante el l\u00edder de la tabla.<\/p>\n<p>\u00abHemos ganado siete puntos en casa ante muy buenos rivales y el Bayern ser\u00eda la culminaci\u00f3n\u00bb, declar\u00f3 Niko Kovac. \u00abNo queremos atacar a muerte, pero queremos mostrar nuestros dientes y morderles aqu\u00ed y all\u00e1\u00bb, agreg\u00f3. Sin embargo, en sus \u00faltimos ocho enfrentamientos en Liga el Frankfurt no logr\u00f3 anotar ni un gol a los b\u00e1varos.<\/p>\n<p>Ancelotti espera ahora que su equipo haya aprendido de los errores de los \u00faltimos partidos. A pesar de todo, se mostr\u00f3 \u00abfeliz\u00bb con los primeros encuentros de su nueva etapa en M\u00fanich. \u00abSi me dijeran que en los pr\u00f3ximos diez partidos volvemos a lograr ocho victorias, un empate y una derrota firmar\u00eda ya\u00bb, asegur\u00f3 el t\u00e9cnico italiano.<\/p>\n<p>Junto con el Frankfurt-Bayern, el s\u00e1bado el Borussia M\u00f6nchengladbach recibe al Hamburgo, el Colonia al Ingolstadt, el Augsburgo al Schalke, el Hoffenheim al Freiburg y el Bremen al Bayer Leverkusen.<\/p>\n<p>El domingo, el Mainz se mide en casa al Darmstadt y el Wolfsburgo recibe al Leipzig en el \u00faltimo partido de la s\u00e9ptima fecha de la Bundesliga.<\/p>\n<p>La nueva fecha la abre hoy el Borussia Dortmund con un partido en casa ante el Hertha, en uno de los duelos m\u00e1s interesantes de este fin de semana al enfrentar al segundo y tercero de la tabla.<\/p>\n<p>Por Klaus Bergmann <\/p>\n","protected":false},"excerpt":{"rendered":"<p>(dpa) &#8211; El Bayern M\u00fanich busca acabar ma\u00f1ana con la mala racha de las \u00faltimas fechas en la nueva jornada de la Liga alemana de f\u00fatbol, en la que se mide al Eintracht Frankfurt. Su entrenador, Carlo Ancelotti, reclam\u00f3 hoy a las estrellas del equipo que vuelvan a darlo todo en el terreno de juego,<\/p>\n","protected":false},"author":1,"featured_media":16457,"comment_status":"closed","ping_status":"closed","sticky":false,"template":"","format":"standard","meta":{"footnotes":""},"categories":[343],"tags":[],"class_list":{"0":"post-33754","1":"post","2":"type-post","3":"status-publish","4":"format-standard","5":"has-post-thumbnail","7":"category-actualidad"},"aioseo_notices":[],"aioseo_head":"\n\t\t<!-- All in One SEO Pro 4.9.6.2 - aioseo.com -->\n\t<meta name=\"description\" content=\"(dpa) - El Bayern M\u00fanich busca acabar ma\u00f1ana con la mala racha de las \u00faltimas fechas en la nueva jornada de la Liga alemana de f\u00fatbol, en la que se mide al Eintracht Frankfurt. Su entrenador, Carlo Ancelotti, reclam\u00f3 hoy a las estrellas del equipo que vuelvan a darlo todo en el terreno de juego,\" \/>\n\t<meta name=\"robots\" content=\"max-image-preview:large\" \/>\n\t<meta name=\"author\" content=\"Cand\u00e1s 365\"\/>\n\t<meta name=\"google-site-verification\" content=\"UA-32230408-1\" \/>\n\t<meta name=\"msvalidate.01\" content=\"354F3CDFB2DA171B47FBE9ABF1F88D5\" \/>\n\t<meta name=\"keywords\" content=\"actualidad\" \/>\n\t<link rel=\"canonical\" href=\"https:\/\/candas365.es\/noticias\/el-bayern-busca-acabar-con-la-mini-crisis-ante-el-frankfurt\/\" \/>\n\t<meta name=\"generator\" content=\"All in One SEO Pro (AIOSEO) 4.9.6.2\" \/>\n\t\t<meta property=\"og:locale\" content=\"es_ES\" \/>\n\t\t<meta property=\"og:site_name\" content=\"Cand\u00e1s 365\" \/>\n\t\t<meta property=\"og:type\" content=\"article\" \/>\n\t\t<meta property=\"og:title\" content=\"El Bayern busca acabar con la \u00abmini crisis\u00bb ante el Frankfurt | Cand\u00e1s 365\" \/>\n\t\t<meta property=\"og:description\" content=\"(dpa) - El Bayern M\u00fanich busca acabar ma\u00f1ana con la mala racha de las \u00faltimas fechas en la nueva jornada de la Liga alemana de f\u00fatbol, en la que se mide al Eintracht Frankfurt. Su entrenador, Carlo Ancelotti, reclam\u00f3 hoy a las estrellas del equipo que vuelvan a darlo todo en el terreno de juego,\" \/>\n\t\t<meta property=\"og:url\" content=\"https:\/\/candas365.es\/noticias\/el-bayern-busca-acabar-con-la-mini-crisis-ante-el-frankfurt\/\" \/>\n\t\t<meta property=\"og:image\" content=\"https:\/\/candas365.es\/noticias\/wp-content\/uploads\/2015\/09\/c365noticias.jpg\" \/>\n\t\t<meta property=\"og:image:secure_url\" content=\"https:\/\/candas365.es\/noticias\/wp-content\/uploads\/2015\/09\/c365noticias.jpg\" \/>\n\t\t<meta property=\"og:image:width\" content=\"655\" \/>\n\t\t<meta property=\"og:image:height\" content=\"360\" \/>\n\t\t<meta property=\"article:published_time\" content=\"2016-10-15T23:53:11+00:00\" \/>\n\t\t<meta property=\"article:modified_time\" content=\"2016-10-15T23:53:11+00:00\" \/>\n\t\t<meta property=\"article:publisher\" content=\"https:\/\/www.facebook.com\/Nachofdezber\" \/>\n\t\t<meta property=\"article:author\" content=\"https:\/\/www.facebook.com\/carrenoactualidad\" \/>\n\t\t<meta name=\"twitter:card\" content=\"summary_large_image\" \/>\n\t\t<meta name=\"twitter:site\" content=\"@NabercoDigital\" \/>\n\t\t<meta name=\"twitter:title\" content=\"El Bayern busca acabar con la \u00abmini crisis\u00bb ante el Frankfurt | Cand\u00e1s 365\" \/>\n\t\t<meta name=\"twitter:description\" content=\"(dpa) - El Bayern M\u00fanich busca acabar ma\u00f1ana con la mala racha de las \u00faltimas fechas en la nueva jornada de la Liga alemana de f\u00fatbol, en la que se mide al Eintracht Frankfurt. Su entrenador, Carlo Ancelotti, reclam\u00f3 hoy a las estrellas del equipo que vuelvan a darlo todo en el terreno de juego,\" \/>\n\t\t<meta name=\"twitter:creator\" content=\"@nbasturias\" \/>\n\t\t<meta name=\"twitter:image\" content=\"https:\/\/candas365.es\/noticias\/wp-content\/uploads\/2015\/09\/c365noticias.jpg\" \/>\n\t\t<meta name=\"twitter:label1\" content=\"Escrito por\" \/>\n\t\t<meta name=\"twitter:data1\" content=\"Cand\u00e1s 365\" \/>\n\t\t<meta name=\"twitter:label2\" content=\"Tiempo de lectura estimado\" \/>\n\t\t<meta name=\"twitter:data2\" content=\"3 minutos\" \/>\n\t\t<script type=\"application\/ld+json\" class=\"aioseo-schema\">\n\t\t\t{\"@context\":\"https:\\\/\\\/schema.org\",\"@graph\":[{\"@type\":\"BreadcrumbList\",\"@id\":\"https:\\\/\\\/candas365.es\\\/noticias\\\/el-bayern-busca-acabar-con-la-mini-crisis-ante-el-frankfurt\\\/#breadcrumblist\",\"itemListElement\":[{\"@type\":\"ListItem\",\"@id\":\"https:\\\/\\\/candas365.es\\\/noticias#listItem\",\"position\":1,\"name\":\"Home\",\"item\":\"https:\\\/\\\/candas365.es\\\/noticias\",\"nextItem\":{\"@type\":\"ListItem\",\"@id\":\"https:\\\/\\\/candas365.es\\\/noticias\\\/category\\\/actualidad\\\/#listItem\",\"name\":\"Actualidad\"}},{\"@type\":\"ListItem\",\"@id\":\"https:\\\/\\\/candas365.es\\\/noticias\\\/category\\\/actualidad\\\/#listItem\",\"position\":2,\"name\":\"Actualidad\",\"item\":\"https:\\\/\\\/candas365.es\\\/noticias\\\/category\\\/actualidad\\\/\",\"nextItem\":{\"@type\":\"ListItem\",\"@id\":\"https:\\\/\\\/candas365.es\\\/noticias\\\/el-bayern-busca-acabar-con-la-mini-crisis-ante-el-frankfurt\\\/#listItem\",\"name\":\"El Bayern busca acabar con la \\u00abmini crisis\\u00bb ante el Frankfurt\"},\"previousItem\":{\"@type\":\"ListItem\",\"@id\":\"https:\\\/\\\/candas365.es\\\/noticias#listItem\",\"name\":\"Home\"}},{\"@type\":\"ListItem\",\"@id\":\"https:\\\/\\\/candas365.es\\\/noticias\\\/el-bayern-busca-acabar-con-la-mini-crisis-ante-el-frankfurt\\\/#listItem\",\"position\":3,\"name\":\"El Bayern busca acabar con la \\u00abmini crisis\\u00bb ante el Frankfurt\",\"previousItem\":{\"@type\":\"ListItem\",\"@id\":\"https:\\\/\\\/candas365.es\\\/noticias\\\/category\\\/actualidad\\\/#listItem\",\"name\":\"Actualidad\"}}]},{\"@type\":\"NewsArticle\",\"@id\":\"https:\\\/\\\/candas365.es\\\/noticias\\\/el-bayern-busca-acabar-con-la-mini-crisis-ante-el-frankfurt\\\/#newsarticle\",\"name\":\"El Bayern busca acabar con la \\u00abmini crisis\\u00bb ante el Frankfurt | Cand\\u00e1s 365\",\"headline\":\"El Bayern busca acabar con la \\u00abmini crisis\\u00bb ante el Frankfurt\",\"author\":{\"@id\":\"https:\\\/\\\/candas365.es\\\/noticias\\\/author\\\/admin\\\/#author\"},\"publisher\":{\"@id\":\"https:\\\/\\\/candas365.es\\\/noticias\\\/#organization\"},\"image\":{\"@type\":\"ImageObject\",\"url\":\"https:\\\/\\\/candas365.es\\\/noticias\\\/wp-content\\\/uploads\\\/2015\\\/09\\\/c365noticias.jpg\",\"width\":655,\"height\":360},\"datePublished\":\"2016-10-16T01:23:11+02:00\",\"dateModified\":\"2016-10-16T01:23:11+02:00\",\"inLanguage\":\"es-ES\",\"mainEntityOfPage\":{\"@id\":\"https:\\\/\\\/candas365.es\\\/noticias\\\/el-bayern-busca-acabar-con-la-mini-crisis-ante-el-frankfurt\\\/#webpage\"},\"isPartOf\":{\"@id\":\"https:\\\/\\\/candas365.es\\\/noticias\\\/el-bayern-busca-acabar-con-la-mini-crisis-ante-el-frankfurt\\\/#webpage\"},\"articleSection\":\"Actualidad\",\"dateline\":\"Publicado el octubre 16, 2016.\"},{\"@type\":\"Organization\",\"@id\":\"https:\\\/\\\/candas365.es\\\/noticias\\\/#organization\",\"name\":\"Cand\\u00e1s 365\",\"description\":\"Cand\\u00e1s 365 es un diario digital independiente, fundado en 2012, con base en Asturias. Informamos con rigor sobre actualidad, sociedad, cultura y ocio, con una mirada local y global.\",\"url\":\"https:\\\/\\\/candas365.es\\\/noticias\\\/\",\"email\":\"info@candas365.es\",\"telephone\":\"+34652131393\",\"foundingDate\":\"2012-06-10\",\"logo\":{\"@type\":\"ImageObject\",\"url\":\"https:\\\/\\\/candas365.es\\\/noticias\\\/wp-content\\\/uploads\\\/2024\\\/09\\\/Candas-365-Redes.jpg\",\"@id\":\"https:\\\/\\\/candas365.es\\\/noticias\\\/el-bayern-busca-acabar-con-la-mini-crisis-ante-el-frankfurt\\\/#organizationLogo\",\"width\":1152,\"height\":864,\"caption\":\"Cand\\u00e1s 365 Redes\"},\"image\":{\"@id\":\"https:\\\/\\\/candas365.es\\\/noticias\\\/el-bayern-busca-acabar-con-la-mini-crisis-ante-el-frankfurt\\\/#organizationLogo\"},\"sameAs\":[\"https:\\\/\\\/www.facebook.com\\\/Nachofdezber\",\"https:\\\/\\\/x.com\\\/NabercoDigital\",\"https:\\\/\\\/www.instagram.com\\\/nachofdezber\\\/\",\"https:\\\/\\\/www.youtube.com\\\/channel\\\/UCZP-2wLEB9Rv6erhFmqVnvg\"],\"address\":{\"@id\":\"https:\\\/\\\/candas365.es\\\/noticias\\\/#postaladdress\",\"@type\":\"PostalAddress\",\"streetAddress\":\"san antonio 4, san antonio 4\",\"postalCode\":\"33430\",\"addressLocality\":\"Cand\\u00e1s\",\"addressRegion\":\"Asturias\",\"addressCountry\":\"ES\"}},{\"@type\":\"Person\",\"@id\":\"https:\\\/\\\/candas365.es\\\/noticias\\\/author\\\/admin\\\/#author\",\"url\":\"https:\\\/\\\/candas365.es\\\/noticias\\\/author\\\/admin\\\/\",\"name\":\"Cand\\u00e1s 365\",\"image\":{\"@type\":\"ImageObject\",\"@id\":\"https:\\\/\\\/candas365.es\\\/noticias\\\/el-bayern-busca-acabar-con-la-mini-crisis-ante-el-frankfurt\\\/#authorImage\",\"url\":\"https:\\\/\\\/secure.gravatar.com\\\/avatar\\\/496a8e03d0c493ede1718b7934145dbdf8d89be1036b0eec9544e1094c9de390?s=96&d=mm&r=g\",\"width\":96,\"height\":96,\"caption\":\"Cand\\u00e1s 365\"},\"sameAs\":[\"https:\\\/\\\/www.facebook.com\\\/carrenoactualidad\",\"https:\\\/\\\/twitter.com\\\/nbasturias\",\"https:\\\/\\\/www.instagram.com\\\/nachofdezber\\\/\",\"https:\\\/\\\/www.youtube.com\\\/channel\\\/UCZP-2wLEB9Rv6erhFmqVnvg\"]},{\"@type\":\"WebPage\",\"@id\":\"https:\\\/\\\/candas365.es\\\/noticias\\\/el-bayern-busca-acabar-con-la-mini-crisis-ante-el-frankfurt\\\/#webpage\",\"url\":\"https:\\\/\\\/candas365.es\\\/noticias\\\/el-bayern-busca-acabar-con-la-mini-crisis-ante-el-frankfurt\\\/\",\"name\":\"El Bayern busca acabar con la \\u00abmini crisis\\u00bb ante el Frankfurt | Cand\\u00e1s 365\",\"description\":\"(dpa) - El Bayern M\\u00fanich busca acabar ma\\u00f1ana con la mala racha de las \\u00faltimas fechas en la nueva jornada de la Liga alemana de f\\u00fatbol, en la que se mide al Eintracht Frankfurt. Su entrenador, Carlo Ancelotti, reclam\\u00f3 hoy a las estrellas del equipo que vuelvan a darlo todo en el terreno de juego,\",\"inLanguage\":\"es-ES\",\"isPartOf\":{\"@id\":\"https:\\\/\\\/candas365.es\\\/noticias\\\/#website\"},\"breadcrumb\":{\"@id\":\"https:\\\/\\\/candas365.es\\\/noticias\\\/el-bayern-busca-acabar-con-la-mini-crisis-ante-el-frankfurt\\\/#breadcrumblist\"},\"author\":{\"@id\":\"https:\\\/\\\/candas365.es\\\/noticias\\\/author\\\/admin\\\/#author\"},\"creator\":{\"@id\":\"https:\\\/\\\/candas365.es\\\/noticias\\\/author\\\/admin\\\/#author\"},\"image\":{\"@type\":\"ImageObject\",\"url\":\"https:\\\/\\\/candas365.es\\\/noticias\\\/wp-content\\\/uploads\\\/2015\\\/09\\\/c365noticias.jpg\",\"@id\":\"https:\\\/\\\/candas365.es\\\/noticias\\\/el-bayern-busca-acabar-con-la-mini-crisis-ante-el-frankfurt\\\/#mainImage\",\"width\":655,\"height\":360},\"primaryImageOfPage\":{\"@id\":\"https:\\\/\\\/candas365.es\\\/noticias\\\/el-bayern-busca-acabar-con-la-mini-crisis-ante-el-frankfurt\\\/#mainImage\"},\"datePublished\":\"2016-10-16T01:23:11+02:00\",\"dateModified\":\"2016-10-16T01:23:11+02:00\"},{\"@type\":\"WebSite\",\"@id\":\"https:\\\/\\\/candas365.es\\\/noticias\\\/#website\",\"url\":\"https:\\\/\\\/candas365.es\\\/noticias\\\/\",\"name\":\"Cand\\u00e1s 365\",\"alternateName\":\"Cand\\u00e1s 365 Noticias\",\"description\":\"Actualidad desde Carre\\u00f1o para el mundo\",\"inLanguage\":\"es-ES\",\"publisher\":{\"@id\":\"https:\\\/\\\/candas365.es\\\/noticias\\\/#organization\"}}]}\n\t\t<\/script>\n\t\t<!-- All in One SEO Pro -->\r\n\t\t<title>El Bayern busca acabar con la \u00abmini crisis\u00bb ante el Frankfurt | Cand\u00e1s 365<\/title>\n\n","aioseo_head_json":{"title":"El Bayern busca acabar con la \u00abmini crisis\u00bb ante el Frankfurt | Cand\u00e1s 365","description":"(dpa) - El Bayern M\u00fanich busca acabar ma\u00f1ana con la mala racha de las \u00faltimas fechas en la nueva jornada de la Liga alemana de f\u00fatbol, en la que se mide al Eintracht Frankfurt. Su entrenador, Carlo Ancelotti, reclam\u00f3 hoy a las estrellas del equipo que vuelvan a darlo todo en el terreno de juego,","canonical_url":"https:\/\/candas365.es\/noticias\/el-bayern-busca-acabar-con-la-mini-crisis-ante-el-frankfurt\/","robots":"max-image-preview:large","keywords":"actualidad","webmasterTools":{"google-site-verification":"UA-32230408-1","msvalidate.01":"354F3CDFB2DA171B47FBE9ABF1F88D5","miscellaneous":""},"schema":{"@context":"https:\/\/schema.org","@graph":[{"@type":"BreadcrumbList","@id":"https:\/\/candas365.es\/noticias\/el-bayern-busca-acabar-con-la-mini-crisis-ante-el-frankfurt\/#breadcrumblist","itemListElement":[{"@type":"ListItem","@id":"https:\/\/candas365.es\/noticias#listItem","position":1,"name":"Home","item":"https:\/\/candas365.es\/noticias","nextItem":{"@type":"ListItem","@id":"https:\/\/candas365.es\/noticias\/category\/actualidad\/#listItem","name":"Actualidad"}},{"@type":"ListItem","@id":"https:\/\/candas365.es\/noticias\/category\/actualidad\/#listItem","position":2,"name":"Actualidad","item":"https:\/\/candas365.es\/noticias\/category\/actualidad\/","nextItem":{"@type":"ListItem","@id":"https:\/\/candas365.es\/noticias\/el-bayern-busca-acabar-con-la-mini-crisis-ante-el-frankfurt\/#listItem","name":"El Bayern busca acabar con la \u00abmini crisis\u00bb ante el Frankfurt"},"previousItem":{"@type":"ListItem","@id":"https:\/\/candas365.es\/noticias#listItem","name":"Home"}},{"@type":"ListItem","@id":"https:\/\/candas365.es\/noticias\/el-bayern-busca-acabar-con-la-mini-crisis-ante-el-frankfurt\/#listItem","position":3,"name":"El Bayern busca acabar con la \u00abmini crisis\u00bb ante el Frankfurt","previousItem":{"@type":"ListItem","@id":"https:\/\/candas365.es\/noticias\/category\/actualidad\/#listItem","name":"Actualidad"}}]},{"@type":"NewsArticle","@id":"https:\/\/candas365.es\/noticias\/el-bayern-busca-acabar-con-la-mini-crisis-ante-el-frankfurt\/#newsarticle","name":"El Bayern busca acabar con la \u00abmini crisis\u00bb ante el Frankfurt | Cand\u00e1s 365","headline":"El Bayern busca acabar con la \u00abmini crisis\u00bb ante el Frankfurt","author":{"@id":"https:\/\/candas365.es\/noticias\/author\/admin\/#author"},"publisher":{"@id":"https:\/\/candas365.es\/noticias\/#organization"},"image":{"@type":"ImageObject","url":"https:\/\/candas365.es\/noticias\/wp-content\/uploads\/2015\/09\/c365noticias.jpg","width":655,"height":360},"datePublished":"2016-10-16T01:23:11+02:00","dateModified":"2016-10-16T01:23:11+02:00","inLanguage":"es-ES","mainEntityOfPage":{"@id":"https:\/\/candas365.es\/noticias\/el-bayern-busca-acabar-con-la-mini-crisis-ante-el-frankfurt\/#webpage"},"isPartOf":{"@id":"https:\/\/candas365.es\/noticias\/el-bayern-busca-acabar-con-la-mini-crisis-ante-el-frankfurt\/#webpage"},"articleSection":"Actualidad","dateline":"Publicado el octubre 16, 2016."},{"@type":"Organization","@id":"https:\/\/candas365.es\/noticias\/#organization","name":"Cand\u00e1s 365","description":"Cand\u00e1s 365 es un diario digital independiente, fundado en 2012, con base en Asturias. Informamos con rigor sobre actualidad, sociedad, cultura y ocio, con una mirada local y global.","url":"https:\/\/candas365.es\/noticias\/","email":"info@candas365.es","telephone":"+34652131393","foundingDate":"2012-06-10","logo":{"@type":"ImageObject","url":"https:\/\/candas365.es\/noticias\/wp-content\/uploads\/2024\/09\/Candas-365-Redes.jpg","@id":"https:\/\/candas365.es\/noticias\/el-bayern-busca-acabar-con-la-mini-crisis-ante-el-frankfurt\/#organizationLogo","width":1152,"height":864,"caption":"Cand\u00e1s 365 Redes"},"image":{"@id":"https:\/\/candas365.es\/noticias\/el-bayern-busca-acabar-con-la-mini-crisis-ante-el-frankfurt\/#organizationLogo"},"sameAs":["https:\/\/www.facebook.com\/Nachofdezber","https:\/\/x.com\/NabercoDigital","https:\/\/www.instagram.com\/nachofdezber\/","https:\/\/www.youtube.com\/channel\/UCZP-2wLEB9Rv6erhFmqVnvg"],"address":{"@id":"https:\/\/candas365.es\/noticias\/#postaladdress","@type":"PostalAddress","streetAddress":"san antonio 4, san antonio 4","postalCode":"33430","addressLocality":"Cand\u00e1s","addressRegion":"Asturias","addressCountry":"ES"}},{"@type":"Person","@id":"https:\/\/candas365.es\/noticias\/author\/admin\/#author","url":"https:\/\/candas365.es\/noticias\/author\/admin\/","name":"Cand\u00e1s 365","image":{"@type":"ImageObject","@id":"https:\/\/candas365.es\/noticias\/el-bayern-busca-acabar-con-la-mini-crisis-ante-el-frankfurt\/#authorImage","url":"https:\/\/secure.gravatar.com\/avatar\/496a8e03d0c493ede1718b7934145dbdf8d89be1036b0eec9544e1094c9de390?s=96&d=mm&r=g","width":96,"height":96,"caption":"Cand\u00e1s 365"},"sameAs":["https:\/\/www.facebook.com\/carrenoactualidad","https:\/\/twitter.com\/nbasturias","https:\/\/www.instagram.com\/nachofdezber\/","https:\/\/www.youtube.com\/channel\/UCZP-2wLEB9Rv6erhFmqVnvg"]},{"@type":"WebPage","@id":"https:\/\/candas365.es\/noticias\/el-bayern-busca-acabar-con-la-mini-crisis-ante-el-frankfurt\/#webpage","url":"https:\/\/candas365.es\/noticias\/el-bayern-busca-acabar-con-la-mini-crisis-ante-el-frankfurt\/","name":"El Bayern busca acabar con la \u00abmini crisis\u00bb ante el Frankfurt | Cand\u00e1s 365","description":"(dpa) - El Bayern M\u00fanich busca acabar ma\u00f1ana con la mala racha de las \u00faltimas fechas en la nueva jornada de la Liga alemana de f\u00fatbol, en la que se mide al Eintracht Frankfurt. Su entrenador, Carlo Ancelotti, reclam\u00f3 hoy a las estrellas del equipo que vuelvan a darlo todo en el terreno de juego,","inLanguage":"es-ES","isPartOf":{"@id":"https:\/\/candas365.es\/noticias\/#website"},"breadcrumb":{"@id":"https:\/\/candas365.es\/noticias\/el-bayern-busca-acabar-con-la-mini-crisis-ante-el-frankfurt\/#breadcrumblist"},"author":{"@id":"https:\/\/candas365.es\/noticias\/author\/admin\/#author"},"creator":{"@id":"https:\/\/candas365.es\/noticias\/author\/admin\/#author"},"image":{"@type":"ImageObject","url":"https:\/\/candas365.es\/noticias\/wp-content\/uploads\/2015\/09\/c365noticias.jpg","@id":"https:\/\/candas365.es\/noticias\/el-bayern-busca-acabar-con-la-mini-crisis-ante-el-frankfurt\/#mainImage","width":655,"height":360},"primaryImageOfPage":{"@id":"https:\/\/candas365.es\/noticias\/el-bayern-busca-acabar-con-la-mini-crisis-ante-el-frankfurt\/#mainImage"},"datePublished":"2016-10-16T01:23:11+02:00","dateModified":"2016-10-16T01:23:11+02:00"},{"@type":"WebSite","@id":"https:\/\/candas365.es\/noticias\/#website","url":"https:\/\/candas365.es\/noticias\/","name":"Cand\u00e1s 365","alternateName":"Cand\u00e1s 365 Noticias","description":"Actualidad desde Carre\u00f1o para el mundo","inLanguage":"es-ES","publisher":{"@id":"https:\/\/candas365.es\/noticias\/#organization"}}]},"og:locale":"es_ES","og:site_name":"Cand\u00e1s 365","og:type":"article","og:title":"El Bayern busca acabar con la \u00abmini crisis\u00bb ante el Frankfurt | Cand\u00e1s 365","og:description":"(dpa) - El Bayern M\u00fanich busca acabar ma\u00f1ana con la mala racha de las \u00faltimas fechas en la nueva jornada de la Liga alemana de f\u00fatbol, en la que se mide al Eintracht Frankfurt. Su entrenador, Carlo Ancelotti, reclam\u00f3 hoy a las estrellas del equipo que vuelvan a darlo todo en el terreno de juego,","og:url":"https:\/\/candas365.es\/noticias\/el-bayern-busca-acabar-con-la-mini-crisis-ante-el-frankfurt\/","og:image":"https:\/\/candas365.es\/noticias\/wp-content\/uploads\/2015\/09\/c365noticias.jpg","og:image:secure_url":"https:\/\/candas365.es\/noticias\/wp-content\/uploads\/2015\/09\/c365noticias.jpg","og:image:width":655,"og:image:height":360,"article:published_time":"2016-10-15T23:53:11+00:00","article:modified_time":"2016-10-15T23:53:11+00:00","article:publisher":"https:\/\/www.facebook.com\/Nachofdezber","article:author":"https:\/\/www.facebook.com\/carrenoactualidad","twitter:card":"summary_large_image","twitter:site":"@NabercoDigital","twitter:title":"El Bayern busca acabar con la \u00abmini crisis\u00bb ante el Frankfurt | Cand\u00e1s 365","twitter:description":"(dpa) - El Bayern M\u00fanich busca acabar ma\u00f1ana con la mala racha de las \u00faltimas fechas en la nueva jornada de la Liga alemana de f\u00fatbol, en la que se mide al Eintracht Frankfurt. Su entrenador, Carlo Ancelotti, reclam\u00f3 hoy a las estrellas del equipo que vuelvan a darlo todo en el terreno de juego,","twitter:creator":"@nbasturias","twitter:image":"https:\/\/candas365.es\/noticias\/wp-content\/uploads\/2015\/09\/c365noticias.jpg","twitter:label1":"Escrito por","twitter:data1":"Cand\u00e1s 365","twitter:label2":"Tiempo de lectura estimado","twitter:data2":"3 minutos"},"aioseo_meta_data":{"post_id":"33754","title":null,"description":null,"keywords":null,"keyphrases":null,"primary_term":null,"canonical_url":null,"og_title":null,"og_description":null,"og_object_type":"default","og_image_type":"default","og_image_url":null,"og_image_width":null,"og_image_height":null,"og_image_custom_url":null,"og_image_custom_fields":null,"og_video":null,"og_custom_url":null,"og_article_section":null,"og_article_tags":null,"twitter_use_og":false,"twitter_card":"default","twitter_image_type":"default","twitter_image_url":null,"twitter_image_custom_url":null,"twitter_image_custom_fields":null,"twitter_title":null,"twitter_description":null,"schema":{"blockGraphs":[],"customGraphs":[],"default":{"data":{"Article":[],"Course":[],"Dataset":[],"FAQPage":[],"Movie":[],"Person":[],"Product":[],"ProductReview":[],"Car":[],"Recipe":[],"Service":[],"SoftwareApplication":[],"WebPage":[]},"graphName":"","isEnabled":true},"graphs":[],"defaultGraph":"","defaultPostTypeGraph":""},"schema_type":null,"schema_type_options":null,"pillar_content":false,"robots_default":true,"robots_noindex":false,"robots_noarchive":false,"robots_nosnippet":false,"robots_nofollow":false,"robots_noimageindex":false,"robots_noodp":false,"robots_notranslate":false,"robots_max_snippet":null,"robots_max_videopreview":null,"robots_max_imagepreview":"large","priority":null,"frequency":null,"location":null,"local_seo":null,"seo_analyzer_scan_date":"2025-08-24 16:56:11","breadcrumb_settings":null,"limit_modified_date":false,"reviewed_by":null,"open_ai":null,"ai":null,"created":"2020-12-21 13:06:55","updated":"2025-08-24 16:56:11"},"aioseo_breadcrumb":"<div class=\"aioseo-breadcrumbs\"><span class=\"aioseo-breadcrumb\">\n\t<a href=\"https:\/\/candas365.es\/noticias\" title=\"Home\">Home<\/a>\n<\/span><span class=\"aioseo-breadcrumb-separator\">&ndash;<\/span><span class=\"aioseo-breadcrumb\">\n\t<a href=\"https:\/\/candas365.es\/noticias\/category\/actualidad\/\" title=\"Actualidad\">Actualidad<\/a>\n<\/span><span class=\"aioseo-breadcrumb-separator\">&ndash;<\/span><span class=\"aioseo-breadcrumb\">\n\tEl Bayern busca acabar con la \u00abmini crisis\u00bb ante el Frankfurt\n<\/span><\/div>","aioseo_breadcrumb_json":[{"label":"Home","link":"https:\/\/candas365.es\/noticias"},{"label":"Actualidad","link":"https:\/\/candas365.es\/noticias\/category\/actualidad\/"},{"label":"El Bayern busca acabar con la \u00abmini crisis\u00bb ante el Frankfurt","link":"https:\/\/candas365.es\/noticias\/el-bayern-busca-acabar-con-la-mini-crisis-ante-el-frankfurt\/"}],"_links":{"self":[{"href":"https:\/\/candas365.es\/noticias\/wp-json\/wp\/v2\/posts\/33754","targetHints":{"allow":["GET"]}}],"collection":[{"href":"https:\/\/candas365.es\/noticias\/wp-json\/wp\/v2\/posts"}],"about":[{"href":"https:\/\/candas365.es\/noticias\/wp-json\/wp\/v2\/types\/post"}],"author":[{"embeddable":true,"href":"https:\/\/candas365.es\/noticias\/wp-json\/wp\/v2\/users\/1"}],"replies":[{"embeddable":true,"href":"https:\/\/candas365.es\/noticias\/wp-json\/wp\/v2\/comments?post=33754"}],"version-history":[{"count":0,"href":"https:\/\/candas365.es\/noticias\/wp-json\/wp\/v2\/posts\/33754\/revisions"}],"wp:featuredmedia":[{"embeddable":true,"href":"https:\/\/candas365.es\/noticias\/wp-json\/wp\/v2\/media\/16457"}],"wp:attachment":[{"href":"https:\/\/candas365.es\/noticias\/wp-json\/wp\/v2\/media?parent=33754"}],"wp:term":[{"taxonomy":"category","embeddable":true,"href":"https:\/\/candas365.es\/noticias\/wp-json\/wp\/v2\/categories?post=33754"},{"taxonomy":"post_tag","embeddable":true,"href":"https:\/\/candas365.es\/noticias\/wp-json\/wp\/v2\/tags?post=33754"}],"curies":[{"name":"wp","href":"https:\/\/api.w.org\/{rel}","templated":true}]}}